{"id":15956,"date":"2022-08-03T18:42:29","date_gmt":"2022-08-03T16:42:29","guid":{"rendered":"http:\/\/just-now.news\/de\/deutschland\/linke-medienplattform-indymedia-teilt-brutale-videos-von-antifa-ueberfall-auf-thor-steinar-laden\/"},"modified":"2022-08-03T18:42:29","modified_gmt":"2022-08-03T16:42:29","slug":"linke-medienplattform-indymedia-teilt-brutale-videos-von-antifa-ueberfall-auf-thor-steinar-laden","status":"publish","type":"post","link":"https:\/\/now-news.de\/de\/deutschland\/linke-medienplattform-indymedia-teilt-brutale-videos-von-antifa-ueberfall-auf-thor-steinar-laden\/","title":{"rendered":"&quot;Linke&quot; Medienplattform indymedia teilt brutale Videos von Antifa-\u00dcberfall auf Thor-Steinar-Laden"},"content":{"rendered":"<p><img decoding=\"async\" src=\"http:\/\/just-now.news\/de\/wp-content\/uploads\/sites\/3\/2022\/08\/62ea947ab480cc52ba63d1b3.png\" \/><\/p>\n<p>In mehreren St\u00e4dten Deutschlands hat es am 23. April zeitgleich Angriffe auf Bekleidungsl\u00e4den der Marke &#8220;Thor Steinar&#8221; gegeben. Nun kursieren brutale Videos dazu auf der &#8220;linken&#8221; und bereits zeitweilig verbotenen Internetseite <em>indymedia<\/em>. In Magdeburg\u00a0<a rel=\"nofollow noopener\" target=\"_blank\" href=\"https:\/\/www.mdr.de\/nachrichten\/thueringen\/mitte-thueringen\/erfurt\/angriff-thor-steinar-taeter-video-100.html\">bewarfen<\/a> laut <em>MDR<\/em> damals die T\u00e4ter Kleidungsst\u00fccke mit Farbe und griffen eine Verk\u00e4uferin mit einer \u00fcbel riechenden Fl\u00fcssigkeit an.<\/p>\n<p>In Halle wurde zur gleichen Zeit die Au\u00dfenfassade eines Thor-Steinar-Ladens mit Farbe beschmiert. In Th\u00fcringens\u00a0Landeshauptstadt Erfurt\u00a0schlugen Angreifer eine Verk\u00e4uferin zusammen und verletzten sie. Ein <a rel=\"nofollow noopener\" target=\"_blank\" href=\"https:\/\/sendvid.com\/s987bmp8\">Video<\/a> dar\u00fcber kursiert nun seit Sonnabend in verschiedenen sozialen Medien. Dort sieht man, wie die Verk\u00e4uferin zusammengeschlagen wird und wie Kleidungsst\u00fccke massiv verschmutzt werden. Auf der Internetseite findet sich weiterhin die Aufforderung:<\/p>\n<blockquote>\n<p><em>&#8220;Wir bitten um selbstst\u00e4ndige Verbreitung auf social Media.&#8221;<\/em><\/p>\n<\/blockquote>\n<div class=\"EmbedBlock-root EmbedBlock-twitter\">\n<div class=\"TwitterEmbed\">\n<blockquote class=\"twitter-tweet lazyload\" data-twitter=\"twitter-tweet\">\n<p lang=\"de\" dir=\"ltr\">Eine Verk\u00e4uferin in Erfurt wurde \u00fcberfallen. Sie verkauft Thor Steinar-Kleidung, die oft in der rechtsextremen Szene getragen wird. Ich wei\u00df nichts \u00fcber das Opfer, aber die vier Personen, die die Frau so qu\u00e4len und verletzen, sind brutale, enthemmte Nazis. Nix rechtfertigt das! <a rel=\"nofollow noopener\" target=\"_blank\" href=\"https:\/\/t.co\/bX84DPLCi2\">pic.twitter.com\/bX84DPLCi2<\/a><\/p>\n<p>\u2014 Gerd Buurmann (@Buurmann) <a rel=\"nofollow noopener\" target=\"_blank\" href=\"https:\/\/twitter.com\/Buurmann\/status\/1519392483620409345?ref_src=twsrc%5Etfw\">April 27, 2022<\/a><\/p><\/blockquote><\/div><\/div>\n<p>Am Montag wurde bekannt, dass die f\u00fcr fast f\u00fcnf Jahre verbotene Internet-Seite und das dazugeh\u00f6rige Ermittlungsverfahren wegen Bildung einer kriminellen Vereinigung (\u00a7 129 StGB) laut Staatsanwalt Manuel Graulich eingestellt wurde. Das schreibt die Antifa Freiburg\u00a0<a rel=\"nofollow noopener\" target=\"_blank\" href=\"https:\/\/autonome-antifa.org\/?breve8379\">in einem Post auf ihrer Webseite<\/a>. Die Freiburger Anw\u00e4ltin der Betroffenen, Angela Furmaniak, hat die Angaben gegen\u00fcber der Plattform <em>netzpolitik.org<\/em>\u00a0<a rel=\"nofollow noopener\" target=\"_blank\" href=\"https:\/\/netzpolitik.org\/2022\/ermittlungen-eingestellt-linksunten-doch-keine-kriminelle-vereinigung\/\">best\u00e4tigt<\/a>.<\/p>\n<p><strong>Mehr zum Thema<\/strong> &#8211; <a rel=\"nofollow noopener\" target=\"_blank\" href=\"https:\/\/de.rt.com\/inland\/143955-verunglimpfung-zum-gedenktag-stauffenberg-laut\/\">Verunglimpfung zum Gedenktag: Stauffenberg laut Jusos kein &#8220;anst\u00e4ndiger&#8221; Antifaschist<\/a><\/p>\n<\/p>\n<p><script async src=\"https:\/\/platform.twitter.com\/widgets.js\" charset=\"utf-8\"><\/script><br \/>\n<br \/><br \/>\n<br \/><a href=\"https:\/\/de.rt.com\/inland\/145187-linke-medienplattform-indymedia-teilt-brutale\/\">Source link <\/a><\/p>\n","protected":false},"excerpt":{"rendered":"<p>In mehreren St\u00e4dten Deutschlands hat es am 23. April zeitgleich Angriffe auf Bekleidungsl\u00e4den der Marke &#8220;Thor Steinar&#8221; gegeben. Nun kursieren brutale Videos dazu auf der &#8220;linken&#8221; und bereits zeitweilig verbotenen Internetseite indymedia. In Magdeburg\u00a0bewarfen laut MDR damals die T\u00e4ter Kleidungsst\u00fccke mit Farbe und griffen eine Verk\u00e4uferin mit einer \u00fcbel riechenden Fl\u00fcssigkeit an. In Halle wurde [&hellip;]<\/p>\n","protected":false},"author":3,"featured_media":15957,"comment_status":"open","ping_status":"open","sticky":false,"template":"","format":"standard","meta":{"wp_automatic_camp":["217"],"285133acaa4a8a6b1808ef65ed5cb8bf":["&quot;Linke&quot; Medienplattform indymedia teilt brutale Videos von Antifa-\u00dcberfall auf Thor-Steinar-Laden"],"original_link":["https:\/\/de.rt.com\/inland\/145187-linke-medienplattform-indymedia-teilt-brutale\/"],"_thumbnail_id":["15957"],"_wptg_p2tg_sent2tg":["2022-08-03 18:54:18"],"jnews_social_counter_last_update":["1777191308"]},"categories":[19,23],"tags":[30178,133,16474,30177,30176,30175,19543,30179,3360,50],"yoast_head":"<!-- This site is optimized with the Yoast SEO Premium plugin v22.7 (Yoast SEO v22.7) - https:\/\/yoast.com\/wordpress\/plugins\/seo\/ -->\n<title>&quot;Linke&quot; Medienplattform indymedia teilt brutale Videos von Antifa-\u00dcberfall auf Thor-Steinar-Laden - just-now.NEWS Deutschland<\/title>\n<meta name=\"robots\" content=\"index, follow, max-snippet:-1, max-image-preview:large, max-video-preview:-1\" \/>\n<link rel=\"canonical\" href=\"https:\/\/now-news.de\/de\/deutschland\/linke-medienplattform-indymedia-teilt-brutale-videos-von-antifa-ueberfall-auf-thor-steinar-laden\/\" \/>\n<meta property=\"og:locale\" content=\"de_DE\" \/>\n<meta property=\"og:type\" content=\"article\" \/>\n<meta property=\"og:title\" content=\"&quot;Linke&quot; Medienplattform indymedia teilt brutale Videos von Antifa-\u00dcberfall auf Thor-Steinar-Laden\" \/>\n<meta property=\"og:description\" content=\"In mehreren St\u00e4dten Deutschlands hat es am 23. April zeitgleich Angriffe auf Bekleidungsl\u00e4den der Marke &#8220;Thor Steinar&#8221; gegeben. Nun kursieren brutale Videos dazu auf der &#8220;linken&#8221; und bereits zeitweilig verbotenen Internetseite indymedia. In Magdeburg\u00a0bewarfen laut MDR damals die T\u00e4ter Kleidungsst\u00fccke mit Farbe und griffen eine Verk\u00e4uferin mit einer \u00fcbel riechenden Fl\u00fcssigkeit an. In Halle wurde [&hellip;]\" \/>\n<meta property=\"og:url\" content=\"https:\/\/now-news.de\/de\/deutschland\/linke-medienplattform-indymedia-teilt-brutale-videos-von-antifa-ueberfall-auf-thor-steinar-laden\/\" \/>\n<meta property=\"og:site_name\" content=\"just-now.NEWS Deutschland\" \/>\n<meta property=\"article:publisher\" content=\"https:\/\/www.facebook.com\/wirmachenauf\" \/>\n<meta property=\"article:published_time\" content=\"2022-08-03T16:42:29+00:00\" \/>\n<meta property=\"og:image\" content=\"https:\/\/now-news.de\/de\/wp-content\/uploads\/sites\/3\/2022\/08\/quotLinkequot-Medienplattform-indymedia-teilt-brutale-Videos-von-Antifa-Ueberfall-auf-Thor-Steinar-Laden.png\" \/>\n\t<meta property=\"og:image:width\" content=\"460\" \/>\n\t<meta property=\"og:image:height\" content=\"259\" \/>\n\t<meta property=\"og:image:type\" content=\"image\/png\" \/>\n<meta name=\"author\" content=\"rtnews\" \/>\n<meta name=\"twitter:card\" content=\"summary_large_image\" \/>\n<meta name=\"twitter:creator\" content=\"@WirMachenAuf_de\" \/>\n<meta name=\"twitter:site\" content=\"@WirMachenAuf_de\" \/>\n<meta name=\"twitter:label1\" content=\"Verfasst von\" \/>\n\t<meta name=\"twitter:data1\" content=\"rtnews\" \/>\n\t<meta name=\"twitter:label2\" content=\"Gesch\u00e4tzte Lesezeit\" \/>\n\t<meta name=\"twitter:data2\" content=\"1\u00a0Minute\" \/>\n<script type=\"application\/ld+json\" class=\"yoast-schema-graph\">{\"@context\":\"https:\/\/schema.org\",\"@graph\":[{\"@type\":\"Article\",\"@id\":\"https:\/\/now-news.de\/de\/deutschland\/linke-medienplattform-indymedia-teilt-brutale-videos-von-antifa-ueberfall-auf-thor-steinar-laden\/#article\",\"isPartOf\":{\"@id\":\"https:\/\/now-news.de\/de\/deutschland\/linke-medienplattform-indymedia-teilt-brutale-videos-von-antifa-ueberfall-auf-thor-steinar-laden\/\"},\"author\":{\"name\":\"rtnews\",\"@id\":\"https:\/\/now-news.de\/de\/#\/schema\/person\/fb534a4e865501d8b3285208df34a9b5\"},\"headline\":\"&quot;Linke&quot; Medienplattform indymedia teilt brutale Videos von Antifa-\u00dcberfall auf Thor-Steinar-Laden\",\"datePublished\":\"2022-08-03T16:42:29+00:00\",\"dateModified\":\"2022-08-03T16:42:29+00:00\",\"mainEntityOfPage\":{\"@id\":\"https:\/\/now-news.de\/de\/deutschland\/linke-medienplattform-indymedia-teilt-brutale-videos-von-antifa-ueberfall-auf-thor-steinar-laden\/\"},\"wordCount\":275,\"commentCount\":0,\"publisher\":{\"@id\":\"https:\/\/now-news.de\/de\/#organization\"},\"image\":{\"@id\":\"https:\/\/now-news.de\/de\/deutschland\/linke-medienplattform-indymedia-teilt-brutale-videos-von-antifa-ueberfall-auf-thor-steinar-laden\/#primaryimage\"},\"thumbnailUrl\":\"https:\/\/now-news.de\/de\/wp-content\/uploads\/sites\/3\/2022\/08\/quotLinkequot-Medienplattform-indymedia-teilt-brutale-Videos-von-Antifa-Ueberfall-auf-Thor-Steinar-Laden.png\",\"keywords\":[\"Antifa\u00dcberfall\",\"AUF\",\"brutale\",\"indymedia\",\"Medienplattform\",\"quotLinkequot\",\"teilt\",\"ThorSteinarLaden\",\"Videos\",\"von\"],\"articleSection\":[\"Deutschland\",\"Russland\"],\"inLanguage\":\"de\",\"potentialAction\":[{\"@type\":\"CommentAction\",\"name\":\"Comment\",\"target\":[\"https:\/\/now-news.de\/de\/deutschland\/linke-medienplattform-indymedia-teilt-brutale-videos-von-antifa-ueberfall-auf-thor-steinar-laden\/#respond\"]}]},{\"@type\":\"WebPage\",\"@id\":\"https:\/\/now-news.de\/de\/deutschland\/linke-medienplattform-indymedia-teilt-brutale-videos-von-antifa-ueberfall-auf-thor-steinar-laden\/\",\"url\":\"https:\/\/now-news.de\/de\/deutschland\/linke-medienplattform-indymedia-teilt-brutale-videos-von-antifa-ueberfall-auf-thor-steinar-laden\/\",\"name\":\"&quot;Linke&quot; Medienplattform indymedia teilt brutale Videos von Antifa-\u00dcberfall auf Thor-Steinar-Laden - just-now.NEWS Deutschland\",\"isPartOf\":{\"@id\":\"https:\/\/now-news.de\/de\/#website\"},\"primaryImageOfPage\":{\"@id\":\"https:\/\/now-news.de\/de\/deutschland\/linke-medienplattform-indymedia-teilt-brutale-videos-von-antifa-ueberfall-auf-thor-steinar-laden\/#primaryimage\"},\"image\":{\"@id\":\"https:\/\/now-news.de\/de\/deutschland\/linke-medienplattform-indymedia-teilt-brutale-videos-von-antifa-ueberfall-auf-thor-steinar-laden\/#primaryimage\"},\"thumbnailUrl\":\"https:\/\/now-news.de\/de\/wp-content\/uploads\/sites\/3\/2022\/08\/quotLinkequot-Medienplattform-indymedia-teilt-brutale-Videos-von-Antifa-Ueberfall-auf-Thor-Steinar-Laden.png\",\"datePublished\":\"2022-08-03T16:42:29+00:00\",\"dateModified\":\"2022-08-03T16:42:29+00:00\",\"breadcrumb\":{\"@id\":\"https:\/\/now-news.de\/de\/deutschland\/linke-medienplattform-indymedia-teilt-brutale-videos-von-antifa-ueberfall-auf-thor-steinar-laden\/#breadcrumb\"},\"inLanguage\":\"de\",\"potentialAction\":[{\"@type\":\"ReadAction\",\"target\":[\"https:\/\/now-news.de\/de\/deutschland\/linke-medienplattform-indymedia-teilt-brutale-videos-von-antifa-ueberfall-auf-thor-steinar-laden\/\"]}]},{\"@type\":\"ImageObject\",\"inLanguage\":\"de\",\"@id\":\"https:\/\/now-news.de\/de\/deutschland\/linke-medienplattform-indymedia-teilt-brutale-videos-von-antifa-ueberfall-auf-thor-steinar-laden\/#primaryimage\",\"url\":\"https:\/\/now-news.de\/de\/wp-content\/uploads\/sites\/3\/2022\/08\/quotLinkequot-Medienplattform-indymedia-teilt-brutale-Videos-von-Antifa-Ueberfall-auf-Thor-Steinar-Laden.png\",\"contentUrl\":\"https:\/\/now-news.de\/de\/wp-content\/uploads\/sites\/3\/2022\/08\/quotLinkequot-Medienplattform-indymedia-teilt-brutale-Videos-von-Antifa-Ueberfall-auf-Thor-Steinar-Laden.png\",\"width\":460,\"height\":259,\"caption\":\"&quot;Linke&quot; Medienplattform indymedia teilt brutale Videos von Antifa-\u00dcberfall auf Thor-Steinar-Laden\"},{\"@type\":\"BreadcrumbList\",\"@id\":\"https:\/\/now-news.de\/de\/deutschland\/linke-medienplattform-indymedia-teilt-brutale-videos-von-antifa-ueberfall-auf-thor-steinar-laden\/#breadcrumb\",\"itemListElement\":[{\"@type\":\"ListItem\",\"position\":1,\"name\":\"Home\",\"item\":\"https:\/\/now-news.de\/de\/\"},{\"@type\":\"ListItem\",\"position\":2,\"name\":\"&quot;Linke&quot; Medienplattform indymedia teilt brutale Videos von Antifa-\u00dcberfall auf Thor-Steinar-Laden\"}]},{\"@type\":\"WebSite\",\"@id\":\"https:\/\/now-news.de\/de\/#website\",\"url\":\"https:\/\/now-news.de\/de\/\",\"name\":\"just-now.NEWS Deutschland\",\"description\":\"Das Portal f\u00fcr unzensierte Nachrichten aus der Welt\",\"publisher\":{\"@id\":\"https:\/\/now-news.de\/de\/#organization\"},\"potentialAction\":[{\"@type\":\"SearchAction\",\"target\":{\"@type\":\"EntryPoint\",\"urlTemplate\":\"https:\/\/now-news.de\/de\/?s={search_term_string}\"},\"query-input\":\"required name=search_term_string\"}],\"inLanguage\":\"de\"},{\"@type\":\"Organization\",\"@id\":\"https:\/\/now-news.de\/de\/#organization\",\"name\":\"Just Now News\",\"url\":\"https:\/\/now-news.de\/de\/\",\"logo\":{\"@type\":\"ImageObject\",\"inLanguage\":\"de\",\"@id\":\"https:\/\/now-news.de\/de\/#\/schema\/logo\/image\/\",\"url\":\"http:\/\/just-now.news\/de\/wp-content\/uploads\/sites\/3\/2022\/04\/logo500x500.jpg\",\"contentUrl\":\"http:\/\/just-now.news\/de\/wp-content\/uploads\/sites\/3\/2022\/04\/logo500x500.jpg\",\"width\":500,\"height\":500,\"caption\":\"Just Now News\"},\"image\":{\"@id\":\"https:\/\/now-news.de\/de\/#\/schema\/logo\/image\/\"},\"sameAs\":[\"https:\/\/www.facebook.com\/wirmachenauf\",\"https:\/\/x.com\/WirMachenAuf_de\"]},{\"@type\":\"Person\",\"@id\":\"https:\/\/now-news.de\/de\/#\/schema\/person\/fb534a4e865501d8b3285208df34a9b5\",\"name\":\"rtnews\",\"image\":{\"@type\":\"ImageObject\",\"inLanguage\":\"de\",\"@id\":\"https:\/\/now-news.de\/de\/#\/schema\/person\/image\/\",\"url\":\"https:\/\/secure.gravatar.com\/avatar\/82aafea7d8127119dd649515f56e2117?s=96&d=mm&r=g\",\"contentUrl\":\"https:\/\/secure.gravatar.com\/avatar\/82aafea7d8127119dd649515f56e2117?s=96&d=mm&r=g\",\"caption\":\"rtnews\"},\"url\":\"https:\/\/now-news.de\/de\/author\/rnews\/\"}]}<\/script>\n<!-- \/ Yoast SEO Premium plugin. -->","yoast_head_json":{"title":"&quot;Linke&quot; Medienplattform indymedia teilt brutale Videos von Antifa-\u00dcberfall auf Thor-Steinar-Laden - just-now.NEWS Deutschland","robots":{"index":"index","follow":"follow","max-snippet":"max-snippet:-1","max-image-preview":"max-image-preview:large","max-video-preview":"max-video-preview:-1"},"canonical":"https:\/\/now-news.de\/de\/deutschland\/linke-medienplattform-indymedia-teilt-brutale-videos-von-antifa-ueberfall-auf-thor-steinar-laden\/","og_locale":"de_DE","og_type":"article","og_title":"&quot;Linke&quot; Medienplattform indymedia teilt brutale Videos von Antifa-\u00dcberfall auf Thor-Steinar-Laden","og_description":"In mehreren St\u00e4dten Deutschlands hat es am 23. April zeitgleich Angriffe auf Bekleidungsl\u00e4den der Marke &#8220;Thor Steinar&#8221; gegeben. Nun kursieren brutale Videos dazu auf der &#8220;linken&#8221; und bereits zeitweilig verbotenen Internetseite indymedia. In Magdeburg\u00a0bewarfen laut MDR damals die T\u00e4ter Kleidungsst\u00fccke mit Farbe und griffen eine Verk\u00e4uferin mit einer \u00fcbel riechenden Fl\u00fcssigkeit an. In Halle wurde [&hellip;]","og_url":"https:\/\/now-news.de\/de\/deutschland\/linke-medienplattform-indymedia-teilt-brutale-videos-von-antifa-ueberfall-auf-thor-steinar-laden\/","og_site_name":"just-now.NEWS Deutschland","article_publisher":"https:\/\/www.facebook.com\/wirmachenauf","article_published_time":"2022-08-03T16:42:29+00:00","og_image":[{"width":460,"height":259,"url":"https:\/\/now-news.de\/de\/wp-content\/uploads\/sites\/3\/2022\/08\/quotLinkequot-Medienplattform-indymedia-teilt-brutale-Videos-von-Antifa-Ueberfall-auf-Thor-Steinar-Laden.png","type":"image\/png"}],"author":"rtnews","twitter_card":"summary_large_image","twitter_creator":"@WirMachenAuf_de","twitter_site":"@WirMachenAuf_de","twitter_misc":{"Verfasst von":"rtnews","Gesch\u00e4tzte Lesezeit":"1\u00a0Minute"},"schema":{"@context":"https:\/\/schema.org","@graph":[{"@type":"Article","@id":"https:\/\/now-news.de\/de\/deutschland\/linke-medienplattform-indymedia-teilt-brutale-videos-von-antifa-ueberfall-auf-thor-steinar-laden\/#article","isPartOf":{"@id":"https:\/\/now-news.de\/de\/deutschland\/linke-medienplattform-indymedia-teilt-brutale-videos-von-antifa-ueberfall-auf-thor-steinar-laden\/"},"author":{"name":"rtnews","@id":"https:\/\/now-news.de\/de\/#\/schema\/person\/fb534a4e865501d8b3285208df34a9b5"},"headline":"&quot;Linke&quot; Medienplattform indymedia teilt brutale Videos von Antifa-\u00dcberfall auf Thor-Steinar-Laden","datePublished":"2022-08-03T16:42:29+00:00","dateModified":"2022-08-03T16:42:29+00:00","mainEntityOfPage":{"@id":"https:\/\/now-news.de\/de\/deutschland\/linke-medienplattform-indymedia-teilt-brutale-videos-von-antifa-ueberfall-auf-thor-steinar-laden\/"},"wordCount":275,"commentCount":0,"publisher":{"@id":"https:\/\/now-news.de\/de\/#organization"},"image":{"@id":"https:\/\/now-news.de\/de\/deutschland\/linke-medienplattform-indymedia-teilt-brutale-videos-von-antifa-ueberfall-auf-thor-steinar-laden\/#primaryimage"},"thumbnailUrl":"https:\/\/now-news.de\/de\/wp-content\/uploads\/sites\/3\/2022\/08\/quotLinkequot-Medienplattform-indymedia-teilt-brutale-Videos-von-Antifa-Ueberfall-auf-Thor-Steinar-Laden.png","keywords":["Antifa\u00dcberfall","AUF","brutale","indymedia","Medienplattform","quotLinkequot","teilt","ThorSteinarLaden","Videos","von"],"articleSection":["Deutschland","Russland"],"inLanguage":"de","potentialAction":[{"@type":"CommentAction","name":"Comment","target":["https:\/\/now-news.de\/de\/deutschland\/linke-medienplattform-indymedia-teilt-brutale-videos-von-antifa-ueberfall-auf-thor-steinar-laden\/#respond"]}]},{"@type":"WebPage","@id":"https:\/\/now-news.de\/de\/deutschland\/linke-medienplattform-indymedia-teilt-brutale-videos-von-antifa-ueberfall-auf-thor-steinar-laden\/","url":"https:\/\/now-news.de\/de\/deutschland\/linke-medienplattform-indymedia-teilt-brutale-videos-von-antifa-ueberfall-auf-thor-steinar-laden\/","name":"&quot;Linke&quot; Medienplattform indymedia teilt brutale Videos von Antifa-\u00dcberfall auf Thor-Steinar-Laden - just-now.NEWS Deutschland","isPartOf":{"@id":"https:\/\/now-news.de\/de\/#website"},"primaryImageOfPage":{"@id":"https:\/\/now-news.de\/de\/deutschland\/linke-medienplattform-indymedia-teilt-brutale-videos-von-antifa-ueberfall-auf-thor-steinar-laden\/#primaryimage"},"image":{"@id":"https:\/\/now-news.de\/de\/deutschland\/linke-medienplattform-indymedia-teilt-brutale-videos-von-antifa-ueberfall-auf-thor-steinar-laden\/#primaryimage"},"thumbnailUrl":"https:\/\/now-news.de\/de\/wp-content\/uploads\/sites\/3\/2022\/08\/quotLinkequot-Medienplattform-indymedia-teilt-brutale-Videos-von-Antifa-Ueberfall-auf-Thor-Steinar-Laden.png","datePublished":"2022-08-03T16:42:29+00:00","dateModified":"2022-08-03T16:42:29+00:00","breadcrumb":{"@id":"https:\/\/now-news.de\/de\/deutschland\/linke-medienplattform-indymedia-teilt-brutale-videos-von-antifa-ueberfall-auf-thor-steinar-laden\/#breadcrumb"},"inLanguage":"de","potentialAction":[{"@type":"ReadAction","target":["https:\/\/now-news.de\/de\/deutschland\/linke-medienplattform-indymedia-teilt-brutale-videos-von-antifa-ueberfall-auf-thor-steinar-laden\/"]}]},{"@type":"ImageObject","inLanguage":"de","@id":"https:\/\/now-news.de\/de\/deutschland\/linke-medienplattform-indymedia-teilt-brutale-videos-von-antifa-ueberfall-auf-thor-steinar-laden\/#primaryimage","url":"https:\/\/now-news.de\/de\/wp-content\/uploads\/sites\/3\/2022\/08\/quotLinkequot-Medienplattform-indymedia-teilt-brutale-Videos-von-Antifa-Ueberfall-auf-Thor-Steinar-Laden.png","contentUrl":"https:\/\/now-news.de\/de\/wp-content\/uploads\/sites\/3\/2022\/08\/quotLinkequot-Medienplattform-indymedia-teilt-brutale-Videos-von-Antifa-Ueberfall-auf-Thor-Steinar-Laden.png","width":460,"height":259,"caption":"&quot;Linke&quot; Medienplattform indymedia teilt brutale Videos von Antifa-\u00dcberfall auf Thor-Steinar-Laden"},{"@type":"BreadcrumbList","@id":"https:\/\/now-news.de\/de\/deutschland\/linke-medienplattform-indymedia-teilt-brutale-videos-von-antifa-ueberfall-auf-thor-steinar-laden\/#breadcrumb","itemListElement":[{"@type":"ListItem","position":1,"name":"Home","item":"https:\/\/now-news.de\/de\/"},{"@type":"ListItem","position":2,"name":"&quot;Linke&quot; Medienplattform indymedia teilt brutale Videos von Antifa-\u00dcberfall auf Thor-Steinar-Laden"}]},{"@type":"WebSite","@id":"https:\/\/now-news.de\/de\/#website","url":"https:\/\/now-news.de\/de\/","name":"just-now.NEWS Deutschland","description":"Das Portal f\u00fcr unzensierte Nachrichten aus der Welt","publisher":{"@id":"https:\/\/now-news.de\/de\/#organization"},"potentialAction":[{"@type":"SearchAction","target":{"@type":"EntryPoint","urlTemplate":"https:\/\/now-news.de\/de\/?s={search_term_string}"},"query-input":"required name=search_term_string"}],"inLanguage":"de"},{"@type":"Organization","@id":"https:\/\/now-news.de\/de\/#organization","name":"Just Now News","url":"https:\/\/now-news.de\/de\/","logo":{"@type":"ImageObject","inLanguage":"de","@id":"https:\/\/now-news.de\/de\/#\/schema\/logo\/image\/","url":"http:\/\/just-now.news\/de\/wp-content\/uploads\/sites\/3\/2022\/04\/logo500x500.jpg","contentUrl":"http:\/\/just-now.news\/de\/wp-content\/uploads\/sites\/3\/2022\/04\/logo500x500.jpg","width":500,"height":500,"caption":"Just Now News"},"image":{"@id":"https:\/\/now-news.de\/de\/#\/schema\/logo\/image\/"},"sameAs":["https:\/\/www.facebook.com\/wirmachenauf","https:\/\/x.com\/WirMachenAuf_de"]},{"@type":"Person","@id":"https:\/\/now-news.de\/de\/#\/schema\/person\/fb534a4e865501d8b3285208df34a9b5","name":"rtnews","image":{"@type":"ImageObject","inLanguage":"de","@id":"https:\/\/now-news.de\/de\/#\/schema\/person\/image\/","url":"https:\/\/secure.gravatar.com\/avatar\/82aafea7d8127119dd649515f56e2117?s=96&d=mm&r=g","contentUrl":"https:\/\/secure.gravatar.com\/avatar\/82aafea7d8127119dd649515f56e2117?s=96&d=mm&r=g","caption":"rtnews"},"url":"https:\/\/now-news.de\/de\/author\/rnews\/"}]}},"_links":{"self":[{"href":"https:\/\/now-news.de\/de\/wp-json\/wp\/v2\/posts\/15956"}],"collection":[{"href":"https:\/\/now-news.de\/de\/wp-json\/wp\/v2\/posts"}],"about":[{"href":"https:\/\/now-news.de\/de\/wp-json\/wp\/v2\/types\/post"}],"author":[{"embeddable":true,"href":"https:\/\/now-news.de\/de\/wp-json\/wp\/v2\/users\/3"}],"replies":[{"embeddable":true,"href":"https:\/\/now-news.de\/de\/wp-json\/wp\/v2\/comments?post=15956"}],"version-history":[{"count":0,"href":"https:\/\/now-news.de\/de\/wp-json\/wp\/v2\/posts\/15956\/revisions"}],"wp:featuredmedia":[{"embeddable":true,"href":"https:\/\/now-news.de\/de\/wp-json\/wp\/v2\/media\/15957"}],"wp:attachment":[{"href":"https:\/\/now-news.de\/de\/wp-json\/wp\/v2\/media?parent=15956"}],"wp:term":[{"taxonomy":"category","embeddable":true,"href":"https:\/\/now-news.de\/de\/wp-json\/wp\/v2\/categories?post=15956"},{"taxonomy":"post_tag","embeddable":true,"href":"https:\/\/now-news.de\/de\/wp-json\/wp\/v2\/tags?post=15956"}],"curies":[{"name":"wp","href":"https:\/\/api.w.org\/{rel}","templated":true}]}}