{"id":15942,"date":"2022-08-03T16:53:54","date_gmt":"2022-08-03T14:53:54","guid":{"rendered":"http:\/\/just-now.news\/de\/deutschland\/australien-erste-ueberpruefung-der-einsatzbereitschaft-des-militaers-seit-zehn-jahren\/"},"modified":"2022-08-03T16:53:54","modified_gmt":"2022-08-03T14:53:54","slug":"australien-erste-ueberpruefung-der-einsatzbereitschaft-des-militaers-seit-zehn-jahren","status":"publish","type":"post","link":"https:\/\/now-news.de\/de\/deutschland\/australien-erste-ueberpruefung-der-einsatzbereitschaft-des-militaers-seit-zehn-jahren\/","title":{"rendered":"Australien: erste \u00dcberpr\u00fcfung der Einsatzbereitschaft des Milit\u00e4rs seit zehn Jahren"},"content":{"rendered":"<p><img decoding=\"async\" src=\"http:\/\/just-now.news\/de\/wp-content\/uploads\/sites\/3\/2022\/08\/62ea89a248fbef093a51e895.jpg\" \/><\/p>\n<p>Der australische Ministerpr\u00e4sident Anthony Albanese hat am Mittwoch eine \u00dcberpr\u00fcfung der Einsatzbereitschaft der australischen Streitkr\u00e4fte angek\u00fcndigt. Einer Meldung der Rundfunkgesellschaft <em>SBS<\/em> zufolge sei dies die erste Ma\u00dfnahme dieser Art seit 2012. Die \u00dcberpr\u00fcfung soll vom Hauptmarschall der Luftwaffe im Ruhestand, Angus Houston, und dem ehemaligen Verteidigungsminister, Stephen Smith, durchgef\u00fchrt werden. Ergebnis werde die Ausarbeitung einer neuen nationalen Verteidigungsstrategie sein. Albanese verk\u00fcndete:<\/p>\n<blockquote>\n<p><em>&#8220;Diese \u00dcberpr\u00fcfung wird Australien darauf vorbereiten, effektiv auf die sich wandelnde regionale und globale strategische Lage zu reagieren, und sicherstellen, dass die F\u00e4higkeit und Struktur der Streitkr\u00e4fte ihrem Zweck entspricht.&#8221;<\/em><\/p>\n<\/blockquote>\n<p>Die Empfehlungen der Pr\u00fcfkommission in Bezug auf die Struktur, Zusammensetzung und Einsatzbereitschaft der Streitkr\u00e4fte f\u00fcr den Zeitraum 2023 bis 2033 sollen der Regierung bis M\u00e4rz 2023 vorgelegt werden. Australiens amtierender Verteidigungsminister Richard Marles erkl\u00e4rte, das Land strebe im Verteidigungsbereich eine engere Zusammenarbeit mit Gro\u00dfbritannien und den USA\u00a0an. Er sagte:<\/p>\n<blockquote>\n<p><em>&#8220;Das wird die wichtigste \u00dcberpr\u00fcfung unserer Streitkr\u00e4fte seit Jahrzehnten sein.&#8221;<\/em><\/p>\n<\/blockquote>\n<p>An der \u00dcberpr\u00fcfung sollen auch externe\u00a0Sachverst\u00e4ndige\u00a0teilnehmen. Wie <em>SBS<\/em> meldete, erw\u00e4ge Canberra &#8220;Schl\u00fcsselentscheidungen zu nuklearen U-Booten, einer Flotte von Lenkraketen-Zerst\u00f6rern sowie Pl\u00e4nen zum Aufbau einer gr\u00f6\u00dferen Armee.&#8221; Australien m\u00fcsse von Gro\u00dfbritannien und den USA die Technologie f\u00fcr Atom-U-Boote &#8220;so schnell wie m\u00f6glich&#8221; erwerben, so Marles. Ministerpr\u00e4sident Albanese verk\u00fcndete, dass Australiens Verteidigungsausgaben weiterhin auf dem Stand von zwei Prozent des BIP verbleiben, in der Zukunft voraussichtlich aber steigen werden.<\/p>\n<p>All diese Ma\u00dfnahmen werden mit der sich \u00e4ndernden weltweiten strategischen Lage begr\u00fcndet. Angus Houston, einer der Leiter der \u00dcberpr\u00fcfung, bezeichnete die Situation als &#8220;die schlimmste, die ich je gesehen habe.&#8221; F\u00fcr die gegenw\u00e4rtige Krise um Taiwan gab Albanese indes Peking die Schuld und verk\u00fcndete, dass Australien &#8220;keine einseitigen \u00c4nderungen des Status quo&#8221; sehen wolle. Gleichzeitig\u00a0werde die Regierung in Canberra versuchen, &#8220;alles zur Vermeidung eines Konflikts zu tun.&#8221;<\/p>\n<p><strong>Mehr zum Thema<\/strong> &#8211; <a rel=\"nofollow noopener\" target=\"_blank\" href=\"https:\/\/rtde.site\/international\/144443-usa-wollen-chinas-nachbarn-aufhetzen\/\">Die USA wollen Chinas Nachbarn gegen Peking aufhetzen \u2013 Wird der Plan gelingen?<\/a><\/p>\n<p><br \/>\n<br \/><a href=\"https:\/\/de.rt.com\/international\/145196-australien-erste-uberprufung-einsatzbereitschaft-militars\/\">Source link <\/a><\/p>\n","protected":false},"excerpt":{"rendered":"<p>Der australische Ministerpr\u00e4sident Anthony Albanese hat am Mittwoch eine \u00dcberpr\u00fcfung der Einsatzbereitschaft der australischen Streitkr\u00e4fte angek\u00fcndigt. Einer Meldung der Rundfunkgesellschaft SBS zufolge sei dies die erste Ma\u00dfnahme dieser Art seit 2012. Die \u00dcberpr\u00fcfung soll vom Hauptmarschall der Luftwaffe im Ruhestand, Angus Houston, und dem ehemaligen Verteidigungsminister, Stephen Smith, durchgef\u00fchrt werden. Ergebnis werde die Ausarbeitung einer [&hellip;]<\/p>\n","protected":false},"author":3,"featured_media":15943,"comment_status":"open","ping_status":"open","sticky":false,"template":"","format":"standard","meta":{"wp_automatic_camp":["217"],"7dbc54acd0a1e78c1e1dd279d68d856a":["Australien: erste \u00dcberpr\u00fcfung der Einsatzbereitschaft des Milit\u00e4rs seit zehn Jahren"],"original_link":["https:\/\/de.rt.com\/international\/145196-australien-erste-uberprufung-einsatzbereitschaft-militars\/"],"_thumbnail_id":["15943"],"_wptg_p2tg_sent2tg":["2022-08-03 17:02:26"],"jnews_social_counter_last_update":["1788195317"]},"categories":[19,23],"tags":[3310,82,583,30156,274,1728,21064,1829,20275,7076],"class_list":["post-15942","post","type-post","status-publish","format-standard","has-post-thumbnail","hentry","category-deutschland","category-russland","tag-australien","tag-der","tag-des","tag-einsatzbereitschaft","tag-erste","tag-jahren","tag-militaers","tag-seit","tag-ueberpruefung","tag-zehn"],"yoast_head":"<!-- This site is optimized with the Yoast SEO Premium plugin v22.7 (Yoast SEO v28.2) - https:\/\/yoast.com\/product\/yoast-seo-premium-wordpress\/ -->\n<title>Australien: erste \u00dcberpr\u00fcfung der Einsatzbereitschaft des Milit\u00e4rs seit zehn Jahren - just-now.NEWS Deutschland<\/title>\n<meta name=\"robots\" content=\"index, follow, max-snippet:-1, max-image-preview:large, max-video-preview:-1\" \/>\n<link rel=\"canonical\" href=\"https:\/\/now-news.de\/de\/deutschland\/australien-erste-ueberpruefung-der-einsatzbereitschaft-des-militaers-seit-zehn-jahren\/\" \/>\n<meta property=\"og:locale\" content=\"de_DE\" \/>\n<meta property=\"og:type\" content=\"article\" \/>\n<meta property=\"og:title\" content=\"Australien: erste \u00dcberpr\u00fcfung der Einsatzbereitschaft des Milit\u00e4rs seit zehn Jahren\" \/>\n<meta property=\"og:description\" content=\"Der australische Ministerpr\u00e4sident Anthony Albanese hat am Mittwoch eine \u00dcberpr\u00fcfung der Einsatzbereitschaft der australischen Streitkr\u00e4fte angek\u00fcndigt. Einer Meldung der Rundfunkgesellschaft SBS zufolge sei dies die erste Ma\u00dfnahme dieser Art seit 2012. Die \u00dcberpr\u00fcfung soll vom Hauptmarschall der Luftwaffe im Ruhestand, Angus Houston, und dem ehemaligen Verteidigungsminister, Stephen Smith, durchgef\u00fchrt werden. Ergebnis werde die Ausarbeitung einer [&hellip;]\" \/>\n<meta property=\"og:url\" content=\"https:\/\/now-news.de\/de\/deutschland\/australien-erste-ueberpruefung-der-einsatzbereitschaft-des-militaers-seit-zehn-jahren\/\" \/>\n<meta property=\"og:site_name\" content=\"just-now.NEWS Deutschland\" \/>\n<meta property=\"article:publisher\" content=\"https:\/\/www.facebook.com\/wirmachenauf\" \/>\n<meta property=\"article:published_time\" content=\"2022-08-03T14:53:54+00:00\" \/>\n<meta property=\"og:image\" content=\"https:\/\/now-news.de\/de\/wp-content\/uploads\/sites\/3\/2022\/08\/Australien-erste-Ueberpruefung-der-Einsatzbereitschaft-des-Militaers-seit-zehn-Jahren.jpg\" \/>\n\t<meta property=\"og:image:width\" content=\"460\" \/>\n\t<meta property=\"og:image:height\" content=\"259\" \/>\n\t<meta property=\"og:image:type\" content=\"image\/jpeg\" \/>\n<meta name=\"author\" content=\"rtnews\" \/>\n<meta name=\"twitter:card\" content=\"summary_large_image\" \/>\n<meta name=\"twitter:creator\" content=\"@WirMachenAuf_de\" \/>\n<meta name=\"twitter:site\" content=\"@WirMachenAuf_de\" \/>\n<meta name=\"twitter:label1\" content=\"Verfasst von\" \/>\n\t<meta name=\"twitter:data1\" content=\"rtnews\" \/>\n\t<meta name=\"twitter:label2\" content=\"Gesch\u00e4tzte Lesezeit\" \/>\n\t<meta name=\"twitter:data2\" content=\"2\u00a0Minuten\" \/>\n<script type=\"application\/ld+json\" class=\"yoast-schema-graph\">{\"@context\":\"https:\\\/\\\/schema.org\",\"@graph\":[{\"@type\":\"Article\",\"@id\":\"https:\\\/\\\/now-news.de\\\/de\\\/deutschland\\\/australien-erste-ueberpruefung-der-einsatzbereitschaft-des-militaers-seit-zehn-jahren\\\/#article\",\"isPartOf\":{\"@id\":\"https:\\\/\\\/now-news.de\\\/de\\\/deutschland\\\/australien-erste-ueberpruefung-der-einsatzbereitschaft-des-militaers-seit-zehn-jahren\\\/\"},\"author\":{\"name\":\"rtnews\",\"@id\":\"https:\\\/\\\/now-news.de\\\/de\\\/#\\\/schema\\\/person\\\/fb534a4e865501d8b3285208df34a9b5\"},\"headline\":\"Australien: erste \u00dcberpr\u00fcfung der Einsatzbereitschaft des Milit\u00e4rs seit zehn Jahren\",\"datePublished\":\"2022-08-03T14:53:54+00:00\",\"mainEntityOfPage\":{\"@id\":\"https:\\\/\\\/now-news.de\\\/de\\\/deutschland\\\/australien-erste-ueberpruefung-der-einsatzbereitschaft-des-militaers-seit-zehn-jahren\\\/\"},\"wordCount\":353,\"commentCount\":0,\"publisher\":{\"@id\":\"https:\\\/\\\/now-news.de\\\/de\\\/#organization\"},\"image\":{\"@id\":\"https:\\\/\\\/now-news.de\\\/de\\\/deutschland\\\/australien-erste-ueberpruefung-der-einsatzbereitschaft-des-militaers-seit-zehn-jahren\\\/#primaryimage\"},\"thumbnailUrl\":\"https:\\\/\\\/now-news.de\\\/de\\\/wp-content\\\/uploads\\\/sites\\\/3\\\/2022\\\/08\\\/Australien-erste-Ueberpruefung-der-Einsatzbereitschaft-des-Militaers-seit-zehn-Jahren.jpg\",\"keywords\":[\"Australien\",\"der\",\"des\",\"Einsatzbereitschaft\",\"Erste\",\"Jahren\",\"Milit\u00e4rs\",\"seit\",\"\u00dcberpr\u00fcfung\",\"zehn\"],\"articleSection\":[\"Deutschland\",\"Russland\"],\"inLanguage\":\"de\",\"potentialAction\":[{\"@type\":\"CommentAction\",\"name\":\"Comment\",\"target\":[\"https:\\\/\\\/now-news.de\\\/de\\\/deutschland\\\/australien-erste-ueberpruefung-der-einsatzbereitschaft-des-militaers-seit-zehn-jahren\\\/#respond\"]}]},{\"@type\":\"WebPage\",\"@id\":\"https:\\\/\\\/now-news.de\\\/de\\\/deutschland\\\/australien-erste-ueberpruefung-der-einsatzbereitschaft-des-militaers-seit-zehn-jahren\\\/\",\"url\":\"https:\\\/\\\/now-news.de\\\/de\\\/deutschland\\\/australien-erste-ueberpruefung-der-einsatzbereitschaft-des-militaers-seit-zehn-jahren\\\/\",\"name\":\"Australien: erste \u00dcberpr\u00fcfung der Einsatzbereitschaft des Milit\u00e4rs seit zehn Jahren - just-now.NEWS Deutschland\",\"isPartOf\":{\"@id\":\"https:\\\/\\\/now-news.de\\\/de\\\/#website\"},\"primaryImageOfPage\":{\"@id\":\"https:\\\/\\\/now-news.de\\\/de\\\/deutschland\\\/australien-erste-ueberpruefung-der-einsatzbereitschaft-des-militaers-seit-zehn-jahren\\\/#primaryimage\"},\"image\":{\"@id\":\"https:\\\/\\\/now-news.de\\\/de\\\/deutschland\\\/australien-erste-ueberpruefung-der-einsatzbereitschaft-des-militaers-seit-zehn-jahren\\\/#primaryimage\"},\"thumbnailUrl\":\"https:\\\/\\\/now-news.de\\\/de\\\/wp-content\\\/uploads\\\/sites\\\/3\\\/2022\\\/08\\\/Australien-erste-Ueberpruefung-der-Einsatzbereitschaft-des-Militaers-seit-zehn-Jahren.jpg\",\"datePublished\":\"2022-08-03T14:53:54+00:00\",\"breadcrumb\":{\"@id\":\"https:\\\/\\\/now-news.de\\\/de\\\/deutschland\\\/australien-erste-ueberpruefung-der-einsatzbereitschaft-des-militaers-seit-zehn-jahren\\\/#breadcrumb\"},\"inLanguage\":\"de\",\"potentialAction\":[{\"@type\":\"ReadAction\",\"target\":[\"https:\\\/\\\/now-news.de\\\/de\\\/deutschland\\\/australien-erste-ueberpruefung-der-einsatzbereitschaft-des-militaers-seit-zehn-jahren\\\/\"]}]},{\"@type\":\"ImageObject\",\"inLanguage\":\"de\",\"@id\":\"https:\\\/\\\/now-news.de\\\/de\\\/deutschland\\\/australien-erste-ueberpruefung-der-einsatzbereitschaft-des-militaers-seit-zehn-jahren\\\/#primaryimage\",\"url\":\"https:\\\/\\\/now-news.de\\\/de\\\/wp-content\\\/uploads\\\/sites\\\/3\\\/2022\\\/08\\\/Australien-erste-Ueberpruefung-der-Einsatzbereitschaft-des-Militaers-seit-zehn-Jahren.jpg\",\"contentUrl\":\"https:\\\/\\\/now-news.de\\\/de\\\/wp-content\\\/uploads\\\/sites\\\/3\\\/2022\\\/08\\\/Australien-erste-Ueberpruefung-der-Einsatzbereitschaft-des-Militaers-seit-zehn-Jahren.jpg\",\"width\":460,\"height\":259,\"caption\":\"Australien: erste \u00dcberpr\u00fcfung der Einsatzbereitschaft des Milit\u00e4rs seit zehn Jahren\"},{\"@type\":\"BreadcrumbList\",\"@id\":\"https:\\\/\\\/now-news.de\\\/de\\\/deutschland\\\/australien-erste-ueberpruefung-der-einsatzbereitschaft-des-militaers-seit-zehn-jahren\\\/#breadcrumb\",\"itemListElement\":[{\"@type\":\"ListItem\",\"position\":1,\"name\":\"Home\",\"item\":\"https:\\\/\\\/now-news.de\\\/de\\\/\"},{\"@type\":\"ListItem\",\"position\":2,\"name\":\"Australien: erste \u00dcberpr\u00fcfung der Einsatzbereitschaft des Milit\u00e4rs seit zehn Jahren\"}]},{\"@type\":\"WebSite\",\"@id\":\"https:\\\/\\\/now-news.de\\\/de\\\/#website\",\"url\":\"https:\\\/\\\/now-news.de\\\/de\\\/\",\"name\":\"just-now.NEWS Deutschland\",\"description\":\"Das Portal f\u00fcr unzensierte Nachrichten aus der Welt\",\"publisher\":{\"@id\":\"https:\\\/\\\/now-news.de\\\/de\\\/#organization\"},\"potentialAction\":[{\"@type\":\"SearchAction\",\"target\":{\"@type\":\"EntryPoint\",\"urlTemplate\":\"https:\\\/\\\/now-news.de\\\/de\\\/?s={search_term_string}\"},\"query-input\":{\"@type\":\"PropertyValueSpecification\",\"valueRequired\":true,\"valueName\":\"search_term_string\"}}],\"inLanguage\":\"de\"},{\"@type\":\"Organization\",\"@id\":\"https:\\\/\\\/now-news.de\\\/de\\\/#organization\",\"name\":\"Just Now News\",\"url\":\"https:\\\/\\\/now-news.de\\\/de\\\/\",\"logo\":{\"@type\":\"ImageObject\",\"inLanguage\":\"de\",\"@id\":\"https:\\\/\\\/now-news.de\\\/de\\\/#\\\/schema\\\/logo\\\/image\\\/\",\"url\":\"http:\\\/\\\/just-now.news\\\/de\\\/wp-content\\\/uploads\\\/sites\\\/3\\\/2022\\\/04\\\/logo500x500.jpg\",\"contentUrl\":\"http:\\\/\\\/just-now.news\\\/de\\\/wp-content\\\/uploads\\\/sites\\\/3\\\/2022\\\/04\\\/logo500x500.jpg\",\"width\":500,\"height\":500,\"caption\":\"Just Now News\"},\"image\":{\"@id\":\"https:\\\/\\\/now-news.de\\\/de\\\/#\\\/schema\\\/logo\\\/image\\\/\"},\"sameAs\":[\"https:\\\/\\\/www.facebook.com\\\/wirmachenauf\",\"https:\\\/\\\/x.com\\\/WirMachenAuf_de\"]},{\"@type\":\"Person\",\"@id\":\"https:\\\/\\\/now-news.de\\\/de\\\/#\\\/schema\\\/person\\\/fb534a4e865501d8b3285208df34a9b5\",\"name\":\"rtnews\",\"image\":{\"@type\":\"ImageObject\",\"inLanguage\":\"de\",\"@id\":\"https:\\\/\\\/secure.gravatar.com\\\/avatar\\\/358fe31b3ab5769fea05376e1953329834cd9912cf9daf607e2af3076a1b982b?s=96&d=mm&r=g\",\"url\":\"https:\\\/\\\/secure.gravatar.com\\\/avatar\\\/358fe31b3ab5769fea05376e1953329834cd9912cf9daf607e2af3076a1b982b?s=96&d=mm&r=g\",\"contentUrl\":\"https:\\\/\\\/secure.gravatar.com\\\/avatar\\\/358fe31b3ab5769fea05376e1953329834cd9912cf9daf607e2af3076a1b982b?s=96&d=mm&r=g\",\"caption\":\"rtnews\"},\"url\":\"https:\\\/\\\/now-news.de\\\/de\\\/author\\\/rnews\\\/\"}]}<\/script>\n<!-- \/ Yoast SEO Premium plugin. -->","yoast_head_json":{"title":"Australien: erste \u00dcberpr\u00fcfung der Einsatzbereitschaft des Milit\u00e4rs seit zehn Jahren - just-now.NEWS Deutschland","robots":{"index":"index","follow":"follow","max-snippet":"max-snippet:-1","max-image-preview":"max-image-preview:large","max-video-preview":"max-video-preview:-1"},"canonical":"https:\/\/now-news.de\/de\/deutschland\/australien-erste-ueberpruefung-der-einsatzbereitschaft-des-militaers-seit-zehn-jahren\/","og_locale":"de_DE","og_type":"article","og_title":"Australien: erste \u00dcberpr\u00fcfung der Einsatzbereitschaft des Milit\u00e4rs seit zehn Jahren","og_description":"Der australische Ministerpr\u00e4sident Anthony Albanese hat am Mittwoch eine \u00dcberpr\u00fcfung der Einsatzbereitschaft der australischen Streitkr\u00e4fte angek\u00fcndigt. Einer Meldung der Rundfunkgesellschaft SBS zufolge sei dies die erste Ma\u00dfnahme dieser Art seit 2012. Die \u00dcberpr\u00fcfung soll vom Hauptmarschall der Luftwaffe im Ruhestand, Angus Houston, und dem ehemaligen Verteidigungsminister, Stephen Smith, durchgef\u00fchrt werden. Ergebnis werde die Ausarbeitung einer [&hellip;]","og_url":"https:\/\/now-news.de\/de\/deutschland\/australien-erste-ueberpruefung-der-einsatzbereitschaft-des-militaers-seit-zehn-jahren\/","og_site_name":"just-now.NEWS Deutschland","article_publisher":"https:\/\/www.facebook.com\/wirmachenauf","article_published_time":"2022-08-03T14:53:54+00:00","og_image":[{"width":460,"height":259,"url":"https:\/\/now-news.de\/de\/wp-content\/uploads\/sites\/3\/2022\/08\/Australien-erste-Ueberpruefung-der-Einsatzbereitschaft-des-Militaers-seit-zehn-Jahren.jpg","type":"image\/jpeg"}],"author":"rtnews","twitter_card":"summary_large_image","twitter_creator":"@WirMachenAuf_de","twitter_site":"@WirMachenAuf_de","twitter_misc":{"Verfasst von":"rtnews","Gesch\u00e4tzte Lesezeit":"2\u00a0Minuten"},"schema":{"@context":"https:\/\/schema.org","@graph":[{"@type":"Article","@id":"https:\/\/now-news.de\/de\/deutschland\/australien-erste-ueberpruefung-der-einsatzbereitschaft-des-militaers-seit-zehn-jahren\/#article","isPartOf":{"@id":"https:\/\/now-news.de\/de\/deutschland\/australien-erste-ueberpruefung-der-einsatzbereitschaft-des-militaers-seit-zehn-jahren\/"},"author":{"name":"rtnews","@id":"https:\/\/now-news.de\/de\/#\/schema\/person\/fb534a4e865501d8b3285208df34a9b5"},"headline":"Australien: erste \u00dcberpr\u00fcfung der Einsatzbereitschaft des Milit\u00e4rs seit zehn Jahren","datePublished":"2022-08-03T14:53:54+00:00","mainEntityOfPage":{"@id":"https:\/\/now-news.de\/de\/deutschland\/australien-erste-ueberpruefung-der-einsatzbereitschaft-des-militaers-seit-zehn-jahren\/"},"wordCount":353,"commentCount":0,"publisher":{"@id":"https:\/\/now-news.de\/de\/#organization"},"image":{"@id":"https:\/\/now-news.de\/de\/deutschland\/australien-erste-ueberpruefung-der-einsatzbereitschaft-des-militaers-seit-zehn-jahren\/#primaryimage"},"thumbnailUrl":"https:\/\/now-news.de\/de\/wp-content\/uploads\/sites\/3\/2022\/08\/Australien-erste-Ueberpruefung-der-Einsatzbereitschaft-des-Militaers-seit-zehn-Jahren.jpg","keywords":["Australien","der","des","Einsatzbereitschaft","Erste","Jahren","Milit\u00e4rs","seit","\u00dcberpr\u00fcfung","zehn"],"articleSection":["Deutschland","Russland"],"inLanguage":"de","potentialAction":[{"@type":"CommentAction","name":"Comment","target":["https:\/\/now-news.de\/de\/deutschland\/australien-erste-ueberpruefung-der-einsatzbereitschaft-des-militaers-seit-zehn-jahren\/#respond"]}]},{"@type":"WebPage","@id":"https:\/\/now-news.de\/de\/deutschland\/australien-erste-ueberpruefung-der-einsatzbereitschaft-des-militaers-seit-zehn-jahren\/","url":"https:\/\/now-news.de\/de\/deutschland\/australien-erste-ueberpruefung-der-einsatzbereitschaft-des-militaers-seit-zehn-jahren\/","name":"Australien: erste \u00dcberpr\u00fcfung der Einsatzbereitschaft des Milit\u00e4rs seit zehn Jahren - just-now.NEWS Deutschland","isPartOf":{"@id":"https:\/\/now-news.de\/de\/#website"},"primaryImageOfPage":{"@id":"https:\/\/now-news.de\/de\/deutschland\/australien-erste-ueberpruefung-der-einsatzbereitschaft-des-militaers-seit-zehn-jahren\/#primaryimage"},"image":{"@id":"https:\/\/now-news.de\/de\/deutschland\/australien-erste-ueberpruefung-der-einsatzbereitschaft-des-militaers-seit-zehn-jahren\/#primaryimage"},"thumbnailUrl":"https:\/\/now-news.de\/de\/wp-content\/uploads\/sites\/3\/2022\/08\/Australien-erste-Ueberpruefung-der-Einsatzbereitschaft-des-Militaers-seit-zehn-Jahren.jpg","datePublished":"2022-08-03T14:53:54+00:00","breadcrumb":{"@id":"https:\/\/now-news.de\/de\/deutschland\/australien-erste-ueberpruefung-der-einsatzbereitschaft-des-militaers-seit-zehn-jahren\/#breadcrumb"},"inLanguage":"de","potentialAction":[{"@type":"ReadAction","target":["https:\/\/now-news.de\/de\/deutschland\/australien-erste-ueberpruefung-der-einsatzbereitschaft-des-militaers-seit-zehn-jahren\/"]}]},{"@type":"ImageObject","inLanguage":"de","@id":"https:\/\/now-news.de\/de\/deutschland\/australien-erste-ueberpruefung-der-einsatzbereitschaft-des-militaers-seit-zehn-jahren\/#primaryimage","url":"https:\/\/now-news.de\/de\/wp-content\/uploads\/sites\/3\/2022\/08\/Australien-erste-Ueberpruefung-der-Einsatzbereitschaft-des-Militaers-seit-zehn-Jahren.jpg","contentUrl":"https:\/\/now-news.de\/de\/wp-content\/uploads\/sites\/3\/2022\/08\/Australien-erste-Ueberpruefung-der-Einsatzbereitschaft-des-Militaers-seit-zehn-Jahren.jpg","width":460,"height":259,"caption":"Australien: erste \u00dcberpr\u00fcfung der Einsatzbereitschaft des Milit\u00e4rs seit zehn Jahren"},{"@type":"BreadcrumbList","@id":"https:\/\/now-news.de\/de\/deutschland\/australien-erste-ueberpruefung-der-einsatzbereitschaft-des-militaers-seit-zehn-jahren\/#breadcrumb","itemListElement":[{"@type":"ListItem","position":1,"name":"Home","item":"https:\/\/now-news.de\/de\/"},{"@type":"ListItem","position":2,"name":"Australien: erste \u00dcberpr\u00fcfung der Einsatzbereitschaft des Milit\u00e4rs seit zehn Jahren"}]},{"@type":"WebSite","@id":"https:\/\/now-news.de\/de\/#website","url":"https:\/\/now-news.de\/de\/","name":"just-now.NEWS Deutschland","description":"Das Portal f\u00fcr unzensierte Nachrichten aus der Welt","publisher":{"@id":"https:\/\/now-news.de\/de\/#organization"},"potentialAction":[{"@type":"SearchAction","target":{"@type":"EntryPoint","urlTemplate":"https:\/\/now-news.de\/de\/?s={search_term_string}"},"query-input":{"@type":"PropertyValueSpecification","valueRequired":true,"valueName":"search_term_string"}}],"inLanguage":"de"},{"@type":"Organization","@id":"https:\/\/now-news.de\/de\/#organization","name":"Just Now News","url":"https:\/\/now-news.de\/de\/","logo":{"@type":"ImageObject","inLanguage":"de","@id":"https:\/\/now-news.de\/de\/#\/schema\/logo\/image\/","url":"http:\/\/just-now.news\/de\/wp-content\/uploads\/sites\/3\/2022\/04\/logo500x500.jpg","contentUrl":"http:\/\/just-now.news\/de\/wp-content\/uploads\/sites\/3\/2022\/04\/logo500x500.jpg","width":500,"height":500,"caption":"Just Now News"},"image":{"@id":"https:\/\/now-news.de\/de\/#\/schema\/logo\/image\/"},"sameAs":["https:\/\/www.facebook.com\/wirmachenauf","https:\/\/x.com\/WirMachenAuf_de"]},{"@type":"Person","@id":"https:\/\/now-news.de\/de\/#\/schema\/person\/fb534a4e865501d8b3285208df34a9b5","name":"rtnews","image":{"@type":"ImageObject","inLanguage":"de","@id":"https:\/\/secure.gravatar.com\/avatar\/358fe31b3ab5769fea05376e1953329834cd9912cf9daf607e2af3076a1b982b?s=96&d=mm&r=g","url":"https:\/\/secure.gravatar.com\/avatar\/358fe31b3ab5769fea05376e1953329834cd9912cf9daf607e2af3076a1b982b?s=96&d=mm&r=g","contentUrl":"https:\/\/secure.gravatar.com\/avatar\/358fe31b3ab5769fea05376e1953329834cd9912cf9daf607e2af3076a1b982b?s=96&d=mm&r=g","caption":"rtnews"},"url":"https:\/\/now-news.de\/de\/author\/rnews\/"}]}},"_links":{"self":[{"href":"https:\/\/now-news.de\/de\/wp-json\/wp\/v2\/posts\/15942","targetHints":{"allow":["GET"]}}],"collection":[{"href":"https:\/\/now-news.de\/de\/wp-json\/wp\/v2\/posts"}],"about":[{"href":"https:\/\/now-news.de\/de\/wp-json\/wp\/v2\/types\/post"}],"author":[{"embeddable":true,"href":"https:\/\/now-news.de\/de\/wp-json\/wp\/v2\/users\/3"}],"replies":[{"embeddable":true,"href":"https:\/\/now-news.de\/de\/wp-json\/wp\/v2\/comments?post=15942"}],"version-history":[{"count":0,"href":"https:\/\/now-news.de\/de\/wp-json\/wp\/v2\/posts\/15942\/revisions"}],"wp:featuredmedia":[{"embeddable":true,"href":"https:\/\/now-news.de\/de\/wp-json\/wp\/v2\/media\/15943"}],"wp:attachment":[{"href":"https:\/\/now-news.de\/de\/wp-json\/wp\/v2\/media?parent=15942"}],"wp:term":[{"taxonomy":"category","embeddable":true,"href":"https:\/\/now-news.de\/de\/wp-json\/wp\/v2\/categories?post=15942"},{"taxonomy":"post_tag","embeddable":true,"href":"https:\/\/now-news.de\/de\/wp-json\/wp\/v2\/tags?post=15942"}],"curies":[{"name":"wp","href":"https:\/\/api.w.org\/{rel}","templated":true}]}}