{"id":15864,"date":"2022-08-02T22:42:33","date_gmt":"2022-08-02T20:42:33","guid":{"rendered":"http:\/\/just-now.news\/de\/deutschland\/ungarns-premierminister-viktor-orban-bruessel-ist-nicht-unser-%d1%81hef\/"},"modified":"2022-08-02T22:42:33","modified_gmt":"2022-08-02T20:42:33","slug":"ungarns-premierminister-viktor-orban-bruessel-ist-nicht-unser-%d1%81hef","status":"publish","type":"post","link":"https:\/\/now-news.de\/de\/deutschland\/ungarns-premierminister-viktor-orban-bruessel-ist-nicht-unser-%d1%81hef\/","title":{"rendered":"Ungarns Premierminister Viktor Orb\u00e1n: Br\u00fcssel ist nicht unser \u0421hef"},"content":{"rendered":"<p><img decoding=\"async\" src=\"http:\/\/just-now.news\/de\/wp-content\/uploads\/sites\/3\/2022\/08\/62e98b9bb480cc08b429c5f6.jpg\" \/><\/p>\n<div class=\"Text-root Text-type_1 \">\n                Nach Ansicht des ungarischen Ministerpr\u00e4sidenten Viktor Orb\u00e1n sei die europ\u00e4ische Einheit nicht etwas, dem die Mitgliedstaaten folgen, sondern etwas, das sie selbst schaffen. Orb\u00e1n unterstrich, dass Br\u00fcssel nicht der Chef von Budapest sei.\n            <\/div>\n<p><\/p>\n<div class=\"Text-root Text-type_5 ArticleView-text ViewText-root \">\n<p>Viktor Orb\u00e1n hat sich am Montag in einem Facebook-Post \u00fcber die gemeinsame Entscheidungsfindung der EU ge\u00e4u\u00dfert. Der ungarische Ministerpr\u00e4sident erinnerte daran, dass die EU-Mitgliedstaaten der europ\u00e4ischen Einheit nicht folgen, sondern die Union selbst schaffen:<\/p>\n<blockquote>\n<p><em>&#8220;Die Europ\u00e4ische Union ist nicht in Br\u00fcssel. Die Europ\u00e4ische Union ist in Wien, Budapest und Warschau, Berlin und Madrid.&#8221;<\/em><\/p>\n<\/blockquote>\n<p>Orb\u00e1n schrieb auf seiner Facebook-Seite, er wolle sich nicht mit anderen Mitgliedsstaaten &#8220;anlegen&#8221;, wenn beispielsweise \u00fcber Sanktionen debattiert werde, sondern &#8220;unsere eigene Meinung zu einer gemeinsamen europ\u00e4ischen Entscheidung beitragen&#8221;. Weiter hie\u00df es:<\/p>\n<blockquote>\n<p><em>&#8220;Deshalb sind wir an jeder Entscheidung beteiligt; wir geben immer unsere Stellungnahme ab. Und wenn eine Position auftaucht, mit der wir nicht einverstanden sind, werden wir das deutlich machen.&#8221;<\/em><\/p>\n<\/blockquote>\n<p>Vor diesem Hintergrund unterstrich der hochrangige Politiker, dass Br\u00fcssel nicht der Chef von Ungarn sei und dass das Land weiterhin seinen eigenen Standpunkt verteidigen werde, wenn es um gesamteurop\u00e4ische L\u00f6sungen gehe:<\/p>\n<blockquote>\n<p><em>&#8220;Br\u00fcssel ist nicht unser Chef. Wir sind eine unabh\u00e4ngige, souver\u00e4ne ungarische Nation.&#8221;<\/em><\/p>\n<\/blockquote>\n<p>In den letzten Wochen machte Viktor Orb\u00e1n mit seinen unverbl\u00fcmten \u00c4u\u00dferungen, in denen er die Politik des Westens kritisierte, weitgehend Schlagzeilen. Der Premierminister verp\u00f6nte bei einem Treffen mit dem \u00f6sterreichischen Bundeskanzler Karl Nehammer in Wien die Unterst\u00fctzung der NATO f\u00fcr Kiew. Auf einer Pressekonferenz brachte der Politiker zum Ausdruck:<\/p>\n<blockquote>\n<p><em>&#8220;Die ungarische Einsch\u00e4tzung ist, dass das Konzept, dass die NATO die Ukraine mit Waffen und der Ausbildung von Offizieren unterst\u00fctzt und die Ukrainer gegen die Russen k\u00e4mpfen, eine Konstruktion ist, die nachweislich nicht zum ukrainischen Sieg f\u00fchrt.&#8221;<\/em><\/p>\n<\/blockquote>\n<p>Das Europ\u00e4ische Parlament konnte keine Sanktionen gegen den russischen Patriarchen Kirill und das russische \u00d6l verh\u00e4ngen, weil Ungarn der Entscheidung in den vergangenen Monaten nicht zugestimmt hatte. Die ungarischen Beh\u00f6rden lehnen auch den Verzicht auf russisches Gas ab. Nach Ansicht des Premierministers des Landes w\u00fcrde dies die europ\u00e4ische Wirtschaft zerst\u00f6ren. Der Schwerpunkt sollte auf einer friedlichen L\u00f6sung des Konflikts liegen und nicht auf einer Versch\u00e4rfung der nicht funktionierenden Restriktionen gegen\u00fcber Moskau, so Viktor Orb\u00e1n.<\/p>\n<p><strong>Mehr zum Thema<\/strong> &#8211; <a rel=\"nofollow noopener\" target=\"_blank\" href=\"https:\/\/de.rt.com\/meinung\/144927-risse-der-eu-trotz-aller-bekenntnisse-zur-solidaritaet\/\">Trotz Bekenntnis zur Solidarit\u00e4t zeitigt der Druck bereits Risse in der EU-Fassade<\/a><\/p>\n<\/div>\n<p><br \/>\n<br \/><a href=\"https:\/\/de.rt.com\/europa\/145094-ungarns-premierminister-viktor-orban-brussel\/\">Source link <\/a><\/p>\n","protected":false},"excerpt":{"rendered":"<p>Nach Ansicht des ungarischen Ministerpr\u00e4sidenten Viktor Orb\u00e1n sei die europ\u00e4ische Einheit nicht etwas, dem die Mitgliedstaaten folgen, sondern etwas, das sie selbst schaffen. Orb\u00e1n unterstrich, dass Br\u00fcssel nicht der Chef von Budapest sei. Viktor Orb\u00e1n hat sich am Montag in einem Facebook-Post \u00fcber die gemeinsame Entscheidungsfindung der EU ge\u00e4u\u00dfert. Der ungarische Ministerpr\u00e4sident erinnerte daran, dass [&hellip;]<\/p>\n","protected":false},"author":3,"featured_media":15865,"comment_status":"open","ping_status":"open","sticky":false,"template":"","format":"standard","meta":{"wp_automatic_camp":["217"],"9db3692fca8a778f53bd72020ce8a89a":["Ungarns Premierminister Viktor Orb\u00e1n: Br\u00fcssel ist nicht unser \u0421hef"],"original_link":["https:\/\/de.rt.com\/europa\/145094-ungarns-premierminister-viktor-orban-brussel\/"],"_thumbnail_id":["15865"],"_wptg_p2tg_sent2tg":["2022-08-02 22:48:23"],"jnews_social_counter_last_update":["1777330104"]},"categories":[19,23],"tags":[17026,414,800,6397,416,27176,24970,29570,30089],"yoast_head":"<!-- This site is optimized with the Yoast SEO Premium plugin v22.7 (Yoast SEO v22.7) - https:\/\/yoast.com\/wordpress\/plugins\/seo\/ -->\n<title>Ungarns Premierminister Viktor Orb\u00e1n: Br\u00fcssel ist nicht unser \u0421hef - just-now.NEWS Deutschland<\/title>\n<meta name=\"robots\" content=\"index, follow, max-snippet:-1, max-image-preview:large, max-video-preview:-1\" \/>\n<link rel=\"canonical\" href=\"https:\/\/now-news.de\/de\/deutschland\/ungarns-premierminister-viktor-orban-bruessel-ist-nicht-unser-\u0441hef\/\" \/>\n<meta property=\"og:locale\" content=\"de_DE\" \/>\n<meta property=\"og:type\" content=\"article\" \/>\n<meta property=\"og:title\" content=\"Ungarns Premierminister Viktor Orb\u00e1n: Br\u00fcssel ist nicht unser \u0421hef\" \/>\n<meta property=\"og:description\" content=\"Nach Ansicht des ungarischen Ministerpr\u00e4sidenten Viktor Orb\u00e1n sei die europ\u00e4ische Einheit nicht etwas, dem die Mitgliedstaaten folgen, sondern etwas, das sie selbst schaffen. Orb\u00e1n unterstrich, dass Br\u00fcssel nicht der Chef von Budapest sei. Viktor Orb\u00e1n hat sich am Montag in einem Facebook-Post \u00fcber die gemeinsame Entscheidungsfindung der EU ge\u00e4u\u00dfert. Der ungarische Ministerpr\u00e4sident erinnerte daran, dass [&hellip;]\" \/>\n<meta property=\"og:url\" content=\"https:\/\/now-news.de\/de\/deutschland\/ungarns-premierminister-viktor-orban-bruessel-ist-nicht-unser-\u0441hef\/\" \/>\n<meta property=\"og:site_name\" content=\"just-now.NEWS Deutschland\" \/>\n<meta property=\"article:publisher\" content=\"https:\/\/www.facebook.com\/wirmachenauf\" \/>\n<meta property=\"article:published_time\" content=\"2022-08-02T20:42:33+00:00\" \/>\n<meta property=\"og:image\" content=\"https:\/\/now-news.de\/de\/wp-content\/uploads\/sites\/3\/2022\/08\/Ungarns-Premierminister-Viktor-Orban-Bruessel-ist-nicht-unser-\u0421hef.jpg\" \/>\n\t<meta property=\"og:image:width\" content=\"460\" \/>\n\t<meta property=\"og:image:height\" content=\"259\" \/>\n\t<meta property=\"og:image:type\" content=\"image\/jpeg\" \/>\n<meta name=\"author\" content=\"rtnews\" \/>\n<meta name=\"twitter:card\" content=\"summary_large_image\" \/>\n<meta name=\"twitter:creator\" content=\"@WirMachenAuf_de\" \/>\n<meta name=\"twitter:site\" content=\"@WirMachenAuf_de\" \/>\n<meta name=\"twitter:label1\" content=\"Verfasst von\" \/>\n\t<meta name=\"twitter:data1\" content=\"rtnews\" \/>\n\t<meta name=\"twitter:label2\" content=\"Gesch\u00e4tzte Lesezeit\" \/>\n\t<meta name=\"twitter:data2\" content=\"2\u00a0Minuten\" \/>\n<script type=\"application\/ld+json\" class=\"yoast-schema-graph\">{\"@context\":\"https:\/\/schema.org\",\"@graph\":[{\"@type\":\"Article\",\"@id\":\"https:\/\/now-news.de\/de\/deutschland\/ungarns-premierminister-viktor-orban-bruessel-ist-nicht-unser-%d1%81hef\/#article\",\"isPartOf\":{\"@id\":\"https:\/\/now-news.de\/de\/deutschland\/ungarns-premierminister-viktor-orban-bruessel-ist-nicht-unser-%d1%81hef\/\"},\"author\":{\"name\":\"rtnews\",\"@id\":\"https:\/\/now-news.de\/de\/#\/schema\/person\/fb534a4e865501d8b3285208df34a9b5\"},\"headline\":\"Ungarns Premierminister Viktor Orb\u00e1n: Br\u00fcssel ist nicht unser \u0421hef\",\"datePublished\":\"2022-08-02T20:42:33+00:00\",\"dateModified\":\"2022-08-02T20:42:33+00:00\",\"mainEntityOfPage\":{\"@id\":\"https:\/\/now-news.de\/de\/deutschland\/ungarns-premierminister-viktor-orban-bruessel-ist-nicht-unser-%d1%81hef\/\"},\"wordCount\":422,\"commentCount\":0,\"publisher\":{\"@id\":\"https:\/\/now-news.de\/de\/#organization\"},\"image\":{\"@id\":\"https:\/\/now-news.de\/de\/deutschland\/ungarns-premierminister-viktor-orban-bruessel-ist-nicht-unser-%d1%81hef\/#primaryimage\"},\"thumbnailUrl\":\"https:\/\/now-news.de\/de\/wp-content\/uploads\/sites\/3\/2022\/08\/Ungarns-Premierminister-Viktor-Orban-Bruessel-ist-nicht-unser-\u0421hef.jpg\",\"keywords\":[\"Br\u00fcssel\",\"ist\",\"nicht\",\"Orb\u00e1n\",\"Premierminister\",\"Ungarns\",\"unser\",\"Viktor\",\"\u0421hef\"],\"articleSection\":[\"Deutschland\",\"Russland\"],\"inLanguage\":\"de\",\"potentialAction\":[{\"@type\":\"CommentAction\",\"name\":\"Comment\",\"target\":[\"https:\/\/now-news.de\/de\/deutschland\/ungarns-premierminister-viktor-orban-bruessel-ist-nicht-unser-%d1%81hef\/#respond\"]}]},{\"@type\":\"WebPage\",\"@id\":\"https:\/\/now-news.de\/de\/deutschland\/ungarns-premierminister-viktor-orban-bruessel-ist-nicht-unser-%d1%81hef\/\",\"url\":\"https:\/\/now-news.de\/de\/deutschland\/ungarns-premierminister-viktor-orban-bruessel-ist-nicht-unser-%d1%81hef\/\",\"name\":\"Ungarns Premierminister Viktor Orb\u00e1n: Br\u00fcssel ist nicht unser \u0421hef - just-now.NEWS Deutschland\",\"isPartOf\":{\"@id\":\"https:\/\/now-news.de\/de\/#website\"},\"primaryImageOfPage\":{\"@id\":\"https:\/\/now-news.de\/de\/deutschland\/ungarns-premierminister-viktor-orban-bruessel-ist-nicht-unser-%d1%81hef\/#primaryimage\"},\"image\":{\"@id\":\"https:\/\/now-news.de\/de\/deutschland\/ungarns-premierminister-viktor-orban-bruessel-ist-nicht-unser-%d1%81hef\/#primaryimage\"},\"thumbnailUrl\":\"https:\/\/now-news.de\/de\/wp-content\/uploads\/sites\/3\/2022\/08\/Ungarns-Premierminister-Viktor-Orban-Bruessel-ist-nicht-unser-\u0421hef.jpg\",\"datePublished\":\"2022-08-02T20:42:33+00:00\",\"dateModified\":\"2022-08-02T20:42:33+00:00\",\"breadcrumb\":{\"@id\":\"https:\/\/now-news.de\/de\/deutschland\/ungarns-premierminister-viktor-orban-bruessel-ist-nicht-unser-%d1%81hef\/#breadcrumb\"},\"inLanguage\":\"de\",\"potentialAction\":[{\"@type\":\"ReadAction\",\"target\":[\"https:\/\/now-news.de\/de\/deutschland\/ungarns-premierminister-viktor-orban-bruessel-ist-nicht-unser-%d1%81hef\/\"]}]},{\"@type\":\"ImageObject\",\"inLanguage\":\"de\",\"@id\":\"https:\/\/now-news.de\/de\/deutschland\/ungarns-premierminister-viktor-orban-bruessel-ist-nicht-unser-%d1%81hef\/#primaryimage\",\"url\":\"https:\/\/now-news.de\/de\/wp-content\/uploads\/sites\/3\/2022\/08\/Ungarns-Premierminister-Viktor-Orban-Bruessel-ist-nicht-unser-\u0421hef.jpg\",\"contentUrl\":\"https:\/\/now-news.de\/de\/wp-content\/uploads\/sites\/3\/2022\/08\/Ungarns-Premierminister-Viktor-Orban-Bruessel-ist-nicht-unser-\u0421hef.jpg\",\"width\":460,\"height\":259,\"caption\":\"Ungarns Premierminister Viktor Orb\u00e1n: Br\u00fcssel ist nicht unser \u0421hef\"},{\"@type\":\"BreadcrumbList\",\"@id\":\"https:\/\/now-news.de\/de\/deutschland\/ungarns-premierminister-viktor-orban-bruessel-ist-nicht-unser-%d1%81hef\/#breadcrumb\",\"itemListElement\":[{\"@type\":\"ListItem\",\"position\":1,\"name\":\"Home\",\"item\":\"https:\/\/now-news.de\/de\/\"},{\"@type\":\"ListItem\",\"position\":2,\"name\":\"Ungarns Premierminister Viktor Orb\u00e1n: Br\u00fcssel ist nicht unser \u0421hef\"}]},{\"@type\":\"WebSite\",\"@id\":\"https:\/\/now-news.de\/de\/#website\",\"url\":\"https:\/\/now-news.de\/de\/\",\"name\":\"just-now.NEWS Deutschland\",\"description\":\"Das Portal f\u00fcr unzensierte Nachrichten aus der Welt\",\"publisher\":{\"@id\":\"https:\/\/now-news.de\/de\/#organization\"},\"potentialAction\":[{\"@type\":\"SearchAction\",\"target\":{\"@type\":\"EntryPoint\",\"urlTemplate\":\"https:\/\/now-news.de\/de\/?s={search_term_string}\"},\"query-input\":\"required name=search_term_string\"}],\"inLanguage\":\"de\"},{\"@type\":\"Organization\",\"@id\":\"https:\/\/now-news.de\/de\/#organization\",\"name\":\"Just Now News\",\"url\":\"https:\/\/now-news.de\/de\/\",\"logo\":{\"@type\":\"ImageObject\",\"inLanguage\":\"de\",\"@id\":\"https:\/\/now-news.de\/de\/#\/schema\/logo\/image\/\",\"url\":\"http:\/\/just-now.news\/de\/wp-content\/uploads\/sites\/3\/2022\/04\/logo500x500.jpg\",\"contentUrl\":\"http:\/\/just-now.news\/de\/wp-content\/uploads\/sites\/3\/2022\/04\/logo500x500.jpg\",\"width\":500,\"height\":500,\"caption\":\"Just Now News\"},\"image\":{\"@id\":\"https:\/\/now-news.de\/de\/#\/schema\/logo\/image\/\"},\"sameAs\":[\"https:\/\/www.facebook.com\/wirmachenauf\",\"https:\/\/x.com\/WirMachenAuf_de\"]},{\"@type\":\"Person\",\"@id\":\"https:\/\/now-news.de\/de\/#\/schema\/person\/fb534a4e865501d8b3285208df34a9b5\",\"name\":\"rtnews\",\"image\":{\"@type\":\"ImageObject\",\"inLanguage\":\"de\",\"@id\":\"https:\/\/now-news.de\/de\/#\/schema\/person\/image\/\",\"url\":\"https:\/\/secure.gravatar.com\/avatar\/82aafea7d8127119dd649515f56e2117?s=96&d=mm&r=g\",\"contentUrl\":\"https:\/\/secure.gravatar.com\/avatar\/82aafea7d8127119dd649515f56e2117?s=96&d=mm&r=g\",\"caption\":\"rtnews\"},\"url\":\"https:\/\/now-news.de\/de\/author\/rnews\/\"}]}<\/script>\n<!-- \/ Yoast SEO Premium plugin. -->","yoast_head_json":{"title":"Ungarns Premierminister Viktor Orb\u00e1n: Br\u00fcssel ist nicht unser \u0421hef - just-now.NEWS Deutschland","robots":{"index":"index","follow":"follow","max-snippet":"max-snippet:-1","max-image-preview":"max-image-preview:large","max-video-preview":"max-video-preview:-1"},"canonical":"https:\/\/now-news.de\/de\/deutschland\/ungarns-premierminister-viktor-orban-bruessel-ist-nicht-unser-\u0441hef\/","og_locale":"de_DE","og_type":"article","og_title":"Ungarns Premierminister Viktor Orb\u00e1n: Br\u00fcssel ist nicht unser \u0421hef","og_description":"Nach Ansicht des ungarischen Ministerpr\u00e4sidenten Viktor Orb\u00e1n sei die europ\u00e4ische Einheit nicht etwas, dem die Mitgliedstaaten folgen, sondern etwas, das sie selbst schaffen. Orb\u00e1n unterstrich, dass Br\u00fcssel nicht der Chef von Budapest sei. Viktor Orb\u00e1n hat sich am Montag in einem Facebook-Post \u00fcber die gemeinsame Entscheidungsfindung der EU ge\u00e4u\u00dfert. Der ungarische Ministerpr\u00e4sident erinnerte daran, dass [&hellip;]","og_url":"https:\/\/now-news.de\/de\/deutschland\/ungarns-premierminister-viktor-orban-bruessel-ist-nicht-unser-\u0441hef\/","og_site_name":"just-now.NEWS Deutschland","article_publisher":"https:\/\/www.facebook.com\/wirmachenauf","article_published_time":"2022-08-02T20:42:33+00:00","og_image":[{"width":460,"height":259,"url":"https:\/\/now-news.de\/de\/wp-content\/uploads\/sites\/3\/2022\/08\/Ungarns-Premierminister-Viktor-Orban-Bruessel-ist-nicht-unser-\u0421hef.jpg","type":"image\/jpeg"}],"author":"rtnews","twitter_card":"summary_large_image","twitter_creator":"@WirMachenAuf_de","twitter_site":"@WirMachenAuf_de","twitter_misc":{"Verfasst von":"rtnews","Gesch\u00e4tzte Lesezeit":"2\u00a0Minuten"},"schema":{"@context":"https:\/\/schema.org","@graph":[{"@type":"Article","@id":"https:\/\/now-news.de\/de\/deutschland\/ungarns-premierminister-viktor-orban-bruessel-ist-nicht-unser-%d1%81hef\/#article","isPartOf":{"@id":"https:\/\/now-news.de\/de\/deutschland\/ungarns-premierminister-viktor-orban-bruessel-ist-nicht-unser-%d1%81hef\/"},"author":{"name":"rtnews","@id":"https:\/\/now-news.de\/de\/#\/schema\/person\/fb534a4e865501d8b3285208df34a9b5"},"headline":"Ungarns Premierminister Viktor Orb\u00e1n: Br\u00fcssel ist nicht unser \u0421hef","datePublished":"2022-08-02T20:42:33+00:00","dateModified":"2022-08-02T20:42:33+00:00","mainEntityOfPage":{"@id":"https:\/\/now-news.de\/de\/deutschland\/ungarns-premierminister-viktor-orban-bruessel-ist-nicht-unser-%d1%81hef\/"},"wordCount":422,"commentCount":0,"publisher":{"@id":"https:\/\/now-news.de\/de\/#organization"},"image":{"@id":"https:\/\/now-news.de\/de\/deutschland\/ungarns-premierminister-viktor-orban-bruessel-ist-nicht-unser-%d1%81hef\/#primaryimage"},"thumbnailUrl":"https:\/\/now-news.de\/de\/wp-content\/uploads\/sites\/3\/2022\/08\/Ungarns-Premierminister-Viktor-Orban-Bruessel-ist-nicht-unser-\u0421hef.jpg","keywords":["Br\u00fcssel","ist","nicht","Orb\u00e1n","Premierminister","Ungarns","unser","Viktor","\u0421hef"],"articleSection":["Deutschland","Russland"],"inLanguage":"de","potentialAction":[{"@type":"CommentAction","name":"Comment","target":["https:\/\/now-news.de\/de\/deutschland\/ungarns-premierminister-viktor-orban-bruessel-ist-nicht-unser-%d1%81hef\/#respond"]}]},{"@type":"WebPage","@id":"https:\/\/now-news.de\/de\/deutschland\/ungarns-premierminister-viktor-orban-bruessel-ist-nicht-unser-%d1%81hef\/","url":"https:\/\/now-news.de\/de\/deutschland\/ungarns-premierminister-viktor-orban-bruessel-ist-nicht-unser-%d1%81hef\/","name":"Ungarns Premierminister Viktor Orb\u00e1n: Br\u00fcssel ist nicht unser \u0421hef - just-now.NEWS Deutschland","isPartOf":{"@id":"https:\/\/now-news.de\/de\/#website"},"primaryImageOfPage":{"@id":"https:\/\/now-news.de\/de\/deutschland\/ungarns-premierminister-viktor-orban-bruessel-ist-nicht-unser-%d1%81hef\/#primaryimage"},"image":{"@id":"https:\/\/now-news.de\/de\/deutschland\/ungarns-premierminister-viktor-orban-bruessel-ist-nicht-unser-%d1%81hef\/#primaryimage"},"thumbnailUrl":"https:\/\/now-news.de\/de\/wp-content\/uploads\/sites\/3\/2022\/08\/Ungarns-Premierminister-Viktor-Orban-Bruessel-ist-nicht-unser-\u0421hef.jpg","datePublished":"2022-08-02T20:42:33+00:00","dateModified":"2022-08-02T20:42:33+00:00","breadcrumb":{"@id":"https:\/\/now-news.de\/de\/deutschland\/ungarns-premierminister-viktor-orban-bruessel-ist-nicht-unser-%d1%81hef\/#breadcrumb"},"inLanguage":"de","potentialAction":[{"@type":"ReadAction","target":["https:\/\/now-news.de\/de\/deutschland\/ungarns-premierminister-viktor-orban-bruessel-ist-nicht-unser-%d1%81hef\/"]}]},{"@type":"ImageObject","inLanguage":"de","@id":"https:\/\/now-news.de\/de\/deutschland\/ungarns-premierminister-viktor-orban-bruessel-ist-nicht-unser-%d1%81hef\/#primaryimage","url":"https:\/\/now-news.de\/de\/wp-content\/uploads\/sites\/3\/2022\/08\/Ungarns-Premierminister-Viktor-Orban-Bruessel-ist-nicht-unser-\u0421hef.jpg","contentUrl":"https:\/\/now-news.de\/de\/wp-content\/uploads\/sites\/3\/2022\/08\/Ungarns-Premierminister-Viktor-Orban-Bruessel-ist-nicht-unser-\u0421hef.jpg","width":460,"height":259,"caption":"Ungarns Premierminister Viktor Orb\u00e1n: Br\u00fcssel ist nicht unser \u0421hef"},{"@type":"BreadcrumbList","@id":"https:\/\/now-news.de\/de\/deutschland\/ungarns-premierminister-viktor-orban-bruessel-ist-nicht-unser-%d1%81hef\/#breadcrumb","itemListElement":[{"@type":"ListItem","position":1,"name":"Home","item":"https:\/\/now-news.de\/de\/"},{"@type":"ListItem","position":2,"name":"Ungarns Premierminister Viktor Orb\u00e1n: Br\u00fcssel ist nicht unser \u0421hef"}]},{"@type":"WebSite","@id":"https:\/\/now-news.de\/de\/#website","url":"https:\/\/now-news.de\/de\/","name":"just-now.NEWS Deutschland","description":"Das Portal f\u00fcr unzensierte Nachrichten aus der Welt","publisher":{"@id":"https:\/\/now-news.de\/de\/#organization"},"potentialAction":[{"@type":"SearchAction","target":{"@type":"EntryPoint","urlTemplate":"https:\/\/now-news.de\/de\/?s={search_term_string}"},"query-input":"required name=search_term_string"}],"inLanguage":"de"},{"@type":"Organization","@id":"https:\/\/now-news.de\/de\/#organization","name":"Just Now News","url":"https:\/\/now-news.de\/de\/","logo":{"@type":"ImageObject","inLanguage":"de","@id":"https:\/\/now-news.de\/de\/#\/schema\/logo\/image\/","url":"http:\/\/just-now.news\/de\/wp-content\/uploads\/sites\/3\/2022\/04\/logo500x500.jpg","contentUrl":"http:\/\/just-now.news\/de\/wp-content\/uploads\/sites\/3\/2022\/04\/logo500x500.jpg","width":500,"height":500,"caption":"Just Now News"},"image":{"@id":"https:\/\/now-news.de\/de\/#\/schema\/logo\/image\/"},"sameAs":["https:\/\/www.facebook.com\/wirmachenauf","https:\/\/x.com\/WirMachenAuf_de"]},{"@type":"Person","@id":"https:\/\/now-news.de\/de\/#\/schema\/person\/fb534a4e865501d8b3285208df34a9b5","name":"rtnews","image":{"@type":"ImageObject","inLanguage":"de","@id":"https:\/\/now-news.de\/de\/#\/schema\/person\/image\/","url":"https:\/\/secure.gravatar.com\/avatar\/82aafea7d8127119dd649515f56e2117?s=96&d=mm&r=g","contentUrl":"https:\/\/secure.gravatar.com\/avatar\/82aafea7d8127119dd649515f56e2117?s=96&d=mm&r=g","caption":"rtnews"},"url":"https:\/\/now-news.de\/de\/author\/rnews\/"}]}},"_links":{"self":[{"href":"https:\/\/now-news.de\/de\/wp-json\/wp\/v2\/posts\/15864"}],"collection":[{"href":"https:\/\/now-news.de\/de\/wp-json\/wp\/v2\/posts"}],"about":[{"href":"https:\/\/now-news.de\/de\/wp-json\/wp\/v2\/types\/post"}],"author":[{"embeddable":true,"href":"https:\/\/now-news.de\/de\/wp-json\/wp\/v2\/users\/3"}],"replies":[{"embeddable":true,"href":"https:\/\/now-news.de\/de\/wp-json\/wp\/v2\/comments?post=15864"}],"version-history":[{"count":0,"href":"https:\/\/now-news.de\/de\/wp-json\/wp\/v2\/posts\/15864\/revisions"}],"wp:featuredmedia":[{"embeddable":true,"href":"https:\/\/now-news.de\/de\/wp-json\/wp\/v2\/media\/15865"}],"wp:attachment":[{"href":"https:\/\/now-news.de\/de\/wp-json\/wp\/v2\/media?parent=15864"}],"wp:term":[{"taxonomy":"category","embeddable":true,"href":"https:\/\/now-news.de\/de\/wp-json\/wp\/v2\/categories?post=15864"},{"taxonomy":"post_tag","embeddable":true,"href":"https:\/\/now-news.de\/de\/wp-json\/wp\/v2\/tags?post=15864"}],"curies":[{"name":"wp","href":"https:\/\/api.w.org\/{rel}","templated":true}]}}