{"id":15812,"date":"2022-08-02T15:28:30","date_gmt":"2022-08-02T13:28:30","guid":{"rendered":"http:\/\/just-now.news\/de\/deutschland\/werden-wir-regiert-oder-ruiniert-luegt-der-vizekanzler-habeck-der-den-usa-fuehrend-dienen-will\/"},"modified":"2022-08-02T15:28:30","modified_gmt":"2022-08-02T13:28:30","slug":"werden-wir-regiert-oder-ruiniert-luegt-der-vizekanzler-habeck-der-den-usa-fuehrend-dienen-will","status":"publish","type":"post","link":"https:\/\/now-news.de\/de\/deutschland\/werden-wir-regiert-oder-ruiniert-luegt-der-vizekanzler-habeck-der-den-usa-fuehrend-dienen-will\/","title":{"rendered":"Werden wir regiert oder ruiniert? L\u00fcgt der Vizekanzler Habeck, der den USA &quot;f\u00fchrend dienen&quot; will?"},"content":{"rendered":"<p><img decoding=\"async\" src=\"http:\/\/just-now.news\/de\/wp-content\/uploads\/sites\/3\/2022\/08\/62e922f848fbef036322af64.jpg\" \/><\/p>\n<p>Die US-Gro\u00dfbank Goldman Sachs warnte bereits im September 2021 vor einer Energiekrise in Europa. Bereits im letzten Jahr explodierten die Preise f\u00fcr Gas und Strom, und in dieser ohnehin bedrohlichen Situation meinen Vizekanzler Habeck, Au\u00dfenministerin Baerbock und Bundeskanzler Scholz, ihre v\u00f6llig erschlafften Muskeln spielen lassen zu k\u00f6nnen.<\/p>\n<p><strong>Habeck im heute-journal vom 30.03.2022<\/strong><\/p>\n<p>ab 10:22 bis &#8230; Wir sind quasi Kriegspartei als Wirtschafts-Kriegspartei.<\/p>\n<div class=\"EmbedBlock-root EmbedBlock-externalVideo EmbedBlock-youtube\">\n<div class=\"YouTubeEmbed lazyload\" data-rtmodule=\"YouTubeEmbed\" id=\"KUWRgo1yy9c\">\n<div class=\"YouTubeEmbed-cover\"><button class=\"YouTubeEmbed-button\"><\/button><\/div>\n<\/div><\/div>\n<p>Wer hat den Wirtschafts-Krieg erkl\u00e4rt? Und gleich vorab: Im Jahr 2017 und dann im Dezember 2019 <a rel=\"nofollow noopener\" target=\"_blank\" href=\"https:\/\/www.n-tv.de\/wirtschaft\/Energiekrise-bedroht-Europas-Wirtschaft-article22812178.html\">verh\u00e4ngte <\/a>noch die US-Regierung von Donald Trump Sanktionen gegen die Ostseepipeline Nord Stream mit dem Ziel eines Baustopps. <a rel=\"nofollow noopener\" target=\"_blank\" href=\"https:\/\/www.atlantik-bruecke.org\/die-sanktionsspirale-der-usa-gegen-nord-stream-2\/\">Nochmals<\/a> bereits im Dezember 2019. Es geht hier um Geopolitik, und die deutsche Regierung versagt. Aber trotz ihres Versagens d\u00fcrfen wir jetzt nicht verzagen.<\/p>\n<p>Noch am 8. M\u00e4rz 2022 behauptete der Vizekanzler Habeck: <strong><\/strong><\/p>\n<p><strong>Energie-Krise: Pressekonferenz mit Robert Habeck und Olaf Lies am 08.03.22<\/strong><\/p>\n<div class=\"EmbedBlock-root EmbedBlock-externalVideo EmbedBlock-youtube\">\n<div class=\"YouTubeEmbed lazyload\" data-rtmodule=\"YouTubeEmbed\" id=\"IEewbb_stfg\">\n<div class=\"YouTubeEmbed-cover\"><button class=\"YouTubeEmbed-button\"><\/button><\/div>\n<\/div><\/div>\n<p>08:37<\/p>\n<p>&#8220;Ich als Energie- und Wirtschaftsminister werde alles daf\u00fcr tun, die Versorgungssicherheit in Deutschland sicherzustellen und sicher zu halten, und alle Anstrengungen sind darauf gerichtet.&#8221;<\/p>\n<p>Man k\u00f6nnte \u00fcber dieses leere Versprechen lachen, wenn die Auswirkungen nicht so dramatisch w\u00e4ren. Ist es die Angst der Bundesregierung vor der Reaktion der eigenen Bev\u00f6lkerung auf die Wahrheit, die sie selbst \u2013 vorsichtig ausgedr\u00fcckt \u2013 nicht im Zentrum dieser Wahrheit stehen l\u00e4sst? Vorab: Die Gaspreise in Europa sind aktuell fast sieben Mal so hoch wie in den USA, wie wir im Skript zu diesem Podcast zeigen. Wir haben eine Energiekrise in Europa, aber nicht in den USA oder Asien. Erste Folgen erkennen wir: Die Gesch\u00e4ftserwartungen der chemischen Industrie in Deutschland waren im wiedervereinigten Deutschland nur im November 2008 zu Zeiten der gro\u00dfen Weltwirtschaftskrise geringf\u00fcgig schlechter als im Juli 2022. Wichtig ist dabei: Sehr dunkle Wolken ziehen am deutschen Konjunkturhimmel auf. Vizekanzler Habeck, lenken Sie bewusst ab, l\u00fcgen Sie uns an, t\u00e4uschen Sie uns bewusst? Sie sprachen von der &#8220;dienenden F\u00fchrungsrolle&#8221; Deutschlands bei ihrem Antrittsbesuch in der US-Hauptstadt Washington. An ihrem Dienen<\/p>\n<p>Und vorab noch ein Hinweis: Die Gr\u00fcnen selbst haben mit dem Ausstieg aus der Atomkraft den Erdgasverbrauch Deutschlands noch in die H\u00f6he getrieben. Der Erdgasverbrauch ist in Deutschland so hoch wie nie zuvor. In Frankreich hingegen sank er in den letzten Jahren auch dank Atomkraft (wie wir im Skript zum Podcast zeigen). W\u00e4hrend EU-Kommissionspr\u00e4sidentin von der Leyen die Ankunft\/Lieferung von Atomstrom aus der Ukraine feiert, mussten wir selbst Ende 2021 drei AKWs und sollen wir bislang Ende 2022 auch noch die letzten Atommeiler vom Netz nehmen. Die Tageszeitung <em>Die Welt\u00a0<\/em>\u00a0<a rel=\"nofollow noopener\" target=\"_blank\" href=\"https:\/\/www.welt.de\/politik\/deutschland\/plus239937287\/Atomkraftwerke-Energie-Manager-stellten-schnellere-Brennstab-Beschaffung-in-Aussicht.html?icid=search.product.onsitesearch\">berichtete<\/a> bereits am 21. Juli, dass Manager des US-Herstellers f\u00fcr Brennst\u00e4be namens Westinghouse gegen\u00fcber der Bundesregierung erkl\u00e4rt h\u00e4tten, man k\u00f6nne sogar bis Jahresende 2022 liefern. Aber die Bundesregierung habe daf\u00fcr keine weiteren Schritte unternommen. Die <em>Bild<\/em>-Zeitung listet f\u00fcnf L\u00fcgen \u00fcber die AKWs auf.<\/p>\n<p>Wenig sp\u00e4ter <a rel=\"nofollow noopener\" target=\"_blank\" href=\"https:\/\/www.bild.de\/politik\/inland\/politik-inland\/bild-entlarvt-die-5-atom-luegen-der-akw-gegner-80764974.bild.html\">\u00fcberf\u00fchrt<\/a> die <em>Bild<\/em>-Zeitung \u00fcberf\u00fchrt wenig die AKW-Gegner der L\u00fcge. Unter anderem werden Behauptungen wie &#8220;Deutschland hat kein Stromproblem, sondern ein W\u00e4rmeproblem!&#8221;, &#8220;Die Sicherheitschecks der AKW dauern viel zu lange!&#8221; oder &#8220;Neue Brennst\u00e4be sind nicht rechtzeitig da&#8221; als L\u00fcgen entlarvt.<\/p>\n<p>Und jetzt zu dem, was Vizekanzler Habeck noch am 8. M\u00e4rz 2022 sagte:<\/p>\n<p><strong>Energie-Krise: <a rel=\"nofollow noopener\" target=\"_blank\" href=\"https:\/\/youtu.be\/IEewbb_stfg\">Pressekonferenz<\/a> mit Robert Habeck und Olaf Lies am 08.03.22<\/strong><\/p>\n<p>07:15<\/p>\n<p>Habeck: &#8220;Die Sanktionen sind mit Absicht und mit Bedacht so gew\u00e4hlt worden, dass sie die russische Wirtschaft und das Regime Putin schwer treffen. Aber sie sind eben auch so gew\u00e4hlt worden, dass wir sie als Volkswirtschaft, als Nation lange durchhalten k\u00f6nnen. Unbedachtes Verhalten k\u00f6nnte genau zu dem Gegenteil f\u00fchren.&#8221;<\/p>\n<p>Genau Herr Habeck, das k\u00f6nnte passieren. Wir haben eine Energiekrise in Europa und nicht in den USA oder Asien. Sie wissen doch, dass die USA sogar Roh\u00f6l und Erdgas in die Welt exportieren. Wir Deutschen sind extrem abh\u00e4ngig. Wie kann dieser Mann unbehelligt tun, was er tut, obwohl er doch am 8. M\u00e4rz 2022 selbst noch sagte:<\/p>\n<p>15:37<\/p>\n<p>Habeck: &#8220;Alle amerikanischen Kollegen haben mir in den Gespr\u00e4chen versichert, wir sind in einer anderen Situation als Deutschland und Europa. Die USA ist ein \u00d6lexportland. Die russischen Importe machen 7,5 Prozent aus. Deutschland ist ein \u00d6limportland. Die russischen Importe machen 35 Prozent aus. Sie haben mir im Gespr\u00e4ch gesagt, dass wir das weder verlangen noch fordern werden, dass Deutschland das gleiche tut.&#8221;<\/p>\n<p>Aber Sie tun es dennoch, Herr Habeck, mit gravierenden Folgen.<\/p>\n<p>Angesichts der gegenw\u00e4rtigen Entwicklung erinnern wir Habeck an noch seine \u00c4u\u00dferung am 8. M\u00e4rz 2022:<\/p>\n<p>08:13<\/p>\n<p>Habeck: &#8220;Und wir werden diese Spielr\u00e4ume nutzen \u2013 sofern dann noch erforderlich \u2013, das russische Regime in die Enge zu treiben.&#8221;\u00a0\u00a0\u00a0\u00a0\u00a0<\/p>\n<p><strong>Welche Spielr\u00e4ume?<\/strong><\/p>\n<p>Am 31. M\u00e4rz 2022 behauptet Habeck bei Markus Lanz im <em>ZDF<\/em>:<\/p>\n<p>Markus Lanz: &#8220;Russisches Gas: Wer w\u00fcrde die Kosten beim Importstopp tragen?&#8221;<\/p>\n<div class=\"EmbedBlock-root EmbedBlock-externalVideo EmbedBlock-youtube\">\n<div class=\"YouTubeEmbed lazyload\" data-rtmodule=\"YouTubeEmbed\" id=\"dgV96jz3prY\">\n<div class=\"YouTubeEmbed-cover\"><button class=\"YouTubeEmbed-button\"><\/button><\/div>\n<\/div><\/div>\n<p>Habeck bei Minute 01:35<\/p>\n<p>&#8220;Wir m\u00fcssen es so tun, dass wir die Ma\u00dfnahmen lange durchhalten k\u00f6nnen. Dass wir uns nicht selbst st\u00e4rker schw\u00e4chen als die Ma\u00dfnahmen Putin schw\u00e4chen. Und so agieren.&#8221;<\/p>\n<p>Ach, &#8220;und so agieren&#8221; wir? Die westlichen Sanktionen haben \u00fcber die H\u00e4lfte der W\u00e4hrungsreserve Russlands geraubt. Jeder m\u00f6ge mal die aktuelle Sanktionsliste auf der Seite der Bundesregierung sichten. Ganz ehrlich, h\u00e4tte Putin Europa ins Chaos st\u00fcrzen wollen, h\u00e4tte er einfach als Reaktion sofort im M\u00e4rz den \u00d6l- und den Gashahn zugedreht. <a rel=\"nofollow noopener\" target=\"_blank\" href=\"https:\/\/www.bundesregierung.de\/breg-de\/themen\/krieg-in-der-ukraine\/eu-sanktionen-2007964\">Hat<\/a> er aber nicht. \u00a0<\/p>\n<p>Am 6. Juli 2022 <a rel=\"nofollow noopener\" target=\"_blank\" href=\"https:\/\/www.zdf.de\/gesellschaft\/markus-lanz\/markus-lanz-vom-6-juli-2022-100.html\">fragte<\/a> Markus Lanz Herrn Habeck etwas, und ich werde dies danach kommentieren:<\/p>\n<p>Ab Minute 51:08 bis 51.44<\/p>\n<p>Lanz: &#8220;Nur eine einzige Frage mit der Bitte, ob JA oder NEIN. Wenn Putin Ihnen einen schmutzigen Deal vorschl\u00e4gt am 21., 22. Juli und sagt: Ich schicke Euch weiter Gas, aber ich schicke es Euch nur \u00fcber Nord Stream 2. Was sagen Sie dann?&#8221;<\/p>\n<p>Habeck: &#8220;Nord Stream 2 ist nicht genehmigt und liegt unter den Sanktionen, auch den amerikanischen Sanktionen. Wenn das passiert, sind wir als politische Kraft gegen\u00fcber Putin gescheitert.&#8221;<\/p>\n<p>Was f\u00fcr ein US-Vasall? Ich sage es ganz deutlich: Die USA haben bereits seit 2017 und auch 2019 Sanktionen gegen Nord Stream 2 mit dem Ziel eines Baustopps verh\u00e4ngt.<\/p>\n<p>Aber Habeck hat ja auch selbst bereits 2016 genau das gesagt, was die US-Einfl\u00fcsterer von ihm zu h\u00f6ren w\u00fcnschten.<\/p>\n<p>Im Jahre 2016 wurde Robert Habeck gefragt: &#8220;Du triffst Wladimir Putin. Was sagst du ihm denn?&#8221; <br \/> Die folgende Stelle bitte diesem Video entnehmen ab Minute 00:25:<\/p>\n<p>Robert Habeck <a rel=\"nofollow noopener\" target=\"_blank\" href=\"https:\/\/www.stern.de\/politik\/robert-habeck--altes-video-zeigt--wie-er-klartext-in-richtung-putin-spricht-31779662.html\">gab<\/a> damals bereits eine klare Antwort: &#8220;Guten Tag Herr Putin, Sie kennen mich noch nicht. Ich bin gerade Spitzenkandidat meiner Partei geworden. Geben Sie uns noch zwei, drei Monate, dann regieren wir diese Republik und dann wird sich folgendes \u00e4ndern. Erstens: Wir werden Nord Stream nicht bauen und die Handelsbeziehungen des Gastransfers zu Russland sukzessive abbauen, weil wir ein Energiewendeland sind.&#8221;<\/p>\n<p>Tja, Habeck ist heute damit wohl am Ziel seiner Tr\u00e4ume ankommen, und nur f\u00fcr uns beginnt jetzt der Alptraum. Wachen wir endlich auf, bevor es zu sp\u00e4t ist.<\/p>\n<p>Ich fordere, dass wir Nord Stream 2 in Betrieb nehmen.\u00a0<\/p>\n<p>Schlie\u00dfen wir mit den Worten des gesch\u00e4tzten ehemaligen Ersten B\u00fcrgermeisters von Hamburg, Klaus von Dohnanyi (SPD):<\/p>\n<p><strong>12.05.2022: K\u00f6nnen nur die USA diesen Krieg beenden? Klaus von Dohnanyi im Gespr\u00e4ch | Maischberger<\/strong><\/p>\n<div class=\"EmbedBlock-root EmbedBlock-externalVideo EmbedBlock-youtube\">\n<div class=\"YouTubeEmbed lazyload\" data-rtmodule=\"YouTubeEmbed\" id=\"5N6dNhPLP_M\">\n<div class=\"YouTubeEmbed-cover\"><button class=\"YouTubeEmbed-button\"><\/button><\/div>\n<\/div><\/div>\n<p>1:07:<\/p>\n<p>Klaus von Dohnanyi: &#8220;Wenn selbst von amerikanischer oder von russischer Seite oder von neutraler Seite gesagt wird, es k\u00f6nnte ein Weltkrieg daraus entstehen, dann ist es das, was mich am meisten interessiert. Wir sind hier f\u00fcr Deutschland verantwortlich. Wir sind f\u00fcr die Unversehrtheit unseres Landes verantwortlich. Wir sind nicht verantwortlich f\u00fcr andere L\u00e4nder, sondern f\u00fcr uns. Und wir m\u00fcssen versuchen, unser Land zu sch\u00fctzen.&#8221;<\/p>\n<p><strong>Mehr zum Thema<\/strong> &#8211; <a rel=\"nofollow noopener\" target=\"_blank\" href=\"https:\/\/test.rtde.tech\/meinung\/144221-zwei-grune-auf-kriegspfad-nach\/\">Zwei Gr\u00fcne auf dem Kriegspfad \u2013 nach innen wie nach au\u00dfen<\/a><\/p>\n<p><br \/>\n<br \/><a href=\"https:\/\/de.rt.com\/meinung\/145038-werden-wir-regiert-oder-ruiniert\/\">Source link <\/a><\/p>\n","protected":false},"excerpt":{"rendered":"<p>Die US-Gro\u00dfbank Goldman Sachs warnte bereits im September 2021 vor einer Energiekrise in Europa. Bereits im letzten Jahr explodierten die Preise f\u00fcr Gas und Strom, und in dieser ohnehin bedrohlichen Situation meinen Vizekanzler Habeck, Au\u00dfenministerin Baerbock und Bundeskanzler Scholz, ihre v\u00f6llig erschlafften Muskeln spielen lassen zu k\u00f6nnen. Habeck im heute-journal vom 30.03.2022 ab 10:22 bis [&hellip;]<\/p>\n","protected":false},"author":3,"featured_media":15813,"comment_status":"open","ping_status":"open","sticky":false,"template":"","format":"standard","meta":{"wp_automatic_camp":["217"],"fd486647ae3cd25d24f555be80d118c0":["Werden wir regiert oder ruiniert? L\u00fcgt der Vizekanzler Habeck, der den USA &quot;f\u00fchrend dienen&quot; will?"],"original_link":["https:\/\/de.rt.com\/meinung\/145038-werden-wir-regiert-oder-ruiniert\/"],"_thumbnail_id":["15813"],"_wptg_p2tg_sent2tg":["2022-08-02 15:35:34"],"jnews_social_counter_last_update":["1777174565"]},"categories":[19,23],"tags":[48,82,30050,911,4467,268,30049,8966,30048,193,1932,1040,1801],"yoast_head":"<!-- This site is optimized with the Yoast SEO Premium plugin v22.7 (Yoast SEO v22.7) - https:\/\/yoast.com\/wordpress\/plugins\/seo\/ -->\n<title>Werden wir regiert oder ruiniert? L\u00fcgt der Vizekanzler Habeck, der den USA &quot;f\u00fchrend dienen&quot; will? - just-now.NEWS Deutschland<\/title>\n<meta name=\"robots\" content=\"index, follow, max-snippet:-1, max-image-preview:large, max-video-preview:-1\" \/>\n<link rel=\"canonical\" href=\"https:\/\/now-news.de\/de\/deutschland\/werden-wir-regiert-oder-ruiniert-luegt-der-vizekanzler-habeck-der-den-usa-fuehrend-dienen-will\/\" \/>\n<meta property=\"og:locale\" content=\"de_DE\" \/>\n<meta property=\"og:type\" content=\"article\" \/>\n<meta property=\"og:title\" content=\"Werden wir regiert oder ruiniert? L\u00fcgt der Vizekanzler Habeck, der den USA &quot;f\u00fchrend dienen&quot; will?\" \/>\n<meta property=\"og:description\" content=\"Die US-Gro\u00dfbank Goldman Sachs warnte bereits im September 2021 vor einer Energiekrise in Europa. Bereits im letzten Jahr explodierten die Preise f\u00fcr Gas und Strom, und in dieser ohnehin bedrohlichen Situation meinen Vizekanzler Habeck, Au\u00dfenministerin Baerbock und Bundeskanzler Scholz, ihre v\u00f6llig erschlafften Muskeln spielen lassen zu k\u00f6nnen. Habeck im heute-journal vom 30.03.2022 ab 10:22 bis [&hellip;]\" \/>\n<meta property=\"og:url\" content=\"https:\/\/now-news.de\/de\/deutschland\/werden-wir-regiert-oder-ruiniert-luegt-der-vizekanzler-habeck-der-den-usa-fuehrend-dienen-will\/\" \/>\n<meta property=\"og:site_name\" content=\"just-now.NEWS Deutschland\" \/>\n<meta property=\"article:publisher\" content=\"https:\/\/www.facebook.com\/wirmachenauf\" \/>\n<meta property=\"article:published_time\" content=\"2022-08-02T13:28:30+00:00\" \/>\n<meta property=\"og:image\" content=\"https:\/\/now-news.de\/de\/wp-content\/uploads\/sites\/3\/2022\/08\/Werden-wir-regiert-oder-ruiniert-Luegt-der-Vizekanzler-Habeck-der.jpg\" \/>\n\t<meta property=\"og:image:width\" content=\"460\" \/>\n\t<meta property=\"og:image:height\" content=\"259\" \/>\n\t<meta property=\"og:image:type\" content=\"image\/jpeg\" \/>\n<meta name=\"author\" content=\"rtnews\" \/>\n<meta name=\"twitter:card\" content=\"summary_large_image\" \/>\n<meta name=\"twitter:creator\" content=\"@WirMachenAuf_de\" \/>\n<meta name=\"twitter:site\" content=\"@WirMachenAuf_de\" \/>\n<meta name=\"twitter:label1\" content=\"Verfasst von\" \/>\n\t<meta name=\"twitter:data1\" content=\"rtnews\" \/>\n\t<meta name=\"twitter:label2\" content=\"Gesch\u00e4tzte Lesezeit\" \/>\n\t<meta name=\"twitter:data2\" content=\"6\u00a0Minuten\" \/>\n<script type=\"application\/ld+json\" class=\"yoast-schema-graph\">{\"@context\":\"https:\/\/schema.org\",\"@graph\":[{\"@type\":\"Article\",\"@id\":\"https:\/\/now-news.de\/de\/deutschland\/werden-wir-regiert-oder-ruiniert-luegt-der-vizekanzler-habeck-der-den-usa-fuehrend-dienen-will\/#article\",\"isPartOf\":{\"@id\":\"https:\/\/now-news.de\/de\/deutschland\/werden-wir-regiert-oder-ruiniert-luegt-der-vizekanzler-habeck-der-den-usa-fuehrend-dienen-will\/\"},\"author\":{\"name\":\"rtnews\",\"@id\":\"https:\/\/now-news.de\/de\/#\/schema\/person\/fb534a4e865501d8b3285208df34a9b5\"},\"headline\":\"Werden wir regiert oder ruiniert? L\u00fcgt der Vizekanzler Habeck, der den USA &quot;f\u00fchrend dienen&quot; will?\",\"datePublished\":\"2022-08-02T13:28:30+00:00\",\"dateModified\":\"2022-08-02T13:28:30+00:00\",\"mainEntityOfPage\":{\"@id\":\"https:\/\/now-news.de\/de\/deutschland\/werden-wir-regiert-oder-ruiniert-luegt-der-vizekanzler-habeck-der-den-usa-fuehrend-dienen-will\/\"},\"wordCount\":1285,\"commentCount\":0,\"publisher\":{\"@id\":\"https:\/\/now-news.de\/de\/#organization\"},\"image\":{\"@id\":\"https:\/\/now-news.de\/de\/deutschland\/werden-wir-regiert-oder-ruiniert-luegt-der-vizekanzler-habeck-der-den-usa-fuehrend-dienen-will\/#primaryimage\"},\"thumbnailUrl\":\"https:\/\/now-news.de\/de\/wp-content\/uploads\/sites\/3\/2022\/08\/Werden-wir-regiert-oder-ruiniert-Luegt-der-Vizekanzler-Habeck-der.jpg\",\"keywords\":[\"den\",\"der\",\"dienenquot\",\"Habeck\",\"l\u00fcgt\",\"oder\",\"quotf\u00fchrend\",\"regiert\",\"ruiniert\",\"USA\",\"VizeKanzler\",\"Werden\",\"Wir\"],\"articleSection\":[\"Deutschland\",\"Russland\"],\"inLanguage\":\"de\",\"potentialAction\":[{\"@type\":\"CommentAction\",\"name\":\"Comment\",\"target\":[\"https:\/\/now-news.de\/de\/deutschland\/werden-wir-regiert-oder-ruiniert-luegt-der-vizekanzler-habeck-der-den-usa-fuehrend-dienen-will\/#respond\"]}]},{\"@type\":\"WebPage\",\"@id\":\"https:\/\/now-news.de\/de\/deutschland\/werden-wir-regiert-oder-ruiniert-luegt-der-vizekanzler-habeck-der-den-usa-fuehrend-dienen-will\/\",\"url\":\"https:\/\/now-news.de\/de\/deutschland\/werden-wir-regiert-oder-ruiniert-luegt-der-vizekanzler-habeck-der-den-usa-fuehrend-dienen-will\/\",\"name\":\"Werden wir regiert oder ruiniert? L\u00fcgt der Vizekanzler Habeck, der den USA &quot;f\u00fchrend dienen&quot; will? - just-now.NEWS Deutschland\",\"isPartOf\":{\"@id\":\"https:\/\/now-news.de\/de\/#website\"},\"primaryImageOfPage\":{\"@id\":\"https:\/\/now-news.de\/de\/deutschland\/werden-wir-regiert-oder-ruiniert-luegt-der-vizekanzler-habeck-der-den-usa-fuehrend-dienen-will\/#primaryimage\"},\"image\":{\"@id\":\"https:\/\/now-news.de\/de\/deutschland\/werden-wir-regiert-oder-ruiniert-luegt-der-vizekanzler-habeck-der-den-usa-fuehrend-dienen-will\/#primaryimage\"},\"thumbnailUrl\":\"https:\/\/now-news.de\/de\/wp-content\/uploads\/sites\/3\/2022\/08\/Werden-wir-regiert-oder-ruiniert-Luegt-der-Vizekanzler-Habeck-der.jpg\",\"datePublished\":\"2022-08-02T13:28:30+00:00\",\"dateModified\":\"2022-08-02T13:28:30+00:00\",\"breadcrumb\":{\"@id\":\"https:\/\/now-news.de\/de\/deutschland\/werden-wir-regiert-oder-ruiniert-luegt-der-vizekanzler-habeck-der-den-usa-fuehrend-dienen-will\/#breadcrumb\"},\"inLanguage\":\"de\",\"potentialAction\":[{\"@type\":\"ReadAction\",\"target\":[\"https:\/\/now-news.de\/de\/deutschland\/werden-wir-regiert-oder-ruiniert-luegt-der-vizekanzler-habeck-der-den-usa-fuehrend-dienen-will\/\"]}]},{\"@type\":\"ImageObject\",\"inLanguage\":\"de\",\"@id\":\"https:\/\/now-news.de\/de\/deutschland\/werden-wir-regiert-oder-ruiniert-luegt-der-vizekanzler-habeck-der-den-usa-fuehrend-dienen-will\/#primaryimage\",\"url\":\"https:\/\/now-news.de\/de\/wp-content\/uploads\/sites\/3\/2022\/08\/Werden-wir-regiert-oder-ruiniert-Luegt-der-Vizekanzler-Habeck-der.jpg\",\"contentUrl\":\"https:\/\/now-news.de\/de\/wp-content\/uploads\/sites\/3\/2022\/08\/Werden-wir-regiert-oder-ruiniert-Luegt-der-Vizekanzler-Habeck-der.jpg\",\"width\":460,\"height\":259,\"caption\":\"Werden wir regiert oder ruiniert? L\u00fcgt der Vizekanzler Habeck, der den USA &quot;f\u00fchrend dienen&quot; will?\"},{\"@type\":\"BreadcrumbList\",\"@id\":\"https:\/\/now-news.de\/de\/deutschland\/werden-wir-regiert-oder-ruiniert-luegt-der-vizekanzler-habeck-der-den-usa-fuehrend-dienen-will\/#breadcrumb\",\"itemListElement\":[{\"@type\":\"ListItem\",\"position\":1,\"name\":\"Home\",\"item\":\"https:\/\/now-news.de\/de\/\"},{\"@type\":\"ListItem\",\"position\":2,\"name\":\"Werden wir regiert oder ruiniert? L\u00fcgt der Vizekanzler Habeck, der den USA &quot;f\u00fchrend dienen&quot; will?\"}]},{\"@type\":\"WebSite\",\"@id\":\"https:\/\/now-news.de\/de\/#website\",\"url\":\"https:\/\/now-news.de\/de\/\",\"name\":\"just-now.NEWS Deutschland\",\"description\":\"Das Portal f\u00fcr unzensierte Nachrichten aus der Welt\",\"publisher\":{\"@id\":\"https:\/\/now-news.de\/de\/#organization\"},\"potentialAction\":[{\"@type\":\"SearchAction\",\"target\":{\"@type\":\"EntryPoint\",\"urlTemplate\":\"https:\/\/now-news.de\/de\/?s={search_term_string}\"},\"query-input\":\"required name=search_term_string\"}],\"inLanguage\":\"de\"},{\"@type\":\"Organization\",\"@id\":\"https:\/\/now-news.de\/de\/#organization\",\"name\":\"Just Now News\",\"url\":\"https:\/\/now-news.de\/de\/\",\"logo\":{\"@type\":\"ImageObject\",\"inLanguage\":\"de\",\"@id\":\"https:\/\/now-news.de\/de\/#\/schema\/logo\/image\/\",\"url\":\"http:\/\/just-now.news\/de\/wp-content\/uploads\/sites\/3\/2022\/04\/logo500x500.jpg\",\"contentUrl\":\"http:\/\/just-now.news\/de\/wp-content\/uploads\/sites\/3\/2022\/04\/logo500x500.jpg\",\"width\":500,\"height\":500,\"caption\":\"Just Now News\"},\"image\":{\"@id\":\"https:\/\/now-news.de\/de\/#\/schema\/logo\/image\/\"},\"sameAs\":[\"https:\/\/www.facebook.com\/wirmachenauf\",\"https:\/\/x.com\/WirMachenAuf_de\"]},{\"@type\":\"Person\",\"@id\":\"https:\/\/now-news.de\/de\/#\/schema\/person\/fb534a4e865501d8b3285208df34a9b5\",\"name\":\"rtnews\",\"image\":{\"@type\":\"ImageObject\",\"inLanguage\":\"de\",\"@id\":\"https:\/\/now-news.de\/de\/#\/schema\/person\/image\/\",\"url\":\"https:\/\/secure.gravatar.com\/avatar\/82aafea7d8127119dd649515f56e2117?s=96&d=mm&r=g\",\"contentUrl\":\"https:\/\/secure.gravatar.com\/avatar\/82aafea7d8127119dd649515f56e2117?s=96&d=mm&r=g\",\"caption\":\"rtnews\"},\"url\":\"https:\/\/now-news.de\/de\/author\/rnews\/\"}]}<\/script>\n<!-- \/ Yoast SEO Premium plugin. -->","yoast_head_json":{"title":"Werden wir regiert oder ruiniert? L\u00fcgt der Vizekanzler Habeck, der den USA &quot;f\u00fchrend dienen&quot; will? - just-now.NEWS Deutschland","robots":{"index":"index","follow":"follow","max-snippet":"max-snippet:-1","max-image-preview":"max-image-preview:large","max-video-preview":"max-video-preview:-1"},"canonical":"https:\/\/now-news.de\/de\/deutschland\/werden-wir-regiert-oder-ruiniert-luegt-der-vizekanzler-habeck-der-den-usa-fuehrend-dienen-will\/","og_locale":"de_DE","og_type":"article","og_title":"Werden wir regiert oder ruiniert? L\u00fcgt der Vizekanzler Habeck, der den USA &quot;f\u00fchrend dienen&quot; will?","og_description":"Die US-Gro\u00dfbank Goldman Sachs warnte bereits im September 2021 vor einer Energiekrise in Europa. Bereits im letzten Jahr explodierten die Preise f\u00fcr Gas und Strom, und in dieser ohnehin bedrohlichen Situation meinen Vizekanzler Habeck, Au\u00dfenministerin Baerbock und Bundeskanzler Scholz, ihre v\u00f6llig erschlafften Muskeln spielen lassen zu k\u00f6nnen. Habeck im heute-journal vom 30.03.2022 ab 10:22 bis [&hellip;]","og_url":"https:\/\/now-news.de\/de\/deutschland\/werden-wir-regiert-oder-ruiniert-luegt-der-vizekanzler-habeck-der-den-usa-fuehrend-dienen-will\/","og_site_name":"just-now.NEWS Deutschland","article_publisher":"https:\/\/www.facebook.com\/wirmachenauf","article_published_time":"2022-08-02T13:28:30+00:00","og_image":[{"width":460,"height":259,"url":"https:\/\/now-news.de\/de\/wp-content\/uploads\/sites\/3\/2022\/08\/Werden-wir-regiert-oder-ruiniert-Luegt-der-Vizekanzler-Habeck-der.jpg","type":"image\/jpeg"}],"author":"rtnews","twitter_card":"summary_large_image","twitter_creator":"@WirMachenAuf_de","twitter_site":"@WirMachenAuf_de","twitter_misc":{"Verfasst von":"rtnews","Gesch\u00e4tzte Lesezeit":"6\u00a0Minuten"},"schema":{"@context":"https:\/\/schema.org","@graph":[{"@type":"Article","@id":"https:\/\/now-news.de\/de\/deutschland\/werden-wir-regiert-oder-ruiniert-luegt-der-vizekanzler-habeck-der-den-usa-fuehrend-dienen-will\/#article","isPartOf":{"@id":"https:\/\/now-news.de\/de\/deutschland\/werden-wir-regiert-oder-ruiniert-luegt-der-vizekanzler-habeck-der-den-usa-fuehrend-dienen-will\/"},"author":{"name":"rtnews","@id":"https:\/\/now-news.de\/de\/#\/schema\/person\/fb534a4e865501d8b3285208df34a9b5"},"headline":"Werden wir regiert oder ruiniert? L\u00fcgt der Vizekanzler Habeck, der den USA &quot;f\u00fchrend dienen&quot; will?","datePublished":"2022-08-02T13:28:30+00:00","dateModified":"2022-08-02T13:28:30+00:00","mainEntityOfPage":{"@id":"https:\/\/now-news.de\/de\/deutschland\/werden-wir-regiert-oder-ruiniert-luegt-der-vizekanzler-habeck-der-den-usa-fuehrend-dienen-will\/"},"wordCount":1285,"commentCount":0,"publisher":{"@id":"https:\/\/now-news.de\/de\/#organization"},"image":{"@id":"https:\/\/now-news.de\/de\/deutschland\/werden-wir-regiert-oder-ruiniert-luegt-der-vizekanzler-habeck-der-den-usa-fuehrend-dienen-will\/#primaryimage"},"thumbnailUrl":"https:\/\/now-news.de\/de\/wp-content\/uploads\/sites\/3\/2022\/08\/Werden-wir-regiert-oder-ruiniert-Luegt-der-Vizekanzler-Habeck-der.jpg","keywords":["den","der","dienenquot","Habeck","l\u00fcgt","oder","quotf\u00fchrend","regiert","ruiniert","USA","VizeKanzler","Werden","Wir"],"articleSection":["Deutschland","Russland"],"inLanguage":"de","potentialAction":[{"@type":"CommentAction","name":"Comment","target":["https:\/\/now-news.de\/de\/deutschland\/werden-wir-regiert-oder-ruiniert-luegt-der-vizekanzler-habeck-der-den-usa-fuehrend-dienen-will\/#respond"]}]},{"@type":"WebPage","@id":"https:\/\/now-news.de\/de\/deutschland\/werden-wir-regiert-oder-ruiniert-luegt-der-vizekanzler-habeck-der-den-usa-fuehrend-dienen-will\/","url":"https:\/\/now-news.de\/de\/deutschland\/werden-wir-regiert-oder-ruiniert-luegt-der-vizekanzler-habeck-der-den-usa-fuehrend-dienen-will\/","name":"Werden wir regiert oder ruiniert? L\u00fcgt der Vizekanzler Habeck, der den USA &quot;f\u00fchrend dienen&quot; will? - just-now.NEWS Deutschland","isPartOf":{"@id":"https:\/\/now-news.de\/de\/#website"},"primaryImageOfPage":{"@id":"https:\/\/now-news.de\/de\/deutschland\/werden-wir-regiert-oder-ruiniert-luegt-der-vizekanzler-habeck-der-den-usa-fuehrend-dienen-will\/#primaryimage"},"image":{"@id":"https:\/\/now-news.de\/de\/deutschland\/werden-wir-regiert-oder-ruiniert-luegt-der-vizekanzler-habeck-der-den-usa-fuehrend-dienen-will\/#primaryimage"},"thumbnailUrl":"https:\/\/now-news.de\/de\/wp-content\/uploads\/sites\/3\/2022\/08\/Werden-wir-regiert-oder-ruiniert-Luegt-der-Vizekanzler-Habeck-der.jpg","datePublished":"2022-08-02T13:28:30+00:00","dateModified":"2022-08-02T13:28:30+00:00","breadcrumb":{"@id":"https:\/\/now-news.de\/de\/deutschland\/werden-wir-regiert-oder-ruiniert-luegt-der-vizekanzler-habeck-der-den-usa-fuehrend-dienen-will\/#breadcrumb"},"inLanguage":"de","potentialAction":[{"@type":"ReadAction","target":["https:\/\/now-news.de\/de\/deutschland\/werden-wir-regiert-oder-ruiniert-luegt-der-vizekanzler-habeck-der-den-usa-fuehrend-dienen-will\/"]}]},{"@type":"ImageObject","inLanguage":"de","@id":"https:\/\/now-news.de\/de\/deutschland\/werden-wir-regiert-oder-ruiniert-luegt-der-vizekanzler-habeck-der-den-usa-fuehrend-dienen-will\/#primaryimage","url":"https:\/\/now-news.de\/de\/wp-content\/uploads\/sites\/3\/2022\/08\/Werden-wir-regiert-oder-ruiniert-Luegt-der-Vizekanzler-Habeck-der.jpg","contentUrl":"https:\/\/now-news.de\/de\/wp-content\/uploads\/sites\/3\/2022\/08\/Werden-wir-regiert-oder-ruiniert-Luegt-der-Vizekanzler-Habeck-der.jpg","width":460,"height":259,"caption":"Werden wir regiert oder ruiniert? L\u00fcgt der Vizekanzler Habeck, der den USA &quot;f\u00fchrend dienen&quot; will?"},{"@type":"BreadcrumbList","@id":"https:\/\/now-news.de\/de\/deutschland\/werden-wir-regiert-oder-ruiniert-luegt-der-vizekanzler-habeck-der-den-usa-fuehrend-dienen-will\/#breadcrumb","itemListElement":[{"@type":"ListItem","position":1,"name":"Home","item":"https:\/\/now-news.de\/de\/"},{"@type":"ListItem","position":2,"name":"Werden wir regiert oder ruiniert? L\u00fcgt der Vizekanzler Habeck, der den USA &quot;f\u00fchrend dienen&quot; will?"}]},{"@type":"WebSite","@id":"https:\/\/now-news.de\/de\/#website","url":"https:\/\/now-news.de\/de\/","name":"just-now.NEWS Deutschland","description":"Das Portal f\u00fcr unzensierte Nachrichten aus der Welt","publisher":{"@id":"https:\/\/now-news.de\/de\/#organization"},"potentialAction":[{"@type":"SearchAction","target":{"@type":"EntryPoint","urlTemplate":"https:\/\/now-news.de\/de\/?s={search_term_string}"},"query-input":"required name=search_term_string"}],"inLanguage":"de"},{"@type":"Organization","@id":"https:\/\/now-news.de\/de\/#organization","name":"Just Now News","url":"https:\/\/now-news.de\/de\/","logo":{"@type":"ImageObject","inLanguage":"de","@id":"https:\/\/now-news.de\/de\/#\/schema\/logo\/image\/","url":"http:\/\/just-now.news\/de\/wp-content\/uploads\/sites\/3\/2022\/04\/logo500x500.jpg","contentUrl":"http:\/\/just-now.news\/de\/wp-content\/uploads\/sites\/3\/2022\/04\/logo500x500.jpg","width":500,"height":500,"caption":"Just Now News"},"image":{"@id":"https:\/\/now-news.de\/de\/#\/schema\/logo\/image\/"},"sameAs":["https:\/\/www.facebook.com\/wirmachenauf","https:\/\/x.com\/WirMachenAuf_de"]},{"@type":"Person","@id":"https:\/\/now-news.de\/de\/#\/schema\/person\/fb534a4e865501d8b3285208df34a9b5","name":"rtnews","image":{"@type":"ImageObject","inLanguage":"de","@id":"https:\/\/now-news.de\/de\/#\/schema\/person\/image\/","url":"https:\/\/secure.gravatar.com\/avatar\/82aafea7d8127119dd649515f56e2117?s=96&d=mm&r=g","contentUrl":"https:\/\/secure.gravatar.com\/avatar\/82aafea7d8127119dd649515f56e2117?s=96&d=mm&r=g","caption":"rtnews"},"url":"https:\/\/now-news.de\/de\/author\/rnews\/"}]}},"_links":{"self":[{"href":"https:\/\/now-news.de\/de\/wp-json\/wp\/v2\/posts\/15812"}],"collection":[{"href":"https:\/\/now-news.de\/de\/wp-json\/wp\/v2\/posts"}],"about":[{"href":"https:\/\/now-news.de\/de\/wp-json\/wp\/v2\/types\/post"}],"author":[{"embeddable":true,"href":"https:\/\/now-news.de\/de\/wp-json\/wp\/v2\/users\/3"}],"replies":[{"embeddable":true,"href":"https:\/\/now-news.de\/de\/wp-json\/wp\/v2\/comments?post=15812"}],"version-history":[{"count":0,"href":"https:\/\/now-news.de\/de\/wp-json\/wp\/v2\/posts\/15812\/revisions"}],"wp:featuredmedia":[{"embeddable":true,"href":"https:\/\/now-news.de\/de\/wp-json\/wp\/v2\/media\/15813"}],"wp:attachment":[{"href":"https:\/\/now-news.de\/de\/wp-json\/wp\/v2\/media?parent=15812"}],"wp:term":[{"taxonomy":"category","embeddable":true,"href":"https:\/\/now-news.de\/de\/wp-json\/wp\/v2\/categories?post=15812"},{"taxonomy":"post_tag","embeddable":true,"href":"https:\/\/now-news.de\/de\/wp-json\/wp\/v2\/tags?post=15812"}],"curies":[{"name":"wp","href":"https:\/\/api.w.org\/{rel}","templated":true}]}}