{"id":15722,"date":"2022-08-01T19:42:25","date_gmt":"2022-08-01T17:42:25","guid":{"rendered":"http:\/\/just-now.news\/de\/deutschland\/wladimir-putin-einen-atomkrieg-darf-es-nicht-geben\/"},"modified":"2022-08-01T19:42:25","modified_gmt":"2022-08-01T17:42:25","slug":"wladimir-putin-einen-atomkrieg-darf-es-nicht-geben","status":"publish","type":"post","link":"https:\/\/now-news.de\/de\/deutschland\/wladimir-putin-einen-atomkrieg-darf-es-nicht-geben\/","title":{"rendered":"Wladimir Putin: &quot;Einen Atomkrieg darf es nicht geben&quot;"},"content":{"rendered":"<p><img decoding=\"async\" src=\"http:\/\/just-now.news\/de\/wp-content\/uploads\/sites\/3\/2022\/08\/62e80f1ab480cc5f8212a88e.jpg\" \/><\/p>\n<p>In einem Atomkrieg gibt es keine Sieger. Darum darf eine solche Konfrontation niemals ausgel\u00f6st werden. Dies ist die Grundthese eines Gru\u00dfwortes, das der russische Pr\u00e4sident Wladimir Putin &#8211; am Gedenktag\u00a0des Abwurfs der ersten Atombombe durch die USA auf das japanische Hiroshima &#8211; an die Teilnehmer der Zehnten \u00dcberpr\u00fcfungskonferenz zum Vertrag \u00fcber die Nichtverbreitung von Atomwaffen richtete.\u00a0<\/p>\n<blockquote>\n<p>&#8220;<em>Wir gehen davon aus, dass es in einem Atomkrieg keine Sieger geben kann und dass er niemals gef\u00fchrt werden darf, und (darum) setzen wir uns f\u00fcr gleiche und unteilbare Sicherheit f\u00fcr alle Mitglieder der Weltgemeinschaft ein<\/em>&#8220;,<\/p>\n<\/blockquote>\n<p>betonte der russische Staatschef in dem Gru\u00dfwort.<\/p>\n<p>Wladimir Putin wies weiter darauf hin, dass der Vertrag \u00fcber die Nichtverbreitung von Atomwaffen (Atomwaffensperrvertrag) in dem halben Jahrhundert seines Bestehens zu einem Schl\u00fcsselelement des internationalen Sicherheitssystems und der strategischen Stabilit\u00e4t geworden ist. Die darin vorgesehenen Verpflichtungen in den Bereichen Nichtverbreitung, Abr\u00fcstung und friedliche Nutzung der Atomenergie entspr\u00e4chen in vollem Umfang den Interessen sowohl der Kernwaffen- als auch der Nichtkernwaffenstaaten, betonte der russische Pr\u00e4sident.<\/p>\n<p>In der Gru\u00dfbotschaft \u00e4u\u00dferte der russische Staatschef die Hoffnung, dass die Konferenz die Bereitschaft aller Teilnehmerstaaten des Atomwaffensperrvertrages best\u00e4tigen werde, ihre Verpflichtungen strikt einzuhalten und &#8220;einen sp\u00fcrbaren Beitrag zur St\u00e4rkung des Systems der Nichtverbreitung von Kernwaffen und zur Gew\u00e4hrleistung von Frieden, Sicherheit und Stabilit\u00e4t in der Welt zu leisten&#8221;.\u00a0<\/p>\n<p>Die Konferenz zur \u00dcberpr\u00fcfung des Vertrags \u00fcber die Nichtverbreitung von Kernwaffen findet alle f\u00fcnf Jahre statt. Das zehnte Treffen sollte bereits im Mai 2020 in New York stattfinden, wurde aber aufgrund der Coronavirus-Pandemie auf den 1. bis 26. August dieses Jahres verschoben.<\/p>\n<p>Der Atomwaffensperrvertrag wurde 1968 unterzeichnet und legitimierte die Atomwaffenarsenale Gro\u00dfbritanniens, Chinas, Russlands, Frankreichs und der USA. Anderen Staaten wird mit der Unterzeichnung des Dokuments das Recht abgesprochen, Massenvernichtungswaffen zu bauen oder zu erwerben. Mehr als 190 L\u00e4nder sind inzwischen Vertragsparteien. Israel, Indien und Pakistan blieben au\u00dferhalb des Abkommens. Im Januar 2003 trat Nordkorea aus dem Vertrag aus.<\/p>\n<p><strong>Mehr zum Thema<\/strong> &#8211; <a rel=\"nofollow noopener\" target=\"_blank\" href=\"https:\/\/de.rt.com\/europa\/141530-kiew-mit-atomwaffen-auszustatten-ware-eine-katastrophe-ganze-welt\/\">Kiew mit Atomwaffen auszustatten, w\u00e4re eine Katastrophe f\u00fcr die ganze Welt<\/a><\/p>\n<p><br \/>\n<br \/><a href=\"https:\/\/de.rt.com\/international\/144976-wladimir-putin-atomkrieg-darf-es-nicht-geben\/\">Source link <\/a><\/p>\n","protected":false},"excerpt":{"rendered":"<p>In einem Atomkrieg gibt es keine Sieger. Darum darf eine solche Konfrontation niemals ausgel\u00f6st werden. Dies ist die Grundthese eines Gru\u00dfwortes, das der russische Pr\u00e4sident Wladimir Putin &#8211; am Gedenktag\u00a0des Abwurfs der ersten Atombombe durch die USA auf das japanische Hiroshima &#8211; an die Teilnehmer der Zehnten \u00dcberpr\u00fcfungskonferenz zum Vertrag \u00fcber die Nichtverbreitung von Atomwaffen [&hellip;]<\/p>\n","protected":false},"author":3,"featured_media":15723,"comment_status":"open","ping_status":"open","sticky":false,"template":"","format":"standard","meta":{"wp_automatic_camp":["217"],"bad21ba26bf98ecf6b1cafdd3ee6b53d":["Wladimir Putin: &quot;Einen Atomkrieg darf es nicht geben&quot;"],"original_link":["https:\/\/de.rt.com\/international\/144976-wladimir-putin-atomkrieg-darf-es-nicht-geben\/"],"_thumbnail_id":["15723"],"_wptg_p2tg_sent2tg":["2022-08-01 19:46:09"],"jnews_social_counter_last_update":["1777089057"]},"categories":[19,23],"tags":[131,5310,22196,800,125,29979,6987],"yoast_head":"<!-- This site is optimized with the Yoast SEO Premium plugin v22.7 (Yoast SEO v22.7) - https:\/\/yoast.com\/wordpress\/plugins\/seo\/ -->\n<title>Wladimir Putin: &quot;Einen Atomkrieg darf es nicht geben&quot; - just-now.NEWS Deutschland<\/title>\n<meta name=\"robots\" content=\"index, follow, max-snippet:-1, max-image-preview:large, max-video-preview:-1\" \/>\n<link rel=\"canonical\" href=\"https:\/\/now-news.de\/de\/deutschland\/wladimir-putin-einen-atomkrieg-darf-es-nicht-geben\/\" \/>\n<meta property=\"og:locale\" content=\"de_DE\" \/>\n<meta property=\"og:type\" content=\"article\" \/>\n<meta property=\"og:title\" content=\"Wladimir Putin: &quot;Einen Atomkrieg darf es nicht geben&quot;\" \/>\n<meta property=\"og:description\" content=\"In einem Atomkrieg gibt es keine Sieger. Darum darf eine solche Konfrontation niemals ausgel\u00f6st werden. Dies ist die Grundthese eines Gru\u00dfwortes, das der russische Pr\u00e4sident Wladimir Putin &#8211; am Gedenktag\u00a0des Abwurfs der ersten Atombombe durch die USA auf das japanische Hiroshima &#8211; an die Teilnehmer der Zehnten \u00dcberpr\u00fcfungskonferenz zum Vertrag \u00fcber die Nichtverbreitung von Atomwaffen [&hellip;]\" \/>\n<meta property=\"og:url\" content=\"https:\/\/now-news.de\/de\/deutschland\/wladimir-putin-einen-atomkrieg-darf-es-nicht-geben\/\" \/>\n<meta property=\"og:site_name\" content=\"just-now.NEWS Deutschland\" \/>\n<meta property=\"article:publisher\" content=\"https:\/\/www.facebook.com\/wirmachenauf\" \/>\n<meta property=\"article:published_time\" content=\"2022-08-01T17:42:25+00:00\" \/>\n<meta property=\"og:image\" content=\"https:\/\/now-news.de\/de\/wp-content\/uploads\/sites\/3\/2022\/08\/Wladimir-Putin-quotEinen-Atomkrieg-darf-es-nicht-gebenquot.jpg\" \/>\n\t<meta property=\"og:image:width\" content=\"460\" \/>\n\t<meta property=\"og:image:height\" content=\"259\" \/>\n\t<meta property=\"og:image:type\" content=\"image\/jpeg\" \/>\n<meta name=\"author\" content=\"rtnews\" \/>\n<meta name=\"twitter:card\" content=\"summary_large_image\" \/>\n<meta name=\"twitter:creator\" content=\"@WirMachenAuf_de\" \/>\n<meta name=\"twitter:site\" content=\"@WirMachenAuf_de\" \/>\n<meta name=\"twitter:label1\" content=\"Verfasst von\" \/>\n\t<meta name=\"twitter:data1\" content=\"rtnews\" \/>\n\t<meta name=\"twitter:label2\" content=\"Gesch\u00e4tzte Lesezeit\" \/>\n\t<meta name=\"twitter:data2\" content=\"2\u00a0Minuten\" \/>\n<script type=\"application\/ld+json\" class=\"yoast-schema-graph\">{\"@context\":\"https:\/\/schema.org\",\"@graph\":[{\"@type\":\"Article\",\"@id\":\"https:\/\/now-news.de\/de\/deutschland\/wladimir-putin-einen-atomkrieg-darf-es-nicht-geben\/#article\",\"isPartOf\":{\"@id\":\"https:\/\/now-news.de\/de\/deutschland\/wladimir-putin-einen-atomkrieg-darf-es-nicht-geben\/\"},\"author\":{\"name\":\"rtnews\",\"@id\":\"https:\/\/now-news.de\/de\/#\/schema\/person\/fb534a4e865501d8b3285208df34a9b5\"},\"headline\":\"Wladimir Putin: &quot;Einen Atomkrieg darf es nicht geben&quot;\",\"datePublished\":\"2022-08-01T17:42:25+00:00\",\"dateModified\":\"2022-08-01T17:42:25+00:00\",\"mainEntityOfPage\":{\"@id\":\"https:\/\/now-news.de\/de\/deutschland\/wladimir-putin-einen-atomkrieg-darf-es-nicht-geben\/\"},\"wordCount\":361,\"commentCount\":0,\"publisher\":{\"@id\":\"https:\/\/now-news.de\/de\/#organization\"},\"image\":{\"@id\":\"https:\/\/now-news.de\/de\/deutschland\/wladimir-putin-einen-atomkrieg-darf-es-nicht-geben\/#primaryimage\"},\"thumbnailUrl\":\"https:\/\/now-news.de\/de\/wp-content\/uploads\/sites\/3\/2022\/08\/Wladimir-Putin-quotEinen-Atomkrieg-darf-es-nicht-gebenquot.jpg\",\"keywords\":[\"atomkrieg\",\"darf\",\"gebenquot\",\"nicht\",\"putin\",\"quotEinen\",\"Wladimir\"],\"articleSection\":[\"Deutschland\",\"Russland\"],\"inLanguage\":\"de\",\"potentialAction\":[{\"@type\":\"CommentAction\",\"name\":\"Comment\",\"target\":[\"https:\/\/now-news.de\/de\/deutschland\/wladimir-putin-einen-atomkrieg-darf-es-nicht-geben\/#respond\"]}]},{\"@type\":\"WebPage\",\"@id\":\"https:\/\/now-news.de\/de\/deutschland\/wladimir-putin-einen-atomkrieg-darf-es-nicht-geben\/\",\"url\":\"https:\/\/now-news.de\/de\/deutschland\/wladimir-putin-einen-atomkrieg-darf-es-nicht-geben\/\",\"name\":\"Wladimir Putin: &quot;Einen Atomkrieg darf es nicht geben&quot; - just-now.NEWS Deutschland\",\"isPartOf\":{\"@id\":\"https:\/\/now-news.de\/de\/#website\"},\"primaryImageOfPage\":{\"@id\":\"https:\/\/now-news.de\/de\/deutschland\/wladimir-putin-einen-atomkrieg-darf-es-nicht-geben\/#primaryimage\"},\"image\":{\"@id\":\"https:\/\/now-news.de\/de\/deutschland\/wladimir-putin-einen-atomkrieg-darf-es-nicht-geben\/#primaryimage\"},\"thumbnailUrl\":\"https:\/\/now-news.de\/de\/wp-content\/uploads\/sites\/3\/2022\/08\/Wladimir-Putin-quotEinen-Atomkrieg-darf-es-nicht-gebenquot.jpg\",\"datePublished\":\"2022-08-01T17:42:25+00:00\",\"dateModified\":\"2022-08-01T17:42:25+00:00\",\"breadcrumb\":{\"@id\":\"https:\/\/now-news.de\/de\/deutschland\/wladimir-putin-einen-atomkrieg-darf-es-nicht-geben\/#breadcrumb\"},\"inLanguage\":\"de\",\"potentialAction\":[{\"@type\":\"ReadAction\",\"target\":[\"https:\/\/now-news.de\/de\/deutschland\/wladimir-putin-einen-atomkrieg-darf-es-nicht-geben\/\"]}]},{\"@type\":\"ImageObject\",\"inLanguage\":\"de\",\"@id\":\"https:\/\/now-news.de\/de\/deutschland\/wladimir-putin-einen-atomkrieg-darf-es-nicht-geben\/#primaryimage\",\"url\":\"https:\/\/now-news.de\/de\/wp-content\/uploads\/sites\/3\/2022\/08\/Wladimir-Putin-quotEinen-Atomkrieg-darf-es-nicht-gebenquot.jpg\",\"contentUrl\":\"https:\/\/now-news.de\/de\/wp-content\/uploads\/sites\/3\/2022\/08\/Wladimir-Putin-quotEinen-Atomkrieg-darf-es-nicht-gebenquot.jpg\",\"width\":460,\"height\":259,\"caption\":\"Wladimir Putin: &quot;Einen Atomkrieg darf es nicht geben&quot;\"},{\"@type\":\"BreadcrumbList\",\"@id\":\"https:\/\/now-news.de\/de\/deutschland\/wladimir-putin-einen-atomkrieg-darf-es-nicht-geben\/#breadcrumb\",\"itemListElement\":[{\"@type\":\"ListItem\",\"position\":1,\"name\":\"Home\",\"item\":\"https:\/\/now-news.de\/de\/\"},{\"@type\":\"ListItem\",\"position\":2,\"name\":\"Wladimir Putin: &quot;Einen Atomkrieg darf es nicht geben&quot;\"}]},{\"@type\":\"WebSite\",\"@id\":\"https:\/\/now-news.de\/de\/#website\",\"url\":\"https:\/\/now-news.de\/de\/\",\"name\":\"just-now.NEWS Deutschland\",\"description\":\"Das Portal f\u00fcr unzensierte Nachrichten aus der Welt\",\"publisher\":{\"@id\":\"https:\/\/now-news.de\/de\/#organization\"},\"potentialAction\":[{\"@type\":\"SearchAction\",\"target\":{\"@type\":\"EntryPoint\",\"urlTemplate\":\"https:\/\/now-news.de\/de\/?s={search_term_string}\"},\"query-input\":\"required name=search_term_string\"}],\"inLanguage\":\"de\"},{\"@type\":\"Organization\",\"@id\":\"https:\/\/now-news.de\/de\/#organization\",\"name\":\"Just Now News\",\"url\":\"https:\/\/now-news.de\/de\/\",\"logo\":{\"@type\":\"ImageObject\",\"inLanguage\":\"de\",\"@id\":\"https:\/\/now-news.de\/de\/#\/schema\/logo\/image\/\",\"url\":\"http:\/\/just-now.news\/de\/wp-content\/uploads\/sites\/3\/2022\/04\/logo500x500.jpg\",\"contentUrl\":\"http:\/\/just-now.news\/de\/wp-content\/uploads\/sites\/3\/2022\/04\/logo500x500.jpg\",\"width\":500,\"height\":500,\"caption\":\"Just Now News\"},\"image\":{\"@id\":\"https:\/\/now-news.de\/de\/#\/schema\/logo\/image\/\"},\"sameAs\":[\"https:\/\/www.facebook.com\/wirmachenauf\",\"https:\/\/x.com\/WirMachenAuf_de\"]},{\"@type\":\"Person\",\"@id\":\"https:\/\/now-news.de\/de\/#\/schema\/person\/fb534a4e865501d8b3285208df34a9b5\",\"name\":\"rtnews\",\"image\":{\"@type\":\"ImageObject\",\"inLanguage\":\"de\",\"@id\":\"https:\/\/now-news.de\/de\/#\/schema\/person\/image\/\",\"url\":\"https:\/\/secure.gravatar.com\/avatar\/82aafea7d8127119dd649515f56e2117?s=96&d=mm&r=g\",\"contentUrl\":\"https:\/\/secure.gravatar.com\/avatar\/82aafea7d8127119dd649515f56e2117?s=96&d=mm&r=g\",\"caption\":\"rtnews\"},\"url\":\"https:\/\/now-news.de\/de\/author\/rnews\/\"}]}<\/script>\n<!-- \/ Yoast SEO Premium plugin. -->","yoast_head_json":{"title":"Wladimir Putin: &quot;Einen Atomkrieg darf es nicht geben&quot; - just-now.NEWS Deutschland","robots":{"index":"index","follow":"follow","max-snippet":"max-snippet:-1","max-image-preview":"max-image-preview:large","max-video-preview":"max-video-preview:-1"},"canonical":"https:\/\/now-news.de\/de\/deutschland\/wladimir-putin-einen-atomkrieg-darf-es-nicht-geben\/","og_locale":"de_DE","og_type":"article","og_title":"Wladimir Putin: &quot;Einen Atomkrieg darf es nicht geben&quot;","og_description":"In einem Atomkrieg gibt es keine Sieger. Darum darf eine solche Konfrontation niemals ausgel\u00f6st werden. Dies ist die Grundthese eines Gru\u00dfwortes, das der russische Pr\u00e4sident Wladimir Putin &#8211; am Gedenktag\u00a0des Abwurfs der ersten Atombombe durch die USA auf das japanische Hiroshima &#8211; an die Teilnehmer der Zehnten \u00dcberpr\u00fcfungskonferenz zum Vertrag \u00fcber die Nichtverbreitung von Atomwaffen [&hellip;]","og_url":"https:\/\/now-news.de\/de\/deutschland\/wladimir-putin-einen-atomkrieg-darf-es-nicht-geben\/","og_site_name":"just-now.NEWS Deutschland","article_publisher":"https:\/\/www.facebook.com\/wirmachenauf","article_published_time":"2022-08-01T17:42:25+00:00","og_image":[{"width":460,"height":259,"url":"https:\/\/now-news.de\/de\/wp-content\/uploads\/sites\/3\/2022\/08\/Wladimir-Putin-quotEinen-Atomkrieg-darf-es-nicht-gebenquot.jpg","type":"image\/jpeg"}],"author":"rtnews","twitter_card":"summary_large_image","twitter_creator":"@WirMachenAuf_de","twitter_site":"@WirMachenAuf_de","twitter_misc":{"Verfasst von":"rtnews","Gesch\u00e4tzte Lesezeit":"2\u00a0Minuten"},"schema":{"@context":"https:\/\/schema.org","@graph":[{"@type":"Article","@id":"https:\/\/now-news.de\/de\/deutschland\/wladimir-putin-einen-atomkrieg-darf-es-nicht-geben\/#article","isPartOf":{"@id":"https:\/\/now-news.de\/de\/deutschland\/wladimir-putin-einen-atomkrieg-darf-es-nicht-geben\/"},"author":{"name":"rtnews","@id":"https:\/\/now-news.de\/de\/#\/schema\/person\/fb534a4e865501d8b3285208df34a9b5"},"headline":"Wladimir Putin: &quot;Einen Atomkrieg darf es nicht geben&quot;","datePublished":"2022-08-01T17:42:25+00:00","dateModified":"2022-08-01T17:42:25+00:00","mainEntityOfPage":{"@id":"https:\/\/now-news.de\/de\/deutschland\/wladimir-putin-einen-atomkrieg-darf-es-nicht-geben\/"},"wordCount":361,"commentCount":0,"publisher":{"@id":"https:\/\/now-news.de\/de\/#organization"},"image":{"@id":"https:\/\/now-news.de\/de\/deutschland\/wladimir-putin-einen-atomkrieg-darf-es-nicht-geben\/#primaryimage"},"thumbnailUrl":"https:\/\/now-news.de\/de\/wp-content\/uploads\/sites\/3\/2022\/08\/Wladimir-Putin-quotEinen-Atomkrieg-darf-es-nicht-gebenquot.jpg","keywords":["atomkrieg","darf","gebenquot","nicht","putin","quotEinen","Wladimir"],"articleSection":["Deutschland","Russland"],"inLanguage":"de","potentialAction":[{"@type":"CommentAction","name":"Comment","target":["https:\/\/now-news.de\/de\/deutschland\/wladimir-putin-einen-atomkrieg-darf-es-nicht-geben\/#respond"]}]},{"@type":"WebPage","@id":"https:\/\/now-news.de\/de\/deutschland\/wladimir-putin-einen-atomkrieg-darf-es-nicht-geben\/","url":"https:\/\/now-news.de\/de\/deutschland\/wladimir-putin-einen-atomkrieg-darf-es-nicht-geben\/","name":"Wladimir Putin: &quot;Einen Atomkrieg darf es nicht geben&quot; - just-now.NEWS Deutschland","isPartOf":{"@id":"https:\/\/now-news.de\/de\/#website"},"primaryImageOfPage":{"@id":"https:\/\/now-news.de\/de\/deutschland\/wladimir-putin-einen-atomkrieg-darf-es-nicht-geben\/#primaryimage"},"image":{"@id":"https:\/\/now-news.de\/de\/deutschland\/wladimir-putin-einen-atomkrieg-darf-es-nicht-geben\/#primaryimage"},"thumbnailUrl":"https:\/\/now-news.de\/de\/wp-content\/uploads\/sites\/3\/2022\/08\/Wladimir-Putin-quotEinen-Atomkrieg-darf-es-nicht-gebenquot.jpg","datePublished":"2022-08-01T17:42:25+00:00","dateModified":"2022-08-01T17:42:25+00:00","breadcrumb":{"@id":"https:\/\/now-news.de\/de\/deutschland\/wladimir-putin-einen-atomkrieg-darf-es-nicht-geben\/#breadcrumb"},"inLanguage":"de","potentialAction":[{"@type":"ReadAction","target":["https:\/\/now-news.de\/de\/deutschland\/wladimir-putin-einen-atomkrieg-darf-es-nicht-geben\/"]}]},{"@type":"ImageObject","inLanguage":"de","@id":"https:\/\/now-news.de\/de\/deutschland\/wladimir-putin-einen-atomkrieg-darf-es-nicht-geben\/#primaryimage","url":"https:\/\/now-news.de\/de\/wp-content\/uploads\/sites\/3\/2022\/08\/Wladimir-Putin-quotEinen-Atomkrieg-darf-es-nicht-gebenquot.jpg","contentUrl":"https:\/\/now-news.de\/de\/wp-content\/uploads\/sites\/3\/2022\/08\/Wladimir-Putin-quotEinen-Atomkrieg-darf-es-nicht-gebenquot.jpg","width":460,"height":259,"caption":"Wladimir Putin: &quot;Einen Atomkrieg darf es nicht geben&quot;"},{"@type":"BreadcrumbList","@id":"https:\/\/now-news.de\/de\/deutschland\/wladimir-putin-einen-atomkrieg-darf-es-nicht-geben\/#breadcrumb","itemListElement":[{"@type":"ListItem","position":1,"name":"Home","item":"https:\/\/now-news.de\/de\/"},{"@type":"ListItem","position":2,"name":"Wladimir Putin: &quot;Einen Atomkrieg darf es nicht geben&quot;"}]},{"@type":"WebSite","@id":"https:\/\/now-news.de\/de\/#website","url":"https:\/\/now-news.de\/de\/","name":"just-now.NEWS Deutschland","description":"Das Portal f\u00fcr unzensierte Nachrichten aus der Welt","publisher":{"@id":"https:\/\/now-news.de\/de\/#organization"},"potentialAction":[{"@type":"SearchAction","target":{"@type":"EntryPoint","urlTemplate":"https:\/\/now-news.de\/de\/?s={search_term_string}"},"query-input":"required name=search_term_string"}],"inLanguage":"de"},{"@type":"Organization","@id":"https:\/\/now-news.de\/de\/#organization","name":"Just Now News","url":"https:\/\/now-news.de\/de\/","logo":{"@type":"ImageObject","inLanguage":"de","@id":"https:\/\/now-news.de\/de\/#\/schema\/logo\/image\/","url":"http:\/\/just-now.news\/de\/wp-content\/uploads\/sites\/3\/2022\/04\/logo500x500.jpg","contentUrl":"http:\/\/just-now.news\/de\/wp-content\/uploads\/sites\/3\/2022\/04\/logo500x500.jpg","width":500,"height":500,"caption":"Just Now News"},"image":{"@id":"https:\/\/now-news.de\/de\/#\/schema\/logo\/image\/"},"sameAs":["https:\/\/www.facebook.com\/wirmachenauf","https:\/\/x.com\/WirMachenAuf_de"]},{"@type":"Person","@id":"https:\/\/now-news.de\/de\/#\/schema\/person\/fb534a4e865501d8b3285208df34a9b5","name":"rtnews","image":{"@type":"ImageObject","inLanguage":"de","@id":"https:\/\/now-news.de\/de\/#\/schema\/person\/image\/","url":"https:\/\/secure.gravatar.com\/avatar\/82aafea7d8127119dd649515f56e2117?s=96&d=mm&r=g","contentUrl":"https:\/\/secure.gravatar.com\/avatar\/82aafea7d8127119dd649515f56e2117?s=96&d=mm&r=g","caption":"rtnews"},"url":"https:\/\/now-news.de\/de\/author\/rnews\/"}]}},"_links":{"self":[{"href":"https:\/\/now-news.de\/de\/wp-json\/wp\/v2\/posts\/15722"}],"collection":[{"href":"https:\/\/now-news.de\/de\/wp-json\/wp\/v2\/posts"}],"about":[{"href":"https:\/\/now-news.de\/de\/wp-json\/wp\/v2\/types\/post"}],"author":[{"embeddable":true,"href":"https:\/\/now-news.de\/de\/wp-json\/wp\/v2\/users\/3"}],"replies":[{"embeddable":true,"href":"https:\/\/now-news.de\/de\/wp-json\/wp\/v2\/comments?post=15722"}],"version-history":[{"count":0,"href":"https:\/\/now-news.de\/de\/wp-json\/wp\/v2\/posts\/15722\/revisions"}],"wp:featuredmedia":[{"embeddable":true,"href":"https:\/\/now-news.de\/de\/wp-json\/wp\/v2\/media\/15723"}],"wp:attachment":[{"href":"https:\/\/now-news.de\/de\/wp-json\/wp\/v2\/media?parent=15722"}],"wp:term":[{"taxonomy":"category","embeddable":true,"href":"https:\/\/now-news.de\/de\/wp-json\/wp\/v2\/categories?post=15722"},{"taxonomy":"post_tag","embeddable":true,"href":"https:\/\/now-news.de\/de\/wp-json\/wp\/v2\/tags?post=15722"}],"curies":[{"name":"wp","href":"https:\/\/api.w.org\/{rel}","templated":true}]}}