{"id":15700,"date":"2022-08-01T16:21:00","date_gmt":"2022-08-01T14:21:00","guid":{"rendered":"http:\/\/just-now.news\/de\/usa\/factcheck-biden-sie-werden-kein-covid-bekommen-wenn-sie-diese-impfungen-haben-falsch\/"},"modified":"2022-08-01T16:21:00","modified_gmt":"2022-08-01T14:21:00","slug":"factcheck-biden-sie-werden-kein-covid-bekommen-wenn-sie-diese-impfungen-haben-falsch","status":"publish","type":"post","link":"https:\/\/now-news.de\/de\/usa\/factcheck-biden-sie-werden-kein-covid-bekommen-wenn-sie-diese-impfungen-haben-falsch\/","title":{"rendered":"FACTCHECK BIDEN: \u201eSie werden kein COVID bekommen, wenn Sie diese Impfungen haben\u201c \u2013 FALSCH"},"content":{"rendered":"<div class=\"entry-content\">\n<p><\/p>\n<p><strong>Joe Biden behauptete im Jahr 2021, dass Sie kein COVID bekommen, wenn Sie die COVID-Impfungen nehmen.  Am vergangenen Wochenende hat sich Biden als falsch erwiesen. <\/strong><\/p>\n<p>Am Wochenende wurde berichtet, dass Joe Biden zum zweiten Mal an COVID erkrankt ist.<\/p>\n<div id=\"IC1-ad\" class=\"sponsor IC1\">\n<p class=\"ad-notice flipboard-remove\" fl:fl-noexcerpt=\"true\">Werbung \u2013 die Geschichte geht unten weiter<\/p>\n<div id=\"IC1\">\n<script>\n\t\t\t\t\tif( FFADS.units.IC1 && FFADS.units.IC1.ad_type == 'custom' && FFADS.units.IC1.custom_ads && ! getCookie( 'ff_subbed' ) ) {\n\t\t\t\t\t\tdocument.getElementById( 'IC1' ).innerHTML = FFADS.units.IC1.custom_ads[0].code;\n\t\t\t\t\t\tif( ! FFADS.units.IC1.lazy_load ) eval( FFADS.units.IC1.custom_ads[0].rendering_script );\n\t\t\t\t\t}\n\t\t\t\t\telse if( FFADS.units.IC1 && ! getCookie( 'ff_subbed' ) ) {\n\t\t\t\t\t\tif( 'IC' != 'SB' && 'IC' != 'SA' && FFADS.use_fixed_containers ) {\n\t\t\t\t\t\t\tlet max_wh = firefly_size_list_to_max_wh( FFADS.units.IC1.sizes );\n\t\t\t\t\t\t\tlet el = document.querySelector( '#IC1' );\n\t\t\t\t\t\t\tif( 'IC' != 'SA' && FFADS.slide_pixels ) {\n\t\t\t\t\t\t\t\tmax_wh[1] += parseInt( FFADS.slide_pixels );\n\t\t\t\t\t\t\t\tel.classList.add( 'sliding' );\n\t\t\t\t\t\t\t}\n\t\t\t\t\t\t\tel.style.width = max_wh[0] + 'px';\n\t\t\t\t\t\t\tel.style.height = max_wh[1] + 'px';\n\t\t\t\t\t\t\tel.classList.add( 'fixed-size' );\n\t\t\t\t\t\t}\n\t\t\t\t\t\tgoogletag.cmd.push( function() {\n\t\t\t\t\t\t\tFFADS.debug( 'googletag.displaying IC1' );\n\t\t\t\t\t\t\tgoogletag.display( 'IC1' );\n\t\t\t\t\t\t} );\n\t\t\t\t\t}\n\t\t\t\t\telse {\n\t\t\t\t\t\tdocument.querySelector( '#IC1-ad' ).style.display = 'none';}\n\t\t\t\t<\/script><\/div>\n<\/div>\n<blockquote class=\"wp-embedded-content\" data-secret=\"ks8hYtdeLK\">\n<p>EILMELDUNG: Vierfach gevaxter Joe Biden testet erneut positiv auf Covid\u2026 wird die Isolation wieder aufnehmen<\/p>\n<\/blockquote>\n<p><iframe class=\"wp-embedded-content\" sandbox=\"allow-scripts\" security=\"restricted\" style=\"position: absolute; clip: rect(1px, 1px, 1px, 1px);\" title=\"\u201cBREAKING: Quadruple Vaxxed Joe Biden Tests Positive For Covid Again\u2026 Will Restart Isolation\u201d \u2014 The Gateway Pundit\" data-src=\"https:\/\/www.thegatewaypundit.com\/2022\/07\/breaking-quadruple-vaxxed-joe-biden-tests-positive-covid-will-restart-isolation\/embed\/#?secret=ks8hYtdeLK\" data-secret=\"ks8hYtdeLK\" width=\"500\" height=\"282\" frameborder=\"0\" marginwidth=\"0\" marginheight=\"0\" scrolling=\"no\"><\/iframe><\/p>\n<p>Zuvor hatte Biden den Amerikanern versichert, dass sie COVID nicht bekommen w\u00fcrden, wenn sie COVID-Impfungen haben.<\/p>\n<p><script>\n\t\t\t\t\tif( ! getCookie( 'ff_subbed' ) ) if( typeof FFADS.replace_ict != 'undefined' ) if( FFADS.replace_ict ) eval( FFADS.replace_ict );\n\t\t\t\t<\/script><\/p>\n<blockquote class=\"twitter-tweet\">\n<p dir=\"ltr\" lang=\"en\">\u201eDu wirst Covid nicht bekommen, wenn du diese Impfungen hast\u201c<\/p>\n<p><a rel=\"nofollow noopener\" target=\"_blank\" href=\"https:\/\/t.co\/m63kMsDGg9\">pic.twitter.com\/m63kMsDGg9<\/a><\/p>\n<p>\u2013 Steve Cortes (@CortesSteve) <a rel=\"nofollow noopener\" target=\"_blank\" href=\"https:\/\/twitter.com\/CortesSteve\/status\/1553462380251811841\">30. Juli 2022<\/a><\/p>\n<\/blockquote>\n<p><script async src=\"https:\/\/platform.twitter.com\/widgets.js\" charset=\"utf-8\"><\/script><\/p>\n<div id=\"IC2-ad\" class=\"sponsor IC2\">\n<p class=\"ad-notice flipboard-remove\" fl:fl-noexcerpt=\"true\">Werbung \u2013 die Geschichte geht unten weiter<\/p>\n<div id=\"IC2\">\n<script>\n\t\t\t\t\tif( FFADS.units.IC2 && FFADS.units.IC2.ad_type == 'custom' && FFADS.units.IC2.custom_ads && ! getCookie( 'ff_subbed' ) ) {\n\t\t\t\t\t\tdocument.getElementById( 'IC2' ).innerHTML = FFADS.units.IC2.custom_ads[0].code;\n\t\t\t\t\t\tif( ! FFADS.units.IC2.lazy_load ) eval( FFADS.units.IC2.custom_ads[0].rendering_script );\n\t\t\t\t\t}\n\t\t\t\t\telse if( FFADS.units.IC2 && ! getCookie( 'ff_subbed' ) ) {\n\t\t\t\t\t\tif( 'IC' != 'SB' && 'IC' != 'SA' && FFADS.use_fixed_containers ) {\n\t\t\t\t\t\t\tlet max_wh = firefly_size_list_to_max_wh( FFADS.units.IC2.sizes );\n\t\t\t\t\t\t\tlet el = document.querySelector( '#IC2' );\n\t\t\t\t\t\t\tif( 'IC' != 'SA' && FFADS.slide_pixels ) {\n\t\t\t\t\t\t\t\tmax_wh[1] += parseInt( FFADS.slide_pixels );\n\t\t\t\t\t\t\t\tel.classList.add( 'sliding' );\n\t\t\t\t\t\t\t}\n\t\t\t\t\t\t\tel.style.width = max_wh[0] + 'px';\n\t\t\t\t\t\t\tel.style.height = max_wh[1] + 'px';\n\t\t\t\t\t\t\tel.classList.add( 'fixed-size' );\n\t\t\t\t\t\t}\n\t\t\t\t\t\tgoogletag.cmd.push( function() {\n\t\t\t\t\t\t\tFFADS.debug( 'googletag.displaying IC2' );\n\t\t\t\t\t\t\tgoogletag.display( 'IC2' );\n\t\t\t\t\t\t} );\n\t\t\t\t\t}\n\t\t\t\t\telse {\n\t\t\t\t\t\tdocument.querySelector( '#IC2-ad' ).style.display = 'none';}\n\t\t\t\t<\/script><\/div>\n<\/div>\n<p>Jetzt, da Biden wieder krank ist, fragen sich die Leute, ob Joe Biden die obige Behauptung auf Fakten \u00fcberpr\u00fcfen wird.  Biden lag sehr falsch, als er den Amerikanern sagte, dass sie COVID nicht mehr bekommen w\u00fcrden, sobald sie geimpft wurden.  Das stimmte \u00fcberhaupt nicht.<\/p>\n<blockquote class=\"twitter-tweet\">\n<p dir=\"ltr\" lang=\"en\">Ich frage mich, ob Twitter und Facebook zur\u00fcckgehen und die Behauptungen von Biden und seiner Regierung als Fehlinformationen markieren werden?  ???? https:\/\/t.co\/iknUVW8jmu<\/p>\n<p>\u2013 Demokratie stirbt mit Medienvoreingenommenheit (@RightEyeGuy) <a rel=\"nofollow noopener\" target=\"_blank\" href=\"https:\/\/twitter.com\/RightEyeGuy\/status\/1553906752759939072\">1. August 2022<\/a><\/p>\n<\/blockquote>\n<p><script async src=\"https:\/\/platform.twitter.com\/widgets.js\" charset=\"utf-8\"><\/script><\/p>\n<p>Andere versuchten uns einzureden, dass die Mandate von Fauci und Birx gerechtfertigt seien.  Dass diejenigen, die sich gegen diese Absurdit\u00e4ten auflehnten, entlassen wurden und ihre Lebensgrundlage verloren.<\/p>\n<p>Twitchy schrieb:<\/p>\n<div id=\"IC3-ad\" class=\"sponsor IC3\">\n<p class=\"ad-notice flipboard-remove\" fl:fl-noexcerpt=\"true\">Werbung \u2013 die Geschichte geht unten weiter<\/p>\n<div id=\"IC3\">\n<script>\n\t\t\t\t\tif( FFADS.units.IC3 && FFADS.units.IC3.ad_type == 'custom' && FFADS.units.IC3.custom_ads && ! getCookie( 'ff_subbed' ) ) {\n\t\t\t\t\t\tdocument.getElementById( 'IC3' ).innerHTML = FFADS.units.IC3.custom_ads[0].code;\n\t\t\t\t\t\tif( ! FFADS.units.IC3.lazy_load ) eval( FFADS.units.IC3.custom_ads[0].rendering_script );\n\t\t\t\t\t}\n\t\t\t\t\telse if( FFADS.units.IC3 && ! getCookie( 'ff_subbed' ) ) {\n\t\t\t\t\t\tif( 'IC' != 'SB' && 'IC' != 'SA' && FFADS.use_fixed_containers ) {\n\t\t\t\t\t\t\tlet max_wh = firefly_size_list_to_max_wh( FFADS.units.IC3.sizes );\n\t\t\t\t\t\t\tlet el = document.querySelector( '#IC3' );\n\t\t\t\t\t\t\tif( 'IC' != 'SA' && FFADS.slide_pixels ) {\n\t\t\t\t\t\t\t\tmax_wh[1] += parseInt( FFADS.slide_pixels );\n\t\t\t\t\t\t\t\tel.classList.add( 'sliding' );\n\t\t\t\t\t\t\t}\n\t\t\t\t\t\t\tel.style.width = max_wh[0] + 'px';\n\t\t\t\t\t\t\tel.style.height = max_wh[1] + 'px';\n\t\t\t\t\t\t\tel.classList.add( 'fixed-size' );\n\t\t\t\t\t\t}\n\t\t\t\t\t\tgoogletag.cmd.push( function() {\n\t\t\t\t\t\t\tFFADS.debug( 'googletag.displaying IC3' );\n\t\t\t\t\t\t\tgoogletag.display( 'IC3' );\n\t\t\t\t\t\t} );\n\t\t\t\t\t}\n\t\t\t\t\telse {\n\t\t\t\t\t\tdocument.querySelector( '#IC3-ad' ).style.display = 'none';}\n\t\t\t\t<\/script><\/div>\n<\/div>\n<blockquote>\n<p>Das Leben der Menschen wurde durch den Covid-Impfschub beeinflusst.  Die Wissenschaft mag sich noch nicht mit der statistischen Relevanz der negativen Auswirkungen des Impfstoffs selbst befassen, aber Menschen, die ihren Arbeitsplatz und ihren Lebensunterhalt verloren, als ihre Arbeitgeber die Impfung anordneten, waren direkt von Bidens Behauptungen betroffen.  Wenn klar gewesen w\u00e4re, dass die Wirksamkeit ungewiss war, h\u00e4tte es vielleicht mehr Toleranz f\u00fcr pers\u00f6nliche Entscheidungen gegeben.<\/p>\n<\/blockquote>\n<blockquote class=\"twitter-tweet\">\n<p dir=\"ltr\" lang=\"en\">Und aufgrund dieser L\u00fcge wurden Mandate gerechtfertigt.  Menschen wurden aus der Universit\u00e4t geschmissen und von Jobs gefeuert.<br \/>\nDie Mainstream-Medien und Gerichte haben niemanden zur Rechenschaft gezogen.  https:\/\/t.co\/llmSjp5TNw<\/p>\n<p>\u2014 David Millard Haskell (@DMillardHaskell) <a rel=\"nofollow noopener\" target=\"_blank\" href=\"https:\/\/twitter.com\/DMillardHaskell\/status\/1553812518103031808\">31. Juli 2022<\/a><\/p>\n<\/blockquote>\n<p><script async src=\"https:\/\/platform.twitter.com\/widgets.js\" charset=\"utf-8\"><\/script><\/p>\n<p class=\"article-ask\"><span class=\"ask\"><script>\n  if( getParameterByName( \"utm_source\" ) == \"testpage\" ) {\n    !function(e,t,a,n,g){e[n]=e[n]||[],e[n].push({\"gtm.start\":(new Date).getTime(),event:\"gtm.js\"});var m=t.getElementsByTagName(a)[0],r=t.createElement(a);r.async=!0,r.src=\"https:\/\/www.googletagmanager.com\/gtm.js?id=GTM-PL4PD49\",m.parentNode.insertBefore(r,m)}(window.parent,window.parent.document,\"script\",\"dataLayer\");\n    var iframe=window.parent.document.createElement(\"iframe\");iframe.src=\"https:\/\/www.googletagmanager.com\/ns.html?id=GTM-PL4PD49\";iframe.height=\"0\";iframe.width=\"0\";iframe.style=\"display:none;visibility:hidden\";window.parent.document.body.appendChild(iframe);\n    window.parent[\"$$mm-analytics\"] = window.parent[\"$$mm-analytics\"] || {};if (typeof window.parent[\"$$mm-analytics\"].firstEmbed === \"undefined\") {window.parent[\"$$mm-analytics\"].firstEmbed = Date.now();}\n    let as1 = document.createElement( \"script\" );\n    as1.src = \"https:\/\/bucket1.mm-syringe.com\/prod\/configs\/ee2300c8-43d2-7f0b-dac0-40aaf31c9d3d.js\";\n    document.body.appendChild( as1 );\n    let as2 = document.createElement( \"script\" );\n    as2.src = \"https:\/\/bucket1.mm-syringe.com\/prod\/injector\/injector.1.5.3.js\";\n    document.body.appendChild( as2 );\n  }\n<\/script><\/p>\n<div class=\"apester-media\" data-token=\"5f10a39f94902bc81d3d59a7\" data-context=\"true\" data-tags=\"\" data-fallback=\"true\" height=\"350\"><\/div>\n<p><script id=\"apester_script\" src=\"https:\/\/static.apester.com\/js\/sdk\/latest\/apester-sdk.js\" async><\/script><script async src=\"https:\/\/www.googletagmanager.com\/gtag\/js?id=G-EFE91RJVSQ\"><\/script><script>\n  window.dataLayer = window.dataLayer || [];\n  function gtag(){dataLayer.push(arguments);}\n  gtag(\\\\\\'js\\\\\\', new Date());\n  gtag(\\\\\\'config\\\\\\', \\\\\\'G-EFE91RJVSQ\\\\\\');\n<\/script><script type=\"text\/javascript\">\n\tfunction e(e){var t=!(arguments.length>1&&void 0!==arguments[1])||arguments[1],c=document.createElement(\"script\");c.src=e,t?c.type=\"module\":(c.async=!0,c.type=\"text\/javascript\",c.setAttribute(\"nomodule\",\"\"));var n=document.getElementsByTagName(\"script\")[0];n.parentNode.insertBefore(c,n)}function t(t,c,n){var a,o,r;null!==(a=t.marfeel)&&void 0!==a||(t.marfeel={}),null!==(o=(r=t.marfeel).cmd)&&void 0!==o||(r.cmd=[]),t.marfeel.config=n,t.marfeel.config.accountId=c;var i=\"https:\/\/sdk.mrf.io\/statics\";e(\"\".concat(i,\"\/marfeel-sdk.js?id=\").concat(c),!0),e(\"\".concat(i,\"\/marfeel-sdk.es5.js?id=\").concat(c),!1)}!function(e,c){var n=arguments.length>2&&void 0!==arguments[2]?arguments[2]:{};t(e,c,n)}(window,1573,{} \/*config*\/);\n<\/script><\/span><\/p>\n<\/div>\n<p><br \/>\n<br \/><a href=\"https:\/\/www.thegatewaypundit.com\/2022\/08\/factcheck-biden-not-gonna-get-covid-vaccinations-false\/\">Source link <\/a><\/p>\n","protected":false},"excerpt":{"rendered":"<p>Joe Biden behauptete im Jahr 2021, dass Sie kein COVID bekommen, wenn Sie die COVID-Impfungen nehmen. Am vergangenen Wochenende hat sich Biden als falsch erwiesen. Am Wochenende wurde berichtet, dass Joe Biden zum zweiten Mal an COVID erkrankt ist. Werbung \u2013 die Geschichte geht unten weiter EILMELDUNG: Vierfach gevaxter Joe Biden testet erneut positiv auf [&hellip;]<\/p>\n","protected":false},"author":5,"featured_media":15701,"comment_status":"open","ping_status":"open","sticky":false,"template":"","format":"standard","meta":{"wp_automatic_camp":["1161"],"6b365003464228fa2e2696786dd56fb9":["FACTCHECK BIDEN: \u201eSie werden kein COVID bekommen, wenn Sie diese Impfungen haben\u201c \u2013 FALSCH\n"],"original_link":["https:\/\/www.thegatewaypundit.com\/2022\/08\/factcheck-biden-not-gonna-get-covid-vaccinations-false\/"],"_thumbnail_id":["15701"],"wp_automatic_remove_first_image":["yes"],"jnews_social_counter_last_update":["1777564948"]},"categories":[25],"tags":[7755,1348,730,4350,29960,19532,771,24295,2030,527,4218,1040],"yoast_head":"<!-- This site is optimized with the Yoast SEO Premium plugin v22.7 (Yoast SEO v22.7) - https:\/\/yoast.com\/wordpress\/plugins\/seo\/ -->\n<title>FACTCHECK BIDEN: \u201eSie werden kein COVID bekommen, wenn Sie diese Impfungen haben\u201c \u2013 FALSCH - just-now.NEWS Deutschland<\/title>\n<meta name=\"robots\" content=\"index, follow, max-snippet:-1, max-image-preview:large, max-video-preview:-1\" \/>\n<link rel=\"canonical\" href=\"https:\/\/now-news.de\/de\/usa\/factcheck-biden-sie-werden-kein-covid-bekommen-wenn-sie-diese-impfungen-haben-falsch\/\" \/>\n<meta property=\"og:locale\" content=\"de_DE\" \/>\n<meta property=\"og:type\" content=\"article\" \/>\n<meta property=\"og:title\" content=\"FACTCHECK BIDEN: \u201eSie werden kein COVID bekommen, wenn Sie diese Impfungen haben\u201c \u2013 FALSCH\" \/>\n<meta property=\"og:description\" content=\"Joe Biden behauptete im Jahr 2021, dass Sie kein COVID bekommen, wenn Sie die COVID-Impfungen nehmen. Am vergangenen Wochenende hat sich Biden als falsch erwiesen. Am Wochenende wurde berichtet, dass Joe Biden zum zweiten Mal an COVID erkrankt ist. Werbung \u2013 die Geschichte geht unten weiter EILMELDUNG: Vierfach gevaxter Joe Biden testet erneut positiv auf [&hellip;]\" \/>\n<meta property=\"og:url\" content=\"https:\/\/now-news.de\/de\/usa\/factcheck-biden-sie-werden-kein-covid-bekommen-wenn-sie-diese-impfungen-haben-falsch\/\" \/>\n<meta property=\"og:site_name\" content=\"just-now.NEWS Deutschland\" \/>\n<meta property=\"article:publisher\" content=\"https:\/\/www.facebook.com\/wirmachenauf\" \/>\n<meta property=\"article:published_time\" content=\"2022-08-01T14:21:00+00:00\" \/>\n<meta property=\"og:image\" content=\"https:\/\/now-news.de\/de\/wp-content\/uploads\/sites\/3\/2022\/08\/FACTCHECK-BIDEN-\u201eSie-werden-kein-COVID-bekommen-wenn-Sie-diese.jpg\" \/>\n\t<meta property=\"og:image:width\" content=\"778\" \/>\n\t<meta property=\"og:image:height\" content=\"471\" \/>\n\t<meta property=\"og:image:type\" content=\"image\/jpeg\" \/>\n<meta name=\"author\" content=\"greatreset\" \/>\n<meta name=\"twitter:card\" content=\"summary_large_image\" \/>\n<meta name=\"twitter:creator\" content=\"@WirMachenAuf_de\" \/>\n<meta name=\"twitter:site\" content=\"@WirMachenAuf_de\" \/>\n<meta name=\"twitter:label1\" content=\"Verfasst von\" \/>\n\t<meta name=\"twitter:data1\" content=\"greatreset\" \/>\n\t<meta name=\"twitter:label2\" content=\"Gesch\u00e4tzte Lesezeit\" \/>\n\t<meta name=\"twitter:data2\" content=\"2\u00a0Minuten\" \/>\n<script type=\"application\/ld+json\" class=\"yoast-schema-graph\">{\"@context\":\"https:\/\/schema.org\",\"@graph\":[{\"@type\":\"Article\",\"@id\":\"https:\/\/now-news.de\/de\/usa\/factcheck-biden-sie-werden-kein-covid-bekommen-wenn-sie-diese-impfungen-haben-falsch\/#article\",\"isPartOf\":{\"@id\":\"https:\/\/now-news.de\/de\/usa\/factcheck-biden-sie-werden-kein-covid-bekommen-wenn-sie-diese-impfungen-haben-falsch\/\"},\"author\":{\"name\":\"greatreset\",\"@id\":\"https:\/\/now-news.de\/de\/#\/schema\/person\/8afb4cd92b68572db7902c13a349ffcb\"},\"headline\":\"FACTCHECK BIDEN: \u201eSie werden kein COVID bekommen, wenn Sie diese Impfungen haben\u201c \u2013 FALSCH\",\"datePublished\":\"2022-08-01T14:21:00+00:00\",\"dateModified\":\"2022-08-01T14:21:00+00:00\",\"mainEntityOfPage\":{\"@id\":\"https:\/\/now-news.de\/de\/usa\/factcheck-biden-sie-werden-kein-covid-bekommen-wenn-sie-diese-impfungen-haben-falsch\/\"},\"wordCount\":338,\"commentCount\":0,\"publisher\":{\"@id\":\"https:\/\/now-news.de\/de\/#organization\"},\"image\":{\"@id\":\"https:\/\/now-news.de\/de\/usa\/factcheck-biden-sie-werden-kein-covid-bekommen-wenn-sie-diese-impfungen-haben-falsch\/#primaryimage\"},\"thumbnailUrl\":\"https:\/\/now-news.de\/de\/wp-content\/uploads\/sites\/3\/2022\/08\/FACTCHECK-BIDEN-\u201eSie-werden-kein-COVID-bekommen-wenn-Sie-diese.jpg\",\"keywords\":[\"bekommen\",\"Biden\",\"covid\",\"Diese\",\"FACTCHECK\",\"falsch\",\"haben\",\"Impfungen\",\"Kein\",\"Sie\",\"wenn\",\"Werden\"],\"articleSection\":[\"USA\"],\"inLanguage\":\"de\",\"potentialAction\":[{\"@type\":\"CommentAction\",\"name\":\"Comment\",\"target\":[\"https:\/\/now-news.de\/de\/usa\/factcheck-biden-sie-werden-kein-covid-bekommen-wenn-sie-diese-impfungen-haben-falsch\/#respond\"]}]},{\"@type\":\"WebPage\",\"@id\":\"https:\/\/now-news.de\/de\/usa\/factcheck-biden-sie-werden-kein-covid-bekommen-wenn-sie-diese-impfungen-haben-falsch\/\",\"url\":\"https:\/\/now-news.de\/de\/usa\/factcheck-biden-sie-werden-kein-covid-bekommen-wenn-sie-diese-impfungen-haben-falsch\/\",\"name\":\"FACTCHECK BIDEN: \u201eSie werden kein COVID bekommen, wenn Sie diese Impfungen haben\u201c \u2013 FALSCH - just-now.NEWS Deutschland\",\"isPartOf\":{\"@id\":\"https:\/\/now-news.de\/de\/#website\"},\"primaryImageOfPage\":{\"@id\":\"https:\/\/now-news.de\/de\/usa\/factcheck-biden-sie-werden-kein-covid-bekommen-wenn-sie-diese-impfungen-haben-falsch\/#primaryimage\"},\"image\":{\"@id\":\"https:\/\/now-news.de\/de\/usa\/factcheck-biden-sie-werden-kein-covid-bekommen-wenn-sie-diese-impfungen-haben-falsch\/#primaryimage\"},\"thumbnailUrl\":\"https:\/\/now-news.de\/de\/wp-content\/uploads\/sites\/3\/2022\/08\/FACTCHECK-BIDEN-\u201eSie-werden-kein-COVID-bekommen-wenn-Sie-diese.jpg\",\"datePublished\":\"2022-08-01T14:21:00+00:00\",\"dateModified\":\"2022-08-01T14:21:00+00:00\",\"breadcrumb\":{\"@id\":\"https:\/\/now-news.de\/de\/usa\/factcheck-biden-sie-werden-kein-covid-bekommen-wenn-sie-diese-impfungen-haben-falsch\/#breadcrumb\"},\"inLanguage\":\"de\",\"potentialAction\":[{\"@type\":\"ReadAction\",\"target\":[\"https:\/\/now-news.de\/de\/usa\/factcheck-biden-sie-werden-kein-covid-bekommen-wenn-sie-diese-impfungen-haben-falsch\/\"]}]},{\"@type\":\"ImageObject\",\"inLanguage\":\"de\",\"@id\":\"https:\/\/now-news.de\/de\/usa\/factcheck-biden-sie-werden-kein-covid-bekommen-wenn-sie-diese-impfungen-haben-falsch\/#primaryimage\",\"url\":\"https:\/\/now-news.de\/de\/wp-content\/uploads\/sites\/3\/2022\/08\/FACTCHECK-BIDEN-\u201eSie-werden-kein-COVID-bekommen-wenn-Sie-diese.jpg\",\"contentUrl\":\"https:\/\/now-news.de\/de\/wp-content\/uploads\/sites\/3\/2022\/08\/FACTCHECK-BIDEN-\u201eSie-werden-kein-COVID-bekommen-wenn-Sie-diese.jpg\",\"width\":778,\"height\":471},{\"@type\":\"BreadcrumbList\",\"@id\":\"https:\/\/now-news.de\/de\/usa\/factcheck-biden-sie-werden-kein-covid-bekommen-wenn-sie-diese-impfungen-haben-falsch\/#breadcrumb\",\"itemListElement\":[{\"@type\":\"ListItem\",\"position\":1,\"name\":\"Home\",\"item\":\"https:\/\/now-news.de\/de\/\"},{\"@type\":\"ListItem\",\"position\":2,\"name\":\"FACTCHECK BIDEN: \u201eSie werden kein COVID bekommen, wenn Sie diese Impfungen haben\u201c \u2013 FALSCH\"}]},{\"@type\":\"WebSite\",\"@id\":\"https:\/\/now-news.de\/de\/#website\",\"url\":\"https:\/\/now-news.de\/de\/\",\"name\":\"just-now.NEWS Deutschland\",\"description\":\"Das Portal f\u00fcr unzensierte Nachrichten aus der Welt\",\"publisher\":{\"@id\":\"https:\/\/now-news.de\/de\/#organization\"},\"potentialAction\":[{\"@type\":\"SearchAction\",\"target\":{\"@type\":\"EntryPoint\",\"urlTemplate\":\"https:\/\/now-news.de\/de\/?s={search_term_string}\"},\"query-input\":\"required name=search_term_string\"}],\"inLanguage\":\"de\"},{\"@type\":\"Organization\",\"@id\":\"https:\/\/now-news.de\/de\/#organization\",\"name\":\"Just Now News\",\"url\":\"https:\/\/now-news.de\/de\/\",\"logo\":{\"@type\":\"ImageObject\",\"inLanguage\":\"de\",\"@id\":\"https:\/\/now-news.de\/de\/#\/schema\/logo\/image\/\",\"url\":\"http:\/\/just-now.news\/de\/wp-content\/uploads\/sites\/3\/2022\/04\/logo500x500.jpg\",\"contentUrl\":\"http:\/\/just-now.news\/de\/wp-content\/uploads\/sites\/3\/2022\/04\/logo500x500.jpg\",\"width\":500,\"height\":500,\"caption\":\"Just Now News\"},\"image\":{\"@id\":\"https:\/\/now-news.de\/de\/#\/schema\/logo\/image\/\"},\"sameAs\":[\"https:\/\/www.facebook.com\/wirmachenauf\",\"https:\/\/x.com\/WirMachenAuf_de\"]},{\"@type\":\"Person\",\"@id\":\"https:\/\/now-news.de\/de\/#\/schema\/person\/8afb4cd92b68572db7902c13a349ffcb\",\"name\":\"greatreset\",\"image\":{\"@type\":\"ImageObject\",\"inLanguage\":\"de\",\"@id\":\"https:\/\/now-news.de\/de\/#\/schema\/person\/image\/\",\"url\":\"https:\/\/secure.gravatar.com\/avatar\/a088df625d49991c090e78c8b9542592?s=96&d=mm&r=g\",\"contentUrl\":\"https:\/\/secure.gravatar.com\/avatar\/a088df625d49991c090e78c8b9542592?s=96&d=mm&r=g\",\"caption\":\"greatreset\"},\"url\":\"https:\/\/now-news.de\/de\/author\/greatreset\/\"}]}<\/script>\n<!-- \/ Yoast SEO Premium plugin. -->","yoast_head_json":{"title":"FACTCHECK BIDEN: \u201eSie werden kein COVID bekommen, wenn Sie diese Impfungen haben\u201c \u2013 FALSCH - just-now.NEWS Deutschland","robots":{"index":"index","follow":"follow","max-snippet":"max-snippet:-1","max-image-preview":"max-image-preview:large","max-video-preview":"max-video-preview:-1"},"canonical":"https:\/\/now-news.de\/de\/usa\/factcheck-biden-sie-werden-kein-covid-bekommen-wenn-sie-diese-impfungen-haben-falsch\/","og_locale":"de_DE","og_type":"article","og_title":"FACTCHECK BIDEN: \u201eSie werden kein COVID bekommen, wenn Sie diese Impfungen haben\u201c \u2013 FALSCH","og_description":"Joe Biden behauptete im Jahr 2021, dass Sie kein COVID bekommen, wenn Sie die COVID-Impfungen nehmen. Am vergangenen Wochenende hat sich Biden als falsch erwiesen. Am Wochenende wurde berichtet, dass Joe Biden zum zweiten Mal an COVID erkrankt ist. Werbung \u2013 die Geschichte geht unten weiter EILMELDUNG: Vierfach gevaxter Joe Biden testet erneut positiv auf [&hellip;]","og_url":"https:\/\/now-news.de\/de\/usa\/factcheck-biden-sie-werden-kein-covid-bekommen-wenn-sie-diese-impfungen-haben-falsch\/","og_site_name":"just-now.NEWS Deutschland","article_publisher":"https:\/\/www.facebook.com\/wirmachenauf","article_published_time":"2022-08-01T14:21:00+00:00","og_image":[{"width":778,"height":471,"url":"https:\/\/now-news.de\/de\/wp-content\/uploads\/sites\/3\/2022\/08\/FACTCHECK-BIDEN-\u201eSie-werden-kein-COVID-bekommen-wenn-Sie-diese.jpg","type":"image\/jpeg"}],"author":"greatreset","twitter_card":"summary_large_image","twitter_creator":"@WirMachenAuf_de","twitter_site":"@WirMachenAuf_de","twitter_misc":{"Verfasst von":"greatreset","Gesch\u00e4tzte Lesezeit":"2\u00a0Minuten"},"schema":{"@context":"https:\/\/schema.org","@graph":[{"@type":"Article","@id":"https:\/\/now-news.de\/de\/usa\/factcheck-biden-sie-werden-kein-covid-bekommen-wenn-sie-diese-impfungen-haben-falsch\/#article","isPartOf":{"@id":"https:\/\/now-news.de\/de\/usa\/factcheck-biden-sie-werden-kein-covid-bekommen-wenn-sie-diese-impfungen-haben-falsch\/"},"author":{"name":"greatreset","@id":"https:\/\/now-news.de\/de\/#\/schema\/person\/8afb4cd92b68572db7902c13a349ffcb"},"headline":"FACTCHECK BIDEN: \u201eSie werden kein COVID bekommen, wenn Sie diese Impfungen haben\u201c \u2013 FALSCH","datePublished":"2022-08-01T14:21:00+00:00","dateModified":"2022-08-01T14:21:00+00:00","mainEntityOfPage":{"@id":"https:\/\/now-news.de\/de\/usa\/factcheck-biden-sie-werden-kein-covid-bekommen-wenn-sie-diese-impfungen-haben-falsch\/"},"wordCount":338,"commentCount":0,"publisher":{"@id":"https:\/\/now-news.de\/de\/#organization"},"image":{"@id":"https:\/\/now-news.de\/de\/usa\/factcheck-biden-sie-werden-kein-covid-bekommen-wenn-sie-diese-impfungen-haben-falsch\/#primaryimage"},"thumbnailUrl":"https:\/\/now-news.de\/de\/wp-content\/uploads\/sites\/3\/2022\/08\/FACTCHECK-BIDEN-\u201eSie-werden-kein-COVID-bekommen-wenn-Sie-diese.jpg","keywords":["bekommen","Biden","covid","Diese","FACTCHECK","falsch","haben","Impfungen","Kein","Sie","wenn","Werden"],"articleSection":["USA"],"inLanguage":"de","potentialAction":[{"@type":"CommentAction","name":"Comment","target":["https:\/\/now-news.de\/de\/usa\/factcheck-biden-sie-werden-kein-covid-bekommen-wenn-sie-diese-impfungen-haben-falsch\/#respond"]}]},{"@type":"WebPage","@id":"https:\/\/now-news.de\/de\/usa\/factcheck-biden-sie-werden-kein-covid-bekommen-wenn-sie-diese-impfungen-haben-falsch\/","url":"https:\/\/now-news.de\/de\/usa\/factcheck-biden-sie-werden-kein-covid-bekommen-wenn-sie-diese-impfungen-haben-falsch\/","name":"FACTCHECK BIDEN: \u201eSie werden kein COVID bekommen, wenn Sie diese Impfungen haben\u201c \u2013 FALSCH - just-now.NEWS Deutschland","isPartOf":{"@id":"https:\/\/now-news.de\/de\/#website"},"primaryImageOfPage":{"@id":"https:\/\/now-news.de\/de\/usa\/factcheck-biden-sie-werden-kein-covid-bekommen-wenn-sie-diese-impfungen-haben-falsch\/#primaryimage"},"image":{"@id":"https:\/\/now-news.de\/de\/usa\/factcheck-biden-sie-werden-kein-covid-bekommen-wenn-sie-diese-impfungen-haben-falsch\/#primaryimage"},"thumbnailUrl":"https:\/\/now-news.de\/de\/wp-content\/uploads\/sites\/3\/2022\/08\/FACTCHECK-BIDEN-\u201eSie-werden-kein-COVID-bekommen-wenn-Sie-diese.jpg","datePublished":"2022-08-01T14:21:00+00:00","dateModified":"2022-08-01T14:21:00+00:00","breadcrumb":{"@id":"https:\/\/now-news.de\/de\/usa\/factcheck-biden-sie-werden-kein-covid-bekommen-wenn-sie-diese-impfungen-haben-falsch\/#breadcrumb"},"inLanguage":"de","potentialAction":[{"@type":"ReadAction","target":["https:\/\/now-news.de\/de\/usa\/factcheck-biden-sie-werden-kein-covid-bekommen-wenn-sie-diese-impfungen-haben-falsch\/"]}]},{"@type":"ImageObject","inLanguage":"de","@id":"https:\/\/now-news.de\/de\/usa\/factcheck-biden-sie-werden-kein-covid-bekommen-wenn-sie-diese-impfungen-haben-falsch\/#primaryimage","url":"https:\/\/now-news.de\/de\/wp-content\/uploads\/sites\/3\/2022\/08\/FACTCHECK-BIDEN-\u201eSie-werden-kein-COVID-bekommen-wenn-Sie-diese.jpg","contentUrl":"https:\/\/now-news.de\/de\/wp-content\/uploads\/sites\/3\/2022\/08\/FACTCHECK-BIDEN-\u201eSie-werden-kein-COVID-bekommen-wenn-Sie-diese.jpg","width":778,"height":471},{"@type":"BreadcrumbList","@id":"https:\/\/now-news.de\/de\/usa\/factcheck-biden-sie-werden-kein-covid-bekommen-wenn-sie-diese-impfungen-haben-falsch\/#breadcrumb","itemListElement":[{"@type":"ListItem","position":1,"name":"Home","item":"https:\/\/now-news.de\/de\/"},{"@type":"ListItem","position":2,"name":"FACTCHECK BIDEN: \u201eSie werden kein COVID bekommen, wenn Sie diese Impfungen haben\u201c \u2013 FALSCH"}]},{"@type":"WebSite","@id":"https:\/\/now-news.de\/de\/#website","url":"https:\/\/now-news.de\/de\/","name":"just-now.NEWS Deutschland","description":"Das Portal f\u00fcr unzensierte Nachrichten aus der Welt","publisher":{"@id":"https:\/\/now-news.de\/de\/#organization"},"potentialAction":[{"@type":"SearchAction","target":{"@type":"EntryPoint","urlTemplate":"https:\/\/now-news.de\/de\/?s={search_term_string}"},"query-input":"required name=search_term_string"}],"inLanguage":"de"},{"@type":"Organization","@id":"https:\/\/now-news.de\/de\/#organization","name":"Just Now News","url":"https:\/\/now-news.de\/de\/","logo":{"@type":"ImageObject","inLanguage":"de","@id":"https:\/\/now-news.de\/de\/#\/schema\/logo\/image\/","url":"http:\/\/just-now.news\/de\/wp-content\/uploads\/sites\/3\/2022\/04\/logo500x500.jpg","contentUrl":"http:\/\/just-now.news\/de\/wp-content\/uploads\/sites\/3\/2022\/04\/logo500x500.jpg","width":500,"height":500,"caption":"Just Now News"},"image":{"@id":"https:\/\/now-news.de\/de\/#\/schema\/logo\/image\/"},"sameAs":["https:\/\/www.facebook.com\/wirmachenauf","https:\/\/x.com\/WirMachenAuf_de"]},{"@type":"Person","@id":"https:\/\/now-news.de\/de\/#\/schema\/person\/8afb4cd92b68572db7902c13a349ffcb","name":"greatreset","image":{"@type":"ImageObject","inLanguage":"de","@id":"https:\/\/now-news.de\/de\/#\/schema\/person\/image\/","url":"https:\/\/secure.gravatar.com\/avatar\/a088df625d49991c090e78c8b9542592?s=96&d=mm&r=g","contentUrl":"https:\/\/secure.gravatar.com\/avatar\/a088df625d49991c090e78c8b9542592?s=96&d=mm&r=g","caption":"greatreset"},"url":"https:\/\/now-news.de\/de\/author\/greatreset\/"}]}},"_links":{"self":[{"href":"https:\/\/now-news.de\/de\/wp-json\/wp\/v2\/posts\/15700"}],"collection":[{"href":"https:\/\/now-news.de\/de\/wp-json\/wp\/v2\/posts"}],"about":[{"href":"https:\/\/now-news.de\/de\/wp-json\/wp\/v2\/types\/post"}],"author":[{"embeddable":true,"href":"https:\/\/now-news.de\/de\/wp-json\/wp\/v2\/users\/5"}],"replies":[{"embeddable":true,"href":"https:\/\/now-news.de\/de\/wp-json\/wp\/v2\/comments?post=15700"}],"version-history":[{"count":0,"href":"https:\/\/now-news.de\/de\/wp-json\/wp\/v2\/posts\/15700\/revisions"}],"wp:featuredmedia":[{"embeddable":true,"href":"https:\/\/now-news.de\/de\/wp-json\/wp\/v2\/media\/15701"}],"wp:attachment":[{"href":"https:\/\/now-news.de\/de\/wp-json\/wp\/v2\/media?parent=15700"}],"wp:term":[{"taxonomy":"category","embeddable":true,"href":"https:\/\/now-news.de\/de\/wp-json\/wp\/v2\/categories?post=15700"},{"taxonomy":"post_tag","embeddable":true,"href":"https:\/\/now-news.de\/de\/wp-json\/wp\/v2\/tags?post=15700"}],"curies":[{"name":"wp","href":"https:\/\/api.w.org\/{rel}","templated":true}]}}