{"id":15690,"date":"2022-08-01T14:49:41","date_gmt":"2022-08-01T12:49:41","guid":{"rendered":"http:\/\/just-now.news\/de\/deutschland\/lindner-berater-warnt-vor-rezession-bisherige-konjunkturelle-rueckschlaege-waren-erst-der-anfang\/"},"modified":"2022-08-01T14:49:41","modified_gmt":"2022-08-01T12:49:41","slug":"lindner-berater-warnt-vor-rezession-bisherige-konjunkturelle-rueckschlaege-waren-erst-der-anfang","status":"publish","type":"post","link":"https:\/\/now-news.de\/de\/deutschland\/lindner-berater-warnt-vor-rezession-bisherige-konjunkturelle-rueckschlaege-waren-erst-der-anfang\/","title":{"rendered":"Lindner-Berater warnt vor Rezession: Bisherige konjunkturelle R\u00fcckschl\u00e4ge waren erst der Anfang"},"content":{"rendered":"<p><img decoding=\"async\" src=\"http:\/\/just-now.news\/de\/wp-content\/uploads\/sites\/3\/2022\/08\/62e7be3848fbef4f3d0813e2.jpg\" \/><\/p>\n<div class=\"Text-root Text-type_1 \">\n                Der Pr\u00e4sident des Walter-Eucken-Instituts, Lars Feld, spricht Klartext \u00fcber die wirtschaftliche Entwicklung in Deutschland: &#8220;So richtig hart wird es jetzt erst&#8221;, meint der Chef-Berater von Finanzminister Christian Lindner (FDP) \u2013 und er schlie\u00dft zweistellige Inflationsraten nicht mehr aus.\n            <\/div>\n<p><\/p>\n<div class=\"Text-root Text-type_5 ArticleView-text ViewText-root \">\n<p>Kommt die Wirtschaftskrise jetzt erst richtig in Schwung? Nach der Einsch\u00e4tzung von <a rel=\"nofollow noopener\" target=\"_blank\" href=\"https:\/\/de.wikipedia.org\/wiki\/Lars_Feld\">Prof. Dr. Lars Peter Feld<\/a>, dem Chefberater des Bundesfinanzministers Christian Lindner\u00a0(FDP), <a rel=\"nofollow noopener\" target=\"_blank\" href=\"https:\/\/www.handelsblatt.com\/politik\/deutschland\/interview-lindner-chefberater-lars-feld-so-richtig-hart-wird-es-jetzt-erst\/28561424.html\">gegen\u00fcber<\/a> dem <em>Handelsblatt<\/em>, lautet die Antwort eindeutig:<\/p>\n<blockquote>\n<p><em>&#8220;So richtig hart wird es jetzt erst&#8221;<\/em><\/p>\n<\/blockquote>\n<p>Die schlechte Lage der deutschen Wirtschaft seit April bedeute laut Feld nichts Gutes, denn er betont:<\/p>\n<blockquote>\n<p><em>&#8220;Deutschland befindet sich in h\u00f6chst unsicherem Fahrwasser. [&#8230;] Die konjunkturellen R\u00fcckschl\u00e4ge im ersten Halbjahr 2022 waren nur der Anfang.&#8221; <\/em><\/p>\n<\/blockquote>\n<p>Eine unmittelbare Rezession sei sehr realistisch, meint Feld, der auch Pr\u00e4sident des prestigetr\u00e4chtigen <a rel=\"nofollow noopener\" target=\"_blank\" href=\"https:\/\/de.wikipedia.org\/wiki\/Walter_Eucken_Institut\">Walter Eucken Instituts e. V. nahe<\/a> der Albert-Ludwigs-Universit\u00e4t in Freiburg im Breisgau ist. Besonders die &#8220;Energiekrise&#8221;, welche durch die antirussischen Sanktionen massiv befeuert wurde, trage dazu bei. Bei einem dauerhaften Gaslieferstopp von russischem Gas w\u00e4re eine Rezession &#8220;unausweichlich&#8221;. Auf die Frage, wie Deutschland im Vergleich zur &#8220;Finanzkrise 2008\/2009 und der Coronakrise 2020&#8221; dahst\u00fcnde, erwidert der 55-J\u00e4hrige:<\/p>\n<blockquote>\n<p><em>&#8220;Die Einbr\u00fcche in den Zahlen m\u00f6gen damals extremer gewesen sein. Aber die Lage jetzt kann durchaus problematischer sein. In den vorherigen Krisen gab es einen externen Schock, auf den man gezielt reagieren konnte. Es war dann rasch erkennbar: Irgendwann ist es vorbei. Jetzt sind wir in einer Situation, in der der Schock auf unbestimmte Zeit andauert und immer neue Folgen mit sich bringt, die sich dann gegenseitig verst\u00e4rken. [&#8230;] Aus dem Ukrainekrieg ist die Energiekrise entstanden. Diese trifft auf die Folgen der Coronapandemie. Das treibt die Preise weiter, verst\u00e4rkt bei Gas und \u00d6l. Preiserh\u00f6hungen sind nun in der ganzen Breite der G\u00fcter und Dienstleistungen zu sehen. Die hohen Preise sorgen daf\u00fcr, dass Unternehmen ihre Produktion teilweise herunterfahren und abwarten. Das wiederum verst\u00e4rkt den Auftragsstau, sodass die pandemiebedingten Lieferkettenprobleme durch den Krieg noch verst\u00e4rkt werden.&#8221;<\/em><\/p>\n<\/blockquote>\n<p>Daher fordert Feld beispielsweise das Weiterbetreiben der drei noch verbliebenen Kernkraftwerke in Deutschland nicht nur \u00fcber das Jahr 2022 hinaus, sondern f\u00fcr noch &#8220;mindestens f\u00fcnf Jahre&#8221;. Gleichzeitig will er, dass die Bundesregierung die Verbraucher zum Gassparen dr\u00e4ngt. So soll auf andere Energietr\u00e4ger umgestiegen werden, und es m\u00fcsse nicht &#8220;jeder Durchgangsraum&#8221; beheizt werden. Auf die Frage, wie die einfachen B\u00fcrger das finanziell stemmen sollen, meint Feld:<\/p>\n<blockquote>\n<p><em><strong>&#8220;<\/strong> Es braucht nat\u00fcrlich Entlastungen, insbesondere f\u00fcr einkommensschwache Haushalte. An Transfers f\u00fcr die Empf\u00e4nger von Grundsicherung, Arbeitslosengeld II und Wohngeld f\u00fchrt kein Weg vorbei.&#8221;<\/em><\/p>\n<\/blockquote>\n<p>Die anstehende Steuerreform k\u00f6nne man durchaus so gestalten, &#8220;dass vor allem untere und mittlere Einkommen relativ besser gestellt werden&#8221;. Wichtig sei auch die kalte Progression einzud\u00e4mmen. Dennoch schlie\u00dft Feld auch weitere Preissteigerungen nicht aus:<\/p>\n<blockquote>\n<p><em>&#8220;Die Prognosen sagen zwar, der Hochpunkt k\u00f6nnte schon erreicht sein. Ich w\u00e4re aber vorsichtiger. Gerade in Phasen hoher\u00a0Inflation\u00a0funktioniert folgende Daumenregel recht gut: Die Erzeugerpreise kommen verz\u00f6gert zu einem Drittel in den Verbraucherpreisen, also der Inflationsrate, an. Die Erzeugerpreise sind immer noch auf einem sehr hohen Niveau. In den vergangenen vier Monaten sind sie um jeweils mehr als 30 Prozent gewachsen. Einiges spricht also daf\u00fcr, dass sogar zweistellige Inflationsraten m\u00f6glich werden.&#8221;<\/em><\/p>\n<\/blockquote>\n<p><strong>Mehr zum Thema<em> &#8211;<\/em><em>\u00a0 <\/em><\/strong><a rel=\"nofollow noopener\" target=\"_blank\" href=\"https:\/\/de.rt.com\/wirtschaft\/144891-handwerk-in-deutschland-bedroht\/\">Dramatische Energiepreiserh\u00f6hungen und Inflation bedrohen Handwerksbetriebe in Deutschland<\/a><\/p>\n<\/div>\n<p><br \/>\n<br \/><a href=\"https:\/\/de.rt.com\/inland\/144933-linder-berater-feld-warnt-vor\/\">Source link <\/a><\/p>\n","protected":false},"excerpt":{"rendered":"<p>Der Pr\u00e4sident des Walter-Eucken-Instituts, Lars Feld, spricht Klartext \u00fcber die wirtschaftliche Entwicklung in Deutschland: &#8220;So richtig hart wird es jetzt erst&#8221;, meint der Chef-Berater von Finanzminister Christian Lindner (FDP) \u2013 und er schlie\u00dft zweistellige Inflationsraten nicht mehr aus. Kommt die Wirtschaftskrise jetzt erst richtig in Schwung? Nach der Einsch\u00e4tzung von Prof. Dr. Lars Peter Feld, [&hellip;]<\/p>\n","protected":false},"author":3,"featured_media":15691,"comment_status":"open","ping_status":"open","sticky":false,"template":"","format":"standard","meta":{"wp_automatic_camp":["217"],"6f4e0222b13b127b69642d6fde8aa4c3":["Lindner-Berater warnt vor Rezession: Bisherige konjunkturelle R\u00fcckschl\u00e4ge waren erst der Anfang"],"original_link":["https:\/\/de.rt.com\/inland\/144933-linder-berater-feld-warnt-vor\/"],"_thumbnail_id":["15691"],"_wptg_p2tg_sent2tg":["2022-08-01 14:56:44"],"jnews_social_counter_last_update":["1777362081"]},"categories":[19,23],"tags":[17657,29951,82,15674,29952,29950,7847,29953,320,6518,912],"yoast_head":"<!-- This site is optimized with the Yoast SEO Premium plugin v22.7 (Yoast SEO v22.7) - https:\/\/yoast.com\/wordpress\/plugins\/seo\/ -->\n<title>Lindner-Berater warnt vor Rezession: Bisherige konjunkturelle R\u00fcckschl\u00e4ge waren erst der Anfang - just-now.NEWS Deutschland<\/title>\n<meta name=\"robots\" content=\"index, follow, max-snippet:-1, max-image-preview:large, max-video-preview:-1\" \/>\n<link rel=\"canonical\" href=\"https:\/\/now-news.de\/de\/deutschland\/lindner-berater-warnt-vor-rezession-bisherige-konjunkturelle-rueckschlaege-waren-erst-der-anfang\/\" \/>\n<meta property=\"og:locale\" content=\"de_DE\" \/>\n<meta property=\"og:type\" content=\"article\" \/>\n<meta property=\"og:title\" content=\"Lindner-Berater warnt vor Rezession: Bisherige konjunkturelle R\u00fcckschl\u00e4ge waren erst der Anfang\" \/>\n<meta property=\"og:description\" content=\"Der Pr\u00e4sident des Walter-Eucken-Instituts, Lars Feld, spricht Klartext \u00fcber die wirtschaftliche Entwicklung in Deutschland: &#8220;So richtig hart wird es jetzt erst&#8221;, meint der Chef-Berater von Finanzminister Christian Lindner (FDP) \u2013 und er schlie\u00dft zweistellige Inflationsraten nicht mehr aus. Kommt die Wirtschaftskrise jetzt erst richtig in Schwung? Nach der Einsch\u00e4tzung von Prof. Dr. Lars Peter Feld, [&hellip;]\" \/>\n<meta property=\"og:url\" content=\"https:\/\/now-news.de\/de\/deutschland\/lindner-berater-warnt-vor-rezession-bisherige-konjunkturelle-rueckschlaege-waren-erst-der-anfang\/\" \/>\n<meta property=\"og:site_name\" content=\"just-now.NEWS Deutschland\" \/>\n<meta property=\"article:publisher\" content=\"https:\/\/www.facebook.com\/wirmachenauf\" \/>\n<meta property=\"article:published_time\" content=\"2022-08-01T12:49:41+00:00\" \/>\n<meta property=\"og:image\" content=\"https:\/\/now-news.de\/de\/wp-content\/uploads\/sites\/3\/2022\/08\/Lindner-Berater-warnt-vor-Rezession-Bisherige-konjunkturelle-Rueckschlaege-waren-erst-der.jpg\" \/>\n\t<meta property=\"og:image:width\" content=\"460\" \/>\n\t<meta property=\"og:image:height\" content=\"259\" \/>\n\t<meta property=\"og:image:type\" content=\"image\/jpeg\" \/>\n<meta name=\"author\" content=\"rtnews\" \/>\n<meta name=\"twitter:card\" content=\"summary_large_image\" \/>\n<meta name=\"twitter:creator\" content=\"@WirMachenAuf_de\" \/>\n<meta name=\"twitter:site\" content=\"@WirMachenAuf_de\" \/>\n<meta name=\"twitter:label1\" content=\"Verfasst von\" \/>\n\t<meta name=\"twitter:data1\" content=\"rtnews\" \/>\n\t<meta name=\"twitter:label2\" content=\"Gesch\u00e4tzte Lesezeit\" \/>\n\t<meta name=\"twitter:data2\" content=\"3\u00a0Minuten\" \/>\n<script type=\"application\/ld+json\" class=\"yoast-schema-graph\">{\"@context\":\"https:\/\/schema.org\",\"@graph\":[{\"@type\":\"Article\",\"@id\":\"https:\/\/now-news.de\/de\/deutschland\/lindner-berater-warnt-vor-rezession-bisherige-konjunkturelle-rueckschlaege-waren-erst-der-anfang\/#article\",\"isPartOf\":{\"@id\":\"https:\/\/now-news.de\/de\/deutschland\/lindner-berater-warnt-vor-rezession-bisherige-konjunkturelle-rueckschlaege-waren-erst-der-anfang\/\"},\"author\":{\"name\":\"rtnews\",\"@id\":\"https:\/\/now-news.de\/de\/#\/schema\/person\/fb534a4e865501d8b3285208df34a9b5\"},\"headline\":\"Lindner-Berater warnt vor Rezession: Bisherige konjunkturelle R\u00fcckschl\u00e4ge waren erst der Anfang\",\"datePublished\":\"2022-08-01T12:49:41+00:00\",\"dateModified\":\"2022-08-01T12:49:41+00:00\",\"mainEntityOfPage\":{\"@id\":\"https:\/\/now-news.de\/de\/deutschland\/lindner-berater-warnt-vor-rezession-bisherige-konjunkturelle-rueckschlaege-waren-erst-der-anfang\/\"},\"wordCount\":570,\"commentCount\":0,\"publisher\":{\"@id\":\"https:\/\/now-news.de\/de\/#organization\"},\"image\":{\"@id\":\"https:\/\/now-news.de\/de\/deutschland\/lindner-berater-warnt-vor-rezession-bisherige-konjunkturelle-rueckschlaege-waren-erst-der-anfang\/#primaryimage\"},\"thumbnailUrl\":\"https:\/\/now-news.de\/de\/wp-content\/uploads\/sites\/3\/2022\/08\/Lindner-Berater-warnt-vor-Rezession-Bisherige-konjunkturelle-Rueckschlaege-waren-erst-der.jpg\",\"keywords\":[\"Anfang\",\"Bisherige\",\"der\",\"erst\",\"konjunkturelle\",\"LindnerBerater\",\"Rezession\",\"R\u00fcckschl\u00e4ge\",\"vor\",\"waren\",\"warnt\"],\"articleSection\":[\"Deutschland\",\"Russland\"],\"inLanguage\":\"de\",\"potentialAction\":[{\"@type\":\"CommentAction\",\"name\":\"Comment\",\"target\":[\"https:\/\/now-news.de\/de\/deutschland\/lindner-berater-warnt-vor-rezession-bisherige-konjunkturelle-rueckschlaege-waren-erst-der-anfang\/#respond\"]}]},{\"@type\":\"WebPage\",\"@id\":\"https:\/\/now-news.de\/de\/deutschland\/lindner-berater-warnt-vor-rezession-bisherige-konjunkturelle-rueckschlaege-waren-erst-der-anfang\/\",\"url\":\"https:\/\/now-news.de\/de\/deutschland\/lindner-berater-warnt-vor-rezession-bisherige-konjunkturelle-rueckschlaege-waren-erst-der-anfang\/\",\"name\":\"Lindner-Berater warnt vor Rezession: Bisherige konjunkturelle R\u00fcckschl\u00e4ge waren erst der Anfang - just-now.NEWS Deutschland\",\"isPartOf\":{\"@id\":\"https:\/\/now-news.de\/de\/#website\"},\"primaryImageOfPage\":{\"@id\":\"https:\/\/now-news.de\/de\/deutschland\/lindner-berater-warnt-vor-rezession-bisherige-konjunkturelle-rueckschlaege-waren-erst-der-anfang\/#primaryimage\"},\"image\":{\"@id\":\"https:\/\/now-news.de\/de\/deutschland\/lindner-berater-warnt-vor-rezession-bisherige-konjunkturelle-rueckschlaege-waren-erst-der-anfang\/#primaryimage\"},\"thumbnailUrl\":\"https:\/\/now-news.de\/de\/wp-content\/uploads\/sites\/3\/2022\/08\/Lindner-Berater-warnt-vor-Rezession-Bisherige-konjunkturelle-Rueckschlaege-waren-erst-der.jpg\",\"datePublished\":\"2022-08-01T12:49:41+00:00\",\"dateModified\":\"2022-08-01T12:49:41+00:00\",\"breadcrumb\":{\"@id\":\"https:\/\/now-news.de\/de\/deutschland\/lindner-berater-warnt-vor-rezession-bisherige-konjunkturelle-rueckschlaege-waren-erst-der-anfang\/#breadcrumb\"},\"inLanguage\":\"de\",\"potentialAction\":[{\"@type\":\"ReadAction\",\"target\":[\"https:\/\/now-news.de\/de\/deutschland\/lindner-berater-warnt-vor-rezession-bisherige-konjunkturelle-rueckschlaege-waren-erst-der-anfang\/\"]}]},{\"@type\":\"ImageObject\",\"inLanguage\":\"de\",\"@id\":\"https:\/\/now-news.de\/de\/deutschland\/lindner-berater-warnt-vor-rezession-bisherige-konjunkturelle-rueckschlaege-waren-erst-der-anfang\/#primaryimage\",\"url\":\"https:\/\/now-news.de\/de\/wp-content\/uploads\/sites\/3\/2022\/08\/Lindner-Berater-warnt-vor-Rezession-Bisherige-konjunkturelle-Rueckschlaege-waren-erst-der.jpg\",\"contentUrl\":\"https:\/\/now-news.de\/de\/wp-content\/uploads\/sites\/3\/2022\/08\/Lindner-Berater-warnt-vor-Rezession-Bisherige-konjunkturelle-Rueckschlaege-waren-erst-der.jpg\",\"width\":460,\"height\":259,\"caption\":\"Lindner-Berater warnt vor Rezession: Bisherige konjunkturelle R\u00fcckschl\u00e4ge waren erst der Anfang\"},{\"@type\":\"BreadcrumbList\",\"@id\":\"https:\/\/now-news.de\/de\/deutschland\/lindner-berater-warnt-vor-rezession-bisherige-konjunkturelle-rueckschlaege-waren-erst-der-anfang\/#breadcrumb\",\"itemListElement\":[{\"@type\":\"ListItem\",\"position\":1,\"name\":\"Home\",\"item\":\"https:\/\/now-news.de\/de\/\"},{\"@type\":\"ListItem\",\"position\":2,\"name\":\"Lindner-Berater warnt vor Rezession: Bisherige konjunkturelle R\u00fcckschl\u00e4ge waren erst der Anfang\"}]},{\"@type\":\"WebSite\",\"@id\":\"https:\/\/now-news.de\/de\/#website\",\"url\":\"https:\/\/now-news.de\/de\/\",\"name\":\"just-now.NEWS Deutschland\",\"description\":\"Das Portal f\u00fcr unzensierte Nachrichten aus der Welt\",\"publisher\":{\"@id\":\"https:\/\/now-news.de\/de\/#organization\"},\"potentialAction\":[{\"@type\":\"SearchAction\",\"target\":{\"@type\":\"EntryPoint\",\"urlTemplate\":\"https:\/\/now-news.de\/de\/?s={search_term_string}\"},\"query-input\":\"required name=search_term_string\"}],\"inLanguage\":\"de\"},{\"@type\":\"Organization\",\"@id\":\"https:\/\/now-news.de\/de\/#organization\",\"name\":\"Just Now News\",\"url\":\"https:\/\/now-news.de\/de\/\",\"logo\":{\"@type\":\"ImageObject\",\"inLanguage\":\"de\",\"@id\":\"https:\/\/now-news.de\/de\/#\/schema\/logo\/image\/\",\"url\":\"http:\/\/just-now.news\/de\/wp-content\/uploads\/sites\/3\/2022\/04\/logo500x500.jpg\",\"contentUrl\":\"http:\/\/just-now.news\/de\/wp-content\/uploads\/sites\/3\/2022\/04\/logo500x500.jpg\",\"width\":500,\"height\":500,\"caption\":\"Just Now News\"},\"image\":{\"@id\":\"https:\/\/now-news.de\/de\/#\/schema\/logo\/image\/\"},\"sameAs\":[\"https:\/\/www.facebook.com\/wirmachenauf\",\"https:\/\/x.com\/WirMachenAuf_de\"]},{\"@type\":\"Person\",\"@id\":\"https:\/\/now-news.de\/de\/#\/schema\/person\/fb534a4e865501d8b3285208df34a9b5\",\"name\":\"rtnews\",\"image\":{\"@type\":\"ImageObject\",\"inLanguage\":\"de\",\"@id\":\"https:\/\/now-news.de\/de\/#\/schema\/person\/image\/\",\"url\":\"https:\/\/secure.gravatar.com\/avatar\/82aafea7d8127119dd649515f56e2117?s=96&d=mm&r=g\",\"contentUrl\":\"https:\/\/secure.gravatar.com\/avatar\/82aafea7d8127119dd649515f56e2117?s=96&d=mm&r=g\",\"caption\":\"rtnews\"},\"url\":\"https:\/\/now-news.de\/de\/author\/rnews\/\"}]}<\/script>\n<!-- \/ Yoast SEO Premium plugin. -->","yoast_head_json":{"title":"Lindner-Berater warnt vor Rezession: Bisherige konjunkturelle R\u00fcckschl\u00e4ge waren erst der Anfang - just-now.NEWS Deutschland","robots":{"index":"index","follow":"follow","max-snippet":"max-snippet:-1","max-image-preview":"max-image-preview:large","max-video-preview":"max-video-preview:-1"},"canonical":"https:\/\/now-news.de\/de\/deutschland\/lindner-berater-warnt-vor-rezession-bisherige-konjunkturelle-rueckschlaege-waren-erst-der-anfang\/","og_locale":"de_DE","og_type":"article","og_title":"Lindner-Berater warnt vor Rezession: Bisherige konjunkturelle R\u00fcckschl\u00e4ge waren erst der Anfang","og_description":"Der Pr\u00e4sident des Walter-Eucken-Instituts, Lars Feld, spricht Klartext \u00fcber die wirtschaftliche Entwicklung in Deutschland: &#8220;So richtig hart wird es jetzt erst&#8221;, meint der Chef-Berater von Finanzminister Christian Lindner (FDP) \u2013 und er schlie\u00dft zweistellige Inflationsraten nicht mehr aus. Kommt die Wirtschaftskrise jetzt erst richtig in Schwung? Nach der Einsch\u00e4tzung von Prof. Dr. Lars Peter Feld, [&hellip;]","og_url":"https:\/\/now-news.de\/de\/deutschland\/lindner-berater-warnt-vor-rezession-bisherige-konjunkturelle-rueckschlaege-waren-erst-der-anfang\/","og_site_name":"just-now.NEWS Deutschland","article_publisher":"https:\/\/www.facebook.com\/wirmachenauf","article_published_time":"2022-08-01T12:49:41+00:00","og_image":[{"width":460,"height":259,"url":"https:\/\/now-news.de\/de\/wp-content\/uploads\/sites\/3\/2022\/08\/Lindner-Berater-warnt-vor-Rezession-Bisherige-konjunkturelle-Rueckschlaege-waren-erst-der.jpg","type":"image\/jpeg"}],"author":"rtnews","twitter_card":"summary_large_image","twitter_creator":"@WirMachenAuf_de","twitter_site":"@WirMachenAuf_de","twitter_misc":{"Verfasst von":"rtnews","Gesch\u00e4tzte Lesezeit":"3\u00a0Minuten"},"schema":{"@context":"https:\/\/schema.org","@graph":[{"@type":"Article","@id":"https:\/\/now-news.de\/de\/deutschland\/lindner-berater-warnt-vor-rezession-bisherige-konjunkturelle-rueckschlaege-waren-erst-der-anfang\/#article","isPartOf":{"@id":"https:\/\/now-news.de\/de\/deutschland\/lindner-berater-warnt-vor-rezession-bisherige-konjunkturelle-rueckschlaege-waren-erst-der-anfang\/"},"author":{"name":"rtnews","@id":"https:\/\/now-news.de\/de\/#\/schema\/person\/fb534a4e865501d8b3285208df34a9b5"},"headline":"Lindner-Berater warnt vor Rezession: Bisherige konjunkturelle R\u00fcckschl\u00e4ge waren erst der Anfang","datePublished":"2022-08-01T12:49:41+00:00","dateModified":"2022-08-01T12:49:41+00:00","mainEntityOfPage":{"@id":"https:\/\/now-news.de\/de\/deutschland\/lindner-berater-warnt-vor-rezession-bisherige-konjunkturelle-rueckschlaege-waren-erst-der-anfang\/"},"wordCount":570,"commentCount":0,"publisher":{"@id":"https:\/\/now-news.de\/de\/#organization"},"image":{"@id":"https:\/\/now-news.de\/de\/deutschland\/lindner-berater-warnt-vor-rezession-bisherige-konjunkturelle-rueckschlaege-waren-erst-der-anfang\/#primaryimage"},"thumbnailUrl":"https:\/\/now-news.de\/de\/wp-content\/uploads\/sites\/3\/2022\/08\/Lindner-Berater-warnt-vor-Rezession-Bisherige-konjunkturelle-Rueckschlaege-waren-erst-der.jpg","keywords":["Anfang","Bisherige","der","erst","konjunkturelle","LindnerBerater","Rezession","R\u00fcckschl\u00e4ge","vor","waren","warnt"],"articleSection":["Deutschland","Russland"],"inLanguage":"de","potentialAction":[{"@type":"CommentAction","name":"Comment","target":["https:\/\/now-news.de\/de\/deutschland\/lindner-berater-warnt-vor-rezession-bisherige-konjunkturelle-rueckschlaege-waren-erst-der-anfang\/#respond"]}]},{"@type":"WebPage","@id":"https:\/\/now-news.de\/de\/deutschland\/lindner-berater-warnt-vor-rezession-bisherige-konjunkturelle-rueckschlaege-waren-erst-der-anfang\/","url":"https:\/\/now-news.de\/de\/deutschland\/lindner-berater-warnt-vor-rezession-bisherige-konjunkturelle-rueckschlaege-waren-erst-der-anfang\/","name":"Lindner-Berater warnt vor Rezession: Bisherige konjunkturelle R\u00fcckschl\u00e4ge waren erst der Anfang - just-now.NEWS Deutschland","isPartOf":{"@id":"https:\/\/now-news.de\/de\/#website"},"primaryImageOfPage":{"@id":"https:\/\/now-news.de\/de\/deutschland\/lindner-berater-warnt-vor-rezession-bisherige-konjunkturelle-rueckschlaege-waren-erst-der-anfang\/#primaryimage"},"image":{"@id":"https:\/\/now-news.de\/de\/deutschland\/lindner-berater-warnt-vor-rezession-bisherige-konjunkturelle-rueckschlaege-waren-erst-der-anfang\/#primaryimage"},"thumbnailUrl":"https:\/\/now-news.de\/de\/wp-content\/uploads\/sites\/3\/2022\/08\/Lindner-Berater-warnt-vor-Rezession-Bisherige-konjunkturelle-Rueckschlaege-waren-erst-der.jpg","datePublished":"2022-08-01T12:49:41+00:00","dateModified":"2022-08-01T12:49:41+00:00","breadcrumb":{"@id":"https:\/\/now-news.de\/de\/deutschland\/lindner-berater-warnt-vor-rezession-bisherige-konjunkturelle-rueckschlaege-waren-erst-der-anfang\/#breadcrumb"},"inLanguage":"de","potentialAction":[{"@type":"ReadAction","target":["https:\/\/now-news.de\/de\/deutschland\/lindner-berater-warnt-vor-rezession-bisherige-konjunkturelle-rueckschlaege-waren-erst-der-anfang\/"]}]},{"@type":"ImageObject","inLanguage":"de","@id":"https:\/\/now-news.de\/de\/deutschland\/lindner-berater-warnt-vor-rezession-bisherige-konjunkturelle-rueckschlaege-waren-erst-der-anfang\/#primaryimage","url":"https:\/\/now-news.de\/de\/wp-content\/uploads\/sites\/3\/2022\/08\/Lindner-Berater-warnt-vor-Rezession-Bisherige-konjunkturelle-Rueckschlaege-waren-erst-der.jpg","contentUrl":"https:\/\/now-news.de\/de\/wp-content\/uploads\/sites\/3\/2022\/08\/Lindner-Berater-warnt-vor-Rezession-Bisherige-konjunkturelle-Rueckschlaege-waren-erst-der.jpg","width":460,"height":259,"caption":"Lindner-Berater warnt vor Rezession: Bisherige konjunkturelle R\u00fcckschl\u00e4ge waren erst der Anfang"},{"@type":"BreadcrumbList","@id":"https:\/\/now-news.de\/de\/deutschland\/lindner-berater-warnt-vor-rezession-bisherige-konjunkturelle-rueckschlaege-waren-erst-der-anfang\/#breadcrumb","itemListElement":[{"@type":"ListItem","position":1,"name":"Home","item":"https:\/\/now-news.de\/de\/"},{"@type":"ListItem","position":2,"name":"Lindner-Berater warnt vor Rezession: Bisherige konjunkturelle R\u00fcckschl\u00e4ge waren erst der Anfang"}]},{"@type":"WebSite","@id":"https:\/\/now-news.de\/de\/#website","url":"https:\/\/now-news.de\/de\/","name":"just-now.NEWS Deutschland","description":"Das Portal f\u00fcr unzensierte Nachrichten aus der Welt","publisher":{"@id":"https:\/\/now-news.de\/de\/#organization"},"potentialAction":[{"@type":"SearchAction","target":{"@type":"EntryPoint","urlTemplate":"https:\/\/now-news.de\/de\/?s={search_term_string}"},"query-input":"required name=search_term_string"}],"inLanguage":"de"},{"@type":"Organization","@id":"https:\/\/now-news.de\/de\/#organization","name":"Just Now News","url":"https:\/\/now-news.de\/de\/","logo":{"@type":"ImageObject","inLanguage":"de","@id":"https:\/\/now-news.de\/de\/#\/schema\/logo\/image\/","url":"http:\/\/just-now.news\/de\/wp-content\/uploads\/sites\/3\/2022\/04\/logo500x500.jpg","contentUrl":"http:\/\/just-now.news\/de\/wp-content\/uploads\/sites\/3\/2022\/04\/logo500x500.jpg","width":500,"height":500,"caption":"Just Now News"},"image":{"@id":"https:\/\/now-news.de\/de\/#\/schema\/logo\/image\/"},"sameAs":["https:\/\/www.facebook.com\/wirmachenauf","https:\/\/x.com\/WirMachenAuf_de"]},{"@type":"Person","@id":"https:\/\/now-news.de\/de\/#\/schema\/person\/fb534a4e865501d8b3285208df34a9b5","name":"rtnews","image":{"@type":"ImageObject","inLanguage":"de","@id":"https:\/\/now-news.de\/de\/#\/schema\/person\/image\/","url":"https:\/\/secure.gravatar.com\/avatar\/82aafea7d8127119dd649515f56e2117?s=96&d=mm&r=g","contentUrl":"https:\/\/secure.gravatar.com\/avatar\/82aafea7d8127119dd649515f56e2117?s=96&d=mm&r=g","caption":"rtnews"},"url":"https:\/\/now-news.de\/de\/author\/rnews\/"}]}},"_links":{"self":[{"href":"https:\/\/now-news.de\/de\/wp-json\/wp\/v2\/posts\/15690"}],"collection":[{"href":"https:\/\/now-news.de\/de\/wp-json\/wp\/v2\/posts"}],"about":[{"href":"https:\/\/now-news.de\/de\/wp-json\/wp\/v2\/types\/post"}],"author":[{"embeddable":true,"href":"https:\/\/now-news.de\/de\/wp-json\/wp\/v2\/users\/3"}],"replies":[{"embeddable":true,"href":"https:\/\/now-news.de\/de\/wp-json\/wp\/v2\/comments?post=15690"}],"version-history":[{"count":0,"href":"https:\/\/now-news.de\/de\/wp-json\/wp\/v2\/posts\/15690\/revisions"}],"wp:featuredmedia":[{"embeddable":true,"href":"https:\/\/now-news.de\/de\/wp-json\/wp\/v2\/media\/15691"}],"wp:attachment":[{"href":"https:\/\/now-news.de\/de\/wp-json\/wp\/v2\/media?parent=15690"}],"wp:term":[{"taxonomy":"category","embeddable":true,"href":"https:\/\/now-news.de\/de\/wp-json\/wp\/v2\/categories?post=15690"},{"taxonomy":"post_tag","embeddable":true,"href":"https:\/\/now-news.de\/de\/wp-json\/wp\/v2\/tags?post=15690"}],"curies":[{"name":"wp","href":"https:\/\/api.w.org\/{rel}","templated":true}]}}