{"id":15678,"date":"2022-08-01T12:18:37","date_gmt":"2022-08-01T10:18:37","guid":{"rendered":"http:\/\/just-now.news\/de\/deutschland\/sacharowa-provokationen-einstellen-und-rechte-der-ethnischen-serben-im-kosovo-respektieren\/"},"modified":"2022-08-01T12:18:37","modified_gmt":"2022-08-01T10:18:37","slug":"sacharowa-provokationen-einstellen-und-rechte-der-ethnischen-serben-im-kosovo-respektieren","status":"publish","type":"post","link":"https:\/\/now-news.de\/de\/deutschland\/sacharowa-provokationen-einstellen-und-rechte-der-ethnischen-serben-im-kosovo-respektieren\/","title":{"rendered":"Sacharowa: Provokationen einstellen und Rechte der ethnischen Serben im Kosovo respektieren"},"content":{"rendered":"<p><img decoding=\"async\" src=\"http:\/\/just-now.news\/de\/wp-content\/uploads\/sites\/3\/2022\/08\/62e79764b480cc22e1557980.jpg\" \/><\/p>\n<p>Die Regierung in Pristina und ihre Unterst\u00fctzer in Br\u00fcssel und Washington sollten ihre Provokationen einstellen und die Rechte der ethnischen Serben im Kosovo respektieren, kommentierte die russische Au\u00dfenamtssprecherin Maria Sacharowa die j\u00fcngsten Entwicklungen im Kosovo.<\/p>\n<p>Die Spannungen im \u00fcberwiegend von Serben bewohnten Norden des Kosovo eskalierten, nachdem kosovarische Beh\u00f6rden angek\u00fcndigt hatten, ab August Einreisenden aus Serbien vorl\u00e4ufige Dokumente auszustellen und serbische Autokennzeichen durch kosovarische zu ersetzen. Daraufhin hatten militante Serben Barrikaden errichtet. Unbekannte h\u00e4tten zudem Sch\u00fcsse in Richtung kosovarischer Polizisten abgegeben, verletzt worden sei dabei niemand, sagte die Polizei in Pristina am sp\u00e4ten Sonntagabend. In der Nacht auf Montag beschlossen die Beh\u00f6rden des Kosovo, die Neuregelung auf den 1. September zu verschieben.<\/p>\n<p>Die Entscheidung der Beh\u00f6rden, diskriminierende &#8220;Regeln&#8221; \u00fcber den erzwungenen Ersatz von Personaldokumenten der serbischen Bev\u00f6lkerung anzuwenden, sei ein weiterer Schritt zur Vertreibung der serbischen Bev\u00f6lkerung aus dem Kosovo, sagte die Sprecherin des Au\u00dfenministeriums. Ministerpr\u00e4sident Albin Kurti eskaliere absichtlich, um ein bewaffnetes Vorgehen zu starten. Nicht nur gegen die Serben im Kosovo, sondern auch gegen Belgrad, das der Westen &#8220;durch kosovo-albanische H\u00e4nde neutralisieren&#8221; wolle, f\u00fcgte Sacharowa hinzu.\u00a0<\/p>\n<p>Ihr zufolge seien die Entwicklungen im Kosovo ein Beweis f\u00fcr das Scheitern der Vermittlungsmission der Europ\u00e4ischen Union:<\/p>\n<blockquote>\n<p><em>&#8220;Dies ist auch ein Beispiel daf\u00fcr, welcher Platz f\u00fcr Belgrad in der Europ\u00e4ischen Union vorbereitet wurde, indem Belgrad de facto angeboten wurde, die Gesetzlosigkeit seiner Landsleute zu ertragen&#8221;.<\/em><\/p>\n<\/blockquote>\n<p>Kremlsprecher Dmitri Peskow sagte am Montag, Russland unterst\u00fctze Belgrad in diesem Konflikt voll und ganz. Die Rechte der Serben im Kosovo m\u00fcssten respektiert werden. Es sei\u00a0nun wichtig, Besonnenheit zu bewahren.<\/p>\n<p>Serbiens\u00a0Pr\u00e4sident Aleksandar Vu\u010di\u0107\u00a0betonte, sein Land habe sich &#8220;noch nie in einer so schwierigen Situation wie heute&#8221; befunden. Die Beh\u00f6rden in Pristina versuchten, die Lage in der Welt auszunutzen, um einen Konflikt zu initiieren, w\u00e4hrend sie sich selbst als Opfer darstellten, erkl\u00e4rte er.<\/p>\n<p>Das Kosovo wurde im Jahr 1999 nach einem 78-t\u00e4gigen Luftkrieg gegen Jugoslawien von der NATO besetzt. Die albanische Regierung in Pristina erkl\u00e4rte im Jahr 2008 ihre Unabh\u00e4ngigkeit, diese wurde jedoch weder von Serbien, Russland, China noch von der UNO anerkannt.<\/p>\n<p><strong>Mehr zum Thema<\/strong> &#8211; <a rel=\"nofollow noopener\" target=\"_blank\" href=\"https:\/\/deutsch.rt.com\/europa\/144901-alarm-im-norden-kosovo-menschen-bauen-barrikaden\/\">Alarm im Norden des Kosovo: Schusswechsel, Menschen bauen Barrikaden<\/a><\/p>\n<p><br \/>\n<br \/><a href=\"https:\/\/de.rt.com\/europa\/144931-russisches-aussenministerium-verurteilt-diskriminierendes-vorgehen\/\">Source link <\/a><\/p>\n","protected":false},"excerpt":{"rendered":"<p>Die Regierung in Pristina und ihre Unterst\u00fctzer in Br\u00fcssel und Washington sollten ihre Provokationen einstellen und die Rechte der ethnischen Serben im Kosovo respektieren, kommentierte die russische Au\u00dfenamtssprecherin Maria Sacharowa die j\u00fcngsten Entwicklungen im Kosovo. Die Spannungen im \u00fcberwiegend von Serben bewohnten Norden des Kosovo eskalierten, nachdem kosovarische Beh\u00f6rden angek\u00fcndigt hatten, ab August Einreisenden aus [&hellip;]<\/p>\n","protected":false},"author":3,"featured_media":15679,"comment_status":"open","ping_status":"open","sticky":false,"template":"","format":"standard","meta":{"wp_automatic_camp":["217"],"27f26c9ff082a56de7f873d8dfda669a":["Sacharowa: Provokationen einstellen und Rechte der ethnischen Serben im Kosovo respektieren"],"original_link":["https:\/\/de.rt.com\/europa\/144931-russisches-aussenministerium-verurteilt-diskriminierendes-vorgehen\/"],"_thumbnail_id":["15679"],"_wptg_p2tg_sent2tg":["2022-08-01 12:31:57"],"jnews_social_counter_last_update":["1777273234"]},"categories":[19,23],"tags":[82,5812,29937,2681,2562,143,29939,942,29938,140],"yoast_head":"<!-- This site is optimized with the Yoast SEO Premium plugin v22.7 (Yoast SEO v22.7) - https:\/\/yoast.com\/wordpress\/plugins\/seo\/ -->\n<title>Sacharowa: Provokationen einstellen und Rechte der ethnischen Serben im Kosovo respektieren - just-now.NEWS Deutschland<\/title>\n<meta name=\"robots\" content=\"index, follow, max-snippet:-1, max-image-preview:large, max-video-preview:-1\" \/>\n<link rel=\"canonical\" href=\"https:\/\/now-news.de\/de\/deutschland\/sacharowa-provokationen-einstellen-und-rechte-der-ethnischen-serben-im-kosovo-respektieren\/\" \/>\n<meta property=\"og:locale\" content=\"de_DE\" \/>\n<meta property=\"og:type\" content=\"article\" \/>\n<meta property=\"og:title\" content=\"Sacharowa: Provokationen einstellen und Rechte der ethnischen Serben im Kosovo respektieren\" \/>\n<meta property=\"og:description\" content=\"Die Regierung in Pristina und ihre Unterst\u00fctzer in Br\u00fcssel und Washington sollten ihre Provokationen einstellen und die Rechte der ethnischen Serben im Kosovo respektieren, kommentierte die russische Au\u00dfenamtssprecherin Maria Sacharowa die j\u00fcngsten Entwicklungen im Kosovo. Die Spannungen im \u00fcberwiegend von Serben bewohnten Norden des Kosovo eskalierten, nachdem kosovarische Beh\u00f6rden angek\u00fcndigt hatten, ab August Einreisenden aus [&hellip;]\" \/>\n<meta property=\"og:url\" content=\"https:\/\/now-news.de\/de\/deutschland\/sacharowa-provokationen-einstellen-und-rechte-der-ethnischen-serben-im-kosovo-respektieren\/\" \/>\n<meta property=\"og:site_name\" content=\"just-now.NEWS Deutschland\" \/>\n<meta property=\"article:publisher\" content=\"https:\/\/www.facebook.com\/wirmachenauf\" \/>\n<meta property=\"article:published_time\" content=\"2022-08-01T10:18:37+00:00\" \/>\n<meta property=\"og:image\" content=\"https:\/\/now-news.de\/de\/wp-content\/uploads\/sites\/3\/2022\/08\/Sacharowa-Provokationen-einstellen-und-Rechte-der-ethnischen-Serben-im-Kosovo.jpg\" \/>\n\t<meta property=\"og:image:width\" content=\"460\" \/>\n\t<meta property=\"og:image:height\" content=\"259\" \/>\n\t<meta property=\"og:image:type\" content=\"image\/jpeg\" \/>\n<meta name=\"author\" content=\"rtnews\" \/>\n<meta name=\"twitter:card\" content=\"summary_large_image\" \/>\n<meta name=\"twitter:creator\" content=\"@WirMachenAuf_de\" \/>\n<meta name=\"twitter:site\" content=\"@WirMachenAuf_de\" \/>\n<meta name=\"twitter:label1\" content=\"Verfasst von\" \/>\n\t<meta name=\"twitter:data1\" content=\"rtnews\" \/>\n\t<meta name=\"twitter:label2\" content=\"Gesch\u00e4tzte Lesezeit\" \/>\n\t<meta name=\"twitter:data2\" content=\"2\u00a0Minuten\" \/>\n<script type=\"application\/ld+json\" class=\"yoast-schema-graph\">{\"@context\":\"https:\/\/schema.org\",\"@graph\":[{\"@type\":\"Article\",\"@id\":\"https:\/\/now-news.de\/de\/deutschland\/sacharowa-provokationen-einstellen-und-rechte-der-ethnischen-serben-im-kosovo-respektieren\/#article\",\"isPartOf\":{\"@id\":\"https:\/\/now-news.de\/de\/deutschland\/sacharowa-provokationen-einstellen-und-rechte-der-ethnischen-serben-im-kosovo-respektieren\/\"},\"author\":{\"name\":\"rtnews\",\"@id\":\"https:\/\/now-news.de\/de\/#\/schema\/person\/fb534a4e865501d8b3285208df34a9b5\"},\"headline\":\"Sacharowa: Provokationen einstellen und Rechte der ethnischen Serben im Kosovo respektieren\",\"datePublished\":\"2022-08-01T10:18:37+00:00\",\"dateModified\":\"2022-08-01T10:18:37+00:00\",\"mainEntityOfPage\":{\"@id\":\"https:\/\/now-news.de\/de\/deutschland\/sacharowa-provokationen-einstellen-und-rechte-der-ethnischen-serben-im-kosovo-respektieren\/\"},\"wordCount\":395,\"commentCount\":0,\"publisher\":{\"@id\":\"https:\/\/now-news.de\/de\/#organization\"},\"image\":{\"@id\":\"https:\/\/now-news.de\/de\/deutschland\/sacharowa-provokationen-einstellen-und-rechte-der-ethnischen-serben-im-kosovo-respektieren\/#primaryimage\"},\"thumbnailUrl\":\"https:\/\/now-news.de\/de\/wp-content\/uploads\/sites\/3\/2022\/08\/Sacharowa-Provokationen-einstellen-und-Rechte-der-ethnischen-Serben-im-Kosovo.jpg\",\"keywords\":[\"der\",\"einstellen\",\"ethnischen\",\"Kosovo\",\"Provokationen\",\"Rechte\",\"respektieren\",\"Sacharowa\",\"Serben\",\"und\"],\"articleSection\":[\"Deutschland\",\"Russland\"],\"inLanguage\":\"de\",\"potentialAction\":[{\"@type\":\"CommentAction\",\"name\":\"Comment\",\"target\":[\"https:\/\/now-news.de\/de\/deutschland\/sacharowa-provokationen-einstellen-und-rechte-der-ethnischen-serben-im-kosovo-respektieren\/#respond\"]}]},{\"@type\":\"WebPage\",\"@id\":\"https:\/\/now-news.de\/de\/deutschland\/sacharowa-provokationen-einstellen-und-rechte-der-ethnischen-serben-im-kosovo-respektieren\/\",\"url\":\"https:\/\/now-news.de\/de\/deutschland\/sacharowa-provokationen-einstellen-und-rechte-der-ethnischen-serben-im-kosovo-respektieren\/\",\"name\":\"Sacharowa: Provokationen einstellen und Rechte der ethnischen Serben im Kosovo respektieren - just-now.NEWS Deutschland\",\"isPartOf\":{\"@id\":\"https:\/\/now-news.de\/de\/#website\"},\"primaryImageOfPage\":{\"@id\":\"https:\/\/now-news.de\/de\/deutschland\/sacharowa-provokationen-einstellen-und-rechte-der-ethnischen-serben-im-kosovo-respektieren\/#primaryimage\"},\"image\":{\"@id\":\"https:\/\/now-news.de\/de\/deutschland\/sacharowa-provokationen-einstellen-und-rechte-der-ethnischen-serben-im-kosovo-respektieren\/#primaryimage\"},\"thumbnailUrl\":\"https:\/\/now-news.de\/de\/wp-content\/uploads\/sites\/3\/2022\/08\/Sacharowa-Provokationen-einstellen-und-Rechte-der-ethnischen-Serben-im-Kosovo.jpg\",\"datePublished\":\"2022-08-01T10:18:37+00:00\",\"dateModified\":\"2022-08-01T10:18:37+00:00\",\"breadcrumb\":{\"@id\":\"https:\/\/now-news.de\/de\/deutschland\/sacharowa-provokationen-einstellen-und-rechte-der-ethnischen-serben-im-kosovo-respektieren\/#breadcrumb\"},\"inLanguage\":\"de\",\"potentialAction\":[{\"@type\":\"ReadAction\",\"target\":[\"https:\/\/now-news.de\/de\/deutschland\/sacharowa-provokationen-einstellen-und-rechte-der-ethnischen-serben-im-kosovo-respektieren\/\"]}]},{\"@type\":\"ImageObject\",\"inLanguage\":\"de\",\"@id\":\"https:\/\/now-news.de\/de\/deutschland\/sacharowa-provokationen-einstellen-und-rechte-der-ethnischen-serben-im-kosovo-respektieren\/#primaryimage\",\"url\":\"https:\/\/now-news.de\/de\/wp-content\/uploads\/sites\/3\/2022\/08\/Sacharowa-Provokationen-einstellen-und-Rechte-der-ethnischen-Serben-im-Kosovo.jpg\",\"contentUrl\":\"https:\/\/now-news.de\/de\/wp-content\/uploads\/sites\/3\/2022\/08\/Sacharowa-Provokationen-einstellen-und-Rechte-der-ethnischen-Serben-im-Kosovo.jpg\",\"width\":460,\"height\":259,\"caption\":\"Sacharowa: Provokationen einstellen und Rechte der ethnischen Serben im Kosovo respektieren\"},{\"@type\":\"BreadcrumbList\",\"@id\":\"https:\/\/now-news.de\/de\/deutschland\/sacharowa-provokationen-einstellen-und-rechte-der-ethnischen-serben-im-kosovo-respektieren\/#breadcrumb\",\"itemListElement\":[{\"@type\":\"ListItem\",\"position\":1,\"name\":\"Home\",\"item\":\"https:\/\/now-news.de\/de\/\"},{\"@type\":\"ListItem\",\"position\":2,\"name\":\"Sacharowa: Provokationen einstellen und Rechte der ethnischen Serben im Kosovo respektieren\"}]},{\"@type\":\"WebSite\",\"@id\":\"https:\/\/now-news.de\/de\/#website\",\"url\":\"https:\/\/now-news.de\/de\/\",\"name\":\"just-now.NEWS Deutschland\",\"description\":\"Das Portal f\u00fcr unzensierte Nachrichten aus der Welt\",\"publisher\":{\"@id\":\"https:\/\/now-news.de\/de\/#organization\"},\"potentialAction\":[{\"@type\":\"SearchAction\",\"target\":{\"@type\":\"EntryPoint\",\"urlTemplate\":\"https:\/\/now-news.de\/de\/?s={search_term_string}\"},\"query-input\":\"required name=search_term_string\"}],\"inLanguage\":\"de\"},{\"@type\":\"Organization\",\"@id\":\"https:\/\/now-news.de\/de\/#organization\",\"name\":\"Just Now News\",\"url\":\"https:\/\/now-news.de\/de\/\",\"logo\":{\"@type\":\"ImageObject\",\"inLanguage\":\"de\",\"@id\":\"https:\/\/now-news.de\/de\/#\/schema\/logo\/image\/\",\"url\":\"http:\/\/just-now.news\/de\/wp-content\/uploads\/sites\/3\/2022\/04\/logo500x500.jpg\",\"contentUrl\":\"http:\/\/just-now.news\/de\/wp-content\/uploads\/sites\/3\/2022\/04\/logo500x500.jpg\",\"width\":500,\"height\":500,\"caption\":\"Just Now News\"},\"image\":{\"@id\":\"https:\/\/now-news.de\/de\/#\/schema\/logo\/image\/\"},\"sameAs\":[\"https:\/\/www.facebook.com\/wirmachenauf\",\"https:\/\/x.com\/WirMachenAuf_de\"]},{\"@type\":\"Person\",\"@id\":\"https:\/\/now-news.de\/de\/#\/schema\/person\/fb534a4e865501d8b3285208df34a9b5\",\"name\":\"rtnews\",\"image\":{\"@type\":\"ImageObject\",\"inLanguage\":\"de\",\"@id\":\"https:\/\/now-news.de\/de\/#\/schema\/person\/image\/\",\"url\":\"https:\/\/secure.gravatar.com\/avatar\/82aafea7d8127119dd649515f56e2117?s=96&d=mm&r=g\",\"contentUrl\":\"https:\/\/secure.gravatar.com\/avatar\/82aafea7d8127119dd649515f56e2117?s=96&d=mm&r=g\",\"caption\":\"rtnews\"},\"url\":\"https:\/\/now-news.de\/de\/author\/rnews\/\"}]}<\/script>\n<!-- \/ Yoast SEO Premium plugin. -->","yoast_head_json":{"title":"Sacharowa: Provokationen einstellen und Rechte der ethnischen Serben im Kosovo respektieren - just-now.NEWS Deutschland","robots":{"index":"index","follow":"follow","max-snippet":"max-snippet:-1","max-image-preview":"max-image-preview:large","max-video-preview":"max-video-preview:-1"},"canonical":"https:\/\/now-news.de\/de\/deutschland\/sacharowa-provokationen-einstellen-und-rechte-der-ethnischen-serben-im-kosovo-respektieren\/","og_locale":"de_DE","og_type":"article","og_title":"Sacharowa: Provokationen einstellen und Rechte der ethnischen Serben im Kosovo respektieren","og_description":"Die Regierung in Pristina und ihre Unterst\u00fctzer in Br\u00fcssel und Washington sollten ihre Provokationen einstellen und die Rechte der ethnischen Serben im Kosovo respektieren, kommentierte die russische Au\u00dfenamtssprecherin Maria Sacharowa die j\u00fcngsten Entwicklungen im Kosovo. Die Spannungen im \u00fcberwiegend von Serben bewohnten Norden des Kosovo eskalierten, nachdem kosovarische Beh\u00f6rden angek\u00fcndigt hatten, ab August Einreisenden aus [&hellip;]","og_url":"https:\/\/now-news.de\/de\/deutschland\/sacharowa-provokationen-einstellen-und-rechte-der-ethnischen-serben-im-kosovo-respektieren\/","og_site_name":"just-now.NEWS Deutschland","article_publisher":"https:\/\/www.facebook.com\/wirmachenauf","article_published_time":"2022-08-01T10:18:37+00:00","og_image":[{"width":460,"height":259,"url":"https:\/\/now-news.de\/de\/wp-content\/uploads\/sites\/3\/2022\/08\/Sacharowa-Provokationen-einstellen-und-Rechte-der-ethnischen-Serben-im-Kosovo.jpg","type":"image\/jpeg"}],"author":"rtnews","twitter_card":"summary_large_image","twitter_creator":"@WirMachenAuf_de","twitter_site":"@WirMachenAuf_de","twitter_misc":{"Verfasst von":"rtnews","Gesch\u00e4tzte Lesezeit":"2\u00a0Minuten"},"schema":{"@context":"https:\/\/schema.org","@graph":[{"@type":"Article","@id":"https:\/\/now-news.de\/de\/deutschland\/sacharowa-provokationen-einstellen-und-rechte-der-ethnischen-serben-im-kosovo-respektieren\/#article","isPartOf":{"@id":"https:\/\/now-news.de\/de\/deutschland\/sacharowa-provokationen-einstellen-und-rechte-der-ethnischen-serben-im-kosovo-respektieren\/"},"author":{"name":"rtnews","@id":"https:\/\/now-news.de\/de\/#\/schema\/person\/fb534a4e865501d8b3285208df34a9b5"},"headline":"Sacharowa: Provokationen einstellen und Rechte der ethnischen Serben im Kosovo respektieren","datePublished":"2022-08-01T10:18:37+00:00","dateModified":"2022-08-01T10:18:37+00:00","mainEntityOfPage":{"@id":"https:\/\/now-news.de\/de\/deutschland\/sacharowa-provokationen-einstellen-und-rechte-der-ethnischen-serben-im-kosovo-respektieren\/"},"wordCount":395,"commentCount":0,"publisher":{"@id":"https:\/\/now-news.de\/de\/#organization"},"image":{"@id":"https:\/\/now-news.de\/de\/deutschland\/sacharowa-provokationen-einstellen-und-rechte-der-ethnischen-serben-im-kosovo-respektieren\/#primaryimage"},"thumbnailUrl":"https:\/\/now-news.de\/de\/wp-content\/uploads\/sites\/3\/2022\/08\/Sacharowa-Provokationen-einstellen-und-Rechte-der-ethnischen-Serben-im-Kosovo.jpg","keywords":["der","einstellen","ethnischen","Kosovo","Provokationen","Rechte","respektieren","Sacharowa","Serben","und"],"articleSection":["Deutschland","Russland"],"inLanguage":"de","potentialAction":[{"@type":"CommentAction","name":"Comment","target":["https:\/\/now-news.de\/de\/deutschland\/sacharowa-provokationen-einstellen-und-rechte-der-ethnischen-serben-im-kosovo-respektieren\/#respond"]}]},{"@type":"WebPage","@id":"https:\/\/now-news.de\/de\/deutschland\/sacharowa-provokationen-einstellen-und-rechte-der-ethnischen-serben-im-kosovo-respektieren\/","url":"https:\/\/now-news.de\/de\/deutschland\/sacharowa-provokationen-einstellen-und-rechte-der-ethnischen-serben-im-kosovo-respektieren\/","name":"Sacharowa: Provokationen einstellen und Rechte der ethnischen Serben im Kosovo respektieren - just-now.NEWS Deutschland","isPartOf":{"@id":"https:\/\/now-news.de\/de\/#website"},"primaryImageOfPage":{"@id":"https:\/\/now-news.de\/de\/deutschland\/sacharowa-provokationen-einstellen-und-rechte-der-ethnischen-serben-im-kosovo-respektieren\/#primaryimage"},"image":{"@id":"https:\/\/now-news.de\/de\/deutschland\/sacharowa-provokationen-einstellen-und-rechte-der-ethnischen-serben-im-kosovo-respektieren\/#primaryimage"},"thumbnailUrl":"https:\/\/now-news.de\/de\/wp-content\/uploads\/sites\/3\/2022\/08\/Sacharowa-Provokationen-einstellen-und-Rechte-der-ethnischen-Serben-im-Kosovo.jpg","datePublished":"2022-08-01T10:18:37+00:00","dateModified":"2022-08-01T10:18:37+00:00","breadcrumb":{"@id":"https:\/\/now-news.de\/de\/deutschland\/sacharowa-provokationen-einstellen-und-rechte-der-ethnischen-serben-im-kosovo-respektieren\/#breadcrumb"},"inLanguage":"de","potentialAction":[{"@type":"ReadAction","target":["https:\/\/now-news.de\/de\/deutschland\/sacharowa-provokationen-einstellen-und-rechte-der-ethnischen-serben-im-kosovo-respektieren\/"]}]},{"@type":"ImageObject","inLanguage":"de","@id":"https:\/\/now-news.de\/de\/deutschland\/sacharowa-provokationen-einstellen-und-rechte-der-ethnischen-serben-im-kosovo-respektieren\/#primaryimage","url":"https:\/\/now-news.de\/de\/wp-content\/uploads\/sites\/3\/2022\/08\/Sacharowa-Provokationen-einstellen-und-Rechte-der-ethnischen-Serben-im-Kosovo.jpg","contentUrl":"https:\/\/now-news.de\/de\/wp-content\/uploads\/sites\/3\/2022\/08\/Sacharowa-Provokationen-einstellen-und-Rechte-der-ethnischen-Serben-im-Kosovo.jpg","width":460,"height":259,"caption":"Sacharowa: Provokationen einstellen und Rechte der ethnischen Serben im Kosovo respektieren"},{"@type":"BreadcrumbList","@id":"https:\/\/now-news.de\/de\/deutschland\/sacharowa-provokationen-einstellen-und-rechte-der-ethnischen-serben-im-kosovo-respektieren\/#breadcrumb","itemListElement":[{"@type":"ListItem","position":1,"name":"Home","item":"https:\/\/now-news.de\/de\/"},{"@type":"ListItem","position":2,"name":"Sacharowa: Provokationen einstellen und Rechte der ethnischen Serben im Kosovo respektieren"}]},{"@type":"WebSite","@id":"https:\/\/now-news.de\/de\/#website","url":"https:\/\/now-news.de\/de\/","name":"just-now.NEWS Deutschland","description":"Das Portal f\u00fcr unzensierte Nachrichten aus der Welt","publisher":{"@id":"https:\/\/now-news.de\/de\/#organization"},"potentialAction":[{"@type":"SearchAction","target":{"@type":"EntryPoint","urlTemplate":"https:\/\/now-news.de\/de\/?s={search_term_string}"},"query-input":"required name=search_term_string"}],"inLanguage":"de"},{"@type":"Organization","@id":"https:\/\/now-news.de\/de\/#organization","name":"Just Now News","url":"https:\/\/now-news.de\/de\/","logo":{"@type":"ImageObject","inLanguage":"de","@id":"https:\/\/now-news.de\/de\/#\/schema\/logo\/image\/","url":"http:\/\/just-now.news\/de\/wp-content\/uploads\/sites\/3\/2022\/04\/logo500x500.jpg","contentUrl":"http:\/\/just-now.news\/de\/wp-content\/uploads\/sites\/3\/2022\/04\/logo500x500.jpg","width":500,"height":500,"caption":"Just Now News"},"image":{"@id":"https:\/\/now-news.de\/de\/#\/schema\/logo\/image\/"},"sameAs":["https:\/\/www.facebook.com\/wirmachenauf","https:\/\/x.com\/WirMachenAuf_de"]},{"@type":"Person","@id":"https:\/\/now-news.de\/de\/#\/schema\/person\/fb534a4e865501d8b3285208df34a9b5","name":"rtnews","image":{"@type":"ImageObject","inLanguage":"de","@id":"https:\/\/now-news.de\/de\/#\/schema\/person\/image\/","url":"https:\/\/secure.gravatar.com\/avatar\/82aafea7d8127119dd649515f56e2117?s=96&d=mm&r=g","contentUrl":"https:\/\/secure.gravatar.com\/avatar\/82aafea7d8127119dd649515f56e2117?s=96&d=mm&r=g","caption":"rtnews"},"url":"https:\/\/now-news.de\/de\/author\/rnews\/"}]}},"_links":{"self":[{"href":"https:\/\/now-news.de\/de\/wp-json\/wp\/v2\/posts\/15678"}],"collection":[{"href":"https:\/\/now-news.de\/de\/wp-json\/wp\/v2\/posts"}],"about":[{"href":"https:\/\/now-news.de\/de\/wp-json\/wp\/v2\/types\/post"}],"author":[{"embeddable":true,"href":"https:\/\/now-news.de\/de\/wp-json\/wp\/v2\/users\/3"}],"replies":[{"embeddable":true,"href":"https:\/\/now-news.de\/de\/wp-json\/wp\/v2\/comments?post=15678"}],"version-history":[{"count":0,"href":"https:\/\/now-news.de\/de\/wp-json\/wp\/v2\/posts\/15678\/revisions"}],"wp:featuredmedia":[{"embeddable":true,"href":"https:\/\/now-news.de\/de\/wp-json\/wp\/v2\/media\/15679"}],"wp:attachment":[{"href":"https:\/\/now-news.de\/de\/wp-json\/wp\/v2\/media?parent=15678"}],"wp:term":[{"taxonomy":"category","embeddable":true,"href":"https:\/\/now-news.de\/de\/wp-json\/wp\/v2\/categories?post=15678"},{"taxonomy":"post_tag","embeddable":true,"href":"https:\/\/now-news.de\/de\/wp-json\/wp\/v2\/tags?post=15678"}],"curies":[{"name":"wp","href":"https:\/\/api.w.org\/{rel}","templated":true}]}}