{"id":15615,"date":"2022-07-31T17:28:31","date_gmt":"2022-07-31T15:28:31","guid":{"rendered":"http:\/\/just-now.news\/de\/deutschland\/fuer-das-protokoll-lauterbach-bestaetigt-fuer-den-herbst-keine-schulschliessungen-kein-killervirus\/"},"modified":"2022-07-31T17:28:31","modified_gmt":"2022-07-31T15:28:31","slug":"fuer-das-protokoll-lauterbach-bestaetigt-fuer-den-herbst-keine-schulschliessungen-kein-killervirus","status":"publish","type":"post","link":"https:\/\/now-news.de\/de\/deutschland\/fuer-das-protokoll-lauterbach-bestaetigt-fuer-den-herbst-keine-schulschliessungen-kein-killervirus\/","title":{"rendered":"F\u00fcr das Protokoll: Lauterbach best\u00e4tigt f\u00fcr den Herbst \u2013 keine Schulschlie\u00dfungen, kein Killervirus"},"content":{"rendered":"<p><img decoding=\"async\" src=\"http:\/\/just-now.news\/de\/wp-content\/uploads\/sites\/3\/2022\/07\/62e50b36b480cc01e31ebd12.jpg\" \/><\/p>\n<div class=\"Text-root Text-type_1 \">\n                Dem ARD-Hauptstadtstudio konnten f\u00fcr ein geplantes Interview mit Gesundheitsminister Lauterbach vorab Fragen zugesandt werden. Diese wurden dann dem Minister nach einer Vorauswahl im Gespr\u00e4ch gestellt. Das Ergebnis ist erkenntnisreich und ein Paradebeispiel f\u00fcr manipulativen Wohlf\u00fchljournalismus.\n            <\/div>\n<p><\/p>\n<div class=\"Text-root Text-type_5 ArticleView-text ViewText-root \">\n<p><em>von Bernhard Loyen<\/em><\/p>\n<p>Am 28. Juli k\u00fcndigte die ARD \u00fcber ihre Social-Media Kan\u00e4le ein Interview mit dem amtierenden Bundesminister f\u00fcr Gesundheit, Karl Lauterbach (SPD), an. Interessierte User konnten die M\u00f6glichkeit nutzen, dem Minister ihre Sorgen und N\u00f6te zu medizinischen und gesellschaftlichen Problemen der Gegenwart zu stellen. Die <em>ARD<\/em>-Redaktion bot an: &#8220;Stellt ihm jetzt eure Fragen in den Kommentaren \u2013 die Antworten gibt\u2019s morgen ab 15 Uhr live&#8221;. Lauterbach erg\u00e4nzte salopp, noch im Rausch eines vermeintlichen Stand-Up Comedians, mit den Worten: &#8220;Feuer frei!&#8221;<\/p>\n<div class=\"EmbedBlock-root EmbedBlock-twitter\">\n<div class=\"TwitterEmbed\">\n<blockquote class=\"twitter-tweet lazyload\" data-twitter=\"twitter-tweet\">\n<p lang=\"de\" dir=\"ltr\">Feuer frei! <a rel=\"nofollow noopener\" target=\"_blank\" href=\"https:\/\/t.co\/Ap6iMwWxIn\">https:\/\/t.co\/Ap6iMwWxIn<\/a><\/p>\n<p>\u2014 Prof. Karl Lauterbach (@Karl_Lauterbach) <a rel=\"nofollow noopener\" target=\"_blank\" href=\"https:\/\/twitter.com\/Karl_Lauterbach\/status\/1552575987518513152?ref_src=twsrc%5Etfw\">July 28, 2022<\/a><\/p><\/blockquote>\n<\/div>\n<\/div>\n<p><em>Das Cicero<\/em>-Magazin <a rel=\"nofollow noopener\" target=\"_blank\" href=\"https:\/\/www.cicero.de\/kultur\/karl-lauterbach-comedy-auftritt-one-mic-stand\">titelte<\/a>\u00a0zum Thema Lauterbach als Alleinunterhalter (auf dem <a rel=\"nofollow noopener\" target=\"_blank\" href=\"https:\/\/www.youtube.com\/watch?v=jM4TIZD61k8\"><em>Amazon-Prime<\/em> Channel<\/a>), leider hinter einer Bezahlschranke: &#8220;Karl Lauterbachs Comedy-Auftritt bei &#8220;One Mic Stand&#8221;\u00a0\u2013 einfach nur schlimm. Richtig schlimm&#8221;. Schlimm, richtig schlimm, war auch die Er\u00f6ffnung des Interviews mit dem\u00a0Bundesminister f\u00fcr Gesundheit. Nadine Bader,\u00a0TV-Korrespondentin im <em>ARD<\/em>-Hauptstadtstudio, begann eher irritierend das Gespr\u00e4ch auf dem Niveau eines schlichten Fan-Girls. Nach Wochen\u00a0regelm\u00e4\u00dfiger <a rel=\"nofollow noopener\" target=\"_blank\" href=\"https:\/\/www.spiegel.de\/gesundheit\/corona-impfung-stiko-chef-thomas-mertens-widerspricht-gesundheitsminister-karl-lauterbach-a-7eccc4f5-8c4b-41f2-bae5-c31efc25f294\">Kritik <\/a>an Karl Lauterbach und vermehrten <a rel=\"nofollow noopener\" target=\"_blank\" href=\"https:\/\/www.faz.net\/aktuell\/politik\/inland\/karl-lauterbach-die-vielen-fehler-des-gesundheitsministers-17918912.html\">Irritationen<\/a> \u00fcber inhaltliche Mitteilungs-Rochaden konnte\u00a0der Minister sich mit Start des <a rel=\"nofollow noopener\" target=\"_blank\" href=\"https:\/\/www.tagesschau.de\/inland\/lauterbach-corona-119.html\">Interviews<\/a> realisieren &#8211; es folgt ein Wohlf\u00fchltermin. Bader w\u00f6rtlich:<\/p>\n<blockquote>\n<p><em>&#8220;Wir sprechen heute mit dem Minister, dem schon vor seiner Amtszeit viele Herzen zugeflogen sind. &#8220;Wir wollen Karl&#8221; haben damals viele in den sozialen Kan\u00e4len gefordert.&#8221;<\/em><\/p>\n<\/blockquote>\n<p>Der Aufforderung w\u00e4re nachgekommen worden, so Frau Bader begeistert: &#8220;Uns haben zahlreiche, tausende, (Fragen) von User_Innen erreicht&#8221;. Tausende? Man durfte gespannt sein, wie das<em> ARD<\/em>-Hauptstadtstudio die Themen-Vorauswahl gestaltete. Nach kurzen Erl\u00e4uterungen zu seiner j\u00fcngsten US-Reise, alle kontaktierten aktuellen US-Fachkollegen kannte der Minister nat\u00fcrlich schon lange vorher &#8220;pers\u00f6nlich&#8221;, startete der Interviewblock mit den Aussagen Lauterbachs zur Notwendigkeit einer 4. Impfung. Lauterbach wies in seiner Antwort variabel auf die vermeintliche Tatsache hin, dass er entweder falsch zitiert oder missverst\u00e4ndlich verstanden wird und wurde. An ihm, an seinen wankelm\u00fctigen Aussagen, g\u00e4be es demnach laut seiner Wahrnehmung nichts zu kritisieren.\u00a0<\/p>\n<p>Zum Thema kommender Wirkstoff-Aktualisierungen und deren Effektivit\u00e4t folgte eine \u00fcberraschend ehrliche Zusammenfassung des Ministers zum Status Quo der Impfstoffqualit\u00e4ten:<\/p>\n<blockquote>\n<p><em>&#8220;Die gute Nachricht ist, sie kommen (&#8230;) Wir werden im September angepasste Impfstoffe haben (&#8230;) Beides sehr gute Impfstoffe. Was diese Impfstoffe, im Vergleich zum jetzigen Impfstoff leisten k\u00f6nnen, man senkt damit deutlich das Risiko, dass man sich \u00fcberhaupt infiziert.&#8221;<\/em><\/p>\n<\/blockquote>\n<p>F\u00fcr das Protokoll: Beide modifizierten, also angepassten Impfstoffe der Firmen BioNTech und Moderna, sind noch nicht auf dem Markt erh\u00e4ltlich, noch nicht zugelassen, aber der Bundesminister f\u00fcr Gesundheit wei\u00df jetzt schon: &#8220;Beides sehr gute Impfstoffe&#8221; und vor allem effektiver, weil:<\/p>\n<blockquote>\n<p><em>&#8220;Der jetzige Impfstoff ist ja auch sehr gut, zur Vermeidung von schweren Verl\u00e4ufen und von Tod, aber man ist nicht wirklich gut gesch\u00fctzt vor der Ansteckung. Da ist der Schutz nur eben bei 35 Prozent.&#8221;<\/em><\/p>\n<\/blockquote>\n<p>Wurde seitens der Moderatorin nachgehakt? Nein. Gab es etwaig unter den &#8220;tausenden&#8221; vorliegenden\u00a0Zusendungen entsprechende Fragen zur Thematik? Vielleicht, bzw. nicht in der Vorauswahl der <em>ARD<\/em>-Redaktion. So viel sei schon verraten. Zum stetig sich dynamisierenden Ph\u00e4nomen sich manifestierender lebenseinschr\u00e4nkender <a rel=\"nofollow noopener\" target=\"_blank\" href=\"https:\/\/www.youtube.com\/watch?v=jjWeI3m2r14\">Impfstoffnebenwirkungen<\/a> bei geimpften B\u00fcrgern wird es nicht eine Frage, keine Erl\u00e4uterung, rein gar nichts im gesamten Interview geben. Freundlich formuliert, ein irritierender Vorgang. Sch\u00e4rfer formuliert, ein Skandal, bei der Realit\u00e4t existierenden Leids in Deutschland.<\/p>\n<p>Bevor rein manipulativ der Ball zum Steckenpferd-Schwerpunkt-Wunschthema des Ministers zugespielt wurde, Long-COVID, folgten die zwei schon erw\u00e4hnten Aussagen von Lauterbach zu den Punkten Killervirus, bzw. Killer-Variante und m\u00f6gliche Schulschlie\u00dfungen im Herbst. Lauterbachs pers\u00f6nliche Wahrnehmung zum Thema Killervirus:<\/p>\n<blockquote>\n<p><em>&#8220;Ich warne ja nicht vor dem Killervirus. Ich habe darauf hingewiesen, dass wir nicht ausschlie\u00dfen k\u00f6nnen, dass es einen Killervirus gibt.&#8221;<\/em><\/p>\n<\/blockquote>\n<p>So ist er, der Minister. Er meint es nicht so, wie er es formuliert, und wenn doch, wird er schlicht falsch verstanden. Erstmalig im April <a rel=\"nofollow noopener\" target=\"_blank\" href=\"https:\/\/www.bild.de\/bild-plus\/politik\/inland\/politik-inland\/lauterbach-warnt-vor-absoluter-killervariante-ansteckend-wie-omikron-toedlich-wi-79797088.bild.html\">titelte<\/a>\u00a0zum Beispiel die <em>Bild-Zeitung<\/em>: &#8220;Lauterbach warnt vor &#8220;absoluter Killervariante&#8221;. Im Mai lie\u00df das <em>Redaktionsnetzwerk Deutschland<\/em>\u00a0<a rel=\"nofollow noopener\" target=\"_blank\" href=\"https:\/\/www.rnd.de\/politik\/karl-lauterbach-warnt-corona-wird-nicht-harmloser-C2FSVPS3NVJUS7LFFOVHRLHXYQ.html\">wissen<\/a>: &#8220;Bundesgesundheitsminister Karl Lauterbach (SPD) gesteht sich ein, bei seiner Warnung vor einer &#8220;Killer-Variante&#8221; den Begriff &#8220;nicht optimal gew\u00e4hlt&#8221; zu haben&#8221;, damit die <em>Bild-Zeitung<\/em>\u00a0wiederum am 28. Juli <a rel=\"nofollow noopener\" target=\"_blank\" href=\"https:\/\/www.bild.de\/politik\/2022\/politik\/lauterbach-ueber-corona-muessen-auf-eine-killer-variante-vorbereitet-sein-80841736.bild.html\">titeln<\/a> konnte: &#8220;Lauterbach\u00a0f\u00fcrchtet\u00a0schweren Corona-Herbst: &#8220;M\u00fcssen auf eine Killer-Variante vorbereitet sein&#8221;. Nun\u00a0die j\u00fcngste Einsch\u00e4tzung\u00a0von Bundesgesundheitsminister Lauterbach, f\u00fcr das Protokoll, aus dem j\u00fcngsten ARD-Interview:<\/p>\n<blockquote>\n<p><em>&#8220;Ich glaube, zum jetzigen Zeitpunkt werden wir keinen Killervirus bekommen. Ich halte das f\u00fcr sehr unwahrscheinlich.&#8221;<\/em><\/p>\n<\/blockquote>\n<p>Thema: drohende Schulschlie\u00dfungen im Herbst. Lauterbach w\u00f6rtlich:<\/p>\n<blockquote>\n<p><em>&#8220;Hier mache ich dann mal eine Ausnahme. Ich finde es nicht gut, wenn aus laufenden Verhandlungen vorgetragen wird. Hier mache ich mal eine Ausnahme. Die M\u00f6glichkeit f\u00fcr Schulschlie\u00dfungen wird es nicht mehr geben.&#8221;<\/em><\/p>\n<\/blockquote>\n<p>Gegen Mitte des Gespr\u00e4chs sicheres Terrain f\u00fcr Lauterbach. Das Long-COVID-Risiko, auch &#8220;f\u00fcr mittlere Altersgruppen, J\u00fcngere&#8221;, sei weiterhin &#8220;erheblich&#8221;. Es folgt eine Formulierung des Ministers, die bitte nicht falsch verstanden werden darf:<\/p>\n<blockquote>\n<p><em>&#8220;Man kann sich \u00fcber einen falschen Atemzug, kann man sich sein Leben kaputtmachen.&#8221;<\/em><\/p>\n<\/blockquote>\n<p>Die Risikowahrnehmung in der Bev\u00f6lkerung, &#8220;gerade bei den J\u00fcngeren&#8221;, sei &#8220;nicht korrekt im Moment&#8221;. In Verbindung mit einer &#8220;innovativen Agentur&#8221;, w\u00fcrde dem entgegengewirkt. Bedeutet, noch mehr <a rel=\"nofollow noopener\" target=\"_blank\" href=\"https:\/\/de.rt.com\/inland\/130537-neue-impfkampagne-bundesregierung-kostet-60\/\">Steuergeld verpulvert<\/a>, f\u00fcr wahnwitzig teure Regierungskampagnen. In Deutschland, so Lauterbach, gebe es &#8220;viele\u00a0Long-COVID-Erkrankte, Hunderttausende&#8221;. Der Minister erkennt daher am Ende des Long-COVID-Tunnels goldene Absatzm\u00e4rkte aufleuchten. Es folgte ein Satz, der je nach Blickwinkel zum Schmunzeln oder Kopfsch\u00fctteln f\u00fchren k\u00f6nnte. Lauterbach w\u00f6rtlich:<\/p>\n<blockquote>\n<p><em>&#8220;Wenn ein Unternehmen hier ein Medikament bringen kann, das bezahlt sich also im ersten halben Jahr. Das w\u00fcrde mit h\u00f6chstem Gewinn, w\u00e4re das vermittelbar. Daran arbeiten wirklich die Pharmaunternehmen der ganzen Welt.&#8221;<\/em><\/p>\n<\/blockquote>\n<p>Gr\u00e4tschte Frau Bader wenigstens da hinein, zum Beispiel durch m\u00f6gliche User-Fragen zum Thema <a rel=\"nofollow noopener\" target=\"_blank\" href=\"https:\/\/www.mdr.de\/video\/mdr-videos\/c\/video-642080.html\">Post-Vac-Syndrom<\/a>, einer Realit\u00e4t, die sich mittlerweile zehntausend-, wenn nicht hunderttausendfach an den k\u00f6rperlichen Beeintr\u00e4chtigungen von Betroffenen nachweisen l\u00e4sst? Nein, sie fasste am Ende des Monologs von Lauterbach ihre Erkenntnis zusammen: &#8220;Also, noch einmal, ihr Appell &#8211; sich impfen zu lassen&#8221;.<\/p>\n<p>Es h\u00e4tte aber &#8220;viele&#8221; Zuschriften gegeben zum Thema der Zusammenarbeit mit der FDP. Auch zum Thema Pflegenotstand &#8220;sehr, sehr viele&#8221; Fragen. Lauterbach versicherte, er h\u00e4tte eine &#8220;gro\u00dfe Wertsch\u00e4tzung f\u00fcr Pflegekr\u00e4fte&#8221;. Die m\u00fcssen aber geimpft sein, h\u00e4tte Frau Bader da erg\u00e4nzen k\u00f6nnen, um auf die verbale Entgleisung des Ministers vom Juni diesen Jahres hinzuweisen, als er sich auf einer\u00a0Protestveranstaltung gegen den Pflegenotstand und die einrichtungsbezogene Impfpflicht von Pflegekr\u00e4ften eindeutig <a rel=\"nofollow noopener\" target=\"_blank\" href=\"https:\/\/pressefreiheit.rtde.tech\/meinung\/141731-unprofessionell-lauterbach-beschimpft-und-spaltet\/\">im Ton vergriff<\/a>. Lauterbach damals w\u00f6rtlich:<\/p>\n<blockquote>\n<p>&#8220;<em>Sie haben kein Recht hier zu sein (&#8230;) Sie haben keinen Beitrag geleistet und ich finde es ist eine Unversch\u00e4mtheit, dass sie noch die Stirn haben, diese berechtigte Demonstration derjenigen zu missbrauchen, die gearbeitet haben (&#8230;)\u00a0<\/em><em>Ihre Arbeit hat keinen Beitrag geleistet.&#8221;<\/em><\/p>\n<\/blockquote>\n<p>Auch dies passierte nicht. Daf\u00fcr wurde Lauterbach intensiv zu den vielen Fragen der User zum Thema\u00a0einer gyn\u00e4kologischen Krankheit,\u00a0der Endometriose, befragt.\u00a0Er sei daf\u00fcr, &#8220;dass hier ein Forschungsprogramm vom Bundesforschungsministerium kommt&#8221;, so Lauterbach, der Frauenversteher.\u00a0Als Epidemiologe k\u00f6nne er auch &#8220;ein bisschen was dazu sagen, wie viele Frauen das haben.&#8221; Zu der wichtigen Frage, ob und wann es in Deutschland Menstruationsurlaub wie in anderen L\u00e4ndern geben werde, bemerkte Lauterbach, das sei eine Frage an den Arbeitsminister. &#8220;Ich m\u00f6chte Hubertus Heil hier nicht vorgreifen.&#8221; Berufliche Bescheidenheit, eine Tugend des Ministers? Wenn es ihm passt.<\/p>\n<p>Zum Mangel an freien Psychotherapiepl\u00e4tzen im Land, &#8220;m\u00fcsse man an mehreren Punkten ansetzen&#8221;, so der Minister. Fragen zu den psychischen Auswirkungen der Coronapolitik, gerade bei den Kindern und Jugendlichen im Land, gab es keine, also seitens der Moderatorin. In den &#8220;tausenden&#8221; Fragen der User mit Sicherheit. Das Wohlf\u00fchl-Interview wurde nach knapp drei\u00dfig Minuten beendet. Frau Bader bedankte sich artig daf\u00fcr, dass &#8220;sie sich so viel Zeit genommen haben, f\u00fcr die vielen User_Innen-Fragen&#8221;.\u00a0<\/p>\n<p>Die das ARD-Hauptstadtstudio redaktionell\u00a0mundgerecht und leicht verdaulich vorab in einer rein manipulativen Vorauswahl dem Minister freundlich pr\u00e4sentierte.\u00a0<\/p>\n<p><strong>Mehr zum Thema &#8211;<\/strong>\u00a0<a rel=\"nofollow noopener\" target=\"_blank\" href=\"https:\/\/pressefreiheit.rtde.tech\/inland\/144117-neue-arbeitsgruppe-soll-kommunikation-zwischen\/\">Neue Arbeitsgruppe soll Kommunikation zwischen STIKO und Lauterbach auf Linie bringen<\/a><\/p>\n<\/div>\n<p><script async src=\"https:\/\/platform.twitter.com\/widgets.js\" charset=\"utf-8\"><\/script><br \/>\n<br \/><br \/>\n<br \/><a href=\"https:\/\/de.rt.com\/meinung\/144813-fuers-protokoll-lauterbach-bestaetigt-fuer-herbst\/\">Source link <\/a><\/p>\n","protected":false},"excerpt":{"rendered":"<p>Dem ARD-Hauptstadtstudio konnten f\u00fcr ein geplantes Interview mit Gesundheitsminister Lauterbach vorab Fragen zugesandt werden. Diese wurden dann dem Minister nach einer Vorauswahl im Gespr\u00e4ch gestellt. Das Ergebnis ist erkenntnisreich und ein Paradebeispiel f\u00fcr manipulativen Wohlf\u00fchljournalismus. von Bernhard Loyen Am 28. Juli k\u00fcndigte die ARD \u00fcber ihre Social-Media Kan\u00e4le ein Interview mit dem amtierenden Bundesminister f\u00fcr [&hellip;]<\/p>\n","protected":false},"author":3,"featured_media":15616,"comment_status":"open","ping_status":"open","sticky":false,"template":"","format":"standard","meta":{"wp_automatic_camp":["217"],"3302a16e98959e205985f1c95cde13a4":["F\u00fcr das Protokoll: Lauterbach best\u00e4tigt f\u00fcr den Herbst \u2013 keine Schulschlie\u00dfungen, kein Killervirus"],"original_link":["https:\/\/de.rt.com\/meinung\/144813-fuers-protokoll-lauterbach-bestaetigt-fuer-herbst\/"],"_thumbnail_id":["15616"],"_wptg_p2tg_sent2tg":["2022-07-31 17:31:36"],"jnews_social_counter_last_update":["1777601252"]},"categories":[19,23],"tags":[1438,427,48,221,529,2030,375,29862,1748,29861,23601],"yoast_head":"<!-- This site is optimized with the Yoast SEO Premium plugin v22.7 (Yoast SEO v22.7) - https:\/\/yoast.com\/wordpress\/plugins\/seo\/ -->\n<title>F\u00fcr das Protokoll: Lauterbach best\u00e4tigt f\u00fcr den Herbst \u2013 keine Schulschlie\u00dfungen, kein Killervirus - just-now.NEWS Deutschland<\/title>\n<meta name=\"robots\" content=\"index, follow, max-snippet:-1, max-image-preview:large, max-video-preview:-1\" \/>\n<link rel=\"canonical\" href=\"https:\/\/now-news.de\/de\/deutschland\/fuer-das-protokoll-lauterbach-bestaetigt-fuer-den-herbst-keine-schulschliessungen-kein-killervirus\/\" \/>\n<meta property=\"og:locale\" content=\"de_DE\" \/>\n<meta property=\"og:type\" content=\"article\" \/>\n<meta property=\"og:title\" content=\"F\u00fcr das Protokoll: Lauterbach best\u00e4tigt f\u00fcr den Herbst \u2013 keine Schulschlie\u00dfungen, kein Killervirus\" \/>\n<meta property=\"og:description\" content=\"Dem ARD-Hauptstadtstudio konnten f\u00fcr ein geplantes Interview mit Gesundheitsminister Lauterbach vorab Fragen zugesandt werden. Diese wurden dann dem Minister nach einer Vorauswahl im Gespr\u00e4ch gestellt. Das Ergebnis ist erkenntnisreich und ein Paradebeispiel f\u00fcr manipulativen Wohlf\u00fchljournalismus. von Bernhard Loyen Am 28. Juli k\u00fcndigte die ARD \u00fcber ihre Social-Media Kan\u00e4le ein Interview mit dem amtierenden Bundesminister f\u00fcr [&hellip;]\" \/>\n<meta property=\"og:url\" content=\"https:\/\/now-news.de\/de\/deutschland\/fuer-das-protokoll-lauterbach-bestaetigt-fuer-den-herbst-keine-schulschliessungen-kein-killervirus\/\" \/>\n<meta property=\"og:site_name\" content=\"just-now.NEWS Deutschland\" \/>\n<meta property=\"article:publisher\" content=\"https:\/\/www.facebook.com\/wirmachenauf\" \/>\n<meta property=\"article:published_time\" content=\"2022-07-31T15:28:31+00:00\" \/>\n<meta property=\"og:image\" content=\"https:\/\/now-news.de\/de\/wp-content\/uploads\/sites\/3\/2022\/07\/Fuer-das-Protokoll-Lauterbach-bestaetigt-fuer-den-Herbst-\u2013-keine.jpg\" \/>\n\t<meta property=\"og:image:width\" content=\"460\" \/>\n\t<meta property=\"og:image:height\" content=\"259\" \/>\n\t<meta property=\"og:image:type\" content=\"image\/jpeg\" \/>\n<meta name=\"author\" content=\"rtnews\" \/>\n<meta name=\"twitter:card\" content=\"summary_large_image\" \/>\n<meta name=\"twitter:creator\" content=\"@WirMachenAuf_de\" \/>\n<meta name=\"twitter:site\" content=\"@WirMachenAuf_de\" \/>\n<meta name=\"twitter:label1\" content=\"Verfasst von\" \/>\n\t<meta name=\"twitter:data1\" content=\"rtnews\" \/>\n\t<meta name=\"twitter:label2\" content=\"Gesch\u00e4tzte Lesezeit\" \/>\n\t<meta name=\"twitter:data2\" content=\"7\u00a0Minuten\" \/>\n<script type=\"application\/ld+json\" class=\"yoast-schema-graph\">{\"@context\":\"https:\/\/schema.org\",\"@graph\":[{\"@type\":\"Article\",\"@id\":\"https:\/\/now-news.de\/de\/deutschland\/fuer-das-protokoll-lauterbach-bestaetigt-fuer-den-herbst-keine-schulschliessungen-kein-killervirus\/#article\",\"isPartOf\":{\"@id\":\"https:\/\/now-news.de\/de\/deutschland\/fuer-das-protokoll-lauterbach-bestaetigt-fuer-den-herbst-keine-schulschliessungen-kein-killervirus\/\"},\"author\":{\"name\":\"rtnews\",\"@id\":\"https:\/\/now-news.de\/de\/#\/schema\/person\/fb534a4e865501d8b3285208df34a9b5\"},\"headline\":\"F\u00fcr das Protokoll: Lauterbach best\u00e4tigt f\u00fcr den Herbst \u2013 keine Schulschlie\u00dfungen, kein Killervirus\",\"datePublished\":\"2022-07-31T15:28:31+00:00\",\"dateModified\":\"2022-07-31T15:28:31+00:00\",\"mainEntityOfPage\":{\"@id\":\"https:\/\/now-news.de\/de\/deutschland\/fuer-das-protokoll-lauterbach-bestaetigt-fuer-den-herbst-keine-schulschliessungen-kein-killervirus\/\"},\"wordCount\":1386,\"commentCount\":0,\"publisher\":{\"@id\":\"https:\/\/now-news.de\/de\/#organization\"},\"image\":{\"@id\":\"https:\/\/now-news.de\/de\/deutschland\/fuer-das-protokoll-lauterbach-bestaetigt-fuer-den-herbst-keine-schulschliessungen-kein-killervirus\/#primaryimage\"},\"thumbnailUrl\":\"https:\/\/now-news.de\/de\/wp-content\/uploads\/sites\/3\/2022\/07\/Fuer-das-Protokoll-Lauterbach-bestaetigt-fuer-den-Herbst-\u2013-keine.jpg\",\"keywords\":[\"best\u00e4tigt\",\"das\",\"den\",\"f\u00fcr\",\"Herbst\",\"Kein\",\"keine\",\"Killervirus\",\"Lauterbach\",\"Protokoll\",\"Schulschlie\u00dfungen\"],\"articleSection\":[\"Deutschland\",\"Russland\"],\"inLanguage\":\"de\",\"potentialAction\":[{\"@type\":\"CommentAction\",\"name\":\"Comment\",\"target\":[\"https:\/\/now-news.de\/de\/deutschland\/fuer-das-protokoll-lauterbach-bestaetigt-fuer-den-herbst-keine-schulschliessungen-kein-killervirus\/#respond\"]}]},{\"@type\":\"WebPage\",\"@id\":\"https:\/\/now-news.de\/de\/deutschland\/fuer-das-protokoll-lauterbach-bestaetigt-fuer-den-herbst-keine-schulschliessungen-kein-killervirus\/\",\"url\":\"https:\/\/now-news.de\/de\/deutschland\/fuer-das-protokoll-lauterbach-bestaetigt-fuer-den-herbst-keine-schulschliessungen-kein-killervirus\/\",\"name\":\"F\u00fcr das Protokoll: Lauterbach best\u00e4tigt f\u00fcr den Herbst \u2013 keine Schulschlie\u00dfungen, kein Killervirus - just-now.NEWS Deutschland\",\"isPartOf\":{\"@id\":\"https:\/\/now-news.de\/de\/#website\"},\"primaryImageOfPage\":{\"@id\":\"https:\/\/now-news.de\/de\/deutschland\/fuer-das-protokoll-lauterbach-bestaetigt-fuer-den-herbst-keine-schulschliessungen-kein-killervirus\/#primaryimage\"},\"image\":{\"@id\":\"https:\/\/now-news.de\/de\/deutschland\/fuer-das-protokoll-lauterbach-bestaetigt-fuer-den-herbst-keine-schulschliessungen-kein-killervirus\/#primaryimage\"},\"thumbnailUrl\":\"https:\/\/now-news.de\/de\/wp-content\/uploads\/sites\/3\/2022\/07\/Fuer-das-Protokoll-Lauterbach-bestaetigt-fuer-den-Herbst-\u2013-keine.jpg\",\"datePublished\":\"2022-07-31T15:28:31+00:00\",\"dateModified\":\"2022-07-31T15:28:31+00:00\",\"breadcrumb\":{\"@id\":\"https:\/\/now-news.de\/de\/deutschland\/fuer-das-protokoll-lauterbach-bestaetigt-fuer-den-herbst-keine-schulschliessungen-kein-killervirus\/#breadcrumb\"},\"inLanguage\":\"de\",\"potentialAction\":[{\"@type\":\"ReadAction\",\"target\":[\"https:\/\/now-news.de\/de\/deutschland\/fuer-das-protokoll-lauterbach-bestaetigt-fuer-den-herbst-keine-schulschliessungen-kein-killervirus\/\"]}]},{\"@type\":\"ImageObject\",\"inLanguage\":\"de\",\"@id\":\"https:\/\/now-news.de\/de\/deutschland\/fuer-das-protokoll-lauterbach-bestaetigt-fuer-den-herbst-keine-schulschliessungen-kein-killervirus\/#primaryimage\",\"url\":\"https:\/\/now-news.de\/de\/wp-content\/uploads\/sites\/3\/2022\/07\/Fuer-das-Protokoll-Lauterbach-bestaetigt-fuer-den-Herbst-\u2013-keine.jpg\",\"contentUrl\":\"https:\/\/now-news.de\/de\/wp-content\/uploads\/sites\/3\/2022\/07\/Fuer-das-Protokoll-Lauterbach-bestaetigt-fuer-den-Herbst-\u2013-keine.jpg\",\"width\":460,\"height\":259,\"caption\":\"F\u00fcr das Protokoll: Lauterbach best\u00e4tigt f\u00fcr den Herbst \u2013 keine Schulschlie\u00dfungen, kein Killervirus\"},{\"@type\":\"BreadcrumbList\",\"@id\":\"https:\/\/now-news.de\/de\/deutschland\/fuer-das-protokoll-lauterbach-bestaetigt-fuer-den-herbst-keine-schulschliessungen-kein-killervirus\/#breadcrumb\",\"itemListElement\":[{\"@type\":\"ListItem\",\"position\":1,\"name\":\"Home\",\"item\":\"https:\/\/now-news.de\/de\/\"},{\"@type\":\"ListItem\",\"position\":2,\"name\":\"F\u00fcr das Protokoll: Lauterbach best\u00e4tigt f\u00fcr den Herbst \u2013 keine Schulschlie\u00dfungen, kein Killervirus\"}]},{\"@type\":\"WebSite\",\"@id\":\"https:\/\/now-news.de\/de\/#website\",\"url\":\"https:\/\/now-news.de\/de\/\",\"name\":\"just-now.NEWS Deutschland\",\"description\":\"Das Portal f\u00fcr unzensierte Nachrichten aus der Welt\",\"publisher\":{\"@id\":\"https:\/\/now-news.de\/de\/#organization\"},\"potentialAction\":[{\"@type\":\"SearchAction\",\"target\":{\"@type\":\"EntryPoint\",\"urlTemplate\":\"https:\/\/now-news.de\/de\/?s={search_term_string}\"},\"query-input\":\"required name=search_term_string\"}],\"inLanguage\":\"de\"},{\"@type\":\"Organization\",\"@id\":\"https:\/\/now-news.de\/de\/#organization\",\"name\":\"Just Now News\",\"url\":\"https:\/\/now-news.de\/de\/\",\"logo\":{\"@type\":\"ImageObject\",\"inLanguage\":\"de\",\"@id\":\"https:\/\/now-news.de\/de\/#\/schema\/logo\/image\/\",\"url\":\"http:\/\/just-now.news\/de\/wp-content\/uploads\/sites\/3\/2022\/04\/logo500x500.jpg\",\"contentUrl\":\"http:\/\/just-now.news\/de\/wp-content\/uploads\/sites\/3\/2022\/04\/logo500x500.jpg\",\"width\":500,\"height\":500,\"caption\":\"Just Now News\"},\"image\":{\"@id\":\"https:\/\/now-news.de\/de\/#\/schema\/logo\/image\/\"},\"sameAs\":[\"https:\/\/www.facebook.com\/wirmachenauf\",\"https:\/\/x.com\/WirMachenAuf_de\"]},{\"@type\":\"Person\",\"@id\":\"https:\/\/now-news.de\/de\/#\/schema\/person\/fb534a4e865501d8b3285208df34a9b5\",\"name\":\"rtnews\",\"image\":{\"@type\":\"ImageObject\",\"inLanguage\":\"de\",\"@id\":\"https:\/\/now-news.de\/de\/#\/schema\/person\/image\/\",\"url\":\"https:\/\/secure.gravatar.com\/avatar\/82aafea7d8127119dd649515f56e2117?s=96&d=mm&r=g\",\"contentUrl\":\"https:\/\/secure.gravatar.com\/avatar\/82aafea7d8127119dd649515f56e2117?s=96&d=mm&r=g\",\"caption\":\"rtnews\"},\"url\":\"https:\/\/now-news.de\/de\/author\/rnews\/\"}]}<\/script>\n<!-- \/ Yoast SEO Premium plugin. -->","yoast_head_json":{"title":"F\u00fcr das Protokoll: Lauterbach best\u00e4tigt f\u00fcr den Herbst \u2013 keine Schulschlie\u00dfungen, kein Killervirus - just-now.NEWS Deutschland","robots":{"index":"index","follow":"follow","max-snippet":"max-snippet:-1","max-image-preview":"max-image-preview:large","max-video-preview":"max-video-preview:-1"},"canonical":"https:\/\/now-news.de\/de\/deutschland\/fuer-das-protokoll-lauterbach-bestaetigt-fuer-den-herbst-keine-schulschliessungen-kein-killervirus\/","og_locale":"de_DE","og_type":"article","og_title":"F\u00fcr das Protokoll: Lauterbach best\u00e4tigt f\u00fcr den Herbst \u2013 keine Schulschlie\u00dfungen, kein Killervirus","og_description":"Dem ARD-Hauptstadtstudio konnten f\u00fcr ein geplantes Interview mit Gesundheitsminister Lauterbach vorab Fragen zugesandt werden. Diese wurden dann dem Minister nach einer Vorauswahl im Gespr\u00e4ch gestellt. Das Ergebnis ist erkenntnisreich und ein Paradebeispiel f\u00fcr manipulativen Wohlf\u00fchljournalismus. von Bernhard Loyen Am 28. Juli k\u00fcndigte die ARD \u00fcber ihre Social-Media Kan\u00e4le ein Interview mit dem amtierenden Bundesminister f\u00fcr [&hellip;]","og_url":"https:\/\/now-news.de\/de\/deutschland\/fuer-das-protokoll-lauterbach-bestaetigt-fuer-den-herbst-keine-schulschliessungen-kein-killervirus\/","og_site_name":"just-now.NEWS Deutschland","article_publisher":"https:\/\/www.facebook.com\/wirmachenauf","article_published_time":"2022-07-31T15:28:31+00:00","og_image":[{"width":460,"height":259,"url":"https:\/\/now-news.de\/de\/wp-content\/uploads\/sites\/3\/2022\/07\/Fuer-das-Protokoll-Lauterbach-bestaetigt-fuer-den-Herbst-\u2013-keine.jpg","type":"image\/jpeg"}],"author":"rtnews","twitter_card":"summary_large_image","twitter_creator":"@WirMachenAuf_de","twitter_site":"@WirMachenAuf_de","twitter_misc":{"Verfasst von":"rtnews","Gesch\u00e4tzte Lesezeit":"7\u00a0Minuten"},"schema":{"@context":"https:\/\/schema.org","@graph":[{"@type":"Article","@id":"https:\/\/now-news.de\/de\/deutschland\/fuer-das-protokoll-lauterbach-bestaetigt-fuer-den-herbst-keine-schulschliessungen-kein-killervirus\/#article","isPartOf":{"@id":"https:\/\/now-news.de\/de\/deutschland\/fuer-das-protokoll-lauterbach-bestaetigt-fuer-den-herbst-keine-schulschliessungen-kein-killervirus\/"},"author":{"name":"rtnews","@id":"https:\/\/now-news.de\/de\/#\/schema\/person\/fb534a4e865501d8b3285208df34a9b5"},"headline":"F\u00fcr das Protokoll: Lauterbach best\u00e4tigt f\u00fcr den Herbst \u2013 keine Schulschlie\u00dfungen, kein Killervirus","datePublished":"2022-07-31T15:28:31+00:00","dateModified":"2022-07-31T15:28:31+00:00","mainEntityOfPage":{"@id":"https:\/\/now-news.de\/de\/deutschland\/fuer-das-protokoll-lauterbach-bestaetigt-fuer-den-herbst-keine-schulschliessungen-kein-killervirus\/"},"wordCount":1386,"commentCount":0,"publisher":{"@id":"https:\/\/now-news.de\/de\/#organization"},"image":{"@id":"https:\/\/now-news.de\/de\/deutschland\/fuer-das-protokoll-lauterbach-bestaetigt-fuer-den-herbst-keine-schulschliessungen-kein-killervirus\/#primaryimage"},"thumbnailUrl":"https:\/\/now-news.de\/de\/wp-content\/uploads\/sites\/3\/2022\/07\/Fuer-das-Protokoll-Lauterbach-bestaetigt-fuer-den-Herbst-\u2013-keine.jpg","keywords":["best\u00e4tigt","das","den","f\u00fcr","Herbst","Kein","keine","Killervirus","Lauterbach","Protokoll","Schulschlie\u00dfungen"],"articleSection":["Deutschland","Russland"],"inLanguage":"de","potentialAction":[{"@type":"CommentAction","name":"Comment","target":["https:\/\/now-news.de\/de\/deutschland\/fuer-das-protokoll-lauterbach-bestaetigt-fuer-den-herbst-keine-schulschliessungen-kein-killervirus\/#respond"]}]},{"@type":"WebPage","@id":"https:\/\/now-news.de\/de\/deutschland\/fuer-das-protokoll-lauterbach-bestaetigt-fuer-den-herbst-keine-schulschliessungen-kein-killervirus\/","url":"https:\/\/now-news.de\/de\/deutschland\/fuer-das-protokoll-lauterbach-bestaetigt-fuer-den-herbst-keine-schulschliessungen-kein-killervirus\/","name":"F\u00fcr das Protokoll: Lauterbach best\u00e4tigt f\u00fcr den Herbst \u2013 keine Schulschlie\u00dfungen, kein Killervirus - just-now.NEWS Deutschland","isPartOf":{"@id":"https:\/\/now-news.de\/de\/#website"},"primaryImageOfPage":{"@id":"https:\/\/now-news.de\/de\/deutschland\/fuer-das-protokoll-lauterbach-bestaetigt-fuer-den-herbst-keine-schulschliessungen-kein-killervirus\/#primaryimage"},"image":{"@id":"https:\/\/now-news.de\/de\/deutschland\/fuer-das-protokoll-lauterbach-bestaetigt-fuer-den-herbst-keine-schulschliessungen-kein-killervirus\/#primaryimage"},"thumbnailUrl":"https:\/\/now-news.de\/de\/wp-content\/uploads\/sites\/3\/2022\/07\/Fuer-das-Protokoll-Lauterbach-bestaetigt-fuer-den-Herbst-\u2013-keine.jpg","datePublished":"2022-07-31T15:28:31+00:00","dateModified":"2022-07-31T15:28:31+00:00","breadcrumb":{"@id":"https:\/\/now-news.de\/de\/deutschland\/fuer-das-protokoll-lauterbach-bestaetigt-fuer-den-herbst-keine-schulschliessungen-kein-killervirus\/#breadcrumb"},"inLanguage":"de","potentialAction":[{"@type":"ReadAction","target":["https:\/\/now-news.de\/de\/deutschland\/fuer-das-protokoll-lauterbach-bestaetigt-fuer-den-herbst-keine-schulschliessungen-kein-killervirus\/"]}]},{"@type":"ImageObject","inLanguage":"de","@id":"https:\/\/now-news.de\/de\/deutschland\/fuer-das-protokoll-lauterbach-bestaetigt-fuer-den-herbst-keine-schulschliessungen-kein-killervirus\/#primaryimage","url":"https:\/\/now-news.de\/de\/wp-content\/uploads\/sites\/3\/2022\/07\/Fuer-das-Protokoll-Lauterbach-bestaetigt-fuer-den-Herbst-\u2013-keine.jpg","contentUrl":"https:\/\/now-news.de\/de\/wp-content\/uploads\/sites\/3\/2022\/07\/Fuer-das-Protokoll-Lauterbach-bestaetigt-fuer-den-Herbst-\u2013-keine.jpg","width":460,"height":259,"caption":"F\u00fcr das Protokoll: Lauterbach best\u00e4tigt f\u00fcr den Herbst \u2013 keine Schulschlie\u00dfungen, kein Killervirus"},{"@type":"BreadcrumbList","@id":"https:\/\/now-news.de\/de\/deutschland\/fuer-das-protokoll-lauterbach-bestaetigt-fuer-den-herbst-keine-schulschliessungen-kein-killervirus\/#breadcrumb","itemListElement":[{"@type":"ListItem","position":1,"name":"Home","item":"https:\/\/now-news.de\/de\/"},{"@type":"ListItem","position":2,"name":"F\u00fcr das Protokoll: Lauterbach best\u00e4tigt f\u00fcr den Herbst \u2013 keine Schulschlie\u00dfungen, kein Killervirus"}]},{"@type":"WebSite","@id":"https:\/\/now-news.de\/de\/#website","url":"https:\/\/now-news.de\/de\/","name":"just-now.NEWS Deutschland","description":"Das Portal f\u00fcr unzensierte Nachrichten aus der Welt","publisher":{"@id":"https:\/\/now-news.de\/de\/#organization"},"potentialAction":[{"@type":"SearchAction","target":{"@type":"EntryPoint","urlTemplate":"https:\/\/now-news.de\/de\/?s={search_term_string}"},"query-input":"required name=search_term_string"}],"inLanguage":"de"},{"@type":"Organization","@id":"https:\/\/now-news.de\/de\/#organization","name":"Just Now News","url":"https:\/\/now-news.de\/de\/","logo":{"@type":"ImageObject","inLanguage":"de","@id":"https:\/\/now-news.de\/de\/#\/schema\/logo\/image\/","url":"http:\/\/just-now.news\/de\/wp-content\/uploads\/sites\/3\/2022\/04\/logo500x500.jpg","contentUrl":"http:\/\/just-now.news\/de\/wp-content\/uploads\/sites\/3\/2022\/04\/logo500x500.jpg","width":500,"height":500,"caption":"Just Now News"},"image":{"@id":"https:\/\/now-news.de\/de\/#\/schema\/logo\/image\/"},"sameAs":["https:\/\/www.facebook.com\/wirmachenauf","https:\/\/x.com\/WirMachenAuf_de"]},{"@type":"Person","@id":"https:\/\/now-news.de\/de\/#\/schema\/person\/fb534a4e865501d8b3285208df34a9b5","name":"rtnews","image":{"@type":"ImageObject","inLanguage":"de","@id":"https:\/\/now-news.de\/de\/#\/schema\/person\/image\/","url":"https:\/\/secure.gravatar.com\/avatar\/82aafea7d8127119dd649515f56e2117?s=96&d=mm&r=g","contentUrl":"https:\/\/secure.gravatar.com\/avatar\/82aafea7d8127119dd649515f56e2117?s=96&d=mm&r=g","caption":"rtnews"},"url":"https:\/\/now-news.de\/de\/author\/rnews\/"}]}},"_links":{"self":[{"href":"https:\/\/now-news.de\/de\/wp-json\/wp\/v2\/posts\/15615"}],"collection":[{"href":"https:\/\/now-news.de\/de\/wp-json\/wp\/v2\/posts"}],"about":[{"href":"https:\/\/now-news.de\/de\/wp-json\/wp\/v2\/types\/post"}],"author":[{"embeddable":true,"href":"https:\/\/now-news.de\/de\/wp-json\/wp\/v2\/users\/3"}],"replies":[{"embeddable":true,"href":"https:\/\/now-news.de\/de\/wp-json\/wp\/v2\/comments?post=15615"}],"version-history":[{"count":0,"href":"https:\/\/now-news.de\/de\/wp-json\/wp\/v2\/posts\/15615\/revisions"}],"wp:featuredmedia":[{"embeddable":true,"href":"https:\/\/now-news.de\/de\/wp-json\/wp\/v2\/media\/15616"}],"wp:attachment":[{"href":"https:\/\/now-news.de\/de\/wp-json\/wp\/v2\/media?parent=15615"}],"wp:term":[{"taxonomy":"category","embeddable":true,"href":"https:\/\/now-news.de\/de\/wp-json\/wp\/v2\/categories?post=15615"},{"taxonomy":"post_tag","embeddable":true,"href":"https:\/\/now-news.de\/de\/wp-json\/wp\/v2\/tags?post=15615"}],"curies":[{"name":"wp","href":"https:\/\/api.w.org\/{rel}","templated":true}]}}