{"id":15611,"date":"2022-07-31T16:45:07","date_gmt":"2022-07-31T14:45:07","guid":{"rendered":"http:\/\/just-now.news\/de\/deutschland\/fdp-vorschlag-gas-sparbonus-fuer-hartz-iv-empfaenger\/"},"modified":"2022-07-31T16:45:07","modified_gmt":"2022-07-31T14:45:07","slug":"fdp-vorschlag-gas-sparbonus-fuer-hartz-iv-empfaenger","status":"publish","type":"post","link":"https:\/\/now-news.de\/de\/deutschland\/fdp-vorschlag-gas-sparbonus-fuer-hartz-iv-empfaenger\/","title":{"rendered":"FDP-Vorschlag: Gas-Sparbonus f\u00fcr Hartz-IV-Empf\u00e4nger"},"content":{"rendered":"<p><img decoding=\"async\" src=\"http:\/\/just-now.news\/de\/wp-content\/uploads\/sites\/3\/2022\/07\/62e6955248fbef4a7b07c384.jpg\" \/><\/p>\n<div class=\"Text-root Text-type_1 \">\n                Empf\u00e4nger von Arbeitslosengeld II, die ihre Heizung in den kommenden Herbst- und Wintermonaten freiwillig drosseln, k\u00f6nnten im n\u00e4chsten Jahr r\u00fcckwirkend ihre eingesparten Heizkosten ausgezahlt bekommen. Denjenigen, deren Energiekosten vom Jobcenter \u00fcbernommen werden, fehle es jedoch &#8220;an Sparanreizen&#8221;.\n            <\/div>\n<p><\/p>\n<div class=\"Text-root Text-type_5 ArticleView-text ViewText-root \">\n<p>F\u00fcr Bezieher von Arbeitslosengeld II, umgangssprachlich auch Hartz-IV-Empf\u00e4nger genannt, werden die Heizkosten in der Regel vollst\u00e4ndig vom Jobcenter \u00fcbernommen, dabei orientiert sich das zust\u00e4ndige Amt an dem bundesweiten <a rel=\"nofollow noopener\" target=\"_blank\" href=\"https:\/\/www.heizspiegel.de\/heizkosten-pruefen\/heizspiegel\/\">Heizspiegel<\/a>.<\/p>\n<p>Der stellvertretende Fraktionsvorsitzende Lukas K\u00f6hler (FDP) teilte nun dem <em>Redaktionsnetzwerk Deutschland<\/em> (<em>RND<\/em>) seine pers\u00f6nliche Sicht in Bezug auf vermeintlich existierende Probleme in dieser Gesellschaftsgruppe mit. Das <em>RND<\/em>\u00a0<a rel=\"nofollow noopener\" target=\"_blank\" href=\"https:\/\/www.rnd.de\/politik\/bonus-fdp-will-hartz-iv-empfaenger-belohnen-die-heizkosten-sparen-EHFFZ5QFIZHMHDKHVU3XZVXRQE.html\">zitiert<\/a> den Politiker mit seiner Einsch\u00e4tzung:<\/p>\n<blockquote>\n<p><em>&#8220;Die deutlich gestiegenen Preise sind f\u00fcr viele Menschen der wichtigste Anreiz, um Gas einzusparen. Wer jedoch Arbeitslosengeld II bezieht, hat diesen Anreiz nicht, da die Kosten in der Regel vollst\u00e4ndig vom Jobcenter \u00fcbernommen werden.&#8221;<\/em><\/p>\n<\/blockquote>\n<p>Daher schlage der Politiker vor, dass in der kommenden Heizsaison &#8220;die ALG-II-Empf\u00e4nger k\u00fcnftig finanziell an den eingesparten Heizkosten beteiligt werden&#8221;, so K\u00f6hler gegen\u00fcber dem <em>RND<\/em>. Genauere Details seiner Idee lauten in dem <em>RND<\/em>-Artikel:<\/p>\n<blockquote>\n<p><em>&#8220;Wer weniger Gas verbraucht als in den Vorjahren, w\u00fcrde dann einen Gro\u00dfteil der dadurch eingesparten Heizkosten ausgezahlt bekommen. Somit w\u00fcrde sich sparsames Heizen nicht nur beim Gasverbrauch, sondern auch unmittelbar auf dem Konto der ALG-II-Empf\u00e4nger bemerkbar machen.&#8221;<\/em><\/p>\n<\/blockquote>\n<p>K\u00f6hler, als Fraktionsvize sowohl f\u00fcr Energiepolitik als auch f\u00fcr Soziales zust\u00e4ndig, erkennt in seinem Vorschlag eine &#8220;Finanzspritze ohne zus\u00e4tzliche Kosten f\u00fcr die Steuerzahler&#8221;. Der Politiker w\u00f6rtlich:<\/p>\n<blockquote>\n<p><em>&#8220;Im Gegenteil, denn auch der Staat w\u00fcrde schlie\u00dflich davon profitieren, wenn ein Teil des eingesparten Geldes in seiner Kasse verbliebe.&#8221;<\/em><\/p>\n<\/blockquote>\n<p>Laut Koalitionsvertrag will die Ampelkoalition zum 1. Januar 2023 Hartz-IV-Bez\u00fcge in ein sogenanntes B\u00fcrgergeld umwandeln. Dabei wird noch final um die H\u00f6he des kommenden Regelsatzes, wie auch die zuk\u00fcnftigen Berechnungsmodi zwischen FDP und SPD gestritten. Eine anvisierte Ver\u00e4nderung lehnt die FDP weiterhin ab. Jens Teutrine, Vorsitzender der Jungen Gruppe der FDP-Bundestagsfraktion, wird vom <em>RND<\/em> mit den Worten <a rel=\"nofollow noopener\" target=\"_blank\" href=\"https:\/\/www.rnd.de\/politik\/hartz-iv-und-wie-es-ermittelt-wird-in-zeiten-der-inflation-geht-das-nicht-auf-IBDDBVUT4ZHF3JCMC7SDKT4AWQ.html\">zitiert<\/a>:<\/p>\n<blockquote>\n<p><em>&#8220;Eine \u00c4nderung der Berechnungsmethode der Regels\u00e4tze ist aus Sicht der FDP unn\u00f6tig \u2013 und k\u00f6nnte unkalkulierbare Kosten verursachen.&#8221;<\/em><\/p>\n<\/blockquote>\n<p>Die FDP will demgegen\u00fcber zuk\u00fcnftig erreichen, dass &#8220;Hartz-IV-Empf\u00e4nger und \u2011Empf\u00e4ngerinnen, die arbeiten, mehr von dem dazuverdienten Geld behalten d\u00fcrfen&#8221;, so die Darlegungen im <em>RND<\/em>-Artikel. Um den Problemen durch die Inflation zu begegnen, sieht die FDP auch Einmalzahlungen als geeignetes Mittel an.<\/p>\n<p>Die j\u00fcngste Aussage der SPD-Politikerin Sawsan Chebli zum Thema der sich dynamisierenden Diskussionen zu \u00c4ngsten und Sorgen in der Gesellschaft hinsichtlich sich anbahnender Heizkosten und genereller Preissteigerungen im Land, wird aktuell in den sozialen Medien kontrovers diskutiert. So lie\u00df Chebli in einem Twitter-Beitrag wissen:<\/p>\n<blockquote>\n<p><em>&#8220;Es braut sich da drau\u00dfen was zusammen. Ich mache mir gro\u00dfe Sorgen um dieses Land und um das, was in der n\u00e4chsten Zeit noch auf uns zukommt. Die Wortf\u00fchrer der Rechten und die Lauten unter ihnen z\u00fcndeln derzeit sehr stark\u00a0\u2013 und sie tun es so lange, bis es brennt.&#8221;<\/em><\/p>\n<\/blockquote>\n<div class=\"EmbedBlock-root EmbedBlock-twitter\">\n<div class=\"TwitterEmbed\">\n<blockquote class=\"twitter-tweet lazyload\" data-twitter=\"twitter-tweet\">\n<p lang=\"de\" dir=\"ltr\">Es braut sich da drau\u00dfen was zusammen. Ich mache mir gro\u00dfe Sorgen um dieses Land und um das, was in der n\u00e4chsten Zeit noch auf uns zukommt. Die Wortf\u00fchrer der Rechten und die Lauten unter ihnen z\u00fcndeln derzeit sehr stark &#8211; und sie tun es so lange, bis es brennt.<\/p>\n<p>\u2014 Sawsan Chebli (@SawsanChebli) <a rel=\"nofollow noopener\" target=\"_blank\" href=\"https:\/\/twitter.com\/SawsanChebli\/status\/1553344223604244482?ref_src=twsrc%5Etfw\">July 30, 2022<\/a><\/p><\/blockquote>\n<\/div>\n<\/div>\n<p>Der Parit\u00e4tische Gesamtverband zeigte sich unterdessen laut dem <em>RND<\/em>\u00a0<a rel=\"nofollow noopener\" target=\"_blank\" href=\"https:\/\/www.mdr.de\/nachrichten\/deutschland\/politik\/gas-umlage-kritik-energie-krise-habeck-russland-100.html\">ver\u00e4rgert<\/a> \u00fcber die geplante Umlage f\u00fcr Erdgas und forderte stattdessen eine \u00dcbergewinnsteuer f\u00fcr Krisengewinner. &#8220;Es kann nicht angehen, dass Krisengewinner nunmehr auch noch von jedem Einkaufsrisiko freigestellt werden&#8221;, so der Hauptgesch\u00e4ftsf\u00fchrer des Wohlfahrtsverbands, Ulrich Schneider.<\/p>\n<p>Stattdessen forderte Schneider eine <a rel=\"nofollow noopener\" target=\"_blank\" href=\"https:\/\/www.mdr.de\/nachrichten\/deutschland\/wirtschaft\/uebergewinnsteuer-kein-desaster-bremser-wirtschaft-kommentar-100.html\">\u00dcbergewinnsteuer f\u00fcr Unternehmen<\/a>, &#8220;die mit Krieg und Krisen au\u00dfergew\u00f6hnlich hohe Ertr\u00e4ge erwirtschaftet haben und weiter erwirtschaften&#8221;. Die Einnahmen einer solchen Steuer sollten daf\u00fcr verwendet werden, um einkommensschw\u00e4chere Haushalte &#8220;in diesem teuren Herbst und Winter zu unterst\u00fctzen&#8221;.<\/p>\n<p>Die FDP lehnt laut der <em>Deutschen Presse Agentur<\/em> aktuell eine \u00dcbergewinnsteuer ab, unter anderem &#8220;weil sie nicht passgenau anzuwenden sei&#8221;.<\/p>\n<p><strong>Mehr zum Thema\u00a0\u2013<\/strong>\u00a0<a rel=\"nofollow noopener\" target=\"_blank\" href=\"https:\/\/pressefreiheit.rtde.tech\/inland\/143499-tafeln-in-deutschland-verhaengen-aufnahmestopps\/\">Tafeln in Deutschland verh\u00e4ngen Aufnahmestopps und rationieren Lebensmittel <\/a><\/p>\n<\/p>\n<\/div>\n<p><script async src=\"https:\/\/platform.twitter.com\/widgets.js\" charset=\"utf-8\"><\/script><br \/>\n<br \/><br \/>\n<br \/><a href=\"https:\/\/de.rt.com\/inland\/144864-fdp-vorschlag-gas-sparbonus\/\">Source link <\/a><\/p>\n","protected":false},"excerpt":{"rendered":"<p>Empf\u00e4nger von Arbeitslosengeld II, die ihre Heizung in den kommenden Herbst- und Wintermonaten freiwillig drosseln, k\u00f6nnten im n\u00e4chsten Jahr r\u00fcckwirkend ihre eingesparten Heizkosten ausgezahlt bekommen. Denjenigen, deren Energiekosten vom Jobcenter \u00fcbernommen werden, fehle es jedoch &#8220;an Sparanreizen&#8221;. F\u00fcr Bezieher von Arbeitslosengeld II, umgangssprachlich auch Hartz-IV-Empf\u00e4nger genannt, werden die Heizkosten in der Regel vollst\u00e4ndig vom Jobcenter [&hellip;]<\/p>\n","protected":false},"author":3,"featured_media":15612,"comment_status":"open","ping_status":"open","sticky":false,"template":"","format":"standard","meta":{"wp_automatic_camp":["217"],"defb030fa5bcbb38c2cdbd4deab7ec68":["FDP-Vorschlag: Gas-Sparbonus f\u00fcr Hartz-IV-Empf\u00e4nger"],"original_link":["https:\/\/de.rt.com\/inland\/144864-fdp-vorschlag-gas-sparbonus\/"],"_thumbnail_id":["15612"],"_wptg_p2tg_sent2tg":["2022-07-31 16:59:14"],"jnews_social_counter_last_update":["1777180664"]},"categories":[19,23],"tags":[29857,221,29858,24681],"yoast_head":"<!-- This site is optimized with the Yoast SEO Premium plugin v22.7 (Yoast SEO v22.7) - https:\/\/yoast.com\/wordpress\/plugins\/seo\/ -->\n<title>FDP-Vorschlag: Gas-Sparbonus f\u00fcr Hartz-IV-Empf\u00e4nger - just-now.NEWS Deutschland<\/title>\n<meta name=\"robots\" content=\"index, follow, max-snippet:-1, max-image-preview:large, max-video-preview:-1\" \/>\n<link rel=\"canonical\" href=\"https:\/\/now-news.de\/de\/deutschland\/fdp-vorschlag-gas-sparbonus-fuer-hartz-iv-empfaenger\/\" \/>\n<meta property=\"og:locale\" content=\"de_DE\" \/>\n<meta property=\"og:type\" content=\"article\" \/>\n<meta property=\"og:title\" content=\"FDP-Vorschlag: Gas-Sparbonus f\u00fcr Hartz-IV-Empf\u00e4nger\" \/>\n<meta property=\"og:description\" content=\"Empf\u00e4nger von Arbeitslosengeld II, die ihre Heizung in den kommenden Herbst- und Wintermonaten freiwillig drosseln, k\u00f6nnten im n\u00e4chsten Jahr r\u00fcckwirkend ihre eingesparten Heizkosten ausgezahlt bekommen. Denjenigen, deren Energiekosten vom Jobcenter \u00fcbernommen werden, fehle es jedoch &#8220;an Sparanreizen&#8221;. F\u00fcr Bezieher von Arbeitslosengeld II, umgangssprachlich auch Hartz-IV-Empf\u00e4nger genannt, werden die Heizkosten in der Regel vollst\u00e4ndig vom Jobcenter [&hellip;]\" \/>\n<meta property=\"og:url\" content=\"https:\/\/now-news.de\/de\/deutschland\/fdp-vorschlag-gas-sparbonus-fuer-hartz-iv-empfaenger\/\" \/>\n<meta property=\"og:site_name\" content=\"just-now.NEWS Deutschland\" \/>\n<meta property=\"article:publisher\" content=\"https:\/\/www.facebook.com\/wirmachenauf\" \/>\n<meta property=\"article:published_time\" content=\"2022-07-31T14:45:07+00:00\" \/>\n<meta property=\"og:image\" content=\"https:\/\/now-news.de\/de\/wp-content\/uploads\/sites\/3\/2022\/07\/FDP-Vorschlag-Gas-Sparbonus-fuer-Hartz-IV-Empfaenger.jpg\" \/>\n\t<meta property=\"og:image:width\" content=\"460\" \/>\n\t<meta property=\"og:image:height\" content=\"259\" \/>\n\t<meta property=\"og:image:type\" content=\"image\/jpeg\" \/>\n<meta name=\"author\" content=\"rtnews\" \/>\n<meta name=\"twitter:card\" content=\"summary_large_image\" \/>\n<meta name=\"twitter:creator\" content=\"@WirMachenAuf_de\" \/>\n<meta name=\"twitter:site\" content=\"@WirMachenAuf_de\" \/>\n<meta name=\"twitter:label1\" content=\"Verfasst von\" \/>\n\t<meta name=\"twitter:data1\" content=\"rtnews\" \/>\n\t<meta name=\"twitter:label2\" content=\"Gesch\u00e4tzte Lesezeit\" \/>\n\t<meta name=\"twitter:data2\" content=\"3\u00a0Minuten\" \/>\n<script type=\"application\/ld+json\" class=\"yoast-schema-graph\">{\"@context\":\"https:\/\/schema.org\",\"@graph\":[{\"@type\":\"Article\",\"@id\":\"https:\/\/now-news.de\/de\/deutschland\/fdp-vorschlag-gas-sparbonus-fuer-hartz-iv-empfaenger\/#article\",\"isPartOf\":{\"@id\":\"https:\/\/now-news.de\/de\/deutschland\/fdp-vorschlag-gas-sparbonus-fuer-hartz-iv-empfaenger\/\"},\"author\":{\"name\":\"rtnews\",\"@id\":\"https:\/\/now-news.de\/de\/#\/schema\/person\/fb534a4e865501d8b3285208df34a9b5\"},\"headline\":\"FDP-Vorschlag: Gas-Sparbonus f\u00fcr Hartz-IV-Empf\u00e4nger\",\"datePublished\":\"2022-07-31T14:45:07+00:00\",\"dateModified\":\"2022-07-31T14:45:07+00:00\",\"mainEntityOfPage\":{\"@id\":\"https:\/\/now-news.de\/de\/deutschland\/fdp-vorschlag-gas-sparbonus-fuer-hartz-iv-empfaenger\/\"},\"wordCount\":702,\"commentCount\":0,\"publisher\":{\"@id\":\"https:\/\/now-news.de\/de\/#organization\"},\"image\":{\"@id\":\"https:\/\/now-news.de\/de\/deutschland\/fdp-vorschlag-gas-sparbonus-fuer-hartz-iv-empfaenger\/#primaryimage\"},\"thumbnailUrl\":\"https:\/\/now-news.de\/de\/wp-content\/uploads\/sites\/3\/2022\/07\/FDP-Vorschlag-Gas-Sparbonus-fuer-Hartz-IV-Empfaenger.jpg\",\"keywords\":[\"FDPVorschlag\",\"f\u00fcr\",\"GasSparbonus\",\"HartzIVEmpf\u00e4nger\"],\"articleSection\":[\"Deutschland\",\"Russland\"],\"inLanguage\":\"de\",\"potentialAction\":[{\"@type\":\"CommentAction\",\"name\":\"Comment\",\"target\":[\"https:\/\/now-news.de\/de\/deutschland\/fdp-vorschlag-gas-sparbonus-fuer-hartz-iv-empfaenger\/#respond\"]}]},{\"@type\":\"WebPage\",\"@id\":\"https:\/\/now-news.de\/de\/deutschland\/fdp-vorschlag-gas-sparbonus-fuer-hartz-iv-empfaenger\/\",\"url\":\"https:\/\/now-news.de\/de\/deutschland\/fdp-vorschlag-gas-sparbonus-fuer-hartz-iv-empfaenger\/\",\"name\":\"FDP-Vorschlag: Gas-Sparbonus f\u00fcr Hartz-IV-Empf\u00e4nger - just-now.NEWS Deutschland\",\"isPartOf\":{\"@id\":\"https:\/\/now-news.de\/de\/#website\"},\"primaryImageOfPage\":{\"@id\":\"https:\/\/now-news.de\/de\/deutschland\/fdp-vorschlag-gas-sparbonus-fuer-hartz-iv-empfaenger\/#primaryimage\"},\"image\":{\"@id\":\"https:\/\/now-news.de\/de\/deutschland\/fdp-vorschlag-gas-sparbonus-fuer-hartz-iv-empfaenger\/#primaryimage\"},\"thumbnailUrl\":\"https:\/\/now-news.de\/de\/wp-content\/uploads\/sites\/3\/2022\/07\/FDP-Vorschlag-Gas-Sparbonus-fuer-Hartz-IV-Empfaenger.jpg\",\"datePublished\":\"2022-07-31T14:45:07+00:00\",\"dateModified\":\"2022-07-31T14:45:07+00:00\",\"breadcrumb\":{\"@id\":\"https:\/\/now-news.de\/de\/deutschland\/fdp-vorschlag-gas-sparbonus-fuer-hartz-iv-empfaenger\/#breadcrumb\"},\"inLanguage\":\"de\",\"potentialAction\":[{\"@type\":\"ReadAction\",\"target\":[\"https:\/\/now-news.de\/de\/deutschland\/fdp-vorschlag-gas-sparbonus-fuer-hartz-iv-empfaenger\/\"]}]},{\"@type\":\"ImageObject\",\"inLanguage\":\"de\",\"@id\":\"https:\/\/now-news.de\/de\/deutschland\/fdp-vorschlag-gas-sparbonus-fuer-hartz-iv-empfaenger\/#primaryimage\",\"url\":\"https:\/\/now-news.de\/de\/wp-content\/uploads\/sites\/3\/2022\/07\/FDP-Vorschlag-Gas-Sparbonus-fuer-Hartz-IV-Empfaenger.jpg\",\"contentUrl\":\"https:\/\/now-news.de\/de\/wp-content\/uploads\/sites\/3\/2022\/07\/FDP-Vorschlag-Gas-Sparbonus-fuer-Hartz-IV-Empfaenger.jpg\",\"width\":460,\"height\":259,\"caption\":\"FDP-Vorschlag: Gas-Sparbonus f\u00fcr Hartz-IV-Empf\u00e4nger\"},{\"@type\":\"BreadcrumbList\",\"@id\":\"https:\/\/now-news.de\/de\/deutschland\/fdp-vorschlag-gas-sparbonus-fuer-hartz-iv-empfaenger\/#breadcrumb\",\"itemListElement\":[{\"@type\":\"ListItem\",\"position\":1,\"name\":\"Home\",\"item\":\"https:\/\/now-news.de\/de\/\"},{\"@type\":\"ListItem\",\"position\":2,\"name\":\"FDP-Vorschlag: Gas-Sparbonus f\u00fcr Hartz-IV-Empf\u00e4nger\"}]},{\"@type\":\"WebSite\",\"@id\":\"https:\/\/now-news.de\/de\/#website\",\"url\":\"https:\/\/now-news.de\/de\/\",\"name\":\"just-now.NEWS Deutschland\",\"description\":\"Das Portal f\u00fcr unzensierte Nachrichten aus der Welt\",\"publisher\":{\"@id\":\"https:\/\/now-news.de\/de\/#organization\"},\"potentialAction\":[{\"@type\":\"SearchAction\",\"target\":{\"@type\":\"EntryPoint\",\"urlTemplate\":\"https:\/\/now-news.de\/de\/?s={search_term_string}\"},\"query-input\":\"required name=search_term_string\"}],\"inLanguage\":\"de\"},{\"@type\":\"Organization\",\"@id\":\"https:\/\/now-news.de\/de\/#organization\",\"name\":\"Just Now News\",\"url\":\"https:\/\/now-news.de\/de\/\",\"logo\":{\"@type\":\"ImageObject\",\"inLanguage\":\"de\",\"@id\":\"https:\/\/now-news.de\/de\/#\/schema\/logo\/image\/\",\"url\":\"http:\/\/just-now.news\/de\/wp-content\/uploads\/sites\/3\/2022\/04\/logo500x500.jpg\",\"contentUrl\":\"http:\/\/just-now.news\/de\/wp-content\/uploads\/sites\/3\/2022\/04\/logo500x500.jpg\",\"width\":500,\"height\":500,\"caption\":\"Just Now News\"},\"image\":{\"@id\":\"https:\/\/now-news.de\/de\/#\/schema\/logo\/image\/\"},\"sameAs\":[\"https:\/\/www.facebook.com\/wirmachenauf\",\"https:\/\/x.com\/WirMachenAuf_de\"]},{\"@type\":\"Person\",\"@id\":\"https:\/\/now-news.de\/de\/#\/schema\/person\/fb534a4e865501d8b3285208df34a9b5\",\"name\":\"rtnews\",\"image\":{\"@type\":\"ImageObject\",\"inLanguage\":\"de\",\"@id\":\"https:\/\/now-news.de\/de\/#\/schema\/person\/image\/\",\"url\":\"https:\/\/secure.gravatar.com\/avatar\/82aafea7d8127119dd649515f56e2117?s=96&d=mm&r=g\",\"contentUrl\":\"https:\/\/secure.gravatar.com\/avatar\/82aafea7d8127119dd649515f56e2117?s=96&d=mm&r=g\",\"caption\":\"rtnews\"},\"url\":\"https:\/\/now-news.de\/de\/author\/rnews\/\"}]}<\/script>\n<!-- \/ Yoast SEO Premium plugin. -->","yoast_head_json":{"title":"FDP-Vorschlag: Gas-Sparbonus f\u00fcr Hartz-IV-Empf\u00e4nger - just-now.NEWS Deutschland","robots":{"index":"index","follow":"follow","max-snippet":"max-snippet:-1","max-image-preview":"max-image-preview:large","max-video-preview":"max-video-preview:-1"},"canonical":"https:\/\/now-news.de\/de\/deutschland\/fdp-vorschlag-gas-sparbonus-fuer-hartz-iv-empfaenger\/","og_locale":"de_DE","og_type":"article","og_title":"FDP-Vorschlag: Gas-Sparbonus f\u00fcr Hartz-IV-Empf\u00e4nger","og_description":"Empf\u00e4nger von Arbeitslosengeld II, die ihre Heizung in den kommenden Herbst- und Wintermonaten freiwillig drosseln, k\u00f6nnten im n\u00e4chsten Jahr r\u00fcckwirkend ihre eingesparten Heizkosten ausgezahlt bekommen. Denjenigen, deren Energiekosten vom Jobcenter \u00fcbernommen werden, fehle es jedoch &#8220;an Sparanreizen&#8221;. F\u00fcr Bezieher von Arbeitslosengeld II, umgangssprachlich auch Hartz-IV-Empf\u00e4nger genannt, werden die Heizkosten in der Regel vollst\u00e4ndig vom Jobcenter [&hellip;]","og_url":"https:\/\/now-news.de\/de\/deutschland\/fdp-vorschlag-gas-sparbonus-fuer-hartz-iv-empfaenger\/","og_site_name":"just-now.NEWS Deutschland","article_publisher":"https:\/\/www.facebook.com\/wirmachenauf","article_published_time":"2022-07-31T14:45:07+00:00","og_image":[{"width":460,"height":259,"url":"https:\/\/now-news.de\/de\/wp-content\/uploads\/sites\/3\/2022\/07\/FDP-Vorschlag-Gas-Sparbonus-fuer-Hartz-IV-Empfaenger.jpg","type":"image\/jpeg"}],"author":"rtnews","twitter_card":"summary_large_image","twitter_creator":"@WirMachenAuf_de","twitter_site":"@WirMachenAuf_de","twitter_misc":{"Verfasst von":"rtnews","Gesch\u00e4tzte Lesezeit":"3\u00a0Minuten"},"schema":{"@context":"https:\/\/schema.org","@graph":[{"@type":"Article","@id":"https:\/\/now-news.de\/de\/deutschland\/fdp-vorschlag-gas-sparbonus-fuer-hartz-iv-empfaenger\/#article","isPartOf":{"@id":"https:\/\/now-news.de\/de\/deutschland\/fdp-vorschlag-gas-sparbonus-fuer-hartz-iv-empfaenger\/"},"author":{"name":"rtnews","@id":"https:\/\/now-news.de\/de\/#\/schema\/person\/fb534a4e865501d8b3285208df34a9b5"},"headline":"FDP-Vorschlag: Gas-Sparbonus f\u00fcr Hartz-IV-Empf\u00e4nger","datePublished":"2022-07-31T14:45:07+00:00","dateModified":"2022-07-31T14:45:07+00:00","mainEntityOfPage":{"@id":"https:\/\/now-news.de\/de\/deutschland\/fdp-vorschlag-gas-sparbonus-fuer-hartz-iv-empfaenger\/"},"wordCount":702,"commentCount":0,"publisher":{"@id":"https:\/\/now-news.de\/de\/#organization"},"image":{"@id":"https:\/\/now-news.de\/de\/deutschland\/fdp-vorschlag-gas-sparbonus-fuer-hartz-iv-empfaenger\/#primaryimage"},"thumbnailUrl":"https:\/\/now-news.de\/de\/wp-content\/uploads\/sites\/3\/2022\/07\/FDP-Vorschlag-Gas-Sparbonus-fuer-Hartz-IV-Empfaenger.jpg","keywords":["FDPVorschlag","f\u00fcr","GasSparbonus","HartzIVEmpf\u00e4nger"],"articleSection":["Deutschland","Russland"],"inLanguage":"de","potentialAction":[{"@type":"CommentAction","name":"Comment","target":["https:\/\/now-news.de\/de\/deutschland\/fdp-vorschlag-gas-sparbonus-fuer-hartz-iv-empfaenger\/#respond"]}]},{"@type":"WebPage","@id":"https:\/\/now-news.de\/de\/deutschland\/fdp-vorschlag-gas-sparbonus-fuer-hartz-iv-empfaenger\/","url":"https:\/\/now-news.de\/de\/deutschland\/fdp-vorschlag-gas-sparbonus-fuer-hartz-iv-empfaenger\/","name":"FDP-Vorschlag: Gas-Sparbonus f\u00fcr Hartz-IV-Empf\u00e4nger - just-now.NEWS Deutschland","isPartOf":{"@id":"https:\/\/now-news.de\/de\/#website"},"primaryImageOfPage":{"@id":"https:\/\/now-news.de\/de\/deutschland\/fdp-vorschlag-gas-sparbonus-fuer-hartz-iv-empfaenger\/#primaryimage"},"image":{"@id":"https:\/\/now-news.de\/de\/deutschland\/fdp-vorschlag-gas-sparbonus-fuer-hartz-iv-empfaenger\/#primaryimage"},"thumbnailUrl":"https:\/\/now-news.de\/de\/wp-content\/uploads\/sites\/3\/2022\/07\/FDP-Vorschlag-Gas-Sparbonus-fuer-Hartz-IV-Empfaenger.jpg","datePublished":"2022-07-31T14:45:07+00:00","dateModified":"2022-07-31T14:45:07+00:00","breadcrumb":{"@id":"https:\/\/now-news.de\/de\/deutschland\/fdp-vorschlag-gas-sparbonus-fuer-hartz-iv-empfaenger\/#breadcrumb"},"inLanguage":"de","potentialAction":[{"@type":"ReadAction","target":["https:\/\/now-news.de\/de\/deutschland\/fdp-vorschlag-gas-sparbonus-fuer-hartz-iv-empfaenger\/"]}]},{"@type":"ImageObject","inLanguage":"de","@id":"https:\/\/now-news.de\/de\/deutschland\/fdp-vorschlag-gas-sparbonus-fuer-hartz-iv-empfaenger\/#primaryimage","url":"https:\/\/now-news.de\/de\/wp-content\/uploads\/sites\/3\/2022\/07\/FDP-Vorschlag-Gas-Sparbonus-fuer-Hartz-IV-Empfaenger.jpg","contentUrl":"https:\/\/now-news.de\/de\/wp-content\/uploads\/sites\/3\/2022\/07\/FDP-Vorschlag-Gas-Sparbonus-fuer-Hartz-IV-Empfaenger.jpg","width":460,"height":259,"caption":"FDP-Vorschlag: Gas-Sparbonus f\u00fcr Hartz-IV-Empf\u00e4nger"},{"@type":"BreadcrumbList","@id":"https:\/\/now-news.de\/de\/deutschland\/fdp-vorschlag-gas-sparbonus-fuer-hartz-iv-empfaenger\/#breadcrumb","itemListElement":[{"@type":"ListItem","position":1,"name":"Home","item":"https:\/\/now-news.de\/de\/"},{"@type":"ListItem","position":2,"name":"FDP-Vorschlag: Gas-Sparbonus f\u00fcr Hartz-IV-Empf\u00e4nger"}]},{"@type":"WebSite","@id":"https:\/\/now-news.de\/de\/#website","url":"https:\/\/now-news.de\/de\/","name":"just-now.NEWS Deutschland","description":"Das Portal f\u00fcr unzensierte Nachrichten aus der Welt","publisher":{"@id":"https:\/\/now-news.de\/de\/#organization"},"potentialAction":[{"@type":"SearchAction","target":{"@type":"EntryPoint","urlTemplate":"https:\/\/now-news.de\/de\/?s={search_term_string}"},"query-input":"required name=search_term_string"}],"inLanguage":"de"},{"@type":"Organization","@id":"https:\/\/now-news.de\/de\/#organization","name":"Just Now News","url":"https:\/\/now-news.de\/de\/","logo":{"@type":"ImageObject","inLanguage":"de","@id":"https:\/\/now-news.de\/de\/#\/schema\/logo\/image\/","url":"http:\/\/just-now.news\/de\/wp-content\/uploads\/sites\/3\/2022\/04\/logo500x500.jpg","contentUrl":"http:\/\/just-now.news\/de\/wp-content\/uploads\/sites\/3\/2022\/04\/logo500x500.jpg","width":500,"height":500,"caption":"Just Now News"},"image":{"@id":"https:\/\/now-news.de\/de\/#\/schema\/logo\/image\/"},"sameAs":["https:\/\/www.facebook.com\/wirmachenauf","https:\/\/x.com\/WirMachenAuf_de"]},{"@type":"Person","@id":"https:\/\/now-news.de\/de\/#\/schema\/person\/fb534a4e865501d8b3285208df34a9b5","name":"rtnews","image":{"@type":"ImageObject","inLanguage":"de","@id":"https:\/\/now-news.de\/de\/#\/schema\/person\/image\/","url":"https:\/\/secure.gravatar.com\/avatar\/82aafea7d8127119dd649515f56e2117?s=96&d=mm&r=g","contentUrl":"https:\/\/secure.gravatar.com\/avatar\/82aafea7d8127119dd649515f56e2117?s=96&d=mm&r=g","caption":"rtnews"},"url":"https:\/\/now-news.de\/de\/author\/rnews\/"}]}},"_links":{"self":[{"href":"https:\/\/now-news.de\/de\/wp-json\/wp\/v2\/posts\/15611"}],"collection":[{"href":"https:\/\/now-news.de\/de\/wp-json\/wp\/v2\/posts"}],"about":[{"href":"https:\/\/now-news.de\/de\/wp-json\/wp\/v2\/types\/post"}],"author":[{"embeddable":true,"href":"https:\/\/now-news.de\/de\/wp-json\/wp\/v2\/users\/3"}],"replies":[{"embeddable":true,"href":"https:\/\/now-news.de\/de\/wp-json\/wp\/v2\/comments?post=15611"}],"version-history":[{"count":0,"href":"https:\/\/now-news.de\/de\/wp-json\/wp\/v2\/posts\/15611\/revisions"}],"wp:featuredmedia":[{"embeddable":true,"href":"https:\/\/now-news.de\/de\/wp-json\/wp\/v2\/media\/15612"}],"wp:attachment":[{"href":"https:\/\/now-news.de\/de\/wp-json\/wp\/v2\/media?parent=15611"}],"wp:term":[{"taxonomy":"category","embeddable":true,"href":"https:\/\/now-news.de\/de\/wp-json\/wp\/v2\/categories?post=15611"},{"taxonomy":"post_tag","embeddable":true,"href":"https:\/\/now-news.de\/de\/wp-json\/wp\/v2\/tags?post=15611"}],"curies":[{"name":"wp","href":"https:\/\/api.w.org\/{rel}","templated":true}]}}