{"id":15521,"date":"2022-07-30T12:34:53","date_gmt":"2022-07-30T10:34:53","guid":{"rendered":"http:\/\/just-now.news\/de\/deutschland\/gazprom-erwartet-weitere-reduzierung-der-gaslieferungen-nach-europa\/"},"modified":"2022-07-30T12:34:53","modified_gmt":"2022-07-30T10:34:53","slug":"gazprom-erwartet-weitere-reduzierung-der-gaslieferungen-nach-europa","status":"publish","type":"post","link":"https:\/\/now-news.de\/de\/deutschland\/gazprom-erwartet-weitere-reduzierung-der-gaslieferungen-nach-europa\/","title":{"rendered":"Gazprom erwartet weitere Reduzierung der Gaslieferungen nach Europa"},"content":{"rendered":"<p><img decoding=\"async\" src=\"http:\/\/just-now.news\/de\/wp-content\/uploads\/sites\/3\/2022\/07\/62e507c848fbef459a5ff41b.jpeg\" \/><\/p>\n<p>Russland hat seinen Gasfluss nach Europa durch die Nord Stream 1-Pipeline aufgrund von Turbinenfehlfunktionen reduzieren m\u00fcssen. Das sagte der stellvertretende Vorstandsvorsitzende von Gazprom, Witali Markelow, am Freitag. Die Probleme seien darauf zur\u00fcckzuf\u00fchren, dass das deutsche Unternehmen Siemens, das die Turbinen herstellt, seinen Verpflichtungen nicht nachkomme, sagte er gegen\u00fcber <em>Russia-24 TV<\/em>.<\/p>\n<p>Siemens habe bisher nur ein Viertel aller insgesamt festgestellten St\u00f6rungen an seinen Turbinen beseitigt, sagte Markelow. Am Mittwoch meldete der Nord Stream 1-Betreiber Gascade, dass der Gasfluss durch die Pipeline auf ein F\u00fcnftel der maximalen Kapazit\u00e4t reduziert worden sei. Einen Tag zuvor warnte Gazprom, dass es den Betrieb seiner zweiten Siemens-Turbine f\u00fcr eine \u00dcberholung unterbrechen m\u00fcsse.<\/p>\n<p>Nach der Abschaltung wird der Gasfluss durch Nord Stream 1 voraussichtlich 33 Millionen Kubikmeter pro Tag nicht \u00fcberschreiten. Dies geschah zu einem Zeitpunkt, als der Energieriese noch immer auf eine weitere Turbine f\u00fcr die Pipeline wartete, die aus Deutschland kommen sollte, nachdem sie in Kanada gewartet worden war. Markelow beklagte sich:<\/p>\n<blockquote>\n<p><em>&#8220;Unsere europ\u00e4ischen Partner werfen uns vor, die Gaslieferungen nach Europa ohne ausreichende Gr\u00fcnde zu reduzieren. Doch nichts kann weiter von der Wahrheit entfernt sein.\u201c<\/em><\/p>\n<\/blockquote>\n<p>Der Gazprom-Vertreter f\u00fcgte hinzu, dass es die westlichen Partner des Unternehmens seien, die &#8220;ihren Verpflichtungen \u2013 den vertraglichen Verpflichtungen \u2013 f\u00fcr die Wartung der Verdichterstation nicht nachkommen&#8221;.<\/p>\n<p>Einem fr\u00fcheren Bericht der russischen Wirtschaftszeitung <em>Kommersant<\/em> zufolge m\u00fcssen mehrere Turbinen der Verdichterstation Portowaka an der russischen Ostseek\u00fcste gewartet werden. Die aktuelle Lizenzvereinbarung erlaubt es Siemens Energy, bis Ende 2024 f\u00fcnf weitere Turbinen f\u00fcr Wartungsarbeiten abzunehmen.<\/p>\n<p>&#8220;Wir fordern unsere Partner auf, ihre eigenen Probleme so schnell wie m\u00f6glich zu l\u00f6sen&#8221;, sagte der stellvertretende Vorstandsvorsitzende und f\u00fcgte hinzu, dass sich die Gasversorgung Europas dann &#8220;in k\u00fcrzester Zeit wieder normalisieren&#8221; werde. Markelow f\u00fcgte hinzu, dass sein Unternehmen plane, einen Teil der Korrespondenz mit seinen westlichen Partnern zu ver\u00f6ffentlichen. Einige Dokumente wurden bereits Stunden sp\u00e4ter ver\u00f6ffentlicht.<\/p>\n<p>Die Verringerung der Lieferungen aus Russland hat zu einem sprunghaften Anstieg der Gaspreise in Europa gef\u00fchrt, die am Mittwoch um mehr als 20 Prozent auf fast 2.500 Euro pro tausend Kubikmeter stiegen. Die europ\u00e4ischen Staats- und Regierungschefs machten daraufhin Russland f\u00fcr die Gaspreiserh\u00f6hungen verantwortlich.<\/p>\n<p>Letzte Woche sagte der deutsche Bundeskanzler Olaf Scholz, Berlin k\u00f6nne sich bei Gaslieferungen nicht mehr auf Russland verlassen, was eine scharfe Reaktion Moskaus ausl\u00f6ste, das sagte, solche Aussagen st\u00fcnden &#8220;in absolutem Widerspruch zur Realit\u00e4t und zur Geschichte der Lieferungen&#8221;.<\/p>\n<p>Die Entwicklungen folgen auf einen Streit \u00fcber eine Siemens-Turbine, die zur Reparatur nach Kanada geschickt worden war, aber von Ottawa aufgrund der Sanktionen gegen Moskau wegen dessen Milit\u00e4roperation in der Ukraine nicht rechtzeitig zur\u00fcckgeschickt wurde. Gazprom f\u00fchrte die Verz\u00f6gerung als Grund f\u00fcr die 60-prozentige Verringerung des Gasflusses durch Nord Stream 1 im Juni an. Nach Verhandlungen mit Berlin beschloss Ottawa, eine indirekte Lieferroute \u00fcber Deutschland zu nutzen, um die Sanktionen nicht zu verletzen.<\/p>\n<p><strong>Mehr zum Thema<\/strong> \u2013\u00a0<a rel=\"nofollow noopener\" target=\"_blank\" href=\"https:\/\/de.rt.com\/international\/144539-kiew-verlangt-von-washington-erdgaslieferungen\/\">Kiew verlangt von Washington Erdgaslieferungen zu denselben Bedingungen wie bei den Waffen<\/a><\/p>\n<p><br \/>\n<br \/><a href=\"https:\/\/de.rt.com\/international\/144812-gazprom-erwartet-weitere-reduzierung-gaslieferungen\/\">Source link <\/a><\/p>\n","protected":false},"excerpt":{"rendered":"<p>Russland hat seinen Gasfluss nach Europa durch die Nord Stream 1-Pipeline aufgrund von Turbinenfehlfunktionen reduzieren m\u00fcssen. Das sagte der stellvertretende Vorstandsvorsitzende von Gazprom, Witali Markelow, am Freitag. Die Probleme seien darauf zur\u00fcckzuf\u00fchren, dass das deutsche Unternehmen Siemens, das die Turbinen herstellt, seinen Verpflichtungen nicht nachkomme, sagte er gegen\u00fcber Russia-24 TV. Siemens habe bisher nur ein [&hellip;]<\/p>\n","protected":false},"author":3,"featured_media":15522,"comment_status":"open","ping_status":"open","sticky":false,"template":"","format":"standard","meta":{"wp_automatic_camp":["217"],"2314b578d004351617309e26bc7c5829":["Gazprom erwartet weitere Reduzierung der Gaslieferungen nach Europa"],"original_link":["https:\/\/de.rt.com\/international\/144812-gazprom-erwartet-weitere-reduzierung-gaslieferungen\/"],"_thumbnail_id":["15522"],"_wptg_p2tg_sent2tg":["2022-07-30 12:55:35"],"jnews_social_counter_last_update":["1777253409"]},"categories":[19,23],"tags":[82,19917,1370,4471,10885,979,18673,823],"yoast_head":"<!-- This site is optimized with the Yoast SEO Premium plugin v22.7 (Yoast SEO v22.7) - https:\/\/yoast.com\/wordpress\/plugins\/seo\/ -->\n<title>Gazprom erwartet weitere Reduzierung der Gaslieferungen nach Europa - just-now.NEWS Deutschland<\/title>\n<meta name=\"robots\" content=\"index, follow, max-snippet:-1, max-image-preview:large, max-video-preview:-1\" \/>\n<link rel=\"canonical\" href=\"https:\/\/now-news.de\/de\/deutschland\/gazprom-erwartet-weitere-reduzierung-der-gaslieferungen-nach-europa\/\" \/>\n<meta property=\"og:locale\" content=\"de_DE\" \/>\n<meta property=\"og:type\" content=\"article\" \/>\n<meta property=\"og:title\" content=\"Gazprom erwartet weitere Reduzierung der Gaslieferungen nach Europa\" \/>\n<meta property=\"og:description\" content=\"Russland hat seinen Gasfluss nach Europa durch die Nord Stream 1-Pipeline aufgrund von Turbinenfehlfunktionen reduzieren m\u00fcssen. Das sagte der stellvertretende Vorstandsvorsitzende von Gazprom, Witali Markelow, am Freitag. Die Probleme seien darauf zur\u00fcckzuf\u00fchren, dass das deutsche Unternehmen Siemens, das die Turbinen herstellt, seinen Verpflichtungen nicht nachkomme, sagte er gegen\u00fcber Russia-24 TV. Siemens habe bisher nur ein [&hellip;]\" \/>\n<meta property=\"og:url\" content=\"https:\/\/now-news.de\/de\/deutschland\/gazprom-erwartet-weitere-reduzierung-der-gaslieferungen-nach-europa\/\" \/>\n<meta property=\"og:site_name\" content=\"just-now.NEWS Deutschland\" \/>\n<meta property=\"article:publisher\" content=\"https:\/\/www.facebook.com\/wirmachenauf\" \/>\n<meta property=\"article:published_time\" content=\"2022-07-30T10:34:53+00:00\" \/>\n<meta property=\"og:image\" content=\"https:\/\/now-news.de\/de\/wp-content\/uploads\/sites\/3\/2022\/07\/Gazprom-erwartet-weitere-Reduzierung-der-Gaslieferungen-nach-Europa.jpeg\" \/>\n\t<meta property=\"og:image:width\" content=\"460\" \/>\n\t<meta property=\"og:image:height\" content=\"259\" \/>\n\t<meta property=\"og:image:type\" content=\"image\/jpeg\" \/>\n<meta name=\"author\" content=\"rtnews\" \/>\n<meta name=\"twitter:card\" content=\"summary_large_image\" \/>\n<meta name=\"twitter:creator\" content=\"@WirMachenAuf_de\" \/>\n<meta name=\"twitter:site\" content=\"@WirMachenAuf_de\" \/>\n<meta name=\"twitter:label1\" content=\"Verfasst von\" \/>\n\t<meta name=\"twitter:data1\" content=\"rtnews\" \/>\n\t<meta name=\"twitter:label2\" content=\"Gesch\u00e4tzte Lesezeit\" \/>\n\t<meta name=\"twitter:data2\" content=\"3\u00a0Minuten\" \/>\n<script type=\"application\/ld+json\" class=\"yoast-schema-graph\">{\"@context\":\"https:\/\/schema.org\",\"@graph\":[{\"@type\":\"Article\",\"@id\":\"https:\/\/now-news.de\/de\/deutschland\/gazprom-erwartet-weitere-reduzierung-der-gaslieferungen-nach-europa\/#article\",\"isPartOf\":{\"@id\":\"https:\/\/now-news.de\/de\/deutschland\/gazprom-erwartet-weitere-reduzierung-der-gaslieferungen-nach-europa\/\"},\"author\":{\"name\":\"rtnews\",\"@id\":\"https:\/\/now-news.de\/de\/#\/schema\/person\/fb534a4e865501d8b3285208df34a9b5\"},\"headline\":\"Gazprom erwartet weitere Reduzierung der Gaslieferungen nach Europa\",\"datePublished\":\"2022-07-30T10:34:53+00:00\",\"dateModified\":\"2022-07-30T10:34:53+00:00\",\"mainEntityOfPage\":{\"@id\":\"https:\/\/now-news.de\/de\/deutschland\/gazprom-erwartet-weitere-reduzierung-der-gaslieferungen-nach-europa\/\"},\"wordCount\":515,\"commentCount\":0,\"publisher\":{\"@id\":\"https:\/\/now-news.de\/de\/#organization\"},\"image\":{\"@id\":\"https:\/\/now-news.de\/de\/deutschland\/gazprom-erwartet-weitere-reduzierung-der-gaslieferungen-nach-europa\/#primaryimage\"},\"thumbnailUrl\":\"https:\/\/now-news.de\/de\/wp-content\/uploads\/sites\/3\/2022\/07\/Gazprom-erwartet-weitere-Reduzierung-der-Gaslieferungen-nach-Europa.jpeg\",\"keywords\":[\"der\",\"erwartet\",\"Europa\",\"Gaslieferungen\",\"Gazprom\",\"nach\",\"Reduzierung\",\"weitere\"],\"articleSection\":[\"Deutschland\",\"Russland\"],\"inLanguage\":\"de\",\"potentialAction\":[{\"@type\":\"CommentAction\",\"name\":\"Comment\",\"target\":[\"https:\/\/now-news.de\/de\/deutschland\/gazprom-erwartet-weitere-reduzierung-der-gaslieferungen-nach-europa\/#respond\"]}]},{\"@type\":\"WebPage\",\"@id\":\"https:\/\/now-news.de\/de\/deutschland\/gazprom-erwartet-weitere-reduzierung-der-gaslieferungen-nach-europa\/\",\"url\":\"https:\/\/now-news.de\/de\/deutschland\/gazprom-erwartet-weitere-reduzierung-der-gaslieferungen-nach-europa\/\",\"name\":\"Gazprom erwartet weitere Reduzierung der Gaslieferungen nach Europa - just-now.NEWS Deutschland\",\"isPartOf\":{\"@id\":\"https:\/\/now-news.de\/de\/#website\"},\"primaryImageOfPage\":{\"@id\":\"https:\/\/now-news.de\/de\/deutschland\/gazprom-erwartet-weitere-reduzierung-der-gaslieferungen-nach-europa\/#primaryimage\"},\"image\":{\"@id\":\"https:\/\/now-news.de\/de\/deutschland\/gazprom-erwartet-weitere-reduzierung-der-gaslieferungen-nach-europa\/#primaryimage\"},\"thumbnailUrl\":\"https:\/\/now-news.de\/de\/wp-content\/uploads\/sites\/3\/2022\/07\/Gazprom-erwartet-weitere-Reduzierung-der-Gaslieferungen-nach-Europa.jpeg\",\"datePublished\":\"2022-07-30T10:34:53+00:00\",\"dateModified\":\"2022-07-30T10:34:53+00:00\",\"breadcrumb\":{\"@id\":\"https:\/\/now-news.de\/de\/deutschland\/gazprom-erwartet-weitere-reduzierung-der-gaslieferungen-nach-europa\/#breadcrumb\"},\"inLanguage\":\"de\",\"potentialAction\":[{\"@type\":\"ReadAction\",\"target\":[\"https:\/\/now-news.de\/de\/deutschland\/gazprom-erwartet-weitere-reduzierung-der-gaslieferungen-nach-europa\/\"]}]},{\"@type\":\"ImageObject\",\"inLanguage\":\"de\",\"@id\":\"https:\/\/now-news.de\/de\/deutschland\/gazprom-erwartet-weitere-reduzierung-der-gaslieferungen-nach-europa\/#primaryimage\",\"url\":\"https:\/\/now-news.de\/de\/wp-content\/uploads\/sites\/3\/2022\/07\/Gazprom-erwartet-weitere-Reduzierung-der-Gaslieferungen-nach-Europa.jpeg\",\"contentUrl\":\"https:\/\/now-news.de\/de\/wp-content\/uploads\/sites\/3\/2022\/07\/Gazprom-erwartet-weitere-Reduzierung-der-Gaslieferungen-nach-Europa.jpeg\",\"width\":460,\"height\":259,\"caption\":\"Gazprom erwartet weitere Reduzierung der Gaslieferungen nach Europa\"},{\"@type\":\"BreadcrumbList\",\"@id\":\"https:\/\/now-news.de\/de\/deutschland\/gazprom-erwartet-weitere-reduzierung-der-gaslieferungen-nach-europa\/#breadcrumb\",\"itemListElement\":[{\"@type\":\"ListItem\",\"position\":1,\"name\":\"Home\",\"item\":\"https:\/\/now-news.de\/de\/\"},{\"@type\":\"ListItem\",\"position\":2,\"name\":\"Gazprom erwartet weitere Reduzierung der Gaslieferungen nach Europa\"}]},{\"@type\":\"WebSite\",\"@id\":\"https:\/\/now-news.de\/de\/#website\",\"url\":\"https:\/\/now-news.de\/de\/\",\"name\":\"just-now.NEWS Deutschland\",\"description\":\"Das Portal f\u00fcr unzensierte Nachrichten aus der Welt\",\"publisher\":{\"@id\":\"https:\/\/now-news.de\/de\/#organization\"},\"potentialAction\":[{\"@type\":\"SearchAction\",\"target\":{\"@type\":\"EntryPoint\",\"urlTemplate\":\"https:\/\/now-news.de\/de\/?s={search_term_string}\"},\"query-input\":\"required name=search_term_string\"}],\"inLanguage\":\"de\"},{\"@type\":\"Organization\",\"@id\":\"https:\/\/now-news.de\/de\/#organization\",\"name\":\"Just Now News\",\"url\":\"https:\/\/now-news.de\/de\/\",\"logo\":{\"@type\":\"ImageObject\",\"inLanguage\":\"de\",\"@id\":\"https:\/\/now-news.de\/de\/#\/schema\/logo\/image\/\",\"url\":\"http:\/\/just-now.news\/de\/wp-content\/uploads\/sites\/3\/2022\/04\/logo500x500.jpg\",\"contentUrl\":\"http:\/\/just-now.news\/de\/wp-content\/uploads\/sites\/3\/2022\/04\/logo500x500.jpg\",\"width\":500,\"height\":500,\"caption\":\"Just Now News\"},\"image\":{\"@id\":\"https:\/\/now-news.de\/de\/#\/schema\/logo\/image\/\"},\"sameAs\":[\"https:\/\/www.facebook.com\/wirmachenauf\",\"https:\/\/x.com\/WirMachenAuf_de\"]},{\"@type\":\"Person\",\"@id\":\"https:\/\/now-news.de\/de\/#\/schema\/person\/fb534a4e865501d8b3285208df34a9b5\",\"name\":\"rtnews\",\"image\":{\"@type\":\"ImageObject\",\"inLanguage\":\"de\",\"@id\":\"https:\/\/now-news.de\/de\/#\/schema\/person\/image\/\",\"url\":\"https:\/\/secure.gravatar.com\/avatar\/82aafea7d8127119dd649515f56e2117?s=96&d=mm&r=g\",\"contentUrl\":\"https:\/\/secure.gravatar.com\/avatar\/82aafea7d8127119dd649515f56e2117?s=96&d=mm&r=g\",\"caption\":\"rtnews\"},\"url\":\"https:\/\/now-news.de\/de\/author\/rnews\/\"}]}<\/script>\n<!-- \/ Yoast SEO Premium plugin. -->","yoast_head_json":{"title":"Gazprom erwartet weitere Reduzierung der Gaslieferungen nach Europa - just-now.NEWS Deutschland","robots":{"index":"index","follow":"follow","max-snippet":"max-snippet:-1","max-image-preview":"max-image-preview:large","max-video-preview":"max-video-preview:-1"},"canonical":"https:\/\/now-news.de\/de\/deutschland\/gazprom-erwartet-weitere-reduzierung-der-gaslieferungen-nach-europa\/","og_locale":"de_DE","og_type":"article","og_title":"Gazprom erwartet weitere Reduzierung der Gaslieferungen nach Europa","og_description":"Russland hat seinen Gasfluss nach Europa durch die Nord Stream 1-Pipeline aufgrund von Turbinenfehlfunktionen reduzieren m\u00fcssen. Das sagte der stellvertretende Vorstandsvorsitzende von Gazprom, Witali Markelow, am Freitag. Die Probleme seien darauf zur\u00fcckzuf\u00fchren, dass das deutsche Unternehmen Siemens, das die Turbinen herstellt, seinen Verpflichtungen nicht nachkomme, sagte er gegen\u00fcber Russia-24 TV. Siemens habe bisher nur ein [&hellip;]","og_url":"https:\/\/now-news.de\/de\/deutschland\/gazprom-erwartet-weitere-reduzierung-der-gaslieferungen-nach-europa\/","og_site_name":"just-now.NEWS Deutschland","article_publisher":"https:\/\/www.facebook.com\/wirmachenauf","article_published_time":"2022-07-30T10:34:53+00:00","og_image":[{"width":460,"height":259,"url":"https:\/\/now-news.de\/de\/wp-content\/uploads\/sites\/3\/2022\/07\/Gazprom-erwartet-weitere-Reduzierung-der-Gaslieferungen-nach-Europa.jpeg","type":"image\/jpeg"}],"author":"rtnews","twitter_card":"summary_large_image","twitter_creator":"@WirMachenAuf_de","twitter_site":"@WirMachenAuf_de","twitter_misc":{"Verfasst von":"rtnews","Gesch\u00e4tzte Lesezeit":"3\u00a0Minuten"},"schema":{"@context":"https:\/\/schema.org","@graph":[{"@type":"Article","@id":"https:\/\/now-news.de\/de\/deutschland\/gazprom-erwartet-weitere-reduzierung-der-gaslieferungen-nach-europa\/#article","isPartOf":{"@id":"https:\/\/now-news.de\/de\/deutschland\/gazprom-erwartet-weitere-reduzierung-der-gaslieferungen-nach-europa\/"},"author":{"name":"rtnews","@id":"https:\/\/now-news.de\/de\/#\/schema\/person\/fb534a4e865501d8b3285208df34a9b5"},"headline":"Gazprom erwartet weitere Reduzierung der Gaslieferungen nach Europa","datePublished":"2022-07-30T10:34:53+00:00","dateModified":"2022-07-30T10:34:53+00:00","mainEntityOfPage":{"@id":"https:\/\/now-news.de\/de\/deutschland\/gazprom-erwartet-weitere-reduzierung-der-gaslieferungen-nach-europa\/"},"wordCount":515,"commentCount":0,"publisher":{"@id":"https:\/\/now-news.de\/de\/#organization"},"image":{"@id":"https:\/\/now-news.de\/de\/deutschland\/gazprom-erwartet-weitere-reduzierung-der-gaslieferungen-nach-europa\/#primaryimage"},"thumbnailUrl":"https:\/\/now-news.de\/de\/wp-content\/uploads\/sites\/3\/2022\/07\/Gazprom-erwartet-weitere-Reduzierung-der-Gaslieferungen-nach-Europa.jpeg","keywords":["der","erwartet","Europa","Gaslieferungen","Gazprom","nach","Reduzierung","weitere"],"articleSection":["Deutschland","Russland"],"inLanguage":"de","potentialAction":[{"@type":"CommentAction","name":"Comment","target":["https:\/\/now-news.de\/de\/deutschland\/gazprom-erwartet-weitere-reduzierung-der-gaslieferungen-nach-europa\/#respond"]}]},{"@type":"WebPage","@id":"https:\/\/now-news.de\/de\/deutschland\/gazprom-erwartet-weitere-reduzierung-der-gaslieferungen-nach-europa\/","url":"https:\/\/now-news.de\/de\/deutschland\/gazprom-erwartet-weitere-reduzierung-der-gaslieferungen-nach-europa\/","name":"Gazprom erwartet weitere Reduzierung der Gaslieferungen nach Europa - just-now.NEWS Deutschland","isPartOf":{"@id":"https:\/\/now-news.de\/de\/#website"},"primaryImageOfPage":{"@id":"https:\/\/now-news.de\/de\/deutschland\/gazprom-erwartet-weitere-reduzierung-der-gaslieferungen-nach-europa\/#primaryimage"},"image":{"@id":"https:\/\/now-news.de\/de\/deutschland\/gazprom-erwartet-weitere-reduzierung-der-gaslieferungen-nach-europa\/#primaryimage"},"thumbnailUrl":"https:\/\/now-news.de\/de\/wp-content\/uploads\/sites\/3\/2022\/07\/Gazprom-erwartet-weitere-Reduzierung-der-Gaslieferungen-nach-Europa.jpeg","datePublished":"2022-07-30T10:34:53+00:00","dateModified":"2022-07-30T10:34:53+00:00","breadcrumb":{"@id":"https:\/\/now-news.de\/de\/deutschland\/gazprom-erwartet-weitere-reduzierung-der-gaslieferungen-nach-europa\/#breadcrumb"},"inLanguage":"de","potentialAction":[{"@type":"ReadAction","target":["https:\/\/now-news.de\/de\/deutschland\/gazprom-erwartet-weitere-reduzierung-der-gaslieferungen-nach-europa\/"]}]},{"@type":"ImageObject","inLanguage":"de","@id":"https:\/\/now-news.de\/de\/deutschland\/gazprom-erwartet-weitere-reduzierung-der-gaslieferungen-nach-europa\/#primaryimage","url":"https:\/\/now-news.de\/de\/wp-content\/uploads\/sites\/3\/2022\/07\/Gazprom-erwartet-weitere-Reduzierung-der-Gaslieferungen-nach-Europa.jpeg","contentUrl":"https:\/\/now-news.de\/de\/wp-content\/uploads\/sites\/3\/2022\/07\/Gazprom-erwartet-weitere-Reduzierung-der-Gaslieferungen-nach-Europa.jpeg","width":460,"height":259,"caption":"Gazprom erwartet weitere Reduzierung der Gaslieferungen nach Europa"},{"@type":"BreadcrumbList","@id":"https:\/\/now-news.de\/de\/deutschland\/gazprom-erwartet-weitere-reduzierung-der-gaslieferungen-nach-europa\/#breadcrumb","itemListElement":[{"@type":"ListItem","position":1,"name":"Home","item":"https:\/\/now-news.de\/de\/"},{"@type":"ListItem","position":2,"name":"Gazprom erwartet weitere Reduzierung der Gaslieferungen nach Europa"}]},{"@type":"WebSite","@id":"https:\/\/now-news.de\/de\/#website","url":"https:\/\/now-news.de\/de\/","name":"just-now.NEWS Deutschland","description":"Das Portal f\u00fcr unzensierte Nachrichten aus der Welt","publisher":{"@id":"https:\/\/now-news.de\/de\/#organization"},"potentialAction":[{"@type":"SearchAction","target":{"@type":"EntryPoint","urlTemplate":"https:\/\/now-news.de\/de\/?s={search_term_string}"},"query-input":"required name=search_term_string"}],"inLanguage":"de"},{"@type":"Organization","@id":"https:\/\/now-news.de\/de\/#organization","name":"Just Now News","url":"https:\/\/now-news.de\/de\/","logo":{"@type":"ImageObject","inLanguage":"de","@id":"https:\/\/now-news.de\/de\/#\/schema\/logo\/image\/","url":"http:\/\/just-now.news\/de\/wp-content\/uploads\/sites\/3\/2022\/04\/logo500x500.jpg","contentUrl":"http:\/\/just-now.news\/de\/wp-content\/uploads\/sites\/3\/2022\/04\/logo500x500.jpg","width":500,"height":500,"caption":"Just Now News"},"image":{"@id":"https:\/\/now-news.de\/de\/#\/schema\/logo\/image\/"},"sameAs":["https:\/\/www.facebook.com\/wirmachenauf","https:\/\/x.com\/WirMachenAuf_de"]},{"@type":"Person","@id":"https:\/\/now-news.de\/de\/#\/schema\/person\/fb534a4e865501d8b3285208df34a9b5","name":"rtnews","image":{"@type":"ImageObject","inLanguage":"de","@id":"https:\/\/now-news.de\/de\/#\/schema\/person\/image\/","url":"https:\/\/secure.gravatar.com\/avatar\/82aafea7d8127119dd649515f56e2117?s=96&d=mm&r=g","contentUrl":"https:\/\/secure.gravatar.com\/avatar\/82aafea7d8127119dd649515f56e2117?s=96&d=mm&r=g","caption":"rtnews"},"url":"https:\/\/now-news.de\/de\/author\/rnews\/"}]}},"_links":{"self":[{"href":"https:\/\/now-news.de\/de\/wp-json\/wp\/v2\/posts\/15521"}],"collection":[{"href":"https:\/\/now-news.de\/de\/wp-json\/wp\/v2\/posts"}],"about":[{"href":"https:\/\/now-news.de\/de\/wp-json\/wp\/v2\/types\/post"}],"author":[{"embeddable":true,"href":"https:\/\/now-news.de\/de\/wp-json\/wp\/v2\/users\/3"}],"replies":[{"embeddable":true,"href":"https:\/\/now-news.de\/de\/wp-json\/wp\/v2\/comments?post=15521"}],"version-history":[{"count":0,"href":"https:\/\/now-news.de\/de\/wp-json\/wp\/v2\/posts\/15521\/revisions"}],"wp:featuredmedia":[{"embeddable":true,"href":"https:\/\/now-news.de\/de\/wp-json\/wp\/v2\/media\/15522"}],"wp:attachment":[{"href":"https:\/\/now-news.de\/de\/wp-json\/wp\/v2\/media?parent=15521"}],"wp:term":[{"taxonomy":"category","embeddable":true,"href":"https:\/\/now-news.de\/de\/wp-json\/wp\/v2\/categories?post=15521"},{"taxonomy":"post_tag","embeddable":true,"href":"https:\/\/now-news.de\/de\/wp-json\/wp\/v2\/tags?post=15521"}],"curies":[{"name":"wp","href":"https:\/\/api.w.org\/{rel}","templated":true}]}}