{"id":15506,"date":"2022-07-30T07:08:49","date_gmt":"2022-07-30T05:08:49","guid":{"rendered":"http:\/\/just-now.news\/de\/deutschland\/was-ist-eigentlich-mit-dieser-regelbasierten-internationalen-ordnung-gemeint\/"},"modified":"2022-07-30T07:08:49","modified_gmt":"2022-07-30T05:08:49","slug":"was-ist-eigentlich-mit-dieser-regelbasierten-internationalen-ordnung-gemeint","status":"publish","type":"post","link":"https:\/\/now-news.de\/de\/deutschland\/was-ist-eigentlich-mit-dieser-regelbasierten-internationalen-ordnung-gemeint\/","title":{"rendered":"Was ist eigentlich mit dieser &quot;regelbasierten internationalen Ordnung&quot; gemeint?"},"content":{"rendered":"<p><img decoding=\"async\" src=\"http:\/\/just-now.news\/de\/wp-content\/uploads\/sites\/3\/2022\/07\/62e15b32b480cc315361d223.png\" \/><\/p>\n<div class=\"Text-root Text-type_1 \">\n                Die USA und ihre Verb\u00fcndeten lieben es, verschl\u00fcsselte Begriffe zu verwenden, wenn gemeint ist &#8220;Es steht ihnen frei das zu tun, wozu wir sie zwingen&#8221;. Aber was genau soll eigentlich diese &#8220;regelbasierte internationale Ordnung&#8221; sein, auf die sich die westlichen Eliten immer wieder berufen?\n            <\/div>\n<p><\/p>\n<div class=\"Text-root Text-type_5 ArticleView-text ViewText-root \">\n<p><em>Ein Kommentar von <\/em><em>Rachel Marsden<\/em><\/p>\n<p>Der US-Pr\u00e4sident Joe Biden hat angek\u00fcndigt, dass die Amerikaner solange hohe Energiekosten schultern m\u00fcssen, &#8220;wie es eben dauert&#8221;, damit man Russland in der Ukraine &#8220;eine Lektion erteilen kann&#8221;. Als <a rel=\"nofollow noopener\" target=\"_blank\" href=\"https:\/\/en.wikipedia.org\/wiki\/Brian_Deese\">Brian Deese<\/a>, einer der Berater von Biden, vor ein paar Monaten auf <em>CNN<\/em> \u00fcber die Reaktion des US-Pr\u00e4sidenten auf die hohen Energiepreise befragt wurde, antwortete er:<\/p>\n<blockquote>\n<p><em>&#8220;Hier geht es um die Zukunft der liberalen Weltordnung, und wir m\u00fcssen standhaft bleiben.&#8221;<\/em><\/p>\n<\/blockquote>\n<p>Im Jahr 2016 sagte der damals noch US-Vizepr\u00e4sident Joe Biden bei einem Besuch in Ottawa zum kanadischen Premierminister Justin Trudeau: &#8220;Die Welt wird viel Zeit damit verbringen, auf Sie zu blicken, Herr Premierminister, da wir immer mehr Herausforderungen auf die liberale internationale Ordnung zukommen sehen als jemals zuvor seit dem Ende des Zweiten Weltkriegs.&#8221;<\/p>\n<p>Der franz\u00f6sische Pr\u00e4sident Emmanuel Macron berief sich w\u00e4hrend seiner Pressekonferenz zum Abschluss des G7-Gipfels im Juni dieses Jahres auf ein \u00e4hnliches Konzept des Kampfes f\u00fcr die Aufrechterhaltung einer gewissen &#8220;Weltordnung&#8221;. Er sagte, dass der Konflikt zwischen Russland und der Ukraine die Grunds\u00e4tze internationaler Regeln durcheinander bringe, die seit 1945 gelten w\u00fcrden.<\/p>\n<p>Macron ging nicht n\u00e4her darauf ein, aber 1945 war jenes Jahr, in dem die Vereinten Nationen gegr\u00fcndet wurden und Frankreich neben den USA, Russland, Gro\u00dfbritannien und China dabei einen st\u00e4ndigen Sitz im UN-Sicherheitsrat erhielt.<\/p>\n<p>Ebenfalls im Juni \u2013 als die Pr\u00e4sidentin der Europ\u00e4ischen Kommission Ursula von der Leyen die neuseel\u00e4ndische Premierministerin Jacinda Ardern besuchte \u2013 gaben beide eine gemeinsame Erkl\u00e4rung ab, in der sie &#8220;das starke Engagement Neuseelands und der Europ\u00e4ischen Union f\u00fcr den Multilateralismus und die auf Regeln basierende internationale Ordnung&#8221; bekr\u00e4ftigten.<\/p>\n<p>Aber was genau ist diese &#8220;Weltordnung&#8221; eigentlich? Warum m\u00fcssen westliche Offizielle st\u00e4ndig diese &#8220;Weltordnung&#8221; beschw\u00f6ren? Und was hat der Konflikt in der Ukraine mit dieser angeblichen Ordnung zu tun?<\/p>\n<p>Kurz gesagt, es ist die Vision einer vom Westen angef\u00fchrten Welt mit den dort vorherrschenden klassischen westlichen Werten einer Wirtschafts- und Handelsfreiheit, die als Basis f\u00fcr die Verbreitung der politischen Freiheit zum ultimativen Nutzen des Durchschnittsb\u00fcrgers dient. Zumindest lautet es zumindest in der Theorie.<\/p>\n<p>Die Realit\u00e4t ist wesentlich komplizierter. Allzu oft war die Verbreitung von Freiheit nicht kostenlos \u2013 zumindest nicht f\u00fcr den Durchschnittsb\u00fcrger der Befreier wie der Befreiten. Milit\u00e4rische Interventionen oder verdeckte politische Einmischung werden typischerweise verwendet, um unerw\u00fcnschte Systeme auf den Kopf zu stellen, damit eine gef\u00fcgige F\u00fchrung installiert werden kann, die in erster Linie den wirtschaftlichen und politischen Interessen der westlichen Eliten dient. Dort endet in der Regel die Sorge um die Menschen und ihre pers\u00f6nliche wirtschaftliche Situation, auch wenn diese am Ende oft schlechter ist als zuvor.<\/p>\n<p>Die &#8220;Weltordnung&#8221; hat historisch auch eine ungleiche Ost-West-Bipolarit\u00e4t impliziert, wobei der Westen historisch als dominierend betrachtet wurde. Warum also sind die westlichen Eliten jetzt so besorgt \u00fcber den Zustand all dessen? Nun, seien wir ehrlich: Der Wind dreht sich \u2013 und das schon seit einer ganzen Weile.<\/p>\n<p>Immer mehr Menschen beginnen, den Nutzen f\u00fcr den Durchschnittsb\u00fcrger von milit\u00e4rischen Interventionen, die unter dem Deckmantel der Verbreitung von Freiheit und Demokratie verkauft werden, infrage zu stellen. Stattdessen nutzen sie lieber die Globalisierung und den Wirtschaftsliberalismus aus, um etwa im Ausland zu leben, zu arbeiten oder zu handeln. Sie tun dies mit den technologischen Mitteln, die urspr\u00fcnglich von westlichen Regierungen f\u00fcr den Zweck des globalen Merkantilismus und der \u00dcberwachung durch Big Brother finanziert und geschaffen wurden.<\/p>\n<p>Mit der wachsenden Emanzipation des Durchschnittsb\u00fcrgers w\u00e4chst dessen Abneigung gegen gro\u00dfe staatliche Eingriffe. Diese Emanzipation erm\u00f6glicht manch einem auch einen klareren Blick auf die nicht so unsichtbare Hand des Staates und auf das Chaos, das der in den letzten Jahren unter der \u00c4gide westlicher Eliten des Establishments angerichtet hat, welche auf fast surreale Weise losgel\u00f6st von allen tagt\u00e4glichen Herausforderungen und Realit\u00e4ten wandeln.<\/p>\n<p>Der Konflikt in der Ukraine bring jedoch nun das Risiko mit sich, den ultimativen Albtraum f\u00fcr die westlichen Eliten zu erzeugen: einen alternativen Zusammenschluss von fremden Verb\u00fcndeten, \u00fcber die der Westen keine Kontrolle hat, die aber in der Lage sind, den B\u00fcrgern der Welt wirtschaftliche M\u00f6glichkeiten zu bieten, die mit den Angeboten der eigenen Regierungen oder L\u00e4nder konkurrieren k\u00f6nnen.Oder wie der ehemalige CIA-Direktor und US-Au\u00dfenminister Mike Pompeo k\u00fcrzlich in einer Rede vor dem Auditorium einer Washingtoner Denkfabrik sagte:<\/p>\n<blockquote>\n<p><em>&#8220;Indem wir der Ukraine helfen, haben wir die Schaffung einer russisch-chinesischen Achse untergraben, die darauf aus ist, eine milit\u00e4rische und wirtschaftliche Hegemonie in Europa zu errichten.&#8221;<\/em><\/p>\n<\/blockquote>\n<p>Die Ereignisse in der Ukraine und die daraus resultierenden westlichen Sanktionen dienen daher f\u00f6rmlich als Katalysator f\u00fcr die Entwicklung und Umsetzung eines parallelen \u00f6stlichen oder s\u00fcd\u00f6stlichen Angebots mit alternativen Systemen und Strukturen. Das Ergebnis ist dann eine noch gr\u00f6\u00dfere Wahlfreiheit f\u00fcr den durchschnittlichen westlichen B\u00fcrger, der seine Abh\u00e4ngigkeit von seiner eigenen Regierung noch weiter verringern k\u00f6nnte. Viel Gl\u00fcck also bei dem Versuch, das herk\u00f6mmliche &#8220;wir gegen sie&#8221;-Konzept, mit dem die alte Weltordnung untermauert ist, an B\u00fcrger zu verkaufen oder als Hebel anzusetzen, die dagegen alle Vorteile eines Zugangs zu &#8220;denen dort&#8221; genie\u00dfen.<\/p>\n<p>W\u00e4hrend westliche Regierungen die Kontrolle verlieren, gehen sie hart gegen diejenigen vor, die sich f\u00fcr mehr Souver\u00e4nit\u00e4t und Unabh\u00e4ngigkeit einsetzen \u2013 zwei Konzepte, die von den Eliten gerne zu manipulativen Zwecken angef\u00fchrt, aber als bedrohlich betrachten, wenn sie aus dem Mund jener Menschen kommen, die danach streben ihre eigene Rechte geltend machen.<\/p>\n<p>Der Aufstieg des Populismus ist ebenfalls ein Symptom f\u00fcr das Problem, das sich westliche Regierungen selbst geschaffen haben, indem sie es vers\u00e4umten, den Kurs ihrer eigenen systemischen Korruption und zunehmender autorit\u00e4rer Tendenzen umzukehren.<\/p>\n<p>Die westlichen Eliten legen in der Ukraine zus\u00e4tzlich noch einen drauf, um eine solche Weltordnung zu retten, die ihre eigenen egoistischen Interessen sch\u00fctzt \u2013 und sie glauben dabei, dass dies der Weg sei zu verhindern, dass eine parallele Option entsteht. So einfach ist das f\u00fcr sie. Und es ist ihnen egal, ob es der Durchschnittsb\u00fcrger ist, der am Ende daf\u00fcr wieder die Zeche zahlen muss.<\/p>\n<p><em>\u00dcbersetzt aus dem <a rel=\"nofollow noopener\" target=\"_blank\" href=\"https:\/\/www.rt.com\/russia\/558490-liberal-world-order-explained\/\">Englischen<\/a><\/em><\/p>\n<p><strong><em>Rachel Marsden <\/em><\/strong><em>ist eine kanadische Kolumnistin, politische Strategin und Moderatorin eines unabh\u00e4ngig produzierten franz\u00f6sischsprachigen Programms, das auf Sputnik France ausgestrahlt wird. Ihre Website finden man unter <\/em><em><a rel=\"nofollow noopener\" target=\"_blank\" href=\"http:\/\/rachelmarsden.com\">rachelmarsden.com<\/a><\/em><em><\/em><\/p>\n<p><strong>Mehr zum Thema<\/strong> &#8211; <a rel=\"nofollow noopener\" target=\"_blank\" href=\"https:\/\/test.rtde.tech\/meinung\/136928-werden-hauptachse-moskau-peking\/\">Das Werden der Hauptachse Moskau-Peking <\/a><\/p>\n<\/div>\n<p><br \/>\n<br \/><a href=\"https:\/\/de.rt.com\/meinung\/144564-was-ist-eigentlich-eine-regelbasierte-ordnung\/\">Source link <\/a><\/p>\n","protected":false},"excerpt":{"rendered":"<p>Die USA und ihre Verb\u00fcndeten lieben es, verschl\u00fcsselte Begriffe zu verwenden, wenn gemeint ist &#8220;Es steht ihnen frei das zu tun, wozu wir sie zwingen&#8221;. Aber was genau soll eigentlich diese &#8220;regelbasierte internationale Ordnung&#8221; sein, auf die sich die westlichen Eliten immer wieder berufen? Ein Kommentar von Rachel Marsden Der US-Pr\u00e4sident Joe Biden hat angek\u00fcndigt, [&hellip;]<\/p>\n","protected":false},"author":3,"featured_media":15507,"comment_status":"open","ping_status":"open","sticky":false,"template":"","format":"standard","meta":{"wp_automatic_camp":["217"],"ece4d75bb272d7ca30f940d5fb97f5d1":["Was ist eigentlich mit dieser &quot;regelbasierten internationalen Ordnung&quot; gemeint?"],"original_link":["https:\/\/de.rt.com\/meinung\/144564-was-ist-eigentlich-eine-regelbasierte-ordnung\/"],"_thumbnail_id":["15507"],"_wptg_p2tg_sent2tg":["2022-07-30 07:15:12"],"jnews_social_counter_last_update":["1776911603"]},"categories":[19,23],"tags":[19483,26696,29726,524,414,419,29725,29724],"yoast_head":"<!-- This site is optimized with the Yoast SEO Premium plugin v22.7 (Yoast SEO v22.7) - https:\/\/yoast.com\/wordpress\/plugins\/seo\/ -->\n<title>Was ist eigentlich mit dieser &quot;regelbasierten internationalen Ordnung&quot; gemeint? - just-now.NEWS Deutschland<\/title>\n<meta name=\"robots\" content=\"index, follow, max-snippet:-1, max-image-preview:large, max-video-preview:-1\" \/>\n<link rel=\"canonical\" href=\"https:\/\/now-news.de\/de\/deutschland\/was-ist-eigentlich-mit-dieser-regelbasierten-internationalen-ordnung-gemeint\/\" \/>\n<meta property=\"og:locale\" content=\"de_DE\" \/>\n<meta property=\"og:type\" content=\"article\" \/>\n<meta property=\"og:title\" content=\"Was ist eigentlich mit dieser &quot;regelbasierten internationalen Ordnung&quot; gemeint?\" \/>\n<meta property=\"og:description\" content=\"Die USA und ihre Verb\u00fcndeten lieben es, verschl\u00fcsselte Begriffe zu verwenden, wenn gemeint ist &#8220;Es steht ihnen frei das zu tun, wozu wir sie zwingen&#8221;. Aber was genau soll eigentlich diese &#8220;regelbasierte internationale Ordnung&#8221; sein, auf die sich die westlichen Eliten immer wieder berufen? Ein Kommentar von Rachel Marsden Der US-Pr\u00e4sident Joe Biden hat angek\u00fcndigt, [&hellip;]\" \/>\n<meta property=\"og:url\" content=\"https:\/\/now-news.de\/de\/deutschland\/was-ist-eigentlich-mit-dieser-regelbasierten-internationalen-ordnung-gemeint\/\" \/>\n<meta property=\"og:site_name\" content=\"just-now.NEWS Deutschland\" \/>\n<meta property=\"article:publisher\" content=\"https:\/\/www.facebook.com\/wirmachenauf\" \/>\n<meta property=\"article:published_time\" content=\"2022-07-30T05:08:49+00:00\" \/>\n<meta property=\"og:image\" content=\"https:\/\/now-news.de\/de\/wp-content\/uploads\/sites\/3\/2022\/07\/Was-ist-eigentlich-mit-dieser-quotregelbasierten-internationalen-Ordnungquot-gemeint.png\" \/>\n\t<meta property=\"og:image:width\" content=\"460\" \/>\n\t<meta property=\"og:image:height\" content=\"259\" \/>\n\t<meta property=\"og:image:type\" content=\"image\/png\" \/>\n<meta name=\"author\" content=\"rtnews\" \/>\n<meta name=\"twitter:card\" content=\"summary_large_image\" \/>\n<meta name=\"twitter:creator\" content=\"@WirMachenAuf_de\" \/>\n<meta name=\"twitter:site\" content=\"@WirMachenAuf_de\" \/>\n<meta name=\"twitter:label1\" content=\"Verfasst von\" \/>\n\t<meta name=\"twitter:data1\" content=\"rtnews\" \/>\n\t<meta name=\"twitter:label2\" content=\"Gesch\u00e4tzte Lesezeit\" \/>\n\t<meta name=\"twitter:data2\" content=\"6\u00a0Minuten\" \/>\n<script type=\"application\/ld+json\" class=\"yoast-schema-graph\">{\"@context\":\"https:\/\/schema.org\",\"@graph\":[{\"@type\":\"Article\",\"@id\":\"https:\/\/now-news.de\/de\/deutschland\/was-ist-eigentlich-mit-dieser-regelbasierten-internationalen-ordnung-gemeint\/#article\",\"isPartOf\":{\"@id\":\"https:\/\/now-news.de\/de\/deutschland\/was-ist-eigentlich-mit-dieser-regelbasierten-internationalen-ordnung-gemeint\/\"},\"author\":{\"name\":\"rtnews\",\"@id\":\"https:\/\/now-news.de\/de\/#\/schema\/person\/fb534a4e865501d8b3285208df34a9b5\"},\"headline\":\"Was ist eigentlich mit dieser &quot;regelbasierten internationalen Ordnung&quot; gemeint?\",\"datePublished\":\"2022-07-30T05:08:49+00:00\",\"dateModified\":\"2022-07-30T05:08:49+00:00\",\"mainEntityOfPage\":{\"@id\":\"https:\/\/now-news.de\/de\/deutschland\/was-ist-eigentlich-mit-dieser-regelbasierten-internationalen-ordnung-gemeint\/\"},\"wordCount\":1136,\"commentCount\":0,\"publisher\":{\"@id\":\"https:\/\/now-news.de\/de\/#organization\"},\"image\":{\"@id\":\"https:\/\/now-news.de\/de\/deutschland\/was-ist-eigentlich-mit-dieser-regelbasierten-internationalen-ordnung-gemeint\/#primaryimage\"},\"thumbnailUrl\":\"https:\/\/now-news.de\/de\/wp-content\/uploads\/sites\/3\/2022\/07\/Was-ist-eigentlich-mit-dieser-quotregelbasierten-internationalen-Ordnungquot-gemeint.png\",\"keywords\":[\"dieser\",\"eigentlich\",\"gemeint\",\"internationalen\",\"ist\",\"mit\",\"Ordnungquot\",\"quotregelbasierten\"],\"articleSection\":[\"Deutschland\",\"Russland\"],\"inLanguage\":\"de\",\"potentialAction\":[{\"@type\":\"CommentAction\",\"name\":\"Comment\",\"target\":[\"https:\/\/now-news.de\/de\/deutschland\/was-ist-eigentlich-mit-dieser-regelbasierten-internationalen-ordnung-gemeint\/#respond\"]}]},{\"@type\":\"WebPage\",\"@id\":\"https:\/\/now-news.de\/de\/deutschland\/was-ist-eigentlich-mit-dieser-regelbasierten-internationalen-ordnung-gemeint\/\",\"url\":\"https:\/\/now-news.de\/de\/deutschland\/was-ist-eigentlich-mit-dieser-regelbasierten-internationalen-ordnung-gemeint\/\",\"name\":\"Was ist eigentlich mit dieser &quot;regelbasierten internationalen Ordnung&quot; gemeint? - just-now.NEWS Deutschland\",\"isPartOf\":{\"@id\":\"https:\/\/now-news.de\/de\/#website\"},\"primaryImageOfPage\":{\"@id\":\"https:\/\/now-news.de\/de\/deutschland\/was-ist-eigentlich-mit-dieser-regelbasierten-internationalen-ordnung-gemeint\/#primaryimage\"},\"image\":{\"@id\":\"https:\/\/now-news.de\/de\/deutschland\/was-ist-eigentlich-mit-dieser-regelbasierten-internationalen-ordnung-gemeint\/#primaryimage\"},\"thumbnailUrl\":\"https:\/\/now-news.de\/de\/wp-content\/uploads\/sites\/3\/2022\/07\/Was-ist-eigentlich-mit-dieser-quotregelbasierten-internationalen-Ordnungquot-gemeint.png\",\"datePublished\":\"2022-07-30T05:08:49+00:00\",\"dateModified\":\"2022-07-30T05:08:49+00:00\",\"breadcrumb\":{\"@id\":\"https:\/\/now-news.de\/de\/deutschland\/was-ist-eigentlich-mit-dieser-regelbasierten-internationalen-ordnung-gemeint\/#breadcrumb\"},\"inLanguage\":\"de\",\"potentialAction\":[{\"@type\":\"ReadAction\",\"target\":[\"https:\/\/now-news.de\/de\/deutschland\/was-ist-eigentlich-mit-dieser-regelbasierten-internationalen-ordnung-gemeint\/\"]}]},{\"@type\":\"ImageObject\",\"inLanguage\":\"de\",\"@id\":\"https:\/\/now-news.de\/de\/deutschland\/was-ist-eigentlich-mit-dieser-regelbasierten-internationalen-ordnung-gemeint\/#primaryimage\",\"url\":\"https:\/\/now-news.de\/de\/wp-content\/uploads\/sites\/3\/2022\/07\/Was-ist-eigentlich-mit-dieser-quotregelbasierten-internationalen-Ordnungquot-gemeint.png\",\"contentUrl\":\"https:\/\/now-news.de\/de\/wp-content\/uploads\/sites\/3\/2022\/07\/Was-ist-eigentlich-mit-dieser-quotregelbasierten-internationalen-Ordnungquot-gemeint.png\",\"width\":460,\"height\":259,\"caption\":\"Was ist eigentlich mit dieser &quot;regelbasierten internationalen Ordnung&quot; gemeint?\"},{\"@type\":\"BreadcrumbList\",\"@id\":\"https:\/\/now-news.de\/de\/deutschland\/was-ist-eigentlich-mit-dieser-regelbasierten-internationalen-ordnung-gemeint\/#breadcrumb\",\"itemListElement\":[{\"@type\":\"ListItem\",\"position\":1,\"name\":\"Home\",\"item\":\"https:\/\/now-news.de\/de\/\"},{\"@type\":\"ListItem\",\"position\":2,\"name\":\"Was ist eigentlich mit dieser &quot;regelbasierten internationalen Ordnung&quot; gemeint?\"}]},{\"@type\":\"WebSite\",\"@id\":\"https:\/\/now-news.de\/de\/#website\",\"url\":\"https:\/\/now-news.de\/de\/\",\"name\":\"just-now.NEWS Deutschland\",\"description\":\"Das Portal f\u00fcr unzensierte Nachrichten aus der Welt\",\"publisher\":{\"@id\":\"https:\/\/now-news.de\/de\/#organization\"},\"potentialAction\":[{\"@type\":\"SearchAction\",\"target\":{\"@type\":\"EntryPoint\",\"urlTemplate\":\"https:\/\/now-news.de\/de\/?s={search_term_string}\"},\"query-input\":\"required name=search_term_string\"}],\"inLanguage\":\"de\"},{\"@type\":\"Organization\",\"@id\":\"https:\/\/now-news.de\/de\/#organization\",\"name\":\"Just Now News\",\"url\":\"https:\/\/now-news.de\/de\/\",\"logo\":{\"@type\":\"ImageObject\",\"inLanguage\":\"de\",\"@id\":\"https:\/\/now-news.de\/de\/#\/schema\/logo\/image\/\",\"url\":\"http:\/\/just-now.news\/de\/wp-content\/uploads\/sites\/3\/2022\/04\/logo500x500.jpg\",\"contentUrl\":\"http:\/\/just-now.news\/de\/wp-content\/uploads\/sites\/3\/2022\/04\/logo500x500.jpg\",\"width\":500,\"height\":500,\"caption\":\"Just Now News\"},\"image\":{\"@id\":\"https:\/\/now-news.de\/de\/#\/schema\/logo\/image\/\"},\"sameAs\":[\"https:\/\/www.facebook.com\/wirmachenauf\",\"https:\/\/x.com\/WirMachenAuf_de\"]},{\"@type\":\"Person\",\"@id\":\"https:\/\/now-news.de\/de\/#\/schema\/person\/fb534a4e865501d8b3285208df34a9b5\",\"name\":\"rtnews\",\"image\":{\"@type\":\"ImageObject\",\"inLanguage\":\"de\",\"@id\":\"https:\/\/now-news.de\/de\/#\/schema\/person\/image\/\",\"url\":\"https:\/\/secure.gravatar.com\/avatar\/82aafea7d8127119dd649515f56e2117?s=96&d=mm&r=g\",\"contentUrl\":\"https:\/\/secure.gravatar.com\/avatar\/82aafea7d8127119dd649515f56e2117?s=96&d=mm&r=g\",\"caption\":\"rtnews\"},\"url\":\"https:\/\/now-news.de\/de\/author\/rnews\/\"}]}<\/script>\n<!-- \/ Yoast SEO Premium plugin. -->","yoast_head_json":{"title":"Was ist eigentlich mit dieser &quot;regelbasierten internationalen Ordnung&quot; gemeint? - just-now.NEWS Deutschland","robots":{"index":"index","follow":"follow","max-snippet":"max-snippet:-1","max-image-preview":"max-image-preview:large","max-video-preview":"max-video-preview:-1"},"canonical":"https:\/\/now-news.de\/de\/deutschland\/was-ist-eigentlich-mit-dieser-regelbasierten-internationalen-ordnung-gemeint\/","og_locale":"de_DE","og_type":"article","og_title":"Was ist eigentlich mit dieser &quot;regelbasierten internationalen Ordnung&quot; gemeint?","og_description":"Die USA und ihre Verb\u00fcndeten lieben es, verschl\u00fcsselte Begriffe zu verwenden, wenn gemeint ist &#8220;Es steht ihnen frei das zu tun, wozu wir sie zwingen&#8221;. Aber was genau soll eigentlich diese &#8220;regelbasierte internationale Ordnung&#8221; sein, auf die sich die westlichen Eliten immer wieder berufen? Ein Kommentar von Rachel Marsden Der US-Pr\u00e4sident Joe Biden hat angek\u00fcndigt, [&hellip;]","og_url":"https:\/\/now-news.de\/de\/deutschland\/was-ist-eigentlich-mit-dieser-regelbasierten-internationalen-ordnung-gemeint\/","og_site_name":"just-now.NEWS Deutschland","article_publisher":"https:\/\/www.facebook.com\/wirmachenauf","article_published_time":"2022-07-30T05:08:49+00:00","og_image":[{"width":460,"height":259,"url":"https:\/\/now-news.de\/de\/wp-content\/uploads\/sites\/3\/2022\/07\/Was-ist-eigentlich-mit-dieser-quotregelbasierten-internationalen-Ordnungquot-gemeint.png","type":"image\/png"}],"author":"rtnews","twitter_card":"summary_large_image","twitter_creator":"@WirMachenAuf_de","twitter_site":"@WirMachenAuf_de","twitter_misc":{"Verfasst von":"rtnews","Gesch\u00e4tzte Lesezeit":"6\u00a0Minuten"},"schema":{"@context":"https:\/\/schema.org","@graph":[{"@type":"Article","@id":"https:\/\/now-news.de\/de\/deutschland\/was-ist-eigentlich-mit-dieser-regelbasierten-internationalen-ordnung-gemeint\/#article","isPartOf":{"@id":"https:\/\/now-news.de\/de\/deutschland\/was-ist-eigentlich-mit-dieser-regelbasierten-internationalen-ordnung-gemeint\/"},"author":{"name":"rtnews","@id":"https:\/\/now-news.de\/de\/#\/schema\/person\/fb534a4e865501d8b3285208df34a9b5"},"headline":"Was ist eigentlich mit dieser &quot;regelbasierten internationalen Ordnung&quot; gemeint?","datePublished":"2022-07-30T05:08:49+00:00","dateModified":"2022-07-30T05:08:49+00:00","mainEntityOfPage":{"@id":"https:\/\/now-news.de\/de\/deutschland\/was-ist-eigentlich-mit-dieser-regelbasierten-internationalen-ordnung-gemeint\/"},"wordCount":1136,"commentCount":0,"publisher":{"@id":"https:\/\/now-news.de\/de\/#organization"},"image":{"@id":"https:\/\/now-news.de\/de\/deutschland\/was-ist-eigentlich-mit-dieser-regelbasierten-internationalen-ordnung-gemeint\/#primaryimage"},"thumbnailUrl":"https:\/\/now-news.de\/de\/wp-content\/uploads\/sites\/3\/2022\/07\/Was-ist-eigentlich-mit-dieser-quotregelbasierten-internationalen-Ordnungquot-gemeint.png","keywords":["dieser","eigentlich","gemeint","internationalen","ist","mit","Ordnungquot","quotregelbasierten"],"articleSection":["Deutschland","Russland"],"inLanguage":"de","potentialAction":[{"@type":"CommentAction","name":"Comment","target":["https:\/\/now-news.de\/de\/deutschland\/was-ist-eigentlich-mit-dieser-regelbasierten-internationalen-ordnung-gemeint\/#respond"]}]},{"@type":"WebPage","@id":"https:\/\/now-news.de\/de\/deutschland\/was-ist-eigentlich-mit-dieser-regelbasierten-internationalen-ordnung-gemeint\/","url":"https:\/\/now-news.de\/de\/deutschland\/was-ist-eigentlich-mit-dieser-regelbasierten-internationalen-ordnung-gemeint\/","name":"Was ist eigentlich mit dieser &quot;regelbasierten internationalen Ordnung&quot; gemeint? - just-now.NEWS Deutschland","isPartOf":{"@id":"https:\/\/now-news.de\/de\/#website"},"primaryImageOfPage":{"@id":"https:\/\/now-news.de\/de\/deutschland\/was-ist-eigentlich-mit-dieser-regelbasierten-internationalen-ordnung-gemeint\/#primaryimage"},"image":{"@id":"https:\/\/now-news.de\/de\/deutschland\/was-ist-eigentlich-mit-dieser-regelbasierten-internationalen-ordnung-gemeint\/#primaryimage"},"thumbnailUrl":"https:\/\/now-news.de\/de\/wp-content\/uploads\/sites\/3\/2022\/07\/Was-ist-eigentlich-mit-dieser-quotregelbasierten-internationalen-Ordnungquot-gemeint.png","datePublished":"2022-07-30T05:08:49+00:00","dateModified":"2022-07-30T05:08:49+00:00","breadcrumb":{"@id":"https:\/\/now-news.de\/de\/deutschland\/was-ist-eigentlich-mit-dieser-regelbasierten-internationalen-ordnung-gemeint\/#breadcrumb"},"inLanguage":"de","potentialAction":[{"@type":"ReadAction","target":["https:\/\/now-news.de\/de\/deutschland\/was-ist-eigentlich-mit-dieser-regelbasierten-internationalen-ordnung-gemeint\/"]}]},{"@type":"ImageObject","inLanguage":"de","@id":"https:\/\/now-news.de\/de\/deutschland\/was-ist-eigentlich-mit-dieser-regelbasierten-internationalen-ordnung-gemeint\/#primaryimage","url":"https:\/\/now-news.de\/de\/wp-content\/uploads\/sites\/3\/2022\/07\/Was-ist-eigentlich-mit-dieser-quotregelbasierten-internationalen-Ordnungquot-gemeint.png","contentUrl":"https:\/\/now-news.de\/de\/wp-content\/uploads\/sites\/3\/2022\/07\/Was-ist-eigentlich-mit-dieser-quotregelbasierten-internationalen-Ordnungquot-gemeint.png","width":460,"height":259,"caption":"Was ist eigentlich mit dieser &quot;regelbasierten internationalen Ordnung&quot; gemeint?"},{"@type":"BreadcrumbList","@id":"https:\/\/now-news.de\/de\/deutschland\/was-ist-eigentlich-mit-dieser-regelbasierten-internationalen-ordnung-gemeint\/#breadcrumb","itemListElement":[{"@type":"ListItem","position":1,"name":"Home","item":"https:\/\/now-news.de\/de\/"},{"@type":"ListItem","position":2,"name":"Was ist eigentlich mit dieser &quot;regelbasierten internationalen Ordnung&quot; gemeint?"}]},{"@type":"WebSite","@id":"https:\/\/now-news.de\/de\/#website","url":"https:\/\/now-news.de\/de\/","name":"just-now.NEWS Deutschland","description":"Das Portal f\u00fcr unzensierte Nachrichten aus der Welt","publisher":{"@id":"https:\/\/now-news.de\/de\/#organization"},"potentialAction":[{"@type":"SearchAction","target":{"@type":"EntryPoint","urlTemplate":"https:\/\/now-news.de\/de\/?s={search_term_string}"},"query-input":"required name=search_term_string"}],"inLanguage":"de"},{"@type":"Organization","@id":"https:\/\/now-news.de\/de\/#organization","name":"Just Now News","url":"https:\/\/now-news.de\/de\/","logo":{"@type":"ImageObject","inLanguage":"de","@id":"https:\/\/now-news.de\/de\/#\/schema\/logo\/image\/","url":"http:\/\/just-now.news\/de\/wp-content\/uploads\/sites\/3\/2022\/04\/logo500x500.jpg","contentUrl":"http:\/\/just-now.news\/de\/wp-content\/uploads\/sites\/3\/2022\/04\/logo500x500.jpg","width":500,"height":500,"caption":"Just Now News"},"image":{"@id":"https:\/\/now-news.de\/de\/#\/schema\/logo\/image\/"},"sameAs":["https:\/\/www.facebook.com\/wirmachenauf","https:\/\/x.com\/WirMachenAuf_de"]},{"@type":"Person","@id":"https:\/\/now-news.de\/de\/#\/schema\/person\/fb534a4e865501d8b3285208df34a9b5","name":"rtnews","image":{"@type":"ImageObject","inLanguage":"de","@id":"https:\/\/now-news.de\/de\/#\/schema\/person\/image\/","url":"https:\/\/secure.gravatar.com\/avatar\/82aafea7d8127119dd649515f56e2117?s=96&d=mm&r=g","contentUrl":"https:\/\/secure.gravatar.com\/avatar\/82aafea7d8127119dd649515f56e2117?s=96&d=mm&r=g","caption":"rtnews"},"url":"https:\/\/now-news.de\/de\/author\/rnews\/"}]}},"_links":{"self":[{"href":"https:\/\/now-news.de\/de\/wp-json\/wp\/v2\/posts\/15506"}],"collection":[{"href":"https:\/\/now-news.de\/de\/wp-json\/wp\/v2\/posts"}],"about":[{"href":"https:\/\/now-news.de\/de\/wp-json\/wp\/v2\/types\/post"}],"author":[{"embeddable":true,"href":"https:\/\/now-news.de\/de\/wp-json\/wp\/v2\/users\/3"}],"replies":[{"embeddable":true,"href":"https:\/\/now-news.de\/de\/wp-json\/wp\/v2\/comments?post=15506"}],"version-history":[{"count":0,"href":"https:\/\/now-news.de\/de\/wp-json\/wp\/v2\/posts\/15506\/revisions"}],"wp:featuredmedia":[{"embeddable":true,"href":"https:\/\/now-news.de\/de\/wp-json\/wp\/v2\/media\/15507"}],"wp:attachment":[{"href":"https:\/\/now-news.de\/de\/wp-json\/wp\/v2\/media?parent=15506"}],"wp:term":[{"taxonomy":"category","embeddable":true,"href":"https:\/\/now-news.de\/de\/wp-json\/wp\/v2\/categories?post=15506"},{"taxonomy":"post_tag","embeddable":true,"href":"https:\/\/now-news.de\/de\/wp-json\/wp\/v2\/tags?post=15506"}],"curies":[{"name":"wp","href":"https:\/\/api.w.org\/{rel}","templated":true}]}}