{"id":15488,"date":"2022-07-29T23:15:00","date_gmt":"2022-07-29T21:15:00","guid":{"rendered":"http:\/\/just-now.news\/de\/usa\/karine-jean-pierre-sagt-dass-das-weisse-haus-das-illegale-aliens-in-den-usa-fliegt-anders-ist-als-texas-das-illegale-nach-dc-bringt-video\/"},"modified":"2022-07-29T23:15:00","modified_gmt":"2022-07-29T21:15:00","slug":"karine-jean-pierre-sagt-dass-das-weisse-haus-das-illegale-aliens-in-den-usa-fliegt-anders-ist-als-texas-das-illegale-nach-dc-bringt-video","status":"publish","type":"post","link":"https:\/\/now-news.de\/de\/usa\/karine-jean-pierre-sagt-dass-das-weisse-haus-das-illegale-aliens-in-den-usa-fliegt-anders-ist-als-texas-das-illegale-nach-dc-bringt-video\/","title":{"rendered":"Karine Jean-Pierre sagt, dass das Wei\u00dfe Haus, das illegale Aliens in den USA fliegt, \u201eanders\u201c ist als Texas, das Illegale nach DC bringt (VIDEO)"},"content":{"rendered":"<div class=\"entry-content\">\n<p><\/p>\n<p>Die Pressesprecherin des Wei\u00dfen Hauses, Karine Jean-Pierre, sagte am Freitag, dass das Wei\u00dfe Haus, das illegale Ausl\u00e4nder durch die USA transportiert, anders sei als Texas, das Illegale nach DC bringt.<\/p>\n<p>\u201eWas ist der Unterschied zwischen Texas, das Migranten mit Bussen nach DC bringt, und der Bundesregierung, die Migranten mitten in der Nacht nach, sagen wir, New York fliegt?\u201c  fragte ein Reporter KJP am Freitag.<\/p>\n<div id=\"IC1-ad\" class=\"sponsor IC1\">\n<p class=\"ad-notice flipboard-remove\" fl:fl-noexcerpt=\"true\">Werbung \u2013 die Geschichte geht unten weiter<\/p>\n<div id=\"IC1\">\n<script>\n\t\t\t\t\tif( FFADS.units.IC1 && FFADS.units.IC1.ad_type == 'custom' && FFADS.units.IC1.custom_ads && ! getCookie( 'ff_subbed' ) ) {\n\t\t\t\t\t\tdocument.getElementById( 'IC1' ).innerHTML = FFADS.units.IC1.custom_ads[0].code;\n\t\t\t\t\t\tif( ! FFADS.units.IC1.lazy_load ) eval( FFADS.units.IC1.custom_ads[0].rendering_script );\n\t\t\t\t\t}\n\t\t\t\t\telse if( FFADS.units.IC1 && ! getCookie( 'ff_subbed' ) ) {\n\t\t\t\t\t\tif( 'IC' != 'SB' && 'IC' != 'SA' && FFADS.use_fixed_containers ) {\n\t\t\t\t\t\t\tlet max_wh = firefly_size_list_to_max_wh( FFADS.units.IC1.sizes );\n\t\t\t\t\t\t\tlet el = document.querySelector( '#IC1' );\n\t\t\t\t\t\t\tif( 'IC' != 'SA' && FFADS.slide_pixels ) {\n\t\t\t\t\t\t\t\tmax_wh[1] += parseInt( FFADS.slide_pixels );\n\t\t\t\t\t\t\t\tel.classList.add( 'sliding' );\n\t\t\t\t\t\t\t}\n\t\t\t\t\t\t\tel.style.width = max_wh[0] + 'px';\n\t\t\t\t\t\t\tel.style.height = max_wh[1] + 'px';\n\t\t\t\t\t\t\tel.classList.add( 'fixed-size' );\n\t\t\t\t\t\t}\n\t\t\t\t\t\tgoogletag.cmd.push( function() {\n\t\t\t\t\t\t\tFFADS.debug( 'googletag.displaying IC1' );\n\t\t\t\t\t\t\tgoogletag.display( 'IC1' );\n\t\t\t\t\t\t} );\n\t\t\t\t\t}\n\t\t\t\t\telse {\n\t\t\t\t\t\tdocument.querySelector( '#IC1-ad' ).style.display = 'none';}\n\t\t\t\t<\/script><\/div>\n<\/div>\n<p>\u201eEs ist ganz anders, weil wir Migranten nicht als politische Spielfigur benutzen\u201c, sagte die Spox des Wei\u00dfen Hauses.<\/p>\n<p>Anscheinend ist es nur dem Biden-Regime erlaubt, mitten in der Nacht illegale Ausl\u00e4nder mit Bussen und Bussen an verschiedene Orte zu transportieren.<\/p>\n<p><script>\n\t\t\t\t\tif( ! getCookie( 'ff_subbed' ) ) if( typeof FFADS.replace_ict != 'undefined' ) if( FFADS.replace_ict ) eval( FFADS.replace_ict );\n\t\t\t\t<\/script><\/p>\n<p>Das Biden-Regime entsorgt Horden von Illegalen strategisch in roten Bundesstaaten und roten Landkreisen, um die Wahldemografie zu \u00e4ndern.<\/p>\n<p>Aber Karine Jean-Pierre hatte die Frechheit zu behaupten, die Republikaner w\u00fcrden Migranten als politischen Trick \u201ebenutzen\u201c.<\/p>\n<div id=\"IC2-ad\" class=\"sponsor IC2\">\n<p class=\"ad-notice flipboard-remove\" fl:fl-noexcerpt=\"true\">Werbung \u2013 die Geschichte geht unten weiter<\/p>\n<div id=\"IC2\">\n<script>\n\t\t\t\t\tif( FFADS.units.IC2 && FFADS.units.IC2.ad_type == 'custom' && FFADS.units.IC2.custom_ads && ! getCookie( 'ff_subbed' ) ) {\n\t\t\t\t\t\tdocument.getElementById( 'IC2' ).innerHTML = FFADS.units.IC2.custom_ads[0].code;\n\t\t\t\t\t\tif( ! FFADS.units.IC2.lazy_load ) eval( FFADS.units.IC2.custom_ads[0].rendering_script );\n\t\t\t\t\t}\n\t\t\t\t\telse if( FFADS.units.IC2 && ! getCookie( 'ff_subbed' ) ) {\n\t\t\t\t\t\tif( 'IC' != 'SB' && 'IC' != 'SA' && FFADS.use_fixed_containers ) {\n\t\t\t\t\t\t\tlet max_wh = firefly_size_list_to_max_wh( FFADS.units.IC2.sizes );\n\t\t\t\t\t\t\tlet el = document.querySelector( '#IC2' );\n\t\t\t\t\t\t\tif( 'IC' != 'SA' && FFADS.slide_pixels ) {\n\t\t\t\t\t\t\t\tmax_wh[1] += parseInt( FFADS.slide_pixels );\n\t\t\t\t\t\t\t\tel.classList.add( 'sliding' );\n\t\t\t\t\t\t\t}\n\t\t\t\t\t\t\tel.style.width = max_wh[0] + 'px';\n\t\t\t\t\t\t\tel.style.height = max_wh[1] + 'px';\n\t\t\t\t\t\t\tel.classList.add( 'fixed-size' );\n\t\t\t\t\t\t}\n\t\t\t\t\t\tgoogletag.cmd.push( function() {\n\t\t\t\t\t\t\tFFADS.debug( 'googletag.displaying IC2' );\n\t\t\t\t\t\t\tgoogletag.display( 'IC2' );\n\t\t\t\t\t\t} );\n\t\t\t\t\t}\n\t\t\t\t\telse {\n\t\t\t\t\t\tdocument.querySelector( '#IC2-ad' ).style.display = 'none';}\n\t\t\t\t<\/script><\/div>\n<\/div>\n<p>VIDEO:<\/p>\n<blockquote class=\"twitter-tweet\">\n<p dir=\"ltr\" lang=\"en\">Reporter: \u201eWas ist der Unterschied zwischen Texas, das Migranten mit Bussen nach DC bringt, und der Bundesregierung, die Migranten mitten in der Nacht nach, sagen wir, New York fliegt?\u201c<\/p>\n<p>Jean-Pierre: \u201eEs ist ganz anders, weil wir Migranten nicht als politische Schachfigur benutzen\u201c<\/p>\n<p><a rel=\"nofollow noopener\" target=\"_blank\" href=\"https:\/\/t.co\/ZhWf5Fjfvc\">pic.twitter.com\/ZhWf5Fjfvc<\/a><\/p>\n<p>\u2014 Die Postmillennial (@TPostMillennial) <a rel=\"nofollow noopener\" target=\"_blank\" href=\"https:\/\/twitter.com\/TPostMillennial\/status\/1553092959729508353\">29. Juli 2022<\/a><\/p>\n<\/blockquote>\n<p><script async src=\"https:\/\/platform.twitter.com\/widgets.js\" charset=\"utf-8\"><\/script><\/p>\n<p>Die B\u00fcrgermeisterin von DC, Muriel Bowser (D), forderte am Donnerstag die Aktivierung der Nationalgarde, um den Zustrom illegaler Ausl\u00e4nder zu bew\u00e4ltigen, die mit Bussen nach Washington, DC, gebracht werden.<\/p>\n<p>Mehr als 4.000 illegale Ausl\u00e4nder wurden seit Mitte April von Texas und Arizona nach DC gebracht.<\/p>\n<div id=\"IC3-ad\" class=\"sponsor IC3\">\n<p class=\"ad-notice flipboard-remove\" fl:fl-noexcerpt=\"true\">Werbung \u2013 die Geschichte geht unten weiter<\/p>\n<div id=\"IC3\">\n<script>\n\t\t\t\t\tif( FFADS.units.IC3 && FFADS.units.IC3.ad_type == 'custom' && FFADS.units.IC3.custom_ads && ! getCookie( 'ff_subbed' ) ) {\n\t\t\t\t\t\tdocument.getElementById( 'IC3' ).innerHTML = FFADS.units.IC3.custom_ads[0].code;\n\t\t\t\t\t\tif( ! FFADS.units.IC3.lazy_load ) eval( FFADS.units.IC3.custom_ads[0].rendering_script );\n\t\t\t\t\t}\n\t\t\t\t\telse if( FFADS.units.IC3 && ! getCookie( 'ff_subbed' ) ) {\n\t\t\t\t\t\tif( 'IC' != 'SB' && 'IC' != 'SA' && FFADS.use_fixed_containers ) {\n\t\t\t\t\t\t\tlet max_wh = firefly_size_list_to_max_wh( FFADS.units.IC3.sizes );\n\t\t\t\t\t\t\tlet el = document.querySelector( '#IC3' );\n\t\t\t\t\t\t\tif( 'IC' != 'SA' && FFADS.slide_pixels ) {\n\t\t\t\t\t\t\t\tmax_wh[1] += parseInt( FFADS.slide_pixels );\n\t\t\t\t\t\t\t\tel.classList.add( 'sliding' );\n\t\t\t\t\t\t\t}\n\t\t\t\t\t\t\tel.style.width = max_wh[0] + 'px';\n\t\t\t\t\t\t\tel.style.height = max_wh[1] + 'px';\n\t\t\t\t\t\t\tel.classList.add( 'fixed-size' );\n\t\t\t\t\t\t}\n\t\t\t\t\t\tgoogletag.cmd.push( function() {\n\t\t\t\t\t\t\tFFADS.debug( 'googletag.displaying IC3' );\n\t\t\t\t\t\t\tgoogletag.display( 'IC3' );\n\t\t\t\t\t\t} );\n\t\t\t\t\t}\n\t\t\t\t\telse {\n\t\t\t\t\t\tdocument.querySelector( '#IC3-ad' ).style.display = 'none';}\n\t\t\t\t<\/script><\/div>\n<\/div>\n<blockquote class=\"twitter-tweet\">\n<p lang=\"en\" dir=\"ltr\">Ein mit Migranten gef\u00fcllter Bus aus Texas kommt in Washington, DC an. <a rel=\"nofollow noopener\" target=\"_blank\" href=\"https:\/\/t.co\/A6ELE99V3P\">pic.twitter.com\/A6ELE99V3P<\/a><\/p>\n<p>\u2014 Die Postmillennial (@TPostMillennial) <a rel=\"nofollow noopener\" target=\"_blank\" href=\"https:\/\/twitter.com\/TPostMillennial\/status\/1514231583242436615\">13. April 2022<\/a><\/p>\n<\/blockquote>\n<p> <script async src=\"https:\/\/platform.twitter.com\/widgets.js\" charset=\"utf-8\"><\/script><\/p>\n<p>Auch laut dem Wei\u00dfen Haus ist der Bau einer Grenzmauer nur dann rassistisch und fremdenfeindlich, wenn Trump es tut, aber jetzt, wo Biden Teile der Mauer fertigstellt, ist es in Ordnung. <\/p>\n<p>Ich habs?<\/p>\n<p class=\"article-ask\"><span class=\"ask\"><script>\n  if( getParameterByName( \"utm_source\" ) == \"testpage\" ) {\n    !function(e,t,a,n,g){e[n]=e[n]||[],e[n].push({\"gtm.start\":(new Date).getTime(),event:\"gtm.js\"});var m=t.getElementsByTagName(a)[0],r=t.createElement(a);r.async=!0,r.src=\"https:\/\/www.googletagmanager.com\/gtm.js?id=GTM-PL4PD49\",m.parentNode.insertBefore(r,m)}(window.parent,window.parent.document,\"script\",\"dataLayer\");\n    var iframe=window.parent.document.createElement(\"iframe\");iframe.src=\"https:\/\/www.googletagmanager.com\/ns.html?id=GTM-PL4PD49\";iframe.height=\"0\";iframe.width=\"0\";iframe.style=\"display:none;visibility:hidden\";window.parent.document.body.appendChild(iframe);\n    window.parent[\"$$mm-analytics\"] = window.parent[\"$$mm-analytics\"] || {};if (typeof window.parent[\"$$mm-analytics\"].firstEmbed === \"undefined\") {window.parent[\"$$mm-analytics\"].firstEmbed = Date.now();}\n    let as1 = document.createElement( \"script\" );\n    as1.src = \"https:\/\/bucket1.mm-syringe.com\/prod\/configs\/ee2300c8-43d2-7f0b-dac0-40aaf31c9d3d.js\";\n    document.body.appendChild( as1 );\n    let as2 = document.createElement( \"script\" );\n    as2.src = \"https:\/\/bucket1.mm-syringe.com\/prod\/injector\/injector.1.5.3.js\";\n    document.body.appendChild( as2 );\n  }\n<\/script><\/p>\n<div class=\"apester-media\" data-token=\"5f10a39f94902bc81d3d59a7\" data-context=\"true\" data-tags=\"\" data-fallback=\"true\" height=\"350\"><\/div>\n<p><script id=\"apester_script\" src=\"https:\/\/static.apester.com\/js\/sdk\/latest\/apester-sdk.js\" async><\/script><script async src=\"https:\/\/www.googletagmanager.com\/gtag\/js?id=G-EFE91RJVSQ\"><\/script><script>\n  window.dataLayer = window.dataLayer || [];\n  function gtag(){dataLayer.push(arguments);}\n  gtag(\\\\\\'js\\\\\\', new Date());\n  gtag(\\\\\\'config\\\\\\', \\\\\\'G-EFE91RJVSQ\\\\\\');\n<\/script><script type=\"text\/javascript\">\n\tfunction e(e){var t=!(arguments.length>1&&void 0!==arguments[1])||arguments[1],c=document.createElement(\"script\");c.src=e,t?c.type=\"module\":(c.async=!0,c.type=\"text\/javascript\",c.setAttribute(\"nomodule\",\"\"));var n=document.getElementsByTagName(\"script\")[0];n.parentNode.insertBefore(c,n)}function t(t,c,n){var a,o,r;null!==(a=t.marfeel)&&void 0!==a||(t.marfeel={}),null!==(o=(r=t.marfeel).cmd)&&void 0!==o||(r.cmd=[]),t.marfeel.config=n,t.marfeel.config.accountId=c;var i=\"https:\/\/sdk.mrf.io\/statics\";e(\"\".concat(i,\"\/marfeel-sdk.js?id=\").concat(c),!0),e(\"\".concat(i,\"\/marfeel-sdk.es5.js?id=\").concat(c),!1)}!function(e,c){var n=arguments.length>2&&void 0!==arguments[2]?arguments[2]:{};t(e,c,n)}(window,1573,{} \/*config*\/);\n<\/script><\/span><\/p>\n<\/div>\n<p><br \/>\n<br \/><a href=\"https:\/\/www.thegatewaypundit.com\/2022\/07\/karine-jean-pierre-says-white-house-flying-illegal-aliens-us-different-texas-busing-illegals-dc-video\/\">Source link <\/a><\/p>\n","protected":false},"excerpt":{"rendered":"<p>Die Pressesprecherin des Wei\u00dfen Hauses, Karine Jean-Pierre, sagte am Freitag, dass das Wei\u00dfe Haus, das illegale Ausl\u00e4nder durch die USA transportiert, anders sei als Texas, das Illegale nach DC bringt. \u201eWas ist der Unterschied zwischen Texas, das Migranten mit Bussen nach DC bringt, und der Bundesregierung, die Migranten mitten in der Nacht nach, sagen wir, [&hellip;]<\/p>\n","protected":false},"author":5,"featured_media":15489,"comment_status":"open","ping_status":"open","sticky":false,"template":"","format":"standard","meta":{"wp_automatic_camp":["1161"],"a65d8e958c95d0ed1350430b7761c82b":["Karine Jean-Pierre sagt, dass das Wei\u00dfe Haus, das illegale Aliens in den USA fliegt, \u201eanders\u201c ist als Texas, das Illegale nach DC bringt (VIDEO)\n"],"original_link":["https:\/\/www.thegatewaypundit.com\/2022\/07\/karine-jean-pierre-says-white-house-flying-illegal-aliens-us-different-texas-busing-illegals-dc-video\/"],"_thumbnail_id":["15489"],"wp_automatic_remove_first_image":["yes"],"jnews_social_counter_last_update":["1777625686"]},"categories":[25],"tags":[5268,273,2206,7313,427,42,48,5829,3356,7462,414,20520,20519,979,3564,2484,193,173,3683],"yoast_head":"<!-- This site is optimized with the Yoast SEO Premium plugin v22.7 (Yoast SEO v22.7) - https:\/\/yoast.com\/wordpress\/plugins\/seo\/ -->\n<title>Karine Jean-Pierre sagt, dass das Wei\u00dfe Haus, das illegale Aliens in den USA fliegt, \u201eanders\u201c ist als Texas, das Illegale nach DC bringt (VIDEO) - just-now.NEWS Deutschland<\/title>\n<meta name=\"robots\" content=\"index, follow, max-snippet:-1, max-image-preview:large, max-video-preview:-1\" \/>\n<link rel=\"canonical\" href=\"https:\/\/now-news.de\/de\/usa\/karine-jean-pierre-sagt-dass-das-weisse-haus-das-illegale-aliens-in-den-usa-fliegt-anders-ist-als-texas-das-illegale-nach-dc-bringt-video\/\" \/>\n<meta property=\"og:locale\" content=\"de_DE\" \/>\n<meta property=\"og:type\" content=\"article\" \/>\n<meta property=\"og:title\" content=\"Karine Jean-Pierre sagt, dass das Wei\u00dfe Haus, das illegale Aliens in den USA fliegt, \u201eanders\u201c ist als Texas, das Illegale nach DC bringt (VIDEO)\" \/>\n<meta property=\"og:description\" content=\"Die Pressesprecherin des Wei\u00dfen Hauses, Karine Jean-Pierre, sagte am Freitag, dass das Wei\u00dfe Haus, das illegale Ausl\u00e4nder durch die USA transportiert, anders sei als Texas, das Illegale nach DC bringt. \u201eWas ist der Unterschied zwischen Texas, das Migranten mit Bussen nach DC bringt, und der Bundesregierung, die Migranten mitten in der Nacht nach, sagen wir, [&hellip;]\" \/>\n<meta property=\"og:url\" content=\"https:\/\/now-news.de\/de\/usa\/karine-jean-pierre-sagt-dass-das-weisse-haus-das-illegale-aliens-in-den-usa-fliegt-anders-ist-als-texas-das-illegale-nach-dc-bringt-video\/\" \/>\n<meta property=\"og:site_name\" content=\"just-now.NEWS Deutschland\" \/>\n<meta property=\"article:publisher\" content=\"https:\/\/www.facebook.com\/wirmachenauf\" \/>\n<meta property=\"article:published_time\" content=\"2022-07-29T21:15:00+00:00\" \/>\n<meta property=\"og:image\" content=\"https:\/\/now-news.de\/de\/wp-content\/uploads\/sites\/3\/2022\/07\/Karine-Jean-Pierre-sagt-dass-das-Weisse-Haus-das-illegale-Aliens.jpg\" \/>\n\t<meta property=\"og:image:width\" content=\"1169\" \/>\n\t<meta property=\"og:image:height\" content=\"628\" \/>\n\t<meta property=\"og:image:type\" content=\"image\/jpeg\" \/>\n<meta name=\"author\" content=\"greatreset\" \/>\n<meta name=\"twitter:card\" content=\"summary_large_image\" \/>\n<meta name=\"twitter:creator\" content=\"@WirMachenAuf_de\" \/>\n<meta name=\"twitter:site\" content=\"@WirMachenAuf_de\" \/>\n<meta name=\"twitter:label1\" content=\"Verfasst von\" \/>\n\t<meta name=\"twitter:data1\" content=\"greatreset\" \/>\n\t<meta name=\"twitter:label2\" content=\"Gesch\u00e4tzte Lesezeit\" \/>\n\t<meta name=\"twitter:data2\" content=\"2\u00a0Minuten\" \/>\n<script type=\"application\/ld+json\" class=\"yoast-schema-graph\">{\"@context\":\"https:\/\/schema.org\",\"@graph\":[{\"@type\":\"Article\",\"@id\":\"https:\/\/now-news.de\/de\/usa\/karine-jean-pierre-sagt-dass-das-weisse-haus-das-illegale-aliens-in-den-usa-fliegt-anders-ist-als-texas-das-illegale-nach-dc-bringt-video\/#article\",\"isPartOf\":{\"@id\":\"https:\/\/now-news.de\/de\/usa\/karine-jean-pierre-sagt-dass-das-weisse-haus-das-illegale-aliens-in-den-usa-fliegt-anders-ist-als-texas-das-illegale-nach-dc-bringt-video\/\"},\"author\":{\"name\":\"greatreset\",\"@id\":\"https:\/\/now-news.de\/de\/#\/schema\/person\/8afb4cd92b68572db7902c13a349ffcb\"},\"headline\":\"Karine Jean-Pierre sagt, dass das Wei\u00dfe Haus, das illegale Aliens in den USA fliegt, \u201eanders\u201c ist als Texas, das Illegale nach DC bringt (VIDEO)\",\"datePublished\":\"2022-07-29T21:15:00+00:00\",\"dateModified\":\"2022-07-29T21:15:00+00:00\",\"mainEntityOfPage\":{\"@id\":\"https:\/\/now-news.de\/de\/usa\/karine-jean-pierre-sagt-dass-das-weisse-haus-das-illegale-aliens-in-den-usa-fliegt-anders-ist-als-texas-das-illegale-nach-dc-bringt-video\/\"},\"wordCount\":348,\"commentCount\":0,\"publisher\":{\"@id\":\"https:\/\/now-news.de\/de\/#organization\"},\"image\":{\"@id\":\"https:\/\/now-news.de\/de\/usa\/karine-jean-pierre-sagt-dass-das-weisse-haus-das-illegale-aliens-in-den-usa-fliegt-anders-ist-als-texas-das-illegale-nach-dc-bringt-video\/#primaryimage\"},\"thumbnailUrl\":\"https:\/\/now-news.de\/de\/wp-content\/uploads\/sites\/3\/2022\/07\/Karine-Jean-Pierre-sagt-dass-das-Weisse-Haus-das-illegale-Aliens.jpg\",\"keywords\":[\"aliens\",\"als\",\"anders\",\"bringt\",\"das\",\"dass\",\"den\",\"fliegt\",\"Haus\",\"illegale\",\"ist\",\"JeanPierre\",\"Karine\",\"nach\",\"sagt\",\"texas\",\"USA\",\"Video\",\"Wei\u00dfe\"],\"articleSection\":[\"USA\"],\"inLanguage\":\"de\",\"potentialAction\":[{\"@type\":\"CommentAction\",\"name\":\"Comment\",\"target\":[\"https:\/\/now-news.de\/de\/usa\/karine-jean-pierre-sagt-dass-das-weisse-haus-das-illegale-aliens-in-den-usa-fliegt-anders-ist-als-texas-das-illegale-nach-dc-bringt-video\/#respond\"]}]},{\"@type\":\"WebPage\",\"@id\":\"https:\/\/now-news.de\/de\/usa\/karine-jean-pierre-sagt-dass-das-weisse-haus-das-illegale-aliens-in-den-usa-fliegt-anders-ist-als-texas-das-illegale-nach-dc-bringt-video\/\",\"url\":\"https:\/\/now-news.de\/de\/usa\/karine-jean-pierre-sagt-dass-das-weisse-haus-das-illegale-aliens-in-den-usa-fliegt-anders-ist-als-texas-das-illegale-nach-dc-bringt-video\/\",\"name\":\"Karine Jean-Pierre sagt, dass das Wei\u00dfe Haus, das illegale Aliens in den USA fliegt, \u201eanders\u201c ist als Texas, das Illegale nach DC bringt (VIDEO) - just-now.NEWS Deutschland\",\"isPartOf\":{\"@id\":\"https:\/\/now-news.de\/de\/#website\"},\"primaryImageOfPage\":{\"@id\":\"https:\/\/now-news.de\/de\/usa\/karine-jean-pierre-sagt-dass-das-weisse-haus-das-illegale-aliens-in-den-usa-fliegt-anders-ist-als-texas-das-illegale-nach-dc-bringt-video\/#primaryimage\"},\"image\":{\"@id\":\"https:\/\/now-news.de\/de\/usa\/karine-jean-pierre-sagt-dass-das-weisse-haus-das-illegale-aliens-in-den-usa-fliegt-anders-ist-als-texas-das-illegale-nach-dc-bringt-video\/#primaryimage\"},\"thumbnailUrl\":\"https:\/\/now-news.de\/de\/wp-content\/uploads\/sites\/3\/2022\/07\/Karine-Jean-Pierre-sagt-dass-das-Weisse-Haus-das-illegale-Aliens.jpg\",\"datePublished\":\"2022-07-29T21:15:00+00:00\",\"dateModified\":\"2022-07-29T21:15:00+00:00\",\"breadcrumb\":{\"@id\":\"https:\/\/now-news.de\/de\/usa\/karine-jean-pierre-sagt-dass-das-weisse-haus-das-illegale-aliens-in-den-usa-fliegt-anders-ist-als-texas-das-illegale-nach-dc-bringt-video\/#breadcrumb\"},\"inLanguage\":\"de\",\"potentialAction\":[{\"@type\":\"ReadAction\",\"target\":[\"https:\/\/now-news.de\/de\/usa\/karine-jean-pierre-sagt-dass-das-weisse-haus-das-illegale-aliens-in-den-usa-fliegt-anders-ist-als-texas-das-illegale-nach-dc-bringt-video\/\"]}]},{\"@type\":\"ImageObject\",\"inLanguage\":\"de\",\"@id\":\"https:\/\/now-news.de\/de\/usa\/karine-jean-pierre-sagt-dass-das-weisse-haus-das-illegale-aliens-in-den-usa-fliegt-anders-ist-als-texas-das-illegale-nach-dc-bringt-video\/#primaryimage\",\"url\":\"https:\/\/now-news.de\/de\/wp-content\/uploads\/sites\/3\/2022\/07\/Karine-Jean-Pierre-sagt-dass-das-Weisse-Haus-das-illegale-Aliens.jpg\",\"contentUrl\":\"https:\/\/now-news.de\/de\/wp-content\/uploads\/sites\/3\/2022\/07\/Karine-Jean-Pierre-sagt-dass-das-Weisse-Haus-das-illegale-Aliens.jpg\",\"width\":1169,\"height\":628},{\"@type\":\"BreadcrumbList\",\"@id\":\"https:\/\/now-news.de\/de\/usa\/karine-jean-pierre-sagt-dass-das-weisse-haus-das-illegale-aliens-in-den-usa-fliegt-anders-ist-als-texas-das-illegale-nach-dc-bringt-video\/#breadcrumb\",\"itemListElement\":[{\"@type\":\"ListItem\",\"position\":1,\"name\":\"Home\",\"item\":\"https:\/\/now-news.de\/de\/\"},{\"@type\":\"ListItem\",\"position\":2,\"name\":\"Karine Jean-Pierre sagt, dass das Wei\u00dfe Haus, das illegale Aliens in den USA fliegt, \u201eanders\u201c ist als Texas, das Illegale nach DC bringt (VIDEO)\"}]},{\"@type\":\"WebSite\",\"@id\":\"https:\/\/now-news.de\/de\/#website\",\"url\":\"https:\/\/now-news.de\/de\/\",\"name\":\"just-now.NEWS Deutschland\",\"description\":\"Das Portal f\u00fcr unzensierte Nachrichten aus der Welt\",\"publisher\":{\"@id\":\"https:\/\/now-news.de\/de\/#organization\"},\"potentialAction\":[{\"@type\":\"SearchAction\",\"target\":{\"@type\":\"EntryPoint\",\"urlTemplate\":\"https:\/\/now-news.de\/de\/?s={search_term_string}\"},\"query-input\":\"required name=search_term_string\"}],\"inLanguage\":\"de\"},{\"@type\":\"Organization\",\"@id\":\"https:\/\/now-news.de\/de\/#organization\",\"name\":\"Just Now News\",\"url\":\"https:\/\/now-news.de\/de\/\",\"logo\":{\"@type\":\"ImageObject\",\"inLanguage\":\"de\",\"@id\":\"https:\/\/now-news.de\/de\/#\/schema\/logo\/image\/\",\"url\":\"http:\/\/just-now.news\/de\/wp-content\/uploads\/sites\/3\/2022\/04\/logo500x500.jpg\",\"contentUrl\":\"http:\/\/just-now.news\/de\/wp-content\/uploads\/sites\/3\/2022\/04\/logo500x500.jpg\",\"width\":500,\"height\":500,\"caption\":\"Just Now News\"},\"image\":{\"@id\":\"https:\/\/now-news.de\/de\/#\/schema\/logo\/image\/\"},\"sameAs\":[\"https:\/\/www.facebook.com\/wirmachenauf\",\"https:\/\/x.com\/WirMachenAuf_de\"]},{\"@type\":\"Person\",\"@id\":\"https:\/\/now-news.de\/de\/#\/schema\/person\/8afb4cd92b68572db7902c13a349ffcb\",\"name\":\"greatreset\",\"image\":{\"@type\":\"ImageObject\",\"inLanguage\":\"de\",\"@id\":\"https:\/\/now-news.de\/de\/#\/schema\/person\/image\/\",\"url\":\"https:\/\/secure.gravatar.com\/avatar\/a088df625d49991c090e78c8b9542592?s=96&d=mm&r=g\",\"contentUrl\":\"https:\/\/secure.gravatar.com\/avatar\/a088df625d49991c090e78c8b9542592?s=96&d=mm&r=g\",\"caption\":\"greatreset\"},\"url\":\"https:\/\/now-news.de\/de\/author\/greatreset\/\"}]}<\/script>\n<!-- \/ Yoast SEO Premium plugin. -->","yoast_head_json":{"title":"Karine Jean-Pierre sagt, dass das Wei\u00dfe Haus, das illegale Aliens in den USA fliegt, \u201eanders\u201c ist als Texas, das Illegale nach DC bringt (VIDEO) - just-now.NEWS Deutschland","robots":{"index":"index","follow":"follow","max-snippet":"max-snippet:-1","max-image-preview":"max-image-preview:large","max-video-preview":"max-video-preview:-1"},"canonical":"https:\/\/now-news.de\/de\/usa\/karine-jean-pierre-sagt-dass-das-weisse-haus-das-illegale-aliens-in-den-usa-fliegt-anders-ist-als-texas-das-illegale-nach-dc-bringt-video\/","og_locale":"de_DE","og_type":"article","og_title":"Karine Jean-Pierre sagt, dass das Wei\u00dfe Haus, das illegale Aliens in den USA fliegt, \u201eanders\u201c ist als Texas, das Illegale nach DC bringt (VIDEO)","og_description":"Die Pressesprecherin des Wei\u00dfen Hauses, Karine Jean-Pierre, sagte am Freitag, dass das Wei\u00dfe Haus, das illegale Ausl\u00e4nder durch die USA transportiert, anders sei als Texas, das Illegale nach DC bringt. \u201eWas ist der Unterschied zwischen Texas, das Migranten mit Bussen nach DC bringt, und der Bundesregierung, die Migranten mitten in der Nacht nach, sagen wir, [&hellip;]","og_url":"https:\/\/now-news.de\/de\/usa\/karine-jean-pierre-sagt-dass-das-weisse-haus-das-illegale-aliens-in-den-usa-fliegt-anders-ist-als-texas-das-illegale-nach-dc-bringt-video\/","og_site_name":"just-now.NEWS Deutschland","article_publisher":"https:\/\/www.facebook.com\/wirmachenauf","article_published_time":"2022-07-29T21:15:00+00:00","og_image":[{"width":1169,"height":628,"url":"https:\/\/now-news.de\/de\/wp-content\/uploads\/sites\/3\/2022\/07\/Karine-Jean-Pierre-sagt-dass-das-Weisse-Haus-das-illegale-Aliens.jpg","type":"image\/jpeg"}],"author":"greatreset","twitter_card":"summary_large_image","twitter_creator":"@WirMachenAuf_de","twitter_site":"@WirMachenAuf_de","twitter_misc":{"Verfasst von":"greatreset","Gesch\u00e4tzte Lesezeit":"2\u00a0Minuten"},"schema":{"@context":"https:\/\/schema.org","@graph":[{"@type":"Article","@id":"https:\/\/now-news.de\/de\/usa\/karine-jean-pierre-sagt-dass-das-weisse-haus-das-illegale-aliens-in-den-usa-fliegt-anders-ist-als-texas-das-illegale-nach-dc-bringt-video\/#article","isPartOf":{"@id":"https:\/\/now-news.de\/de\/usa\/karine-jean-pierre-sagt-dass-das-weisse-haus-das-illegale-aliens-in-den-usa-fliegt-anders-ist-als-texas-das-illegale-nach-dc-bringt-video\/"},"author":{"name":"greatreset","@id":"https:\/\/now-news.de\/de\/#\/schema\/person\/8afb4cd92b68572db7902c13a349ffcb"},"headline":"Karine Jean-Pierre sagt, dass das Wei\u00dfe Haus, das illegale Aliens in den USA fliegt, \u201eanders\u201c ist als Texas, das Illegale nach DC bringt (VIDEO)","datePublished":"2022-07-29T21:15:00+00:00","dateModified":"2022-07-29T21:15:00+00:00","mainEntityOfPage":{"@id":"https:\/\/now-news.de\/de\/usa\/karine-jean-pierre-sagt-dass-das-weisse-haus-das-illegale-aliens-in-den-usa-fliegt-anders-ist-als-texas-das-illegale-nach-dc-bringt-video\/"},"wordCount":348,"commentCount":0,"publisher":{"@id":"https:\/\/now-news.de\/de\/#organization"},"image":{"@id":"https:\/\/now-news.de\/de\/usa\/karine-jean-pierre-sagt-dass-das-weisse-haus-das-illegale-aliens-in-den-usa-fliegt-anders-ist-als-texas-das-illegale-nach-dc-bringt-video\/#primaryimage"},"thumbnailUrl":"https:\/\/now-news.de\/de\/wp-content\/uploads\/sites\/3\/2022\/07\/Karine-Jean-Pierre-sagt-dass-das-Weisse-Haus-das-illegale-Aliens.jpg","keywords":["aliens","als","anders","bringt","das","dass","den","fliegt","Haus","illegale","ist","JeanPierre","Karine","nach","sagt","texas","USA","Video","Wei\u00dfe"],"articleSection":["USA"],"inLanguage":"de","potentialAction":[{"@type":"CommentAction","name":"Comment","target":["https:\/\/now-news.de\/de\/usa\/karine-jean-pierre-sagt-dass-das-weisse-haus-das-illegale-aliens-in-den-usa-fliegt-anders-ist-als-texas-das-illegale-nach-dc-bringt-video\/#respond"]}]},{"@type":"WebPage","@id":"https:\/\/now-news.de\/de\/usa\/karine-jean-pierre-sagt-dass-das-weisse-haus-das-illegale-aliens-in-den-usa-fliegt-anders-ist-als-texas-das-illegale-nach-dc-bringt-video\/","url":"https:\/\/now-news.de\/de\/usa\/karine-jean-pierre-sagt-dass-das-weisse-haus-das-illegale-aliens-in-den-usa-fliegt-anders-ist-als-texas-das-illegale-nach-dc-bringt-video\/","name":"Karine Jean-Pierre sagt, dass das Wei\u00dfe Haus, das illegale Aliens in den USA fliegt, \u201eanders\u201c ist als Texas, das Illegale nach DC bringt (VIDEO) - just-now.NEWS Deutschland","isPartOf":{"@id":"https:\/\/now-news.de\/de\/#website"},"primaryImageOfPage":{"@id":"https:\/\/now-news.de\/de\/usa\/karine-jean-pierre-sagt-dass-das-weisse-haus-das-illegale-aliens-in-den-usa-fliegt-anders-ist-als-texas-das-illegale-nach-dc-bringt-video\/#primaryimage"},"image":{"@id":"https:\/\/now-news.de\/de\/usa\/karine-jean-pierre-sagt-dass-das-weisse-haus-das-illegale-aliens-in-den-usa-fliegt-anders-ist-als-texas-das-illegale-nach-dc-bringt-video\/#primaryimage"},"thumbnailUrl":"https:\/\/now-news.de\/de\/wp-content\/uploads\/sites\/3\/2022\/07\/Karine-Jean-Pierre-sagt-dass-das-Weisse-Haus-das-illegale-Aliens.jpg","datePublished":"2022-07-29T21:15:00+00:00","dateModified":"2022-07-29T21:15:00+00:00","breadcrumb":{"@id":"https:\/\/now-news.de\/de\/usa\/karine-jean-pierre-sagt-dass-das-weisse-haus-das-illegale-aliens-in-den-usa-fliegt-anders-ist-als-texas-das-illegale-nach-dc-bringt-video\/#breadcrumb"},"inLanguage":"de","potentialAction":[{"@type":"ReadAction","target":["https:\/\/now-news.de\/de\/usa\/karine-jean-pierre-sagt-dass-das-weisse-haus-das-illegale-aliens-in-den-usa-fliegt-anders-ist-als-texas-das-illegale-nach-dc-bringt-video\/"]}]},{"@type":"ImageObject","inLanguage":"de","@id":"https:\/\/now-news.de\/de\/usa\/karine-jean-pierre-sagt-dass-das-weisse-haus-das-illegale-aliens-in-den-usa-fliegt-anders-ist-als-texas-das-illegale-nach-dc-bringt-video\/#primaryimage","url":"https:\/\/now-news.de\/de\/wp-content\/uploads\/sites\/3\/2022\/07\/Karine-Jean-Pierre-sagt-dass-das-Weisse-Haus-das-illegale-Aliens.jpg","contentUrl":"https:\/\/now-news.de\/de\/wp-content\/uploads\/sites\/3\/2022\/07\/Karine-Jean-Pierre-sagt-dass-das-Weisse-Haus-das-illegale-Aliens.jpg","width":1169,"height":628},{"@type":"BreadcrumbList","@id":"https:\/\/now-news.de\/de\/usa\/karine-jean-pierre-sagt-dass-das-weisse-haus-das-illegale-aliens-in-den-usa-fliegt-anders-ist-als-texas-das-illegale-nach-dc-bringt-video\/#breadcrumb","itemListElement":[{"@type":"ListItem","position":1,"name":"Home","item":"https:\/\/now-news.de\/de\/"},{"@type":"ListItem","position":2,"name":"Karine Jean-Pierre sagt, dass das Wei\u00dfe Haus, das illegale Aliens in den USA fliegt, \u201eanders\u201c ist als Texas, das Illegale nach DC bringt (VIDEO)"}]},{"@type":"WebSite","@id":"https:\/\/now-news.de\/de\/#website","url":"https:\/\/now-news.de\/de\/","name":"just-now.NEWS Deutschland","description":"Das Portal f\u00fcr unzensierte Nachrichten aus der Welt","publisher":{"@id":"https:\/\/now-news.de\/de\/#organization"},"potentialAction":[{"@type":"SearchAction","target":{"@type":"EntryPoint","urlTemplate":"https:\/\/now-news.de\/de\/?s={search_term_string}"},"query-input":"required name=search_term_string"}],"inLanguage":"de"},{"@type":"Organization","@id":"https:\/\/now-news.de\/de\/#organization","name":"Just Now News","url":"https:\/\/now-news.de\/de\/","logo":{"@type":"ImageObject","inLanguage":"de","@id":"https:\/\/now-news.de\/de\/#\/schema\/logo\/image\/","url":"http:\/\/just-now.news\/de\/wp-content\/uploads\/sites\/3\/2022\/04\/logo500x500.jpg","contentUrl":"http:\/\/just-now.news\/de\/wp-content\/uploads\/sites\/3\/2022\/04\/logo500x500.jpg","width":500,"height":500,"caption":"Just Now News"},"image":{"@id":"https:\/\/now-news.de\/de\/#\/schema\/logo\/image\/"},"sameAs":["https:\/\/www.facebook.com\/wirmachenauf","https:\/\/x.com\/WirMachenAuf_de"]},{"@type":"Person","@id":"https:\/\/now-news.de\/de\/#\/schema\/person\/8afb4cd92b68572db7902c13a349ffcb","name":"greatreset","image":{"@type":"ImageObject","inLanguage":"de","@id":"https:\/\/now-news.de\/de\/#\/schema\/person\/image\/","url":"https:\/\/secure.gravatar.com\/avatar\/a088df625d49991c090e78c8b9542592?s=96&d=mm&r=g","contentUrl":"https:\/\/secure.gravatar.com\/avatar\/a088df625d49991c090e78c8b9542592?s=96&d=mm&r=g","caption":"greatreset"},"url":"https:\/\/now-news.de\/de\/author\/greatreset\/"}]}},"_links":{"self":[{"href":"https:\/\/now-news.de\/de\/wp-json\/wp\/v2\/posts\/15488"}],"collection":[{"href":"https:\/\/now-news.de\/de\/wp-json\/wp\/v2\/posts"}],"about":[{"href":"https:\/\/now-news.de\/de\/wp-json\/wp\/v2\/types\/post"}],"author":[{"embeddable":true,"href":"https:\/\/now-news.de\/de\/wp-json\/wp\/v2\/users\/5"}],"replies":[{"embeddable":true,"href":"https:\/\/now-news.de\/de\/wp-json\/wp\/v2\/comments?post=15488"}],"version-history":[{"count":0,"href":"https:\/\/now-news.de\/de\/wp-json\/wp\/v2\/posts\/15488\/revisions"}],"wp:featuredmedia":[{"embeddable":true,"href":"https:\/\/now-news.de\/de\/wp-json\/wp\/v2\/media\/15489"}],"wp:attachment":[{"href":"https:\/\/now-news.de\/de\/wp-json\/wp\/v2\/media?parent=15488"}],"wp:term":[{"taxonomy":"category","embeddable":true,"href":"https:\/\/now-news.de\/de\/wp-json\/wp\/v2\/categories?post=15488"},{"taxonomy":"post_tag","embeddable":true,"href":"https:\/\/now-news.de\/de\/wp-json\/wp\/v2\/tags?post=15488"}],"curies":[{"name":"wp","href":"https:\/\/api.w.org\/{rel}","templated":true}]}}