{"id":15480,"date":"2022-07-29T21:43:19","date_gmt":"2022-07-29T19:43:19","guid":{"rendered":"http:\/\/just-now.news\/de\/deutschland\/krankenkassenbeitraege-steigen-auf-rekordniveau-kritik-an-lauterbach\/"},"modified":"2022-07-29T21:43:19","modified_gmt":"2022-07-29T19:43:19","slug":"krankenkassenbeitraege-steigen-auf-rekordniveau-kritik-an-lauterbach","status":"publish","type":"post","link":"https:\/\/now-news.de\/de\/deutschland\/krankenkassenbeitraege-steigen-auf-rekordniveau-kritik-an-lauterbach\/","title":{"rendered":"Krankenkassenbeitr\u00e4ge steigen auf Rekordniveau \u2013 Kritik an Lauterbach"},"content":{"rendered":"<p><img decoding=\"async\" src=\"http:\/\/just-now.news\/de\/wp-content\/uploads\/sites\/3\/2022\/07\/62e422c248fbef10360fc6d3.jpg\" \/><\/p>\n<div class=\"Text-root Text-type_1 \">\n                Den Krankenkassen droht im kommenden Jahr ein Defizit in H\u00f6he von 17 Milliarden Euro. Bundesgesundheitsminister Lauterbach will die L\u00fccke unter anderem mit einer Erh\u00f6hung der Beitr\u00e4ge schlie\u00dfen, doch die Pl\u00e4ne sto\u00dfen bei Versicherungsvertretern auf Kritik.\n            <\/div>\n<p><\/p>\n<div class=\"Text-root Text-type_5 ArticleView-text ViewText-root \">\n<p>Die Krankenkassenbeitr\u00e4ge werden teurer: Am Mittwoch hat das Bundeskabinett ein Gesetzespaket auf den Weg gebracht, mit dem das Milliardendefizit von rund 17 Milliarden Euro der gesetzlichen Krankenkassen im kommenden Jahr ausgeglichen werden soll. Der Entwurf sieht unter anderem eine Erh\u00f6hung des durchschnittlichen Zusatzbeitrags f\u00fcr die rund 57 Millionen Mitglieder der gesetzlichen Krankenkassen um 0,3 Prozentpunkte auf 1,6 Prozent vor. Leistungsk\u00fcrzungen solle es jedoch nicht geben.<\/p>\n<p>Der Gesamtbeitrag enth\u00e4lt daneben auch den allgemeinen Satz von 14,6 Prozent des Bruttolohns, wobei die Krankenkassen den Zusatzbeitrag jeweils selbst festlegen. Laut Bundesgesundheitsminister Karl Lauterbach (SPD) handle es sich dabei um eine &#8220;sehr ma\u00dfvolle&#8221; Gr\u00f6\u00dfenordnung. Die Beitragserh\u00f6hung soll rund f\u00fcnf Milliarden an Einnahmen bringen. Geplant ist auch ein Bundeszuschuss von\u00a0zwei Milliarden Euro sowie ein Darlehen von einer Milliarde Euro.<\/p>\n<p>Weiterhin sollen andere Ma\u00dfnahmen wie der Abbau von Finanzreserven, Beitr\u00e4ge der Pharmaindustrie und Sparma\u00dfnahmen im Gesundheitswesen zur Schlie\u00dfung der L\u00fccke beitragen. Gr\u00fcnde f\u00fcr das historisch hohe Defizit sind Lauterbach zufolge die Alterung der Gesellschaft,\u00a0neue teure Technologie sowie weniger Beitragszahler. Hinzu kommen Kosten durch die Corona-Krise.<\/p>\n<p>Kritik an den Pl\u00e4nen des Gesundheitsministers kam unterdessen von Vertretern der gesetzlichen Krankenversicherungen. Jens Baas, der Chef der Techniker Krankenkasse (TK), sagte der D\u00fcsseldorfer <em>Rheinischen Post<\/em> am Freitag:<\/p>\n<blockquote>\n<p><em>&#8220;Die Pl\u00e4ne belasten vor allem die Beitragszahlenden. Sie sollen mit h\u00f6heren Beitr\u00e4gen und ihren Reserven den Gro\u00dfteil der Milliardenl\u00fccke in der gesetzlichen Krankenversicherung schlie\u00dfen, die vor allem durch politische Entscheidungen der vergangenen Jahre entstanden ist.&#8221;<\/em><\/p>\n<\/blockquote>\n<p>Die Verteilung sei unfair und verlagere die Probleme nur in die Zukunft. Stattdessen brauche man &#8220;echte Reformen&#8221;. Im Detail forderte Baas etwa, dass der Bund st\u00e4rker f\u00fcr die Finanzierung von Hartz-IV-Beziehern aufkomme und verwies dabei auf den Koalitionsvertrag:<\/p>\n<blockquote>\n<p><em>&#8220;<\/em><em>Dort wird die Anhebung des Zuschusses f\u00fcr Arbeitslosengeld-II-Beziehende versprochen, da die Beitr\u00e4ge aktuell alles andere als kostendeckend sind.&#8221;<\/em><\/p>\n<\/blockquote>\n<p>Auch der Chef der AOK Rheinland\/Hamburg, G\u00fcnter W\u00e4ltermann, bezeichnete Lauterbachs Pl\u00e4ne als &#8220;ausgesprochen d\u00fcnn&#8221;. Ob sie \u00fcberhaupt f\u00fcr das Jahr 2023 ausreichen, sei fraglich:<\/p>\n<blockquote>\n<p><em>&#8220;Die Ma\u00dfnahmen gehen \u00fcberwiegend zu Lasten der Beitragszahler, eine krasse soziale Schieflage.&#8221;<\/em><\/p>\n<\/blockquote>\n<p>Er sehe zudem mit Sorge, dass sowohl die gesetzliche Pflegeversicherung als auch die soziale Pflegeversicherung f\u00fcr die n\u00e4chsten Jahre nicht ausreichend finanziert seien.<\/p>\n<p><strong>Mehr zum Thema &#8211; <\/strong><a rel=\"nofollow noopener\" target=\"_blank\" href=\"https:\/\/test.rtde.tech\/inland\/142178-wegen-spahn-und-corona-lauterbach-will-erhoehung-der-krankenkassenbeitraege\/\">Wegen Spahn und Corona: Lauterbach will 2023 Erh\u00f6hung der Krankenkassenbeitr\u00e4ge um 0,3 Prozent<\/a><\/p>\n<\/div>\n<p><br \/>\n<br \/><a href=\"https:\/\/de.rt.com\/inland\/144784-krankenkassenbeitrage-steigen-auf-rekordniveau-kritik\/\">Source link <\/a><\/p>\n","protected":false},"excerpt":{"rendered":"<p>Den Krankenkassen droht im kommenden Jahr ein Defizit in H\u00f6he von 17 Milliarden Euro. Bundesgesundheitsminister Lauterbach will die L\u00fccke unter anderem mit einer Erh\u00f6hung der Beitr\u00e4ge schlie\u00dfen, doch die Pl\u00e4ne sto\u00dfen bei Versicherungsvertretern auf Kritik. Die Krankenkassenbeitr\u00e4ge werden teurer: Am Mittwoch hat das Bundeskabinett ein Gesetzespaket auf den Weg gebracht, mit dem das Milliardendefizit von [&hellip;]<\/p>\n","protected":false},"author":3,"featured_media":15481,"comment_status":"open","ping_status":"open","sticky":false,"template":"","format":"standard","meta":{"wp_automatic_camp":["217"],"b46b7c5740aceeba040ca14263f20771":["Krankenkassenbeitr\u00e4ge steigen auf Rekordniveau \u2013 Kritik an Lauterbach"],"original_link":["https:\/\/de.rt.com\/inland\/144784-krankenkassenbeitrage-steigen-auf-rekordniveau-kritik\/"],"_thumbnail_id":["15481"],"_wptg_p2tg_sent2tg":["2022-07-29 21:53:33"],"jnews_social_counter_last_update":["1788271847"]},"categories":[19,23],"tags":[133,26092,935,1748,10294,1472],"class_list":["post-15480","post","type-post","status-publish","format-standard","has-post-thumbnail","hentry","category-deutschland","category-russland","tag-auf","tag-krankenkassenbeitraege","tag-kritik","tag-lauterbach","tag-rekordniveau","tag-steigen"],"yoast_head":"<!-- This site is optimized with the Yoast SEO Premium plugin v22.7 (Yoast SEO v28.2) - https:\/\/yoast.com\/product\/yoast-seo-premium-wordpress\/ -->\n<title>Krankenkassenbeitr\u00e4ge steigen auf Rekordniveau \u2013 Kritik an Lauterbach - just-now.NEWS Deutschland<\/title>\n<meta name=\"robots\" content=\"index, follow, max-snippet:-1, max-image-preview:large, max-video-preview:-1\" \/>\n<link rel=\"canonical\" href=\"https:\/\/now-news.de\/de\/deutschland\/krankenkassenbeitraege-steigen-auf-rekordniveau-kritik-an-lauterbach\/\" \/>\n<meta property=\"og:locale\" content=\"de_DE\" \/>\n<meta property=\"og:type\" content=\"article\" \/>\n<meta property=\"og:title\" content=\"Krankenkassenbeitr\u00e4ge steigen auf Rekordniveau \u2013 Kritik an Lauterbach\" \/>\n<meta property=\"og:description\" content=\"Den Krankenkassen droht im kommenden Jahr ein Defizit in H\u00f6he von 17 Milliarden Euro. Bundesgesundheitsminister Lauterbach will die L\u00fccke unter anderem mit einer Erh\u00f6hung der Beitr\u00e4ge schlie\u00dfen, doch die Pl\u00e4ne sto\u00dfen bei Versicherungsvertretern auf Kritik. Die Krankenkassenbeitr\u00e4ge werden teurer: Am Mittwoch hat das Bundeskabinett ein Gesetzespaket auf den Weg gebracht, mit dem das Milliardendefizit von [&hellip;]\" \/>\n<meta property=\"og:url\" content=\"https:\/\/now-news.de\/de\/deutschland\/krankenkassenbeitraege-steigen-auf-rekordniveau-kritik-an-lauterbach\/\" \/>\n<meta property=\"og:site_name\" content=\"just-now.NEWS Deutschland\" \/>\n<meta property=\"article:publisher\" content=\"https:\/\/www.facebook.com\/wirmachenauf\" \/>\n<meta property=\"article:published_time\" content=\"2022-07-29T19:43:19+00:00\" \/>\n<meta property=\"og:image\" content=\"https:\/\/now-news.de\/de\/wp-content\/uploads\/sites\/3\/2022\/07\/Krankenkassenbeitraege-steigen-auf-Rekordniveau-\u2013-Kritik-an-Lauterbach.jpg\" \/>\n\t<meta property=\"og:image:width\" content=\"460\" \/>\n\t<meta property=\"og:image:height\" content=\"259\" \/>\n\t<meta property=\"og:image:type\" content=\"image\/jpeg\" \/>\n<meta name=\"author\" content=\"rtnews\" \/>\n<meta name=\"twitter:card\" content=\"summary_large_image\" \/>\n<meta name=\"twitter:creator\" content=\"@WirMachenAuf_de\" \/>\n<meta name=\"twitter:site\" content=\"@WirMachenAuf_de\" \/>\n<meta name=\"twitter:label1\" content=\"Verfasst von\" \/>\n\t<meta name=\"twitter:data1\" content=\"rtnews\" \/>\n\t<meta name=\"twitter:label2\" content=\"Gesch\u00e4tzte Lesezeit\" \/>\n\t<meta name=\"twitter:data2\" content=\"2\u00a0Minuten\" \/>\n<script type=\"application\/ld+json\" class=\"yoast-schema-graph\">{\"@context\":\"https:\\\/\\\/schema.org\",\"@graph\":[{\"@type\":\"Article\",\"@id\":\"https:\\\/\\\/now-news.de\\\/de\\\/deutschland\\\/krankenkassenbeitraege-steigen-auf-rekordniveau-kritik-an-lauterbach\\\/#article\",\"isPartOf\":{\"@id\":\"https:\\\/\\\/now-news.de\\\/de\\\/deutschland\\\/krankenkassenbeitraege-steigen-auf-rekordniveau-kritik-an-lauterbach\\\/\"},\"author\":{\"name\":\"rtnews\",\"@id\":\"https:\\\/\\\/now-news.de\\\/de\\\/#\\\/schema\\\/person\\\/fb534a4e865501d8b3285208df34a9b5\"},\"headline\":\"Krankenkassenbeitr\u00e4ge steigen auf Rekordniveau \u2013 Kritik an Lauterbach\",\"datePublished\":\"2022-07-29T19:43:19+00:00\",\"mainEntityOfPage\":{\"@id\":\"https:\\\/\\\/now-news.de\\\/de\\\/deutschland\\\/krankenkassenbeitraege-steigen-auf-rekordniveau-kritik-an-lauterbach\\\/\"},\"wordCount\":449,\"commentCount\":0,\"publisher\":{\"@id\":\"https:\\\/\\\/now-news.de\\\/de\\\/#organization\"},\"image\":{\"@id\":\"https:\\\/\\\/now-news.de\\\/de\\\/deutschland\\\/krankenkassenbeitraege-steigen-auf-rekordniveau-kritik-an-lauterbach\\\/#primaryimage\"},\"thumbnailUrl\":\"https:\\\/\\\/now-news.de\\\/de\\\/wp-content\\\/uploads\\\/sites\\\/3\\\/2022\\\/07\\\/Krankenkassenbeitraege-steigen-auf-Rekordniveau-\u2013-Kritik-an-Lauterbach.jpg\",\"keywords\":[\"AUF\",\"Krankenkassenbeitr\u00e4ge\",\"Kritik\",\"Lauterbach\",\"Rekordniveau\",\"steigen\"],\"articleSection\":[\"Deutschland\",\"Russland\"],\"inLanguage\":\"de\",\"potentialAction\":[{\"@type\":\"CommentAction\",\"name\":\"Comment\",\"target\":[\"https:\\\/\\\/now-news.de\\\/de\\\/deutschland\\\/krankenkassenbeitraege-steigen-auf-rekordniveau-kritik-an-lauterbach\\\/#respond\"]}]},{\"@type\":\"WebPage\",\"@id\":\"https:\\\/\\\/now-news.de\\\/de\\\/deutschland\\\/krankenkassenbeitraege-steigen-auf-rekordniveau-kritik-an-lauterbach\\\/\",\"url\":\"https:\\\/\\\/now-news.de\\\/de\\\/deutschland\\\/krankenkassenbeitraege-steigen-auf-rekordniveau-kritik-an-lauterbach\\\/\",\"name\":\"Krankenkassenbeitr\u00e4ge steigen auf Rekordniveau \u2013 Kritik an Lauterbach - just-now.NEWS Deutschland\",\"isPartOf\":{\"@id\":\"https:\\\/\\\/now-news.de\\\/de\\\/#website\"},\"primaryImageOfPage\":{\"@id\":\"https:\\\/\\\/now-news.de\\\/de\\\/deutschland\\\/krankenkassenbeitraege-steigen-auf-rekordniveau-kritik-an-lauterbach\\\/#primaryimage\"},\"image\":{\"@id\":\"https:\\\/\\\/now-news.de\\\/de\\\/deutschland\\\/krankenkassenbeitraege-steigen-auf-rekordniveau-kritik-an-lauterbach\\\/#primaryimage\"},\"thumbnailUrl\":\"https:\\\/\\\/now-news.de\\\/de\\\/wp-content\\\/uploads\\\/sites\\\/3\\\/2022\\\/07\\\/Krankenkassenbeitraege-steigen-auf-Rekordniveau-\u2013-Kritik-an-Lauterbach.jpg\",\"datePublished\":\"2022-07-29T19:43:19+00:00\",\"breadcrumb\":{\"@id\":\"https:\\\/\\\/now-news.de\\\/de\\\/deutschland\\\/krankenkassenbeitraege-steigen-auf-rekordniveau-kritik-an-lauterbach\\\/#breadcrumb\"},\"inLanguage\":\"de\",\"potentialAction\":[{\"@type\":\"ReadAction\",\"target\":[\"https:\\\/\\\/now-news.de\\\/de\\\/deutschland\\\/krankenkassenbeitraege-steigen-auf-rekordniveau-kritik-an-lauterbach\\\/\"]}]},{\"@type\":\"ImageObject\",\"inLanguage\":\"de\",\"@id\":\"https:\\\/\\\/now-news.de\\\/de\\\/deutschland\\\/krankenkassenbeitraege-steigen-auf-rekordniveau-kritik-an-lauterbach\\\/#primaryimage\",\"url\":\"https:\\\/\\\/now-news.de\\\/de\\\/wp-content\\\/uploads\\\/sites\\\/3\\\/2022\\\/07\\\/Krankenkassenbeitraege-steigen-auf-Rekordniveau-\u2013-Kritik-an-Lauterbach.jpg\",\"contentUrl\":\"https:\\\/\\\/now-news.de\\\/de\\\/wp-content\\\/uploads\\\/sites\\\/3\\\/2022\\\/07\\\/Krankenkassenbeitraege-steigen-auf-Rekordniveau-\u2013-Kritik-an-Lauterbach.jpg\",\"width\":460,\"height\":259,\"caption\":\"Krankenkassenbeitr\u00e4ge steigen auf Rekordniveau \u2013 Kritik an Lauterbach\"},{\"@type\":\"BreadcrumbList\",\"@id\":\"https:\\\/\\\/now-news.de\\\/de\\\/deutschland\\\/krankenkassenbeitraege-steigen-auf-rekordniveau-kritik-an-lauterbach\\\/#breadcrumb\",\"itemListElement\":[{\"@type\":\"ListItem\",\"position\":1,\"name\":\"Home\",\"item\":\"https:\\\/\\\/now-news.de\\\/de\\\/\"},{\"@type\":\"ListItem\",\"position\":2,\"name\":\"Krankenkassenbeitr\u00e4ge steigen auf Rekordniveau \u2013 Kritik an Lauterbach\"}]},{\"@type\":\"WebSite\",\"@id\":\"https:\\\/\\\/now-news.de\\\/de\\\/#website\",\"url\":\"https:\\\/\\\/now-news.de\\\/de\\\/\",\"name\":\"just-now.NEWS Deutschland\",\"description\":\"Das Portal f\u00fcr unzensierte Nachrichten aus der Welt\",\"publisher\":{\"@id\":\"https:\\\/\\\/now-news.de\\\/de\\\/#organization\"},\"potentialAction\":[{\"@type\":\"SearchAction\",\"target\":{\"@type\":\"EntryPoint\",\"urlTemplate\":\"https:\\\/\\\/now-news.de\\\/de\\\/?s={search_term_string}\"},\"query-input\":{\"@type\":\"PropertyValueSpecification\",\"valueRequired\":true,\"valueName\":\"search_term_string\"}}],\"inLanguage\":\"de\"},{\"@type\":\"Organization\",\"@id\":\"https:\\\/\\\/now-news.de\\\/de\\\/#organization\",\"name\":\"Just Now News\",\"url\":\"https:\\\/\\\/now-news.de\\\/de\\\/\",\"logo\":{\"@type\":\"ImageObject\",\"inLanguage\":\"de\",\"@id\":\"https:\\\/\\\/now-news.de\\\/de\\\/#\\\/schema\\\/logo\\\/image\\\/\",\"url\":\"http:\\\/\\\/just-now.news\\\/de\\\/wp-content\\\/uploads\\\/sites\\\/3\\\/2022\\\/04\\\/logo500x500.jpg\",\"contentUrl\":\"http:\\\/\\\/just-now.news\\\/de\\\/wp-content\\\/uploads\\\/sites\\\/3\\\/2022\\\/04\\\/logo500x500.jpg\",\"width\":500,\"height\":500,\"caption\":\"Just Now News\"},\"image\":{\"@id\":\"https:\\\/\\\/now-news.de\\\/de\\\/#\\\/schema\\\/logo\\\/image\\\/\"},\"sameAs\":[\"https:\\\/\\\/www.facebook.com\\\/wirmachenauf\",\"https:\\\/\\\/x.com\\\/WirMachenAuf_de\"]},{\"@type\":\"Person\",\"@id\":\"https:\\\/\\\/now-news.de\\\/de\\\/#\\\/schema\\\/person\\\/fb534a4e865501d8b3285208df34a9b5\",\"name\":\"rtnews\",\"image\":{\"@type\":\"ImageObject\",\"inLanguage\":\"de\",\"@id\":\"https:\\\/\\\/secure.gravatar.com\\\/avatar\\\/358fe31b3ab5769fea05376e1953329834cd9912cf9daf607e2af3076a1b982b?s=96&d=mm&r=g\",\"url\":\"https:\\\/\\\/secure.gravatar.com\\\/avatar\\\/358fe31b3ab5769fea05376e1953329834cd9912cf9daf607e2af3076a1b982b?s=96&d=mm&r=g\",\"contentUrl\":\"https:\\\/\\\/secure.gravatar.com\\\/avatar\\\/358fe31b3ab5769fea05376e1953329834cd9912cf9daf607e2af3076a1b982b?s=96&d=mm&r=g\",\"caption\":\"rtnews\"},\"url\":\"https:\\\/\\\/now-news.de\\\/de\\\/author\\\/rnews\\\/\"}]}<\/script>\n<!-- \/ Yoast SEO Premium plugin. -->","yoast_head_json":{"title":"Krankenkassenbeitr\u00e4ge steigen auf Rekordniveau \u2013 Kritik an Lauterbach - just-now.NEWS Deutschland","robots":{"index":"index","follow":"follow","max-snippet":"max-snippet:-1","max-image-preview":"max-image-preview:large","max-video-preview":"max-video-preview:-1"},"canonical":"https:\/\/now-news.de\/de\/deutschland\/krankenkassenbeitraege-steigen-auf-rekordniveau-kritik-an-lauterbach\/","og_locale":"de_DE","og_type":"article","og_title":"Krankenkassenbeitr\u00e4ge steigen auf Rekordniveau \u2013 Kritik an Lauterbach","og_description":"Den Krankenkassen droht im kommenden Jahr ein Defizit in H\u00f6he von 17 Milliarden Euro. Bundesgesundheitsminister Lauterbach will die L\u00fccke unter anderem mit einer Erh\u00f6hung der Beitr\u00e4ge schlie\u00dfen, doch die Pl\u00e4ne sto\u00dfen bei Versicherungsvertretern auf Kritik. Die Krankenkassenbeitr\u00e4ge werden teurer: Am Mittwoch hat das Bundeskabinett ein Gesetzespaket auf den Weg gebracht, mit dem das Milliardendefizit von [&hellip;]","og_url":"https:\/\/now-news.de\/de\/deutschland\/krankenkassenbeitraege-steigen-auf-rekordniveau-kritik-an-lauterbach\/","og_site_name":"just-now.NEWS Deutschland","article_publisher":"https:\/\/www.facebook.com\/wirmachenauf","article_published_time":"2022-07-29T19:43:19+00:00","og_image":[{"width":460,"height":259,"url":"https:\/\/now-news.de\/de\/wp-content\/uploads\/sites\/3\/2022\/07\/Krankenkassenbeitraege-steigen-auf-Rekordniveau-\u2013-Kritik-an-Lauterbach.jpg","type":"image\/jpeg"}],"author":"rtnews","twitter_card":"summary_large_image","twitter_creator":"@WirMachenAuf_de","twitter_site":"@WirMachenAuf_de","twitter_misc":{"Verfasst von":"rtnews","Gesch\u00e4tzte Lesezeit":"2\u00a0Minuten"},"schema":{"@context":"https:\/\/schema.org","@graph":[{"@type":"Article","@id":"https:\/\/now-news.de\/de\/deutschland\/krankenkassenbeitraege-steigen-auf-rekordniveau-kritik-an-lauterbach\/#article","isPartOf":{"@id":"https:\/\/now-news.de\/de\/deutschland\/krankenkassenbeitraege-steigen-auf-rekordniveau-kritik-an-lauterbach\/"},"author":{"name":"rtnews","@id":"https:\/\/now-news.de\/de\/#\/schema\/person\/fb534a4e865501d8b3285208df34a9b5"},"headline":"Krankenkassenbeitr\u00e4ge steigen auf Rekordniveau \u2013 Kritik an Lauterbach","datePublished":"2022-07-29T19:43:19+00:00","mainEntityOfPage":{"@id":"https:\/\/now-news.de\/de\/deutschland\/krankenkassenbeitraege-steigen-auf-rekordniveau-kritik-an-lauterbach\/"},"wordCount":449,"commentCount":0,"publisher":{"@id":"https:\/\/now-news.de\/de\/#organization"},"image":{"@id":"https:\/\/now-news.de\/de\/deutschland\/krankenkassenbeitraege-steigen-auf-rekordniveau-kritik-an-lauterbach\/#primaryimage"},"thumbnailUrl":"https:\/\/now-news.de\/de\/wp-content\/uploads\/sites\/3\/2022\/07\/Krankenkassenbeitraege-steigen-auf-Rekordniveau-\u2013-Kritik-an-Lauterbach.jpg","keywords":["AUF","Krankenkassenbeitr\u00e4ge","Kritik","Lauterbach","Rekordniveau","steigen"],"articleSection":["Deutschland","Russland"],"inLanguage":"de","potentialAction":[{"@type":"CommentAction","name":"Comment","target":["https:\/\/now-news.de\/de\/deutschland\/krankenkassenbeitraege-steigen-auf-rekordniveau-kritik-an-lauterbach\/#respond"]}]},{"@type":"WebPage","@id":"https:\/\/now-news.de\/de\/deutschland\/krankenkassenbeitraege-steigen-auf-rekordniveau-kritik-an-lauterbach\/","url":"https:\/\/now-news.de\/de\/deutschland\/krankenkassenbeitraege-steigen-auf-rekordniveau-kritik-an-lauterbach\/","name":"Krankenkassenbeitr\u00e4ge steigen auf Rekordniveau \u2013 Kritik an Lauterbach - just-now.NEWS Deutschland","isPartOf":{"@id":"https:\/\/now-news.de\/de\/#website"},"primaryImageOfPage":{"@id":"https:\/\/now-news.de\/de\/deutschland\/krankenkassenbeitraege-steigen-auf-rekordniveau-kritik-an-lauterbach\/#primaryimage"},"image":{"@id":"https:\/\/now-news.de\/de\/deutschland\/krankenkassenbeitraege-steigen-auf-rekordniveau-kritik-an-lauterbach\/#primaryimage"},"thumbnailUrl":"https:\/\/now-news.de\/de\/wp-content\/uploads\/sites\/3\/2022\/07\/Krankenkassenbeitraege-steigen-auf-Rekordniveau-\u2013-Kritik-an-Lauterbach.jpg","datePublished":"2022-07-29T19:43:19+00:00","breadcrumb":{"@id":"https:\/\/now-news.de\/de\/deutschland\/krankenkassenbeitraege-steigen-auf-rekordniveau-kritik-an-lauterbach\/#breadcrumb"},"inLanguage":"de","potentialAction":[{"@type":"ReadAction","target":["https:\/\/now-news.de\/de\/deutschland\/krankenkassenbeitraege-steigen-auf-rekordniveau-kritik-an-lauterbach\/"]}]},{"@type":"ImageObject","inLanguage":"de","@id":"https:\/\/now-news.de\/de\/deutschland\/krankenkassenbeitraege-steigen-auf-rekordniveau-kritik-an-lauterbach\/#primaryimage","url":"https:\/\/now-news.de\/de\/wp-content\/uploads\/sites\/3\/2022\/07\/Krankenkassenbeitraege-steigen-auf-Rekordniveau-\u2013-Kritik-an-Lauterbach.jpg","contentUrl":"https:\/\/now-news.de\/de\/wp-content\/uploads\/sites\/3\/2022\/07\/Krankenkassenbeitraege-steigen-auf-Rekordniveau-\u2013-Kritik-an-Lauterbach.jpg","width":460,"height":259,"caption":"Krankenkassenbeitr\u00e4ge steigen auf Rekordniveau \u2013 Kritik an Lauterbach"},{"@type":"BreadcrumbList","@id":"https:\/\/now-news.de\/de\/deutschland\/krankenkassenbeitraege-steigen-auf-rekordniveau-kritik-an-lauterbach\/#breadcrumb","itemListElement":[{"@type":"ListItem","position":1,"name":"Home","item":"https:\/\/now-news.de\/de\/"},{"@type":"ListItem","position":2,"name":"Krankenkassenbeitr\u00e4ge steigen auf Rekordniveau \u2013 Kritik an Lauterbach"}]},{"@type":"WebSite","@id":"https:\/\/now-news.de\/de\/#website","url":"https:\/\/now-news.de\/de\/","name":"just-now.NEWS Deutschland","description":"Das Portal f\u00fcr unzensierte Nachrichten aus der Welt","publisher":{"@id":"https:\/\/now-news.de\/de\/#organization"},"potentialAction":[{"@type":"SearchAction","target":{"@type":"EntryPoint","urlTemplate":"https:\/\/now-news.de\/de\/?s={search_term_string}"},"query-input":{"@type":"PropertyValueSpecification","valueRequired":true,"valueName":"search_term_string"}}],"inLanguage":"de"},{"@type":"Organization","@id":"https:\/\/now-news.de\/de\/#organization","name":"Just Now News","url":"https:\/\/now-news.de\/de\/","logo":{"@type":"ImageObject","inLanguage":"de","@id":"https:\/\/now-news.de\/de\/#\/schema\/logo\/image\/","url":"http:\/\/just-now.news\/de\/wp-content\/uploads\/sites\/3\/2022\/04\/logo500x500.jpg","contentUrl":"http:\/\/just-now.news\/de\/wp-content\/uploads\/sites\/3\/2022\/04\/logo500x500.jpg","width":500,"height":500,"caption":"Just Now News"},"image":{"@id":"https:\/\/now-news.de\/de\/#\/schema\/logo\/image\/"},"sameAs":["https:\/\/www.facebook.com\/wirmachenauf","https:\/\/x.com\/WirMachenAuf_de"]},{"@type":"Person","@id":"https:\/\/now-news.de\/de\/#\/schema\/person\/fb534a4e865501d8b3285208df34a9b5","name":"rtnews","image":{"@type":"ImageObject","inLanguage":"de","@id":"https:\/\/secure.gravatar.com\/avatar\/358fe31b3ab5769fea05376e1953329834cd9912cf9daf607e2af3076a1b982b?s=96&d=mm&r=g","url":"https:\/\/secure.gravatar.com\/avatar\/358fe31b3ab5769fea05376e1953329834cd9912cf9daf607e2af3076a1b982b?s=96&d=mm&r=g","contentUrl":"https:\/\/secure.gravatar.com\/avatar\/358fe31b3ab5769fea05376e1953329834cd9912cf9daf607e2af3076a1b982b?s=96&d=mm&r=g","caption":"rtnews"},"url":"https:\/\/now-news.de\/de\/author\/rnews\/"}]}},"_links":{"self":[{"href":"https:\/\/now-news.de\/de\/wp-json\/wp\/v2\/posts\/15480","targetHints":{"allow":["GET"]}}],"collection":[{"href":"https:\/\/now-news.de\/de\/wp-json\/wp\/v2\/posts"}],"about":[{"href":"https:\/\/now-news.de\/de\/wp-json\/wp\/v2\/types\/post"}],"author":[{"embeddable":true,"href":"https:\/\/now-news.de\/de\/wp-json\/wp\/v2\/users\/3"}],"replies":[{"embeddable":true,"href":"https:\/\/now-news.de\/de\/wp-json\/wp\/v2\/comments?post=15480"}],"version-history":[{"count":0,"href":"https:\/\/now-news.de\/de\/wp-json\/wp\/v2\/posts\/15480\/revisions"}],"wp:featuredmedia":[{"embeddable":true,"href":"https:\/\/now-news.de\/de\/wp-json\/wp\/v2\/media\/15481"}],"wp:attachment":[{"href":"https:\/\/now-news.de\/de\/wp-json\/wp\/v2\/media?parent=15480"}],"wp:term":[{"taxonomy":"category","embeddable":true,"href":"https:\/\/now-news.de\/de\/wp-json\/wp\/v2\/categories?post=15480"},{"taxonomy":"post_tag","embeddable":true,"href":"https:\/\/now-news.de\/de\/wp-json\/wp\/v2\/tags?post=15480"}],"curies":[{"name":"wp","href":"https:\/\/api.w.org\/{rel}","templated":true}]}}