{"id":15470,"date":"2022-07-29T20:16:11","date_gmt":"2022-07-29T18:16:11","guid":{"rendered":"http:\/\/just-now.news\/de\/deutschland\/ehemaliger-franzoesischer-soeldner-berichtet-von-ukrainischen-kriegsverbrechen\/"},"modified":"2022-07-29T20:16:11","modified_gmt":"2022-07-29T18:16:11","slug":"ehemaliger-franzoesischer-soeldner-berichtet-von-ukrainischen-kriegsverbrechen","status":"publish","type":"post","link":"https:\/\/now-news.de\/de\/deutschland\/ehemaliger-franzoesischer-soeldner-berichtet-von-ukrainischen-kriegsverbrechen\/","title":{"rendered":"Ehemaliger franz\u00f6sischer S\u00f6ldner berichtet von ukrainischen Kriegsverbrechen"},"content":{"rendered":"<p><img decoding=\"async\" src=\"http:\/\/just-now.news\/de\/wp-content\/uploads\/sites\/3\/2022\/07\/62e3da4148fbef14396a09af.jpg\" \/><\/p>\n<p>In Ermangelung verl\u00e4sslicher Dokumentationen von dritter Seite sind w\u00e4hrend des Krieges Augenzeugenberichte eine wertvolle Informationsquelle. Der ehemalige Soldat der franz\u00f6sischen Armee und fr\u00fchere S\u00f6ldner in der Ukraine,\u00a0<a rel=\"nofollow noopener\" target=\"_blank\" href=\"https:\/\/francais.rt.com\/international\/98447-onu-fait-etat-informations-credibles-actes-torture-pratiques-soldats-russes\">Adrien Bocquet<\/a>, hat eine Reihe von Ereignissen im Ukraine-Konflikt miterlebt, \u00fcber die in den Medien weltweit <a rel=\"nofollow noopener\" target=\"_blank\" href=\"https:\/\/de.rt.com\/meinung\/135348-paar-worte-zu-butscha\/\">berichtet<\/a> wurde. Seine Version unterscheidet sich jedoch erheblich von der allgemein akzeptierten. \u00dcber Kriegsverbrechen, Provokationen und einseitige Berichterstattung erz\u00e4hlt er im Interview mit <em>RT France<\/em> selbst.<\/p>\n<p>Bocquet kam, wie er im Interview sagt, Anfang April 2022 als &#8220;Freiwilliger&#8221; und &#8220;im Rahmen einer humanit\u00e4ren Mission in die Ukraine&#8221;, gerade als die &#8220;Ereignisse in Butscha&#8221; <a rel=\"nofollow noopener\" target=\"_blank\" href=\"https:\/\/de.rt.com\/international\/135342-russischer-kriegsreporter-ueber-taeter-beim-massaker-von-butscha\/\">stattfanden<\/a>. Zu dieser Zeit befand sich der Ort schon wieder unter der Kontrolle des ukrainischen Milit\u00e4rs. Wie Bocquet betont, war er dort, um &#8220;anderen Freiwilligen und Fl\u00fcchtlingen humanit\u00e4re Hilfe zu leisten&#8221;. Unter anderem verteilte er Medikamente und medizinische Ausr\u00fcstung.<\/p>\n<p>Anfang April wurden er und die Freiwilligen von Asow-Soldaten begleitet. Sie seien einmal n\u00f6rdlich von Butscha unterwegs gewesen und h\u00e4tten an einem Hangar angehalten, wo eine Kiste mit Medikamenten an die Asow-Truppen abgeliefert werden sollte. Als sie dort waren, sahen sie in etwa 30 Meter Entfernung Autos mit russischen Kriegsgefangenen vorfahren. Sie, die Freiwilligen, wurden aufgefordert, schneller zu gehen, um &#8220;schneller rauszukommen&#8221;. Bocquet schildert, was er dann sah und miterleben musste, sachlich, n\u00fcchtern und klar. Seine Schilderung st\u00fctzt Zweifel, die bereits Anfang April aufkamen und auf die <a rel=\"nofollow noopener\" target=\"_blank\" href=\"https:\/\/de.rt.com\/europa\/135410-butscha-massaker-weisse-armbinden-fuehren-zum-taeter-und-motiv\/\">Ungereimtheiten<\/a> der ukrainischen Version des Tathergangs hingewiesen hatten. Bocquet <a rel=\"nofollow noopener\" target=\"_blank\" href=\"https:\/\/de.rt.com\/international\/136313-britischer-soeldner-in-ukraine-gefangen-genommen-daene-schildert-mord\/\">best\u00e4tigt<\/a> mit seiner Schilderung \u00e4hnliche fr\u00fchere Berichte von Hinrichtungen russischer Kriegsgefangener und sagt:<\/p>\n<blockquote>\n<p><em>&#8220;Als ich die Sch\u00fcsse h\u00f6rte, sah ich, wie H\u00e4ftlingen in die unteren Gliedma\u00dfen geschossen wurde. Es war sogar das erste Kriegsverbrechen, das ich pers\u00f6nlich gesehen habe. Sobald wir es sahen, wurden wir erneut aufgefordert zu gehen. Als ich zu meinem Auto ging, um einzusteigen und wegzufahren, h\u00f6rte ich die Fragen des Beamten. Er fragte auf Russisch. Als der Gefangene ihm antwortete, wurde ihm in den Kopf geschossen. Der Mann wurde faktisch hingerichtet. Ich habe die Hinrichtung gesehen. Ich wei\u00df nicht, was aus den anderen geworden ist, aber es war ein Verbrechen, das ich selbst miterlebt habe. Angesichts der Situation konnte ich das nicht filmen. Aber ich habe meine anderen Aktionen in der Ukraine gefilmt. Ich habe Fotos und Videos gemacht. Ich habe sie den Ermittlungsbeh\u00f6rden \u00fcbergeben, damit diese sie untersuchen k\u00f6nnen.&#8221;<\/em><\/p>\n<\/blockquote>\n<p>Und Bocquet erkl\u00e4rt das Nichtvorhandensein entsprechender Aufnahmen mit der geltendenen Gesetzeslage in der Ukraine \u2013 und der Gefahr, in die er sich begeben h\u00e4tte. Falls dennoch Aufnahmen von vergleichbaren <a rel=\"nofollow noopener\" target=\"_blank\" href=\"https:\/\/de.rt.com\/europa\/135924-ukrainische-ueberlaufer-hatten-befehl-auf-zivilisten-zu-schiessen\/\">Massakern<\/a> existieren, stammen sie fast immer von den Angeh\u00f6rigen derjenigen Truppen, die sie <a rel=\"nofollow noopener\" target=\"_blank\" href=\"https:\/\/de.rt.com\/europa\/135467-erneutes-hinrichtungsvideo-aus-ukraine\/\">ver\u00fcbt<\/a> haben. Bocquet:<\/p>\n<blockquote>\n<p><em>&#8220;Nur zum Verst\u00e4ndnis: In der Ukraine ist es verboten, Fotos zu machen. Denn wer eine Kontrollstelle auf der Stra\u00dfe filmt, muss mit bis zu zehn Jahren Gef\u00e4ngnis rechnen und riskiert sogar sein Leben. Trotzdem bin ich das Risiko eingegangen, wann immer ich gefilmt habe.&#8221;<\/em><\/p>\n<\/blockquote>\n<p>Bocquet best\u00e4tigt den Tatbestand, dass am Ortsrand von Butscha Leichen auf der Stra\u00dfe gelegen haben. Allerdings wurden sie, seinen Worten zufolge, regelrecht &#8220;platziert&#8221;. Sollte diese Schilderung der Wahrheit entsprechen, d\u00fcrften die meisten Menschen, wenn nicht alle, deren Leichen der Welt\u00f6ffentlichkeit als Opfer des russischen Milit\u00e4rs von Butscha <a rel=\"nofollow noopener\" target=\"_blank\" href=\"https:\/\/de.rt.com\/europa\/135393-lawrow-aufnahmen-aus-butscha-sind\/\">pr\u00e4sentiert<\/a> wurden, tats\u00e4chlich an anderen Orten ums Leben gekommen sein.<\/p>\n<p>Damit scheint Bocquets Darstellung, zumindest f\u00fcr die Zeit, w\u00e4hrend der er in Butscha anwesend war, die russischen Einw\u00e4nde zu st\u00fctzen. Bemerkenswert auch seine Beobachtung der Journalisten, die offenkundig daran interessiert gewesen zu sein schienen, die Leichen der get\u00f6teten Zivilisten m\u00f6glichst &#8220;effektvoll&#8221; in Szene zu setzen:<\/p>\n<blockquote>\n<p><em>&#8220;Als wir durch die Vororte von Butscha fuhren, sah ich Leichen am Stra\u00dfenrand. Vor unseren Augen wurden weitere Leichen von Lastwagen abgeladen und zu Massen zusammengeschoben. Sie stapelten sie auf, und dann kamen die Journalisten und filmten das Ganze. Ich sah, wie die Leichen vor meinen Augen aus dem Wagen gezogen und abgelegt wurden. Ich sah die Haltung der Journalisten, die nur darauf warteten \u2013 das ist meine pers\u00f6nliche Meinung \u2013, aber warum nicht alles auf einmal filmen und warten, bis die Leichen abgelegt werden? Mein Eindruck war, sie wollten einen Eindruck von Masse erwecken.&#8221;<\/em><\/p>\n<\/blockquote>\n<p>Schlie\u00dflich best\u00e4tigt Bocquet Berichte, wenigstens dem H\u00f6rensagen nach, dass Leichen von anderen Orten gezielt nach Butscha gebracht worden sein sollen, um ein m\u00f6glichst drastisches Bild f\u00fcr die Presse zu erzeugen:<\/p>\n<blockquote>\n<p><em>&#8220;Andere Freiwillige erz\u00e4hlten mir, sie h\u00e4tten gesehen, wie am Vortag Leichen aus K\u00fchlhallen anderer Orte herbeigeschafft wurden. <\/em><\/p>\n<p><em>Als ich mit diesen Materialien nach Frankreich zur\u00fcckkehrte, war das ein Schlag ins Gesicht. Ich verglich das, was in Frankreich im Fernsehen gezeigt wurde, mit dem, was ich vor Ort gesehen hatte. Es war ein unvorstellbar verzerrtes Bild.&#8221;<\/em><\/p>\n<\/blockquote>\n<p>Die n\u00fcchternen Schilderungen von Bocquet sind sicher nur ein Mosaikstein des Puzzles von den Ereignissen, das erst noch f\u00fcr Butscha und die anderen Orte, die angeblich f\u00fcr Kriegsverbrechen des russischen Milit\u00e4rs oder der mit ihm verb\u00fcndeten Truppen der beiden Donbass-Volksrepubliken stehen, zusammengetragen werden muss. Bisher haben sich die westlichen und ukrainischen Behauptungen \u00fcber russische Gr\u00e4ueltaten nicht als stichhaltig erwiesen, in keinem einzigen Falle. Das sagt allerdings einiges \u00fcber die <a rel=\"nofollow noopener\" target=\"_blank\" href=\"https:\/\/de.rt.com\/kurzclips\/video\/136179-putin-und-lukaschenko-uber-butscha\/\">Urheber<\/a> dieser Behauptungen aus.<\/p>\n<p><strong>Mehr zum Thema<\/strong> &#8211;\u00a0<a rel=\"nofollow noopener\" target=\"_blank\" href=\"https:\/\/de.rt.com\/europa\/136112-putin-butscha-war-inszenierte-faelschung\/\">Putin: Butscha war inszenierte F\u00e4lschung wie die angeblichen Chemiewaffenangriffe in Syrien<\/a><em> <\/em><\/p>\n<p><br \/>\n<br \/><a href=\"https:\/\/de.rt.com\/international\/144758-ehemaliger-franzosischer-soldner-berichtet-von\/\">Source link <\/a><\/p>\n","protected":false},"excerpt":{"rendered":"<p>In Ermangelung verl\u00e4sslicher Dokumentationen von dritter Seite sind w\u00e4hrend des Krieges Augenzeugenberichte eine wertvolle Informationsquelle. Der ehemalige Soldat der franz\u00f6sischen Armee und fr\u00fchere S\u00f6ldner in der Ukraine,\u00a0Adrien Bocquet, hat eine Reihe von Ereignissen im Ukraine-Konflikt miterlebt, \u00fcber die in den Medien weltweit berichtet wurde. Seine Version unterscheidet sich jedoch erheblich von der allgemein akzeptierten. \u00dcber [&hellip;]<\/p>\n","protected":false},"author":3,"featured_media":15471,"comment_status":"open","ping_status":"open","sticky":false,"template":"","format":"standard","meta":{"wp_automatic_camp":["217"],"c288ca03cf2a45467d3947cc9d74c2a4":["Ehemaliger franz\u00f6sischer S\u00f6ldner berichtet von ukrainischen Kriegsverbrechen"],"original_link":["https:\/\/de.rt.com\/international\/144758-ehemaliger-franzosischer-soldner-berichtet-von\/"],"_thumbnail_id":["15471"],"jnews_social_counter_last_update":["1777346432"],"_wptg_p2tg_sent2tg":["2022-07-29 20:30:39"]},"categories":[19,23],"tags":[313,7622,9154,9041,1086,2332,50],"yoast_head":"<!-- This site is optimized with the Yoast SEO Premium plugin v22.7 (Yoast SEO v22.7) - https:\/\/yoast.com\/wordpress\/plugins\/seo\/ -->\n<title>Ehemaliger franz\u00f6sischer S\u00f6ldner berichtet von ukrainischen Kriegsverbrechen - just-now.NEWS Deutschland<\/title>\n<meta name=\"robots\" content=\"index, follow, max-snippet:-1, max-image-preview:large, max-video-preview:-1\" \/>\n<link rel=\"canonical\" href=\"https:\/\/now-news.de\/de\/deutschland\/ehemaliger-franzoesischer-soeldner-berichtet-von-ukrainischen-kriegsverbrechen\/\" \/>\n<meta property=\"og:locale\" content=\"de_DE\" \/>\n<meta property=\"og:type\" content=\"article\" \/>\n<meta property=\"og:title\" content=\"Ehemaliger franz\u00f6sischer S\u00f6ldner berichtet von ukrainischen Kriegsverbrechen\" \/>\n<meta property=\"og:description\" content=\"In Ermangelung verl\u00e4sslicher Dokumentationen von dritter Seite sind w\u00e4hrend des Krieges Augenzeugenberichte eine wertvolle Informationsquelle. Der ehemalige Soldat der franz\u00f6sischen Armee und fr\u00fchere S\u00f6ldner in der Ukraine,\u00a0Adrien Bocquet, hat eine Reihe von Ereignissen im Ukraine-Konflikt miterlebt, \u00fcber die in den Medien weltweit berichtet wurde. Seine Version unterscheidet sich jedoch erheblich von der allgemein akzeptierten. \u00dcber [&hellip;]\" \/>\n<meta property=\"og:url\" content=\"https:\/\/now-news.de\/de\/deutschland\/ehemaliger-franzoesischer-soeldner-berichtet-von-ukrainischen-kriegsverbrechen\/\" \/>\n<meta property=\"og:site_name\" content=\"just-now.NEWS Deutschland\" \/>\n<meta property=\"article:publisher\" content=\"https:\/\/www.facebook.com\/wirmachenauf\" \/>\n<meta property=\"article:published_time\" content=\"2022-07-29T18:16:11+00:00\" \/>\n<meta property=\"og:image\" content=\"https:\/\/now-news.de\/de\/wp-content\/uploads\/sites\/3\/2022\/07\/Ehemaliger-franzoesischer-Soeldner-berichtet-von-ukrainischen-Kriegsverbrechen.jpg\" \/>\n\t<meta property=\"og:image:width\" content=\"460\" \/>\n\t<meta property=\"og:image:height\" content=\"259\" \/>\n\t<meta property=\"og:image:type\" content=\"image\/jpeg\" \/>\n<meta name=\"author\" content=\"rtnews\" \/>\n<meta name=\"twitter:card\" content=\"summary_large_image\" \/>\n<meta name=\"twitter:creator\" content=\"@WirMachenAuf_de\" \/>\n<meta name=\"twitter:site\" content=\"@WirMachenAuf_de\" \/>\n<meta name=\"twitter:label1\" content=\"Verfasst von\" \/>\n\t<meta name=\"twitter:data1\" content=\"rtnews\" \/>\n\t<meta name=\"twitter:label2\" content=\"Gesch\u00e4tzte Lesezeit\" \/>\n\t<meta name=\"twitter:data2\" content=\"4\u00a0Minuten\" \/>\n<script type=\"application\/ld+json\" class=\"yoast-schema-graph\">{\"@context\":\"https:\/\/schema.org\",\"@graph\":[{\"@type\":\"Article\",\"@id\":\"https:\/\/now-news.de\/de\/deutschland\/ehemaliger-franzoesischer-soeldner-berichtet-von-ukrainischen-kriegsverbrechen\/#article\",\"isPartOf\":{\"@id\":\"https:\/\/now-news.de\/de\/deutschland\/ehemaliger-franzoesischer-soeldner-berichtet-von-ukrainischen-kriegsverbrechen\/\"},\"author\":{\"name\":\"rtnews\",\"@id\":\"https:\/\/now-news.de\/de\/#\/schema\/person\/fb534a4e865501d8b3285208df34a9b5\"},\"headline\":\"Ehemaliger franz\u00f6sischer S\u00f6ldner berichtet von ukrainischen Kriegsverbrechen\",\"datePublished\":\"2022-07-29T18:16:11+00:00\",\"dateModified\":\"2022-07-29T18:16:11+00:00\",\"mainEntityOfPage\":{\"@id\":\"https:\/\/now-news.de\/de\/deutschland\/ehemaliger-franzoesischer-soeldner-berichtet-von-ukrainischen-kriegsverbrechen\/\"},\"wordCount\":904,\"commentCount\":0,\"publisher\":{\"@id\":\"https:\/\/now-news.de\/de\/#organization\"},\"image\":{\"@id\":\"https:\/\/now-news.de\/de\/deutschland\/ehemaliger-franzoesischer-soeldner-berichtet-von-ukrainischen-kriegsverbrechen\/#primaryimage\"},\"thumbnailUrl\":\"https:\/\/now-news.de\/de\/wp-content\/uploads\/sites\/3\/2022\/07\/Ehemaliger-franzoesischer-Soeldner-berichtet-von-ukrainischen-Kriegsverbrechen.jpg\",\"keywords\":[\"berichtet\",\"Ehemaliger\",\"franz\u00f6sischer\",\"Kriegsverbrechen\",\"S\u00f6ldner\",\"ukrainischen\",\"von\"],\"articleSection\":[\"Deutschland\",\"Russland\"],\"inLanguage\":\"de\",\"potentialAction\":[{\"@type\":\"CommentAction\",\"name\":\"Comment\",\"target\":[\"https:\/\/now-news.de\/de\/deutschland\/ehemaliger-franzoesischer-soeldner-berichtet-von-ukrainischen-kriegsverbrechen\/#respond\"]}]},{\"@type\":\"WebPage\",\"@id\":\"https:\/\/now-news.de\/de\/deutschland\/ehemaliger-franzoesischer-soeldner-berichtet-von-ukrainischen-kriegsverbrechen\/\",\"url\":\"https:\/\/now-news.de\/de\/deutschland\/ehemaliger-franzoesischer-soeldner-berichtet-von-ukrainischen-kriegsverbrechen\/\",\"name\":\"Ehemaliger franz\u00f6sischer S\u00f6ldner berichtet von ukrainischen Kriegsverbrechen - just-now.NEWS Deutschland\",\"isPartOf\":{\"@id\":\"https:\/\/now-news.de\/de\/#website\"},\"primaryImageOfPage\":{\"@id\":\"https:\/\/now-news.de\/de\/deutschland\/ehemaliger-franzoesischer-soeldner-berichtet-von-ukrainischen-kriegsverbrechen\/#primaryimage\"},\"image\":{\"@id\":\"https:\/\/now-news.de\/de\/deutschland\/ehemaliger-franzoesischer-soeldner-berichtet-von-ukrainischen-kriegsverbrechen\/#primaryimage\"},\"thumbnailUrl\":\"https:\/\/now-news.de\/de\/wp-content\/uploads\/sites\/3\/2022\/07\/Ehemaliger-franzoesischer-Soeldner-berichtet-von-ukrainischen-Kriegsverbrechen.jpg\",\"datePublished\":\"2022-07-29T18:16:11+00:00\",\"dateModified\":\"2022-07-29T18:16:11+00:00\",\"breadcrumb\":{\"@id\":\"https:\/\/now-news.de\/de\/deutschland\/ehemaliger-franzoesischer-soeldner-berichtet-von-ukrainischen-kriegsverbrechen\/#breadcrumb\"},\"inLanguage\":\"de\",\"potentialAction\":[{\"@type\":\"ReadAction\",\"target\":[\"https:\/\/now-news.de\/de\/deutschland\/ehemaliger-franzoesischer-soeldner-berichtet-von-ukrainischen-kriegsverbrechen\/\"]}]},{\"@type\":\"ImageObject\",\"inLanguage\":\"de\",\"@id\":\"https:\/\/now-news.de\/de\/deutschland\/ehemaliger-franzoesischer-soeldner-berichtet-von-ukrainischen-kriegsverbrechen\/#primaryimage\",\"url\":\"https:\/\/now-news.de\/de\/wp-content\/uploads\/sites\/3\/2022\/07\/Ehemaliger-franzoesischer-Soeldner-berichtet-von-ukrainischen-Kriegsverbrechen.jpg\",\"contentUrl\":\"https:\/\/now-news.de\/de\/wp-content\/uploads\/sites\/3\/2022\/07\/Ehemaliger-franzoesischer-Soeldner-berichtet-von-ukrainischen-Kriegsverbrechen.jpg\",\"width\":460,\"height\":259,\"caption\":\"Ehemaliger franz\u00f6sischer S\u00f6ldner berichtet von ukrainischen Kriegsverbrechen\"},{\"@type\":\"BreadcrumbList\",\"@id\":\"https:\/\/now-news.de\/de\/deutschland\/ehemaliger-franzoesischer-soeldner-berichtet-von-ukrainischen-kriegsverbrechen\/#breadcrumb\",\"itemListElement\":[{\"@type\":\"ListItem\",\"position\":1,\"name\":\"Home\",\"item\":\"https:\/\/now-news.de\/de\/\"},{\"@type\":\"ListItem\",\"position\":2,\"name\":\"Ehemaliger franz\u00f6sischer S\u00f6ldner berichtet von ukrainischen Kriegsverbrechen\"}]},{\"@type\":\"WebSite\",\"@id\":\"https:\/\/now-news.de\/de\/#website\",\"url\":\"https:\/\/now-news.de\/de\/\",\"name\":\"just-now.NEWS Deutschland\",\"description\":\"Das Portal f\u00fcr unzensierte Nachrichten aus der Welt\",\"publisher\":{\"@id\":\"https:\/\/now-news.de\/de\/#organization\"},\"potentialAction\":[{\"@type\":\"SearchAction\",\"target\":{\"@type\":\"EntryPoint\",\"urlTemplate\":\"https:\/\/now-news.de\/de\/?s={search_term_string}\"},\"query-input\":\"required name=search_term_string\"}],\"inLanguage\":\"de\"},{\"@type\":\"Organization\",\"@id\":\"https:\/\/now-news.de\/de\/#organization\",\"name\":\"Just Now News\",\"url\":\"https:\/\/now-news.de\/de\/\",\"logo\":{\"@type\":\"ImageObject\",\"inLanguage\":\"de\",\"@id\":\"https:\/\/now-news.de\/de\/#\/schema\/logo\/image\/\",\"url\":\"http:\/\/just-now.news\/de\/wp-content\/uploads\/sites\/3\/2022\/04\/logo500x500.jpg\",\"contentUrl\":\"http:\/\/just-now.news\/de\/wp-content\/uploads\/sites\/3\/2022\/04\/logo500x500.jpg\",\"width\":500,\"height\":500,\"caption\":\"Just Now News\"},\"image\":{\"@id\":\"https:\/\/now-news.de\/de\/#\/schema\/logo\/image\/\"},\"sameAs\":[\"https:\/\/www.facebook.com\/wirmachenauf\",\"https:\/\/x.com\/WirMachenAuf_de\"]},{\"@type\":\"Person\",\"@id\":\"https:\/\/now-news.de\/de\/#\/schema\/person\/fb534a4e865501d8b3285208df34a9b5\",\"name\":\"rtnews\",\"image\":{\"@type\":\"ImageObject\",\"inLanguage\":\"de\",\"@id\":\"https:\/\/now-news.de\/de\/#\/schema\/person\/image\/\",\"url\":\"https:\/\/secure.gravatar.com\/avatar\/82aafea7d8127119dd649515f56e2117?s=96&d=mm&r=g\",\"contentUrl\":\"https:\/\/secure.gravatar.com\/avatar\/82aafea7d8127119dd649515f56e2117?s=96&d=mm&r=g\",\"caption\":\"rtnews\"},\"url\":\"https:\/\/now-news.de\/de\/author\/rnews\/\"}]}<\/script>\n<!-- \/ Yoast SEO Premium plugin. -->","yoast_head_json":{"title":"Ehemaliger franz\u00f6sischer S\u00f6ldner berichtet von ukrainischen Kriegsverbrechen - just-now.NEWS Deutschland","robots":{"index":"index","follow":"follow","max-snippet":"max-snippet:-1","max-image-preview":"max-image-preview:large","max-video-preview":"max-video-preview:-1"},"canonical":"https:\/\/now-news.de\/de\/deutschland\/ehemaliger-franzoesischer-soeldner-berichtet-von-ukrainischen-kriegsverbrechen\/","og_locale":"de_DE","og_type":"article","og_title":"Ehemaliger franz\u00f6sischer S\u00f6ldner berichtet von ukrainischen Kriegsverbrechen","og_description":"In Ermangelung verl\u00e4sslicher Dokumentationen von dritter Seite sind w\u00e4hrend des Krieges Augenzeugenberichte eine wertvolle Informationsquelle. Der ehemalige Soldat der franz\u00f6sischen Armee und fr\u00fchere S\u00f6ldner in der Ukraine,\u00a0Adrien Bocquet, hat eine Reihe von Ereignissen im Ukraine-Konflikt miterlebt, \u00fcber die in den Medien weltweit berichtet wurde. Seine Version unterscheidet sich jedoch erheblich von der allgemein akzeptierten. \u00dcber [&hellip;]","og_url":"https:\/\/now-news.de\/de\/deutschland\/ehemaliger-franzoesischer-soeldner-berichtet-von-ukrainischen-kriegsverbrechen\/","og_site_name":"just-now.NEWS Deutschland","article_publisher":"https:\/\/www.facebook.com\/wirmachenauf","article_published_time":"2022-07-29T18:16:11+00:00","og_image":[{"width":460,"height":259,"url":"https:\/\/now-news.de\/de\/wp-content\/uploads\/sites\/3\/2022\/07\/Ehemaliger-franzoesischer-Soeldner-berichtet-von-ukrainischen-Kriegsverbrechen.jpg","type":"image\/jpeg"}],"author":"rtnews","twitter_card":"summary_large_image","twitter_creator":"@WirMachenAuf_de","twitter_site":"@WirMachenAuf_de","twitter_misc":{"Verfasst von":"rtnews","Gesch\u00e4tzte Lesezeit":"4\u00a0Minuten"},"schema":{"@context":"https:\/\/schema.org","@graph":[{"@type":"Article","@id":"https:\/\/now-news.de\/de\/deutschland\/ehemaliger-franzoesischer-soeldner-berichtet-von-ukrainischen-kriegsverbrechen\/#article","isPartOf":{"@id":"https:\/\/now-news.de\/de\/deutschland\/ehemaliger-franzoesischer-soeldner-berichtet-von-ukrainischen-kriegsverbrechen\/"},"author":{"name":"rtnews","@id":"https:\/\/now-news.de\/de\/#\/schema\/person\/fb534a4e865501d8b3285208df34a9b5"},"headline":"Ehemaliger franz\u00f6sischer S\u00f6ldner berichtet von ukrainischen Kriegsverbrechen","datePublished":"2022-07-29T18:16:11+00:00","dateModified":"2022-07-29T18:16:11+00:00","mainEntityOfPage":{"@id":"https:\/\/now-news.de\/de\/deutschland\/ehemaliger-franzoesischer-soeldner-berichtet-von-ukrainischen-kriegsverbrechen\/"},"wordCount":904,"commentCount":0,"publisher":{"@id":"https:\/\/now-news.de\/de\/#organization"},"image":{"@id":"https:\/\/now-news.de\/de\/deutschland\/ehemaliger-franzoesischer-soeldner-berichtet-von-ukrainischen-kriegsverbrechen\/#primaryimage"},"thumbnailUrl":"https:\/\/now-news.de\/de\/wp-content\/uploads\/sites\/3\/2022\/07\/Ehemaliger-franzoesischer-Soeldner-berichtet-von-ukrainischen-Kriegsverbrechen.jpg","keywords":["berichtet","Ehemaliger","franz\u00f6sischer","Kriegsverbrechen","S\u00f6ldner","ukrainischen","von"],"articleSection":["Deutschland","Russland"],"inLanguage":"de","potentialAction":[{"@type":"CommentAction","name":"Comment","target":["https:\/\/now-news.de\/de\/deutschland\/ehemaliger-franzoesischer-soeldner-berichtet-von-ukrainischen-kriegsverbrechen\/#respond"]}]},{"@type":"WebPage","@id":"https:\/\/now-news.de\/de\/deutschland\/ehemaliger-franzoesischer-soeldner-berichtet-von-ukrainischen-kriegsverbrechen\/","url":"https:\/\/now-news.de\/de\/deutschland\/ehemaliger-franzoesischer-soeldner-berichtet-von-ukrainischen-kriegsverbrechen\/","name":"Ehemaliger franz\u00f6sischer S\u00f6ldner berichtet von ukrainischen Kriegsverbrechen - just-now.NEWS Deutschland","isPartOf":{"@id":"https:\/\/now-news.de\/de\/#website"},"primaryImageOfPage":{"@id":"https:\/\/now-news.de\/de\/deutschland\/ehemaliger-franzoesischer-soeldner-berichtet-von-ukrainischen-kriegsverbrechen\/#primaryimage"},"image":{"@id":"https:\/\/now-news.de\/de\/deutschland\/ehemaliger-franzoesischer-soeldner-berichtet-von-ukrainischen-kriegsverbrechen\/#primaryimage"},"thumbnailUrl":"https:\/\/now-news.de\/de\/wp-content\/uploads\/sites\/3\/2022\/07\/Ehemaliger-franzoesischer-Soeldner-berichtet-von-ukrainischen-Kriegsverbrechen.jpg","datePublished":"2022-07-29T18:16:11+00:00","dateModified":"2022-07-29T18:16:11+00:00","breadcrumb":{"@id":"https:\/\/now-news.de\/de\/deutschland\/ehemaliger-franzoesischer-soeldner-berichtet-von-ukrainischen-kriegsverbrechen\/#breadcrumb"},"inLanguage":"de","potentialAction":[{"@type":"ReadAction","target":["https:\/\/now-news.de\/de\/deutschland\/ehemaliger-franzoesischer-soeldner-berichtet-von-ukrainischen-kriegsverbrechen\/"]}]},{"@type":"ImageObject","inLanguage":"de","@id":"https:\/\/now-news.de\/de\/deutschland\/ehemaliger-franzoesischer-soeldner-berichtet-von-ukrainischen-kriegsverbrechen\/#primaryimage","url":"https:\/\/now-news.de\/de\/wp-content\/uploads\/sites\/3\/2022\/07\/Ehemaliger-franzoesischer-Soeldner-berichtet-von-ukrainischen-Kriegsverbrechen.jpg","contentUrl":"https:\/\/now-news.de\/de\/wp-content\/uploads\/sites\/3\/2022\/07\/Ehemaliger-franzoesischer-Soeldner-berichtet-von-ukrainischen-Kriegsverbrechen.jpg","width":460,"height":259,"caption":"Ehemaliger franz\u00f6sischer S\u00f6ldner berichtet von ukrainischen Kriegsverbrechen"},{"@type":"BreadcrumbList","@id":"https:\/\/now-news.de\/de\/deutschland\/ehemaliger-franzoesischer-soeldner-berichtet-von-ukrainischen-kriegsverbrechen\/#breadcrumb","itemListElement":[{"@type":"ListItem","position":1,"name":"Home","item":"https:\/\/now-news.de\/de\/"},{"@type":"ListItem","position":2,"name":"Ehemaliger franz\u00f6sischer S\u00f6ldner berichtet von ukrainischen Kriegsverbrechen"}]},{"@type":"WebSite","@id":"https:\/\/now-news.de\/de\/#website","url":"https:\/\/now-news.de\/de\/","name":"just-now.NEWS Deutschland","description":"Das Portal f\u00fcr unzensierte Nachrichten aus der Welt","publisher":{"@id":"https:\/\/now-news.de\/de\/#organization"},"potentialAction":[{"@type":"SearchAction","target":{"@type":"EntryPoint","urlTemplate":"https:\/\/now-news.de\/de\/?s={search_term_string}"},"query-input":"required name=search_term_string"}],"inLanguage":"de"},{"@type":"Organization","@id":"https:\/\/now-news.de\/de\/#organization","name":"Just Now News","url":"https:\/\/now-news.de\/de\/","logo":{"@type":"ImageObject","inLanguage":"de","@id":"https:\/\/now-news.de\/de\/#\/schema\/logo\/image\/","url":"http:\/\/just-now.news\/de\/wp-content\/uploads\/sites\/3\/2022\/04\/logo500x500.jpg","contentUrl":"http:\/\/just-now.news\/de\/wp-content\/uploads\/sites\/3\/2022\/04\/logo500x500.jpg","width":500,"height":500,"caption":"Just Now News"},"image":{"@id":"https:\/\/now-news.de\/de\/#\/schema\/logo\/image\/"},"sameAs":["https:\/\/www.facebook.com\/wirmachenauf","https:\/\/x.com\/WirMachenAuf_de"]},{"@type":"Person","@id":"https:\/\/now-news.de\/de\/#\/schema\/person\/fb534a4e865501d8b3285208df34a9b5","name":"rtnews","image":{"@type":"ImageObject","inLanguage":"de","@id":"https:\/\/now-news.de\/de\/#\/schema\/person\/image\/","url":"https:\/\/secure.gravatar.com\/avatar\/82aafea7d8127119dd649515f56e2117?s=96&d=mm&r=g","contentUrl":"https:\/\/secure.gravatar.com\/avatar\/82aafea7d8127119dd649515f56e2117?s=96&d=mm&r=g","caption":"rtnews"},"url":"https:\/\/now-news.de\/de\/author\/rnews\/"}]}},"_links":{"self":[{"href":"https:\/\/now-news.de\/de\/wp-json\/wp\/v2\/posts\/15470"}],"collection":[{"href":"https:\/\/now-news.de\/de\/wp-json\/wp\/v2\/posts"}],"about":[{"href":"https:\/\/now-news.de\/de\/wp-json\/wp\/v2\/types\/post"}],"author":[{"embeddable":true,"href":"https:\/\/now-news.de\/de\/wp-json\/wp\/v2\/users\/3"}],"replies":[{"embeddable":true,"href":"https:\/\/now-news.de\/de\/wp-json\/wp\/v2\/comments?post=15470"}],"version-history":[{"count":0,"href":"https:\/\/now-news.de\/de\/wp-json\/wp\/v2\/posts\/15470\/revisions"}],"wp:featuredmedia":[{"embeddable":true,"href":"https:\/\/now-news.de\/de\/wp-json\/wp\/v2\/media\/15471"}],"wp:attachment":[{"href":"https:\/\/now-news.de\/de\/wp-json\/wp\/v2\/media?parent=15470"}],"wp:term":[{"taxonomy":"category","embeddable":true,"href":"https:\/\/now-news.de\/de\/wp-json\/wp\/v2\/categories?post=15470"},{"taxonomy":"post_tag","embeddable":true,"href":"https:\/\/now-news.de\/de\/wp-json\/wp\/v2\/tags?post=15470"}],"curies":[{"name":"wp","href":"https:\/\/api.w.org\/{rel}","templated":true}]}}