{"id":1543,"date":"2021-12-15T11:42:05","date_gmt":"2021-12-15T12:42:05","guid":{"rendered":"http:\/\/just-now.news\/de\/great-reset\/greatvideos\/kardinal-mueller-spricht-ueber-impfzwang-die-sakramente-und-den-great-reset\/"},"modified":"2021-12-15T11:42:05","modified_gmt":"2021-12-15T12:42:05","slug":"kardinal-mueller-spricht-ueber-impfzwang-die-sakramente-und-den-great-reset","status":"publish","type":"post","link":"https:\/\/now-news.de\/de\/great-reset\/greatvideos\/kardinal-mueller-spricht-ueber-impfzwang-die-sakramente-und-den-great-reset\/","title":{"rendered":"Kardinal M\u00fcller &#8211; spricht \u00fcber Impfzwang, die Sakramente und den Great Reset"},"content":{"rendered":"<p><iframe loading=\"lazy\"  width=\"580\" height=\"385\" src=\"https:\/\/www.youtube.com\/embed\/3bwbnmoy4sE?modestbranding=1\" frameborder=\"0\" allowfullscreen><\/iframe><br \/>\n<br \/>Das St.Bonifatius Institut hatte die Ehre Seine Eminenz Kardinal M\u00fcller zu interviewen.<br \/>\nWir haben ihn zum in \u00d6sterreich geplanten gesetzlichen Impfzwang, zur Ausschlie\u00dfung mancher Gl\u00e4ubiger aus den Sakramenten und \u00fcber Impffreie als S\u00fcndenb\u00f6cke befragt.<\/p>\n<p>Visit our website: https:\/\/www.boniface-institute.com\/<\/p>\n<p>Please support us in prayer, or if you are able to, by donating.<br \/>\nhttps:\/\/www.boniface-institute.com\/donation\/ <\/p>\n<p>Thank you and God bless!<br \/>\n<br \/><a href=\"https:\/\/www.youtube.com\/watch?v=3bwbnmoy4sE\">source<\/a><\/p>\n","protected":false},"excerpt":{"rendered":"<p>Das St.Bonifatius Institut hatte die Ehre Seine Eminenz Kardinal M\u00fcller zu interviewen. Wir haben ihn zum in \u00d6sterreich geplanten gesetzlichen Impfzwang, zur Ausschlie\u00dfung mancher Gl\u00e4ubiger aus den Sakramenten und \u00fcber Impffreie als S\u00fcndenb\u00f6cke befragt. Visit our website: https:\/\/www.boniface-institute.com\/ Please support us in prayer, or if you are able to, by donating. https:\/\/www.boniface-institute.com\/donation\/ Thank you and [&hellip;]<\/p>\n","protected":false},"author":5,"featured_media":1544,"comment_status":"open","ping_status":"open","sticky":false,"template":"","format":"standard","meta":{"_oembed_d21fdd52dd3d87d88ae44e0f3efbd8f3":["{{unknown}}"],"wp_automatic_camp":["168"],"a5affd669cbadba6c4fde1a2ba7e9173":["Kardinal M\u00fcller - spricht \u00fcber Impfzwang, die Sakramente und den Great Reset"],"original_link":["https:\/\/www.youtube.com\/watch?v=3bwbnmoy4sE"],"_thumbnail_id":["1544"],"wp_automatic_remove_first_image":["yes"],"jnews_social_counter_last_update":["1777334230"],"_oembed_624341e820a7e3610082cffb8a929494":["{{unknown}}"]},"categories":[53],"tags":[48,45,59,4196,4194,4195,60,4197,4067,139,140],"yoast_head":"<!-- This site is optimized with the Yoast SEO Premium plugin v22.7 (Yoast SEO v22.7) - https:\/\/yoast.com\/wordpress\/plugins\/seo\/ -->\n<title>Kardinal M\u00fcller - spricht \u00fcber Impfzwang, die Sakramente und den Great Reset - just-now.NEWS Deutschland<\/title>\n<meta name=\"robots\" content=\"index, follow, max-snippet:-1, max-image-preview:large, max-video-preview:-1\" \/>\n<link rel=\"canonical\" href=\"https:\/\/now-news.de\/de\/great-reset\/greatvideos\/kardinal-mueller-spricht-ueber-impfzwang-die-sakramente-und-den-great-reset\/\" \/>\n<meta property=\"og:locale\" content=\"de_DE\" \/>\n<meta property=\"og:type\" content=\"article\" \/>\n<meta property=\"og:title\" content=\"Kardinal M\u00fcller - spricht \u00fcber Impfzwang, die Sakramente und den Great Reset\" \/>\n<meta property=\"og:description\" content=\"Das St.Bonifatius Institut hatte die Ehre Seine Eminenz Kardinal M\u00fcller zu interviewen. Wir haben ihn zum in \u00d6sterreich geplanten gesetzlichen Impfzwang, zur Ausschlie\u00dfung mancher Gl\u00e4ubiger aus den Sakramenten und \u00fcber Impffreie als S\u00fcndenb\u00f6cke befragt. Visit our website: https:\/\/www.boniface-institute.com\/ Please support us in prayer, or if you are able to, by donating. https:\/\/www.boniface-institute.com\/donation\/ Thank you and [&hellip;]\" \/>\n<meta property=\"og:url\" content=\"https:\/\/now-news.de\/de\/great-reset\/greatvideos\/kardinal-mueller-spricht-ueber-impfzwang-die-sakramente-und-den-great-reset\/\" \/>\n<meta property=\"og:site_name\" content=\"just-now.NEWS Deutschland\" \/>\n<meta property=\"article:publisher\" content=\"https:\/\/www.facebook.com\/wirmachenauf\" \/>\n<meta property=\"article:published_time\" content=\"2021-12-15T12:42:05+00:00\" \/>\n<meta property=\"og:image\" content=\"https:\/\/now-news.de\/de\/wp-content\/uploads\/sites\/3\/2022\/04\/Kardinal-Mueller-spricht-ueber-Impfzwang-die-Sakramente-und-den.jpg\" \/>\n\t<meta property=\"og:image:width\" content=\"1280\" \/>\n\t<meta property=\"og:image:height\" content=\"720\" \/>\n\t<meta property=\"og:image:type\" content=\"image\/jpeg\" \/>\n<meta name=\"author\" content=\"greatreset\" \/>\n<meta name=\"twitter:card\" content=\"summary_large_image\" \/>\n<meta name=\"twitter:creator\" content=\"@WirMachenAuf_de\" \/>\n<meta name=\"twitter:site\" content=\"@WirMachenAuf_de\" \/>\n<meta name=\"twitter:label1\" content=\"Verfasst von\" \/>\n\t<meta name=\"twitter:data1\" content=\"greatreset\" \/>\n<script type=\"application\/ld+json\" class=\"yoast-schema-graph\">{\"@context\":\"https:\/\/schema.org\",\"@graph\":[{\"@type\":\"Article\",\"@id\":\"https:\/\/now-news.de\/de\/great-reset\/greatvideos\/kardinal-mueller-spricht-ueber-impfzwang-die-sakramente-und-den-great-reset\/#article\",\"isPartOf\":{\"@id\":\"https:\/\/now-news.de\/de\/great-reset\/greatvideos\/kardinal-mueller-spricht-ueber-impfzwang-die-sakramente-und-den-great-reset\/\"},\"author\":{\"name\":\"greatreset\",\"@id\":\"https:\/\/now-news.de\/de\/#\/schema\/person\/8afb4cd92b68572db7902c13a349ffcb\"},\"headline\":\"Kardinal M\u00fcller &#8211; spricht \u00fcber Impfzwang, die Sakramente und den Great Reset\",\"datePublished\":\"2021-12-15T12:42:05+00:00\",\"dateModified\":\"2021-12-15T12:42:05+00:00\",\"mainEntityOfPage\":{\"@id\":\"https:\/\/now-news.de\/de\/great-reset\/greatvideos\/kardinal-mueller-spricht-ueber-impfzwang-die-sakramente-und-den-great-reset\/\"},\"wordCount\":84,\"commentCount\":0,\"publisher\":{\"@id\":\"https:\/\/now-news.de\/de\/#organization\"},\"image\":{\"@id\":\"https:\/\/now-news.de\/de\/great-reset\/greatvideos\/kardinal-mueller-spricht-ueber-impfzwang-die-sakramente-und-den-great-reset\/#primaryimage\"},\"thumbnailUrl\":\"https:\/\/now-news.de\/de\/wp-content\/uploads\/sites\/3\/2022\/04\/Kardinal-Mueller-spricht-ueber-Impfzwang-die-Sakramente-und-den.jpg\",\"keywords\":[\"den\",\"die\",\"Great\",\"Impfzwang\",\"Kardinal\",\"M\u00fcller\",\"Reset\",\"Sakramente\",\"spricht\",\"\u00fcber\",\"und\"],\"articleSection\":[\"GreatVideos\"],\"inLanguage\":\"de\",\"potentialAction\":[{\"@type\":\"CommentAction\",\"name\":\"Comment\",\"target\":[\"https:\/\/now-news.de\/de\/great-reset\/greatvideos\/kardinal-mueller-spricht-ueber-impfzwang-die-sakramente-und-den-great-reset\/#respond\"]}]},{\"@type\":\"WebPage\",\"@id\":\"https:\/\/now-news.de\/de\/great-reset\/greatvideos\/kardinal-mueller-spricht-ueber-impfzwang-die-sakramente-und-den-great-reset\/\",\"url\":\"https:\/\/now-news.de\/de\/great-reset\/greatvideos\/kardinal-mueller-spricht-ueber-impfzwang-die-sakramente-und-den-great-reset\/\",\"name\":\"Kardinal M\u00fcller - spricht \u00fcber Impfzwang, die Sakramente und den Great Reset - just-now.NEWS Deutschland\",\"isPartOf\":{\"@id\":\"https:\/\/now-news.de\/de\/#website\"},\"primaryImageOfPage\":{\"@id\":\"https:\/\/now-news.de\/de\/great-reset\/greatvideos\/kardinal-mueller-spricht-ueber-impfzwang-die-sakramente-und-den-great-reset\/#primaryimage\"},\"image\":{\"@id\":\"https:\/\/now-news.de\/de\/great-reset\/greatvideos\/kardinal-mueller-spricht-ueber-impfzwang-die-sakramente-und-den-great-reset\/#primaryimage\"},\"thumbnailUrl\":\"https:\/\/now-news.de\/de\/wp-content\/uploads\/sites\/3\/2022\/04\/Kardinal-Mueller-spricht-ueber-Impfzwang-die-Sakramente-und-den.jpg\",\"datePublished\":\"2021-12-15T12:42:05+00:00\",\"dateModified\":\"2021-12-15T12:42:05+00:00\",\"breadcrumb\":{\"@id\":\"https:\/\/now-news.de\/de\/great-reset\/greatvideos\/kardinal-mueller-spricht-ueber-impfzwang-die-sakramente-und-den-great-reset\/#breadcrumb\"},\"inLanguage\":\"de\",\"potentialAction\":[{\"@type\":\"ReadAction\",\"target\":[\"https:\/\/now-news.de\/de\/great-reset\/greatvideos\/kardinal-mueller-spricht-ueber-impfzwang-die-sakramente-und-den-great-reset\/\"]}]},{\"@type\":\"ImageObject\",\"inLanguage\":\"de\",\"@id\":\"https:\/\/now-news.de\/de\/great-reset\/greatvideos\/kardinal-mueller-spricht-ueber-impfzwang-die-sakramente-und-den-great-reset\/#primaryimage\",\"url\":\"https:\/\/now-news.de\/de\/wp-content\/uploads\/sites\/3\/2022\/04\/Kardinal-Mueller-spricht-ueber-Impfzwang-die-Sakramente-und-den.jpg\",\"contentUrl\":\"https:\/\/now-news.de\/de\/wp-content\/uploads\/sites\/3\/2022\/04\/Kardinal-Mueller-spricht-ueber-Impfzwang-die-Sakramente-und-den.jpg\",\"width\":1280,\"height\":720},{\"@type\":\"BreadcrumbList\",\"@id\":\"https:\/\/now-news.de\/de\/great-reset\/greatvideos\/kardinal-mueller-spricht-ueber-impfzwang-die-sakramente-und-den-great-reset\/#breadcrumb\",\"itemListElement\":[{\"@type\":\"ListItem\",\"position\":1,\"name\":\"Home\",\"item\":\"https:\/\/now-news.de\/de\/\"},{\"@type\":\"ListItem\",\"position\":2,\"name\":\"Kardinal M\u00fcller &#8211; spricht \u00fcber Impfzwang, die Sakramente und den Great Reset\"}]},{\"@type\":\"WebSite\",\"@id\":\"https:\/\/now-news.de\/de\/#website\",\"url\":\"https:\/\/now-news.de\/de\/\",\"name\":\"just-now.NEWS Deutschland\",\"description\":\"Das Portal f\u00fcr unzensierte Nachrichten aus der Welt\",\"publisher\":{\"@id\":\"https:\/\/now-news.de\/de\/#organization\"},\"potentialAction\":[{\"@type\":\"SearchAction\",\"target\":{\"@type\":\"EntryPoint\",\"urlTemplate\":\"https:\/\/now-news.de\/de\/?s={search_term_string}\"},\"query-input\":\"required name=search_term_string\"}],\"inLanguage\":\"de\"},{\"@type\":\"Organization\",\"@id\":\"https:\/\/now-news.de\/de\/#organization\",\"name\":\"Just Now News\",\"url\":\"https:\/\/now-news.de\/de\/\",\"logo\":{\"@type\":\"ImageObject\",\"inLanguage\":\"de\",\"@id\":\"https:\/\/now-news.de\/de\/#\/schema\/logo\/image\/\",\"url\":\"http:\/\/just-now.news\/de\/wp-content\/uploads\/sites\/3\/2022\/04\/logo500x500.jpg\",\"contentUrl\":\"http:\/\/just-now.news\/de\/wp-content\/uploads\/sites\/3\/2022\/04\/logo500x500.jpg\",\"width\":500,\"height\":500,\"caption\":\"Just Now News\"},\"image\":{\"@id\":\"https:\/\/now-news.de\/de\/#\/schema\/logo\/image\/\"},\"sameAs\":[\"https:\/\/www.facebook.com\/wirmachenauf\",\"https:\/\/x.com\/WirMachenAuf_de\"]},{\"@type\":\"Person\",\"@id\":\"https:\/\/now-news.de\/de\/#\/schema\/person\/8afb4cd92b68572db7902c13a349ffcb\",\"name\":\"greatreset\",\"image\":{\"@type\":\"ImageObject\",\"inLanguage\":\"de\",\"@id\":\"https:\/\/now-news.de\/de\/#\/schema\/person\/image\/\",\"url\":\"https:\/\/secure.gravatar.com\/avatar\/a088df625d49991c090e78c8b9542592?s=96&d=mm&r=g\",\"contentUrl\":\"https:\/\/secure.gravatar.com\/avatar\/a088df625d49991c090e78c8b9542592?s=96&d=mm&r=g\",\"caption\":\"greatreset\"},\"url\":\"https:\/\/now-news.de\/de\/author\/greatreset\/\"}]}<\/script>\n<!-- \/ Yoast SEO Premium plugin. -->","yoast_head_json":{"title":"Kardinal M\u00fcller - spricht \u00fcber Impfzwang, die Sakramente und den Great Reset - just-now.NEWS Deutschland","robots":{"index":"index","follow":"follow","max-snippet":"max-snippet:-1","max-image-preview":"max-image-preview:large","max-video-preview":"max-video-preview:-1"},"canonical":"https:\/\/now-news.de\/de\/great-reset\/greatvideos\/kardinal-mueller-spricht-ueber-impfzwang-die-sakramente-und-den-great-reset\/","og_locale":"de_DE","og_type":"article","og_title":"Kardinal M\u00fcller - spricht \u00fcber Impfzwang, die Sakramente und den Great Reset","og_description":"Das St.Bonifatius Institut hatte die Ehre Seine Eminenz Kardinal M\u00fcller zu interviewen. Wir haben ihn zum in \u00d6sterreich geplanten gesetzlichen Impfzwang, zur Ausschlie\u00dfung mancher Gl\u00e4ubiger aus den Sakramenten und \u00fcber Impffreie als S\u00fcndenb\u00f6cke befragt. Visit our website: https:\/\/www.boniface-institute.com\/ Please support us in prayer, or if you are able to, by donating. https:\/\/www.boniface-institute.com\/donation\/ Thank you and [&hellip;]","og_url":"https:\/\/now-news.de\/de\/great-reset\/greatvideos\/kardinal-mueller-spricht-ueber-impfzwang-die-sakramente-und-den-great-reset\/","og_site_name":"just-now.NEWS Deutschland","article_publisher":"https:\/\/www.facebook.com\/wirmachenauf","article_published_time":"2021-12-15T12:42:05+00:00","og_image":[{"width":1280,"height":720,"url":"https:\/\/now-news.de\/de\/wp-content\/uploads\/sites\/3\/2022\/04\/Kardinal-Mueller-spricht-ueber-Impfzwang-die-Sakramente-und-den.jpg","type":"image\/jpeg"}],"author":"greatreset","twitter_card":"summary_large_image","twitter_creator":"@WirMachenAuf_de","twitter_site":"@WirMachenAuf_de","twitter_misc":{"Verfasst von":"greatreset"},"schema":{"@context":"https:\/\/schema.org","@graph":[{"@type":"Article","@id":"https:\/\/now-news.de\/de\/great-reset\/greatvideos\/kardinal-mueller-spricht-ueber-impfzwang-die-sakramente-und-den-great-reset\/#article","isPartOf":{"@id":"https:\/\/now-news.de\/de\/great-reset\/greatvideos\/kardinal-mueller-spricht-ueber-impfzwang-die-sakramente-und-den-great-reset\/"},"author":{"name":"greatreset","@id":"https:\/\/now-news.de\/de\/#\/schema\/person\/8afb4cd92b68572db7902c13a349ffcb"},"headline":"Kardinal M\u00fcller &#8211; spricht \u00fcber Impfzwang, die Sakramente und den Great Reset","datePublished":"2021-12-15T12:42:05+00:00","dateModified":"2021-12-15T12:42:05+00:00","mainEntityOfPage":{"@id":"https:\/\/now-news.de\/de\/great-reset\/greatvideos\/kardinal-mueller-spricht-ueber-impfzwang-die-sakramente-und-den-great-reset\/"},"wordCount":84,"commentCount":0,"publisher":{"@id":"https:\/\/now-news.de\/de\/#organization"},"image":{"@id":"https:\/\/now-news.de\/de\/great-reset\/greatvideos\/kardinal-mueller-spricht-ueber-impfzwang-die-sakramente-und-den-great-reset\/#primaryimage"},"thumbnailUrl":"https:\/\/now-news.de\/de\/wp-content\/uploads\/sites\/3\/2022\/04\/Kardinal-Mueller-spricht-ueber-Impfzwang-die-Sakramente-und-den.jpg","keywords":["den","die","Great","Impfzwang","Kardinal","M\u00fcller","Reset","Sakramente","spricht","\u00fcber","und"],"articleSection":["GreatVideos"],"inLanguage":"de","potentialAction":[{"@type":"CommentAction","name":"Comment","target":["https:\/\/now-news.de\/de\/great-reset\/greatvideos\/kardinal-mueller-spricht-ueber-impfzwang-die-sakramente-und-den-great-reset\/#respond"]}]},{"@type":"WebPage","@id":"https:\/\/now-news.de\/de\/great-reset\/greatvideos\/kardinal-mueller-spricht-ueber-impfzwang-die-sakramente-und-den-great-reset\/","url":"https:\/\/now-news.de\/de\/great-reset\/greatvideos\/kardinal-mueller-spricht-ueber-impfzwang-die-sakramente-und-den-great-reset\/","name":"Kardinal M\u00fcller - spricht \u00fcber Impfzwang, die Sakramente und den Great Reset - just-now.NEWS Deutschland","isPartOf":{"@id":"https:\/\/now-news.de\/de\/#website"},"primaryImageOfPage":{"@id":"https:\/\/now-news.de\/de\/great-reset\/greatvideos\/kardinal-mueller-spricht-ueber-impfzwang-die-sakramente-und-den-great-reset\/#primaryimage"},"image":{"@id":"https:\/\/now-news.de\/de\/great-reset\/greatvideos\/kardinal-mueller-spricht-ueber-impfzwang-die-sakramente-und-den-great-reset\/#primaryimage"},"thumbnailUrl":"https:\/\/now-news.de\/de\/wp-content\/uploads\/sites\/3\/2022\/04\/Kardinal-Mueller-spricht-ueber-Impfzwang-die-Sakramente-und-den.jpg","datePublished":"2021-12-15T12:42:05+00:00","dateModified":"2021-12-15T12:42:05+00:00","breadcrumb":{"@id":"https:\/\/now-news.de\/de\/great-reset\/greatvideos\/kardinal-mueller-spricht-ueber-impfzwang-die-sakramente-und-den-great-reset\/#breadcrumb"},"inLanguage":"de","potentialAction":[{"@type":"ReadAction","target":["https:\/\/now-news.de\/de\/great-reset\/greatvideos\/kardinal-mueller-spricht-ueber-impfzwang-die-sakramente-und-den-great-reset\/"]}]},{"@type":"ImageObject","inLanguage":"de","@id":"https:\/\/now-news.de\/de\/great-reset\/greatvideos\/kardinal-mueller-spricht-ueber-impfzwang-die-sakramente-und-den-great-reset\/#primaryimage","url":"https:\/\/now-news.de\/de\/wp-content\/uploads\/sites\/3\/2022\/04\/Kardinal-Mueller-spricht-ueber-Impfzwang-die-Sakramente-und-den.jpg","contentUrl":"https:\/\/now-news.de\/de\/wp-content\/uploads\/sites\/3\/2022\/04\/Kardinal-Mueller-spricht-ueber-Impfzwang-die-Sakramente-und-den.jpg","width":1280,"height":720},{"@type":"BreadcrumbList","@id":"https:\/\/now-news.de\/de\/great-reset\/greatvideos\/kardinal-mueller-spricht-ueber-impfzwang-die-sakramente-und-den-great-reset\/#breadcrumb","itemListElement":[{"@type":"ListItem","position":1,"name":"Home","item":"https:\/\/now-news.de\/de\/"},{"@type":"ListItem","position":2,"name":"Kardinal M\u00fcller &#8211; spricht \u00fcber Impfzwang, die Sakramente und den Great Reset"}]},{"@type":"WebSite","@id":"https:\/\/now-news.de\/de\/#website","url":"https:\/\/now-news.de\/de\/","name":"just-now.NEWS Deutschland","description":"Das Portal f\u00fcr unzensierte Nachrichten aus der Welt","publisher":{"@id":"https:\/\/now-news.de\/de\/#organization"},"potentialAction":[{"@type":"SearchAction","target":{"@type":"EntryPoint","urlTemplate":"https:\/\/now-news.de\/de\/?s={search_term_string}"},"query-input":"required name=search_term_string"}],"inLanguage":"de"},{"@type":"Organization","@id":"https:\/\/now-news.de\/de\/#organization","name":"Just Now News","url":"https:\/\/now-news.de\/de\/","logo":{"@type":"ImageObject","inLanguage":"de","@id":"https:\/\/now-news.de\/de\/#\/schema\/logo\/image\/","url":"http:\/\/just-now.news\/de\/wp-content\/uploads\/sites\/3\/2022\/04\/logo500x500.jpg","contentUrl":"http:\/\/just-now.news\/de\/wp-content\/uploads\/sites\/3\/2022\/04\/logo500x500.jpg","width":500,"height":500,"caption":"Just Now News"},"image":{"@id":"https:\/\/now-news.de\/de\/#\/schema\/logo\/image\/"},"sameAs":["https:\/\/www.facebook.com\/wirmachenauf","https:\/\/x.com\/WirMachenAuf_de"]},{"@type":"Person","@id":"https:\/\/now-news.de\/de\/#\/schema\/person\/8afb4cd92b68572db7902c13a349ffcb","name":"greatreset","image":{"@type":"ImageObject","inLanguage":"de","@id":"https:\/\/now-news.de\/de\/#\/schema\/person\/image\/","url":"https:\/\/secure.gravatar.com\/avatar\/a088df625d49991c090e78c8b9542592?s=96&d=mm&r=g","contentUrl":"https:\/\/secure.gravatar.com\/avatar\/a088df625d49991c090e78c8b9542592?s=96&d=mm&r=g","caption":"greatreset"},"url":"https:\/\/now-news.de\/de\/author\/greatreset\/"}]}},"_links":{"self":[{"href":"https:\/\/now-news.de\/de\/wp-json\/wp\/v2\/posts\/1543"}],"collection":[{"href":"https:\/\/now-news.de\/de\/wp-json\/wp\/v2\/posts"}],"about":[{"href":"https:\/\/now-news.de\/de\/wp-json\/wp\/v2\/types\/post"}],"author":[{"embeddable":true,"href":"https:\/\/now-news.de\/de\/wp-json\/wp\/v2\/users\/5"}],"replies":[{"embeddable":true,"href":"https:\/\/now-news.de\/de\/wp-json\/wp\/v2\/comments?post=1543"}],"version-history":[{"count":0,"href":"https:\/\/now-news.de\/de\/wp-json\/wp\/v2\/posts\/1543\/revisions"}],"wp:featuredmedia":[{"embeddable":true,"href":"https:\/\/now-news.de\/de\/wp-json\/wp\/v2\/media\/1544"}],"wp:attachment":[{"href":"https:\/\/now-news.de\/de\/wp-json\/wp\/v2\/media?parent=1543"}],"wp:term":[{"taxonomy":"category","embeddable":true,"href":"https:\/\/now-news.de\/de\/wp-json\/wp\/v2\/categories?post=1543"},{"taxonomy":"post_tag","embeddable":true,"href":"https:\/\/now-news.de\/de\/wp-json\/wp\/v2\/tags?post=1543"}],"curies":[{"name":"wp","href":"https:\/\/api.w.org\/{rel}","templated":true}]}}