{"id":15386,"date":"2022-07-28T21:42:48","date_gmt":"2022-07-28T19:42:48","guid":{"rendered":"http:\/\/just-now.news\/de\/deutschland\/kreml-werden-auf-das-verbot-von-rt-france-reagieren\/"},"modified":"2022-07-28T21:42:48","modified_gmt":"2022-07-28T19:42:48","slug":"kreml-werden-auf-das-verbot-von-rt-france-reagieren","status":"publish","type":"post","link":"https:\/\/now-news.de\/de\/deutschland\/kreml-werden-auf-das-verbot-von-rt-france-reagieren\/","title":{"rendered":"Kreml: Werden auf das Verbot von RT France reagieren"},"content":{"rendered":"<p><img decoding=\"async\" src=\"http:\/\/just-now.news\/de\/wp-content\/uploads\/sites\/3\/2022\/07\/62e2c82a48fbef2dcf049772.jpg\" \/><\/p>\n<div class=\"Text-root Text-type_1 \">\n                Laut Moskau trete die Europ\u00e4ische Union &#8220;die Idee der Meinungsfreiheit mit den F\u00fc\u00dfen&#8221;, nachdem das oberste Gericht der EU hart gegen russische Nachrichtenagenturen geurteilt hat. Der Europ\u00e4ische Rat hat bereits die Ausstrahlung von Sendungen verboten, die von RT DE und Sputnik produziert werden.\n            <\/div>\n<p><\/p>\n<div class=\"Text-root Text-type_5 ArticleView-text ViewText-root \">\n<p>Moskau wird als Reaktion auf das Verbot\u00a0f\u00fcr\u00a0<em>RT France<\/em>, innerhalb der Europ\u00e4ischen Union zu senden, &#8220;reziproke Gegenma\u00dfnahmen&#8221; bei westlichen Medien anwenden, die in Russland arbeiten, gab der Sprecher des Kremls, Dmitri Peskow, bekannt. Dies geschehe, nachdem das oberste Gericht der EU am Mittwoch ein Urteil best\u00e4tigt hat, wonach dem in Paris ans\u00e4ssigen Sender <em>RT France<\/em> die Ausstrahlung seiner Sendungen verboten wurde und in dem der Sender zudem beschuldigt wurde, unausgewogen \u00fcber den Konflikt in der Ukraine berichtet zu haben.<\/p>\n<blockquote>\n<p><em>&#8220;Der Eingriff in die Meinungs- und Medienfreiheit in europ\u00e4ischen Staaten, einschlie\u00dflich in Frankreich, ist sowohl besorgniserregend als auch bedauerlich&#8221;, <\/em><\/p>\n<\/blockquote>\n<p>sagte Peskow gegen\u00fcber Journalisten.<\/p>\n<blockquote>\n<p><em>&#8220;Die Europ\u00e4er treten jene Ideale mit F\u00fc\u00dfen, die sie sonst \u00fcberall auf der Welt durchsetzen wollen.&#8221;<\/em><\/p>\n<\/blockquote>\n<p>Peskow k\u00fcndigte &#8220;reziproken Druck&#8221; auf westliche Medien an, die in Russland arbeiten:<\/p>\n<blockquote>\n<p><em> &#8220;Wir werden ihnen ebenfalls nicht erlauben, in unserem Land zu arbeiten. Es wird keinen sanften Ansatz bei diesem Thema geben.&#8221;<\/em><\/p>\n<\/blockquote>\n<p>Der Europ\u00e4ische Gerichtshof best\u00e4tigte ein Verbot f\u00fcr RT France, seine Inhalte im Raum der EU senden zu d\u00fcrfen. Die Richter entschieden, dass der Sender &#8220;nicht in der Lage ist, eine insgesamt ausgewogene Behandlung von Informationen in Bezug auf den Konflikt in der Ukraine zu demonstrieren&#8221;. Emmanuel Piwnica, der Anwalt von RT France, sagte, das Urteil offenbare die &#8220;Missachtung der Meinungsfreiheit, die f\u00fcr alle Nachrichtenmedien gelten m\u00fcsse&#8221;. Die Chefin von <em>RT France<\/em>, Xenia Fedorowa, sagte in einer Erkl\u00e4rung, dass das Urteil zeige, dass die Justiz des europ\u00e4ischen Blocks dem Willen der Politiker &#8220;nicht widersprechen kann oder will&#8221;.<\/p>\n<blockquote>\n<p><em>&#8220;Europ\u00e4ische Politiker haben einen Weg gew\u00e4hlt, der gegen die demokratischen Werte verst\u00f6\u00dft, auf denen Europa basiert, jene wie Meinungsfreiheit und Meinungsvielfalt&#8221;, <\/em><\/p>\n<\/blockquote>\n<p>schrieb Fedorowa.<\/p>\n<blockquote>\n<p><em>&#8220;Trotz der Zensur wird RT France weiterhin unterschiedliche Perspektiven zum Nachrichtengeschehen bringen, wo auch immer sie ausgestrahlt werden k\u00f6nnen.&#8221;<\/em><\/p>\n<\/blockquote>\n<p>Der Europ\u00e4ische Rat verbot im vergangenen M\u00e4rz die Ausstrahlung von Sendungen, die von <em>RT<\/em> und <em>Sputnik<\/em>, einer weiteren staatlich finanzierten russischen Nachrichtenagentur, produziert werden und berief sich auf &#8220;systemische Informationen, Manipulation und Desinformation&#8221; in der Berichterstattung \u00fcber den Konflikt zwischen Russland und der Ukraine. Die Entscheidung fiel, kurz nachdem Russland Ende Februar seine Milit\u00e4roperation gegen den Nachbarstaat begonnen hatte.<\/p>\n<p>Westliche Politiker werfen <em>RT<\/em> schon seit langem vor, im Auftrag des Kremls Propaganda-Kampagnen zu f\u00fchren, w\u00e4hrend <em>RT<\/em> diese Vorw\u00fcrfe bestreitet. Anfang dieses Jahres ordneten die russischen Beh\u00f6rden an, dass der deutsche \u00f6ffentlich-rechtliche Sender <em>Deutsche Welle<\/em> sein B\u00fcro in Moskau schlie\u00dfen muss. Der Entscheid erfolgte, nachdem Berlin dem deutschsprachigen Ableger von <em>RT<\/em>,\u00a0 <em>RT DE<\/em>, verboten hatte, in Deutschland sein Programm auszustrahlen.<\/p>\n<p>Als Reaktion auf Verbote und Beschr\u00e4nkungen, die von westlichen L\u00e4ndern gegen\u00fcber mehreren russischen Medienunternehmen eingef\u00fchrt wurden, blockierte Moskau auch die Webseiten einiger westlicher staatlich finanzierter Medienunternehmen, darunter die <em>BBC<\/em> und <em>Radio Free Europe\/Radio Liberty<\/em> (<em>RFE<\/em>\/<em>RL<\/em>).<\/p>\n<p><strong>Mehr zum Thema <\/strong>&#8211;\u00a0<strong><\/strong><a rel=\"nofollow noopener\" target=\"_blank\" href=\"https:\/\/test.rtde.tech\/europa\/144560-eu-gericht-weist-klage-von\/\">EU-Gericht weist Klage von RT France ab \u2013 Kreml k\u00fcndigt Gegenma\u00dfnahmen an<\/a><\/p>\n<\/div>\n<p><br \/>\n<br \/><a href=\"https:\/\/de.rt.com\/europa\/144693-kreml-werden-auf-verbot-von\/\">Source link <\/a><\/p>\n","protected":false},"excerpt":{"rendered":"<p>Laut Moskau trete die Europ\u00e4ische Union &#8220;die Idee der Meinungsfreiheit mit den F\u00fc\u00dfen&#8221;, nachdem das oberste Gericht der EU hart gegen russische Nachrichtenagenturen geurteilt hat. Der Europ\u00e4ische Rat hat bereits die Ausstrahlung von Sendungen verboten, die von RT DE und Sputnik produziert werden. Moskau wird als Reaktion auf das Verbot\u00a0f\u00fcr\u00a0RT France, innerhalb der Europ\u00e4ischen Union [&hellip;]<\/p>\n","protected":false},"author":3,"featured_media":15387,"comment_status":"open","ping_status":"open","sticky":false,"template":"","format":"standard","meta":{"wp_automatic_camp":["217"],"8a2d5858e5f37707f98402b07bccf5bd":["Kreml: Werden auf das Verbot von RT France reagieren"],"original_link":["https:\/\/de.rt.com\/europa\/144693-kreml-werden-auf-verbot-von\/"],"_thumbnail_id":["15387"],"_wptg_p2tg_sent2tg":["2022-07-28 22:16:14"],"jnews_social_counter_last_update":["1777169330"]},"categories":[19,23],"tags":[133,427,6845,6312,535,3817,50,1040],"yoast_head":"<!-- This site is optimized with the Yoast SEO Premium plugin v22.7 (Yoast SEO v22.7) - https:\/\/yoast.com\/wordpress\/plugins\/seo\/ -->\n<title>Kreml: Werden auf das Verbot von RT France reagieren - just-now.NEWS Deutschland<\/title>\n<meta name=\"robots\" content=\"index, follow, max-snippet:-1, max-image-preview:large, max-video-preview:-1\" \/>\n<link rel=\"canonical\" href=\"https:\/\/now-news.de\/de\/deutschland\/kreml-werden-auf-das-verbot-von-rt-france-reagieren\/\" \/>\n<meta property=\"og:locale\" content=\"de_DE\" \/>\n<meta property=\"og:type\" content=\"article\" \/>\n<meta property=\"og:title\" content=\"Kreml: Werden auf das Verbot von RT France reagieren\" \/>\n<meta property=\"og:description\" content=\"Laut Moskau trete die Europ\u00e4ische Union &#8220;die Idee der Meinungsfreiheit mit den F\u00fc\u00dfen&#8221;, nachdem das oberste Gericht der EU hart gegen russische Nachrichtenagenturen geurteilt hat. Der Europ\u00e4ische Rat hat bereits die Ausstrahlung von Sendungen verboten, die von RT DE und Sputnik produziert werden. Moskau wird als Reaktion auf das Verbot\u00a0f\u00fcr\u00a0RT France, innerhalb der Europ\u00e4ischen Union [&hellip;]\" \/>\n<meta property=\"og:url\" content=\"https:\/\/now-news.de\/de\/deutschland\/kreml-werden-auf-das-verbot-von-rt-france-reagieren\/\" \/>\n<meta property=\"og:site_name\" content=\"just-now.NEWS Deutschland\" \/>\n<meta property=\"article:publisher\" content=\"https:\/\/www.facebook.com\/wirmachenauf\" \/>\n<meta property=\"article:published_time\" content=\"2022-07-28T19:42:48+00:00\" \/>\n<meta property=\"og:image\" content=\"https:\/\/now-news.de\/de\/wp-content\/uploads\/sites\/3\/2022\/07\/Kreml-Werden-auf-das-Verbot-von-RT-France-reagieren.jpg\" \/>\n\t<meta property=\"og:image:width\" content=\"460\" \/>\n\t<meta property=\"og:image:height\" content=\"259\" \/>\n\t<meta property=\"og:image:type\" content=\"image\/jpeg\" \/>\n<meta name=\"author\" content=\"rtnews\" \/>\n<meta name=\"twitter:card\" content=\"summary_large_image\" \/>\n<meta name=\"twitter:creator\" content=\"@WirMachenAuf_de\" \/>\n<meta name=\"twitter:site\" content=\"@WirMachenAuf_de\" \/>\n<meta name=\"twitter:label1\" content=\"Verfasst von\" \/>\n\t<meta name=\"twitter:data1\" content=\"rtnews\" \/>\n\t<meta name=\"twitter:label2\" content=\"Gesch\u00e4tzte Lesezeit\" \/>\n\t<meta name=\"twitter:data2\" content=\"3\u00a0Minuten\" \/>\n<script type=\"application\/ld+json\" class=\"yoast-schema-graph\">{\"@context\":\"https:\/\/schema.org\",\"@graph\":[{\"@type\":\"Article\",\"@id\":\"https:\/\/now-news.de\/de\/deutschland\/kreml-werden-auf-das-verbot-von-rt-france-reagieren\/#article\",\"isPartOf\":{\"@id\":\"https:\/\/now-news.de\/de\/deutschland\/kreml-werden-auf-das-verbot-von-rt-france-reagieren\/\"},\"author\":{\"name\":\"rtnews\",\"@id\":\"https:\/\/now-news.de\/de\/#\/schema\/person\/fb534a4e865501d8b3285208df34a9b5\"},\"headline\":\"Kreml: Werden auf das Verbot von RT France reagieren\",\"datePublished\":\"2022-07-28T19:42:48+00:00\",\"dateModified\":\"2022-07-28T19:42:48+00:00\",\"mainEntityOfPage\":{\"@id\":\"https:\/\/now-news.de\/de\/deutschland\/kreml-werden-auf-das-verbot-von-rt-france-reagieren\/\"},\"wordCount\":556,\"commentCount\":0,\"publisher\":{\"@id\":\"https:\/\/now-news.de\/de\/#organization\"},\"image\":{\"@id\":\"https:\/\/now-news.de\/de\/deutschland\/kreml-werden-auf-das-verbot-von-rt-france-reagieren\/#primaryimage\"},\"thumbnailUrl\":\"https:\/\/now-news.de\/de\/wp-content\/uploads\/sites\/3\/2022\/07\/Kreml-Werden-auf-das-Verbot-von-RT-France-reagieren.jpg\",\"keywords\":[\"AUF\",\"das\",\"France\",\"Kreml\",\"reagieren\",\"Verbot\",\"von\",\"Werden\"],\"articleSection\":[\"Deutschland\",\"Russland\"],\"inLanguage\":\"de\",\"potentialAction\":[{\"@type\":\"CommentAction\",\"name\":\"Comment\",\"target\":[\"https:\/\/now-news.de\/de\/deutschland\/kreml-werden-auf-das-verbot-von-rt-france-reagieren\/#respond\"]}]},{\"@type\":\"WebPage\",\"@id\":\"https:\/\/now-news.de\/de\/deutschland\/kreml-werden-auf-das-verbot-von-rt-france-reagieren\/\",\"url\":\"https:\/\/now-news.de\/de\/deutschland\/kreml-werden-auf-das-verbot-von-rt-france-reagieren\/\",\"name\":\"Kreml: Werden auf das Verbot von RT France reagieren - just-now.NEWS Deutschland\",\"isPartOf\":{\"@id\":\"https:\/\/now-news.de\/de\/#website\"},\"primaryImageOfPage\":{\"@id\":\"https:\/\/now-news.de\/de\/deutschland\/kreml-werden-auf-das-verbot-von-rt-france-reagieren\/#primaryimage\"},\"image\":{\"@id\":\"https:\/\/now-news.de\/de\/deutschland\/kreml-werden-auf-das-verbot-von-rt-france-reagieren\/#primaryimage\"},\"thumbnailUrl\":\"https:\/\/now-news.de\/de\/wp-content\/uploads\/sites\/3\/2022\/07\/Kreml-Werden-auf-das-Verbot-von-RT-France-reagieren.jpg\",\"datePublished\":\"2022-07-28T19:42:48+00:00\",\"dateModified\":\"2022-07-28T19:42:48+00:00\",\"breadcrumb\":{\"@id\":\"https:\/\/now-news.de\/de\/deutschland\/kreml-werden-auf-das-verbot-von-rt-france-reagieren\/#breadcrumb\"},\"inLanguage\":\"de\",\"potentialAction\":[{\"@type\":\"ReadAction\",\"target\":[\"https:\/\/now-news.de\/de\/deutschland\/kreml-werden-auf-das-verbot-von-rt-france-reagieren\/\"]}]},{\"@type\":\"ImageObject\",\"inLanguage\":\"de\",\"@id\":\"https:\/\/now-news.de\/de\/deutschland\/kreml-werden-auf-das-verbot-von-rt-france-reagieren\/#primaryimage\",\"url\":\"https:\/\/now-news.de\/de\/wp-content\/uploads\/sites\/3\/2022\/07\/Kreml-Werden-auf-das-Verbot-von-RT-France-reagieren.jpg\",\"contentUrl\":\"https:\/\/now-news.de\/de\/wp-content\/uploads\/sites\/3\/2022\/07\/Kreml-Werden-auf-das-Verbot-von-RT-France-reagieren.jpg\",\"width\":460,\"height\":259,\"caption\":\"Kreml: Werden auf das Verbot von RT France reagieren\"},{\"@type\":\"BreadcrumbList\",\"@id\":\"https:\/\/now-news.de\/de\/deutschland\/kreml-werden-auf-das-verbot-von-rt-france-reagieren\/#breadcrumb\",\"itemListElement\":[{\"@type\":\"ListItem\",\"position\":1,\"name\":\"Home\",\"item\":\"https:\/\/now-news.de\/de\/\"},{\"@type\":\"ListItem\",\"position\":2,\"name\":\"Kreml: Werden auf das Verbot von RT France reagieren\"}]},{\"@type\":\"WebSite\",\"@id\":\"https:\/\/now-news.de\/de\/#website\",\"url\":\"https:\/\/now-news.de\/de\/\",\"name\":\"just-now.NEWS Deutschland\",\"description\":\"Das Portal f\u00fcr unzensierte Nachrichten aus der Welt\",\"publisher\":{\"@id\":\"https:\/\/now-news.de\/de\/#organization\"},\"potentialAction\":[{\"@type\":\"SearchAction\",\"target\":{\"@type\":\"EntryPoint\",\"urlTemplate\":\"https:\/\/now-news.de\/de\/?s={search_term_string}\"},\"query-input\":\"required name=search_term_string\"}],\"inLanguage\":\"de\"},{\"@type\":\"Organization\",\"@id\":\"https:\/\/now-news.de\/de\/#organization\",\"name\":\"Just Now News\",\"url\":\"https:\/\/now-news.de\/de\/\",\"logo\":{\"@type\":\"ImageObject\",\"inLanguage\":\"de\",\"@id\":\"https:\/\/now-news.de\/de\/#\/schema\/logo\/image\/\",\"url\":\"http:\/\/just-now.news\/de\/wp-content\/uploads\/sites\/3\/2022\/04\/logo500x500.jpg\",\"contentUrl\":\"http:\/\/just-now.news\/de\/wp-content\/uploads\/sites\/3\/2022\/04\/logo500x500.jpg\",\"width\":500,\"height\":500,\"caption\":\"Just Now News\"},\"image\":{\"@id\":\"https:\/\/now-news.de\/de\/#\/schema\/logo\/image\/\"},\"sameAs\":[\"https:\/\/www.facebook.com\/wirmachenauf\",\"https:\/\/x.com\/WirMachenAuf_de\"]},{\"@type\":\"Person\",\"@id\":\"https:\/\/now-news.de\/de\/#\/schema\/person\/fb534a4e865501d8b3285208df34a9b5\",\"name\":\"rtnews\",\"image\":{\"@type\":\"ImageObject\",\"inLanguage\":\"de\",\"@id\":\"https:\/\/now-news.de\/de\/#\/schema\/person\/image\/\",\"url\":\"https:\/\/secure.gravatar.com\/avatar\/82aafea7d8127119dd649515f56e2117?s=96&d=mm&r=g\",\"contentUrl\":\"https:\/\/secure.gravatar.com\/avatar\/82aafea7d8127119dd649515f56e2117?s=96&d=mm&r=g\",\"caption\":\"rtnews\"},\"url\":\"https:\/\/now-news.de\/de\/author\/rnews\/\"}]}<\/script>\n<!-- \/ Yoast SEO Premium plugin. -->","yoast_head_json":{"title":"Kreml: Werden auf das Verbot von RT France reagieren - just-now.NEWS Deutschland","robots":{"index":"index","follow":"follow","max-snippet":"max-snippet:-1","max-image-preview":"max-image-preview:large","max-video-preview":"max-video-preview:-1"},"canonical":"https:\/\/now-news.de\/de\/deutschland\/kreml-werden-auf-das-verbot-von-rt-france-reagieren\/","og_locale":"de_DE","og_type":"article","og_title":"Kreml: Werden auf das Verbot von RT France reagieren","og_description":"Laut Moskau trete die Europ\u00e4ische Union &#8220;die Idee der Meinungsfreiheit mit den F\u00fc\u00dfen&#8221;, nachdem das oberste Gericht der EU hart gegen russische Nachrichtenagenturen geurteilt hat. Der Europ\u00e4ische Rat hat bereits die Ausstrahlung von Sendungen verboten, die von RT DE und Sputnik produziert werden. Moskau wird als Reaktion auf das Verbot\u00a0f\u00fcr\u00a0RT France, innerhalb der Europ\u00e4ischen Union [&hellip;]","og_url":"https:\/\/now-news.de\/de\/deutschland\/kreml-werden-auf-das-verbot-von-rt-france-reagieren\/","og_site_name":"just-now.NEWS Deutschland","article_publisher":"https:\/\/www.facebook.com\/wirmachenauf","article_published_time":"2022-07-28T19:42:48+00:00","og_image":[{"width":460,"height":259,"url":"https:\/\/now-news.de\/de\/wp-content\/uploads\/sites\/3\/2022\/07\/Kreml-Werden-auf-das-Verbot-von-RT-France-reagieren.jpg","type":"image\/jpeg"}],"author":"rtnews","twitter_card":"summary_large_image","twitter_creator":"@WirMachenAuf_de","twitter_site":"@WirMachenAuf_de","twitter_misc":{"Verfasst von":"rtnews","Gesch\u00e4tzte Lesezeit":"3\u00a0Minuten"},"schema":{"@context":"https:\/\/schema.org","@graph":[{"@type":"Article","@id":"https:\/\/now-news.de\/de\/deutschland\/kreml-werden-auf-das-verbot-von-rt-france-reagieren\/#article","isPartOf":{"@id":"https:\/\/now-news.de\/de\/deutschland\/kreml-werden-auf-das-verbot-von-rt-france-reagieren\/"},"author":{"name":"rtnews","@id":"https:\/\/now-news.de\/de\/#\/schema\/person\/fb534a4e865501d8b3285208df34a9b5"},"headline":"Kreml: Werden auf das Verbot von RT France reagieren","datePublished":"2022-07-28T19:42:48+00:00","dateModified":"2022-07-28T19:42:48+00:00","mainEntityOfPage":{"@id":"https:\/\/now-news.de\/de\/deutschland\/kreml-werden-auf-das-verbot-von-rt-france-reagieren\/"},"wordCount":556,"commentCount":0,"publisher":{"@id":"https:\/\/now-news.de\/de\/#organization"},"image":{"@id":"https:\/\/now-news.de\/de\/deutschland\/kreml-werden-auf-das-verbot-von-rt-france-reagieren\/#primaryimage"},"thumbnailUrl":"https:\/\/now-news.de\/de\/wp-content\/uploads\/sites\/3\/2022\/07\/Kreml-Werden-auf-das-Verbot-von-RT-France-reagieren.jpg","keywords":["AUF","das","France","Kreml","reagieren","Verbot","von","Werden"],"articleSection":["Deutschland","Russland"],"inLanguage":"de","potentialAction":[{"@type":"CommentAction","name":"Comment","target":["https:\/\/now-news.de\/de\/deutschland\/kreml-werden-auf-das-verbot-von-rt-france-reagieren\/#respond"]}]},{"@type":"WebPage","@id":"https:\/\/now-news.de\/de\/deutschland\/kreml-werden-auf-das-verbot-von-rt-france-reagieren\/","url":"https:\/\/now-news.de\/de\/deutschland\/kreml-werden-auf-das-verbot-von-rt-france-reagieren\/","name":"Kreml: Werden auf das Verbot von RT France reagieren - just-now.NEWS Deutschland","isPartOf":{"@id":"https:\/\/now-news.de\/de\/#website"},"primaryImageOfPage":{"@id":"https:\/\/now-news.de\/de\/deutschland\/kreml-werden-auf-das-verbot-von-rt-france-reagieren\/#primaryimage"},"image":{"@id":"https:\/\/now-news.de\/de\/deutschland\/kreml-werden-auf-das-verbot-von-rt-france-reagieren\/#primaryimage"},"thumbnailUrl":"https:\/\/now-news.de\/de\/wp-content\/uploads\/sites\/3\/2022\/07\/Kreml-Werden-auf-das-Verbot-von-RT-France-reagieren.jpg","datePublished":"2022-07-28T19:42:48+00:00","dateModified":"2022-07-28T19:42:48+00:00","breadcrumb":{"@id":"https:\/\/now-news.de\/de\/deutschland\/kreml-werden-auf-das-verbot-von-rt-france-reagieren\/#breadcrumb"},"inLanguage":"de","potentialAction":[{"@type":"ReadAction","target":["https:\/\/now-news.de\/de\/deutschland\/kreml-werden-auf-das-verbot-von-rt-france-reagieren\/"]}]},{"@type":"ImageObject","inLanguage":"de","@id":"https:\/\/now-news.de\/de\/deutschland\/kreml-werden-auf-das-verbot-von-rt-france-reagieren\/#primaryimage","url":"https:\/\/now-news.de\/de\/wp-content\/uploads\/sites\/3\/2022\/07\/Kreml-Werden-auf-das-Verbot-von-RT-France-reagieren.jpg","contentUrl":"https:\/\/now-news.de\/de\/wp-content\/uploads\/sites\/3\/2022\/07\/Kreml-Werden-auf-das-Verbot-von-RT-France-reagieren.jpg","width":460,"height":259,"caption":"Kreml: Werden auf das Verbot von RT France reagieren"},{"@type":"BreadcrumbList","@id":"https:\/\/now-news.de\/de\/deutschland\/kreml-werden-auf-das-verbot-von-rt-france-reagieren\/#breadcrumb","itemListElement":[{"@type":"ListItem","position":1,"name":"Home","item":"https:\/\/now-news.de\/de\/"},{"@type":"ListItem","position":2,"name":"Kreml: Werden auf das Verbot von RT France reagieren"}]},{"@type":"WebSite","@id":"https:\/\/now-news.de\/de\/#website","url":"https:\/\/now-news.de\/de\/","name":"just-now.NEWS Deutschland","description":"Das Portal f\u00fcr unzensierte Nachrichten aus der Welt","publisher":{"@id":"https:\/\/now-news.de\/de\/#organization"},"potentialAction":[{"@type":"SearchAction","target":{"@type":"EntryPoint","urlTemplate":"https:\/\/now-news.de\/de\/?s={search_term_string}"},"query-input":"required name=search_term_string"}],"inLanguage":"de"},{"@type":"Organization","@id":"https:\/\/now-news.de\/de\/#organization","name":"Just Now News","url":"https:\/\/now-news.de\/de\/","logo":{"@type":"ImageObject","inLanguage":"de","@id":"https:\/\/now-news.de\/de\/#\/schema\/logo\/image\/","url":"http:\/\/just-now.news\/de\/wp-content\/uploads\/sites\/3\/2022\/04\/logo500x500.jpg","contentUrl":"http:\/\/just-now.news\/de\/wp-content\/uploads\/sites\/3\/2022\/04\/logo500x500.jpg","width":500,"height":500,"caption":"Just Now News"},"image":{"@id":"https:\/\/now-news.de\/de\/#\/schema\/logo\/image\/"},"sameAs":["https:\/\/www.facebook.com\/wirmachenauf","https:\/\/x.com\/WirMachenAuf_de"]},{"@type":"Person","@id":"https:\/\/now-news.de\/de\/#\/schema\/person\/fb534a4e865501d8b3285208df34a9b5","name":"rtnews","image":{"@type":"ImageObject","inLanguage":"de","@id":"https:\/\/now-news.de\/de\/#\/schema\/person\/image\/","url":"https:\/\/secure.gravatar.com\/avatar\/82aafea7d8127119dd649515f56e2117?s=96&d=mm&r=g","contentUrl":"https:\/\/secure.gravatar.com\/avatar\/82aafea7d8127119dd649515f56e2117?s=96&d=mm&r=g","caption":"rtnews"},"url":"https:\/\/now-news.de\/de\/author\/rnews\/"}]}},"_links":{"self":[{"href":"https:\/\/now-news.de\/de\/wp-json\/wp\/v2\/posts\/15386"}],"collection":[{"href":"https:\/\/now-news.de\/de\/wp-json\/wp\/v2\/posts"}],"about":[{"href":"https:\/\/now-news.de\/de\/wp-json\/wp\/v2\/types\/post"}],"author":[{"embeddable":true,"href":"https:\/\/now-news.de\/de\/wp-json\/wp\/v2\/users\/3"}],"replies":[{"embeddable":true,"href":"https:\/\/now-news.de\/de\/wp-json\/wp\/v2\/comments?post=15386"}],"version-history":[{"count":0,"href":"https:\/\/now-news.de\/de\/wp-json\/wp\/v2\/posts\/15386\/revisions"}],"wp:featuredmedia":[{"embeddable":true,"href":"https:\/\/now-news.de\/de\/wp-json\/wp\/v2\/media\/15387"}],"wp:attachment":[{"href":"https:\/\/now-news.de\/de\/wp-json\/wp\/v2\/media?parent=15386"}],"wp:term":[{"taxonomy":"category","embeddable":true,"href":"https:\/\/now-news.de\/de\/wp-json\/wp\/v2\/categories?post=15386"},{"taxonomy":"post_tag","embeddable":true,"href":"https:\/\/now-news.de\/de\/wp-json\/wp\/v2\/tags?post=15386"}],"curies":[{"name":"wp","href":"https:\/\/api.w.org\/{rel}","templated":true}]}}