{"id":15361,"date":"2022-07-28T19:18:09","date_gmt":"2022-07-28T17:18:09","guid":{"rendered":"http:\/\/just-now.news\/de\/deutschland\/ukrainischer-offizier-raeumt-verbindungen-der-heutigen-ukraine-zu-nazi-deutschland-ein\/"},"modified":"2022-07-28T19:18:09","modified_gmt":"2022-07-28T17:18:09","slug":"ukrainischer-offizier-raeumt-verbindungen-der-heutigen-ukraine-zu-nazi-deutschland-ein","status":"publish","type":"post","link":"https:\/\/now-news.de\/de\/deutschland\/ukrainischer-offizier-raeumt-verbindungen-der-heutigen-ukraine-zu-nazi-deutschland-ein\/","title":{"rendered":"Ukrainischer Offizier r\u00e4umt Verbindungen der heutigen Ukraine zu Nazi-Deutschland ein"},"content":{"rendered":"<p><img decoding=\"async\" src=\"http:\/\/just-now.news\/de\/wp-content\/uploads\/sites\/3\/2022\/07\/62e2b06048fbef7c1b460559.jpg\" \/><\/p>\n<p>Zu den Grundlagen der ukrainischen Staatlichkeit geh\u00f6re das von den ukrainischen Nazi-Kollaborateuren im Jahr 1941 entwickelte Gesetz. Dies verk\u00fcndete Andrei Kowaljow, Pressesprecher der 112. Brigade der Territorialen Verteidigung der Ukraine, anl\u00e4sslich des Tages der ukrainischen Staatlichkeit. Kowaljow unterstrich, dass er den Feiertag unterst\u00fctze.<\/p>\n<p>Kowaljow pr\u00e4zisierte ferner, dass es in der Geschichte der Ukraine mehrere Daten gebe, die als Unabh\u00e4ngigkeitstag oder Tag der Wiederherstellung der Unabh\u00e4ngigkeit bezeichnet werden k\u00f6nnten. Als Beispiele nannte er die Wiederherstellung der Unabh\u00e4ngigkeit zu Beginn des 20. Jahrhundert, am 22. Januar 1918, die Proklamation der Unabh\u00e4ngigkeit der Karpaten-Ukraine am 15. M\u00e4rz 1938 und den 30. Juni 1941.<\/p>\n<p>Laut Kowaljow habe es in dem Akt von 1941, der in der Zeitung\u00a0<em>Samostojatelnaja Ukraina<\/em>\u00a0(zu Deutsch: Selbstst\u00e4ndige Ukraine) ver\u00f6ffentlicht wurde, gehei\u00dfen, dass &#8220;der neu gegr\u00fcndete ukrainische Staat eng mit dem nationalsozialistischen Gro\u00dfdeutschland zusammenarbeiten wird, das unter der F\u00fchrung\u00a0von Adolf Hitler eine neue Ordnung in Europa und in der Welt schafft und dem ukrainischen Volk hilft, sich von der Moskauer Besatzung zu befreien&#8221;.<\/p>\n<p>Dieses Dokument wurde von der Organisation Ukrainischer Nationalisten &#8211; ihr Kampffl\u00fcgel war die Ukrainische Aufst\u00e4ndische Armee &#8211; verfasst, deren Anf\u00fchrer Stepan Bandera und Roman Schuchewitsch in Kiew zu &#8220;Helden&#8221; erkl\u00e4rt wurden, die wiederum eng mit Hitler-Deutschland kollaboriert hatten.<\/p>\n<p>Erst k\u00fcrzlich\u00a0hatte der Oberste Gerichtshof der Krim die Handlungen der Nazis w\u00e4hrend der Besetzung der Halbinsel im Zweiten Weltkrieg als V\u00f6lkermord anerkannt.\u00a0W\u00e4hrend des Prozesses wurden Zeugen befragt und Archivdokumente &#8211; auch solche, die zuvor als geheim eingestuft waren &#8211; untersucht. Die\u00a0Beweise \u00fcber die gezielte Massenvernichtung der Zivilbev\u00f6lkerung und der Kriegsgefangenen auf der Krim durch die Nazis und ihre ukrainischen Komplizen wurden wirksam dargelegt. Der Westen \u00fcbersieht weiterhin die Tatsache, dass in der Ukraine Nazi-Kollaborateure als Nationalhelden verehrt werden.<\/p>\n<p><strong>Mehr zum Thema<\/strong> &#8211; <a rel=\"nofollow noopener\" target=\"_blank\" href=\"https:\/\/kurz.rt.com\/32kb\">Wolhynien und der Schlangenmensch von Warschau \u2013 Wie Polens Premier die Geschichte verbiegt<\/a><\/p>\n<p><br \/>\n<br \/><a href=\"https:\/\/de.rt.com\/international\/144683-ukrainischer-offizier-raumt-verbindungen-heutigen\/\">Source link <\/a><\/p>\n","protected":false},"excerpt":{"rendered":"<p>Zu den Grundlagen der ukrainischen Staatlichkeit geh\u00f6re das von den ukrainischen Nazi-Kollaborateuren im Jahr 1941 entwickelte Gesetz. Dies verk\u00fcndete Andrei Kowaljow, Pressesprecher der 112. Brigade der Territorialen Verteidigung der Ukraine, anl\u00e4sslich des Tages der ukrainischen Staatlichkeit. Kowaljow unterstrich, dass er den Feiertag unterst\u00fctze. Kowaljow pr\u00e4zisierte ferner, dass es in der Geschichte der Ukraine mehrere Daten [&hellip;]<\/p>\n","protected":false},"author":3,"featured_media":15362,"comment_status":"open","ping_status":"open","sticky":false,"template":"","format":"standard","meta":{"wp_automatic_camp":["217"],"d4760d314905e0bc6dc7af4b791bc2ca":["Ukrainischer Offizier r\u00e4umt Verbindungen der heutigen Ukraine zu Nazi-Deutschland ein"],"original_link":["https:\/\/de.rt.com\/international\/144683-ukrainischer-offizier-raumt-verbindungen-heutigen\/"],"_thumbnail_id":["15362"],"_wptg_p2tg_sent2tg":["2022-07-28 19:34:17"],"jnews_social_counter_last_update":["1777177385"]},"categories":[19,23],"tags":[82,357,23655,29580,21417,3947,127,488,19160],"yoast_head":"<!-- This site is optimized with the Yoast SEO Premium plugin v22.7 (Yoast SEO v22.7) - https:\/\/yoast.com\/wordpress\/plugins\/seo\/ -->\n<title>Ukrainischer Offizier r\u00e4umt Verbindungen der heutigen Ukraine zu Nazi-Deutschland ein - just-now.NEWS Deutschland<\/title>\n<meta name=\"robots\" content=\"index, follow, max-snippet:-1, max-image-preview:large, max-video-preview:-1\" \/>\n<link rel=\"canonical\" href=\"https:\/\/now-news.de\/de\/deutschland\/ukrainischer-offizier-raeumt-verbindungen-der-heutigen-ukraine-zu-nazi-deutschland-ein\/\" \/>\n<meta property=\"og:locale\" content=\"de_DE\" \/>\n<meta property=\"og:type\" content=\"article\" \/>\n<meta property=\"og:title\" content=\"Ukrainischer Offizier r\u00e4umt Verbindungen der heutigen Ukraine zu Nazi-Deutschland ein\" \/>\n<meta property=\"og:description\" content=\"Zu den Grundlagen der ukrainischen Staatlichkeit geh\u00f6re das von den ukrainischen Nazi-Kollaborateuren im Jahr 1941 entwickelte Gesetz. Dies verk\u00fcndete Andrei Kowaljow, Pressesprecher der 112. Brigade der Territorialen Verteidigung der Ukraine, anl\u00e4sslich des Tages der ukrainischen Staatlichkeit. Kowaljow unterstrich, dass er den Feiertag unterst\u00fctze. Kowaljow pr\u00e4zisierte ferner, dass es in der Geschichte der Ukraine mehrere Daten [&hellip;]\" \/>\n<meta property=\"og:url\" content=\"https:\/\/now-news.de\/de\/deutschland\/ukrainischer-offizier-raeumt-verbindungen-der-heutigen-ukraine-zu-nazi-deutschland-ein\/\" \/>\n<meta property=\"og:site_name\" content=\"just-now.NEWS Deutschland\" \/>\n<meta property=\"article:publisher\" content=\"https:\/\/www.facebook.com\/wirmachenauf\" \/>\n<meta property=\"article:published_time\" content=\"2022-07-28T17:18:09+00:00\" \/>\n<meta property=\"og:image\" content=\"https:\/\/now-news.de\/de\/wp-content\/uploads\/sites\/3\/2022\/07\/Ukrainischer-Offizier-raeumt-Verbindungen-der-heutigen-Ukraine-zu-Nazi-Deutschland-ein.jpg\" \/>\n\t<meta property=\"og:image:width\" content=\"460\" \/>\n\t<meta property=\"og:image:height\" content=\"259\" \/>\n\t<meta property=\"og:image:type\" content=\"image\/jpeg\" \/>\n<meta name=\"author\" content=\"rtnews\" \/>\n<meta name=\"twitter:card\" content=\"summary_large_image\" \/>\n<meta name=\"twitter:creator\" content=\"@WirMachenAuf_de\" \/>\n<meta name=\"twitter:site\" content=\"@WirMachenAuf_de\" \/>\n<meta name=\"twitter:label1\" content=\"Verfasst von\" \/>\n\t<meta name=\"twitter:data1\" content=\"rtnews\" \/>\n\t<meta name=\"twitter:label2\" content=\"Gesch\u00e4tzte Lesezeit\" \/>\n\t<meta name=\"twitter:data2\" content=\"2\u00a0Minuten\" \/>\n<script type=\"application\/ld+json\" class=\"yoast-schema-graph\">{\"@context\":\"https:\/\/schema.org\",\"@graph\":[{\"@type\":\"Article\",\"@id\":\"https:\/\/now-news.de\/de\/deutschland\/ukrainischer-offizier-raeumt-verbindungen-der-heutigen-ukraine-zu-nazi-deutschland-ein\/#article\",\"isPartOf\":{\"@id\":\"https:\/\/now-news.de\/de\/deutschland\/ukrainischer-offizier-raeumt-verbindungen-der-heutigen-ukraine-zu-nazi-deutschland-ein\/\"},\"author\":{\"name\":\"rtnews\",\"@id\":\"https:\/\/now-news.de\/de\/#\/schema\/person\/fb534a4e865501d8b3285208df34a9b5\"},\"headline\":\"Ukrainischer Offizier r\u00e4umt Verbindungen der heutigen Ukraine zu Nazi-Deutschland ein\",\"datePublished\":\"2022-07-28T17:18:09+00:00\",\"dateModified\":\"2022-07-28T17:18:09+00:00\",\"mainEntityOfPage\":{\"@id\":\"https:\/\/now-news.de\/de\/deutschland\/ukrainischer-offizier-raeumt-verbindungen-der-heutigen-ukraine-zu-nazi-deutschland-ein\/\"},\"wordCount\":329,\"commentCount\":0,\"publisher\":{\"@id\":\"https:\/\/now-news.de\/de\/#organization\"},\"image\":{\"@id\":\"https:\/\/now-news.de\/de\/deutschland\/ukrainischer-offizier-raeumt-verbindungen-der-heutigen-ukraine-zu-nazi-deutschland-ein\/#primaryimage\"},\"thumbnailUrl\":\"https:\/\/now-news.de\/de\/wp-content\/uploads\/sites\/3\/2022\/07\/Ukrainischer-Offizier-raeumt-Verbindungen-der-heutigen-Ukraine-zu-Nazi-Deutschland-ein.jpg\",\"keywords\":[\"der\",\"ein\",\"heutigen\",\"NaziDeutschland\",\"Offizier\",\"r\u00e4umt\",\"ukraine\",\"Ukrainischer\",\"Verbindungen\"],\"articleSection\":[\"Deutschland\",\"Russland\"],\"inLanguage\":\"de\",\"potentialAction\":[{\"@type\":\"CommentAction\",\"name\":\"Comment\",\"target\":[\"https:\/\/now-news.de\/de\/deutschland\/ukrainischer-offizier-raeumt-verbindungen-der-heutigen-ukraine-zu-nazi-deutschland-ein\/#respond\"]}]},{\"@type\":\"WebPage\",\"@id\":\"https:\/\/now-news.de\/de\/deutschland\/ukrainischer-offizier-raeumt-verbindungen-der-heutigen-ukraine-zu-nazi-deutschland-ein\/\",\"url\":\"https:\/\/now-news.de\/de\/deutschland\/ukrainischer-offizier-raeumt-verbindungen-der-heutigen-ukraine-zu-nazi-deutschland-ein\/\",\"name\":\"Ukrainischer Offizier r\u00e4umt Verbindungen der heutigen Ukraine zu Nazi-Deutschland ein - just-now.NEWS Deutschland\",\"isPartOf\":{\"@id\":\"https:\/\/now-news.de\/de\/#website\"},\"primaryImageOfPage\":{\"@id\":\"https:\/\/now-news.de\/de\/deutschland\/ukrainischer-offizier-raeumt-verbindungen-der-heutigen-ukraine-zu-nazi-deutschland-ein\/#primaryimage\"},\"image\":{\"@id\":\"https:\/\/now-news.de\/de\/deutschland\/ukrainischer-offizier-raeumt-verbindungen-der-heutigen-ukraine-zu-nazi-deutschland-ein\/#primaryimage\"},\"thumbnailUrl\":\"https:\/\/now-news.de\/de\/wp-content\/uploads\/sites\/3\/2022\/07\/Ukrainischer-Offizier-raeumt-Verbindungen-der-heutigen-Ukraine-zu-Nazi-Deutschland-ein.jpg\",\"datePublished\":\"2022-07-28T17:18:09+00:00\",\"dateModified\":\"2022-07-28T17:18:09+00:00\",\"breadcrumb\":{\"@id\":\"https:\/\/now-news.de\/de\/deutschland\/ukrainischer-offizier-raeumt-verbindungen-der-heutigen-ukraine-zu-nazi-deutschland-ein\/#breadcrumb\"},\"inLanguage\":\"de\",\"potentialAction\":[{\"@type\":\"ReadAction\",\"target\":[\"https:\/\/now-news.de\/de\/deutschland\/ukrainischer-offizier-raeumt-verbindungen-der-heutigen-ukraine-zu-nazi-deutschland-ein\/\"]}]},{\"@type\":\"ImageObject\",\"inLanguage\":\"de\",\"@id\":\"https:\/\/now-news.de\/de\/deutschland\/ukrainischer-offizier-raeumt-verbindungen-der-heutigen-ukraine-zu-nazi-deutschland-ein\/#primaryimage\",\"url\":\"https:\/\/now-news.de\/de\/wp-content\/uploads\/sites\/3\/2022\/07\/Ukrainischer-Offizier-raeumt-Verbindungen-der-heutigen-Ukraine-zu-Nazi-Deutschland-ein.jpg\",\"contentUrl\":\"https:\/\/now-news.de\/de\/wp-content\/uploads\/sites\/3\/2022\/07\/Ukrainischer-Offizier-raeumt-Verbindungen-der-heutigen-Ukraine-zu-Nazi-Deutschland-ein.jpg\",\"width\":460,\"height\":259,\"caption\":\"Ukrainischer Offizier r\u00e4umt Verbindungen der heutigen Ukraine zu Nazi-Deutschland ein\"},{\"@type\":\"BreadcrumbList\",\"@id\":\"https:\/\/now-news.de\/de\/deutschland\/ukrainischer-offizier-raeumt-verbindungen-der-heutigen-ukraine-zu-nazi-deutschland-ein\/#breadcrumb\",\"itemListElement\":[{\"@type\":\"ListItem\",\"position\":1,\"name\":\"Home\",\"item\":\"https:\/\/now-news.de\/de\/\"},{\"@type\":\"ListItem\",\"position\":2,\"name\":\"Ukrainischer Offizier r\u00e4umt Verbindungen der heutigen Ukraine zu Nazi-Deutschland ein\"}]},{\"@type\":\"WebSite\",\"@id\":\"https:\/\/now-news.de\/de\/#website\",\"url\":\"https:\/\/now-news.de\/de\/\",\"name\":\"just-now.NEWS Deutschland\",\"description\":\"Das Portal f\u00fcr unzensierte Nachrichten aus der Welt\",\"publisher\":{\"@id\":\"https:\/\/now-news.de\/de\/#organization\"},\"potentialAction\":[{\"@type\":\"SearchAction\",\"target\":{\"@type\":\"EntryPoint\",\"urlTemplate\":\"https:\/\/now-news.de\/de\/?s={search_term_string}\"},\"query-input\":\"required name=search_term_string\"}],\"inLanguage\":\"de\"},{\"@type\":\"Organization\",\"@id\":\"https:\/\/now-news.de\/de\/#organization\",\"name\":\"Just Now News\",\"url\":\"https:\/\/now-news.de\/de\/\",\"logo\":{\"@type\":\"ImageObject\",\"inLanguage\":\"de\",\"@id\":\"https:\/\/now-news.de\/de\/#\/schema\/logo\/image\/\",\"url\":\"http:\/\/just-now.news\/de\/wp-content\/uploads\/sites\/3\/2022\/04\/logo500x500.jpg\",\"contentUrl\":\"http:\/\/just-now.news\/de\/wp-content\/uploads\/sites\/3\/2022\/04\/logo500x500.jpg\",\"width\":500,\"height\":500,\"caption\":\"Just Now News\"},\"image\":{\"@id\":\"https:\/\/now-news.de\/de\/#\/schema\/logo\/image\/\"},\"sameAs\":[\"https:\/\/www.facebook.com\/wirmachenauf\",\"https:\/\/x.com\/WirMachenAuf_de\"]},{\"@type\":\"Person\",\"@id\":\"https:\/\/now-news.de\/de\/#\/schema\/person\/fb534a4e865501d8b3285208df34a9b5\",\"name\":\"rtnews\",\"image\":{\"@type\":\"ImageObject\",\"inLanguage\":\"de\",\"@id\":\"https:\/\/now-news.de\/de\/#\/schema\/person\/image\/\",\"url\":\"https:\/\/secure.gravatar.com\/avatar\/82aafea7d8127119dd649515f56e2117?s=96&d=mm&r=g\",\"contentUrl\":\"https:\/\/secure.gravatar.com\/avatar\/82aafea7d8127119dd649515f56e2117?s=96&d=mm&r=g\",\"caption\":\"rtnews\"},\"url\":\"https:\/\/now-news.de\/de\/author\/rnews\/\"}]}<\/script>\n<!-- \/ Yoast SEO Premium plugin. -->","yoast_head_json":{"title":"Ukrainischer Offizier r\u00e4umt Verbindungen der heutigen Ukraine zu Nazi-Deutschland ein - just-now.NEWS Deutschland","robots":{"index":"index","follow":"follow","max-snippet":"max-snippet:-1","max-image-preview":"max-image-preview:large","max-video-preview":"max-video-preview:-1"},"canonical":"https:\/\/now-news.de\/de\/deutschland\/ukrainischer-offizier-raeumt-verbindungen-der-heutigen-ukraine-zu-nazi-deutschland-ein\/","og_locale":"de_DE","og_type":"article","og_title":"Ukrainischer Offizier r\u00e4umt Verbindungen der heutigen Ukraine zu Nazi-Deutschland ein","og_description":"Zu den Grundlagen der ukrainischen Staatlichkeit geh\u00f6re das von den ukrainischen Nazi-Kollaborateuren im Jahr 1941 entwickelte Gesetz. Dies verk\u00fcndete Andrei Kowaljow, Pressesprecher der 112. Brigade der Territorialen Verteidigung der Ukraine, anl\u00e4sslich des Tages der ukrainischen Staatlichkeit. Kowaljow unterstrich, dass er den Feiertag unterst\u00fctze. Kowaljow pr\u00e4zisierte ferner, dass es in der Geschichte der Ukraine mehrere Daten [&hellip;]","og_url":"https:\/\/now-news.de\/de\/deutschland\/ukrainischer-offizier-raeumt-verbindungen-der-heutigen-ukraine-zu-nazi-deutschland-ein\/","og_site_name":"just-now.NEWS Deutschland","article_publisher":"https:\/\/www.facebook.com\/wirmachenauf","article_published_time":"2022-07-28T17:18:09+00:00","og_image":[{"width":460,"height":259,"url":"https:\/\/now-news.de\/de\/wp-content\/uploads\/sites\/3\/2022\/07\/Ukrainischer-Offizier-raeumt-Verbindungen-der-heutigen-Ukraine-zu-Nazi-Deutschland-ein.jpg","type":"image\/jpeg"}],"author":"rtnews","twitter_card":"summary_large_image","twitter_creator":"@WirMachenAuf_de","twitter_site":"@WirMachenAuf_de","twitter_misc":{"Verfasst von":"rtnews","Gesch\u00e4tzte Lesezeit":"2\u00a0Minuten"},"schema":{"@context":"https:\/\/schema.org","@graph":[{"@type":"Article","@id":"https:\/\/now-news.de\/de\/deutschland\/ukrainischer-offizier-raeumt-verbindungen-der-heutigen-ukraine-zu-nazi-deutschland-ein\/#article","isPartOf":{"@id":"https:\/\/now-news.de\/de\/deutschland\/ukrainischer-offizier-raeumt-verbindungen-der-heutigen-ukraine-zu-nazi-deutschland-ein\/"},"author":{"name":"rtnews","@id":"https:\/\/now-news.de\/de\/#\/schema\/person\/fb534a4e865501d8b3285208df34a9b5"},"headline":"Ukrainischer Offizier r\u00e4umt Verbindungen der heutigen Ukraine zu Nazi-Deutschland ein","datePublished":"2022-07-28T17:18:09+00:00","dateModified":"2022-07-28T17:18:09+00:00","mainEntityOfPage":{"@id":"https:\/\/now-news.de\/de\/deutschland\/ukrainischer-offizier-raeumt-verbindungen-der-heutigen-ukraine-zu-nazi-deutschland-ein\/"},"wordCount":329,"commentCount":0,"publisher":{"@id":"https:\/\/now-news.de\/de\/#organization"},"image":{"@id":"https:\/\/now-news.de\/de\/deutschland\/ukrainischer-offizier-raeumt-verbindungen-der-heutigen-ukraine-zu-nazi-deutschland-ein\/#primaryimage"},"thumbnailUrl":"https:\/\/now-news.de\/de\/wp-content\/uploads\/sites\/3\/2022\/07\/Ukrainischer-Offizier-raeumt-Verbindungen-der-heutigen-Ukraine-zu-Nazi-Deutschland-ein.jpg","keywords":["der","ein","heutigen","NaziDeutschland","Offizier","r\u00e4umt","ukraine","Ukrainischer","Verbindungen"],"articleSection":["Deutschland","Russland"],"inLanguage":"de","potentialAction":[{"@type":"CommentAction","name":"Comment","target":["https:\/\/now-news.de\/de\/deutschland\/ukrainischer-offizier-raeumt-verbindungen-der-heutigen-ukraine-zu-nazi-deutschland-ein\/#respond"]}]},{"@type":"WebPage","@id":"https:\/\/now-news.de\/de\/deutschland\/ukrainischer-offizier-raeumt-verbindungen-der-heutigen-ukraine-zu-nazi-deutschland-ein\/","url":"https:\/\/now-news.de\/de\/deutschland\/ukrainischer-offizier-raeumt-verbindungen-der-heutigen-ukraine-zu-nazi-deutschland-ein\/","name":"Ukrainischer Offizier r\u00e4umt Verbindungen der heutigen Ukraine zu Nazi-Deutschland ein - just-now.NEWS Deutschland","isPartOf":{"@id":"https:\/\/now-news.de\/de\/#website"},"primaryImageOfPage":{"@id":"https:\/\/now-news.de\/de\/deutschland\/ukrainischer-offizier-raeumt-verbindungen-der-heutigen-ukraine-zu-nazi-deutschland-ein\/#primaryimage"},"image":{"@id":"https:\/\/now-news.de\/de\/deutschland\/ukrainischer-offizier-raeumt-verbindungen-der-heutigen-ukraine-zu-nazi-deutschland-ein\/#primaryimage"},"thumbnailUrl":"https:\/\/now-news.de\/de\/wp-content\/uploads\/sites\/3\/2022\/07\/Ukrainischer-Offizier-raeumt-Verbindungen-der-heutigen-Ukraine-zu-Nazi-Deutschland-ein.jpg","datePublished":"2022-07-28T17:18:09+00:00","dateModified":"2022-07-28T17:18:09+00:00","breadcrumb":{"@id":"https:\/\/now-news.de\/de\/deutschland\/ukrainischer-offizier-raeumt-verbindungen-der-heutigen-ukraine-zu-nazi-deutschland-ein\/#breadcrumb"},"inLanguage":"de","potentialAction":[{"@type":"ReadAction","target":["https:\/\/now-news.de\/de\/deutschland\/ukrainischer-offizier-raeumt-verbindungen-der-heutigen-ukraine-zu-nazi-deutschland-ein\/"]}]},{"@type":"ImageObject","inLanguage":"de","@id":"https:\/\/now-news.de\/de\/deutschland\/ukrainischer-offizier-raeumt-verbindungen-der-heutigen-ukraine-zu-nazi-deutschland-ein\/#primaryimage","url":"https:\/\/now-news.de\/de\/wp-content\/uploads\/sites\/3\/2022\/07\/Ukrainischer-Offizier-raeumt-Verbindungen-der-heutigen-Ukraine-zu-Nazi-Deutschland-ein.jpg","contentUrl":"https:\/\/now-news.de\/de\/wp-content\/uploads\/sites\/3\/2022\/07\/Ukrainischer-Offizier-raeumt-Verbindungen-der-heutigen-Ukraine-zu-Nazi-Deutschland-ein.jpg","width":460,"height":259,"caption":"Ukrainischer Offizier r\u00e4umt Verbindungen der heutigen Ukraine zu Nazi-Deutschland ein"},{"@type":"BreadcrumbList","@id":"https:\/\/now-news.de\/de\/deutschland\/ukrainischer-offizier-raeumt-verbindungen-der-heutigen-ukraine-zu-nazi-deutschland-ein\/#breadcrumb","itemListElement":[{"@type":"ListItem","position":1,"name":"Home","item":"https:\/\/now-news.de\/de\/"},{"@type":"ListItem","position":2,"name":"Ukrainischer Offizier r\u00e4umt Verbindungen der heutigen Ukraine zu Nazi-Deutschland ein"}]},{"@type":"WebSite","@id":"https:\/\/now-news.de\/de\/#website","url":"https:\/\/now-news.de\/de\/","name":"just-now.NEWS Deutschland","description":"Das Portal f\u00fcr unzensierte Nachrichten aus der Welt","publisher":{"@id":"https:\/\/now-news.de\/de\/#organization"},"potentialAction":[{"@type":"SearchAction","target":{"@type":"EntryPoint","urlTemplate":"https:\/\/now-news.de\/de\/?s={search_term_string}"},"query-input":"required name=search_term_string"}],"inLanguage":"de"},{"@type":"Organization","@id":"https:\/\/now-news.de\/de\/#organization","name":"Just Now News","url":"https:\/\/now-news.de\/de\/","logo":{"@type":"ImageObject","inLanguage":"de","@id":"https:\/\/now-news.de\/de\/#\/schema\/logo\/image\/","url":"http:\/\/just-now.news\/de\/wp-content\/uploads\/sites\/3\/2022\/04\/logo500x500.jpg","contentUrl":"http:\/\/just-now.news\/de\/wp-content\/uploads\/sites\/3\/2022\/04\/logo500x500.jpg","width":500,"height":500,"caption":"Just Now News"},"image":{"@id":"https:\/\/now-news.de\/de\/#\/schema\/logo\/image\/"},"sameAs":["https:\/\/www.facebook.com\/wirmachenauf","https:\/\/x.com\/WirMachenAuf_de"]},{"@type":"Person","@id":"https:\/\/now-news.de\/de\/#\/schema\/person\/fb534a4e865501d8b3285208df34a9b5","name":"rtnews","image":{"@type":"ImageObject","inLanguage":"de","@id":"https:\/\/now-news.de\/de\/#\/schema\/person\/image\/","url":"https:\/\/secure.gravatar.com\/avatar\/82aafea7d8127119dd649515f56e2117?s=96&d=mm&r=g","contentUrl":"https:\/\/secure.gravatar.com\/avatar\/82aafea7d8127119dd649515f56e2117?s=96&d=mm&r=g","caption":"rtnews"},"url":"https:\/\/now-news.de\/de\/author\/rnews\/"}]}},"_links":{"self":[{"href":"https:\/\/now-news.de\/de\/wp-json\/wp\/v2\/posts\/15361"}],"collection":[{"href":"https:\/\/now-news.de\/de\/wp-json\/wp\/v2\/posts"}],"about":[{"href":"https:\/\/now-news.de\/de\/wp-json\/wp\/v2\/types\/post"}],"author":[{"embeddable":true,"href":"https:\/\/now-news.de\/de\/wp-json\/wp\/v2\/users\/3"}],"replies":[{"embeddable":true,"href":"https:\/\/now-news.de\/de\/wp-json\/wp\/v2\/comments?post=15361"}],"version-history":[{"count":0,"href":"https:\/\/now-news.de\/de\/wp-json\/wp\/v2\/posts\/15361\/revisions"}],"wp:featuredmedia":[{"embeddable":true,"href":"https:\/\/now-news.de\/de\/wp-json\/wp\/v2\/media\/15362"}],"wp:attachment":[{"href":"https:\/\/now-news.de\/de\/wp-json\/wp\/v2\/media?parent=15361"}],"wp:term":[{"taxonomy":"category","embeddable":true,"href":"https:\/\/now-news.de\/de\/wp-json\/wp\/v2\/categories?post=15361"},{"taxonomy":"post_tag","embeddable":true,"href":"https:\/\/now-news.de\/de\/wp-json\/wp\/v2\/tags?post=15361"}],"curies":[{"name":"wp","href":"https:\/\/api.w.org\/{rel}","templated":true}]}}