{"id":15300,"date":"2022-07-28T07:40:40","date_gmt":"2022-07-28T05:40:40","guid":{"rendered":"http:\/\/just-now.news\/de\/deutschland\/ab-1-august-frankreich-hebt-saemtliche-corona-massnahmen-auf\/"},"modified":"2022-07-28T07:40:40","modified_gmt":"2022-07-28T05:40:40","slug":"ab-1-august-frankreich-hebt-saemtliche-corona-massnahmen-auf","status":"publish","type":"post","link":"https:\/\/now-news.de\/de\/deutschland\/ab-1-august-frankreich-hebt-saemtliche-corona-massnahmen-auf\/","title":{"rendered":"Ab 1. August: Frankreich hebt s\u00e4mtliche Corona-Ma\u00dfnahmen auf"},"content":{"rendered":"<p><img decoding=\"async\" src=\"http:\/\/just-now.news\/de\/wp-content\/uploads\/sites\/3\/2022\/07\/62e197bfb480cc2ede3fe374.jpg\" \/><\/p>\n<div class=\"Text-root Text-type_1 \">\n                Immer mehr L\u00e4nder in Europa beenden ihre Corona-Ma\u00dfnahmen: Frankreich schafft s\u00e4mtliche Ma\u00dfnahmen ab und in \u00d6sterreich f\u00e4llt die Isolationspflicht weg. In Deutschland hingegen wird noch \u00fcber das Ende der Quarant\u00e4nepflicht diskutiert.\n            <\/div>\n<p><\/p>\n<div class=\"Text-root Text-type_5 ArticleView-text ViewText-root \">\n<p>In Frankreich verabschiedete das Parlament am Dienstag ein Gesetz, welche die Abschaffung s\u00e4mtlicher Corona-Ma\u00dfnahmen ab dem 1. August vorsieht und ausdr\u00fccklich den Gesundheitspass und andere Ausnahmeregelungen gegen COVID-19 beendet. Der Senat billigte das Gesetz mit 209 zu 30 Stimmen.<\/p>\n<p>Wenn die Regierung in Zukunft im Falle einer Gesundheitskrise nun au\u00dfergew\u00f6hnliche Befugnisse ben\u00f6tigt, muss sie diese einzeln mit dem Parlament aushandeln. Einziger Vorbehalt: In bestimmten F\u00e4llen kann die Regierung einen negativen Corona-Test f\u00fcr Reisen in franz\u00f6sisches Hoheitsgebiet oder bei Reisen in \u00dcberseegebiete vorschreiben. Dies gilt jedoch nur f\u00fcr Gegenden, in denen eine &#8220;gef\u00e4hrliche COVID-Variante&#8221; auftritt oder f\u00fcr Reisen in \u00dcberseegebiete, wenn die Gefahr besteht, dass die Krankenh\u00e4user \u00fcberlastet sind.<\/p>\n<p>In \u00d6sterreich entf\u00e4llt ebenfalls ab dem 1. August die Quarant\u00e4nepflicht f\u00fcr positiv auf SARS-CoV-2 Getestete. Wie Gesundheitsminister Johannes Rauch auf einer Pressekonferenz bekanntgab, d\u00fcrfen auch positiv Getestete, wenn sie sich nicht krank f\u00fchlen, das Haus verlassen. Allerdings m\u00fcssen sie eine Maske tragen \u2013 es sei denn, sie befinden sich im Freien und halten zwei Meter Abstand zu anderen Personen. Man habe sich dabei an Staaten wie D\u00e4nemark, Norwegen, Spanien, Gro\u00dfbritannien und der Schweiz orientiert, in denen die Isolationspflicht teils schon lange abgeschafft ist \u2013 ohne dass es gr\u00f6\u00dfere Folgen gegeben habe.<\/p>\n<p>In Deutschland hingegen gibt es immer noch Diskussionen \u00fcber das Ende der Quarant\u00e4nepflicht. Die bisherige Regelung sieht f\u00fcnf Tage Selbstisolation vor. Der Vorsitzende der Kassen\u00e4rztlichen Bundesvereinigung, Andreas Gassen, hatte am Wochenende die Debatte entfacht, indem er ein Ende der Quarant\u00e4neregelung forderte, damit man die Personalengp\u00e4sse in den Kliniken entsch\u00e4rfen k\u00f6nne.<\/p>\n<blockquote>\n<p><em>&#8220;Wer krank ist, bleibt zu Hause. Wer sich gesund f\u00fchlt, geht zur Arbeit. So halten wir es mit anderen Infektionskrankheiten wie der Grippe auch&#8221;, sagte Gassen.<\/em><\/p>\n<\/blockquote>\n<p>Bundesgesundheitsminister Karl Lauterbach (SPD) lehnte dies ab. In der Ampelkoalition gibt es jedoch Meinungsverschiedenheiten zu dem Thema: Die Gr\u00fcnen pl\u00e4dieren wie Lauterbach f\u00fcr die Fortsetzung der Isolationspflicht, die FDP setzt sich f\u00fcr deren Abschaffung ein.<\/p>\n<p><strong>Mehr zum Thema <\/strong>&#8211;\u00a0<a rel=\"nofollow noopener\" target=\"_blank\" href=\"https:\/\/test.rtde.tech\/inland\/144510-osterreich-schafft-quarantane-pflicht-ab\/\">\u00d6sterreich schafft Quarant\u00e4nepflicht ab<\/a><\/p>\n<\/div>\n<p><br \/>\n<br \/><a href=\"https:\/\/de.rt.com\/europa\/144612-ab-1-august-frankreich-hebt\/\">Source link <\/a><\/p>\n","protected":false},"excerpt":{"rendered":"<p>Immer mehr L\u00e4nder in Europa beenden ihre Corona-Ma\u00dfnahmen: Frankreich schafft s\u00e4mtliche Ma\u00dfnahmen ab und in \u00d6sterreich f\u00e4llt die Isolationspflicht weg. In Deutschland hingegen wird noch \u00fcber das Ende der Quarant\u00e4nepflicht diskutiert. In Frankreich verabschiedete das Parlament am Dienstag ein Gesetz, welche die Abschaffung s\u00e4mtlicher Corona-Ma\u00dfnahmen ab dem 1. August vorsieht und ausdr\u00fccklich den Gesundheitspass und [&hellip;]<\/p>\n","protected":false},"author":3,"featured_media":15301,"comment_status":"open","ping_status":"open","sticky":false,"template":"","format":"standard","meta":{"wp_automatic_camp":["217"],"43520d001a2789e3e34c64608d476191":["Ab 1. August: Frankreich hebt s\u00e4mtliche Corona-Ma\u00dfnahmen auf"],"original_link":["https:\/\/de.rt.com\/europa\/144612-ab-1-august-frankreich-hebt\/"],"_thumbnail_id":["15301"],"_wptg_p2tg_sent2tg":["2022-07-28 07:45:10"],"jnews_social_counter_last_update":["1777260373"]},"categories":[19,23],"tags":[133,13604,6547,3320,21299,29524],"yoast_head":"<!-- This site is optimized with the Yoast SEO Premium plugin v22.7 (Yoast SEO v22.7) - https:\/\/yoast.com\/wordpress\/plugins\/seo\/ -->\n<title>Ab 1. August: Frankreich hebt s\u00e4mtliche Corona-Ma\u00dfnahmen auf - just-now.NEWS Deutschland<\/title>\n<meta name=\"robots\" content=\"index, follow, max-snippet:-1, max-image-preview:large, max-video-preview:-1\" \/>\n<link rel=\"canonical\" href=\"https:\/\/now-news.de\/de\/deutschland\/ab-1-august-frankreich-hebt-saemtliche-corona-massnahmen-auf\/\" \/>\n<meta property=\"og:locale\" content=\"de_DE\" \/>\n<meta property=\"og:type\" content=\"article\" \/>\n<meta property=\"og:title\" content=\"Ab 1. August: Frankreich hebt s\u00e4mtliche Corona-Ma\u00dfnahmen auf\" \/>\n<meta property=\"og:description\" content=\"Immer mehr L\u00e4nder in Europa beenden ihre Corona-Ma\u00dfnahmen: Frankreich schafft s\u00e4mtliche Ma\u00dfnahmen ab und in \u00d6sterreich f\u00e4llt die Isolationspflicht weg. In Deutschland hingegen wird noch \u00fcber das Ende der Quarant\u00e4nepflicht diskutiert. In Frankreich verabschiedete das Parlament am Dienstag ein Gesetz, welche die Abschaffung s\u00e4mtlicher Corona-Ma\u00dfnahmen ab dem 1. August vorsieht und ausdr\u00fccklich den Gesundheitspass und [&hellip;]\" \/>\n<meta property=\"og:url\" content=\"https:\/\/now-news.de\/de\/deutschland\/ab-1-august-frankreich-hebt-saemtliche-corona-massnahmen-auf\/\" \/>\n<meta property=\"og:site_name\" content=\"just-now.NEWS Deutschland\" \/>\n<meta property=\"article:publisher\" content=\"https:\/\/www.facebook.com\/wirmachenauf\" \/>\n<meta property=\"article:published_time\" content=\"2022-07-28T05:40:40+00:00\" \/>\n<meta property=\"og:image\" content=\"https:\/\/now-news.de\/de\/wp-content\/uploads\/sites\/3\/2022\/07\/Ab-1-August-Frankreich-hebt-saemtliche-Corona-Massnahmen-auf.jpg\" \/>\n\t<meta property=\"og:image:width\" content=\"460\" \/>\n\t<meta property=\"og:image:height\" content=\"259\" \/>\n\t<meta property=\"og:image:type\" content=\"image\/jpeg\" \/>\n<meta name=\"author\" content=\"rtnews\" \/>\n<meta name=\"twitter:card\" content=\"summary_large_image\" \/>\n<meta name=\"twitter:creator\" content=\"@WirMachenAuf_de\" \/>\n<meta name=\"twitter:site\" content=\"@WirMachenAuf_de\" \/>\n<meta name=\"twitter:label1\" content=\"Verfasst von\" \/>\n\t<meta name=\"twitter:data1\" content=\"rtnews\" \/>\n\t<meta name=\"twitter:label2\" content=\"Gesch\u00e4tzte Lesezeit\" \/>\n\t<meta name=\"twitter:data2\" content=\"2\u00a0Minuten\" \/>\n<script type=\"application\/ld+json\" class=\"yoast-schema-graph\">{\"@context\":\"https:\/\/schema.org\",\"@graph\":[{\"@type\":\"Article\",\"@id\":\"https:\/\/now-news.de\/de\/deutschland\/ab-1-august-frankreich-hebt-saemtliche-corona-massnahmen-auf\/#article\",\"isPartOf\":{\"@id\":\"https:\/\/now-news.de\/de\/deutschland\/ab-1-august-frankreich-hebt-saemtliche-corona-massnahmen-auf\/\"},\"author\":{\"name\":\"rtnews\",\"@id\":\"https:\/\/now-news.de\/de\/#\/schema\/person\/fb534a4e865501d8b3285208df34a9b5\"},\"headline\":\"Ab 1. August: Frankreich hebt s\u00e4mtliche Corona-Ma\u00dfnahmen auf\",\"datePublished\":\"2022-07-28T05:40:40+00:00\",\"dateModified\":\"2022-07-28T05:40:40+00:00\",\"mainEntityOfPage\":{\"@id\":\"https:\/\/now-news.de\/de\/deutschland\/ab-1-august-frankreich-hebt-saemtliche-corona-massnahmen-auf\/\"},\"wordCount\":396,\"commentCount\":0,\"publisher\":{\"@id\":\"https:\/\/now-news.de\/de\/#organization\"},\"image\":{\"@id\":\"https:\/\/now-news.de\/de\/deutschland\/ab-1-august-frankreich-hebt-saemtliche-corona-massnahmen-auf\/#primaryimage\"},\"thumbnailUrl\":\"https:\/\/now-news.de\/de\/wp-content\/uploads\/sites\/3\/2022\/07\/Ab-1-August-Frankreich-hebt-saemtliche-Corona-Massnahmen-auf.jpg\",\"keywords\":[\"AUF\",\"August\",\"CoronaMassnahmen\",\"Frankreich\",\"hebt\",\"s\u00e4mtliche\"],\"articleSection\":[\"Deutschland\",\"Russland\"],\"inLanguage\":\"de\",\"potentialAction\":[{\"@type\":\"CommentAction\",\"name\":\"Comment\",\"target\":[\"https:\/\/now-news.de\/de\/deutschland\/ab-1-august-frankreich-hebt-saemtliche-corona-massnahmen-auf\/#respond\"]}]},{\"@type\":\"WebPage\",\"@id\":\"https:\/\/now-news.de\/de\/deutschland\/ab-1-august-frankreich-hebt-saemtliche-corona-massnahmen-auf\/\",\"url\":\"https:\/\/now-news.de\/de\/deutschland\/ab-1-august-frankreich-hebt-saemtliche-corona-massnahmen-auf\/\",\"name\":\"Ab 1. August: Frankreich hebt s\u00e4mtliche Corona-Ma\u00dfnahmen auf - just-now.NEWS Deutschland\",\"isPartOf\":{\"@id\":\"https:\/\/now-news.de\/de\/#website\"},\"primaryImageOfPage\":{\"@id\":\"https:\/\/now-news.de\/de\/deutschland\/ab-1-august-frankreich-hebt-saemtliche-corona-massnahmen-auf\/#primaryimage\"},\"image\":{\"@id\":\"https:\/\/now-news.de\/de\/deutschland\/ab-1-august-frankreich-hebt-saemtliche-corona-massnahmen-auf\/#primaryimage\"},\"thumbnailUrl\":\"https:\/\/now-news.de\/de\/wp-content\/uploads\/sites\/3\/2022\/07\/Ab-1-August-Frankreich-hebt-saemtliche-Corona-Massnahmen-auf.jpg\",\"datePublished\":\"2022-07-28T05:40:40+00:00\",\"dateModified\":\"2022-07-28T05:40:40+00:00\",\"breadcrumb\":{\"@id\":\"https:\/\/now-news.de\/de\/deutschland\/ab-1-august-frankreich-hebt-saemtliche-corona-massnahmen-auf\/#breadcrumb\"},\"inLanguage\":\"de\",\"potentialAction\":[{\"@type\":\"ReadAction\",\"target\":[\"https:\/\/now-news.de\/de\/deutschland\/ab-1-august-frankreich-hebt-saemtliche-corona-massnahmen-auf\/\"]}]},{\"@type\":\"ImageObject\",\"inLanguage\":\"de\",\"@id\":\"https:\/\/now-news.de\/de\/deutschland\/ab-1-august-frankreich-hebt-saemtliche-corona-massnahmen-auf\/#primaryimage\",\"url\":\"https:\/\/now-news.de\/de\/wp-content\/uploads\/sites\/3\/2022\/07\/Ab-1-August-Frankreich-hebt-saemtliche-Corona-Massnahmen-auf.jpg\",\"contentUrl\":\"https:\/\/now-news.de\/de\/wp-content\/uploads\/sites\/3\/2022\/07\/Ab-1-August-Frankreich-hebt-saemtliche-Corona-Massnahmen-auf.jpg\",\"width\":460,\"height\":259,\"caption\":\"Ab 1. August: Frankreich hebt s\u00e4mtliche Corona-Ma\u00dfnahmen auf\"},{\"@type\":\"BreadcrumbList\",\"@id\":\"https:\/\/now-news.de\/de\/deutschland\/ab-1-august-frankreich-hebt-saemtliche-corona-massnahmen-auf\/#breadcrumb\",\"itemListElement\":[{\"@type\":\"ListItem\",\"position\":1,\"name\":\"Home\",\"item\":\"https:\/\/now-news.de\/de\/\"},{\"@type\":\"ListItem\",\"position\":2,\"name\":\"Ab 1. August: Frankreich hebt s\u00e4mtliche Corona-Ma\u00dfnahmen auf\"}]},{\"@type\":\"WebSite\",\"@id\":\"https:\/\/now-news.de\/de\/#website\",\"url\":\"https:\/\/now-news.de\/de\/\",\"name\":\"just-now.NEWS Deutschland\",\"description\":\"Das Portal f\u00fcr unzensierte Nachrichten aus der Welt\",\"publisher\":{\"@id\":\"https:\/\/now-news.de\/de\/#organization\"},\"potentialAction\":[{\"@type\":\"SearchAction\",\"target\":{\"@type\":\"EntryPoint\",\"urlTemplate\":\"https:\/\/now-news.de\/de\/?s={search_term_string}\"},\"query-input\":\"required name=search_term_string\"}],\"inLanguage\":\"de\"},{\"@type\":\"Organization\",\"@id\":\"https:\/\/now-news.de\/de\/#organization\",\"name\":\"Just Now News\",\"url\":\"https:\/\/now-news.de\/de\/\",\"logo\":{\"@type\":\"ImageObject\",\"inLanguage\":\"de\",\"@id\":\"https:\/\/now-news.de\/de\/#\/schema\/logo\/image\/\",\"url\":\"http:\/\/just-now.news\/de\/wp-content\/uploads\/sites\/3\/2022\/04\/logo500x500.jpg\",\"contentUrl\":\"http:\/\/just-now.news\/de\/wp-content\/uploads\/sites\/3\/2022\/04\/logo500x500.jpg\",\"width\":500,\"height\":500,\"caption\":\"Just Now News\"},\"image\":{\"@id\":\"https:\/\/now-news.de\/de\/#\/schema\/logo\/image\/\"},\"sameAs\":[\"https:\/\/www.facebook.com\/wirmachenauf\",\"https:\/\/x.com\/WirMachenAuf_de\"]},{\"@type\":\"Person\",\"@id\":\"https:\/\/now-news.de\/de\/#\/schema\/person\/fb534a4e865501d8b3285208df34a9b5\",\"name\":\"rtnews\",\"image\":{\"@type\":\"ImageObject\",\"inLanguage\":\"de\",\"@id\":\"https:\/\/now-news.de\/de\/#\/schema\/person\/image\/\",\"url\":\"https:\/\/secure.gravatar.com\/avatar\/82aafea7d8127119dd649515f56e2117?s=96&d=mm&r=g\",\"contentUrl\":\"https:\/\/secure.gravatar.com\/avatar\/82aafea7d8127119dd649515f56e2117?s=96&d=mm&r=g\",\"caption\":\"rtnews\"},\"url\":\"https:\/\/now-news.de\/de\/author\/rnews\/\"}]}<\/script>\n<!-- \/ Yoast SEO Premium plugin. -->","yoast_head_json":{"title":"Ab 1. August: Frankreich hebt s\u00e4mtliche Corona-Ma\u00dfnahmen auf - just-now.NEWS Deutschland","robots":{"index":"index","follow":"follow","max-snippet":"max-snippet:-1","max-image-preview":"max-image-preview:large","max-video-preview":"max-video-preview:-1"},"canonical":"https:\/\/now-news.de\/de\/deutschland\/ab-1-august-frankreich-hebt-saemtliche-corona-massnahmen-auf\/","og_locale":"de_DE","og_type":"article","og_title":"Ab 1. August: Frankreich hebt s\u00e4mtliche Corona-Ma\u00dfnahmen auf","og_description":"Immer mehr L\u00e4nder in Europa beenden ihre Corona-Ma\u00dfnahmen: Frankreich schafft s\u00e4mtliche Ma\u00dfnahmen ab und in \u00d6sterreich f\u00e4llt die Isolationspflicht weg. In Deutschland hingegen wird noch \u00fcber das Ende der Quarant\u00e4nepflicht diskutiert. In Frankreich verabschiedete das Parlament am Dienstag ein Gesetz, welche die Abschaffung s\u00e4mtlicher Corona-Ma\u00dfnahmen ab dem 1. August vorsieht und ausdr\u00fccklich den Gesundheitspass und [&hellip;]","og_url":"https:\/\/now-news.de\/de\/deutschland\/ab-1-august-frankreich-hebt-saemtliche-corona-massnahmen-auf\/","og_site_name":"just-now.NEWS Deutschland","article_publisher":"https:\/\/www.facebook.com\/wirmachenauf","article_published_time":"2022-07-28T05:40:40+00:00","og_image":[{"width":460,"height":259,"url":"https:\/\/now-news.de\/de\/wp-content\/uploads\/sites\/3\/2022\/07\/Ab-1-August-Frankreich-hebt-saemtliche-Corona-Massnahmen-auf.jpg","type":"image\/jpeg"}],"author":"rtnews","twitter_card":"summary_large_image","twitter_creator":"@WirMachenAuf_de","twitter_site":"@WirMachenAuf_de","twitter_misc":{"Verfasst von":"rtnews","Gesch\u00e4tzte Lesezeit":"2\u00a0Minuten"},"schema":{"@context":"https:\/\/schema.org","@graph":[{"@type":"Article","@id":"https:\/\/now-news.de\/de\/deutschland\/ab-1-august-frankreich-hebt-saemtliche-corona-massnahmen-auf\/#article","isPartOf":{"@id":"https:\/\/now-news.de\/de\/deutschland\/ab-1-august-frankreich-hebt-saemtliche-corona-massnahmen-auf\/"},"author":{"name":"rtnews","@id":"https:\/\/now-news.de\/de\/#\/schema\/person\/fb534a4e865501d8b3285208df34a9b5"},"headline":"Ab 1. August: Frankreich hebt s\u00e4mtliche Corona-Ma\u00dfnahmen auf","datePublished":"2022-07-28T05:40:40+00:00","dateModified":"2022-07-28T05:40:40+00:00","mainEntityOfPage":{"@id":"https:\/\/now-news.de\/de\/deutschland\/ab-1-august-frankreich-hebt-saemtliche-corona-massnahmen-auf\/"},"wordCount":396,"commentCount":0,"publisher":{"@id":"https:\/\/now-news.de\/de\/#organization"},"image":{"@id":"https:\/\/now-news.de\/de\/deutschland\/ab-1-august-frankreich-hebt-saemtliche-corona-massnahmen-auf\/#primaryimage"},"thumbnailUrl":"https:\/\/now-news.de\/de\/wp-content\/uploads\/sites\/3\/2022\/07\/Ab-1-August-Frankreich-hebt-saemtliche-Corona-Massnahmen-auf.jpg","keywords":["AUF","August","CoronaMassnahmen","Frankreich","hebt","s\u00e4mtliche"],"articleSection":["Deutschland","Russland"],"inLanguage":"de","potentialAction":[{"@type":"CommentAction","name":"Comment","target":["https:\/\/now-news.de\/de\/deutschland\/ab-1-august-frankreich-hebt-saemtliche-corona-massnahmen-auf\/#respond"]}]},{"@type":"WebPage","@id":"https:\/\/now-news.de\/de\/deutschland\/ab-1-august-frankreich-hebt-saemtliche-corona-massnahmen-auf\/","url":"https:\/\/now-news.de\/de\/deutschland\/ab-1-august-frankreich-hebt-saemtliche-corona-massnahmen-auf\/","name":"Ab 1. August: Frankreich hebt s\u00e4mtliche Corona-Ma\u00dfnahmen auf - just-now.NEWS Deutschland","isPartOf":{"@id":"https:\/\/now-news.de\/de\/#website"},"primaryImageOfPage":{"@id":"https:\/\/now-news.de\/de\/deutschland\/ab-1-august-frankreich-hebt-saemtliche-corona-massnahmen-auf\/#primaryimage"},"image":{"@id":"https:\/\/now-news.de\/de\/deutschland\/ab-1-august-frankreich-hebt-saemtliche-corona-massnahmen-auf\/#primaryimage"},"thumbnailUrl":"https:\/\/now-news.de\/de\/wp-content\/uploads\/sites\/3\/2022\/07\/Ab-1-August-Frankreich-hebt-saemtliche-Corona-Massnahmen-auf.jpg","datePublished":"2022-07-28T05:40:40+00:00","dateModified":"2022-07-28T05:40:40+00:00","breadcrumb":{"@id":"https:\/\/now-news.de\/de\/deutschland\/ab-1-august-frankreich-hebt-saemtliche-corona-massnahmen-auf\/#breadcrumb"},"inLanguage":"de","potentialAction":[{"@type":"ReadAction","target":["https:\/\/now-news.de\/de\/deutschland\/ab-1-august-frankreich-hebt-saemtliche-corona-massnahmen-auf\/"]}]},{"@type":"ImageObject","inLanguage":"de","@id":"https:\/\/now-news.de\/de\/deutschland\/ab-1-august-frankreich-hebt-saemtliche-corona-massnahmen-auf\/#primaryimage","url":"https:\/\/now-news.de\/de\/wp-content\/uploads\/sites\/3\/2022\/07\/Ab-1-August-Frankreich-hebt-saemtliche-Corona-Massnahmen-auf.jpg","contentUrl":"https:\/\/now-news.de\/de\/wp-content\/uploads\/sites\/3\/2022\/07\/Ab-1-August-Frankreich-hebt-saemtliche-Corona-Massnahmen-auf.jpg","width":460,"height":259,"caption":"Ab 1. August: Frankreich hebt s\u00e4mtliche Corona-Ma\u00dfnahmen auf"},{"@type":"BreadcrumbList","@id":"https:\/\/now-news.de\/de\/deutschland\/ab-1-august-frankreich-hebt-saemtliche-corona-massnahmen-auf\/#breadcrumb","itemListElement":[{"@type":"ListItem","position":1,"name":"Home","item":"https:\/\/now-news.de\/de\/"},{"@type":"ListItem","position":2,"name":"Ab 1. August: Frankreich hebt s\u00e4mtliche Corona-Ma\u00dfnahmen auf"}]},{"@type":"WebSite","@id":"https:\/\/now-news.de\/de\/#website","url":"https:\/\/now-news.de\/de\/","name":"just-now.NEWS Deutschland","description":"Das Portal f\u00fcr unzensierte Nachrichten aus der Welt","publisher":{"@id":"https:\/\/now-news.de\/de\/#organization"},"potentialAction":[{"@type":"SearchAction","target":{"@type":"EntryPoint","urlTemplate":"https:\/\/now-news.de\/de\/?s={search_term_string}"},"query-input":"required name=search_term_string"}],"inLanguage":"de"},{"@type":"Organization","@id":"https:\/\/now-news.de\/de\/#organization","name":"Just Now News","url":"https:\/\/now-news.de\/de\/","logo":{"@type":"ImageObject","inLanguage":"de","@id":"https:\/\/now-news.de\/de\/#\/schema\/logo\/image\/","url":"http:\/\/just-now.news\/de\/wp-content\/uploads\/sites\/3\/2022\/04\/logo500x500.jpg","contentUrl":"http:\/\/just-now.news\/de\/wp-content\/uploads\/sites\/3\/2022\/04\/logo500x500.jpg","width":500,"height":500,"caption":"Just Now News"},"image":{"@id":"https:\/\/now-news.de\/de\/#\/schema\/logo\/image\/"},"sameAs":["https:\/\/www.facebook.com\/wirmachenauf","https:\/\/x.com\/WirMachenAuf_de"]},{"@type":"Person","@id":"https:\/\/now-news.de\/de\/#\/schema\/person\/fb534a4e865501d8b3285208df34a9b5","name":"rtnews","image":{"@type":"ImageObject","inLanguage":"de","@id":"https:\/\/now-news.de\/de\/#\/schema\/person\/image\/","url":"https:\/\/secure.gravatar.com\/avatar\/82aafea7d8127119dd649515f56e2117?s=96&d=mm&r=g","contentUrl":"https:\/\/secure.gravatar.com\/avatar\/82aafea7d8127119dd649515f56e2117?s=96&d=mm&r=g","caption":"rtnews"},"url":"https:\/\/now-news.de\/de\/author\/rnews\/"}]}},"_links":{"self":[{"href":"https:\/\/now-news.de\/de\/wp-json\/wp\/v2\/posts\/15300"}],"collection":[{"href":"https:\/\/now-news.de\/de\/wp-json\/wp\/v2\/posts"}],"about":[{"href":"https:\/\/now-news.de\/de\/wp-json\/wp\/v2\/types\/post"}],"author":[{"embeddable":true,"href":"https:\/\/now-news.de\/de\/wp-json\/wp\/v2\/users\/3"}],"replies":[{"embeddable":true,"href":"https:\/\/now-news.de\/de\/wp-json\/wp\/v2\/comments?post=15300"}],"version-history":[{"count":0,"href":"https:\/\/now-news.de\/de\/wp-json\/wp\/v2\/posts\/15300\/revisions"}],"wp:featuredmedia":[{"embeddable":true,"href":"https:\/\/now-news.de\/de\/wp-json\/wp\/v2\/media\/15301"}],"wp:attachment":[{"href":"https:\/\/now-news.de\/de\/wp-json\/wp\/v2\/media?parent=15300"}],"wp:term":[{"taxonomy":"category","embeddable":true,"href":"https:\/\/now-news.de\/de\/wp-json\/wp\/v2\/categories?post=15300"},{"taxonomy":"post_tag","embeddable":true,"href":"https:\/\/now-news.de\/de\/wp-json\/wp\/v2\/tags?post=15300"}],"curies":[{"name":"wp","href":"https:\/\/api.w.org\/{rel}","templated":true}]}}