{"id":15294,"date":"2022-07-28T06:45:35","date_gmt":"2022-07-28T04:45:35","guid":{"rendered":"http:\/\/just-now.news\/de\/deutschland\/es-ist-die-sache-nicht-wert-ukrainer-wollen-nicht-fuer-selenskijs-ziele-sterben\/"},"modified":"2022-07-28T06:45:35","modified_gmt":"2022-07-28T04:45:35","slug":"es-ist-die-sache-nicht-wert-ukrainer-wollen-nicht-fuer-selenskijs-ziele-sterben","status":"publish","type":"post","link":"https:\/\/now-news.de\/de\/deutschland\/es-ist-die-sache-nicht-wert-ukrainer-wollen-nicht-fuer-selenskijs-ziele-sterben\/","title":{"rendered":"&quot;Es ist die Sache nicht wert&quot; \u2013 Ukrainer wollen nicht f\u00fcr Selenskijs Ziele sterben"},"content":{"rendered":"<p><img decoding=\"async\" src=\"http:\/\/just-now.news\/de\/wp-content\/uploads\/sites\/3\/2022\/07\/62e11785b480cc61d66f9d07.jpeg\" \/><\/p>\n<p><em>von Maksim Artemjow<\/em><\/p>\n<p>Der popul\u00e4re ukrainische Blogger und Aktivist Juri Kasyanow ver\u00f6ffentlichte k\u00fcrzlich einen Beitrag auf Facebook, in dem er sich beschwerte: &#8220;Lasst uns die Mobilisierung stoppen, die Grenzen \u00f6ffnen und alle milit\u00e4rischen Rekrutierungsb\u00fcros aufl\u00f6sen. Lasst die Profis k\u00e4mpfen, sie werden schlie\u00dflich daf\u00fcr bezahlt \u2013 und lasst Freiwillige mitmachen, wenn sie k\u00e4mpfen wollen. Aber ich bin ein nicht an der Waffe ausgebildeter Zivilist und somit untauglich f\u00fcr den Krieg. Ich w\u00fcrde in meinen Tod rennen.&#8221;<\/p>\n<p>Mit diesem provokativen Post wollte Kasyanow eine Diskussion \u00fcber die Wehrpflicht in der Ukraine lostreten. Aber die Ergebnisse der daraus entstandenen Debatte waren f\u00fcr den Blogger ein Schock: &#8220;Den Kommentaren zu meinem Post nach zu urteilen haben neun von zehn Ukrainern nicht die Absicht zu k\u00e4mpfen. Sie lehnen eine landesweite Mobilisierung ab, ebenso wie das Ausreiseverbot f\u00fcr wehrf\u00e4hige M\u00e4nner.&#8221;<\/p>\n<p>Beachtenswert ist, dass Kasyanows Follower, wie er selbst, entschiedene Bef\u00fcrworter der Idee sind, dass die Ukraine bis zum bitteren Ende gegen Russland k\u00e4mpfen muss. Und doch hat die \u00fcberwiegende Mehrheit selbst nicht den Wunsch, f\u00fcr den Ruhm der Ukraine zu sterben.<\/p>\n<p>Die moderne Zivilisation baut auf einer sehr bewussten Haltung gegen\u00fcber der individuellen Gesundheit auf. Oft ist das Erste, was man sieht, wenn man online geht, ein Werbebanner mit der Schlagzeile &#8220;10 Warnzeichen, dass Sie Krebs haben k\u00f6nnten&#8221; oder &#8220;Wie Sie Gelenkschmerzen lindern&#8221; und so weiter. Andere Grundwerte der modernen Zivilisation sind k\u00f6rperliche Unversehrtheit, das Recht auf Privatsph\u00e4re und \u2013 nat\u00fcrlich \u2013 Alltagskomfort und Bequemlichkeit. Keines davon passt gut zu den schmutzigen Realit\u00e4ten an der Front. Man k\u00f6nnte sagen, dass das ganze Ethos des Krieges den Werten der heutigen Gesellschaft widerspricht.<\/p>\n<p>Die Ukraine ist ein Land, das gr\u00f6\u00dftenteils von Ein- oder Zwei-Kind-Familien bev\u00f6lkert ist. Aber wie viele dieser B\u00fcrger w\u00fcrden freiwillig in den Krieg ziehen, um entweder get\u00f6tet oder verkr\u00fcppelt zu werden? Es \u00fcberrascht nicht, dass die meisten Ukrainer nicht in den Krieg ziehen wollen. Zugegeben, wenn man ihnen zuh\u00f6rt, dann sind die meisten Ukrainer gl\u00fchende Patrioten. Aber wenn es darum geht, von der Couch aufzustehen und tats\u00e4chlich an die Front zu gehen, sind nur sehr wenige bereit, auf ihren Patriotismus Taten folgen zu lassen.<\/p>\n<p>Ich kann mir nicht vorstellen, dass die sch\u00e4tzungsweise mittlerweile 30.000 gefallenen ukrainischen Soldaten, die auf dem Schlachtfeld ums Leben gekommen sind, in irgendeiner Weise motivierend sind. Tats\u00e4chlich wird dies ziemlich sicher den gegenteiligen Effekt hervorrufen: &#8220;Ich m\u00f6chte nicht wie alle anderen sterben.&#8221; Es ist viel sicherer, sich von zu Hause aus in den sozialen Medien an hitzigen Debatten zu beteiligen oder die K\u00e4mpfe an der Front auf YouTube zu verfolgen.<\/p>\n<p>Hinzu kommt, dass die Ukraine eine demografische Krise durchmacht. Die Bev\u00f6lkerung des Landes ist von 52 Millionen Menschen im Jahr 1991 auf aktuell kaum mehr als 30 Millionen Menschen geschrumpft. Und zwar noch bevor der Konflikt im Februar eskalierte. Die Situation ist derma\u00dfen kritisch, dass der Staat seit \u00fcber zwei Jahrzehnten eine Volksz\u00e4hlung vermeidet.<\/p>\n<p>T\u00e4glich lese ich in den ukrainischen Massen- und Sozialmedien, die vom Regime in Kiew stark zensiert werden. Die Inhalte dieser Medien unterscheiden sich erheblich von der Realit\u00e4t vor Ort. W\u00e4hrend das Internet mit Videos geflutet wird, von ukrainischen Soldaten, die sich weigern zu k\u00e4mpfen und sich dar\u00fcber beschweren, dass ihre geflohenen Kommandeure sie ohne Ausr\u00fcstung oder Ausbildung als Kanonenfutter gegen Panzer k\u00e4mpfen lassen. Es gibt Hunderte dieser Videos und jeden Tag werden weitere hochgeladen. Und diese Videos werden von Ukrainern in Milit\u00e4runiform ver\u00f6ffentlicht, nicht von russischen Staatsmedien. Auch die Zahl der Videos, die ukrainische Ehefrauen zeigen, die sich widersetzen, wenn ihre M\u00e4nner von der Polizei oder Rekrutierern f\u00fcr den Kriegsdienst abgeholt werden, nimmt ebenfalls zu.<\/p>\n<p>Trotzdem vermeiden es die ukrainischen Medien und Elite-Blogger, dies zu kommentieren. Sie wollen nat\u00fcrlich ein Ph\u00e4nomen zum Schweigen bringen, das der Schl\u00fcssel zum Verst\u00e4ndnis dessen ist, was mit dem Land passiert. In zahlreichen Ansprachen an sein Volk hat Pr\u00e4sident Wladimir Selenskij nicht ein einziges Mal die unz\u00e4hligen F\u00e4lle erw\u00e4hnt, in denen Soldaten sich weigerten, Befehlen Folge zu leisten, was meistens bei mobilisierten M\u00e4nnern und Freiwilligen an der Front im Osten und S\u00fcdosten vorkam, die davon ausgegangen waren, dass sie nahe ihrer Heimatgebiete dienen w\u00fcrden.<\/p>\n<p>Der Grund daf\u00fcr ist oft, dass viele nicht bereit sind, ihr Leben zu riskieren, nur damit Russisch keine zweite Amtssprache wird oder Kiew ein offizieller Verb\u00fcndeter der USA sein darf. Der Preis ist zu hoch f\u00fcr das, was auf dem Spiel steht. Es wundert auch nicht, dass ukrainische Medien so tun, als existiere das Problem nicht. Die blo\u00dfe Anerkennung der Tatsache, dass so viele Soldaten frustriert sind, w\u00fcrde das sorgf\u00e4ltig konstruierte Bild einer in selbstlosem Patriotismus vereinten Nation zerst\u00f6ren.<\/p>\n<p>Auch der Maulkorb, den die ukrainische Regierung den Medien verpasst hat, der sie an der Ver\u00f6ffentlichung jeglicher Daten \u00fcber Verluste hindert, ist kein Zufall. \u00dcber die Zahl der bereits Gefallenen lassen die Beh\u00f6rden ihre B\u00fcrger lieber im Dunkeln.<\/p>\n<p>Bisher war diese Strategie erfolgreich. Eine vom <em>Wall Street Journal<\/em> in Auftrag gegebene Umfrage des Kiewer Internationalen Instituts f\u00fcr Soziologie und der Universit\u00e4t von Chicago vom vergangenen Mai und Juni zeigt, dass 90 Prozent der Bev\u00f6lkerung in den von Kiew kontrollierten Gebieten der ukrainischen Armee vertrauen, w\u00e4hrend 85 Prozent Vertrauen in Selenskij haben, der erst k\u00fcrzlich alle Oppositionsparteien verbieten lie\u00df. Seltsamerweise waren zwar 89 Prozent der Befragten gegen die Abtretung von durch Russland eroberte Gebiete, aber nur 66 Prozent gaben an, dass sie zuversichtlich sind, dass die Ukraine die bereits verlorenen Gebiete zur\u00fcckerobern kann.<\/p>\n<p>All dies liefert eine klare Antwort darauf, warum Kiew aktiv ausl\u00e4ndische S\u00f6ldner anwirbt. Diese sind motivierter als die ukrainischen Soldaten und k\u00f6nnen in gef\u00e4hrlicheren Kampfzonen eingesetzt werden. M\u00f6glicherweise besteht das Hauptproblem des Regimes darin, dass es nicht wei\u00df, wie es damit umgehen soll, dass die B\u00fcrger massenhaft versuchen, sich einer Einberufung zu entziehen, um nicht an die Front geschickt zu werden. Bereits das offizielle Ausreiseverbot f\u00fcr alle m\u00e4nnlichen B\u00fcrger zwischen 18 und 60 Jahren ist bezeichnend f\u00fcr die Argumentation Selenskijs, dass diejenigen, die ausreisen, kaum zur\u00fcckkommen und k\u00e4mpfen werden. Aber das Ausreiseverbot bietet keine L\u00f6sung. Stattdessen demotiviert es die Menschen zus\u00e4tzlich.<\/p>\n<p>Die ukrainischen Rekrutierungsb\u00fcros sind \u00e4u\u00dferst desorganisiert. Rekrutierungen werden auf den Stra\u00dfen, in Einkaufszentren und sogar an \u00f6ffentlichen Str\u00e4nden durchgef\u00fchrt. Es gibt auch Berichte, dass Rekrutierer ihre Macht, wehrf\u00e4hige M\u00e4nner zu rekrutieren, als Druckmittel gegen sie oder als Mittel zur Rache oder Bestrafung nutzen. Dies zeigt erneut, dass viele die Aussicht, in die Armee einzutreten, um das Heimatland zu verteidigen, eher als eine unerw\u00fcnschte B\u00fcrde denn als Ehre empfinden.<\/p>\n<p>Es ist nicht auszuschlie\u00dfen, dass sich viele in Ermangelung ziviler Arbeitspl\u00e4tze mit anst\u00e4ndigen Geh\u00e4ltern freiwillig den Streitkr\u00e4ften anschlie\u00dfen, nur um sich und ihre Familien ern\u00e4hren zu k\u00f6nnen. Das Milit\u00e4rbudget reicht jedoch nicht aus, um die L\u00fccken in den Streitkr\u00e4ften mit Freiwilligen zu f\u00fcllen. Eine bestimmte Anzahl von Rekruten muss eingezogen werden. Es bleibt aber unklar, wie Kiew dieses dringende Problem angehen will, wenn so viele seiner B\u00fcrger das Gef\u00fchl haben, dass es die Sache nicht wert ist, um daf\u00fcr das eigene Leben zu riskieren.<\/p>\n<p><em>\u00dcbersetzt aus dem <a rel=\"nofollow noopener\" target=\"_blank\" href=\"https:\/\/www.rt.com\/russia\/559447-zelensky-ignoring-critical-issue\/\">Englischen<\/a>.<\/em><\/p>\n<p><em>Maksim Artemjow ist ein russischer Journalist und Historiker.<\/em><\/p>\n<p><strong>Mehr zum Thema<\/strong> \u2013\u00a0<a rel=\"nofollow noopener\" target=\"_blank\" href=\"https:\/\/de.rt.com\/international\/144349-ukrainischer-gouverneur-verdachtigt-alle-russland\/\">Ukrainischer Gouverneur &#8220;verd\u00e4chtigt alle&#8221;, Russland zu helfen<\/a><\/p>\n<p><br \/>\n<br \/><a href=\"https:\/\/de.rt.com\/meinung\/144519-es-ist-sache-nicht-wert\/\">Source link <\/a><\/p>\n","protected":false},"excerpt":{"rendered":"<p>von Maksim Artemjow Der popul\u00e4re ukrainische Blogger und Aktivist Juri Kasyanow ver\u00f6ffentlichte k\u00fcrzlich einen Beitrag auf Facebook, in dem er sich beschwerte: &#8220;Lasst uns die Mobilisierung stoppen, die Grenzen \u00f6ffnen und alle milit\u00e4rischen Rekrutierungsb\u00fcros aufl\u00f6sen. Lasst die Profis k\u00e4mpfen, sie werden schlie\u00dflich daf\u00fcr bezahlt \u2013 und lasst Freiwillige mitmachen, wenn sie k\u00e4mpfen wollen. Aber ich [&hellip;]<\/p>\n","protected":false},"author":3,"featured_media":15295,"comment_status":"open","ping_status":"open","sticky":false,"template":"","format":"standard","meta":{"wp_automatic_camp":["217"],"cd1dd0252f02965c6d5cf4fe06b9b99a":["&quot;Es ist die Sache nicht wert&quot; \u2013 Ukrainer wollen nicht f\u00fcr Selenskijs Ziele sterben"],"original_link":["https:\/\/de.rt.com\/meinung\/144519-es-ist-sache-nicht-wert\/"],"_thumbnail_id":["15295"],"_wptg_p2tg_sent2tg":["2022-07-28 06:57:10"],"jnews_social_counter_last_update":["1777569301"]},"categories":[19,23],"tags":[45,221,414,800,19377,11394,1290,6520,5757,29520,1050,782],"yoast_head":"<!-- This site is optimized with the Yoast SEO Premium plugin v22.7 (Yoast SEO v22.7) - https:\/\/yoast.com\/wordpress\/plugins\/seo\/ -->\n<title>&quot;Es ist die Sache nicht wert&quot; \u2013 Ukrainer wollen nicht f\u00fcr Selenskijs Ziele sterben - just-now.NEWS Deutschland<\/title>\n<meta name=\"robots\" content=\"index, follow, max-snippet:-1, max-image-preview:large, max-video-preview:-1\" \/>\n<link rel=\"canonical\" href=\"https:\/\/now-news.de\/de\/deutschland\/es-ist-die-sache-nicht-wert-ukrainer-wollen-nicht-fuer-selenskijs-ziele-sterben\/\" \/>\n<meta property=\"og:locale\" content=\"de_DE\" \/>\n<meta property=\"og:type\" content=\"article\" \/>\n<meta property=\"og:title\" content=\"&quot;Es ist die Sache nicht wert&quot; \u2013 Ukrainer wollen nicht f\u00fcr Selenskijs Ziele sterben\" \/>\n<meta property=\"og:description\" content=\"von Maksim Artemjow Der popul\u00e4re ukrainische Blogger und Aktivist Juri Kasyanow ver\u00f6ffentlichte k\u00fcrzlich einen Beitrag auf Facebook, in dem er sich beschwerte: &#8220;Lasst uns die Mobilisierung stoppen, die Grenzen \u00f6ffnen und alle milit\u00e4rischen Rekrutierungsb\u00fcros aufl\u00f6sen. Lasst die Profis k\u00e4mpfen, sie werden schlie\u00dflich daf\u00fcr bezahlt \u2013 und lasst Freiwillige mitmachen, wenn sie k\u00e4mpfen wollen. Aber ich [&hellip;]\" \/>\n<meta property=\"og:url\" content=\"https:\/\/now-news.de\/de\/deutschland\/es-ist-die-sache-nicht-wert-ukrainer-wollen-nicht-fuer-selenskijs-ziele-sterben\/\" \/>\n<meta property=\"og:site_name\" content=\"just-now.NEWS Deutschland\" \/>\n<meta property=\"article:publisher\" content=\"https:\/\/www.facebook.com\/wirmachenauf\" \/>\n<meta property=\"article:published_time\" content=\"2022-07-28T04:45:35+00:00\" \/>\n<meta property=\"og:image\" content=\"https:\/\/now-news.de\/de\/wp-content\/uploads\/sites\/3\/2022\/07\/quotEs-ist-die-Sache-nicht-wertquot-\u2013-Ukrainer-wollen-nicht.jpeg\" \/>\n\t<meta property=\"og:image:width\" content=\"460\" \/>\n\t<meta property=\"og:image:height\" content=\"259\" \/>\n\t<meta property=\"og:image:type\" content=\"image\/jpeg\" \/>\n<meta name=\"author\" content=\"rtnews\" \/>\n<meta name=\"twitter:card\" content=\"summary_large_image\" \/>\n<meta name=\"twitter:creator\" content=\"@WirMachenAuf_de\" \/>\n<meta name=\"twitter:site\" content=\"@WirMachenAuf_de\" \/>\n<meta name=\"twitter:label1\" content=\"Verfasst von\" \/>\n\t<meta name=\"twitter:data1\" content=\"rtnews\" \/>\n\t<meta name=\"twitter:label2\" content=\"Gesch\u00e4tzte Lesezeit\" \/>\n\t<meta name=\"twitter:data2\" content=\"6\u00a0Minuten\" \/>\n<script type=\"application\/ld+json\" class=\"yoast-schema-graph\">{\"@context\":\"https:\/\/schema.org\",\"@graph\":[{\"@type\":\"Article\",\"@id\":\"https:\/\/now-news.de\/de\/deutschland\/es-ist-die-sache-nicht-wert-ukrainer-wollen-nicht-fuer-selenskijs-ziele-sterben\/#article\",\"isPartOf\":{\"@id\":\"https:\/\/now-news.de\/de\/deutschland\/es-ist-die-sache-nicht-wert-ukrainer-wollen-nicht-fuer-selenskijs-ziele-sterben\/\"},\"author\":{\"name\":\"rtnews\",\"@id\":\"https:\/\/now-news.de\/de\/#\/schema\/person\/fb534a4e865501d8b3285208df34a9b5\"},\"headline\":\"&quot;Es ist die Sache nicht wert&quot; \u2013 Ukrainer wollen nicht f\u00fcr Selenskijs Ziele sterben\",\"datePublished\":\"2022-07-28T04:45:35+00:00\",\"dateModified\":\"2022-07-28T04:45:35+00:00\",\"mainEntityOfPage\":{\"@id\":\"https:\/\/now-news.de\/de\/deutschland\/es-ist-die-sache-nicht-wert-ukrainer-wollen-nicht-fuer-selenskijs-ziele-sterben\/\"},\"wordCount\":1283,\"commentCount\":0,\"publisher\":{\"@id\":\"https:\/\/now-news.de\/de\/#organization\"},\"image\":{\"@id\":\"https:\/\/now-news.de\/de\/deutschland\/es-ist-die-sache-nicht-wert-ukrainer-wollen-nicht-fuer-selenskijs-ziele-sterben\/#primaryimage\"},\"thumbnailUrl\":\"https:\/\/now-news.de\/de\/wp-content\/uploads\/sites\/3\/2022\/07\/quotEs-ist-die-Sache-nicht-wertquot-\u2013-Ukrainer-wollen-nicht.jpeg\",\"keywords\":[\"die\",\"f\u00fcr\",\"ist\",\"nicht\",\"quotEs\",\"Sache\",\"Selenskijs\",\"sterben\",\"Ukrainer\",\"wertquot\",\"wollen\",\"Ziele\"],\"articleSection\":[\"Deutschland\",\"Russland\"],\"inLanguage\":\"de\",\"potentialAction\":[{\"@type\":\"CommentAction\",\"name\":\"Comment\",\"target\":[\"https:\/\/now-news.de\/de\/deutschland\/es-ist-die-sache-nicht-wert-ukrainer-wollen-nicht-fuer-selenskijs-ziele-sterben\/#respond\"]}]},{\"@type\":\"WebPage\",\"@id\":\"https:\/\/now-news.de\/de\/deutschland\/es-ist-die-sache-nicht-wert-ukrainer-wollen-nicht-fuer-selenskijs-ziele-sterben\/\",\"url\":\"https:\/\/now-news.de\/de\/deutschland\/es-ist-die-sache-nicht-wert-ukrainer-wollen-nicht-fuer-selenskijs-ziele-sterben\/\",\"name\":\"&quot;Es ist die Sache nicht wert&quot; \u2013 Ukrainer wollen nicht f\u00fcr Selenskijs Ziele sterben - just-now.NEWS Deutschland\",\"isPartOf\":{\"@id\":\"https:\/\/now-news.de\/de\/#website\"},\"primaryImageOfPage\":{\"@id\":\"https:\/\/now-news.de\/de\/deutschland\/es-ist-die-sache-nicht-wert-ukrainer-wollen-nicht-fuer-selenskijs-ziele-sterben\/#primaryimage\"},\"image\":{\"@id\":\"https:\/\/now-news.de\/de\/deutschland\/es-ist-die-sache-nicht-wert-ukrainer-wollen-nicht-fuer-selenskijs-ziele-sterben\/#primaryimage\"},\"thumbnailUrl\":\"https:\/\/now-news.de\/de\/wp-content\/uploads\/sites\/3\/2022\/07\/quotEs-ist-die-Sache-nicht-wertquot-\u2013-Ukrainer-wollen-nicht.jpeg\",\"datePublished\":\"2022-07-28T04:45:35+00:00\",\"dateModified\":\"2022-07-28T04:45:35+00:00\",\"breadcrumb\":{\"@id\":\"https:\/\/now-news.de\/de\/deutschland\/es-ist-die-sache-nicht-wert-ukrainer-wollen-nicht-fuer-selenskijs-ziele-sterben\/#breadcrumb\"},\"inLanguage\":\"de\",\"potentialAction\":[{\"@type\":\"ReadAction\",\"target\":[\"https:\/\/now-news.de\/de\/deutschland\/es-ist-die-sache-nicht-wert-ukrainer-wollen-nicht-fuer-selenskijs-ziele-sterben\/\"]}]},{\"@type\":\"ImageObject\",\"inLanguage\":\"de\",\"@id\":\"https:\/\/now-news.de\/de\/deutschland\/es-ist-die-sache-nicht-wert-ukrainer-wollen-nicht-fuer-selenskijs-ziele-sterben\/#primaryimage\",\"url\":\"https:\/\/now-news.de\/de\/wp-content\/uploads\/sites\/3\/2022\/07\/quotEs-ist-die-Sache-nicht-wertquot-\u2013-Ukrainer-wollen-nicht.jpeg\",\"contentUrl\":\"https:\/\/now-news.de\/de\/wp-content\/uploads\/sites\/3\/2022\/07\/quotEs-ist-die-Sache-nicht-wertquot-\u2013-Ukrainer-wollen-nicht.jpeg\",\"width\":460,\"height\":259,\"caption\":\"&quot;Es ist die Sache nicht wert&quot; \u2013 Ukrainer wollen nicht f\u00fcr Selenskijs Ziele sterben\"},{\"@type\":\"BreadcrumbList\",\"@id\":\"https:\/\/now-news.de\/de\/deutschland\/es-ist-die-sache-nicht-wert-ukrainer-wollen-nicht-fuer-selenskijs-ziele-sterben\/#breadcrumb\",\"itemListElement\":[{\"@type\":\"ListItem\",\"position\":1,\"name\":\"Home\",\"item\":\"https:\/\/now-news.de\/de\/\"},{\"@type\":\"ListItem\",\"position\":2,\"name\":\"&quot;Es ist die Sache nicht wert&quot; \u2013 Ukrainer wollen nicht f\u00fcr Selenskijs Ziele sterben\"}]},{\"@type\":\"WebSite\",\"@id\":\"https:\/\/now-news.de\/de\/#website\",\"url\":\"https:\/\/now-news.de\/de\/\",\"name\":\"just-now.NEWS Deutschland\",\"description\":\"Das Portal f\u00fcr unzensierte Nachrichten aus der Welt\",\"publisher\":{\"@id\":\"https:\/\/now-news.de\/de\/#organization\"},\"potentialAction\":[{\"@type\":\"SearchAction\",\"target\":{\"@type\":\"EntryPoint\",\"urlTemplate\":\"https:\/\/now-news.de\/de\/?s={search_term_string}\"},\"query-input\":\"required name=search_term_string\"}],\"inLanguage\":\"de\"},{\"@type\":\"Organization\",\"@id\":\"https:\/\/now-news.de\/de\/#organization\",\"name\":\"Just Now News\",\"url\":\"https:\/\/now-news.de\/de\/\",\"logo\":{\"@type\":\"ImageObject\",\"inLanguage\":\"de\",\"@id\":\"https:\/\/now-news.de\/de\/#\/schema\/logo\/image\/\",\"url\":\"http:\/\/just-now.news\/de\/wp-content\/uploads\/sites\/3\/2022\/04\/logo500x500.jpg\",\"contentUrl\":\"http:\/\/just-now.news\/de\/wp-content\/uploads\/sites\/3\/2022\/04\/logo500x500.jpg\",\"width\":500,\"height\":500,\"caption\":\"Just Now News\"},\"image\":{\"@id\":\"https:\/\/now-news.de\/de\/#\/schema\/logo\/image\/\"},\"sameAs\":[\"https:\/\/www.facebook.com\/wirmachenauf\",\"https:\/\/x.com\/WirMachenAuf_de\"]},{\"@type\":\"Person\",\"@id\":\"https:\/\/now-news.de\/de\/#\/schema\/person\/fb534a4e865501d8b3285208df34a9b5\",\"name\":\"rtnews\",\"image\":{\"@type\":\"ImageObject\",\"inLanguage\":\"de\",\"@id\":\"https:\/\/now-news.de\/de\/#\/schema\/person\/image\/\",\"url\":\"https:\/\/secure.gravatar.com\/avatar\/82aafea7d8127119dd649515f56e2117?s=96&d=mm&r=g\",\"contentUrl\":\"https:\/\/secure.gravatar.com\/avatar\/82aafea7d8127119dd649515f56e2117?s=96&d=mm&r=g\",\"caption\":\"rtnews\"},\"url\":\"https:\/\/now-news.de\/de\/author\/rnews\/\"}]}<\/script>\n<!-- \/ Yoast SEO Premium plugin. -->","yoast_head_json":{"title":"&quot;Es ist die Sache nicht wert&quot; \u2013 Ukrainer wollen nicht f\u00fcr Selenskijs Ziele sterben - just-now.NEWS Deutschland","robots":{"index":"index","follow":"follow","max-snippet":"max-snippet:-1","max-image-preview":"max-image-preview:large","max-video-preview":"max-video-preview:-1"},"canonical":"https:\/\/now-news.de\/de\/deutschland\/es-ist-die-sache-nicht-wert-ukrainer-wollen-nicht-fuer-selenskijs-ziele-sterben\/","og_locale":"de_DE","og_type":"article","og_title":"&quot;Es ist die Sache nicht wert&quot; \u2013 Ukrainer wollen nicht f\u00fcr Selenskijs Ziele sterben","og_description":"von Maksim Artemjow Der popul\u00e4re ukrainische Blogger und Aktivist Juri Kasyanow ver\u00f6ffentlichte k\u00fcrzlich einen Beitrag auf Facebook, in dem er sich beschwerte: &#8220;Lasst uns die Mobilisierung stoppen, die Grenzen \u00f6ffnen und alle milit\u00e4rischen Rekrutierungsb\u00fcros aufl\u00f6sen. Lasst die Profis k\u00e4mpfen, sie werden schlie\u00dflich daf\u00fcr bezahlt \u2013 und lasst Freiwillige mitmachen, wenn sie k\u00e4mpfen wollen. Aber ich [&hellip;]","og_url":"https:\/\/now-news.de\/de\/deutschland\/es-ist-die-sache-nicht-wert-ukrainer-wollen-nicht-fuer-selenskijs-ziele-sterben\/","og_site_name":"just-now.NEWS Deutschland","article_publisher":"https:\/\/www.facebook.com\/wirmachenauf","article_published_time":"2022-07-28T04:45:35+00:00","og_image":[{"width":460,"height":259,"url":"https:\/\/now-news.de\/de\/wp-content\/uploads\/sites\/3\/2022\/07\/quotEs-ist-die-Sache-nicht-wertquot-\u2013-Ukrainer-wollen-nicht.jpeg","type":"image\/jpeg"}],"author":"rtnews","twitter_card":"summary_large_image","twitter_creator":"@WirMachenAuf_de","twitter_site":"@WirMachenAuf_de","twitter_misc":{"Verfasst von":"rtnews","Gesch\u00e4tzte Lesezeit":"6\u00a0Minuten"},"schema":{"@context":"https:\/\/schema.org","@graph":[{"@type":"Article","@id":"https:\/\/now-news.de\/de\/deutschland\/es-ist-die-sache-nicht-wert-ukrainer-wollen-nicht-fuer-selenskijs-ziele-sterben\/#article","isPartOf":{"@id":"https:\/\/now-news.de\/de\/deutschland\/es-ist-die-sache-nicht-wert-ukrainer-wollen-nicht-fuer-selenskijs-ziele-sterben\/"},"author":{"name":"rtnews","@id":"https:\/\/now-news.de\/de\/#\/schema\/person\/fb534a4e865501d8b3285208df34a9b5"},"headline":"&quot;Es ist die Sache nicht wert&quot; \u2013 Ukrainer wollen nicht f\u00fcr Selenskijs Ziele sterben","datePublished":"2022-07-28T04:45:35+00:00","dateModified":"2022-07-28T04:45:35+00:00","mainEntityOfPage":{"@id":"https:\/\/now-news.de\/de\/deutschland\/es-ist-die-sache-nicht-wert-ukrainer-wollen-nicht-fuer-selenskijs-ziele-sterben\/"},"wordCount":1283,"commentCount":0,"publisher":{"@id":"https:\/\/now-news.de\/de\/#organization"},"image":{"@id":"https:\/\/now-news.de\/de\/deutschland\/es-ist-die-sache-nicht-wert-ukrainer-wollen-nicht-fuer-selenskijs-ziele-sterben\/#primaryimage"},"thumbnailUrl":"https:\/\/now-news.de\/de\/wp-content\/uploads\/sites\/3\/2022\/07\/quotEs-ist-die-Sache-nicht-wertquot-\u2013-Ukrainer-wollen-nicht.jpeg","keywords":["die","f\u00fcr","ist","nicht","quotEs","Sache","Selenskijs","sterben","Ukrainer","wertquot","wollen","Ziele"],"articleSection":["Deutschland","Russland"],"inLanguage":"de","potentialAction":[{"@type":"CommentAction","name":"Comment","target":["https:\/\/now-news.de\/de\/deutschland\/es-ist-die-sache-nicht-wert-ukrainer-wollen-nicht-fuer-selenskijs-ziele-sterben\/#respond"]}]},{"@type":"WebPage","@id":"https:\/\/now-news.de\/de\/deutschland\/es-ist-die-sache-nicht-wert-ukrainer-wollen-nicht-fuer-selenskijs-ziele-sterben\/","url":"https:\/\/now-news.de\/de\/deutschland\/es-ist-die-sache-nicht-wert-ukrainer-wollen-nicht-fuer-selenskijs-ziele-sterben\/","name":"&quot;Es ist die Sache nicht wert&quot; \u2013 Ukrainer wollen nicht f\u00fcr Selenskijs Ziele sterben - just-now.NEWS Deutschland","isPartOf":{"@id":"https:\/\/now-news.de\/de\/#website"},"primaryImageOfPage":{"@id":"https:\/\/now-news.de\/de\/deutschland\/es-ist-die-sache-nicht-wert-ukrainer-wollen-nicht-fuer-selenskijs-ziele-sterben\/#primaryimage"},"image":{"@id":"https:\/\/now-news.de\/de\/deutschland\/es-ist-die-sache-nicht-wert-ukrainer-wollen-nicht-fuer-selenskijs-ziele-sterben\/#primaryimage"},"thumbnailUrl":"https:\/\/now-news.de\/de\/wp-content\/uploads\/sites\/3\/2022\/07\/quotEs-ist-die-Sache-nicht-wertquot-\u2013-Ukrainer-wollen-nicht.jpeg","datePublished":"2022-07-28T04:45:35+00:00","dateModified":"2022-07-28T04:45:35+00:00","breadcrumb":{"@id":"https:\/\/now-news.de\/de\/deutschland\/es-ist-die-sache-nicht-wert-ukrainer-wollen-nicht-fuer-selenskijs-ziele-sterben\/#breadcrumb"},"inLanguage":"de","potentialAction":[{"@type":"ReadAction","target":["https:\/\/now-news.de\/de\/deutschland\/es-ist-die-sache-nicht-wert-ukrainer-wollen-nicht-fuer-selenskijs-ziele-sterben\/"]}]},{"@type":"ImageObject","inLanguage":"de","@id":"https:\/\/now-news.de\/de\/deutschland\/es-ist-die-sache-nicht-wert-ukrainer-wollen-nicht-fuer-selenskijs-ziele-sterben\/#primaryimage","url":"https:\/\/now-news.de\/de\/wp-content\/uploads\/sites\/3\/2022\/07\/quotEs-ist-die-Sache-nicht-wertquot-\u2013-Ukrainer-wollen-nicht.jpeg","contentUrl":"https:\/\/now-news.de\/de\/wp-content\/uploads\/sites\/3\/2022\/07\/quotEs-ist-die-Sache-nicht-wertquot-\u2013-Ukrainer-wollen-nicht.jpeg","width":460,"height":259,"caption":"&quot;Es ist die Sache nicht wert&quot; \u2013 Ukrainer wollen nicht f\u00fcr Selenskijs Ziele sterben"},{"@type":"BreadcrumbList","@id":"https:\/\/now-news.de\/de\/deutschland\/es-ist-die-sache-nicht-wert-ukrainer-wollen-nicht-fuer-selenskijs-ziele-sterben\/#breadcrumb","itemListElement":[{"@type":"ListItem","position":1,"name":"Home","item":"https:\/\/now-news.de\/de\/"},{"@type":"ListItem","position":2,"name":"&quot;Es ist die Sache nicht wert&quot; \u2013 Ukrainer wollen nicht f\u00fcr Selenskijs Ziele sterben"}]},{"@type":"WebSite","@id":"https:\/\/now-news.de\/de\/#website","url":"https:\/\/now-news.de\/de\/","name":"just-now.NEWS Deutschland","description":"Das Portal f\u00fcr unzensierte Nachrichten aus der Welt","publisher":{"@id":"https:\/\/now-news.de\/de\/#organization"},"potentialAction":[{"@type":"SearchAction","target":{"@type":"EntryPoint","urlTemplate":"https:\/\/now-news.de\/de\/?s={search_term_string}"},"query-input":"required name=search_term_string"}],"inLanguage":"de"},{"@type":"Organization","@id":"https:\/\/now-news.de\/de\/#organization","name":"Just Now News","url":"https:\/\/now-news.de\/de\/","logo":{"@type":"ImageObject","inLanguage":"de","@id":"https:\/\/now-news.de\/de\/#\/schema\/logo\/image\/","url":"http:\/\/just-now.news\/de\/wp-content\/uploads\/sites\/3\/2022\/04\/logo500x500.jpg","contentUrl":"http:\/\/just-now.news\/de\/wp-content\/uploads\/sites\/3\/2022\/04\/logo500x500.jpg","width":500,"height":500,"caption":"Just Now News"},"image":{"@id":"https:\/\/now-news.de\/de\/#\/schema\/logo\/image\/"},"sameAs":["https:\/\/www.facebook.com\/wirmachenauf","https:\/\/x.com\/WirMachenAuf_de"]},{"@type":"Person","@id":"https:\/\/now-news.de\/de\/#\/schema\/person\/fb534a4e865501d8b3285208df34a9b5","name":"rtnews","image":{"@type":"ImageObject","inLanguage":"de","@id":"https:\/\/now-news.de\/de\/#\/schema\/person\/image\/","url":"https:\/\/secure.gravatar.com\/avatar\/82aafea7d8127119dd649515f56e2117?s=96&d=mm&r=g","contentUrl":"https:\/\/secure.gravatar.com\/avatar\/82aafea7d8127119dd649515f56e2117?s=96&d=mm&r=g","caption":"rtnews"},"url":"https:\/\/now-news.de\/de\/author\/rnews\/"}]}},"_links":{"self":[{"href":"https:\/\/now-news.de\/de\/wp-json\/wp\/v2\/posts\/15294"}],"collection":[{"href":"https:\/\/now-news.de\/de\/wp-json\/wp\/v2\/posts"}],"about":[{"href":"https:\/\/now-news.de\/de\/wp-json\/wp\/v2\/types\/post"}],"author":[{"embeddable":true,"href":"https:\/\/now-news.de\/de\/wp-json\/wp\/v2\/users\/3"}],"replies":[{"embeddable":true,"href":"https:\/\/now-news.de\/de\/wp-json\/wp\/v2\/comments?post=15294"}],"version-history":[{"count":0,"href":"https:\/\/now-news.de\/de\/wp-json\/wp\/v2\/posts\/15294\/revisions"}],"wp:featuredmedia":[{"embeddable":true,"href":"https:\/\/now-news.de\/de\/wp-json\/wp\/v2\/media\/15295"}],"wp:attachment":[{"href":"https:\/\/now-news.de\/de\/wp-json\/wp\/v2\/media?parent=15294"}],"wp:term":[{"taxonomy":"category","embeddable":true,"href":"https:\/\/now-news.de\/de\/wp-json\/wp\/v2\/categories?post=15294"},{"taxonomy":"post_tag","embeddable":true,"href":"https:\/\/now-news.de\/de\/wp-json\/wp\/v2\/tags?post=15294"}],"curies":[{"name":"wp","href":"https:\/\/api.w.org\/{rel}","templated":true}]}}