{"id":15261,"date":"2022-07-27T21:20:00","date_gmt":"2022-07-27T19:20:00","guid":{"rendered":"http:\/\/just-now.news\/de\/usa\/vierfach-gevaxter-joe-biden-moechte-dass-sie-eine-maske-tragen-wenn-sie-drinnen-sind-video\/"},"modified":"2022-07-27T21:20:00","modified_gmt":"2022-07-27T19:20:00","slug":"vierfach-gevaxter-joe-biden-moechte-dass-sie-eine-maske-tragen-wenn-sie-drinnen-sind-video","status":"publish","type":"post","link":"https:\/\/now-news.de\/de\/usa\/vierfach-gevaxter-joe-biden-moechte-dass-sie-eine-maske-tragen-wenn-sie-drinnen-sind-video\/","title":{"rendered":"Vierfach gevaxter Joe Biden m\u00f6chte, dass Sie eine Maske tragen, wenn Sie drinnen sind (VIDEO)"},"content":{"rendered":"<div class=\"entry-content\">\n<p><\/p>\n<p>Der vierfach geimpfte Joe Biden m\u00f6chte, dass Sie eine Maske tragen, wenn Sie drinnen sind.<\/p>\n<p>Joe machte die Bemerkungen heute in seiner ersten \u00f6ffentlichen Rede, seit er letzte Woche COVID bekommen hat.<\/p>\n<div id=\"IC1-ad\" class=\"sponsor IC1\">\n<p class=\"ad-notice flipboard-remove\" fl:fl-noexcerpt=\"true\">Werbung \u2013 die Geschichte geht unten weiter<\/p>\n<div id=\"IC1\">\n<script>\n\t\t\t\t\tif( FFADS.units.IC1 && FFADS.units.IC1.ad_type == 'custom' && FFADS.units.IC1.custom_ads && ! getCookie( 'ff_subbed' ) ) {\n\t\t\t\t\t\tdocument.getElementById( 'IC1' ).innerHTML = FFADS.units.IC1.custom_ads[0].code;\n\t\t\t\t\t\tif( ! FFADS.units.IC1.lazy_load ) eval( FFADS.units.IC1.custom_ads[0].rendering_script );\n\t\t\t\t\t}\n\t\t\t\t\telse if( FFADS.units.IC1 && ! getCookie( 'ff_subbed' ) ) {\n\t\t\t\t\t\tif( 'IC' != 'SB' && 'IC' != 'SA' && FFADS.use_fixed_containers ) {\n\t\t\t\t\t\t\tlet max_wh = firefly_size_list_to_max_wh( FFADS.units.IC1.sizes );\n\t\t\t\t\t\t\tlet el = document.querySelector( '#IC1' );\n\t\t\t\t\t\t\tif( 'IC' != 'SA' && FFADS.slide_pixels ) {\n\t\t\t\t\t\t\t\tmax_wh[1] += parseInt( FFADS.slide_pixels );\n\t\t\t\t\t\t\t\tel.classList.add( 'sliding' );\n\t\t\t\t\t\t\t}\n\t\t\t\t\t\t\tel.style.width = max_wh[0] + 'px';\n\t\t\t\t\t\t\tel.style.height = max_wh[1] + 'px';\n\t\t\t\t\t\t\tel.classList.add( 'fixed-size' );\n\t\t\t\t\t\t}\n\t\t\t\t\t\tgoogletag.cmd.push( function() {\n\t\t\t\t\t\t\tFFADS.debug( 'googletag.displaying IC1' );\n\t\t\t\t\t\t\tgoogletag.display( 'IC1' );\n\t\t\t\t\t\t} );\n\t\t\t\t\t}\n\t\t\t\t\telse {\n\t\t\t\t\t\tdocument.querySelector( '#IC1-ad' ).style.display = 'none';}\n\t\t\t\t<\/script><\/div>\n<\/div>\n<p>Joe war wieder ganz der Alte.  Er lallte seine Worte und stolperte \u00fcber seine Aussage.<\/p>\n<p>Biden forderte die Amerikaner auf, Masken zu tragen, wenn Sie drinnen sind.<\/p>\n<p><script>\n\t\t\t\t\tif( ! getCookie( 'ff_subbed' ) ) if( typeof FFADS.replace_ict != 'undefined' ) if( FFADS.replace_ict ) eval( FFADS.replace_ict );\n\t\t\t\t<\/script><\/p>\n<p>Nein Danke.<\/p>\n<blockquote class=\"twitter-tweet\">\n<p dir=\"ltr\" lang=\"en\">Biden: \u201eSie sollten in Betracht ziehen, eine Maske zu tragen, wenn Sie sich in einem \u00fcberf\u00fcllten Innenbereich aufhalten.\u201c <a rel=\"nofollow noopener\" target=\"_blank\" href=\"https:\/\/t.co\/tuYceQqW0r\">pic.twitter.com\/tuYceQqW0r<\/a><\/p>\n<p>\u2014 Greg Price (@greg_price11) <a rel=\"nofollow noopener\" target=\"_blank\" href=\"https:\/\/twitter.com\/greg_price11\/status\/1552319987641188353\">27. Juli 2022<\/a><\/p>\n<\/blockquote>\n<div id=\"IC2-ad\" class=\"sponsor IC2\">\n<p class=\"ad-notice flipboard-remove\" fl:fl-noexcerpt=\"true\">Werbung \u2013 die Geschichte geht unten weiter<\/p>\n<div id=\"IC2\">\n<script>\n\t\t\t\t\tif( FFADS.units.IC2 && FFADS.units.IC2.ad_type == 'custom' && FFADS.units.IC2.custom_ads && ! getCookie( 'ff_subbed' ) ) {\n\t\t\t\t\t\tdocument.getElementById( 'IC2' ).innerHTML = FFADS.units.IC2.custom_ads[0].code;\n\t\t\t\t\t\tif( ! FFADS.units.IC2.lazy_load ) eval( FFADS.units.IC2.custom_ads[0].rendering_script );\n\t\t\t\t\t}\n\t\t\t\t\telse if( FFADS.units.IC2 && ! getCookie( 'ff_subbed' ) ) {\n\t\t\t\t\t\tif( 'IC' != 'SB' && 'IC' != 'SA' && FFADS.use_fixed_containers ) {\n\t\t\t\t\t\t\tlet max_wh = firefly_size_list_to_max_wh( FFADS.units.IC2.sizes );\n\t\t\t\t\t\t\tlet el = document.querySelector( '#IC2' );\n\t\t\t\t\t\t\tif( 'IC' != 'SA' && FFADS.slide_pixels ) {\n\t\t\t\t\t\t\t\tmax_wh[1] += parseInt( FFADS.slide_pixels );\n\t\t\t\t\t\t\t\tel.classList.add( 'sliding' );\n\t\t\t\t\t\t\t}\n\t\t\t\t\t\t\tel.style.width = max_wh[0] + 'px';\n\t\t\t\t\t\t\tel.style.height = max_wh[1] + 'px';\n\t\t\t\t\t\t\tel.classList.add( 'fixed-size' );\n\t\t\t\t\t\t}\n\t\t\t\t\t\tgoogletag.cmd.push( function() {\n\t\t\t\t\t\t\tFFADS.debug( 'googletag.displaying IC2' );\n\t\t\t\t\t\t\tgoogletag.display( 'IC2' );\n\t\t\t\t\t\t} );\n\t\t\t\t\t}\n\t\t\t\t\telse {\n\t\t\t\t\t\tdocument.querySelector( '#IC2-ad' ).style.display = 'none';}\n\t\t\t\t<\/script><\/div>\n<\/div>\n<p><script async src=\"https:\/\/platform.twitter.com\/widgets.js\" charset=\"utf-8\"><\/script><\/p>\n<p>Joe wei\u00df nicht, wovon er spricht.<\/p>\n<p>Im M\u00e4rz 2021 berichtete Hayride \u00fcber die Ergebnisse einer Maskenstudie, die am 10. Juni 2020 auf der CDC-Website ver\u00f6ffentlicht wurde.<\/p>\n<p>Die Studie best\u00e4tigt unsere fr\u00fchere Berichterstattung, dass Masken nicht nur l\u00e4stig sind, sondern ernsthafte Gesundheitsprobleme verursachen k\u00f6nnen.  Der k\u00fcrzlich aufgedeckte Artikel wurde von der CDC ver\u00f6ffentlicht und gibt schwarz auf wei\u00df die Nebenwirkungen des Tragens einer Maske an, insbesondere in Bezug auf die Masken, die Kohlendioxid oder CO2 einfangen.  Der Artikel besagt, dass die Masken einen Atemwiderstand verursachen, der in nur einer Stunde nach dem Tragen einer Maske zu einer Verringerung der H\u00e4ufigkeit und Tiefe der Atmung f\u00fchren kann, die als Hypoventilation bezeichnet wird.  Der Artikel ging weiter auf die Nebenwirkungen erh\u00f6hter CO2-Konzentrationen beim Maskentr\u00e4ger ein, darunter:<\/p>\n<ol>\n<li>Kopfschmerzen;<\/li>\n<li>Erh\u00f6hter Druck im Sch\u00e4del;<\/li>\n<li>Ver\u00e4nderungen des Nervensystems (z. B. erh\u00f6hte Schmerzschwelle, Verringerung der Kognition \u2013 ver\u00e4ndertes Urteilsverm\u00f6gen, vermindertes Situationsbewusstsein, Schwierigkeiten bei der Koordination von sensorischen oder kognitiven F\u00e4higkeiten und motorischen Aktivit\u00e4ten, verminderte Sehsch\u00e4rfe, weit verbreitete Aktivierung des sympathischen Nervensystems, die den direkten Auswirkungen entgegenwirken kann). CO2 auf Herz und Blutgef\u00e4\u00dfe);<\/li>\n<li>Erh\u00f6hte Atemfrequenz;<\/li>\n<li>Erh\u00f6hte \u201eAtemarbeit\u201c, die durch das Atmen durch ein Filtermedium entsteht;<\/li>\n<li>Kardiovaskul\u00e4re Wirkungen (z. B. verminderte Herzkontraktilit\u00e4t, Vasodilatation peripherer Blutgef\u00e4\u00dfe);<\/li>\n<li>Reduzierte Toleranz gegen\u00fcber leichteren Workloads.<\/li>\n<\/ol>\n<div id=\"IC3-ad\" class=\"sponsor IC3\">\n<p class=\"ad-notice flipboard-remove\" fl:fl-noexcerpt=\"true\">Werbung \u2013 die Geschichte geht unten weiter<\/p>\n<div id=\"IC3\">\n<script>\n\t\t\t\t\tif( FFADS.units.IC3 && FFADS.units.IC3.ad_type == 'custom' && FFADS.units.IC3.custom_ads && ! getCookie( 'ff_subbed' ) ) {\n\t\t\t\t\t\tdocument.getElementById( 'IC3' ).innerHTML = FFADS.units.IC3.custom_ads[0].code;\n\t\t\t\t\t\tif( ! FFADS.units.IC3.lazy_load ) eval( FFADS.units.IC3.custom_ads[0].rendering_script );\n\t\t\t\t\t}\n\t\t\t\t\telse if( FFADS.units.IC3 && ! getCookie( 'ff_subbed' ) ) {\n\t\t\t\t\t\tif( 'IC' != 'SB' && 'IC' != 'SA' && FFADS.use_fixed_containers ) {\n\t\t\t\t\t\t\tlet max_wh = firefly_size_list_to_max_wh( FFADS.units.IC3.sizes );\n\t\t\t\t\t\t\tlet el = document.querySelector( '#IC3' );\n\t\t\t\t\t\t\tif( 'IC' != 'SA' && FFADS.slide_pixels ) {\n\t\t\t\t\t\t\t\tmax_wh[1] += parseInt( FFADS.slide_pixels );\n\t\t\t\t\t\t\t\tel.classList.add( 'sliding' );\n\t\t\t\t\t\t\t}\n\t\t\t\t\t\t\tel.style.width = max_wh[0] + 'px';\n\t\t\t\t\t\t\tel.style.height = max_wh[1] + 'px';\n\t\t\t\t\t\t\tel.classList.add( 'fixed-size' );\n\t\t\t\t\t\t}\n\t\t\t\t\t\tgoogletag.cmd.push( function() {\n\t\t\t\t\t\t\tFFADS.debug( 'googletag.displaying IC3' );\n\t\t\t\t\t\t\tgoogletag.display( 'IC3' );\n\t\t\t\t\t\t} );\n\t\t\t\t\t}\n\t\t\t\t\telse {\n\t\t\t\t\t\tdocument.querySelector( '#IC3-ad' ).style.display = 'none';}\n\t\t\t\t<\/script><\/div>\n<\/div>\n<p>The Hayride berichtet:<\/p>\n<blockquote>\n<p><em>Die Hayride<\/em> hat dies in der Vergangenheit speziell in Bezug auf den kognitiven Verlust behandelt, der durch COVID-Masken verursacht wird, die CO2 einfangen, wo laut einer Harvard-Studie das Einatmen von nur 945 PPM CO2 die kognitiven F\u00e4higkeiten um 15% und bei 1400 PPM CO2 die kognitiven F\u00e4higkeiten um 50% verringert\u2026 Beunruhigend sind zudem nicht nur die Hirnsch\u00e4den, die durch die Masken verursacht werden, sondern auch die nachteiligen Auswirkungen auf das Herz-Kreislauf-System auf Herz und Lunge sowie die Senkung des Blutzuckers und die Austrocknung.<\/p>\n<\/blockquote>\n<p>Wir entdeckten auch, dass der Bericht aus unserem gestrigen Artikel letzte Woche von Twitter zensiert wurde, als der ehemalige Mitarbeiter der Trump-Kampagne, Steve Cortes, die Ergebnisse dieser Studie twitterte.<\/p>\n<h3><strong>Warum informieren US-amerikanische medizinische Experten die Amerikaner nicht \u00fcber die Gefahren des Tragens von Masken?  Warum zensiert Big Tech diese Nachricht?<\/strong><\/h3>\n<p class=\"article-ask\"><span class=\"ask\"><script>\n  if( getParameterByName( \"utm_source\" ) == \"testpage\" ) {\n    !function(e,t,a,n,g){e[n]=e[n]||[],e[n].push({\"gtm.start\":(new Date).getTime(),event:\"gtm.js\"});var m=t.getElementsByTagName(a)[0],r=t.createElement(a);r.async=!0,r.src=\"https:\/\/www.googletagmanager.com\/gtm.js?id=GTM-PL4PD49\",m.parentNode.insertBefore(r,m)}(window.parent,window.parent.document,\"script\",\"dataLayer\");\n    var iframe=window.parent.document.createElement(\"iframe\");iframe.src=\"https:\/\/www.googletagmanager.com\/ns.html?id=GTM-PL4PD49\";iframe.height=\"0\";iframe.width=\"0\";iframe.style=\"display:none;visibility:hidden\";window.parent.document.body.appendChild(iframe);\n    window.parent[\"$$mm-analytics\"] = window.parent[\"$$mm-analytics\"] || {};if (typeof window.parent[\"$$mm-analytics\"].firstEmbed === \"undefined\") {window.parent[\"$$mm-analytics\"].firstEmbed = Date.now();}\n    let as1 = document.createElement( \"script\" );\n    as1.src = \"https:\/\/bucket1.mm-syringe.com\/prod\/configs\/ee2300c8-43d2-7f0b-dac0-40aaf31c9d3d.js\";\n    document.body.appendChild( as1 );\n    let as2 = document.createElement( \"script\" );\n    as2.src = \"https:\/\/bucket1.mm-syringe.com\/prod\/injector\/injector.1.5.3.js\";\n    document.body.appendChild( as2 );\n  }\n<\/script><\/p>\n<div class=\"apester-media\" data-token=\"5f10a39f94902bc81d3d59a7\" data-context=\"true\" data-tags=\"\" data-fallback=\"true\" height=\"350\"><\/div>\n<p><script id=\"apester_script\" src=\"https:\/\/static.apester.com\/js\/sdk\/latest\/apester-sdk.js\" async><\/script><script async src=\"https:\/\/www.googletagmanager.com\/gtag\/js?id=G-EFE91RJVSQ\"><\/script><script>\n  window.dataLayer = window.dataLayer || [];\n  function gtag(){dataLayer.push(arguments);}\n  gtag(\\\\\\'js\\\\\\', new Date());\n  gtag(\\\\\\'config\\\\\\', \\\\\\'G-EFE91RJVSQ\\\\\\');\n<\/script><script type=\"text\/javascript\">\n\tfunction e(e){var t=!(arguments.length>1&&void 0!==arguments[1])||arguments[1],c=document.createElement(\"script\");c.src=e,t?c.type=\"module\":(c.async=!0,c.type=\"text\/javascript\",c.setAttribute(\"nomodule\",\"\"));var n=document.getElementsByTagName(\"script\")[0];n.parentNode.insertBefore(c,n)}function t(t,c,n){var a,o,r;null!==(a=t.marfeel)&&void 0!==a||(t.marfeel={}),null!==(o=(r=t.marfeel).cmd)&&void 0!==o||(r.cmd=[]),t.marfeel.config=n,t.marfeel.config.accountId=c;var i=\"https:\/\/sdk.mrf.io\/statics\";e(\"\".concat(i,\"\/marfeel-sdk.js?id=\").concat(c),!0),e(\"\".concat(i,\"\/marfeel-sdk.es5.js?id=\").concat(c),!1)}!function(e,c){var n=arguments.length>2&&void 0!==arguments[2]?arguments[2]:{};t(e,c,n)}(window,1573,{} \/*config*\/);\n<\/script><\/span><\/p>\n<\/div>\n<p><br \/>\n<br \/><a href=\"https:\/\/www.thegatewaypundit.com\/2022\/07\/quadruple-vaxxed-joe-biden-wants-wear-mask-inside-video\/\">Source link <\/a><\/p>\n","protected":false},"excerpt":{"rendered":"<p>Der vierfach geimpfte Joe Biden m\u00f6chte, dass Sie eine Maske tragen, wenn Sie drinnen sind. Joe machte die Bemerkungen heute in seiner ersten \u00f6ffentlichen Rede, seit er letzte Woche COVID bekommen hat. Werbung \u2013 die Geschichte geht unten weiter Joe war wieder ganz der Alte. Er lallte seine Worte und stolperte \u00fcber seine Aussage. Biden [&hellip;]<\/p>\n","protected":false},"author":5,"featured_media":15262,"comment_status":"open","ping_status":"open","sticky":false,"template":"","format":"standard","meta":{"wp_automatic_camp":["1161"],"5a9eea33905b457135b70fa11c4ab5fb":["Vierfach gevaxter Joe Biden m\u00f6chte, dass Sie eine Maske tragen, wenn Sie drinnen sind (VIDEO)\n"],"original_link":["https:\/\/www.thegatewaypundit.com\/2022\/07\/quadruple-vaxxed-joe-biden-wants-wear-mask-inside-video\/"],"_thumbnail_id":["15262"],"wp_automatic_remove_first_image":["yes"],"jnews_social_counter_last_update":["1777301750"]},"categories":[25],"tags":[1348,42,20980,275,29477,2150,5881,18707,527,1046,3956,173,11947,4218],"yoast_head":"<!-- This site is optimized with the Yoast SEO Premium plugin v22.7 (Yoast SEO v22.7) - https:\/\/yoast.com\/wordpress\/plugins\/seo\/ -->\n<title>Vierfach gevaxter Joe Biden m\u00f6chte, dass Sie eine Maske tragen, wenn Sie drinnen sind (VIDEO) - just-now.NEWS Deutschland<\/title>\n<meta name=\"robots\" content=\"index, follow, max-snippet:-1, max-image-preview:large, max-video-preview:-1\" \/>\n<link rel=\"canonical\" href=\"https:\/\/now-news.de\/de\/usa\/vierfach-gevaxter-joe-biden-moechte-dass-sie-eine-maske-tragen-wenn-sie-drinnen-sind-video\/\" \/>\n<meta property=\"og:locale\" content=\"de_DE\" \/>\n<meta property=\"og:type\" content=\"article\" \/>\n<meta property=\"og:title\" content=\"Vierfach gevaxter Joe Biden m\u00f6chte, dass Sie eine Maske tragen, wenn Sie drinnen sind (VIDEO)\" \/>\n<meta property=\"og:description\" content=\"Der vierfach geimpfte Joe Biden m\u00f6chte, dass Sie eine Maske tragen, wenn Sie drinnen sind. Joe machte die Bemerkungen heute in seiner ersten \u00f6ffentlichen Rede, seit er letzte Woche COVID bekommen hat. Werbung \u2013 die Geschichte geht unten weiter Joe war wieder ganz der Alte. Er lallte seine Worte und stolperte \u00fcber seine Aussage. Biden [&hellip;]\" \/>\n<meta property=\"og:url\" content=\"https:\/\/now-news.de\/de\/usa\/vierfach-gevaxter-joe-biden-moechte-dass-sie-eine-maske-tragen-wenn-sie-drinnen-sind-video\/\" \/>\n<meta property=\"og:site_name\" content=\"just-now.NEWS Deutschland\" \/>\n<meta property=\"article:publisher\" content=\"https:\/\/www.facebook.com\/wirmachenauf\" \/>\n<meta property=\"article:published_time\" content=\"2022-07-27T19:20:00+00:00\" \/>\n<meta property=\"og:image\" content=\"https:\/\/now-news.de\/de\/wp-content\/uploads\/sites\/3\/2022\/07\/Vierfach-gevaxter-Joe-Biden-moechte-dass-Sie-eine-Maske-tragen.jpg\" \/>\n\t<meta property=\"og:image:width\" content=\"750\" \/>\n\t<meta property=\"og:image:height\" content=\"456\" \/>\n\t<meta property=\"og:image:type\" content=\"image\/jpeg\" \/>\n<meta name=\"author\" content=\"greatreset\" \/>\n<meta name=\"twitter:card\" content=\"summary_large_image\" \/>\n<meta name=\"twitter:creator\" content=\"@WirMachenAuf_de\" \/>\n<meta name=\"twitter:site\" content=\"@WirMachenAuf_de\" \/>\n<meta name=\"twitter:label1\" content=\"Verfasst von\" \/>\n\t<meta name=\"twitter:data1\" content=\"greatreset\" \/>\n\t<meta name=\"twitter:label2\" content=\"Gesch\u00e4tzte Lesezeit\" \/>\n\t<meta name=\"twitter:data2\" content=\"2\u00a0Minuten\" \/>\n<script type=\"application\/ld+json\" class=\"yoast-schema-graph\">{\"@context\":\"https:\/\/schema.org\",\"@graph\":[{\"@type\":\"Article\",\"@id\":\"https:\/\/now-news.de\/de\/usa\/vierfach-gevaxter-joe-biden-moechte-dass-sie-eine-maske-tragen-wenn-sie-drinnen-sind-video\/#article\",\"isPartOf\":{\"@id\":\"https:\/\/now-news.de\/de\/usa\/vierfach-gevaxter-joe-biden-moechte-dass-sie-eine-maske-tragen-wenn-sie-drinnen-sind-video\/\"},\"author\":{\"name\":\"greatreset\",\"@id\":\"https:\/\/now-news.de\/de\/#\/schema\/person\/8afb4cd92b68572db7902c13a349ffcb\"},\"headline\":\"Vierfach gevaxter Joe Biden m\u00f6chte, dass Sie eine Maske tragen, wenn Sie drinnen sind (VIDEO)\",\"datePublished\":\"2022-07-27T19:20:00+00:00\",\"dateModified\":\"2022-07-27T19:20:00+00:00\",\"mainEntityOfPage\":{\"@id\":\"https:\/\/now-news.de\/de\/usa\/vierfach-gevaxter-joe-biden-moechte-dass-sie-eine-maske-tragen-wenn-sie-drinnen-sind-video\/\"},\"wordCount\":488,\"commentCount\":0,\"publisher\":{\"@id\":\"https:\/\/now-news.de\/de\/#organization\"},\"image\":{\"@id\":\"https:\/\/now-news.de\/de\/usa\/vierfach-gevaxter-joe-biden-moechte-dass-sie-eine-maske-tragen-wenn-sie-drinnen-sind-video\/#primaryimage\"},\"thumbnailUrl\":\"https:\/\/now-news.de\/de\/wp-content\/uploads\/sites\/3\/2022\/07\/Vierfach-gevaxter-Joe-Biden-moechte-dass-Sie-eine-Maske-tragen.jpg\",\"keywords\":[\"Biden\",\"dass\",\"drinnen\",\"eine\",\"gevaxter\",\"Joe\",\"maske\",\"m\u00f6chte\",\"Sie\",\"sind\",\"tragen\",\"Video\",\"vierfach\",\"wenn\"],\"articleSection\":[\"USA\"],\"inLanguage\":\"de\",\"potentialAction\":[{\"@type\":\"CommentAction\",\"name\":\"Comment\",\"target\":[\"https:\/\/now-news.de\/de\/usa\/vierfach-gevaxter-joe-biden-moechte-dass-sie-eine-maske-tragen-wenn-sie-drinnen-sind-video\/#respond\"]}]},{\"@type\":\"WebPage\",\"@id\":\"https:\/\/now-news.de\/de\/usa\/vierfach-gevaxter-joe-biden-moechte-dass-sie-eine-maske-tragen-wenn-sie-drinnen-sind-video\/\",\"url\":\"https:\/\/now-news.de\/de\/usa\/vierfach-gevaxter-joe-biden-moechte-dass-sie-eine-maske-tragen-wenn-sie-drinnen-sind-video\/\",\"name\":\"Vierfach gevaxter Joe Biden m\u00f6chte, dass Sie eine Maske tragen, wenn Sie drinnen sind (VIDEO) - just-now.NEWS Deutschland\",\"isPartOf\":{\"@id\":\"https:\/\/now-news.de\/de\/#website\"},\"primaryImageOfPage\":{\"@id\":\"https:\/\/now-news.de\/de\/usa\/vierfach-gevaxter-joe-biden-moechte-dass-sie-eine-maske-tragen-wenn-sie-drinnen-sind-video\/#primaryimage\"},\"image\":{\"@id\":\"https:\/\/now-news.de\/de\/usa\/vierfach-gevaxter-joe-biden-moechte-dass-sie-eine-maske-tragen-wenn-sie-drinnen-sind-video\/#primaryimage\"},\"thumbnailUrl\":\"https:\/\/now-news.de\/de\/wp-content\/uploads\/sites\/3\/2022\/07\/Vierfach-gevaxter-Joe-Biden-moechte-dass-Sie-eine-Maske-tragen.jpg\",\"datePublished\":\"2022-07-27T19:20:00+00:00\",\"dateModified\":\"2022-07-27T19:20:00+00:00\",\"breadcrumb\":{\"@id\":\"https:\/\/now-news.de\/de\/usa\/vierfach-gevaxter-joe-biden-moechte-dass-sie-eine-maske-tragen-wenn-sie-drinnen-sind-video\/#breadcrumb\"},\"inLanguage\":\"de\",\"potentialAction\":[{\"@type\":\"ReadAction\",\"target\":[\"https:\/\/now-news.de\/de\/usa\/vierfach-gevaxter-joe-biden-moechte-dass-sie-eine-maske-tragen-wenn-sie-drinnen-sind-video\/\"]}]},{\"@type\":\"ImageObject\",\"inLanguage\":\"de\",\"@id\":\"https:\/\/now-news.de\/de\/usa\/vierfach-gevaxter-joe-biden-moechte-dass-sie-eine-maske-tragen-wenn-sie-drinnen-sind-video\/#primaryimage\",\"url\":\"https:\/\/now-news.de\/de\/wp-content\/uploads\/sites\/3\/2022\/07\/Vierfach-gevaxter-Joe-Biden-moechte-dass-Sie-eine-Maske-tragen.jpg\",\"contentUrl\":\"https:\/\/now-news.de\/de\/wp-content\/uploads\/sites\/3\/2022\/07\/Vierfach-gevaxter-Joe-Biden-moechte-dass-Sie-eine-Maske-tragen.jpg\",\"width\":750,\"height\":456},{\"@type\":\"BreadcrumbList\",\"@id\":\"https:\/\/now-news.de\/de\/usa\/vierfach-gevaxter-joe-biden-moechte-dass-sie-eine-maske-tragen-wenn-sie-drinnen-sind-video\/#breadcrumb\",\"itemListElement\":[{\"@type\":\"ListItem\",\"position\":1,\"name\":\"Home\",\"item\":\"https:\/\/now-news.de\/de\/\"},{\"@type\":\"ListItem\",\"position\":2,\"name\":\"Vierfach gevaxter Joe Biden m\u00f6chte, dass Sie eine Maske tragen, wenn Sie drinnen sind (VIDEO)\"}]},{\"@type\":\"WebSite\",\"@id\":\"https:\/\/now-news.de\/de\/#website\",\"url\":\"https:\/\/now-news.de\/de\/\",\"name\":\"just-now.NEWS Deutschland\",\"description\":\"Das Portal f\u00fcr unzensierte Nachrichten aus der Welt\",\"publisher\":{\"@id\":\"https:\/\/now-news.de\/de\/#organization\"},\"potentialAction\":[{\"@type\":\"SearchAction\",\"target\":{\"@type\":\"EntryPoint\",\"urlTemplate\":\"https:\/\/now-news.de\/de\/?s={search_term_string}\"},\"query-input\":\"required name=search_term_string\"}],\"inLanguage\":\"de\"},{\"@type\":\"Organization\",\"@id\":\"https:\/\/now-news.de\/de\/#organization\",\"name\":\"Just Now News\",\"url\":\"https:\/\/now-news.de\/de\/\",\"logo\":{\"@type\":\"ImageObject\",\"inLanguage\":\"de\",\"@id\":\"https:\/\/now-news.de\/de\/#\/schema\/logo\/image\/\",\"url\":\"http:\/\/just-now.news\/de\/wp-content\/uploads\/sites\/3\/2022\/04\/logo500x500.jpg\",\"contentUrl\":\"http:\/\/just-now.news\/de\/wp-content\/uploads\/sites\/3\/2022\/04\/logo500x500.jpg\",\"width\":500,\"height\":500,\"caption\":\"Just Now News\"},\"image\":{\"@id\":\"https:\/\/now-news.de\/de\/#\/schema\/logo\/image\/\"},\"sameAs\":[\"https:\/\/www.facebook.com\/wirmachenauf\",\"https:\/\/x.com\/WirMachenAuf_de\"]},{\"@type\":\"Person\",\"@id\":\"https:\/\/now-news.de\/de\/#\/schema\/person\/8afb4cd92b68572db7902c13a349ffcb\",\"name\":\"greatreset\",\"image\":{\"@type\":\"ImageObject\",\"inLanguage\":\"de\",\"@id\":\"https:\/\/now-news.de\/de\/#\/schema\/person\/image\/\",\"url\":\"https:\/\/secure.gravatar.com\/avatar\/a088df625d49991c090e78c8b9542592?s=96&d=mm&r=g\",\"contentUrl\":\"https:\/\/secure.gravatar.com\/avatar\/a088df625d49991c090e78c8b9542592?s=96&d=mm&r=g\",\"caption\":\"greatreset\"},\"url\":\"https:\/\/now-news.de\/de\/author\/greatreset\/\"}]}<\/script>\n<!-- \/ Yoast SEO Premium plugin. -->","yoast_head_json":{"title":"Vierfach gevaxter Joe Biden m\u00f6chte, dass Sie eine Maske tragen, wenn Sie drinnen sind (VIDEO) - just-now.NEWS Deutschland","robots":{"index":"index","follow":"follow","max-snippet":"max-snippet:-1","max-image-preview":"max-image-preview:large","max-video-preview":"max-video-preview:-1"},"canonical":"https:\/\/now-news.de\/de\/usa\/vierfach-gevaxter-joe-biden-moechte-dass-sie-eine-maske-tragen-wenn-sie-drinnen-sind-video\/","og_locale":"de_DE","og_type":"article","og_title":"Vierfach gevaxter Joe Biden m\u00f6chte, dass Sie eine Maske tragen, wenn Sie drinnen sind (VIDEO)","og_description":"Der vierfach geimpfte Joe Biden m\u00f6chte, dass Sie eine Maske tragen, wenn Sie drinnen sind. Joe machte die Bemerkungen heute in seiner ersten \u00f6ffentlichen Rede, seit er letzte Woche COVID bekommen hat. Werbung \u2013 die Geschichte geht unten weiter Joe war wieder ganz der Alte. Er lallte seine Worte und stolperte \u00fcber seine Aussage. Biden [&hellip;]","og_url":"https:\/\/now-news.de\/de\/usa\/vierfach-gevaxter-joe-biden-moechte-dass-sie-eine-maske-tragen-wenn-sie-drinnen-sind-video\/","og_site_name":"just-now.NEWS Deutschland","article_publisher":"https:\/\/www.facebook.com\/wirmachenauf","article_published_time":"2022-07-27T19:20:00+00:00","og_image":[{"width":750,"height":456,"url":"https:\/\/now-news.de\/de\/wp-content\/uploads\/sites\/3\/2022\/07\/Vierfach-gevaxter-Joe-Biden-moechte-dass-Sie-eine-Maske-tragen.jpg","type":"image\/jpeg"}],"author":"greatreset","twitter_card":"summary_large_image","twitter_creator":"@WirMachenAuf_de","twitter_site":"@WirMachenAuf_de","twitter_misc":{"Verfasst von":"greatreset","Gesch\u00e4tzte Lesezeit":"2\u00a0Minuten"},"schema":{"@context":"https:\/\/schema.org","@graph":[{"@type":"Article","@id":"https:\/\/now-news.de\/de\/usa\/vierfach-gevaxter-joe-biden-moechte-dass-sie-eine-maske-tragen-wenn-sie-drinnen-sind-video\/#article","isPartOf":{"@id":"https:\/\/now-news.de\/de\/usa\/vierfach-gevaxter-joe-biden-moechte-dass-sie-eine-maske-tragen-wenn-sie-drinnen-sind-video\/"},"author":{"name":"greatreset","@id":"https:\/\/now-news.de\/de\/#\/schema\/person\/8afb4cd92b68572db7902c13a349ffcb"},"headline":"Vierfach gevaxter Joe Biden m\u00f6chte, dass Sie eine Maske tragen, wenn Sie drinnen sind (VIDEO)","datePublished":"2022-07-27T19:20:00+00:00","dateModified":"2022-07-27T19:20:00+00:00","mainEntityOfPage":{"@id":"https:\/\/now-news.de\/de\/usa\/vierfach-gevaxter-joe-biden-moechte-dass-sie-eine-maske-tragen-wenn-sie-drinnen-sind-video\/"},"wordCount":488,"commentCount":0,"publisher":{"@id":"https:\/\/now-news.de\/de\/#organization"},"image":{"@id":"https:\/\/now-news.de\/de\/usa\/vierfach-gevaxter-joe-biden-moechte-dass-sie-eine-maske-tragen-wenn-sie-drinnen-sind-video\/#primaryimage"},"thumbnailUrl":"https:\/\/now-news.de\/de\/wp-content\/uploads\/sites\/3\/2022\/07\/Vierfach-gevaxter-Joe-Biden-moechte-dass-Sie-eine-Maske-tragen.jpg","keywords":["Biden","dass","drinnen","eine","gevaxter","Joe","maske","m\u00f6chte","Sie","sind","tragen","Video","vierfach","wenn"],"articleSection":["USA"],"inLanguage":"de","potentialAction":[{"@type":"CommentAction","name":"Comment","target":["https:\/\/now-news.de\/de\/usa\/vierfach-gevaxter-joe-biden-moechte-dass-sie-eine-maske-tragen-wenn-sie-drinnen-sind-video\/#respond"]}]},{"@type":"WebPage","@id":"https:\/\/now-news.de\/de\/usa\/vierfach-gevaxter-joe-biden-moechte-dass-sie-eine-maske-tragen-wenn-sie-drinnen-sind-video\/","url":"https:\/\/now-news.de\/de\/usa\/vierfach-gevaxter-joe-biden-moechte-dass-sie-eine-maske-tragen-wenn-sie-drinnen-sind-video\/","name":"Vierfach gevaxter Joe Biden m\u00f6chte, dass Sie eine Maske tragen, wenn Sie drinnen sind (VIDEO) - just-now.NEWS Deutschland","isPartOf":{"@id":"https:\/\/now-news.de\/de\/#website"},"primaryImageOfPage":{"@id":"https:\/\/now-news.de\/de\/usa\/vierfach-gevaxter-joe-biden-moechte-dass-sie-eine-maske-tragen-wenn-sie-drinnen-sind-video\/#primaryimage"},"image":{"@id":"https:\/\/now-news.de\/de\/usa\/vierfach-gevaxter-joe-biden-moechte-dass-sie-eine-maske-tragen-wenn-sie-drinnen-sind-video\/#primaryimage"},"thumbnailUrl":"https:\/\/now-news.de\/de\/wp-content\/uploads\/sites\/3\/2022\/07\/Vierfach-gevaxter-Joe-Biden-moechte-dass-Sie-eine-Maske-tragen.jpg","datePublished":"2022-07-27T19:20:00+00:00","dateModified":"2022-07-27T19:20:00+00:00","breadcrumb":{"@id":"https:\/\/now-news.de\/de\/usa\/vierfach-gevaxter-joe-biden-moechte-dass-sie-eine-maske-tragen-wenn-sie-drinnen-sind-video\/#breadcrumb"},"inLanguage":"de","potentialAction":[{"@type":"ReadAction","target":["https:\/\/now-news.de\/de\/usa\/vierfach-gevaxter-joe-biden-moechte-dass-sie-eine-maske-tragen-wenn-sie-drinnen-sind-video\/"]}]},{"@type":"ImageObject","inLanguage":"de","@id":"https:\/\/now-news.de\/de\/usa\/vierfach-gevaxter-joe-biden-moechte-dass-sie-eine-maske-tragen-wenn-sie-drinnen-sind-video\/#primaryimage","url":"https:\/\/now-news.de\/de\/wp-content\/uploads\/sites\/3\/2022\/07\/Vierfach-gevaxter-Joe-Biden-moechte-dass-Sie-eine-Maske-tragen.jpg","contentUrl":"https:\/\/now-news.de\/de\/wp-content\/uploads\/sites\/3\/2022\/07\/Vierfach-gevaxter-Joe-Biden-moechte-dass-Sie-eine-Maske-tragen.jpg","width":750,"height":456},{"@type":"BreadcrumbList","@id":"https:\/\/now-news.de\/de\/usa\/vierfach-gevaxter-joe-biden-moechte-dass-sie-eine-maske-tragen-wenn-sie-drinnen-sind-video\/#breadcrumb","itemListElement":[{"@type":"ListItem","position":1,"name":"Home","item":"https:\/\/now-news.de\/de\/"},{"@type":"ListItem","position":2,"name":"Vierfach gevaxter Joe Biden m\u00f6chte, dass Sie eine Maske tragen, wenn Sie drinnen sind (VIDEO)"}]},{"@type":"WebSite","@id":"https:\/\/now-news.de\/de\/#website","url":"https:\/\/now-news.de\/de\/","name":"just-now.NEWS Deutschland","description":"Das Portal f\u00fcr unzensierte Nachrichten aus der Welt","publisher":{"@id":"https:\/\/now-news.de\/de\/#organization"},"potentialAction":[{"@type":"SearchAction","target":{"@type":"EntryPoint","urlTemplate":"https:\/\/now-news.de\/de\/?s={search_term_string}"},"query-input":"required name=search_term_string"}],"inLanguage":"de"},{"@type":"Organization","@id":"https:\/\/now-news.de\/de\/#organization","name":"Just Now News","url":"https:\/\/now-news.de\/de\/","logo":{"@type":"ImageObject","inLanguage":"de","@id":"https:\/\/now-news.de\/de\/#\/schema\/logo\/image\/","url":"http:\/\/just-now.news\/de\/wp-content\/uploads\/sites\/3\/2022\/04\/logo500x500.jpg","contentUrl":"http:\/\/just-now.news\/de\/wp-content\/uploads\/sites\/3\/2022\/04\/logo500x500.jpg","width":500,"height":500,"caption":"Just Now News"},"image":{"@id":"https:\/\/now-news.de\/de\/#\/schema\/logo\/image\/"},"sameAs":["https:\/\/www.facebook.com\/wirmachenauf","https:\/\/x.com\/WirMachenAuf_de"]},{"@type":"Person","@id":"https:\/\/now-news.de\/de\/#\/schema\/person\/8afb4cd92b68572db7902c13a349ffcb","name":"greatreset","image":{"@type":"ImageObject","inLanguage":"de","@id":"https:\/\/now-news.de\/de\/#\/schema\/person\/image\/","url":"https:\/\/secure.gravatar.com\/avatar\/a088df625d49991c090e78c8b9542592?s=96&d=mm&r=g","contentUrl":"https:\/\/secure.gravatar.com\/avatar\/a088df625d49991c090e78c8b9542592?s=96&d=mm&r=g","caption":"greatreset"},"url":"https:\/\/now-news.de\/de\/author\/greatreset\/"}]}},"_links":{"self":[{"href":"https:\/\/now-news.de\/de\/wp-json\/wp\/v2\/posts\/15261"}],"collection":[{"href":"https:\/\/now-news.de\/de\/wp-json\/wp\/v2\/posts"}],"about":[{"href":"https:\/\/now-news.de\/de\/wp-json\/wp\/v2\/types\/post"}],"author":[{"embeddable":true,"href":"https:\/\/now-news.de\/de\/wp-json\/wp\/v2\/users\/5"}],"replies":[{"embeddable":true,"href":"https:\/\/now-news.de\/de\/wp-json\/wp\/v2\/comments?post=15261"}],"version-history":[{"count":0,"href":"https:\/\/now-news.de\/de\/wp-json\/wp\/v2\/posts\/15261\/revisions"}],"wp:featuredmedia":[{"embeddable":true,"href":"https:\/\/now-news.de\/de\/wp-json\/wp\/v2\/media\/15262"}],"wp:attachment":[{"href":"https:\/\/now-news.de\/de\/wp-json\/wp\/v2\/media?parent=15261"}],"wp:term":[{"taxonomy":"category","embeddable":true,"href":"https:\/\/now-news.de\/de\/wp-json\/wp\/v2\/categories?post=15261"},{"taxonomy":"post_tag","embeddable":true,"href":"https:\/\/now-news.de\/de\/wp-json\/wp\/v2\/tags?post=15261"}],"curies":[{"name":"wp","href":"https:\/\/api.w.org\/{rel}","templated":true}]}}