{"id":15231,"date":"2022-07-27T17:59:41","date_gmt":"2022-07-27T15:59:41","guid":{"rendered":"http:\/\/just-now.news\/de\/deutschland\/eu-gericht-weist-klage-von-rt-france-ab-kreml-kuendigt-gegenmassnahmen-an\/"},"modified":"2022-07-27T17:59:41","modified_gmt":"2022-07-27T15:59:41","slug":"eu-gericht-weist-klage-von-rt-france-ab-kreml-kuendigt-gegenmassnahmen-an","status":"publish","type":"post","link":"https:\/\/now-news.de\/de\/deutschland\/eu-gericht-weist-klage-von-rt-france-ab-kreml-kuendigt-gegenmassnahmen-an\/","title":{"rendered":"EU-Gericht weist Klage von RT France ab \u2013 Kreml k\u00fcndigt Gegenma\u00dfnahmen an"},"content":{"rendered":"<p><img decoding=\"async\" src=\"http:\/\/just-now.news\/de\/wp-content\/uploads\/sites\/3\/2022\/07\/62e12af648fbef784d238fa9.jpg\" \/><\/p>\n<p><em>RT\u00a0France<\/em> hatte in seiner Klage argumentiert, dass der Sender sich zuvor nicht habe gegen die Anschuldigungen verteidigen d\u00fcrfen. Zudem w\u00fcrden Meinungs- und Informationsfreiheit, das Recht auf unternehmerische Bet\u00e4tigung und der Grundsatz der Nichtdiskriminierung aus Gr\u00fcnden der Staatsangeh\u00f6rigkeit verletzt. Au\u00dferdem stellte\u00a0<em>RT\u00a0France<\/em> infrage, ob der Rat der EU die fragliche Entscheidung \u00fcberhaupt treffen durfte.<\/p>\n<p>Das Gericht der Europ\u00e4ischen Union in Luxemburg wies all diese Punkte\u00a0 zur\u00fcck. &#8220;Das Gericht weist die Klage in vollem Umfang ab&#8221;, hie\u00df es in einer Pressemitteilung vom\u00a0Mittwoch.\u00a0Die Richter argumentieren unter anderem, dass die verh\u00e4ngten Sanktionen &#8220;unter Ber\u00fccksichtigung des au\u00dfergew\u00f6hnlichen Kontextes&#8221; mit Blick &#8220;auf die verfolgten Ziele angemessen und erforderlich&#8221; seien.\u00a0<\/p>\n<p>Nach dem Urteil vom Mittwoch sagte\u00a0<em>RT France<\/em>, die Entscheidung stelle einen &#8220;beispiellosen und inakzeptablen Angriff&#8221; auf den Grundsatz der Meinungsfreiheit dar. Der Sender will das Urteil anfechten.<\/p>\n<p>Der Kreml bewerte das Urteil negativ, reagierte Sprecher Dmitri Peskow am Mittwoch. Die europ\u00e4ischen L\u00e4nder &#8220;treten selbst auf jenen Idealen herum&#8221;, die sie der Welt zu vermitteln versuchen.&#8221; Der Angriff auf die Meinungsfreiheit, auf die Pressefreiheit in europ\u00e4ischen Staaten, einschlie\u00dflich Frankreich, ist ein Prozess, der uns sowohl Sorge als auch Bedauern bereitet&#8221;. Russland werde \u00e4hnliche Ma\u00dfnahmen ergreifen, warnte der Kremlsprecher:<\/p>\n<blockquote>\n<p><em>&#8220;Da wird es keine milde Position geben.&#8221;<\/em><\/p>\n<\/blockquote>\n<p>Er sagte, bei <em>RT<\/em> arbeiteten &#8220;sehr talentierte, energische Leute&#8221;, und er habe &#8220;keinen Zweifel&#8221;, dass sie trotz\u00a0aller Schwierigkeiten M\u00f6glichkeiten finden werden, um ihre Inhalte \u00fcber verschiedene Kan\u00e4le auszustrahlen.<\/p>\n<p>Die Europ\u00e4ische Union hatte die Ausstrahlung einiger russischer Medien, darunter <em>RT<\/em>, kurz nach Beginn der milit\u00e4rischen Sonderoperation in der Ukraine verboten. <em>RT-Chefredakteurin<\/em> Margarita Simonjan warf der EU daraufhin vor, den Grundsatz der Meinungsfreiheit zu verletzen, und erkl\u00e4rte, die Sperrung zu dem Zeitpunkt sei &#8220;nur ein bequemer Vorwand&#8221; gewesen.<\/p>\n<p><strong>Mehr zum Thema<\/strong> &#8211; <a rel=\"nofollow noopener\" target=\"_blank\" href=\"https:\/\/de.rt.com\/meinung\/144490-meinungsfreiheit-in-deutschland-darf-man\/\">Meinungsfreiheit? \u2013 In Deutschland darf man eben nicht &#8220;alles&#8221; sagen!<\/a><\/p>\n<p><br \/>\n<br \/><a href=\"https:\/\/de.rt.com\/europa\/144560-eu-gericht-weist-klage-von\/\">Source link <\/a><\/p>\n","protected":false},"excerpt":{"rendered":"<p>RT\u00a0France hatte in seiner Klage argumentiert, dass der Sender sich zuvor nicht habe gegen die Anschuldigungen verteidigen d\u00fcrfen. Zudem w\u00fcrden Meinungs- und Informationsfreiheit, das Recht auf unternehmerische Bet\u00e4tigung und der Grundsatz der Nichtdiskriminierung aus Gr\u00fcnden der Staatsangeh\u00f6rigkeit verletzt. Au\u00dferdem stellte\u00a0RT\u00a0France infrage, ob der Rat der EU die fragliche Entscheidung \u00fcberhaupt treffen durfte. Das Gericht der [&hellip;]<\/p>\n","protected":false},"author":3,"featured_media":15232,"comment_status":"open","ping_status":"open","sticky":false,"template":"","format":"standard","meta":{"wp_automatic_camp":["217"],"0d44dbf950c2edd9fbd120dc203db268":["EU-Gericht weist Klage von RT France ab \u2013 Kreml k\u00fcndigt Gegenma\u00dfnahmen an"],"original_link":["https:\/\/de.rt.com\/europa\/144560-eu-gericht-weist-klage-von\/"],"_thumbnail_id":["15232"],"_wptg_p2tg_sent2tg":["2022-07-27 18:05:11"],"jnews_social_counter_last_update":["1777253494"]},"categories":[19,23],"tags":[29449,6845,19240,5205,6312,4224,50,3334],"yoast_head":"<!-- This site is optimized with the Yoast SEO Premium plugin v22.7 (Yoast SEO v22.7) - https:\/\/yoast.com\/wordpress\/plugins\/seo\/ -->\n<title>EU-Gericht weist Klage von RT France ab \u2013 Kreml k\u00fcndigt Gegenma\u00dfnahmen an - just-now.NEWS Deutschland<\/title>\n<meta name=\"robots\" content=\"index, follow, max-snippet:-1, max-image-preview:large, max-video-preview:-1\" \/>\n<link rel=\"canonical\" href=\"https:\/\/now-news.de\/de\/deutschland\/eu-gericht-weist-klage-von-rt-france-ab-kreml-kuendigt-gegenmassnahmen-an\/\" \/>\n<meta property=\"og:locale\" content=\"de_DE\" \/>\n<meta property=\"og:type\" content=\"article\" \/>\n<meta property=\"og:title\" content=\"EU-Gericht weist Klage von RT France ab \u2013 Kreml k\u00fcndigt Gegenma\u00dfnahmen an\" \/>\n<meta property=\"og:description\" content=\"RT\u00a0France hatte in seiner Klage argumentiert, dass der Sender sich zuvor nicht habe gegen die Anschuldigungen verteidigen d\u00fcrfen. Zudem w\u00fcrden Meinungs- und Informationsfreiheit, das Recht auf unternehmerische Bet\u00e4tigung und der Grundsatz der Nichtdiskriminierung aus Gr\u00fcnden der Staatsangeh\u00f6rigkeit verletzt. Au\u00dferdem stellte\u00a0RT\u00a0France infrage, ob der Rat der EU die fragliche Entscheidung \u00fcberhaupt treffen durfte. Das Gericht der [&hellip;]\" \/>\n<meta property=\"og:url\" content=\"https:\/\/now-news.de\/de\/deutschland\/eu-gericht-weist-klage-von-rt-france-ab-kreml-kuendigt-gegenmassnahmen-an\/\" \/>\n<meta property=\"og:site_name\" content=\"just-now.NEWS Deutschland\" \/>\n<meta property=\"article:publisher\" content=\"https:\/\/www.facebook.com\/wirmachenauf\" \/>\n<meta property=\"article:published_time\" content=\"2022-07-27T15:59:41+00:00\" \/>\n<meta property=\"og:image\" content=\"https:\/\/now-news.de\/de\/wp-content\/uploads\/sites\/3\/2022\/07\/EU-Gericht-weist-Klage-von-RT-France-ab-\u2013-Kreml-kuendigt.jpg\" \/>\n\t<meta property=\"og:image:width\" content=\"460\" \/>\n\t<meta property=\"og:image:height\" content=\"259\" \/>\n\t<meta property=\"og:image:type\" content=\"image\/jpeg\" \/>\n<meta name=\"author\" content=\"rtnews\" \/>\n<meta name=\"twitter:card\" content=\"summary_large_image\" \/>\n<meta name=\"twitter:creator\" content=\"@WirMachenAuf_de\" \/>\n<meta name=\"twitter:site\" content=\"@WirMachenAuf_de\" \/>\n<meta name=\"twitter:label1\" content=\"Verfasst von\" \/>\n\t<meta name=\"twitter:data1\" content=\"rtnews\" \/>\n\t<meta name=\"twitter:label2\" content=\"Gesch\u00e4tzte Lesezeit\" \/>\n\t<meta name=\"twitter:data2\" content=\"2\u00a0Minuten\" \/>\n<script type=\"application\/ld+json\" class=\"yoast-schema-graph\">{\"@context\":\"https:\/\/schema.org\",\"@graph\":[{\"@type\":\"Article\",\"@id\":\"https:\/\/now-news.de\/de\/deutschland\/eu-gericht-weist-klage-von-rt-france-ab-kreml-kuendigt-gegenmassnahmen-an\/#article\",\"isPartOf\":{\"@id\":\"https:\/\/now-news.de\/de\/deutschland\/eu-gericht-weist-klage-von-rt-france-ab-kreml-kuendigt-gegenmassnahmen-an\/\"},\"author\":{\"name\":\"rtnews\",\"@id\":\"https:\/\/now-news.de\/de\/#\/schema\/person\/fb534a4e865501d8b3285208df34a9b5\"},\"headline\":\"EU-Gericht weist Klage von RT France ab \u2013 Kreml k\u00fcndigt Gegenma\u00dfnahmen an\",\"datePublished\":\"2022-07-27T15:59:41+00:00\",\"dateModified\":\"2022-07-27T15:59:41+00:00\",\"mainEntityOfPage\":{\"@id\":\"https:\/\/now-news.de\/de\/deutschland\/eu-gericht-weist-klage-von-rt-france-ab-kreml-kuendigt-gegenmassnahmen-an\/\"},\"wordCount\":330,\"commentCount\":0,\"publisher\":{\"@id\":\"https:\/\/now-news.de\/de\/#organization\"},\"image\":{\"@id\":\"https:\/\/now-news.de\/de\/deutschland\/eu-gericht-weist-klage-von-rt-france-ab-kreml-kuendigt-gegenmassnahmen-an\/#primaryimage\"},\"thumbnailUrl\":\"https:\/\/now-news.de\/de\/wp-content\/uploads\/sites\/3\/2022\/07\/EU-Gericht-weist-Klage-von-RT-France-ab-\u2013-Kreml-kuendigt.jpg\",\"keywords\":[\"EUGericht\",\"France\",\"Gegenma\u00dfnahmen\",\"Klage\",\"Kreml\",\"k\u00fcndigt\",\"von\",\"weist\"],\"articleSection\":[\"Deutschland\",\"Russland\"],\"inLanguage\":\"de\",\"potentialAction\":[{\"@type\":\"CommentAction\",\"name\":\"Comment\",\"target\":[\"https:\/\/now-news.de\/de\/deutschland\/eu-gericht-weist-klage-von-rt-france-ab-kreml-kuendigt-gegenmassnahmen-an\/#respond\"]}]},{\"@type\":\"WebPage\",\"@id\":\"https:\/\/now-news.de\/de\/deutschland\/eu-gericht-weist-klage-von-rt-france-ab-kreml-kuendigt-gegenmassnahmen-an\/\",\"url\":\"https:\/\/now-news.de\/de\/deutschland\/eu-gericht-weist-klage-von-rt-france-ab-kreml-kuendigt-gegenmassnahmen-an\/\",\"name\":\"EU-Gericht weist Klage von RT France ab \u2013 Kreml k\u00fcndigt Gegenma\u00dfnahmen an - just-now.NEWS Deutschland\",\"isPartOf\":{\"@id\":\"https:\/\/now-news.de\/de\/#website\"},\"primaryImageOfPage\":{\"@id\":\"https:\/\/now-news.de\/de\/deutschland\/eu-gericht-weist-klage-von-rt-france-ab-kreml-kuendigt-gegenmassnahmen-an\/#primaryimage\"},\"image\":{\"@id\":\"https:\/\/now-news.de\/de\/deutschland\/eu-gericht-weist-klage-von-rt-france-ab-kreml-kuendigt-gegenmassnahmen-an\/#primaryimage\"},\"thumbnailUrl\":\"https:\/\/now-news.de\/de\/wp-content\/uploads\/sites\/3\/2022\/07\/EU-Gericht-weist-Klage-von-RT-France-ab-\u2013-Kreml-kuendigt.jpg\",\"datePublished\":\"2022-07-27T15:59:41+00:00\",\"dateModified\":\"2022-07-27T15:59:41+00:00\",\"breadcrumb\":{\"@id\":\"https:\/\/now-news.de\/de\/deutschland\/eu-gericht-weist-klage-von-rt-france-ab-kreml-kuendigt-gegenmassnahmen-an\/#breadcrumb\"},\"inLanguage\":\"de\",\"potentialAction\":[{\"@type\":\"ReadAction\",\"target\":[\"https:\/\/now-news.de\/de\/deutschland\/eu-gericht-weist-klage-von-rt-france-ab-kreml-kuendigt-gegenmassnahmen-an\/\"]}]},{\"@type\":\"ImageObject\",\"inLanguage\":\"de\",\"@id\":\"https:\/\/now-news.de\/de\/deutschland\/eu-gericht-weist-klage-von-rt-france-ab-kreml-kuendigt-gegenmassnahmen-an\/#primaryimage\",\"url\":\"https:\/\/now-news.de\/de\/wp-content\/uploads\/sites\/3\/2022\/07\/EU-Gericht-weist-Klage-von-RT-France-ab-\u2013-Kreml-kuendigt.jpg\",\"contentUrl\":\"https:\/\/now-news.de\/de\/wp-content\/uploads\/sites\/3\/2022\/07\/EU-Gericht-weist-Klage-von-RT-France-ab-\u2013-Kreml-kuendigt.jpg\",\"width\":460,\"height\":259,\"caption\":\"EU-Gericht weist Klage von RT France ab \u2013 Kreml k\u00fcndigt Gegenma\u00dfnahmen an\"},{\"@type\":\"BreadcrumbList\",\"@id\":\"https:\/\/now-news.de\/de\/deutschland\/eu-gericht-weist-klage-von-rt-france-ab-kreml-kuendigt-gegenmassnahmen-an\/#breadcrumb\",\"itemListElement\":[{\"@type\":\"ListItem\",\"position\":1,\"name\":\"Home\",\"item\":\"https:\/\/now-news.de\/de\/\"},{\"@type\":\"ListItem\",\"position\":2,\"name\":\"EU-Gericht weist Klage von RT France ab \u2013 Kreml k\u00fcndigt Gegenma\u00dfnahmen an\"}]},{\"@type\":\"WebSite\",\"@id\":\"https:\/\/now-news.de\/de\/#website\",\"url\":\"https:\/\/now-news.de\/de\/\",\"name\":\"just-now.NEWS Deutschland\",\"description\":\"Das Portal f\u00fcr unzensierte Nachrichten aus der Welt\",\"publisher\":{\"@id\":\"https:\/\/now-news.de\/de\/#organization\"},\"potentialAction\":[{\"@type\":\"SearchAction\",\"target\":{\"@type\":\"EntryPoint\",\"urlTemplate\":\"https:\/\/now-news.de\/de\/?s={search_term_string}\"},\"query-input\":\"required name=search_term_string\"}],\"inLanguage\":\"de\"},{\"@type\":\"Organization\",\"@id\":\"https:\/\/now-news.de\/de\/#organization\",\"name\":\"Just Now News\",\"url\":\"https:\/\/now-news.de\/de\/\",\"logo\":{\"@type\":\"ImageObject\",\"inLanguage\":\"de\",\"@id\":\"https:\/\/now-news.de\/de\/#\/schema\/logo\/image\/\",\"url\":\"http:\/\/just-now.news\/de\/wp-content\/uploads\/sites\/3\/2022\/04\/logo500x500.jpg\",\"contentUrl\":\"http:\/\/just-now.news\/de\/wp-content\/uploads\/sites\/3\/2022\/04\/logo500x500.jpg\",\"width\":500,\"height\":500,\"caption\":\"Just Now News\"},\"image\":{\"@id\":\"https:\/\/now-news.de\/de\/#\/schema\/logo\/image\/\"},\"sameAs\":[\"https:\/\/www.facebook.com\/wirmachenauf\",\"https:\/\/x.com\/WirMachenAuf_de\"]},{\"@type\":\"Person\",\"@id\":\"https:\/\/now-news.de\/de\/#\/schema\/person\/fb534a4e865501d8b3285208df34a9b5\",\"name\":\"rtnews\",\"image\":{\"@type\":\"ImageObject\",\"inLanguage\":\"de\",\"@id\":\"https:\/\/now-news.de\/de\/#\/schema\/person\/image\/\",\"url\":\"https:\/\/secure.gravatar.com\/avatar\/82aafea7d8127119dd649515f56e2117?s=96&d=mm&r=g\",\"contentUrl\":\"https:\/\/secure.gravatar.com\/avatar\/82aafea7d8127119dd649515f56e2117?s=96&d=mm&r=g\",\"caption\":\"rtnews\"},\"url\":\"https:\/\/now-news.de\/de\/author\/rnews\/\"}]}<\/script>\n<!-- \/ Yoast SEO Premium plugin. -->","yoast_head_json":{"title":"EU-Gericht weist Klage von RT France ab \u2013 Kreml k\u00fcndigt Gegenma\u00dfnahmen an - just-now.NEWS Deutschland","robots":{"index":"index","follow":"follow","max-snippet":"max-snippet:-1","max-image-preview":"max-image-preview:large","max-video-preview":"max-video-preview:-1"},"canonical":"https:\/\/now-news.de\/de\/deutschland\/eu-gericht-weist-klage-von-rt-france-ab-kreml-kuendigt-gegenmassnahmen-an\/","og_locale":"de_DE","og_type":"article","og_title":"EU-Gericht weist Klage von RT France ab \u2013 Kreml k\u00fcndigt Gegenma\u00dfnahmen an","og_description":"RT\u00a0France hatte in seiner Klage argumentiert, dass der Sender sich zuvor nicht habe gegen die Anschuldigungen verteidigen d\u00fcrfen. Zudem w\u00fcrden Meinungs- und Informationsfreiheit, das Recht auf unternehmerische Bet\u00e4tigung und der Grundsatz der Nichtdiskriminierung aus Gr\u00fcnden der Staatsangeh\u00f6rigkeit verletzt. Au\u00dferdem stellte\u00a0RT\u00a0France infrage, ob der Rat der EU die fragliche Entscheidung \u00fcberhaupt treffen durfte. Das Gericht der [&hellip;]","og_url":"https:\/\/now-news.de\/de\/deutschland\/eu-gericht-weist-klage-von-rt-france-ab-kreml-kuendigt-gegenmassnahmen-an\/","og_site_name":"just-now.NEWS Deutschland","article_publisher":"https:\/\/www.facebook.com\/wirmachenauf","article_published_time":"2022-07-27T15:59:41+00:00","og_image":[{"width":460,"height":259,"url":"https:\/\/now-news.de\/de\/wp-content\/uploads\/sites\/3\/2022\/07\/EU-Gericht-weist-Klage-von-RT-France-ab-\u2013-Kreml-kuendigt.jpg","type":"image\/jpeg"}],"author":"rtnews","twitter_card":"summary_large_image","twitter_creator":"@WirMachenAuf_de","twitter_site":"@WirMachenAuf_de","twitter_misc":{"Verfasst von":"rtnews","Gesch\u00e4tzte Lesezeit":"2\u00a0Minuten"},"schema":{"@context":"https:\/\/schema.org","@graph":[{"@type":"Article","@id":"https:\/\/now-news.de\/de\/deutschland\/eu-gericht-weist-klage-von-rt-france-ab-kreml-kuendigt-gegenmassnahmen-an\/#article","isPartOf":{"@id":"https:\/\/now-news.de\/de\/deutschland\/eu-gericht-weist-klage-von-rt-france-ab-kreml-kuendigt-gegenmassnahmen-an\/"},"author":{"name":"rtnews","@id":"https:\/\/now-news.de\/de\/#\/schema\/person\/fb534a4e865501d8b3285208df34a9b5"},"headline":"EU-Gericht weist Klage von RT France ab \u2013 Kreml k\u00fcndigt Gegenma\u00dfnahmen an","datePublished":"2022-07-27T15:59:41+00:00","dateModified":"2022-07-27T15:59:41+00:00","mainEntityOfPage":{"@id":"https:\/\/now-news.de\/de\/deutschland\/eu-gericht-weist-klage-von-rt-france-ab-kreml-kuendigt-gegenmassnahmen-an\/"},"wordCount":330,"commentCount":0,"publisher":{"@id":"https:\/\/now-news.de\/de\/#organization"},"image":{"@id":"https:\/\/now-news.de\/de\/deutschland\/eu-gericht-weist-klage-von-rt-france-ab-kreml-kuendigt-gegenmassnahmen-an\/#primaryimage"},"thumbnailUrl":"https:\/\/now-news.de\/de\/wp-content\/uploads\/sites\/3\/2022\/07\/EU-Gericht-weist-Klage-von-RT-France-ab-\u2013-Kreml-kuendigt.jpg","keywords":["EUGericht","France","Gegenma\u00dfnahmen","Klage","Kreml","k\u00fcndigt","von","weist"],"articleSection":["Deutschland","Russland"],"inLanguage":"de","potentialAction":[{"@type":"CommentAction","name":"Comment","target":["https:\/\/now-news.de\/de\/deutschland\/eu-gericht-weist-klage-von-rt-france-ab-kreml-kuendigt-gegenmassnahmen-an\/#respond"]}]},{"@type":"WebPage","@id":"https:\/\/now-news.de\/de\/deutschland\/eu-gericht-weist-klage-von-rt-france-ab-kreml-kuendigt-gegenmassnahmen-an\/","url":"https:\/\/now-news.de\/de\/deutschland\/eu-gericht-weist-klage-von-rt-france-ab-kreml-kuendigt-gegenmassnahmen-an\/","name":"EU-Gericht weist Klage von RT France ab \u2013 Kreml k\u00fcndigt Gegenma\u00dfnahmen an - just-now.NEWS Deutschland","isPartOf":{"@id":"https:\/\/now-news.de\/de\/#website"},"primaryImageOfPage":{"@id":"https:\/\/now-news.de\/de\/deutschland\/eu-gericht-weist-klage-von-rt-france-ab-kreml-kuendigt-gegenmassnahmen-an\/#primaryimage"},"image":{"@id":"https:\/\/now-news.de\/de\/deutschland\/eu-gericht-weist-klage-von-rt-france-ab-kreml-kuendigt-gegenmassnahmen-an\/#primaryimage"},"thumbnailUrl":"https:\/\/now-news.de\/de\/wp-content\/uploads\/sites\/3\/2022\/07\/EU-Gericht-weist-Klage-von-RT-France-ab-\u2013-Kreml-kuendigt.jpg","datePublished":"2022-07-27T15:59:41+00:00","dateModified":"2022-07-27T15:59:41+00:00","breadcrumb":{"@id":"https:\/\/now-news.de\/de\/deutschland\/eu-gericht-weist-klage-von-rt-france-ab-kreml-kuendigt-gegenmassnahmen-an\/#breadcrumb"},"inLanguage":"de","potentialAction":[{"@type":"ReadAction","target":["https:\/\/now-news.de\/de\/deutschland\/eu-gericht-weist-klage-von-rt-france-ab-kreml-kuendigt-gegenmassnahmen-an\/"]}]},{"@type":"ImageObject","inLanguage":"de","@id":"https:\/\/now-news.de\/de\/deutschland\/eu-gericht-weist-klage-von-rt-france-ab-kreml-kuendigt-gegenmassnahmen-an\/#primaryimage","url":"https:\/\/now-news.de\/de\/wp-content\/uploads\/sites\/3\/2022\/07\/EU-Gericht-weist-Klage-von-RT-France-ab-\u2013-Kreml-kuendigt.jpg","contentUrl":"https:\/\/now-news.de\/de\/wp-content\/uploads\/sites\/3\/2022\/07\/EU-Gericht-weist-Klage-von-RT-France-ab-\u2013-Kreml-kuendigt.jpg","width":460,"height":259,"caption":"EU-Gericht weist Klage von RT France ab \u2013 Kreml k\u00fcndigt Gegenma\u00dfnahmen an"},{"@type":"BreadcrumbList","@id":"https:\/\/now-news.de\/de\/deutschland\/eu-gericht-weist-klage-von-rt-france-ab-kreml-kuendigt-gegenmassnahmen-an\/#breadcrumb","itemListElement":[{"@type":"ListItem","position":1,"name":"Home","item":"https:\/\/now-news.de\/de\/"},{"@type":"ListItem","position":2,"name":"EU-Gericht weist Klage von RT France ab \u2013 Kreml k\u00fcndigt Gegenma\u00dfnahmen an"}]},{"@type":"WebSite","@id":"https:\/\/now-news.de\/de\/#website","url":"https:\/\/now-news.de\/de\/","name":"just-now.NEWS Deutschland","description":"Das Portal f\u00fcr unzensierte Nachrichten aus der Welt","publisher":{"@id":"https:\/\/now-news.de\/de\/#organization"},"potentialAction":[{"@type":"SearchAction","target":{"@type":"EntryPoint","urlTemplate":"https:\/\/now-news.de\/de\/?s={search_term_string}"},"query-input":"required name=search_term_string"}],"inLanguage":"de"},{"@type":"Organization","@id":"https:\/\/now-news.de\/de\/#organization","name":"Just Now News","url":"https:\/\/now-news.de\/de\/","logo":{"@type":"ImageObject","inLanguage":"de","@id":"https:\/\/now-news.de\/de\/#\/schema\/logo\/image\/","url":"http:\/\/just-now.news\/de\/wp-content\/uploads\/sites\/3\/2022\/04\/logo500x500.jpg","contentUrl":"http:\/\/just-now.news\/de\/wp-content\/uploads\/sites\/3\/2022\/04\/logo500x500.jpg","width":500,"height":500,"caption":"Just Now News"},"image":{"@id":"https:\/\/now-news.de\/de\/#\/schema\/logo\/image\/"},"sameAs":["https:\/\/www.facebook.com\/wirmachenauf","https:\/\/x.com\/WirMachenAuf_de"]},{"@type":"Person","@id":"https:\/\/now-news.de\/de\/#\/schema\/person\/fb534a4e865501d8b3285208df34a9b5","name":"rtnews","image":{"@type":"ImageObject","inLanguage":"de","@id":"https:\/\/now-news.de\/de\/#\/schema\/person\/image\/","url":"https:\/\/secure.gravatar.com\/avatar\/82aafea7d8127119dd649515f56e2117?s=96&d=mm&r=g","contentUrl":"https:\/\/secure.gravatar.com\/avatar\/82aafea7d8127119dd649515f56e2117?s=96&d=mm&r=g","caption":"rtnews"},"url":"https:\/\/now-news.de\/de\/author\/rnews\/"}]}},"_links":{"self":[{"href":"https:\/\/now-news.de\/de\/wp-json\/wp\/v2\/posts\/15231"}],"collection":[{"href":"https:\/\/now-news.de\/de\/wp-json\/wp\/v2\/posts"}],"about":[{"href":"https:\/\/now-news.de\/de\/wp-json\/wp\/v2\/types\/post"}],"author":[{"embeddable":true,"href":"https:\/\/now-news.de\/de\/wp-json\/wp\/v2\/users\/3"}],"replies":[{"embeddable":true,"href":"https:\/\/now-news.de\/de\/wp-json\/wp\/v2\/comments?post=15231"}],"version-history":[{"count":0,"href":"https:\/\/now-news.de\/de\/wp-json\/wp\/v2\/posts\/15231\/revisions"}],"wp:featuredmedia":[{"embeddable":true,"href":"https:\/\/now-news.de\/de\/wp-json\/wp\/v2\/media\/15232"}],"wp:attachment":[{"href":"https:\/\/now-news.de\/de\/wp-json\/wp\/v2\/media?parent=15231"}],"wp:term":[{"taxonomy":"category","embeddable":true,"href":"https:\/\/now-news.de\/de\/wp-json\/wp\/v2\/categories?post=15231"},{"taxonomy":"post_tag","embeddable":true,"href":"https:\/\/now-news.de\/de\/wp-json\/wp\/v2\/tags?post=15231"}],"curies":[{"name":"wp","href":"https:\/\/api.w.org\/{rel}","templated":true}]}}