{"id":15047,"date":"2022-07-26T09:42:00","date_gmt":"2022-07-26T07:42:00","guid":{"rendered":"http:\/\/just-now.news\/de\/usa\/uff-sogar-die-liberale-new-york-times-befuerchtet-dass-kamala-harris-nicht-bereit-ist-biden-zu-uebernehmen\/"},"modified":"2022-07-26T09:42:00","modified_gmt":"2022-07-26T07:42:00","slug":"uff-sogar-die-liberale-new-york-times-befuerchtet-dass-kamala-harris-nicht-bereit-ist-biden-zu-uebernehmen","status":"publish","type":"post","link":"https:\/\/now-news.de\/de\/usa\/uff-sogar-die-liberale-new-york-times-befuerchtet-dass-kamala-harris-nicht-bereit-ist-biden-zu-uebernehmen\/","title":{"rendered":"UFF!  Sogar die liberale New York Times bef\u00fcrchtet, dass Kamala Harris nicht bereit ist, Biden zu \u00fcbernehmen"},"content":{"rendered":"<div class=\"entry-content\">\n<p><\/p>\n<p>Selbst die liberale New York Times macht sich offenbar Sorgen, dass Kamala Harris nicht fit genug ist, um Joe Biden bei Bedarf zu \u00fcbernehmen.<\/p>\n<p>Es gibt Millionen von Amerikanern, die so denken, aber wenn Sie ein Demokrat sind und die New York Times das sagt, ist das ein ziemlich gro\u00dfes Problem.<\/p>\n<div id=\"IC1-ad\" class=\"sponsor IC1\">\n<p class=\"ad-notice flipboard-remove\" fl:fl-noexcerpt=\"true\">Werbung \u2013 die Geschichte geht unten weiter<\/p>\n<div id=\"IC1\">\n<script>\n\t\t\t\t\tif( FFADS.units.IC1 && FFADS.units.IC1.ad_type == 'custom' && FFADS.units.IC1.custom_ads && ! getCookie( 'ff_subbed' ) ) {\n\t\t\t\t\t\tdocument.getElementById( 'IC1' ).innerHTML = FFADS.units.IC1.custom_ads[0].code;\n\t\t\t\t\t\tif( ! FFADS.units.IC1.lazy_load ) eval( FFADS.units.IC1.custom_ads[0].rendering_script );\n\t\t\t\t\t}\n\t\t\t\t\telse if( FFADS.units.IC1 && ! getCookie( 'ff_subbed' ) ) {\n\t\t\t\t\t\tif( 'IC' != 'SB' && 'IC' != 'SA' && FFADS.use_fixed_containers ) {\n\t\t\t\t\t\t\tlet max_wh = firefly_size_list_to_max_wh( FFADS.units.IC1.sizes );\n\t\t\t\t\t\t\tlet el = document.querySelector( '#IC1' );\n\t\t\t\t\t\t\tif( 'IC' != 'SA' && FFADS.slide_pixels ) {\n\t\t\t\t\t\t\t\tmax_wh[1] += parseInt( FFADS.slide_pixels );\n\t\t\t\t\t\t\t\tel.classList.add( 'sliding' );\n\t\t\t\t\t\t\t}\n\t\t\t\t\t\t\tel.style.width = max_wh[0] + 'px';\n\t\t\t\t\t\t\tel.style.height = max_wh[1] + 'px';\n\t\t\t\t\t\t\tel.classList.add( 'fixed-size' );\n\t\t\t\t\t\t}\n\t\t\t\t\t\tgoogletag.cmd.push( function() {\n\t\t\t\t\t\t\tFFADS.debug( 'googletag.displaying IC1' );\n\t\t\t\t\t\t\tgoogletag.display( 'IC1' );\n\t\t\t\t\t\t} );\n\t\t\t\t\t}\n\t\t\t\t\telse {\n\t\t\t\t\t\tdocument.querySelector( '#IC1-ad' ).style.display = 'none';}\n\t\t\t\t<\/script><\/div>\n<\/div>\n<p>Ist dies die Art der liberalen Medien, Harris zu warnen, dass sie 2024 beiseite geschoben wird?<\/p>\n<p>John Sexton schreibt bei Hot Air:<\/p>\n<p><script>\n\t\t\t\t\tif( ! getCookie( 'ff_subbed' ) ) if( typeof FFADS.replace_ict != 'undefined' ) if( FFADS.replace_ict ) eval( FFADS.replace_ict );\n\t\t\t\t<\/script><\/p>\n<blockquote>\n<p><em><strong>Meinung der NY Times: Wenn Biden etwas zust\u00f6\u00dft, ist Kamala Harris nicht bereit zu \u00fcbernehmen<\/strong><\/em><\/p>\n<p><em>Der Autor Jeffrey Frank hat zwei Biographien amerikanischer Pr\u00e4sidenten geschrieben, eine \u00fcber Harry S. Truman und eine andere \u00fcber die Beziehung zwischen Dwight D. Eisenhower und seinem Vizepr\u00e4sidenten Richard Nixon.  Er st\u00fctzt sich auf dieses historische Wissen, um zu argumentieren, dass Pr\u00e4sident Biden einen schlechten Job macht, um VP Harris auf seine Nachfolge vorzubereiten.<\/em><\/p>\n<\/blockquote>\n<div id=\"IC2-ad\" class=\"sponsor IC2\">\n<p class=\"ad-notice flipboard-remove\" fl:fl-noexcerpt=\"true\">Werbung \u2013 die Geschichte geht unten weiter<\/p>\n<div id=\"IC2\">\n<script>\n\t\t\t\t\tif( FFADS.units.IC2 && FFADS.units.IC2.ad_type == 'custom' && FFADS.units.IC2.custom_ads && ! getCookie( 'ff_subbed' ) ) {\n\t\t\t\t\t\tdocument.getElementById( 'IC2' ).innerHTML = FFADS.units.IC2.custom_ads[0].code;\n\t\t\t\t\t\tif( ! FFADS.units.IC2.lazy_load ) eval( FFADS.units.IC2.custom_ads[0].rendering_script );\n\t\t\t\t\t}\n\t\t\t\t\telse if( FFADS.units.IC2 && ! getCookie( 'ff_subbed' ) ) {\n\t\t\t\t\t\tif( 'IC' != 'SB' && 'IC' != 'SA' && FFADS.use_fixed_containers ) {\n\t\t\t\t\t\t\tlet max_wh = firefly_size_list_to_max_wh( FFADS.units.IC2.sizes );\n\t\t\t\t\t\t\tlet el = document.querySelector( '#IC2' );\n\t\t\t\t\t\t\tif( 'IC' != 'SA' && FFADS.slide_pixels ) {\n\t\t\t\t\t\t\t\tmax_wh[1] += parseInt( FFADS.slide_pixels );\n\t\t\t\t\t\t\t\tel.classList.add( 'sliding' );\n\t\t\t\t\t\t\t}\n\t\t\t\t\t\t\tel.style.width = max_wh[0] + 'px';\n\t\t\t\t\t\t\tel.style.height = max_wh[1] + 'px';\n\t\t\t\t\t\t\tel.classList.add( 'fixed-size' );\n\t\t\t\t\t\t}\n\t\t\t\t\t\tgoogletag.cmd.push( function() {\n\t\t\t\t\t\t\tFFADS.debug( 'googletag.displaying IC2' );\n\t\t\t\t\t\t\tgoogletag.display( 'IC2' );\n\t\t\t\t\t\t} );\n\t\t\t\t\t}\n\t\t\t\t\telse {\n\t\t\t\t\t\tdocument.querySelector( '#IC2-ad' ).style.display = 'none';}\n\t\t\t\t<\/script><\/div>\n<\/div>\n<p>Aus dem Artikel der New York Times:<\/p>\n<blockquote>\n<p><em>Vizepr\u00e4sidentin Kamala Harris, die Senatorin der ersten Amtszeit aus Kalifornien war, bevor sie ins Wei\u00dfe Haus eintrat, hat nicht die Art von immersiven Erfahrungen oder anhaltenden, hochkar\u00e4tigen Aufgaben erhalten, die ihr Fachwissen so vertiefen und erweitern w\u00fcrden, wie es die Amerikaner sehen und erweitern k\u00f6nnten im Wert steigen.  In der Neuzeit w\u00e4re eine 68-t\u00e4gige Reise f\u00fcr einen Vizepr\u00e4sidenten nat\u00fcrlich l\u00e4cherlich.<\/em><\/p>\n<p><em>Aber in den letzten 18 Monaten hat sich ihre Ausbildung am Arbeitsplatz in Regierungsf\u00fchrung haupts\u00e4chlich mit hartn\u00e4ckigen Themen wie Migration und Stimmrechten befasst, bei denen sie kein nachweisbares Wachstum in der F\u00fchrung und erfolglose Auslandsreisen wie den unruhigen Vorsto\u00df in Mittelamerika gezeigt hat vor einem Jahr und die erfolgreichere Delegation, sich mit dem neuen Pr\u00e4sidenten der Vereinigten Arabischen Emirate zu treffen, der ein Team leitete, zu dem Au\u00dfenminister Antony Blinken und Verteidigungsminister Lloyd Austin geh\u00f6rten \u2026<\/em><\/p>\n<p><em>Die Amerikaner verdienen es zu wissen und zu sehen, dass sie einen Vizepr\u00e4sidenten haben, dem das Wei\u00dfe Haus und die Regierungsbeamten vertrauen, dass er \u00fcbernimmt, falls dem Pr\u00e4sidenten etwas zusto\u00dfen sollte.<\/em><\/p>\n<p><em>Stattdessen haben wir meistens das Gegenteil gesehen.  Sie wird zwar durch die Unbeliebtheit von Herrn Biden behindert, aber sie ist auch bei keinem wichtigen Thema zum erfolgreichen \u00f6ffentlichen Gesicht geworden.<\/em><\/p>\n<\/blockquote>\n<div id=\"IC3-ad\" class=\"sponsor IC3\">\n<p class=\"ad-notice flipboard-remove\" fl:fl-noexcerpt=\"true\">Werbung \u2013 die Geschichte geht unten weiter<\/p>\n<div id=\"IC3\">\n<script>\n\t\t\t\t\tif( FFADS.units.IC3 && FFADS.units.IC3.ad_type == 'custom' && FFADS.units.IC3.custom_ads && ! getCookie( 'ff_subbed' ) ) {\n\t\t\t\t\t\tdocument.getElementById( 'IC3' ).innerHTML = FFADS.units.IC3.custom_ads[0].code;\n\t\t\t\t\t\tif( ! FFADS.units.IC3.lazy_load ) eval( FFADS.units.IC3.custom_ads[0].rendering_script );\n\t\t\t\t\t}\n\t\t\t\t\telse if( FFADS.units.IC3 && ! getCookie( 'ff_subbed' ) ) {\n\t\t\t\t\t\tif( 'IC' != 'SB' && 'IC' != 'SA' && FFADS.use_fixed_containers ) {\n\t\t\t\t\t\t\tlet max_wh = firefly_size_list_to_max_wh( FFADS.units.IC3.sizes );\n\t\t\t\t\t\t\tlet el = document.querySelector( '#IC3' );\n\t\t\t\t\t\t\tif( 'IC' != 'SA' && FFADS.slide_pixels ) {\n\t\t\t\t\t\t\t\tmax_wh[1] += parseInt( FFADS.slide_pixels );\n\t\t\t\t\t\t\t\tel.classList.add( 'sliding' );\n\t\t\t\t\t\t\t}\n\t\t\t\t\t\t\tel.style.width = max_wh[0] + 'px';\n\t\t\t\t\t\t\tel.style.height = max_wh[1] + 'px';\n\t\t\t\t\t\t\tel.classList.add( 'fixed-size' );\n\t\t\t\t\t\t}\n\t\t\t\t\t\tgoogletag.cmd.push( function() {\n\t\t\t\t\t\t\tFFADS.debug( 'googletag.displaying IC3' );\n\t\t\t\t\t\t\tgoogletag.display( 'IC3' );\n\t\t\t\t\t\t} );\n\t\t\t\t\t}\n\t\t\t\t\telse {\n\t\t\t\t\t\tdocument.querySelector( '#IC3-ad' ).style.display = 'none';}\n\t\t\t\t<\/script><\/div>\n<\/div>\n<p><strong>Eines der anderen Probleme f\u00fcr Harris ist, dass sie keine solide Unterst\u00fctzung hat.<\/strong><\/p>\n<blockquote class=\"twitter-tweet\">\n<p lang=\"en\" dir=\"ltr\">Die Demokraten, die private Bedenken \u00e4u\u00dfern, sagen, sie seien besorgt, dass eingefleischte Kamala Harris-Loyalisten \u2013 die Art von Beratern und Strategen, die durch H\u00f6hen und Tiefen an ihrem Prinzip festhalten \u2013 praktisch nicht existieren.  https:\/\/t.co\/pawSx7yirf<\/p>\n<p>\u2014 Der H\u00fcgel (@thehill) <a rel=\"nofollow noopener\" target=\"_blank\" href=\"https:\/\/twitter.com\/thehill\/status\/1551554115435651074\">25. Juli 2022<\/a><\/p>\n<\/blockquote>\n<p> <script async src=\"https:\/\/platform.twitter.com\/widgets.js\" charset=\"utf-8\"><\/script><\/p>\n<p><strong>Biden wird es nie zugeben, aber sie war eine schreckliche Wahl f\u00fcr VP.<\/strong><\/p>\n<div id=\"IC4-ad\" class=\"sponsor IC4\">\n<p class=\"ad-notice flipboard-remove\" fl:fl-noexcerpt=\"true\">Werbung \u2013 die Geschichte geht unten weiter<\/p>\n<div id=\"IC4\">\n<script>\n\t\t\t\t\tif( FFADS.units.IC4 && FFADS.units.IC4.ad_type == 'custom' && FFADS.units.IC4.custom_ads && ! getCookie( 'ff_subbed' ) ) {\n\t\t\t\t\t\tdocument.getElementById( 'IC4' ).innerHTML = FFADS.units.IC4.custom_ads[0].code;\n\t\t\t\t\t\tif( ! FFADS.units.IC4.lazy_load ) eval( FFADS.units.IC4.custom_ads[0].rendering_script );\n\t\t\t\t\t}\n\t\t\t\t\telse if( FFADS.units.IC4 && ! getCookie( 'ff_subbed' ) ) {\n\t\t\t\t\t\tif( 'IC' != 'SB' && 'IC' != 'SA' && FFADS.use_fixed_containers ) {\n\t\t\t\t\t\t\tlet max_wh = firefly_size_list_to_max_wh( FFADS.units.IC4.sizes );\n\t\t\t\t\t\t\tlet el = document.querySelector( '#IC4' );\n\t\t\t\t\t\t\tif( 'IC' != 'SA' && FFADS.slide_pixels ) {\n\t\t\t\t\t\t\t\tmax_wh[1] += parseInt( FFADS.slide_pixels );\n\t\t\t\t\t\t\t\tel.classList.add( 'sliding' );\n\t\t\t\t\t\t\t}\n\t\t\t\t\t\t\tel.style.width = max_wh[0] + 'px';\n\t\t\t\t\t\t\tel.style.height = max_wh[1] + 'px';\n\t\t\t\t\t\t\tel.classList.add( 'fixed-size' );\n\t\t\t\t\t\t}\n\t\t\t\t\t\tgoogletag.cmd.push( function() {\n\t\t\t\t\t\t\tFFADS.debug( 'googletag.displaying IC4' );\n\t\t\t\t\t\t\tgoogletag.display( 'IC4' );\n\t\t\t\t\t\t} );\n\t\t\t\t\t}\n\t\t\t\t\telse {\n\t\t\t\t\t\tdocument.querySelector( '#IC4-ad' ).style.display = 'none';}\n\t\t\t\t<\/script><\/div>\n<\/div>\n<p>Kreuz gepostet von American Lookout.<\/p>\n<p class=\"article-ask\"><span class=\"ask\"><script>\n  if( getParameterByName( \"utm_source\" ) == \"testpage\" ) {\n    !function(e,t,a,n,g){e[n]=e[n]||[],e[n].push({\"gtm.start\":(new Date).getTime(),event:\"gtm.js\"});var m=t.getElementsByTagName(a)[0],r=t.createElement(a);r.async=!0,r.src=\"https:\/\/www.googletagmanager.com\/gtm.js?id=GTM-PL4PD49\",m.parentNode.insertBefore(r,m)}(window.parent,window.parent.document,\"script\",\"dataLayer\");\n    var iframe=window.parent.document.createElement(\"iframe\");iframe.src=\"https:\/\/www.googletagmanager.com\/ns.html?id=GTM-PL4PD49\";iframe.height=\"0\";iframe.width=\"0\";iframe.style=\"display:none;visibility:hidden\";window.parent.document.body.appendChild(iframe);\n    window.parent[\"$$mm-analytics\"] = window.parent[\"$$mm-analytics\"] || {};if (typeof window.parent[\"$$mm-analytics\"].firstEmbed === \"undefined\") {window.parent[\"$$mm-analytics\"].firstEmbed = Date.now();}\n    let as1 = document.createElement( \"script\" );\n    as1.src = \"https:\/\/bucket1.mm-syringe.com\/prod\/configs\/ee2300c8-43d2-7f0b-dac0-40aaf31c9d3d.js\";\n    document.body.appendChild( as1 );\n    let as2 = document.createElement( \"script\" );\n    as2.src = \"https:\/\/bucket1.mm-syringe.com\/prod\/injector\/injector.1.5.3.js\";\n    document.body.appendChild( as2 );\n  }\n<\/script><\/p>\n<div class=\"apester-media\" data-token=\"5f10a39f94902bc81d3d59a7\" data-context=\"true\" data-tags=\"\" data-fallback=\"true\" height=\"350\"><\/div>\n<p><script id=\"apester_script\" src=\"https:\/\/static.apester.com\/js\/sdk\/latest\/apester-sdk.js\" async><\/script><script async src=\"https:\/\/www.googletagmanager.com\/gtag\/js?id=G-EFE91RJVSQ\"><\/script><script>\n  window.dataLayer = window.dataLayer || [];\n  function gtag(){dataLayer.push(arguments);}\n  gtag(\\\\\\'js\\\\\\', new Date());\n  gtag(\\\\\\'config\\\\\\', \\\\\\'G-EFE91RJVSQ\\\\\\');\n<\/script><script type=\"text\/javascript\">\n\tfunction e(e){var t=!(arguments.length>1&&void 0!==arguments[1])||arguments[1],c=document.createElement(\"script\");c.src=e,t?c.type=\"module\":(c.async=!0,c.type=\"text\/javascript\",c.setAttribute(\"nomodule\",\"\"));var n=document.getElementsByTagName(\"script\")[0];n.parentNode.insertBefore(c,n)}function t(t,c,n){var a,o,r;null!==(a=t.marfeel)&&void 0!==a||(t.marfeel={}),null!==(o=(r=t.marfeel).cmd)&&void 0!==o||(r.cmd=[]),t.marfeel.config=n,t.marfeel.config.accountId=c;var i=\"https:\/\/sdk.mrf.io\/statics\";e(\"\".concat(i,\"\/marfeel-sdk.js?id=\").concat(c),!0),e(\"\".concat(i,\"\/marfeel-sdk.es5.js?id=\").concat(c),!1)}!function(e,c){var n=arguments.length>2&&void 0!==arguments[2]?arguments[2]:{};t(e,c,n)}(window,1573,{} \/*config*\/);\n<\/script><\/span><\/p>\n<\/div>\n<p><br \/>\n<br \/><a href=\"https:\/\/www.thegatewaypundit.com\/2022\/07\/oof-even-liberal-new-york-times-worries-kamala-harris-not-ready-take-biden\/\">Source link <\/a><\/p>\n","protected":false},"excerpt":{"rendered":"<p>Selbst die liberale New York Times macht sich offenbar Sorgen, dass Kamala Harris nicht fit genug ist, um Joe Biden bei Bedarf zu \u00fcbernehmen. Es gibt Millionen von Amerikanern, die so denken, aber wenn Sie ein Demokrat sind und die New York Times das sagt, ist das ein ziemlich gro\u00dfes Problem. Werbung \u2013 die Geschichte [&hellip;]<\/p>\n","protected":false},"author":5,"featured_media":15048,"comment_status":"open","ping_status":"open","sticky":false,"template":"","format":"standard","meta":{"wp_automatic_camp":["1161"],"6746fa39d3e66a2ce8e26b5f6f7b73df":[" UFF!  Sogar die liberale New York Times bef\u00fcrchtet, dass Kamala Harris nicht bereit ist, Biden zu \u00fcbernehmen\n"],"original_link":["https:\/\/www.thegatewaypundit.com\/2022\/07\/oof-even-liberal-new-york-times-worries-kamala-harris-not-ready-take-biden\/"],"_thumbnail_id":["15048"],"wp_automatic_remove_first_image":["yes"],"jnews_social_counter_last_update":["1777411050"]},"categories":[25],"tags":[4554,964,1348,42,45,5472,414,5471,15568,800,23312,259,4568,29261,6849],"yoast_head":"<!-- This site is optimized with the Yoast SEO Premium plugin v22.7 (Yoast SEO v22.7) - https:\/\/yoast.com\/wordpress\/plugins\/seo\/ -->\n<title>UFF! Sogar die liberale New York Times bef\u00fcrchtet, dass Kamala Harris nicht bereit ist, Biden zu \u00fcbernehmen - just-now.NEWS Deutschland<\/title>\n<meta name=\"robots\" content=\"index, follow, max-snippet:-1, max-image-preview:large, max-video-preview:-1\" \/>\n<link rel=\"canonical\" href=\"https:\/\/now-news.de\/de\/usa\/uff-sogar-die-liberale-new-york-times-befuerchtet-dass-kamala-harris-nicht-bereit-ist-biden-zu-uebernehmen\/\" \/>\n<meta property=\"og:locale\" content=\"de_DE\" \/>\n<meta property=\"og:type\" content=\"article\" \/>\n<meta property=\"og:title\" content=\"UFF! Sogar die liberale New York Times bef\u00fcrchtet, dass Kamala Harris nicht bereit ist, Biden zu \u00fcbernehmen\" \/>\n<meta property=\"og:description\" content=\"Selbst die liberale New York Times macht sich offenbar Sorgen, dass Kamala Harris nicht fit genug ist, um Joe Biden bei Bedarf zu \u00fcbernehmen. Es gibt Millionen von Amerikanern, die so denken, aber wenn Sie ein Demokrat sind und die New York Times das sagt, ist das ein ziemlich gro\u00dfes Problem. Werbung \u2013 die Geschichte [&hellip;]\" \/>\n<meta property=\"og:url\" content=\"https:\/\/now-news.de\/de\/usa\/uff-sogar-die-liberale-new-york-times-befuerchtet-dass-kamala-harris-nicht-bereit-ist-biden-zu-uebernehmen\/\" \/>\n<meta property=\"og:site_name\" content=\"just-now.NEWS Deutschland\" \/>\n<meta property=\"article:publisher\" content=\"https:\/\/www.facebook.com\/wirmachenauf\" \/>\n<meta property=\"article:published_time\" content=\"2022-07-26T07:42:00+00:00\" \/>\n<meta property=\"og:image\" content=\"https:\/\/now-news.de\/de\/wp-content\/uploads\/sites\/3\/2022\/07\/UFF-Sogar-die-liberale-New-York-Times-befuerchtet-dass-Kamala.jpg\" \/>\n\t<meta property=\"og:image:width\" content=\"664\" \/>\n\t<meta property=\"og:image:height\" content=\"417\" \/>\n\t<meta property=\"og:image:type\" content=\"image\/jpeg\" \/>\n<meta name=\"author\" content=\"greatreset\" \/>\n<meta name=\"twitter:card\" content=\"summary_large_image\" \/>\n<meta name=\"twitter:creator\" content=\"@WirMachenAuf_de\" \/>\n<meta name=\"twitter:site\" content=\"@WirMachenAuf_de\" \/>\n<meta name=\"twitter:label1\" content=\"Verfasst von\" \/>\n\t<meta name=\"twitter:data1\" content=\"greatreset\" \/>\n\t<meta name=\"twitter:label2\" content=\"Gesch\u00e4tzte Lesezeit\" \/>\n\t<meta name=\"twitter:data2\" content=\"2\u00a0Minuten\" \/>\n<script type=\"application\/ld+json\" class=\"yoast-schema-graph\">{\"@context\":\"https:\/\/schema.org\",\"@graph\":[{\"@type\":\"Article\",\"@id\":\"https:\/\/now-news.de\/de\/usa\/uff-sogar-die-liberale-new-york-times-befuerchtet-dass-kamala-harris-nicht-bereit-ist-biden-zu-uebernehmen\/#article\",\"isPartOf\":{\"@id\":\"https:\/\/now-news.de\/de\/usa\/uff-sogar-die-liberale-new-york-times-befuerchtet-dass-kamala-harris-nicht-bereit-ist-biden-zu-uebernehmen\/\"},\"author\":{\"name\":\"greatreset\",\"@id\":\"https:\/\/now-news.de\/de\/#\/schema\/person\/8afb4cd92b68572db7902c13a349ffcb\"},\"headline\":\"UFF! Sogar die liberale New York Times bef\u00fcrchtet, dass Kamala Harris nicht bereit ist, Biden zu \u00fcbernehmen\",\"datePublished\":\"2022-07-26T07:42:00+00:00\",\"dateModified\":\"2022-07-26T07:42:00+00:00\",\"mainEntityOfPage\":{\"@id\":\"https:\/\/now-news.de\/de\/usa\/uff-sogar-die-liberale-new-york-times-befuerchtet-dass-kamala-harris-nicht-bereit-ist-biden-zu-uebernehmen\/\"},\"wordCount\":494,\"commentCount\":0,\"publisher\":{\"@id\":\"https:\/\/now-news.de\/de\/#organization\"},\"image\":{\"@id\":\"https:\/\/now-news.de\/de\/usa\/uff-sogar-die-liberale-new-york-times-befuerchtet-dass-kamala-harris-nicht-bereit-ist-biden-zu-uebernehmen\/#primaryimage\"},\"thumbnailUrl\":\"https:\/\/now-news.de\/de\/wp-content\/uploads\/sites\/3\/2022\/07\/UFF-Sogar-die-liberale-New-York-Times-befuerchtet-dass-Kamala.jpg\",\"keywords\":[\"bef\u00fcrchtet\",\"bereit\",\"Biden\",\"dass\",\"die\",\"Harris\",\"ist\",\"Kamala\",\"liberale\",\"nicht\",\"Sogar\",\"Times\",\"\u00fcbernehmen\",\"UFF\",\"York\"],\"articleSection\":[\"USA\"],\"inLanguage\":\"de\",\"potentialAction\":[{\"@type\":\"CommentAction\",\"name\":\"Comment\",\"target\":[\"https:\/\/now-news.de\/de\/usa\/uff-sogar-die-liberale-new-york-times-befuerchtet-dass-kamala-harris-nicht-bereit-ist-biden-zu-uebernehmen\/#respond\"]}]},{\"@type\":\"WebPage\",\"@id\":\"https:\/\/now-news.de\/de\/usa\/uff-sogar-die-liberale-new-york-times-befuerchtet-dass-kamala-harris-nicht-bereit-ist-biden-zu-uebernehmen\/\",\"url\":\"https:\/\/now-news.de\/de\/usa\/uff-sogar-die-liberale-new-york-times-befuerchtet-dass-kamala-harris-nicht-bereit-ist-biden-zu-uebernehmen\/\",\"name\":\"UFF! Sogar die liberale New York Times bef\u00fcrchtet, dass Kamala Harris nicht bereit ist, Biden zu \u00fcbernehmen - just-now.NEWS Deutschland\",\"isPartOf\":{\"@id\":\"https:\/\/now-news.de\/de\/#website\"},\"primaryImageOfPage\":{\"@id\":\"https:\/\/now-news.de\/de\/usa\/uff-sogar-die-liberale-new-york-times-befuerchtet-dass-kamala-harris-nicht-bereit-ist-biden-zu-uebernehmen\/#primaryimage\"},\"image\":{\"@id\":\"https:\/\/now-news.de\/de\/usa\/uff-sogar-die-liberale-new-york-times-befuerchtet-dass-kamala-harris-nicht-bereit-ist-biden-zu-uebernehmen\/#primaryimage\"},\"thumbnailUrl\":\"https:\/\/now-news.de\/de\/wp-content\/uploads\/sites\/3\/2022\/07\/UFF-Sogar-die-liberale-New-York-Times-befuerchtet-dass-Kamala.jpg\",\"datePublished\":\"2022-07-26T07:42:00+00:00\",\"dateModified\":\"2022-07-26T07:42:00+00:00\",\"breadcrumb\":{\"@id\":\"https:\/\/now-news.de\/de\/usa\/uff-sogar-die-liberale-new-york-times-befuerchtet-dass-kamala-harris-nicht-bereit-ist-biden-zu-uebernehmen\/#breadcrumb\"},\"inLanguage\":\"de\",\"potentialAction\":[{\"@type\":\"ReadAction\",\"target\":[\"https:\/\/now-news.de\/de\/usa\/uff-sogar-die-liberale-new-york-times-befuerchtet-dass-kamala-harris-nicht-bereit-ist-biden-zu-uebernehmen\/\"]}]},{\"@type\":\"ImageObject\",\"inLanguage\":\"de\",\"@id\":\"https:\/\/now-news.de\/de\/usa\/uff-sogar-die-liberale-new-york-times-befuerchtet-dass-kamala-harris-nicht-bereit-ist-biden-zu-uebernehmen\/#primaryimage\",\"url\":\"https:\/\/now-news.de\/de\/wp-content\/uploads\/sites\/3\/2022\/07\/UFF-Sogar-die-liberale-New-York-Times-befuerchtet-dass-Kamala.jpg\",\"contentUrl\":\"https:\/\/now-news.de\/de\/wp-content\/uploads\/sites\/3\/2022\/07\/UFF-Sogar-die-liberale-New-York-Times-befuerchtet-dass-Kamala.jpg\",\"width\":664,\"height\":417},{\"@type\":\"BreadcrumbList\",\"@id\":\"https:\/\/now-news.de\/de\/usa\/uff-sogar-die-liberale-new-york-times-befuerchtet-dass-kamala-harris-nicht-bereit-ist-biden-zu-uebernehmen\/#breadcrumb\",\"itemListElement\":[{\"@type\":\"ListItem\",\"position\":1,\"name\":\"Home\",\"item\":\"https:\/\/now-news.de\/de\/\"},{\"@type\":\"ListItem\",\"position\":2,\"name\":\"UFF! Sogar die liberale New York Times bef\u00fcrchtet, dass Kamala Harris nicht bereit ist, Biden zu \u00fcbernehmen\"}]},{\"@type\":\"WebSite\",\"@id\":\"https:\/\/now-news.de\/de\/#website\",\"url\":\"https:\/\/now-news.de\/de\/\",\"name\":\"just-now.NEWS Deutschland\",\"description\":\"Das Portal f\u00fcr unzensierte Nachrichten aus der Welt\",\"publisher\":{\"@id\":\"https:\/\/now-news.de\/de\/#organization\"},\"potentialAction\":[{\"@type\":\"SearchAction\",\"target\":{\"@type\":\"EntryPoint\",\"urlTemplate\":\"https:\/\/now-news.de\/de\/?s={search_term_string}\"},\"query-input\":\"required name=search_term_string\"}],\"inLanguage\":\"de\"},{\"@type\":\"Organization\",\"@id\":\"https:\/\/now-news.de\/de\/#organization\",\"name\":\"Just Now News\",\"url\":\"https:\/\/now-news.de\/de\/\",\"logo\":{\"@type\":\"ImageObject\",\"inLanguage\":\"de\",\"@id\":\"https:\/\/now-news.de\/de\/#\/schema\/logo\/image\/\",\"url\":\"http:\/\/just-now.news\/de\/wp-content\/uploads\/sites\/3\/2022\/04\/logo500x500.jpg\",\"contentUrl\":\"http:\/\/just-now.news\/de\/wp-content\/uploads\/sites\/3\/2022\/04\/logo500x500.jpg\",\"width\":500,\"height\":500,\"caption\":\"Just Now News\"},\"image\":{\"@id\":\"https:\/\/now-news.de\/de\/#\/schema\/logo\/image\/\"},\"sameAs\":[\"https:\/\/www.facebook.com\/wirmachenauf\",\"https:\/\/x.com\/WirMachenAuf_de\"]},{\"@type\":\"Person\",\"@id\":\"https:\/\/now-news.de\/de\/#\/schema\/person\/8afb4cd92b68572db7902c13a349ffcb\",\"name\":\"greatreset\",\"image\":{\"@type\":\"ImageObject\",\"inLanguage\":\"de\",\"@id\":\"https:\/\/now-news.de\/de\/#\/schema\/person\/image\/\",\"url\":\"https:\/\/secure.gravatar.com\/avatar\/a088df625d49991c090e78c8b9542592?s=96&d=mm&r=g\",\"contentUrl\":\"https:\/\/secure.gravatar.com\/avatar\/a088df625d49991c090e78c8b9542592?s=96&d=mm&r=g\",\"caption\":\"greatreset\"},\"url\":\"https:\/\/now-news.de\/de\/author\/greatreset\/\"}]}<\/script>\n<!-- \/ Yoast SEO Premium plugin. -->","yoast_head_json":{"title":"UFF! Sogar die liberale New York Times bef\u00fcrchtet, dass Kamala Harris nicht bereit ist, Biden zu \u00fcbernehmen - just-now.NEWS Deutschland","robots":{"index":"index","follow":"follow","max-snippet":"max-snippet:-1","max-image-preview":"max-image-preview:large","max-video-preview":"max-video-preview:-1"},"canonical":"https:\/\/now-news.de\/de\/usa\/uff-sogar-die-liberale-new-york-times-befuerchtet-dass-kamala-harris-nicht-bereit-ist-biden-zu-uebernehmen\/","og_locale":"de_DE","og_type":"article","og_title":"UFF! Sogar die liberale New York Times bef\u00fcrchtet, dass Kamala Harris nicht bereit ist, Biden zu \u00fcbernehmen","og_description":"Selbst die liberale New York Times macht sich offenbar Sorgen, dass Kamala Harris nicht fit genug ist, um Joe Biden bei Bedarf zu \u00fcbernehmen. Es gibt Millionen von Amerikanern, die so denken, aber wenn Sie ein Demokrat sind und die New York Times das sagt, ist das ein ziemlich gro\u00dfes Problem. Werbung \u2013 die Geschichte [&hellip;]","og_url":"https:\/\/now-news.de\/de\/usa\/uff-sogar-die-liberale-new-york-times-befuerchtet-dass-kamala-harris-nicht-bereit-ist-biden-zu-uebernehmen\/","og_site_name":"just-now.NEWS Deutschland","article_publisher":"https:\/\/www.facebook.com\/wirmachenauf","article_published_time":"2022-07-26T07:42:00+00:00","og_image":[{"width":664,"height":417,"url":"https:\/\/now-news.de\/de\/wp-content\/uploads\/sites\/3\/2022\/07\/UFF-Sogar-die-liberale-New-York-Times-befuerchtet-dass-Kamala.jpg","type":"image\/jpeg"}],"author":"greatreset","twitter_card":"summary_large_image","twitter_creator":"@WirMachenAuf_de","twitter_site":"@WirMachenAuf_de","twitter_misc":{"Verfasst von":"greatreset","Gesch\u00e4tzte Lesezeit":"2\u00a0Minuten"},"schema":{"@context":"https:\/\/schema.org","@graph":[{"@type":"Article","@id":"https:\/\/now-news.de\/de\/usa\/uff-sogar-die-liberale-new-york-times-befuerchtet-dass-kamala-harris-nicht-bereit-ist-biden-zu-uebernehmen\/#article","isPartOf":{"@id":"https:\/\/now-news.de\/de\/usa\/uff-sogar-die-liberale-new-york-times-befuerchtet-dass-kamala-harris-nicht-bereit-ist-biden-zu-uebernehmen\/"},"author":{"name":"greatreset","@id":"https:\/\/now-news.de\/de\/#\/schema\/person\/8afb4cd92b68572db7902c13a349ffcb"},"headline":"UFF! Sogar die liberale New York Times bef\u00fcrchtet, dass Kamala Harris nicht bereit ist, Biden zu \u00fcbernehmen","datePublished":"2022-07-26T07:42:00+00:00","dateModified":"2022-07-26T07:42:00+00:00","mainEntityOfPage":{"@id":"https:\/\/now-news.de\/de\/usa\/uff-sogar-die-liberale-new-york-times-befuerchtet-dass-kamala-harris-nicht-bereit-ist-biden-zu-uebernehmen\/"},"wordCount":494,"commentCount":0,"publisher":{"@id":"https:\/\/now-news.de\/de\/#organization"},"image":{"@id":"https:\/\/now-news.de\/de\/usa\/uff-sogar-die-liberale-new-york-times-befuerchtet-dass-kamala-harris-nicht-bereit-ist-biden-zu-uebernehmen\/#primaryimage"},"thumbnailUrl":"https:\/\/now-news.de\/de\/wp-content\/uploads\/sites\/3\/2022\/07\/UFF-Sogar-die-liberale-New-York-Times-befuerchtet-dass-Kamala.jpg","keywords":["bef\u00fcrchtet","bereit","Biden","dass","die","Harris","ist","Kamala","liberale","nicht","Sogar","Times","\u00fcbernehmen","UFF","York"],"articleSection":["USA"],"inLanguage":"de","potentialAction":[{"@type":"CommentAction","name":"Comment","target":["https:\/\/now-news.de\/de\/usa\/uff-sogar-die-liberale-new-york-times-befuerchtet-dass-kamala-harris-nicht-bereit-ist-biden-zu-uebernehmen\/#respond"]}]},{"@type":"WebPage","@id":"https:\/\/now-news.de\/de\/usa\/uff-sogar-die-liberale-new-york-times-befuerchtet-dass-kamala-harris-nicht-bereit-ist-biden-zu-uebernehmen\/","url":"https:\/\/now-news.de\/de\/usa\/uff-sogar-die-liberale-new-york-times-befuerchtet-dass-kamala-harris-nicht-bereit-ist-biden-zu-uebernehmen\/","name":"UFF! Sogar die liberale New York Times bef\u00fcrchtet, dass Kamala Harris nicht bereit ist, Biden zu \u00fcbernehmen - just-now.NEWS Deutschland","isPartOf":{"@id":"https:\/\/now-news.de\/de\/#website"},"primaryImageOfPage":{"@id":"https:\/\/now-news.de\/de\/usa\/uff-sogar-die-liberale-new-york-times-befuerchtet-dass-kamala-harris-nicht-bereit-ist-biden-zu-uebernehmen\/#primaryimage"},"image":{"@id":"https:\/\/now-news.de\/de\/usa\/uff-sogar-die-liberale-new-york-times-befuerchtet-dass-kamala-harris-nicht-bereit-ist-biden-zu-uebernehmen\/#primaryimage"},"thumbnailUrl":"https:\/\/now-news.de\/de\/wp-content\/uploads\/sites\/3\/2022\/07\/UFF-Sogar-die-liberale-New-York-Times-befuerchtet-dass-Kamala.jpg","datePublished":"2022-07-26T07:42:00+00:00","dateModified":"2022-07-26T07:42:00+00:00","breadcrumb":{"@id":"https:\/\/now-news.de\/de\/usa\/uff-sogar-die-liberale-new-york-times-befuerchtet-dass-kamala-harris-nicht-bereit-ist-biden-zu-uebernehmen\/#breadcrumb"},"inLanguage":"de","potentialAction":[{"@type":"ReadAction","target":["https:\/\/now-news.de\/de\/usa\/uff-sogar-die-liberale-new-york-times-befuerchtet-dass-kamala-harris-nicht-bereit-ist-biden-zu-uebernehmen\/"]}]},{"@type":"ImageObject","inLanguage":"de","@id":"https:\/\/now-news.de\/de\/usa\/uff-sogar-die-liberale-new-york-times-befuerchtet-dass-kamala-harris-nicht-bereit-ist-biden-zu-uebernehmen\/#primaryimage","url":"https:\/\/now-news.de\/de\/wp-content\/uploads\/sites\/3\/2022\/07\/UFF-Sogar-die-liberale-New-York-Times-befuerchtet-dass-Kamala.jpg","contentUrl":"https:\/\/now-news.de\/de\/wp-content\/uploads\/sites\/3\/2022\/07\/UFF-Sogar-die-liberale-New-York-Times-befuerchtet-dass-Kamala.jpg","width":664,"height":417},{"@type":"BreadcrumbList","@id":"https:\/\/now-news.de\/de\/usa\/uff-sogar-die-liberale-new-york-times-befuerchtet-dass-kamala-harris-nicht-bereit-ist-biden-zu-uebernehmen\/#breadcrumb","itemListElement":[{"@type":"ListItem","position":1,"name":"Home","item":"https:\/\/now-news.de\/de\/"},{"@type":"ListItem","position":2,"name":"UFF! Sogar die liberale New York Times bef\u00fcrchtet, dass Kamala Harris nicht bereit ist, Biden zu \u00fcbernehmen"}]},{"@type":"WebSite","@id":"https:\/\/now-news.de\/de\/#website","url":"https:\/\/now-news.de\/de\/","name":"just-now.NEWS Deutschland","description":"Das Portal f\u00fcr unzensierte Nachrichten aus der Welt","publisher":{"@id":"https:\/\/now-news.de\/de\/#organization"},"potentialAction":[{"@type":"SearchAction","target":{"@type":"EntryPoint","urlTemplate":"https:\/\/now-news.de\/de\/?s={search_term_string}"},"query-input":"required name=search_term_string"}],"inLanguage":"de"},{"@type":"Organization","@id":"https:\/\/now-news.de\/de\/#organization","name":"Just Now News","url":"https:\/\/now-news.de\/de\/","logo":{"@type":"ImageObject","inLanguage":"de","@id":"https:\/\/now-news.de\/de\/#\/schema\/logo\/image\/","url":"http:\/\/just-now.news\/de\/wp-content\/uploads\/sites\/3\/2022\/04\/logo500x500.jpg","contentUrl":"http:\/\/just-now.news\/de\/wp-content\/uploads\/sites\/3\/2022\/04\/logo500x500.jpg","width":500,"height":500,"caption":"Just Now News"},"image":{"@id":"https:\/\/now-news.de\/de\/#\/schema\/logo\/image\/"},"sameAs":["https:\/\/www.facebook.com\/wirmachenauf","https:\/\/x.com\/WirMachenAuf_de"]},{"@type":"Person","@id":"https:\/\/now-news.de\/de\/#\/schema\/person\/8afb4cd92b68572db7902c13a349ffcb","name":"greatreset","image":{"@type":"ImageObject","inLanguage":"de","@id":"https:\/\/now-news.de\/de\/#\/schema\/person\/image\/","url":"https:\/\/secure.gravatar.com\/avatar\/a088df625d49991c090e78c8b9542592?s=96&d=mm&r=g","contentUrl":"https:\/\/secure.gravatar.com\/avatar\/a088df625d49991c090e78c8b9542592?s=96&d=mm&r=g","caption":"greatreset"},"url":"https:\/\/now-news.de\/de\/author\/greatreset\/"}]}},"_links":{"self":[{"href":"https:\/\/now-news.de\/de\/wp-json\/wp\/v2\/posts\/15047"}],"collection":[{"href":"https:\/\/now-news.de\/de\/wp-json\/wp\/v2\/posts"}],"about":[{"href":"https:\/\/now-news.de\/de\/wp-json\/wp\/v2\/types\/post"}],"author":[{"embeddable":true,"href":"https:\/\/now-news.de\/de\/wp-json\/wp\/v2\/users\/5"}],"replies":[{"embeddable":true,"href":"https:\/\/now-news.de\/de\/wp-json\/wp\/v2\/comments?post=15047"}],"version-history":[{"count":0,"href":"https:\/\/now-news.de\/de\/wp-json\/wp\/v2\/posts\/15047\/revisions"}],"wp:featuredmedia":[{"embeddable":true,"href":"https:\/\/now-news.de\/de\/wp-json\/wp\/v2\/media\/15048"}],"wp:attachment":[{"href":"https:\/\/now-news.de\/de\/wp-json\/wp\/v2\/media?parent=15047"}],"wp:term":[{"taxonomy":"category","embeddable":true,"href":"https:\/\/now-news.de\/de\/wp-json\/wp\/v2\/categories?post=15047"},{"taxonomy":"post_tag","embeddable":true,"href":"https:\/\/now-news.de\/de\/wp-json\/wp\/v2\/tags?post=15047"}],"curies":[{"name":"wp","href":"https:\/\/api.w.org\/{rel}","templated":true}]}}