{"id":15040,"date":"2022-07-26T07:47:20","date_gmt":"2022-07-26T05:47:20","guid":{"rendered":"http:\/\/just-now.news\/de\/deutschland\/nach-habecks-zusage-an-wien-oesterreich-will-gasspeicher-haidach-anzapfen\/"},"modified":"2022-07-26T07:47:20","modified_gmt":"2022-07-26T05:47:20","slug":"nach-habecks-zusage-an-wien-oesterreich-will-gasspeicher-haidach-anzapfen","status":"publish","type":"post","link":"https:\/\/now-news.de\/de\/deutschland\/nach-habecks-zusage-an-wien-oesterreich-will-gasspeicher-haidach-anzapfen\/","title":{"rendered":"Nach Habecks Zusage an Wien: \u00d6sterreich will Gasspeicher Haidach anzapfen"},"content":{"rendered":"<p><img decoding=\"async\" src=\"http:\/\/just-now.news\/de\/wp-content\/uploads\/sites\/3\/2022\/07\/62def19bb480cc749475893b.jpg\" \/><\/p>\n<div class=\"Text-root Text-type_1 \">\n                Die \u00f6sterreichische Regierung will einen f\u00fcr Bayern wichtigen Gasspeicher anzapfen. Grundlage ist eine Zusage von Bundeswirtschaftsminister Habeck. Bayerns Ministerpr\u00e4sident S\u00f6der zeigt sich angesichts m\u00f6glicher Gasengp\u00e4sse besorgt. Berlin beschwichtigt.\n            <\/div>\n<p><\/p>\n<div class=\"Text-root Text-type_5 ArticleView-text ViewText-root \">\n<p>Erst k\u00fcrzlich hatten mehrere EU-L\u00e4nder verk\u00fcndet, dass sie die von Deutschland favorisierten kollektiven Energiesparma\u00dfnahmen nicht mittragen wollen. Bundeswirtschaftsminister Habeck (B\u00fcndnis90\/Die Gr\u00fcnen) monierte daraufhin, dass Energiesparen auch eine Frage der &#8220;Solidarit\u00e4t&#8221; sei. Doch nun k\u00f6nnte Habeck zu sp\u00fcren bekommen, wie sich eine solche anf\u00fchlt, denn in der EU scheinen allm\u00e4hlich die Verteilungsk\u00e4mpfe um Erdgas zu beginnen.<\/p>\n<p>Die \u00f6sterreichische Energieministerin Leonore Gewessler erkl\u00e4rte am Sonntag laut der <em>S\u00fcddeutschen Zeitung<\/em>, dass \u00d6sterreich einen f\u00fcr Bayern wichtigen Gasspeicher anzapfen wolle. Der in \u00d6sterreich liegende Speicher Haidach ist bisher nur an das deutsche Netz angeschlossen, doch nun will ihn die \u00f6sterreichische Regierung f\u00fcr die eigene Bev\u00f6lkerung anzapfen. Der Beschluss des Parlaments in Wien sei rechtskr\u00e4ftig, so Gewessler. Sie erwarte, dass ein erster Anschluss an das \u00f6sterreichische Gasnetz noch in diesem Jahr erfolge. \u00d6sterreichs Gasspeicher sind derzeit zu rund 50 Prozent gef\u00fcllt.<\/p>\n<p>Bayern Wirtschaftsminister Hubert Aiwanger (Freie W\u00e4hler) reagierte laut <em>BR 24<\/em> gelassen auf die Ank\u00fcndigung \u00d6sterreichs. Wichtig sei, dass der Speicher nun schnell gef\u00fcllt werde, sagte der Politiker. Hintergrund dessen ist, dass der\u00a0zum russischen Energiekonzern Gazprom geh\u00f6rende Anteil\u00a0des Speichers nicht gef\u00fcllt sein soll. Aktuell betr\u00e4gt der Gesamtf\u00fcllstand etwa 20 Prozent. \u00d6sterreichs Pl\u00e4ne, auf den Speicher zuzugreifen, sind laut Aiwanger verst\u00e4ndlich: Was die Gasversorgung betrifft, sitze man europaweit &#8220;in einem Boot&#8221;. Bayerns Ministerpr\u00e4sident Markus S\u00f6der (CSU) zeigte sich angesichts der Causa Haidach jedoch nicht sehr entspannt. Er erkl\u00e4rte:<\/p>\n<blockquote>\n<p><em>&#8220;Wir beobachten die Entwicklungen beim Gasspeicher mit gro\u00dfer Sorge.&#8221;<\/em><\/p>\n<\/blockquote>\n<p>Zu Haidach gebe es eine Vereinbarung zwischen Berlin und Wien, die besage, dass der \u00fcberwiegende Teil f\u00fcr Bayern vorgesehen sei. S\u00f6der w\u00f6rtlich:<\/p>\n<blockquote>\n<p><em>&#8220;Daher unsere klare Forderung: Der Bund muss die Vereinbarung mit \u00d6sterreich transparent machen und deutlich sagen, wann und wie viel Gas nach Bayern flie\u00dft.&#8221;<\/em><\/p>\n<\/blockquote>\n<p>Wenn das Abkommen am Ende so aussehe, dass \u00d6sterreich Gas bekomme und Bayern leer ausgehe, habe der Bund seine Aufgabe verfehlt. Dies betreffe auch die Gesamtwirtschaft: Wer den S\u00fcden lahmlege, lege &#8220;das gesamte Land lahm&#8221;.<\/p>\n<p>Hintergrund dieser Aussagen ist, dass bei einem Gaslieferengpass vor allem im S\u00fcden Deutschlands harte Folgen f\u00fcr die Wirtschaft bef\u00fcrchtet werden. S\u00fcddeutschland befindet sich weit entfernt von den gro\u00dfen Speichern und den geplanten Fl\u00fcssiggas-Terminals im Norden. Auch der Ausbau der erneuerbaren Energien geht vor allem in Bayern nur schleppend voran, da unter anderem der Ausbau von Stromtrassen, die den Strom von Windparks im Norden nach Bayern bringen sollen, insbesondere von der CSU bek\u00e4mpft und verz\u00f6gert wurden. Zudem wurden Atomkraftwerke, die vom Netz genommen wurden, teils durch Gaskraftwerke ersetzt.<\/p>\n<p>Gewessler erkl\u00e4rte unterdessen, dieser Schritt sei f\u00fcr niemanden eine \u00dcberraschung, denn es gebe diesbez\u00fcglich eine Absprache mit Deutschland. So hatte der deutsche Wirtschaftsminister Habeck bei einem Besuch in Wien am 12. Juli ein Abkommen unterzeichnet, welche die gemeinsame Nutzung des Speichers vorsieht. Wien hatte zudem bereits im Juni beschlossen, dass alle auf dem eigenen Staatsgebiet liegenden Speicher auch das Netz in \u00d6sterreich angeschlossen werden.<\/p>\n<p>In Berlin versucht man ebenfalls zu beschwichtigen und erkl\u00e4rte, der Schritt sei keine gro\u00dfe Neuigkeit, da er seit mehreren Tagen erwartet werde. Wien habe das Bundeswirtschaftsministerium dar\u00fcber informiert. Habecks Zusage an Wien war bisher allerdings eher schwammig formuliert: Man werde im Krisenfall &#8220;alles unternehmen, um die Gasdurchleitung zu sichern&#8221;. Auch zu den Folgen des Anschlusses \u00d6sterreichs bei etwaigen Gasengp\u00e4ssen h\u00e4lt sich Berlin bedeckt.<\/p>\n<p>Der Gasspeicher Haidach bei Salzburg, der als Gemeinschaftsprojekt der \u00f6sterreichischen RAG zusammen mit Gazprom und dem deutschen Gashandelsunternehmen Wingas betrieben wird, ist einer der gr\u00f6\u00dften in Mitteleuropa. Bisher ist der Speicher nur an das deutsche Gasnetz angeschlossen und versorgt vor allem das sogenannte Chemiedreieck im 40 Kilometer entfernten Burghausen in Bayern, aber teilweise auch Privathaushalte in M\u00fcnchen und Ingolstadt. Die \u00f6sterreichischen Bundesl\u00e4nder Tirol und Voralberg werden bisher indirekt \u00fcber Deutschland aus Haidach versorgt. \u00c4hnlich wie Deutschland ist \u00d6sterreich stark von Energieimporten aus Russland abh\u00e4ngig und steht daher aufgrund der Russland-Sanktionen unter Druck. Demnach scheint die &#8220;Umleitung&#8221; \u00fcber Deutschland der \u00f6sterreichischen Regierung zu unsicher zu sein.<\/p>\n<p><strong>Mehr zum Thema &#8211;<\/strong>\u00a0<a rel=\"nofollow noopener\" target=\"_blank\" href=\"https:\/\/test.rtde.tech\/inland\/144044-tauziehen-mit-kanada-um-turbine\/\">Tauziehen um Gas-Turbine: Laut Baerbock f\u00fcrchtete Berlin &#8220;Volksaufst\u00e4nde&#8221;<\/a><\/p>\n<\/p>\n<\/div>\n<p><br \/>\n<br \/><a href=\"https:\/\/de.rt.com\/europa\/144416-energiekrise-osterreich-will-gasspeicher-fur\/\">Source link <\/a><\/p>\n","protected":false},"excerpt":{"rendered":"<p>Die \u00f6sterreichische Regierung will einen f\u00fcr Bayern wichtigen Gasspeicher anzapfen. Grundlage ist eine Zusage von Bundeswirtschaftsminister Habeck. Bayerns Ministerpr\u00e4sident S\u00f6der zeigt sich angesichts m\u00f6glicher Gasengp\u00e4sse besorgt. Berlin beschwichtigt. Erst k\u00fcrzlich hatten mehrere EU-L\u00e4nder verk\u00fcndet, dass sie die von Deutschland favorisierten kollektiven Energiesparma\u00dfnahmen nicht mittragen wollen. Bundeswirtschaftsminister Habeck (B\u00fcndnis90\/Die Gr\u00fcnen) monierte daraufhin, dass Energiesparen auch eine [&hellip;]<\/p>\n","protected":false},"author":3,"featured_media":15041,"comment_status":"open","ping_status":"open","sticky":false,"template":"","format":"standard","meta":{"wp_automatic_camp":["217"],"e27a9780c07c9ceaa7c8ba5b22d1f249":["Nach Habecks Zusage an Wien: \u00d6sterreich will Gasspeicher Haidach anzapfen"],"original_link":["https:\/\/de.rt.com\/europa\/144416-energiekrise-osterreich-will-gasspeicher-fur\/"],"_thumbnail_id":["15041"],"_wptg_p2tg_sent2tg":["2022-07-26 08:00:11"],"jnews_social_counter_last_update":["1777223338"]},"categories":[19,23],"tags":[29254,27978,27726,29253,979,7290,22652,29252],"yoast_head":"<!-- This site is optimized with the Yoast SEO Premium plugin v22.7 (Yoast SEO v22.7) - https:\/\/yoast.com\/wordpress\/plugins\/seo\/ -->\n<title>Nach Habecks Zusage an Wien: \u00d6sterreich will Gasspeicher Haidach anzapfen - just-now.NEWS Deutschland<\/title>\n<meta name=\"robots\" content=\"index, follow, max-snippet:-1, max-image-preview:large, max-video-preview:-1\" \/>\n<link rel=\"canonical\" href=\"https:\/\/now-news.de\/de\/deutschland\/nach-habecks-zusage-an-wien-oesterreich-will-gasspeicher-haidach-anzapfen\/\" \/>\n<meta property=\"og:locale\" content=\"de_DE\" \/>\n<meta property=\"og:type\" content=\"article\" \/>\n<meta property=\"og:title\" content=\"Nach Habecks Zusage an Wien: \u00d6sterreich will Gasspeicher Haidach anzapfen\" \/>\n<meta property=\"og:description\" content=\"Die \u00f6sterreichische Regierung will einen f\u00fcr Bayern wichtigen Gasspeicher anzapfen. Grundlage ist eine Zusage von Bundeswirtschaftsminister Habeck. Bayerns Ministerpr\u00e4sident S\u00f6der zeigt sich angesichts m\u00f6glicher Gasengp\u00e4sse besorgt. Berlin beschwichtigt. Erst k\u00fcrzlich hatten mehrere EU-L\u00e4nder verk\u00fcndet, dass sie die von Deutschland favorisierten kollektiven Energiesparma\u00dfnahmen nicht mittragen wollen. Bundeswirtschaftsminister Habeck (B\u00fcndnis90\/Die Gr\u00fcnen) monierte daraufhin, dass Energiesparen auch eine [&hellip;]\" \/>\n<meta property=\"og:url\" content=\"https:\/\/now-news.de\/de\/deutschland\/nach-habecks-zusage-an-wien-oesterreich-will-gasspeicher-haidach-anzapfen\/\" \/>\n<meta property=\"og:site_name\" content=\"just-now.NEWS Deutschland\" \/>\n<meta property=\"article:publisher\" content=\"https:\/\/www.facebook.com\/wirmachenauf\" \/>\n<meta property=\"article:published_time\" content=\"2022-07-26T05:47:20+00:00\" \/>\n<meta property=\"og:image\" content=\"https:\/\/now-news.de\/de\/wp-content\/uploads\/sites\/3\/2022\/07\/Nach-Habecks-Zusage-an-Wien-Oesterreich-will-Gasspeicher-Haidach-anzapfen.jpg\" \/>\n\t<meta property=\"og:image:width\" content=\"460\" \/>\n\t<meta property=\"og:image:height\" content=\"259\" \/>\n\t<meta property=\"og:image:type\" content=\"image\/jpeg\" \/>\n<meta name=\"author\" content=\"rtnews\" \/>\n<meta name=\"twitter:card\" content=\"summary_large_image\" \/>\n<meta name=\"twitter:creator\" content=\"@WirMachenAuf_de\" \/>\n<meta name=\"twitter:site\" content=\"@WirMachenAuf_de\" \/>\n<meta name=\"twitter:label1\" content=\"Verfasst von\" \/>\n\t<meta name=\"twitter:data1\" content=\"rtnews\" \/>\n\t<meta name=\"twitter:label2\" content=\"Gesch\u00e4tzte Lesezeit\" \/>\n\t<meta name=\"twitter:data2\" content=\"4\u00a0Minuten\" \/>\n<script type=\"application\/ld+json\" class=\"yoast-schema-graph\">{\"@context\":\"https:\/\/schema.org\",\"@graph\":[{\"@type\":\"Article\",\"@id\":\"https:\/\/now-news.de\/de\/deutschland\/nach-habecks-zusage-an-wien-oesterreich-will-gasspeicher-haidach-anzapfen\/#article\",\"isPartOf\":{\"@id\":\"https:\/\/now-news.de\/de\/deutschland\/nach-habecks-zusage-an-wien-oesterreich-will-gasspeicher-haidach-anzapfen\/\"},\"author\":{\"name\":\"rtnews\",\"@id\":\"https:\/\/now-news.de\/de\/#\/schema\/person\/fb534a4e865501d8b3285208df34a9b5\"},\"headline\":\"Nach Habecks Zusage an Wien: \u00d6sterreich will Gasspeicher Haidach anzapfen\",\"datePublished\":\"2022-07-26T05:47:20+00:00\",\"dateModified\":\"2022-07-26T05:47:20+00:00\",\"mainEntityOfPage\":{\"@id\":\"https:\/\/now-news.de\/de\/deutschland\/nach-habecks-zusage-an-wien-oesterreich-will-gasspeicher-haidach-anzapfen\/\"},\"wordCount\":746,\"commentCount\":0,\"publisher\":{\"@id\":\"https:\/\/now-news.de\/de\/#organization\"},\"image\":{\"@id\":\"https:\/\/now-news.de\/de\/deutschland\/nach-habecks-zusage-an-wien-oesterreich-will-gasspeicher-haidach-anzapfen\/#primaryimage\"},\"thumbnailUrl\":\"https:\/\/now-news.de\/de\/wp-content\/uploads\/sites\/3\/2022\/07\/Nach-Habecks-Zusage-an-Wien-Oesterreich-will-Gasspeicher-Haidach-anzapfen.jpg\",\"keywords\":[\"anzapfen\",\"Gasspeicher\",\"Habecks\",\"Haidach\",\"nach\",\"\u00d6sterreich\",\"Wien\",\"Zusage\"],\"articleSection\":[\"Deutschland\",\"Russland\"],\"inLanguage\":\"de\",\"potentialAction\":[{\"@type\":\"CommentAction\",\"name\":\"Comment\",\"target\":[\"https:\/\/now-news.de\/de\/deutschland\/nach-habecks-zusage-an-wien-oesterreich-will-gasspeicher-haidach-anzapfen\/#respond\"]}]},{\"@type\":\"WebPage\",\"@id\":\"https:\/\/now-news.de\/de\/deutschland\/nach-habecks-zusage-an-wien-oesterreich-will-gasspeicher-haidach-anzapfen\/\",\"url\":\"https:\/\/now-news.de\/de\/deutschland\/nach-habecks-zusage-an-wien-oesterreich-will-gasspeicher-haidach-anzapfen\/\",\"name\":\"Nach Habecks Zusage an Wien: \u00d6sterreich will Gasspeicher Haidach anzapfen - just-now.NEWS Deutschland\",\"isPartOf\":{\"@id\":\"https:\/\/now-news.de\/de\/#website\"},\"primaryImageOfPage\":{\"@id\":\"https:\/\/now-news.de\/de\/deutschland\/nach-habecks-zusage-an-wien-oesterreich-will-gasspeicher-haidach-anzapfen\/#primaryimage\"},\"image\":{\"@id\":\"https:\/\/now-news.de\/de\/deutschland\/nach-habecks-zusage-an-wien-oesterreich-will-gasspeicher-haidach-anzapfen\/#primaryimage\"},\"thumbnailUrl\":\"https:\/\/now-news.de\/de\/wp-content\/uploads\/sites\/3\/2022\/07\/Nach-Habecks-Zusage-an-Wien-Oesterreich-will-Gasspeicher-Haidach-anzapfen.jpg\",\"datePublished\":\"2022-07-26T05:47:20+00:00\",\"dateModified\":\"2022-07-26T05:47:20+00:00\",\"breadcrumb\":{\"@id\":\"https:\/\/now-news.de\/de\/deutschland\/nach-habecks-zusage-an-wien-oesterreich-will-gasspeicher-haidach-anzapfen\/#breadcrumb\"},\"inLanguage\":\"de\",\"potentialAction\":[{\"@type\":\"ReadAction\",\"target\":[\"https:\/\/now-news.de\/de\/deutschland\/nach-habecks-zusage-an-wien-oesterreich-will-gasspeicher-haidach-anzapfen\/\"]}]},{\"@type\":\"ImageObject\",\"inLanguage\":\"de\",\"@id\":\"https:\/\/now-news.de\/de\/deutschland\/nach-habecks-zusage-an-wien-oesterreich-will-gasspeicher-haidach-anzapfen\/#primaryimage\",\"url\":\"https:\/\/now-news.de\/de\/wp-content\/uploads\/sites\/3\/2022\/07\/Nach-Habecks-Zusage-an-Wien-Oesterreich-will-Gasspeicher-Haidach-anzapfen.jpg\",\"contentUrl\":\"https:\/\/now-news.de\/de\/wp-content\/uploads\/sites\/3\/2022\/07\/Nach-Habecks-Zusage-an-Wien-Oesterreich-will-Gasspeicher-Haidach-anzapfen.jpg\",\"width\":460,\"height\":259,\"caption\":\"Nach Habecks Zusage an Wien: \u00d6sterreich will Gasspeicher Haidach anzapfen\"},{\"@type\":\"BreadcrumbList\",\"@id\":\"https:\/\/now-news.de\/de\/deutschland\/nach-habecks-zusage-an-wien-oesterreich-will-gasspeicher-haidach-anzapfen\/#breadcrumb\",\"itemListElement\":[{\"@type\":\"ListItem\",\"position\":1,\"name\":\"Home\",\"item\":\"https:\/\/now-news.de\/de\/\"},{\"@type\":\"ListItem\",\"position\":2,\"name\":\"Nach Habecks Zusage an Wien: \u00d6sterreich will Gasspeicher Haidach anzapfen\"}]},{\"@type\":\"WebSite\",\"@id\":\"https:\/\/now-news.de\/de\/#website\",\"url\":\"https:\/\/now-news.de\/de\/\",\"name\":\"just-now.NEWS Deutschland\",\"description\":\"Das Portal f\u00fcr unzensierte Nachrichten aus der Welt\",\"publisher\":{\"@id\":\"https:\/\/now-news.de\/de\/#organization\"},\"potentialAction\":[{\"@type\":\"SearchAction\",\"target\":{\"@type\":\"EntryPoint\",\"urlTemplate\":\"https:\/\/now-news.de\/de\/?s={search_term_string}\"},\"query-input\":\"required name=search_term_string\"}],\"inLanguage\":\"de\"},{\"@type\":\"Organization\",\"@id\":\"https:\/\/now-news.de\/de\/#organization\",\"name\":\"Just Now News\",\"url\":\"https:\/\/now-news.de\/de\/\",\"logo\":{\"@type\":\"ImageObject\",\"inLanguage\":\"de\",\"@id\":\"https:\/\/now-news.de\/de\/#\/schema\/logo\/image\/\",\"url\":\"http:\/\/just-now.news\/de\/wp-content\/uploads\/sites\/3\/2022\/04\/logo500x500.jpg\",\"contentUrl\":\"http:\/\/just-now.news\/de\/wp-content\/uploads\/sites\/3\/2022\/04\/logo500x500.jpg\",\"width\":500,\"height\":500,\"caption\":\"Just Now News\"},\"image\":{\"@id\":\"https:\/\/now-news.de\/de\/#\/schema\/logo\/image\/\"},\"sameAs\":[\"https:\/\/www.facebook.com\/wirmachenauf\",\"https:\/\/x.com\/WirMachenAuf_de\"]},{\"@type\":\"Person\",\"@id\":\"https:\/\/now-news.de\/de\/#\/schema\/person\/fb534a4e865501d8b3285208df34a9b5\",\"name\":\"rtnews\",\"image\":{\"@type\":\"ImageObject\",\"inLanguage\":\"de\",\"@id\":\"https:\/\/now-news.de\/de\/#\/schema\/person\/image\/\",\"url\":\"https:\/\/secure.gravatar.com\/avatar\/82aafea7d8127119dd649515f56e2117?s=96&d=mm&r=g\",\"contentUrl\":\"https:\/\/secure.gravatar.com\/avatar\/82aafea7d8127119dd649515f56e2117?s=96&d=mm&r=g\",\"caption\":\"rtnews\"},\"url\":\"https:\/\/now-news.de\/de\/author\/rnews\/\"}]}<\/script>\n<!-- \/ Yoast SEO Premium plugin. -->","yoast_head_json":{"title":"Nach Habecks Zusage an Wien: \u00d6sterreich will Gasspeicher Haidach anzapfen - just-now.NEWS Deutschland","robots":{"index":"index","follow":"follow","max-snippet":"max-snippet:-1","max-image-preview":"max-image-preview:large","max-video-preview":"max-video-preview:-1"},"canonical":"https:\/\/now-news.de\/de\/deutschland\/nach-habecks-zusage-an-wien-oesterreich-will-gasspeicher-haidach-anzapfen\/","og_locale":"de_DE","og_type":"article","og_title":"Nach Habecks Zusage an Wien: \u00d6sterreich will Gasspeicher Haidach anzapfen","og_description":"Die \u00f6sterreichische Regierung will einen f\u00fcr Bayern wichtigen Gasspeicher anzapfen. Grundlage ist eine Zusage von Bundeswirtschaftsminister Habeck. Bayerns Ministerpr\u00e4sident S\u00f6der zeigt sich angesichts m\u00f6glicher Gasengp\u00e4sse besorgt. Berlin beschwichtigt. Erst k\u00fcrzlich hatten mehrere EU-L\u00e4nder verk\u00fcndet, dass sie die von Deutschland favorisierten kollektiven Energiesparma\u00dfnahmen nicht mittragen wollen. Bundeswirtschaftsminister Habeck (B\u00fcndnis90\/Die Gr\u00fcnen) monierte daraufhin, dass Energiesparen auch eine [&hellip;]","og_url":"https:\/\/now-news.de\/de\/deutschland\/nach-habecks-zusage-an-wien-oesterreich-will-gasspeicher-haidach-anzapfen\/","og_site_name":"just-now.NEWS Deutschland","article_publisher":"https:\/\/www.facebook.com\/wirmachenauf","article_published_time":"2022-07-26T05:47:20+00:00","og_image":[{"width":460,"height":259,"url":"https:\/\/now-news.de\/de\/wp-content\/uploads\/sites\/3\/2022\/07\/Nach-Habecks-Zusage-an-Wien-Oesterreich-will-Gasspeicher-Haidach-anzapfen.jpg","type":"image\/jpeg"}],"author":"rtnews","twitter_card":"summary_large_image","twitter_creator":"@WirMachenAuf_de","twitter_site":"@WirMachenAuf_de","twitter_misc":{"Verfasst von":"rtnews","Gesch\u00e4tzte Lesezeit":"4\u00a0Minuten"},"schema":{"@context":"https:\/\/schema.org","@graph":[{"@type":"Article","@id":"https:\/\/now-news.de\/de\/deutschland\/nach-habecks-zusage-an-wien-oesterreich-will-gasspeicher-haidach-anzapfen\/#article","isPartOf":{"@id":"https:\/\/now-news.de\/de\/deutschland\/nach-habecks-zusage-an-wien-oesterreich-will-gasspeicher-haidach-anzapfen\/"},"author":{"name":"rtnews","@id":"https:\/\/now-news.de\/de\/#\/schema\/person\/fb534a4e865501d8b3285208df34a9b5"},"headline":"Nach Habecks Zusage an Wien: \u00d6sterreich will Gasspeicher Haidach anzapfen","datePublished":"2022-07-26T05:47:20+00:00","dateModified":"2022-07-26T05:47:20+00:00","mainEntityOfPage":{"@id":"https:\/\/now-news.de\/de\/deutschland\/nach-habecks-zusage-an-wien-oesterreich-will-gasspeicher-haidach-anzapfen\/"},"wordCount":746,"commentCount":0,"publisher":{"@id":"https:\/\/now-news.de\/de\/#organization"},"image":{"@id":"https:\/\/now-news.de\/de\/deutschland\/nach-habecks-zusage-an-wien-oesterreich-will-gasspeicher-haidach-anzapfen\/#primaryimage"},"thumbnailUrl":"https:\/\/now-news.de\/de\/wp-content\/uploads\/sites\/3\/2022\/07\/Nach-Habecks-Zusage-an-Wien-Oesterreich-will-Gasspeicher-Haidach-anzapfen.jpg","keywords":["anzapfen","Gasspeicher","Habecks","Haidach","nach","\u00d6sterreich","Wien","Zusage"],"articleSection":["Deutschland","Russland"],"inLanguage":"de","potentialAction":[{"@type":"CommentAction","name":"Comment","target":["https:\/\/now-news.de\/de\/deutschland\/nach-habecks-zusage-an-wien-oesterreich-will-gasspeicher-haidach-anzapfen\/#respond"]}]},{"@type":"WebPage","@id":"https:\/\/now-news.de\/de\/deutschland\/nach-habecks-zusage-an-wien-oesterreich-will-gasspeicher-haidach-anzapfen\/","url":"https:\/\/now-news.de\/de\/deutschland\/nach-habecks-zusage-an-wien-oesterreich-will-gasspeicher-haidach-anzapfen\/","name":"Nach Habecks Zusage an Wien: \u00d6sterreich will Gasspeicher Haidach anzapfen - just-now.NEWS Deutschland","isPartOf":{"@id":"https:\/\/now-news.de\/de\/#website"},"primaryImageOfPage":{"@id":"https:\/\/now-news.de\/de\/deutschland\/nach-habecks-zusage-an-wien-oesterreich-will-gasspeicher-haidach-anzapfen\/#primaryimage"},"image":{"@id":"https:\/\/now-news.de\/de\/deutschland\/nach-habecks-zusage-an-wien-oesterreich-will-gasspeicher-haidach-anzapfen\/#primaryimage"},"thumbnailUrl":"https:\/\/now-news.de\/de\/wp-content\/uploads\/sites\/3\/2022\/07\/Nach-Habecks-Zusage-an-Wien-Oesterreich-will-Gasspeicher-Haidach-anzapfen.jpg","datePublished":"2022-07-26T05:47:20+00:00","dateModified":"2022-07-26T05:47:20+00:00","breadcrumb":{"@id":"https:\/\/now-news.de\/de\/deutschland\/nach-habecks-zusage-an-wien-oesterreich-will-gasspeicher-haidach-anzapfen\/#breadcrumb"},"inLanguage":"de","potentialAction":[{"@type":"ReadAction","target":["https:\/\/now-news.de\/de\/deutschland\/nach-habecks-zusage-an-wien-oesterreich-will-gasspeicher-haidach-anzapfen\/"]}]},{"@type":"ImageObject","inLanguage":"de","@id":"https:\/\/now-news.de\/de\/deutschland\/nach-habecks-zusage-an-wien-oesterreich-will-gasspeicher-haidach-anzapfen\/#primaryimage","url":"https:\/\/now-news.de\/de\/wp-content\/uploads\/sites\/3\/2022\/07\/Nach-Habecks-Zusage-an-Wien-Oesterreich-will-Gasspeicher-Haidach-anzapfen.jpg","contentUrl":"https:\/\/now-news.de\/de\/wp-content\/uploads\/sites\/3\/2022\/07\/Nach-Habecks-Zusage-an-Wien-Oesterreich-will-Gasspeicher-Haidach-anzapfen.jpg","width":460,"height":259,"caption":"Nach Habecks Zusage an Wien: \u00d6sterreich will Gasspeicher Haidach anzapfen"},{"@type":"BreadcrumbList","@id":"https:\/\/now-news.de\/de\/deutschland\/nach-habecks-zusage-an-wien-oesterreich-will-gasspeicher-haidach-anzapfen\/#breadcrumb","itemListElement":[{"@type":"ListItem","position":1,"name":"Home","item":"https:\/\/now-news.de\/de\/"},{"@type":"ListItem","position":2,"name":"Nach Habecks Zusage an Wien: \u00d6sterreich will Gasspeicher Haidach anzapfen"}]},{"@type":"WebSite","@id":"https:\/\/now-news.de\/de\/#website","url":"https:\/\/now-news.de\/de\/","name":"just-now.NEWS Deutschland","description":"Das Portal f\u00fcr unzensierte Nachrichten aus der Welt","publisher":{"@id":"https:\/\/now-news.de\/de\/#organization"},"potentialAction":[{"@type":"SearchAction","target":{"@type":"EntryPoint","urlTemplate":"https:\/\/now-news.de\/de\/?s={search_term_string}"},"query-input":"required name=search_term_string"}],"inLanguage":"de"},{"@type":"Organization","@id":"https:\/\/now-news.de\/de\/#organization","name":"Just Now News","url":"https:\/\/now-news.de\/de\/","logo":{"@type":"ImageObject","inLanguage":"de","@id":"https:\/\/now-news.de\/de\/#\/schema\/logo\/image\/","url":"http:\/\/just-now.news\/de\/wp-content\/uploads\/sites\/3\/2022\/04\/logo500x500.jpg","contentUrl":"http:\/\/just-now.news\/de\/wp-content\/uploads\/sites\/3\/2022\/04\/logo500x500.jpg","width":500,"height":500,"caption":"Just Now News"},"image":{"@id":"https:\/\/now-news.de\/de\/#\/schema\/logo\/image\/"},"sameAs":["https:\/\/www.facebook.com\/wirmachenauf","https:\/\/x.com\/WirMachenAuf_de"]},{"@type":"Person","@id":"https:\/\/now-news.de\/de\/#\/schema\/person\/fb534a4e865501d8b3285208df34a9b5","name":"rtnews","image":{"@type":"ImageObject","inLanguage":"de","@id":"https:\/\/now-news.de\/de\/#\/schema\/person\/image\/","url":"https:\/\/secure.gravatar.com\/avatar\/82aafea7d8127119dd649515f56e2117?s=96&d=mm&r=g","contentUrl":"https:\/\/secure.gravatar.com\/avatar\/82aafea7d8127119dd649515f56e2117?s=96&d=mm&r=g","caption":"rtnews"},"url":"https:\/\/now-news.de\/de\/author\/rnews\/"}]}},"_links":{"self":[{"href":"https:\/\/now-news.de\/de\/wp-json\/wp\/v2\/posts\/15040"}],"collection":[{"href":"https:\/\/now-news.de\/de\/wp-json\/wp\/v2\/posts"}],"about":[{"href":"https:\/\/now-news.de\/de\/wp-json\/wp\/v2\/types\/post"}],"author":[{"embeddable":true,"href":"https:\/\/now-news.de\/de\/wp-json\/wp\/v2\/users\/3"}],"replies":[{"embeddable":true,"href":"https:\/\/now-news.de\/de\/wp-json\/wp\/v2\/comments?post=15040"}],"version-history":[{"count":0,"href":"https:\/\/now-news.de\/de\/wp-json\/wp\/v2\/posts\/15040\/revisions"}],"wp:featuredmedia":[{"embeddable":true,"href":"https:\/\/now-news.de\/de\/wp-json\/wp\/v2\/media\/15041"}],"wp:attachment":[{"href":"https:\/\/now-news.de\/de\/wp-json\/wp\/v2\/media?parent=15040"}],"wp:term":[{"taxonomy":"category","embeddable":true,"href":"https:\/\/now-news.de\/de\/wp-json\/wp\/v2\/categories?post=15040"},{"taxonomy":"post_tag","embeddable":true,"href":"https:\/\/now-news.de\/de\/wp-json\/wp\/v2\/tags?post=15040"}],"curies":[{"name":"wp","href":"https:\/\/api.w.org\/{rel}","templated":true}]}}