{"id":15030,"date":"2022-07-26T06:15:00","date_gmt":"2022-07-26T04:15:00","guid":{"rendered":"http:\/\/just-now.news\/de\/deutschland\/volksaufstaende-oder-unterwerfung-wie-werden-die-deutschen-im-herbst-reagieren\/"},"modified":"2022-07-26T06:15:00","modified_gmt":"2022-07-26T04:15:00","slug":"volksaufstaende-oder-unterwerfung-wie-werden-die-deutschen-im-herbst-reagieren","status":"publish","type":"post","link":"https:\/\/now-news.de\/de\/deutschland\/volksaufstaende-oder-unterwerfung-wie-werden-die-deutschen-im-herbst-reagieren\/","title":{"rendered":"Volksaufst\u00e4nde oder Unterwerfung \u2013 wie werden die Deutschen im Herbst reagieren?"},"content":{"rendered":"<p><img decoding=\"async\" src=\"http:\/\/just-now.news\/de\/wp-content\/uploads\/sites\/3\/2022\/07\/62de9d1d48fbef141d620bbb.jpg\" \/><\/p>\n<p><em>von Tom J. Wellbrock<\/em><\/p>\n<p>Wann es anfing, ist schwer zu sagen, wann wir also unsere Freiheit bereitwillig abgegeben haben. Ganz sicher allerdings hatte der Beginn des Neoliberalismus unter Gerhard Schr\u00f6der (SPD) erheblichen Einfluss auf die Bereitschaft, die eigene Freiheit in die H\u00e4nde anderer zu legen. Dabei mag widerspr\u00fcchlich wirken, dass ausgerechnet die Denkrichtung, laut derer jeder seines Gl\u00fcckes Schmied sei, die Unterwerfung f\u00f6rdere, muss man es doch als Freiheit bezeichnen, sein Gl\u00fcck selbst in der Hand zu haben. Doch die neoliberale Denkweise ist ein grunds\u00e4tzlicher Widerspruch zur Freiheit, es sei denn, sie betrifft einige wenige Auserkorene.<\/p>\n<p><strong>Konstruierte Freiheit<\/strong><\/p>\n<p>Freiheit hat viele Gesichter, ihr Fehlen ebenso. Machen wir uns aber an dieser Stelle ein konkretes Bild der Freiheit anhand der Arbeit:<\/p>\n<p>Ein Lagerarbeiter in den 1970er Jahren war in der Lage, seine Familie zu ern\u00e4hren, inklusive eines Urlaubs einmal im Jahr. Er besetzte in aller Regel eine unbefristete Stelle, K\u00fcndigungen kamen in solchen Konstellationen nur selten vor, es sei denn, der Arbeiter lie\u00df sich etwas zuschulden kommen. Vielfach wurde bis zur Rente im selben Unternehmen gearbeitet.<\/p>\n<p>Ein Lagerarbeiter im Jahr 2022 kann \u00fcblicherweise keine Familie ern\u00e4hren, er muss bereits k\u00e4mpfen, um als Alleinstehender \u00fcber die Runden zu kommen. Je nachdem, wo er lebt, k\u00f6nnen allein die Kosten f\u00fcr die Miete schmerzliche Folgen haben. Unbefristete Arbeitsvertr\u00e4ge sind eine Seltenheit, die Wahrscheinlichkeit, nicht lange im Unternehmen zu bleiben, ist hoch.<\/p>\n<p>Die Unterschiede zwischen diesen Konstellationen liegen auf der Hand. Die Antwort auf die Frage der Qualit\u00e4t der jeweiligen Freiheit ist eklatant. Heute haben kaum Menschen ihr Gl\u00fcck in der eigenen Hand, vielmehr sind sie darauf angewiesen, auf dem Arbeitsmarkt einen Platz zu ergattern, der jedoch nur zeitlich begrenzt so etwas wie Sicherheit vermittelt. Von der Unterschicht bis in die mittlere Oberschicht breitet sich Unsicherheit aus, Zukunftsplanungen werden immer schwieriger, Gedanken etwa an ein Eigenheim sind f\u00fcr immer mehr Menschen unrealistisch, weil a) das Einkommen zu gering ist und b) die beruflichen Rahmenbedingungen eine Finanzierung nahezu unm\u00f6glich machen.<\/p>\n<p>Seit dem Beginn der Corona-Episode sind zahlreiche weitere Freiheiten eingeschr\u00e4nkt, zuweilen sogar vollst\u00e4ndig aufgehoben worden. Und auch im Zuge der Energiekrise, ausgel\u00f6st durch die Reaktionen deutscher Politik auf die Konfrontation zwischen Russland und der Ukraine, wird die Freiheit weiter beschnitten. Steigende Preise, stagnierende oder sinkende L\u00f6hne, Renten und Sozialleistungen, die weit hinter den Steigerungen der Lebenshaltungskosten zur\u00fcckbleiben, f\u00fchren zu immer weniger Freiheit und zu immer mehr Druck auf die Bev\u00f6lkerung.<\/p>\n<p>Die Frage, die Politik, Medien und zahlreiche wissenschaftliche Fachrichtungen umtreibt, ist verst\u00e4ndlicherweise die nach der Antwort der Bev\u00f6lkerung. Hatte Baerbock recht mit ihrer Furcht vor Volksaufst\u00e4nden?<\/p>\n<p><strong>Sind Aufst\u00e4nde zu bef\u00fcrchten?<\/strong><\/p>\n<p>Je nachdem, wie die Politik weitermacht und wie hart die Konsequenzen f\u00fcr die Bev\u00f6lkerung sein werden, muss man sagen, dass die M\u00f6glichkeit von Volksaufst\u00e4nden oder \u00e4hnlichen Erscheinungen durchaus nicht von der Hand zu weisen ist. Ist der Leidensdruck erst gro\u00df genug und die Erkenntnis, nichts mehr zu verlieren zu haben, im Menschen gewachsen, sind Unruhen nicht auszuschlie\u00dfen.<\/p>\n<p>Doch man darf die deutsche Mentalit\u00e4t nicht au\u00dfer Acht lassen, und man darf nicht vergessen, dass der Neoliberalismus viel potenziellen Widerstandswillen in der Bev\u00f6lkerung eliminiert hat. Die Corona-Episode zeigt das sehr deutlich. Immer, wenn man denken konnte, dass die n\u00e4chste Eskalationsstufe das sprichw\u00f6rtliche Fass zum \u00dcberlaufen bringen m\u00fcsste, reagierte die Bev\u00f6lkerung anders als gedacht. Selbst die absurdesten Ma\u00dfnahmen wurden akzeptiert, teilweise steigerten Teile der Bev\u00f6lkerung sie in vorauseilendem Gehorsam sogar von sich aus. Noch heute sieht man \u2013 und das gar nicht so selten\u2013 Menschen auf Fahrr\u00e4dern oder im Wald einsam und allein Masken tragen, die &#8220;ganz Harten&#8221; gehen sogar mit Maske schwimmen.<\/p>\n<p>Nun ist die Bereitschaft, Ma\u00dfnahmen mitzutragen, deren Sinnlosigkeit l\u00e4ngst belegt ist, zum einen eine Sache der Informationen. Wer sich einseitig informiert und ausschlie\u00dflich auf die \u00dcberbringung der Nachrichten durch die Mainstreammedien setzt, erh\u00e4lt ein unvollst\u00e4ndiges, ein verzerrtes Bild, das viele Aspekte, die wichtig w\u00e4ren, ausblendet bzw. nicht zul\u00e4sst oder gleich als &#8220;Fake News&#8221; und &#8220;Verschw\u00f6rungstheorie&#8221; diffamiert. Hier ist \u2013 da das Versagen der etablierten Medien breitfl\u00e4chig und offensichtlich ist \u2013 die Medienkompetenz der Nutzer gefragt. Wer sich auf die gro\u00dfen, bekannten Quellen verl\u00e4sst, findet sich in einer W\u00fcste aus Manipulation, L\u00fcgen, Lobbyismus und einem massiven Weglassen wieder.<\/p>\n<p>Neben der Information spielt jedoch zum anderen die individuelle Angst eine entscheidende Rolle. Sie wurde im Zuge der Corona-Politik massiv ausgebaut, unter der Frage nach Leben und Tod ging gar nichts, man musste sich f\u00fcr eines von beidem entscheiden, und wer den vermeintlichen &#8220;Tod&#8221; w\u00e4hlte, war in jeder Hinsicht auf der falschen Seite. Zum einen erhielt er die Aussicht auf einen baldigen Tod, qualvoll und allein. Zum anderen wurde die Angst gesch\u00fcrt, mit der falschen Ansicht nicht mehr vollwertiges Mitglied der Gesellschaft zu sein, einer Gesellschaft, in der Solidarit\u00e4t zu einem Kampfbegriff geworden ist, der missbraucht wird, um unsolidarische Politik zu rechtfertigen.<\/p>\n<p>Die Angst, die im Zuge der Corona-Episode in der Bev\u00f6lkerung aufgebaut wurde, ist nicht zu untersch\u00e4tzen, zumal sie r\u00fccksichtslos und ohne Empathie mit jedem Tag gesteigert wird. Schon jetzt, im Sommer, vermischen sich bereits die \u00c4ngste vor den Folgen der Russland-Politik mit denen der schon jetzt kommunizierten aufkommenden Corona-Ma\u00dfnahmen. Der B\u00fcrger kann sich drehen und wenden, wie er will, er sieht \u00fcberall nur Schlimmes, Be\u00e4ngstigendes, das seinen psychischen Zustand bestimmt. Das f\u00fchrt nicht nur zu einer Schw\u00e4chung des Immunsystems, das auf derlei Angsterzeugung mit reduzierter Widerstandskraft reagiert. Es bl\u00e4ht das Gef\u00fchl der Unsicherheit, der Angst und der kontinuierlichen Sorge vor dem, was folgen wird, auf ein nur schwer zu ertragendes Ma\u00df auf.<\/p>\n<p><strong>Unterwerfung als letzter Versuch<\/strong><\/p>\n<p>Wie oben schon erw\u00e4hnt, h\u00e4ngt es von der Politik ab, ob Aufst\u00e4nde eine realistische Option sind, mit denen man rechnen muss. Sollte es nicht irgendeine Form des politischen Gegensteuerns geben und die Verzweiflung der B\u00fcrger eine kritische Gr\u00f6\u00dfe erreichen, werden Volksaufst\u00e4nde kaum zu vermeiden sein. Es h\u00e4ngt also von der Eskalationsbereitschaft der Bundesregierung ab, ob ab einem gewissen Leidenspunkt b\u00fcrgerkriegs\u00e4hnliche Zust\u00e4nde noch vermeidbar sind oder nicht. Aufgrund der gef\u00e4hrlichen Selbstsicherheit f\u00fchrender Politiker muss man ernsthafte Zweifel daran haben, dass sie die Gefahr sinnvoll und weitsichtig einsch\u00e4tzen.<\/p>\n<p>Davon ausgehend, dass die Politik ihrer Verantwortung nicht nachkommt und die weitere Eskalation in Form eines wirtschaftlichen Desasters zul\u00e4sst, das einen Gro\u00dfteil deutscher Privathaushalte und Unternehmen in den Zustand existenzieller Bedrohung versetzt, wird sich Widerstand formieren. Die Frage wird dann sein, wie schnell er entstehen und wie schnell er wachsen wird.<\/p>\n<p>Ist dieser Punkt erreicht, wird es zu einem Wettlauf kommen. Die Politik wird in diesem Falle so schnell und so drastisch wie m\u00f6glich den Widerstand im Keim ersticken m\u00fcssen. Dies wird vermutlich durch massive und gewaltt\u00e4tige Eins\u00e4tze der Polizei (und wom\u00f6glich der Bundeswehr) geschehen, um weitere potenzielle Teilnehmer abzuschrecken. Es wird aber in noch viel gr\u00f6\u00dferem Ma\u00dfe mit Hilfe der Medien organisiert werden, die beim Diffamieren, dem Aufbau von Feindbildern und der Verf\u00e4lschung von Fakten bereits jede Menge \u00dcbung haben.<\/p>\n<p>Kommen wir zum Schluss noch einmal auf die Mischung aus \u00c4ngsten und der deutschen Mentalit\u00e4t zur\u00fcck. Beides zusammen kann und wird die Widerstandskraft wohl erheblich schw\u00e4chen. Eine standhafte Menge von B\u00fcrgern wird den Druck aushalten, wird sich am Widerstand nicht hindern lassen und\/oder erhebliche Repressionen \u00fcber sich ergehen lassen (m\u00fcssen).<\/p>\n<p>F\u00fcr den Rest \u2013 und die alles entscheidende Frage ist, wie zahlreich dieser sein wird \u2013 wird die Unterwerfung die einzige M\u00f6glichkeit sein, mit der Krise umzugehen. Um Widerstand leisten zu k\u00f6nnen, ist mehr als nur Leidensdruck notwendig. Es geh\u00f6rt auch eine gewisse Pers\u00f6nlichkeit dazu, eine, die innere Kampfeslust entwickelt und daran glaubt, f\u00fcr eine gute Sache zu k\u00e4mpfen. Diese zwingend n\u00f6tige innere \u00dcberzeugung ist bei vielen Menschen im Laufe der letzten Jahrzehnte verlorengegangen.<\/p>\n<p>Es bleibt zu hoffen, dass es weder zu Volksaufst\u00e4nden noch zur Unterwerfung kommen wird.<\/p>\n<p><strong>Mehr zum Thema<\/strong> &#8211; <a rel=\"nofollow noopener\" target=\"_blank\" href=\"https:\/\/rtde.site\/inland\/143751-wegen-gasnotstand-verfassungsschutz-warnt-vor\/\">&#8220;Hei\u00dfer Herbst&#8221;? Verfassungsschutz warnt vor gro\u00dfen Demonstrationen und Gewalt<\/a><\/p>\n<p><br \/>\n<br \/><a href=\"https:\/\/de.rt.com\/meinung\/144354-volksaufstande-oder-unterwerfung-wie-werden\/\">Source link <\/a><\/p>\n","protected":false},"excerpt":{"rendered":"<p>von Tom J. Wellbrock Wann es anfing, ist schwer zu sagen, wann wir also unsere Freiheit bereitwillig abgegeben haben. Ganz sicher allerdings hatte der Beginn des Neoliberalismus unter Gerhard Schr\u00f6der (SPD) erheblichen Einfluss auf die Bereitschaft, die eigene Freiheit in die H\u00e4nde anderer zu legen. Dabei mag widerspr\u00fcchlich wirken, dass ausgerechnet die Denkrichtung, laut derer [&hellip;]<\/p>\n","protected":false},"author":3,"featured_media":15031,"comment_status":"open","ping_status":"open","sticky":false,"template":"","format":"standard","meta":{"wp_automatic_camp":["217"],"645173805269f5c179c176117c4e0729":["Volksaufst\u00e4nde oder Unterwerfung \u2013 wie werden die Deutschen im Herbst reagieren?"],"original_link":["https:\/\/de.rt.com\/meinung\/144354-volksaufstande-oder-unterwerfung-wie-werden\/"],"_thumbnail_id":["15031"],"_wptg_p2tg_sent2tg":["2022-07-26 06:24:14"],"jnews_social_counter_last_update":["1777334259"]},"categories":[19,23],"tags":[577,45,529,268,535,29240,29239,1040,579],"yoast_head":"<!-- This site is optimized with the Yoast SEO Premium plugin v22.7 (Yoast SEO v22.7) - https:\/\/yoast.com\/wordpress\/plugins\/seo\/ -->\n<title>Volksaufst\u00e4nde oder Unterwerfung \u2013 wie werden die Deutschen im Herbst reagieren? - just-now.NEWS Deutschland<\/title>\n<meta name=\"robots\" content=\"index, follow, max-snippet:-1, max-image-preview:large, max-video-preview:-1\" \/>\n<link rel=\"canonical\" href=\"https:\/\/now-news.de\/de\/deutschland\/volksaufstaende-oder-unterwerfung-wie-werden-die-deutschen-im-herbst-reagieren\/\" \/>\n<meta property=\"og:locale\" content=\"de_DE\" \/>\n<meta property=\"og:type\" content=\"article\" \/>\n<meta property=\"og:title\" content=\"Volksaufst\u00e4nde oder Unterwerfung \u2013 wie werden die Deutschen im Herbst reagieren?\" \/>\n<meta property=\"og:description\" content=\"von Tom J. Wellbrock Wann es anfing, ist schwer zu sagen, wann wir also unsere Freiheit bereitwillig abgegeben haben. Ganz sicher allerdings hatte der Beginn des Neoliberalismus unter Gerhard Schr\u00f6der (SPD) erheblichen Einfluss auf die Bereitschaft, die eigene Freiheit in die H\u00e4nde anderer zu legen. Dabei mag widerspr\u00fcchlich wirken, dass ausgerechnet die Denkrichtung, laut derer [&hellip;]\" \/>\n<meta property=\"og:url\" content=\"https:\/\/now-news.de\/de\/deutschland\/volksaufstaende-oder-unterwerfung-wie-werden-die-deutschen-im-herbst-reagieren\/\" \/>\n<meta property=\"og:site_name\" content=\"just-now.NEWS Deutschland\" \/>\n<meta property=\"article:publisher\" content=\"https:\/\/www.facebook.com\/wirmachenauf\" \/>\n<meta property=\"article:published_time\" content=\"2022-07-26T04:15:00+00:00\" \/>\n<meta property=\"og:image\" content=\"https:\/\/now-news.de\/de\/wp-content\/uploads\/sites\/3\/2022\/07\/Volksaufstaende-oder-Unterwerfung-\u2013-wie-werden-die-Deutschen-im-Herbst.jpg\" \/>\n\t<meta property=\"og:image:width\" content=\"460\" \/>\n\t<meta property=\"og:image:height\" content=\"259\" \/>\n\t<meta property=\"og:image:type\" content=\"image\/jpeg\" \/>\n<meta name=\"author\" content=\"rtnews\" \/>\n<meta name=\"twitter:card\" content=\"summary_large_image\" \/>\n<meta name=\"twitter:creator\" content=\"@WirMachenAuf_de\" \/>\n<meta name=\"twitter:site\" content=\"@WirMachenAuf_de\" \/>\n<meta name=\"twitter:label1\" content=\"Verfasst von\" \/>\n\t<meta name=\"twitter:data1\" content=\"rtnews\" \/>\n\t<meta name=\"twitter:label2\" content=\"Gesch\u00e4tzte Lesezeit\" \/>\n\t<meta name=\"twitter:data2\" content=\"7\u00a0Minuten\" \/>\n<script type=\"application\/ld+json\" class=\"yoast-schema-graph\">{\"@context\":\"https:\/\/schema.org\",\"@graph\":[{\"@type\":\"Article\",\"@id\":\"https:\/\/now-news.de\/de\/deutschland\/volksaufstaende-oder-unterwerfung-wie-werden-die-deutschen-im-herbst-reagieren\/#article\",\"isPartOf\":{\"@id\":\"https:\/\/now-news.de\/de\/deutschland\/volksaufstaende-oder-unterwerfung-wie-werden-die-deutschen-im-herbst-reagieren\/\"},\"author\":{\"name\":\"rtnews\",\"@id\":\"https:\/\/now-news.de\/de\/#\/schema\/person\/fb534a4e865501d8b3285208df34a9b5\"},\"headline\":\"Volksaufst\u00e4nde oder Unterwerfung \u2013 wie werden die Deutschen im Herbst reagieren?\",\"datePublished\":\"2022-07-26T04:15:00+00:00\",\"dateModified\":\"2022-07-26T04:15:00+00:00\",\"mainEntityOfPage\":{\"@id\":\"https:\/\/now-news.de\/de\/deutschland\/volksaufstaende-oder-unterwerfung-wie-werden-die-deutschen-im-herbst-reagieren\/\"},\"wordCount\":1387,\"commentCount\":0,\"publisher\":{\"@id\":\"https:\/\/now-news.de\/de\/#organization\"},\"image\":{\"@id\":\"https:\/\/now-news.de\/de\/deutschland\/volksaufstaende-oder-unterwerfung-wie-werden-die-deutschen-im-herbst-reagieren\/#primaryimage\"},\"thumbnailUrl\":\"https:\/\/now-news.de\/de\/wp-content\/uploads\/sites\/3\/2022\/07\/Volksaufstaende-oder-Unterwerfung-\u2013-wie-werden-die-Deutschen-im-Herbst.jpg\",\"keywords\":[\"Deutschen\",\"die\",\"Herbst\",\"oder\",\"reagieren\",\"Unterwerfung\",\"Volksaufst\u00e4nde\",\"Werden\",\"Wie\"],\"articleSection\":[\"Deutschland\",\"Russland\"],\"inLanguage\":\"de\",\"potentialAction\":[{\"@type\":\"CommentAction\",\"name\":\"Comment\",\"target\":[\"https:\/\/now-news.de\/de\/deutschland\/volksaufstaende-oder-unterwerfung-wie-werden-die-deutschen-im-herbst-reagieren\/#respond\"]}]},{\"@type\":\"WebPage\",\"@id\":\"https:\/\/now-news.de\/de\/deutschland\/volksaufstaende-oder-unterwerfung-wie-werden-die-deutschen-im-herbst-reagieren\/\",\"url\":\"https:\/\/now-news.de\/de\/deutschland\/volksaufstaende-oder-unterwerfung-wie-werden-die-deutschen-im-herbst-reagieren\/\",\"name\":\"Volksaufst\u00e4nde oder Unterwerfung \u2013 wie werden die Deutschen im Herbst reagieren? - just-now.NEWS Deutschland\",\"isPartOf\":{\"@id\":\"https:\/\/now-news.de\/de\/#website\"},\"primaryImageOfPage\":{\"@id\":\"https:\/\/now-news.de\/de\/deutschland\/volksaufstaende-oder-unterwerfung-wie-werden-die-deutschen-im-herbst-reagieren\/#primaryimage\"},\"image\":{\"@id\":\"https:\/\/now-news.de\/de\/deutschland\/volksaufstaende-oder-unterwerfung-wie-werden-die-deutschen-im-herbst-reagieren\/#primaryimage\"},\"thumbnailUrl\":\"https:\/\/now-news.de\/de\/wp-content\/uploads\/sites\/3\/2022\/07\/Volksaufstaende-oder-Unterwerfung-\u2013-wie-werden-die-Deutschen-im-Herbst.jpg\",\"datePublished\":\"2022-07-26T04:15:00+00:00\",\"dateModified\":\"2022-07-26T04:15:00+00:00\",\"breadcrumb\":{\"@id\":\"https:\/\/now-news.de\/de\/deutschland\/volksaufstaende-oder-unterwerfung-wie-werden-die-deutschen-im-herbst-reagieren\/#breadcrumb\"},\"inLanguage\":\"de\",\"potentialAction\":[{\"@type\":\"ReadAction\",\"target\":[\"https:\/\/now-news.de\/de\/deutschland\/volksaufstaende-oder-unterwerfung-wie-werden-die-deutschen-im-herbst-reagieren\/\"]}]},{\"@type\":\"ImageObject\",\"inLanguage\":\"de\",\"@id\":\"https:\/\/now-news.de\/de\/deutschland\/volksaufstaende-oder-unterwerfung-wie-werden-die-deutschen-im-herbst-reagieren\/#primaryimage\",\"url\":\"https:\/\/now-news.de\/de\/wp-content\/uploads\/sites\/3\/2022\/07\/Volksaufstaende-oder-Unterwerfung-\u2013-wie-werden-die-Deutschen-im-Herbst.jpg\",\"contentUrl\":\"https:\/\/now-news.de\/de\/wp-content\/uploads\/sites\/3\/2022\/07\/Volksaufstaende-oder-Unterwerfung-\u2013-wie-werden-die-Deutschen-im-Herbst.jpg\",\"width\":460,\"height\":259,\"caption\":\"Volksaufst\u00e4nde oder Unterwerfung \u2013 wie werden die Deutschen im Herbst reagieren?\"},{\"@type\":\"BreadcrumbList\",\"@id\":\"https:\/\/now-news.de\/de\/deutschland\/volksaufstaende-oder-unterwerfung-wie-werden-die-deutschen-im-herbst-reagieren\/#breadcrumb\",\"itemListElement\":[{\"@type\":\"ListItem\",\"position\":1,\"name\":\"Home\",\"item\":\"https:\/\/now-news.de\/de\/\"},{\"@type\":\"ListItem\",\"position\":2,\"name\":\"Volksaufst\u00e4nde oder Unterwerfung \u2013 wie werden die Deutschen im Herbst reagieren?\"}]},{\"@type\":\"WebSite\",\"@id\":\"https:\/\/now-news.de\/de\/#website\",\"url\":\"https:\/\/now-news.de\/de\/\",\"name\":\"just-now.NEWS Deutschland\",\"description\":\"Das Portal f\u00fcr unzensierte Nachrichten aus der Welt\",\"publisher\":{\"@id\":\"https:\/\/now-news.de\/de\/#organization\"},\"potentialAction\":[{\"@type\":\"SearchAction\",\"target\":{\"@type\":\"EntryPoint\",\"urlTemplate\":\"https:\/\/now-news.de\/de\/?s={search_term_string}\"},\"query-input\":\"required name=search_term_string\"}],\"inLanguage\":\"de\"},{\"@type\":\"Organization\",\"@id\":\"https:\/\/now-news.de\/de\/#organization\",\"name\":\"Just Now News\",\"url\":\"https:\/\/now-news.de\/de\/\",\"logo\":{\"@type\":\"ImageObject\",\"inLanguage\":\"de\",\"@id\":\"https:\/\/now-news.de\/de\/#\/schema\/logo\/image\/\",\"url\":\"http:\/\/just-now.news\/de\/wp-content\/uploads\/sites\/3\/2022\/04\/logo500x500.jpg\",\"contentUrl\":\"http:\/\/just-now.news\/de\/wp-content\/uploads\/sites\/3\/2022\/04\/logo500x500.jpg\",\"width\":500,\"height\":500,\"caption\":\"Just Now News\"},\"image\":{\"@id\":\"https:\/\/now-news.de\/de\/#\/schema\/logo\/image\/\"},\"sameAs\":[\"https:\/\/www.facebook.com\/wirmachenauf\",\"https:\/\/x.com\/WirMachenAuf_de\"]},{\"@type\":\"Person\",\"@id\":\"https:\/\/now-news.de\/de\/#\/schema\/person\/fb534a4e865501d8b3285208df34a9b5\",\"name\":\"rtnews\",\"image\":{\"@type\":\"ImageObject\",\"inLanguage\":\"de\",\"@id\":\"https:\/\/now-news.de\/de\/#\/schema\/person\/image\/\",\"url\":\"https:\/\/secure.gravatar.com\/avatar\/82aafea7d8127119dd649515f56e2117?s=96&d=mm&r=g\",\"contentUrl\":\"https:\/\/secure.gravatar.com\/avatar\/82aafea7d8127119dd649515f56e2117?s=96&d=mm&r=g\",\"caption\":\"rtnews\"},\"url\":\"https:\/\/now-news.de\/de\/author\/rnews\/\"}]}<\/script>\n<!-- \/ Yoast SEO Premium plugin. -->","yoast_head_json":{"title":"Volksaufst\u00e4nde oder Unterwerfung \u2013 wie werden die Deutschen im Herbst reagieren? - just-now.NEWS Deutschland","robots":{"index":"index","follow":"follow","max-snippet":"max-snippet:-1","max-image-preview":"max-image-preview:large","max-video-preview":"max-video-preview:-1"},"canonical":"https:\/\/now-news.de\/de\/deutschland\/volksaufstaende-oder-unterwerfung-wie-werden-die-deutschen-im-herbst-reagieren\/","og_locale":"de_DE","og_type":"article","og_title":"Volksaufst\u00e4nde oder Unterwerfung \u2013 wie werden die Deutschen im Herbst reagieren?","og_description":"von Tom J. Wellbrock Wann es anfing, ist schwer zu sagen, wann wir also unsere Freiheit bereitwillig abgegeben haben. Ganz sicher allerdings hatte der Beginn des Neoliberalismus unter Gerhard Schr\u00f6der (SPD) erheblichen Einfluss auf die Bereitschaft, die eigene Freiheit in die H\u00e4nde anderer zu legen. Dabei mag widerspr\u00fcchlich wirken, dass ausgerechnet die Denkrichtung, laut derer [&hellip;]","og_url":"https:\/\/now-news.de\/de\/deutschland\/volksaufstaende-oder-unterwerfung-wie-werden-die-deutschen-im-herbst-reagieren\/","og_site_name":"just-now.NEWS Deutschland","article_publisher":"https:\/\/www.facebook.com\/wirmachenauf","article_published_time":"2022-07-26T04:15:00+00:00","og_image":[{"width":460,"height":259,"url":"https:\/\/now-news.de\/de\/wp-content\/uploads\/sites\/3\/2022\/07\/Volksaufstaende-oder-Unterwerfung-\u2013-wie-werden-die-Deutschen-im-Herbst.jpg","type":"image\/jpeg"}],"author":"rtnews","twitter_card":"summary_large_image","twitter_creator":"@WirMachenAuf_de","twitter_site":"@WirMachenAuf_de","twitter_misc":{"Verfasst von":"rtnews","Gesch\u00e4tzte Lesezeit":"7\u00a0Minuten"},"schema":{"@context":"https:\/\/schema.org","@graph":[{"@type":"Article","@id":"https:\/\/now-news.de\/de\/deutschland\/volksaufstaende-oder-unterwerfung-wie-werden-die-deutschen-im-herbst-reagieren\/#article","isPartOf":{"@id":"https:\/\/now-news.de\/de\/deutschland\/volksaufstaende-oder-unterwerfung-wie-werden-die-deutschen-im-herbst-reagieren\/"},"author":{"name":"rtnews","@id":"https:\/\/now-news.de\/de\/#\/schema\/person\/fb534a4e865501d8b3285208df34a9b5"},"headline":"Volksaufst\u00e4nde oder Unterwerfung \u2013 wie werden die Deutschen im Herbst reagieren?","datePublished":"2022-07-26T04:15:00+00:00","dateModified":"2022-07-26T04:15:00+00:00","mainEntityOfPage":{"@id":"https:\/\/now-news.de\/de\/deutschland\/volksaufstaende-oder-unterwerfung-wie-werden-die-deutschen-im-herbst-reagieren\/"},"wordCount":1387,"commentCount":0,"publisher":{"@id":"https:\/\/now-news.de\/de\/#organization"},"image":{"@id":"https:\/\/now-news.de\/de\/deutschland\/volksaufstaende-oder-unterwerfung-wie-werden-die-deutschen-im-herbst-reagieren\/#primaryimage"},"thumbnailUrl":"https:\/\/now-news.de\/de\/wp-content\/uploads\/sites\/3\/2022\/07\/Volksaufstaende-oder-Unterwerfung-\u2013-wie-werden-die-Deutschen-im-Herbst.jpg","keywords":["Deutschen","die","Herbst","oder","reagieren","Unterwerfung","Volksaufst\u00e4nde","Werden","Wie"],"articleSection":["Deutschland","Russland"],"inLanguage":"de","potentialAction":[{"@type":"CommentAction","name":"Comment","target":["https:\/\/now-news.de\/de\/deutschland\/volksaufstaende-oder-unterwerfung-wie-werden-die-deutschen-im-herbst-reagieren\/#respond"]}]},{"@type":"WebPage","@id":"https:\/\/now-news.de\/de\/deutschland\/volksaufstaende-oder-unterwerfung-wie-werden-die-deutschen-im-herbst-reagieren\/","url":"https:\/\/now-news.de\/de\/deutschland\/volksaufstaende-oder-unterwerfung-wie-werden-die-deutschen-im-herbst-reagieren\/","name":"Volksaufst\u00e4nde oder Unterwerfung \u2013 wie werden die Deutschen im Herbst reagieren? - just-now.NEWS Deutschland","isPartOf":{"@id":"https:\/\/now-news.de\/de\/#website"},"primaryImageOfPage":{"@id":"https:\/\/now-news.de\/de\/deutschland\/volksaufstaende-oder-unterwerfung-wie-werden-die-deutschen-im-herbst-reagieren\/#primaryimage"},"image":{"@id":"https:\/\/now-news.de\/de\/deutschland\/volksaufstaende-oder-unterwerfung-wie-werden-die-deutschen-im-herbst-reagieren\/#primaryimage"},"thumbnailUrl":"https:\/\/now-news.de\/de\/wp-content\/uploads\/sites\/3\/2022\/07\/Volksaufstaende-oder-Unterwerfung-\u2013-wie-werden-die-Deutschen-im-Herbst.jpg","datePublished":"2022-07-26T04:15:00+00:00","dateModified":"2022-07-26T04:15:00+00:00","breadcrumb":{"@id":"https:\/\/now-news.de\/de\/deutschland\/volksaufstaende-oder-unterwerfung-wie-werden-die-deutschen-im-herbst-reagieren\/#breadcrumb"},"inLanguage":"de","potentialAction":[{"@type":"ReadAction","target":["https:\/\/now-news.de\/de\/deutschland\/volksaufstaende-oder-unterwerfung-wie-werden-die-deutschen-im-herbst-reagieren\/"]}]},{"@type":"ImageObject","inLanguage":"de","@id":"https:\/\/now-news.de\/de\/deutschland\/volksaufstaende-oder-unterwerfung-wie-werden-die-deutschen-im-herbst-reagieren\/#primaryimage","url":"https:\/\/now-news.de\/de\/wp-content\/uploads\/sites\/3\/2022\/07\/Volksaufstaende-oder-Unterwerfung-\u2013-wie-werden-die-Deutschen-im-Herbst.jpg","contentUrl":"https:\/\/now-news.de\/de\/wp-content\/uploads\/sites\/3\/2022\/07\/Volksaufstaende-oder-Unterwerfung-\u2013-wie-werden-die-Deutschen-im-Herbst.jpg","width":460,"height":259,"caption":"Volksaufst\u00e4nde oder Unterwerfung \u2013 wie werden die Deutschen im Herbst reagieren?"},{"@type":"BreadcrumbList","@id":"https:\/\/now-news.de\/de\/deutschland\/volksaufstaende-oder-unterwerfung-wie-werden-die-deutschen-im-herbst-reagieren\/#breadcrumb","itemListElement":[{"@type":"ListItem","position":1,"name":"Home","item":"https:\/\/now-news.de\/de\/"},{"@type":"ListItem","position":2,"name":"Volksaufst\u00e4nde oder Unterwerfung \u2013 wie werden die Deutschen im Herbst reagieren?"}]},{"@type":"WebSite","@id":"https:\/\/now-news.de\/de\/#website","url":"https:\/\/now-news.de\/de\/","name":"just-now.NEWS Deutschland","description":"Das Portal f\u00fcr unzensierte Nachrichten aus der Welt","publisher":{"@id":"https:\/\/now-news.de\/de\/#organization"},"potentialAction":[{"@type":"SearchAction","target":{"@type":"EntryPoint","urlTemplate":"https:\/\/now-news.de\/de\/?s={search_term_string}"},"query-input":"required name=search_term_string"}],"inLanguage":"de"},{"@type":"Organization","@id":"https:\/\/now-news.de\/de\/#organization","name":"Just Now News","url":"https:\/\/now-news.de\/de\/","logo":{"@type":"ImageObject","inLanguage":"de","@id":"https:\/\/now-news.de\/de\/#\/schema\/logo\/image\/","url":"http:\/\/just-now.news\/de\/wp-content\/uploads\/sites\/3\/2022\/04\/logo500x500.jpg","contentUrl":"http:\/\/just-now.news\/de\/wp-content\/uploads\/sites\/3\/2022\/04\/logo500x500.jpg","width":500,"height":500,"caption":"Just Now News"},"image":{"@id":"https:\/\/now-news.de\/de\/#\/schema\/logo\/image\/"},"sameAs":["https:\/\/www.facebook.com\/wirmachenauf","https:\/\/x.com\/WirMachenAuf_de"]},{"@type":"Person","@id":"https:\/\/now-news.de\/de\/#\/schema\/person\/fb534a4e865501d8b3285208df34a9b5","name":"rtnews","image":{"@type":"ImageObject","inLanguage":"de","@id":"https:\/\/now-news.de\/de\/#\/schema\/person\/image\/","url":"https:\/\/secure.gravatar.com\/avatar\/82aafea7d8127119dd649515f56e2117?s=96&d=mm&r=g","contentUrl":"https:\/\/secure.gravatar.com\/avatar\/82aafea7d8127119dd649515f56e2117?s=96&d=mm&r=g","caption":"rtnews"},"url":"https:\/\/now-news.de\/de\/author\/rnews\/"}]}},"_links":{"self":[{"href":"https:\/\/now-news.de\/de\/wp-json\/wp\/v2\/posts\/15030"}],"collection":[{"href":"https:\/\/now-news.de\/de\/wp-json\/wp\/v2\/posts"}],"about":[{"href":"https:\/\/now-news.de\/de\/wp-json\/wp\/v2\/types\/post"}],"author":[{"embeddable":true,"href":"https:\/\/now-news.de\/de\/wp-json\/wp\/v2\/users\/3"}],"replies":[{"embeddable":true,"href":"https:\/\/now-news.de\/de\/wp-json\/wp\/v2\/comments?post=15030"}],"version-history":[{"count":0,"href":"https:\/\/now-news.de\/de\/wp-json\/wp\/v2\/posts\/15030\/revisions"}],"wp:featuredmedia":[{"embeddable":true,"href":"https:\/\/now-news.de\/de\/wp-json\/wp\/v2\/media\/15031"}],"wp:attachment":[{"href":"https:\/\/now-news.de\/de\/wp-json\/wp\/v2\/media?parent=15030"}],"wp:term":[{"taxonomy":"category","embeddable":true,"href":"https:\/\/now-news.de\/de\/wp-json\/wp\/v2\/categories?post=15030"},{"taxonomy":"post_tag","embeddable":true,"href":"https:\/\/now-news.de\/de\/wp-json\/wp\/v2\/tags?post=15030"}],"curies":[{"name":"wp","href":"https:\/\/api.w.org\/{rel}","templated":true}]}}