{"id":14956,"date":"2022-07-25T11:41:01","date_gmt":"2022-07-25T09:41:01","guid":{"rendered":"http:\/\/just-now.news\/de\/deutschland\/unser-gehirn-als-wirklichkeitsgenerator-warum-wir-denken-was-wir-glauben\/"},"modified":"2022-07-25T11:41:01","modified_gmt":"2022-07-25T09:41:01","slug":"unser-gehirn-als-wirklichkeitsgenerator-warum-wir-denken-was-wir-glauben","status":"publish","type":"post","link":"https:\/\/now-news.de\/de\/deutschland\/unser-gehirn-als-wirklichkeitsgenerator-warum-wir-denken-was-wir-glauben\/","title":{"rendered":"Unser Gehirn als Wirklichkeitsgenerator \u2013 Warum wir denken, was wir glauben"},"content":{"rendered":"<div class=\"Text-root Text-type_1 \">\n                Der Psychologieprofessor Dr. Harald Walach erkl\u00e4rt, welche neurologischen, psychologischen und soziologischen Faktoren die &#8220;Konstruktion der Wirklichkeit&#8221; beeinflussen. Anhand vieler Beispiele zeigt er, welche Rolle diese Art der Wirklichkeits-Konstruktion in der Coronakrise spielt.\n            <\/div>\n<p><\/p>\n<div class=\"Text-root Text-type_5 ArticleView-text ViewText-root \">\n<p>Auf dem Kongress &#8220;Corona. Die Inszenierung einer Krise&#8221; der Neuen Gesellschaft f\u00fcr Psychologie pr\u00e4sentierte Prof. Dr. Harald Walach seine Erkenntnisse zum Thema &#8220;Die Coronakrise, die soziale Konstruktion von Fakten und ihre Konsequenzen&#8221;. Dabei erkl\u00e4rte er zum einen, wie der Mensch aufgrund der Funktionsweise seines Gehirns bei der Wahrnehmung der Au\u00dfenwelt seine individuelle &#8220;Wirklichkeit&#8221; konstruiert. Und er stellte dar, welche Methoden auf gesellschaftlicher Ebene einen &#8220;geschlossenen Narrativkosmos&#8221; schaffen. Im Interview mit RT erkl\u00e4rt er, wie sich individuelle neurologische Gehirnfunktionen und soziologische Mechanismen ganz praktisch auf das Denken und Verhalten von Menschen auswirken k\u00f6nnen. Wie sich diese Mechanismen in der Coronakrise praktisch auswirkten, wurde in seinem Vortrag deutlich.<\/p>\n<p><strong>RT DE: Herr Dr. Walach, zu Beginn Ihrer Pr\u00e4sentation auf dem NGfP-Kongress befragten sie die Teilnehmer nach ihrer Einsch\u00e4tzung, wieviel Energie das menschliche Gehirn wohl f\u00fcr die Verarbeitung von Au\u00dfenreizen verwenden w\u00fcrde. Kaum jemand h\u00e4tte angenommen, dass das menschliche Gehirn laut neurologischer Forschungen nur 5 % des Energieverbrauchs f\u00fcr die Verarbeitung von Au\u00dfenreizen einsetzt. Wof\u00fcr werden denn 95 % der Energie verwendet und was bedeutet das f\u00fcr unsere Wahrnehmung?<\/strong><\/p>\n<p><strong>Dr. Harald Walach:<\/strong> &#8220;Das Gehirn besch\u00e4ftigt sich vor allem damit, eine konsistente Sicht der Wirklichkeit zu erzeugen.&#8221;<\/p>\n<blockquote>\n<p><em>&#8220;Eigentlich ist das Gehirn eher ein Wirklichkeitsgenerator als ein Fotoapparat, der die Wirklichkeit so abbildet, wie sie ist.&#8221;<\/em><\/p>\n<\/blockquote>\n<p>&#8220;Das Gehirn baut sich die Wirklichkeit aufgrund von Erfahrung und Erwartung auf. Und nur das, was diesem Bild strikt zuwiderl\u00e4uft, einen sehr starken Reiz darstellt und nicht in das bereits bestehende Wirklichkeitsverst\u00e4ndnis eingebaut werden kann, wird wirklich wahrgenommen. Das f\u00fchrt dazu, dass wir mit zunehmendem Alter und wachsender Erfahrung anf\u00e4llig daf\u00fcr werden, nicht mehr genau hinzusehen, nicht mehr richtig wahrzunehmen, weil ja ohnehin klar ist, was passiert&#8230; nil novum sub sole, nichts Neues unter der Sonne. Oder des &#8220;Kaisers neue Kleider&#8221;: Wer dazugeh\u00f6ren will, nimmt wahr, was alle wahrnehmen. Nur das Kind, das genau hinschaut, erkennt die Nacktheit des Kaisers.&#8221;<\/p>\n<p><strong>RT DE: In Ihrem Vortrag sprachen Sie auch dar\u00fcber, dass alle Au\u00dfenreize im menschlichen Gehirn als erstes in der Amygdala auf ihren affektiven Gehalt hin gepr\u00fcft werden. Erst nach dem der Reiz emotional &#8220;gecheckt&#8221; wurde, wird er an die h\u00f6heren Gehirnzentren weitergeleitet. K\u00f6nnten Sie erkl\u00e4ren, wie sich dieser Mechanismus auf das menschliche Verhalten auswirkt?<\/strong><\/p>\n<p><strong>Dr. Harald Walach:<\/strong> &#8220;Die neuronale Anatomie, die sich \u00fcber Jahrmillionen in der Evolution herausgebildet hat, hat dazu gef\u00fchrt, dass alle hereinkommenden Sinnesreize aus dem Geh\u00f6r, den Augen, dem Geschmack und dem Tastsinn zun\u00e4chst eine direkte Verbindung zu diesen paarig angelegten neuronalen Kernen im Zwischenhirn hat. Weil sie die Form und Gr\u00f6\u00dfe einer Mandel haben, nennt man sie &#8220;Amygdalen&#8221;, denn Amygdala hei\u00dft auf griechisch &#8220;Mandel&#8221;. Die Aufgabe dieser Kerne ist es, alle ankommenden Reize auf ihre emotionale Bedeutung hin zu pr\u00fcfen. Dieser &#8220;Bedrohungsfilter&#8221; f\u00fchrt eine extrem rasche Gefahrenanalyse durch und signalisiert entsprechend &#8220;Gefahr&#8221; oder &#8220;Sicherheit&#8221; bei jedem ankommendem Wahrnehmungsreiz, noch bevor wir \u00fcberhaupt den Reiz in seiner Form, Bedeutung oder seinem Inhalt analysieren k\u00f6nnen. Dies geschieht im Bereich von Millisekunden, ist ein vorbewusster Analyseprozess, den wir nicht beeinflussen k\u00f6nnen und der dann das Wahrgenommene affektiv pr\u00e4gt.<\/p>\n<figure class=\"RTImage-root\">\n<div class=\"RTImage-image RTImage-original\"><picture class=\"Picture-root Picture-original\"><!--[if IE 9]><video style=\"display: none;\"><![endif]--><source media=\"(-webkit-min-device-pixel-ratio: 2) and (min-resolution: 120dpi)\" data-srcset=\" \nhttp:\/\/just-now.news\/de\/wp-content\/uploads\/sites\/3\/2022\/07\/62dac9cc48fbef09b2638522.JPG 850w,\n                http:\/\/just-now.news\/de\/wp-content\/uploads\/sites\/3\/2022\/07\/62dac9cc48fbef09b2638521.JPG 1960w,\n            \" ><source data-srcset=\" \nhttp:\/\/just-now.news\/de\/wp-content\/uploads\/sites\/3\/2022\/07\/62dac9cc48fbef09b2638522.JPG 460w,\n              http:\/\/just-now.news\/de\/wp-content\/uploads\/sites\/3\/2022\/07\/62dac9cc48fbef09b2638521.JPG 980w,\n            \" ><!--[if IE 9]><\/video><![endif]--><img decoding=\"async\" data- src=\"data:image\/png;base64,iVBORw0KGgoAAAANSUhEUgAAABAAAAAJCAQAAACRI2S5AAAAEElEQVR42mNkIAAYRxWAAQAG9gAKqv6+AwAAAABJRU5ErkJggg==\" class=\"Picture-root Picture-original lazyload\" data-src=\"http:\/\/just-now.news\/de\/wp-content\/uploads\/sites\/3\/2022\/07\/62dac9cc48fbef09b2638522.JPG\" alt=\"\"><\/source><\/source><\/picture><!-- noscript pattern --><noscript><img decoding=\"async\" src=\"http:\/\/just-now.news\/de\/wp-content\/uploads\/sites\/3\/2022\/07\/62dac9cc48fbef09b2638521.JPG\" alt=\"\"><\/noscript><\/div><figcaption class=\"RTImage-footer\"><span class=\"RTImage-caption\"><span class=\"RTImage-captionItem\">Prof. Dr. Harald Walach auf dem Kongress der NGfP Juli 2022<\/span><\/span><span class=\"RTImage-source\"><span class=\"RTImage-captionItem\">Felicitas Rabe<\/span><\/span><\/figcaption><\/figure>\n<p>Wir kennen dieses Ph\u00e4nomen aus eigener Anschauung: Wenn wir in der D\u00e4mmerung durch den Park laufen und sehen pl\u00f6tzlich einen gebogenen Zweig, auf den wir vielleicht treten und der sich dadurch bewegt, erschrecken wir unwillk\u00fcrlich. Unser Gefahrenanalysesystem, das durch die beiden Amygdalen vermittelt wird, hat &#8220;Gefahr&#8221; signalisiert, weil Form und Bewegung \u00c4hnlichkeit mit einer Schlange signalisieren und Schlangen evolution\u00e4r in uns verankerte Gefahrenreize sind. Darum haben wir selbst im Berliner Tiergarten, wo garantiert keine giftigen Schlangen vorkommen, Angst, aber keine Angst vor Autos (au\u00dfer wir hatten einmal einen Unfall), obwohl mehr Menschen durch Autos als durch Schlangen ums Leben kommen.&#8221;<\/p>\n<blockquote>\n<p><em>&#8220;Aus diesem Grunde wird unser Verhalten sehr viel mehr durch die Affekte gesteuert, die durch Wahrnehmungsreize ausgel\u00f6st werden, als durch die inhaltlich-vern\u00fcnftige Analyse.&#8221;<\/em><\/p>\n<\/blockquote>\n<p>&#8220;Die Werbung macht sich das zu Nutze. Auch wenn wir genau wissen, dass der Audi, den wir zu kaufen beabsichtigen weder die erotisch verf\u00fchrerische Frau als Beifahrerin enth\u00e4lt noch von uns in den Weiten einer menschenleeren Landschaft gefahren werden wird, so hat doch der affektive Gehalt eines solchen Werbebildes gro\u00dfen Einfluss auf unser Verhalten.&#8221;<\/p>\n<p><strong>RT DE: Gem\u00e4\u00df dieser Forschungsergebnisse k\u00f6nnte man zu dem Schluss kommen, dass &#8220;Realit\u00e4t&#8221; nur ein individuelles Konstrukt sei. Kann der Mensch mit so einem Gehirn \u00fcberhaupt eine objektive Realit\u00e4t erkennen, bzw. kann man sich unter diesen Umst\u00e4nden \u00fcberhaupt auf Fakten einigen?<\/strong><\/p>\n<p><strong>Dr. Harald Walach:<\/strong> &#8220;Ja, kann man, aber man muss sich dar\u00fcber im Klaren sein, dass dies ein sozialer Einigungsprozess ist. Das hat die Wissenschaftstheorie schon in den 30er Jahren des 20. Jahrhunderts festgestellt. Einer, der diesen Sachverhalt sehr klar gesehen hat, war der j\u00fcdische Arzt Ludwik Fleck aus Lemberg, der \u00fcber die Syphilis-Spiroch\u00e4ten geforscht hat und festgestellt hat, dass die Faktizit\u00e4t solcher mikroskopischer Forschung davon abh\u00e4ngt, welcher Ausbildung, welcher Sprachregelung und welcher Tradition Forscher folgen. Er pr\u00e4gte das Bonmot:&#8221;<\/p>\n<blockquote>\n<p><em>&#8220;Eine wissenschaftliche Tatsache ist die \u00dcbereinkunft, mit dem Denken aufzuh\u00f6ren.&#8221; <\/em><\/p>\n<\/blockquote>\n<p>&#8220;Daher sind &#8220;Fakten&#8221;, egal welcher Art, immer in gewisser Weise ein soziales Konstrukt. Nat\u00fcrlich haben sie einen echten, faktischen Kern. Aber die Bedeutungsgebung, die Einordnung, die Bewertung, Nutzung oder Ausbeutung, all das sind soziale Elemente der Wirklichkeitskonstruktion. Kernkraft zum Beispiel gab es schon immer. Sie ist eine der vier physikalischen Grundkr\u00e4fte. Wir haben als soziale Gemeinschaft durch die Erkenntnisse einiger theoretischer Physiker ihre Natur und Kraft ermittelt. Aber sie w\u00e4re vermutlich nie so rasch weiterbeforscht worden, h\u00e4tte nicht der amerikanische Pr\u00e4sident dem Schreiben Einsteins Glauben geschenkt, man m\u00fcsse alle Anstrengungen unternehmen, um diese Kraft in Form einer Bombe nutzbar machen, bevor es die Deutschen tun. Einstein wiederum lie\u00df sich zu diesem Brief durch einige Physikerkollegen \u00fcberreden. Und Roosevelt h\u00e4tte den Brief nie ernstgenommen, wenn er nicht von Einstein gekommen w\u00e4re, den er kannte; die anderen Physiker waren ihm unbeschriebene Bl\u00e4tter. Und erst durch diesen sozialen Prozess und die gr\u00f6\u00dfte materielle Investition in ein wissenschaftliches Projekt, die es jemals gab, wurde es m\u00f6glich, die Atombombe zu konstruieren, nicht zu vergessen die ca. 100.000 hochqualifizierten Wissenschaftler, die die Routinearbeiten daf\u00fcr leisteten. Nun kennen wir ein &#8220;Faktum&#8221; \u00fcber die Welt, aber ob und wie wir dieses Faktum nutzen, ist wiederum ein eminent sozialer Prozess. Bauen wir weiterhin Atombomben? \u00c4chten wir sie? Wird eine \u00c4chtung weltweit funktionieren? Sollten wir Atomenergie friedlich nutzen, oder ist das Risiko zu gro\u00df? Sollten wir sie erst dann nutzen, wenn wir wissen wohin mit dem Abfall? All das sind keine faktischen Fragen, sondern sozial-politische und Bewertungsfragen, die sozialen Diskurs erfordern.&#8221;<\/p>\n<blockquote>\n<p><em>&#8220;Sozialer Diskurs aber ist wiederum sehr anf\u00e4llig f\u00fcr Propaganda, die von Interessensgruppen gesteuert werden kann, die m\u00e4chtig genug sind und ausreichend Mittel haben. Und solche Propaganda funktioniert immer \u00fcber den Affekt, womit wir wieder beim Anfang der Geschichte w\u00e4ren.&#8221;<\/em><\/p>\n<\/blockquote>\n<p><strong>RT DE: Welche Bedeutung haben diese neurologischen Gehirnfunktionen Ihrer Meinung nach f\u00fcr die Wahrnehmung und das Verhalten von Menschen in der Coronakrise?<\/strong><\/p>\n<p><strong>Dr. Harald Walach:<\/strong> &#8220;Diese Einsichten gelten auch f\u00fcr die Coronakrise. Die mediale Wirklichkeit hat sehr rasch einen geschlossenen Kosmos erzeugt: Das Narrativ eines Killervirus, untermalt mit den S\u00e4rgen von Bergamo, die ikonographisch pr\u00e4gend wurden, oder einsamen Sterbenden auf Intensivstationen. Damit wurden Ur\u00e4ngste vor dem Tod und vor der Einsamkeit beschworen und die Wahrnehmung nicht nur des Einzelnen, sondern auch vieler Fachleute und der meisten Politiker auf Angst gepolt. Dadurch wurde die Realit\u00e4t der Corona-Pandemie verzerrt und in ihrer Gefahr \u00fcberbewertet. Beruhigende Sachverhalte wurden gar nicht erst aufgegriffen und also nicht wahrgenommen.&#8221;<\/p>\n<p><strong>RT DE: Neben diesen individuellen Wahrnehmungsmechanismen haben Sie auch gesellschaftliche (psychologische \/ soziologische) Methoden bei der Produktion eines geschlossenen Narritivkosmos vorgestellt. K\u00f6nnen Sie dazu die sogenannte &#8220;Actor-Netzwerk-Theorie&#8221; und ihre Relevanz f\u00fcr das Corona-Narrativ erl\u00e4utern?<\/strong><\/p>\n<p><strong>Dr. Harald Walach:<\/strong> &#8220;Die Actor-Netzwerk-Theorie wurde vor allem von Bruno Latour, einem franz\u00f6sischen Wissenschaftssoziologen und anderen entwickelt. Es ist eine aus meiner Sicht sehr kluge Modellbildung zum Verst\u00e4ndnis wie Wissenschaft und Erkenntnis funktionieren. Die wichtigste Einsicht dieser Theorie ist vielleicht,&#8221;<\/p>\n<blockquote>\n<p><em>&#8220;dass nicht ein Einzelner Fakten entdeckt wie Fallobst, das er aus der Wiese aufklaubt, sondern dass ein Wissenschaftler in einem sehr komplexen Netz eingebettet ist.&#8221;<\/em><\/p>\n<\/blockquote>\n<p>&#8220;Ein Aspekt ist die wissenschaftliche Gemeinschaft, der er angeh\u00f6rt. Ein anderer ist die \u00d6ffentlichkeit, vor allem in Form der Medien und m\u00e4chtiger Unterst\u00fctzer, heutzutage Forschungsf\u00f6rderer, zur Zeit des historischen Beispiels, n\u00e4mlich Pasteurs, waren es m\u00e4chtige Adelige und G\u00f6nner. Die Natur selber ist auch ein Akteur. Nur wenn man mit ihr richtig interagiert und die richtigen Fragen stellt, erh\u00e4lt man auch die richtigen oder brauchbaren Antworten. Pasteur gelang es, gegen den Widerstand der gesamten Mehrheit seiner Kollegen, der Keimtheorie der G\u00e4rung zum Durchbruch zu verhelfen, weil er es fertigbrachte, einige m\u00e4chtige Sponsoren unter den Adeligen auf seine Seite zu ziehen \u2013 sehr viel Klinkenputzen und Knief\u00e4lle in Salons und Abendgesellschaften. Au\u00dferdem hatte Pasteur gute Kontakte zur Presse, die sich als Sprachrohr zu Verf\u00fcgung stellten. All das h\u00e4tte ihm nichts genutzt, wenn seine Idee falsch gewesen w\u00e4re. Aber obwohl er Recht hatte und die G\u00e4rung tats\u00e4chlich durch Keime, in dem Fall Pilze, verursacht wird, h\u00e4tte ihm dies nicht geholfen, wenn er nicht das Geld f\u00fcr seine aufw\u00e4ndigen Expeditionen und die \u00d6ffentlichkeit f\u00fcr seine Befunde gehabt h\u00e4tte.<\/p>\n<p>Insofern, das ist die Einsicht des Actor-Netzwerk-Modelles der Wissenschaften, erschafft erst das gesamte Netzwerk ein sozial wirksames Faktum, das auch gesehen, geglaubt und ernstgenommen wird.&#8221;<\/p>\n<blockquote>\n<p><em>&#8220;In der Coronakrise wurde durch den einheitlichen Schulterschluss von medial aufgebauten wissenschaftlichen Fachleuten, durch die mediale Engf\u00fchrung des Angstnarratives, durch die hektische politische Reaktion auf diese \u00d6ffentlichkeit und schlie\u00dflich durch die gesetzlichen Regelungen des Ausnahmezustandes, die durch das Infektionsschutzgesetz juristische Rechtfertigung erhielten, eine neue Wirklichkeit erzeugt, die ja auch von manchen das &#8220;new normal&#8221;, die neue Normalit\u00e4t genannt wurde.&#8221;<\/em><\/p>\n<\/blockquote>\n<p>&#8220;Dazu geh\u00f6rt nat\u00fcrlich ein faktischer Kern: das Corona-Virus ist in der Tat f\u00fcr manche sehr gef\u00e4hrlich. Aber dieser Kern allein reicht nicht.<\/p>\n<p>Es w\u00e4re auch eine alternative Geschichte denkbar gewesen, die etwa die vielen hunderttausend Unterzeichner der Great Barrington Declaration, zu denen ich auch geh\u00f6re, vorgeschlagen haben: Man anerkennt den Kern, rahmt ihn aber anders, sch\u00fctzt die Gef\u00e4hrdeten sehr gut und l\u00e4sst den Rest in Ruhe. Vor allem verbreitet man keine permanenten Angstbotschaften, sondern l\u00e4sst alternative Sichtweisen im Diskurs zu, berichtet auch \u00fcber entspannende Fakten, etc.&#8221;<\/p>\n<p><strong>RT DE: Hinsichtlich wissenschaftlicher Forschung und Studienergebnisse gaben Sie zu Bedenken, dass echte Wissenschaft sich durch Langsamkeit auszeichnen w\u00fcrde und immer kontrovers sei. Wie begr\u00fcnden Sie das? Und inwiefern ist das f\u00fcr die Coronaforschung von Bedeutung?<\/strong><\/p>\n<p><strong>Dr. Harald Walach:<\/strong><\/p>\n<blockquote>\n<p><em>&#8220;Wissenschaft ist immer langsam. Denn Wissenschaft beruht auf Diskurs und Debatte, auf Behauptung und Kritik, auf Darstellung von Befunden und Gegenbefunden und dem gemeinschaftlichen Abw\u00e4gen. Das ist ein Prozess der lange dauern kann.&#8221;<\/em><\/p>\n<\/blockquote>\n<p>&#8220;In einem solchen Prozess ist oft rasch eine anscheinend richtige Mehrheitsmeinung gebildet. Einflussreiche Wissenschaftler springen auf den Zug auf. Bedenkentr\u00e4ger und Kritiker haben es dann schwer, in den m\u00e4chtigen Journalen Geh\u00f6r zu finden und m\u00fcssen in zweit- oder drittklassigen Journalen publizieren. Bis das dann geh\u00f6rt wird, vergeht eine Zeit.<\/p>\n<p>Historisches Beispiel: In den 50er Jahren brach ein Disput los, was schuld am Anstieg der koronaren Herzkrankheiten weltweit sei. Ancel Keys, ein amerikanischer Ern\u00e4hrungsphysiologe machte das Fett, vor allem ges\u00e4ttigte Fetts\u00e4uren verantwortlich. John Yudkin, ein britischer Epidemiologe, machte Zucker verantwortlich (dass Stress eine wichtige Rolle spielen k\u00f6nnte, der genauso wie Fett- und Zuckerkonsum angestiegen war, darauf kamen die Mediziner nat\u00fcrlich nicht; das nur am Rande). Die amerikanische Zuckerindustrie erkannte ihre Chance und nutzte sie. Historische Dokumente, die vor einigen Jahren von Historikern publiziert wurden zeigten, dass das Wissenschaftsgremium der Zuckerindustrie empfahl, man solle die Fett-Herzinfarkt-These \u00f6ffentlich st\u00fctzen. Denn wenn die Leute weniger Fett und mehr Kohlenhydrate zu sich nehmen w\u00fcrden, dann w\u00e4re das gut f\u00fcr die Gesundheit und die Kasse der Zuckerindustrie. \u00dcber einige Zwischenschritte, die ich auslasse, wurde die \u00d6ffentlichkeit, vor allem durch die Unterst\u00fctzung von Keys, darauf getrimmt, dass Fett der \u00dcbelt\u00e4ter sei. Keys f\u00e4lschte ein paar Daten, war einflussreich, sorgte daf\u00fcr, dass in politischen Richtlinien die entsprechenden Vermerke gemacht wurden und fertig war das Narrativ: Fett ist schlecht f\u00fcrs Cholesterin und befeuert Herzkrankheit. Ganz schlimm das Ei, das viel Cholesterin enth\u00e4lt.<\/p>\n<p>Daher keine Eier mehr zum Fr\u00fchst\u00fcck. Und bis heute enthalten die Ern\u00e4hrungsampeln bei Hotelbuffets rote und gelbe Lichtchen beim Ei. Entwarnung wurde erst 2020 mit einer riesigen Meta-Analyse gegeben, die die Daten von 5,5 Millionen Personenjahren seit 1976 erfasst hatte und eine dreistellige Millionensumme von Forschungsgeldern repr\u00e4sentiert. Sie zeigt: Menschen, die viel Eier essen haben sogar ein leicht gesenktes Risiko an Herzkrankheiten zu sterben (allerdings ist der Unterschied nicht statistisch signifikant). Es hat also ca. 50 Jahre gedauert, bis ein Irrtum, durch viel politisches Trara als wissenschaftliche Tatsache befestigt, als solcher definitiv erkannt wurde. Bis sich diese wissenschaftliche Erkenntnis auf den Ern\u00e4hrungsampeln der Fr\u00fchst\u00fccksbuffets und in den Frauengazetten durchsetzen wird, vergehen garantiert nochmals 20 Jahre.<\/p>\n<p>F\u00fcr die Coronakrise hei\u00dft das: Ein sachlich falsches Narrativ, einmal solide im kollektiven Ged\u00e4chtnis, in politischen Ausf\u00fchrungsbestimmungen und in medialer Pr\u00e4senz befestigt, kann nicht so einfach revidiert werden. Es hei\u00dft vor allem:&#8221;<\/p>\n<blockquote>\n<p><em>&#8220;Fakten, wirklich gute Fakten, solide belegt und eigentlich wichtig, die dem Mainstream-Narrativ widersprechen, werden einfach aufgrund der sozialen Dynamik immer zu sp\u00e4t dran sein. Bis sie das Licht der Welt erblicken, hat sich der Rest der Welt schon drauf geeinigt, wie die Wirklichkeit ist.&#8221;<\/em><\/p>\n<\/blockquote>\n<p><strong>RT DE: Schlie\u00dflich teilten Sie den Kongressteilnehmern auch noch ganz konkret mit, dass Deutschland Weltmeister beim Impfen und bei den Impfnebenwirkungen sei. Wie kommen Sie zu dieser Annahme?\u00a0<\/strong><\/p>\n<p><strong>Dr. Harald Walach:<\/strong> &#8220;Es gibt ein paar Indizien daf\u00fcr. Als erstes fiel uns auf, als wir die Nebenwirkungsdatenbank der European Medicines Agency im Sommer 2021 sichteten, nachdem die Impfkampagne etwa ein halbes Jahr am Laufen war, dass Deutschland am meisten Impfungen gegen SARS-CoV2 in Europa verabreicht hatte. Gleichzeitig war es bei der Meldung von potenziell assoziierten Nebenwirkungen fast ein europ\u00e4isches Schlusslicht, nur vier L\u00e4nder hatten weniger zu berichten als Deutschland: die Slowakei, Liechtenstein, Rum\u00e4nien und Polen. Da wir davon ausgehen, dass Nebenwirkungen von Impfstoffen nicht nationengebunden sind, sondern allenfalls die Berichtssysteme, spricht vieles daf\u00fcr, dass in Deutschland entweder strukturell oder politisch der Wille nicht vorhanden war, sorgf\u00e4ltige Nebenwirkungsdokumentation vorzunehmen. Das h\u00e4tte ja vielleicht die \u00d6ffentlichkeit beeinflusst. Zum anderen war Angela Merkel eine der ersten die im Brustton der \u00dcberzeugung verk\u00fcndete, die Pandemie sei vor\u00fcber, wenn ein Impfstoff gefunden sei. Dass das eine dreiste L\u00fcge war, war eigentlich damals schon denen klar, die etwas von Impfentwicklung verstehen und ist heute offensichtlich. Damit sollte der Fokus auf die Impfentwicklung gelegt werden, bei der ja ein deutsches Unternehmen an vorderster Front mitmacht (dass Astra-Zeneca, ein britisches Unternehmen, so en passent an die Wand gespielt wurde durch ein paar gekonnte PR-Aktionen, unterst\u00fctzt den Eindruck). Schlie\u00dflich bleibt noch zu erw\u00e4hnen: Kanzler Olaf Scholz hatte, damals noch als Wahlk\u00e4mpfer, einen Auftritt bei der brandenburgischen Wirtschaftskammer. Ein Kollege von mir war dabei und hat mir erz\u00e4hlt: Scholz wurde gefragt, wie er sich als Kanzler die Bereinigung der Corona-Schulden vorstellt. Darauf habe dieser geantwortet:&#8221;<\/p>\n<blockquote>\n<p><em>&#8220;Deutschland wird Impfweltmeister. So wie wir jetzt und fr\u00fcher Weltmeister im Autobau waren und damit unser Geld verdient haben, werden wird das in Zukunft durch Impfstoffentwicklung tun.&#8221;<\/em><\/p>\n<\/blockquote>\n<p>&#8220;Das Land, das in Europa \u00fcbrigens die meisten Nebenwirkungen meldet, ist nicht Deutschland, sondern Holland. Ich gehe aber davon aus, dass das daran liegt, dass es dort ein besseres Meldesystem gibt bzw. dass mehr \u00c4rzte und Betroffene Meldungen machen.&#8221;<\/p>\n<p><strong>RT DE: Nach Ihrer Darlegung klaffen bei Corona mediale Darstellung und Wirklichkeit auseinander. Warum wird das Narrativ dennoch in den Medien immer weiter zementiert?<\/strong><\/p>\n<p><strong>Dr. Harald Walach:<\/strong> &#8220;Das ist eine sehr gute Frage, die ich schon seit Beginn der Krise durch eigene Nachforschungen zu beantworten suche. Ich habe noch keine Antwort, die definitiv ist. Ich kann nur sagen: Wann immer ich selber die Daten anschaue \u2013 und ich habe mittlerweile einige Studien selber gemacht, RKI-Daten nachgerechnet und analysiert, Literatur gesichtet \u2013 sehe ich, dass die &#8220;wirklichen&#8221; Befunde, also das, was sich in der wissenschaftlichen Literatur findet und die mediale Wirklichkeit weit auseinanderliegen.<\/p>\n<p>Ein Grund daf\u00fcr d\u00fcrfte die mediale Logik sein. Die Medien sind in ihrer eigenen Logik gefangen. Dies ist eine Logik der Katastrophen. Entwarnung verkauft sich nicht. Die ist einmalig und vorbei. Katastrophen kann man beliebig verl\u00e4ngern, vertiefen, zementieren und am Laufen halten.&#8221;<\/p>\n<blockquote>\n<p><em>&#8220;Und nach zwei Jahren Katastrophenjournalismus kann man nicht einfach sagen: &#8220;Tut uns leid Leute, wir haben uns get\u00e4uscht, oder, nein, nicht uns get\u00e4uscht, sondern Euch get\u00e4uscht. Macht nix, zahlt einfach Euer Abo brav weiter.&#8221; Das w\u00e4re die definitive G\u00f6tterd\u00e4mmerung aller Medien, wie wir sie kennen. Das darf und wird es darum nicht geben.&#8221;<\/em><\/p>\n<\/blockquote>\n<p>&#8220;Das Gleiche gilt f\u00fcr die Politik. Bereits nach 6 Monaten war absehbar, dass wir es nicht mit dem bef\u00fcrchteten Killer zu tun haben und etwa 60% der Menschen durch eine Kreuzimmunit\u00e4t gegen andere Coronaviren auch gegen dieses Corona-Virus einigerma\u00dfen gut gesch\u00fctzt sind. Wenn die Politik einen Fehler zugegeben h\u00e4tte, gesagt h\u00e4tte, die Lockdowns w\u00e4ren nicht wirklich wirksam gewesen \u2013 was de facto so war: sie haben keinen nachweislich n\u00fctzlichen Effekt gehabt &#8211; , dann w\u00e4re sie wom\u00f6glich mit riesigen Schadenersatzforderungen konfrontiert worden.<\/p>\n<p>Also ist es politisch einfacher so weiterzumachen und den Anschein aufrechtzuerhalten.<\/p>\n<p>Zum anderen, ein Gedanke, der von meinem Psychologen-Kollegen Matthias Desmet stammt:&#8221;<\/p>\n<blockquote>\n<p><em>&#8220;Bereits vor der Krise hat eine gro\u00dfe Zahl von Menschen unter frei flottierender Angst gelitten. Das ist eine Angst, die kein Objekt hat. Sie ist schwer zu ertragen und noch schwerer zu behandeln, weil dahinter oft eine tiefe existenzielle Unsicherheit liegt. Durch die Coronakrise haben all diese Menschen nun pl\u00f6tzlich ein konkretes Objekt gefunden: Die Angst wird durch das Virus erzeugt.<\/em><\/p>\n<p><em>Indem wir das Virus bek\u00e4mpfen, k\u00f6nnen wir was gegen die Angst tun: Impfen, Abstand halten, Masken tragen, folgsam sein. Nun w\u00fcnscht eine nicht geringe Zahl von Menschen, dass mit diesen &#8220;Ma\u00dfnahmen&#8221; und damit mit dem Krisenmodus weitergemacht wird. Denn es hilft ihnen, ihre Angst zu ertragen.&#8221;<\/em><\/p>\n<\/blockquote>\n<p>&#8220;Schlie\u00dflich k\u00f6nnte es sein, dass die Coronakrise hilft, eine tieferliegende Krise zu kaschieren, die viel weniger greifbar ist und die viel weniger gut zu steuern ist. Das eine ist die gro\u00dfe geopolitische Krise zwischen dem globalen Westen und dem globalen Osten. Die Coronakrise hat f\u00fcr eine gewissen Zeit Ausnahmezustand \u00fcberall erzeugt und dadurch alle L\u00e4nder in ein globales Regime gezwungen. Das erweckt den Anschein von &#8220;die ganze Welt arbeitet zusammen&#8221;. Dass diese Zusammenarbeit nur medial stattfindet, ist dabei egal. Denn wirklich ist, was in den Medien vorkommt.<\/p>\n<p>Man darf auch nicht vergessen: Die Krise hat viel zu viele Kollateralnutzer. Wir haben es etwa fertiggebracht, mit Hilfe dieser Krise, eine genetische Pr\u00e4ventionstherapie, die m-RNA-Impfungen, in die internationale Zulassung zu bringen mit Hilfe der ganzen Notstandsregelungen. Das w\u00e4re ohne Krisenmodus nie m\u00f6glich gewesen. Nun haben wir eine Schwelle \u00fcberschritten, die andernfalls viel zu hoch gewesen w\u00e4re. Jetzt profitieren einige gro\u00dfe Pharmafirmen und entsprechende Zuliefererbetriebe exorbitant davon.&#8221;<\/p>\n<blockquote>\n<p><em>&#8220;Die pharmazeutische Kapitalisierung des menschlichen K\u00f6rpers hat eine Schallmauer durchbrochen: die pharmazeutische Pr\u00e4vention.&#8221;<\/em><\/p>\n<\/blockquote>\n<p>&#8220;Pr\u00e4vention hatte bislang schlechte Karten: hier ein bisschen Krebsscreening, da ein bisschen Verhaltensmodifikation durch Ess- und Bewegungstraining, aber nichts, womit Geld zu machen w\u00e4re. Jetzt kann man mit pr\u00e4ventiver Gentherapie, euphemistisch als \u201eImpfung\u201c betitelt, richtig Kohle machen. Immer wieder. Heute und noch ein paar Jahre lang gegen Corona, morgen gegen Affenpocken, \u00fcbermorgen gegen Pest, was auch immer sie wollen. Immer auf Kosten des Steuerzahlers, immer vermeintlich zum Wohl des Einzelnen und im Dienste der Gesundheit. Es wird eine Weile dauern, bis die Hohlheit dieser Versprechen, die Gefahren dieser Technologie, und die eigentliche Motivation im \u00f6ffentlichen Bewusstsein angekommen sein wird. Inzwischen werden einige gut verdienen.&#8221;<\/p>\n<blockquote>\n<p><em>&#8220;Und wo der Zaster rollt, da spielt die Musik weiter, auch wenn ihr schon lange nichts H\u00fcbsches mehr einf\u00e4llt.&#8221;<\/em><\/p>\n<\/blockquote>\n<p><strong>Mehr zum Thema<\/strong> &#8211; <a rel=\"nofollow noopener\" target=\"_blank\" href=\"https:\/\/test.rtde.tech\/meinung\/143715-menschliche-korper-als-investitionsfeld-fur\/\">&#8220;Der menschliche K\u00f6rper als Investitionsfeld f\u00fcr Biotechnik, Pharma und Kontrollindustrie&#8221;<\/a><\/p>\n<p><em><strong>Prof. Dr. Dr. Harald Walach<\/strong> promovierte in Klinischer Psychologie und in Wissenschaftstheorie und ist Autor mehrerer Fachb\u00fccher. Aktuell leitet er das Change Health Science Institut in Berlin. Zuletzt ver\u00f6ffentlichte er:<\/em><\/p>\n<ul>\n<li><em>Br\u00fccken zwischen Psychotherapie und Spiritualit\u00e4t, Schattauer Verlag, 2021<\/em><\/li>\n<li><em>Psychologie: Wissenschaftstheorie, philosophische Grundlagen und Geschichte. (gemeinsam mit Nikolaus von Stillfried) Ein Lehrbuch, Kohlhammer Verlag 2020<\/em><\/li>\n<li><em>Heilung kommt von innen: Selbstverantwortung f\u00fcr die eigene Gesundheit \u00fcbernehmen. Knaur Verlag, 2018<\/em><\/li>\n<\/ul>\n<p><em>Die Fragen stellte <strong>Felicitas Rabe<\/strong>.<\/em><\/p>\n<\/div>\n<p><br \/>\n<br \/><a href=\"https:\/\/de.rt.com\/meinung\/144192-unser-gehirn-als-wirklichkeitsgenerator\/\">Source link <\/a><\/p>\n","protected":false},"excerpt":{"rendered":"<p>Der Psychologieprofessor Dr. Harald Walach erkl\u00e4rt, welche neurologischen, psychologischen und soziologischen Faktoren die &#8220;Konstruktion der Wirklichkeit&#8221; beeinflussen. Anhand vieler Beispiele zeigt er, welche Rolle diese Art der Wirklichkeits-Konstruktion in der Coronakrise spielt. Auf dem Kongress &#8220;Corona. Die Inszenierung einer Krise&#8221; der Neuen Gesellschaft f\u00fcr Psychologie pr\u00e4sentierte Prof. Dr. Harald Walach seine Erkenntnisse zum Thema &#8220;Die [&hellip;]<\/p>\n","protected":false},"author":3,"featured_media":14957,"comment_status":"open","ping_status":"open","sticky":false,"template":"","format":"standard","meta":{"wp_automatic_camp":["217"],"f4e38efcf77c048f9d62e8bf32beaaa5":["Unser Gehirn als Wirklichkeitsgenerator \u2013 Warum wir denken, was wir glauben"],"original_link":["https:\/\/de.rt.com\/meinung\/144192-unser-gehirn-als-wirklichkeitsgenerator\/"],"_thumbnail_id":["14957"],"_wptg_p2tg_sent2tg":["2022-07-25 11:50:41"],"jnews_social_counter_last_update":["1777191132"]},"categories":[19,23],"tags":[273,5114,11845,412,24970,1289,1801,29176],"yoast_head":"<!-- This site is optimized with the Yoast SEO Premium plugin v22.7 (Yoast SEO v22.7) - https:\/\/yoast.com\/wordpress\/plugins\/seo\/ -->\n<title>Unser Gehirn als Wirklichkeitsgenerator \u2013 Warum wir denken, was wir glauben - just-now.NEWS Deutschland<\/title>\n<meta name=\"robots\" content=\"index, follow, max-snippet:-1, max-image-preview:large, max-video-preview:-1\" \/>\n<link rel=\"canonical\" href=\"https:\/\/now-news.de\/de\/deutschland\/unser-gehirn-als-wirklichkeitsgenerator-warum-wir-denken-was-wir-glauben\/\" \/>\n<meta property=\"og:locale\" content=\"de_DE\" \/>\n<meta property=\"og:type\" content=\"article\" \/>\n<meta property=\"og:title\" content=\"Unser Gehirn als Wirklichkeitsgenerator \u2013 Warum wir denken, was wir glauben\" \/>\n<meta property=\"og:description\" content=\"Der Psychologieprofessor Dr. Harald Walach erkl\u00e4rt, welche neurologischen, psychologischen und soziologischen Faktoren die &#8220;Konstruktion der Wirklichkeit&#8221; beeinflussen. Anhand vieler Beispiele zeigt er, welche Rolle diese Art der Wirklichkeits-Konstruktion in der Coronakrise spielt. Auf dem Kongress &#8220;Corona. Die Inszenierung einer Krise&#8221; der Neuen Gesellschaft f\u00fcr Psychologie pr\u00e4sentierte Prof. Dr. Harald Walach seine Erkenntnisse zum Thema &#8220;Die [&hellip;]\" \/>\n<meta property=\"og:url\" content=\"https:\/\/now-news.de\/de\/deutschland\/unser-gehirn-als-wirklichkeitsgenerator-warum-wir-denken-was-wir-glauben\/\" \/>\n<meta property=\"og:site_name\" content=\"just-now.NEWS Deutschland\" \/>\n<meta property=\"article:publisher\" content=\"https:\/\/www.facebook.com\/wirmachenauf\" \/>\n<meta property=\"article:published_time\" content=\"2022-07-25T09:41:01+00:00\" \/>\n<meta property=\"og:image\" content=\"https:\/\/now-news.de\/de\/wp-content\/uploads\/sites\/3\/2022\/07\/Unser-Gehirn-als-Wirklichkeitsgenerator-\u2013-Warum-wir-denken-was-wir.JPG\" \/>\n\t<meta property=\"og:image:width\" content=\"460\" \/>\n\t<meta property=\"og:image:height\" content=\"259\" \/>\n\t<meta property=\"og:image:type\" content=\"image\/jpeg\" \/>\n<meta name=\"author\" content=\"rtnews\" \/>\n<meta name=\"twitter:card\" content=\"summary_large_image\" \/>\n<meta name=\"twitter:creator\" content=\"@WirMachenAuf_de\" \/>\n<meta name=\"twitter:site\" content=\"@WirMachenAuf_de\" \/>\n<meta name=\"twitter:label1\" content=\"Verfasst von\" \/>\n\t<meta name=\"twitter:data1\" content=\"rtnews\" \/>\n\t<meta name=\"twitter:label2\" content=\"Gesch\u00e4tzte Lesezeit\" \/>\n\t<meta name=\"twitter:data2\" content=\"18\u00a0Minuten\" \/>\n<script type=\"application\/ld+json\" class=\"yoast-schema-graph\">{\"@context\":\"https:\/\/schema.org\",\"@graph\":[{\"@type\":\"Article\",\"@id\":\"https:\/\/now-news.de\/de\/deutschland\/unser-gehirn-als-wirklichkeitsgenerator-warum-wir-denken-was-wir-glauben\/#article\",\"isPartOf\":{\"@id\":\"https:\/\/now-news.de\/de\/deutschland\/unser-gehirn-als-wirklichkeitsgenerator-warum-wir-denken-was-wir-glauben\/\"},\"author\":{\"name\":\"rtnews\",\"@id\":\"https:\/\/now-news.de\/de\/#\/schema\/person\/fb534a4e865501d8b3285208df34a9b5\"},\"headline\":\"Unser Gehirn als Wirklichkeitsgenerator \u2013 Warum wir denken, was wir glauben\",\"datePublished\":\"2022-07-25T09:41:01+00:00\",\"dateModified\":\"2022-07-25T09:41:01+00:00\",\"mainEntityOfPage\":{\"@id\":\"https:\/\/now-news.de\/de\/deutschland\/unser-gehirn-als-wirklichkeitsgenerator-warum-wir-denken-was-wir-glauben\/\"},\"wordCount\":3535,\"commentCount\":0,\"publisher\":{\"@id\":\"https:\/\/now-news.de\/de\/#organization\"},\"image\":{\"@id\":\"https:\/\/now-news.de\/de\/deutschland\/unser-gehirn-als-wirklichkeitsgenerator-warum-wir-denken-was-wir-glauben\/#primaryimage\"},\"thumbnailUrl\":\"https:\/\/now-news.de\/de\/wp-content\/uploads\/sites\/3\/2022\/07\/Unser-Gehirn-als-Wirklichkeitsgenerator-\u2013-Warum-wir-denken-was-wir.JPG\",\"keywords\":[\"als\",\"denken\",\"Gehirn\",\"glauben\",\"unser\",\"Warum\",\"Wir\",\"Wirklichkeitsgenerator\"],\"articleSection\":[\"Deutschland\",\"Russland\"],\"inLanguage\":\"de\",\"potentialAction\":[{\"@type\":\"CommentAction\",\"name\":\"Comment\",\"target\":[\"https:\/\/now-news.de\/de\/deutschland\/unser-gehirn-als-wirklichkeitsgenerator-warum-wir-denken-was-wir-glauben\/#respond\"]}]},{\"@type\":\"WebPage\",\"@id\":\"https:\/\/now-news.de\/de\/deutschland\/unser-gehirn-als-wirklichkeitsgenerator-warum-wir-denken-was-wir-glauben\/\",\"url\":\"https:\/\/now-news.de\/de\/deutschland\/unser-gehirn-als-wirklichkeitsgenerator-warum-wir-denken-was-wir-glauben\/\",\"name\":\"Unser Gehirn als Wirklichkeitsgenerator \u2013 Warum wir denken, was wir glauben - just-now.NEWS Deutschland\",\"isPartOf\":{\"@id\":\"https:\/\/now-news.de\/de\/#website\"},\"primaryImageOfPage\":{\"@id\":\"https:\/\/now-news.de\/de\/deutschland\/unser-gehirn-als-wirklichkeitsgenerator-warum-wir-denken-was-wir-glauben\/#primaryimage\"},\"image\":{\"@id\":\"https:\/\/now-news.de\/de\/deutschland\/unser-gehirn-als-wirklichkeitsgenerator-warum-wir-denken-was-wir-glauben\/#primaryimage\"},\"thumbnailUrl\":\"https:\/\/now-news.de\/de\/wp-content\/uploads\/sites\/3\/2022\/07\/Unser-Gehirn-als-Wirklichkeitsgenerator-\u2013-Warum-wir-denken-was-wir.JPG\",\"datePublished\":\"2022-07-25T09:41:01+00:00\",\"dateModified\":\"2022-07-25T09:41:01+00:00\",\"breadcrumb\":{\"@id\":\"https:\/\/now-news.de\/de\/deutschland\/unser-gehirn-als-wirklichkeitsgenerator-warum-wir-denken-was-wir-glauben\/#breadcrumb\"},\"inLanguage\":\"de\",\"potentialAction\":[{\"@type\":\"ReadAction\",\"target\":[\"https:\/\/now-news.de\/de\/deutschland\/unser-gehirn-als-wirklichkeitsgenerator-warum-wir-denken-was-wir-glauben\/\"]}]},{\"@type\":\"ImageObject\",\"inLanguage\":\"de\",\"@id\":\"https:\/\/now-news.de\/de\/deutschland\/unser-gehirn-als-wirklichkeitsgenerator-warum-wir-denken-was-wir-glauben\/#primaryimage\",\"url\":\"https:\/\/now-news.de\/de\/wp-content\/uploads\/sites\/3\/2022\/07\/Unser-Gehirn-als-Wirklichkeitsgenerator-\u2013-Warum-wir-denken-was-wir.JPG\",\"contentUrl\":\"https:\/\/now-news.de\/de\/wp-content\/uploads\/sites\/3\/2022\/07\/Unser-Gehirn-als-Wirklichkeitsgenerator-\u2013-Warum-wir-denken-was-wir.JPG\",\"width\":460,\"height\":259,\"caption\":\"Unser Gehirn als Wirklichkeitsgenerator \u2013 Warum wir denken, was wir glauben\"},{\"@type\":\"BreadcrumbList\",\"@id\":\"https:\/\/now-news.de\/de\/deutschland\/unser-gehirn-als-wirklichkeitsgenerator-warum-wir-denken-was-wir-glauben\/#breadcrumb\",\"itemListElement\":[{\"@type\":\"ListItem\",\"position\":1,\"name\":\"Home\",\"item\":\"https:\/\/now-news.de\/de\/\"},{\"@type\":\"ListItem\",\"position\":2,\"name\":\"Unser Gehirn als Wirklichkeitsgenerator \u2013 Warum wir denken, was wir glauben\"}]},{\"@type\":\"WebSite\",\"@id\":\"https:\/\/now-news.de\/de\/#website\",\"url\":\"https:\/\/now-news.de\/de\/\",\"name\":\"just-now.NEWS Deutschland\",\"description\":\"Das Portal f\u00fcr unzensierte Nachrichten aus der Welt\",\"publisher\":{\"@id\":\"https:\/\/now-news.de\/de\/#organization\"},\"potentialAction\":[{\"@type\":\"SearchAction\",\"target\":{\"@type\":\"EntryPoint\",\"urlTemplate\":\"https:\/\/now-news.de\/de\/?s={search_term_string}\"},\"query-input\":\"required name=search_term_string\"}],\"inLanguage\":\"de\"},{\"@type\":\"Organization\",\"@id\":\"https:\/\/now-news.de\/de\/#organization\",\"name\":\"Just Now News\",\"url\":\"https:\/\/now-news.de\/de\/\",\"logo\":{\"@type\":\"ImageObject\",\"inLanguage\":\"de\",\"@id\":\"https:\/\/now-news.de\/de\/#\/schema\/logo\/image\/\",\"url\":\"http:\/\/just-now.news\/de\/wp-content\/uploads\/sites\/3\/2022\/04\/logo500x500.jpg\",\"contentUrl\":\"http:\/\/just-now.news\/de\/wp-content\/uploads\/sites\/3\/2022\/04\/logo500x500.jpg\",\"width\":500,\"height\":500,\"caption\":\"Just Now News\"},\"image\":{\"@id\":\"https:\/\/now-news.de\/de\/#\/schema\/logo\/image\/\"},\"sameAs\":[\"https:\/\/www.facebook.com\/wirmachenauf\",\"https:\/\/x.com\/WirMachenAuf_de\"]},{\"@type\":\"Person\",\"@id\":\"https:\/\/now-news.de\/de\/#\/schema\/person\/fb534a4e865501d8b3285208df34a9b5\",\"name\":\"rtnews\",\"image\":{\"@type\":\"ImageObject\",\"inLanguage\":\"de\",\"@id\":\"https:\/\/now-news.de\/de\/#\/schema\/person\/image\/\",\"url\":\"https:\/\/secure.gravatar.com\/avatar\/82aafea7d8127119dd649515f56e2117?s=96&d=mm&r=g\",\"contentUrl\":\"https:\/\/secure.gravatar.com\/avatar\/82aafea7d8127119dd649515f56e2117?s=96&d=mm&r=g\",\"caption\":\"rtnews\"},\"url\":\"https:\/\/now-news.de\/de\/author\/rnews\/\"}]}<\/script>\n<!-- \/ Yoast SEO Premium plugin. -->","yoast_head_json":{"title":"Unser Gehirn als Wirklichkeitsgenerator \u2013 Warum wir denken, was wir glauben - just-now.NEWS Deutschland","robots":{"index":"index","follow":"follow","max-snippet":"max-snippet:-1","max-image-preview":"max-image-preview:large","max-video-preview":"max-video-preview:-1"},"canonical":"https:\/\/now-news.de\/de\/deutschland\/unser-gehirn-als-wirklichkeitsgenerator-warum-wir-denken-was-wir-glauben\/","og_locale":"de_DE","og_type":"article","og_title":"Unser Gehirn als Wirklichkeitsgenerator \u2013 Warum wir denken, was wir glauben","og_description":"Der Psychologieprofessor Dr. Harald Walach erkl\u00e4rt, welche neurologischen, psychologischen und soziologischen Faktoren die &#8220;Konstruktion der Wirklichkeit&#8221; beeinflussen. Anhand vieler Beispiele zeigt er, welche Rolle diese Art der Wirklichkeits-Konstruktion in der Coronakrise spielt. Auf dem Kongress &#8220;Corona. Die Inszenierung einer Krise&#8221; der Neuen Gesellschaft f\u00fcr Psychologie pr\u00e4sentierte Prof. Dr. Harald Walach seine Erkenntnisse zum Thema &#8220;Die [&hellip;]","og_url":"https:\/\/now-news.de\/de\/deutschland\/unser-gehirn-als-wirklichkeitsgenerator-warum-wir-denken-was-wir-glauben\/","og_site_name":"just-now.NEWS Deutschland","article_publisher":"https:\/\/www.facebook.com\/wirmachenauf","article_published_time":"2022-07-25T09:41:01+00:00","og_image":[{"width":460,"height":259,"url":"https:\/\/now-news.de\/de\/wp-content\/uploads\/sites\/3\/2022\/07\/Unser-Gehirn-als-Wirklichkeitsgenerator-\u2013-Warum-wir-denken-was-wir.JPG","type":"image\/jpeg"}],"author":"rtnews","twitter_card":"summary_large_image","twitter_creator":"@WirMachenAuf_de","twitter_site":"@WirMachenAuf_de","twitter_misc":{"Verfasst von":"rtnews","Gesch\u00e4tzte Lesezeit":"18\u00a0Minuten"},"schema":{"@context":"https:\/\/schema.org","@graph":[{"@type":"Article","@id":"https:\/\/now-news.de\/de\/deutschland\/unser-gehirn-als-wirklichkeitsgenerator-warum-wir-denken-was-wir-glauben\/#article","isPartOf":{"@id":"https:\/\/now-news.de\/de\/deutschland\/unser-gehirn-als-wirklichkeitsgenerator-warum-wir-denken-was-wir-glauben\/"},"author":{"name":"rtnews","@id":"https:\/\/now-news.de\/de\/#\/schema\/person\/fb534a4e865501d8b3285208df34a9b5"},"headline":"Unser Gehirn als Wirklichkeitsgenerator \u2013 Warum wir denken, was wir glauben","datePublished":"2022-07-25T09:41:01+00:00","dateModified":"2022-07-25T09:41:01+00:00","mainEntityOfPage":{"@id":"https:\/\/now-news.de\/de\/deutschland\/unser-gehirn-als-wirklichkeitsgenerator-warum-wir-denken-was-wir-glauben\/"},"wordCount":3535,"commentCount":0,"publisher":{"@id":"https:\/\/now-news.de\/de\/#organization"},"image":{"@id":"https:\/\/now-news.de\/de\/deutschland\/unser-gehirn-als-wirklichkeitsgenerator-warum-wir-denken-was-wir-glauben\/#primaryimage"},"thumbnailUrl":"https:\/\/now-news.de\/de\/wp-content\/uploads\/sites\/3\/2022\/07\/Unser-Gehirn-als-Wirklichkeitsgenerator-\u2013-Warum-wir-denken-was-wir.JPG","keywords":["als","denken","Gehirn","glauben","unser","Warum","Wir","Wirklichkeitsgenerator"],"articleSection":["Deutschland","Russland"],"inLanguage":"de","potentialAction":[{"@type":"CommentAction","name":"Comment","target":["https:\/\/now-news.de\/de\/deutschland\/unser-gehirn-als-wirklichkeitsgenerator-warum-wir-denken-was-wir-glauben\/#respond"]}]},{"@type":"WebPage","@id":"https:\/\/now-news.de\/de\/deutschland\/unser-gehirn-als-wirklichkeitsgenerator-warum-wir-denken-was-wir-glauben\/","url":"https:\/\/now-news.de\/de\/deutschland\/unser-gehirn-als-wirklichkeitsgenerator-warum-wir-denken-was-wir-glauben\/","name":"Unser Gehirn als Wirklichkeitsgenerator \u2013 Warum wir denken, was wir glauben - just-now.NEWS Deutschland","isPartOf":{"@id":"https:\/\/now-news.de\/de\/#website"},"primaryImageOfPage":{"@id":"https:\/\/now-news.de\/de\/deutschland\/unser-gehirn-als-wirklichkeitsgenerator-warum-wir-denken-was-wir-glauben\/#primaryimage"},"image":{"@id":"https:\/\/now-news.de\/de\/deutschland\/unser-gehirn-als-wirklichkeitsgenerator-warum-wir-denken-was-wir-glauben\/#primaryimage"},"thumbnailUrl":"https:\/\/now-news.de\/de\/wp-content\/uploads\/sites\/3\/2022\/07\/Unser-Gehirn-als-Wirklichkeitsgenerator-\u2013-Warum-wir-denken-was-wir.JPG","datePublished":"2022-07-25T09:41:01+00:00","dateModified":"2022-07-25T09:41:01+00:00","breadcrumb":{"@id":"https:\/\/now-news.de\/de\/deutschland\/unser-gehirn-als-wirklichkeitsgenerator-warum-wir-denken-was-wir-glauben\/#breadcrumb"},"inLanguage":"de","potentialAction":[{"@type":"ReadAction","target":["https:\/\/now-news.de\/de\/deutschland\/unser-gehirn-als-wirklichkeitsgenerator-warum-wir-denken-was-wir-glauben\/"]}]},{"@type":"ImageObject","inLanguage":"de","@id":"https:\/\/now-news.de\/de\/deutschland\/unser-gehirn-als-wirklichkeitsgenerator-warum-wir-denken-was-wir-glauben\/#primaryimage","url":"https:\/\/now-news.de\/de\/wp-content\/uploads\/sites\/3\/2022\/07\/Unser-Gehirn-als-Wirklichkeitsgenerator-\u2013-Warum-wir-denken-was-wir.JPG","contentUrl":"https:\/\/now-news.de\/de\/wp-content\/uploads\/sites\/3\/2022\/07\/Unser-Gehirn-als-Wirklichkeitsgenerator-\u2013-Warum-wir-denken-was-wir.JPG","width":460,"height":259,"caption":"Unser Gehirn als Wirklichkeitsgenerator \u2013 Warum wir denken, was wir glauben"},{"@type":"BreadcrumbList","@id":"https:\/\/now-news.de\/de\/deutschland\/unser-gehirn-als-wirklichkeitsgenerator-warum-wir-denken-was-wir-glauben\/#breadcrumb","itemListElement":[{"@type":"ListItem","position":1,"name":"Home","item":"https:\/\/now-news.de\/de\/"},{"@type":"ListItem","position":2,"name":"Unser Gehirn als Wirklichkeitsgenerator \u2013 Warum wir denken, was wir glauben"}]},{"@type":"WebSite","@id":"https:\/\/now-news.de\/de\/#website","url":"https:\/\/now-news.de\/de\/","name":"just-now.NEWS Deutschland","description":"Das Portal f\u00fcr unzensierte Nachrichten aus der Welt","publisher":{"@id":"https:\/\/now-news.de\/de\/#organization"},"potentialAction":[{"@type":"SearchAction","target":{"@type":"EntryPoint","urlTemplate":"https:\/\/now-news.de\/de\/?s={search_term_string}"},"query-input":"required name=search_term_string"}],"inLanguage":"de"},{"@type":"Organization","@id":"https:\/\/now-news.de\/de\/#organization","name":"Just Now News","url":"https:\/\/now-news.de\/de\/","logo":{"@type":"ImageObject","inLanguage":"de","@id":"https:\/\/now-news.de\/de\/#\/schema\/logo\/image\/","url":"http:\/\/just-now.news\/de\/wp-content\/uploads\/sites\/3\/2022\/04\/logo500x500.jpg","contentUrl":"http:\/\/just-now.news\/de\/wp-content\/uploads\/sites\/3\/2022\/04\/logo500x500.jpg","width":500,"height":500,"caption":"Just Now News"},"image":{"@id":"https:\/\/now-news.de\/de\/#\/schema\/logo\/image\/"},"sameAs":["https:\/\/www.facebook.com\/wirmachenauf","https:\/\/x.com\/WirMachenAuf_de"]},{"@type":"Person","@id":"https:\/\/now-news.de\/de\/#\/schema\/person\/fb534a4e865501d8b3285208df34a9b5","name":"rtnews","image":{"@type":"ImageObject","inLanguage":"de","@id":"https:\/\/now-news.de\/de\/#\/schema\/person\/image\/","url":"https:\/\/secure.gravatar.com\/avatar\/82aafea7d8127119dd649515f56e2117?s=96&d=mm&r=g","contentUrl":"https:\/\/secure.gravatar.com\/avatar\/82aafea7d8127119dd649515f56e2117?s=96&d=mm&r=g","caption":"rtnews"},"url":"https:\/\/now-news.de\/de\/author\/rnews\/"}]}},"_links":{"self":[{"href":"https:\/\/now-news.de\/de\/wp-json\/wp\/v2\/posts\/14956"}],"collection":[{"href":"https:\/\/now-news.de\/de\/wp-json\/wp\/v2\/posts"}],"about":[{"href":"https:\/\/now-news.de\/de\/wp-json\/wp\/v2\/types\/post"}],"author":[{"embeddable":true,"href":"https:\/\/now-news.de\/de\/wp-json\/wp\/v2\/users\/3"}],"replies":[{"embeddable":true,"href":"https:\/\/now-news.de\/de\/wp-json\/wp\/v2\/comments?post=14956"}],"version-history":[{"count":0,"href":"https:\/\/now-news.de\/de\/wp-json\/wp\/v2\/posts\/14956\/revisions"}],"wp:featuredmedia":[{"embeddable":true,"href":"https:\/\/now-news.de\/de\/wp-json\/wp\/v2\/media\/14957"}],"wp:attachment":[{"href":"https:\/\/now-news.de\/de\/wp-json\/wp\/v2\/media?parent=14956"}],"wp:term":[{"taxonomy":"category","embeddable":true,"href":"https:\/\/now-news.de\/de\/wp-json\/wp\/v2\/categories?post=14956"},{"taxonomy":"post_tag","embeddable":true,"href":"https:\/\/now-news.de\/de\/wp-json\/wp\/v2\/tags?post=14956"}],"curies":[{"name":"wp","href":"https:\/\/api.w.org\/{rel}","templated":true}]}}