{"id":14903,"date":"2022-07-24T19:33:39","date_gmt":"2022-07-24T17:33:39","guid":{"rendered":"http:\/\/just-now.news\/de\/deutschland\/kein-gas-keine-kohle-umweltschuetzer-kleben-sich-an-botticellis-primavera-in-den-uffizien\/"},"modified":"2022-07-24T19:33:39","modified_gmt":"2022-07-24T17:33:39","slug":"kein-gas-keine-kohle-umweltschuetzer-kleben-sich-an-botticellis-primavera-in-den-uffizien","status":"publish","type":"post","link":"https:\/\/now-news.de\/de\/deutschland\/kein-gas-keine-kohle-umweltschuetzer-kleben-sich-an-botticellis-primavera-in-den-uffizien\/","title":{"rendered":"&quot;Kein Gas, keine Kohle!&quot;: Umweltsch\u00fctzer kleben sich an Botticellis &quot;Primavera&quot; in den Uffizien"},"content":{"rendered":"<div class=\"Text-root Text-type_1 \">\n                In den Uffizien haben sich zwei Umweltaktivisten an Sandro Botticellis &#8220;Primavera&#8221; festgeklebt. Dieser Protest ist eine weitere Aktion europ\u00e4ischer \u00d6ko-Vandalen, die bereits einige britische Museen angegriffen haben.\n            <\/div>\n<p><\/p>\n<div class=\"Text-root Text-type_5 ArticleView-text ViewText-root \">\n<p>Die italienische Umweltgruppe &#8220;Ultima Generazione&#8221; (Letzte Generation) beging einen Akt des \u00d6ko-Vandalismus in der ber\u00fchmten Uffizien-Galerie: Zwei ihrer Aktivisten klebten sich an Sandro Botticellis Gem\u00e4lde &#8220;Primavera&#8221;, w\u00e4hrend ihre Begleiterin ein Plakat mit der Aufschrift &#8220;Kein Gas, keine Kohle&#8221; entrollte. Die Aktion endete mit dem Eintreffen der Carabinieri, die die Protestierenden aus dem Museum schleppten.<\/p>\n<p>Die Gruppierung begleitete ihre Aktion mit folgenden Worten auf Twitter:<\/p>\n<blockquote>\n<p><em>&#8220;Uffizien: Laura und Simone kleben sich an Sandro Botticellis &#8216;Primavera&#8217;. Wenn das Klima zusammenbricht, bricht die gesamte Zivilisation, wie wir sie kennen, zusammen. Es wird keinen Tourismus mehr geben, keine Museen und keine Kunst mehr.&#8221;<\/em><\/p>\n<\/blockquote>\n<div class=\"EmbedBlock-root EmbedBlock-twitter\">\n<div class=\"TwitterEmbed\">\n<blockquote class=\"twitter-tweet lazyload\" data-twitter=\"twitter-tweet\">\n<p lang=\"it\" dir=\"ltr\">Galleria degli <a rel=\"nofollow noopener\" target=\"_blank\" href=\"https:\/\/twitter.com\/hashtag\/Uffizi?src=hash&amp;ref_src=twsrc%5Etfw\">#Uffizi<\/a>: Laura e Simone si incollano alla Primavera di Sandro Botticelli. Se il clima collassa, collassa l&#8217;intera civilt\u00e0 per come la conosciamo. Non ci sar\u00e0 pi\u00f9 turismo, n\u00e9 musei, n\u00e9 arte. <a rel=\"nofollow noopener\" target=\"_blank\" href=\"https:\/\/twitter.com\/hashtag\/clima?src=hash&amp;ref_src=twsrc%5Etfw\">#clima<\/a><a rel=\"nofollow noopener\" target=\"_blank\" href=\"https:\/\/twitter.com\/hashtag\/caldo?src=hash&amp;ref_src=twsrc%5Etfw\">#caldo<\/a><a rel=\"nofollow noopener\" target=\"_blank\" href=\"https:\/\/twitter.com\/hashtag\/siccit%C3%A0?src=hash&amp;ref_src=twsrc%5Etfw\">#siccit\u00e0<\/a><a rel=\"nofollow noopener\" target=\"_blank\" href=\"https:\/\/twitter.com\/hashtag\/climateEmergency?src=hash&amp;ref_src=twsrc%5Etfw\">#climateEmergency<\/a><a rel=\"nofollow noopener\" target=\"_blank\" href=\"https:\/\/twitter.com\/hashtag\/A22Network?src=hash&amp;ref_src=twsrc%5Etfw\">#A22Network<\/a><a rel=\"nofollow noopener\" target=\"_blank\" href=\"https:\/\/t.co\/gd4lp7lkAr\">pic.twitter.com\/gd4lp7lkAr<\/a><\/p>\n<p>\u2014 Ultima Generazione (@UltimaGenerazi1) <a rel=\"nofollow noopener\" target=\"_blank\" href=\"https:\/\/twitter.com\/UltimaGenerazi1\/status\/1550481833690890241?ref_src=twsrc%5Etfw\">July 22, 2022<\/a><\/p><\/blockquote>\n<\/div>\n<\/div>\n<p>Wie die Verwaltung des ber\u00fchmten Museums gegen\u00fcber der Nachrichtenagentur <em>RIA No<\/em><em>w<\/em><em>osti <\/em>erkl\u00e4rte, h\u00e4tte das Gem\u00e4lde ohne das Schutzglas, welches die Leitung der Galerie vor einigen Jahren f\u00fcr ihre gro\u00dfen Meisterwerke installiert hat, erhebliche Sch\u00e4den erleiden k\u00f6nnen, &#8220;wie es in anderen Museen unter \u00e4hnlichen Umst\u00e4nden geschehen ist&#8221;.<\/p>\n<p>Der italienischen Zeitung <em>Corriere della Sera<\/em> zufolge seien die Aktivisten mit einer regul\u00e4ren Eintrittskarte eingelassen worden. Die Polizei der toskanischen Hauptstadt habe nun angeordnet, dass sie Florenz f\u00fcr drei Jahre verlassen m\u00fcssen, so die Zeitung.<\/p>\n<figure class=\"RTImage-root\">\n<div class=\"RTImage-image RTImage-original\"><picture class=\"Picture-root Picture-original\"><!--[if IE 9]><video style=\"display: none;\"><![endif]--><source media=\"(-webkit-min-device-pixel-ratio: 2) and (min-resolution: 120dpi)\" data-srcset=\" \nhttp:\/\/just-now.news\/de\/wp-content\/uploads\/sites\/3\/2022\/07\/62dd71e3b480cc384004d123.jpg 850w,\n                http:\/\/just-now.news\/de\/wp-content\/uploads\/sites\/3\/2022\/07\/62dd71e3b480cc384004d123.jpg 1960w,\n            \" ><source data-srcset=\" \nhttp:\/\/just-now.news\/de\/wp-content\/uploads\/sites\/3\/2022\/07\/62dd71e3b480cc384004d123.jpg 460w,\n              http:\/\/just-now.news\/de\/wp-content\/uploads\/sites\/3\/2022\/07\/62dd71e3b480cc384004d123.jpg 980w,\n            \" ><!--[if IE 9]><\/video><![endif]--><img decoding=\"async\" data- src=\"data:image\/png;base64,iVBORw0KGgoAAAANSUhEUgAAABAAAAAJCAQAAACRI2S5AAAAEElEQVR42mNkIAAYRxWAAQAG9gAKqv6+AwAAAABJRU5ErkJggg==\" class=\"Picture-root Picture-original lazyload\" data-src=\"http:\/\/just-now.news\/de\/wp-content\/uploads\/sites\/3\/2022\/07\/62dd71e3b480cc384004d123.jpg\" alt=\"\"><\/source><\/source><\/picture><!-- noscript pattern --><noscript><img decoding=\"async\" src=\"http:\/\/just-now.news\/de\/wp-content\/uploads\/sites\/3\/2022\/07\/62dd71e3b480cc384004d123.jpg\" alt=\"\"><\/noscript><\/div><figcaption class=\"RTImage-footer\"><span class=\"RTImage-caption\"><span class=\"RTImage-captionItem\">Im Bild: Ein Museumsbeamter versucht, Aktivisten daran zu hindern, sich an das Schutzglas des Gem\u00e4ldes zu kleben.<\/span><\/span><span class=\"RTImage-source\"><span class=\"RTImage-captionItem\">Ultima Generation via AP<\/span><span class=\"RTImage-captionItem\"> \/ AP<\/span><\/span><\/figcaption><\/figure>\n<p>Wie <em>The Guardian <\/em>schreibt, erkl\u00e4rte die Gruppe &#8220;Ultima Generazione&#8221;, sie habe sich\u00a0von Experten f\u00fcr Kunstrestauration beraten lassen, um einen Weg zu finden, sich selbst auf das Gem\u00e4lde zu kleben, ohne es zu besch\u00e4digen. &#8220;So, wie wir unser k\u00fcnstlerisches Erbe verteidigen, sollten wir uns auch f\u00fcr die Pflege und den Schutz des Planeten einsetzen, den wir mit dem Rest der Welt teilen&#8221;, hei\u00dfe es in einer Erkl\u00e4rung auf der Website der Gruppe.<\/p>\n<p>&#8220;Primavera&#8221; gilt als eines der wichtigsten Gem\u00e4lde von Sandro Botticelli. Amor, Venus, Merkur, Zephyr und Flora &#8211; auf Botticellis Gem\u00e4lde sind alle diese antiken G\u00f6tter fast nackt und in Lebensgr\u00f6\u00dfe dargestellt.<\/p>\n<p>Das Gem\u00e4lde ist voller verborgener Botschaften und Allegorien und wurde von Ovids &#8220;Fasti&#8221; inspiriert. Lange Zeit wurde &#8220;Primavera&#8221; von den Nachkommen der Medici aufbewahrt und lag nach seiner Aufnahme in die Sammlung der Uffizien etwa hundert Jahre lang unter Verschluss.<\/p>\n<p>Es geh\u00f6rt heute zu den gr\u00f6\u00dften Meisterwerken der Uffizien und ist das ber\u00fchmteste Gem\u00e4lde der italienischen Renaissance schlechthin.<\/p>\n<div class=\"EmbedBlock-root EmbedBlock-youtube\">\n<div class=\"YouTubeEmbed\">\n<div class=\"jeg_video_container jeg_video_content\"><iframe loading=\"lazy\" title=\"Uffizi4everyone - International Signs Video | Sandro Botticelli, Spring, 1480 c.\" width=\"500\" height=\"281\" src=\"https:\/\/www.youtube.com\/embed\/X2g6HUevdFQ?feature=oembed\" frameborder=\"0\" allow=\"accelerometer; autoplay; clipboard-write; encrypted-media; gyroscope; picture-in-picture; web-share\" referrerpolicy=\"strict-origin-when-cross-origin\" allowfullscreen><\/iframe><\/div>\n<\/div>\n<\/div>\n<p>Das Bild Botticellis ist ein weiteres Kunstwerk, das aus &#8220;umweltpolitischen&#8221; Gr\u00fcnden angegriffen wurde &#8211; italienische Aktivisten sagten, sie h\u00e4tten sich von den Aktionen ihrer britischen Kollegen inspirieren lassen.<\/p>\n<p>Anfang Juli\u00a0klebten sich die Umweltaktivisten der Gruppe &#8220;Just Stop Oil&#8221; in der National Gallery in London an das ber\u00fchmte Gem\u00e4lde &#8220;The Hay Wain&#8221; des britischen Malers John Constable. Zuvor hatten Mitglieder der Organisation mindestens drei Museen Gro\u00dfbritanniens mit \u00e4hnlichen Aktionen attackiert.\u00a0<em>The Guardian<\/em>\u00a0merkt an:<\/p>\n<blockquote>\n<p><em>&#8220;Wie auch die Umweltaktivisten der Gruppe &#8216;Just Stop Oil&#8217; hat &#8216;Ultima Generazione&#8217; Mittel vom Climate Emergency Fund mit Sitz in den USA erhalten, einem philanthropischen Fonds, der eingerichtet wurde, um Geld an Gruppen zu leiten f\u00fcr direkte Aktionen.&#8221;<\/em><\/p>\n<\/blockquote>\n<p><strong>Mehr zum Thema &#8211;<\/strong>\u00a0<a rel=\"nofollow noopener\" target=\"_blank\" href=\"https:\/\/de.rt.com\/europa\/139745-frankreich-unbekannter-wirft-torte-auf\/\">Pariser Louvre: Mona Lisa mit Torte beworfen<\/a><\/p>\n<\/div>\n<p><script async src=\"https:\/\/platform.twitter.com\/widgets.js\" charset=\"utf-8\"><\/script><br \/>\n<br \/><br \/>\n<br \/><a href=\"https:\/\/de.rt.com\/europa\/144313-kein-gas-keine-kohle-umweltschutzer\/\">Source link <\/a><\/p>\n","protected":false},"excerpt":{"rendered":"<p>In den Uffizien haben sich zwei Umweltaktivisten an Sandro Botticellis &#8220;Primavera&#8221; festgeklebt. Dieser Protest ist eine weitere Aktion europ\u00e4ischer \u00d6ko-Vandalen, die bereits einige britische Museen angegriffen haben. Die italienische Umweltgruppe &#8220;Ultima Generazione&#8221; (Letzte Generation) beging einen Akt des \u00d6ko-Vandalismus in der ber\u00fchmten Uffizien-Galerie: Zwei ihrer Aktivisten klebten sich an Sandro Botticellis Gem\u00e4lde &#8220;Primavera&#8221;, w\u00e4hrend ihre [&hellip;]<\/p>\n","protected":false},"author":3,"featured_media":14904,"comment_status":"open","ping_status":"open","sticky":false,"template":"","format":"standard","meta":{"_oembed_d63dc00b5a58e92dbcc97e6cbc3846b9":["<iframe title=\"Uffizi4everyone - International Signs Video | Sandro Botticelli, Spring, 1480 c.\" width=\"500\" height=\"281\" src=\"https:\/\/www.youtube.com\/embed\/X2g6HUevdFQ?feature=oembed\" frameborder=\"0\" allow=\"accelerometer; autoplay; clipboard-write; encrypted-media; gyroscope; picture-in-picture\" allowfullscreen><\/iframe>"],"_oembed_time_d63dc00b5a58e92dbcc97e6cbc3846b9":["1658684249"],"wp_automatic_camp":["217"],"085053029eb9299b8fbe6306a48e8f61":["&quot;Kein Gas, keine Kohle!&quot;: Umweltsch\u00fctzer kleben sich an Botticellis &quot;Primavera&quot; in den Uffizien"],"original_link":["https:\/\/de.rt.com\/europa\/144313-kein-gas-keine-kohle-umweltschutzer\/"],"_thumbnail_id":["14904"],"_wptg_p2tg_sent2tg":["2022-07-24 19:38:34"],"jnews_social_counter_last_update":["1777608282"],"_oembed_b15c380bf356aeb8d04d02ee77fa6fbe":["<iframe title=\"Uffizi4everyone - International Signs Video | Sandro Botticelli, Spring, 1480 c.\" width=\"500\" height=\"281\" src=\"https:\/\/www.youtube.com\/embed\/X2g6HUevdFQ?feature=oembed\" frameborder=\"0\" allow=\"accelerometer; autoplay; clipboard-write; encrypted-media; gyroscope; picture-in-picture; web-share\" referrerpolicy=\"strict-origin-when-cross-origin\" allowfullscreen><\/iframe>"],"_oembed_time_b15c380bf356aeb8d04d02ee77fa6fbe":["1717672036"]},"categories":[19,23],"tags":[29113,48,796,375,21661,22246,19818,29114,434,29115,28279],"yoast_head":"<!-- This site is optimized with the Yoast SEO Premium plugin v22.7 (Yoast SEO v22.7) - https:\/\/yoast.com\/wordpress\/plugins\/seo\/ -->\n<title>&quot;Kein Gas, keine Kohle!&quot;: Umweltsch\u00fctzer kleben sich an Botticellis &quot;Primavera&quot; in den Uffizien - just-now.NEWS Deutschland<\/title>\n<meta name=\"robots\" content=\"index, follow, max-snippet:-1, max-image-preview:large, max-video-preview:-1\" \/>\n<link rel=\"canonical\" href=\"https:\/\/now-news.de\/de\/deutschland\/kein-gas-keine-kohle-umweltschuetzer-kleben-sich-an-botticellis-primavera-in-den-uffizien\/\" \/>\n<meta property=\"og:locale\" content=\"de_DE\" \/>\n<meta property=\"og:type\" content=\"article\" \/>\n<meta property=\"og:title\" content=\"&quot;Kein Gas, keine Kohle!&quot;: Umweltsch\u00fctzer kleben sich an Botticellis &quot;Primavera&quot; in den Uffizien\" \/>\n<meta property=\"og:description\" content=\"In den Uffizien haben sich zwei Umweltaktivisten an Sandro Botticellis &#8220;Primavera&#8221; festgeklebt. Dieser Protest ist eine weitere Aktion europ\u00e4ischer \u00d6ko-Vandalen, die bereits einige britische Museen angegriffen haben. Die italienische Umweltgruppe &#8220;Ultima Generazione&#8221; (Letzte Generation) beging einen Akt des \u00d6ko-Vandalismus in der ber\u00fchmten Uffizien-Galerie: Zwei ihrer Aktivisten klebten sich an Sandro Botticellis Gem\u00e4lde &#8220;Primavera&#8221;, w\u00e4hrend ihre [&hellip;]\" \/>\n<meta property=\"og:url\" content=\"https:\/\/now-news.de\/de\/deutschland\/kein-gas-keine-kohle-umweltschuetzer-kleben-sich-an-botticellis-primavera-in-den-uffizien\/\" \/>\n<meta property=\"og:site_name\" content=\"just-now.NEWS Deutschland\" \/>\n<meta property=\"article:publisher\" content=\"https:\/\/www.facebook.com\/wirmachenauf\" \/>\n<meta property=\"article:published_time\" content=\"2022-07-24T17:33:39+00:00\" \/>\n<meta property=\"og:image\" content=\"https:\/\/now-news.de\/de\/wp-content\/uploads\/sites\/3\/2022\/07\/quotKein-Gas-keine-Kohlequot-Umweltschuetzer-kleben-sich-an-Botticellis-quotPrimaveraquot.jpg\" \/>\n\t<meta property=\"og:image:width\" content=\"1280\" \/>\n\t<meta property=\"og:image:height\" content=\"854\" \/>\n\t<meta property=\"og:image:type\" content=\"image\/jpeg\" \/>\n<meta name=\"author\" content=\"rtnews\" \/>\n<meta name=\"twitter:card\" content=\"summary_large_image\" \/>\n<meta name=\"twitter:creator\" content=\"@WirMachenAuf_de\" \/>\n<meta name=\"twitter:site\" content=\"@WirMachenAuf_de\" \/>\n<meta name=\"twitter:label1\" content=\"Verfasst von\" \/>\n\t<meta name=\"twitter:data1\" content=\"rtnews\" \/>\n\t<meta name=\"twitter:label2\" content=\"Gesch\u00e4tzte Lesezeit\" \/>\n\t<meta name=\"twitter:data2\" content=\"3\u00a0Minuten\" \/>\n<script type=\"application\/ld+json\" class=\"yoast-schema-graph\">{\"@context\":\"https:\/\/schema.org\",\"@graph\":[{\"@type\":\"Article\",\"@id\":\"https:\/\/now-news.de\/de\/deutschland\/kein-gas-keine-kohle-umweltschuetzer-kleben-sich-an-botticellis-primavera-in-den-uffizien\/#article\",\"isPartOf\":{\"@id\":\"https:\/\/now-news.de\/de\/deutschland\/kein-gas-keine-kohle-umweltschuetzer-kleben-sich-an-botticellis-primavera-in-den-uffizien\/\"},\"author\":{\"name\":\"rtnews\",\"@id\":\"https:\/\/now-news.de\/de\/#\/schema\/person\/fb534a4e865501d8b3285208df34a9b5\"},\"headline\":\"&quot;Kein Gas, keine Kohle!&quot;: Umweltsch\u00fctzer kleben sich an Botticellis &quot;Primavera&quot; in den Uffizien\",\"datePublished\":\"2022-07-24T17:33:39+00:00\",\"dateModified\":\"2022-07-24T17:33:39+00:00\",\"mainEntityOfPage\":{\"@id\":\"https:\/\/now-news.de\/de\/deutschland\/kein-gas-keine-kohle-umweltschuetzer-kleben-sich-an-botticellis-primavera-in-den-uffizien\/\"},\"wordCount\":638,\"commentCount\":0,\"publisher\":{\"@id\":\"https:\/\/now-news.de\/de\/#organization\"},\"image\":{\"@id\":\"https:\/\/now-news.de\/de\/deutschland\/kein-gas-keine-kohle-umweltschuetzer-kleben-sich-an-botticellis-primavera-in-den-uffizien\/#primaryimage\"},\"thumbnailUrl\":\"https:\/\/now-news.de\/de\/wp-content\/uploads\/sites\/3\/2022\/07\/quotKein-Gas-keine-Kohlequot-Umweltschuetzer-kleben-sich-an-Botticellis-quotPrimaveraquot.jpg\",\"keywords\":[\"Botticellis\",\"den\",\"Gas\",\"keine\",\"kleben\",\"Kohlequot\",\"quotKein\",\"quotPrimaveraquot\",\"sich\",\"Uffizien\",\"Umweltsch\u00fctzer\"],\"articleSection\":[\"Deutschland\",\"Russland\"],\"inLanguage\":\"de\",\"potentialAction\":[{\"@type\":\"CommentAction\",\"name\":\"Comment\",\"target\":[\"https:\/\/now-news.de\/de\/deutschland\/kein-gas-keine-kohle-umweltschuetzer-kleben-sich-an-botticellis-primavera-in-den-uffizien\/#respond\"]}]},{\"@type\":\"WebPage\",\"@id\":\"https:\/\/now-news.de\/de\/deutschland\/kein-gas-keine-kohle-umweltschuetzer-kleben-sich-an-botticellis-primavera-in-den-uffizien\/\",\"url\":\"https:\/\/now-news.de\/de\/deutschland\/kein-gas-keine-kohle-umweltschuetzer-kleben-sich-an-botticellis-primavera-in-den-uffizien\/\",\"name\":\"&quot;Kein Gas, keine Kohle!&quot;: Umweltsch\u00fctzer kleben sich an Botticellis &quot;Primavera&quot; in den Uffizien - just-now.NEWS Deutschland\",\"isPartOf\":{\"@id\":\"https:\/\/now-news.de\/de\/#website\"},\"primaryImageOfPage\":{\"@id\":\"https:\/\/now-news.de\/de\/deutschland\/kein-gas-keine-kohle-umweltschuetzer-kleben-sich-an-botticellis-primavera-in-den-uffizien\/#primaryimage\"},\"image\":{\"@id\":\"https:\/\/now-news.de\/de\/deutschland\/kein-gas-keine-kohle-umweltschuetzer-kleben-sich-an-botticellis-primavera-in-den-uffizien\/#primaryimage\"},\"thumbnailUrl\":\"https:\/\/now-news.de\/de\/wp-content\/uploads\/sites\/3\/2022\/07\/quotKein-Gas-keine-Kohlequot-Umweltschuetzer-kleben-sich-an-Botticellis-quotPrimaveraquot.jpg\",\"datePublished\":\"2022-07-24T17:33:39+00:00\",\"dateModified\":\"2022-07-24T17:33:39+00:00\",\"breadcrumb\":{\"@id\":\"https:\/\/now-news.de\/de\/deutschland\/kein-gas-keine-kohle-umweltschuetzer-kleben-sich-an-botticellis-primavera-in-den-uffizien\/#breadcrumb\"},\"inLanguage\":\"de\",\"potentialAction\":[{\"@type\":\"ReadAction\",\"target\":[\"https:\/\/now-news.de\/de\/deutschland\/kein-gas-keine-kohle-umweltschuetzer-kleben-sich-an-botticellis-primavera-in-den-uffizien\/\"]}]},{\"@type\":\"ImageObject\",\"inLanguage\":\"de\",\"@id\":\"https:\/\/now-news.de\/de\/deutschland\/kein-gas-keine-kohle-umweltschuetzer-kleben-sich-an-botticellis-primavera-in-den-uffizien\/#primaryimage\",\"url\":\"https:\/\/now-news.de\/de\/wp-content\/uploads\/sites\/3\/2022\/07\/quotKein-Gas-keine-Kohlequot-Umweltschuetzer-kleben-sich-an-Botticellis-quotPrimaveraquot.jpg\",\"contentUrl\":\"https:\/\/now-news.de\/de\/wp-content\/uploads\/sites\/3\/2022\/07\/quotKein-Gas-keine-Kohlequot-Umweltschuetzer-kleben-sich-an-Botticellis-quotPrimaveraquot.jpg\",\"width\":1280,\"height\":854,\"caption\":\"&quot;Kein Gas, keine Kohle!&quot;: Umweltsch\u00fctzer kleben sich an Botticellis &quot;Primavera&quot; in den Uffizien\"},{\"@type\":\"BreadcrumbList\",\"@id\":\"https:\/\/now-news.de\/de\/deutschland\/kein-gas-keine-kohle-umweltschuetzer-kleben-sich-an-botticellis-primavera-in-den-uffizien\/#breadcrumb\",\"itemListElement\":[{\"@type\":\"ListItem\",\"position\":1,\"name\":\"Home\",\"item\":\"https:\/\/now-news.de\/de\/\"},{\"@type\":\"ListItem\",\"position\":2,\"name\":\"&quot;Kein Gas, keine Kohle!&quot;: Umweltsch\u00fctzer kleben sich an Botticellis &quot;Primavera&quot; in den Uffizien\"}]},{\"@type\":\"WebSite\",\"@id\":\"https:\/\/now-news.de\/de\/#website\",\"url\":\"https:\/\/now-news.de\/de\/\",\"name\":\"just-now.NEWS Deutschland\",\"description\":\"Das Portal f\u00fcr unzensierte Nachrichten aus der Welt\",\"publisher\":{\"@id\":\"https:\/\/now-news.de\/de\/#organization\"},\"potentialAction\":[{\"@type\":\"SearchAction\",\"target\":{\"@type\":\"EntryPoint\",\"urlTemplate\":\"https:\/\/now-news.de\/de\/?s={search_term_string}\"},\"query-input\":\"required name=search_term_string\"}],\"inLanguage\":\"de\"},{\"@type\":\"Organization\",\"@id\":\"https:\/\/now-news.de\/de\/#organization\",\"name\":\"Just Now News\",\"url\":\"https:\/\/now-news.de\/de\/\",\"logo\":{\"@type\":\"ImageObject\",\"inLanguage\":\"de\",\"@id\":\"https:\/\/now-news.de\/de\/#\/schema\/logo\/image\/\",\"url\":\"http:\/\/just-now.news\/de\/wp-content\/uploads\/sites\/3\/2022\/04\/logo500x500.jpg\",\"contentUrl\":\"http:\/\/just-now.news\/de\/wp-content\/uploads\/sites\/3\/2022\/04\/logo500x500.jpg\",\"width\":500,\"height\":500,\"caption\":\"Just Now News\"},\"image\":{\"@id\":\"https:\/\/now-news.de\/de\/#\/schema\/logo\/image\/\"},\"sameAs\":[\"https:\/\/www.facebook.com\/wirmachenauf\",\"https:\/\/x.com\/WirMachenAuf_de\"]},{\"@type\":\"Person\",\"@id\":\"https:\/\/now-news.de\/de\/#\/schema\/person\/fb534a4e865501d8b3285208df34a9b5\",\"name\":\"rtnews\",\"image\":{\"@type\":\"ImageObject\",\"inLanguage\":\"de\",\"@id\":\"https:\/\/now-news.de\/de\/#\/schema\/person\/image\/\",\"url\":\"https:\/\/secure.gravatar.com\/avatar\/82aafea7d8127119dd649515f56e2117?s=96&d=mm&r=g\",\"contentUrl\":\"https:\/\/secure.gravatar.com\/avatar\/82aafea7d8127119dd649515f56e2117?s=96&d=mm&r=g\",\"caption\":\"rtnews\"},\"url\":\"https:\/\/now-news.de\/de\/author\/rnews\/\"}]}<\/script>\n<!-- \/ Yoast SEO Premium plugin. -->","yoast_head_json":{"title":"&quot;Kein Gas, keine Kohle!&quot;: Umweltsch\u00fctzer kleben sich an Botticellis &quot;Primavera&quot; in den Uffizien - just-now.NEWS Deutschland","robots":{"index":"index","follow":"follow","max-snippet":"max-snippet:-1","max-image-preview":"max-image-preview:large","max-video-preview":"max-video-preview:-1"},"canonical":"https:\/\/now-news.de\/de\/deutschland\/kein-gas-keine-kohle-umweltschuetzer-kleben-sich-an-botticellis-primavera-in-den-uffizien\/","og_locale":"de_DE","og_type":"article","og_title":"&quot;Kein Gas, keine Kohle!&quot;: Umweltsch\u00fctzer kleben sich an Botticellis &quot;Primavera&quot; in den Uffizien","og_description":"In den Uffizien haben sich zwei Umweltaktivisten an Sandro Botticellis &#8220;Primavera&#8221; festgeklebt. Dieser Protest ist eine weitere Aktion europ\u00e4ischer \u00d6ko-Vandalen, die bereits einige britische Museen angegriffen haben. Die italienische Umweltgruppe &#8220;Ultima Generazione&#8221; (Letzte Generation) beging einen Akt des \u00d6ko-Vandalismus in der ber\u00fchmten Uffizien-Galerie: Zwei ihrer Aktivisten klebten sich an Sandro Botticellis Gem\u00e4lde &#8220;Primavera&#8221;, w\u00e4hrend ihre [&hellip;]","og_url":"https:\/\/now-news.de\/de\/deutschland\/kein-gas-keine-kohle-umweltschuetzer-kleben-sich-an-botticellis-primavera-in-den-uffizien\/","og_site_name":"just-now.NEWS Deutschland","article_publisher":"https:\/\/www.facebook.com\/wirmachenauf","article_published_time":"2022-07-24T17:33:39+00:00","og_image":[{"width":1280,"height":854,"url":"https:\/\/now-news.de\/de\/wp-content\/uploads\/sites\/3\/2022\/07\/quotKein-Gas-keine-Kohlequot-Umweltschuetzer-kleben-sich-an-Botticellis-quotPrimaveraquot.jpg","type":"image\/jpeg"}],"author":"rtnews","twitter_card":"summary_large_image","twitter_creator":"@WirMachenAuf_de","twitter_site":"@WirMachenAuf_de","twitter_misc":{"Verfasst von":"rtnews","Gesch\u00e4tzte Lesezeit":"3\u00a0Minuten"},"schema":{"@context":"https:\/\/schema.org","@graph":[{"@type":"Article","@id":"https:\/\/now-news.de\/de\/deutschland\/kein-gas-keine-kohle-umweltschuetzer-kleben-sich-an-botticellis-primavera-in-den-uffizien\/#article","isPartOf":{"@id":"https:\/\/now-news.de\/de\/deutschland\/kein-gas-keine-kohle-umweltschuetzer-kleben-sich-an-botticellis-primavera-in-den-uffizien\/"},"author":{"name":"rtnews","@id":"https:\/\/now-news.de\/de\/#\/schema\/person\/fb534a4e865501d8b3285208df34a9b5"},"headline":"&quot;Kein Gas, keine Kohle!&quot;: Umweltsch\u00fctzer kleben sich an Botticellis &quot;Primavera&quot; in den Uffizien","datePublished":"2022-07-24T17:33:39+00:00","dateModified":"2022-07-24T17:33:39+00:00","mainEntityOfPage":{"@id":"https:\/\/now-news.de\/de\/deutschland\/kein-gas-keine-kohle-umweltschuetzer-kleben-sich-an-botticellis-primavera-in-den-uffizien\/"},"wordCount":638,"commentCount":0,"publisher":{"@id":"https:\/\/now-news.de\/de\/#organization"},"image":{"@id":"https:\/\/now-news.de\/de\/deutschland\/kein-gas-keine-kohle-umweltschuetzer-kleben-sich-an-botticellis-primavera-in-den-uffizien\/#primaryimage"},"thumbnailUrl":"https:\/\/now-news.de\/de\/wp-content\/uploads\/sites\/3\/2022\/07\/quotKein-Gas-keine-Kohlequot-Umweltschuetzer-kleben-sich-an-Botticellis-quotPrimaveraquot.jpg","keywords":["Botticellis","den","Gas","keine","kleben","Kohlequot","quotKein","quotPrimaveraquot","sich","Uffizien","Umweltsch\u00fctzer"],"articleSection":["Deutschland","Russland"],"inLanguage":"de","potentialAction":[{"@type":"CommentAction","name":"Comment","target":["https:\/\/now-news.de\/de\/deutschland\/kein-gas-keine-kohle-umweltschuetzer-kleben-sich-an-botticellis-primavera-in-den-uffizien\/#respond"]}]},{"@type":"WebPage","@id":"https:\/\/now-news.de\/de\/deutschland\/kein-gas-keine-kohle-umweltschuetzer-kleben-sich-an-botticellis-primavera-in-den-uffizien\/","url":"https:\/\/now-news.de\/de\/deutschland\/kein-gas-keine-kohle-umweltschuetzer-kleben-sich-an-botticellis-primavera-in-den-uffizien\/","name":"&quot;Kein Gas, keine Kohle!&quot;: Umweltsch\u00fctzer kleben sich an Botticellis &quot;Primavera&quot; in den Uffizien - just-now.NEWS Deutschland","isPartOf":{"@id":"https:\/\/now-news.de\/de\/#website"},"primaryImageOfPage":{"@id":"https:\/\/now-news.de\/de\/deutschland\/kein-gas-keine-kohle-umweltschuetzer-kleben-sich-an-botticellis-primavera-in-den-uffizien\/#primaryimage"},"image":{"@id":"https:\/\/now-news.de\/de\/deutschland\/kein-gas-keine-kohle-umweltschuetzer-kleben-sich-an-botticellis-primavera-in-den-uffizien\/#primaryimage"},"thumbnailUrl":"https:\/\/now-news.de\/de\/wp-content\/uploads\/sites\/3\/2022\/07\/quotKein-Gas-keine-Kohlequot-Umweltschuetzer-kleben-sich-an-Botticellis-quotPrimaveraquot.jpg","datePublished":"2022-07-24T17:33:39+00:00","dateModified":"2022-07-24T17:33:39+00:00","breadcrumb":{"@id":"https:\/\/now-news.de\/de\/deutschland\/kein-gas-keine-kohle-umweltschuetzer-kleben-sich-an-botticellis-primavera-in-den-uffizien\/#breadcrumb"},"inLanguage":"de","potentialAction":[{"@type":"ReadAction","target":["https:\/\/now-news.de\/de\/deutschland\/kein-gas-keine-kohle-umweltschuetzer-kleben-sich-an-botticellis-primavera-in-den-uffizien\/"]}]},{"@type":"ImageObject","inLanguage":"de","@id":"https:\/\/now-news.de\/de\/deutschland\/kein-gas-keine-kohle-umweltschuetzer-kleben-sich-an-botticellis-primavera-in-den-uffizien\/#primaryimage","url":"https:\/\/now-news.de\/de\/wp-content\/uploads\/sites\/3\/2022\/07\/quotKein-Gas-keine-Kohlequot-Umweltschuetzer-kleben-sich-an-Botticellis-quotPrimaveraquot.jpg","contentUrl":"https:\/\/now-news.de\/de\/wp-content\/uploads\/sites\/3\/2022\/07\/quotKein-Gas-keine-Kohlequot-Umweltschuetzer-kleben-sich-an-Botticellis-quotPrimaveraquot.jpg","width":1280,"height":854,"caption":"&quot;Kein Gas, keine Kohle!&quot;: Umweltsch\u00fctzer kleben sich an Botticellis &quot;Primavera&quot; in den Uffizien"},{"@type":"BreadcrumbList","@id":"https:\/\/now-news.de\/de\/deutschland\/kein-gas-keine-kohle-umweltschuetzer-kleben-sich-an-botticellis-primavera-in-den-uffizien\/#breadcrumb","itemListElement":[{"@type":"ListItem","position":1,"name":"Home","item":"https:\/\/now-news.de\/de\/"},{"@type":"ListItem","position":2,"name":"&quot;Kein Gas, keine Kohle!&quot;: Umweltsch\u00fctzer kleben sich an Botticellis &quot;Primavera&quot; in den Uffizien"}]},{"@type":"WebSite","@id":"https:\/\/now-news.de\/de\/#website","url":"https:\/\/now-news.de\/de\/","name":"just-now.NEWS Deutschland","description":"Das Portal f\u00fcr unzensierte Nachrichten aus der Welt","publisher":{"@id":"https:\/\/now-news.de\/de\/#organization"},"potentialAction":[{"@type":"SearchAction","target":{"@type":"EntryPoint","urlTemplate":"https:\/\/now-news.de\/de\/?s={search_term_string}"},"query-input":"required name=search_term_string"}],"inLanguage":"de"},{"@type":"Organization","@id":"https:\/\/now-news.de\/de\/#organization","name":"Just Now News","url":"https:\/\/now-news.de\/de\/","logo":{"@type":"ImageObject","inLanguage":"de","@id":"https:\/\/now-news.de\/de\/#\/schema\/logo\/image\/","url":"http:\/\/just-now.news\/de\/wp-content\/uploads\/sites\/3\/2022\/04\/logo500x500.jpg","contentUrl":"http:\/\/just-now.news\/de\/wp-content\/uploads\/sites\/3\/2022\/04\/logo500x500.jpg","width":500,"height":500,"caption":"Just Now News"},"image":{"@id":"https:\/\/now-news.de\/de\/#\/schema\/logo\/image\/"},"sameAs":["https:\/\/www.facebook.com\/wirmachenauf","https:\/\/x.com\/WirMachenAuf_de"]},{"@type":"Person","@id":"https:\/\/now-news.de\/de\/#\/schema\/person\/fb534a4e865501d8b3285208df34a9b5","name":"rtnews","image":{"@type":"ImageObject","inLanguage":"de","@id":"https:\/\/now-news.de\/de\/#\/schema\/person\/image\/","url":"https:\/\/secure.gravatar.com\/avatar\/82aafea7d8127119dd649515f56e2117?s=96&d=mm&r=g","contentUrl":"https:\/\/secure.gravatar.com\/avatar\/82aafea7d8127119dd649515f56e2117?s=96&d=mm&r=g","caption":"rtnews"},"url":"https:\/\/now-news.de\/de\/author\/rnews\/"}]}},"_links":{"self":[{"href":"https:\/\/now-news.de\/de\/wp-json\/wp\/v2\/posts\/14903"}],"collection":[{"href":"https:\/\/now-news.de\/de\/wp-json\/wp\/v2\/posts"}],"about":[{"href":"https:\/\/now-news.de\/de\/wp-json\/wp\/v2\/types\/post"}],"author":[{"embeddable":true,"href":"https:\/\/now-news.de\/de\/wp-json\/wp\/v2\/users\/3"}],"replies":[{"embeddable":true,"href":"https:\/\/now-news.de\/de\/wp-json\/wp\/v2\/comments?post=14903"}],"version-history":[{"count":0,"href":"https:\/\/now-news.de\/de\/wp-json\/wp\/v2\/posts\/14903\/revisions"}],"wp:featuredmedia":[{"embeddable":true,"href":"https:\/\/now-news.de\/de\/wp-json\/wp\/v2\/media\/14904"}],"wp:attachment":[{"href":"https:\/\/now-news.de\/de\/wp-json\/wp\/v2\/media?parent=14903"}],"wp:term":[{"taxonomy":"category","embeddable":true,"href":"https:\/\/now-news.de\/de\/wp-json\/wp\/v2\/categories?post=14903"},{"taxonomy":"post_tag","embeddable":true,"href":"https:\/\/now-news.de\/de\/wp-json\/wp\/v2\/tags?post=14903"}],"curies":[{"name":"wp","href":"https:\/\/api.w.org\/{rel}","templated":true}]}}