{"id":14881,"date":"2022-07-24T15:09:50","date_gmt":"2022-07-24T13:09:50","guid":{"rendered":"http:\/\/just-now.news\/de\/deutschland\/wegen-kauf-von-drohnen-estland-verurteilt-russischen-fernfahrer-zu-gefaengnis\/"},"modified":"2022-07-24T15:09:50","modified_gmt":"2022-07-24T13:09:50","slug":"wegen-kauf-von-drohnen-estland-verurteilt-russischen-fernfahrer-zu-gefaengnis","status":"publish","type":"post","link":"https:\/\/now-news.de\/de\/deutschland\/wegen-kauf-von-drohnen-estland-verurteilt-russischen-fernfahrer-zu-gefaengnis\/","title":{"rendered":"Wegen Kauf von Drohnen: Estland verurteilt russischen Fernfahrer zu Gef\u00e4ngnis"},"content":{"rendered":"<p><img decoding=\"async\" src=\"http:\/\/just-now.news\/de\/wp-content\/uploads\/sites\/3\/2022\/07\/62dd2c8eb480cc3a9b585854.jpg\" \/><\/p>\n<div class=\"Text-root Text-type_1 \">\n                Estland warf einem Fernfahrer mit russischer und estnischer Staatsb\u00fcrgerschaft vor, im freien Handel erh\u00e4ltliche Drohnen gekauft zu haben, um damit russische Luftlandetruppen zu unterst\u00fctzen. Zwei weitere Fernfahrer wurden zudem f\u00fcr schuldig befunden, Geld f\u00fcr diesen Kauf der Drohnen gespendet zu haben.\n            <\/div>\n<p><\/p>\n<div class=\"Text-root Text-type_5 ArticleView-text ViewText-root \">\n<p>Ein russischer Fernfahrer wurde am vergangenen Freitag von einem estnischen Gericht zu einer Haftstrafe von einem Jahr verurteilt, weil er die sogenannte &#8220;russische Aggression&#8221; in der Ukraine unterst\u00fctzt hatte. Wladimir Schilow sammelte Geld, um drei kleine Quadrokopter zu kaufen, die er russischen Fallschirmtruppen \u00fcbergeben wollte, so die Anklage der Staatsanwaltschaft des baltischen Staates. Zwei weitere M\u00e4nner wurden ebenfalls verurteilt, weil sie Geld zum Crowdfunding von Schilow gespendet hatten.<\/p>\n<p>Ein Gericht im n\u00f6rdlichen <a rel=\"nofollow noopener\" target=\"_blank\" href=\"https:\/\/de.wikipedia.org\/wiki\/Kreis_Harju\">Landkreis Harju<\/a> verurteilte Schilow zu vier Monaten Gef\u00e4ngnis und setzte die restlichen acht Monate zur Bew\u00e4hrung aus, sofern er in den n\u00e4chsten vier Jahren nicht erneut gegen ein Gesetz verst\u00f6\u00dft. Au\u00dferdem verurteilte das Gericht den Angeklagten zur \u00dcbernahme der Gerichtskosten in der H\u00f6he von \u00fcber 1.600 Euro.<\/p>\n<p>Staatsanw\u00e4ltin Melinda Ulend beschuldigte Schilow, gegen Artikel 91-1 des estnischen Strafgesetzbuchs versto\u00dfen zu haben, indem er &#8220;f\u00fcr Kampfhandlungen ben\u00f6tigte Ausr\u00fcstung&#8221; gekauft und damit &#8220;eine Aggression&#8221; unterst\u00fctzt sowie Gelder f\u00fcr das russische Milit\u00e4r gesammelt habe. Die gesetzliche H\u00f6chststrafe f\u00fcr dieses Vergehen betr\u00e4gt in Estland f\u00fcnf Jahre Gef\u00e4ngnis.<\/p>\n<p>Die estnische Staatsanw\u00e4ltin warf Schilow vor, sein eigenes Geld sowie Gelder aus einer Online-Spendenaktion daf\u00fcr verwendet zu haben, um drei kleine Drohnen zu kaufen \u2013 mit der Absicht, diese nach Russland zu transportieren. Der Fernfahrer wurde jedoch am 28. Mai am Grenz\u00fcbergang Koidula festgenommen. Die estnische Kriminalpolizei wollte nicht sagen, ob ihr Haftbefehl auf einem <a rel=\"nofollow noopener\" target=\"_blank\" href=\"https:\/\/vk.com\/wall43236293_38493\">Foto<\/a> beruhte, das Schilow im russischen sozialen Netzwerk VK gepostet hatte und welches die Drohnen in der Fahrerkabine seines Lastwagens zeigt.<\/p>\n<p>Der Social-Media-Kanal des 43-j\u00e4hrigen Schilow enth\u00e4lt auch Stellungnahmen der Unterst\u00fctzung der russischen Milit\u00e4roperation in der Ukraine sowie ein Foto von ihm in einem T-Shirt mit der Aufschrift &#8220;Ich bin Russe&#8221;, ebenso Videos, die ihn an verschiedenen Orten in der russischen Region Pskow zeigen, wo er seinen st\u00e4ndigen Wohnsitz hat. Schilow ist Doppelstaatsb\u00fcrger und hat sowohl die russische als auch die estnische Staatsb\u00fcrgerschaft.<\/p>\n<p>Zwei weitere Fernfahrer, Ilja und Ruslan Golembowski, wurden f\u00fcr schuldig befunden, Geld an Schilow gespendet zu haben. Sie wurden zu f\u00fcnf Monaten Haft auf Bew\u00e4hrung und zur Zahlung der Gerichtskosten von jeweils rund 1.200 Euro verurteilt. Die Staatsanwaltschaft befand, dass Schilow und seine beiden Verb\u00fcndeten versucht h\u00e4tten, die Drohnen ins russische Pskow zu schmuggeln, wo zuf\u00e4llig eines der Hauptquartiere der russischen Elite-Luftlandetruppen liegt.<\/p>\n<p>Es gibt mehrere Gruppen im russischen Sozialnetzwerk VK, die aus Pskow stammen und die Crowdfunding f\u00fcr kommerziell erh\u00e4ltliche Drohnen betreiben, die dann an das russische Milit\u00e4r gespendet werden. Eine dieser Gruppe besteht aus Anh\u00e4ngern der 76. Luftangriffsdivision, aber die Administratoren der Gruppe sagten gegen\u00fcber der russischen Zeitung <em>Kommersant<\/em>, dass Schilow keinerlei Verbindungen zu ihnen habe.<\/p>\n<p>Die fr\u00fchere Sowjetrepublik Estland, heute Mitglied sowohl der EU als auch der NATO, hat rund 1,3 Millionen Einwohner, von denen fast ein Viertel ethnische Russen sind. Die Regierung in Tallinn hatte k\u00fcrzlich beschlossen, den Russischunterricht in Grundschulen g\u00e4nzlich abzuschaffen. Meinungsverschiedenheiten dar\u00fcber, wie dies umgesetzt werden soll, f\u00fchrten zum Sturz der Regierungskoalition und zum R\u00fccktritt von Ministerpr\u00e4sidentin <a rel=\"nofollow noopener\" target=\"_blank\" href=\"https:\/\/de.wikipedia.org\/wiki\/Kaja_Kallas\">Kaja Kallas<\/a>, die als eine ausgesprochene Unterst\u00fctzerin der Ukraine gilt.<\/p>\n<p><strong>Mehr zum Thema<\/strong> &#8211;\u00a0<a rel=\"nofollow noopener\" target=\"_blank\" href=\"https:\/\/de.rt.com\/meinung\/142570-weltweit-grossten-sponsoren-eigener-imperialer\/\">Die weltweit gr\u00f6\u00dften Sponsoren eigener imperialer Macht fordern die &#8220;Dekolonisierung&#8221; Russlands<\/a><\/p>\n<\/div>\n<p><br \/>\n<br \/><a href=\"https:\/\/de.rt.com\/europa\/144307-wegen-kauf-von-drohnen-estland\/\">Source link <\/a><\/p>\n","protected":false},"excerpt":{"rendered":"<p>Estland warf einem Fernfahrer mit russischer und estnischer Staatsb\u00fcrgerschaft vor, im freien Handel erh\u00e4ltliche Drohnen gekauft zu haben, um damit russische Luftlandetruppen zu unterst\u00fctzen. Zwei weitere Fernfahrer wurden zudem f\u00fcr schuldig befunden, Geld f\u00fcr diesen Kauf der Drohnen gespendet zu haben. Ein russischer Fernfahrer wurde am vergangenen Freitag von einem estnischen Gericht zu einer Haftstrafe [&hellip;]<\/p>\n","protected":false},"author":3,"featured_media":14882,"comment_status":"open","ping_status":"open","sticky":false,"template":"","format":"standard","meta":{"wp_automatic_camp":["217"],"9d76541eecddb7121569395fcf7ea313":["Wegen Kauf von Drohnen: Estland verurteilt russischen Fernfahrer zu Gef\u00e4ngnis"],"original_link":["https:\/\/de.rt.com\/europa\/144307-wegen-kauf-von-drohnen-estland\/"],"_thumbnail_id":["14882"],"_wptg_p2tg_sent2tg":["2022-07-24 15:20:32"],"jnews_social_counter_last_update":["1777275272"]},"categories":[19,23],"tags":[11475,14642,29098,7567,4260,973,2006,50,145],"yoast_head":"<!-- This site is optimized with the Yoast SEO Premium plugin v22.7 (Yoast SEO v22.7) - https:\/\/yoast.com\/wordpress\/plugins\/seo\/ -->\n<title>Wegen Kauf von Drohnen: Estland verurteilt russischen Fernfahrer zu Gef\u00e4ngnis - just-now.NEWS Deutschland<\/title>\n<meta name=\"robots\" content=\"index, follow, max-snippet:-1, max-image-preview:large, max-video-preview:-1\" \/>\n<link rel=\"canonical\" href=\"https:\/\/now-news.de\/de\/deutschland\/wegen-kauf-von-drohnen-estland-verurteilt-russischen-fernfahrer-zu-gefaengnis\/\" \/>\n<meta property=\"og:locale\" content=\"de_DE\" \/>\n<meta property=\"og:type\" content=\"article\" \/>\n<meta property=\"og:title\" content=\"Wegen Kauf von Drohnen: Estland verurteilt russischen Fernfahrer zu Gef\u00e4ngnis\" \/>\n<meta property=\"og:description\" content=\"Estland warf einem Fernfahrer mit russischer und estnischer Staatsb\u00fcrgerschaft vor, im freien Handel erh\u00e4ltliche Drohnen gekauft zu haben, um damit russische Luftlandetruppen zu unterst\u00fctzen. Zwei weitere Fernfahrer wurden zudem f\u00fcr schuldig befunden, Geld f\u00fcr diesen Kauf der Drohnen gespendet zu haben. Ein russischer Fernfahrer wurde am vergangenen Freitag von einem estnischen Gericht zu einer Haftstrafe [&hellip;]\" \/>\n<meta property=\"og:url\" content=\"https:\/\/now-news.de\/de\/deutschland\/wegen-kauf-von-drohnen-estland-verurteilt-russischen-fernfahrer-zu-gefaengnis\/\" \/>\n<meta property=\"og:site_name\" content=\"just-now.NEWS Deutschland\" \/>\n<meta property=\"article:publisher\" content=\"https:\/\/www.facebook.com\/wirmachenauf\" \/>\n<meta property=\"article:published_time\" content=\"2022-07-24T13:09:50+00:00\" \/>\n<meta property=\"og:image\" content=\"https:\/\/now-news.de\/de\/wp-content\/uploads\/sites\/3\/2022\/07\/Wegen-Kauf-von-Drohnen-Estland-verurteilt-russischen-Fernfahrer-zu-Gefaengnis.jpg\" \/>\n\t<meta property=\"og:image:width\" content=\"460\" \/>\n\t<meta property=\"og:image:height\" content=\"259\" \/>\n\t<meta property=\"og:image:type\" content=\"image\/jpeg\" \/>\n<meta name=\"author\" content=\"rtnews\" \/>\n<meta name=\"twitter:card\" content=\"summary_large_image\" \/>\n<meta name=\"twitter:creator\" content=\"@WirMachenAuf_de\" \/>\n<meta name=\"twitter:site\" content=\"@WirMachenAuf_de\" \/>\n<meta name=\"twitter:label1\" content=\"Verfasst von\" \/>\n\t<meta name=\"twitter:data1\" content=\"rtnews\" \/>\n\t<meta name=\"twitter:label2\" content=\"Gesch\u00e4tzte Lesezeit\" \/>\n\t<meta name=\"twitter:data2\" content=\"3\u00a0Minuten\" \/>\n<script type=\"application\/ld+json\" class=\"yoast-schema-graph\">{\"@context\":\"https:\/\/schema.org\",\"@graph\":[{\"@type\":\"Article\",\"@id\":\"https:\/\/now-news.de\/de\/deutschland\/wegen-kauf-von-drohnen-estland-verurteilt-russischen-fernfahrer-zu-gefaengnis\/#article\",\"isPartOf\":{\"@id\":\"https:\/\/now-news.de\/de\/deutschland\/wegen-kauf-von-drohnen-estland-verurteilt-russischen-fernfahrer-zu-gefaengnis\/\"},\"author\":{\"name\":\"rtnews\",\"@id\":\"https:\/\/now-news.de\/de\/#\/schema\/person\/fb534a4e865501d8b3285208df34a9b5\"},\"headline\":\"Wegen Kauf von Drohnen: Estland verurteilt russischen Fernfahrer zu Gef\u00e4ngnis\",\"datePublished\":\"2022-07-24T13:09:50+00:00\",\"dateModified\":\"2022-07-24T13:09:50+00:00\",\"mainEntityOfPage\":{\"@id\":\"https:\/\/now-news.de\/de\/deutschland\/wegen-kauf-von-drohnen-estland-verurteilt-russischen-fernfahrer-zu-gefaengnis\/\"},\"wordCount\":608,\"commentCount\":0,\"publisher\":{\"@id\":\"https:\/\/now-news.de\/de\/#organization\"},\"image\":{\"@id\":\"https:\/\/now-news.de\/de\/deutschland\/wegen-kauf-von-drohnen-estland-verurteilt-russischen-fernfahrer-zu-gefaengnis\/#primaryimage\"},\"thumbnailUrl\":\"https:\/\/now-news.de\/de\/wp-content\/uploads\/sites\/3\/2022\/07\/Wegen-Kauf-von-Drohnen-Estland-verurteilt-russischen-Fernfahrer-zu-Gefaengnis.jpg\",\"keywords\":[\"Drohnen\",\"Estland\",\"Fernfahrer\",\"Gef\u00e4ngnis\",\"Kauf\",\"russischen\",\"verurteilt\",\"von\",\"wegen\"],\"articleSection\":[\"Deutschland\",\"Russland\"],\"inLanguage\":\"de\",\"potentialAction\":[{\"@type\":\"CommentAction\",\"name\":\"Comment\",\"target\":[\"https:\/\/now-news.de\/de\/deutschland\/wegen-kauf-von-drohnen-estland-verurteilt-russischen-fernfahrer-zu-gefaengnis\/#respond\"]}]},{\"@type\":\"WebPage\",\"@id\":\"https:\/\/now-news.de\/de\/deutschland\/wegen-kauf-von-drohnen-estland-verurteilt-russischen-fernfahrer-zu-gefaengnis\/\",\"url\":\"https:\/\/now-news.de\/de\/deutschland\/wegen-kauf-von-drohnen-estland-verurteilt-russischen-fernfahrer-zu-gefaengnis\/\",\"name\":\"Wegen Kauf von Drohnen: Estland verurteilt russischen Fernfahrer zu Gef\u00e4ngnis - just-now.NEWS Deutschland\",\"isPartOf\":{\"@id\":\"https:\/\/now-news.de\/de\/#website\"},\"primaryImageOfPage\":{\"@id\":\"https:\/\/now-news.de\/de\/deutschland\/wegen-kauf-von-drohnen-estland-verurteilt-russischen-fernfahrer-zu-gefaengnis\/#primaryimage\"},\"image\":{\"@id\":\"https:\/\/now-news.de\/de\/deutschland\/wegen-kauf-von-drohnen-estland-verurteilt-russischen-fernfahrer-zu-gefaengnis\/#primaryimage\"},\"thumbnailUrl\":\"https:\/\/now-news.de\/de\/wp-content\/uploads\/sites\/3\/2022\/07\/Wegen-Kauf-von-Drohnen-Estland-verurteilt-russischen-Fernfahrer-zu-Gefaengnis.jpg\",\"datePublished\":\"2022-07-24T13:09:50+00:00\",\"dateModified\":\"2022-07-24T13:09:50+00:00\",\"breadcrumb\":{\"@id\":\"https:\/\/now-news.de\/de\/deutschland\/wegen-kauf-von-drohnen-estland-verurteilt-russischen-fernfahrer-zu-gefaengnis\/#breadcrumb\"},\"inLanguage\":\"de\",\"potentialAction\":[{\"@type\":\"ReadAction\",\"target\":[\"https:\/\/now-news.de\/de\/deutschland\/wegen-kauf-von-drohnen-estland-verurteilt-russischen-fernfahrer-zu-gefaengnis\/\"]}]},{\"@type\":\"ImageObject\",\"inLanguage\":\"de\",\"@id\":\"https:\/\/now-news.de\/de\/deutschland\/wegen-kauf-von-drohnen-estland-verurteilt-russischen-fernfahrer-zu-gefaengnis\/#primaryimage\",\"url\":\"https:\/\/now-news.de\/de\/wp-content\/uploads\/sites\/3\/2022\/07\/Wegen-Kauf-von-Drohnen-Estland-verurteilt-russischen-Fernfahrer-zu-Gefaengnis.jpg\",\"contentUrl\":\"https:\/\/now-news.de\/de\/wp-content\/uploads\/sites\/3\/2022\/07\/Wegen-Kauf-von-Drohnen-Estland-verurteilt-russischen-Fernfahrer-zu-Gefaengnis.jpg\",\"width\":460,\"height\":259,\"caption\":\"Wegen Kauf von Drohnen: Estland verurteilt russischen Fernfahrer zu Gef\u00e4ngnis\"},{\"@type\":\"BreadcrumbList\",\"@id\":\"https:\/\/now-news.de\/de\/deutschland\/wegen-kauf-von-drohnen-estland-verurteilt-russischen-fernfahrer-zu-gefaengnis\/#breadcrumb\",\"itemListElement\":[{\"@type\":\"ListItem\",\"position\":1,\"name\":\"Home\",\"item\":\"https:\/\/now-news.de\/de\/\"},{\"@type\":\"ListItem\",\"position\":2,\"name\":\"Wegen Kauf von Drohnen: Estland verurteilt russischen Fernfahrer zu Gef\u00e4ngnis\"}]},{\"@type\":\"WebSite\",\"@id\":\"https:\/\/now-news.de\/de\/#website\",\"url\":\"https:\/\/now-news.de\/de\/\",\"name\":\"just-now.NEWS Deutschland\",\"description\":\"Das Portal f\u00fcr unzensierte Nachrichten aus der Welt\",\"publisher\":{\"@id\":\"https:\/\/now-news.de\/de\/#organization\"},\"potentialAction\":[{\"@type\":\"SearchAction\",\"target\":{\"@type\":\"EntryPoint\",\"urlTemplate\":\"https:\/\/now-news.de\/de\/?s={search_term_string}\"},\"query-input\":\"required name=search_term_string\"}],\"inLanguage\":\"de\"},{\"@type\":\"Organization\",\"@id\":\"https:\/\/now-news.de\/de\/#organization\",\"name\":\"Just Now News\",\"url\":\"https:\/\/now-news.de\/de\/\",\"logo\":{\"@type\":\"ImageObject\",\"inLanguage\":\"de\",\"@id\":\"https:\/\/now-news.de\/de\/#\/schema\/logo\/image\/\",\"url\":\"http:\/\/just-now.news\/de\/wp-content\/uploads\/sites\/3\/2022\/04\/logo500x500.jpg\",\"contentUrl\":\"http:\/\/just-now.news\/de\/wp-content\/uploads\/sites\/3\/2022\/04\/logo500x500.jpg\",\"width\":500,\"height\":500,\"caption\":\"Just Now News\"},\"image\":{\"@id\":\"https:\/\/now-news.de\/de\/#\/schema\/logo\/image\/\"},\"sameAs\":[\"https:\/\/www.facebook.com\/wirmachenauf\",\"https:\/\/x.com\/WirMachenAuf_de\"]},{\"@type\":\"Person\",\"@id\":\"https:\/\/now-news.de\/de\/#\/schema\/person\/fb534a4e865501d8b3285208df34a9b5\",\"name\":\"rtnews\",\"image\":{\"@type\":\"ImageObject\",\"inLanguage\":\"de\",\"@id\":\"https:\/\/now-news.de\/de\/#\/schema\/person\/image\/\",\"url\":\"https:\/\/secure.gravatar.com\/avatar\/82aafea7d8127119dd649515f56e2117?s=96&d=mm&r=g\",\"contentUrl\":\"https:\/\/secure.gravatar.com\/avatar\/82aafea7d8127119dd649515f56e2117?s=96&d=mm&r=g\",\"caption\":\"rtnews\"},\"url\":\"https:\/\/now-news.de\/de\/author\/rnews\/\"}]}<\/script>\n<!-- \/ Yoast SEO Premium plugin. -->","yoast_head_json":{"title":"Wegen Kauf von Drohnen: Estland verurteilt russischen Fernfahrer zu Gef\u00e4ngnis - just-now.NEWS Deutschland","robots":{"index":"index","follow":"follow","max-snippet":"max-snippet:-1","max-image-preview":"max-image-preview:large","max-video-preview":"max-video-preview:-1"},"canonical":"https:\/\/now-news.de\/de\/deutschland\/wegen-kauf-von-drohnen-estland-verurteilt-russischen-fernfahrer-zu-gefaengnis\/","og_locale":"de_DE","og_type":"article","og_title":"Wegen Kauf von Drohnen: Estland verurteilt russischen Fernfahrer zu Gef\u00e4ngnis","og_description":"Estland warf einem Fernfahrer mit russischer und estnischer Staatsb\u00fcrgerschaft vor, im freien Handel erh\u00e4ltliche Drohnen gekauft zu haben, um damit russische Luftlandetruppen zu unterst\u00fctzen. Zwei weitere Fernfahrer wurden zudem f\u00fcr schuldig befunden, Geld f\u00fcr diesen Kauf der Drohnen gespendet zu haben. Ein russischer Fernfahrer wurde am vergangenen Freitag von einem estnischen Gericht zu einer Haftstrafe [&hellip;]","og_url":"https:\/\/now-news.de\/de\/deutschland\/wegen-kauf-von-drohnen-estland-verurteilt-russischen-fernfahrer-zu-gefaengnis\/","og_site_name":"just-now.NEWS Deutschland","article_publisher":"https:\/\/www.facebook.com\/wirmachenauf","article_published_time":"2022-07-24T13:09:50+00:00","og_image":[{"width":460,"height":259,"url":"https:\/\/now-news.de\/de\/wp-content\/uploads\/sites\/3\/2022\/07\/Wegen-Kauf-von-Drohnen-Estland-verurteilt-russischen-Fernfahrer-zu-Gefaengnis.jpg","type":"image\/jpeg"}],"author":"rtnews","twitter_card":"summary_large_image","twitter_creator":"@WirMachenAuf_de","twitter_site":"@WirMachenAuf_de","twitter_misc":{"Verfasst von":"rtnews","Gesch\u00e4tzte Lesezeit":"3\u00a0Minuten"},"schema":{"@context":"https:\/\/schema.org","@graph":[{"@type":"Article","@id":"https:\/\/now-news.de\/de\/deutschland\/wegen-kauf-von-drohnen-estland-verurteilt-russischen-fernfahrer-zu-gefaengnis\/#article","isPartOf":{"@id":"https:\/\/now-news.de\/de\/deutschland\/wegen-kauf-von-drohnen-estland-verurteilt-russischen-fernfahrer-zu-gefaengnis\/"},"author":{"name":"rtnews","@id":"https:\/\/now-news.de\/de\/#\/schema\/person\/fb534a4e865501d8b3285208df34a9b5"},"headline":"Wegen Kauf von Drohnen: Estland verurteilt russischen Fernfahrer zu Gef\u00e4ngnis","datePublished":"2022-07-24T13:09:50+00:00","dateModified":"2022-07-24T13:09:50+00:00","mainEntityOfPage":{"@id":"https:\/\/now-news.de\/de\/deutschland\/wegen-kauf-von-drohnen-estland-verurteilt-russischen-fernfahrer-zu-gefaengnis\/"},"wordCount":608,"commentCount":0,"publisher":{"@id":"https:\/\/now-news.de\/de\/#organization"},"image":{"@id":"https:\/\/now-news.de\/de\/deutschland\/wegen-kauf-von-drohnen-estland-verurteilt-russischen-fernfahrer-zu-gefaengnis\/#primaryimage"},"thumbnailUrl":"https:\/\/now-news.de\/de\/wp-content\/uploads\/sites\/3\/2022\/07\/Wegen-Kauf-von-Drohnen-Estland-verurteilt-russischen-Fernfahrer-zu-Gefaengnis.jpg","keywords":["Drohnen","Estland","Fernfahrer","Gef\u00e4ngnis","Kauf","russischen","verurteilt","von","wegen"],"articleSection":["Deutschland","Russland"],"inLanguage":"de","potentialAction":[{"@type":"CommentAction","name":"Comment","target":["https:\/\/now-news.de\/de\/deutschland\/wegen-kauf-von-drohnen-estland-verurteilt-russischen-fernfahrer-zu-gefaengnis\/#respond"]}]},{"@type":"WebPage","@id":"https:\/\/now-news.de\/de\/deutschland\/wegen-kauf-von-drohnen-estland-verurteilt-russischen-fernfahrer-zu-gefaengnis\/","url":"https:\/\/now-news.de\/de\/deutschland\/wegen-kauf-von-drohnen-estland-verurteilt-russischen-fernfahrer-zu-gefaengnis\/","name":"Wegen Kauf von Drohnen: Estland verurteilt russischen Fernfahrer zu Gef\u00e4ngnis - just-now.NEWS Deutschland","isPartOf":{"@id":"https:\/\/now-news.de\/de\/#website"},"primaryImageOfPage":{"@id":"https:\/\/now-news.de\/de\/deutschland\/wegen-kauf-von-drohnen-estland-verurteilt-russischen-fernfahrer-zu-gefaengnis\/#primaryimage"},"image":{"@id":"https:\/\/now-news.de\/de\/deutschland\/wegen-kauf-von-drohnen-estland-verurteilt-russischen-fernfahrer-zu-gefaengnis\/#primaryimage"},"thumbnailUrl":"https:\/\/now-news.de\/de\/wp-content\/uploads\/sites\/3\/2022\/07\/Wegen-Kauf-von-Drohnen-Estland-verurteilt-russischen-Fernfahrer-zu-Gefaengnis.jpg","datePublished":"2022-07-24T13:09:50+00:00","dateModified":"2022-07-24T13:09:50+00:00","breadcrumb":{"@id":"https:\/\/now-news.de\/de\/deutschland\/wegen-kauf-von-drohnen-estland-verurteilt-russischen-fernfahrer-zu-gefaengnis\/#breadcrumb"},"inLanguage":"de","potentialAction":[{"@type":"ReadAction","target":["https:\/\/now-news.de\/de\/deutschland\/wegen-kauf-von-drohnen-estland-verurteilt-russischen-fernfahrer-zu-gefaengnis\/"]}]},{"@type":"ImageObject","inLanguage":"de","@id":"https:\/\/now-news.de\/de\/deutschland\/wegen-kauf-von-drohnen-estland-verurteilt-russischen-fernfahrer-zu-gefaengnis\/#primaryimage","url":"https:\/\/now-news.de\/de\/wp-content\/uploads\/sites\/3\/2022\/07\/Wegen-Kauf-von-Drohnen-Estland-verurteilt-russischen-Fernfahrer-zu-Gefaengnis.jpg","contentUrl":"https:\/\/now-news.de\/de\/wp-content\/uploads\/sites\/3\/2022\/07\/Wegen-Kauf-von-Drohnen-Estland-verurteilt-russischen-Fernfahrer-zu-Gefaengnis.jpg","width":460,"height":259,"caption":"Wegen Kauf von Drohnen: Estland verurteilt russischen Fernfahrer zu Gef\u00e4ngnis"},{"@type":"BreadcrumbList","@id":"https:\/\/now-news.de\/de\/deutschland\/wegen-kauf-von-drohnen-estland-verurteilt-russischen-fernfahrer-zu-gefaengnis\/#breadcrumb","itemListElement":[{"@type":"ListItem","position":1,"name":"Home","item":"https:\/\/now-news.de\/de\/"},{"@type":"ListItem","position":2,"name":"Wegen Kauf von Drohnen: Estland verurteilt russischen Fernfahrer zu Gef\u00e4ngnis"}]},{"@type":"WebSite","@id":"https:\/\/now-news.de\/de\/#website","url":"https:\/\/now-news.de\/de\/","name":"just-now.NEWS Deutschland","description":"Das Portal f\u00fcr unzensierte Nachrichten aus der Welt","publisher":{"@id":"https:\/\/now-news.de\/de\/#organization"},"potentialAction":[{"@type":"SearchAction","target":{"@type":"EntryPoint","urlTemplate":"https:\/\/now-news.de\/de\/?s={search_term_string}"},"query-input":"required name=search_term_string"}],"inLanguage":"de"},{"@type":"Organization","@id":"https:\/\/now-news.de\/de\/#organization","name":"Just Now News","url":"https:\/\/now-news.de\/de\/","logo":{"@type":"ImageObject","inLanguage":"de","@id":"https:\/\/now-news.de\/de\/#\/schema\/logo\/image\/","url":"http:\/\/just-now.news\/de\/wp-content\/uploads\/sites\/3\/2022\/04\/logo500x500.jpg","contentUrl":"http:\/\/just-now.news\/de\/wp-content\/uploads\/sites\/3\/2022\/04\/logo500x500.jpg","width":500,"height":500,"caption":"Just Now News"},"image":{"@id":"https:\/\/now-news.de\/de\/#\/schema\/logo\/image\/"},"sameAs":["https:\/\/www.facebook.com\/wirmachenauf","https:\/\/x.com\/WirMachenAuf_de"]},{"@type":"Person","@id":"https:\/\/now-news.de\/de\/#\/schema\/person\/fb534a4e865501d8b3285208df34a9b5","name":"rtnews","image":{"@type":"ImageObject","inLanguage":"de","@id":"https:\/\/now-news.de\/de\/#\/schema\/person\/image\/","url":"https:\/\/secure.gravatar.com\/avatar\/82aafea7d8127119dd649515f56e2117?s=96&d=mm&r=g","contentUrl":"https:\/\/secure.gravatar.com\/avatar\/82aafea7d8127119dd649515f56e2117?s=96&d=mm&r=g","caption":"rtnews"},"url":"https:\/\/now-news.de\/de\/author\/rnews\/"}]}},"_links":{"self":[{"href":"https:\/\/now-news.de\/de\/wp-json\/wp\/v2\/posts\/14881"}],"collection":[{"href":"https:\/\/now-news.de\/de\/wp-json\/wp\/v2\/posts"}],"about":[{"href":"https:\/\/now-news.de\/de\/wp-json\/wp\/v2\/types\/post"}],"author":[{"embeddable":true,"href":"https:\/\/now-news.de\/de\/wp-json\/wp\/v2\/users\/3"}],"replies":[{"embeddable":true,"href":"https:\/\/now-news.de\/de\/wp-json\/wp\/v2\/comments?post=14881"}],"version-history":[{"count":0,"href":"https:\/\/now-news.de\/de\/wp-json\/wp\/v2\/posts\/14881\/revisions"}],"wp:featuredmedia":[{"embeddable":true,"href":"https:\/\/now-news.de\/de\/wp-json\/wp\/v2\/media\/14882"}],"wp:attachment":[{"href":"https:\/\/now-news.de\/de\/wp-json\/wp\/v2\/media?parent=14881"}],"wp:term":[{"taxonomy":"category","embeddable":true,"href":"https:\/\/now-news.de\/de\/wp-json\/wp\/v2\/categories?post=14881"},{"taxonomy":"post_tag","embeddable":true,"href":"https:\/\/now-news.de\/de\/wp-json\/wp\/v2\/tags?post=14881"}],"curies":[{"name":"wp","href":"https:\/\/api.w.org\/{rel}","templated":true}]}}