{"id":14863,"date":"2022-07-24T09:14:46","date_gmt":"2022-07-24T07:14:46","guid":{"rendered":"http:\/\/just-now.news\/de\/deutschland\/ungarn-verlangt-dass-die-eu-beim-russischen-gas-mit-sich-ins-reine-kommt\/"},"modified":"2022-07-24T09:14:46","modified_gmt":"2022-07-24T07:14:46","slug":"ungarn-verlangt-dass-die-eu-beim-russischen-gas-mit-sich-ins-reine-kommt","status":"publish","type":"post","link":"https:\/\/now-news.de\/de\/deutschland\/ungarn-verlangt-dass-die-eu-beim-russischen-gas-mit-sich-ins-reine-kommt\/","title":{"rendered":"Ungarn verlangt, dass die EU beim russischen Gas mit sich ins Reine kommt"},"content":{"rendered":"<p><img decoding=\"async\" src=\"http:\/\/just-now.news\/de\/wp-content\/uploads\/sites\/3\/2022\/07\/62dcf15a48fbef07ed07c301.jpg\" \/><\/p>\n<div class=\"Text-root Text-type_1 \">\n                Der ungarische Au\u00dfenminister P\u00e9ter Szijj\u00e1rt\u00f3 \u00e4u\u00dferte sich zum Standpunkt Ungarns, dass Energiesicherheit nicht auf Basis einer ideologischen Haltung betrachtet werden sollte und dass die EU ihre B\u00fcrger aufrichtig \u00fcber die im kommenden Winter zu erwartende Situation aufkl\u00e4ren muss.\n            <\/div>\n<p><\/p>\n<div class=\"Text-root Text-type_5 ArticleView-text ViewText-root \">\n<p>Die Europ\u00e4ische Union muss die Realit\u00e4t der Gaslieferungen aus Russland aufgrund von Fakten behandeln, anstatt diese durch die Brille eines Dogmas zu betrachten, warnte der ungarische Au\u00dfenminister P\u00e9ter Szijj\u00e1rt\u00f3.<\/p>\n<blockquote>\n<p><em>&#8220;Es ist erwiesen, dass der Import von Erdgas kein ideologisches Problem ist, sondern ein physisches, das nicht einfach durch einen Dialog gel\u00f6st werden kann&#8221;,<\/em><\/p>\n<\/blockquote>\n<p>teilte Szijj\u00e1rt\u00f3 Journalisten am vergangenen Freitag nach seiner Reise nach Moskau mit.<\/p>\n<p>Als Reaktion auf die Ende Februar von Russland begonnene Milit\u00e4roperation in der Ukraine hat die Europ\u00e4ische Union alle Mitgliedstaaten aufgefordert, ihre Abh\u00e4ngigkeit von russischem Gas zu reduzieren.<\/p>\n<p>Deutschland l\u00f6ste vergangene Woche erneute eine &#8220;Alarmstufe&#8221; in seinem &#8220;Notfallplan Gas&#8221; aus, w\u00e4hrend die Europ\u00e4ische Kommission die Mitgliedstaaten dazu aufforderte, den Gasverbrauch vom kommenden August bis Ende M\u00e4rz des n\u00e4chsten Jahres um 15 Prozent zu reduzieren. Budapest hat jedoch angek\u00fcndigt, weitere 700 Millionen Kubikmeter Gas aus Moskau zu importieren, um sicherzustellen, dass das Land \u00fcber gen\u00fcgend Reserven f\u00fcr den Winter verf\u00fcgt. Laut Szijj\u00e1rt\u00f3 k\u00f6nnen die erforderlichen Mengen nur aus Russland bezogen werden.<\/p>\n<p>Szijj\u00e1rt\u00f3 fragte rhetorisch in die Runde:<\/p>\n<blockquote>\n<p><em>&#8220;Ich will ehrlich sein: Ich habe in den letzten Monaten von f\u00fchrenden Politikern in Westeuropa geh\u00f6rt, dass man alles unter Kontrolle gebracht habe. Man habe alternative Quellen gefunden, das Gas von woanders bezogen und sich so von der Abh\u00e4ngigkeit von Russland befreit. Warum also die Alarmstufe?&#8221;<\/em><\/p>\n<\/blockquote>\n<p>&#8220;Aber bald kommt die Heizperiode, und die Politiker m\u00fcssten sp\u00e4testens dann bekannt geben, ob Gas vorhanden ist oder nicht&#8221;, f\u00fcgte er hinzu und betonte, dass Politiker der \u00d6ffentlichkeit die Wahrheit \u00fcber die Energieversorgung &#8220;nicht verschweigen d\u00fcrfen&#8221;.<\/p>\n<p>Der russische Staatskonzern Gazprom hatte am vergangenen Donnerstag die Gaslieferungen nach Deutschland durch die Ostseepipeline Nord Stream 1 nach einer zehnt\u00e4gigen Wartungspause wiederaufgenommen. In Westeuropa machte sich die Bef\u00fcrchtung breit, dass Moskau die Gasversorgung komplett einstellen k\u00f6nnte. Offizielle Stellen in Deutschland hatten zuvor davor gewarnt, dass ein sofortiger Stopp der Gaslieferungen aus Russland der deutschen Wirtschaft schweren Schaden zuf\u00fcgen w\u00fcrde.<\/p>\n<p>Ungarn hingegen stellt sich auf die Position, dass die EU sich auf die Interessen ihrer B\u00fcrger konzentrieren soll, anstatt sich zunehmend in den Konflikt zwischen Russland und der Ukraine einzumischen. Ministerpr\u00e4sident Viktor Orb\u00e1n t\u00e4tigte k\u00fcrzlich die Bemerkung, dass Br\u00fcssel sich mit der Verh\u00e4ngung von Sanktionen gegen Moskau &#8220;nicht in den eigenen Fu\u00df, sondern in die eigene Lunge geschossen&#8221; habe und jetzt langsam daran erstickt.<\/p>\n<p>Der Druck aus Ungarn und aus mehreren anderen Mitgliedstaaten f\u00fchrte dazu, dass die EU diese L\u00e4nder von einem im M\u00e4rz angek\u00fcndigten Embargo gegen russisches \u00d6l ausnahm.<\/p>\n<p><strong>Mehr zum Thema<\/strong> &#8211; <a rel=\"nofollow noopener\" target=\"_blank\" href=\"https:\/\/test.rtde.tech\/europa\/143970-eu-kommission-und-drohender-gasnotstand\/\">EU-Kommission zu drohendem Gasnotstand: &#8220;Arbeiten an dem schlimmstm\u00f6glichen Szenario&#8221;<\/a><\/p>\n<\/div>\n<p><br \/>\n<br \/><a href=\"https:\/\/de.rt.com\/europa\/144279-ungarn-verlangt-dass-die-eu-beim-russischen-gas-mit-sich-ins-reine-kommt\/\">Source link <\/a><\/p>\n","protected":false},"excerpt":{"rendered":"<p>Der ungarische Au\u00dfenminister P\u00e9ter Szijj\u00e1rt\u00f3 \u00e4u\u00dferte sich zum Standpunkt Ungarns, dass Energiesicherheit nicht auf Basis einer ideologischen Haltung betrachtet werden sollte und dass die EU ihre B\u00fcrger aufrichtig \u00fcber die im kommenden Winter zu erwartende Situation aufkl\u00e4ren muss. Die Europ\u00e4ische Union muss die Realit\u00e4t der Gaslieferungen aus Russland aufgrund von Fakten behandeln, anstatt diese durch [&hellip;]<\/p>\n","protected":false},"author":3,"featured_media":14864,"comment_status":"open","ping_status":"open","sticky":false,"template":"","format":"standard","meta":{"wp_automatic_camp":["217"],"9b144dfd66739aeae92db3d46ec7b3de":["Ungarn verlangt, dass die EU beim russischen Gas mit sich ins Reine kommt"],"original_link":["https:\/\/de.rt.com\/europa\/144279-ungarn-verlangt-dass-die-eu-beim-russischen-gas-mit-sich-ins-reine-kommt\/"],"_thumbnail_id":["14864"],"_wptg_p2tg_sent2tg":["2022-07-24 09:25:07"],"jnews_social_counter_last_update":["1776865142"]},"categories":[19,23],"tags":[1814,42,45,796,1678,310,419,29075,973,434,11664,18985],"yoast_head":"<!-- This site is optimized with the Yoast SEO Premium plugin v22.7 (Yoast SEO v22.7) - https:\/\/yoast.com\/wordpress\/plugins\/seo\/ -->\n<title>Ungarn verlangt, dass die EU beim russischen Gas mit sich ins Reine kommt - just-now.NEWS Deutschland<\/title>\n<meta name=\"robots\" content=\"index, follow, max-snippet:-1, max-image-preview:large, max-video-preview:-1\" \/>\n<link rel=\"canonical\" href=\"https:\/\/now-news.de\/de\/deutschland\/ungarn-verlangt-dass-die-eu-beim-russischen-gas-mit-sich-ins-reine-kommt\/\" \/>\n<meta property=\"og:locale\" content=\"de_DE\" \/>\n<meta property=\"og:type\" content=\"article\" \/>\n<meta property=\"og:title\" content=\"Ungarn verlangt, dass die EU beim russischen Gas mit sich ins Reine kommt\" \/>\n<meta property=\"og:description\" content=\"Der ungarische Au\u00dfenminister P\u00e9ter Szijj\u00e1rt\u00f3 \u00e4u\u00dferte sich zum Standpunkt Ungarns, dass Energiesicherheit nicht auf Basis einer ideologischen Haltung betrachtet werden sollte und dass die EU ihre B\u00fcrger aufrichtig \u00fcber die im kommenden Winter zu erwartende Situation aufkl\u00e4ren muss. Die Europ\u00e4ische Union muss die Realit\u00e4t der Gaslieferungen aus Russland aufgrund von Fakten behandeln, anstatt diese durch [&hellip;]\" \/>\n<meta property=\"og:url\" content=\"https:\/\/now-news.de\/de\/deutschland\/ungarn-verlangt-dass-die-eu-beim-russischen-gas-mit-sich-ins-reine-kommt\/\" \/>\n<meta property=\"og:site_name\" content=\"just-now.NEWS Deutschland\" \/>\n<meta property=\"article:publisher\" content=\"https:\/\/www.facebook.com\/wirmachenauf\" \/>\n<meta property=\"article:published_time\" content=\"2022-07-24T07:14:46+00:00\" \/>\n<meta property=\"og:image\" content=\"https:\/\/now-news.de\/de\/wp-content\/uploads\/sites\/3\/2022\/07\/Ungarn-verlangt-dass-die-EU-beim-russischen-Gas-mit-sich.jpg\" \/>\n\t<meta property=\"og:image:width\" content=\"460\" \/>\n\t<meta property=\"og:image:height\" content=\"259\" \/>\n\t<meta property=\"og:image:type\" content=\"image\/jpeg\" \/>\n<meta name=\"author\" content=\"rtnews\" \/>\n<meta name=\"twitter:card\" content=\"summary_large_image\" \/>\n<meta name=\"twitter:creator\" content=\"@WirMachenAuf_de\" \/>\n<meta name=\"twitter:site\" content=\"@WirMachenAuf_de\" \/>\n<meta name=\"twitter:label1\" content=\"Verfasst von\" \/>\n\t<meta name=\"twitter:data1\" content=\"rtnews\" \/>\n\t<meta name=\"twitter:label2\" content=\"Gesch\u00e4tzte Lesezeit\" \/>\n\t<meta name=\"twitter:data2\" content=\"3\u00a0Minuten\" \/>\n<script type=\"application\/ld+json\" class=\"yoast-schema-graph\">{\"@context\":\"https:\/\/schema.org\",\"@graph\":[{\"@type\":\"Article\",\"@id\":\"https:\/\/now-news.de\/de\/deutschland\/ungarn-verlangt-dass-die-eu-beim-russischen-gas-mit-sich-ins-reine-kommt\/#article\",\"isPartOf\":{\"@id\":\"https:\/\/now-news.de\/de\/deutschland\/ungarn-verlangt-dass-die-eu-beim-russischen-gas-mit-sich-ins-reine-kommt\/\"},\"author\":{\"name\":\"rtnews\",\"@id\":\"https:\/\/now-news.de\/de\/#\/schema\/person\/fb534a4e865501d8b3285208df34a9b5\"},\"headline\":\"Ungarn verlangt, dass die EU beim russischen Gas mit sich ins Reine kommt\",\"datePublished\":\"2022-07-24T07:14:46+00:00\",\"dateModified\":\"2022-07-24T07:14:46+00:00\",\"mainEntityOfPage\":{\"@id\":\"https:\/\/now-news.de\/de\/deutschland\/ungarn-verlangt-dass-die-eu-beim-russischen-gas-mit-sich-ins-reine-kommt\/\"},\"wordCount\":518,\"commentCount\":0,\"publisher\":{\"@id\":\"https:\/\/now-news.de\/de\/#organization\"},\"image\":{\"@id\":\"https:\/\/now-news.de\/de\/deutschland\/ungarn-verlangt-dass-die-eu-beim-russischen-gas-mit-sich-ins-reine-kommt\/#primaryimage\"},\"thumbnailUrl\":\"https:\/\/now-news.de\/de\/wp-content\/uploads\/sites\/3\/2022\/07\/Ungarn-verlangt-dass-die-EU-beim-russischen-Gas-mit-sich.jpg\",\"keywords\":[\"beim\",\"dass\",\"die\",\"Gas\",\"ins\",\"kommt\",\"mit\",\"Reine\",\"russischen\",\"sich\",\"Ungarn\",\"verlangt\"],\"articleSection\":[\"Deutschland\",\"Russland\"],\"inLanguage\":\"de\",\"potentialAction\":[{\"@type\":\"CommentAction\",\"name\":\"Comment\",\"target\":[\"https:\/\/now-news.de\/de\/deutschland\/ungarn-verlangt-dass-die-eu-beim-russischen-gas-mit-sich-ins-reine-kommt\/#respond\"]}]},{\"@type\":\"WebPage\",\"@id\":\"https:\/\/now-news.de\/de\/deutschland\/ungarn-verlangt-dass-die-eu-beim-russischen-gas-mit-sich-ins-reine-kommt\/\",\"url\":\"https:\/\/now-news.de\/de\/deutschland\/ungarn-verlangt-dass-die-eu-beim-russischen-gas-mit-sich-ins-reine-kommt\/\",\"name\":\"Ungarn verlangt, dass die EU beim russischen Gas mit sich ins Reine kommt - just-now.NEWS Deutschland\",\"isPartOf\":{\"@id\":\"https:\/\/now-news.de\/de\/#website\"},\"primaryImageOfPage\":{\"@id\":\"https:\/\/now-news.de\/de\/deutschland\/ungarn-verlangt-dass-die-eu-beim-russischen-gas-mit-sich-ins-reine-kommt\/#primaryimage\"},\"image\":{\"@id\":\"https:\/\/now-news.de\/de\/deutschland\/ungarn-verlangt-dass-die-eu-beim-russischen-gas-mit-sich-ins-reine-kommt\/#primaryimage\"},\"thumbnailUrl\":\"https:\/\/now-news.de\/de\/wp-content\/uploads\/sites\/3\/2022\/07\/Ungarn-verlangt-dass-die-EU-beim-russischen-Gas-mit-sich.jpg\",\"datePublished\":\"2022-07-24T07:14:46+00:00\",\"dateModified\":\"2022-07-24T07:14:46+00:00\",\"breadcrumb\":{\"@id\":\"https:\/\/now-news.de\/de\/deutschland\/ungarn-verlangt-dass-die-eu-beim-russischen-gas-mit-sich-ins-reine-kommt\/#breadcrumb\"},\"inLanguage\":\"de\",\"potentialAction\":[{\"@type\":\"ReadAction\",\"target\":[\"https:\/\/now-news.de\/de\/deutschland\/ungarn-verlangt-dass-die-eu-beim-russischen-gas-mit-sich-ins-reine-kommt\/\"]}]},{\"@type\":\"ImageObject\",\"inLanguage\":\"de\",\"@id\":\"https:\/\/now-news.de\/de\/deutschland\/ungarn-verlangt-dass-die-eu-beim-russischen-gas-mit-sich-ins-reine-kommt\/#primaryimage\",\"url\":\"https:\/\/now-news.de\/de\/wp-content\/uploads\/sites\/3\/2022\/07\/Ungarn-verlangt-dass-die-EU-beim-russischen-Gas-mit-sich.jpg\",\"contentUrl\":\"https:\/\/now-news.de\/de\/wp-content\/uploads\/sites\/3\/2022\/07\/Ungarn-verlangt-dass-die-EU-beim-russischen-Gas-mit-sich.jpg\",\"width\":460,\"height\":259,\"caption\":\"Ungarn verlangt, dass die EU beim russischen Gas mit sich ins Reine kommt\"},{\"@type\":\"BreadcrumbList\",\"@id\":\"https:\/\/now-news.de\/de\/deutschland\/ungarn-verlangt-dass-die-eu-beim-russischen-gas-mit-sich-ins-reine-kommt\/#breadcrumb\",\"itemListElement\":[{\"@type\":\"ListItem\",\"position\":1,\"name\":\"Home\",\"item\":\"https:\/\/now-news.de\/de\/\"},{\"@type\":\"ListItem\",\"position\":2,\"name\":\"Ungarn verlangt, dass die EU beim russischen Gas mit sich ins Reine kommt\"}]},{\"@type\":\"WebSite\",\"@id\":\"https:\/\/now-news.de\/de\/#website\",\"url\":\"https:\/\/now-news.de\/de\/\",\"name\":\"just-now.NEWS Deutschland\",\"description\":\"Das Portal f\u00fcr unzensierte Nachrichten aus der Welt\",\"publisher\":{\"@id\":\"https:\/\/now-news.de\/de\/#organization\"},\"potentialAction\":[{\"@type\":\"SearchAction\",\"target\":{\"@type\":\"EntryPoint\",\"urlTemplate\":\"https:\/\/now-news.de\/de\/?s={search_term_string}\"},\"query-input\":\"required name=search_term_string\"}],\"inLanguage\":\"de\"},{\"@type\":\"Organization\",\"@id\":\"https:\/\/now-news.de\/de\/#organization\",\"name\":\"Just Now News\",\"url\":\"https:\/\/now-news.de\/de\/\",\"logo\":{\"@type\":\"ImageObject\",\"inLanguage\":\"de\",\"@id\":\"https:\/\/now-news.de\/de\/#\/schema\/logo\/image\/\",\"url\":\"http:\/\/just-now.news\/de\/wp-content\/uploads\/sites\/3\/2022\/04\/logo500x500.jpg\",\"contentUrl\":\"http:\/\/just-now.news\/de\/wp-content\/uploads\/sites\/3\/2022\/04\/logo500x500.jpg\",\"width\":500,\"height\":500,\"caption\":\"Just Now News\"},\"image\":{\"@id\":\"https:\/\/now-news.de\/de\/#\/schema\/logo\/image\/\"},\"sameAs\":[\"https:\/\/www.facebook.com\/wirmachenauf\",\"https:\/\/x.com\/WirMachenAuf_de\"]},{\"@type\":\"Person\",\"@id\":\"https:\/\/now-news.de\/de\/#\/schema\/person\/fb534a4e865501d8b3285208df34a9b5\",\"name\":\"rtnews\",\"image\":{\"@type\":\"ImageObject\",\"inLanguage\":\"de\",\"@id\":\"https:\/\/now-news.de\/de\/#\/schema\/person\/image\/\",\"url\":\"https:\/\/secure.gravatar.com\/avatar\/82aafea7d8127119dd649515f56e2117?s=96&d=mm&r=g\",\"contentUrl\":\"https:\/\/secure.gravatar.com\/avatar\/82aafea7d8127119dd649515f56e2117?s=96&d=mm&r=g\",\"caption\":\"rtnews\"},\"url\":\"https:\/\/now-news.de\/de\/author\/rnews\/\"}]}<\/script>\n<!-- \/ Yoast SEO Premium plugin. -->","yoast_head_json":{"title":"Ungarn verlangt, dass die EU beim russischen Gas mit sich ins Reine kommt - just-now.NEWS Deutschland","robots":{"index":"index","follow":"follow","max-snippet":"max-snippet:-1","max-image-preview":"max-image-preview:large","max-video-preview":"max-video-preview:-1"},"canonical":"https:\/\/now-news.de\/de\/deutschland\/ungarn-verlangt-dass-die-eu-beim-russischen-gas-mit-sich-ins-reine-kommt\/","og_locale":"de_DE","og_type":"article","og_title":"Ungarn verlangt, dass die EU beim russischen Gas mit sich ins Reine kommt","og_description":"Der ungarische Au\u00dfenminister P\u00e9ter Szijj\u00e1rt\u00f3 \u00e4u\u00dferte sich zum Standpunkt Ungarns, dass Energiesicherheit nicht auf Basis einer ideologischen Haltung betrachtet werden sollte und dass die EU ihre B\u00fcrger aufrichtig \u00fcber die im kommenden Winter zu erwartende Situation aufkl\u00e4ren muss. Die Europ\u00e4ische Union muss die Realit\u00e4t der Gaslieferungen aus Russland aufgrund von Fakten behandeln, anstatt diese durch [&hellip;]","og_url":"https:\/\/now-news.de\/de\/deutschland\/ungarn-verlangt-dass-die-eu-beim-russischen-gas-mit-sich-ins-reine-kommt\/","og_site_name":"just-now.NEWS Deutschland","article_publisher":"https:\/\/www.facebook.com\/wirmachenauf","article_published_time":"2022-07-24T07:14:46+00:00","og_image":[{"width":460,"height":259,"url":"https:\/\/now-news.de\/de\/wp-content\/uploads\/sites\/3\/2022\/07\/Ungarn-verlangt-dass-die-EU-beim-russischen-Gas-mit-sich.jpg","type":"image\/jpeg"}],"author":"rtnews","twitter_card":"summary_large_image","twitter_creator":"@WirMachenAuf_de","twitter_site":"@WirMachenAuf_de","twitter_misc":{"Verfasst von":"rtnews","Gesch\u00e4tzte Lesezeit":"3\u00a0Minuten"},"schema":{"@context":"https:\/\/schema.org","@graph":[{"@type":"Article","@id":"https:\/\/now-news.de\/de\/deutschland\/ungarn-verlangt-dass-die-eu-beim-russischen-gas-mit-sich-ins-reine-kommt\/#article","isPartOf":{"@id":"https:\/\/now-news.de\/de\/deutschland\/ungarn-verlangt-dass-die-eu-beim-russischen-gas-mit-sich-ins-reine-kommt\/"},"author":{"name":"rtnews","@id":"https:\/\/now-news.de\/de\/#\/schema\/person\/fb534a4e865501d8b3285208df34a9b5"},"headline":"Ungarn verlangt, dass die EU beim russischen Gas mit sich ins Reine kommt","datePublished":"2022-07-24T07:14:46+00:00","dateModified":"2022-07-24T07:14:46+00:00","mainEntityOfPage":{"@id":"https:\/\/now-news.de\/de\/deutschland\/ungarn-verlangt-dass-die-eu-beim-russischen-gas-mit-sich-ins-reine-kommt\/"},"wordCount":518,"commentCount":0,"publisher":{"@id":"https:\/\/now-news.de\/de\/#organization"},"image":{"@id":"https:\/\/now-news.de\/de\/deutschland\/ungarn-verlangt-dass-die-eu-beim-russischen-gas-mit-sich-ins-reine-kommt\/#primaryimage"},"thumbnailUrl":"https:\/\/now-news.de\/de\/wp-content\/uploads\/sites\/3\/2022\/07\/Ungarn-verlangt-dass-die-EU-beim-russischen-Gas-mit-sich.jpg","keywords":["beim","dass","die","Gas","ins","kommt","mit","Reine","russischen","sich","Ungarn","verlangt"],"articleSection":["Deutschland","Russland"],"inLanguage":"de","potentialAction":[{"@type":"CommentAction","name":"Comment","target":["https:\/\/now-news.de\/de\/deutschland\/ungarn-verlangt-dass-die-eu-beim-russischen-gas-mit-sich-ins-reine-kommt\/#respond"]}]},{"@type":"WebPage","@id":"https:\/\/now-news.de\/de\/deutschland\/ungarn-verlangt-dass-die-eu-beim-russischen-gas-mit-sich-ins-reine-kommt\/","url":"https:\/\/now-news.de\/de\/deutschland\/ungarn-verlangt-dass-die-eu-beim-russischen-gas-mit-sich-ins-reine-kommt\/","name":"Ungarn verlangt, dass die EU beim russischen Gas mit sich ins Reine kommt - just-now.NEWS Deutschland","isPartOf":{"@id":"https:\/\/now-news.de\/de\/#website"},"primaryImageOfPage":{"@id":"https:\/\/now-news.de\/de\/deutschland\/ungarn-verlangt-dass-die-eu-beim-russischen-gas-mit-sich-ins-reine-kommt\/#primaryimage"},"image":{"@id":"https:\/\/now-news.de\/de\/deutschland\/ungarn-verlangt-dass-die-eu-beim-russischen-gas-mit-sich-ins-reine-kommt\/#primaryimage"},"thumbnailUrl":"https:\/\/now-news.de\/de\/wp-content\/uploads\/sites\/3\/2022\/07\/Ungarn-verlangt-dass-die-EU-beim-russischen-Gas-mit-sich.jpg","datePublished":"2022-07-24T07:14:46+00:00","dateModified":"2022-07-24T07:14:46+00:00","breadcrumb":{"@id":"https:\/\/now-news.de\/de\/deutschland\/ungarn-verlangt-dass-die-eu-beim-russischen-gas-mit-sich-ins-reine-kommt\/#breadcrumb"},"inLanguage":"de","potentialAction":[{"@type":"ReadAction","target":["https:\/\/now-news.de\/de\/deutschland\/ungarn-verlangt-dass-die-eu-beim-russischen-gas-mit-sich-ins-reine-kommt\/"]}]},{"@type":"ImageObject","inLanguage":"de","@id":"https:\/\/now-news.de\/de\/deutschland\/ungarn-verlangt-dass-die-eu-beim-russischen-gas-mit-sich-ins-reine-kommt\/#primaryimage","url":"https:\/\/now-news.de\/de\/wp-content\/uploads\/sites\/3\/2022\/07\/Ungarn-verlangt-dass-die-EU-beim-russischen-Gas-mit-sich.jpg","contentUrl":"https:\/\/now-news.de\/de\/wp-content\/uploads\/sites\/3\/2022\/07\/Ungarn-verlangt-dass-die-EU-beim-russischen-Gas-mit-sich.jpg","width":460,"height":259,"caption":"Ungarn verlangt, dass die EU beim russischen Gas mit sich ins Reine kommt"},{"@type":"BreadcrumbList","@id":"https:\/\/now-news.de\/de\/deutschland\/ungarn-verlangt-dass-die-eu-beim-russischen-gas-mit-sich-ins-reine-kommt\/#breadcrumb","itemListElement":[{"@type":"ListItem","position":1,"name":"Home","item":"https:\/\/now-news.de\/de\/"},{"@type":"ListItem","position":2,"name":"Ungarn verlangt, dass die EU beim russischen Gas mit sich ins Reine kommt"}]},{"@type":"WebSite","@id":"https:\/\/now-news.de\/de\/#website","url":"https:\/\/now-news.de\/de\/","name":"just-now.NEWS Deutschland","description":"Das Portal f\u00fcr unzensierte Nachrichten aus der Welt","publisher":{"@id":"https:\/\/now-news.de\/de\/#organization"},"potentialAction":[{"@type":"SearchAction","target":{"@type":"EntryPoint","urlTemplate":"https:\/\/now-news.de\/de\/?s={search_term_string}"},"query-input":"required name=search_term_string"}],"inLanguage":"de"},{"@type":"Organization","@id":"https:\/\/now-news.de\/de\/#organization","name":"Just Now News","url":"https:\/\/now-news.de\/de\/","logo":{"@type":"ImageObject","inLanguage":"de","@id":"https:\/\/now-news.de\/de\/#\/schema\/logo\/image\/","url":"http:\/\/just-now.news\/de\/wp-content\/uploads\/sites\/3\/2022\/04\/logo500x500.jpg","contentUrl":"http:\/\/just-now.news\/de\/wp-content\/uploads\/sites\/3\/2022\/04\/logo500x500.jpg","width":500,"height":500,"caption":"Just Now News"},"image":{"@id":"https:\/\/now-news.de\/de\/#\/schema\/logo\/image\/"},"sameAs":["https:\/\/www.facebook.com\/wirmachenauf","https:\/\/x.com\/WirMachenAuf_de"]},{"@type":"Person","@id":"https:\/\/now-news.de\/de\/#\/schema\/person\/fb534a4e865501d8b3285208df34a9b5","name":"rtnews","image":{"@type":"ImageObject","inLanguage":"de","@id":"https:\/\/now-news.de\/de\/#\/schema\/person\/image\/","url":"https:\/\/secure.gravatar.com\/avatar\/82aafea7d8127119dd649515f56e2117?s=96&d=mm&r=g","contentUrl":"https:\/\/secure.gravatar.com\/avatar\/82aafea7d8127119dd649515f56e2117?s=96&d=mm&r=g","caption":"rtnews"},"url":"https:\/\/now-news.de\/de\/author\/rnews\/"}]}},"_links":{"self":[{"href":"https:\/\/now-news.de\/de\/wp-json\/wp\/v2\/posts\/14863"}],"collection":[{"href":"https:\/\/now-news.de\/de\/wp-json\/wp\/v2\/posts"}],"about":[{"href":"https:\/\/now-news.de\/de\/wp-json\/wp\/v2\/types\/post"}],"author":[{"embeddable":true,"href":"https:\/\/now-news.de\/de\/wp-json\/wp\/v2\/users\/3"}],"replies":[{"embeddable":true,"href":"https:\/\/now-news.de\/de\/wp-json\/wp\/v2\/comments?post=14863"}],"version-history":[{"count":0,"href":"https:\/\/now-news.de\/de\/wp-json\/wp\/v2\/posts\/14863\/revisions"}],"wp:featuredmedia":[{"embeddable":true,"href":"https:\/\/now-news.de\/de\/wp-json\/wp\/v2\/media\/14864"}],"wp:attachment":[{"href":"https:\/\/now-news.de\/de\/wp-json\/wp\/v2\/media?parent=14863"}],"wp:term":[{"taxonomy":"category","embeddable":true,"href":"https:\/\/now-news.de\/de\/wp-json\/wp\/v2\/categories?post=14863"},{"taxonomy":"post_tag","embeddable":true,"href":"https:\/\/now-news.de\/de\/wp-json\/wp\/v2\/tags?post=14863"}],"curies":[{"name":"wp","href":"https:\/\/api.w.org\/{rel}","templated":true}]}}