{"id":14835,"date":"2022-07-23T23:00:00","date_gmt":"2022-07-23T21:00:00","guid":{"rendered":"http:\/\/just-now.news\/de\/usa\/neue-plakatwand-am-times-square-trolle-elite-pete-buttigieg-lasst-sie-elektroautos-fahren\/"},"modified":"2022-07-23T23:00:00","modified_gmt":"2022-07-23T21:00:00","slug":"neue-plakatwand-am-times-square-trolle-elite-pete-buttigieg-lasst-sie-elektroautos-fahren","status":"publish","type":"post","link":"https:\/\/now-news.de\/de\/usa\/neue-plakatwand-am-times-square-trolle-elite-pete-buttigieg-lasst-sie-elektroautos-fahren\/","title":{"rendered":"Neue Plakatwand am Times Square Trolle \u201eElite Pete\u201c Buttigieg \u2013 \u201eLasst sie Elektroautos fahren!\u201c"},"content":{"rendered":"<div class=\"entry-content\">\n<p><\/p>\n<h3>Auf dem Times Square taucht eine neue Werbetafel auf, um Bidens Verkehrsminister Pete Buttigieg zu trollen, weil er glaubt, dass Menschen, die an der Zapfs\u00e4ule Probleme haben, stattdessen teure Elektrofahrzeuge kaufen sollten.<\/h3>\n<p>Die Werbetafel wurde vom Job Creator&#8217;s Network gekauft, einer Interessenvertretung f\u00fcr Kleinunternehmen, die von Bernie Marcus, dem Mitbegr\u00fcnder und ehemaligen CEO von Home Depot, ins Leben gerufen wurde.<\/p>\n<div id=\"IC1-ad\" class=\"sponsor IC1\">\n<p class=\"ad-notice flipboard-remove\" fl:fl-noexcerpt=\"true\">Werbung \u2013 die Geschichte geht unten weiter<\/p>\n<div id=\"IC1\">\n<script>\n\t\t\t\t\tif( FFADS.units.IC1 && FFADS.units.IC1.ad_type == 'custom' && FFADS.units.IC1.custom_ads && ! getCookie( 'ff_subbed' ) ) {\n\t\t\t\t\t\tdocument.getElementById( 'IC1' ).innerHTML = FFADS.units.IC1.custom_ads[0].code;\n\t\t\t\t\t\tif( ! FFADS.units.IC1.lazy_load ) eval( FFADS.units.IC1.custom_ads[0].rendering_script );\n\t\t\t\t\t}\n\t\t\t\t\telse if( FFADS.units.IC1 && ! getCookie( 'ff_subbed' ) ) {\n\t\t\t\t\t\tif( 'IC' != 'SB' && 'IC' != 'SA' && FFADS.use_fixed_containers ) {\n\t\t\t\t\t\t\tlet max_wh = firefly_size_list_to_max_wh( FFADS.units.IC1.sizes );\n\t\t\t\t\t\t\tlet el = document.querySelector( '#IC1' );\n\t\t\t\t\t\t\tif( 'IC' != 'SA' && FFADS.slide_pixels ) {\n\t\t\t\t\t\t\t\tmax_wh[1] += parseInt( FFADS.slide_pixels );\n\t\t\t\t\t\t\t\tel.classList.add( 'sliding' );\n\t\t\t\t\t\t\t}\n\t\t\t\t\t\t\tel.style.width = max_wh[0] + 'px';\n\t\t\t\t\t\t\tel.style.height = max_wh[1] + 'px';\n\t\t\t\t\t\t\tel.classList.add( 'fixed-size' );\n\t\t\t\t\t\t}\n\t\t\t\t\t\tgoogletag.cmd.push( function() {\n\t\t\t\t\t\t\tFFADS.debug( 'googletag.displaying IC1' );\n\t\t\t\t\t\t\tgoogletag.display( 'IC1' );\n\t\t\t\t\t\t} );\n\t\t\t\t\t}\n\t\t\t\t\telse {\n\t\t\t\t\t\tdocument.querySelector( '#IC1-ad' ).style.display = 'none';}\n\t\t\t\t<\/script><\/div>\n<\/div>\n<p>Auf der Plakatwand steht: \u201eSCHMERZEN AN DER PUMPE?  ELITE PETE SAGT: \u201eLASS SIE ELEKTROAUTOS FAHREN\u201c<\/p>\n<blockquote class=\"twitter-tweet\">\n<p dir=\"ltr\" lang=\"en\">???? Wir haben gerade eine neue Werbetafel am Times Square aufgestellt, die dazu aufruft <a rel=\"nofollow noopener\" target=\"_blank\" href=\"https:\/\/twitter.com\/PeteButtigieg\">@PeteButtigieg<\/a>&#8216;s Elitismus, den Amerikanern, die mit steigenden Preisen an der Zapfs\u00e4ule zu k\u00e4mpfen haben, zu sagen, dass sie einfach ein Elektrofahrzeug kaufen sollen \u2b07\ufe0fhttps:\/\/t.co\/HN0cvbFC7I <a rel=\"nofollow noopener\" target=\"_blank\" href=\"https:\/\/t.co\/et2Ifptg0B\">pic.twitter.com\/et2Ifptg0B<\/a><\/p>\n<p>\u2014 Job Creators Network (@JobCreatorsUSA) <a rel=\"nofollow noopener\" target=\"_blank\" href=\"https:\/\/twitter.com\/JobCreatorsUSA\/status\/1550512276641353728\">22. Juli 2022<\/a><\/p>\n<\/blockquote>\n<p><script async src=\"https:\/\/platform.twitter.com\/widgets.js\" charset=\"utf-8\"><\/script><\/p>\n<p>Es zeigt Buttigiegs Bildnis mit Krone und Zepter.<\/p>\n<div id=\"IC2-ad\" class=\"sponsor IC2\">\n<p class=\"ad-notice flipboard-remove\" fl:fl-noexcerpt=\"true\">Werbung \u2013 die Geschichte geht unten weiter<\/p>\n<div id=\"IC2\">\n<script>\n\t\t\t\t\tif( FFADS.units.IC2 && FFADS.units.IC2.ad_type == 'custom' && FFADS.units.IC2.custom_ads && ! getCookie( 'ff_subbed' ) ) {\n\t\t\t\t\t\tdocument.getElementById( 'IC2' ).innerHTML = FFADS.units.IC2.custom_ads[0].code;\n\t\t\t\t\t\tif( ! FFADS.units.IC2.lazy_load ) eval( FFADS.units.IC2.custom_ads[0].rendering_script );\n\t\t\t\t\t}\n\t\t\t\t\telse if( FFADS.units.IC2 && ! getCookie( 'ff_subbed' ) ) {\n\t\t\t\t\t\tif( 'IC' != 'SB' && 'IC' != 'SA' && FFADS.use_fixed_containers ) {\n\t\t\t\t\t\t\tlet max_wh = firefly_size_list_to_max_wh( FFADS.units.IC2.sizes );\n\t\t\t\t\t\t\tlet el = document.querySelector( '#IC2' );\n\t\t\t\t\t\t\tif( 'IC' != 'SA' && FFADS.slide_pixels ) {\n\t\t\t\t\t\t\t\tmax_wh[1] += parseInt( FFADS.slide_pixels );\n\t\t\t\t\t\t\t\tel.classList.add( 'sliding' );\n\t\t\t\t\t\t\t}\n\t\t\t\t\t\t\tel.style.width = max_wh[0] + 'px';\n\t\t\t\t\t\t\tel.style.height = max_wh[1] + 'px';\n\t\t\t\t\t\t\tel.classList.add( 'fixed-size' );\n\t\t\t\t\t\t}\n\t\t\t\t\t\tgoogletag.cmd.push( function() {\n\t\t\t\t\t\t\tFFADS.debug( 'googletag.displaying IC2' );\n\t\t\t\t\t\t\tgoogletag.display( 'IC2' );\n\t\t\t\t\t\t} );\n\t\t\t\t\t}\n\t\t\t\t\telse {\n\t\t\t\t\t\tdocument.querySelector( '#IC2-ad' ).style.display = 'none';}\n\t\t\t\t<\/script><\/div>\n<\/div>\n<p>W\u00e4hrend einer Anh\u00f6rung am Dienstag sagte Buttigieg erneut, dass Menschen, die sich Bidens himmelhohe Benzinpreise nicht leisten k\u00f6nnen, einfach ein Elektrofahrzeug kaufen sollten.<\/p>\n<p>\u201eJe mehr Schmerzen wir alle durch den hohen Benzinpreis empfinden, desto gr\u00f6\u00dfer ist der Nutzen f\u00fcr diejenigen, die Zugang zu Elektrofahrzeugen haben\u201c, sagte Buttigieg.<\/p>\n<p>Dies ist nicht das erste Mal, dass er diese Art von Kommentar macht.<\/p>\n<p>W\u00e4hrend eines Auftritts in der Squawk Box von CNBC, um Anfang dieses Monats \u00fcber die Gaspreise zu diskutieren, sagte Buttigieg: \u201eIch bin immer noch erstaunt, dass einige Leute wirklich Schwierigkeiten haben, ihre gasbetriebenen Fahrzeuge zugunsten von Elektrofahrzeugen loszulassen\u201c.<\/p>\n<blockquote class=\"wp-embedded-content\" data-secret=\"fKJ2hTcDaM\">\n<p>Buttigieg sagt, er sei \u201eerstaunt\u201c, dass die Menschen \u201ewirklich Schwierigkeiten haben, ihre gasbetriebenen Fahrzeuge loszulassen\u201c, zugunsten von 65.000-Dollar-Elektrofahrzeugen (VIDEO)<\/p>\n<\/blockquote>\n<p><iframe class=\"wp-embedded-content\" sandbox=\"allow-scripts\" security=\"restricted\" style=\"position: absolute; clip: rect(1px, 1px, 1px, 1px);\" title=\"\u201cButtigieg Says He\u2019s \u201cAstonished\u201d That People \u201cSeem to Really Struggle to Let Go\u201d of Their Gas-Powered Vehicles in Favor of $65,000 Electric Vehicles (VIDEO)\u201d \u2014 The Gateway Pundit\" data-src=\"https:\/\/www.thegatewaypundit.com\/2022\/07\/buttigieg-says-astonished-people-seem-really-struggle-let-go-gas-powered-vehicles-favor-65000-electric-vehicles-video\/embed\/#?secret=fKJ2hTcDaM\" data-secret=\"fKJ2hTcDaM\" width=\"500\" height=\"282\" frameborder=\"0\" marginwidth=\"0\" marginheight=\"0\" scrolling=\"no\"><\/iframe><\/p>\n<div id=\"IC3-ad\" class=\"sponsor IC3\">\n<p class=\"ad-notice flipboard-remove\" fl:fl-noexcerpt=\"true\">Werbung \u2013 die Geschichte geht unten weiter<\/p>\n<div id=\"IC3\">\n<script>\n\t\t\t\t\tif( FFADS.units.IC3 && FFADS.units.IC3.ad_type == 'custom' && FFADS.units.IC3.custom_ads && ! getCookie( 'ff_subbed' ) ) {\n\t\t\t\t\t\tdocument.getElementById( 'IC3' ).innerHTML = FFADS.units.IC3.custom_ads[0].code;\n\t\t\t\t\t\tif( ! FFADS.units.IC3.lazy_load ) eval( FFADS.units.IC3.custom_ads[0].rendering_script );\n\t\t\t\t\t}\n\t\t\t\t\telse if( FFADS.units.IC3 && ! getCookie( 'ff_subbed' ) ) {\n\t\t\t\t\t\tif( 'IC' != 'SB' && 'IC' != 'SA' && FFADS.use_fixed_containers ) {\n\t\t\t\t\t\t\tlet max_wh = firefly_size_list_to_max_wh( FFADS.units.IC3.sizes );\n\t\t\t\t\t\t\tlet el = document.querySelector( '#IC3' );\n\t\t\t\t\t\t\tif( 'IC' != 'SA' && FFADS.slide_pixels ) {\n\t\t\t\t\t\t\t\tmax_wh[1] += parseInt( FFADS.slide_pixels );\n\t\t\t\t\t\t\t\tel.classList.add( 'sliding' );\n\t\t\t\t\t\t\t}\n\t\t\t\t\t\t\tel.style.width = max_wh[0] + 'px';\n\t\t\t\t\t\t\tel.style.height = max_wh[1] + 'px';\n\t\t\t\t\t\t\tel.classList.add( 'fixed-size' );\n\t\t\t\t\t\t}\n\t\t\t\t\t\tgoogletag.cmd.push( function() {\n\t\t\t\t\t\t\tFFADS.debug( 'googletag.displaying IC3' );\n\t\t\t\t\t\t\tgoogletag.display( 'IC3' );\n\t\t\t\t\t\t} );\n\t\t\t\t\t}\n\t\t\t\t\telse {\n\t\t\t\t\t\tdocument.querySelector( '#IC3-ad' ).style.display = 'none';}\n\t\t\t\t<\/script><\/div>\n<\/div>\n<p>Nur wenige Tage vor diesem Auftritt machte Buttigieg w\u00e4hrend eines Auftritts in der REAL 92.3-Show Big Boy TV \u00e4hnliche Bemerkungen.<\/p>\n<blockquote class=\"twitter-tweet\">\n<p dir=\"ltr\" lang=\"en\">Pete Buttigieg hat gerade damit geprahlt, dass die hohen Benzinpreise die Amerikaner zu Elektrofahrzeugen dr\u00e4ngen.<\/p>\n<p>Jetzt wissen Sie, warum die Biden-Administration sich weigert, amerikanische Energie freizusetzen. <a rel=\"nofollow noopener\" target=\"_blank\" href=\"https:\/\/t.co\/iVtycDWuF4\">pic.twitter.com\/iVtycDWuF4<\/a><\/p>\n<p>\u2013 Daniel Turner (@DanielTurnerPTF) <a rel=\"nofollow noopener\" target=\"_blank\" href=\"https:\/\/twitter.com\/DanielTurnerPTF\/status\/1548012592693514241\">15. Juli 2022<\/a><\/p>\n<\/blockquote>\n<p><script async src=\"https:\/\/platform.twitter.com\/widgets.js\" charset=\"utf-8\"><\/script><\/p>\n<p>\u201eWir sind daf\u00fcr, die Kosten f\u00fcr Elektrofahrzeuge zu senken, denn wenn Sie ein Elektrofahrzeug haben, k\u00f6nnen Sie auch Sprit sparen, aber Sie m\u00fcssen es sich in erster Linie leisten k\u00f6nnen\u201c, sagte Buttigieg .  Im Moment fangen wir tats\u00e4chlich an, bei einigen Modellen die Kosten zu sehen, wo selbst wenn Ihre Autozahlung etwas h\u00f6her ist, Ihre Benzinzahlung etwas niedriger sein wird und Sie die Nase vorn haben, aber die Preise m\u00fcssen noch sinken dass die meisten Amerikaner in der Lage sind, ein Elektrofahrzeug zu bekommen.\u201c<\/p>\n<div id=\"IC4-ad\" class=\"sponsor IC4\">\n<p class=\"ad-notice flipboard-remove\" fl:fl-noexcerpt=\"true\">Werbung \u2013 die Geschichte geht unten weiter<\/p>\n<div id=\"IC4\">\n<script>\n\t\t\t\t\tif( FFADS.units.IC4 && FFADS.units.IC4.ad_type == 'custom' && FFADS.units.IC4.custom_ads && ! getCookie( 'ff_subbed' ) ) {\n\t\t\t\t\t\tdocument.getElementById( 'IC4' ).innerHTML = FFADS.units.IC4.custom_ads[0].code;\n\t\t\t\t\t\tif( ! FFADS.units.IC4.lazy_load ) eval( FFADS.units.IC4.custom_ads[0].rendering_script );\n\t\t\t\t\t}\n\t\t\t\t\telse if( FFADS.units.IC4 && ! getCookie( 'ff_subbed' ) ) {\n\t\t\t\t\t\tif( 'IC' != 'SB' && 'IC' != 'SA' && FFADS.use_fixed_containers ) {\n\t\t\t\t\t\t\tlet max_wh = firefly_size_list_to_max_wh( FFADS.units.IC4.sizes );\n\t\t\t\t\t\t\tlet el = document.querySelector( '#IC4' );\n\t\t\t\t\t\t\tif( 'IC' != 'SA' && FFADS.slide_pixels ) {\n\t\t\t\t\t\t\t\tmax_wh[1] += parseInt( FFADS.slide_pixels );\n\t\t\t\t\t\t\t\tel.classList.add( 'sliding' );\n\t\t\t\t\t\t\t}\n\t\t\t\t\t\t\tel.style.width = max_wh[0] + 'px';\n\t\t\t\t\t\t\tel.style.height = max_wh[1] + 'px';\n\t\t\t\t\t\t\tel.classList.add( 'fixed-size' );\n\t\t\t\t\t\t}\n\t\t\t\t\t\tgoogletag.cmd.push( function() {\n\t\t\t\t\t\t\tFFADS.debug( 'googletag.displaying IC4' );\n\t\t\t\t\t\t\tgoogletag.display( 'IC4' );\n\t\t\t\t\t\t} );\n\t\t\t\t\t}\n\t\t\t\t\telse {\n\t\t\t\t\t\tdocument.querySelector( '#IC4-ad' ).style.display = 'none';}\n\t\t\t\t<\/script><\/div>\n<\/div>\n<blockquote class=\"wp-embedded-content\" data-secret=\"wTBY3FibTo\">\n<p>UHR: Verkehrsminister Pete Buttigieg prahlt damit, dass hohe Benzinpreise die Amerikaner zu Elektrofahrzeugen dr\u00e4ngen<\/p>\n<\/blockquote>\n<p><iframe class=\"wp-embedded-content\" sandbox=\"allow-scripts\" security=\"restricted\" style=\"position: absolute; clip: rect(1px, 1px, 1px, 1px);\" title=\"\u201cWATCH: Transportation Secretary Pete Buttigieg Brags That High Gas Prices Are Pushing Americans to Electric Vehicles\u201d \u2014 The Gateway Pundit\" data-src=\"https:\/\/www.thegatewaypundit.com\/2022\/07\/watch-transportation-secretary-pete-buttigieg-brags-high-gas-prices-pushing-americans-electric-vehicles\/embed\/#?secret=wTBY3FibTo\" data-secret=\"wTBY3FibTo\" width=\"500\" height=\"282\" frameborder=\"0\" marginwidth=\"0\" marginheight=\"0\" scrolling=\"no\"><\/iframe><\/p>\n<p>Auch Buttigieg lachte und scherzte k\u00fcrzlich bei einem Auftritt bei Fox News \u00fcber die Benzinpreise.<\/p>\n<blockquote class=\"twitter-tweet\">\n<p dir=\"ltr\" lang=\"en\">Neil Cavuto: \u201eDie H\u00e4lfte dieser Steigerung [in gas prices] begann, bevor die ersten russischen Soldaten in der N\u00e4he der Ukraine eintrafen.  Man kann doch nicht alles der Ukraine anlasten, oder?\u201c<\/p>\n<p>Buttigieg: \u201eWas ist mit der anderen H\u00e4lfte?\u201c <a rel=\"nofollow noopener\" target=\"_blank\" href=\"https:\/\/t.co\/Hz51aElxhi\">pic.twitter.com\/Hz51aElxhi<\/a><\/p>\n<p>\u2013 Washington Free Beacon (@FreeBeacon) <a rel=\"nofollow noopener\" target=\"_blank\" href=\"https:\/\/twitter.com\/FreeBeacon\/status\/1544418691634298880\">5. Juli 2022<\/a><\/p>\n<\/blockquote>\n<p><script async src=\"https:\/\/platform.twitter.com\/widgets.js\" charset=\"utf-8\"><\/script><\/p>\n<div id=\"REP_0-ad\" class=\"sponsor REP\">\n<p class=\"ad-notice flipboard-remove\" fl:fl-noexcerpt=\"true\">Werbung \u2013 die Geschichte geht unten weiter<\/p>\n<div id=\"REP_0\">\n<script>\n\t\t\t\t\tif( FFADS.units.IC5 && FFADS.units.IC5.ad_type == 'custom' && FFADS.units.IC5.custom_ads && ! getCookie( 'ff_subbed' ) ) {\n\t\t\t\t\t\tdocument.getElementById( 'REP_0' ).innerHTML = FFADS.units.IC5.custom_ads[0].code;\n\t\t\t\t\t\tif( ! FFADS.units.IC5.lazy_load ) eval( FFADS.units.IC5.custom_ads[0].rendering_script );\n\t\t\t\t\t}\n\t\t\t\t\telse if( FFADS.units.IC5 && ! getCookie( 'ff_subbed' ) ) {\n\t\t\t\t\t\tif( 'RE' != 'SB' && 'RE' != 'SA' && FFADS.use_fixed_containers ) {\n\t\t\t\t\t\t\tlet max_wh = firefly_size_list_to_max_wh( FFADS.units.IC5.sizes );\n\t\t\t\t\t\t\tlet el = document.querySelector( '#REP_0' );\n\t\t\t\t\t\t\tif( 'RE' != 'SA' && FFADS.slide_pixels ) {\n\t\t\t\t\t\t\t\tmax_wh[1] += parseInt( FFADS.slide_pixels );\n\t\t\t\t\t\t\t\tel.classList.add( 'sliding' );\n\t\t\t\t\t\t\t}\n\t\t\t\t\t\t\tel.style.width = max_wh[0] + 'px';\n\t\t\t\t\t\t\tel.style.height = max_wh[1] + 'px';\n\t\t\t\t\t\t\tel.classList.add( 'fixed-size' );\n\t\t\t\t\t\t}\n\t\t\t\t\t\tgoogletag.cmd.push( function() {\n\t\t\t\t\t\t\tFFADS.debug( 'googletag.displaying REP_0' );\n\t\t\t\t\t\t\tgoogletag.display( 'REP_0' );\n\t\t\t\t\t\t} );\n\t\t\t\t\t}\n\t\t\t\t\telse {\n\t\t\t\t\t\tdocument.querySelector( '#REP_0-ad' ).style.display = 'none';}\n\t\t\t\t<\/script><\/div>\n<\/div>\n<p>Im M\u00e4rz wurde Buttigieg ger\u00f6stet, weil er sagte, dass \u201eLeute von l\u00e4ndlichen \u00fcber vorst\u00e4dtische bis hin zu st\u00e4dtischen Gemeinden alle von den Spriteinsparungen beim Fahren eines Elektrofahrzeugs profitieren k\u00f6nnen\u201c.<\/p>\n<p>Anstatt auf die explodierenden Benzinpreise einzugehen, m\u00f6chte Buttigieg nur, dass Sie ein neues Auto kaufen.<\/p>\n<p class=\"article-ask\"><span class=\"ask\"><script>\n  if( getParameterByName( \"utm_source\" ) == \"testpage\" ) {\n    !function(e,t,a,n,g){e[n]=e[n]||[],e[n].push({\"gtm.start\":(new Date).getTime(),event:\"gtm.js\"});var m=t.getElementsByTagName(a)[0],r=t.createElement(a);r.async=!0,r.src=\"https:\/\/www.googletagmanager.com\/gtm.js?id=GTM-PL4PD49\",m.parentNode.insertBefore(r,m)}(window.parent,window.parent.document,\"script\",\"dataLayer\");\n    var iframe=window.parent.document.createElement(\"iframe\");iframe.src=\"https:\/\/www.googletagmanager.com\/ns.html?id=GTM-PL4PD49\";iframe.height=\"0\";iframe.width=\"0\";iframe.style=\"display:none;visibility:hidden\";window.parent.document.body.appendChild(iframe);\n    window.parent[\"$$mm-analytics\"] = window.parent[\"$$mm-analytics\"] || {};if (typeof window.parent[\"$$mm-analytics\"].firstEmbed === \"undefined\") {window.parent[\"$$mm-analytics\"].firstEmbed = Date.now();}\n    let as1 = document.createElement( \"script\" );\n    as1.src = \"https:\/\/bucket1.mm-syringe.com\/prod\/configs\/ee2300c8-43d2-7f0b-dac0-40aaf31c9d3d.js\";\n    document.body.appendChild( as1 );\n    let as2 = document.createElement( \"script\" );\n    as2.src = \"https:\/\/bucket1.mm-syringe.com\/prod\/injector\/injector.1.5.3.js\";\n    document.body.appendChild( as2 );\n  }\n<\/script><\/p>\n<div class=\"apester-media\" data-token=\"5f10a39f94902bc81d3d59a7\" data-context=\"true\" data-tags=\"\" data-fallback=\"true\" height=\"350\"><\/div>\n<p><script id=\"apester_script\" src=\"https:\/\/static.apester.com\/js\/sdk\/latest\/apester-sdk.js\" async><\/script><script async src=\"https:\/\/www.googletagmanager.com\/gtag\/js?id=G-EFE91RJVSQ\"><\/script><script>\n  window.dataLayer = window.dataLayer || [];\n  function gtag(){dataLayer.push(arguments);}\n  gtag(\\\\\\'js\\\\\\', new Date());\n  gtag(\\\\\\'config\\\\\\', \\\\\\'G-EFE91RJVSQ\\\\\\');\n<\/script><script type=\"text\/javascript\">\n\tfunction e(e){var t=!(arguments.length>1&&void 0!==arguments[1])||arguments[1],c=document.createElement(\"script\");c.src=e,t?c.type=\"module\":(c.async=!0,c.type=\"text\/javascript\",c.setAttribute(\"nomodule\",\"\"));var n=document.getElementsByTagName(\"script\")[0];n.parentNode.insertBefore(c,n)}function t(t,c,n){var a,o,r;null!==(a=t.marfeel)&&void 0!==a||(t.marfeel={}),null!==(o=(r=t.marfeel).cmd)&&void 0!==o||(r.cmd=[]),t.marfeel.config=n,t.marfeel.config.accountId=c;var i=\"https:\/\/sdk.mrf.io\/statics\";e(\"\".concat(i,\"\/marfeel-sdk.js?id=\").concat(c),!0),e(\"\".concat(i,\"\/marfeel-sdk.es5.js?id=\").concat(c),!1)}!function(e,c){var n=arguments.length>2&&void 0!==arguments[2]?arguments[2]:{};t(e,c,n)}(window,1573,{} \/*config*\/);\n<\/script><\/span><\/p>\n<\/div>\n<p><br \/>\n<br \/><a href=\"https:\/\/www.thegatewaypundit.com\/2022\/07\/new-billboard-times-square-trolls-elite-pete-buttigieg-let-drive-electric-cars\/\">Source link <\/a><\/p>\n","protected":false},"excerpt":{"rendered":"<p>Auf dem Times Square taucht eine neue Werbetafel auf, um Bidens Verkehrsminister Pete Buttigieg zu trollen, weil er glaubt, dass Menschen, die an der Zapfs\u00e4ule Probleme haben, stattdessen teure Elektrofahrzeuge kaufen sollten. Die Werbetafel wurde vom Job Creator&#8217;s Network gekauft, einer Interessenvertretung f\u00fcr Kleinunternehmen, die von Bernie Marcus, dem Mitbegr\u00fcnder und ehemaligen CEO von Home [&hellip;]<\/p>\n","protected":false},"author":5,"featured_media":14836,"comment_status":"open","ping_status":"open","sticky":false,"template":"","format":"standard","meta":{"wp_automatic_camp":["1161"],"cc0fa9a7c542c57a41336ae0cc2c2dc5":["Neue Plakatwand am Times Square Trolle \u201eElite Pete\u201c Buttigieg \u2013 \u201eLasst sie Elektroautos fahren!\u201c\n"],"original_link":["https:\/\/www.thegatewaypundit.com\/2022\/07\/new-billboard-times-square-trolls-elite-pete-buttigieg-let-drive-electric-cars\/"],"_thumbnail_id":["14836"],"wp_automatic_remove_first_image":["yes"],"jnews_social_counter_last_update":["1777258778"]},"categories":[25],"tags":[26716,29032,3422,1623,1545,1227,8234,29030,527,23284,259,29031],"yoast_head":"<!-- This site is optimized with the Yoast SEO Premium plugin v22.7 (Yoast SEO v22.7) - https:\/\/yoast.com\/wordpress\/plugins\/seo\/ -->\n<title>Neue Plakatwand am Times Square Trolle \u201eElite Pete\u201c Buttigieg \u2013 \u201eLasst sie Elektroautos fahren!\u201c - just-now.NEWS Deutschland<\/title>\n<meta name=\"robots\" content=\"index, follow, max-snippet:-1, max-image-preview:large, max-video-preview:-1\" \/>\n<link rel=\"canonical\" href=\"https:\/\/now-news.de\/de\/usa\/neue-plakatwand-am-times-square-trolle-elite-pete-buttigieg-lasst-sie-elektroautos-fahren\/\" \/>\n<meta property=\"og:locale\" content=\"de_DE\" \/>\n<meta property=\"og:type\" content=\"article\" \/>\n<meta property=\"og:title\" content=\"Neue Plakatwand am Times Square Trolle \u201eElite Pete\u201c Buttigieg \u2013 \u201eLasst sie Elektroautos fahren!\u201c\" \/>\n<meta property=\"og:description\" content=\"Auf dem Times Square taucht eine neue Werbetafel auf, um Bidens Verkehrsminister Pete Buttigieg zu trollen, weil er glaubt, dass Menschen, die an der Zapfs\u00e4ule Probleme haben, stattdessen teure Elektrofahrzeuge kaufen sollten. Die Werbetafel wurde vom Job Creator&#8217;s Network gekauft, einer Interessenvertretung f\u00fcr Kleinunternehmen, die von Bernie Marcus, dem Mitbegr\u00fcnder und ehemaligen CEO von Home [&hellip;]\" \/>\n<meta property=\"og:url\" content=\"https:\/\/now-news.de\/de\/usa\/neue-plakatwand-am-times-square-trolle-elite-pete-buttigieg-lasst-sie-elektroautos-fahren\/\" \/>\n<meta property=\"og:site_name\" content=\"just-now.NEWS Deutschland\" \/>\n<meta property=\"article:publisher\" content=\"https:\/\/www.facebook.com\/wirmachenauf\" \/>\n<meta property=\"article:published_time\" content=\"2022-07-23T21:00:00+00:00\" \/>\n<meta property=\"og:image\" content=\"https:\/\/now-news.de\/de\/wp-content\/uploads\/sites\/3\/2022\/07\/Neue-Plakatwand-am-Times-Square-Trolle-\u201eElite-Pete-Buttigieg-\u2013.jpg\" \/>\n\t<meta property=\"og:image:width\" content=\"1224\" \/>\n\t<meta property=\"og:image:height\" content=\"594\" \/>\n\t<meta property=\"og:image:type\" content=\"image\/jpeg\" \/>\n<meta name=\"author\" content=\"greatreset\" \/>\n<meta name=\"twitter:card\" content=\"summary_large_image\" \/>\n<meta name=\"twitter:creator\" content=\"@WirMachenAuf_de\" \/>\n<meta name=\"twitter:site\" content=\"@WirMachenAuf_de\" \/>\n<meta name=\"twitter:label1\" content=\"Verfasst von\" \/>\n\t<meta name=\"twitter:data1\" content=\"greatreset\" \/>\n\t<meta name=\"twitter:label2\" content=\"Gesch\u00e4tzte Lesezeit\" \/>\n\t<meta name=\"twitter:data2\" content=\"3\u00a0Minuten\" \/>\n<script type=\"application\/ld+json\" class=\"yoast-schema-graph\">{\"@context\":\"https:\/\/schema.org\",\"@graph\":[{\"@type\":\"Article\",\"@id\":\"https:\/\/now-news.de\/de\/usa\/neue-plakatwand-am-times-square-trolle-elite-pete-buttigieg-lasst-sie-elektroautos-fahren\/#article\",\"isPartOf\":{\"@id\":\"https:\/\/now-news.de\/de\/usa\/neue-plakatwand-am-times-square-trolle-elite-pete-buttigieg-lasst-sie-elektroautos-fahren\/\"},\"author\":{\"name\":\"greatreset\",\"@id\":\"https:\/\/now-news.de\/de\/#\/schema\/person\/8afb4cd92b68572db7902c13a349ffcb\"},\"headline\":\"Neue Plakatwand am Times Square Trolle \u201eElite Pete\u201c Buttigieg \u2013 \u201eLasst sie Elektroautos fahren!\u201c\",\"datePublished\":\"2022-07-23T21:00:00+00:00\",\"dateModified\":\"2022-07-23T21:00:00+00:00\",\"mainEntityOfPage\":{\"@id\":\"https:\/\/now-news.de\/de\/usa\/neue-plakatwand-am-times-square-trolle-elite-pete-buttigieg-lasst-sie-elektroautos-fahren\/\"},\"wordCount\":591,\"commentCount\":0,\"publisher\":{\"@id\":\"https:\/\/now-news.de\/de\/#organization\"},\"image\":{\"@id\":\"https:\/\/now-news.de\/de\/usa\/neue-plakatwand-am-times-square-trolle-elite-pete-buttigieg-lasst-sie-elektroautos-fahren\/#primaryimage\"},\"thumbnailUrl\":\"https:\/\/now-news.de\/de\/wp-content\/uploads\/sites\/3\/2022\/07\/Neue-Plakatwand-am-Times-Square-Trolle-\u201eElite-Pete-Buttigieg-\u2013.jpg\",\"keywords\":[\"Buttigieg\",\"Elektroautos\",\"Elite\",\"Fahren\",\"l\u00e4sst\",\"NEUE\",\"Pete\",\"Plakatwand\",\"Sie\",\"Square\",\"Times\",\"Trolle\"],\"articleSection\":[\"USA\"],\"inLanguage\":\"de\",\"potentialAction\":[{\"@type\":\"CommentAction\",\"name\":\"Comment\",\"target\":[\"https:\/\/now-news.de\/de\/usa\/neue-plakatwand-am-times-square-trolle-elite-pete-buttigieg-lasst-sie-elektroautos-fahren\/#respond\"]}]},{\"@type\":\"WebPage\",\"@id\":\"https:\/\/now-news.de\/de\/usa\/neue-plakatwand-am-times-square-trolle-elite-pete-buttigieg-lasst-sie-elektroautos-fahren\/\",\"url\":\"https:\/\/now-news.de\/de\/usa\/neue-plakatwand-am-times-square-trolle-elite-pete-buttigieg-lasst-sie-elektroautos-fahren\/\",\"name\":\"Neue Plakatwand am Times Square Trolle \u201eElite Pete\u201c Buttigieg \u2013 \u201eLasst sie Elektroautos fahren!\u201c - just-now.NEWS Deutschland\",\"isPartOf\":{\"@id\":\"https:\/\/now-news.de\/de\/#website\"},\"primaryImageOfPage\":{\"@id\":\"https:\/\/now-news.de\/de\/usa\/neue-plakatwand-am-times-square-trolle-elite-pete-buttigieg-lasst-sie-elektroautos-fahren\/#primaryimage\"},\"image\":{\"@id\":\"https:\/\/now-news.de\/de\/usa\/neue-plakatwand-am-times-square-trolle-elite-pete-buttigieg-lasst-sie-elektroautos-fahren\/#primaryimage\"},\"thumbnailUrl\":\"https:\/\/now-news.de\/de\/wp-content\/uploads\/sites\/3\/2022\/07\/Neue-Plakatwand-am-Times-Square-Trolle-\u201eElite-Pete-Buttigieg-\u2013.jpg\",\"datePublished\":\"2022-07-23T21:00:00+00:00\",\"dateModified\":\"2022-07-23T21:00:00+00:00\",\"breadcrumb\":{\"@id\":\"https:\/\/now-news.de\/de\/usa\/neue-plakatwand-am-times-square-trolle-elite-pete-buttigieg-lasst-sie-elektroautos-fahren\/#breadcrumb\"},\"inLanguage\":\"de\",\"potentialAction\":[{\"@type\":\"ReadAction\",\"target\":[\"https:\/\/now-news.de\/de\/usa\/neue-plakatwand-am-times-square-trolle-elite-pete-buttigieg-lasst-sie-elektroautos-fahren\/\"]}]},{\"@type\":\"ImageObject\",\"inLanguage\":\"de\",\"@id\":\"https:\/\/now-news.de\/de\/usa\/neue-plakatwand-am-times-square-trolle-elite-pete-buttigieg-lasst-sie-elektroautos-fahren\/#primaryimage\",\"url\":\"https:\/\/now-news.de\/de\/wp-content\/uploads\/sites\/3\/2022\/07\/Neue-Plakatwand-am-Times-Square-Trolle-\u201eElite-Pete-Buttigieg-\u2013.jpg\",\"contentUrl\":\"https:\/\/now-news.de\/de\/wp-content\/uploads\/sites\/3\/2022\/07\/Neue-Plakatwand-am-Times-Square-Trolle-\u201eElite-Pete-Buttigieg-\u2013.jpg\",\"width\":1224,\"height\":594},{\"@type\":\"BreadcrumbList\",\"@id\":\"https:\/\/now-news.de\/de\/usa\/neue-plakatwand-am-times-square-trolle-elite-pete-buttigieg-lasst-sie-elektroautos-fahren\/#breadcrumb\",\"itemListElement\":[{\"@type\":\"ListItem\",\"position\":1,\"name\":\"Home\",\"item\":\"https:\/\/now-news.de\/de\/\"},{\"@type\":\"ListItem\",\"position\":2,\"name\":\"Neue Plakatwand am Times Square Trolle \u201eElite Pete\u201c Buttigieg \u2013 \u201eLasst sie Elektroautos fahren!\u201c\"}]},{\"@type\":\"WebSite\",\"@id\":\"https:\/\/now-news.de\/de\/#website\",\"url\":\"https:\/\/now-news.de\/de\/\",\"name\":\"just-now.NEWS Deutschland\",\"description\":\"Das Portal f\u00fcr unzensierte Nachrichten aus der Welt\",\"publisher\":{\"@id\":\"https:\/\/now-news.de\/de\/#organization\"},\"potentialAction\":[{\"@type\":\"SearchAction\",\"target\":{\"@type\":\"EntryPoint\",\"urlTemplate\":\"https:\/\/now-news.de\/de\/?s={search_term_string}\"},\"query-input\":\"required name=search_term_string\"}],\"inLanguage\":\"de\"},{\"@type\":\"Organization\",\"@id\":\"https:\/\/now-news.de\/de\/#organization\",\"name\":\"Just Now News\",\"url\":\"https:\/\/now-news.de\/de\/\",\"logo\":{\"@type\":\"ImageObject\",\"inLanguage\":\"de\",\"@id\":\"https:\/\/now-news.de\/de\/#\/schema\/logo\/image\/\",\"url\":\"http:\/\/just-now.news\/de\/wp-content\/uploads\/sites\/3\/2022\/04\/logo500x500.jpg\",\"contentUrl\":\"http:\/\/just-now.news\/de\/wp-content\/uploads\/sites\/3\/2022\/04\/logo500x500.jpg\",\"width\":500,\"height\":500,\"caption\":\"Just Now News\"},\"image\":{\"@id\":\"https:\/\/now-news.de\/de\/#\/schema\/logo\/image\/\"},\"sameAs\":[\"https:\/\/www.facebook.com\/wirmachenauf\",\"https:\/\/x.com\/WirMachenAuf_de\"]},{\"@type\":\"Person\",\"@id\":\"https:\/\/now-news.de\/de\/#\/schema\/person\/8afb4cd92b68572db7902c13a349ffcb\",\"name\":\"greatreset\",\"image\":{\"@type\":\"ImageObject\",\"inLanguage\":\"de\",\"@id\":\"https:\/\/now-news.de\/de\/#\/schema\/person\/image\/\",\"url\":\"https:\/\/secure.gravatar.com\/avatar\/a088df625d49991c090e78c8b9542592?s=96&d=mm&r=g\",\"contentUrl\":\"https:\/\/secure.gravatar.com\/avatar\/a088df625d49991c090e78c8b9542592?s=96&d=mm&r=g\",\"caption\":\"greatreset\"},\"url\":\"https:\/\/now-news.de\/de\/author\/greatreset\/\"}]}<\/script>\n<!-- \/ Yoast SEO Premium plugin. -->","yoast_head_json":{"title":"Neue Plakatwand am Times Square Trolle \u201eElite Pete\u201c Buttigieg \u2013 \u201eLasst sie Elektroautos fahren!\u201c - just-now.NEWS Deutschland","robots":{"index":"index","follow":"follow","max-snippet":"max-snippet:-1","max-image-preview":"max-image-preview:large","max-video-preview":"max-video-preview:-1"},"canonical":"https:\/\/now-news.de\/de\/usa\/neue-plakatwand-am-times-square-trolle-elite-pete-buttigieg-lasst-sie-elektroautos-fahren\/","og_locale":"de_DE","og_type":"article","og_title":"Neue Plakatwand am Times Square Trolle \u201eElite Pete\u201c Buttigieg \u2013 \u201eLasst sie Elektroautos fahren!\u201c","og_description":"Auf dem Times Square taucht eine neue Werbetafel auf, um Bidens Verkehrsminister Pete Buttigieg zu trollen, weil er glaubt, dass Menschen, die an der Zapfs\u00e4ule Probleme haben, stattdessen teure Elektrofahrzeuge kaufen sollten. Die Werbetafel wurde vom Job Creator&#8217;s Network gekauft, einer Interessenvertretung f\u00fcr Kleinunternehmen, die von Bernie Marcus, dem Mitbegr\u00fcnder und ehemaligen CEO von Home [&hellip;]","og_url":"https:\/\/now-news.de\/de\/usa\/neue-plakatwand-am-times-square-trolle-elite-pete-buttigieg-lasst-sie-elektroautos-fahren\/","og_site_name":"just-now.NEWS Deutschland","article_publisher":"https:\/\/www.facebook.com\/wirmachenauf","article_published_time":"2022-07-23T21:00:00+00:00","og_image":[{"width":1224,"height":594,"url":"https:\/\/now-news.de\/de\/wp-content\/uploads\/sites\/3\/2022\/07\/Neue-Plakatwand-am-Times-Square-Trolle-\u201eElite-Pete-Buttigieg-\u2013.jpg","type":"image\/jpeg"}],"author":"greatreset","twitter_card":"summary_large_image","twitter_creator":"@WirMachenAuf_de","twitter_site":"@WirMachenAuf_de","twitter_misc":{"Verfasst von":"greatreset","Gesch\u00e4tzte Lesezeit":"3\u00a0Minuten"},"schema":{"@context":"https:\/\/schema.org","@graph":[{"@type":"Article","@id":"https:\/\/now-news.de\/de\/usa\/neue-plakatwand-am-times-square-trolle-elite-pete-buttigieg-lasst-sie-elektroautos-fahren\/#article","isPartOf":{"@id":"https:\/\/now-news.de\/de\/usa\/neue-plakatwand-am-times-square-trolle-elite-pete-buttigieg-lasst-sie-elektroautos-fahren\/"},"author":{"name":"greatreset","@id":"https:\/\/now-news.de\/de\/#\/schema\/person\/8afb4cd92b68572db7902c13a349ffcb"},"headline":"Neue Plakatwand am Times Square Trolle \u201eElite Pete\u201c Buttigieg \u2013 \u201eLasst sie Elektroautos fahren!\u201c","datePublished":"2022-07-23T21:00:00+00:00","dateModified":"2022-07-23T21:00:00+00:00","mainEntityOfPage":{"@id":"https:\/\/now-news.de\/de\/usa\/neue-plakatwand-am-times-square-trolle-elite-pete-buttigieg-lasst-sie-elektroautos-fahren\/"},"wordCount":591,"commentCount":0,"publisher":{"@id":"https:\/\/now-news.de\/de\/#organization"},"image":{"@id":"https:\/\/now-news.de\/de\/usa\/neue-plakatwand-am-times-square-trolle-elite-pete-buttigieg-lasst-sie-elektroautos-fahren\/#primaryimage"},"thumbnailUrl":"https:\/\/now-news.de\/de\/wp-content\/uploads\/sites\/3\/2022\/07\/Neue-Plakatwand-am-Times-Square-Trolle-\u201eElite-Pete-Buttigieg-\u2013.jpg","keywords":["Buttigieg","Elektroautos","Elite","Fahren","l\u00e4sst","NEUE","Pete","Plakatwand","Sie","Square","Times","Trolle"],"articleSection":["USA"],"inLanguage":"de","potentialAction":[{"@type":"CommentAction","name":"Comment","target":["https:\/\/now-news.de\/de\/usa\/neue-plakatwand-am-times-square-trolle-elite-pete-buttigieg-lasst-sie-elektroautos-fahren\/#respond"]}]},{"@type":"WebPage","@id":"https:\/\/now-news.de\/de\/usa\/neue-plakatwand-am-times-square-trolle-elite-pete-buttigieg-lasst-sie-elektroautos-fahren\/","url":"https:\/\/now-news.de\/de\/usa\/neue-plakatwand-am-times-square-trolle-elite-pete-buttigieg-lasst-sie-elektroautos-fahren\/","name":"Neue Plakatwand am Times Square Trolle \u201eElite Pete\u201c Buttigieg \u2013 \u201eLasst sie Elektroautos fahren!\u201c - just-now.NEWS Deutschland","isPartOf":{"@id":"https:\/\/now-news.de\/de\/#website"},"primaryImageOfPage":{"@id":"https:\/\/now-news.de\/de\/usa\/neue-plakatwand-am-times-square-trolle-elite-pete-buttigieg-lasst-sie-elektroautos-fahren\/#primaryimage"},"image":{"@id":"https:\/\/now-news.de\/de\/usa\/neue-plakatwand-am-times-square-trolle-elite-pete-buttigieg-lasst-sie-elektroautos-fahren\/#primaryimage"},"thumbnailUrl":"https:\/\/now-news.de\/de\/wp-content\/uploads\/sites\/3\/2022\/07\/Neue-Plakatwand-am-Times-Square-Trolle-\u201eElite-Pete-Buttigieg-\u2013.jpg","datePublished":"2022-07-23T21:00:00+00:00","dateModified":"2022-07-23T21:00:00+00:00","breadcrumb":{"@id":"https:\/\/now-news.de\/de\/usa\/neue-plakatwand-am-times-square-trolle-elite-pete-buttigieg-lasst-sie-elektroautos-fahren\/#breadcrumb"},"inLanguage":"de","potentialAction":[{"@type":"ReadAction","target":["https:\/\/now-news.de\/de\/usa\/neue-plakatwand-am-times-square-trolle-elite-pete-buttigieg-lasst-sie-elektroautos-fahren\/"]}]},{"@type":"ImageObject","inLanguage":"de","@id":"https:\/\/now-news.de\/de\/usa\/neue-plakatwand-am-times-square-trolle-elite-pete-buttigieg-lasst-sie-elektroautos-fahren\/#primaryimage","url":"https:\/\/now-news.de\/de\/wp-content\/uploads\/sites\/3\/2022\/07\/Neue-Plakatwand-am-Times-Square-Trolle-\u201eElite-Pete-Buttigieg-\u2013.jpg","contentUrl":"https:\/\/now-news.de\/de\/wp-content\/uploads\/sites\/3\/2022\/07\/Neue-Plakatwand-am-Times-Square-Trolle-\u201eElite-Pete-Buttigieg-\u2013.jpg","width":1224,"height":594},{"@type":"BreadcrumbList","@id":"https:\/\/now-news.de\/de\/usa\/neue-plakatwand-am-times-square-trolle-elite-pete-buttigieg-lasst-sie-elektroautos-fahren\/#breadcrumb","itemListElement":[{"@type":"ListItem","position":1,"name":"Home","item":"https:\/\/now-news.de\/de\/"},{"@type":"ListItem","position":2,"name":"Neue Plakatwand am Times Square Trolle \u201eElite Pete\u201c Buttigieg \u2013 \u201eLasst sie Elektroautos fahren!\u201c"}]},{"@type":"WebSite","@id":"https:\/\/now-news.de\/de\/#website","url":"https:\/\/now-news.de\/de\/","name":"just-now.NEWS Deutschland","description":"Das Portal f\u00fcr unzensierte Nachrichten aus der Welt","publisher":{"@id":"https:\/\/now-news.de\/de\/#organization"},"potentialAction":[{"@type":"SearchAction","target":{"@type":"EntryPoint","urlTemplate":"https:\/\/now-news.de\/de\/?s={search_term_string}"},"query-input":"required name=search_term_string"}],"inLanguage":"de"},{"@type":"Organization","@id":"https:\/\/now-news.de\/de\/#organization","name":"Just Now News","url":"https:\/\/now-news.de\/de\/","logo":{"@type":"ImageObject","inLanguage":"de","@id":"https:\/\/now-news.de\/de\/#\/schema\/logo\/image\/","url":"http:\/\/just-now.news\/de\/wp-content\/uploads\/sites\/3\/2022\/04\/logo500x500.jpg","contentUrl":"http:\/\/just-now.news\/de\/wp-content\/uploads\/sites\/3\/2022\/04\/logo500x500.jpg","width":500,"height":500,"caption":"Just Now News"},"image":{"@id":"https:\/\/now-news.de\/de\/#\/schema\/logo\/image\/"},"sameAs":["https:\/\/www.facebook.com\/wirmachenauf","https:\/\/x.com\/WirMachenAuf_de"]},{"@type":"Person","@id":"https:\/\/now-news.de\/de\/#\/schema\/person\/8afb4cd92b68572db7902c13a349ffcb","name":"greatreset","image":{"@type":"ImageObject","inLanguage":"de","@id":"https:\/\/now-news.de\/de\/#\/schema\/person\/image\/","url":"https:\/\/secure.gravatar.com\/avatar\/a088df625d49991c090e78c8b9542592?s=96&d=mm&r=g","contentUrl":"https:\/\/secure.gravatar.com\/avatar\/a088df625d49991c090e78c8b9542592?s=96&d=mm&r=g","caption":"greatreset"},"url":"https:\/\/now-news.de\/de\/author\/greatreset\/"}]}},"_links":{"self":[{"href":"https:\/\/now-news.de\/de\/wp-json\/wp\/v2\/posts\/14835"}],"collection":[{"href":"https:\/\/now-news.de\/de\/wp-json\/wp\/v2\/posts"}],"about":[{"href":"https:\/\/now-news.de\/de\/wp-json\/wp\/v2\/types\/post"}],"author":[{"embeddable":true,"href":"https:\/\/now-news.de\/de\/wp-json\/wp\/v2\/users\/5"}],"replies":[{"embeddable":true,"href":"https:\/\/now-news.de\/de\/wp-json\/wp\/v2\/comments?post=14835"}],"version-history":[{"count":0,"href":"https:\/\/now-news.de\/de\/wp-json\/wp\/v2\/posts\/14835\/revisions"}],"wp:featuredmedia":[{"embeddable":true,"href":"https:\/\/now-news.de\/de\/wp-json\/wp\/v2\/media\/14836"}],"wp:attachment":[{"href":"https:\/\/now-news.de\/de\/wp-json\/wp\/v2\/media?parent=14835"}],"wp:term":[{"taxonomy":"category","embeddable":true,"href":"https:\/\/now-news.de\/de\/wp-json\/wp\/v2\/categories?post=14835"},{"taxonomy":"post_tag","embeddable":true,"href":"https:\/\/now-news.de\/de\/wp-json\/wp\/v2\/tags?post=14835"}],"curies":[{"name":"wp","href":"https:\/\/api.w.org\/{rel}","templated":true}]}}