{"id":14770,"date":"2022-07-23T07:03:16","date_gmt":"2022-07-23T05:03:16","guid":{"rendered":"http:\/\/just-now.news\/de\/deutschland\/transnistrien-kuendigt-plaene-zum-anschluss-an-russland-an\/"},"modified":"2022-07-23T07:03:16","modified_gmt":"2022-07-23T05:03:16","slug":"transnistrien-kuendigt-plaene-zum-anschluss-an-russland-an","status":"publish","type":"post","link":"https:\/\/now-news.de\/de\/deutschland\/transnistrien-kuendigt-plaene-zum-anschluss-an-russland-an\/","title":{"rendered":"Transnistrien k\u00fcndigt Pl\u00e4ne zum Anschluss an Russland an"},"content":{"rendered":"<p><img decoding=\"async\" src=\"http:\/\/just-now.news\/de\/wp-content\/uploads\/sites\/3\/2022\/07\/62daa4c9b480cc11e706cf8c.jpg\" \/><\/p>\n<p>Der Au\u00dfenminister der nicht anerkannten Region Transnistrien, Witali Ignatjew, hat in einem Interview mit der Nachrichtenagentur <em>RIA Nowosti<\/em> erkl\u00e4rt, dass Tiraspol die Unabh\u00e4ngigkeit mit anschlie\u00dfendem Beitritt zu Russland anstrebe.<strong><\/strong><\/p>\n<p>Ignatjew zufolge ist die Ausrichtung Transnistriens in all den Jahren des Bestehens der Republik unver\u00e4ndert geblieben, was sich auch in den Ergebnissen des Referendums vom September 2006 widerspiegelt. Damals sprachen sich nach Angaben der Zentralen Wahlkommission Transnistriens 97 Prozent der Teilnehmer f\u00fcr die Unabh\u00e4ngigkeit der Republik und den Anschluss an Russland aus.<\/p>\n<p>Ignatjew f\u00fcgte hinzu, dass die transnistrischen Beh\u00f6rden &#8220;pragmatisch und ehrlich&#8221; handeln und keine Entscheidungen &#8220;zum Nachteil von einer halben Million Menschen im Land&#8221; treffen w\u00fcrden.<\/p>\n<p>Anfang Mai erkl\u00e4rte das Oberhaupt Transnistriens, Wadim Krasnosselski, dass die Republik nicht milit\u00e4risch, sondern friedlich, &#8220;am Verhandlungstisch, im Dialog&#8221; anerkannt werden sollte. Er wies darauf hin, dass niemand einen bewaffneten Konflikt brauche, die Bewohner Transnistriens w\u00fcssten, was Krieg sei, und sch\u00e4tzten den Frieden. Wenige Tage zuvor waren mehrere Einrichtungen in Transnistrien angegriffen worden, darunter auch der Sitz des Ministeriums f\u00fcr Staatssicherheit der Republik, und die \u00f6rtlichen Beh\u00f6rden hatten eine rote Terrorwarnstufe eingef\u00fchrt.<\/p>\n<p>Gleichzeitig \u00e4u\u00dferte die moldawische Pr\u00e4sidentin Maia Sandu die Hoffnung, dass das Land den Konflikt mit Transnistrien beilegen und gemeinsam mit der Republik der Europ\u00e4ischen Union beitreten kann (Moldawien erhielt am 23. Juni den Status eines EU-Kandidaten). Sandu forderte Russland au\u00dferdem auf, seine Truppen aus der Region abzuziehen, nachdem der Beschluss der Parlamentarischen Versammlung des Europarates (PACE) das Gebiet als &#8220;von Russland besetzt&#8221; anerkannt hatte. Dar\u00fcber hinaus hatte die PACE den Konflikt in Transnistrien im Jahr 1992 als einen &#8220;Akt milit\u00e4rischer Aggression&#8221; Russlands gegen Moldawien eingestuft. In Transnistrien sind rund 1.000 russische Friedenssoldaten im Rahmen der Operativen Gruppe der russischen Streitkr\u00e4fte (OGRW) stationiert. Das russische Au\u00dfenministerium bezeichnete die PACE-Formulierung als &#8220;inakzeptabel&#8221;.<\/p>\n<p>Ignatjew hatte zuvor argumentiert, dass die Bewohner Moldawiens und Transnistriens &#8220;unterschiedliche Identit\u00e4ten&#8221; h\u00e4tten, was es nahezu unm\u00f6glich mache, sie zu vereinen.<\/p>\n<p>Der Pressesprecher des russischen Pr\u00e4sidenten, Dmitri Peskow, \u00e4u\u00dferte sich zu Medienberichten \u00fcber die Absicht der moldawischen Republik Transnistrien, Teil Russlands zu werden. Ihm zufolge wei\u00df der Kreml nicht, worauf sich diese Informationen beziehen. Auf eine entsprechende Frage von Journalisten antwortete er:<\/p>\n<blockquote>\n<p><em>&#8220;Nein, ich habe ehrlich gesagt Medienberichte gesehen, aber ich wei\u00df nicht, womit das zusammenh\u00e4ngt, ich wei\u00df nicht, welche Prozesse das sind, ich kann nichts sagen.&#8221;<\/em><\/p>\n<\/blockquote>\n<p>Im M\u00e4rz k\u00fcndigte der s\u00fcdossetische Pr\u00e4sident Anatoli Bibilow seine Absicht an, &#8220;rechtliche Schritte&#8221; zu unternehmen, um Teil Russlands zu werden. Die Volksrepubliken Donezk und Lugansk, deren Unabh\u00e4ngigkeit Ende Februar von Moskau anerkannt wurde, haben ebenfalls beschlossen, dies zu pr\u00fcfen. Die Mitglieder der milit\u00e4risch-zivilen Verwaltungen der ukrainischen Gebiete Cherson und Saporoschje, die in den von den russischen Truppen kontrollierten Teilen der Gebiete eingerichtet wurden, bereiten sich ebenfalls auf ein Referendum \u00fcber die Wiedervereinigung an Russland vor.<em><\/em><\/p>\n<p><strong>Mehr zum Thema<\/strong> &#8211; <a rel=\"nofollow noopener\" target=\"_blank\" href=\"https:\/\/de.rt.com\/europa\/139157-moldau-zwischen-neutralitat-und-prowestlicher\/\">Moldau: Zwischen Neutralit\u00e4t und prowestlicher Orientierung<\/a><\/p>\n<p><br \/>\n<br \/><a href=\"https:\/\/de.rt.com\/europa\/144199-transnistrisches-aussenministerium-kuendigt-plaene-zum-anschluss-an-russland-an\/\">Source link <\/a><\/p>\n","protected":false},"excerpt":{"rendered":"<p>Der Au\u00dfenminister der nicht anerkannten Region Transnistrien, Witali Ignatjew, hat in einem Interview mit der Nachrichtenagentur RIA Nowosti erkl\u00e4rt, dass Tiraspol die Unabh\u00e4ngigkeit mit anschlie\u00dfendem Beitritt zu Russland anstrebe. Ignatjew zufolge ist die Ausrichtung Transnistriens in all den Jahren des Bestehens der Republik unver\u00e4ndert geblieben, was sich auch in den Ergebnissen des Referendums vom September [&hellip;]<\/p>\n","protected":false},"author":3,"featured_media":14771,"comment_status":"open","ping_status":"open","sticky":false,"template":"","format":"standard","meta":{"wp_automatic_camp":["217"],"9404655df39e237b9c733b8e40c2dfdc":["Transnistrien k\u00fcndigt Pl\u00e4ne zum Anschluss an Russland an"],"original_link":["https:\/\/de.rt.com\/europa\/144199-transnistrisches-aussenministerium-kuendigt-plaene-zum-anschluss-an-russland-an\/"],"_thumbnail_id":["14771"],"_wptg_p2tg_sent2tg":["2022-07-23 07:20:00"],"jnews_social_counter_last_update":["1777332965"]},"categories":[19,23],"tags":[28965,4224,5349,126,10527,565],"yoast_head":"<!-- This site is optimized with the Yoast SEO Premium plugin v22.7 (Yoast SEO v22.7) - https:\/\/yoast.com\/wordpress\/plugins\/seo\/ -->\n<title>Transnistrien k\u00fcndigt Pl\u00e4ne zum Anschluss an Russland an - just-now.NEWS Deutschland<\/title>\n<meta name=\"robots\" content=\"index, follow, max-snippet:-1, max-image-preview:large, max-video-preview:-1\" \/>\n<link rel=\"canonical\" href=\"https:\/\/now-news.de\/de\/deutschland\/transnistrien-kuendigt-plaene-zum-anschluss-an-russland-an\/\" \/>\n<meta property=\"og:locale\" content=\"de_DE\" \/>\n<meta property=\"og:type\" content=\"article\" \/>\n<meta property=\"og:title\" content=\"Transnistrien k\u00fcndigt Pl\u00e4ne zum Anschluss an Russland an\" \/>\n<meta property=\"og:description\" content=\"Der Au\u00dfenminister der nicht anerkannten Region Transnistrien, Witali Ignatjew, hat in einem Interview mit der Nachrichtenagentur RIA Nowosti erkl\u00e4rt, dass Tiraspol die Unabh\u00e4ngigkeit mit anschlie\u00dfendem Beitritt zu Russland anstrebe. Ignatjew zufolge ist die Ausrichtung Transnistriens in all den Jahren des Bestehens der Republik unver\u00e4ndert geblieben, was sich auch in den Ergebnissen des Referendums vom September [&hellip;]\" \/>\n<meta property=\"og:url\" content=\"https:\/\/now-news.de\/de\/deutschland\/transnistrien-kuendigt-plaene-zum-anschluss-an-russland-an\/\" \/>\n<meta property=\"og:site_name\" content=\"just-now.NEWS Deutschland\" \/>\n<meta property=\"article:publisher\" content=\"https:\/\/www.facebook.com\/wirmachenauf\" \/>\n<meta property=\"article:published_time\" content=\"2022-07-23T05:03:16+00:00\" \/>\n<meta property=\"og:image\" content=\"https:\/\/now-news.de\/de\/wp-content\/uploads\/sites\/3\/2022\/07\/Transnistrien-kuendigt-Plaene-zum-Anschluss-an-Russland-an.jpg\" \/>\n\t<meta property=\"og:image:width\" content=\"460\" \/>\n\t<meta property=\"og:image:height\" content=\"259\" \/>\n\t<meta property=\"og:image:type\" content=\"image\/jpeg\" \/>\n<meta name=\"author\" content=\"rtnews\" \/>\n<meta name=\"twitter:card\" content=\"summary_large_image\" \/>\n<meta name=\"twitter:creator\" content=\"@WirMachenAuf_de\" \/>\n<meta name=\"twitter:site\" content=\"@WirMachenAuf_de\" \/>\n<meta name=\"twitter:label1\" content=\"Verfasst von\" \/>\n\t<meta name=\"twitter:data1\" content=\"rtnews\" \/>\n\t<meta name=\"twitter:label2\" content=\"Gesch\u00e4tzte Lesezeit\" \/>\n\t<meta name=\"twitter:data2\" content=\"2\u00a0Minuten\" \/>\n<script type=\"application\/ld+json\" class=\"yoast-schema-graph\">{\"@context\":\"https:\/\/schema.org\",\"@graph\":[{\"@type\":\"Article\",\"@id\":\"https:\/\/now-news.de\/de\/deutschland\/transnistrien-kuendigt-plaene-zum-anschluss-an-russland-an\/#article\",\"isPartOf\":{\"@id\":\"https:\/\/now-news.de\/de\/deutschland\/transnistrien-kuendigt-plaene-zum-anschluss-an-russland-an\/\"},\"author\":{\"name\":\"rtnews\",\"@id\":\"https:\/\/now-news.de\/de\/#\/schema\/person\/fb534a4e865501d8b3285208df34a9b5\"},\"headline\":\"Transnistrien k\u00fcndigt Pl\u00e4ne zum Anschluss an Russland an\",\"datePublished\":\"2022-07-23T05:03:16+00:00\",\"dateModified\":\"2022-07-23T05:03:16+00:00\",\"mainEntityOfPage\":{\"@id\":\"https:\/\/now-news.de\/de\/deutschland\/transnistrien-kuendigt-plaene-zum-anschluss-an-russland-an\/\"},\"wordCount\":507,\"commentCount\":0,\"publisher\":{\"@id\":\"https:\/\/now-news.de\/de\/#organization\"},\"image\":{\"@id\":\"https:\/\/now-news.de\/de\/deutschland\/transnistrien-kuendigt-plaene-zum-anschluss-an-russland-an\/#primaryimage\"},\"thumbnailUrl\":\"https:\/\/now-news.de\/de\/wp-content\/uploads\/sites\/3\/2022\/07\/Transnistrien-kuendigt-Plaene-zum-Anschluss-an-Russland-an.jpg\",\"keywords\":[\"Anschluss\",\"k\u00fcndigt\",\"Pl\u00e4ne\",\"russland\",\"Transnistrien\",\"zum\"],\"articleSection\":[\"Deutschland\",\"Russland\"],\"inLanguage\":\"de\",\"potentialAction\":[{\"@type\":\"CommentAction\",\"name\":\"Comment\",\"target\":[\"https:\/\/now-news.de\/de\/deutschland\/transnistrien-kuendigt-plaene-zum-anschluss-an-russland-an\/#respond\"]}]},{\"@type\":\"WebPage\",\"@id\":\"https:\/\/now-news.de\/de\/deutschland\/transnistrien-kuendigt-plaene-zum-anschluss-an-russland-an\/\",\"url\":\"https:\/\/now-news.de\/de\/deutschland\/transnistrien-kuendigt-plaene-zum-anschluss-an-russland-an\/\",\"name\":\"Transnistrien k\u00fcndigt Pl\u00e4ne zum Anschluss an Russland an - just-now.NEWS Deutschland\",\"isPartOf\":{\"@id\":\"https:\/\/now-news.de\/de\/#website\"},\"primaryImageOfPage\":{\"@id\":\"https:\/\/now-news.de\/de\/deutschland\/transnistrien-kuendigt-plaene-zum-anschluss-an-russland-an\/#primaryimage\"},\"image\":{\"@id\":\"https:\/\/now-news.de\/de\/deutschland\/transnistrien-kuendigt-plaene-zum-anschluss-an-russland-an\/#primaryimage\"},\"thumbnailUrl\":\"https:\/\/now-news.de\/de\/wp-content\/uploads\/sites\/3\/2022\/07\/Transnistrien-kuendigt-Plaene-zum-Anschluss-an-Russland-an.jpg\",\"datePublished\":\"2022-07-23T05:03:16+00:00\",\"dateModified\":\"2022-07-23T05:03:16+00:00\",\"breadcrumb\":{\"@id\":\"https:\/\/now-news.de\/de\/deutschland\/transnistrien-kuendigt-plaene-zum-anschluss-an-russland-an\/#breadcrumb\"},\"inLanguage\":\"de\",\"potentialAction\":[{\"@type\":\"ReadAction\",\"target\":[\"https:\/\/now-news.de\/de\/deutschland\/transnistrien-kuendigt-plaene-zum-anschluss-an-russland-an\/\"]}]},{\"@type\":\"ImageObject\",\"inLanguage\":\"de\",\"@id\":\"https:\/\/now-news.de\/de\/deutschland\/transnistrien-kuendigt-plaene-zum-anschluss-an-russland-an\/#primaryimage\",\"url\":\"https:\/\/now-news.de\/de\/wp-content\/uploads\/sites\/3\/2022\/07\/Transnistrien-kuendigt-Plaene-zum-Anschluss-an-Russland-an.jpg\",\"contentUrl\":\"https:\/\/now-news.de\/de\/wp-content\/uploads\/sites\/3\/2022\/07\/Transnistrien-kuendigt-Plaene-zum-Anschluss-an-Russland-an.jpg\",\"width\":460,\"height\":259,\"caption\":\"Transnistrien k\u00fcndigt Pl\u00e4ne zum Anschluss an Russland an\"},{\"@type\":\"BreadcrumbList\",\"@id\":\"https:\/\/now-news.de\/de\/deutschland\/transnistrien-kuendigt-plaene-zum-anschluss-an-russland-an\/#breadcrumb\",\"itemListElement\":[{\"@type\":\"ListItem\",\"position\":1,\"name\":\"Home\",\"item\":\"https:\/\/now-news.de\/de\/\"},{\"@type\":\"ListItem\",\"position\":2,\"name\":\"Transnistrien k\u00fcndigt Pl\u00e4ne zum Anschluss an Russland an\"}]},{\"@type\":\"WebSite\",\"@id\":\"https:\/\/now-news.de\/de\/#website\",\"url\":\"https:\/\/now-news.de\/de\/\",\"name\":\"just-now.NEWS Deutschland\",\"description\":\"Das Portal f\u00fcr unzensierte Nachrichten aus der Welt\",\"publisher\":{\"@id\":\"https:\/\/now-news.de\/de\/#organization\"},\"potentialAction\":[{\"@type\":\"SearchAction\",\"target\":{\"@type\":\"EntryPoint\",\"urlTemplate\":\"https:\/\/now-news.de\/de\/?s={search_term_string}\"},\"query-input\":\"required name=search_term_string\"}],\"inLanguage\":\"de\"},{\"@type\":\"Organization\",\"@id\":\"https:\/\/now-news.de\/de\/#organization\",\"name\":\"Just Now News\",\"url\":\"https:\/\/now-news.de\/de\/\",\"logo\":{\"@type\":\"ImageObject\",\"inLanguage\":\"de\",\"@id\":\"https:\/\/now-news.de\/de\/#\/schema\/logo\/image\/\",\"url\":\"http:\/\/just-now.news\/de\/wp-content\/uploads\/sites\/3\/2022\/04\/logo500x500.jpg\",\"contentUrl\":\"http:\/\/just-now.news\/de\/wp-content\/uploads\/sites\/3\/2022\/04\/logo500x500.jpg\",\"width\":500,\"height\":500,\"caption\":\"Just Now News\"},\"image\":{\"@id\":\"https:\/\/now-news.de\/de\/#\/schema\/logo\/image\/\"},\"sameAs\":[\"https:\/\/www.facebook.com\/wirmachenauf\",\"https:\/\/x.com\/WirMachenAuf_de\"]},{\"@type\":\"Person\",\"@id\":\"https:\/\/now-news.de\/de\/#\/schema\/person\/fb534a4e865501d8b3285208df34a9b5\",\"name\":\"rtnews\",\"image\":{\"@type\":\"ImageObject\",\"inLanguage\":\"de\",\"@id\":\"https:\/\/now-news.de\/de\/#\/schema\/person\/image\/\",\"url\":\"https:\/\/secure.gravatar.com\/avatar\/82aafea7d8127119dd649515f56e2117?s=96&d=mm&r=g\",\"contentUrl\":\"https:\/\/secure.gravatar.com\/avatar\/82aafea7d8127119dd649515f56e2117?s=96&d=mm&r=g\",\"caption\":\"rtnews\"},\"url\":\"https:\/\/now-news.de\/de\/author\/rnews\/\"}]}<\/script>\n<!-- \/ Yoast SEO Premium plugin. -->","yoast_head_json":{"title":"Transnistrien k\u00fcndigt Pl\u00e4ne zum Anschluss an Russland an - just-now.NEWS Deutschland","robots":{"index":"index","follow":"follow","max-snippet":"max-snippet:-1","max-image-preview":"max-image-preview:large","max-video-preview":"max-video-preview:-1"},"canonical":"https:\/\/now-news.de\/de\/deutschland\/transnistrien-kuendigt-plaene-zum-anschluss-an-russland-an\/","og_locale":"de_DE","og_type":"article","og_title":"Transnistrien k\u00fcndigt Pl\u00e4ne zum Anschluss an Russland an","og_description":"Der Au\u00dfenminister der nicht anerkannten Region Transnistrien, Witali Ignatjew, hat in einem Interview mit der Nachrichtenagentur RIA Nowosti erkl\u00e4rt, dass Tiraspol die Unabh\u00e4ngigkeit mit anschlie\u00dfendem Beitritt zu Russland anstrebe. Ignatjew zufolge ist die Ausrichtung Transnistriens in all den Jahren des Bestehens der Republik unver\u00e4ndert geblieben, was sich auch in den Ergebnissen des Referendums vom September [&hellip;]","og_url":"https:\/\/now-news.de\/de\/deutschland\/transnistrien-kuendigt-plaene-zum-anschluss-an-russland-an\/","og_site_name":"just-now.NEWS Deutschland","article_publisher":"https:\/\/www.facebook.com\/wirmachenauf","article_published_time":"2022-07-23T05:03:16+00:00","og_image":[{"width":460,"height":259,"url":"https:\/\/now-news.de\/de\/wp-content\/uploads\/sites\/3\/2022\/07\/Transnistrien-kuendigt-Plaene-zum-Anschluss-an-Russland-an.jpg","type":"image\/jpeg"}],"author":"rtnews","twitter_card":"summary_large_image","twitter_creator":"@WirMachenAuf_de","twitter_site":"@WirMachenAuf_de","twitter_misc":{"Verfasst von":"rtnews","Gesch\u00e4tzte Lesezeit":"2\u00a0Minuten"},"schema":{"@context":"https:\/\/schema.org","@graph":[{"@type":"Article","@id":"https:\/\/now-news.de\/de\/deutschland\/transnistrien-kuendigt-plaene-zum-anschluss-an-russland-an\/#article","isPartOf":{"@id":"https:\/\/now-news.de\/de\/deutschland\/transnistrien-kuendigt-plaene-zum-anschluss-an-russland-an\/"},"author":{"name":"rtnews","@id":"https:\/\/now-news.de\/de\/#\/schema\/person\/fb534a4e865501d8b3285208df34a9b5"},"headline":"Transnistrien k\u00fcndigt Pl\u00e4ne zum Anschluss an Russland an","datePublished":"2022-07-23T05:03:16+00:00","dateModified":"2022-07-23T05:03:16+00:00","mainEntityOfPage":{"@id":"https:\/\/now-news.de\/de\/deutschland\/transnistrien-kuendigt-plaene-zum-anschluss-an-russland-an\/"},"wordCount":507,"commentCount":0,"publisher":{"@id":"https:\/\/now-news.de\/de\/#organization"},"image":{"@id":"https:\/\/now-news.de\/de\/deutschland\/transnistrien-kuendigt-plaene-zum-anschluss-an-russland-an\/#primaryimage"},"thumbnailUrl":"https:\/\/now-news.de\/de\/wp-content\/uploads\/sites\/3\/2022\/07\/Transnistrien-kuendigt-Plaene-zum-Anschluss-an-Russland-an.jpg","keywords":["Anschluss","k\u00fcndigt","Pl\u00e4ne","russland","Transnistrien","zum"],"articleSection":["Deutschland","Russland"],"inLanguage":"de","potentialAction":[{"@type":"CommentAction","name":"Comment","target":["https:\/\/now-news.de\/de\/deutschland\/transnistrien-kuendigt-plaene-zum-anschluss-an-russland-an\/#respond"]}]},{"@type":"WebPage","@id":"https:\/\/now-news.de\/de\/deutschland\/transnistrien-kuendigt-plaene-zum-anschluss-an-russland-an\/","url":"https:\/\/now-news.de\/de\/deutschland\/transnistrien-kuendigt-plaene-zum-anschluss-an-russland-an\/","name":"Transnistrien k\u00fcndigt Pl\u00e4ne zum Anschluss an Russland an - just-now.NEWS Deutschland","isPartOf":{"@id":"https:\/\/now-news.de\/de\/#website"},"primaryImageOfPage":{"@id":"https:\/\/now-news.de\/de\/deutschland\/transnistrien-kuendigt-plaene-zum-anschluss-an-russland-an\/#primaryimage"},"image":{"@id":"https:\/\/now-news.de\/de\/deutschland\/transnistrien-kuendigt-plaene-zum-anschluss-an-russland-an\/#primaryimage"},"thumbnailUrl":"https:\/\/now-news.de\/de\/wp-content\/uploads\/sites\/3\/2022\/07\/Transnistrien-kuendigt-Plaene-zum-Anschluss-an-Russland-an.jpg","datePublished":"2022-07-23T05:03:16+00:00","dateModified":"2022-07-23T05:03:16+00:00","breadcrumb":{"@id":"https:\/\/now-news.de\/de\/deutschland\/transnistrien-kuendigt-plaene-zum-anschluss-an-russland-an\/#breadcrumb"},"inLanguage":"de","potentialAction":[{"@type":"ReadAction","target":["https:\/\/now-news.de\/de\/deutschland\/transnistrien-kuendigt-plaene-zum-anschluss-an-russland-an\/"]}]},{"@type":"ImageObject","inLanguage":"de","@id":"https:\/\/now-news.de\/de\/deutschland\/transnistrien-kuendigt-plaene-zum-anschluss-an-russland-an\/#primaryimage","url":"https:\/\/now-news.de\/de\/wp-content\/uploads\/sites\/3\/2022\/07\/Transnistrien-kuendigt-Plaene-zum-Anschluss-an-Russland-an.jpg","contentUrl":"https:\/\/now-news.de\/de\/wp-content\/uploads\/sites\/3\/2022\/07\/Transnistrien-kuendigt-Plaene-zum-Anschluss-an-Russland-an.jpg","width":460,"height":259,"caption":"Transnistrien k\u00fcndigt Pl\u00e4ne zum Anschluss an Russland an"},{"@type":"BreadcrumbList","@id":"https:\/\/now-news.de\/de\/deutschland\/transnistrien-kuendigt-plaene-zum-anschluss-an-russland-an\/#breadcrumb","itemListElement":[{"@type":"ListItem","position":1,"name":"Home","item":"https:\/\/now-news.de\/de\/"},{"@type":"ListItem","position":2,"name":"Transnistrien k\u00fcndigt Pl\u00e4ne zum Anschluss an Russland an"}]},{"@type":"WebSite","@id":"https:\/\/now-news.de\/de\/#website","url":"https:\/\/now-news.de\/de\/","name":"just-now.NEWS Deutschland","description":"Das Portal f\u00fcr unzensierte Nachrichten aus der Welt","publisher":{"@id":"https:\/\/now-news.de\/de\/#organization"},"potentialAction":[{"@type":"SearchAction","target":{"@type":"EntryPoint","urlTemplate":"https:\/\/now-news.de\/de\/?s={search_term_string}"},"query-input":"required name=search_term_string"}],"inLanguage":"de"},{"@type":"Organization","@id":"https:\/\/now-news.de\/de\/#organization","name":"Just Now News","url":"https:\/\/now-news.de\/de\/","logo":{"@type":"ImageObject","inLanguage":"de","@id":"https:\/\/now-news.de\/de\/#\/schema\/logo\/image\/","url":"http:\/\/just-now.news\/de\/wp-content\/uploads\/sites\/3\/2022\/04\/logo500x500.jpg","contentUrl":"http:\/\/just-now.news\/de\/wp-content\/uploads\/sites\/3\/2022\/04\/logo500x500.jpg","width":500,"height":500,"caption":"Just Now News"},"image":{"@id":"https:\/\/now-news.de\/de\/#\/schema\/logo\/image\/"},"sameAs":["https:\/\/www.facebook.com\/wirmachenauf","https:\/\/x.com\/WirMachenAuf_de"]},{"@type":"Person","@id":"https:\/\/now-news.de\/de\/#\/schema\/person\/fb534a4e865501d8b3285208df34a9b5","name":"rtnews","image":{"@type":"ImageObject","inLanguage":"de","@id":"https:\/\/now-news.de\/de\/#\/schema\/person\/image\/","url":"https:\/\/secure.gravatar.com\/avatar\/82aafea7d8127119dd649515f56e2117?s=96&d=mm&r=g","contentUrl":"https:\/\/secure.gravatar.com\/avatar\/82aafea7d8127119dd649515f56e2117?s=96&d=mm&r=g","caption":"rtnews"},"url":"https:\/\/now-news.de\/de\/author\/rnews\/"}]}},"_links":{"self":[{"href":"https:\/\/now-news.de\/de\/wp-json\/wp\/v2\/posts\/14770"}],"collection":[{"href":"https:\/\/now-news.de\/de\/wp-json\/wp\/v2\/posts"}],"about":[{"href":"https:\/\/now-news.de\/de\/wp-json\/wp\/v2\/types\/post"}],"author":[{"embeddable":true,"href":"https:\/\/now-news.de\/de\/wp-json\/wp\/v2\/users\/3"}],"replies":[{"embeddable":true,"href":"https:\/\/now-news.de\/de\/wp-json\/wp\/v2\/comments?post=14770"}],"version-history":[{"count":0,"href":"https:\/\/now-news.de\/de\/wp-json\/wp\/v2\/posts\/14770\/revisions"}],"wp:featuredmedia":[{"embeddable":true,"href":"https:\/\/now-news.de\/de\/wp-json\/wp\/v2\/media\/14771"}],"wp:attachment":[{"href":"https:\/\/now-news.de\/de\/wp-json\/wp\/v2\/media?parent=14770"}],"wp:term":[{"taxonomy":"category","embeddable":true,"href":"https:\/\/now-news.de\/de\/wp-json\/wp\/v2\/categories?post=14770"},{"taxonomy":"post_tag","embeddable":true,"href":"https:\/\/now-news.de\/de\/wp-json\/wp\/v2\/tags?post=14770"}],"curies":[{"name":"wp","href":"https:\/\/api.w.org\/{rel}","templated":true}]}}