{"id":14590,"date":"2022-07-21T17:39:04","date_gmt":"2022-07-21T15:39:04","guid":{"rendered":"http:\/\/just-now.news\/de\/deutschland\/medienbericht-hamburger-fussball-legende-uwe-seeler-ist-tot\/"},"modified":"2022-07-21T17:39:04","modified_gmt":"2022-07-21T15:39:04","slug":"medienbericht-hamburger-fussball-legende-uwe-seeler-ist-tot","status":"publish","type":"post","link":"https:\/\/now-news.de\/de\/deutschland\/medienbericht-hamburger-fussball-legende-uwe-seeler-ist-tot\/","title":{"rendered":"Medienbericht: Hamburger Fu\u00dfball-Legende Uwe Seeler ist tot"},"content":{"rendered":"<p><img decoding=\"async\" src=\"http:\/\/just-now.news\/de\/wp-content\/uploads\/sites\/3\/2022\/07\/62d9727c48fbef76e302cd51.jpg\" \/><\/p>\n<p>Einem Bericht der <em>Bild<\/em>-Zeitung zufolge ist DFB-Ehrenspielf\u00fchrer und HSV-Legende Uwe Seeler im Alter von 85 Jahren gestorben. Er soll im engsten Kreis seiner Familie friedlich zu Hause eingeschlafen sein.<\/p>\n<p>Laut der Zeitung hatte das Hamburg-Idol zuletzt mehrere Unf\u00e4lle, und sei immer wieder gest\u00fcrzt. Danach soll er nie wieder richtig fit geworden sein.<\/p>\n<p>Wie <em>Bild<\/em> weiter schreibt, wurde Seeler im legend\u00e4ren Finale im Wembley-Stadion bei der WM 1966 in Gro\u00dfbritannien Vize-Weltmeister sowie Dritter bei der WM 1970 in Mexiko. Seeler wurde mit &#8220;seinem HSV&#8221; 1960 Deutscher Meister und 1963 Pokalsieger. Zudem ist er seit 2003 Ehrenb\u00fcrger der Stadt Hamburg.<\/p>\n<p>Der legend\u00e4re Mittelst\u00fcrmer erzielte 404 Treffer in 476 Partien von 1953 bis 1972 f\u00fcr den HSV. In der Saison 1963\/64 wurde er Torsch\u00fctzenk\u00f6nig der Bundesliga. 1960, 1963 und 1970 wurde Seeler auch &#8220;Fu\u00dfballer des Jahres&#8221; in Deutschland.<\/p>\n<p>1970 erhielt Seeler als erster Sportler \u00fcberhaupt das Gro\u00dfe Bundesverdienstkreuz. 2001 bekam er die Goldene Ehrennadel des DFB, die h\u00f6chste Auszeichnung des Fu\u00dfballverbands.<\/p>\n<p><strong>Mehr zum Thema<\/strong> \u2013 <a rel=\"nofollow noopener\" target=\"_blank\" href=\"https:\/\/deutsch.rt.com\/inland\/120229-totaler-bloedsinn-uwe-seeler-droht-stadion-verbot-wegen-cororona-auflagen-beim-hsv\/\">&#8220;Totaler Bl\u00f6dsinn&#8221; \u2013 Uwe Seeler drohte wegen Corona-Auflagen Stadionverbot beim HSV<\/a><\/p>\n<\/p>\n<p><br \/>\n<br \/><a href=\"https:\/\/de.rt.com\/inland\/144114-medienbericht-hamburger-fussball-legende-uwe-seeler-ist-tot\/\">Source link <\/a><\/p>\n","protected":false},"excerpt":{"rendered":"<p>Einem Bericht der Bild-Zeitung zufolge ist DFB-Ehrenspielf\u00fchrer und HSV-Legende Uwe Seeler im Alter von 85 Jahren gestorben. Er soll im engsten Kreis seiner Familie friedlich zu Hause eingeschlafen sein. Laut der Zeitung hatte das Hamburg-Idol zuletzt mehrere Unf\u00e4lle, und sei immer wieder gest\u00fcrzt. Danach soll er nie wieder richtig fit geworden sein. Wie Bild weiter [&hellip;]<\/p>\n","protected":false},"author":3,"featured_media":14591,"comment_status":"open","ping_status":"open","sticky":false,"template":"","format":"standard","meta":{"wp_automatic_camp":["217"],"b2023c287c5fa258190e80356bd8a141":["Medienbericht: Hamburger Fu\u00dfball-Legende Uwe Seeler ist tot"],"original_link":["https:\/\/de.rt.com\/inland\/144114-medienbericht-hamburger-fussball-legende-uwe-seeler-ist-tot\/"],"_thumbnail_id":["14591"],"_wptg_p2tg_sent2tg":["2022-07-21 17:43:24"],"jnews_social_counter_last_update":["1788370797"]},"categories":[19,23],"tags":[28796,28795,414,869,28797,3842,24068],"class_list":["post-14590","post","type-post","status-publish","format-standard","has-post-thumbnail","hentry","category-deutschland","category-russland","tag-fussballlegende","tag-hamburger","tag-ist","tag-medienbericht","tag-seeler","tag-tot","tag-uwe"],"yoast_head":"<!-- This site is optimized with the Yoast SEO Premium plugin v22.7 (Yoast SEO v28.2) - https:\/\/yoast.com\/product\/yoast-seo-premium-wordpress\/ -->\n<title>Medienbericht: Hamburger Fu\u00dfball-Legende Uwe Seeler ist tot - just-now.NEWS Deutschland<\/title>\n<meta name=\"robots\" content=\"index, follow, max-snippet:-1, max-image-preview:large, max-video-preview:-1\" \/>\n<link rel=\"canonical\" href=\"https:\/\/now-news.de\/de\/deutschland\/medienbericht-hamburger-fussball-legende-uwe-seeler-ist-tot\/\" \/>\n<meta property=\"og:locale\" content=\"de_DE\" \/>\n<meta property=\"og:type\" content=\"article\" \/>\n<meta property=\"og:title\" content=\"Medienbericht: Hamburger Fu\u00dfball-Legende Uwe Seeler ist tot\" \/>\n<meta property=\"og:description\" content=\"Einem Bericht der Bild-Zeitung zufolge ist DFB-Ehrenspielf\u00fchrer und HSV-Legende Uwe Seeler im Alter von 85 Jahren gestorben. Er soll im engsten Kreis seiner Familie friedlich zu Hause eingeschlafen sein. Laut der Zeitung hatte das Hamburg-Idol zuletzt mehrere Unf\u00e4lle, und sei immer wieder gest\u00fcrzt. Danach soll er nie wieder richtig fit geworden sein. Wie Bild weiter [&hellip;]\" \/>\n<meta property=\"og:url\" content=\"https:\/\/now-news.de\/de\/deutschland\/medienbericht-hamburger-fussball-legende-uwe-seeler-ist-tot\/\" \/>\n<meta property=\"og:site_name\" content=\"just-now.NEWS Deutschland\" \/>\n<meta property=\"article:publisher\" content=\"https:\/\/www.facebook.com\/wirmachenauf\" \/>\n<meta property=\"article:published_time\" content=\"2022-07-21T15:39:04+00:00\" \/>\n<meta property=\"og:image\" content=\"https:\/\/now-news.de\/de\/wp-content\/uploads\/sites\/3\/2022\/07\/Medienbericht-Hamburger-Fussball-Legende-Uwe-Seeler-ist-tot.jpg\" \/>\n\t<meta property=\"og:image:width\" content=\"460\" \/>\n\t<meta property=\"og:image:height\" content=\"259\" \/>\n\t<meta property=\"og:image:type\" content=\"image\/jpeg\" \/>\n<meta name=\"author\" content=\"rtnews\" \/>\n<meta name=\"twitter:card\" content=\"summary_large_image\" \/>\n<meta name=\"twitter:creator\" content=\"@WirMachenAuf_de\" \/>\n<meta name=\"twitter:site\" content=\"@WirMachenAuf_de\" \/>\n<meta name=\"twitter:label1\" content=\"Verfasst von\" \/>\n\t<meta name=\"twitter:data1\" content=\"rtnews\" \/>\n\t<meta name=\"twitter:label2\" content=\"Gesch\u00e4tzte Lesezeit\" \/>\n\t<meta name=\"twitter:data2\" content=\"1\u00a0Minute\" \/>\n<script type=\"application\/ld+json\" class=\"yoast-schema-graph\">{\"@context\":\"https:\\\/\\\/schema.org\",\"@graph\":[{\"@type\":\"Article\",\"@id\":\"https:\\\/\\\/now-news.de\\\/de\\\/deutschland\\\/medienbericht-hamburger-fussball-legende-uwe-seeler-ist-tot\\\/#article\",\"isPartOf\":{\"@id\":\"https:\\\/\\\/now-news.de\\\/de\\\/deutschland\\\/medienbericht-hamburger-fussball-legende-uwe-seeler-ist-tot\\\/\"},\"author\":{\"name\":\"rtnews\",\"@id\":\"https:\\\/\\\/now-news.de\\\/de\\\/#\\\/schema\\\/person\\\/fb534a4e865501d8b3285208df34a9b5\"},\"headline\":\"Medienbericht: Hamburger Fu\u00dfball-Legende Uwe Seeler ist tot\",\"datePublished\":\"2022-07-21T15:39:04+00:00\",\"mainEntityOfPage\":{\"@id\":\"https:\\\/\\\/now-news.de\\\/de\\\/deutschland\\\/medienbericht-hamburger-fussball-legende-uwe-seeler-ist-tot\\\/\"},\"wordCount\":182,\"commentCount\":0,\"publisher\":{\"@id\":\"https:\\\/\\\/now-news.de\\\/de\\\/#organization\"},\"image\":{\"@id\":\"https:\\\/\\\/now-news.de\\\/de\\\/deutschland\\\/medienbericht-hamburger-fussball-legende-uwe-seeler-ist-tot\\\/#primaryimage\"},\"thumbnailUrl\":\"https:\\\/\\\/now-news.de\\\/de\\\/wp-content\\\/uploads\\\/sites\\\/3\\\/2022\\\/07\\\/Medienbericht-Hamburger-Fussball-Legende-Uwe-Seeler-ist-tot.jpg\",\"keywords\":[\"Fu\u00dfballLegende\",\"Hamburger\",\"ist\",\"Medienbericht\",\"Seeler\",\"tot\",\"Uwe\"],\"articleSection\":[\"Deutschland\",\"Russland\"],\"inLanguage\":\"de\",\"potentialAction\":[{\"@type\":\"CommentAction\",\"name\":\"Comment\",\"target\":[\"https:\\\/\\\/now-news.de\\\/de\\\/deutschland\\\/medienbericht-hamburger-fussball-legende-uwe-seeler-ist-tot\\\/#respond\"]}]},{\"@type\":\"WebPage\",\"@id\":\"https:\\\/\\\/now-news.de\\\/de\\\/deutschland\\\/medienbericht-hamburger-fussball-legende-uwe-seeler-ist-tot\\\/\",\"url\":\"https:\\\/\\\/now-news.de\\\/de\\\/deutschland\\\/medienbericht-hamburger-fussball-legende-uwe-seeler-ist-tot\\\/\",\"name\":\"Medienbericht: Hamburger Fu\u00dfball-Legende Uwe Seeler ist tot - just-now.NEWS Deutschland\",\"isPartOf\":{\"@id\":\"https:\\\/\\\/now-news.de\\\/de\\\/#website\"},\"primaryImageOfPage\":{\"@id\":\"https:\\\/\\\/now-news.de\\\/de\\\/deutschland\\\/medienbericht-hamburger-fussball-legende-uwe-seeler-ist-tot\\\/#primaryimage\"},\"image\":{\"@id\":\"https:\\\/\\\/now-news.de\\\/de\\\/deutschland\\\/medienbericht-hamburger-fussball-legende-uwe-seeler-ist-tot\\\/#primaryimage\"},\"thumbnailUrl\":\"https:\\\/\\\/now-news.de\\\/de\\\/wp-content\\\/uploads\\\/sites\\\/3\\\/2022\\\/07\\\/Medienbericht-Hamburger-Fussball-Legende-Uwe-Seeler-ist-tot.jpg\",\"datePublished\":\"2022-07-21T15:39:04+00:00\",\"breadcrumb\":{\"@id\":\"https:\\\/\\\/now-news.de\\\/de\\\/deutschland\\\/medienbericht-hamburger-fussball-legende-uwe-seeler-ist-tot\\\/#breadcrumb\"},\"inLanguage\":\"de\",\"potentialAction\":[{\"@type\":\"ReadAction\",\"target\":[\"https:\\\/\\\/now-news.de\\\/de\\\/deutschland\\\/medienbericht-hamburger-fussball-legende-uwe-seeler-ist-tot\\\/\"]}]},{\"@type\":\"ImageObject\",\"inLanguage\":\"de\",\"@id\":\"https:\\\/\\\/now-news.de\\\/de\\\/deutschland\\\/medienbericht-hamburger-fussball-legende-uwe-seeler-ist-tot\\\/#primaryimage\",\"url\":\"https:\\\/\\\/now-news.de\\\/de\\\/wp-content\\\/uploads\\\/sites\\\/3\\\/2022\\\/07\\\/Medienbericht-Hamburger-Fussball-Legende-Uwe-Seeler-ist-tot.jpg\",\"contentUrl\":\"https:\\\/\\\/now-news.de\\\/de\\\/wp-content\\\/uploads\\\/sites\\\/3\\\/2022\\\/07\\\/Medienbericht-Hamburger-Fussball-Legende-Uwe-Seeler-ist-tot.jpg\",\"width\":460,\"height\":259,\"caption\":\"Medienbericht: Hamburger Fu\u00dfball-Legende Uwe Seeler ist tot\"},{\"@type\":\"BreadcrumbList\",\"@id\":\"https:\\\/\\\/now-news.de\\\/de\\\/deutschland\\\/medienbericht-hamburger-fussball-legende-uwe-seeler-ist-tot\\\/#breadcrumb\",\"itemListElement\":[{\"@type\":\"ListItem\",\"position\":1,\"name\":\"Home\",\"item\":\"https:\\\/\\\/now-news.de\\\/de\\\/\"},{\"@type\":\"ListItem\",\"position\":2,\"name\":\"Medienbericht: Hamburger Fu\u00dfball-Legende Uwe Seeler ist tot\"}]},{\"@type\":\"WebSite\",\"@id\":\"https:\\\/\\\/now-news.de\\\/de\\\/#website\",\"url\":\"https:\\\/\\\/now-news.de\\\/de\\\/\",\"name\":\"just-now.NEWS Deutschland\",\"description\":\"Das Portal f\u00fcr unzensierte Nachrichten aus der Welt\",\"publisher\":{\"@id\":\"https:\\\/\\\/now-news.de\\\/de\\\/#organization\"},\"potentialAction\":[{\"@type\":\"SearchAction\",\"target\":{\"@type\":\"EntryPoint\",\"urlTemplate\":\"https:\\\/\\\/now-news.de\\\/de\\\/?s={search_term_string}\"},\"query-input\":{\"@type\":\"PropertyValueSpecification\",\"valueRequired\":true,\"valueName\":\"search_term_string\"}}],\"inLanguage\":\"de\"},{\"@type\":\"Organization\",\"@id\":\"https:\\\/\\\/now-news.de\\\/de\\\/#organization\",\"name\":\"Just Now News\",\"url\":\"https:\\\/\\\/now-news.de\\\/de\\\/\",\"logo\":{\"@type\":\"ImageObject\",\"inLanguage\":\"de\",\"@id\":\"https:\\\/\\\/now-news.de\\\/de\\\/#\\\/schema\\\/logo\\\/image\\\/\",\"url\":\"http:\\\/\\\/just-now.news\\\/de\\\/wp-content\\\/uploads\\\/sites\\\/3\\\/2022\\\/04\\\/logo500x500.jpg\",\"contentUrl\":\"http:\\\/\\\/just-now.news\\\/de\\\/wp-content\\\/uploads\\\/sites\\\/3\\\/2022\\\/04\\\/logo500x500.jpg\",\"width\":500,\"height\":500,\"caption\":\"Just Now News\"},\"image\":{\"@id\":\"https:\\\/\\\/now-news.de\\\/de\\\/#\\\/schema\\\/logo\\\/image\\\/\"},\"sameAs\":[\"https:\\\/\\\/www.facebook.com\\\/wirmachenauf\",\"https:\\\/\\\/x.com\\\/WirMachenAuf_de\"]},{\"@type\":\"Person\",\"@id\":\"https:\\\/\\\/now-news.de\\\/de\\\/#\\\/schema\\\/person\\\/fb534a4e865501d8b3285208df34a9b5\",\"name\":\"rtnews\",\"image\":{\"@type\":\"ImageObject\",\"inLanguage\":\"de\",\"@id\":\"https:\\\/\\\/secure.gravatar.com\\\/avatar\\\/358fe31b3ab5769fea05376e1953329834cd9912cf9daf607e2af3076a1b982b?s=96&d=mm&r=g\",\"url\":\"https:\\\/\\\/secure.gravatar.com\\\/avatar\\\/358fe31b3ab5769fea05376e1953329834cd9912cf9daf607e2af3076a1b982b?s=96&d=mm&r=g\",\"contentUrl\":\"https:\\\/\\\/secure.gravatar.com\\\/avatar\\\/358fe31b3ab5769fea05376e1953329834cd9912cf9daf607e2af3076a1b982b?s=96&d=mm&r=g\",\"caption\":\"rtnews\"},\"url\":\"https:\\\/\\\/now-news.de\\\/de\\\/author\\\/rnews\\\/\"}]}<\/script>\n<!-- \/ Yoast SEO Premium plugin. -->","yoast_head_json":{"title":"Medienbericht: Hamburger Fu\u00dfball-Legende Uwe Seeler ist tot - just-now.NEWS Deutschland","robots":{"index":"index","follow":"follow","max-snippet":"max-snippet:-1","max-image-preview":"max-image-preview:large","max-video-preview":"max-video-preview:-1"},"canonical":"https:\/\/now-news.de\/de\/deutschland\/medienbericht-hamburger-fussball-legende-uwe-seeler-ist-tot\/","og_locale":"de_DE","og_type":"article","og_title":"Medienbericht: Hamburger Fu\u00dfball-Legende Uwe Seeler ist tot","og_description":"Einem Bericht der Bild-Zeitung zufolge ist DFB-Ehrenspielf\u00fchrer und HSV-Legende Uwe Seeler im Alter von 85 Jahren gestorben. Er soll im engsten Kreis seiner Familie friedlich zu Hause eingeschlafen sein. Laut der Zeitung hatte das Hamburg-Idol zuletzt mehrere Unf\u00e4lle, und sei immer wieder gest\u00fcrzt. Danach soll er nie wieder richtig fit geworden sein. Wie Bild weiter [&hellip;]","og_url":"https:\/\/now-news.de\/de\/deutschland\/medienbericht-hamburger-fussball-legende-uwe-seeler-ist-tot\/","og_site_name":"just-now.NEWS Deutschland","article_publisher":"https:\/\/www.facebook.com\/wirmachenauf","article_published_time":"2022-07-21T15:39:04+00:00","og_image":[{"width":460,"height":259,"url":"https:\/\/now-news.de\/de\/wp-content\/uploads\/sites\/3\/2022\/07\/Medienbericht-Hamburger-Fussball-Legende-Uwe-Seeler-ist-tot.jpg","type":"image\/jpeg"}],"author":"rtnews","twitter_card":"summary_large_image","twitter_creator":"@WirMachenAuf_de","twitter_site":"@WirMachenAuf_de","twitter_misc":{"Verfasst von":"rtnews","Gesch\u00e4tzte Lesezeit":"1\u00a0Minute"},"schema":{"@context":"https:\/\/schema.org","@graph":[{"@type":"Article","@id":"https:\/\/now-news.de\/de\/deutschland\/medienbericht-hamburger-fussball-legende-uwe-seeler-ist-tot\/#article","isPartOf":{"@id":"https:\/\/now-news.de\/de\/deutschland\/medienbericht-hamburger-fussball-legende-uwe-seeler-ist-tot\/"},"author":{"name":"rtnews","@id":"https:\/\/now-news.de\/de\/#\/schema\/person\/fb534a4e865501d8b3285208df34a9b5"},"headline":"Medienbericht: Hamburger Fu\u00dfball-Legende Uwe Seeler ist tot","datePublished":"2022-07-21T15:39:04+00:00","mainEntityOfPage":{"@id":"https:\/\/now-news.de\/de\/deutschland\/medienbericht-hamburger-fussball-legende-uwe-seeler-ist-tot\/"},"wordCount":182,"commentCount":0,"publisher":{"@id":"https:\/\/now-news.de\/de\/#organization"},"image":{"@id":"https:\/\/now-news.de\/de\/deutschland\/medienbericht-hamburger-fussball-legende-uwe-seeler-ist-tot\/#primaryimage"},"thumbnailUrl":"https:\/\/now-news.de\/de\/wp-content\/uploads\/sites\/3\/2022\/07\/Medienbericht-Hamburger-Fussball-Legende-Uwe-Seeler-ist-tot.jpg","keywords":["Fu\u00dfballLegende","Hamburger","ist","Medienbericht","Seeler","tot","Uwe"],"articleSection":["Deutschland","Russland"],"inLanguage":"de","potentialAction":[{"@type":"CommentAction","name":"Comment","target":["https:\/\/now-news.de\/de\/deutschland\/medienbericht-hamburger-fussball-legende-uwe-seeler-ist-tot\/#respond"]}]},{"@type":"WebPage","@id":"https:\/\/now-news.de\/de\/deutschland\/medienbericht-hamburger-fussball-legende-uwe-seeler-ist-tot\/","url":"https:\/\/now-news.de\/de\/deutschland\/medienbericht-hamburger-fussball-legende-uwe-seeler-ist-tot\/","name":"Medienbericht: Hamburger Fu\u00dfball-Legende Uwe Seeler ist tot - just-now.NEWS Deutschland","isPartOf":{"@id":"https:\/\/now-news.de\/de\/#website"},"primaryImageOfPage":{"@id":"https:\/\/now-news.de\/de\/deutschland\/medienbericht-hamburger-fussball-legende-uwe-seeler-ist-tot\/#primaryimage"},"image":{"@id":"https:\/\/now-news.de\/de\/deutschland\/medienbericht-hamburger-fussball-legende-uwe-seeler-ist-tot\/#primaryimage"},"thumbnailUrl":"https:\/\/now-news.de\/de\/wp-content\/uploads\/sites\/3\/2022\/07\/Medienbericht-Hamburger-Fussball-Legende-Uwe-Seeler-ist-tot.jpg","datePublished":"2022-07-21T15:39:04+00:00","breadcrumb":{"@id":"https:\/\/now-news.de\/de\/deutschland\/medienbericht-hamburger-fussball-legende-uwe-seeler-ist-tot\/#breadcrumb"},"inLanguage":"de","potentialAction":[{"@type":"ReadAction","target":["https:\/\/now-news.de\/de\/deutschland\/medienbericht-hamburger-fussball-legende-uwe-seeler-ist-tot\/"]}]},{"@type":"ImageObject","inLanguage":"de","@id":"https:\/\/now-news.de\/de\/deutschland\/medienbericht-hamburger-fussball-legende-uwe-seeler-ist-tot\/#primaryimage","url":"https:\/\/now-news.de\/de\/wp-content\/uploads\/sites\/3\/2022\/07\/Medienbericht-Hamburger-Fussball-Legende-Uwe-Seeler-ist-tot.jpg","contentUrl":"https:\/\/now-news.de\/de\/wp-content\/uploads\/sites\/3\/2022\/07\/Medienbericht-Hamburger-Fussball-Legende-Uwe-Seeler-ist-tot.jpg","width":460,"height":259,"caption":"Medienbericht: Hamburger Fu\u00dfball-Legende Uwe Seeler ist tot"},{"@type":"BreadcrumbList","@id":"https:\/\/now-news.de\/de\/deutschland\/medienbericht-hamburger-fussball-legende-uwe-seeler-ist-tot\/#breadcrumb","itemListElement":[{"@type":"ListItem","position":1,"name":"Home","item":"https:\/\/now-news.de\/de\/"},{"@type":"ListItem","position":2,"name":"Medienbericht: Hamburger Fu\u00dfball-Legende Uwe Seeler ist tot"}]},{"@type":"WebSite","@id":"https:\/\/now-news.de\/de\/#website","url":"https:\/\/now-news.de\/de\/","name":"just-now.NEWS Deutschland","description":"Das Portal f\u00fcr unzensierte Nachrichten aus der Welt","publisher":{"@id":"https:\/\/now-news.de\/de\/#organization"},"potentialAction":[{"@type":"SearchAction","target":{"@type":"EntryPoint","urlTemplate":"https:\/\/now-news.de\/de\/?s={search_term_string}"},"query-input":{"@type":"PropertyValueSpecification","valueRequired":true,"valueName":"search_term_string"}}],"inLanguage":"de"},{"@type":"Organization","@id":"https:\/\/now-news.de\/de\/#organization","name":"Just Now News","url":"https:\/\/now-news.de\/de\/","logo":{"@type":"ImageObject","inLanguage":"de","@id":"https:\/\/now-news.de\/de\/#\/schema\/logo\/image\/","url":"http:\/\/just-now.news\/de\/wp-content\/uploads\/sites\/3\/2022\/04\/logo500x500.jpg","contentUrl":"http:\/\/just-now.news\/de\/wp-content\/uploads\/sites\/3\/2022\/04\/logo500x500.jpg","width":500,"height":500,"caption":"Just Now News"},"image":{"@id":"https:\/\/now-news.de\/de\/#\/schema\/logo\/image\/"},"sameAs":["https:\/\/www.facebook.com\/wirmachenauf","https:\/\/x.com\/WirMachenAuf_de"]},{"@type":"Person","@id":"https:\/\/now-news.de\/de\/#\/schema\/person\/fb534a4e865501d8b3285208df34a9b5","name":"rtnews","image":{"@type":"ImageObject","inLanguage":"de","@id":"https:\/\/secure.gravatar.com\/avatar\/358fe31b3ab5769fea05376e1953329834cd9912cf9daf607e2af3076a1b982b?s=96&d=mm&r=g","url":"https:\/\/secure.gravatar.com\/avatar\/358fe31b3ab5769fea05376e1953329834cd9912cf9daf607e2af3076a1b982b?s=96&d=mm&r=g","contentUrl":"https:\/\/secure.gravatar.com\/avatar\/358fe31b3ab5769fea05376e1953329834cd9912cf9daf607e2af3076a1b982b?s=96&d=mm&r=g","caption":"rtnews"},"url":"https:\/\/now-news.de\/de\/author\/rnews\/"}]}},"_links":{"self":[{"href":"https:\/\/now-news.de\/de\/wp-json\/wp\/v2\/posts\/14590","targetHints":{"allow":["GET"]}}],"collection":[{"href":"https:\/\/now-news.de\/de\/wp-json\/wp\/v2\/posts"}],"about":[{"href":"https:\/\/now-news.de\/de\/wp-json\/wp\/v2\/types\/post"}],"author":[{"embeddable":true,"href":"https:\/\/now-news.de\/de\/wp-json\/wp\/v2\/users\/3"}],"replies":[{"embeddable":true,"href":"https:\/\/now-news.de\/de\/wp-json\/wp\/v2\/comments?post=14590"}],"version-history":[{"count":0,"href":"https:\/\/now-news.de\/de\/wp-json\/wp\/v2\/posts\/14590\/revisions"}],"wp:featuredmedia":[{"embeddable":true,"href":"https:\/\/now-news.de\/de\/wp-json\/wp\/v2\/media\/14591"}],"wp:attachment":[{"href":"https:\/\/now-news.de\/de\/wp-json\/wp\/v2\/media?parent=14590"}],"wp:term":[{"taxonomy":"category","embeddable":true,"href":"https:\/\/now-news.de\/de\/wp-json\/wp\/v2\/categories?post=14590"},{"taxonomy":"post_tag","embeddable":true,"href":"https:\/\/now-news.de\/de\/wp-json\/wp\/v2\/tags?post=14590"}],"curies":[{"name":"wp","href":"https:\/\/api.w.org\/{rel}","templated":true}]}}