{"id":14523,"date":"2022-07-21T07:21:19","date_gmt":"2022-07-21T05:21:19","guid":{"rendered":"http:\/\/just-now.news\/de\/deutschland\/gaslieferung-durch-pipeline-nord-stream-1-laeuft-wieder-an\/"},"modified":"2022-07-21T07:21:19","modified_gmt":"2022-07-21T05:21:19","slug":"gaslieferung-durch-pipeline-nord-stream-1-laeuft-wieder-an","status":"publish","type":"post","link":"https:\/\/now-news.de\/de\/deutschland\/gaslieferung-durch-pipeline-nord-stream-1-laeuft-wieder-an\/","title":{"rendered":"Gaslieferung durch Pipeline Nord Stream 1 l\u00e4uft wieder an"},"content":{"rendered":"<p><img decoding=\"async\" src=\"http:\/\/just-now.news\/de\/wp-content\/uploads\/sites\/3\/2022\/07\/62d8e22cb480cc1078306ecf.jpg\" \/><\/p>\n<div class=\"Text-root Text-type_1 \">\n                Entgegen mancher Bef\u00fcrchtungen flie\u00dft nach dem Abschluss routinem\u00e4\u00dfiger Wartungsarbeiten wieder Gas durch die Pipeline Nord Stream 1. Wie viel, das wird sich noch zeigen m\u00fcssen. Angek\u00fcndigt waren so viel Gas wie vor der Wartung \u2013 also rund 67 Millionen Kubikmeter pro Tag.\n            <\/div>\n<p><\/p>\n<div class=\"Text-root Text-type_5 ArticleView-text ViewText-root \">\n<p>Nach der Wartung von Nord Stream 1 ist am Donnerstagmorgen die Gaslieferung durch die deutsch-russische Gaspipeline wieder angelaufen. Es flie\u00dfe wieder Gas, sagte ein Sprecher der Nord Stream AG gegen\u00fcber der <em>Deutschen Presse-Agentur<\/em> (<em>dpa<\/em>). Bis die volle Transportleistung erreicht sei, werde es einige Zeit dauern.<\/p>\n<p>Der Sprecher sagte, dass zuletzt in etwa so viel Gas wie vor der Wartung angek\u00fcndigt war, also rund 67 Millionen Kubikmeter pro Tag. Das entspreche etwa einer 40-prozentigen Auslastung der maximalen Kapazit\u00e4t. Die angemeldeten Mengen k\u00f6nnen sich mit einem gewissen Vorlauf aber auch noch im Laufe eines Tages \u00e4ndern.<\/p>\n<p>Das war laut dem Chef der Bundesnetzagentur, Klaus M\u00fcller, schon am Mittwoch der Fall, als andere Netzbetreiber Zahlen ver\u00f6ffentlicht hatten. M\u00fcller schrieb am Abend auf Twitter, das russische Staatsunternehmen Gazprom habe renominiert und die zuvor f\u00fcr Donnerstag angemeldete Menge gesenkt, auf eine etwa 30-prozentige Auslastung. Zuvor waren nach seinen Worten mehr in Aussicht gestellt worden.<\/p>\n<p>Zuvor war bef\u00fcrchtet worden, Moskau k\u00f6nne nach der zehnt\u00e4gigen Wartung den Gashahn komplett zulassen und so die Energiekrise weiter versch\u00e4rfen. Nach der milir\u00e4rischen Eskalation in der Ukraine hatte der Westen Sanktionen gegen Russland verh\u00e4ngt. Russland hatte wiederum Gaslieferungen in europ\u00e4ische L\u00e4nder ganz oder teilweise eingestellt.<\/p>\n<p>Die Liefermenge in den kommenden Monaten d\u00fcrfte gro\u00dfe Auswirkungen etwa auf die deutsche Wirtschaft, aber auch Privatkunden haben, da sie sich wahrscheinlich auf Gaspreise niederschl\u00e4gt. Sie d\u00fcrfte auch ausschlaggebend daf\u00fcr sein, wie weit Deutschland seine Gasspeicher noch vor der kalten Jahreszeit auff\u00fcllen kann und ob es zu einer Mangellage kommt. Kremlchef Wladimir Putin hatte in der Nacht zu Mittwoch vor einer Drosselung Ende Juli gewarnt und technische Gr\u00fcnde angef\u00fchrt. Die Bundesregierung h\u00e4lt diese f\u00fcr vorgeschoben.<\/p>\n<p><strong>Mehr zum Thema<\/strong> \u2013 <a rel=\"nofollow noopener\" target=\"_blank\" href=\"https:\/\/deutsch.rt.com\/inland\/144006-energiekonzern-uniper-vervierfachung-kredite-auf\/\">Energiekonzern Uniper: Vervierfachung der Kredite auf acht Milliarden und Beteiligung des Staates<\/a><\/p>\n<\/p>\n<p><em>(rt de\/dpa)<\/em><\/p>\n<\/div>\n<p><br \/>\n<br \/><a href=\"https:\/\/de.rt.com\/inland\/144040-gaslieferung-durch-pipeline-nord-stream-1-laeuft-wieder-an\/\">Source link <\/a><\/p>\n","protected":false},"excerpt":{"rendered":"<p>Entgegen mancher Bef\u00fcrchtungen flie\u00dft nach dem Abschluss routinem\u00e4\u00dfiger Wartungsarbeiten wieder Gas durch die Pipeline Nord Stream 1. Wie viel, das wird sich noch zeigen m\u00fcssen. Angek\u00fcndigt waren so viel Gas wie vor der Wartung \u2013 also rund 67 Millionen Kubikmeter pro Tag. Nach der Wartung von Nord Stream 1 ist am Donnerstagmorgen die Gaslieferung durch [&hellip;]<\/p>\n","protected":false},"author":3,"featured_media":14524,"comment_status":"open","ping_status":"open","sticky":false,"template":"","format":"standard","meta":{"wp_automatic_camp":["217"],"3435ffcb3a6a8a96ecd8aab6ef9d676e":["Gaslieferung durch Pipeline Nord Stream 1 l\u00e4uft wieder an"],"original_link":["https:\/\/de.rt.com\/inland\/144040-gaslieferung-durch-pipeline-nord-stream-1-laeuft-wieder-an\/"],"_thumbnail_id":["14524"],"_wptg_p2tg_sent2tg":["2022-07-21 07:30:33"],"jnews_social_counter_last_update":["1777246493"]},"categories":[19,23],"tags":[1024,1976,15743,11408,27902,8951,904],"yoast_head":"<!-- This site is optimized with the Yoast SEO Premium plugin v22.7 (Yoast SEO v22.7) - https:\/\/yoast.com\/wordpress\/plugins\/seo\/ -->\n<title>Gaslieferung durch Pipeline Nord Stream 1 l\u00e4uft wieder an - just-now.NEWS Deutschland<\/title>\n<meta name=\"robots\" content=\"index, follow, max-snippet:-1, max-image-preview:large, max-video-preview:-1\" \/>\n<link rel=\"canonical\" href=\"https:\/\/now-news.de\/de\/deutschland\/gaslieferung-durch-pipeline-nord-stream-1-laeuft-wieder-an\/\" \/>\n<meta property=\"og:locale\" content=\"de_DE\" \/>\n<meta property=\"og:type\" content=\"article\" \/>\n<meta property=\"og:title\" content=\"Gaslieferung durch Pipeline Nord Stream 1 l\u00e4uft wieder an\" \/>\n<meta property=\"og:description\" content=\"Entgegen mancher Bef\u00fcrchtungen flie\u00dft nach dem Abschluss routinem\u00e4\u00dfiger Wartungsarbeiten wieder Gas durch die Pipeline Nord Stream 1. Wie viel, das wird sich noch zeigen m\u00fcssen. Angek\u00fcndigt waren so viel Gas wie vor der Wartung \u2013 also rund 67 Millionen Kubikmeter pro Tag. Nach der Wartung von Nord Stream 1 ist am Donnerstagmorgen die Gaslieferung durch [&hellip;]\" \/>\n<meta property=\"og:url\" content=\"https:\/\/now-news.de\/de\/deutschland\/gaslieferung-durch-pipeline-nord-stream-1-laeuft-wieder-an\/\" \/>\n<meta property=\"og:site_name\" content=\"just-now.NEWS Deutschland\" \/>\n<meta property=\"article:publisher\" content=\"https:\/\/www.facebook.com\/wirmachenauf\" \/>\n<meta property=\"article:published_time\" content=\"2022-07-21T05:21:19+00:00\" \/>\n<meta property=\"og:image\" content=\"https:\/\/now-news.de\/de\/wp-content\/uploads\/sites\/3\/2022\/07\/Gaslieferung-durch-Pipeline-Nord-Stream-1-laeuft-wieder-an.jpg\" \/>\n\t<meta property=\"og:image:width\" content=\"460\" \/>\n\t<meta property=\"og:image:height\" content=\"259\" \/>\n\t<meta property=\"og:image:type\" content=\"image\/jpeg\" \/>\n<meta name=\"author\" content=\"rtnews\" \/>\n<meta name=\"twitter:card\" content=\"summary_large_image\" \/>\n<meta name=\"twitter:creator\" content=\"@WirMachenAuf_de\" \/>\n<meta name=\"twitter:site\" content=\"@WirMachenAuf_de\" \/>\n<meta name=\"twitter:label1\" content=\"Verfasst von\" \/>\n\t<meta name=\"twitter:data1\" content=\"rtnews\" \/>\n\t<meta name=\"twitter:label2\" content=\"Gesch\u00e4tzte Lesezeit\" \/>\n\t<meta name=\"twitter:data2\" content=\"2\u00a0Minuten\" \/>\n<script type=\"application\/ld+json\" class=\"yoast-schema-graph\">{\"@context\":\"https:\/\/schema.org\",\"@graph\":[{\"@type\":\"Article\",\"@id\":\"https:\/\/now-news.de\/de\/deutschland\/gaslieferung-durch-pipeline-nord-stream-1-laeuft-wieder-an\/#article\",\"isPartOf\":{\"@id\":\"https:\/\/now-news.de\/de\/deutschland\/gaslieferung-durch-pipeline-nord-stream-1-laeuft-wieder-an\/\"},\"author\":{\"name\":\"rtnews\",\"@id\":\"https:\/\/now-news.de\/de\/#\/schema\/person\/fb534a4e865501d8b3285208df34a9b5\"},\"headline\":\"Gaslieferung durch Pipeline Nord Stream 1 l\u00e4uft wieder an\",\"datePublished\":\"2022-07-21T05:21:19+00:00\",\"dateModified\":\"2022-07-21T05:21:19+00:00\",\"mainEntityOfPage\":{\"@id\":\"https:\/\/now-news.de\/de\/deutschland\/gaslieferung-durch-pipeline-nord-stream-1-laeuft-wieder-an\/\"},\"wordCount\":368,\"commentCount\":0,\"publisher\":{\"@id\":\"https:\/\/now-news.de\/de\/#organization\"},\"image\":{\"@id\":\"https:\/\/now-news.de\/de\/deutschland\/gaslieferung-durch-pipeline-nord-stream-1-laeuft-wieder-an\/#primaryimage\"},\"thumbnailUrl\":\"https:\/\/now-news.de\/de\/wp-content\/uploads\/sites\/3\/2022\/07\/Gaslieferung-durch-Pipeline-Nord-Stream-1-laeuft-wieder-an.jpg\",\"keywords\":[\"durch\",\"Gaslieferung\",\"l\u00e4uft\",\"Nord\",\"Pipeline\",\"stream\",\"wieder\"],\"articleSection\":[\"Deutschland\",\"Russland\"],\"inLanguage\":\"de\",\"potentialAction\":[{\"@type\":\"CommentAction\",\"name\":\"Comment\",\"target\":[\"https:\/\/now-news.de\/de\/deutschland\/gaslieferung-durch-pipeline-nord-stream-1-laeuft-wieder-an\/#respond\"]}]},{\"@type\":\"WebPage\",\"@id\":\"https:\/\/now-news.de\/de\/deutschland\/gaslieferung-durch-pipeline-nord-stream-1-laeuft-wieder-an\/\",\"url\":\"https:\/\/now-news.de\/de\/deutschland\/gaslieferung-durch-pipeline-nord-stream-1-laeuft-wieder-an\/\",\"name\":\"Gaslieferung durch Pipeline Nord Stream 1 l\u00e4uft wieder an - just-now.NEWS Deutschland\",\"isPartOf\":{\"@id\":\"https:\/\/now-news.de\/de\/#website\"},\"primaryImageOfPage\":{\"@id\":\"https:\/\/now-news.de\/de\/deutschland\/gaslieferung-durch-pipeline-nord-stream-1-laeuft-wieder-an\/#primaryimage\"},\"image\":{\"@id\":\"https:\/\/now-news.de\/de\/deutschland\/gaslieferung-durch-pipeline-nord-stream-1-laeuft-wieder-an\/#primaryimage\"},\"thumbnailUrl\":\"https:\/\/now-news.de\/de\/wp-content\/uploads\/sites\/3\/2022\/07\/Gaslieferung-durch-Pipeline-Nord-Stream-1-laeuft-wieder-an.jpg\",\"datePublished\":\"2022-07-21T05:21:19+00:00\",\"dateModified\":\"2022-07-21T05:21:19+00:00\",\"breadcrumb\":{\"@id\":\"https:\/\/now-news.de\/de\/deutschland\/gaslieferung-durch-pipeline-nord-stream-1-laeuft-wieder-an\/#breadcrumb\"},\"inLanguage\":\"de\",\"potentialAction\":[{\"@type\":\"ReadAction\",\"target\":[\"https:\/\/now-news.de\/de\/deutschland\/gaslieferung-durch-pipeline-nord-stream-1-laeuft-wieder-an\/\"]}]},{\"@type\":\"ImageObject\",\"inLanguage\":\"de\",\"@id\":\"https:\/\/now-news.de\/de\/deutschland\/gaslieferung-durch-pipeline-nord-stream-1-laeuft-wieder-an\/#primaryimage\",\"url\":\"https:\/\/now-news.de\/de\/wp-content\/uploads\/sites\/3\/2022\/07\/Gaslieferung-durch-Pipeline-Nord-Stream-1-laeuft-wieder-an.jpg\",\"contentUrl\":\"https:\/\/now-news.de\/de\/wp-content\/uploads\/sites\/3\/2022\/07\/Gaslieferung-durch-Pipeline-Nord-Stream-1-laeuft-wieder-an.jpg\",\"width\":460,\"height\":259,\"caption\":\"Gaslieferung durch Pipeline Nord Stream 1 l\u00e4uft wieder an\"},{\"@type\":\"BreadcrumbList\",\"@id\":\"https:\/\/now-news.de\/de\/deutschland\/gaslieferung-durch-pipeline-nord-stream-1-laeuft-wieder-an\/#breadcrumb\",\"itemListElement\":[{\"@type\":\"ListItem\",\"position\":1,\"name\":\"Home\",\"item\":\"https:\/\/now-news.de\/de\/\"},{\"@type\":\"ListItem\",\"position\":2,\"name\":\"Gaslieferung durch Pipeline Nord Stream 1 l\u00e4uft wieder an\"}]},{\"@type\":\"WebSite\",\"@id\":\"https:\/\/now-news.de\/de\/#website\",\"url\":\"https:\/\/now-news.de\/de\/\",\"name\":\"just-now.NEWS Deutschland\",\"description\":\"Das Portal f\u00fcr unzensierte Nachrichten aus der Welt\",\"publisher\":{\"@id\":\"https:\/\/now-news.de\/de\/#organization\"},\"potentialAction\":[{\"@type\":\"SearchAction\",\"target\":{\"@type\":\"EntryPoint\",\"urlTemplate\":\"https:\/\/now-news.de\/de\/?s={search_term_string}\"},\"query-input\":\"required name=search_term_string\"}],\"inLanguage\":\"de\"},{\"@type\":\"Organization\",\"@id\":\"https:\/\/now-news.de\/de\/#organization\",\"name\":\"Just Now News\",\"url\":\"https:\/\/now-news.de\/de\/\",\"logo\":{\"@type\":\"ImageObject\",\"inLanguage\":\"de\",\"@id\":\"https:\/\/now-news.de\/de\/#\/schema\/logo\/image\/\",\"url\":\"http:\/\/just-now.news\/de\/wp-content\/uploads\/sites\/3\/2022\/04\/logo500x500.jpg\",\"contentUrl\":\"http:\/\/just-now.news\/de\/wp-content\/uploads\/sites\/3\/2022\/04\/logo500x500.jpg\",\"width\":500,\"height\":500,\"caption\":\"Just Now News\"},\"image\":{\"@id\":\"https:\/\/now-news.de\/de\/#\/schema\/logo\/image\/\"},\"sameAs\":[\"https:\/\/www.facebook.com\/wirmachenauf\",\"https:\/\/x.com\/WirMachenAuf_de\"]},{\"@type\":\"Person\",\"@id\":\"https:\/\/now-news.de\/de\/#\/schema\/person\/fb534a4e865501d8b3285208df34a9b5\",\"name\":\"rtnews\",\"image\":{\"@type\":\"ImageObject\",\"inLanguage\":\"de\",\"@id\":\"https:\/\/now-news.de\/de\/#\/schema\/person\/image\/\",\"url\":\"https:\/\/secure.gravatar.com\/avatar\/82aafea7d8127119dd649515f56e2117?s=96&d=mm&r=g\",\"contentUrl\":\"https:\/\/secure.gravatar.com\/avatar\/82aafea7d8127119dd649515f56e2117?s=96&d=mm&r=g\",\"caption\":\"rtnews\"},\"url\":\"https:\/\/now-news.de\/de\/author\/rnews\/\"}]}<\/script>\n<!-- \/ Yoast SEO Premium plugin. -->","yoast_head_json":{"title":"Gaslieferung durch Pipeline Nord Stream 1 l\u00e4uft wieder an - just-now.NEWS Deutschland","robots":{"index":"index","follow":"follow","max-snippet":"max-snippet:-1","max-image-preview":"max-image-preview:large","max-video-preview":"max-video-preview:-1"},"canonical":"https:\/\/now-news.de\/de\/deutschland\/gaslieferung-durch-pipeline-nord-stream-1-laeuft-wieder-an\/","og_locale":"de_DE","og_type":"article","og_title":"Gaslieferung durch Pipeline Nord Stream 1 l\u00e4uft wieder an","og_description":"Entgegen mancher Bef\u00fcrchtungen flie\u00dft nach dem Abschluss routinem\u00e4\u00dfiger Wartungsarbeiten wieder Gas durch die Pipeline Nord Stream 1. Wie viel, das wird sich noch zeigen m\u00fcssen. Angek\u00fcndigt waren so viel Gas wie vor der Wartung \u2013 also rund 67 Millionen Kubikmeter pro Tag. Nach der Wartung von Nord Stream 1 ist am Donnerstagmorgen die Gaslieferung durch [&hellip;]","og_url":"https:\/\/now-news.de\/de\/deutschland\/gaslieferung-durch-pipeline-nord-stream-1-laeuft-wieder-an\/","og_site_name":"just-now.NEWS Deutschland","article_publisher":"https:\/\/www.facebook.com\/wirmachenauf","article_published_time":"2022-07-21T05:21:19+00:00","og_image":[{"width":460,"height":259,"url":"https:\/\/now-news.de\/de\/wp-content\/uploads\/sites\/3\/2022\/07\/Gaslieferung-durch-Pipeline-Nord-Stream-1-laeuft-wieder-an.jpg","type":"image\/jpeg"}],"author":"rtnews","twitter_card":"summary_large_image","twitter_creator":"@WirMachenAuf_de","twitter_site":"@WirMachenAuf_de","twitter_misc":{"Verfasst von":"rtnews","Gesch\u00e4tzte Lesezeit":"2\u00a0Minuten"},"schema":{"@context":"https:\/\/schema.org","@graph":[{"@type":"Article","@id":"https:\/\/now-news.de\/de\/deutschland\/gaslieferung-durch-pipeline-nord-stream-1-laeuft-wieder-an\/#article","isPartOf":{"@id":"https:\/\/now-news.de\/de\/deutschland\/gaslieferung-durch-pipeline-nord-stream-1-laeuft-wieder-an\/"},"author":{"name":"rtnews","@id":"https:\/\/now-news.de\/de\/#\/schema\/person\/fb534a4e865501d8b3285208df34a9b5"},"headline":"Gaslieferung durch Pipeline Nord Stream 1 l\u00e4uft wieder an","datePublished":"2022-07-21T05:21:19+00:00","dateModified":"2022-07-21T05:21:19+00:00","mainEntityOfPage":{"@id":"https:\/\/now-news.de\/de\/deutschland\/gaslieferung-durch-pipeline-nord-stream-1-laeuft-wieder-an\/"},"wordCount":368,"commentCount":0,"publisher":{"@id":"https:\/\/now-news.de\/de\/#organization"},"image":{"@id":"https:\/\/now-news.de\/de\/deutschland\/gaslieferung-durch-pipeline-nord-stream-1-laeuft-wieder-an\/#primaryimage"},"thumbnailUrl":"https:\/\/now-news.de\/de\/wp-content\/uploads\/sites\/3\/2022\/07\/Gaslieferung-durch-Pipeline-Nord-Stream-1-laeuft-wieder-an.jpg","keywords":["durch","Gaslieferung","l\u00e4uft","Nord","Pipeline","stream","wieder"],"articleSection":["Deutschland","Russland"],"inLanguage":"de","potentialAction":[{"@type":"CommentAction","name":"Comment","target":["https:\/\/now-news.de\/de\/deutschland\/gaslieferung-durch-pipeline-nord-stream-1-laeuft-wieder-an\/#respond"]}]},{"@type":"WebPage","@id":"https:\/\/now-news.de\/de\/deutschland\/gaslieferung-durch-pipeline-nord-stream-1-laeuft-wieder-an\/","url":"https:\/\/now-news.de\/de\/deutschland\/gaslieferung-durch-pipeline-nord-stream-1-laeuft-wieder-an\/","name":"Gaslieferung durch Pipeline Nord Stream 1 l\u00e4uft wieder an - just-now.NEWS Deutschland","isPartOf":{"@id":"https:\/\/now-news.de\/de\/#website"},"primaryImageOfPage":{"@id":"https:\/\/now-news.de\/de\/deutschland\/gaslieferung-durch-pipeline-nord-stream-1-laeuft-wieder-an\/#primaryimage"},"image":{"@id":"https:\/\/now-news.de\/de\/deutschland\/gaslieferung-durch-pipeline-nord-stream-1-laeuft-wieder-an\/#primaryimage"},"thumbnailUrl":"https:\/\/now-news.de\/de\/wp-content\/uploads\/sites\/3\/2022\/07\/Gaslieferung-durch-Pipeline-Nord-Stream-1-laeuft-wieder-an.jpg","datePublished":"2022-07-21T05:21:19+00:00","dateModified":"2022-07-21T05:21:19+00:00","breadcrumb":{"@id":"https:\/\/now-news.de\/de\/deutschland\/gaslieferung-durch-pipeline-nord-stream-1-laeuft-wieder-an\/#breadcrumb"},"inLanguage":"de","potentialAction":[{"@type":"ReadAction","target":["https:\/\/now-news.de\/de\/deutschland\/gaslieferung-durch-pipeline-nord-stream-1-laeuft-wieder-an\/"]}]},{"@type":"ImageObject","inLanguage":"de","@id":"https:\/\/now-news.de\/de\/deutschland\/gaslieferung-durch-pipeline-nord-stream-1-laeuft-wieder-an\/#primaryimage","url":"https:\/\/now-news.de\/de\/wp-content\/uploads\/sites\/3\/2022\/07\/Gaslieferung-durch-Pipeline-Nord-Stream-1-laeuft-wieder-an.jpg","contentUrl":"https:\/\/now-news.de\/de\/wp-content\/uploads\/sites\/3\/2022\/07\/Gaslieferung-durch-Pipeline-Nord-Stream-1-laeuft-wieder-an.jpg","width":460,"height":259,"caption":"Gaslieferung durch Pipeline Nord Stream 1 l\u00e4uft wieder an"},{"@type":"BreadcrumbList","@id":"https:\/\/now-news.de\/de\/deutschland\/gaslieferung-durch-pipeline-nord-stream-1-laeuft-wieder-an\/#breadcrumb","itemListElement":[{"@type":"ListItem","position":1,"name":"Home","item":"https:\/\/now-news.de\/de\/"},{"@type":"ListItem","position":2,"name":"Gaslieferung durch Pipeline Nord Stream 1 l\u00e4uft wieder an"}]},{"@type":"WebSite","@id":"https:\/\/now-news.de\/de\/#website","url":"https:\/\/now-news.de\/de\/","name":"just-now.NEWS Deutschland","description":"Das Portal f\u00fcr unzensierte Nachrichten aus der Welt","publisher":{"@id":"https:\/\/now-news.de\/de\/#organization"},"potentialAction":[{"@type":"SearchAction","target":{"@type":"EntryPoint","urlTemplate":"https:\/\/now-news.de\/de\/?s={search_term_string}"},"query-input":"required name=search_term_string"}],"inLanguage":"de"},{"@type":"Organization","@id":"https:\/\/now-news.de\/de\/#organization","name":"Just Now News","url":"https:\/\/now-news.de\/de\/","logo":{"@type":"ImageObject","inLanguage":"de","@id":"https:\/\/now-news.de\/de\/#\/schema\/logo\/image\/","url":"http:\/\/just-now.news\/de\/wp-content\/uploads\/sites\/3\/2022\/04\/logo500x500.jpg","contentUrl":"http:\/\/just-now.news\/de\/wp-content\/uploads\/sites\/3\/2022\/04\/logo500x500.jpg","width":500,"height":500,"caption":"Just Now News"},"image":{"@id":"https:\/\/now-news.de\/de\/#\/schema\/logo\/image\/"},"sameAs":["https:\/\/www.facebook.com\/wirmachenauf","https:\/\/x.com\/WirMachenAuf_de"]},{"@type":"Person","@id":"https:\/\/now-news.de\/de\/#\/schema\/person\/fb534a4e865501d8b3285208df34a9b5","name":"rtnews","image":{"@type":"ImageObject","inLanguage":"de","@id":"https:\/\/now-news.de\/de\/#\/schema\/person\/image\/","url":"https:\/\/secure.gravatar.com\/avatar\/82aafea7d8127119dd649515f56e2117?s=96&d=mm&r=g","contentUrl":"https:\/\/secure.gravatar.com\/avatar\/82aafea7d8127119dd649515f56e2117?s=96&d=mm&r=g","caption":"rtnews"},"url":"https:\/\/now-news.de\/de\/author\/rnews\/"}]}},"_links":{"self":[{"href":"https:\/\/now-news.de\/de\/wp-json\/wp\/v2\/posts\/14523"}],"collection":[{"href":"https:\/\/now-news.de\/de\/wp-json\/wp\/v2\/posts"}],"about":[{"href":"https:\/\/now-news.de\/de\/wp-json\/wp\/v2\/types\/post"}],"author":[{"embeddable":true,"href":"https:\/\/now-news.de\/de\/wp-json\/wp\/v2\/users\/3"}],"replies":[{"embeddable":true,"href":"https:\/\/now-news.de\/de\/wp-json\/wp\/v2\/comments?post=14523"}],"version-history":[{"count":0,"href":"https:\/\/now-news.de\/de\/wp-json\/wp\/v2\/posts\/14523\/revisions"}],"wp:featuredmedia":[{"embeddable":true,"href":"https:\/\/now-news.de\/de\/wp-json\/wp\/v2\/media\/14524"}],"wp:attachment":[{"href":"https:\/\/now-news.de\/de\/wp-json\/wp\/v2\/media?parent=14523"}],"wp:term":[{"taxonomy":"category","embeddable":true,"href":"https:\/\/now-news.de\/de\/wp-json\/wp\/v2\/categories?post=14523"},{"taxonomy":"post_tag","embeddable":true,"href":"https:\/\/now-news.de\/de\/wp-json\/wp\/v2\/tags?post=14523"}],"curies":[{"name":"wp","href":"https:\/\/api.w.org\/{rel}","templated":true}]}}