{"id":14440,"date":"2022-07-20T15:56:22","date_gmt":"2022-07-20T13:56:22","guid":{"rendered":"http:\/\/just-now.news\/de\/deutschland\/kopf-ins-tiefkuehlregal-stecken-melnyk-teilt-gegen-sachsens-premier-kretschmer-aus\/"},"modified":"2022-07-20T15:56:22","modified_gmt":"2022-07-20T13:56:22","slug":"kopf-ins-tiefkuehlregal-stecken-melnyk-teilt-gegen-sachsens-premier-kretschmer-aus","status":"publish","type":"post","link":"https:\/\/now-news.de\/de\/deutschland\/kopf-ins-tiefkuehlregal-stecken-melnyk-teilt-gegen-sachsens-premier-kretschmer-aus\/","title":{"rendered":"&quot;Kopf ins Tiefk\u00fchlregal stecken&quot; &#8211; Melnyk teilt gegen Sachsens Premier Kretschmer aus"},"content":{"rendered":"<p><img decoding=\"async\" src=\"http:\/\/just-now.news\/de\/wp-content\/uploads\/sites\/3\/2022\/07\/62d7eb1f48fbef774a51b6b7.jpg\" \/><\/p>\n<p>Den Bundeskanzler Olaf Scholz bezeichnete er als &#8220;beleidigte Leberwurst&#8221;, prominente Deutsche, die j\u00fcngst in einem offenen Brief gefordert hatten, den Ukraine-Konflikt durch Verhandlungen zu beenden, nannte er einen &#8220;Haufen pseudo-intellektueller Versager&#8221;, nun teilte er gegen den s\u00e4chsischen Ministerpr\u00e4sidenten Michael Kretschmer aus. Der inzwischen abberufene ukrainische Botschafter in Berlin, Andrei Melnyk, schrieb an den s\u00e4chsischen Landeschef gerichtet, dass die Ukrainer daf\u00fcr eintreten w\u00fcrden, &#8220;dass Sie Ihren Kopf in ein Tiefk\u00fchlregal stecken, um Ihre hei\u00dfen Russland-Fantasien einzufrieren&#8221;.<\/p>\n<div class=\"EmbedBlock-root EmbedBlock-twitter\">\n<div class=\"TwitterEmbed\">\n<blockquote class=\"twitter-tweet lazyload\" data-twitter=\"twitter-tweet\">\n<p lang=\"de\" dir=\"ltr\">Barrdong Herr <a rel=\"nofollow noopener\" target=\"_blank\" href=\"https:\/\/twitter.com\/MPKretschmer?ref_src=twsrc%5Etfw\">@MPKretschmer<\/a>, aber die Ukrainer treten daf\u00fcr ein, dass Sie Ihren Kopf in ein Tiefk\u00fchlregal stecken, um Ihre hei\u00dfen Russland-Fantasien einzufrieren. Ihre ewige Anbiederung an Kriegsverbrecher Putin ist ekelerregend <a rel=\"nofollow noopener\" target=\"_blank\" href=\"https:\/\/t.co\/rhUGhXxYZc\">pic.twitter.com\/rhUGhXxYZc<\/a><\/p>\n<p>\u2014 Andrij Melnyk (@MelnykAndrij) <a rel=\"nofollow noopener\" target=\"_blank\" href=\"https:\/\/twitter.com\/MelnykAndrij\/status\/1549436675411132416?ref_src=twsrc%5Etfw\">July 19, 2022<\/a><\/p><\/blockquote><\/div><\/div>\n<p>Die Aussagen des 46-J\u00e4hrigen, der aus Lwiw in der Westukraine stammt, kamen als Reaktion auf Kretschmers \u00c4u\u00dferungen, dass\u00a0er die Beziehungen zu Russland aufrechterhalten wolle und man daf\u00fcr eintreten m\u00fcsse, &#8220;dass dieser Krieg eingefroren wird&#8221;. Gegen\u00fcber der <em>Frankfurter Allgemeinen Zeitung<\/em>\u00a0<em>(FAZ)<\/em> hatte der s\u00e4chsische Ministerpr\u00e4sident gesagt:\u00a0<\/p>\n<blockquote>\n<p><em>&#8220;Wir brauchen jetzt schnellstm\u00f6glich Verhandlungen, der Krieg muss eingefroren werden.&#8221;<\/em><\/p>\n<\/blockquote>\n<p>Der CDU-Politiker <a rel=\"nofollow noopener\" target=\"_blank\" href=\"https:\/\/www.faz.net\/aktuell\/politik\/inland\/ukraine-krieg-michael-kretschmer-fordert-verhandlungen-mit-russland-18184354.html\">erg\u00e4nzte<\/a>, dass dies &#8220;weder eine Niederlage noch Frieden&#8221; bedeute, aber es k\u00f6nne laut Kretschmer Deutschland und Europa Zeit verschaffen, die demnach jahrzehntelang str\u00e4flich vernachl\u00e4ssigte Verteidigungsf\u00e4higkeit zu st\u00e4rken und energetisch unabh\u00e4ngig von Russland zu werden. Zudem forderte er, dass\u00a0Deutschland, Frankreich sowie die Vereinigten Staaten eine Vermittlerrolle einnehmen.<\/p>\n<p>Doch Melnyk, der j\u00fcngst abberufen wurde und laut einem <em>FAZ-Bericht<\/em> in den kommenden Wochen Deutschland verlassen haben wird, sah in Kretschmers Aussagen &#8220;Anbiederung an Kriegsverbrecher Putin&#8221;, die &#8220;ekelerregend&#8221; sei.<\/p>\n<p>Seit dem Beginn der russischen Milit\u00e4roperation in der Ukraine ist Melnyk zu einem der h\u00e4ufigsten G\u00e4ste in den deutschen Talkshows aufger\u00fcckt. Kaum ein Tag verging, an dem er nicht Kampfpanzer und Luftabwehrgesch\u00fctze f\u00fcr die Ukraine forderte und der Regierung in Berlin Z\u00f6gern und Zaudern vorwarf.<\/p>\n<p>Zuletzt sorgte er f\u00fcr scharfe Kritik in der \u00d6ffentlichkeit, als er in einem Interview den Anf\u00fchrer der ukrainischen Nationalisten von OUN und Nazi-Kollaborateur<a rel=\"nofollow noopener\" target=\"_blank\" href=\"https:\/\/de.rt.com\/europa\/142340-botschafter-melnyck-leugnet-mitschuld-ukrainischer-nationalisten-massaker-polen-juden\/\">, Stepan Bandera, gegen alle Vorw\u00fcrfe verteidigt hatte<\/a>.<\/p>\n<\/p>\n<p><strong>Mehr zum Thema<\/strong> &#8211; &#8220;<a rel=\"nofollow noopener\" target=\"_blank\" href=\"https:\/\/de.rt.com\/inland\/142416-haufen-pseudo-intellektueller-versager-botschafter-melnyk-wieder-auf-beleidigungstour\/\">Haufen pseudo-intellektueller Versager&#8221; \u2013 Botschafter Melnyk wieder auf Beleidigungstour<\/a><\/p>\n<div class=\"EmbedBlock-root EmbedBlock-externalVideo EmbedBlock-vk\">\n<div class=\"VkEmbed\"><\/div><\/div>\n<p><script async src=\"https:\/\/platform.twitter.com\/widgets.js\" charset=\"utf-8\"><\/script><br \/>\n<br \/><br \/>\n<br \/><a href=\"https:\/\/de.rt.com\/inland\/143948-melnyk-teilt-nun-gegen-sachsens\/\">Source link <\/a><\/p>\n","protected":false},"excerpt":{"rendered":"<p>Den Bundeskanzler Olaf Scholz bezeichnete er als &#8220;beleidigte Leberwurst&#8221;, prominente Deutsche, die j\u00fcngst in einem offenen Brief gefordert hatten, den Ukraine-Konflikt durch Verhandlungen zu beenden, nannte er einen &#8220;Haufen pseudo-intellektueller Versager&#8221;, nun teilte er gegen den s\u00e4chsischen Ministerpr\u00e4sidenten Michael Kretschmer aus. Der inzwischen abberufene ukrainische Botschafter in Berlin, Andrei Melnyk, schrieb an den s\u00e4chsischen Landeschef [&hellip;]<\/p>\n","protected":false},"author":3,"featured_media":14441,"comment_status":"open","ping_status":"open","sticky":false,"template":"","format":"standard","meta":{"wp_automatic_camp":["217"],"fb14844016eda43cc072ffba396db2eb":["&quot;Kopf ins Tiefk\u00fchlregal stecken&quot; - Melnyk teilt gegen Sachsens Premier Kretschmer aus"],"original_link":["https:\/\/de.rt.com\/inland\/143948-melnyk-teilt-nun-gegen-sachsens\/"],"_thumbnail_id":["14441"],"_wptg_p2tg_sent2tg":["2022-07-20 16:15:11"],"jnews_social_counter_last_update":["1777254636"]},"categories":[19,23],"tags":[679,278,1678,1857,15740,9770,28627,7138,28629,19543,28628],"yoast_head":"<!-- This site is optimized with the Yoast SEO Premium plugin v22.7 (Yoast SEO v22.7) - https:\/\/yoast.com\/wordpress\/plugins\/seo\/ -->\n<title>&quot;Kopf ins Tiefk\u00fchlregal stecken&quot; - Melnyk teilt gegen Sachsens Premier Kretschmer aus - just-now.NEWS Deutschland<\/title>\n<meta name=\"robots\" content=\"index, follow, max-snippet:-1, max-image-preview:large, max-video-preview:-1\" \/>\n<link rel=\"canonical\" href=\"https:\/\/now-news.de\/de\/deutschland\/kopf-ins-tiefkuehlregal-stecken-melnyk-teilt-gegen-sachsens-premier-kretschmer-aus\/\" \/>\n<meta property=\"og:locale\" content=\"de_DE\" \/>\n<meta property=\"og:type\" content=\"article\" \/>\n<meta property=\"og:title\" content=\"&quot;Kopf ins Tiefk\u00fchlregal stecken&quot; - Melnyk teilt gegen Sachsens Premier Kretschmer aus\" \/>\n<meta property=\"og:description\" content=\"Den Bundeskanzler Olaf Scholz bezeichnete er als &#8220;beleidigte Leberwurst&#8221;, prominente Deutsche, die j\u00fcngst in einem offenen Brief gefordert hatten, den Ukraine-Konflikt durch Verhandlungen zu beenden, nannte er einen &#8220;Haufen pseudo-intellektueller Versager&#8221;, nun teilte er gegen den s\u00e4chsischen Ministerpr\u00e4sidenten Michael Kretschmer aus. Der inzwischen abberufene ukrainische Botschafter in Berlin, Andrei Melnyk, schrieb an den s\u00e4chsischen Landeschef [&hellip;]\" \/>\n<meta property=\"og:url\" content=\"https:\/\/now-news.de\/de\/deutschland\/kopf-ins-tiefkuehlregal-stecken-melnyk-teilt-gegen-sachsens-premier-kretschmer-aus\/\" \/>\n<meta property=\"og:site_name\" content=\"just-now.NEWS Deutschland\" \/>\n<meta property=\"article:publisher\" content=\"https:\/\/www.facebook.com\/wirmachenauf\" \/>\n<meta property=\"article:published_time\" content=\"2022-07-20T13:56:22+00:00\" \/>\n<meta property=\"og:image\" content=\"https:\/\/now-news.de\/de\/wp-content\/uploads\/sites\/3\/2022\/07\/quotKopf-ins-Tiefkuehlregal-steckenquot-Melnyk-teilt-gegen-Sachsens-Premier.jpg\" \/>\n\t<meta property=\"og:image:width\" content=\"460\" \/>\n\t<meta property=\"og:image:height\" content=\"259\" \/>\n\t<meta property=\"og:image:type\" content=\"image\/jpeg\" \/>\n<meta name=\"author\" content=\"rtnews\" \/>\n<meta name=\"twitter:card\" content=\"summary_large_image\" \/>\n<meta name=\"twitter:creator\" content=\"@WirMachenAuf_de\" \/>\n<meta name=\"twitter:site\" content=\"@WirMachenAuf_de\" \/>\n<meta name=\"twitter:label1\" content=\"Verfasst von\" \/>\n\t<meta name=\"twitter:data1\" content=\"rtnews\" \/>\n\t<meta name=\"twitter:label2\" content=\"Gesch\u00e4tzte Lesezeit\" \/>\n\t<meta name=\"twitter:data2\" content=\"2\u00a0Minuten\" \/>\n<script type=\"application\/ld+json\" class=\"yoast-schema-graph\">{\"@context\":\"https:\/\/schema.org\",\"@graph\":[{\"@type\":\"Article\",\"@id\":\"https:\/\/now-news.de\/de\/deutschland\/kopf-ins-tiefkuehlregal-stecken-melnyk-teilt-gegen-sachsens-premier-kretschmer-aus\/#article\",\"isPartOf\":{\"@id\":\"https:\/\/now-news.de\/de\/deutschland\/kopf-ins-tiefkuehlregal-stecken-melnyk-teilt-gegen-sachsens-premier-kretschmer-aus\/\"},\"author\":{\"name\":\"rtnews\",\"@id\":\"https:\/\/now-news.de\/de\/#\/schema\/person\/fb534a4e865501d8b3285208df34a9b5\"},\"headline\":\"&quot;Kopf ins Tiefk\u00fchlregal stecken&quot; &#8211; Melnyk teilt gegen Sachsens Premier Kretschmer aus\",\"datePublished\":\"2022-07-20T13:56:22+00:00\",\"dateModified\":\"2022-07-20T13:56:22+00:00\",\"mainEntityOfPage\":{\"@id\":\"https:\/\/now-news.de\/de\/deutschland\/kopf-ins-tiefkuehlregal-stecken-melnyk-teilt-gegen-sachsens-premier-kretschmer-aus\/\"},\"wordCount\":389,\"commentCount\":0,\"publisher\":{\"@id\":\"https:\/\/now-news.de\/de\/#organization\"},\"image\":{\"@id\":\"https:\/\/now-news.de\/de\/deutschland\/kopf-ins-tiefkuehlregal-stecken-melnyk-teilt-gegen-sachsens-premier-kretschmer-aus\/#primaryimage\"},\"thumbnailUrl\":\"https:\/\/now-news.de\/de\/wp-content\/uploads\/sites\/3\/2022\/07\/quotKopf-ins-Tiefkuehlregal-steckenquot-Melnyk-teilt-gegen-Sachsens-Premier.jpg\",\"keywords\":[\"aus\",\"gegen\",\"ins\",\"Kretschmer\",\"Melnyk\",\"Premier\",\"quotKopf\",\"Sachsens\",\"steckenquot\",\"teilt\",\"Tiefk\u00fchlregal\"],\"articleSection\":[\"Deutschland\",\"Russland\"],\"inLanguage\":\"de\",\"potentialAction\":[{\"@type\":\"CommentAction\",\"name\":\"Comment\",\"target\":[\"https:\/\/now-news.de\/de\/deutschland\/kopf-ins-tiefkuehlregal-stecken-melnyk-teilt-gegen-sachsens-premier-kretschmer-aus\/#respond\"]}]},{\"@type\":\"WebPage\",\"@id\":\"https:\/\/now-news.de\/de\/deutschland\/kopf-ins-tiefkuehlregal-stecken-melnyk-teilt-gegen-sachsens-premier-kretschmer-aus\/\",\"url\":\"https:\/\/now-news.de\/de\/deutschland\/kopf-ins-tiefkuehlregal-stecken-melnyk-teilt-gegen-sachsens-premier-kretschmer-aus\/\",\"name\":\"&quot;Kopf ins Tiefk\u00fchlregal stecken&quot; - Melnyk teilt gegen Sachsens Premier Kretschmer aus - just-now.NEWS Deutschland\",\"isPartOf\":{\"@id\":\"https:\/\/now-news.de\/de\/#website\"},\"primaryImageOfPage\":{\"@id\":\"https:\/\/now-news.de\/de\/deutschland\/kopf-ins-tiefkuehlregal-stecken-melnyk-teilt-gegen-sachsens-premier-kretschmer-aus\/#primaryimage\"},\"image\":{\"@id\":\"https:\/\/now-news.de\/de\/deutschland\/kopf-ins-tiefkuehlregal-stecken-melnyk-teilt-gegen-sachsens-premier-kretschmer-aus\/#primaryimage\"},\"thumbnailUrl\":\"https:\/\/now-news.de\/de\/wp-content\/uploads\/sites\/3\/2022\/07\/quotKopf-ins-Tiefkuehlregal-steckenquot-Melnyk-teilt-gegen-Sachsens-Premier.jpg\",\"datePublished\":\"2022-07-20T13:56:22+00:00\",\"dateModified\":\"2022-07-20T13:56:22+00:00\",\"breadcrumb\":{\"@id\":\"https:\/\/now-news.de\/de\/deutschland\/kopf-ins-tiefkuehlregal-stecken-melnyk-teilt-gegen-sachsens-premier-kretschmer-aus\/#breadcrumb\"},\"inLanguage\":\"de\",\"potentialAction\":[{\"@type\":\"ReadAction\",\"target\":[\"https:\/\/now-news.de\/de\/deutschland\/kopf-ins-tiefkuehlregal-stecken-melnyk-teilt-gegen-sachsens-premier-kretschmer-aus\/\"]}]},{\"@type\":\"ImageObject\",\"inLanguage\":\"de\",\"@id\":\"https:\/\/now-news.de\/de\/deutschland\/kopf-ins-tiefkuehlregal-stecken-melnyk-teilt-gegen-sachsens-premier-kretschmer-aus\/#primaryimage\",\"url\":\"https:\/\/now-news.de\/de\/wp-content\/uploads\/sites\/3\/2022\/07\/quotKopf-ins-Tiefkuehlregal-steckenquot-Melnyk-teilt-gegen-Sachsens-Premier.jpg\",\"contentUrl\":\"https:\/\/now-news.de\/de\/wp-content\/uploads\/sites\/3\/2022\/07\/quotKopf-ins-Tiefkuehlregal-steckenquot-Melnyk-teilt-gegen-Sachsens-Premier.jpg\",\"width\":460,\"height\":259,\"caption\":\"&quot;Kopf ins Tiefk\u00fchlregal stecken&quot; - Melnyk teilt gegen Sachsens Premier Kretschmer aus\"},{\"@type\":\"BreadcrumbList\",\"@id\":\"https:\/\/now-news.de\/de\/deutschland\/kopf-ins-tiefkuehlregal-stecken-melnyk-teilt-gegen-sachsens-premier-kretschmer-aus\/#breadcrumb\",\"itemListElement\":[{\"@type\":\"ListItem\",\"position\":1,\"name\":\"Home\",\"item\":\"https:\/\/now-news.de\/de\/\"},{\"@type\":\"ListItem\",\"position\":2,\"name\":\"&quot;Kopf ins Tiefk\u00fchlregal stecken&quot; &#8211; Melnyk teilt gegen Sachsens Premier Kretschmer aus\"}]},{\"@type\":\"WebSite\",\"@id\":\"https:\/\/now-news.de\/de\/#website\",\"url\":\"https:\/\/now-news.de\/de\/\",\"name\":\"just-now.NEWS Deutschland\",\"description\":\"Das Portal f\u00fcr unzensierte Nachrichten aus der Welt\",\"publisher\":{\"@id\":\"https:\/\/now-news.de\/de\/#organization\"},\"potentialAction\":[{\"@type\":\"SearchAction\",\"target\":{\"@type\":\"EntryPoint\",\"urlTemplate\":\"https:\/\/now-news.de\/de\/?s={search_term_string}\"},\"query-input\":\"required name=search_term_string\"}],\"inLanguage\":\"de\"},{\"@type\":\"Organization\",\"@id\":\"https:\/\/now-news.de\/de\/#organization\",\"name\":\"Just Now News\",\"url\":\"https:\/\/now-news.de\/de\/\",\"logo\":{\"@type\":\"ImageObject\",\"inLanguage\":\"de\",\"@id\":\"https:\/\/now-news.de\/de\/#\/schema\/logo\/image\/\",\"url\":\"http:\/\/just-now.news\/de\/wp-content\/uploads\/sites\/3\/2022\/04\/logo500x500.jpg\",\"contentUrl\":\"http:\/\/just-now.news\/de\/wp-content\/uploads\/sites\/3\/2022\/04\/logo500x500.jpg\",\"width\":500,\"height\":500,\"caption\":\"Just Now News\"},\"image\":{\"@id\":\"https:\/\/now-news.de\/de\/#\/schema\/logo\/image\/\"},\"sameAs\":[\"https:\/\/www.facebook.com\/wirmachenauf\",\"https:\/\/x.com\/WirMachenAuf_de\"]},{\"@type\":\"Person\",\"@id\":\"https:\/\/now-news.de\/de\/#\/schema\/person\/fb534a4e865501d8b3285208df34a9b5\",\"name\":\"rtnews\",\"image\":{\"@type\":\"ImageObject\",\"inLanguage\":\"de\",\"@id\":\"https:\/\/now-news.de\/de\/#\/schema\/person\/image\/\",\"url\":\"https:\/\/secure.gravatar.com\/avatar\/82aafea7d8127119dd649515f56e2117?s=96&d=mm&r=g\",\"contentUrl\":\"https:\/\/secure.gravatar.com\/avatar\/82aafea7d8127119dd649515f56e2117?s=96&d=mm&r=g\",\"caption\":\"rtnews\"},\"url\":\"https:\/\/now-news.de\/de\/author\/rnews\/\"}]}<\/script>\n<!-- \/ Yoast SEO Premium plugin. -->","yoast_head_json":{"title":"&quot;Kopf ins Tiefk\u00fchlregal stecken&quot; - Melnyk teilt gegen Sachsens Premier Kretschmer aus - just-now.NEWS Deutschland","robots":{"index":"index","follow":"follow","max-snippet":"max-snippet:-1","max-image-preview":"max-image-preview:large","max-video-preview":"max-video-preview:-1"},"canonical":"https:\/\/now-news.de\/de\/deutschland\/kopf-ins-tiefkuehlregal-stecken-melnyk-teilt-gegen-sachsens-premier-kretschmer-aus\/","og_locale":"de_DE","og_type":"article","og_title":"&quot;Kopf ins Tiefk\u00fchlregal stecken&quot; - Melnyk teilt gegen Sachsens Premier Kretschmer aus","og_description":"Den Bundeskanzler Olaf Scholz bezeichnete er als &#8220;beleidigte Leberwurst&#8221;, prominente Deutsche, die j\u00fcngst in einem offenen Brief gefordert hatten, den Ukraine-Konflikt durch Verhandlungen zu beenden, nannte er einen &#8220;Haufen pseudo-intellektueller Versager&#8221;, nun teilte er gegen den s\u00e4chsischen Ministerpr\u00e4sidenten Michael Kretschmer aus. Der inzwischen abberufene ukrainische Botschafter in Berlin, Andrei Melnyk, schrieb an den s\u00e4chsischen Landeschef [&hellip;]","og_url":"https:\/\/now-news.de\/de\/deutschland\/kopf-ins-tiefkuehlregal-stecken-melnyk-teilt-gegen-sachsens-premier-kretschmer-aus\/","og_site_name":"just-now.NEWS Deutschland","article_publisher":"https:\/\/www.facebook.com\/wirmachenauf","article_published_time":"2022-07-20T13:56:22+00:00","og_image":[{"width":460,"height":259,"url":"https:\/\/now-news.de\/de\/wp-content\/uploads\/sites\/3\/2022\/07\/quotKopf-ins-Tiefkuehlregal-steckenquot-Melnyk-teilt-gegen-Sachsens-Premier.jpg","type":"image\/jpeg"}],"author":"rtnews","twitter_card":"summary_large_image","twitter_creator":"@WirMachenAuf_de","twitter_site":"@WirMachenAuf_de","twitter_misc":{"Verfasst von":"rtnews","Gesch\u00e4tzte Lesezeit":"2\u00a0Minuten"},"schema":{"@context":"https:\/\/schema.org","@graph":[{"@type":"Article","@id":"https:\/\/now-news.de\/de\/deutschland\/kopf-ins-tiefkuehlregal-stecken-melnyk-teilt-gegen-sachsens-premier-kretschmer-aus\/#article","isPartOf":{"@id":"https:\/\/now-news.de\/de\/deutschland\/kopf-ins-tiefkuehlregal-stecken-melnyk-teilt-gegen-sachsens-premier-kretschmer-aus\/"},"author":{"name":"rtnews","@id":"https:\/\/now-news.de\/de\/#\/schema\/person\/fb534a4e865501d8b3285208df34a9b5"},"headline":"&quot;Kopf ins Tiefk\u00fchlregal stecken&quot; &#8211; Melnyk teilt gegen Sachsens Premier Kretschmer aus","datePublished":"2022-07-20T13:56:22+00:00","dateModified":"2022-07-20T13:56:22+00:00","mainEntityOfPage":{"@id":"https:\/\/now-news.de\/de\/deutschland\/kopf-ins-tiefkuehlregal-stecken-melnyk-teilt-gegen-sachsens-premier-kretschmer-aus\/"},"wordCount":389,"commentCount":0,"publisher":{"@id":"https:\/\/now-news.de\/de\/#organization"},"image":{"@id":"https:\/\/now-news.de\/de\/deutschland\/kopf-ins-tiefkuehlregal-stecken-melnyk-teilt-gegen-sachsens-premier-kretschmer-aus\/#primaryimage"},"thumbnailUrl":"https:\/\/now-news.de\/de\/wp-content\/uploads\/sites\/3\/2022\/07\/quotKopf-ins-Tiefkuehlregal-steckenquot-Melnyk-teilt-gegen-Sachsens-Premier.jpg","keywords":["aus","gegen","ins","Kretschmer","Melnyk","Premier","quotKopf","Sachsens","steckenquot","teilt","Tiefk\u00fchlregal"],"articleSection":["Deutschland","Russland"],"inLanguage":"de","potentialAction":[{"@type":"CommentAction","name":"Comment","target":["https:\/\/now-news.de\/de\/deutschland\/kopf-ins-tiefkuehlregal-stecken-melnyk-teilt-gegen-sachsens-premier-kretschmer-aus\/#respond"]}]},{"@type":"WebPage","@id":"https:\/\/now-news.de\/de\/deutschland\/kopf-ins-tiefkuehlregal-stecken-melnyk-teilt-gegen-sachsens-premier-kretschmer-aus\/","url":"https:\/\/now-news.de\/de\/deutschland\/kopf-ins-tiefkuehlregal-stecken-melnyk-teilt-gegen-sachsens-premier-kretschmer-aus\/","name":"&quot;Kopf ins Tiefk\u00fchlregal stecken&quot; - Melnyk teilt gegen Sachsens Premier Kretschmer aus - just-now.NEWS Deutschland","isPartOf":{"@id":"https:\/\/now-news.de\/de\/#website"},"primaryImageOfPage":{"@id":"https:\/\/now-news.de\/de\/deutschland\/kopf-ins-tiefkuehlregal-stecken-melnyk-teilt-gegen-sachsens-premier-kretschmer-aus\/#primaryimage"},"image":{"@id":"https:\/\/now-news.de\/de\/deutschland\/kopf-ins-tiefkuehlregal-stecken-melnyk-teilt-gegen-sachsens-premier-kretschmer-aus\/#primaryimage"},"thumbnailUrl":"https:\/\/now-news.de\/de\/wp-content\/uploads\/sites\/3\/2022\/07\/quotKopf-ins-Tiefkuehlregal-steckenquot-Melnyk-teilt-gegen-Sachsens-Premier.jpg","datePublished":"2022-07-20T13:56:22+00:00","dateModified":"2022-07-20T13:56:22+00:00","breadcrumb":{"@id":"https:\/\/now-news.de\/de\/deutschland\/kopf-ins-tiefkuehlregal-stecken-melnyk-teilt-gegen-sachsens-premier-kretschmer-aus\/#breadcrumb"},"inLanguage":"de","potentialAction":[{"@type":"ReadAction","target":["https:\/\/now-news.de\/de\/deutschland\/kopf-ins-tiefkuehlregal-stecken-melnyk-teilt-gegen-sachsens-premier-kretschmer-aus\/"]}]},{"@type":"ImageObject","inLanguage":"de","@id":"https:\/\/now-news.de\/de\/deutschland\/kopf-ins-tiefkuehlregal-stecken-melnyk-teilt-gegen-sachsens-premier-kretschmer-aus\/#primaryimage","url":"https:\/\/now-news.de\/de\/wp-content\/uploads\/sites\/3\/2022\/07\/quotKopf-ins-Tiefkuehlregal-steckenquot-Melnyk-teilt-gegen-Sachsens-Premier.jpg","contentUrl":"https:\/\/now-news.de\/de\/wp-content\/uploads\/sites\/3\/2022\/07\/quotKopf-ins-Tiefkuehlregal-steckenquot-Melnyk-teilt-gegen-Sachsens-Premier.jpg","width":460,"height":259,"caption":"&quot;Kopf ins Tiefk\u00fchlregal stecken&quot; - Melnyk teilt gegen Sachsens Premier Kretschmer aus"},{"@type":"BreadcrumbList","@id":"https:\/\/now-news.de\/de\/deutschland\/kopf-ins-tiefkuehlregal-stecken-melnyk-teilt-gegen-sachsens-premier-kretschmer-aus\/#breadcrumb","itemListElement":[{"@type":"ListItem","position":1,"name":"Home","item":"https:\/\/now-news.de\/de\/"},{"@type":"ListItem","position":2,"name":"&quot;Kopf ins Tiefk\u00fchlregal stecken&quot; &#8211; Melnyk teilt gegen Sachsens Premier Kretschmer aus"}]},{"@type":"WebSite","@id":"https:\/\/now-news.de\/de\/#website","url":"https:\/\/now-news.de\/de\/","name":"just-now.NEWS Deutschland","description":"Das Portal f\u00fcr unzensierte Nachrichten aus der Welt","publisher":{"@id":"https:\/\/now-news.de\/de\/#organization"},"potentialAction":[{"@type":"SearchAction","target":{"@type":"EntryPoint","urlTemplate":"https:\/\/now-news.de\/de\/?s={search_term_string}"},"query-input":"required name=search_term_string"}],"inLanguage":"de"},{"@type":"Organization","@id":"https:\/\/now-news.de\/de\/#organization","name":"Just Now News","url":"https:\/\/now-news.de\/de\/","logo":{"@type":"ImageObject","inLanguage":"de","@id":"https:\/\/now-news.de\/de\/#\/schema\/logo\/image\/","url":"http:\/\/just-now.news\/de\/wp-content\/uploads\/sites\/3\/2022\/04\/logo500x500.jpg","contentUrl":"http:\/\/just-now.news\/de\/wp-content\/uploads\/sites\/3\/2022\/04\/logo500x500.jpg","width":500,"height":500,"caption":"Just Now News"},"image":{"@id":"https:\/\/now-news.de\/de\/#\/schema\/logo\/image\/"},"sameAs":["https:\/\/www.facebook.com\/wirmachenauf","https:\/\/x.com\/WirMachenAuf_de"]},{"@type":"Person","@id":"https:\/\/now-news.de\/de\/#\/schema\/person\/fb534a4e865501d8b3285208df34a9b5","name":"rtnews","image":{"@type":"ImageObject","inLanguage":"de","@id":"https:\/\/now-news.de\/de\/#\/schema\/person\/image\/","url":"https:\/\/secure.gravatar.com\/avatar\/82aafea7d8127119dd649515f56e2117?s=96&d=mm&r=g","contentUrl":"https:\/\/secure.gravatar.com\/avatar\/82aafea7d8127119dd649515f56e2117?s=96&d=mm&r=g","caption":"rtnews"},"url":"https:\/\/now-news.de\/de\/author\/rnews\/"}]}},"_links":{"self":[{"href":"https:\/\/now-news.de\/de\/wp-json\/wp\/v2\/posts\/14440"}],"collection":[{"href":"https:\/\/now-news.de\/de\/wp-json\/wp\/v2\/posts"}],"about":[{"href":"https:\/\/now-news.de\/de\/wp-json\/wp\/v2\/types\/post"}],"author":[{"embeddable":true,"href":"https:\/\/now-news.de\/de\/wp-json\/wp\/v2\/users\/3"}],"replies":[{"embeddable":true,"href":"https:\/\/now-news.de\/de\/wp-json\/wp\/v2\/comments?post=14440"}],"version-history":[{"count":0,"href":"https:\/\/now-news.de\/de\/wp-json\/wp\/v2\/posts\/14440\/revisions"}],"wp:featuredmedia":[{"embeddable":true,"href":"https:\/\/now-news.de\/de\/wp-json\/wp\/v2\/media\/14441"}],"wp:attachment":[{"href":"https:\/\/now-news.de\/de\/wp-json\/wp\/v2\/media?parent=14440"}],"wp:term":[{"taxonomy":"category","embeddable":true,"href":"https:\/\/now-news.de\/de\/wp-json\/wp\/v2\/categories?post=14440"},{"taxonomy":"post_tag","embeddable":true,"href":"https:\/\/now-news.de\/de\/wp-json\/wp\/v2\/tags?post=14440"}],"curies":[{"name":"wp","href":"https:\/\/api.w.org\/{rel}","templated":true}]}}