{"id":14416,"date":"2022-07-20T10:59:33","date_gmt":"2022-07-20T08:59:33","guid":{"rendered":"http:\/\/just-now.news\/de\/deutschland\/kalte-wohnungen-rationierter-strom-spiegel-vergleicht-habeck-mit-ceausescu\/"},"modified":"2022-07-20T10:59:33","modified_gmt":"2022-07-20T08:59:33","slug":"kalte-wohnungen-rationierter-strom-spiegel-vergleicht-habeck-mit-ceausescu","status":"publish","type":"post","link":"https:\/\/now-news.de\/de\/deutschland\/kalte-wohnungen-rationierter-strom-spiegel-vergleicht-habeck-mit-ceausescu\/","title":{"rendered":"Kalte Wohnungen, rationierter Strom \u2013 Spiegel vergleicht Habeck mit Ceau\u0219escu"},"content":{"rendered":"<p><img decoding=\"async\" src=\"http:\/\/just-now.news\/de\/wp-content\/uploads\/sites\/3\/2022\/07\/62d7b3dc48fbef774a51b64c.jpg\" \/><\/p>\n<div class=\"Text-root Text-type_1 \">\n                Rum\u00e4niens &#8220;F\u00fchrer&#8221; Nicolae Ceau\u0219escu war in den 80er Jahren in Osteuropa der Diktator schlechthin. Hart griff er bis in die pers\u00f6nlichsten Verh\u00e4ltnisse der B\u00fcrger ein. Wirtschaftsminister Robert Habeck k\u00fcndigte bei Gasknappheit gesetzliche Sparma\u00dfnahmen f\u00fcr private Haushalte an. Das Magazin &#8220;Der Spiegel&#8221; verglich ihn mit Ceau\u0219escu.\n            <\/div>\n<p><\/p>\n<div class=\"Text-root Text-type_5 ArticleView-text ViewText-root \">\n<p>Rum\u00e4niens einstiger &#8220;F\u00fchrer&#8221; Nicolae Ceau\u0219escu stand in den 80er Jahren f\u00fcr Personenkult und eine skrupellose Diktatur. Das Volk litt in Armut. Im Winter gab es nur stundenweise Strom und W\u00e4rme, die Temperaturen wurden von oben verordnet.\u00a0<\/p>\n<p>Das Nachrichtenmagazin <em>Der Spiegel<\/em> sorgte nun mit einem Vergleich f\u00fcr Aufregung. Bundeswirtschaftsminister Robert Habeck hatte k\u00fcrzlich in den <em>ARD-Tagesthemen<\/em> zur Gaskrise gesagt:<\/p>\n<blockquote>\n<p><em>&#8220;Wenn die Speichermengen nicht zunehmen, dann werden wir weitere Ma\u00dfnahmen zur Einsparung vornehmen m\u00fcssen. Zur Not auch gesetzlich.&#8221;<\/em><\/p>\n<\/blockquote>\n<p>Offenbar eine Steilvorlage f\u00fcr das Nachrichtenmagazin, um einen Vergleich mit dem ehemaligen rum\u00e4nischen Machthaber Nicolae Ceau\u0219escu zu ziehen. Dieser\u00a0soll 1985 per Dekret drastische Energiesparma\u00dfnahmen in Rum\u00e4nien verk\u00fcndet haben, wie <em>Der Spiegel<\/em> im selben Jahr berichtet hatte. Dazu z\u00e4hlte laut dem Nachrichtenmagazin die Anordnung, dass jeder B\u00fcrger nur noch einen Raum seiner Wohnung mit einer Gl\u00fchbirne von h\u00f6chstens 40 Watt beleuchten d\u00fcrfe. Zudem d\u00fcrften die Temperaturen in Privatwohnungen und B\u00fcros zw\u00f6lf Grad Celsius nicht \u00fcberschreiten.<\/p>\n<p>In seinem aktuellen Beitrag zur Gaskrise schrieb <em>Der Spiegel<\/em> nun in seinem Teaser:<\/p>\n<blockquote>\n<p><em>&#8220;Rum\u00e4niens Diktator lie\u00df sein Volk einst bei einer Raumtemperatur von zw\u00f6lf Grad bibbern. Wirtschaftsminister Habeck hat nun auch eine Drosselung von Privatheizungen angedeutet. W\u00e4re das technisch \u00fcberhaupt umsetzbar?&#8221;<\/em><\/p>\n<\/blockquote>\n<p>Weiter unten im Text des Nachrichtenmagazins hei\u00dft es weiter:<\/p>\n<blockquote>\n<p><em>&#8220;Werden die Haushalte mitten im Winter wom\u00f6glich vor\u00fcbergehend von der Versorgung abgeklemmt? Verf\u00fcgt Habeck von seinem Amtssitz in der Berliner Scharnhorststra\u00dfe aus Zwangsma\u00dfnahmen f\u00fcr B\u00fcrger, mit denen einst auch der rum\u00e4nische Diktator Nicolae Ceau\u0219escu sein Volk drangsalierte?&#8221;<\/em><\/p>\n<\/blockquote>\n<p>Daraufhin hagelte es sofort Kritik f\u00fcr das Nachrichtenmagazin. Unter anderem schrieb die Politikwissenschaftlerin Ulrike Franke kurz nach Erscheinen des Artikels auf Twitter:<\/p>\n<blockquote>\n<p><em>&#8220;Sieht so aus, als w\u00e4ren die hohen Temperaturen den Spiegel-Autoren zu Kopf gestiegen. Sie vergleichen Wirtschaftsminister Habeck ernsthaft mit dem rum\u00e4nischen Diktator Ceau\u0219escu, weil er \u00fcber die Senkung der Raumtemperaturen diskutiert.&#8221;<\/em><\/p>\n<\/blockquote>\n<div class=\"EmbedBlock-root EmbedBlock-twitter\">\n<div class=\"TwitterEmbed\">\n<blockquote class=\"twitter-tweet lazyload\" data-twitter=\"twitter-tweet\">\n<p lang=\"en\" dir=\"ltr\">Looks like the high temperatures went to the heads of the <a rel=\"nofollow noopener\" target=\"_blank\" href=\"https:\/\/twitter.com\/derspiegel?ref_src=twsrc%5Etfw\">@derspiegel<\/a>\u2019s authors ????. They seriously compare economy minister Habeck with Romanian dictator Ceau\u0219escu for discussing lowering room temperatures. <a rel=\"nofollow noopener\" target=\"_blank\" href=\"https:\/\/t.co\/HoRVcBYjrv\">pic.twitter.com\/HoRVcBYjrv<\/a><\/p>\n<p>\u2014 Ulrike Franke (@RikeFranke) <a rel=\"nofollow noopener\" target=\"_blank\" href=\"https:\/\/twitter.com\/RikeFranke\/status\/1549460195226574850?ref_src=twsrc%5Etfw\">July 19, 2022<\/a><\/p><\/blockquote>\n<\/div>\n<\/div>\n<p>Ein anderer User schrieb auf dem Kurznachrichtendienst:<\/p>\n<blockquote>\n<p><em>&#8220;Mir fehlt die Vorstellungskraft, dass sowas einfach &#8216;durchrutscht&#8217;, Spiegel. Irgendwann, wenn nicht schon geschehen, schreibt Ihr \u00fcber eine Verrohung des Diskurses und beklagt eine Eskalationsschraube, an der ihr selbst kr\u00e4ftig dreht.&#8221;<\/em><\/p>\n<\/blockquote>\n<div class=\"EmbedBlock-root EmbedBlock-twitter\">\n<div class=\"TwitterEmbed\">\n<blockquote class=\"twitter-tweet lazyload\" data-twitter=\"twitter-tweet\">\n<p lang=\"de\" dir=\"ltr\">Mir fehlt die Vorstellungskraft, dass sowas einfach \u201edurchrutscht\u201c, <a rel=\"nofollow noopener\" target=\"_blank\" href=\"https:\/\/twitter.com\/derspiegel?ref_src=twsrc%5Etfw\">@derspiegel<\/a> . Irgendwann, wenn nicht schon geschehen, schreibt Ihr \u00fcber eine Verrohung des Diskurses und beklagt eine Eskalationsschraube, an der ihr selbst kr\u00e4ftig dreht. <a rel=\"nofollow noopener\" target=\"_blank\" href=\"https:\/\/t.co\/PujMzKvSgy\">pic.twitter.com\/PujMzKvSgy<\/a><\/p>\n<p>\u2014 J\u00fcrgen Renner ???????????? (@Juergen_Renner) <a rel=\"nofollow noopener\" target=\"_blank\" href=\"https:\/\/twitter.com\/Juergen_Renner\/status\/1549453238436503554?ref_src=twsrc%5Etfw\">July 19, 2022<\/a><\/p><\/blockquote>\n<\/div>\n<\/div>\n<p>Andere Kommentatoren feierten dagegen den Vergleich des Magazins. Die vom Verfassungsschutz als rechtsextrem eingeordneten &#8220;Freien Sachsen&#8221; schrieben auf Telegram von einer &#8220;pl\u00f6tzlichen Sternstunde des Spiegels&#8221;: gelegentlich gebe es doch noch &#8220;Lichtblicke im medialen Einheitsblock&#8221;.<\/p>\n<p><em>Der Spiegel<\/em> reagierte und ruderte zumindest beim Teaser wieder zur\u00fcck. Auf Twitter schrieb das Nachrichtenmagazin:<\/p>\n<blockquote>\n<p><em>&#8220;Wir haben Zeile und Teaser des Textes auf spiegel.de angepasst, weil die dort verwendete Verk\u00fcrzung \u00fcberspitzt und missverst\u00e4ndlich war. Deshalb wir auch den urspr\u00fcnglichen Tweet zum Artikel gel\u00f6scht und teilen den Text an dieser Stelle noch einmal.&#8221;<\/em><\/p>\n<\/blockquote>\n<div class=\"EmbedBlock-root EmbedBlock-twitter\">\n<div class=\"TwitterEmbed\">\n<blockquote class=\"twitter-tweet lazyload\" data-twitter=\"twitter-tweet\">\n<p lang=\"de\" dir=\"ltr\">Wir haben Zeile und Teaser des Textes auf <a rel=\"nofollow noopener\" target=\"_blank\" href=\"https:\/\/t.co\/8vZVQXReF7\">https:\/\/t.co\/8vZVQXReF7<\/a> angepasst, weil die dort verwendete Verk\u00fcrzung \u00fcberspitzt und missverst\u00e4ndlich war. Deshalb wir auch den urspr\u00fcnglichen Tweet zum Artikel gel\u00f6scht und teilen den Text an dieser Stelle noch einmal. (ayy)<\/p>\n<p>\u2014 DER SPIEGEL (@derspiegel) <a rel=\"nofollow noopener\" target=\"_blank\" href=\"https:\/\/twitter.com\/derspiegel\/status\/1549487916094726144?ref_src=twsrc%5Etfw\">July 19, 2022<\/a><\/p><\/blockquote>\n<\/div>\n<\/div>\n<p>Allerdings findet sich der Vergleich mit Ceau\u0219escu nach wie vor weiter unten im Text des Artikels.<\/p>\n<p><strong>Mehr zum Thema<\/strong> \u2013 <a rel=\"nofollow noopener\" target=\"_blank\" href=\"https:\/\/deutsch.rt.com\/inland\/143899-noch-mehr-steuern-habeck-will\/\">H\u00f6here Steuern? Habeck will &#8220;Klimaabgabe&#8221; f\u00fcr neue Autos mit Verbrennungsmotor<\/a><\/p>\n<\/div>\n<p><script async src=\"https:\/\/platform.twitter.com\/widgets.js\" charset=\"utf-8\"><\/script><br \/>\n<br \/><br \/>\n<br \/><a href=\"https:\/\/de.rt.com\/inland\/143950-spiegel-vergleicht-habeck-mit-ceausescu\/\">Source link <\/a><\/p>\n","protected":false},"excerpt":{"rendered":"<p>Rum\u00e4niens &#8220;F\u00fchrer&#8221; Nicolae Ceau\u0219escu war in den 80er Jahren in Osteuropa der Diktator schlechthin. Hart griff er bis in die pers\u00f6nlichsten Verh\u00e4ltnisse der B\u00fcrger ein. Wirtschaftsminister Robert Habeck k\u00fcndigte bei Gasknappheit gesetzliche Sparma\u00dfnahmen f\u00fcr private Haushalte an. Das Magazin &#8220;Der Spiegel&#8221; verglich ihn mit Ceau\u0219escu. Rum\u00e4niens einstiger &#8220;F\u00fchrer&#8221; Nicolae Ceau\u0219escu stand in den 80er Jahren [&hellip;]<\/p>\n","protected":false},"author":3,"featured_media":14417,"comment_status":"open","ping_status":"open","sticky":false,"template":"","format":"standard","meta":{"wp_automatic_camp":["217"],"251e4bcf68eb936371318df4e9eea191":["Kalte Wohnungen, rationierter Strom \u2013 Spiegel vergleicht Habeck mit Ceau\u0219escu"],"original_link":["https:\/\/de.rt.com\/inland\/143950-spiegel-vergleicht-habeck-mit-ceausescu\/"],"_thumbnail_id":["14417"],"_wptg_p2tg_sent2tg":["2022-07-20 11:08:17"],"jnews_social_counter_last_update":["1777484164"]},"categories":[19,23],"tags":[28602,911,27739,419,28601,13131,20298,6796,10624],"yoast_head":"<!-- This site is optimized with the Yoast SEO Premium plugin v22.7 (Yoast SEO v22.7) - https:\/\/yoast.com\/wordpress\/plugins\/seo\/ -->\n<title>Kalte Wohnungen, rationierter Strom \u2013 Spiegel vergleicht Habeck mit Ceau\u0219escu - just-now.NEWS Deutschland<\/title>\n<meta name=\"robots\" content=\"index, follow, max-snippet:-1, max-image-preview:large, max-video-preview:-1\" \/>\n<link rel=\"canonical\" href=\"https:\/\/now-news.de\/de\/deutschland\/kalte-wohnungen-rationierter-strom-spiegel-vergleicht-habeck-mit-ceausescu\/\" \/>\n<meta property=\"og:locale\" content=\"de_DE\" \/>\n<meta property=\"og:type\" content=\"article\" \/>\n<meta property=\"og:title\" content=\"Kalte Wohnungen, rationierter Strom \u2013 Spiegel vergleicht Habeck mit Ceau\u0219escu\" \/>\n<meta property=\"og:description\" content=\"Rum\u00e4niens &#8220;F\u00fchrer&#8221; Nicolae Ceau\u0219escu war in den 80er Jahren in Osteuropa der Diktator schlechthin. Hart griff er bis in die pers\u00f6nlichsten Verh\u00e4ltnisse der B\u00fcrger ein. Wirtschaftsminister Robert Habeck k\u00fcndigte bei Gasknappheit gesetzliche Sparma\u00dfnahmen f\u00fcr private Haushalte an. Das Magazin &#8220;Der Spiegel&#8221; verglich ihn mit Ceau\u0219escu. Rum\u00e4niens einstiger &#8220;F\u00fchrer&#8221; Nicolae Ceau\u0219escu stand in den 80er Jahren [&hellip;]\" \/>\n<meta property=\"og:url\" content=\"https:\/\/now-news.de\/de\/deutschland\/kalte-wohnungen-rationierter-strom-spiegel-vergleicht-habeck-mit-ceausescu\/\" \/>\n<meta property=\"og:site_name\" content=\"just-now.NEWS Deutschland\" \/>\n<meta property=\"article:publisher\" content=\"https:\/\/www.facebook.com\/wirmachenauf\" \/>\n<meta property=\"article:published_time\" content=\"2022-07-20T08:59:33+00:00\" \/>\n<meta property=\"og:image\" content=\"https:\/\/now-news.de\/de\/wp-content\/uploads\/sites\/3\/2022\/07\/Kalte-Wohnungen-rationierter-Strom-\u2013-Spiegel-vergleicht-Habeck-mit-Ceausescu.jpg\" \/>\n\t<meta property=\"og:image:width\" content=\"460\" \/>\n\t<meta property=\"og:image:height\" content=\"259\" \/>\n\t<meta property=\"og:image:type\" content=\"image\/jpeg\" \/>\n<meta name=\"author\" content=\"rtnews\" \/>\n<meta name=\"twitter:card\" content=\"summary_large_image\" \/>\n<meta name=\"twitter:creator\" content=\"@WirMachenAuf_de\" \/>\n<meta name=\"twitter:site\" content=\"@WirMachenAuf_de\" \/>\n<meta name=\"twitter:label1\" content=\"Verfasst von\" \/>\n\t<meta name=\"twitter:data1\" content=\"rtnews\" \/>\n\t<meta name=\"twitter:label2\" content=\"Gesch\u00e4tzte Lesezeit\" \/>\n\t<meta name=\"twitter:data2\" content=\"3\u00a0Minuten\" \/>\n<script type=\"application\/ld+json\" class=\"yoast-schema-graph\">{\"@context\":\"https:\/\/schema.org\",\"@graph\":[{\"@type\":\"Article\",\"@id\":\"https:\/\/now-news.de\/de\/deutschland\/kalte-wohnungen-rationierter-strom-spiegel-vergleicht-habeck-mit-ceausescu\/#article\",\"isPartOf\":{\"@id\":\"https:\/\/now-news.de\/de\/deutschland\/kalte-wohnungen-rationierter-strom-spiegel-vergleicht-habeck-mit-ceausescu\/\"},\"author\":{\"name\":\"rtnews\",\"@id\":\"https:\/\/now-news.de\/de\/#\/schema\/person\/fb534a4e865501d8b3285208df34a9b5\"},\"headline\":\"Kalte Wohnungen, rationierter Strom \u2013 Spiegel vergleicht Habeck mit Ceau\u0219escu\",\"datePublished\":\"2022-07-20T08:59:33+00:00\",\"dateModified\":\"2022-07-20T08:59:33+00:00\",\"mainEntityOfPage\":{\"@id\":\"https:\/\/now-news.de\/de\/deutschland\/kalte-wohnungen-rationierter-strom-spiegel-vergleicht-habeck-mit-ceausescu\/\"},\"wordCount\":690,\"commentCount\":0,\"publisher\":{\"@id\":\"https:\/\/now-news.de\/de\/#organization\"},\"image\":{\"@id\":\"https:\/\/now-news.de\/de\/deutschland\/kalte-wohnungen-rationierter-strom-spiegel-vergleicht-habeck-mit-ceausescu\/#primaryimage\"},\"thumbnailUrl\":\"https:\/\/now-news.de\/de\/wp-content\/uploads\/sites\/3\/2022\/07\/Kalte-Wohnungen-rationierter-Strom-\u2013-Spiegel-vergleicht-Habeck-mit-Ceausescu.jpg\",\"keywords\":[\"Ceau\u0219escu\",\"Habeck\",\"kalte\",\"mit\",\"rationierter\",\"spiegel\",\"Strom\",\"vergleicht\",\"Wohnungen\"],\"articleSection\":[\"Deutschland\",\"Russland\"],\"inLanguage\":\"de\",\"potentialAction\":[{\"@type\":\"CommentAction\",\"name\":\"Comment\",\"target\":[\"https:\/\/now-news.de\/de\/deutschland\/kalte-wohnungen-rationierter-strom-spiegel-vergleicht-habeck-mit-ceausescu\/#respond\"]}]},{\"@type\":\"WebPage\",\"@id\":\"https:\/\/now-news.de\/de\/deutschland\/kalte-wohnungen-rationierter-strom-spiegel-vergleicht-habeck-mit-ceausescu\/\",\"url\":\"https:\/\/now-news.de\/de\/deutschland\/kalte-wohnungen-rationierter-strom-spiegel-vergleicht-habeck-mit-ceausescu\/\",\"name\":\"Kalte Wohnungen, rationierter Strom \u2013 Spiegel vergleicht Habeck mit Ceau\u0219escu - just-now.NEWS Deutschland\",\"isPartOf\":{\"@id\":\"https:\/\/now-news.de\/de\/#website\"},\"primaryImageOfPage\":{\"@id\":\"https:\/\/now-news.de\/de\/deutschland\/kalte-wohnungen-rationierter-strom-spiegel-vergleicht-habeck-mit-ceausescu\/#primaryimage\"},\"image\":{\"@id\":\"https:\/\/now-news.de\/de\/deutschland\/kalte-wohnungen-rationierter-strom-spiegel-vergleicht-habeck-mit-ceausescu\/#primaryimage\"},\"thumbnailUrl\":\"https:\/\/now-news.de\/de\/wp-content\/uploads\/sites\/3\/2022\/07\/Kalte-Wohnungen-rationierter-Strom-\u2013-Spiegel-vergleicht-Habeck-mit-Ceausescu.jpg\",\"datePublished\":\"2022-07-20T08:59:33+00:00\",\"dateModified\":\"2022-07-20T08:59:33+00:00\",\"breadcrumb\":{\"@id\":\"https:\/\/now-news.de\/de\/deutschland\/kalte-wohnungen-rationierter-strom-spiegel-vergleicht-habeck-mit-ceausescu\/#breadcrumb\"},\"inLanguage\":\"de\",\"potentialAction\":[{\"@type\":\"ReadAction\",\"target\":[\"https:\/\/now-news.de\/de\/deutschland\/kalte-wohnungen-rationierter-strom-spiegel-vergleicht-habeck-mit-ceausescu\/\"]}]},{\"@type\":\"ImageObject\",\"inLanguage\":\"de\",\"@id\":\"https:\/\/now-news.de\/de\/deutschland\/kalte-wohnungen-rationierter-strom-spiegel-vergleicht-habeck-mit-ceausescu\/#primaryimage\",\"url\":\"https:\/\/now-news.de\/de\/wp-content\/uploads\/sites\/3\/2022\/07\/Kalte-Wohnungen-rationierter-Strom-\u2013-Spiegel-vergleicht-Habeck-mit-Ceausescu.jpg\",\"contentUrl\":\"https:\/\/now-news.de\/de\/wp-content\/uploads\/sites\/3\/2022\/07\/Kalte-Wohnungen-rationierter-Strom-\u2013-Spiegel-vergleicht-Habeck-mit-Ceausescu.jpg\",\"width\":460,\"height\":259,\"caption\":\"Kalte Wohnungen, rationierter Strom \u2013 Spiegel vergleicht Habeck mit Ceau\u0219escu\"},{\"@type\":\"BreadcrumbList\",\"@id\":\"https:\/\/now-news.de\/de\/deutschland\/kalte-wohnungen-rationierter-strom-spiegel-vergleicht-habeck-mit-ceausescu\/#breadcrumb\",\"itemListElement\":[{\"@type\":\"ListItem\",\"position\":1,\"name\":\"Home\",\"item\":\"https:\/\/now-news.de\/de\/\"},{\"@type\":\"ListItem\",\"position\":2,\"name\":\"Kalte Wohnungen, rationierter Strom \u2013 Spiegel vergleicht Habeck mit Ceau\u0219escu\"}]},{\"@type\":\"WebSite\",\"@id\":\"https:\/\/now-news.de\/de\/#website\",\"url\":\"https:\/\/now-news.de\/de\/\",\"name\":\"just-now.NEWS Deutschland\",\"description\":\"Das Portal f\u00fcr unzensierte Nachrichten aus der Welt\",\"publisher\":{\"@id\":\"https:\/\/now-news.de\/de\/#organization\"},\"potentialAction\":[{\"@type\":\"SearchAction\",\"target\":{\"@type\":\"EntryPoint\",\"urlTemplate\":\"https:\/\/now-news.de\/de\/?s={search_term_string}\"},\"query-input\":\"required name=search_term_string\"}],\"inLanguage\":\"de\"},{\"@type\":\"Organization\",\"@id\":\"https:\/\/now-news.de\/de\/#organization\",\"name\":\"Just Now News\",\"url\":\"https:\/\/now-news.de\/de\/\",\"logo\":{\"@type\":\"ImageObject\",\"inLanguage\":\"de\",\"@id\":\"https:\/\/now-news.de\/de\/#\/schema\/logo\/image\/\",\"url\":\"http:\/\/just-now.news\/de\/wp-content\/uploads\/sites\/3\/2022\/04\/logo500x500.jpg\",\"contentUrl\":\"http:\/\/just-now.news\/de\/wp-content\/uploads\/sites\/3\/2022\/04\/logo500x500.jpg\",\"width\":500,\"height\":500,\"caption\":\"Just Now News\"},\"image\":{\"@id\":\"https:\/\/now-news.de\/de\/#\/schema\/logo\/image\/\"},\"sameAs\":[\"https:\/\/www.facebook.com\/wirmachenauf\",\"https:\/\/x.com\/WirMachenAuf_de\"]},{\"@type\":\"Person\",\"@id\":\"https:\/\/now-news.de\/de\/#\/schema\/person\/fb534a4e865501d8b3285208df34a9b5\",\"name\":\"rtnews\",\"image\":{\"@type\":\"ImageObject\",\"inLanguage\":\"de\",\"@id\":\"https:\/\/now-news.de\/de\/#\/schema\/person\/image\/\",\"url\":\"https:\/\/secure.gravatar.com\/avatar\/82aafea7d8127119dd649515f56e2117?s=96&d=mm&r=g\",\"contentUrl\":\"https:\/\/secure.gravatar.com\/avatar\/82aafea7d8127119dd649515f56e2117?s=96&d=mm&r=g\",\"caption\":\"rtnews\"},\"url\":\"https:\/\/now-news.de\/de\/author\/rnews\/\"}]}<\/script>\n<!-- \/ Yoast SEO Premium plugin. -->","yoast_head_json":{"title":"Kalte Wohnungen, rationierter Strom \u2013 Spiegel vergleicht Habeck mit Ceau\u0219escu - just-now.NEWS Deutschland","robots":{"index":"index","follow":"follow","max-snippet":"max-snippet:-1","max-image-preview":"max-image-preview:large","max-video-preview":"max-video-preview:-1"},"canonical":"https:\/\/now-news.de\/de\/deutschland\/kalte-wohnungen-rationierter-strom-spiegel-vergleicht-habeck-mit-ceausescu\/","og_locale":"de_DE","og_type":"article","og_title":"Kalte Wohnungen, rationierter Strom \u2013 Spiegel vergleicht Habeck mit Ceau\u0219escu","og_description":"Rum\u00e4niens &#8220;F\u00fchrer&#8221; Nicolae Ceau\u0219escu war in den 80er Jahren in Osteuropa der Diktator schlechthin. Hart griff er bis in die pers\u00f6nlichsten Verh\u00e4ltnisse der B\u00fcrger ein. Wirtschaftsminister Robert Habeck k\u00fcndigte bei Gasknappheit gesetzliche Sparma\u00dfnahmen f\u00fcr private Haushalte an. Das Magazin &#8220;Der Spiegel&#8221; verglich ihn mit Ceau\u0219escu. Rum\u00e4niens einstiger &#8220;F\u00fchrer&#8221; Nicolae Ceau\u0219escu stand in den 80er Jahren [&hellip;]","og_url":"https:\/\/now-news.de\/de\/deutschland\/kalte-wohnungen-rationierter-strom-spiegel-vergleicht-habeck-mit-ceausescu\/","og_site_name":"just-now.NEWS Deutschland","article_publisher":"https:\/\/www.facebook.com\/wirmachenauf","article_published_time":"2022-07-20T08:59:33+00:00","og_image":[{"width":460,"height":259,"url":"https:\/\/now-news.de\/de\/wp-content\/uploads\/sites\/3\/2022\/07\/Kalte-Wohnungen-rationierter-Strom-\u2013-Spiegel-vergleicht-Habeck-mit-Ceausescu.jpg","type":"image\/jpeg"}],"author":"rtnews","twitter_card":"summary_large_image","twitter_creator":"@WirMachenAuf_de","twitter_site":"@WirMachenAuf_de","twitter_misc":{"Verfasst von":"rtnews","Gesch\u00e4tzte Lesezeit":"3\u00a0Minuten"},"schema":{"@context":"https:\/\/schema.org","@graph":[{"@type":"Article","@id":"https:\/\/now-news.de\/de\/deutschland\/kalte-wohnungen-rationierter-strom-spiegel-vergleicht-habeck-mit-ceausescu\/#article","isPartOf":{"@id":"https:\/\/now-news.de\/de\/deutschland\/kalte-wohnungen-rationierter-strom-spiegel-vergleicht-habeck-mit-ceausescu\/"},"author":{"name":"rtnews","@id":"https:\/\/now-news.de\/de\/#\/schema\/person\/fb534a4e865501d8b3285208df34a9b5"},"headline":"Kalte Wohnungen, rationierter Strom \u2013 Spiegel vergleicht Habeck mit Ceau\u0219escu","datePublished":"2022-07-20T08:59:33+00:00","dateModified":"2022-07-20T08:59:33+00:00","mainEntityOfPage":{"@id":"https:\/\/now-news.de\/de\/deutschland\/kalte-wohnungen-rationierter-strom-spiegel-vergleicht-habeck-mit-ceausescu\/"},"wordCount":690,"commentCount":0,"publisher":{"@id":"https:\/\/now-news.de\/de\/#organization"},"image":{"@id":"https:\/\/now-news.de\/de\/deutschland\/kalte-wohnungen-rationierter-strom-spiegel-vergleicht-habeck-mit-ceausescu\/#primaryimage"},"thumbnailUrl":"https:\/\/now-news.de\/de\/wp-content\/uploads\/sites\/3\/2022\/07\/Kalte-Wohnungen-rationierter-Strom-\u2013-Spiegel-vergleicht-Habeck-mit-Ceausescu.jpg","keywords":["Ceau\u0219escu","Habeck","kalte","mit","rationierter","spiegel","Strom","vergleicht","Wohnungen"],"articleSection":["Deutschland","Russland"],"inLanguage":"de","potentialAction":[{"@type":"CommentAction","name":"Comment","target":["https:\/\/now-news.de\/de\/deutschland\/kalte-wohnungen-rationierter-strom-spiegel-vergleicht-habeck-mit-ceausescu\/#respond"]}]},{"@type":"WebPage","@id":"https:\/\/now-news.de\/de\/deutschland\/kalte-wohnungen-rationierter-strom-spiegel-vergleicht-habeck-mit-ceausescu\/","url":"https:\/\/now-news.de\/de\/deutschland\/kalte-wohnungen-rationierter-strom-spiegel-vergleicht-habeck-mit-ceausescu\/","name":"Kalte Wohnungen, rationierter Strom \u2013 Spiegel vergleicht Habeck mit Ceau\u0219escu - just-now.NEWS Deutschland","isPartOf":{"@id":"https:\/\/now-news.de\/de\/#website"},"primaryImageOfPage":{"@id":"https:\/\/now-news.de\/de\/deutschland\/kalte-wohnungen-rationierter-strom-spiegel-vergleicht-habeck-mit-ceausescu\/#primaryimage"},"image":{"@id":"https:\/\/now-news.de\/de\/deutschland\/kalte-wohnungen-rationierter-strom-spiegel-vergleicht-habeck-mit-ceausescu\/#primaryimage"},"thumbnailUrl":"https:\/\/now-news.de\/de\/wp-content\/uploads\/sites\/3\/2022\/07\/Kalte-Wohnungen-rationierter-Strom-\u2013-Spiegel-vergleicht-Habeck-mit-Ceausescu.jpg","datePublished":"2022-07-20T08:59:33+00:00","dateModified":"2022-07-20T08:59:33+00:00","breadcrumb":{"@id":"https:\/\/now-news.de\/de\/deutschland\/kalte-wohnungen-rationierter-strom-spiegel-vergleicht-habeck-mit-ceausescu\/#breadcrumb"},"inLanguage":"de","potentialAction":[{"@type":"ReadAction","target":["https:\/\/now-news.de\/de\/deutschland\/kalte-wohnungen-rationierter-strom-spiegel-vergleicht-habeck-mit-ceausescu\/"]}]},{"@type":"ImageObject","inLanguage":"de","@id":"https:\/\/now-news.de\/de\/deutschland\/kalte-wohnungen-rationierter-strom-spiegel-vergleicht-habeck-mit-ceausescu\/#primaryimage","url":"https:\/\/now-news.de\/de\/wp-content\/uploads\/sites\/3\/2022\/07\/Kalte-Wohnungen-rationierter-Strom-\u2013-Spiegel-vergleicht-Habeck-mit-Ceausescu.jpg","contentUrl":"https:\/\/now-news.de\/de\/wp-content\/uploads\/sites\/3\/2022\/07\/Kalte-Wohnungen-rationierter-Strom-\u2013-Spiegel-vergleicht-Habeck-mit-Ceausescu.jpg","width":460,"height":259,"caption":"Kalte Wohnungen, rationierter Strom \u2013 Spiegel vergleicht Habeck mit Ceau\u0219escu"},{"@type":"BreadcrumbList","@id":"https:\/\/now-news.de\/de\/deutschland\/kalte-wohnungen-rationierter-strom-spiegel-vergleicht-habeck-mit-ceausescu\/#breadcrumb","itemListElement":[{"@type":"ListItem","position":1,"name":"Home","item":"https:\/\/now-news.de\/de\/"},{"@type":"ListItem","position":2,"name":"Kalte Wohnungen, rationierter Strom \u2013 Spiegel vergleicht Habeck mit Ceau\u0219escu"}]},{"@type":"WebSite","@id":"https:\/\/now-news.de\/de\/#website","url":"https:\/\/now-news.de\/de\/","name":"just-now.NEWS Deutschland","description":"Das Portal f\u00fcr unzensierte Nachrichten aus der Welt","publisher":{"@id":"https:\/\/now-news.de\/de\/#organization"},"potentialAction":[{"@type":"SearchAction","target":{"@type":"EntryPoint","urlTemplate":"https:\/\/now-news.de\/de\/?s={search_term_string}"},"query-input":"required name=search_term_string"}],"inLanguage":"de"},{"@type":"Organization","@id":"https:\/\/now-news.de\/de\/#organization","name":"Just Now News","url":"https:\/\/now-news.de\/de\/","logo":{"@type":"ImageObject","inLanguage":"de","@id":"https:\/\/now-news.de\/de\/#\/schema\/logo\/image\/","url":"http:\/\/just-now.news\/de\/wp-content\/uploads\/sites\/3\/2022\/04\/logo500x500.jpg","contentUrl":"http:\/\/just-now.news\/de\/wp-content\/uploads\/sites\/3\/2022\/04\/logo500x500.jpg","width":500,"height":500,"caption":"Just Now News"},"image":{"@id":"https:\/\/now-news.de\/de\/#\/schema\/logo\/image\/"},"sameAs":["https:\/\/www.facebook.com\/wirmachenauf","https:\/\/x.com\/WirMachenAuf_de"]},{"@type":"Person","@id":"https:\/\/now-news.de\/de\/#\/schema\/person\/fb534a4e865501d8b3285208df34a9b5","name":"rtnews","image":{"@type":"ImageObject","inLanguage":"de","@id":"https:\/\/now-news.de\/de\/#\/schema\/person\/image\/","url":"https:\/\/secure.gravatar.com\/avatar\/82aafea7d8127119dd649515f56e2117?s=96&d=mm&r=g","contentUrl":"https:\/\/secure.gravatar.com\/avatar\/82aafea7d8127119dd649515f56e2117?s=96&d=mm&r=g","caption":"rtnews"},"url":"https:\/\/now-news.de\/de\/author\/rnews\/"}]}},"_links":{"self":[{"href":"https:\/\/now-news.de\/de\/wp-json\/wp\/v2\/posts\/14416"}],"collection":[{"href":"https:\/\/now-news.de\/de\/wp-json\/wp\/v2\/posts"}],"about":[{"href":"https:\/\/now-news.de\/de\/wp-json\/wp\/v2\/types\/post"}],"author":[{"embeddable":true,"href":"https:\/\/now-news.de\/de\/wp-json\/wp\/v2\/users\/3"}],"replies":[{"embeddable":true,"href":"https:\/\/now-news.de\/de\/wp-json\/wp\/v2\/comments?post=14416"}],"version-history":[{"count":0,"href":"https:\/\/now-news.de\/de\/wp-json\/wp\/v2\/posts\/14416\/revisions"}],"wp:featuredmedia":[{"embeddable":true,"href":"https:\/\/now-news.de\/de\/wp-json\/wp\/v2\/media\/14417"}],"wp:attachment":[{"href":"https:\/\/now-news.de\/de\/wp-json\/wp\/v2\/media?parent=14416"}],"wp:term":[{"taxonomy":"category","embeddable":true,"href":"https:\/\/now-news.de\/de\/wp-json\/wp\/v2\/categories?post=14416"},{"taxonomy":"post_tag","embeddable":true,"href":"https:\/\/now-news.de\/de\/wp-json\/wp\/v2\/tags?post=14416"}],"curies":[{"name":"wp","href":"https:\/\/api.w.org\/{rel}","templated":true}]}}