{"id":14289,"date":"2022-07-19T10:15:05","date_gmt":"2022-07-19T08:15:05","guid":{"rendered":"http:\/\/just-now.news\/de\/deutschland\/mindestens-13-tote-und-zwei-verletzte-bei-gefaengnisstreit-in-ecuador\/"},"modified":"2022-07-19T10:15:05","modified_gmt":"2022-07-19T08:15:05","slug":"mindestens-13-tote-und-zwei-verletzte-bei-gefaengnisstreit-in-ecuador","status":"publish","type":"post","link":"https:\/\/now-news.de\/de\/deutschland\/mindestens-13-tote-und-zwei-verletzte-bei-gefaengnisstreit-in-ecuador\/","title":{"rendered":"Mindestens 13 Tote und zwei Verletzte bei Gef\u00e4ngnisstreit in Ecuador"},"content":{"rendered":"<p><img decoding=\"async\" src=\"http:\/\/just-now.news\/de\/wp-content\/uploads\/sites\/3\/2022\/07\/62d660d4b480cc765f5cd0b0.jpg\" \/><\/p>\n<div class=\"Text-root Text-type_1 \">\n                In Ecuador ist es erneut zu einem t\u00f6dlichen Streit zwischen Insassen eines Gef\u00e4ngnisses gekommen. Die Strafvollzugsbeh\u00f6rde meldete mindestens 13 Tote. Erst nach dem Eingreifen von Polizei- und Armeekr\u00e4ften konnte die Ordnung in der Haftanstalt wiederhergestellt werden.\n            <\/div>\n<p><\/p>\n<div class=\"Text-root Text-type_5 ArticleView-text ViewText-root \">\n<p>Bei einem Streit zwischen Gef\u00e4ngnisinsassen in Ecuador hat es erneut Tote und Verletzte gegeben. Der Zwischenfall ereignete sich in der Haftanstalt von Santo Domingo im Norden des Andenlandes. Die Gef\u00e4ngnisbeh\u00f6rde SNAI berichtete auf Twitter zun\u00e4chst von 13 Toten und zwei Verletzten.<\/p>\n<div class=\"EmbedBlock-root EmbedBlock-twitter\">\n<div class=\"TwitterEmbed\">\n<blockquote class=\"twitter-tweet lazyload\" data-twitter=\"twitter-tweet\">\n<p lang=\"es\" dir=\"ltr\">Con el apoyo de <a rel=\"nofollow noopener\" target=\"_blank\" href=\"https:\/\/twitter.com\/PoliciaEcuador?ref_src=twsrc%5Etfw\">@PoliciaEcuador<\/a><a rel=\"nofollow noopener\" target=\"_blank\" href=\"https:\/\/twitter.com\/FFAAECUADOR?ref_src=twsrc%5Etfw\">@FFAAECUADOR<\/a> se retoma el control del <a rel=\"nofollow noopener\" target=\"_blank\" href=\"https:\/\/twitter.com\/hashtag\/CPLSantoDomingo?src=hash&amp;ref_src=twsrc%5Etfw\">#CPLSantoDomingo<\/a> N\u00ba 1. Lamentablemente, personal del Centro reporta al momento 13 PPL fallecidos y 2 heridos. ???? <a rel=\"nofollow noopener\" target=\"_blank\" href=\"https:\/\/t.co\/n9TuQISEDg\">https:\/\/t.co\/n9TuQISEDg<\/a><\/p>\n<p>\u2014 SNAI Ecuador (@SNAI_Ec) <a rel=\"nofollow noopener\" target=\"_blank\" href=\"https:\/\/twitter.com\/SNAI_Ec\/status\/1549165792440340486?ref_src=twsrc%5Etfw\">July 18, 2022<\/a><\/p><\/blockquote>\n<\/div>\n<\/div>\n<p>Demnach konnte die Ordnung im Gef\u00e4ngnis ernst nach einem Einsatz von Polizei- und Armeekr\u00e4ften wiederhergestellt werden. \u00d6rtliche Medien <a rel=\"nofollow noopener\" target=\"_blank\" href=\"https:\/\/www.elcomercio.com\/actualidad\/seguridad\/familiares-informes-oficiales-carcel-santo-domingo.html\">berichteten<\/a> unter Berufung auf Familienangeh\u00f6rige von H\u00e4ftlingen, dass es in der Haftanstalt Sch\u00fcsse und Explosionen gegeben habe. Inzwischen tauchten in den sozialen Netzwerken Fotos auf, die enthauptete und verst\u00fcmmelte Gef\u00e4ngnisinsassen zeigen sollen. Die Echtheit der Aufnahmen wurde von den Beh\u00f6rden jedoch nicht best\u00e4tigt.\u00a0<\/p>\n<p>Zun\u00e4chst blieben die Ursachen des t\u00f6dlichen Streites ungewiss. Die ecuadorianische Staatsanwaltschaft leitete eine Untersuchung ein. Im selben Gef\u00e4ngnis waren im Mai bei blutigen K\u00e4mpfen zwischen verfeindeten Banden mindestens 44 Insassen get\u00f6tet worden.<\/p>\n<p>In Ecuador kommt es wiederholt zu Gef\u00e4ngnismeutereien und K\u00e4mpfen zwischen rivalisierenden Banden. Im vergangenen Jahr sind dabei mehr als 200 Menschen ums Leben gekommen. Die Gef\u00e4ngnisse im Andenland sind wie auch andernorts in Lateinamerika \u00fcberf\u00fcllt. Viele Strafanstalten werden von Gangs kontrolliert. Inhaftierte Bosse steuern ihre kriminellen Gesch\u00e4fte aus dem Gef\u00e4ngnis heraus.<\/p>\n<p><strong>Mehr zum Thema<\/strong> &#8211;\u00a0<a rel=\"nofollow noopener\" target=\"_blank\" href=\"https:\/\/de.rt.com\/amerika\/143449-warum-kam-es-in-ecuador-zu-aufstand\/\">Warum kam es in Ecuador zu einem Aufstand der Indigenen? \u2013 Eine Analyse<\/a><\/p>\n<\/div>\n<p><script async src=\"https:\/\/platform.twitter.com\/widgets.js\" charset=\"utf-8\"><\/script><br \/>\n<br \/><br \/>\n<br \/><a href=\"https:\/\/de.rt.com\/amerika\/143845-mindestens-13-tote-und-zwei-verletzte-bei-gefaengnisstreit-in-ecuador\/\">Source link <\/a><\/p>\n","protected":false},"excerpt":{"rendered":"<p>In Ecuador ist es erneut zu einem t\u00f6dlichen Streit zwischen Insassen eines Gef\u00e4ngnisses gekommen. Die Strafvollzugsbeh\u00f6rde meldete mindestens 13 Tote. Erst nach dem Eingreifen von Polizei- und Armeekr\u00e4ften konnte die Ordnung in der Haftanstalt wiederhergestellt werden. Bei einem Streit zwischen Gef\u00e4ngnisinsassen in Ecuador hat es erneut Tote und Verletzte gegeben. Der Zwischenfall ereignete sich in [&hellip;]<\/p>\n","protected":false},"author":3,"featured_media":14290,"comment_status":"open","ping_status":"open","sticky":false,"template":"","format":"standard","meta":{"wp_automatic_camp":["217"],"62ccb3bb04b3f0bac528215bb4901963":["Mindestens 13 Tote und zwei Verletzte bei Gef\u00e4ngnisstreit in Ecuador"],"original_link":["https:\/\/de.rt.com\/amerika\/143845-mindestens-13-tote-und-zwei-verletzte-bei-gefaengnisstreit-in-ecuador\/"],"_thumbnail_id":["14290"],"_wptg_p2tg_sent2tg":["2022-07-19 10:28:32"],"jnews_social_counter_last_update":["1777180583"]},"categories":[19,23],"tags":[363,24476,28469,3231,3233,140,1813,1003],"yoast_head":"<!-- This site is optimized with the Yoast SEO Premium plugin v22.7 (Yoast SEO v22.7) - https:\/\/yoast.com\/wordpress\/plugins\/seo\/ -->\n<title>Mindestens 13 Tote und zwei Verletzte bei Gef\u00e4ngnisstreit in Ecuador - just-now.NEWS Deutschland<\/title>\n<meta name=\"robots\" content=\"index, follow, max-snippet:-1, max-image-preview:large, max-video-preview:-1\" \/>\n<link rel=\"canonical\" href=\"https:\/\/now-news.de\/de\/deutschland\/mindestens-13-tote-und-zwei-verletzte-bei-gefaengnisstreit-in-ecuador\/\" \/>\n<meta property=\"og:locale\" content=\"de_DE\" \/>\n<meta property=\"og:type\" content=\"article\" \/>\n<meta property=\"og:title\" content=\"Mindestens 13 Tote und zwei Verletzte bei Gef\u00e4ngnisstreit in Ecuador\" \/>\n<meta property=\"og:description\" content=\"In Ecuador ist es erneut zu einem t\u00f6dlichen Streit zwischen Insassen eines Gef\u00e4ngnisses gekommen. Die Strafvollzugsbeh\u00f6rde meldete mindestens 13 Tote. Erst nach dem Eingreifen von Polizei- und Armeekr\u00e4ften konnte die Ordnung in der Haftanstalt wiederhergestellt werden. Bei einem Streit zwischen Gef\u00e4ngnisinsassen in Ecuador hat es erneut Tote und Verletzte gegeben. Der Zwischenfall ereignete sich in [&hellip;]\" \/>\n<meta property=\"og:url\" content=\"https:\/\/now-news.de\/de\/deutschland\/mindestens-13-tote-und-zwei-verletzte-bei-gefaengnisstreit-in-ecuador\/\" \/>\n<meta property=\"og:site_name\" content=\"just-now.NEWS Deutschland\" \/>\n<meta property=\"article:publisher\" content=\"https:\/\/www.facebook.com\/wirmachenauf\" \/>\n<meta property=\"article:published_time\" content=\"2022-07-19T08:15:05+00:00\" \/>\n<meta property=\"og:image\" content=\"https:\/\/now-news.de\/de\/wp-content\/uploads\/sites\/3\/2022\/07\/Mindestens-13-Tote-und-zwei-Verletzte-bei-Gefaengnisstreit-in-Ecuador.jpg\" \/>\n\t<meta property=\"og:image:width\" content=\"460\" \/>\n\t<meta property=\"og:image:height\" content=\"259\" \/>\n\t<meta property=\"og:image:type\" content=\"image\/jpeg\" \/>\n<meta name=\"author\" content=\"rtnews\" \/>\n<meta name=\"twitter:card\" content=\"summary_large_image\" \/>\n<meta name=\"twitter:creator\" content=\"@WirMachenAuf_de\" \/>\n<meta name=\"twitter:site\" content=\"@WirMachenAuf_de\" \/>\n<meta name=\"twitter:label1\" content=\"Verfasst von\" \/>\n\t<meta name=\"twitter:data1\" content=\"rtnews\" \/>\n\t<meta name=\"twitter:label2\" content=\"Gesch\u00e4tzte Lesezeit\" \/>\n\t<meta name=\"twitter:data2\" content=\"1\u00a0Minute\" \/>\n<script type=\"application\/ld+json\" class=\"yoast-schema-graph\">{\"@context\":\"https:\/\/schema.org\",\"@graph\":[{\"@type\":\"Article\",\"@id\":\"https:\/\/now-news.de\/de\/deutschland\/mindestens-13-tote-und-zwei-verletzte-bei-gefaengnisstreit-in-ecuador\/#article\",\"isPartOf\":{\"@id\":\"https:\/\/now-news.de\/de\/deutschland\/mindestens-13-tote-und-zwei-verletzte-bei-gefaengnisstreit-in-ecuador\/\"},\"author\":{\"name\":\"rtnews\",\"@id\":\"https:\/\/now-news.de\/de\/#\/schema\/person\/fb534a4e865501d8b3285208df34a9b5\"},\"headline\":\"Mindestens 13 Tote und zwei Verletzte bei Gef\u00e4ngnisstreit in Ecuador\",\"datePublished\":\"2022-07-19T08:15:05+00:00\",\"dateModified\":\"2022-07-19T08:15:05+00:00\",\"mainEntityOfPage\":{\"@id\":\"https:\/\/now-news.de\/de\/deutschland\/mindestens-13-tote-und-zwei-verletzte-bei-gefaengnisstreit-in-ecuador\/\"},\"wordCount\":308,\"commentCount\":0,\"publisher\":{\"@id\":\"https:\/\/now-news.de\/de\/#organization\"},\"image\":{\"@id\":\"https:\/\/now-news.de\/de\/deutschland\/mindestens-13-tote-und-zwei-verletzte-bei-gefaengnisstreit-in-ecuador\/#primaryimage\"},\"thumbnailUrl\":\"https:\/\/now-news.de\/de\/wp-content\/uploads\/sites\/3\/2022\/07\/Mindestens-13-Tote-und-zwei-Verletzte-bei-Gefaengnisstreit-in-Ecuador.jpg\",\"keywords\":[\"bei\",\"Ecuador\",\"Gef\u00e4ngnisstreit\",\"Mindestens\",\"Tote\",\"und\",\"Verletzte\",\"zwei\"],\"articleSection\":[\"Deutschland\",\"Russland\"],\"inLanguage\":\"de\",\"potentialAction\":[{\"@type\":\"CommentAction\",\"name\":\"Comment\",\"target\":[\"https:\/\/now-news.de\/de\/deutschland\/mindestens-13-tote-und-zwei-verletzte-bei-gefaengnisstreit-in-ecuador\/#respond\"]}]},{\"@type\":\"WebPage\",\"@id\":\"https:\/\/now-news.de\/de\/deutschland\/mindestens-13-tote-und-zwei-verletzte-bei-gefaengnisstreit-in-ecuador\/\",\"url\":\"https:\/\/now-news.de\/de\/deutschland\/mindestens-13-tote-und-zwei-verletzte-bei-gefaengnisstreit-in-ecuador\/\",\"name\":\"Mindestens 13 Tote und zwei Verletzte bei Gef\u00e4ngnisstreit in Ecuador - just-now.NEWS Deutschland\",\"isPartOf\":{\"@id\":\"https:\/\/now-news.de\/de\/#website\"},\"primaryImageOfPage\":{\"@id\":\"https:\/\/now-news.de\/de\/deutschland\/mindestens-13-tote-und-zwei-verletzte-bei-gefaengnisstreit-in-ecuador\/#primaryimage\"},\"image\":{\"@id\":\"https:\/\/now-news.de\/de\/deutschland\/mindestens-13-tote-und-zwei-verletzte-bei-gefaengnisstreit-in-ecuador\/#primaryimage\"},\"thumbnailUrl\":\"https:\/\/now-news.de\/de\/wp-content\/uploads\/sites\/3\/2022\/07\/Mindestens-13-Tote-und-zwei-Verletzte-bei-Gefaengnisstreit-in-Ecuador.jpg\",\"datePublished\":\"2022-07-19T08:15:05+00:00\",\"dateModified\":\"2022-07-19T08:15:05+00:00\",\"breadcrumb\":{\"@id\":\"https:\/\/now-news.de\/de\/deutschland\/mindestens-13-tote-und-zwei-verletzte-bei-gefaengnisstreit-in-ecuador\/#breadcrumb\"},\"inLanguage\":\"de\",\"potentialAction\":[{\"@type\":\"ReadAction\",\"target\":[\"https:\/\/now-news.de\/de\/deutschland\/mindestens-13-tote-und-zwei-verletzte-bei-gefaengnisstreit-in-ecuador\/\"]}]},{\"@type\":\"ImageObject\",\"inLanguage\":\"de\",\"@id\":\"https:\/\/now-news.de\/de\/deutschland\/mindestens-13-tote-und-zwei-verletzte-bei-gefaengnisstreit-in-ecuador\/#primaryimage\",\"url\":\"https:\/\/now-news.de\/de\/wp-content\/uploads\/sites\/3\/2022\/07\/Mindestens-13-Tote-und-zwei-Verletzte-bei-Gefaengnisstreit-in-Ecuador.jpg\",\"contentUrl\":\"https:\/\/now-news.de\/de\/wp-content\/uploads\/sites\/3\/2022\/07\/Mindestens-13-Tote-und-zwei-Verletzte-bei-Gefaengnisstreit-in-Ecuador.jpg\",\"width\":460,\"height\":259,\"caption\":\"Mindestens 13 Tote und zwei Verletzte bei Gef\u00e4ngnisstreit in Ecuador\"},{\"@type\":\"BreadcrumbList\",\"@id\":\"https:\/\/now-news.de\/de\/deutschland\/mindestens-13-tote-und-zwei-verletzte-bei-gefaengnisstreit-in-ecuador\/#breadcrumb\",\"itemListElement\":[{\"@type\":\"ListItem\",\"position\":1,\"name\":\"Home\",\"item\":\"https:\/\/now-news.de\/de\/\"},{\"@type\":\"ListItem\",\"position\":2,\"name\":\"Mindestens 13 Tote und zwei Verletzte bei Gef\u00e4ngnisstreit in Ecuador\"}]},{\"@type\":\"WebSite\",\"@id\":\"https:\/\/now-news.de\/de\/#website\",\"url\":\"https:\/\/now-news.de\/de\/\",\"name\":\"just-now.NEWS Deutschland\",\"description\":\"Das Portal f\u00fcr unzensierte Nachrichten aus der Welt\",\"publisher\":{\"@id\":\"https:\/\/now-news.de\/de\/#organization\"},\"potentialAction\":[{\"@type\":\"SearchAction\",\"target\":{\"@type\":\"EntryPoint\",\"urlTemplate\":\"https:\/\/now-news.de\/de\/?s={search_term_string}\"},\"query-input\":\"required name=search_term_string\"}],\"inLanguage\":\"de\"},{\"@type\":\"Organization\",\"@id\":\"https:\/\/now-news.de\/de\/#organization\",\"name\":\"Just Now News\",\"url\":\"https:\/\/now-news.de\/de\/\",\"logo\":{\"@type\":\"ImageObject\",\"inLanguage\":\"de\",\"@id\":\"https:\/\/now-news.de\/de\/#\/schema\/logo\/image\/\",\"url\":\"http:\/\/just-now.news\/de\/wp-content\/uploads\/sites\/3\/2022\/04\/logo500x500.jpg\",\"contentUrl\":\"http:\/\/just-now.news\/de\/wp-content\/uploads\/sites\/3\/2022\/04\/logo500x500.jpg\",\"width\":500,\"height\":500,\"caption\":\"Just Now News\"},\"image\":{\"@id\":\"https:\/\/now-news.de\/de\/#\/schema\/logo\/image\/\"},\"sameAs\":[\"https:\/\/www.facebook.com\/wirmachenauf\",\"https:\/\/x.com\/WirMachenAuf_de\"]},{\"@type\":\"Person\",\"@id\":\"https:\/\/now-news.de\/de\/#\/schema\/person\/fb534a4e865501d8b3285208df34a9b5\",\"name\":\"rtnews\",\"image\":{\"@type\":\"ImageObject\",\"inLanguage\":\"de\",\"@id\":\"https:\/\/now-news.de\/de\/#\/schema\/person\/image\/\",\"url\":\"https:\/\/secure.gravatar.com\/avatar\/82aafea7d8127119dd649515f56e2117?s=96&d=mm&r=g\",\"contentUrl\":\"https:\/\/secure.gravatar.com\/avatar\/82aafea7d8127119dd649515f56e2117?s=96&d=mm&r=g\",\"caption\":\"rtnews\"},\"url\":\"https:\/\/now-news.de\/de\/author\/rnews\/\"}]}<\/script>\n<!-- \/ Yoast SEO Premium plugin. -->","yoast_head_json":{"title":"Mindestens 13 Tote und zwei Verletzte bei Gef\u00e4ngnisstreit in Ecuador - just-now.NEWS Deutschland","robots":{"index":"index","follow":"follow","max-snippet":"max-snippet:-1","max-image-preview":"max-image-preview:large","max-video-preview":"max-video-preview:-1"},"canonical":"https:\/\/now-news.de\/de\/deutschland\/mindestens-13-tote-und-zwei-verletzte-bei-gefaengnisstreit-in-ecuador\/","og_locale":"de_DE","og_type":"article","og_title":"Mindestens 13 Tote und zwei Verletzte bei Gef\u00e4ngnisstreit in Ecuador","og_description":"In Ecuador ist es erneut zu einem t\u00f6dlichen Streit zwischen Insassen eines Gef\u00e4ngnisses gekommen. Die Strafvollzugsbeh\u00f6rde meldete mindestens 13 Tote. Erst nach dem Eingreifen von Polizei- und Armeekr\u00e4ften konnte die Ordnung in der Haftanstalt wiederhergestellt werden. Bei einem Streit zwischen Gef\u00e4ngnisinsassen in Ecuador hat es erneut Tote und Verletzte gegeben. Der Zwischenfall ereignete sich in [&hellip;]","og_url":"https:\/\/now-news.de\/de\/deutschland\/mindestens-13-tote-und-zwei-verletzte-bei-gefaengnisstreit-in-ecuador\/","og_site_name":"just-now.NEWS Deutschland","article_publisher":"https:\/\/www.facebook.com\/wirmachenauf","article_published_time":"2022-07-19T08:15:05+00:00","og_image":[{"width":460,"height":259,"url":"https:\/\/now-news.de\/de\/wp-content\/uploads\/sites\/3\/2022\/07\/Mindestens-13-Tote-und-zwei-Verletzte-bei-Gefaengnisstreit-in-Ecuador.jpg","type":"image\/jpeg"}],"author":"rtnews","twitter_card":"summary_large_image","twitter_creator":"@WirMachenAuf_de","twitter_site":"@WirMachenAuf_de","twitter_misc":{"Verfasst von":"rtnews","Gesch\u00e4tzte Lesezeit":"1\u00a0Minute"},"schema":{"@context":"https:\/\/schema.org","@graph":[{"@type":"Article","@id":"https:\/\/now-news.de\/de\/deutschland\/mindestens-13-tote-und-zwei-verletzte-bei-gefaengnisstreit-in-ecuador\/#article","isPartOf":{"@id":"https:\/\/now-news.de\/de\/deutschland\/mindestens-13-tote-und-zwei-verletzte-bei-gefaengnisstreit-in-ecuador\/"},"author":{"name":"rtnews","@id":"https:\/\/now-news.de\/de\/#\/schema\/person\/fb534a4e865501d8b3285208df34a9b5"},"headline":"Mindestens 13 Tote und zwei Verletzte bei Gef\u00e4ngnisstreit in Ecuador","datePublished":"2022-07-19T08:15:05+00:00","dateModified":"2022-07-19T08:15:05+00:00","mainEntityOfPage":{"@id":"https:\/\/now-news.de\/de\/deutschland\/mindestens-13-tote-und-zwei-verletzte-bei-gefaengnisstreit-in-ecuador\/"},"wordCount":308,"commentCount":0,"publisher":{"@id":"https:\/\/now-news.de\/de\/#organization"},"image":{"@id":"https:\/\/now-news.de\/de\/deutschland\/mindestens-13-tote-und-zwei-verletzte-bei-gefaengnisstreit-in-ecuador\/#primaryimage"},"thumbnailUrl":"https:\/\/now-news.de\/de\/wp-content\/uploads\/sites\/3\/2022\/07\/Mindestens-13-Tote-und-zwei-Verletzte-bei-Gefaengnisstreit-in-Ecuador.jpg","keywords":["bei","Ecuador","Gef\u00e4ngnisstreit","Mindestens","Tote","und","Verletzte","zwei"],"articleSection":["Deutschland","Russland"],"inLanguage":"de","potentialAction":[{"@type":"CommentAction","name":"Comment","target":["https:\/\/now-news.de\/de\/deutschland\/mindestens-13-tote-und-zwei-verletzte-bei-gefaengnisstreit-in-ecuador\/#respond"]}]},{"@type":"WebPage","@id":"https:\/\/now-news.de\/de\/deutschland\/mindestens-13-tote-und-zwei-verletzte-bei-gefaengnisstreit-in-ecuador\/","url":"https:\/\/now-news.de\/de\/deutschland\/mindestens-13-tote-und-zwei-verletzte-bei-gefaengnisstreit-in-ecuador\/","name":"Mindestens 13 Tote und zwei Verletzte bei Gef\u00e4ngnisstreit in Ecuador - just-now.NEWS Deutschland","isPartOf":{"@id":"https:\/\/now-news.de\/de\/#website"},"primaryImageOfPage":{"@id":"https:\/\/now-news.de\/de\/deutschland\/mindestens-13-tote-und-zwei-verletzte-bei-gefaengnisstreit-in-ecuador\/#primaryimage"},"image":{"@id":"https:\/\/now-news.de\/de\/deutschland\/mindestens-13-tote-und-zwei-verletzte-bei-gefaengnisstreit-in-ecuador\/#primaryimage"},"thumbnailUrl":"https:\/\/now-news.de\/de\/wp-content\/uploads\/sites\/3\/2022\/07\/Mindestens-13-Tote-und-zwei-Verletzte-bei-Gefaengnisstreit-in-Ecuador.jpg","datePublished":"2022-07-19T08:15:05+00:00","dateModified":"2022-07-19T08:15:05+00:00","breadcrumb":{"@id":"https:\/\/now-news.de\/de\/deutschland\/mindestens-13-tote-und-zwei-verletzte-bei-gefaengnisstreit-in-ecuador\/#breadcrumb"},"inLanguage":"de","potentialAction":[{"@type":"ReadAction","target":["https:\/\/now-news.de\/de\/deutschland\/mindestens-13-tote-und-zwei-verletzte-bei-gefaengnisstreit-in-ecuador\/"]}]},{"@type":"ImageObject","inLanguage":"de","@id":"https:\/\/now-news.de\/de\/deutschland\/mindestens-13-tote-und-zwei-verletzte-bei-gefaengnisstreit-in-ecuador\/#primaryimage","url":"https:\/\/now-news.de\/de\/wp-content\/uploads\/sites\/3\/2022\/07\/Mindestens-13-Tote-und-zwei-Verletzte-bei-Gefaengnisstreit-in-Ecuador.jpg","contentUrl":"https:\/\/now-news.de\/de\/wp-content\/uploads\/sites\/3\/2022\/07\/Mindestens-13-Tote-und-zwei-Verletzte-bei-Gefaengnisstreit-in-Ecuador.jpg","width":460,"height":259,"caption":"Mindestens 13 Tote und zwei Verletzte bei Gef\u00e4ngnisstreit in Ecuador"},{"@type":"BreadcrumbList","@id":"https:\/\/now-news.de\/de\/deutschland\/mindestens-13-tote-und-zwei-verletzte-bei-gefaengnisstreit-in-ecuador\/#breadcrumb","itemListElement":[{"@type":"ListItem","position":1,"name":"Home","item":"https:\/\/now-news.de\/de\/"},{"@type":"ListItem","position":2,"name":"Mindestens 13 Tote und zwei Verletzte bei Gef\u00e4ngnisstreit in Ecuador"}]},{"@type":"WebSite","@id":"https:\/\/now-news.de\/de\/#website","url":"https:\/\/now-news.de\/de\/","name":"just-now.NEWS Deutschland","description":"Das Portal f\u00fcr unzensierte Nachrichten aus der Welt","publisher":{"@id":"https:\/\/now-news.de\/de\/#organization"},"potentialAction":[{"@type":"SearchAction","target":{"@type":"EntryPoint","urlTemplate":"https:\/\/now-news.de\/de\/?s={search_term_string}"},"query-input":"required name=search_term_string"}],"inLanguage":"de"},{"@type":"Organization","@id":"https:\/\/now-news.de\/de\/#organization","name":"Just Now News","url":"https:\/\/now-news.de\/de\/","logo":{"@type":"ImageObject","inLanguage":"de","@id":"https:\/\/now-news.de\/de\/#\/schema\/logo\/image\/","url":"http:\/\/just-now.news\/de\/wp-content\/uploads\/sites\/3\/2022\/04\/logo500x500.jpg","contentUrl":"http:\/\/just-now.news\/de\/wp-content\/uploads\/sites\/3\/2022\/04\/logo500x500.jpg","width":500,"height":500,"caption":"Just Now News"},"image":{"@id":"https:\/\/now-news.de\/de\/#\/schema\/logo\/image\/"},"sameAs":["https:\/\/www.facebook.com\/wirmachenauf","https:\/\/x.com\/WirMachenAuf_de"]},{"@type":"Person","@id":"https:\/\/now-news.de\/de\/#\/schema\/person\/fb534a4e865501d8b3285208df34a9b5","name":"rtnews","image":{"@type":"ImageObject","inLanguage":"de","@id":"https:\/\/now-news.de\/de\/#\/schema\/person\/image\/","url":"https:\/\/secure.gravatar.com\/avatar\/82aafea7d8127119dd649515f56e2117?s=96&d=mm&r=g","contentUrl":"https:\/\/secure.gravatar.com\/avatar\/82aafea7d8127119dd649515f56e2117?s=96&d=mm&r=g","caption":"rtnews"},"url":"https:\/\/now-news.de\/de\/author\/rnews\/"}]}},"_links":{"self":[{"href":"https:\/\/now-news.de\/de\/wp-json\/wp\/v2\/posts\/14289"}],"collection":[{"href":"https:\/\/now-news.de\/de\/wp-json\/wp\/v2\/posts"}],"about":[{"href":"https:\/\/now-news.de\/de\/wp-json\/wp\/v2\/types\/post"}],"author":[{"embeddable":true,"href":"https:\/\/now-news.de\/de\/wp-json\/wp\/v2\/users\/3"}],"replies":[{"embeddable":true,"href":"https:\/\/now-news.de\/de\/wp-json\/wp\/v2\/comments?post=14289"}],"version-history":[{"count":0,"href":"https:\/\/now-news.de\/de\/wp-json\/wp\/v2\/posts\/14289\/revisions"}],"wp:featuredmedia":[{"embeddable":true,"href":"https:\/\/now-news.de\/de\/wp-json\/wp\/v2\/media\/14290"}],"wp:attachment":[{"href":"https:\/\/now-news.de\/de\/wp-json\/wp\/v2\/media?parent=14289"}],"wp:term":[{"taxonomy":"category","embeddable":true,"href":"https:\/\/now-news.de\/de\/wp-json\/wp\/v2\/categories?post=14289"},{"taxonomy":"post_tag","embeddable":true,"href":"https:\/\/now-news.de\/de\/wp-json\/wp\/v2\/tags?post=14289"}],"curies":[{"name":"wp","href":"https:\/\/api.w.org\/{rel}","templated":true}]}}