{"id":14279,"date":"2022-07-19T08:31:13","date_gmt":"2022-07-19T06:31:13","guid":{"rendered":"http:\/\/just-now.news\/de\/deutschland\/niedriger-rheinpegel-kann-energieprobleme-verschaerfen\/"},"modified":"2022-07-19T08:31:13","modified_gmt":"2022-07-19T06:31:13","slug":"niedriger-rheinpegel-kann-energieprobleme-verschaerfen","status":"publish","type":"post","link":"https:\/\/now-news.de\/de\/deutschland\/niedriger-rheinpegel-kann-energieprobleme-verschaerfen\/","title":{"rendered":"Niedriger Rheinpegel kann Energieprobleme versch\u00e4rfen"},"content":{"rendered":"<p><img decoding=\"async\" src=\"http:\/\/just-now.news\/de\/wp-content\/uploads\/sites\/3\/2022\/07\/62d57c29b480cc1e56319098.jpg\" \/><\/p>\n<div class=\"Text-root Text-type_1 \">\n                Der Rhein f\u00fchrt diesen Sommer wenig Wasser. Das schafft Probleme f\u00fcr die Frachtschifffahrt. Das wiederum erschwert die Belieferung von Kohlekraftwerken mit Kohle. Es k\u00f6nnte schwieriger werden als gedacht, fehlendes Erdgas irgendwie zu ersetzen.\n            <\/div>\n<p><\/p>\n<div class=\"Text-root Text-type_5 ArticleView-text ViewText-root \">\n<p>Der Rhein ist nach wie vor eine der wichtigsten Transport- und Verkehrsadern in Europa. Getreide, Kohle, Benzin und Heiz\u00f6l werden auf ihm transportiert; mehrere Raffinerien liegen unmittelbar am Fluss, und auch Kohlekraftwerke, die nach den Pl\u00e4nen der Bundesregierung zumindest teilweise Gaskraftwerke ersetzen sollen, werden \u00fcber den Rhein mit Kohle beliefert.<\/p>\n<p>Am Samstag lag der Pegelstand in K\u00f6ln bei 1,30 Metern. Noch ist der Fluss auch oberhalb von K\u00f6ln schiffbar; sinkt er jedoch weiter ab, sind erste gr\u00f6\u00dfere Probleme unvermeidbar. So berichtet das <em>Handelsblatt<\/em> \u00fcber die als Loreley-Felsen bekannte Stelle:<\/p>\n<blockquote>\n<p><em>&#8220;An der kritischen Engstelle Kaub in der N\u00e4he von Koblenz sei der Wasserstand inzwischen so niedrig, dass die Schiffseigner in den kommenden Tagen feststellen k\u00f6nnten, dass die <a rel=\"nofollow noopener\" target=\"_blank\" href=\"https:\/\/www.handelsblatt.com\/themen\/schifffahrt\">Schifffahrt<\/a> nicht mehr sicher sei, erkl\u00e4rten Rohstoffh\u00e4ndler am Montag.&#8221;<\/em><\/p>\n<\/blockquote>\n<p>Der aktuelle Pegelstand bei Kaub liegt noch bei 76 Zentimetern. Sollte es in der n\u00e4chsten Zeit nicht zu st\u00e4rkeren Regenf\u00e4llen kommen, d\u00fcrfte der Pegel weiter absinken und damit den Rhein an dieser Stelle unpassierbar machen. Der Tiefstandrekord an dieser Stelle <a rel=\"nofollow noopener\" target=\"_blank\" href=\"https:\/\/www.proplanta.de\/agrar-nachrichten\/umwelt\/rheinpegel-noch-40-cm-vom-rekord-tiefststand-2003-entfernt_article1533622277.html\">stammt<\/a> aus dem Jahr 2003 und betrug 34 Zentimeter, was bedeutet, dass die Fahrrinne, die immer tiefer ist als der Pegel, noch 1,46 Meter Wassertiefe hatte.<\/p>\n<p>Damit l\u00e4gen die beiden Kohlekraftwerke Mannheim und Karlsruhe jenseits der befahrbaren Strecke. Beide Kraftwerke versuchen derzeit, Kohlevorr\u00e4te anzulegen, um f\u00fcr den Winter ger\u00fcstet zu sein. Das hei\u00dft, aktuell ist ihre Leistungsf\u00e4higkeit noch nicht bedroht, eine l\u00e4ngere Niedrigwasserphase des Rheins verschlechtert aber die Voraussetzungen f\u00fcr den Winter. Laut <em>Bloomberg<\/em>\u00a0<a rel=\"nofollow noopener\" target=\"_blank\" href=\"https:\/\/www.bloomberg.com\/news\/articles\/2022-07-15\/lack-of-water-in-europe-s-most-important-river-starts-to-bite?cmpid=socialflow-twitter-business&amp;utm_medium=social&amp;utm_campaign=socialflow-organic&amp;utm_source=twitter&amp;utm_content=business&amp;sref=6uww027M\">rechnen<\/a> Rohstoffmarktanalytiker f\u00fcr die n\u00e4chsten Monate mit nur 65 Prozent der normalen Transportkapazit\u00e4ten f\u00fcr Kohle.<\/p>\n<p>Frachtschiffe auf Fl\u00fcssen haben einen sehr flachen Boden und damit einen geringen Tiefgang. Wenn der Wasserpegel f\u00e4llt, wird als erste Reaktion das Schiff nicht mehr voll beladen, um den Tiefgang zu verringern. Sobald sich wegen der geringen Nutzlast die Schifffahrt nicht mehr lohnt, bleiben die Schiffe liegen. Augenblicklich k\u00f6nnen Schiffe, die \u00fcblicherweise ab Amsterdam 2.500 Tonnen Kohle laden, nur noch 800 Tonnen transportieren, wenn ihr Ziel oberhalb von Kaub liegt.<\/p>\n<p>Am st\u00e4rksten von den sinkenden Transportkapazit\u00e4ten betroffen ist momentan noch die Schweiz, die einen gro\u00dfen Teil ihres Diesels und Heiz\u00f6ls \u00fcber die Rheinschifffahrt erh\u00e4lt. Ersatzkapazit\u00e4ten auf Bahnstrecken sind ebenfalls nicht vorhanden. In Deutschland f\u00fchrt der Pegelstand bisher zu keiner Beeintr\u00e4chtigung der Versorgung mit Treibstoffen.<\/p>\n<p>Es gibt allerdings auch Industriebetriebe, die vom Niedrigwasser betroffen sind. BASF in Ludwigshafen wird nicht nur zu 40 Prozent \u00fcber den Rhein beliefert, sondern nutzt das Flusswasser auch zur K\u00fchlung. Noch sind die Pegelst\u00e4nde f\u00fcr beides ausreichend.<\/p>\n<p>Verglichen mit anderen Niedrigwasserjahren werden diese niedrigen Pegelst\u00e4nde dieses Jahr ungew\u00f6hnlich fr\u00fch erreicht; die absoluten Tiefstandrekorde liegen im September oder Oktober. Ein <em>ARD<\/em>-Hydrologe <a rel=\"nofollow noopener\" target=\"_blank\" href=\"https:\/\/www1.wdr.de\/nachrichten\/ruhrgebiet\/niedriger-rheinpegel-100.html\">erkl\u00e4rte<\/a> im <em>WDR<\/em>, der Grund sei geringer Schmelzwasserabfluss aus den Alpen und wenige Niederschl\u00e4ge im Quellgebiet in der Schweiz.<\/p>\n<p>Die letzte Niedrigwasserphase im Herbst 2018 f\u00fchrte dazu, dass entlang des Flusses liegende Unternehmen wie Thyssenkrupp, Shell (das entlang des Rheins die Raffinerien Wesseling und Godorf betreibt), Covestro und BASF ihre Produktion zur\u00fcckfahren mussten.<\/p>\n<p><strong>Mehr zum Thema<\/strong> &#8211; <a rel=\"nofollow noopener\" target=\"_blank\" href=\"https:\/\/de.rt.com\/inland\/143744-atomkraft-debatte-geht-weiter-bayern\/\">Atomkraft-Debatte: Bayern will Gas-Notfallstufe 3 und Stopp der Stromerzeugung aus Gas<\/a><\/p>\n<\/p>\n<\/div>\n<p><br \/>\n<br \/><a href=\"https:\/\/de.rt.com\/inland\/143797-niedriger-rheinpegel-kann-energieprobleme-verschaerfen\/\">Source link <\/a><\/p>\n","protected":false},"excerpt":{"rendered":"<p>Der Rhein f\u00fchrt diesen Sommer wenig Wasser. Das schafft Probleme f\u00fcr die Frachtschifffahrt. Das wiederum erschwert die Belieferung von Kohlekraftwerken mit Kohle. Es k\u00f6nnte schwieriger werden als gedacht, fehlendes Erdgas irgendwie zu ersetzen. Der Rhein ist nach wie vor eine der wichtigsten Transport- und Verkehrsadern in Europa. Getreide, Kohle, Benzin und Heiz\u00f6l werden auf ihm [&hellip;]<\/p>\n","protected":false},"author":3,"featured_media":14280,"comment_status":"open","ping_status":"open","sticky":false,"template":"","format":"standard","meta":{"wp_automatic_camp":["217"],"c82ff62c901cb38c3a1fa8d7e8353428":["Niedriger Rheinpegel kann Energieprobleme versch\u00e4rfen"],"original_link":["https:\/\/de.rt.com\/inland\/143797-niedriger-rheinpegel-kann-energieprobleme-verschaerfen\/"],"_thumbnail_id":["14280"],"_wptg_p2tg_sent2tg":["2022-07-19 08:36:23"],"jnews_social_counter_last_update":["1777357539"]},"categories":[19,23],"tags":[28456,838,8754,28455,22114],"yoast_head":"<!-- This site is optimized with the Yoast SEO Premium plugin v22.7 (Yoast SEO v22.7) - https:\/\/yoast.com\/wordpress\/plugins\/seo\/ -->\n<title>Niedriger Rheinpegel kann Energieprobleme versch\u00e4rfen - just-now.NEWS Deutschland<\/title>\n<meta name=\"robots\" content=\"index, follow, max-snippet:-1, max-image-preview:large, max-video-preview:-1\" \/>\n<link rel=\"canonical\" href=\"https:\/\/now-news.de\/de\/deutschland\/niedriger-rheinpegel-kann-energieprobleme-verschaerfen\/\" \/>\n<meta property=\"og:locale\" content=\"de_DE\" \/>\n<meta property=\"og:type\" content=\"article\" \/>\n<meta property=\"og:title\" content=\"Niedriger Rheinpegel kann Energieprobleme versch\u00e4rfen\" \/>\n<meta property=\"og:description\" content=\"Der Rhein f\u00fchrt diesen Sommer wenig Wasser. Das schafft Probleme f\u00fcr die Frachtschifffahrt. Das wiederum erschwert die Belieferung von Kohlekraftwerken mit Kohle. Es k\u00f6nnte schwieriger werden als gedacht, fehlendes Erdgas irgendwie zu ersetzen. Der Rhein ist nach wie vor eine der wichtigsten Transport- und Verkehrsadern in Europa. Getreide, Kohle, Benzin und Heiz\u00f6l werden auf ihm [&hellip;]\" \/>\n<meta property=\"og:url\" content=\"https:\/\/now-news.de\/de\/deutschland\/niedriger-rheinpegel-kann-energieprobleme-verschaerfen\/\" \/>\n<meta property=\"og:site_name\" content=\"just-now.NEWS Deutschland\" \/>\n<meta property=\"article:publisher\" content=\"https:\/\/www.facebook.com\/wirmachenauf\" \/>\n<meta property=\"article:published_time\" content=\"2022-07-19T06:31:13+00:00\" \/>\n<meta property=\"og:image\" content=\"https:\/\/now-news.de\/de\/wp-content\/uploads\/sites\/3\/2022\/07\/Niedriger-Rheinpegel-kann-Energieprobleme-verschaerfen.jpg\" \/>\n\t<meta property=\"og:image:width\" content=\"460\" \/>\n\t<meta property=\"og:image:height\" content=\"259\" \/>\n\t<meta property=\"og:image:type\" content=\"image\/jpeg\" \/>\n<meta name=\"author\" content=\"rtnews\" \/>\n<meta name=\"twitter:card\" content=\"summary_large_image\" \/>\n<meta name=\"twitter:creator\" content=\"@WirMachenAuf_de\" \/>\n<meta name=\"twitter:site\" content=\"@WirMachenAuf_de\" \/>\n<meta name=\"twitter:label1\" content=\"Verfasst von\" \/>\n\t<meta name=\"twitter:data1\" content=\"rtnews\" \/>\n\t<meta name=\"twitter:label2\" content=\"Gesch\u00e4tzte Lesezeit\" \/>\n\t<meta name=\"twitter:data2\" content=\"3\u00a0Minuten\" \/>\n<script type=\"application\/ld+json\" class=\"yoast-schema-graph\">{\"@context\":\"https:\/\/schema.org\",\"@graph\":[{\"@type\":\"Article\",\"@id\":\"https:\/\/now-news.de\/de\/deutschland\/niedriger-rheinpegel-kann-energieprobleme-verschaerfen\/#article\",\"isPartOf\":{\"@id\":\"https:\/\/now-news.de\/de\/deutschland\/niedriger-rheinpegel-kann-energieprobleme-verschaerfen\/\"},\"author\":{\"name\":\"rtnews\",\"@id\":\"https:\/\/now-news.de\/de\/#\/schema\/person\/fb534a4e865501d8b3285208df34a9b5\"},\"headline\":\"Niedriger Rheinpegel kann Energieprobleme versch\u00e4rfen\",\"datePublished\":\"2022-07-19T06:31:13+00:00\",\"dateModified\":\"2022-07-19T06:31:13+00:00\",\"mainEntityOfPage\":{\"@id\":\"https:\/\/now-news.de\/de\/deutschland\/niedriger-rheinpegel-kann-energieprobleme-verschaerfen\/\"},\"wordCount\":576,\"commentCount\":0,\"publisher\":{\"@id\":\"https:\/\/now-news.de\/de\/#organization\"},\"image\":{\"@id\":\"https:\/\/now-news.de\/de\/deutschland\/niedriger-rheinpegel-kann-energieprobleme-verschaerfen\/#primaryimage\"},\"thumbnailUrl\":\"https:\/\/now-news.de\/de\/wp-content\/uploads\/sites\/3\/2022\/07\/Niedriger-Rheinpegel-kann-Energieprobleme-verschaerfen.jpg\",\"keywords\":[\"Energieprobleme\",\"kann\",\"niedriger\",\"Rheinpegel\",\"versch\u00e4rfen\"],\"articleSection\":[\"Deutschland\",\"Russland\"],\"inLanguage\":\"de\",\"potentialAction\":[{\"@type\":\"CommentAction\",\"name\":\"Comment\",\"target\":[\"https:\/\/now-news.de\/de\/deutschland\/niedriger-rheinpegel-kann-energieprobleme-verschaerfen\/#respond\"]}]},{\"@type\":\"WebPage\",\"@id\":\"https:\/\/now-news.de\/de\/deutschland\/niedriger-rheinpegel-kann-energieprobleme-verschaerfen\/\",\"url\":\"https:\/\/now-news.de\/de\/deutschland\/niedriger-rheinpegel-kann-energieprobleme-verschaerfen\/\",\"name\":\"Niedriger Rheinpegel kann Energieprobleme versch\u00e4rfen - just-now.NEWS Deutschland\",\"isPartOf\":{\"@id\":\"https:\/\/now-news.de\/de\/#website\"},\"primaryImageOfPage\":{\"@id\":\"https:\/\/now-news.de\/de\/deutschland\/niedriger-rheinpegel-kann-energieprobleme-verschaerfen\/#primaryimage\"},\"image\":{\"@id\":\"https:\/\/now-news.de\/de\/deutschland\/niedriger-rheinpegel-kann-energieprobleme-verschaerfen\/#primaryimage\"},\"thumbnailUrl\":\"https:\/\/now-news.de\/de\/wp-content\/uploads\/sites\/3\/2022\/07\/Niedriger-Rheinpegel-kann-Energieprobleme-verschaerfen.jpg\",\"datePublished\":\"2022-07-19T06:31:13+00:00\",\"dateModified\":\"2022-07-19T06:31:13+00:00\",\"breadcrumb\":{\"@id\":\"https:\/\/now-news.de\/de\/deutschland\/niedriger-rheinpegel-kann-energieprobleme-verschaerfen\/#breadcrumb\"},\"inLanguage\":\"de\",\"potentialAction\":[{\"@type\":\"ReadAction\",\"target\":[\"https:\/\/now-news.de\/de\/deutschland\/niedriger-rheinpegel-kann-energieprobleme-verschaerfen\/\"]}]},{\"@type\":\"ImageObject\",\"inLanguage\":\"de\",\"@id\":\"https:\/\/now-news.de\/de\/deutschland\/niedriger-rheinpegel-kann-energieprobleme-verschaerfen\/#primaryimage\",\"url\":\"https:\/\/now-news.de\/de\/wp-content\/uploads\/sites\/3\/2022\/07\/Niedriger-Rheinpegel-kann-Energieprobleme-verschaerfen.jpg\",\"contentUrl\":\"https:\/\/now-news.de\/de\/wp-content\/uploads\/sites\/3\/2022\/07\/Niedriger-Rheinpegel-kann-Energieprobleme-verschaerfen.jpg\",\"width\":460,\"height\":259,\"caption\":\"Niedriger Rheinpegel kann Energieprobleme versch\u00e4rfen\"},{\"@type\":\"BreadcrumbList\",\"@id\":\"https:\/\/now-news.de\/de\/deutschland\/niedriger-rheinpegel-kann-energieprobleme-verschaerfen\/#breadcrumb\",\"itemListElement\":[{\"@type\":\"ListItem\",\"position\":1,\"name\":\"Home\",\"item\":\"https:\/\/now-news.de\/de\/\"},{\"@type\":\"ListItem\",\"position\":2,\"name\":\"Niedriger Rheinpegel kann Energieprobleme versch\u00e4rfen\"}]},{\"@type\":\"WebSite\",\"@id\":\"https:\/\/now-news.de\/de\/#website\",\"url\":\"https:\/\/now-news.de\/de\/\",\"name\":\"just-now.NEWS Deutschland\",\"description\":\"Das Portal f\u00fcr unzensierte Nachrichten aus der Welt\",\"publisher\":{\"@id\":\"https:\/\/now-news.de\/de\/#organization\"},\"potentialAction\":[{\"@type\":\"SearchAction\",\"target\":{\"@type\":\"EntryPoint\",\"urlTemplate\":\"https:\/\/now-news.de\/de\/?s={search_term_string}\"},\"query-input\":\"required name=search_term_string\"}],\"inLanguage\":\"de\"},{\"@type\":\"Organization\",\"@id\":\"https:\/\/now-news.de\/de\/#organization\",\"name\":\"Just Now News\",\"url\":\"https:\/\/now-news.de\/de\/\",\"logo\":{\"@type\":\"ImageObject\",\"inLanguage\":\"de\",\"@id\":\"https:\/\/now-news.de\/de\/#\/schema\/logo\/image\/\",\"url\":\"http:\/\/just-now.news\/de\/wp-content\/uploads\/sites\/3\/2022\/04\/logo500x500.jpg\",\"contentUrl\":\"http:\/\/just-now.news\/de\/wp-content\/uploads\/sites\/3\/2022\/04\/logo500x500.jpg\",\"width\":500,\"height\":500,\"caption\":\"Just Now News\"},\"image\":{\"@id\":\"https:\/\/now-news.de\/de\/#\/schema\/logo\/image\/\"},\"sameAs\":[\"https:\/\/www.facebook.com\/wirmachenauf\",\"https:\/\/x.com\/WirMachenAuf_de\"]},{\"@type\":\"Person\",\"@id\":\"https:\/\/now-news.de\/de\/#\/schema\/person\/fb534a4e865501d8b3285208df34a9b5\",\"name\":\"rtnews\",\"image\":{\"@type\":\"ImageObject\",\"inLanguage\":\"de\",\"@id\":\"https:\/\/now-news.de\/de\/#\/schema\/person\/image\/\",\"url\":\"https:\/\/secure.gravatar.com\/avatar\/82aafea7d8127119dd649515f56e2117?s=96&d=mm&r=g\",\"contentUrl\":\"https:\/\/secure.gravatar.com\/avatar\/82aafea7d8127119dd649515f56e2117?s=96&d=mm&r=g\",\"caption\":\"rtnews\"},\"url\":\"https:\/\/now-news.de\/de\/author\/rnews\/\"}]}<\/script>\n<!-- \/ Yoast SEO Premium plugin. -->","yoast_head_json":{"title":"Niedriger Rheinpegel kann Energieprobleme versch\u00e4rfen - just-now.NEWS Deutschland","robots":{"index":"index","follow":"follow","max-snippet":"max-snippet:-1","max-image-preview":"max-image-preview:large","max-video-preview":"max-video-preview:-1"},"canonical":"https:\/\/now-news.de\/de\/deutschland\/niedriger-rheinpegel-kann-energieprobleme-verschaerfen\/","og_locale":"de_DE","og_type":"article","og_title":"Niedriger Rheinpegel kann Energieprobleme versch\u00e4rfen","og_description":"Der Rhein f\u00fchrt diesen Sommer wenig Wasser. Das schafft Probleme f\u00fcr die Frachtschifffahrt. Das wiederum erschwert die Belieferung von Kohlekraftwerken mit Kohle. Es k\u00f6nnte schwieriger werden als gedacht, fehlendes Erdgas irgendwie zu ersetzen. Der Rhein ist nach wie vor eine der wichtigsten Transport- und Verkehrsadern in Europa. Getreide, Kohle, Benzin und Heiz\u00f6l werden auf ihm [&hellip;]","og_url":"https:\/\/now-news.de\/de\/deutschland\/niedriger-rheinpegel-kann-energieprobleme-verschaerfen\/","og_site_name":"just-now.NEWS Deutschland","article_publisher":"https:\/\/www.facebook.com\/wirmachenauf","article_published_time":"2022-07-19T06:31:13+00:00","og_image":[{"width":460,"height":259,"url":"https:\/\/now-news.de\/de\/wp-content\/uploads\/sites\/3\/2022\/07\/Niedriger-Rheinpegel-kann-Energieprobleme-verschaerfen.jpg","type":"image\/jpeg"}],"author":"rtnews","twitter_card":"summary_large_image","twitter_creator":"@WirMachenAuf_de","twitter_site":"@WirMachenAuf_de","twitter_misc":{"Verfasst von":"rtnews","Gesch\u00e4tzte Lesezeit":"3\u00a0Minuten"},"schema":{"@context":"https:\/\/schema.org","@graph":[{"@type":"Article","@id":"https:\/\/now-news.de\/de\/deutschland\/niedriger-rheinpegel-kann-energieprobleme-verschaerfen\/#article","isPartOf":{"@id":"https:\/\/now-news.de\/de\/deutschland\/niedriger-rheinpegel-kann-energieprobleme-verschaerfen\/"},"author":{"name":"rtnews","@id":"https:\/\/now-news.de\/de\/#\/schema\/person\/fb534a4e865501d8b3285208df34a9b5"},"headline":"Niedriger Rheinpegel kann Energieprobleme versch\u00e4rfen","datePublished":"2022-07-19T06:31:13+00:00","dateModified":"2022-07-19T06:31:13+00:00","mainEntityOfPage":{"@id":"https:\/\/now-news.de\/de\/deutschland\/niedriger-rheinpegel-kann-energieprobleme-verschaerfen\/"},"wordCount":576,"commentCount":0,"publisher":{"@id":"https:\/\/now-news.de\/de\/#organization"},"image":{"@id":"https:\/\/now-news.de\/de\/deutschland\/niedriger-rheinpegel-kann-energieprobleme-verschaerfen\/#primaryimage"},"thumbnailUrl":"https:\/\/now-news.de\/de\/wp-content\/uploads\/sites\/3\/2022\/07\/Niedriger-Rheinpegel-kann-Energieprobleme-verschaerfen.jpg","keywords":["Energieprobleme","kann","niedriger","Rheinpegel","versch\u00e4rfen"],"articleSection":["Deutschland","Russland"],"inLanguage":"de","potentialAction":[{"@type":"CommentAction","name":"Comment","target":["https:\/\/now-news.de\/de\/deutschland\/niedriger-rheinpegel-kann-energieprobleme-verschaerfen\/#respond"]}]},{"@type":"WebPage","@id":"https:\/\/now-news.de\/de\/deutschland\/niedriger-rheinpegel-kann-energieprobleme-verschaerfen\/","url":"https:\/\/now-news.de\/de\/deutschland\/niedriger-rheinpegel-kann-energieprobleme-verschaerfen\/","name":"Niedriger Rheinpegel kann Energieprobleme versch\u00e4rfen - just-now.NEWS Deutschland","isPartOf":{"@id":"https:\/\/now-news.de\/de\/#website"},"primaryImageOfPage":{"@id":"https:\/\/now-news.de\/de\/deutschland\/niedriger-rheinpegel-kann-energieprobleme-verschaerfen\/#primaryimage"},"image":{"@id":"https:\/\/now-news.de\/de\/deutschland\/niedriger-rheinpegel-kann-energieprobleme-verschaerfen\/#primaryimage"},"thumbnailUrl":"https:\/\/now-news.de\/de\/wp-content\/uploads\/sites\/3\/2022\/07\/Niedriger-Rheinpegel-kann-Energieprobleme-verschaerfen.jpg","datePublished":"2022-07-19T06:31:13+00:00","dateModified":"2022-07-19T06:31:13+00:00","breadcrumb":{"@id":"https:\/\/now-news.de\/de\/deutschland\/niedriger-rheinpegel-kann-energieprobleme-verschaerfen\/#breadcrumb"},"inLanguage":"de","potentialAction":[{"@type":"ReadAction","target":["https:\/\/now-news.de\/de\/deutschland\/niedriger-rheinpegel-kann-energieprobleme-verschaerfen\/"]}]},{"@type":"ImageObject","inLanguage":"de","@id":"https:\/\/now-news.de\/de\/deutschland\/niedriger-rheinpegel-kann-energieprobleme-verschaerfen\/#primaryimage","url":"https:\/\/now-news.de\/de\/wp-content\/uploads\/sites\/3\/2022\/07\/Niedriger-Rheinpegel-kann-Energieprobleme-verschaerfen.jpg","contentUrl":"https:\/\/now-news.de\/de\/wp-content\/uploads\/sites\/3\/2022\/07\/Niedriger-Rheinpegel-kann-Energieprobleme-verschaerfen.jpg","width":460,"height":259,"caption":"Niedriger Rheinpegel kann Energieprobleme versch\u00e4rfen"},{"@type":"BreadcrumbList","@id":"https:\/\/now-news.de\/de\/deutschland\/niedriger-rheinpegel-kann-energieprobleme-verschaerfen\/#breadcrumb","itemListElement":[{"@type":"ListItem","position":1,"name":"Home","item":"https:\/\/now-news.de\/de\/"},{"@type":"ListItem","position":2,"name":"Niedriger Rheinpegel kann Energieprobleme versch\u00e4rfen"}]},{"@type":"WebSite","@id":"https:\/\/now-news.de\/de\/#website","url":"https:\/\/now-news.de\/de\/","name":"just-now.NEWS Deutschland","description":"Das Portal f\u00fcr unzensierte Nachrichten aus der Welt","publisher":{"@id":"https:\/\/now-news.de\/de\/#organization"},"potentialAction":[{"@type":"SearchAction","target":{"@type":"EntryPoint","urlTemplate":"https:\/\/now-news.de\/de\/?s={search_term_string}"},"query-input":"required name=search_term_string"}],"inLanguage":"de"},{"@type":"Organization","@id":"https:\/\/now-news.de\/de\/#organization","name":"Just Now News","url":"https:\/\/now-news.de\/de\/","logo":{"@type":"ImageObject","inLanguage":"de","@id":"https:\/\/now-news.de\/de\/#\/schema\/logo\/image\/","url":"http:\/\/just-now.news\/de\/wp-content\/uploads\/sites\/3\/2022\/04\/logo500x500.jpg","contentUrl":"http:\/\/just-now.news\/de\/wp-content\/uploads\/sites\/3\/2022\/04\/logo500x500.jpg","width":500,"height":500,"caption":"Just Now News"},"image":{"@id":"https:\/\/now-news.de\/de\/#\/schema\/logo\/image\/"},"sameAs":["https:\/\/www.facebook.com\/wirmachenauf","https:\/\/x.com\/WirMachenAuf_de"]},{"@type":"Person","@id":"https:\/\/now-news.de\/de\/#\/schema\/person\/fb534a4e865501d8b3285208df34a9b5","name":"rtnews","image":{"@type":"ImageObject","inLanguage":"de","@id":"https:\/\/now-news.de\/de\/#\/schema\/person\/image\/","url":"https:\/\/secure.gravatar.com\/avatar\/82aafea7d8127119dd649515f56e2117?s=96&d=mm&r=g","contentUrl":"https:\/\/secure.gravatar.com\/avatar\/82aafea7d8127119dd649515f56e2117?s=96&d=mm&r=g","caption":"rtnews"},"url":"https:\/\/now-news.de\/de\/author\/rnews\/"}]}},"_links":{"self":[{"href":"https:\/\/now-news.de\/de\/wp-json\/wp\/v2\/posts\/14279"}],"collection":[{"href":"https:\/\/now-news.de\/de\/wp-json\/wp\/v2\/posts"}],"about":[{"href":"https:\/\/now-news.de\/de\/wp-json\/wp\/v2\/types\/post"}],"author":[{"embeddable":true,"href":"https:\/\/now-news.de\/de\/wp-json\/wp\/v2\/users\/3"}],"replies":[{"embeddable":true,"href":"https:\/\/now-news.de\/de\/wp-json\/wp\/v2\/comments?post=14279"}],"version-history":[{"count":0,"href":"https:\/\/now-news.de\/de\/wp-json\/wp\/v2\/posts\/14279\/revisions"}],"wp:featuredmedia":[{"embeddable":true,"href":"https:\/\/now-news.de\/de\/wp-json\/wp\/v2\/media\/14280"}],"wp:attachment":[{"href":"https:\/\/now-news.de\/de\/wp-json\/wp\/v2\/media?parent=14279"}],"wp:term":[{"taxonomy":"category","embeddable":true,"href":"https:\/\/now-news.de\/de\/wp-json\/wp\/v2\/categories?post=14279"},{"taxonomy":"post_tag","embeddable":true,"href":"https:\/\/now-news.de\/de\/wp-json\/wp\/v2\/tags?post=14279"}],"curies":[{"name":"wp","href":"https:\/\/api.w.org\/{rel}","templated":true}]}}