{"id":14275,"date":"2022-07-19T08:00:09","date_gmt":"2022-07-19T06:00:09","guid":{"rendered":"http:\/\/just-now.news\/de\/deutschland\/bundesregierung-prueft-laengere-akw-laufzeiten-zoff-zwischen-gruenen-und-fdp\/"},"modified":"2022-07-19T08:00:09","modified_gmt":"2022-07-19T06:00:09","slug":"bundesregierung-prueft-laengere-akw-laufzeiten-zoff-zwischen-gruenen-und-fdp","status":"publish","type":"post","link":"https:\/\/now-news.de\/de\/deutschland\/bundesregierung-prueft-laengere-akw-laufzeiten-zoff-zwischen-gruenen-und-fdp\/","title":{"rendered":"Bundesregierung pr\u00fcft l\u00e4ngere AKW-Laufzeiten \u2013 Zoff zwischen Gr\u00fcnen und FDP"},"content":{"rendered":"<p><img decoding=\"async\" src=\"http:\/\/just-now.news\/de\/wp-content\/uploads\/sites\/3\/2022\/07\/62d5c8cfb480cc5864183293.jpg\" \/><\/p>\n<div class=\"Text-root Text-type_1 \">\n                Die Debatte um eine l\u00e4ngere Laufzeit der letzten deutschen Atomkraftwerke wird zunehmend zu einem Stresstest f\u00fcr die Ampelkoalition. Nun \u00fcberpr\u00fcft die Bundesregierung neue Szenarien. Demnach k\u00f6nnte die Regierung die Atomkraftwerke l\u00e4nger laufen lassen.\n            <\/div>\n<p><\/p>\n<div class=\"Text-root Text-type_5 ArticleView-text ViewText-root \">\n<p>In der Ampelkoalition gibt es zunehmend Streit um die Verl\u00e4ngerung der Laufzeit von Atomkraftwerken. Noch am Wochenende wiesen f\u00fchrende Gr\u00fcnen-Politiker Forderungen nach einer Laufzeitverl\u00e4ngerung als Mittel gegen die drohende Energiekrise deutlich zur\u00fcck. Die Forderungen kamen unter anderem vom Koalitionspartner FDP. So sagte Fraktionschef Christian D\u00fcrr den Zeitungen der <em>Funke<\/em>-Mediengruppe:<\/p>\n<blockquote>\n<p><em>&#8220;Ich rate dringend dazu, die Laufzeiten der Kernkraftwerke f\u00fcr einen befristeten Zeitraum zu verl\u00e4ngern. Entgegen anderslautender Einsch\u00e4tzungen hat bereits ein Betreiber erkl\u00e4rt, dass er willens und in der Lage ist, die Laufzeiten befristet zu verl\u00e4ngern.&#8221;<\/em><em><\/em><\/p>\n<\/blockquote>\n<p>Gegen\u00fcber dem Handelsblatt warnte D\u00fcrr vor den m\u00f6glichen Folgen eines Stopps der Gaslieferungen aus Russland:<\/p>\n<blockquote>\n<p><em>&#8220;Wenn die Gaslieferungen aus Russland dauerhaft ausbleiben, droht eine echte Krise. Es geht nicht nur um drastisch steigende Heizkosten, sondern auch um stillgelegte Produktionen bei der Industrie oder leere Supermarktregale.&#8221;<\/em><em><\/em><\/p>\n<\/blockquote>\n<p>Noch am Samstag warf Bundeswirtschaftsminister Robert Habeck (B\u00fcndnis90\/Die Gr\u00fcnen) den Bef\u00fcrworten einer Laufzeitverl\u00e4ngerung mangelnde Objektivit\u00e4t vor:<\/p>\n<blockquote>\n<p><em>&#8220;Erst einmal ist die Atomkraft eine Hochrisikotechnologie und einige \u00c4u\u00dferungen sind mir da einfach zu spielerisch. Fakt ist: Wir haben aktuell ein Gasproblem, kein Stromproblem. Dieses &#8216;Wir lassen die mal weiterlaufen, dann wird schon alles gut&#8217; steht weder im Verh\u00e4ltnis zu den Abstrichen bei den Sicherheitsstandards, die wir daf\u00fcr in Kauf nehmen m\u00fcssten, noch ist es der Situation angemessen.&#8221;<\/em><\/p>\n<\/blockquote>\n<p>Die Gr\u00fcnen-Vorsitzende Ricarda Land monierte, Atomkraft sei nicht das richtige Mittel, um unabh\u00e4ngig von russischen Gaslieferungen zu werden. In einem Interview behauptete sie, dass Atomkraft weniger als ein Prozent der Stromerzeugung aus Gaskraftwerken ersetzen k\u00f6nne. Eine Laufzeitverl\u00e4ngerung w\u00e4re daher so, als &#8220;ob man ein Pflaster auf die falsche Stelle klebt&#8221;.<\/p>\n<p>Doch nun k\u00f6nnte sich die Bundesregierung f\u00fcr einen Weiterbetrieb der drei noch verbliebenen Atomkraftwerke \u00fcber das Jahresende hinaus entscheiden. Und die Gr\u00fcnen rudern scheinbar zur\u00fcck.<\/p>\n<p>Eine Regierungssprecherin sagte am Montag, dass die Diskussion \u00fcber die Atomkraftwerke f\u00fcr die Bundesregierung von Anfang an &#8220;keine ideologische, sondern eine rein fachliche Frage&#8221; gewesen sei und verwies auf einen angek\u00fcndigten zweiten Stresstest zur Sicherheit der Stromversorgung. Das sei die Grundlage von Entscheidungen.<\/p>\n<p>Auch das Wirtschaftsministerium l\u00e4sst sich eine Hintert\u00fcr offen. Eine Sprecherin von Bundeswirtschaftsminister Habeck sagte, schon der erste Stresstest habe versch\u00e4rfte Annahmen unterstellt:<\/p>\n<blockquote>\n<p><em>&#8220;Wir rechnen jetzt noch mal und entscheiden dann auf der Basis von klaren Fakten.&#8221;<\/em><\/p>\n<\/blockquote>\n<p>Auch gr\u00fcnen Chefin Lange erkl\u00e4rte einen Tag sp\u00e4ter bei Anne Will, dass zum jetzigen Zeitpunkt Laufzeitverl\u00e4ngerungen kein Thema seien. Sie f\u00fcgte aber hinzu, dass &#8220;wir wie in jedem Moment dieser Krise nat\u00fcrlich immer auf die aktuelle Situation reagieren m\u00fcssen, dabei alle Ma\u00dfnahmen pr\u00fcfen werden. Wir haben das nie kategorisch ausgeschlossen, sondern wir haben immer aktuell gepr\u00fcft, was macht in diesem Moment Sinn.&#8221;<\/p>\n<p>Die AKW-Betreiber betonten unterdessen erneut, dass es sich um eine Entscheidung der Politik handle. Beim zweiten Stresstest solle es darum gehen, ob die Versorgungssicherheit im Stromsektor und der sichere Betrieb des Netzes unter versch\u00e4rften Annahmen gew\u00e4hrleistet seien. Mit Ergebnissen sei &#8220;in den n\u00e4chsten Wochen zu rechnen&#8221;.<\/p>\n<p>In den Medien wird derweil <a rel=\"nofollow noopener\" target=\"_blank\" href=\"https:\/\/www.welt.de\/politik\/deutschland\/plus239984269\/Energiekrise-Warum-die-Gruenen-Spitze-sich-jetzt-doch-auf-die-Atomdebatte-einlaesst.html\">spekuliert<\/a>, dass das Umschwenken der Gr\u00fcnen-Spitze aus parteipolitischen Erw\u00e4gungen geschieht. So bef\u00fcrchten die Gr\u00fcnen m\u00f6glicherweise, dass vor allem Wirtschaftsminister Habeck f\u00fcr eine &#8220;frierende Nation&#8221; im Winter verantwortlich gemacht wird.<\/p>\n<p>Es d\u00fcrfte jedoch unwahrscheinlich sein, dass die Gr\u00fcnen diese Kehrtwende der Parteibasis vermitteln k\u00f6nnen. So forderte die Wirtschaftsweise Veronika Grimm die Partei zum Umdenken auf, r\u00e4umte gegen\u00fcber dem <em>Handelsblatt<\/em> jedoch ein, dass es nicht einfach sei, diesen Schritt der Parteibasis zu vermitteln und dass es sich vermutlich um &#8220;eine Mammutaufgabe&#8221; handele. So \u00e4u\u00dferte sich auch die Bundestags-Fraktionschefin der Gr\u00fcnen Britta Ha\u00dfelmann\u00a0bez\u00fcglich einer Laufzeitverl\u00e4ngerung der letzten drei Atomkraftwerke kritisch. Der Nachrichtenagentur <em>dpa<\/em> sagte sie am Montag:<\/p>\n<blockquote>\n<p><em>&#8220;Es gibt einen gesellschaftlichen Konsens zum Ausstieg aus der Atomkraft, den setzen wir nicht aufs Spiel.&#8221;<\/em><\/p>\n<\/blockquote>\n<p>Bei der Atomkraft handle es sich um eine Hochrisikotechnologie, so Ha\u00dfelmann.<\/p>\n<p><strong>Mehr zum Thema &#8211;<\/strong>\u00a0<a rel=\"nofollow noopener\" target=\"_blank\" href=\"https:\/\/de.rt.com\/wirtschaft\/143316-fdp-bundestagsfraktionschef-fordert-laufzeitverlangerung-fur\/\">FDP-Bundestagsfraktionschef fordert Laufzeitverl\u00e4ngerung f\u00fcr Atomkraftwerke<\/a><\/p>\n<\/p>\n<\/div>\n<p><br \/>\n<br \/><a href=\"https:\/\/de.rt.com\/inland\/143825-bundesregierung-pruft-langere-akw-laufzeiten\/\">Source link <\/a><\/p>\n","protected":false},"excerpt":{"rendered":"<p>Die Debatte um eine l\u00e4ngere Laufzeit der letzten deutschen Atomkraftwerke wird zunehmend zu einem Stresstest f\u00fcr die Ampelkoalition. Nun \u00fcberpr\u00fcft die Bundesregierung neue Szenarien. Demnach k\u00f6nnte die Regierung die Atomkraftwerke l\u00e4nger laufen lassen. In der Ampelkoalition gibt es zunehmend Streit um die Verl\u00e4ngerung der Laufzeit von Atomkraftwerken. Noch am Wochenende wiesen f\u00fchrende Gr\u00fcnen-Politiker Forderungen nach [&hellip;]<\/p>\n","protected":false},"author":3,"featured_media":14276,"comment_status":"open","ping_status":"open","sticky":false,"template":"","format":"standard","meta":{"wp_automatic_camp":["217"],"9fd56f8f9300ee17aad4fc9e63f190cb":["Bundesregierung pr\u00fcft l\u00e4ngere AKW-Laufzeiten \u2013 Zoff zwischen Gr\u00fcnen und FDP"],"original_link":["https:\/\/de.rt.com\/inland\/143825-bundesregierung-pruft-langere-akw-laufzeiten\/"],"_thumbnail_id":["14276"],"_wptg_p2tg_sent2tg":["2022-07-19 08:03:18"],"jnews_social_counter_last_update":["1777585818"]},"categories":[19,23],"tags":[28452,3807,6334,594,28451,7858,140,24662,436],"yoast_head":"<!-- This site is optimized with the Yoast SEO Premium plugin v22.7 (Yoast SEO v22.7) - https:\/\/yoast.com\/wordpress\/plugins\/seo\/ -->\n<title>Bundesregierung pr\u00fcft l\u00e4ngere AKW-Laufzeiten \u2013 Zoff zwischen Gr\u00fcnen und FDP - just-now.NEWS Deutschland<\/title>\n<meta name=\"robots\" content=\"index, follow, max-snippet:-1, max-image-preview:large, max-video-preview:-1\" \/>\n<link rel=\"canonical\" href=\"https:\/\/now-news.de\/de\/deutschland\/bundesregierung-prueft-laengere-akw-laufzeiten-zoff-zwischen-gruenen-und-fdp\/\" \/>\n<meta property=\"og:locale\" content=\"de_DE\" \/>\n<meta property=\"og:type\" content=\"article\" \/>\n<meta property=\"og:title\" content=\"Bundesregierung pr\u00fcft l\u00e4ngere AKW-Laufzeiten \u2013 Zoff zwischen Gr\u00fcnen und FDP\" \/>\n<meta property=\"og:description\" content=\"Die Debatte um eine l\u00e4ngere Laufzeit der letzten deutschen Atomkraftwerke wird zunehmend zu einem Stresstest f\u00fcr die Ampelkoalition. Nun \u00fcberpr\u00fcft die Bundesregierung neue Szenarien. Demnach k\u00f6nnte die Regierung die Atomkraftwerke l\u00e4nger laufen lassen. In der Ampelkoalition gibt es zunehmend Streit um die Verl\u00e4ngerung der Laufzeit von Atomkraftwerken. Noch am Wochenende wiesen f\u00fchrende Gr\u00fcnen-Politiker Forderungen nach [&hellip;]\" \/>\n<meta property=\"og:url\" content=\"https:\/\/now-news.de\/de\/deutschland\/bundesregierung-prueft-laengere-akw-laufzeiten-zoff-zwischen-gruenen-und-fdp\/\" \/>\n<meta property=\"og:site_name\" content=\"just-now.NEWS Deutschland\" \/>\n<meta property=\"article:publisher\" content=\"https:\/\/www.facebook.com\/wirmachenauf\" \/>\n<meta property=\"article:published_time\" content=\"2022-07-19T06:00:09+00:00\" \/>\n<meta property=\"og:image\" content=\"https:\/\/now-news.de\/de\/wp-content\/uploads\/sites\/3\/2022\/07\/Bundesregierung-prueft-laengere-AKW-Laufzeiten-\u2013-Zoff-zwischen-Gruenen-und-FDP.jpg\" \/>\n\t<meta property=\"og:image:width\" content=\"460\" \/>\n\t<meta property=\"og:image:height\" content=\"259\" \/>\n\t<meta property=\"og:image:type\" content=\"image\/jpeg\" \/>\n<meta name=\"author\" content=\"rtnews\" \/>\n<meta name=\"twitter:card\" content=\"summary_large_image\" \/>\n<meta name=\"twitter:creator\" content=\"@WirMachenAuf_de\" \/>\n<meta name=\"twitter:site\" content=\"@WirMachenAuf_de\" \/>\n<meta name=\"twitter:label1\" content=\"Verfasst von\" \/>\n\t<meta name=\"twitter:data1\" content=\"rtnews\" \/>\n\t<meta name=\"twitter:label2\" content=\"Gesch\u00e4tzte Lesezeit\" \/>\n\t<meta name=\"twitter:data2\" content=\"4\u00a0Minuten\" \/>\n<script type=\"application\/ld+json\" class=\"yoast-schema-graph\">{\"@context\":\"https:\/\/schema.org\",\"@graph\":[{\"@type\":\"Article\",\"@id\":\"https:\/\/now-news.de\/de\/deutschland\/bundesregierung-prueft-laengere-akw-laufzeiten-zoff-zwischen-gruenen-und-fdp\/#article\",\"isPartOf\":{\"@id\":\"https:\/\/now-news.de\/de\/deutschland\/bundesregierung-prueft-laengere-akw-laufzeiten-zoff-zwischen-gruenen-und-fdp\/\"},\"author\":{\"name\":\"rtnews\",\"@id\":\"https:\/\/now-news.de\/de\/#\/schema\/person\/fb534a4e865501d8b3285208df34a9b5\"},\"headline\":\"Bundesregierung pr\u00fcft l\u00e4ngere AKW-Laufzeiten \u2013 Zoff zwischen Gr\u00fcnen und FDP\",\"datePublished\":\"2022-07-19T06:00:09+00:00\",\"dateModified\":\"2022-07-19T06:00:09+00:00\",\"mainEntityOfPage\":{\"@id\":\"https:\/\/now-news.de\/de\/deutschland\/bundesregierung-prueft-laengere-akw-laufzeiten-zoff-zwischen-gruenen-und-fdp\/\"},\"wordCount\":735,\"commentCount\":0,\"publisher\":{\"@id\":\"https:\/\/now-news.de\/de\/#organization\"},\"image\":{\"@id\":\"https:\/\/now-news.de\/de\/deutschland\/bundesregierung-prueft-laengere-akw-laufzeiten-zoff-zwischen-gruenen-und-fdp\/#primaryimage\"},\"thumbnailUrl\":\"https:\/\/now-news.de\/de\/wp-content\/uploads\/sites\/3\/2022\/07\/Bundesregierung-prueft-laengere-AKW-Laufzeiten-\u2013-Zoff-zwischen-Gruenen-und-FDP.jpg\",\"keywords\":[\"AKWLaufzeiten\",\"Bundesregierung\",\"FDP\",\"GR\u00dcNEN\",\"l\u00e4ngere\",\"pr\u00fcft\",\"und\",\"Zoff\",\"zwischen\"],\"articleSection\":[\"Deutschland\",\"Russland\"],\"inLanguage\":\"de\",\"potentialAction\":[{\"@type\":\"CommentAction\",\"name\":\"Comment\",\"target\":[\"https:\/\/now-news.de\/de\/deutschland\/bundesregierung-prueft-laengere-akw-laufzeiten-zoff-zwischen-gruenen-und-fdp\/#respond\"]}]},{\"@type\":\"WebPage\",\"@id\":\"https:\/\/now-news.de\/de\/deutschland\/bundesregierung-prueft-laengere-akw-laufzeiten-zoff-zwischen-gruenen-und-fdp\/\",\"url\":\"https:\/\/now-news.de\/de\/deutschland\/bundesregierung-prueft-laengere-akw-laufzeiten-zoff-zwischen-gruenen-und-fdp\/\",\"name\":\"Bundesregierung pr\u00fcft l\u00e4ngere AKW-Laufzeiten \u2013 Zoff zwischen Gr\u00fcnen und FDP - just-now.NEWS Deutschland\",\"isPartOf\":{\"@id\":\"https:\/\/now-news.de\/de\/#website\"},\"primaryImageOfPage\":{\"@id\":\"https:\/\/now-news.de\/de\/deutschland\/bundesregierung-prueft-laengere-akw-laufzeiten-zoff-zwischen-gruenen-und-fdp\/#primaryimage\"},\"image\":{\"@id\":\"https:\/\/now-news.de\/de\/deutschland\/bundesregierung-prueft-laengere-akw-laufzeiten-zoff-zwischen-gruenen-und-fdp\/#primaryimage\"},\"thumbnailUrl\":\"https:\/\/now-news.de\/de\/wp-content\/uploads\/sites\/3\/2022\/07\/Bundesregierung-prueft-laengere-AKW-Laufzeiten-\u2013-Zoff-zwischen-Gruenen-und-FDP.jpg\",\"datePublished\":\"2022-07-19T06:00:09+00:00\",\"dateModified\":\"2022-07-19T06:00:09+00:00\",\"breadcrumb\":{\"@id\":\"https:\/\/now-news.de\/de\/deutschland\/bundesregierung-prueft-laengere-akw-laufzeiten-zoff-zwischen-gruenen-und-fdp\/#breadcrumb\"},\"inLanguage\":\"de\",\"potentialAction\":[{\"@type\":\"ReadAction\",\"target\":[\"https:\/\/now-news.de\/de\/deutschland\/bundesregierung-prueft-laengere-akw-laufzeiten-zoff-zwischen-gruenen-und-fdp\/\"]}]},{\"@type\":\"ImageObject\",\"inLanguage\":\"de\",\"@id\":\"https:\/\/now-news.de\/de\/deutschland\/bundesregierung-prueft-laengere-akw-laufzeiten-zoff-zwischen-gruenen-und-fdp\/#primaryimage\",\"url\":\"https:\/\/now-news.de\/de\/wp-content\/uploads\/sites\/3\/2022\/07\/Bundesregierung-prueft-laengere-AKW-Laufzeiten-\u2013-Zoff-zwischen-Gruenen-und-FDP.jpg\",\"contentUrl\":\"https:\/\/now-news.de\/de\/wp-content\/uploads\/sites\/3\/2022\/07\/Bundesregierung-prueft-laengere-AKW-Laufzeiten-\u2013-Zoff-zwischen-Gruenen-und-FDP.jpg\",\"width\":460,\"height\":259,\"caption\":\"Bundesregierung pr\u00fcft l\u00e4ngere AKW-Laufzeiten \u2013 Zoff zwischen Gr\u00fcnen und FDP\"},{\"@type\":\"BreadcrumbList\",\"@id\":\"https:\/\/now-news.de\/de\/deutschland\/bundesregierung-prueft-laengere-akw-laufzeiten-zoff-zwischen-gruenen-und-fdp\/#breadcrumb\",\"itemListElement\":[{\"@type\":\"ListItem\",\"position\":1,\"name\":\"Home\",\"item\":\"https:\/\/now-news.de\/de\/\"},{\"@type\":\"ListItem\",\"position\":2,\"name\":\"Bundesregierung pr\u00fcft l\u00e4ngere AKW-Laufzeiten \u2013 Zoff zwischen Gr\u00fcnen und FDP\"}]},{\"@type\":\"WebSite\",\"@id\":\"https:\/\/now-news.de\/de\/#website\",\"url\":\"https:\/\/now-news.de\/de\/\",\"name\":\"just-now.NEWS Deutschland\",\"description\":\"Das Portal f\u00fcr unzensierte Nachrichten aus der Welt\",\"publisher\":{\"@id\":\"https:\/\/now-news.de\/de\/#organization\"},\"potentialAction\":[{\"@type\":\"SearchAction\",\"target\":{\"@type\":\"EntryPoint\",\"urlTemplate\":\"https:\/\/now-news.de\/de\/?s={search_term_string}\"},\"query-input\":\"required name=search_term_string\"}],\"inLanguage\":\"de\"},{\"@type\":\"Organization\",\"@id\":\"https:\/\/now-news.de\/de\/#organization\",\"name\":\"Just Now News\",\"url\":\"https:\/\/now-news.de\/de\/\",\"logo\":{\"@type\":\"ImageObject\",\"inLanguage\":\"de\",\"@id\":\"https:\/\/now-news.de\/de\/#\/schema\/logo\/image\/\",\"url\":\"http:\/\/just-now.news\/de\/wp-content\/uploads\/sites\/3\/2022\/04\/logo500x500.jpg\",\"contentUrl\":\"http:\/\/just-now.news\/de\/wp-content\/uploads\/sites\/3\/2022\/04\/logo500x500.jpg\",\"width\":500,\"height\":500,\"caption\":\"Just Now News\"},\"image\":{\"@id\":\"https:\/\/now-news.de\/de\/#\/schema\/logo\/image\/\"},\"sameAs\":[\"https:\/\/www.facebook.com\/wirmachenauf\",\"https:\/\/x.com\/WirMachenAuf_de\"]},{\"@type\":\"Person\",\"@id\":\"https:\/\/now-news.de\/de\/#\/schema\/person\/fb534a4e865501d8b3285208df34a9b5\",\"name\":\"rtnews\",\"image\":{\"@type\":\"ImageObject\",\"inLanguage\":\"de\",\"@id\":\"https:\/\/now-news.de\/de\/#\/schema\/person\/image\/\",\"url\":\"https:\/\/secure.gravatar.com\/avatar\/82aafea7d8127119dd649515f56e2117?s=96&d=mm&r=g\",\"contentUrl\":\"https:\/\/secure.gravatar.com\/avatar\/82aafea7d8127119dd649515f56e2117?s=96&d=mm&r=g\",\"caption\":\"rtnews\"},\"url\":\"https:\/\/now-news.de\/de\/author\/rnews\/\"}]}<\/script>\n<!-- \/ Yoast SEO Premium plugin. -->","yoast_head_json":{"title":"Bundesregierung pr\u00fcft l\u00e4ngere AKW-Laufzeiten \u2013 Zoff zwischen Gr\u00fcnen und FDP - just-now.NEWS Deutschland","robots":{"index":"index","follow":"follow","max-snippet":"max-snippet:-1","max-image-preview":"max-image-preview:large","max-video-preview":"max-video-preview:-1"},"canonical":"https:\/\/now-news.de\/de\/deutschland\/bundesregierung-prueft-laengere-akw-laufzeiten-zoff-zwischen-gruenen-und-fdp\/","og_locale":"de_DE","og_type":"article","og_title":"Bundesregierung pr\u00fcft l\u00e4ngere AKW-Laufzeiten \u2013 Zoff zwischen Gr\u00fcnen und FDP","og_description":"Die Debatte um eine l\u00e4ngere Laufzeit der letzten deutschen Atomkraftwerke wird zunehmend zu einem Stresstest f\u00fcr die Ampelkoalition. Nun \u00fcberpr\u00fcft die Bundesregierung neue Szenarien. Demnach k\u00f6nnte die Regierung die Atomkraftwerke l\u00e4nger laufen lassen. In der Ampelkoalition gibt es zunehmend Streit um die Verl\u00e4ngerung der Laufzeit von Atomkraftwerken. Noch am Wochenende wiesen f\u00fchrende Gr\u00fcnen-Politiker Forderungen nach [&hellip;]","og_url":"https:\/\/now-news.de\/de\/deutschland\/bundesregierung-prueft-laengere-akw-laufzeiten-zoff-zwischen-gruenen-und-fdp\/","og_site_name":"just-now.NEWS Deutschland","article_publisher":"https:\/\/www.facebook.com\/wirmachenauf","article_published_time":"2022-07-19T06:00:09+00:00","og_image":[{"width":460,"height":259,"url":"https:\/\/now-news.de\/de\/wp-content\/uploads\/sites\/3\/2022\/07\/Bundesregierung-prueft-laengere-AKW-Laufzeiten-\u2013-Zoff-zwischen-Gruenen-und-FDP.jpg","type":"image\/jpeg"}],"author":"rtnews","twitter_card":"summary_large_image","twitter_creator":"@WirMachenAuf_de","twitter_site":"@WirMachenAuf_de","twitter_misc":{"Verfasst von":"rtnews","Gesch\u00e4tzte Lesezeit":"4\u00a0Minuten"},"schema":{"@context":"https:\/\/schema.org","@graph":[{"@type":"Article","@id":"https:\/\/now-news.de\/de\/deutschland\/bundesregierung-prueft-laengere-akw-laufzeiten-zoff-zwischen-gruenen-und-fdp\/#article","isPartOf":{"@id":"https:\/\/now-news.de\/de\/deutschland\/bundesregierung-prueft-laengere-akw-laufzeiten-zoff-zwischen-gruenen-und-fdp\/"},"author":{"name":"rtnews","@id":"https:\/\/now-news.de\/de\/#\/schema\/person\/fb534a4e865501d8b3285208df34a9b5"},"headline":"Bundesregierung pr\u00fcft l\u00e4ngere AKW-Laufzeiten \u2013 Zoff zwischen Gr\u00fcnen und FDP","datePublished":"2022-07-19T06:00:09+00:00","dateModified":"2022-07-19T06:00:09+00:00","mainEntityOfPage":{"@id":"https:\/\/now-news.de\/de\/deutschland\/bundesregierung-prueft-laengere-akw-laufzeiten-zoff-zwischen-gruenen-und-fdp\/"},"wordCount":735,"commentCount":0,"publisher":{"@id":"https:\/\/now-news.de\/de\/#organization"},"image":{"@id":"https:\/\/now-news.de\/de\/deutschland\/bundesregierung-prueft-laengere-akw-laufzeiten-zoff-zwischen-gruenen-und-fdp\/#primaryimage"},"thumbnailUrl":"https:\/\/now-news.de\/de\/wp-content\/uploads\/sites\/3\/2022\/07\/Bundesregierung-prueft-laengere-AKW-Laufzeiten-\u2013-Zoff-zwischen-Gruenen-und-FDP.jpg","keywords":["AKWLaufzeiten","Bundesregierung","FDP","GR\u00dcNEN","l\u00e4ngere","pr\u00fcft","und","Zoff","zwischen"],"articleSection":["Deutschland","Russland"],"inLanguage":"de","potentialAction":[{"@type":"CommentAction","name":"Comment","target":["https:\/\/now-news.de\/de\/deutschland\/bundesregierung-prueft-laengere-akw-laufzeiten-zoff-zwischen-gruenen-und-fdp\/#respond"]}]},{"@type":"WebPage","@id":"https:\/\/now-news.de\/de\/deutschland\/bundesregierung-prueft-laengere-akw-laufzeiten-zoff-zwischen-gruenen-und-fdp\/","url":"https:\/\/now-news.de\/de\/deutschland\/bundesregierung-prueft-laengere-akw-laufzeiten-zoff-zwischen-gruenen-und-fdp\/","name":"Bundesregierung pr\u00fcft l\u00e4ngere AKW-Laufzeiten \u2013 Zoff zwischen Gr\u00fcnen und FDP - just-now.NEWS Deutschland","isPartOf":{"@id":"https:\/\/now-news.de\/de\/#website"},"primaryImageOfPage":{"@id":"https:\/\/now-news.de\/de\/deutschland\/bundesregierung-prueft-laengere-akw-laufzeiten-zoff-zwischen-gruenen-und-fdp\/#primaryimage"},"image":{"@id":"https:\/\/now-news.de\/de\/deutschland\/bundesregierung-prueft-laengere-akw-laufzeiten-zoff-zwischen-gruenen-und-fdp\/#primaryimage"},"thumbnailUrl":"https:\/\/now-news.de\/de\/wp-content\/uploads\/sites\/3\/2022\/07\/Bundesregierung-prueft-laengere-AKW-Laufzeiten-\u2013-Zoff-zwischen-Gruenen-und-FDP.jpg","datePublished":"2022-07-19T06:00:09+00:00","dateModified":"2022-07-19T06:00:09+00:00","breadcrumb":{"@id":"https:\/\/now-news.de\/de\/deutschland\/bundesregierung-prueft-laengere-akw-laufzeiten-zoff-zwischen-gruenen-und-fdp\/#breadcrumb"},"inLanguage":"de","potentialAction":[{"@type":"ReadAction","target":["https:\/\/now-news.de\/de\/deutschland\/bundesregierung-prueft-laengere-akw-laufzeiten-zoff-zwischen-gruenen-und-fdp\/"]}]},{"@type":"ImageObject","inLanguage":"de","@id":"https:\/\/now-news.de\/de\/deutschland\/bundesregierung-prueft-laengere-akw-laufzeiten-zoff-zwischen-gruenen-und-fdp\/#primaryimage","url":"https:\/\/now-news.de\/de\/wp-content\/uploads\/sites\/3\/2022\/07\/Bundesregierung-prueft-laengere-AKW-Laufzeiten-\u2013-Zoff-zwischen-Gruenen-und-FDP.jpg","contentUrl":"https:\/\/now-news.de\/de\/wp-content\/uploads\/sites\/3\/2022\/07\/Bundesregierung-prueft-laengere-AKW-Laufzeiten-\u2013-Zoff-zwischen-Gruenen-und-FDP.jpg","width":460,"height":259,"caption":"Bundesregierung pr\u00fcft l\u00e4ngere AKW-Laufzeiten \u2013 Zoff zwischen Gr\u00fcnen und FDP"},{"@type":"BreadcrumbList","@id":"https:\/\/now-news.de\/de\/deutschland\/bundesregierung-prueft-laengere-akw-laufzeiten-zoff-zwischen-gruenen-und-fdp\/#breadcrumb","itemListElement":[{"@type":"ListItem","position":1,"name":"Home","item":"https:\/\/now-news.de\/de\/"},{"@type":"ListItem","position":2,"name":"Bundesregierung pr\u00fcft l\u00e4ngere AKW-Laufzeiten \u2013 Zoff zwischen Gr\u00fcnen und FDP"}]},{"@type":"WebSite","@id":"https:\/\/now-news.de\/de\/#website","url":"https:\/\/now-news.de\/de\/","name":"just-now.NEWS Deutschland","description":"Das Portal f\u00fcr unzensierte Nachrichten aus der Welt","publisher":{"@id":"https:\/\/now-news.de\/de\/#organization"},"potentialAction":[{"@type":"SearchAction","target":{"@type":"EntryPoint","urlTemplate":"https:\/\/now-news.de\/de\/?s={search_term_string}"},"query-input":"required name=search_term_string"}],"inLanguage":"de"},{"@type":"Organization","@id":"https:\/\/now-news.de\/de\/#organization","name":"Just Now News","url":"https:\/\/now-news.de\/de\/","logo":{"@type":"ImageObject","inLanguage":"de","@id":"https:\/\/now-news.de\/de\/#\/schema\/logo\/image\/","url":"http:\/\/just-now.news\/de\/wp-content\/uploads\/sites\/3\/2022\/04\/logo500x500.jpg","contentUrl":"http:\/\/just-now.news\/de\/wp-content\/uploads\/sites\/3\/2022\/04\/logo500x500.jpg","width":500,"height":500,"caption":"Just Now News"},"image":{"@id":"https:\/\/now-news.de\/de\/#\/schema\/logo\/image\/"},"sameAs":["https:\/\/www.facebook.com\/wirmachenauf","https:\/\/x.com\/WirMachenAuf_de"]},{"@type":"Person","@id":"https:\/\/now-news.de\/de\/#\/schema\/person\/fb534a4e865501d8b3285208df34a9b5","name":"rtnews","image":{"@type":"ImageObject","inLanguage":"de","@id":"https:\/\/now-news.de\/de\/#\/schema\/person\/image\/","url":"https:\/\/secure.gravatar.com\/avatar\/82aafea7d8127119dd649515f56e2117?s=96&d=mm&r=g","contentUrl":"https:\/\/secure.gravatar.com\/avatar\/82aafea7d8127119dd649515f56e2117?s=96&d=mm&r=g","caption":"rtnews"},"url":"https:\/\/now-news.de\/de\/author\/rnews\/"}]}},"_links":{"self":[{"href":"https:\/\/now-news.de\/de\/wp-json\/wp\/v2\/posts\/14275"}],"collection":[{"href":"https:\/\/now-news.de\/de\/wp-json\/wp\/v2\/posts"}],"about":[{"href":"https:\/\/now-news.de\/de\/wp-json\/wp\/v2\/types\/post"}],"author":[{"embeddable":true,"href":"https:\/\/now-news.de\/de\/wp-json\/wp\/v2\/users\/3"}],"replies":[{"embeddable":true,"href":"https:\/\/now-news.de\/de\/wp-json\/wp\/v2\/comments?post=14275"}],"version-history":[{"count":0,"href":"https:\/\/now-news.de\/de\/wp-json\/wp\/v2\/posts\/14275\/revisions"}],"wp:featuredmedia":[{"embeddable":true,"href":"https:\/\/now-news.de\/de\/wp-json\/wp\/v2\/media\/14276"}],"wp:attachment":[{"href":"https:\/\/now-news.de\/de\/wp-json\/wp\/v2\/media?parent=14275"}],"wp:term":[{"taxonomy":"category","embeddable":true,"href":"https:\/\/now-news.de\/de\/wp-json\/wp\/v2\/categories?post=14275"},{"taxonomy":"post_tag","embeddable":true,"href":"https:\/\/now-news.de\/de\/wp-json\/wp\/v2\/tags?post=14275"}],"curies":[{"name":"wp","href":"https:\/\/api.w.org\/{rel}","templated":true}]}}