{"id":14267,"date":"2022-07-19T06:30:37","date_gmt":"2022-07-19T04:30:37","guid":{"rendered":"http:\/\/just-now.news\/de\/deutschland\/mehrere-tausend-teilnehmer-zur-woche-der-demokratie-in-berlin-erwartet\/"},"modified":"2022-07-19T06:30:37","modified_gmt":"2022-07-19T04:30:37","slug":"mehrere-tausend-teilnehmer-zur-woche-der-demokratie-in-berlin-erwartet","status":"publish","type":"post","link":"https:\/\/now-news.de\/de\/deutschland\/mehrere-tausend-teilnehmer-zur-woche-der-demokratie-in-berlin-erwartet\/","title":{"rendered":"Mehrere Tausend Teilnehmer zur &quot;Woche der Demokratie&quot; in Berlin erwartet"},"content":{"rendered":"<p><img decoding=\"async\" src=\"http:\/\/just-now.news\/de\/wp-content\/uploads\/sites\/3\/2022\/07\/62d59e1348fbef45a22c0e60.JPG\" \/><\/p>\n<div class=\"Text-root Text-type_1 \">\n                Unter dem Motto &#8220;Weil Widerstand nie wichtiger war&#8221; ruft das Berliner B\u00fcndnis &#8220;Wir sind viele&#8221; Anfang August zu einer &#8220;Woche der Demokratie&#8221; auf, bei der sich coronakritische Initiativen aus vielen St\u00e4dten an Umz\u00fcgen, Kundgebungen und Kulturveranstaltungen beteiligen.\n            <\/div>\n<p><\/p>\n<div class=\"Text-root Text-type_5 ArticleView-text ViewText-root \">\n<p>&#8220;Wir sind viele&#8221;, ein breites B\u00fcndnis von Initiativen aus dem coronakritischen Spektrum, ruft Aktivisten und Initiativen aus dem ganzen Bundesgebiet dazu auf, vom 30. Juli bis zum 6. August zu einer &#8220;<a rel=\"nofollow noopener\" target=\"_blank\" href=\"https:\/\/wirsindviele.berlin\/#termine\">Woche der Demokratie<\/a>&#8221; nach Berlin zu kommen und in der ersten Augustwoche an den vielf\u00e4ltigen geplanten Umz\u00fcgen, Kundgebungen, Konzerten und Kulturveranstaltungen zum Thema Frieden, Freiheit und Selbstbestimmung teilzunehmen.<\/p>\n<p>Die Hauptprogrammpunkte stehen schon fest: Am 30. Juli wird die Woche der Demokratie mit einem Umzug f\u00fcr Frieden und Freiheit vom Brandenburger Tor bis zum Rosa-Luxemburg-Platz er\u00f6ffnet. Am 31. Juli wird die Partei &#8220;Die Basis&#8221; in einem Berliner Park ihren Geburtstag feiern. Am Tag darauf wird es um 15.00 Uhr einen Marsch zu den Medienorten in der Hauptstadt geben, um 18.00 Uhr wird es einen \u00fcberregionalen Montagsspaziergang geben, der dann mit einer Kundgebung vor dem Bundestag enden wird. Im weiteren Verlauf der Woche wird es unter anderem eine Demonstration von den und f\u00fcr die Besch\u00e4ftigten in der Pflege, eine Protestveranstaltung f\u00fcr die Freilassung von politischen Gefangenen, eine Demonstration der Studenten des Netzwerks &#8220;Studenten stehen auf&#8221; und zum Abschluss der Woche ein gro\u00dfes Friedensfest 2.0 im Mauerpark geben.<\/p>\n<p>Den Initiatoren und Organisatoren der Woche der Demokratie geht es in ihrer Kampagne darum, die Menschen zu ermutigen, ihre eigene Meinung zu sagen, oder anders ausgedr\u00fcckt, &#8220;ihre eigene Meinung nicht mehr zu verbergen&#8221; zu m\u00fcssen. Oder auch darum, zum Ausdruck bringen zu d\u00fcrfen, wenn sie &#8220;f\u00fcr Frieden und Dialog mit Russland&#8221; sind. Und sie wollen sich f\u00fcr das Recht auf freies Atmen einzusetzen.<\/p>\n<p>Besonders wichtig ist ihnen eine ausgewogene Berichterstattung in Bezug auf die COVID-19-Pandemie. In ihrer Presseerkl\u00e4rung zitieren sie dazu ausdr\u00fccklich auch die kritische Bewertung des <a rel=\"nofollow noopener\" target=\"_blank\" href=\"https:\/\/www.tagesschau.de\/gutachten-sachverstaendigenrat-corona-101.pdf\">Corona-Evaluierungsberichts<\/a> des Sachverst\u00e4ndigenausschusses der Bundesregierung (S. 63):<\/p>\n<blockquote>\n<p><em>&#8220;Abweichende Meinungen wurden in der Corona-Pandemie oft vorschnell verurteilt. Wer alternative L\u00f6sungsvorschl\u00e4ge und Denkans\u00e4tze vorschlug, wurde nicht selten ohne ausreichenden Diskurs ins Abseits gestellt.&#8221;<\/em><\/p>\n<\/blockquote>\n<p>Der Forderung nach einer ausgewogenen Berichterstattung werden die Aktivisten deshalb beim Medienmarsch am 1. August vor den Hauptstadtb\u00fcros von <em>ARD<\/em>, <em>ZDF<\/em>, <em>Funke Mediengruppe<\/em>, <em>Tagesspiegel<\/em>, <em>taz<\/em> und <em>Axel-Springer-Verlag<\/em> Ausdruck verleihen. Beim Marsch der Pflegekr\u00e4fte und der Feuerwehrleute am 3. August wird es vorrangig um eine freie Impfentscheidung und gegen eine Impfpflicht gehen.<\/p>\n<p>Im Gespr\u00e4ch mit <em>RT DE<\/em> erkl\u00e4rte eine Aktivistin des Presseteams, dass es schon Zusagen aus den coronakritischen Initiativen verschiedener St\u00e4dte gebe, die ihr Kommen bereits angek\u00fcndigt h\u00e4tten. Die Berliner Organisatoren rechneten deshalb mit mehreren Tausend Aktivisten, die an Veranstaltungen der Woche der Demokratie in Berlin teilnehmen w\u00fcrden.<\/p>\n<p>Nach Aussage des Pressekontaktperson liefen die Vorbereitungen mit den Beh\u00f6rden sehr kooperativ ab. F\u00fcr die Teilnahme an den Demonstrationen h\u00e4tten sich schon einige Umzugswagen und ein Aufgebot von Trommlern aus der ganzen Republik angemeldet.<\/p>\n<p><strong>Mehr zum Thema<\/strong> &#8211; <a rel=\"nofollow noopener\" target=\"_blank\" href=\"https:\/\/test.rtde.tech\/meinung\/135695-bilder-von-dusseldorfer-coronademonstration-hommage\/\">Bilder von der D\u00fcsseldorfer Coronademonstration \u2013 eine Hommage an die Kreativit\u00e4t des Widerstands<\/a><\/p>\n<\/div>\n<p><br \/>\n<br \/><a href=\"https:\/\/de.rt.com\/inland\/143803-mehrere-tausend-teilnehmer-zur-woche\/\">Source link <\/a><\/p>\n","protected":false},"excerpt":{"rendered":"<p>Unter dem Motto &#8220;Weil Widerstand nie wichtiger war&#8221; ruft das Berliner B\u00fcndnis &#8220;Wir sind viele&#8221; Anfang August zu einer &#8220;Woche der Demokratie&#8221; auf, bei der sich coronakritische Initiativen aus vielen St\u00e4dten an Umz\u00fcgen, Kundgebungen und Kulturveranstaltungen beteiligen. &#8220;Wir sind viele&#8221;, ein breites B\u00fcndnis von Initiativen aus dem coronakritischen Spektrum, ruft Aktivisten und Initiativen aus dem [&hellip;]<\/p>\n","protected":false},"author":3,"featured_media":14268,"comment_status":"open","ping_status":"open","sticky":false,"template":"","format":"standard","meta":{"wp_automatic_camp":["217"],"d0c4357a7aadfcdc0ba1713ecae5f0fe":["Mehrere Tausend Teilnehmer zur &quot;Woche der Demokratie&quot; in Berlin erwartet"],"original_link":["https:\/\/de.rt.com\/inland\/143803-mehrere-tausend-teilnehmer-zur-woche\/"],"_thumbnail_id":["14268"],"_wptg_p2tg_sent2tg":["2022-07-19 06:43:43"],"jnews_social_counter_last_update":["1777270121"]},"categories":[19,23],"tags":[943,6160,82,19917,3653,28443,28442,20415,581],"yoast_head":"<!-- This site is optimized with the Yoast SEO Premium plugin v22.7 (Yoast SEO v22.7) - https:\/\/yoast.com\/wordpress\/plugins\/seo\/ -->\n<title>Mehrere Tausend Teilnehmer zur &quot;Woche der Demokratie&quot; in Berlin erwartet - just-now.NEWS Deutschland<\/title>\n<meta name=\"robots\" content=\"index, follow, max-snippet:-1, max-image-preview:large, max-video-preview:-1\" \/>\n<link rel=\"canonical\" href=\"https:\/\/now-news.de\/de\/deutschland\/mehrere-tausend-teilnehmer-zur-woche-der-demokratie-in-berlin-erwartet\/\" \/>\n<meta property=\"og:locale\" content=\"de_DE\" \/>\n<meta property=\"og:type\" content=\"article\" \/>\n<meta property=\"og:title\" content=\"Mehrere Tausend Teilnehmer zur &quot;Woche der Demokratie&quot; in Berlin erwartet\" \/>\n<meta property=\"og:description\" content=\"Unter dem Motto &#8220;Weil Widerstand nie wichtiger war&#8221; ruft das Berliner B\u00fcndnis &#8220;Wir sind viele&#8221; Anfang August zu einer &#8220;Woche der Demokratie&#8221; auf, bei der sich coronakritische Initiativen aus vielen St\u00e4dten an Umz\u00fcgen, Kundgebungen und Kulturveranstaltungen beteiligen. &#8220;Wir sind viele&#8221;, ein breites B\u00fcndnis von Initiativen aus dem coronakritischen Spektrum, ruft Aktivisten und Initiativen aus dem [&hellip;]\" \/>\n<meta property=\"og:url\" content=\"https:\/\/now-news.de\/de\/deutschland\/mehrere-tausend-teilnehmer-zur-woche-der-demokratie-in-berlin-erwartet\/\" \/>\n<meta property=\"og:site_name\" content=\"just-now.NEWS Deutschland\" \/>\n<meta property=\"article:publisher\" content=\"https:\/\/www.facebook.com\/wirmachenauf\" \/>\n<meta property=\"article:published_time\" content=\"2022-07-19T04:30:37+00:00\" \/>\n<meta property=\"og:image\" content=\"https:\/\/now-news.de\/de\/wp-content\/uploads\/sites\/3\/2022\/07\/Mehrere-Tausend-Teilnehmer-zur-quotWoche-der-Demokratiequot-in-Berlin-erwartet.JPG\" \/>\n\t<meta property=\"og:image:width\" content=\"460\" \/>\n\t<meta property=\"og:image:height\" content=\"259\" \/>\n\t<meta property=\"og:image:type\" content=\"image\/jpeg\" \/>\n<meta name=\"author\" content=\"rtnews\" \/>\n<meta name=\"twitter:card\" content=\"summary_large_image\" \/>\n<meta name=\"twitter:creator\" content=\"@WirMachenAuf_de\" \/>\n<meta name=\"twitter:site\" content=\"@WirMachenAuf_de\" \/>\n<meta name=\"twitter:label1\" content=\"Verfasst von\" \/>\n\t<meta name=\"twitter:data1\" content=\"rtnews\" \/>\n\t<meta name=\"twitter:label2\" content=\"Gesch\u00e4tzte Lesezeit\" \/>\n\t<meta name=\"twitter:data2\" content=\"3\u00a0Minuten\" \/>\n<script type=\"application\/ld+json\" class=\"yoast-schema-graph\">{\"@context\":\"https:\/\/schema.org\",\"@graph\":[{\"@type\":\"Article\",\"@id\":\"https:\/\/now-news.de\/de\/deutschland\/mehrere-tausend-teilnehmer-zur-woche-der-demokratie-in-berlin-erwartet\/#article\",\"isPartOf\":{\"@id\":\"https:\/\/now-news.de\/de\/deutschland\/mehrere-tausend-teilnehmer-zur-woche-der-demokratie-in-berlin-erwartet\/\"},\"author\":{\"name\":\"rtnews\",\"@id\":\"https:\/\/now-news.de\/de\/#\/schema\/person\/fb534a4e865501d8b3285208df34a9b5\"},\"headline\":\"Mehrere Tausend Teilnehmer zur &quot;Woche der Demokratie&quot; in Berlin erwartet\",\"datePublished\":\"2022-07-19T04:30:37+00:00\",\"dateModified\":\"2022-07-19T04:30:37+00:00\",\"mainEntityOfPage\":{\"@id\":\"https:\/\/now-news.de\/de\/deutschland\/mehrere-tausend-teilnehmer-zur-woche-der-demokratie-in-berlin-erwartet\/\"},\"wordCount\":531,\"commentCount\":0,\"publisher\":{\"@id\":\"https:\/\/now-news.de\/de\/#organization\"},\"image\":{\"@id\":\"https:\/\/now-news.de\/de\/deutschland\/mehrere-tausend-teilnehmer-zur-woche-der-demokratie-in-berlin-erwartet\/#primaryimage\"},\"thumbnailUrl\":\"https:\/\/now-news.de\/de\/wp-content\/uploads\/sites\/3\/2022\/07\/Mehrere-Tausend-Teilnehmer-zur-quotWoche-der-Demokratiequot-in-Berlin-erwartet.JPG\",\"keywords\":[\"Berlin\",\"Demokratiequot\",\"der\",\"erwartet\",\"mehrere\",\"quotWoche\",\"Tausend\",\"Teilnehmer\",\"zur\"],\"articleSection\":[\"Deutschland\",\"Russland\"],\"inLanguage\":\"de\",\"potentialAction\":[{\"@type\":\"CommentAction\",\"name\":\"Comment\",\"target\":[\"https:\/\/now-news.de\/de\/deutschland\/mehrere-tausend-teilnehmer-zur-woche-der-demokratie-in-berlin-erwartet\/#respond\"]}]},{\"@type\":\"WebPage\",\"@id\":\"https:\/\/now-news.de\/de\/deutschland\/mehrere-tausend-teilnehmer-zur-woche-der-demokratie-in-berlin-erwartet\/\",\"url\":\"https:\/\/now-news.de\/de\/deutschland\/mehrere-tausend-teilnehmer-zur-woche-der-demokratie-in-berlin-erwartet\/\",\"name\":\"Mehrere Tausend Teilnehmer zur &quot;Woche der Demokratie&quot; in Berlin erwartet - just-now.NEWS Deutschland\",\"isPartOf\":{\"@id\":\"https:\/\/now-news.de\/de\/#website\"},\"primaryImageOfPage\":{\"@id\":\"https:\/\/now-news.de\/de\/deutschland\/mehrere-tausend-teilnehmer-zur-woche-der-demokratie-in-berlin-erwartet\/#primaryimage\"},\"image\":{\"@id\":\"https:\/\/now-news.de\/de\/deutschland\/mehrere-tausend-teilnehmer-zur-woche-der-demokratie-in-berlin-erwartet\/#primaryimage\"},\"thumbnailUrl\":\"https:\/\/now-news.de\/de\/wp-content\/uploads\/sites\/3\/2022\/07\/Mehrere-Tausend-Teilnehmer-zur-quotWoche-der-Demokratiequot-in-Berlin-erwartet.JPG\",\"datePublished\":\"2022-07-19T04:30:37+00:00\",\"dateModified\":\"2022-07-19T04:30:37+00:00\",\"breadcrumb\":{\"@id\":\"https:\/\/now-news.de\/de\/deutschland\/mehrere-tausend-teilnehmer-zur-woche-der-demokratie-in-berlin-erwartet\/#breadcrumb\"},\"inLanguage\":\"de\",\"potentialAction\":[{\"@type\":\"ReadAction\",\"target\":[\"https:\/\/now-news.de\/de\/deutschland\/mehrere-tausend-teilnehmer-zur-woche-der-demokratie-in-berlin-erwartet\/\"]}]},{\"@type\":\"ImageObject\",\"inLanguage\":\"de\",\"@id\":\"https:\/\/now-news.de\/de\/deutschland\/mehrere-tausend-teilnehmer-zur-woche-der-demokratie-in-berlin-erwartet\/#primaryimage\",\"url\":\"https:\/\/now-news.de\/de\/wp-content\/uploads\/sites\/3\/2022\/07\/Mehrere-Tausend-Teilnehmer-zur-quotWoche-der-Demokratiequot-in-Berlin-erwartet.JPG\",\"contentUrl\":\"https:\/\/now-news.de\/de\/wp-content\/uploads\/sites\/3\/2022\/07\/Mehrere-Tausend-Teilnehmer-zur-quotWoche-der-Demokratiequot-in-Berlin-erwartet.JPG\",\"width\":460,\"height\":259,\"caption\":\"Mehrere Tausend Teilnehmer zur &quot;Woche der Demokratie&quot; in Berlin erwartet\"},{\"@type\":\"BreadcrumbList\",\"@id\":\"https:\/\/now-news.de\/de\/deutschland\/mehrere-tausend-teilnehmer-zur-woche-der-demokratie-in-berlin-erwartet\/#breadcrumb\",\"itemListElement\":[{\"@type\":\"ListItem\",\"position\":1,\"name\":\"Home\",\"item\":\"https:\/\/now-news.de\/de\/\"},{\"@type\":\"ListItem\",\"position\":2,\"name\":\"Mehrere Tausend Teilnehmer zur &quot;Woche der Demokratie&quot; in Berlin erwartet\"}]},{\"@type\":\"WebSite\",\"@id\":\"https:\/\/now-news.de\/de\/#website\",\"url\":\"https:\/\/now-news.de\/de\/\",\"name\":\"just-now.NEWS Deutschland\",\"description\":\"Das Portal f\u00fcr unzensierte Nachrichten aus der Welt\",\"publisher\":{\"@id\":\"https:\/\/now-news.de\/de\/#organization\"},\"potentialAction\":[{\"@type\":\"SearchAction\",\"target\":{\"@type\":\"EntryPoint\",\"urlTemplate\":\"https:\/\/now-news.de\/de\/?s={search_term_string}\"},\"query-input\":\"required name=search_term_string\"}],\"inLanguage\":\"de\"},{\"@type\":\"Organization\",\"@id\":\"https:\/\/now-news.de\/de\/#organization\",\"name\":\"Just Now News\",\"url\":\"https:\/\/now-news.de\/de\/\",\"logo\":{\"@type\":\"ImageObject\",\"inLanguage\":\"de\",\"@id\":\"https:\/\/now-news.de\/de\/#\/schema\/logo\/image\/\",\"url\":\"http:\/\/just-now.news\/de\/wp-content\/uploads\/sites\/3\/2022\/04\/logo500x500.jpg\",\"contentUrl\":\"http:\/\/just-now.news\/de\/wp-content\/uploads\/sites\/3\/2022\/04\/logo500x500.jpg\",\"width\":500,\"height\":500,\"caption\":\"Just Now News\"},\"image\":{\"@id\":\"https:\/\/now-news.de\/de\/#\/schema\/logo\/image\/\"},\"sameAs\":[\"https:\/\/www.facebook.com\/wirmachenauf\",\"https:\/\/x.com\/WirMachenAuf_de\"]},{\"@type\":\"Person\",\"@id\":\"https:\/\/now-news.de\/de\/#\/schema\/person\/fb534a4e865501d8b3285208df34a9b5\",\"name\":\"rtnews\",\"image\":{\"@type\":\"ImageObject\",\"inLanguage\":\"de\",\"@id\":\"https:\/\/now-news.de\/de\/#\/schema\/person\/image\/\",\"url\":\"https:\/\/secure.gravatar.com\/avatar\/82aafea7d8127119dd649515f56e2117?s=96&d=mm&r=g\",\"contentUrl\":\"https:\/\/secure.gravatar.com\/avatar\/82aafea7d8127119dd649515f56e2117?s=96&d=mm&r=g\",\"caption\":\"rtnews\"},\"url\":\"https:\/\/now-news.de\/de\/author\/rnews\/\"}]}<\/script>\n<!-- \/ Yoast SEO Premium plugin. -->","yoast_head_json":{"title":"Mehrere Tausend Teilnehmer zur &quot;Woche der Demokratie&quot; in Berlin erwartet - just-now.NEWS Deutschland","robots":{"index":"index","follow":"follow","max-snippet":"max-snippet:-1","max-image-preview":"max-image-preview:large","max-video-preview":"max-video-preview:-1"},"canonical":"https:\/\/now-news.de\/de\/deutschland\/mehrere-tausend-teilnehmer-zur-woche-der-demokratie-in-berlin-erwartet\/","og_locale":"de_DE","og_type":"article","og_title":"Mehrere Tausend Teilnehmer zur &quot;Woche der Demokratie&quot; in Berlin erwartet","og_description":"Unter dem Motto &#8220;Weil Widerstand nie wichtiger war&#8221; ruft das Berliner B\u00fcndnis &#8220;Wir sind viele&#8221; Anfang August zu einer &#8220;Woche der Demokratie&#8221; auf, bei der sich coronakritische Initiativen aus vielen St\u00e4dten an Umz\u00fcgen, Kundgebungen und Kulturveranstaltungen beteiligen. &#8220;Wir sind viele&#8221;, ein breites B\u00fcndnis von Initiativen aus dem coronakritischen Spektrum, ruft Aktivisten und Initiativen aus dem [&hellip;]","og_url":"https:\/\/now-news.de\/de\/deutschland\/mehrere-tausend-teilnehmer-zur-woche-der-demokratie-in-berlin-erwartet\/","og_site_name":"just-now.NEWS Deutschland","article_publisher":"https:\/\/www.facebook.com\/wirmachenauf","article_published_time":"2022-07-19T04:30:37+00:00","og_image":[{"width":460,"height":259,"url":"https:\/\/now-news.de\/de\/wp-content\/uploads\/sites\/3\/2022\/07\/Mehrere-Tausend-Teilnehmer-zur-quotWoche-der-Demokratiequot-in-Berlin-erwartet.JPG","type":"image\/jpeg"}],"author":"rtnews","twitter_card":"summary_large_image","twitter_creator":"@WirMachenAuf_de","twitter_site":"@WirMachenAuf_de","twitter_misc":{"Verfasst von":"rtnews","Gesch\u00e4tzte Lesezeit":"3\u00a0Minuten"},"schema":{"@context":"https:\/\/schema.org","@graph":[{"@type":"Article","@id":"https:\/\/now-news.de\/de\/deutschland\/mehrere-tausend-teilnehmer-zur-woche-der-demokratie-in-berlin-erwartet\/#article","isPartOf":{"@id":"https:\/\/now-news.de\/de\/deutschland\/mehrere-tausend-teilnehmer-zur-woche-der-demokratie-in-berlin-erwartet\/"},"author":{"name":"rtnews","@id":"https:\/\/now-news.de\/de\/#\/schema\/person\/fb534a4e865501d8b3285208df34a9b5"},"headline":"Mehrere Tausend Teilnehmer zur &quot;Woche der Demokratie&quot; in Berlin erwartet","datePublished":"2022-07-19T04:30:37+00:00","dateModified":"2022-07-19T04:30:37+00:00","mainEntityOfPage":{"@id":"https:\/\/now-news.de\/de\/deutschland\/mehrere-tausend-teilnehmer-zur-woche-der-demokratie-in-berlin-erwartet\/"},"wordCount":531,"commentCount":0,"publisher":{"@id":"https:\/\/now-news.de\/de\/#organization"},"image":{"@id":"https:\/\/now-news.de\/de\/deutschland\/mehrere-tausend-teilnehmer-zur-woche-der-demokratie-in-berlin-erwartet\/#primaryimage"},"thumbnailUrl":"https:\/\/now-news.de\/de\/wp-content\/uploads\/sites\/3\/2022\/07\/Mehrere-Tausend-Teilnehmer-zur-quotWoche-der-Demokratiequot-in-Berlin-erwartet.JPG","keywords":["Berlin","Demokratiequot","der","erwartet","mehrere","quotWoche","Tausend","Teilnehmer","zur"],"articleSection":["Deutschland","Russland"],"inLanguage":"de","potentialAction":[{"@type":"CommentAction","name":"Comment","target":["https:\/\/now-news.de\/de\/deutschland\/mehrere-tausend-teilnehmer-zur-woche-der-demokratie-in-berlin-erwartet\/#respond"]}]},{"@type":"WebPage","@id":"https:\/\/now-news.de\/de\/deutschland\/mehrere-tausend-teilnehmer-zur-woche-der-demokratie-in-berlin-erwartet\/","url":"https:\/\/now-news.de\/de\/deutschland\/mehrere-tausend-teilnehmer-zur-woche-der-demokratie-in-berlin-erwartet\/","name":"Mehrere Tausend Teilnehmer zur &quot;Woche der Demokratie&quot; in Berlin erwartet - just-now.NEWS Deutschland","isPartOf":{"@id":"https:\/\/now-news.de\/de\/#website"},"primaryImageOfPage":{"@id":"https:\/\/now-news.de\/de\/deutschland\/mehrere-tausend-teilnehmer-zur-woche-der-demokratie-in-berlin-erwartet\/#primaryimage"},"image":{"@id":"https:\/\/now-news.de\/de\/deutschland\/mehrere-tausend-teilnehmer-zur-woche-der-demokratie-in-berlin-erwartet\/#primaryimage"},"thumbnailUrl":"https:\/\/now-news.de\/de\/wp-content\/uploads\/sites\/3\/2022\/07\/Mehrere-Tausend-Teilnehmer-zur-quotWoche-der-Demokratiequot-in-Berlin-erwartet.JPG","datePublished":"2022-07-19T04:30:37+00:00","dateModified":"2022-07-19T04:30:37+00:00","breadcrumb":{"@id":"https:\/\/now-news.de\/de\/deutschland\/mehrere-tausend-teilnehmer-zur-woche-der-demokratie-in-berlin-erwartet\/#breadcrumb"},"inLanguage":"de","potentialAction":[{"@type":"ReadAction","target":["https:\/\/now-news.de\/de\/deutschland\/mehrere-tausend-teilnehmer-zur-woche-der-demokratie-in-berlin-erwartet\/"]}]},{"@type":"ImageObject","inLanguage":"de","@id":"https:\/\/now-news.de\/de\/deutschland\/mehrere-tausend-teilnehmer-zur-woche-der-demokratie-in-berlin-erwartet\/#primaryimage","url":"https:\/\/now-news.de\/de\/wp-content\/uploads\/sites\/3\/2022\/07\/Mehrere-Tausend-Teilnehmer-zur-quotWoche-der-Demokratiequot-in-Berlin-erwartet.JPG","contentUrl":"https:\/\/now-news.de\/de\/wp-content\/uploads\/sites\/3\/2022\/07\/Mehrere-Tausend-Teilnehmer-zur-quotWoche-der-Demokratiequot-in-Berlin-erwartet.JPG","width":460,"height":259,"caption":"Mehrere Tausend Teilnehmer zur &quot;Woche der Demokratie&quot; in Berlin erwartet"},{"@type":"BreadcrumbList","@id":"https:\/\/now-news.de\/de\/deutschland\/mehrere-tausend-teilnehmer-zur-woche-der-demokratie-in-berlin-erwartet\/#breadcrumb","itemListElement":[{"@type":"ListItem","position":1,"name":"Home","item":"https:\/\/now-news.de\/de\/"},{"@type":"ListItem","position":2,"name":"Mehrere Tausend Teilnehmer zur &quot;Woche der Demokratie&quot; in Berlin erwartet"}]},{"@type":"WebSite","@id":"https:\/\/now-news.de\/de\/#website","url":"https:\/\/now-news.de\/de\/","name":"just-now.NEWS Deutschland","description":"Das Portal f\u00fcr unzensierte Nachrichten aus der Welt","publisher":{"@id":"https:\/\/now-news.de\/de\/#organization"},"potentialAction":[{"@type":"SearchAction","target":{"@type":"EntryPoint","urlTemplate":"https:\/\/now-news.de\/de\/?s={search_term_string}"},"query-input":"required name=search_term_string"}],"inLanguage":"de"},{"@type":"Organization","@id":"https:\/\/now-news.de\/de\/#organization","name":"Just Now News","url":"https:\/\/now-news.de\/de\/","logo":{"@type":"ImageObject","inLanguage":"de","@id":"https:\/\/now-news.de\/de\/#\/schema\/logo\/image\/","url":"http:\/\/just-now.news\/de\/wp-content\/uploads\/sites\/3\/2022\/04\/logo500x500.jpg","contentUrl":"http:\/\/just-now.news\/de\/wp-content\/uploads\/sites\/3\/2022\/04\/logo500x500.jpg","width":500,"height":500,"caption":"Just Now News"},"image":{"@id":"https:\/\/now-news.de\/de\/#\/schema\/logo\/image\/"},"sameAs":["https:\/\/www.facebook.com\/wirmachenauf","https:\/\/x.com\/WirMachenAuf_de"]},{"@type":"Person","@id":"https:\/\/now-news.de\/de\/#\/schema\/person\/fb534a4e865501d8b3285208df34a9b5","name":"rtnews","image":{"@type":"ImageObject","inLanguage":"de","@id":"https:\/\/now-news.de\/de\/#\/schema\/person\/image\/","url":"https:\/\/secure.gravatar.com\/avatar\/82aafea7d8127119dd649515f56e2117?s=96&d=mm&r=g","contentUrl":"https:\/\/secure.gravatar.com\/avatar\/82aafea7d8127119dd649515f56e2117?s=96&d=mm&r=g","caption":"rtnews"},"url":"https:\/\/now-news.de\/de\/author\/rnews\/"}]}},"_links":{"self":[{"href":"https:\/\/now-news.de\/de\/wp-json\/wp\/v2\/posts\/14267"}],"collection":[{"href":"https:\/\/now-news.de\/de\/wp-json\/wp\/v2\/posts"}],"about":[{"href":"https:\/\/now-news.de\/de\/wp-json\/wp\/v2\/types\/post"}],"author":[{"embeddable":true,"href":"https:\/\/now-news.de\/de\/wp-json\/wp\/v2\/users\/3"}],"replies":[{"embeddable":true,"href":"https:\/\/now-news.de\/de\/wp-json\/wp\/v2\/comments?post=14267"}],"version-history":[{"count":0,"href":"https:\/\/now-news.de\/de\/wp-json\/wp\/v2\/posts\/14267\/revisions"}],"wp:featuredmedia":[{"embeddable":true,"href":"https:\/\/now-news.de\/de\/wp-json\/wp\/v2\/media\/14268"}],"wp:attachment":[{"href":"https:\/\/now-news.de\/de\/wp-json\/wp\/v2\/media?parent=14267"}],"wp:term":[{"taxonomy":"category","embeddable":true,"href":"https:\/\/now-news.de\/de\/wp-json\/wp\/v2\/categories?post=14267"},{"taxonomy":"post_tag","embeddable":true,"href":"https:\/\/now-news.de\/de\/wp-json\/wp\/v2\/tags?post=14267"}],"curies":[{"name":"wp","href":"https:\/\/api.w.org\/{rel}","templated":true}]}}