{"id":14234,"date":"2022-07-18T21:13:48","date_gmt":"2022-07-18T19:13:48","guid":{"rendered":"http:\/\/just-now.news\/de\/deutschland\/scholz-verplappert-sich-lag-der-moment-des-verrats-deutscher-interessen-schon-im-dezember\/"},"modified":"2022-07-18T21:13:48","modified_gmt":"2022-07-18T19:13:48","slug":"scholz-verplappert-sich-lag-der-moment-des-verrats-deutscher-interessen-schon-im-dezember","status":"publish","type":"post","link":"https:\/\/now-news.de\/de\/deutschland\/scholz-verplappert-sich-lag-der-moment-des-verrats-deutscher-interessen-schon-im-dezember\/","title":{"rendered":"Scholz verplappert sich \u2013 Lag der Moment des Verrats deutscher Interessen schon im Dezember?"},"content":{"rendered":"<p><img decoding=\"async\" src=\"http:\/\/just-now.news\/de\/wp-content\/uploads\/sites\/3\/2022\/07\/62d56236b480cc07d547f4ca.jpg\" \/><\/p>\n<div class=\"Text-root Text-type_1 \">\n                Sind sie dumm, unterw\u00fcrfig oder b\u00f6sartig? Das muss man sich angesichts der EU-Sanktionen und ihrer Folgen bez\u00fcglich der Mitglieder dieser Bundesregierung fragen. Nun hat Olaf Scholz verraten, dass schon im Dezember, also drei Monate vor Verh\u00e4ngung der Sanktionen, \u00fcber deren Folgen nachgedacht wurde.\n            <\/div>\n<p><\/p>\n<div class=\"Text-root Text-type_5 ArticleView-text ViewText-root \">\n<p><em>von Dagmar Henn<\/em><\/p>\n<p>Wusste Olaf Scholz, was er da <a rel=\"nofollow noopener\" target=\"_blank\" href=\"https:\/\/www.faz.net\/aktuell\/politik\/die-gegenwart\/bundeskanzler-olaf-scholz-zum-ukraine-krieg-brauchen-geopolitische-eu-18176580.html?premium\">schrieb<\/a>, als er in seinem Gastbeitrag f\u00fcr die <em>FAZ<\/em> die Vorbereitungen seiner Regierung auf die Russland-Sanktionen mit einem Datum versah? Diese Aussage muss man sich genauer ansehen:<\/p>\n<blockquote>\n<p><em>&#8220;Schon im vergangenen Dezember, also zwei Monate vor Kriegsbeginn, haben wir uns mit der Frage auseinandergesetzt, wie wir im Fall der F\u00e4lle die Energieversorgung unseres Landes sicherstellen k\u00f6nnen.&#8221;<\/em><\/p>\n<\/blockquote>\n<p>Ein Blinder mit dem Kr\u00fcckstock erkennt, dass diese Vorbereitung allerdings nicht allzu viel wert war, au\u00dfer sie w\u00e4re mit dem Ziel erfolgt, die breiten Massen in Deutschland m\u00f6glichst sicher verarmen zu lassen. Aber das ist noch nicht einmal das Entscheidende in dieser Aussage.<\/p>\n<p>&#8220;Schon im vergangenen Dezember &#8230;&#8221;? Am 15. Dezember <a rel=\"nofollow noopener\" target=\"_blank\" href=\"https:\/\/de.rt.com\/russland\/128618-keine-weitere-osterweiterung-russland-legt-entwurf-sicherheitsvertrags-mit-usa-nato-vor\/\">\u00fcbergab<\/a> das russische Au\u00dfenministerium den russischen Forderungskatalog mit gegenseitigen Sicherheitsgarantie-Angeboten, der im Kern eine Neutralit\u00e4t der Ukraine und einen Verzicht auf eine weitere Ausdehnung der NATO verlangte. Realisierbare Forderungen, sollte man meinen. Dass seitens der USA ein Eingehen darauf nie auch nur in Erw\u00e4gung gezogen wurde, \u00fcberrascht nicht. Aber dass sich \u2013 wenn man Scholz&#8217; Aussage ernst nimmt \u2013 auch die deutsche Bundesregierung sofort auf ein Ignorieren der dringenden Aufrufe und damit auf eine Eskalation eingestellt h\u00e4tte, das wundert doch ein wenig.<\/p>\n<p>Der Dezember ist ein kurzer Arbeitsmonat; die erw\u00e4hnte Auseinandersetzung muss demzufolge zwischen dem 15. Dezember als Tag der offiziellen \u00dcbergabe und dem 1. Weihnachtsfeiertag erfolgt sein. Unmittelbar davor <a rel=\"nofollow noopener\" target=\"_blank\" href=\"https:\/\/de.rt.com\/europa\/128534-scholz-macron-selenskij-treffen-brussel-minsker-abkommen\/\">hatte<\/a> sich Scholz noch mit Macron und Selenskij in Br\u00fcssel getroffen und angeblich die Umsetzung der Minsker Vereinbarungen besprochen.<\/p>\n<p>Im R\u00fcckblick wirkt das noch bizarrer als damals schon. Diese Mischung aus Gerede \u00fcber diese Vereinbarungen, das nie wirklich ernst gemeint war, und Aufr\u00fcstung der Ukraine wie der NATO, gekoppelt mit der immerw\u00e4hrenden Behauptung einer russischen Aggressivit\u00e4t<a rel=\"nofollow noopener\" target=\"_blank\" href=\"https:\/\/de.rt.com\/europa\/128476-ukraine-wird-im-jahr-2022-nato-pr%C3%A4senz-land-erheblich-erweitern\/\">,<\/a> w\u00e4hrend in Wirklichkeit die ukrainischen Truppen im Donbass stetig <a rel=\"nofollow noopener\" target=\"_blank\" href=\"https:\/\/de.rt.com\/international\/128985-osze-meldet-200-verstosse-gegen-waffenstillstand\/\">heftiger<\/a> in die abtr\u00fcnnigen St\u00e4dte feuerten.<\/p>\n<p>Noch Mitte Januar \u2013 w\u00e4hrend Baerbocks Besuch in Moskau \u2013 sollten eigentlich die Minsker Vereinbarungen <em>das<\/em> Mittel sein, mit dem ein gr\u00f6\u00dferer milit\u00e4rischer Konflikt in der Ukraine h\u00e4tte verhindert werden k\u00f6nnen. H\u00e4tte &#8230; es wurde wohl nichts. Inzwischen wissen wir \u2013 dank Petro Poroschenko \u2013 dass die neuen Regierungen in Kiew seit 2014 nie vorhatten, die Minsker Vereinbarungen jemals umzusetzen. Weil Scholz schon im Dezember 2021 &#8220;im Fall der F\u00e4lle die Energieversorgung sicherstellen&#8221; wollte, wissen wir jetzt auch nachweislich, dass offenbar auch die deutsche Bundesregierung dies ebenfalls nicht wollte.<\/p>\n<p>Seit dem Beginn der russischen Milit\u00e4roperation in der Ukraine wird im Westen so getan, als g\u00e4be es da eine klar erkennbare Linie, als lie\u00dfe sich die Zeit ordentlich in einen Abschnitt &#8220;Frieden&#8221; und einen Abschnitt &#8220;Krieg&#8221; teilen und als sei diese Linie eindeutig von einem einzigen Schuldigen \u2013 n\u00e4mlich Russland \u2013 \u00fcberschritten worden.<\/p>\n<p>Ende Januar <a rel=\"nofollow noopener\" target=\"_blank\" href=\"https:\/\/de.rt.com\/international\/130619-treffen-normandie-format-beraterebene-paris-keine-fortschritte-russland\/\">gab<\/a> es noch einmal ein Treffen im sogenannten Normandie-Format, jener Zusammensetzung, bei der die franz\u00f6sischen und deutschen Vertreter dem direkten Zusammentreffen mit Vertretern der beiden Volksrepubliken Donezk und Lugansk erfolgreich entrinnen konnten. Auch das war solch eine wohlorganisierte Heuchelei, denn nach allen ernstzunehmenden <a rel=\"nofollow noopener\" target=\"_blank\" href=\"https:\/\/de.rt.com\/meinung\/128143-minsker-vereinbarungen-oder-wie-schliesst\/\">Kriterien<\/a> einer wirklichen Entwicklung hin zu einem Frieden w\u00e4re die direkte Beteiligung der Donezker und Lugansker Vertreter an Verhandlungen mit Erfolgsaussicht unabdingbar gewesen.<\/p>\n<p>Ende Dezember wurde \u00fcbrigens gemeldet, Nord Stream 2 sei mit technischem Gas bef\u00fcllt und damit technisch betriebsbereit. Da hatte die Regierung Scholz angeblich aber schon den &#8220;Fall der F\u00e4lle&#8221; bearbeitet. War sie von den US-amerikanischen &#8220;Freunden&#8221; da bereits \u00fcber den Inhalt des beabsichtigten Sanktionspakets informiert worden?<\/p>\n<p>Mitte Januar hatte Olaf Scholz bei seinem Besuch in Moskau noch <a rel=\"nofollow noopener\" target=\"_blank\" href=\"https:\/\/de.rt.com\/meinung\/143785-scholz-verplappert-sich-lag-moment\/view\/620c01fab480cc120b33f856\">get\u00f6nt<\/a>: &#8220;Es ist unsere verdammte Pflicht und Aufgabe als Staats- und Regierungschefs zu verhindern, dass es in Europa zu einer kriegerischen Eskalation kommt.&#8221; Am 8. Februar <a rel=\"nofollow noopener\" target=\"_blank\" href=\"https:\/\/de.rt.com\/europa\/131237-frieden-ist-unser-groesster-schatz-pressekonferenz-scholz-duda-macron\/\">stellten<\/a> sich Macron, Duda und Scholz vor die Presse und erkl\u00e4rten, &#8220;Frieden ist unser gr\u00f6\u00dfter Schatz&#8221;. Am Vortag erst hatte Scholz nicht reagiert auf die <a rel=\"nofollow noopener\" target=\"_blank\" href=\"https:\/\/de.rt.com\/international\/131173-joe-biden-olaf-scholz\/\">Ank\u00fcndigung<\/a> des US-Pr\u00e4sidenten Joe Biden bei der gemeinsamen Pressekonferenz in Washington, der n\u00e4mlich werde daf\u00fcr sorgen, dass Nord Stream 2 nicht in Betrieb geht.<\/p>\n<p>Die neue deutsche Au\u00dfenministerin Annalena Baerbock hatte zu diesem Zeitpunkt \u00fcbrigens bereits <a rel=\"nofollow noopener\" target=\"_blank\" href=\"https:\/\/de.rt.com\/international\/131165-baerbock-zur-ukraine-krise-wir-sind-bereit-hohen-wirtschaftlichen-preis-zu-zahlen\/\">angek\u00fcndigt<\/a>, &#8220;man&#8221; sei bereit, f\u00fcr die Ukraine &#8220;einen hohen wirtschaftlichen Preis zu zahlen&#8221;. Das wirkte damals noch wie ein unkontrolliertes Vorpreschen des gr\u00fcnen Koalitionspartners, dessen transatlantische Unterw\u00fcrfigkeit ohnehin keine Grenzen kennt.<\/p>\n<p>Was aber war wirklich Beschlusslage der Bundesregierung zwischen Anfang Dezember und Ende Februar? Hat man sich \u00fcberhaupt ernsthaft mit den Angeboten und Forderungen befasst, die das russische Au\u00dfenministerium am 15. Dezember \u00fcberreicht hatte? Oder war nicht vielmehr von vornherein klar, dass man den US-amerikanischen Eskalationskurs mittragen werde, und diente also das ganze Friedensgerede nur der T\u00e4uschung des Publikums?<\/p>\n<p>Es gibt einige Punkte, die klar sind. Die Bundesregierung war \u00fcber den ukrainischen <a rel=\"nofollow noopener\" target=\"_blank\" href=\"https:\/\/de.rt.com\/europa\/131344-donbass-bewohner-zum-schwelenden-krieg-ohne-russland-halten-wir-amngriff-ukraine-nicht-stand\/\">Aufmarsch<\/a> im Donbass und die entsprechenden Angriffsvorbereitungen der ukrainischen Armee informiert \u2013 wenn nicht von den US-Amerikanern, dann aus \u00f6ffentlich zug\u00e4nglichen Quellen sowie aus der eigenen Aufkl\u00e4rung durch Satelliten der Bundeswehr. Sie kannte auch die bedrohliche Aussage des ukrainischen Pr\u00e4sidenten Selenskij auf der M\u00fcnchner Sicherheitskonferenz, er wolle das Budapester Memorandum ignorieren \u2013 sprich, nach atomarer Bewaffnung der Ukraine streben. Sie wusste durch die OSZE, welche Intensit\u00e4t der ukrainische Beschuss des Donbass angenommen hatte. Und aller Wahrscheinlichkeit nach wusste sie von Anbeginn, dass f\u00fcr Kiew die Minsker Vereinbarungen nur ein Mittel waren, um Zeit zu gewinnen; und wenn nicht, dann h\u00e4tte sie zumindest starke Vermutungen in diese Richtung hegen m\u00fcssen.<\/p>\n<p>Bis zur Anerkennung der Donbass-Republiken durch Russland am 21. Februar bestand objektiv die M\u00f6glichkeit, die &#8220;verdammte Pflicht&#8221; zu erf\u00fcllen, indem auf die Ukraine endlich Druck ausge\u00fcbt worden w\u00e4re, die Minsker Vereinbarungen umzusetzen. Dass mit der Anerkennung durch Russland auch sehr bald ein Beistandsabkommen geschlossen w\u00fcrde, war leicht vorherzusehen; der erste Schritt war schlicht die notwendige Voraussetzung des zweiten.<\/p>\n<p>Aber die Bundesregierung hat sich \u2013 nach jetzigem Eingest\u00e4ndnis von Olaf Scholz \u2013 im Dezember bereits &#8220;mit der Frage auseinandergesetzt, wie wir im Fall der F\u00e4lle die Energieversorgung unseres Landes sicherstellen k\u00f6nnen&#8221;. Das legt zumindest nahe, dass erstens die von den USA geplanten Sanktionen zu diesem Zeitpunkt bereits bekannt waren, und zweitens auch, dass diese Bundesregierung nicht nur keine Absichten hatte, eine Eskalation im Donbass zu verhindern, sondern ebenso keine Absichten, sich gegen die geplanten Sanktionen zur Wehr zu setzen. Warum? Weil der Wille, sich zu wehren, eine andere Fragestellung ausgel\u00f6st h\u00e4tte.<\/p>\n<p>Die Entwicklung seitdem l\u00e4sst eigentlich nur noch zwei M\u00f6glichkeiten zu \u2013 entweder, dieses angebliche Befassen mit der Frage der Sicherung der Energieversorgung war derart oberfl\u00e4chlich und faktenfrei, dass das Ergebnis der Er\u00f6rterungen katastrophal falsch war. Oder die jetzige Entwicklung wurde tats\u00e4chlich ann\u00e4hernd richtig prognostiziert (daf\u00fcr brauchte es nicht einmal allzu gro\u00dfe hellseherische F\u00e4higkeiten) und diese Situation wurde wissent- wie willentlich herbeigef\u00fchrt. Sprich, die Regierung Scholz hat sich f\u00fcr den gr\u00f6\u00dftm\u00f6glichen Schaden f\u00fcr alle Beteiligten \u2013 au\u00dfer einer kleinen Milliard\u00e4rs-Kaste \u2013 entschieden.<\/p>\n<p>Allerdings w\u00fcrde Scholz heute, Monate nach diesem Bewertungsauftrag, nicht mehr davon sprechen \u2013 geschweige denn, ihn in einem Gastkommentar in der FAZ erw\u00e4hnen \u2013, wenn die Ergebnisse gar zu weit von der heutigen Wirklichkeit (in welcher der bayerische Wirtschaftsminister bereits die Ausrufung der dritten Stufe des Gasnotstands und damit den Beginn der Rationierung fordert) entfernt lagen. Damit wird die zweite Variante zur wahrscheinlicheren.<\/p>\n<p>Das bedeutet zusammengefasst, dass die Regierung unter Olaf Scholz nicht nur alle M\u00f6glichkeiten, eine milit\u00e4rische Eskalation im Donbass zu verhindern, ungenutzt lie\u00df und dass sie die Bev\u00f6lkerung gezielt \u00fcber ihre Absichten t\u00e4uschte. Sie f\u00fchrte vielmehr auch die Notlage in der Energieversorgung und die f\u00fcr viele Menschen bedr\u00e4ngende Inflation wissentlich herbei und gab somit das Interesse der deutschen Bev\u00f6lkerung an gesicherten Lebensverh\u00e4ltnissen ohne jeden Widerstand gegen die US-Interessen preis. Der Moment des Verrats lag nicht erst im Februar dieses Jahres, als Scholz ein Ende von Nord Stream 2 \u00f6ffentlich akzeptierte, der Zeitpunkt <a rel=\"nofollow noopener\" target=\"_blank\" href=\"https:\/\/de.rt.com\/meinung\/131533-bundesregierung-und-deutschen-interessen\/\">lag<\/a> mindestens bereits im Dezember des vergangenen Jahres, als sich die Bundesregierung in vorauseilendem Gehorsam daranmachte, sich auf Sanktionen vorzubereiten, die angeblich wegen eines russischen Milit\u00e4reinsatzes erfolgen w\u00fcrden, den die USA zu jenem Zeitpunkt erst noch zu erzwingen beabsichtigten.<\/p>\n<p><strong>Mehr zum Thema<\/strong> &#8211; <a rel=\"nofollow noopener\" target=\"_blank\" href=\"https:\/\/de.rt.com\/europa\/143372-moskau-es-ist-nicht-russlands\/\">Moskau: Es ist nicht Russlands Schuld, wenn die Europ\u00e4er im Winter frieren<\/a><\/p>\n<\/div>\n<p><br \/>\n<br \/><a href=\"https:\/\/de.rt.com\/meinung\/143785-scholz-verplappert-sich-lag-moment\/\">Source link <\/a><\/p>\n","protected":false},"excerpt":{"rendered":"<p>Sind sie dumm, unterw\u00fcrfig oder b\u00f6sartig? Das muss man sich angesichts der EU-Sanktionen und ihrer Folgen bez\u00fcglich der Mitglieder dieser Bundesregierung fragen. Nun hat Olaf Scholz verraten, dass schon im Dezember, also drei Monate vor Verh\u00e4ngung der Sanktionen, \u00fcber deren Folgen nachgedacht wurde. von Dagmar Henn Wusste Olaf Scholz, was er da schrieb, als er [&hellip;]<\/p>\n","protected":false},"author":3,"featured_media":14235,"comment_status":"open","ping_status":"open","sticky":false,"template":"","format":"standard","meta":{"wp_automatic_camp":["217"],"beaa5da4fb082262e061bdc67eb74f03":["Scholz verplappert sich \u2013 Lag der Moment des Verrats deutscher Interessen schon im Dezember?"],"original_link":["https:\/\/de.rt.com\/meinung\/143785-scholz-verplappert-sich-lag-moment\/"],"_thumbnail_id":["14235"],"_wptg_p2tg_sent2tg":["2022-07-18 21:21:22"],"jnews_social_counter_last_update":["1777606547"]},"categories":[19,23],"tags":[82,583,8305,27170,28396,28394,14167,1001,5652,434,28393,28395],"yoast_head":"<!-- This site is optimized with the Yoast SEO Premium plugin v22.7 (Yoast SEO v22.7) - https:\/\/yoast.com\/wordpress\/plugins\/seo\/ -->\n<title>Scholz verplappert sich \u2013 Lag der Moment des Verrats deutscher Interessen schon im Dezember? - just-now.NEWS Deutschland<\/title>\n<meta name=\"robots\" content=\"index, follow, max-snippet:-1, max-image-preview:large, max-video-preview:-1\" \/>\n<link rel=\"canonical\" href=\"https:\/\/now-news.de\/de\/deutschland\/scholz-verplappert-sich-lag-der-moment-des-verrats-deutscher-interessen-schon-im-dezember\/\" \/>\n<meta property=\"og:locale\" content=\"de_DE\" \/>\n<meta property=\"og:type\" content=\"article\" \/>\n<meta property=\"og:title\" content=\"Scholz verplappert sich \u2013 Lag der Moment des Verrats deutscher Interessen schon im Dezember?\" \/>\n<meta property=\"og:description\" content=\"Sind sie dumm, unterw\u00fcrfig oder b\u00f6sartig? Das muss man sich angesichts der EU-Sanktionen und ihrer Folgen bez\u00fcglich der Mitglieder dieser Bundesregierung fragen. Nun hat Olaf Scholz verraten, dass schon im Dezember, also drei Monate vor Verh\u00e4ngung der Sanktionen, \u00fcber deren Folgen nachgedacht wurde. von Dagmar Henn Wusste Olaf Scholz, was er da schrieb, als er [&hellip;]\" \/>\n<meta property=\"og:url\" content=\"https:\/\/now-news.de\/de\/deutschland\/scholz-verplappert-sich-lag-der-moment-des-verrats-deutscher-interessen-schon-im-dezember\/\" \/>\n<meta property=\"og:site_name\" content=\"just-now.NEWS Deutschland\" \/>\n<meta property=\"article:publisher\" content=\"https:\/\/www.facebook.com\/wirmachenauf\" \/>\n<meta property=\"article:published_time\" content=\"2022-07-18T19:13:48+00:00\" \/>\n<meta property=\"og:image\" content=\"https:\/\/now-news.de\/de\/wp-content\/uploads\/sites\/3\/2022\/07\/Scholz-verplappert-sich-\u2013-Lag-der-Moment-des-Verrats-deutscher.jpg\" \/>\n\t<meta property=\"og:image:width\" content=\"460\" \/>\n\t<meta property=\"og:image:height\" content=\"259\" \/>\n\t<meta property=\"og:image:type\" content=\"image\/jpeg\" \/>\n<meta name=\"author\" content=\"rtnews\" \/>\n<meta name=\"twitter:card\" content=\"summary_large_image\" \/>\n<meta name=\"twitter:creator\" content=\"@WirMachenAuf_de\" \/>\n<meta name=\"twitter:site\" content=\"@WirMachenAuf_de\" \/>\n<meta name=\"twitter:label1\" content=\"Verfasst von\" \/>\n\t<meta name=\"twitter:data1\" content=\"rtnews\" \/>\n\t<meta name=\"twitter:label2\" content=\"Gesch\u00e4tzte Lesezeit\" \/>\n\t<meta name=\"twitter:data2\" content=\"7\u00a0Minuten\" \/>\n<script type=\"application\/ld+json\" class=\"yoast-schema-graph\">{\"@context\":\"https:\/\/schema.org\",\"@graph\":[{\"@type\":\"Article\",\"@id\":\"https:\/\/now-news.de\/de\/deutschland\/scholz-verplappert-sich-lag-der-moment-des-verrats-deutscher-interessen-schon-im-dezember\/#article\",\"isPartOf\":{\"@id\":\"https:\/\/now-news.de\/de\/deutschland\/scholz-verplappert-sich-lag-der-moment-des-verrats-deutscher-interessen-schon-im-dezember\/\"},\"author\":{\"name\":\"rtnews\",\"@id\":\"https:\/\/now-news.de\/de\/#\/schema\/person\/fb534a4e865501d8b3285208df34a9b5\"},\"headline\":\"Scholz verplappert sich \u2013 Lag der Moment des Verrats deutscher Interessen schon im Dezember?\",\"datePublished\":\"2022-07-18T19:13:48+00:00\",\"dateModified\":\"2022-07-18T19:13:48+00:00\",\"mainEntityOfPage\":{\"@id\":\"https:\/\/now-news.de\/de\/deutschland\/scholz-verplappert-sich-lag-der-moment-des-verrats-deutscher-interessen-schon-im-dezember\/\"},\"wordCount\":1431,\"commentCount\":7,\"publisher\":{\"@id\":\"https:\/\/now-news.de\/de\/#organization\"},\"image\":{\"@id\":\"https:\/\/now-news.de\/de\/deutschland\/scholz-verplappert-sich-lag-der-moment-des-verrats-deutscher-interessen-schon-im-dezember\/#primaryimage\"},\"thumbnailUrl\":\"https:\/\/now-news.de\/de\/wp-content\/uploads\/sites\/3\/2022\/07\/Scholz-verplappert-sich-\u2013-Lag-der-Moment-des-Verrats-deutscher.jpg\",\"keywords\":[\"der\",\"des\",\"deutscher\",\"Dezember\",\"Interessen\",\"Lag\",\"Moment\",\"Scholz\",\"schon\",\"sich\",\"verplappert\",\"Verrats\"],\"articleSection\":[\"Deutschland\",\"Russland\"],\"inLanguage\":\"de\",\"potentialAction\":[{\"@type\":\"CommentAction\",\"name\":\"Comment\",\"target\":[\"https:\/\/now-news.de\/de\/deutschland\/scholz-verplappert-sich-lag-der-moment-des-verrats-deutscher-interessen-schon-im-dezember\/#respond\"]}]},{\"@type\":\"WebPage\",\"@id\":\"https:\/\/now-news.de\/de\/deutschland\/scholz-verplappert-sich-lag-der-moment-des-verrats-deutscher-interessen-schon-im-dezember\/\",\"url\":\"https:\/\/now-news.de\/de\/deutschland\/scholz-verplappert-sich-lag-der-moment-des-verrats-deutscher-interessen-schon-im-dezember\/\",\"name\":\"Scholz verplappert sich \u2013 Lag der Moment des Verrats deutscher Interessen schon im Dezember? - just-now.NEWS Deutschland\",\"isPartOf\":{\"@id\":\"https:\/\/now-news.de\/de\/#website\"},\"primaryImageOfPage\":{\"@id\":\"https:\/\/now-news.de\/de\/deutschland\/scholz-verplappert-sich-lag-der-moment-des-verrats-deutscher-interessen-schon-im-dezember\/#primaryimage\"},\"image\":{\"@id\":\"https:\/\/now-news.de\/de\/deutschland\/scholz-verplappert-sich-lag-der-moment-des-verrats-deutscher-interessen-schon-im-dezember\/#primaryimage\"},\"thumbnailUrl\":\"https:\/\/now-news.de\/de\/wp-content\/uploads\/sites\/3\/2022\/07\/Scholz-verplappert-sich-\u2013-Lag-der-Moment-des-Verrats-deutscher.jpg\",\"datePublished\":\"2022-07-18T19:13:48+00:00\",\"dateModified\":\"2022-07-18T19:13:48+00:00\",\"breadcrumb\":{\"@id\":\"https:\/\/now-news.de\/de\/deutschland\/scholz-verplappert-sich-lag-der-moment-des-verrats-deutscher-interessen-schon-im-dezember\/#breadcrumb\"},\"inLanguage\":\"de\",\"potentialAction\":[{\"@type\":\"ReadAction\",\"target\":[\"https:\/\/now-news.de\/de\/deutschland\/scholz-verplappert-sich-lag-der-moment-des-verrats-deutscher-interessen-schon-im-dezember\/\"]}]},{\"@type\":\"ImageObject\",\"inLanguage\":\"de\",\"@id\":\"https:\/\/now-news.de\/de\/deutschland\/scholz-verplappert-sich-lag-der-moment-des-verrats-deutscher-interessen-schon-im-dezember\/#primaryimage\",\"url\":\"https:\/\/now-news.de\/de\/wp-content\/uploads\/sites\/3\/2022\/07\/Scholz-verplappert-sich-\u2013-Lag-der-Moment-des-Verrats-deutscher.jpg\",\"contentUrl\":\"https:\/\/now-news.de\/de\/wp-content\/uploads\/sites\/3\/2022\/07\/Scholz-verplappert-sich-\u2013-Lag-der-Moment-des-Verrats-deutscher.jpg\",\"width\":460,\"height\":259,\"caption\":\"Scholz verplappert sich \u2013 Lag der Moment des Verrats deutscher Interessen schon im Dezember?\"},{\"@type\":\"BreadcrumbList\",\"@id\":\"https:\/\/now-news.de\/de\/deutschland\/scholz-verplappert-sich-lag-der-moment-des-verrats-deutscher-interessen-schon-im-dezember\/#breadcrumb\",\"itemListElement\":[{\"@type\":\"ListItem\",\"position\":1,\"name\":\"Home\",\"item\":\"https:\/\/now-news.de\/de\/\"},{\"@type\":\"ListItem\",\"position\":2,\"name\":\"Scholz verplappert sich \u2013 Lag der Moment des Verrats deutscher Interessen schon im Dezember?\"}]},{\"@type\":\"WebSite\",\"@id\":\"https:\/\/now-news.de\/de\/#website\",\"url\":\"https:\/\/now-news.de\/de\/\",\"name\":\"just-now.NEWS Deutschland\",\"description\":\"Das Portal f\u00fcr unzensierte Nachrichten aus der Welt\",\"publisher\":{\"@id\":\"https:\/\/now-news.de\/de\/#organization\"},\"potentialAction\":[{\"@type\":\"SearchAction\",\"target\":{\"@type\":\"EntryPoint\",\"urlTemplate\":\"https:\/\/now-news.de\/de\/?s={search_term_string}\"},\"query-input\":\"required name=search_term_string\"}],\"inLanguage\":\"de\"},{\"@type\":\"Organization\",\"@id\":\"https:\/\/now-news.de\/de\/#organization\",\"name\":\"Just Now News\",\"url\":\"https:\/\/now-news.de\/de\/\",\"logo\":{\"@type\":\"ImageObject\",\"inLanguage\":\"de\",\"@id\":\"https:\/\/now-news.de\/de\/#\/schema\/logo\/image\/\",\"url\":\"http:\/\/just-now.news\/de\/wp-content\/uploads\/sites\/3\/2022\/04\/logo500x500.jpg\",\"contentUrl\":\"http:\/\/just-now.news\/de\/wp-content\/uploads\/sites\/3\/2022\/04\/logo500x500.jpg\",\"width\":500,\"height\":500,\"caption\":\"Just Now News\"},\"image\":{\"@id\":\"https:\/\/now-news.de\/de\/#\/schema\/logo\/image\/\"},\"sameAs\":[\"https:\/\/www.facebook.com\/wirmachenauf\",\"https:\/\/x.com\/WirMachenAuf_de\"]},{\"@type\":\"Person\",\"@id\":\"https:\/\/now-news.de\/de\/#\/schema\/person\/fb534a4e865501d8b3285208df34a9b5\",\"name\":\"rtnews\",\"image\":{\"@type\":\"ImageObject\",\"inLanguage\":\"de\",\"@id\":\"https:\/\/now-news.de\/de\/#\/schema\/person\/image\/\",\"url\":\"https:\/\/secure.gravatar.com\/avatar\/82aafea7d8127119dd649515f56e2117?s=96&d=mm&r=g\",\"contentUrl\":\"https:\/\/secure.gravatar.com\/avatar\/82aafea7d8127119dd649515f56e2117?s=96&d=mm&r=g\",\"caption\":\"rtnews\"},\"url\":\"https:\/\/now-news.de\/de\/author\/rnews\/\"}]}<\/script>\n<!-- \/ Yoast SEO Premium plugin. -->","yoast_head_json":{"title":"Scholz verplappert sich \u2013 Lag der Moment des Verrats deutscher Interessen schon im Dezember? - just-now.NEWS Deutschland","robots":{"index":"index","follow":"follow","max-snippet":"max-snippet:-1","max-image-preview":"max-image-preview:large","max-video-preview":"max-video-preview:-1"},"canonical":"https:\/\/now-news.de\/de\/deutschland\/scholz-verplappert-sich-lag-der-moment-des-verrats-deutscher-interessen-schon-im-dezember\/","og_locale":"de_DE","og_type":"article","og_title":"Scholz verplappert sich \u2013 Lag der Moment des Verrats deutscher Interessen schon im Dezember?","og_description":"Sind sie dumm, unterw\u00fcrfig oder b\u00f6sartig? Das muss man sich angesichts der EU-Sanktionen und ihrer Folgen bez\u00fcglich der Mitglieder dieser Bundesregierung fragen. Nun hat Olaf Scholz verraten, dass schon im Dezember, also drei Monate vor Verh\u00e4ngung der Sanktionen, \u00fcber deren Folgen nachgedacht wurde. von Dagmar Henn Wusste Olaf Scholz, was er da schrieb, als er [&hellip;]","og_url":"https:\/\/now-news.de\/de\/deutschland\/scholz-verplappert-sich-lag-der-moment-des-verrats-deutscher-interessen-schon-im-dezember\/","og_site_name":"just-now.NEWS Deutschland","article_publisher":"https:\/\/www.facebook.com\/wirmachenauf","article_published_time":"2022-07-18T19:13:48+00:00","og_image":[{"width":460,"height":259,"url":"https:\/\/now-news.de\/de\/wp-content\/uploads\/sites\/3\/2022\/07\/Scholz-verplappert-sich-\u2013-Lag-der-Moment-des-Verrats-deutscher.jpg","type":"image\/jpeg"}],"author":"rtnews","twitter_card":"summary_large_image","twitter_creator":"@WirMachenAuf_de","twitter_site":"@WirMachenAuf_de","twitter_misc":{"Verfasst von":"rtnews","Gesch\u00e4tzte Lesezeit":"7\u00a0Minuten"},"schema":{"@context":"https:\/\/schema.org","@graph":[{"@type":"Article","@id":"https:\/\/now-news.de\/de\/deutschland\/scholz-verplappert-sich-lag-der-moment-des-verrats-deutscher-interessen-schon-im-dezember\/#article","isPartOf":{"@id":"https:\/\/now-news.de\/de\/deutschland\/scholz-verplappert-sich-lag-der-moment-des-verrats-deutscher-interessen-schon-im-dezember\/"},"author":{"name":"rtnews","@id":"https:\/\/now-news.de\/de\/#\/schema\/person\/fb534a4e865501d8b3285208df34a9b5"},"headline":"Scholz verplappert sich \u2013 Lag der Moment des Verrats deutscher Interessen schon im Dezember?","datePublished":"2022-07-18T19:13:48+00:00","dateModified":"2022-07-18T19:13:48+00:00","mainEntityOfPage":{"@id":"https:\/\/now-news.de\/de\/deutschland\/scholz-verplappert-sich-lag-der-moment-des-verrats-deutscher-interessen-schon-im-dezember\/"},"wordCount":1431,"commentCount":7,"publisher":{"@id":"https:\/\/now-news.de\/de\/#organization"},"image":{"@id":"https:\/\/now-news.de\/de\/deutschland\/scholz-verplappert-sich-lag-der-moment-des-verrats-deutscher-interessen-schon-im-dezember\/#primaryimage"},"thumbnailUrl":"https:\/\/now-news.de\/de\/wp-content\/uploads\/sites\/3\/2022\/07\/Scholz-verplappert-sich-\u2013-Lag-der-Moment-des-Verrats-deutscher.jpg","keywords":["der","des","deutscher","Dezember","Interessen","Lag","Moment","Scholz","schon","sich","verplappert","Verrats"],"articleSection":["Deutschland","Russland"],"inLanguage":"de","potentialAction":[{"@type":"CommentAction","name":"Comment","target":["https:\/\/now-news.de\/de\/deutschland\/scholz-verplappert-sich-lag-der-moment-des-verrats-deutscher-interessen-schon-im-dezember\/#respond"]}]},{"@type":"WebPage","@id":"https:\/\/now-news.de\/de\/deutschland\/scholz-verplappert-sich-lag-der-moment-des-verrats-deutscher-interessen-schon-im-dezember\/","url":"https:\/\/now-news.de\/de\/deutschland\/scholz-verplappert-sich-lag-der-moment-des-verrats-deutscher-interessen-schon-im-dezember\/","name":"Scholz verplappert sich \u2013 Lag der Moment des Verrats deutscher Interessen schon im Dezember? - just-now.NEWS Deutschland","isPartOf":{"@id":"https:\/\/now-news.de\/de\/#website"},"primaryImageOfPage":{"@id":"https:\/\/now-news.de\/de\/deutschland\/scholz-verplappert-sich-lag-der-moment-des-verrats-deutscher-interessen-schon-im-dezember\/#primaryimage"},"image":{"@id":"https:\/\/now-news.de\/de\/deutschland\/scholz-verplappert-sich-lag-der-moment-des-verrats-deutscher-interessen-schon-im-dezember\/#primaryimage"},"thumbnailUrl":"https:\/\/now-news.de\/de\/wp-content\/uploads\/sites\/3\/2022\/07\/Scholz-verplappert-sich-\u2013-Lag-der-Moment-des-Verrats-deutscher.jpg","datePublished":"2022-07-18T19:13:48+00:00","dateModified":"2022-07-18T19:13:48+00:00","breadcrumb":{"@id":"https:\/\/now-news.de\/de\/deutschland\/scholz-verplappert-sich-lag-der-moment-des-verrats-deutscher-interessen-schon-im-dezember\/#breadcrumb"},"inLanguage":"de","potentialAction":[{"@type":"ReadAction","target":["https:\/\/now-news.de\/de\/deutschland\/scholz-verplappert-sich-lag-der-moment-des-verrats-deutscher-interessen-schon-im-dezember\/"]}]},{"@type":"ImageObject","inLanguage":"de","@id":"https:\/\/now-news.de\/de\/deutschland\/scholz-verplappert-sich-lag-der-moment-des-verrats-deutscher-interessen-schon-im-dezember\/#primaryimage","url":"https:\/\/now-news.de\/de\/wp-content\/uploads\/sites\/3\/2022\/07\/Scholz-verplappert-sich-\u2013-Lag-der-Moment-des-Verrats-deutscher.jpg","contentUrl":"https:\/\/now-news.de\/de\/wp-content\/uploads\/sites\/3\/2022\/07\/Scholz-verplappert-sich-\u2013-Lag-der-Moment-des-Verrats-deutscher.jpg","width":460,"height":259,"caption":"Scholz verplappert sich \u2013 Lag der Moment des Verrats deutscher Interessen schon im Dezember?"},{"@type":"BreadcrumbList","@id":"https:\/\/now-news.de\/de\/deutschland\/scholz-verplappert-sich-lag-der-moment-des-verrats-deutscher-interessen-schon-im-dezember\/#breadcrumb","itemListElement":[{"@type":"ListItem","position":1,"name":"Home","item":"https:\/\/now-news.de\/de\/"},{"@type":"ListItem","position":2,"name":"Scholz verplappert sich \u2013 Lag der Moment des Verrats deutscher Interessen schon im Dezember?"}]},{"@type":"WebSite","@id":"https:\/\/now-news.de\/de\/#website","url":"https:\/\/now-news.de\/de\/","name":"just-now.NEWS Deutschland","description":"Das Portal f\u00fcr unzensierte Nachrichten aus der Welt","publisher":{"@id":"https:\/\/now-news.de\/de\/#organization"},"potentialAction":[{"@type":"SearchAction","target":{"@type":"EntryPoint","urlTemplate":"https:\/\/now-news.de\/de\/?s={search_term_string}"},"query-input":"required name=search_term_string"}],"inLanguage":"de"},{"@type":"Organization","@id":"https:\/\/now-news.de\/de\/#organization","name":"Just Now News","url":"https:\/\/now-news.de\/de\/","logo":{"@type":"ImageObject","inLanguage":"de","@id":"https:\/\/now-news.de\/de\/#\/schema\/logo\/image\/","url":"http:\/\/just-now.news\/de\/wp-content\/uploads\/sites\/3\/2022\/04\/logo500x500.jpg","contentUrl":"http:\/\/just-now.news\/de\/wp-content\/uploads\/sites\/3\/2022\/04\/logo500x500.jpg","width":500,"height":500,"caption":"Just Now News"},"image":{"@id":"https:\/\/now-news.de\/de\/#\/schema\/logo\/image\/"},"sameAs":["https:\/\/www.facebook.com\/wirmachenauf","https:\/\/x.com\/WirMachenAuf_de"]},{"@type":"Person","@id":"https:\/\/now-news.de\/de\/#\/schema\/person\/fb534a4e865501d8b3285208df34a9b5","name":"rtnews","image":{"@type":"ImageObject","inLanguage":"de","@id":"https:\/\/now-news.de\/de\/#\/schema\/person\/image\/","url":"https:\/\/secure.gravatar.com\/avatar\/82aafea7d8127119dd649515f56e2117?s=96&d=mm&r=g","contentUrl":"https:\/\/secure.gravatar.com\/avatar\/82aafea7d8127119dd649515f56e2117?s=96&d=mm&r=g","caption":"rtnews"},"url":"https:\/\/now-news.de\/de\/author\/rnews\/"}]}},"_links":{"self":[{"href":"https:\/\/now-news.de\/de\/wp-json\/wp\/v2\/posts\/14234"}],"collection":[{"href":"https:\/\/now-news.de\/de\/wp-json\/wp\/v2\/posts"}],"about":[{"href":"https:\/\/now-news.de\/de\/wp-json\/wp\/v2\/types\/post"}],"author":[{"embeddable":true,"href":"https:\/\/now-news.de\/de\/wp-json\/wp\/v2\/users\/3"}],"replies":[{"embeddable":true,"href":"https:\/\/now-news.de\/de\/wp-json\/wp\/v2\/comments?post=14234"}],"version-history":[{"count":0,"href":"https:\/\/now-news.de\/de\/wp-json\/wp\/v2\/posts\/14234\/revisions"}],"wp:featuredmedia":[{"embeddable":true,"href":"https:\/\/now-news.de\/de\/wp-json\/wp\/v2\/media\/14235"}],"wp:attachment":[{"href":"https:\/\/now-news.de\/de\/wp-json\/wp\/v2\/media?parent=14234"}],"wp:term":[{"taxonomy":"category","embeddable":true,"href":"https:\/\/now-news.de\/de\/wp-json\/wp\/v2\/categories?post=14234"},{"taxonomy":"post_tag","embeddable":true,"href":"https:\/\/now-news.de\/de\/wp-json\/wp\/v2\/tags?post=14234"}],"curies":[{"name":"wp","href":"https:\/\/api.w.org\/{rel}","templated":true}]}}