{"id":14230,"date":"2022-07-18T20:44:17","date_gmt":"2022-07-18T18:44:17","guid":{"rendered":"http:\/\/just-now.news\/de\/deutschland\/scholz-eu-kann-sich-kein-nationales-veto-in-der-aussenpolitik-mehr-leisten\/"},"modified":"2022-07-18T20:44:17","modified_gmt":"2022-07-18T18:44:17","slug":"scholz-eu-kann-sich-kein-nationales-veto-in-der-aussenpolitik-mehr-leisten","status":"publish","type":"post","link":"https:\/\/now-news.de\/de\/deutschland\/scholz-eu-kann-sich-kein-nationales-veto-in-der-aussenpolitik-mehr-leisten\/","title":{"rendered":"Scholz: &quot;EU kann sich kein nationales Veto in der Au\u00dfenpolitik mehr leisten&quot;"},"content":{"rendered":"<p><img decoding=\"async\" src=\"http:\/\/just-now.news\/de\/wp-content\/uploads\/sites\/3\/2022\/07\/62d55345b480cc07d547f4a5.jpg\" \/><\/p>\n<div class=\"Text-root Text-type_1 \">\n                In einem Beitrag f\u00fcr die &#8220;Frankfurter Allgemeine Zeitung&#8221; (FAZ), schreibt Bundeskanzler Olaf Scholz, dass sich die Europ\u00e4ische Union in Fragen der Au\u00dfenpolitik nicht mehr l\u00e4nger nationale Vetos leisten k\u00f6nne. Sonst &#8220;finde man kein Geh\u00f6r mehr in einer Welt konkurrierender Gro\u00dfm\u00e4chte&#8221;.\n            <\/div>\n<p><\/p>\n<div class=\"Text-root Text-type_5 ArticleView-text ViewText-root \">\n<p>Die Europ\u00e4ische Union k\u00f6nne es sich nicht l\u00e4nger leisten, nationale Vetos bei Entscheidungen \u00fcber die gemeinsame Au\u00dfen- und Sicherheitspolitik der Europ\u00e4ischen Union aufrechtzuerhalten, schrieb Bundeskanzler Olaf Scholz in einem <a rel=\"nofollow noopener\" target=\"_blank\" href=\"https:\/\/www.faz.net\/aktuell\/politik\/die-gegenwart\/scholz-zum-ukraine-krieg-eu-muss-geopolitischer-akteur-werden-18176580.html?premium\">Meinungsbeitrag<\/a> f\u00fcr die <em>Frankfurter Allgemeine Zeitung<\/em> (<em>FAZ<\/em>) am Sonntag. Sonst &#8220;finde man kein Geh\u00f6r mehr in einer Welt konkurrierender Gro\u00dfm\u00e4chte&#8221;.<\/p>\n<p>Die milit\u00e4rische Auseinandersetzung zwischen Kiew und Moskau mache die Einheit Europas [der EU] immer dringlicher und erh\u00f6he den Druck f\u00fcr ein Ende der &#8220;egoistischen Blockaden europ\u00e4ischer&#8221; Entscheidungen durch einzelne [EU-]Mitgliedsstaaten, so Scholz weiter in seinem Artikel. Scholz in seinem Beitrag:<\/p>\n<blockquote>\n<p><em>&#8220;Schluss mit den egoistischen Blockaden europ\u00e4ischer Beschl\u00fcsse durch einzelne Mitgliedstaaten. Schluss mit nationalen Alleing\u00e4ngen, die Europa als Ganzem schaden. Nationale Vetos, etwa in der Au\u00dfenpolitik, k\u00f6nnen wir uns schlicht nicht mehr leisten, wenn wir weiter geh\u00f6rt werden wollen in einer Welt konkurrierender Gro\u00dfm\u00e4chte.&#8221;<\/em><\/p>\n<\/blockquote>\n<p>Scholz sieht sich mit der Kritik Kiews und anderer westlicher Verb\u00fcndeter konfrontiert, dass Deutschland in der Ukraine-Krise keine F\u00fchrungsposition eingenommen habe \u2013 ein Vorwurf, den Scholz immer wieder zur\u00fcckgewiesen hat.<\/p>\n<p>Die milit\u00e4rische Eskalation in der Ukraine hat zu einem grundlegenden Wandel in der deutschen Verteidigungspolitik gef\u00fchrt. Scholz schreibt, die G7 und andere L\u00e4nder k\u00f6nnten zusammenarbeiten, um L\u00f6sungen f\u00fcr die weltweite Nahrungsmittelkrise, den Klimawandel und die Pandemie zu finden, wenn &#8220;Deutschland Verantwortung f\u00fcr Europa und die Welt \u00fcbernehmen&#8221; w\u00fcrde.<\/p>\n<p>Weiter schrieb Scholz, dass Deutschland in den kommenden Monaten Vorschl\u00e4ge f\u00fcr eine gemeinsame &#8220;europ\u00e4ische&#8221; Migrationspolitik, den Aufbau einer &#8220;europ\u00e4ischen&#8221; Verteidigung, technologische Souver\u00e4nit\u00e4t und demokratische Widerstandsf\u00e4higkeit machen werde.<\/p>\n<p><strong>Mehr zum Thema<\/strong> \u2013 <a rel=\"nofollow noopener\" target=\"_blank\" href=\"https:\/\/deutsch.rt.com\/international\/131481-liveticker-zum-ukraine-krieg-eu\/\">Liveticker zum Ukraine-Krieg: 250 ausl\u00e4ndische S\u00f6ldner durch russische Luftstreitkr\u00e4fte get\u00f6tet<\/a><\/p>\n<\/div>\n<p><br \/>\n<br \/><a href=\"https:\/\/de.rt.com\/inland\/143781-scholz-eu-kann-sich-kein\/\">Source link <\/a><\/p>\n","protected":false},"excerpt":{"rendered":"<p>In einem Beitrag f\u00fcr die &#8220;Frankfurter Allgemeine Zeitung&#8221; (FAZ), schreibt Bundeskanzler Olaf Scholz, dass sich die Europ\u00e4ische Union in Fragen der Au\u00dfenpolitik nicht mehr l\u00e4nger nationale Vetos leisten k\u00f6nne. Sonst &#8220;finde man kein Geh\u00f6r mehr in einer Welt konkurrierender Gro\u00dfm\u00e4chte&#8221;. Die Europ\u00e4ische Union k\u00f6nne es sich nicht l\u00e4nger leisten, nationale Vetos bei Entscheidungen \u00fcber die [&hellip;]<\/p>\n","protected":false},"author":3,"featured_media":14231,"comment_status":"open","ping_status":"open","sticky":false,"template":"","format":"standard","meta":{"wp_automatic_camp":["217"],"d71458d5ada94c66d03a0094f98674be":["Scholz: &quot;EU kann sich kein nationales Veto in der Au\u00dfenpolitik mehr leisten&quot;"],"original_link":["https:\/\/de.rt.com\/inland\/143781-scholz-eu-kann-sich-kein\/"],"_thumbnail_id":["14231"],"_wptg_p2tg_sent2tg":["2022-07-18 20:49:12"],"jnews_social_counter_last_update":["1777602336"]},"categories":[19,23],"tags":[11441,82,838,2030,28390,2063,28389,27894,1001,434,22903],"yoast_head":"<!-- This site is optimized with the Yoast SEO Premium plugin v22.7 (Yoast SEO v22.7) - https:\/\/yoast.com\/wordpress\/plugins\/seo\/ -->\n<title>Scholz: &quot;EU kann sich kein nationales Veto in der Au\u00dfenpolitik mehr leisten&quot; - just-now.NEWS Deutschland<\/title>\n<meta name=\"robots\" content=\"index, follow, max-snippet:-1, max-image-preview:large, max-video-preview:-1\" \/>\n<link rel=\"canonical\" href=\"https:\/\/now-news.de\/de\/deutschland\/scholz-eu-kann-sich-kein-nationales-veto-in-der-aussenpolitik-mehr-leisten\/\" \/>\n<meta property=\"og:locale\" content=\"de_DE\" \/>\n<meta property=\"og:type\" content=\"article\" \/>\n<meta property=\"og:title\" content=\"Scholz: &quot;EU kann sich kein nationales Veto in der Au\u00dfenpolitik mehr leisten&quot;\" \/>\n<meta property=\"og:description\" content=\"In einem Beitrag f\u00fcr die &#8220;Frankfurter Allgemeine Zeitung&#8221; (FAZ), schreibt Bundeskanzler Olaf Scholz, dass sich die Europ\u00e4ische Union in Fragen der Au\u00dfenpolitik nicht mehr l\u00e4nger nationale Vetos leisten k\u00f6nne. Sonst &#8220;finde man kein Geh\u00f6r mehr in einer Welt konkurrierender Gro\u00dfm\u00e4chte&#8221;. Die Europ\u00e4ische Union k\u00f6nne es sich nicht l\u00e4nger leisten, nationale Vetos bei Entscheidungen \u00fcber die [&hellip;]\" \/>\n<meta property=\"og:url\" content=\"https:\/\/now-news.de\/de\/deutschland\/scholz-eu-kann-sich-kein-nationales-veto-in-der-aussenpolitik-mehr-leisten\/\" \/>\n<meta property=\"og:site_name\" content=\"just-now.NEWS Deutschland\" \/>\n<meta property=\"article:publisher\" content=\"https:\/\/www.facebook.com\/wirmachenauf\" \/>\n<meta property=\"article:published_time\" content=\"2022-07-18T18:44:17+00:00\" \/>\n<meta property=\"og:image\" content=\"https:\/\/now-news.de\/de\/wp-content\/uploads\/sites\/3\/2022\/07\/Scholz-quotEU-kann-sich-kein-nationales-Veto-in-der-Aussenpolitik.jpg\" \/>\n\t<meta property=\"og:image:width\" content=\"460\" \/>\n\t<meta property=\"og:image:height\" content=\"259\" \/>\n\t<meta property=\"og:image:type\" content=\"image\/jpeg\" \/>\n<meta name=\"author\" content=\"rtnews\" \/>\n<meta name=\"twitter:card\" content=\"summary_large_image\" \/>\n<meta name=\"twitter:creator\" content=\"@WirMachenAuf_de\" \/>\n<meta name=\"twitter:site\" content=\"@WirMachenAuf_de\" \/>\n<meta name=\"twitter:label1\" content=\"Verfasst von\" \/>\n\t<meta name=\"twitter:data1\" content=\"rtnews\" \/>\n\t<meta name=\"twitter:label2\" content=\"Gesch\u00e4tzte Lesezeit\" \/>\n\t<meta name=\"twitter:data2\" content=\"2\u00a0Minuten\" \/>\n<script type=\"application\/ld+json\" class=\"yoast-schema-graph\">{\"@context\":\"https:\/\/schema.org\",\"@graph\":[{\"@type\":\"Article\",\"@id\":\"https:\/\/now-news.de\/de\/deutschland\/scholz-eu-kann-sich-kein-nationales-veto-in-der-aussenpolitik-mehr-leisten\/#article\",\"isPartOf\":{\"@id\":\"https:\/\/now-news.de\/de\/deutschland\/scholz-eu-kann-sich-kein-nationales-veto-in-der-aussenpolitik-mehr-leisten\/\"},\"author\":{\"name\":\"rtnews\",\"@id\":\"https:\/\/now-news.de\/de\/#\/schema\/person\/fb534a4e865501d8b3285208df34a9b5\"},\"headline\":\"Scholz: &quot;EU kann sich kein nationales Veto in der Au\u00dfenpolitik mehr leisten&quot;\",\"datePublished\":\"2022-07-18T18:44:17+00:00\",\"dateModified\":\"2022-07-18T18:44:17+00:00\",\"mainEntityOfPage\":{\"@id\":\"https:\/\/now-news.de\/de\/deutschland\/scholz-eu-kann-sich-kein-nationales-veto-in-der-aussenpolitik-mehr-leisten\/\"},\"wordCount\":358,\"commentCount\":0,\"publisher\":{\"@id\":\"https:\/\/now-news.de\/de\/#organization\"},\"image\":{\"@id\":\"https:\/\/now-news.de\/de\/deutschland\/scholz-eu-kann-sich-kein-nationales-veto-in-der-aussenpolitik-mehr-leisten\/#primaryimage\"},\"thumbnailUrl\":\"https:\/\/now-news.de\/de\/wp-content\/uploads\/sites\/3\/2022\/07\/Scholz-quotEU-kann-sich-kein-nationales-Veto-in-der-Aussenpolitik.jpg\",\"keywords\":[\"au\u00dfenpolitik\",\"der\",\"kann\",\"Kein\",\"leistenquot\",\"mehr\",\"nationales\",\"quotEU\",\"Scholz\",\"sich\",\"Veto\"],\"articleSection\":[\"Deutschland\",\"Russland\"],\"inLanguage\":\"de\",\"potentialAction\":[{\"@type\":\"CommentAction\",\"name\":\"Comment\",\"target\":[\"https:\/\/now-news.de\/de\/deutschland\/scholz-eu-kann-sich-kein-nationales-veto-in-der-aussenpolitik-mehr-leisten\/#respond\"]}]},{\"@type\":\"WebPage\",\"@id\":\"https:\/\/now-news.de\/de\/deutschland\/scholz-eu-kann-sich-kein-nationales-veto-in-der-aussenpolitik-mehr-leisten\/\",\"url\":\"https:\/\/now-news.de\/de\/deutschland\/scholz-eu-kann-sich-kein-nationales-veto-in-der-aussenpolitik-mehr-leisten\/\",\"name\":\"Scholz: &quot;EU kann sich kein nationales Veto in der Au\u00dfenpolitik mehr leisten&quot; - just-now.NEWS Deutschland\",\"isPartOf\":{\"@id\":\"https:\/\/now-news.de\/de\/#website\"},\"primaryImageOfPage\":{\"@id\":\"https:\/\/now-news.de\/de\/deutschland\/scholz-eu-kann-sich-kein-nationales-veto-in-der-aussenpolitik-mehr-leisten\/#primaryimage\"},\"image\":{\"@id\":\"https:\/\/now-news.de\/de\/deutschland\/scholz-eu-kann-sich-kein-nationales-veto-in-der-aussenpolitik-mehr-leisten\/#primaryimage\"},\"thumbnailUrl\":\"https:\/\/now-news.de\/de\/wp-content\/uploads\/sites\/3\/2022\/07\/Scholz-quotEU-kann-sich-kein-nationales-Veto-in-der-Aussenpolitik.jpg\",\"datePublished\":\"2022-07-18T18:44:17+00:00\",\"dateModified\":\"2022-07-18T18:44:17+00:00\",\"breadcrumb\":{\"@id\":\"https:\/\/now-news.de\/de\/deutschland\/scholz-eu-kann-sich-kein-nationales-veto-in-der-aussenpolitik-mehr-leisten\/#breadcrumb\"},\"inLanguage\":\"de\",\"potentialAction\":[{\"@type\":\"ReadAction\",\"target\":[\"https:\/\/now-news.de\/de\/deutschland\/scholz-eu-kann-sich-kein-nationales-veto-in-der-aussenpolitik-mehr-leisten\/\"]}]},{\"@type\":\"ImageObject\",\"inLanguage\":\"de\",\"@id\":\"https:\/\/now-news.de\/de\/deutschland\/scholz-eu-kann-sich-kein-nationales-veto-in-der-aussenpolitik-mehr-leisten\/#primaryimage\",\"url\":\"https:\/\/now-news.de\/de\/wp-content\/uploads\/sites\/3\/2022\/07\/Scholz-quotEU-kann-sich-kein-nationales-Veto-in-der-Aussenpolitik.jpg\",\"contentUrl\":\"https:\/\/now-news.de\/de\/wp-content\/uploads\/sites\/3\/2022\/07\/Scholz-quotEU-kann-sich-kein-nationales-Veto-in-der-Aussenpolitik.jpg\",\"width\":460,\"height\":259,\"caption\":\"Scholz: &quot;EU kann sich kein nationales Veto in der Au\u00dfenpolitik mehr leisten&quot;\"},{\"@type\":\"BreadcrumbList\",\"@id\":\"https:\/\/now-news.de\/de\/deutschland\/scholz-eu-kann-sich-kein-nationales-veto-in-der-aussenpolitik-mehr-leisten\/#breadcrumb\",\"itemListElement\":[{\"@type\":\"ListItem\",\"position\":1,\"name\":\"Home\",\"item\":\"https:\/\/now-news.de\/de\/\"},{\"@type\":\"ListItem\",\"position\":2,\"name\":\"Scholz: &quot;EU kann sich kein nationales Veto in der Au\u00dfenpolitik mehr leisten&quot;\"}]},{\"@type\":\"WebSite\",\"@id\":\"https:\/\/now-news.de\/de\/#website\",\"url\":\"https:\/\/now-news.de\/de\/\",\"name\":\"just-now.NEWS Deutschland\",\"description\":\"Das Portal f\u00fcr unzensierte Nachrichten aus der Welt\",\"publisher\":{\"@id\":\"https:\/\/now-news.de\/de\/#organization\"},\"potentialAction\":[{\"@type\":\"SearchAction\",\"target\":{\"@type\":\"EntryPoint\",\"urlTemplate\":\"https:\/\/now-news.de\/de\/?s={search_term_string}\"},\"query-input\":\"required name=search_term_string\"}],\"inLanguage\":\"de\"},{\"@type\":\"Organization\",\"@id\":\"https:\/\/now-news.de\/de\/#organization\",\"name\":\"Just Now News\",\"url\":\"https:\/\/now-news.de\/de\/\",\"logo\":{\"@type\":\"ImageObject\",\"inLanguage\":\"de\",\"@id\":\"https:\/\/now-news.de\/de\/#\/schema\/logo\/image\/\",\"url\":\"http:\/\/just-now.news\/de\/wp-content\/uploads\/sites\/3\/2022\/04\/logo500x500.jpg\",\"contentUrl\":\"http:\/\/just-now.news\/de\/wp-content\/uploads\/sites\/3\/2022\/04\/logo500x500.jpg\",\"width\":500,\"height\":500,\"caption\":\"Just Now News\"},\"image\":{\"@id\":\"https:\/\/now-news.de\/de\/#\/schema\/logo\/image\/\"},\"sameAs\":[\"https:\/\/www.facebook.com\/wirmachenauf\",\"https:\/\/x.com\/WirMachenAuf_de\"]},{\"@type\":\"Person\",\"@id\":\"https:\/\/now-news.de\/de\/#\/schema\/person\/fb534a4e865501d8b3285208df34a9b5\",\"name\":\"rtnews\",\"image\":{\"@type\":\"ImageObject\",\"inLanguage\":\"de\",\"@id\":\"https:\/\/now-news.de\/de\/#\/schema\/person\/image\/\",\"url\":\"https:\/\/secure.gravatar.com\/avatar\/82aafea7d8127119dd649515f56e2117?s=96&d=mm&r=g\",\"contentUrl\":\"https:\/\/secure.gravatar.com\/avatar\/82aafea7d8127119dd649515f56e2117?s=96&d=mm&r=g\",\"caption\":\"rtnews\"},\"url\":\"https:\/\/now-news.de\/de\/author\/rnews\/\"}]}<\/script>\n<!-- \/ Yoast SEO Premium plugin. -->","yoast_head_json":{"title":"Scholz: &quot;EU kann sich kein nationales Veto in der Au\u00dfenpolitik mehr leisten&quot; - just-now.NEWS Deutschland","robots":{"index":"index","follow":"follow","max-snippet":"max-snippet:-1","max-image-preview":"max-image-preview:large","max-video-preview":"max-video-preview:-1"},"canonical":"https:\/\/now-news.de\/de\/deutschland\/scholz-eu-kann-sich-kein-nationales-veto-in-der-aussenpolitik-mehr-leisten\/","og_locale":"de_DE","og_type":"article","og_title":"Scholz: &quot;EU kann sich kein nationales Veto in der Au\u00dfenpolitik mehr leisten&quot;","og_description":"In einem Beitrag f\u00fcr die &#8220;Frankfurter Allgemeine Zeitung&#8221; (FAZ), schreibt Bundeskanzler Olaf Scholz, dass sich die Europ\u00e4ische Union in Fragen der Au\u00dfenpolitik nicht mehr l\u00e4nger nationale Vetos leisten k\u00f6nne. Sonst &#8220;finde man kein Geh\u00f6r mehr in einer Welt konkurrierender Gro\u00dfm\u00e4chte&#8221;. Die Europ\u00e4ische Union k\u00f6nne es sich nicht l\u00e4nger leisten, nationale Vetos bei Entscheidungen \u00fcber die [&hellip;]","og_url":"https:\/\/now-news.de\/de\/deutschland\/scholz-eu-kann-sich-kein-nationales-veto-in-der-aussenpolitik-mehr-leisten\/","og_site_name":"just-now.NEWS Deutschland","article_publisher":"https:\/\/www.facebook.com\/wirmachenauf","article_published_time":"2022-07-18T18:44:17+00:00","og_image":[{"width":460,"height":259,"url":"https:\/\/now-news.de\/de\/wp-content\/uploads\/sites\/3\/2022\/07\/Scholz-quotEU-kann-sich-kein-nationales-Veto-in-der-Aussenpolitik.jpg","type":"image\/jpeg"}],"author":"rtnews","twitter_card":"summary_large_image","twitter_creator":"@WirMachenAuf_de","twitter_site":"@WirMachenAuf_de","twitter_misc":{"Verfasst von":"rtnews","Gesch\u00e4tzte Lesezeit":"2\u00a0Minuten"},"schema":{"@context":"https:\/\/schema.org","@graph":[{"@type":"Article","@id":"https:\/\/now-news.de\/de\/deutschland\/scholz-eu-kann-sich-kein-nationales-veto-in-der-aussenpolitik-mehr-leisten\/#article","isPartOf":{"@id":"https:\/\/now-news.de\/de\/deutschland\/scholz-eu-kann-sich-kein-nationales-veto-in-der-aussenpolitik-mehr-leisten\/"},"author":{"name":"rtnews","@id":"https:\/\/now-news.de\/de\/#\/schema\/person\/fb534a4e865501d8b3285208df34a9b5"},"headline":"Scholz: &quot;EU kann sich kein nationales Veto in der Au\u00dfenpolitik mehr leisten&quot;","datePublished":"2022-07-18T18:44:17+00:00","dateModified":"2022-07-18T18:44:17+00:00","mainEntityOfPage":{"@id":"https:\/\/now-news.de\/de\/deutschland\/scholz-eu-kann-sich-kein-nationales-veto-in-der-aussenpolitik-mehr-leisten\/"},"wordCount":358,"commentCount":0,"publisher":{"@id":"https:\/\/now-news.de\/de\/#organization"},"image":{"@id":"https:\/\/now-news.de\/de\/deutschland\/scholz-eu-kann-sich-kein-nationales-veto-in-der-aussenpolitik-mehr-leisten\/#primaryimage"},"thumbnailUrl":"https:\/\/now-news.de\/de\/wp-content\/uploads\/sites\/3\/2022\/07\/Scholz-quotEU-kann-sich-kein-nationales-Veto-in-der-Aussenpolitik.jpg","keywords":["au\u00dfenpolitik","der","kann","Kein","leistenquot","mehr","nationales","quotEU","Scholz","sich","Veto"],"articleSection":["Deutschland","Russland"],"inLanguage":"de","potentialAction":[{"@type":"CommentAction","name":"Comment","target":["https:\/\/now-news.de\/de\/deutschland\/scholz-eu-kann-sich-kein-nationales-veto-in-der-aussenpolitik-mehr-leisten\/#respond"]}]},{"@type":"WebPage","@id":"https:\/\/now-news.de\/de\/deutschland\/scholz-eu-kann-sich-kein-nationales-veto-in-der-aussenpolitik-mehr-leisten\/","url":"https:\/\/now-news.de\/de\/deutschland\/scholz-eu-kann-sich-kein-nationales-veto-in-der-aussenpolitik-mehr-leisten\/","name":"Scholz: &quot;EU kann sich kein nationales Veto in der Au\u00dfenpolitik mehr leisten&quot; - just-now.NEWS Deutschland","isPartOf":{"@id":"https:\/\/now-news.de\/de\/#website"},"primaryImageOfPage":{"@id":"https:\/\/now-news.de\/de\/deutschland\/scholz-eu-kann-sich-kein-nationales-veto-in-der-aussenpolitik-mehr-leisten\/#primaryimage"},"image":{"@id":"https:\/\/now-news.de\/de\/deutschland\/scholz-eu-kann-sich-kein-nationales-veto-in-der-aussenpolitik-mehr-leisten\/#primaryimage"},"thumbnailUrl":"https:\/\/now-news.de\/de\/wp-content\/uploads\/sites\/3\/2022\/07\/Scholz-quotEU-kann-sich-kein-nationales-Veto-in-der-Aussenpolitik.jpg","datePublished":"2022-07-18T18:44:17+00:00","dateModified":"2022-07-18T18:44:17+00:00","breadcrumb":{"@id":"https:\/\/now-news.de\/de\/deutschland\/scholz-eu-kann-sich-kein-nationales-veto-in-der-aussenpolitik-mehr-leisten\/#breadcrumb"},"inLanguage":"de","potentialAction":[{"@type":"ReadAction","target":["https:\/\/now-news.de\/de\/deutschland\/scholz-eu-kann-sich-kein-nationales-veto-in-der-aussenpolitik-mehr-leisten\/"]}]},{"@type":"ImageObject","inLanguage":"de","@id":"https:\/\/now-news.de\/de\/deutschland\/scholz-eu-kann-sich-kein-nationales-veto-in-der-aussenpolitik-mehr-leisten\/#primaryimage","url":"https:\/\/now-news.de\/de\/wp-content\/uploads\/sites\/3\/2022\/07\/Scholz-quotEU-kann-sich-kein-nationales-Veto-in-der-Aussenpolitik.jpg","contentUrl":"https:\/\/now-news.de\/de\/wp-content\/uploads\/sites\/3\/2022\/07\/Scholz-quotEU-kann-sich-kein-nationales-Veto-in-der-Aussenpolitik.jpg","width":460,"height":259,"caption":"Scholz: &quot;EU kann sich kein nationales Veto in der Au\u00dfenpolitik mehr leisten&quot;"},{"@type":"BreadcrumbList","@id":"https:\/\/now-news.de\/de\/deutschland\/scholz-eu-kann-sich-kein-nationales-veto-in-der-aussenpolitik-mehr-leisten\/#breadcrumb","itemListElement":[{"@type":"ListItem","position":1,"name":"Home","item":"https:\/\/now-news.de\/de\/"},{"@type":"ListItem","position":2,"name":"Scholz: &quot;EU kann sich kein nationales Veto in der Au\u00dfenpolitik mehr leisten&quot;"}]},{"@type":"WebSite","@id":"https:\/\/now-news.de\/de\/#website","url":"https:\/\/now-news.de\/de\/","name":"just-now.NEWS Deutschland","description":"Das Portal f\u00fcr unzensierte Nachrichten aus der Welt","publisher":{"@id":"https:\/\/now-news.de\/de\/#organization"},"potentialAction":[{"@type":"SearchAction","target":{"@type":"EntryPoint","urlTemplate":"https:\/\/now-news.de\/de\/?s={search_term_string}"},"query-input":"required name=search_term_string"}],"inLanguage":"de"},{"@type":"Organization","@id":"https:\/\/now-news.de\/de\/#organization","name":"Just Now News","url":"https:\/\/now-news.de\/de\/","logo":{"@type":"ImageObject","inLanguage":"de","@id":"https:\/\/now-news.de\/de\/#\/schema\/logo\/image\/","url":"http:\/\/just-now.news\/de\/wp-content\/uploads\/sites\/3\/2022\/04\/logo500x500.jpg","contentUrl":"http:\/\/just-now.news\/de\/wp-content\/uploads\/sites\/3\/2022\/04\/logo500x500.jpg","width":500,"height":500,"caption":"Just Now News"},"image":{"@id":"https:\/\/now-news.de\/de\/#\/schema\/logo\/image\/"},"sameAs":["https:\/\/www.facebook.com\/wirmachenauf","https:\/\/x.com\/WirMachenAuf_de"]},{"@type":"Person","@id":"https:\/\/now-news.de\/de\/#\/schema\/person\/fb534a4e865501d8b3285208df34a9b5","name":"rtnews","image":{"@type":"ImageObject","inLanguage":"de","@id":"https:\/\/now-news.de\/de\/#\/schema\/person\/image\/","url":"https:\/\/secure.gravatar.com\/avatar\/82aafea7d8127119dd649515f56e2117?s=96&d=mm&r=g","contentUrl":"https:\/\/secure.gravatar.com\/avatar\/82aafea7d8127119dd649515f56e2117?s=96&d=mm&r=g","caption":"rtnews"},"url":"https:\/\/now-news.de\/de\/author\/rnews\/"}]}},"_links":{"self":[{"href":"https:\/\/now-news.de\/de\/wp-json\/wp\/v2\/posts\/14230"}],"collection":[{"href":"https:\/\/now-news.de\/de\/wp-json\/wp\/v2\/posts"}],"about":[{"href":"https:\/\/now-news.de\/de\/wp-json\/wp\/v2\/types\/post"}],"author":[{"embeddable":true,"href":"https:\/\/now-news.de\/de\/wp-json\/wp\/v2\/users\/3"}],"replies":[{"embeddable":true,"href":"https:\/\/now-news.de\/de\/wp-json\/wp\/v2\/comments?post=14230"}],"version-history":[{"count":0,"href":"https:\/\/now-news.de\/de\/wp-json\/wp\/v2\/posts\/14230\/revisions"}],"wp:featuredmedia":[{"embeddable":true,"href":"https:\/\/now-news.de\/de\/wp-json\/wp\/v2\/media\/14231"}],"wp:attachment":[{"href":"https:\/\/now-news.de\/de\/wp-json\/wp\/v2\/media?parent=14230"}],"wp:term":[{"taxonomy":"category","embeddable":true,"href":"https:\/\/now-news.de\/de\/wp-json\/wp\/v2\/categories?post=14230"},{"taxonomy":"post_tag","embeddable":true,"href":"https:\/\/now-news.de\/de\/wp-json\/wp\/v2\/tags?post=14230"}],"curies":[{"name":"wp","href":"https:\/\/api.w.org\/{rel}","templated":true}]}}