{"id":14200,"date":"2022-07-18T15:45:00","date_gmt":"2022-07-18T13:45:00","guid":{"rendered":"http:\/\/just-now.news\/de\/usa\/der-28-jaehrige-covid-19-kontakt-tracer-aus-los-angeles-wurde-fuenf-tage-spaeter-aufgrund-von-herzversagen-tot-aufgefunden\/"},"modified":"2022-07-18T15:45:00","modified_gmt":"2022-07-18T13:45:00","slug":"der-28-jaehrige-covid-19-kontakt-tracer-aus-los-angeles-wurde-fuenf-tage-spaeter-aufgrund-von-herzversagen-tot-aufgefunden","status":"publish","type":"post","link":"https:\/\/now-news.de\/de\/usa\/der-28-jaehrige-covid-19-kontakt-tracer-aus-los-angeles-wurde-fuenf-tage-spaeter-aufgrund-von-herzversagen-tot-aufgefunden\/","title":{"rendered":"Der 28-j\u00e4hrige Covid-19-Kontakt-Tracer aus Los Angeles wurde f\u00fcnf Tage sp\u00e4ter aufgrund von Herzversagen tot aufgefunden"},"content":{"rendered":"<div class=\"entry-content\">\n<p><\/p>\n<p>Ein 28-j\u00e4hriger Covid-19-Kontakt-Tracer starb pl\u00f6tzlich in seiner Wohnung in Los Angeles an Herzversagen.<\/p>\n<p>Dominic Green arbeitete als Vertragsangestellter f\u00fcr das Gesundheitsministerium von Los Angeles und unterst\u00fctzte die Stadtregierung laut Daily Mail bei der Verfolgung von COVID-19-F\u00e4llen.<\/p>\n<div id=\"IC1-ad\" class=\"sponsor IC1\">\n<p class=\"ad-notice flipboard-remove\" fl:fl-noexcerpt=\"true\">Werbung \u2013 die Geschichte geht unten weiter<\/p>\n<div id=\"IC1\">\n<script>\n\t\t\t\t\tif( FFADS.units.IC1 && FFADS.units.IC1.ad_type == 'custom' && FFADS.units.IC1.custom_ads && ! getCookie( 'ff_subbed' ) ) {\n\t\t\t\t\t\tdocument.getElementById( 'IC1' ).innerHTML = FFADS.units.IC1.custom_ads[0].code;\n\t\t\t\t\t\tif( ! FFADS.units.IC1.lazy_load ) eval( FFADS.units.IC1.custom_ads[0].rendering_script );\n\t\t\t\t\t}\n\t\t\t\t\telse if( FFADS.units.IC1 && ! getCookie( 'ff_subbed' ) ) {\n\t\t\t\t\t\tif( 'IC' != 'SB' && 'IC' != 'SA' && FFADS.use_fixed_containers ) {\n\t\t\t\t\t\t\tlet max_wh = firefly_size_list_to_max_wh( FFADS.units.IC1.sizes );\n\t\t\t\t\t\t\tlet el = document.querySelector( '#IC1' );\n\t\t\t\t\t\t\tif( 'IC' != 'SA' && FFADS.slide_pixels ) {\n\t\t\t\t\t\t\t\tmax_wh[1] += parseInt( FFADS.slide_pixels );\n\t\t\t\t\t\t\t\tel.classList.add( 'sliding' );\n\t\t\t\t\t\t\t}\n\t\t\t\t\t\t\tel.style.width = max_wh[0] + 'px';\n\t\t\t\t\t\t\tel.style.height = max_wh[1] + 'px';\n\t\t\t\t\t\t\tel.classList.add( 'fixed-size' );\n\t\t\t\t\t\t}\n\t\t\t\t\t\tgoogletag.cmd.push( function() {\n\t\t\t\t\t\t\tFFADS.debug( 'googletag.displaying IC1' );\n\t\t\t\t\t\t\tgoogletag.display( 'IC1' );\n\t\t\t\t\t\t} );\n\t\t\t\t\t}\n\t\t\t\t\telse {\n\t\t\t\t\t\tdocument.querySelector( '#IC1-ad' ).style.display = 'none';}\n\t\t\t\t<\/script><\/div>\n<\/div>\n<p>\u201eGreen arbeitete f\u00fcr Healthcare Staffing Professionals, ein Unternehmen, das seit Beginn der Pandemie fast 1.000 Mitarbeiter im Bezirk Los Angeles besch\u00e4ftigt hat, von denen 80 % von zu Hause aus arbeiten\u201c, berichtete die Nachrichtenagentur.<\/p>\n<p>Dominic ist ein medizinischer Epidemiologe, der von zu Hause aus gearbeitet hat.<\/p>\n<p><script>\n\t\t\t\t\tif( ! getCookie( 'ff_subbed' ) ) if( typeof FFADS.replace_ict != 'undefined' ) if( FFADS.replace_ict ) eval( FFADS.replace_ict );\n\t\t\t\t<\/script><\/p>\n<p>Berichten zufolge starb er pl\u00f6tzlich in seinem Haus im Bett und wurde tagelang nicht gefunden.<\/p>\n<p>Sp\u00e4ter wurde entdeckt, dass Green an Kardiomyopathie starb, einer Erkrankung, die gelegentlich zu einem pl\u00f6tzlichen Tod f\u00fchren kann, wie die Los Angeles Times berichtete.<\/p>\n<div id=\"IC2-ad\" class=\"sponsor IC2\">\n<p class=\"ad-notice flipboard-remove\" fl:fl-noexcerpt=\"true\">Werbung \u2013 die Geschichte geht unten weiter<\/p>\n<div id=\"IC2\">\n<script>\n\t\t\t\t\tif( FFADS.units.IC2 && FFADS.units.IC2.ad_type == 'custom' && FFADS.units.IC2.custom_ads && ! getCookie( 'ff_subbed' ) ) {\n\t\t\t\t\t\tdocument.getElementById( 'IC2' ).innerHTML = FFADS.units.IC2.custom_ads[0].code;\n\t\t\t\t\t\tif( ! FFADS.units.IC2.lazy_load ) eval( FFADS.units.IC2.custom_ads[0].rendering_script );\n\t\t\t\t\t}\n\t\t\t\t\telse if( FFADS.units.IC2 && ! getCookie( 'ff_subbed' ) ) {\n\t\t\t\t\t\tif( 'IC' != 'SB' && 'IC' != 'SA' && FFADS.use_fixed_containers ) {\n\t\t\t\t\t\t\tlet max_wh = firefly_size_list_to_max_wh( FFADS.units.IC2.sizes );\n\t\t\t\t\t\t\tlet el = document.querySelector( '#IC2' );\n\t\t\t\t\t\t\tif( 'IC' != 'SA' && FFADS.slide_pixels ) {\n\t\t\t\t\t\t\t\tmax_wh[1] += parseInt( FFADS.slide_pixels );\n\t\t\t\t\t\t\t\tel.classList.add( 'sliding' );\n\t\t\t\t\t\t\t}\n\t\t\t\t\t\t\tel.style.width = max_wh[0] + 'px';\n\t\t\t\t\t\t\tel.style.height = max_wh[1] + 'px';\n\t\t\t\t\t\t\tel.classList.add( 'fixed-size' );\n\t\t\t\t\t\t}\n\t\t\t\t\t\tgoogletag.cmd.push( function() {\n\t\t\t\t\t\t\tFFADS.debug( 'googletag.displaying IC2' );\n\t\t\t\t\t\t\tgoogletag.display( 'IC2' );\n\t\t\t\t\t\t} );\n\t\t\t\t\t}\n\t\t\t\t\telse {\n\t\t\t\t\t\tdocument.querySelector( '#IC2-ad' ).style.display = 'none';}\n\t\t\t\t<\/script><\/div>\n<\/div>\n<blockquote class=\"twitter-tweet\">\n<p dir=\"ltr\" lang=\"en\">Eilmeldung: 28-j\u00e4hriger schwarzer Mann, jung gesund fit, Epidemiologe, stirbt pl\u00f6tzlich an Kardiomyopathie in seiner Wohnung im Bett und wurde tagelang nicht gefunden.  So traurig.  Links unten mit Artikeln.  Ruhe in Frieden Dominik Gr\u00fcn.  So viele, dass ich nicht mithalten kann.<\/p>\n<p>\u2013 Erin Elizabeth Health Nut News (@unhealthytruth) <a rel=\"nofollow noopener\" target=\"_blank\" href=\"https:\/\/twitter.com\/unhealthytruth\/status\/1548480168536092672\">17. Juli 2022<\/a><\/p>\n<\/blockquote>\n<p><script async src=\"https:\/\/platform.twitter.com\/widgets.js\" charset=\"utf-8\"><\/script><\/p>\n<p>Mehr von Hastings Tribune:<\/p>\n<div class=\"subscriber-only\">\n<blockquote>\n<p>Dominic, der ledig war und allein lebte, hatte seine Stelle als Epidemiologe im September angetreten und sich den 41 % der Angestellten angeschlossen, die vollst\u00e4ndig remote arbeiteten und ihre Tage zu Hause in Jobs verbrachten, die mehr denn je isoliert und isoliert waren.<\/p>\n<\/blockquote>\n<\/div>\n<blockquote>\n<div class=\"subscriber-only\">\n<p>Zu Beginn und am Ende jeder Schicht schickte Dominic seinen Chefs eine obligatorische E-Mail zum Ein- und Ausstempeln.<\/p>\n<\/div>\n<div id=\"IC3-ad\" class=\"sponsor IC3\">\n<p class=\"ad-notice flipboard-remove\" fl:fl-noexcerpt=\"true\">Werbung \u2013 die Geschichte geht unten weiter<\/p>\n<div id=\"IC3\">\n<script>\n\t\t\t\t\tif( FFADS.units.IC3 && FFADS.units.IC3.ad_type == 'custom' && FFADS.units.IC3.custom_ads && ! getCookie( 'ff_subbed' ) ) {\n\t\t\t\t\t\tdocument.getElementById( 'IC3' ).innerHTML = FFADS.units.IC3.custom_ads[0].code;\n\t\t\t\t\t\tif( ! FFADS.units.IC3.lazy_load ) eval( FFADS.units.IC3.custom_ads[0].rendering_script );\n\t\t\t\t\t}\n\t\t\t\t\telse if( FFADS.units.IC3 && ! getCookie( 'ff_subbed' ) ) {\n\t\t\t\t\t\tif( 'IC' != 'SB' && 'IC' != 'SA' && FFADS.use_fixed_containers ) {\n\t\t\t\t\t\t\tlet max_wh = firefly_size_list_to_max_wh( FFADS.units.IC3.sizes );\n\t\t\t\t\t\t\tlet el = document.querySelector( '#IC3' );\n\t\t\t\t\t\t\tif( 'IC' != 'SA' && FFADS.slide_pixels ) {\n\t\t\t\t\t\t\t\tmax_wh[1] += parseInt( FFADS.slide_pixels );\n\t\t\t\t\t\t\t\tel.classList.add( 'sliding' );\n\t\t\t\t\t\t\t}\n\t\t\t\t\t\t\tel.style.width = max_wh[0] + 'px';\n\t\t\t\t\t\t\tel.style.height = max_wh[1] + 'px';\n\t\t\t\t\t\t\tel.classList.add( 'fixed-size' );\n\t\t\t\t\t\t}\n\t\t\t\t\t\tgoogletag.cmd.push( function() {\n\t\t\t\t\t\t\tFFADS.debug( 'googletag.displaying IC3' );\n\t\t\t\t\t\t\tgoogletag.display( 'IC3' );\n\t\t\t\t\t\t} );\n\t\t\t\t\t}\n\t\t\t\t\telse {\n\t\t\t\t\t\tdocument.querySelector( '#IC3-ad' ).style.display = 'none';}\n\t\t\t\t<\/script><\/div>\n<\/div>\n<div class=\"subscriber-only\">\n<p>Aber am n\u00e4chsten Tag, einem Donnerstag, schickte Dominic seine 8-Uhr-E-Mail nicht.  Er verpasste auch die Abmeldung um 16:30 Uhr.  Der Freitag kam und ging auch ohne eine Spur von Dominic.<\/p>\n<\/div>\n<div class=\"subscriber-only\">\n<p>Dominics Eltern, Joseph und Jeannine Green, die in Michigan lebten, h\u00f6rten \u00fcber das Wochenende nichts von ihm, aber das war nicht unerwartet;  Sie waren es gewohnt, auf Nachrichten von ihrem besch\u00e4ftigten Sohn zu warten.<\/p>\n<\/div>\n<div class=\"subscriber-only\">\n<p>Aber am Montag, dem Martin Luther King Jr. Day, machten sie sich Sorgen.<\/p>\n<\/div>\n<div class=\"subscriber-only\">\n<p>Joseph \u00fcberpr\u00fcfte den Mobilfunktarif ihrer Familie und stellte fest, dass Dominics Telefon f\u00fcnf Tage lang dunkel war.  Jeannine \u00fcberpr\u00fcfte ihr gemeinsames Bankkonto und stellte fest, dass es ebenfalls keine Aktivit\u00e4t zeigte.<\/p>\n<\/div>\n<div id=\"IC4-ad\" class=\"sponsor IC4\">\n<p class=\"ad-notice flipboard-remove\" fl:fl-noexcerpt=\"true\">Werbung \u2013 die Geschichte geht unten weiter<\/p>\n<div id=\"IC4\">\n<script>\n\t\t\t\t\tif( FFADS.units.IC4 && FFADS.units.IC4.ad_type == 'custom' && FFADS.units.IC4.custom_ads && ! getCookie( 'ff_subbed' ) ) {\n\t\t\t\t\t\tdocument.getElementById( 'IC4' ).innerHTML = FFADS.units.IC4.custom_ads[0].code;\n\t\t\t\t\t\tif( ! FFADS.units.IC4.lazy_load ) eval( FFADS.units.IC4.custom_ads[0].rendering_script );\n\t\t\t\t\t}\n\t\t\t\t\telse if( FFADS.units.IC4 && ! getCookie( 'ff_subbed' ) ) {\n\t\t\t\t\t\tif( 'IC' != 'SB' && 'IC' != 'SA' && FFADS.use_fixed_containers ) {\n\t\t\t\t\t\t\tlet max_wh = firefly_size_list_to_max_wh( FFADS.units.IC4.sizes );\n\t\t\t\t\t\t\tlet el = document.querySelector( '#IC4' );\n\t\t\t\t\t\t\tif( 'IC' != 'SA' && FFADS.slide_pixels ) {\n\t\t\t\t\t\t\t\tmax_wh[1] += parseInt( FFADS.slide_pixels );\n\t\t\t\t\t\t\t\tel.classList.add( 'sliding' );\n\t\t\t\t\t\t\t}\n\t\t\t\t\t\t\tel.style.width = max_wh[0] + 'px';\n\t\t\t\t\t\t\tel.style.height = max_wh[1] + 'px';\n\t\t\t\t\t\t\tel.classList.add( 'fixed-size' );\n\t\t\t\t\t\t}\n\t\t\t\t\t\tgoogletag.cmd.push( function() {\n\t\t\t\t\t\t\tFFADS.debug( 'googletag.displaying IC4' );\n\t\t\t\t\t\t\tgoogletag.display( 'IC4' );\n\t\t\t\t\t\t} );\n\t\t\t\t\t}\n\t\t\t\t\telse {\n\t\t\t\t\t\tdocument.querySelector( '#IC4-ad' ).style.display = 'none';}\n\t\t\t\t<\/script><\/div>\n<\/div>\n<div class=\"subscriber-only\">\n<p>Als Dominics Leiche am Montagabend in seiner Wohnung entdeckt wurde, war er nicht wiederzuerkennen und musste anhand der wenigen Fingerabdr\u00fccke identifiziert werden, die noch auf seinen H\u00e4nden sichtbar waren.<\/p>\n<\/div>\n<\/blockquote>\n<p class=\"article-ask\"><span class=\"ask\"><script>\n  if( getParameterByName( \"utm_source\" ) == \"testpage\" ) {\n    !function(e,t,a,n,g){e[n]=e[n]||[],e[n].push({\"gtm.start\":(new Date).getTime(),event:\"gtm.js\"});var m=t.getElementsByTagName(a)[0],r=t.createElement(a);r.async=!0,r.src=\"https:\/\/www.googletagmanager.com\/gtm.js?id=GTM-PL4PD49\",m.parentNode.insertBefore(r,m)}(window.parent,window.parent.document,\"script\",\"dataLayer\");\n    var iframe=window.parent.document.createElement(\"iframe\");iframe.src=\"https:\/\/www.googletagmanager.com\/ns.html?id=GTM-PL4PD49\";iframe.height=\"0\";iframe.width=\"0\";iframe.style=\"display:none;visibility:hidden\";window.parent.document.body.appendChild(iframe);\n    window.parent[\"$$mm-analytics\"] = window.parent[\"$$mm-analytics\"] || {};if (typeof window.parent[\"$$mm-analytics\"].firstEmbed === \"undefined\") {window.parent[\"$$mm-analytics\"].firstEmbed = Date.now();}\n    let as1 = document.createElement( \"script\" );\n    as1.src = \"https:\/\/bucket1.mm-syringe.com\/prod\/configs\/ee2300c8-43d2-7f0b-dac0-40aaf31c9d3d.js\";\n    document.body.appendChild( as1 );\n    let as2 = document.createElement( \"script\" );\n    as2.src = \"https:\/\/bucket1.mm-syringe.com\/prod\/injector\/injector.1.5.3.js\";\n    document.body.appendChild( as2 );\n  }\n<\/script><\/p>\n<div class=\"apester-media\" data-token=\"5f10a39f94902bc81d3d59a7\" data-context=\"true\" data-tags=\"\" data-fallback=\"true\" height=\"350\"><\/div>\n<p><script id=\"apester_script\" src=\"https:\/\/static.apester.com\/js\/sdk\/latest\/apester-sdk.js\" async><\/script><script async src=\"https:\/\/www.googletagmanager.com\/gtag\/js?id=G-EFE91RJVSQ\"><\/script><script>\n  window.dataLayer = window.dataLayer || [];\n  function gtag(){dataLayer.push(arguments);}\n  gtag(\\\\\\'js\\\\\\', new Date());\n  gtag(\\\\\\'config\\\\\\', \\\\\\'G-EFE91RJVSQ\\\\\\');\n<\/script><script type=\"text\/javascript\">\n\tfunction e(e){var t=!(arguments.length>1&&void 0!==arguments[1])||arguments[1],c=document.createElement(\"script\");c.src=e,t?c.type=\"module\":(c.async=!0,c.type=\"text\/javascript\",c.setAttribute(\"nomodule\",\"\"));var n=document.getElementsByTagName(\"script\")[0];n.parentNode.insertBefore(c,n)}function t(t,c,n){var a,o,r;null!==(a=t.marfeel)&&void 0!==a||(t.marfeel={}),null!==(o=(r=t.marfeel).cmd)&&void 0!==o||(r.cmd=[]),t.marfeel.config=n,t.marfeel.config.accountId=c;var i=\"https:\/\/sdk.mrf.io\/statics\";e(\"\".concat(i,\"\/marfeel-sdk.js?id=\").concat(c),!0),e(\"\".concat(i,\"\/marfeel-sdk.es5.js?id=\").concat(c),!1)}!function(e,c){var n=arguments.length>2&&void 0!==arguments[2]?arguments[2]:{};t(e,c,n)}(window,1573,{} \/*config*\/);\n<\/script><\/span><\/p>\n<\/div>\n<p><br \/>\n<br \/><a href=\"https:\/\/www.thegatewaypundit.com\/2022\/07\/28-year-old-covid-19-contact-tracer-los-angeles-found-dead-five-days-later-due-heart-failure\/\">Source link <\/a><\/p>\n","protected":false},"excerpt":{"rendered":"<p>Ein 28-j\u00e4hriger Covid-19-Kontakt-Tracer starb pl\u00f6tzlich in seiner Wohnung in Los Angeles an Herzversagen. Dominic Green arbeitete als Vertragsangestellter f\u00fcr das Gesundheitsministerium von Los Angeles und unterst\u00fctzte die Stadtregierung laut Daily Mail bei der Verfolgung von COVID-19-F\u00e4llen. Werbung \u2013 die Geschichte geht unten weiter \u201eGreen arbeitete f\u00fcr Healthcare Staffing Professionals, ein Unternehmen, das seit Beginn der [&hellip;]<\/p>\n","protected":false},"author":5,"featured_media":14201,"comment_status":"open","ping_status":"open","sticky":false,"template":"","format":"standard","meta":{"wp_automatic_camp":["1161"],"e293b63b9efd6e519bd0fcc637c7bf54":["Der 28-j\u00e4hrige Covid-19-Kontakt-Tracer aus Los Angeles wurde f\u00fcnf Tage sp\u00e4ter aufgrund von Herzversagen tot aufgefunden\n"],"original_link":["https:\/\/www.thegatewaypundit.com\/2022\/07\/28-year-old-covid-19-contact-tracer-los-angeles-found-dead-five-days-later-due-heart-failure\/"],"_thumbnail_id":["14201"],"wp_automatic_remove_first_image":["yes"],"jnews_social_counter_last_update":["1776945730"]},"categories":[25],"tags":[28355,18562,3843,3790,679,28356,82,4905,28357,11578,15978,3654,3842,50,528],"yoast_head":"<!-- This site is optimized with the Yoast SEO Premium plugin v22.7 (Yoast SEO v22.7) - https:\/\/yoast.com\/wordpress\/plugins\/seo\/ -->\n<title>Der 28-j\u00e4hrige Covid-19-Kontakt-Tracer aus Los Angeles wurde f\u00fcnf Tage sp\u00e4ter aufgrund von Herzversagen tot aufgefunden - just-now.NEWS Deutschland<\/title>\n<meta name=\"robots\" content=\"index, follow, max-snippet:-1, max-image-preview:large, max-video-preview:-1\" \/>\n<link rel=\"canonical\" href=\"https:\/\/now-news.de\/de\/usa\/der-28-jaehrige-covid-19-kontakt-tracer-aus-los-angeles-wurde-fuenf-tage-spaeter-aufgrund-von-herzversagen-tot-aufgefunden\/\" \/>\n<meta property=\"og:locale\" content=\"de_DE\" \/>\n<meta property=\"og:type\" content=\"article\" \/>\n<meta property=\"og:title\" content=\"Der 28-j\u00e4hrige Covid-19-Kontakt-Tracer aus Los Angeles wurde f\u00fcnf Tage sp\u00e4ter aufgrund von Herzversagen tot aufgefunden\" \/>\n<meta property=\"og:description\" content=\"Ein 28-j\u00e4hriger Covid-19-Kontakt-Tracer starb pl\u00f6tzlich in seiner Wohnung in Los Angeles an Herzversagen. Dominic Green arbeitete als Vertragsangestellter f\u00fcr das Gesundheitsministerium von Los Angeles und unterst\u00fctzte die Stadtregierung laut Daily Mail bei der Verfolgung von COVID-19-F\u00e4llen. Werbung \u2013 die Geschichte geht unten weiter \u201eGreen arbeitete f\u00fcr Healthcare Staffing Professionals, ein Unternehmen, das seit Beginn der [&hellip;]\" \/>\n<meta property=\"og:url\" content=\"https:\/\/now-news.de\/de\/usa\/der-28-jaehrige-covid-19-kontakt-tracer-aus-los-angeles-wurde-fuenf-tage-spaeter-aufgrund-von-herzversagen-tot-aufgefunden\/\" \/>\n<meta property=\"og:site_name\" content=\"just-now.NEWS Deutschland\" \/>\n<meta property=\"article:publisher\" content=\"https:\/\/www.facebook.com\/wirmachenauf\" \/>\n<meta property=\"article:published_time\" content=\"2022-07-18T13:45:00+00:00\" \/>\n<meta property=\"og:image\" content=\"https:\/\/now-news.de\/de\/wp-content\/uploads\/sites\/3\/2022\/07\/Der-28-jaehrige-Covid-19-Kontakt-Tracer-aus-Los-Angeles-wurde-fuenf-Tage-spaeter.jpeg\" \/>\n\t<meta property=\"og:image:width\" content=\"1284\" \/>\n\t<meta property=\"og:image:height\" content=\"722\" \/>\n\t<meta property=\"og:image:type\" content=\"image\/jpeg\" \/>\n<meta name=\"author\" content=\"greatreset\" \/>\n<meta name=\"twitter:card\" content=\"summary_large_image\" \/>\n<meta name=\"twitter:creator\" content=\"@WirMachenAuf_de\" \/>\n<meta name=\"twitter:site\" content=\"@WirMachenAuf_de\" \/>\n<meta name=\"twitter:label1\" content=\"Verfasst von\" \/>\n\t<meta name=\"twitter:data1\" content=\"greatreset\" \/>\n\t<meta name=\"twitter:label2\" content=\"Gesch\u00e4tzte Lesezeit\" \/>\n\t<meta name=\"twitter:data2\" content=\"2\u00a0Minuten\" \/>\n<script type=\"application\/ld+json\" class=\"yoast-schema-graph\">{\"@context\":\"https:\/\/schema.org\",\"@graph\":[{\"@type\":\"Article\",\"@id\":\"https:\/\/now-news.de\/de\/usa\/der-28-jaehrige-covid-19-kontakt-tracer-aus-los-angeles-wurde-fuenf-tage-spaeter-aufgrund-von-herzversagen-tot-aufgefunden\/#article\",\"isPartOf\":{\"@id\":\"https:\/\/now-news.de\/de\/usa\/der-28-jaehrige-covid-19-kontakt-tracer-aus-los-angeles-wurde-fuenf-tage-spaeter-aufgrund-von-herzversagen-tot-aufgefunden\/\"},\"author\":{\"name\":\"greatreset\",\"@id\":\"https:\/\/now-news.de\/de\/#\/schema\/person\/8afb4cd92b68572db7902c13a349ffcb\"},\"headline\":\"Der 28-j\u00e4hrige Covid-19-Kontakt-Tracer aus Los Angeles wurde f\u00fcnf Tage sp\u00e4ter aufgrund von Herzversagen tot aufgefunden\",\"datePublished\":\"2022-07-18T13:45:00+00:00\",\"dateModified\":\"2022-07-18T13:45:00+00:00\",\"mainEntityOfPage\":{\"@id\":\"https:\/\/now-news.de\/de\/usa\/der-28-jaehrige-covid-19-kontakt-tracer-aus-los-angeles-wurde-fuenf-tage-spaeter-aufgrund-von-herzversagen-tot-aufgefunden\/\"},\"wordCount\":436,\"commentCount\":0,\"publisher\":{\"@id\":\"https:\/\/now-news.de\/de\/#organization\"},\"image\":{\"@id\":\"https:\/\/now-news.de\/de\/usa\/der-28-jaehrige-covid-19-kontakt-tracer-aus-los-angeles-wurde-fuenf-tage-spaeter-aufgrund-von-herzversagen-tot-aufgefunden\/#primaryimage\"},\"thumbnailUrl\":\"https:\/\/now-news.de\/de\/wp-content\/uploads\/sites\/3\/2022\/07\/Der-28-jaehrige-Covid-19-Kontakt-Tracer-aus-Los-Angeles-wurde-fuenf-Tage-spaeter.jpeg\",\"keywords\":[\"28j\u00e4hrige\",\"Angeles\",\"aufgefunden\",\"aufgrund\",\"aus\",\"Covid19KontaktTracer\",\"der\",\"f\u00fcnf\",\"Herzversagen\",\"los\",\"sp\u00e4ter\",\"Tage\",\"tot\",\"von\",\"wurde\"],\"articleSection\":[\"USA\"],\"inLanguage\":\"de\",\"potentialAction\":[{\"@type\":\"CommentAction\",\"name\":\"Comment\",\"target\":[\"https:\/\/now-news.de\/de\/usa\/der-28-jaehrige-covid-19-kontakt-tracer-aus-los-angeles-wurde-fuenf-tage-spaeter-aufgrund-von-herzversagen-tot-aufgefunden\/#respond\"]}]},{\"@type\":\"WebPage\",\"@id\":\"https:\/\/now-news.de\/de\/usa\/der-28-jaehrige-covid-19-kontakt-tracer-aus-los-angeles-wurde-fuenf-tage-spaeter-aufgrund-von-herzversagen-tot-aufgefunden\/\",\"url\":\"https:\/\/now-news.de\/de\/usa\/der-28-jaehrige-covid-19-kontakt-tracer-aus-los-angeles-wurde-fuenf-tage-spaeter-aufgrund-von-herzversagen-tot-aufgefunden\/\",\"name\":\"Der 28-j\u00e4hrige Covid-19-Kontakt-Tracer aus Los Angeles wurde f\u00fcnf Tage sp\u00e4ter aufgrund von Herzversagen tot aufgefunden - just-now.NEWS Deutschland\",\"isPartOf\":{\"@id\":\"https:\/\/now-news.de\/de\/#website\"},\"primaryImageOfPage\":{\"@id\":\"https:\/\/now-news.de\/de\/usa\/der-28-jaehrige-covid-19-kontakt-tracer-aus-los-angeles-wurde-fuenf-tage-spaeter-aufgrund-von-herzversagen-tot-aufgefunden\/#primaryimage\"},\"image\":{\"@id\":\"https:\/\/now-news.de\/de\/usa\/der-28-jaehrige-covid-19-kontakt-tracer-aus-los-angeles-wurde-fuenf-tage-spaeter-aufgrund-von-herzversagen-tot-aufgefunden\/#primaryimage\"},\"thumbnailUrl\":\"https:\/\/now-news.de\/de\/wp-content\/uploads\/sites\/3\/2022\/07\/Der-28-jaehrige-Covid-19-Kontakt-Tracer-aus-Los-Angeles-wurde-fuenf-Tage-spaeter.jpeg\",\"datePublished\":\"2022-07-18T13:45:00+00:00\",\"dateModified\":\"2022-07-18T13:45:00+00:00\",\"breadcrumb\":{\"@id\":\"https:\/\/now-news.de\/de\/usa\/der-28-jaehrige-covid-19-kontakt-tracer-aus-los-angeles-wurde-fuenf-tage-spaeter-aufgrund-von-herzversagen-tot-aufgefunden\/#breadcrumb\"},\"inLanguage\":\"de\",\"potentialAction\":[{\"@type\":\"ReadAction\",\"target\":[\"https:\/\/now-news.de\/de\/usa\/der-28-jaehrige-covid-19-kontakt-tracer-aus-los-angeles-wurde-fuenf-tage-spaeter-aufgrund-von-herzversagen-tot-aufgefunden\/\"]}]},{\"@type\":\"ImageObject\",\"inLanguage\":\"de\",\"@id\":\"https:\/\/now-news.de\/de\/usa\/der-28-jaehrige-covid-19-kontakt-tracer-aus-los-angeles-wurde-fuenf-tage-spaeter-aufgrund-von-herzversagen-tot-aufgefunden\/#primaryimage\",\"url\":\"https:\/\/now-news.de\/de\/wp-content\/uploads\/sites\/3\/2022\/07\/Der-28-jaehrige-Covid-19-Kontakt-Tracer-aus-Los-Angeles-wurde-fuenf-Tage-spaeter.jpeg\",\"contentUrl\":\"https:\/\/now-news.de\/de\/wp-content\/uploads\/sites\/3\/2022\/07\/Der-28-jaehrige-Covid-19-Kontakt-Tracer-aus-Los-Angeles-wurde-fuenf-Tage-spaeter.jpeg\",\"width\":1284,\"height\":722},{\"@type\":\"BreadcrumbList\",\"@id\":\"https:\/\/now-news.de\/de\/usa\/der-28-jaehrige-covid-19-kontakt-tracer-aus-los-angeles-wurde-fuenf-tage-spaeter-aufgrund-von-herzversagen-tot-aufgefunden\/#breadcrumb\",\"itemListElement\":[{\"@type\":\"ListItem\",\"position\":1,\"name\":\"Home\",\"item\":\"https:\/\/now-news.de\/de\/\"},{\"@type\":\"ListItem\",\"position\":2,\"name\":\"Der 28-j\u00e4hrige Covid-19-Kontakt-Tracer aus Los Angeles wurde f\u00fcnf Tage sp\u00e4ter aufgrund von Herzversagen tot aufgefunden\"}]},{\"@type\":\"WebSite\",\"@id\":\"https:\/\/now-news.de\/de\/#website\",\"url\":\"https:\/\/now-news.de\/de\/\",\"name\":\"just-now.NEWS Deutschland\",\"description\":\"Das Portal f\u00fcr unzensierte Nachrichten aus der Welt\",\"publisher\":{\"@id\":\"https:\/\/now-news.de\/de\/#organization\"},\"potentialAction\":[{\"@type\":\"SearchAction\",\"target\":{\"@type\":\"EntryPoint\",\"urlTemplate\":\"https:\/\/now-news.de\/de\/?s={search_term_string}\"},\"query-input\":\"required name=search_term_string\"}],\"inLanguage\":\"de\"},{\"@type\":\"Organization\",\"@id\":\"https:\/\/now-news.de\/de\/#organization\",\"name\":\"Just Now News\",\"url\":\"https:\/\/now-news.de\/de\/\",\"logo\":{\"@type\":\"ImageObject\",\"inLanguage\":\"de\",\"@id\":\"https:\/\/now-news.de\/de\/#\/schema\/logo\/image\/\",\"url\":\"http:\/\/just-now.news\/de\/wp-content\/uploads\/sites\/3\/2022\/04\/logo500x500.jpg\",\"contentUrl\":\"http:\/\/just-now.news\/de\/wp-content\/uploads\/sites\/3\/2022\/04\/logo500x500.jpg\",\"width\":500,\"height\":500,\"caption\":\"Just Now News\"},\"image\":{\"@id\":\"https:\/\/now-news.de\/de\/#\/schema\/logo\/image\/\"},\"sameAs\":[\"https:\/\/www.facebook.com\/wirmachenauf\",\"https:\/\/x.com\/WirMachenAuf_de\"]},{\"@type\":\"Person\",\"@id\":\"https:\/\/now-news.de\/de\/#\/schema\/person\/8afb4cd92b68572db7902c13a349ffcb\",\"name\":\"greatreset\",\"image\":{\"@type\":\"ImageObject\",\"inLanguage\":\"de\",\"@id\":\"https:\/\/now-news.de\/de\/#\/schema\/person\/image\/\",\"url\":\"https:\/\/secure.gravatar.com\/avatar\/a088df625d49991c090e78c8b9542592?s=96&d=mm&r=g\",\"contentUrl\":\"https:\/\/secure.gravatar.com\/avatar\/a088df625d49991c090e78c8b9542592?s=96&d=mm&r=g\",\"caption\":\"greatreset\"},\"url\":\"https:\/\/now-news.de\/de\/author\/greatreset\/\"}]}<\/script>\n<!-- \/ Yoast SEO Premium plugin. -->","yoast_head_json":{"title":"Der 28-j\u00e4hrige Covid-19-Kontakt-Tracer aus Los Angeles wurde f\u00fcnf Tage sp\u00e4ter aufgrund von Herzversagen tot aufgefunden - just-now.NEWS Deutschland","robots":{"index":"index","follow":"follow","max-snippet":"max-snippet:-1","max-image-preview":"max-image-preview:large","max-video-preview":"max-video-preview:-1"},"canonical":"https:\/\/now-news.de\/de\/usa\/der-28-jaehrige-covid-19-kontakt-tracer-aus-los-angeles-wurde-fuenf-tage-spaeter-aufgrund-von-herzversagen-tot-aufgefunden\/","og_locale":"de_DE","og_type":"article","og_title":"Der 28-j\u00e4hrige Covid-19-Kontakt-Tracer aus Los Angeles wurde f\u00fcnf Tage sp\u00e4ter aufgrund von Herzversagen tot aufgefunden","og_description":"Ein 28-j\u00e4hriger Covid-19-Kontakt-Tracer starb pl\u00f6tzlich in seiner Wohnung in Los Angeles an Herzversagen. Dominic Green arbeitete als Vertragsangestellter f\u00fcr das Gesundheitsministerium von Los Angeles und unterst\u00fctzte die Stadtregierung laut Daily Mail bei der Verfolgung von COVID-19-F\u00e4llen. Werbung \u2013 die Geschichte geht unten weiter \u201eGreen arbeitete f\u00fcr Healthcare Staffing Professionals, ein Unternehmen, das seit Beginn der [&hellip;]","og_url":"https:\/\/now-news.de\/de\/usa\/der-28-jaehrige-covid-19-kontakt-tracer-aus-los-angeles-wurde-fuenf-tage-spaeter-aufgrund-von-herzversagen-tot-aufgefunden\/","og_site_name":"just-now.NEWS Deutschland","article_publisher":"https:\/\/www.facebook.com\/wirmachenauf","article_published_time":"2022-07-18T13:45:00+00:00","og_image":[{"width":1284,"height":722,"url":"https:\/\/now-news.de\/de\/wp-content\/uploads\/sites\/3\/2022\/07\/Der-28-jaehrige-Covid-19-Kontakt-Tracer-aus-Los-Angeles-wurde-fuenf-Tage-spaeter.jpeg","type":"image\/jpeg"}],"author":"greatreset","twitter_card":"summary_large_image","twitter_creator":"@WirMachenAuf_de","twitter_site":"@WirMachenAuf_de","twitter_misc":{"Verfasst von":"greatreset","Gesch\u00e4tzte Lesezeit":"2\u00a0Minuten"},"schema":{"@context":"https:\/\/schema.org","@graph":[{"@type":"Article","@id":"https:\/\/now-news.de\/de\/usa\/der-28-jaehrige-covid-19-kontakt-tracer-aus-los-angeles-wurde-fuenf-tage-spaeter-aufgrund-von-herzversagen-tot-aufgefunden\/#article","isPartOf":{"@id":"https:\/\/now-news.de\/de\/usa\/der-28-jaehrige-covid-19-kontakt-tracer-aus-los-angeles-wurde-fuenf-tage-spaeter-aufgrund-von-herzversagen-tot-aufgefunden\/"},"author":{"name":"greatreset","@id":"https:\/\/now-news.de\/de\/#\/schema\/person\/8afb4cd92b68572db7902c13a349ffcb"},"headline":"Der 28-j\u00e4hrige Covid-19-Kontakt-Tracer aus Los Angeles wurde f\u00fcnf Tage sp\u00e4ter aufgrund von Herzversagen tot aufgefunden","datePublished":"2022-07-18T13:45:00+00:00","dateModified":"2022-07-18T13:45:00+00:00","mainEntityOfPage":{"@id":"https:\/\/now-news.de\/de\/usa\/der-28-jaehrige-covid-19-kontakt-tracer-aus-los-angeles-wurde-fuenf-tage-spaeter-aufgrund-von-herzversagen-tot-aufgefunden\/"},"wordCount":436,"commentCount":0,"publisher":{"@id":"https:\/\/now-news.de\/de\/#organization"},"image":{"@id":"https:\/\/now-news.de\/de\/usa\/der-28-jaehrige-covid-19-kontakt-tracer-aus-los-angeles-wurde-fuenf-tage-spaeter-aufgrund-von-herzversagen-tot-aufgefunden\/#primaryimage"},"thumbnailUrl":"https:\/\/now-news.de\/de\/wp-content\/uploads\/sites\/3\/2022\/07\/Der-28-jaehrige-Covid-19-Kontakt-Tracer-aus-Los-Angeles-wurde-fuenf-Tage-spaeter.jpeg","keywords":["28j\u00e4hrige","Angeles","aufgefunden","aufgrund","aus","Covid19KontaktTracer","der","f\u00fcnf","Herzversagen","los","sp\u00e4ter","Tage","tot","von","wurde"],"articleSection":["USA"],"inLanguage":"de","potentialAction":[{"@type":"CommentAction","name":"Comment","target":["https:\/\/now-news.de\/de\/usa\/der-28-jaehrige-covid-19-kontakt-tracer-aus-los-angeles-wurde-fuenf-tage-spaeter-aufgrund-von-herzversagen-tot-aufgefunden\/#respond"]}]},{"@type":"WebPage","@id":"https:\/\/now-news.de\/de\/usa\/der-28-jaehrige-covid-19-kontakt-tracer-aus-los-angeles-wurde-fuenf-tage-spaeter-aufgrund-von-herzversagen-tot-aufgefunden\/","url":"https:\/\/now-news.de\/de\/usa\/der-28-jaehrige-covid-19-kontakt-tracer-aus-los-angeles-wurde-fuenf-tage-spaeter-aufgrund-von-herzversagen-tot-aufgefunden\/","name":"Der 28-j\u00e4hrige Covid-19-Kontakt-Tracer aus Los Angeles wurde f\u00fcnf Tage sp\u00e4ter aufgrund von Herzversagen tot aufgefunden - just-now.NEWS Deutschland","isPartOf":{"@id":"https:\/\/now-news.de\/de\/#website"},"primaryImageOfPage":{"@id":"https:\/\/now-news.de\/de\/usa\/der-28-jaehrige-covid-19-kontakt-tracer-aus-los-angeles-wurde-fuenf-tage-spaeter-aufgrund-von-herzversagen-tot-aufgefunden\/#primaryimage"},"image":{"@id":"https:\/\/now-news.de\/de\/usa\/der-28-jaehrige-covid-19-kontakt-tracer-aus-los-angeles-wurde-fuenf-tage-spaeter-aufgrund-von-herzversagen-tot-aufgefunden\/#primaryimage"},"thumbnailUrl":"https:\/\/now-news.de\/de\/wp-content\/uploads\/sites\/3\/2022\/07\/Der-28-jaehrige-Covid-19-Kontakt-Tracer-aus-Los-Angeles-wurde-fuenf-Tage-spaeter.jpeg","datePublished":"2022-07-18T13:45:00+00:00","dateModified":"2022-07-18T13:45:00+00:00","breadcrumb":{"@id":"https:\/\/now-news.de\/de\/usa\/der-28-jaehrige-covid-19-kontakt-tracer-aus-los-angeles-wurde-fuenf-tage-spaeter-aufgrund-von-herzversagen-tot-aufgefunden\/#breadcrumb"},"inLanguage":"de","potentialAction":[{"@type":"ReadAction","target":["https:\/\/now-news.de\/de\/usa\/der-28-jaehrige-covid-19-kontakt-tracer-aus-los-angeles-wurde-fuenf-tage-spaeter-aufgrund-von-herzversagen-tot-aufgefunden\/"]}]},{"@type":"ImageObject","inLanguage":"de","@id":"https:\/\/now-news.de\/de\/usa\/der-28-jaehrige-covid-19-kontakt-tracer-aus-los-angeles-wurde-fuenf-tage-spaeter-aufgrund-von-herzversagen-tot-aufgefunden\/#primaryimage","url":"https:\/\/now-news.de\/de\/wp-content\/uploads\/sites\/3\/2022\/07\/Der-28-jaehrige-Covid-19-Kontakt-Tracer-aus-Los-Angeles-wurde-fuenf-Tage-spaeter.jpeg","contentUrl":"https:\/\/now-news.de\/de\/wp-content\/uploads\/sites\/3\/2022\/07\/Der-28-jaehrige-Covid-19-Kontakt-Tracer-aus-Los-Angeles-wurde-fuenf-Tage-spaeter.jpeg","width":1284,"height":722},{"@type":"BreadcrumbList","@id":"https:\/\/now-news.de\/de\/usa\/der-28-jaehrige-covid-19-kontakt-tracer-aus-los-angeles-wurde-fuenf-tage-spaeter-aufgrund-von-herzversagen-tot-aufgefunden\/#breadcrumb","itemListElement":[{"@type":"ListItem","position":1,"name":"Home","item":"https:\/\/now-news.de\/de\/"},{"@type":"ListItem","position":2,"name":"Der 28-j\u00e4hrige Covid-19-Kontakt-Tracer aus Los Angeles wurde f\u00fcnf Tage sp\u00e4ter aufgrund von Herzversagen tot aufgefunden"}]},{"@type":"WebSite","@id":"https:\/\/now-news.de\/de\/#website","url":"https:\/\/now-news.de\/de\/","name":"just-now.NEWS Deutschland","description":"Das Portal f\u00fcr unzensierte Nachrichten aus der Welt","publisher":{"@id":"https:\/\/now-news.de\/de\/#organization"},"potentialAction":[{"@type":"SearchAction","target":{"@type":"EntryPoint","urlTemplate":"https:\/\/now-news.de\/de\/?s={search_term_string}"},"query-input":"required name=search_term_string"}],"inLanguage":"de"},{"@type":"Organization","@id":"https:\/\/now-news.de\/de\/#organization","name":"Just Now News","url":"https:\/\/now-news.de\/de\/","logo":{"@type":"ImageObject","inLanguage":"de","@id":"https:\/\/now-news.de\/de\/#\/schema\/logo\/image\/","url":"http:\/\/just-now.news\/de\/wp-content\/uploads\/sites\/3\/2022\/04\/logo500x500.jpg","contentUrl":"http:\/\/just-now.news\/de\/wp-content\/uploads\/sites\/3\/2022\/04\/logo500x500.jpg","width":500,"height":500,"caption":"Just Now News"},"image":{"@id":"https:\/\/now-news.de\/de\/#\/schema\/logo\/image\/"},"sameAs":["https:\/\/www.facebook.com\/wirmachenauf","https:\/\/x.com\/WirMachenAuf_de"]},{"@type":"Person","@id":"https:\/\/now-news.de\/de\/#\/schema\/person\/8afb4cd92b68572db7902c13a349ffcb","name":"greatreset","image":{"@type":"ImageObject","inLanguage":"de","@id":"https:\/\/now-news.de\/de\/#\/schema\/person\/image\/","url":"https:\/\/secure.gravatar.com\/avatar\/a088df625d49991c090e78c8b9542592?s=96&d=mm&r=g","contentUrl":"https:\/\/secure.gravatar.com\/avatar\/a088df625d49991c090e78c8b9542592?s=96&d=mm&r=g","caption":"greatreset"},"url":"https:\/\/now-news.de\/de\/author\/greatreset\/"}]}},"_links":{"self":[{"href":"https:\/\/now-news.de\/de\/wp-json\/wp\/v2\/posts\/14200"}],"collection":[{"href":"https:\/\/now-news.de\/de\/wp-json\/wp\/v2\/posts"}],"about":[{"href":"https:\/\/now-news.de\/de\/wp-json\/wp\/v2\/types\/post"}],"author":[{"embeddable":true,"href":"https:\/\/now-news.de\/de\/wp-json\/wp\/v2\/users\/5"}],"replies":[{"embeddable":true,"href":"https:\/\/now-news.de\/de\/wp-json\/wp\/v2\/comments?post=14200"}],"version-history":[{"count":0,"href":"https:\/\/now-news.de\/de\/wp-json\/wp\/v2\/posts\/14200\/revisions"}],"wp:featuredmedia":[{"embeddable":true,"href":"https:\/\/now-news.de\/de\/wp-json\/wp\/v2\/media\/14201"}],"wp:attachment":[{"href":"https:\/\/now-news.de\/de\/wp-json\/wp\/v2\/media?parent=14200"}],"wp:term":[{"taxonomy":"category","embeddable":true,"href":"https:\/\/now-news.de\/de\/wp-json\/wp\/v2\/categories?post=14200"},{"taxonomy":"post_tag","embeddable":true,"href":"https:\/\/now-news.de\/de\/wp-json\/wp\/v2\/tags?post=14200"}],"curies":[{"name":"wp","href":"https:\/\/api.w.org\/{rel}","templated":true}]}}