{"id":14194,"date":"2022-07-18T14:45:00","date_gmt":"2022-07-18T12:45:00","guid":{"rendered":"http:\/\/just-now.news\/de\/usa\/lesbische-verurteilung-der-pflege-von-kindern-und-wachaktivismus-wird-viral-video\/"},"modified":"2022-07-18T14:45:00","modified_gmt":"2022-07-18T12:45:00","slug":"lesbische-verurteilung-der-pflege-von-kindern-und-wachaktivismus-wird-viral-video","status":"publish","type":"post","link":"https:\/\/now-news.de\/de\/usa\/lesbische-verurteilung-der-pflege-von-kindern-und-wachaktivismus-wird-viral-video\/","title":{"rendered":"Lesbische Verurteilung der Pflege von Kindern und Wachaktivismus wird viral (VIDEO)"},"content":{"rendered":"<div class=\"entry-content\">\n<p><\/p>\n<p><strong>In einem kurzen Video teilt eine Lesbe aus tiefstem Herzen mit, was sie heute sieht und wie sie darauf reagiert. <\/strong><\/p>\n<p>Dieses kurze Video ging \u00fcber das Wochenende in den sozialen Medien viral.<\/p>\n<div id=\"IC1-ad\" class=\"sponsor IC1\">\n<p class=\"ad-notice flipboard-remove\" fl:fl-noexcerpt=\"true\">Werbung \u2013 die Geschichte geht unten weiter<\/p>\n<div id=\"IC1\">\n<script>\n\t\t\t\t\tif( FFADS.units.IC1 && FFADS.units.IC1.ad_type == 'custom' && FFADS.units.IC1.custom_ads && ! getCookie( 'ff_subbed' ) ) {\n\t\t\t\t\t\tdocument.getElementById( 'IC1' ).innerHTML = FFADS.units.IC1.custom_ads[0].code;\n\t\t\t\t\t\tif( ! FFADS.units.IC1.lazy_load ) eval( FFADS.units.IC1.custom_ads[0].rendering_script );\n\t\t\t\t\t}\n\t\t\t\t\telse if( FFADS.units.IC1 && ! getCookie( 'ff_subbed' ) ) {\n\t\t\t\t\t\tif( 'IC' != 'SB' && 'IC' != 'SA' && FFADS.use_fixed_containers ) {\n\t\t\t\t\t\t\tlet max_wh = firefly_size_list_to_max_wh( FFADS.units.IC1.sizes );\n\t\t\t\t\t\t\tlet el = document.querySelector( '#IC1' );\n\t\t\t\t\t\t\tif( 'IC' != 'SA' && FFADS.slide_pixels ) {\n\t\t\t\t\t\t\t\tmax_wh[1] += parseInt( FFADS.slide_pixels );\n\t\t\t\t\t\t\t\tel.classList.add( 'sliding' );\n\t\t\t\t\t\t\t}\n\t\t\t\t\t\t\tel.style.width = max_wh[0] + 'px';\n\t\t\t\t\t\t\tel.style.height = max_wh[1] + 'px';\n\t\t\t\t\t\t\tel.classList.add( 'fixed-size' );\n\t\t\t\t\t\t}\n\t\t\t\t\t\tgoogletag.cmd.push( function() {\n\t\t\t\t\t\t\tFFADS.debug( 'googletag.displaying IC1' );\n\t\t\t\t\t\t\tgoogletag.display( 'IC1' );\n\t\t\t\t\t\t} );\n\t\t\t\t\t}\n\t\t\t\t\telse {\n\t\t\t\t\t\tdocument.querySelector( '#IC1-ad' ).style.display = 'none';}\n\t\t\t\t<\/script><\/div>\n<\/div>\n<p>Darin teilt eine selbsternannte lesbische Frau ihre Gedanken dar\u00fcber, was heute in der erwachten Gemeinschaft passiert.<\/p>\n<p>Sie teilt:<\/p>\n<p><script>\n\t\t\t\t\tif( ! getCookie( 'ff_subbed' ) ) if( typeof FFADS.replace_ict != 'undefined' ) if( FFADS.replace_ict ) eval( FFADS.replace_ict );\n\t\t\t\t<\/script><\/p>\n<blockquote>\n<p>Wenn ich in meiner Jugend verstanden h\u00e4tte, dass der Kampf f\u00fcr meine Rechte als Lesbe bedeuten w\u00fcrde, Kindern zu erlauben, Shows zu schleppen, Kindersch\u00e4nder an unsere Gemeinschaft zu binden und Kindern zu erlauben, ihr Geschlecht zu \u00e4ndern, bevor sie \u00fcberhaupt wissen, was ihre Lieblingsfarbe ist, ich h\u00e4tte es nie getan, niemals.<\/p>\n<\/blockquote>\n<p>Sehen Sie sich das Video unten von der Gruppe \u201eGays Against Groomers\u201c an:<\/p>\n<div id=\"IC2-ad\" class=\"sponsor IC2\">\n<p class=\"ad-notice flipboard-remove\" fl:fl-noexcerpt=\"true\">Werbung \u2013 die Geschichte geht unten weiter<\/p>\n<div id=\"IC2\">\n<script>\n\t\t\t\t\tif( FFADS.units.IC2 && FFADS.units.IC2.ad_type == 'custom' && FFADS.units.IC2.custom_ads && ! getCookie( 'ff_subbed' ) ) {\n\t\t\t\t\t\tdocument.getElementById( 'IC2' ).innerHTML = FFADS.units.IC2.custom_ads[0].code;\n\t\t\t\t\t\tif( ! FFADS.units.IC2.lazy_load ) eval( FFADS.units.IC2.custom_ads[0].rendering_script );\n\t\t\t\t\t}\n\t\t\t\t\telse if( FFADS.units.IC2 && ! getCookie( 'ff_subbed' ) ) {\n\t\t\t\t\t\tif( 'IC' != 'SB' && 'IC' != 'SA' && FFADS.use_fixed_containers ) {\n\t\t\t\t\t\t\tlet max_wh = firefly_size_list_to_max_wh( FFADS.units.IC2.sizes );\n\t\t\t\t\t\t\tlet el = document.querySelector( '#IC2' );\n\t\t\t\t\t\t\tif( 'IC' != 'SA' && FFADS.slide_pixels ) {\n\t\t\t\t\t\t\t\tmax_wh[1] += parseInt( FFADS.slide_pixels );\n\t\t\t\t\t\t\t\tel.classList.add( 'sliding' );\n\t\t\t\t\t\t\t}\n\t\t\t\t\t\t\tel.style.width = max_wh[0] + 'px';\n\t\t\t\t\t\t\tel.style.height = max_wh[1] + 'px';\n\t\t\t\t\t\t\tel.classList.add( 'fixed-size' );\n\t\t\t\t\t\t}\n\t\t\t\t\t\tgoogletag.cmd.push( function() {\n\t\t\t\t\t\t\tFFADS.debug( 'googletag.displaying IC2' );\n\t\t\t\t\t\t\tgoogletag.display( 'IC2' );\n\t\t\t\t\t\t} );\n\t\t\t\t\t}\n\t\t\t\t\telse {\n\t\t\t\t\t\tdocument.querySelector( '#IC2-ad' ).style.display = 'none';}\n\t\t\t\t<\/script><\/div>\n<\/div>\n<blockquote class=\"twitter-tweet\">\n<p dir=\"ltr\" lang=\"en\">Dies ist die herzzerrei\u00dfende Realit\u00e4t dessen, was die erwachten Aktivisten unserer Gemeinschaft mit ihrem Vorsto\u00df angetan haben, Kinder zu sexualisieren und zu indoktrinieren.  So viele von uns f\u00fchlen sich so.  H\u00e4tten wir gewusst, dass unser Kampf f\u00fcr Gleichberechtigung dazu gef\u00fchrt h\u00e4tte, h\u00e4tten wir gar nicht daf\u00fcr gek\u00e4mpft ???? <a rel=\"nofollow noopener\" target=\"_blank\" href=\"https:\/\/t.co\/TRm1CbKlH3\">pic.twitter.com\/TRm1CbKlH3<\/a><\/p>\n<p>\u2014 Schwule gegen Groomers (@againstgroomers) <a rel=\"nofollow noopener\" target=\"_blank\" href=\"https:\/\/twitter.com\/againstgroomers\/status\/1548812576594837505\">17. Juli 2022<\/a><\/p>\n<\/blockquote>\n<p><script async src=\"https:\/\/platform.twitter.com\/widgets.js\" charset=\"utf-8\"><\/script><\/p>\n<p class=\"article-ask\"><span class=\"ask\"><script>\n  if( getParameterByName( \"utm_source\" ) == \"testpage\" ) {\n    !function(e,t,a,n,g){e[n]=e[n]||[],e[n].push({\"gtm.start\":(new Date).getTime(),event:\"gtm.js\"});var m=t.getElementsByTagName(a)[0],r=t.createElement(a);r.async=!0,r.src=\"https:\/\/www.googletagmanager.com\/gtm.js?id=GTM-PL4PD49\",m.parentNode.insertBefore(r,m)}(window.parent,window.parent.document,\"script\",\"dataLayer\");\n    var iframe=window.parent.document.createElement(\"iframe\");iframe.src=\"https:\/\/www.googletagmanager.com\/ns.html?id=GTM-PL4PD49\";iframe.height=\"0\";iframe.width=\"0\";iframe.style=\"display:none;visibility:hidden\";window.parent.document.body.appendChild(iframe);\n    window.parent[\"$$mm-analytics\"] = window.parent[\"$$mm-analytics\"] || {};if (typeof window.parent[\"$$mm-analytics\"].firstEmbed === \"undefined\") {window.parent[\"$$mm-analytics\"].firstEmbed = Date.now();}\n    let as1 = document.createElement( \"script\" );\n    as1.src = \"https:\/\/bucket1.mm-syringe.com\/prod\/configs\/ee2300c8-43d2-7f0b-dac0-40aaf31c9d3d.js\";\n    document.body.appendChild( as1 );\n    let as2 = document.createElement( \"script\" );\n    as2.src = \"https:\/\/bucket1.mm-syringe.com\/prod\/injector\/injector.1.5.3.js\";\n    document.body.appendChild( as2 );\n  }\n<\/script><\/p>\n<div class=\"apester-media\" data-token=\"5f10a39f94902bc81d3d59a7\" data-context=\"true\" data-tags=\"\" data-fallback=\"true\" height=\"350\"><\/div>\n<p><script id=\"apester_script\" src=\"https:\/\/static.apester.com\/js\/sdk\/latest\/apester-sdk.js\" async><\/script><script async src=\"https:\/\/www.googletagmanager.com\/gtag\/js?id=G-EFE91RJVSQ\"><\/script><script>\n  window.dataLayer = window.dataLayer || [];\n  function gtag(){dataLayer.push(arguments);}\n  gtag(\\\\\\'js\\\\\\', new Date());\n  gtag(\\\\\\'config\\\\\\', \\\\\\'G-EFE91RJVSQ\\\\\\');\n<\/script><script type=\"text\/javascript\">\n\tfunction e(e){var t=!(arguments.length>1&&void 0!==arguments[1])||arguments[1],c=document.createElement(\"script\");c.src=e,t?c.type=\"module\":(c.async=!0,c.type=\"text\/javascript\",c.setAttribute(\"nomodule\",\"\"));var n=document.getElementsByTagName(\"script\")[0];n.parentNode.insertBefore(c,n)}function t(t,c,n){var a,o,r;null!==(a=t.marfeel)&&void 0!==a||(t.marfeel={}),null!==(o=(r=t.marfeel).cmd)&&void 0!==o||(r.cmd=[]),t.marfeel.config=n,t.marfeel.config.accountId=c;var i=\"https:\/\/sdk.mrf.io\/statics\";e(\"\".concat(i,\"\/marfeel-sdk.js?id=\").concat(c),!0),e(\"\".concat(i,\"\/marfeel-sdk.es5.js?id=\").concat(c),!1)}!function(e,c){var n=arguments.length>2&&void 0!==arguments[2]?arguments[2]:{};t(e,c,n)}(window,1573,{} \/*config*\/);\n<\/script><\/span><\/p>\n<\/div>\n<p><br \/>\n<br \/><a href=\"https:\/\/www.thegatewaypundit.com\/2022\/07\/lesbians-condemnation-grooming-children-woke-activists-sexualizing-indoctrinating-children-goes-viral-video\/\">Source link <\/a><\/p>\n","protected":false},"excerpt":{"rendered":"<p>In einem kurzen Video teilt eine Lesbe aus tiefstem Herzen mit, was sie heute sieht und wie sie darauf reagiert. Dieses kurze Video ging \u00fcber das Wochenende in den sozialen Medien viral. Werbung \u2013 die Geschichte geht unten weiter Darin teilt eine selbsternannte lesbische Frau ihre Gedanken dar\u00fcber, was heute in der erwachten Gemeinschaft passiert. [&hellip;]<\/p>\n","protected":false},"author":5,"featured_media":14195,"comment_status":"open","ping_status":"open","sticky":false,"template":"","format":"standard","meta":{"wp_automatic_camp":["1161"],"89c2cff7ae046f1dc8a59cca601982d3":["Lesbische Verurteilung der Pflege von Kindern und Wachaktivismus wird viral (VIDEO)\n"],"original_link":["https:\/\/www.thegatewaypundit.com\/2022\/07\/lesbians-condemnation-grooming-children-woke-activists-sexualizing-indoctrinating-children-goes-viral-video\/"],"_thumbnail_id":["14195"],"wp_automatic_remove_first_image":["yes"],"jnews_social_counter_last_update":["1777361047"]},"categories":[25],"tags":[82,5083,28349,14047,140,13970,173,3995,50,28350,374],"yoast_head":"<!-- This site is optimized with the Yoast SEO Premium plugin v22.7 (Yoast SEO v22.7) - https:\/\/yoast.com\/wordpress\/plugins\/seo\/ -->\n<title>Lesbische Verurteilung der Pflege von Kindern und Wachaktivismus wird viral (VIDEO) - just-now.NEWS Deutschland<\/title>\n<meta name=\"robots\" content=\"index, follow, max-snippet:-1, max-image-preview:large, max-video-preview:-1\" \/>\n<link rel=\"canonical\" href=\"https:\/\/now-news.de\/de\/usa\/lesbische-verurteilung-der-pflege-von-kindern-und-wachaktivismus-wird-viral-video\/\" \/>\n<meta property=\"og:locale\" content=\"de_DE\" \/>\n<meta property=\"og:type\" content=\"article\" \/>\n<meta property=\"og:title\" content=\"Lesbische Verurteilung der Pflege von Kindern und Wachaktivismus wird viral (VIDEO)\" \/>\n<meta property=\"og:description\" content=\"In einem kurzen Video teilt eine Lesbe aus tiefstem Herzen mit, was sie heute sieht und wie sie darauf reagiert. Dieses kurze Video ging \u00fcber das Wochenende in den sozialen Medien viral. Werbung \u2013 die Geschichte geht unten weiter Darin teilt eine selbsternannte lesbische Frau ihre Gedanken dar\u00fcber, was heute in der erwachten Gemeinschaft passiert. [&hellip;]\" \/>\n<meta property=\"og:url\" content=\"https:\/\/now-news.de\/de\/usa\/lesbische-verurteilung-der-pflege-von-kindern-und-wachaktivismus-wird-viral-video\/\" \/>\n<meta property=\"og:site_name\" content=\"just-now.NEWS Deutschland\" \/>\n<meta property=\"article:publisher\" content=\"https:\/\/www.facebook.com\/wirmachenauf\" \/>\n<meta property=\"article:published_time\" content=\"2022-07-18T12:45:00+00:00\" \/>\n<meta property=\"og:image\" content=\"https:\/\/now-news.de\/de\/wp-content\/uploads\/sites\/3\/2022\/07\/Lesbische-Verurteilung-der-Pflege-von-Kindern-und-Wachaktivismus-wird-viral.jpg\" \/>\n\t<meta property=\"og:image:width\" content=\"626\" \/>\n\t<meta property=\"og:image:height\" content=\"646\" \/>\n\t<meta property=\"og:image:type\" content=\"image\/jpeg\" \/>\n<meta name=\"author\" content=\"greatreset\" \/>\n<meta name=\"twitter:card\" content=\"summary_large_image\" \/>\n<meta name=\"twitter:creator\" content=\"@WirMachenAuf_de\" \/>\n<meta name=\"twitter:site\" content=\"@WirMachenAuf_de\" \/>\n<meta name=\"twitter:label1\" content=\"Verfasst von\" \/>\n\t<meta name=\"twitter:data1\" content=\"greatreset\" \/>\n\t<meta name=\"twitter:label2\" content=\"Gesch\u00e4tzte Lesezeit\" \/>\n\t<meta name=\"twitter:data2\" content=\"1\u00a0Minute\" \/>\n<script type=\"application\/ld+json\" class=\"yoast-schema-graph\">{\"@context\":\"https:\/\/schema.org\",\"@graph\":[{\"@type\":\"Article\",\"@id\":\"https:\/\/now-news.de\/de\/usa\/lesbische-verurteilung-der-pflege-von-kindern-und-wachaktivismus-wird-viral-video\/#article\",\"isPartOf\":{\"@id\":\"https:\/\/now-news.de\/de\/usa\/lesbische-verurteilung-der-pflege-von-kindern-und-wachaktivismus-wird-viral-video\/\"},\"author\":{\"name\":\"greatreset\",\"@id\":\"https:\/\/now-news.de\/de\/#\/schema\/person\/8afb4cd92b68572db7902c13a349ffcb\"},\"headline\":\"Lesbische Verurteilung der Pflege von Kindern und Wachaktivismus wird viral (VIDEO)\",\"datePublished\":\"2022-07-18T12:45:00+00:00\",\"dateModified\":\"2022-07-18T12:45:00+00:00\",\"mainEntityOfPage\":{\"@id\":\"https:\/\/now-news.de\/de\/usa\/lesbische-verurteilung-der-pflege-von-kindern-und-wachaktivismus-wird-viral-video\/\"},\"wordCount\":213,\"commentCount\":0,\"publisher\":{\"@id\":\"https:\/\/now-news.de\/de\/#organization\"},\"image\":{\"@id\":\"https:\/\/now-news.de\/de\/usa\/lesbische-verurteilung-der-pflege-von-kindern-und-wachaktivismus-wird-viral-video\/#primaryimage\"},\"thumbnailUrl\":\"https:\/\/now-news.de\/de\/wp-content\/uploads\/sites\/3\/2022\/07\/Lesbische-Verurteilung-der-Pflege-von-Kindern-und-Wachaktivismus-wird-viral.jpg\",\"keywords\":[\"der\",\"Kindern\",\"Lesbische\",\"Pflege\",\"und\",\"Verurteilung\",\"Video\",\"viral\",\"von\",\"Wachaktivismus\",\"wird\"],\"articleSection\":[\"USA\"],\"inLanguage\":\"de\",\"potentialAction\":[{\"@type\":\"CommentAction\",\"name\":\"Comment\",\"target\":[\"https:\/\/now-news.de\/de\/usa\/lesbische-verurteilung-der-pflege-von-kindern-und-wachaktivismus-wird-viral-video\/#respond\"]}]},{\"@type\":\"WebPage\",\"@id\":\"https:\/\/now-news.de\/de\/usa\/lesbische-verurteilung-der-pflege-von-kindern-und-wachaktivismus-wird-viral-video\/\",\"url\":\"https:\/\/now-news.de\/de\/usa\/lesbische-verurteilung-der-pflege-von-kindern-und-wachaktivismus-wird-viral-video\/\",\"name\":\"Lesbische Verurteilung der Pflege von Kindern und Wachaktivismus wird viral (VIDEO) - just-now.NEWS Deutschland\",\"isPartOf\":{\"@id\":\"https:\/\/now-news.de\/de\/#website\"},\"primaryImageOfPage\":{\"@id\":\"https:\/\/now-news.de\/de\/usa\/lesbische-verurteilung-der-pflege-von-kindern-und-wachaktivismus-wird-viral-video\/#primaryimage\"},\"image\":{\"@id\":\"https:\/\/now-news.de\/de\/usa\/lesbische-verurteilung-der-pflege-von-kindern-und-wachaktivismus-wird-viral-video\/#primaryimage\"},\"thumbnailUrl\":\"https:\/\/now-news.de\/de\/wp-content\/uploads\/sites\/3\/2022\/07\/Lesbische-Verurteilung-der-Pflege-von-Kindern-und-Wachaktivismus-wird-viral.jpg\",\"datePublished\":\"2022-07-18T12:45:00+00:00\",\"dateModified\":\"2022-07-18T12:45:00+00:00\",\"breadcrumb\":{\"@id\":\"https:\/\/now-news.de\/de\/usa\/lesbische-verurteilung-der-pflege-von-kindern-und-wachaktivismus-wird-viral-video\/#breadcrumb\"},\"inLanguage\":\"de\",\"potentialAction\":[{\"@type\":\"ReadAction\",\"target\":[\"https:\/\/now-news.de\/de\/usa\/lesbische-verurteilung-der-pflege-von-kindern-und-wachaktivismus-wird-viral-video\/\"]}]},{\"@type\":\"ImageObject\",\"inLanguage\":\"de\",\"@id\":\"https:\/\/now-news.de\/de\/usa\/lesbische-verurteilung-der-pflege-von-kindern-und-wachaktivismus-wird-viral-video\/#primaryimage\",\"url\":\"https:\/\/now-news.de\/de\/wp-content\/uploads\/sites\/3\/2022\/07\/Lesbische-Verurteilung-der-Pflege-von-Kindern-und-Wachaktivismus-wird-viral.jpg\",\"contentUrl\":\"https:\/\/now-news.de\/de\/wp-content\/uploads\/sites\/3\/2022\/07\/Lesbische-Verurteilung-der-Pflege-von-Kindern-und-Wachaktivismus-wird-viral.jpg\",\"width\":626,\"height\":646},{\"@type\":\"BreadcrumbList\",\"@id\":\"https:\/\/now-news.de\/de\/usa\/lesbische-verurteilung-der-pflege-von-kindern-und-wachaktivismus-wird-viral-video\/#breadcrumb\",\"itemListElement\":[{\"@type\":\"ListItem\",\"position\":1,\"name\":\"Home\",\"item\":\"https:\/\/now-news.de\/de\/\"},{\"@type\":\"ListItem\",\"position\":2,\"name\":\"Lesbische Verurteilung der Pflege von Kindern und Wachaktivismus wird viral (VIDEO)\"}]},{\"@type\":\"WebSite\",\"@id\":\"https:\/\/now-news.de\/de\/#website\",\"url\":\"https:\/\/now-news.de\/de\/\",\"name\":\"just-now.NEWS Deutschland\",\"description\":\"Das Portal f\u00fcr unzensierte Nachrichten aus der Welt\",\"publisher\":{\"@id\":\"https:\/\/now-news.de\/de\/#organization\"},\"potentialAction\":[{\"@type\":\"SearchAction\",\"target\":{\"@type\":\"EntryPoint\",\"urlTemplate\":\"https:\/\/now-news.de\/de\/?s={search_term_string}\"},\"query-input\":\"required name=search_term_string\"}],\"inLanguage\":\"de\"},{\"@type\":\"Organization\",\"@id\":\"https:\/\/now-news.de\/de\/#organization\",\"name\":\"Just Now News\",\"url\":\"https:\/\/now-news.de\/de\/\",\"logo\":{\"@type\":\"ImageObject\",\"inLanguage\":\"de\",\"@id\":\"https:\/\/now-news.de\/de\/#\/schema\/logo\/image\/\",\"url\":\"http:\/\/just-now.news\/de\/wp-content\/uploads\/sites\/3\/2022\/04\/logo500x500.jpg\",\"contentUrl\":\"http:\/\/just-now.news\/de\/wp-content\/uploads\/sites\/3\/2022\/04\/logo500x500.jpg\",\"width\":500,\"height\":500,\"caption\":\"Just Now News\"},\"image\":{\"@id\":\"https:\/\/now-news.de\/de\/#\/schema\/logo\/image\/\"},\"sameAs\":[\"https:\/\/www.facebook.com\/wirmachenauf\",\"https:\/\/x.com\/WirMachenAuf_de\"]},{\"@type\":\"Person\",\"@id\":\"https:\/\/now-news.de\/de\/#\/schema\/person\/8afb4cd92b68572db7902c13a349ffcb\",\"name\":\"greatreset\",\"image\":{\"@type\":\"ImageObject\",\"inLanguage\":\"de\",\"@id\":\"https:\/\/now-news.de\/de\/#\/schema\/person\/image\/\",\"url\":\"https:\/\/secure.gravatar.com\/avatar\/a088df625d49991c090e78c8b9542592?s=96&d=mm&r=g\",\"contentUrl\":\"https:\/\/secure.gravatar.com\/avatar\/a088df625d49991c090e78c8b9542592?s=96&d=mm&r=g\",\"caption\":\"greatreset\"},\"url\":\"https:\/\/now-news.de\/de\/author\/greatreset\/\"}]}<\/script>\n<!-- \/ Yoast SEO Premium plugin. -->","yoast_head_json":{"title":"Lesbische Verurteilung der Pflege von Kindern und Wachaktivismus wird viral (VIDEO) - just-now.NEWS Deutschland","robots":{"index":"index","follow":"follow","max-snippet":"max-snippet:-1","max-image-preview":"max-image-preview:large","max-video-preview":"max-video-preview:-1"},"canonical":"https:\/\/now-news.de\/de\/usa\/lesbische-verurteilung-der-pflege-von-kindern-und-wachaktivismus-wird-viral-video\/","og_locale":"de_DE","og_type":"article","og_title":"Lesbische Verurteilung der Pflege von Kindern und Wachaktivismus wird viral (VIDEO)","og_description":"In einem kurzen Video teilt eine Lesbe aus tiefstem Herzen mit, was sie heute sieht und wie sie darauf reagiert. Dieses kurze Video ging \u00fcber das Wochenende in den sozialen Medien viral. Werbung \u2013 die Geschichte geht unten weiter Darin teilt eine selbsternannte lesbische Frau ihre Gedanken dar\u00fcber, was heute in der erwachten Gemeinschaft passiert. [&hellip;]","og_url":"https:\/\/now-news.de\/de\/usa\/lesbische-verurteilung-der-pflege-von-kindern-und-wachaktivismus-wird-viral-video\/","og_site_name":"just-now.NEWS Deutschland","article_publisher":"https:\/\/www.facebook.com\/wirmachenauf","article_published_time":"2022-07-18T12:45:00+00:00","og_image":[{"width":626,"height":646,"url":"https:\/\/now-news.de\/de\/wp-content\/uploads\/sites\/3\/2022\/07\/Lesbische-Verurteilung-der-Pflege-von-Kindern-und-Wachaktivismus-wird-viral.jpg","type":"image\/jpeg"}],"author":"greatreset","twitter_card":"summary_large_image","twitter_creator":"@WirMachenAuf_de","twitter_site":"@WirMachenAuf_de","twitter_misc":{"Verfasst von":"greatreset","Gesch\u00e4tzte Lesezeit":"1\u00a0Minute"},"schema":{"@context":"https:\/\/schema.org","@graph":[{"@type":"Article","@id":"https:\/\/now-news.de\/de\/usa\/lesbische-verurteilung-der-pflege-von-kindern-und-wachaktivismus-wird-viral-video\/#article","isPartOf":{"@id":"https:\/\/now-news.de\/de\/usa\/lesbische-verurteilung-der-pflege-von-kindern-und-wachaktivismus-wird-viral-video\/"},"author":{"name":"greatreset","@id":"https:\/\/now-news.de\/de\/#\/schema\/person\/8afb4cd92b68572db7902c13a349ffcb"},"headline":"Lesbische Verurteilung der Pflege von Kindern und Wachaktivismus wird viral (VIDEO)","datePublished":"2022-07-18T12:45:00+00:00","dateModified":"2022-07-18T12:45:00+00:00","mainEntityOfPage":{"@id":"https:\/\/now-news.de\/de\/usa\/lesbische-verurteilung-der-pflege-von-kindern-und-wachaktivismus-wird-viral-video\/"},"wordCount":213,"commentCount":0,"publisher":{"@id":"https:\/\/now-news.de\/de\/#organization"},"image":{"@id":"https:\/\/now-news.de\/de\/usa\/lesbische-verurteilung-der-pflege-von-kindern-und-wachaktivismus-wird-viral-video\/#primaryimage"},"thumbnailUrl":"https:\/\/now-news.de\/de\/wp-content\/uploads\/sites\/3\/2022\/07\/Lesbische-Verurteilung-der-Pflege-von-Kindern-und-Wachaktivismus-wird-viral.jpg","keywords":["der","Kindern","Lesbische","Pflege","und","Verurteilung","Video","viral","von","Wachaktivismus","wird"],"articleSection":["USA"],"inLanguage":"de","potentialAction":[{"@type":"CommentAction","name":"Comment","target":["https:\/\/now-news.de\/de\/usa\/lesbische-verurteilung-der-pflege-von-kindern-und-wachaktivismus-wird-viral-video\/#respond"]}]},{"@type":"WebPage","@id":"https:\/\/now-news.de\/de\/usa\/lesbische-verurteilung-der-pflege-von-kindern-und-wachaktivismus-wird-viral-video\/","url":"https:\/\/now-news.de\/de\/usa\/lesbische-verurteilung-der-pflege-von-kindern-und-wachaktivismus-wird-viral-video\/","name":"Lesbische Verurteilung der Pflege von Kindern und Wachaktivismus wird viral (VIDEO) - just-now.NEWS Deutschland","isPartOf":{"@id":"https:\/\/now-news.de\/de\/#website"},"primaryImageOfPage":{"@id":"https:\/\/now-news.de\/de\/usa\/lesbische-verurteilung-der-pflege-von-kindern-und-wachaktivismus-wird-viral-video\/#primaryimage"},"image":{"@id":"https:\/\/now-news.de\/de\/usa\/lesbische-verurteilung-der-pflege-von-kindern-und-wachaktivismus-wird-viral-video\/#primaryimage"},"thumbnailUrl":"https:\/\/now-news.de\/de\/wp-content\/uploads\/sites\/3\/2022\/07\/Lesbische-Verurteilung-der-Pflege-von-Kindern-und-Wachaktivismus-wird-viral.jpg","datePublished":"2022-07-18T12:45:00+00:00","dateModified":"2022-07-18T12:45:00+00:00","breadcrumb":{"@id":"https:\/\/now-news.de\/de\/usa\/lesbische-verurteilung-der-pflege-von-kindern-und-wachaktivismus-wird-viral-video\/#breadcrumb"},"inLanguage":"de","potentialAction":[{"@type":"ReadAction","target":["https:\/\/now-news.de\/de\/usa\/lesbische-verurteilung-der-pflege-von-kindern-und-wachaktivismus-wird-viral-video\/"]}]},{"@type":"ImageObject","inLanguage":"de","@id":"https:\/\/now-news.de\/de\/usa\/lesbische-verurteilung-der-pflege-von-kindern-und-wachaktivismus-wird-viral-video\/#primaryimage","url":"https:\/\/now-news.de\/de\/wp-content\/uploads\/sites\/3\/2022\/07\/Lesbische-Verurteilung-der-Pflege-von-Kindern-und-Wachaktivismus-wird-viral.jpg","contentUrl":"https:\/\/now-news.de\/de\/wp-content\/uploads\/sites\/3\/2022\/07\/Lesbische-Verurteilung-der-Pflege-von-Kindern-und-Wachaktivismus-wird-viral.jpg","width":626,"height":646},{"@type":"BreadcrumbList","@id":"https:\/\/now-news.de\/de\/usa\/lesbische-verurteilung-der-pflege-von-kindern-und-wachaktivismus-wird-viral-video\/#breadcrumb","itemListElement":[{"@type":"ListItem","position":1,"name":"Home","item":"https:\/\/now-news.de\/de\/"},{"@type":"ListItem","position":2,"name":"Lesbische Verurteilung der Pflege von Kindern und Wachaktivismus wird viral (VIDEO)"}]},{"@type":"WebSite","@id":"https:\/\/now-news.de\/de\/#website","url":"https:\/\/now-news.de\/de\/","name":"just-now.NEWS Deutschland","description":"Das Portal f\u00fcr unzensierte Nachrichten aus der Welt","publisher":{"@id":"https:\/\/now-news.de\/de\/#organization"},"potentialAction":[{"@type":"SearchAction","target":{"@type":"EntryPoint","urlTemplate":"https:\/\/now-news.de\/de\/?s={search_term_string}"},"query-input":"required name=search_term_string"}],"inLanguage":"de"},{"@type":"Organization","@id":"https:\/\/now-news.de\/de\/#organization","name":"Just Now News","url":"https:\/\/now-news.de\/de\/","logo":{"@type":"ImageObject","inLanguage":"de","@id":"https:\/\/now-news.de\/de\/#\/schema\/logo\/image\/","url":"http:\/\/just-now.news\/de\/wp-content\/uploads\/sites\/3\/2022\/04\/logo500x500.jpg","contentUrl":"http:\/\/just-now.news\/de\/wp-content\/uploads\/sites\/3\/2022\/04\/logo500x500.jpg","width":500,"height":500,"caption":"Just Now News"},"image":{"@id":"https:\/\/now-news.de\/de\/#\/schema\/logo\/image\/"},"sameAs":["https:\/\/www.facebook.com\/wirmachenauf","https:\/\/x.com\/WirMachenAuf_de"]},{"@type":"Person","@id":"https:\/\/now-news.de\/de\/#\/schema\/person\/8afb4cd92b68572db7902c13a349ffcb","name":"greatreset","image":{"@type":"ImageObject","inLanguage":"de","@id":"https:\/\/now-news.de\/de\/#\/schema\/person\/image\/","url":"https:\/\/secure.gravatar.com\/avatar\/a088df625d49991c090e78c8b9542592?s=96&d=mm&r=g","contentUrl":"https:\/\/secure.gravatar.com\/avatar\/a088df625d49991c090e78c8b9542592?s=96&d=mm&r=g","caption":"greatreset"},"url":"https:\/\/now-news.de\/de\/author\/greatreset\/"}]}},"_links":{"self":[{"href":"https:\/\/now-news.de\/de\/wp-json\/wp\/v2\/posts\/14194"}],"collection":[{"href":"https:\/\/now-news.de\/de\/wp-json\/wp\/v2\/posts"}],"about":[{"href":"https:\/\/now-news.de\/de\/wp-json\/wp\/v2\/types\/post"}],"author":[{"embeddable":true,"href":"https:\/\/now-news.de\/de\/wp-json\/wp\/v2\/users\/5"}],"replies":[{"embeddable":true,"href":"https:\/\/now-news.de\/de\/wp-json\/wp\/v2\/comments?post=14194"}],"version-history":[{"count":0,"href":"https:\/\/now-news.de\/de\/wp-json\/wp\/v2\/posts\/14194\/revisions"}],"wp:featuredmedia":[{"embeddable":true,"href":"https:\/\/now-news.de\/de\/wp-json\/wp\/v2\/media\/14195"}],"wp:attachment":[{"href":"https:\/\/now-news.de\/de\/wp-json\/wp\/v2\/media?parent=14194"}],"wp:term":[{"taxonomy":"category","embeddable":true,"href":"https:\/\/now-news.de\/de\/wp-json\/wp\/v2\/categories?post=14194"},{"taxonomy":"post_tag","embeddable":true,"href":"https:\/\/now-news.de\/de\/wp-json\/wp\/v2\/tags?post=14194"}],"curies":[{"name":"wp","href":"https:\/\/api.w.org\/{rel}","templated":true}]}}