{"id":14100,"date":"2022-07-17T12:02:59","date_gmt":"2022-07-17T10:02:59","guid":{"rendered":"http:\/\/just-now.news\/de\/deutschland\/muss-die-russische-armee-ukrainische-partisanen-fuerchten\/"},"modified":"2022-07-17T12:02:59","modified_gmt":"2022-07-17T10:02:59","slug":"muss-die-russische-armee-ukrainische-partisanen-fuerchten","status":"publish","type":"post","link":"https:\/\/now-news.de\/de\/deutschland\/muss-die-russische-armee-ukrainische-partisanen-fuerchten\/","title":{"rendered":"Muss die russische Armee ukrainische Partisanen f\u00fcrchten?"},"content":{"rendered":"<p><img decoding=\"async\" src=\"http:\/\/just-now.news\/de\/wp-content\/uploads\/sites\/3\/2022\/07\/62d04a52b480cc7a4f4b267b.jpg\" \/><\/p>\n<div class=\"Text-root Text-type_1 \">\n                Selenskij spricht nicht nur von einer millionenstarken Armee, er redet auch von ukrainischen Partisanen. Kann es sie geben? Oder meint er eine Truppe von Terroristen wie die UPA nach 1945? Wie ernst muss man solche Bemerkungen nehmen?\n            <\/div>\n<p><\/p>\n<div class=\"Text-root Text-type_5 ArticleView-text ViewText-root \">\n<p><em>von Dagmar Henn<\/em><\/p>\n<p>Der ukrainische Pr\u00e4sident Wladimir Selenskij <a rel=\"nofollow noopener\" target=\"_blank\" href=\"https:\/\/www.spiegel.de\/ausland\/news-zum-russland-ukraine-krieg-das-geschah-in-der-nacht-zu-mittwoch-13-juli-a-2553dffc-b49d-4639-8c2b-babb5f7f85fc\">droht<\/a> laut dem <em>Spiegel<\/em> nicht nur mit einer Armee von einer Million Mann, er erkl\u00e4rt auch, die russischen Truppen f\u00e4nden nirgendwo ein sicheres Hinterland und h\u00e4tten dank der T\u00e4tigkeit ukrainischer Partisanen inzwischen Angst vor der ukrainischen Armee. Diese Aussage, die sich momentan eher auf Sabotageeinheiten des Milit\u00e4rs als auf wirkliche Partisanen bezieht, soll nat\u00fcrlich besagen, \u00fcberall in der Ukraine w\u00fcrde sich anhaltender bewaffneter Widerstand entwickeln.<\/p>\n<p>Partisanen &#8230; \u2013 ein Begriff, der viele Bilder aufruft: von Hemingways &#8220;Wem die Stunde schl\u00e4gt&#8221; \u00fcber die griechischen Berge bis zur Sierra Maestra und dem b\u00e4rtigen Trupp um Fidel Castro, und im Hintergrund immer die Vorstellung eines Kampfes f\u00fcr das Recht, von Unten gegen Oben. Eines Morgens in aller Fr\u00fche, Bella Ciao, Bella Ciao &#8230;<\/p>\n<p>Wenn Selenskij von Partisanen spricht \u2013 das kann er nicht gemeint haben. Er kann es schon deshalb nicht gemeint haben, weil jene Ukrainer, die dieser Vorstellung von Partisanen entsprechen, die waren, die mit der Roten Armee gegen die Naziwehrmacht k\u00e4mpften. Und er kann es nicht gemeint haben, weil die ukrainischen Nazikollaborateure, die nach 1945 in der sowjetischen Ukraine weiterk\u00e4mpften, einer v\u00f6llig anderen Kategorie angeh\u00f6ren, die mit anderen Bildern und Gef\u00fchlen verbunden ist, n\u00e4mlich jener, zu der auch der IS geh\u00f6rt, und die mit dem Wort Terroristen weit treffender bezeichnet sind.<\/p>\n<p>Nicht weil sie zur anderen Seite geh\u00f6rten und sie sich nach den Nazis auch von der CIA und dem MI6 f\u00fchren lie\u00dfen. Sondern weil sie ihren Krieg gegen die und nicht mit der Bev\u00f6lkerung f\u00fchrten. Weil sie sich nicht milit\u00e4rische Ziele suchten, sondern D\u00f6rfer \u00fcberfielen und die Einwohner abschlachteten. Und &#8220;schlachten&#8221; ist hier keine Metapher, sondern ein w\u00f6rtlich gemeinter Eindruck der angewandten Methoden. Diese Anh\u00e4nger von Bandera und Co. waren au\u00dfergew\u00f6hnlich brutal und verfolgten nicht ansatzweise das Ziel, die Lebensverh\u00e4ltnisse der Menschen zu verbessern, sondern nur das, die sowjetische Entwicklung zu zerst\u00f6ren.<\/p>\n<p>Wer sich f\u00fcr die Details interessiert, mag sie im Internet finden. Das russische Verteidigungsministerium hat in letzter Zeit ganze Stapel alter sowjetischer Akten \u00fcber diese Truppen ver\u00f6ffentlicht. Der Hinweis m\u00f6ge gen\u00fcgen, dass Enthauptungen auf der Skala der Barbarei noch zu den harmloseren Methoden geh\u00f6rten.<\/p>\n<p>Das jedenfalls sind die &#8220;Helden der Ukraine&#8221;, auf die sich die ukrainischen Regierungen seit 2014 beziehen. Die gro\u00dfen, gefeierten Vorbilder. Gibt es irgendeinen Grund zu erwarten, dass irregul\u00e4re Einheiten, die im Gefolge einer solchen Regierung gebildet werden, anders agieren als ihre historischen Vorbilder?<\/p>\n<p>Nun geh\u00f6ren Truppen, die man im gegnerischen Hinterland bel\u00e4sst, sp\u00e4testens seit dem Zweiten Weltkrieg zur normalen milit\u00e4rischen Strategie. Die NATO hatte ihre &#8220;Gladio&#8221;-Truppen, und sicher noch bis heute \u00c4quivalentes, aber auch in der NVA wurden Einheiten ausgebildet, die imstande sein sollten, hinter eventuell einmarschierenden NATO-Truppen zu agieren und zu diesem Zweck etwa westliche Fahrzeuge fahren lernten. Es ist also auch im Zusammenhang mit einer durch die USA und die NATO gesteuerten ukrainischen Armee keine \u00dcberraschung, dass solche Strategien geplant und umgesetzt werden.<\/p>\n<p>Die Anschl\u00e4ge, die in den letzten Wochen auf Mitarbeiter der Verwaltung in Cherson stattfanden, d\u00fcrften solchen Truppen zuzuschreiben sein. Ein festgenommener Angeh\u00f6riger eines solchen Trupps <a rel=\"nofollow noopener\" target=\"_blank\" href=\"https:\/\/ria.ru\/20220707\/terrorizm-1800888092.html\">berichtete<\/a> auch, er sei schon 2015 von der NATO ausgebildet worden, und habe zuletzt als normaler B\u00fcrger getarnt in Cherson gelebt. Diese T\u00e4tigkeit werde \u00fcber die Spezialeinheiten der Ukraine koordiniert und st\u00fcnde unter dem Kommando von Selenskij.<\/p>\n<p>Klar ist, solche &#8220;Stay Behind&#8221;-Einheiten richten Schaden an, auch wenn ihre Abwehr eher eine polizeiliche als eine milit\u00e4rische Aufgabe darstellt. Wie leicht oder wie schwer diese Aufgabe wird, ist vor allem eine politische Frage. Im Volk schwimmen wie ein Fisch im Wasser d\u00fcrften diese Einheiten in den Gebieten, in denen die russische Armee bisher steht, eher nicht; daf\u00fcr war das Votum im Donbass 2014 zu deutlich, auch wenn die deutsche Presse diese Tatsache verschweigt.<\/p>\n<p>In allen Texten, die sich mit Erfahrungen aus echten Partisanenk\u00e4mpfen, nicht solchen im feindlichen Hinterland eingesetzten Milit\u00e4reinheiten, besch\u00e4ftigen, sticht eine Tatsache klar heraus: Die Unterst\u00fctzung der Bev\u00f6lkerung ist der entscheidende Faktor. Nur wenn sie tats\u00e4chlich von der Bev\u00f6lkerung gesch\u00fctzt, versorgt, informiert werden, haben Partisanenbewegungen Erfolg. Dann sind es allerdings auch wirkliche Bewegungen mit einem politischen Anspruch, die wachsen k\u00f6nnen. Daf\u00fcr m\u00fcssen sie im Interesse dieser Bev\u00f6lkerung agieren, was sich auch in der Wahl der Ziele und ihrer Vorgehensweise widerspiegeln muss.<\/p>\n<p>Selbst wenn man davon ausginge, dass die ukrainischen Bandera-Fans es unterlassen, sich wie ihre historischen Vorbilder zu verhalten (worauf die bisherigen Berichte aus der Ukraine nicht gerade hinweisen) \u2013 g\u00e4be es denn eine politische Grundlage f\u00fcr eine Partisanenbewegung gegen die russische Armee?<\/p>\n<p>Lassen wir einmal die komplizierte Frage einer sowjetischen Nation bei Seite und gehen nur von einer ukrainischen Nation aus. Ist die gegenw\u00e4rtige Regierung in deren Interesse? Kaum. Sie ist vollst\u00e4ndig von au\u00dfen gesteuert und hat objektiv im Grunde immer gegen die Interessen der ukrainischen Bev\u00f6lkerung agiert; weder \u00f6konomisch noch politisch ist in den vergangenen acht Jahren irgendeine positive Leistung zu vermerken. Das Land verarmte kontinuierlich weiter und der Umgang mit den eigenen Truppen, den man beobachten kann, ist nicht gerade von Respekt vor den dort lebenden Menschen gepr\u00e4gt. Das gilt nicht nur f\u00fcr die Bewohner des S\u00fcdostens, die nach zahlreichen Berichten eher wie Feinde behandelt werden, sondern auch f\u00fcr die Soldaten der ukrainischen Armee, die erbarmungslos verheizt werden.<\/p>\n<p>Auch wenn im Westen beharrlich das Gegenteil behauptet wird \u2013 die Ukraine ist sp\u00e4testens seit 2014 nicht mehr souver\u00e4n. Worauf k\u00f6nnte sich also eine Partisanenbewegung berufen? Die einzige realistische Option auf Souver\u00e4nit\u00e4t erg\u00e4be sich, wenn das Land in Bezug auf die globale Frontlinie zwischen dem Westen und dem sich um Russland und China bildenden Block neutral w\u00e4re. In der gegenw\u00e4rtigen politischen Elite der Ukraine hat diese Neutralit\u00e4t aber keine Basis und seitens des Westens ist sie ja gerade das, was mit allen Mitteln verhindert wurde; und das bedeutet zugleich, dass kein politischer Akteur verf\u00fcgbar ist, der diese Option auch nur anstrebt.<\/p>\n<p>Das Einzige, worauf sich Selenskij berufen kann, ist ein entleerter Begriff einer Nation, ein sakralisiertes Nichts, das keine Verbindung zum konkreten Alltag der Menschen hat. F\u00fcr den Versuch, daraus eine Partisanenbewegung zu backen (wie gesagt, selbst wenn die widerlichen Traditionen au\u00dfen vor blieben), g\u00e4be es also nur einen sehr begrenzten Zeitrahmen, weil jede konkrete Verbesserung diesen leeren Begriff bedroht. Zu den nationalen Interessen z\u00e4hlen nun einmal auch die Lebensbedingungen der Bev\u00f6lkerung, und da ist f\u00fcr die meisten Ukrainer viel Raum nach oben.<\/p>\n<p>Nat\u00fcrlich hinterlassen mindestens acht Jahre wildester nationalistischer Propaganda ihre Spuren. Sollten die russischen Truppen bis zur westlichen Grenze der heutigen Ukraine vorsto\u00dfen, w\u00fcrde die Anfangszeit in Galizien sicher nicht einfach. Schlie\u00dflich wurde viel M\u00fche darauf verwandt, den Ukrainern einzureden, sie seien den Russen irgendwie genetisch \u00fcberlegen und letztere w\u00e4ren von Natur aus b\u00f6sartig. Aber solche Geschichten halten sich am besten, wenn sie ohne Kontakt zur Wirklichkeit bleiben; das zeigt sich selbst in der unterschiedlichen Wirksamkeit solcher Propaganda im Westen und im Osten Deutschlands.<\/p>\n<p>Wenn man davon ausgeht, es g\u00e4be zumindest zu Beginn eine breitere Basis, um solche Truppen zu bilden, dann z\u00f6ge dies noch eine ganze Reihe weiterer Probleme nach sich. Abgesehen von den F\u00e4llen, in denen sie es mit im Kern bereits geschw\u00e4chten Gegnern zu tun hatten (wie gegen Batista in Kuba), waren Partisanentruppen in der Regel auf Unterst\u00fctzung von au\u00dfen angewiesen.<\/p>\n<p>Die sowjetischen Partisanen im Zweiten Weltkrieg legten ganze Flugpl\u00e4tze in den W\u00e4ldern an, \u00fcber die sie Nachschub erhalten konnten. Auch die franz\u00f6sische R\u00e9sistance war zu der Zeit am wirksamsten, in der sie \u00fcber den Kanal hinweg versorgt wurde. Die Bedingungen daf\u00fcr haben sich allerdings seit dem Zweiten Weltkrieg ver\u00e4ndert. Flugpl\u00e4tze in W\u00e4ldern? W\u00fcrden nur einen Satelliten\u00fcberflug \u00fcberdauern. Unterst\u00fctzung durch aus Flugzeugen abgeworfenes Material? Sch\u00f6ne Gr\u00fc\u00dfe von der russischen Luftabwehr, die unbestritten die weltbeste ist. Nachschub \u00fcber die Grenze, beispielsweise aus Polen? Eine moderne Grenzsicherung arbeitet mit W\u00e4rmebildkameras, das macht so etwas zumindest deutlich komplizierter. Und w\u00fcrde auch verhindern, das Nachbarland als sicheres Hinterland zu nutzen.<\/p>\n<p>Selbst eine reale, politisch legitime und von der Bev\u00f6lkerung mitgetragene Partisanenbewegung h\u00e4tte es schwer gegen einen Gegner, der alle aktuellen technischen Mittel einsetzen kann. Das gilt auch mitten in St\u00e4dten. Vor einigen Jahren bereits gab es in Deutschland, am Berliner Hauptbahnhof, Versuche, Gesichtserkennung bei Live-Aufnahmen mitlaufen zu lassen. Das bedeutet, technisch ist es inzwischen m\u00f6glich, Aufnahmen mit Katalogen gesuchter Personen ohne Zeitverz\u00f6gerung abzugleichen. Und die Kataloge wurden und werden \u00fcber die sozialen Medien bereitwillig geliefert; eine Tatsache, die sich der ukrainische Unterdr\u00fcckungsapparat bereits ausgiebig zunutze machte, die aber ebenso gut in der anderen Richtung funktioniert, wie es jetzt bereits bei der Identifikation ukrainischer Kriegsverbrecher geschieht.<\/p>\n<p>Truppen, die auf reinen Terror setzen, wie das die UPA nach 1945 tat, sind in den Griff zu bekommen; das hat Russland in Tschetschenien und das haben die Chinesen in Xinjiang bewiesen. Dazu braucht es nat\u00fcrlich politische Ma\u00dfnahmen, die zum einen die Lebensverh\u00e4ltnisse der Bev\u00f6lkerung verbessern und zum anderen aktiv die zugrundeliegende Ideologie bek\u00e4mpfen, aber es ist ein l\u00f6sbares Problem. Wenn man betrachtet, in welchen Zustand sich der Westen gerade selbst versetzt, d\u00fcrften sich auch die M\u00f6glichkeiten einer Unterst\u00fctzung von au\u00dfen in Grenzen halten.<\/p>\n<p>Die wahrscheinlichste Variante w\u00e4re tats\u00e4chlich eine Wiederholung des blanken Terrors der UPA bis hin zum Import der Technik von Selbstmordanschl\u00e4gen, solange und sofern sich daf\u00fcr Freiwillige finden lie\u00dfen, und solange die NATO die M\u00f6glichkeit hat, sie zu unterst\u00fctzen. Aber die politische Gefahr, die davon ausginge, w\u00e4re begrenzt, weil ein solches Vorgehen nicht auf die Unterst\u00fctzung der Bev\u00f6lkerung rechnen kann, und ihre Wirksamkeit w\u00e4re keinesfalls gro\u00df genug, um eine reale Verbesserung der Lebensverh\u00e4ltnisse zu verhindern. Wirkliche Partisanen, die f\u00fcr Selenskij k\u00e4mpfen, wird es nie geben.<\/p>\n<p><strong>Mehr zum Thema<\/strong> &#8211; <a rel=\"nofollow noopener\" target=\"_blank\" href=\"https:\/\/de.rt.com\/meinung\/141429-russlands-antwort-auf-terror-ist\/\">Russlands Antwort auf den Terror ist immer dieselbe \u2013 und unabwendbar<\/a><\/p>\n<\/div>\n<p><br \/>\n<br \/><a href=\"https:\/\/de.rt.com\/meinung\/143517-muss-russische-armee-ukrainische-partisanen\/\">Source link <\/a><\/p>\n","protected":false},"excerpt":{"rendered":"<p>Selenskij spricht nicht nur von einer millionenstarken Armee, er redet auch von ukrainischen Partisanen. Kann es sie geben? Oder meint er eine Truppe von Terroristen wie die UPA nach 1945? Wie ernst muss man solche Bemerkungen nehmen? von Dagmar Henn Der ukrainische Pr\u00e4sident Wladimir Selenskij droht laut dem Spiegel nicht nur mit einer Armee von [&hellip;]<\/p>\n","protected":false},"author":3,"featured_media":14101,"comment_status":"open","ping_status":"open","sticky":false,"template":"","format":"standard","meta":{"wp_automatic_camp":["217"],"7af75c98a8051987927b4a786dad6759":["Muss die russische Armee ukrainische Partisanen f\u00fcrchten?"],"original_link":["https:\/\/de.rt.com\/meinung\/143517-muss-russische-armee-ukrainische-partisanen\/"],"_thumbnail_id":["14101"],"_wptg_p2tg_sent2tg":["2022-07-17 12:08:14"],"jnews_social_counter_last_update":["1777206080"]},"categories":[19,23],"tags":[2398,45,22994,534,28251,570,905],"yoast_head":"<!-- This site is optimized with the Yoast SEO Premium plugin v22.7 (Yoast SEO v22.7) - https:\/\/yoast.com\/wordpress\/plugins\/seo\/ -->\n<title>Muss die russische Armee ukrainische Partisanen f\u00fcrchten? - just-now.NEWS Deutschland<\/title>\n<meta name=\"robots\" content=\"index, follow, max-snippet:-1, max-image-preview:large, max-video-preview:-1\" \/>\n<link rel=\"canonical\" href=\"https:\/\/now-news.de\/de\/deutschland\/muss-die-russische-armee-ukrainische-partisanen-fuerchten\/\" \/>\n<meta property=\"og:locale\" content=\"de_DE\" \/>\n<meta property=\"og:type\" content=\"article\" \/>\n<meta property=\"og:title\" content=\"Muss die russische Armee ukrainische Partisanen f\u00fcrchten?\" \/>\n<meta property=\"og:description\" content=\"Selenskij spricht nicht nur von einer millionenstarken Armee, er redet auch von ukrainischen Partisanen. Kann es sie geben? Oder meint er eine Truppe von Terroristen wie die UPA nach 1945? Wie ernst muss man solche Bemerkungen nehmen? von Dagmar Henn Der ukrainische Pr\u00e4sident Wladimir Selenskij droht laut dem Spiegel nicht nur mit einer Armee von [&hellip;]\" \/>\n<meta property=\"og:url\" content=\"https:\/\/now-news.de\/de\/deutschland\/muss-die-russische-armee-ukrainische-partisanen-fuerchten\/\" \/>\n<meta property=\"og:site_name\" content=\"just-now.NEWS Deutschland\" \/>\n<meta property=\"article:publisher\" content=\"https:\/\/www.facebook.com\/wirmachenauf\" \/>\n<meta property=\"article:published_time\" content=\"2022-07-17T10:02:59+00:00\" \/>\n<meta property=\"og:image\" content=\"https:\/\/now-news.de\/de\/wp-content\/uploads\/sites\/3\/2022\/07\/Muss-die-russische-Armee-ukrainische-Partisanen-fuerchten.jpg\" \/>\n\t<meta property=\"og:image:width\" content=\"460\" \/>\n\t<meta property=\"og:image:height\" content=\"259\" \/>\n\t<meta property=\"og:image:type\" content=\"image\/jpeg\" \/>\n<meta name=\"author\" content=\"rtnews\" \/>\n<meta name=\"twitter:card\" content=\"summary_large_image\" \/>\n<meta name=\"twitter:creator\" content=\"@WirMachenAuf_de\" \/>\n<meta name=\"twitter:site\" content=\"@WirMachenAuf_de\" \/>\n<meta name=\"twitter:label1\" content=\"Verfasst von\" \/>\n\t<meta name=\"twitter:data1\" content=\"rtnews\" \/>\n\t<meta name=\"twitter:label2\" content=\"Gesch\u00e4tzte Lesezeit\" \/>\n\t<meta name=\"twitter:data2\" content=\"9\u00a0Minuten\" \/>\n<script type=\"application\/ld+json\" class=\"yoast-schema-graph\">{\"@context\":\"https:\/\/schema.org\",\"@graph\":[{\"@type\":\"Article\",\"@id\":\"https:\/\/now-news.de\/de\/deutschland\/muss-die-russische-armee-ukrainische-partisanen-fuerchten\/#article\",\"isPartOf\":{\"@id\":\"https:\/\/now-news.de\/de\/deutschland\/muss-die-russische-armee-ukrainische-partisanen-fuerchten\/\"},\"author\":{\"name\":\"rtnews\",\"@id\":\"https:\/\/now-news.de\/de\/#\/schema\/person\/fb534a4e865501d8b3285208df34a9b5\"},\"headline\":\"Muss die russische Armee ukrainische Partisanen f\u00fcrchten?\",\"datePublished\":\"2022-07-17T10:02:59+00:00\",\"dateModified\":\"2022-07-17T10:02:59+00:00\",\"mainEntityOfPage\":{\"@id\":\"https:\/\/now-news.de\/de\/deutschland\/muss-die-russische-armee-ukrainische-partisanen-fuerchten\/\"},\"wordCount\":1758,\"commentCount\":0,\"publisher\":{\"@id\":\"https:\/\/now-news.de\/de\/#organization\"},\"image\":{\"@id\":\"https:\/\/now-news.de\/de\/deutschland\/muss-die-russische-armee-ukrainische-partisanen-fuerchten\/#primaryimage\"},\"thumbnailUrl\":\"https:\/\/now-news.de\/de\/wp-content\/uploads\/sites\/3\/2022\/07\/Muss-die-russische-Armee-ukrainische-Partisanen-fuerchten.jpg\",\"keywords\":[\"Armee\",\"die\",\"f\u00fcrchten\",\"muss\",\"Partisanen\",\"Russische\",\"Ukrainische\"],\"articleSection\":[\"Deutschland\",\"Russland\"],\"inLanguage\":\"de\",\"potentialAction\":[{\"@type\":\"CommentAction\",\"name\":\"Comment\",\"target\":[\"https:\/\/now-news.de\/de\/deutschland\/muss-die-russische-armee-ukrainische-partisanen-fuerchten\/#respond\"]}]},{\"@type\":\"WebPage\",\"@id\":\"https:\/\/now-news.de\/de\/deutschland\/muss-die-russische-armee-ukrainische-partisanen-fuerchten\/\",\"url\":\"https:\/\/now-news.de\/de\/deutschland\/muss-die-russische-armee-ukrainische-partisanen-fuerchten\/\",\"name\":\"Muss die russische Armee ukrainische Partisanen f\u00fcrchten? - just-now.NEWS Deutschland\",\"isPartOf\":{\"@id\":\"https:\/\/now-news.de\/de\/#website\"},\"primaryImageOfPage\":{\"@id\":\"https:\/\/now-news.de\/de\/deutschland\/muss-die-russische-armee-ukrainische-partisanen-fuerchten\/#primaryimage\"},\"image\":{\"@id\":\"https:\/\/now-news.de\/de\/deutschland\/muss-die-russische-armee-ukrainische-partisanen-fuerchten\/#primaryimage\"},\"thumbnailUrl\":\"https:\/\/now-news.de\/de\/wp-content\/uploads\/sites\/3\/2022\/07\/Muss-die-russische-Armee-ukrainische-Partisanen-fuerchten.jpg\",\"datePublished\":\"2022-07-17T10:02:59+00:00\",\"dateModified\":\"2022-07-17T10:02:59+00:00\",\"breadcrumb\":{\"@id\":\"https:\/\/now-news.de\/de\/deutschland\/muss-die-russische-armee-ukrainische-partisanen-fuerchten\/#breadcrumb\"},\"inLanguage\":\"de\",\"potentialAction\":[{\"@type\":\"ReadAction\",\"target\":[\"https:\/\/now-news.de\/de\/deutschland\/muss-die-russische-armee-ukrainische-partisanen-fuerchten\/\"]}]},{\"@type\":\"ImageObject\",\"inLanguage\":\"de\",\"@id\":\"https:\/\/now-news.de\/de\/deutschland\/muss-die-russische-armee-ukrainische-partisanen-fuerchten\/#primaryimage\",\"url\":\"https:\/\/now-news.de\/de\/wp-content\/uploads\/sites\/3\/2022\/07\/Muss-die-russische-Armee-ukrainische-Partisanen-fuerchten.jpg\",\"contentUrl\":\"https:\/\/now-news.de\/de\/wp-content\/uploads\/sites\/3\/2022\/07\/Muss-die-russische-Armee-ukrainische-Partisanen-fuerchten.jpg\",\"width\":460,\"height\":259,\"caption\":\"Muss die russische Armee ukrainische Partisanen f\u00fcrchten?\"},{\"@type\":\"BreadcrumbList\",\"@id\":\"https:\/\/now-news.de\/de\/deutschland\/muss-die-russische-armee-ukrainische-partisanen-fuerchten\/#breadcrumb\",\"itemListElement\":[{\"@type\":\"ListItem\",\"position\":1,\"name\":\"Home\",\"item\":\"https:\/\/now-news.de\/de\/\"},{\"@type\":\"ListItem\",\"position\":2,\"name\":\"Muss die russische Armee ukrainische Partisanen f\u00fcrchten?\"}]},{\"@type\":\"WebSite\",\"@id\":\"https:\/\/now-news.de\/de\/#website\",\"url\":\"https:\/\/now-news.de\/de\/\",\"name\":\"just-now.NEWS Deutschland\",\"description\":\"Das Portal f\u00fcr unzensierte Nachrichten aus der Welt\",\"publisher\":{\"@id\":\"https:\/\/now-news.de\/de\/#organization\"},\"potentialAction\":[{\"@type\":\"SearchAction\",\"target\":{\"@type\":\"EntryPoint\",\"urlTemplate\":\"https:\/\/now-news.de\/de\/?s={search_term_string}\"},\"query-input\":\"required name=search_term_string\"}],\"inLanguage\":\"de\"},{\"@type\":\"Organization\",\"@id\":\"https:\/\/now-news.de\/de\/#organization\",\"name\":\"Just Now News\",\"url\":\"https:\/\/now-news.de\/de\/\",\"logo\":{\"@type\":\"ImageObject\",\"inLanguage\":\"de\",\"@id\":\"https:\/\/now-news.de\/de\/#\/schema\/logo\/image\/\",\"url\":\"http:\/\/just-now.news\/de\/wp-content\/uploads\/sites\/3\/2022\/04\/logo500x500.jpg\",\"contentUrl\":\"http:\/\/just-now.news\/de\/wp-content\/uploads\/sites\/3\/2022\/04\/logo500x500.jpg\",\"width\":500,\"height\":500,\"caption\":\"Just Now News\"},\"image\":{\"@id\":\"https:\/\/now-news.de\/de\/#\/schema\/logo\/image\/\"},\"sameAs\":[\"https:\/\/www.facebook.com\/wirmachenauf\",\"https:\/\/x.com\/WirMachenAuf_de\"]},{\"@type\":\"Person\",\"@id\":\"https:\/\/now-news.de\/de\/#\/schema\/person\/fb534a4e865501d8b3285208df34a9b5\",\"name\":\"rtnews\",\"image\":{\"@type\":\"ImageObject\",\"inLanguage\":\"de\",\"@id\":\"https:\/\/now-news.de\/de\/#\/schema\/person\/image\/\",\"url\":\"https:\/\/secure.gravatar.com\/avatar\/82aafea7d8127119dd649515f56e2117?s=96&d=mm&r=g\",\"contentUrl\":\"https:\/\/secure.gravatar.com\/avatar\/82aafea7d8127119dd649515f56e2117?s=96&d=mm&r=g\",\"caption\":\"rtnews\"},\"url\":\"https:\/\/now-news.de\/de\/author\/rnews\/\"}]}<\/script>\n<!-- \/ Yoast SEO Premium plugin. -->","yoast_head_json":{"title":"Muss die russische Armee ukrainische Partisanen f\u00fcrchten? - just-now.NEWS Deutschland","robots":{"index":"index","follow":"follow","max-snippet":"max-snippet:-1","max-image-preview":"max-image-preview:large","max-video-preview":"max-video-preview:-1"},"canonical":"https:\/\/now-news.de\/de\/deutschland\/muss-die-russische-armee-ukrainische-partisanen-fuerchten\/","og_locale":"de_DE","og_type":"article","og_title":"Muss die russische Armee ukrainische Partisanen f\u00fcrchten?","og_description":"Selenskij spricht nicht nur von einer millionenstarken Armee, er redet auch von ukrainischen Partisanen. Kann es sie geben? Oder meint er eine Truppe von Terroristen wie die UPA nach 1945? Wie ernst muss man solche Bemerkungen nehmen? von Dagmar Henn Der ukrainische Pr\u00e4sident Wladimir Selenskij droht laut dem Spiegel nicht nur mit einer Armee von [&hellip;]","og_url":"https:\/\/now-news.de\/de\/deutschland\/muss-die-russische-armee-ukrainische-partisanen-fuerchten\/","og_site_name":"just-now.NEWS Deutschland","article_publisher":"https:\/\/www.facebook.com\/wirmachenauf","article_published_time":"2022-07-17T10:02:59+00:00","og_image":[{"width":460,"height":259,"url":"https:\/\/now-news.de\/de\/wp-content\/uploads\/sites\/3\/2022\/07\/Muss-die-russische-Armee-ukrainische-Partisanen-fuerchten.jpg","type":"image\/jpeg"}],"author":"rtnews","twitter_card":"summary_large_image","twitter_creator":"@WirMachenAuf_de","twitter_site":"@WirMachenAuf_de","twitter_misc":{"Verfasst von":"rtnews","Gesch\u00e4tzte Lesezeit":"9\u00a0Minuten"},"schema":{"@context":"https:\/\/schema.org","@graph":[{"@type":"Article","@id":"https:\/\/now-news.de\/de\/deutschland\/muss-die-russische-armee-ukrainische-partisanen-fuerchten\/#article","isPartOf":{"@id":"https:\/\/now-news.de\/de\/deutschland\/muss-die-russische-armee-ukrainische-partisanen-fuerchten\/"},"author":{"name":"rtnews","@id":"https:\/\/now-news.de\/de\/#\/schema\/person\/fb534a4e865501d8b3285208df34a9b5"},"headline":"Muss die russische Armee ukrainische Partisanen f\u00fcrchten?","datePublished":"2022-07-17T10:02:59+00:00","dateModified":"2022-07-17T10:02:59+00:00","mainEntityOfPage":{"@id":"https:\/\/now-news.de\/de\/deutschland\/muss-die-russische-armee-ukrainische-partisanen-fuerchten\/"},"wordCount":1758,"commentCount":0,"publisher":{"@id":"https:\/\/now-news.de\/de\/#organization"},"image":{"@id":"https:\/\/now-news.de\/de\/deutschland\/muss-die-russische-armee-ukrainische-partisanen-fuerchten\/#primaryimage"},"thumbnailUrl":"https:\/\/now-news.de\/de\/wp-content\/uploads\/sites\/3\/2022\/07\/Muss-die-russische-Armee-ukrainische-Partisanen-fuerchten.jpg","keywords":["Armee","die","f\u00fcrchten","muss","Partisanen","Russische","Ukrainische"],"articleSection":["Deutschland","Russland"],"inLanguage":"de","potentialAction":[{"@type":"CommentAction","name":"Comment","target":["https:\/\/now-news.de\/de\/deutschland\/muss-die-russische-armee-ukrainische-partisanen-fuerchten\/#respond"]}]},{"@type":"WebPage","@id":"https:\/\/now-news.de\/de\/deutschland\/muss-die-russische-armee-ukrainische-partisanen-fuerchten\/","url":"https:\/\/now-news.de\/de\/deutschland\/muss-die-russische-armee-ukrainische-partisanen-fuerchten\/","name":"Muss die russische Armee ukrainische Partisanen f\u00fcrchten? - just-now.NEWS Deutschland","isPartOf":{"@id":"https:\/\/now-news.de\/de\/#website"},"primaryImageOfPage":{"@id":"https:\/\/now-news.de\/de\/deutschland\/muss-die-russische-armee-ukrainische-partisanen-fuerchten\/#primaryimage"},"image":{"@id":"https:\/\/now-news.de\/de\/deutschland\/muss-die-russische-armee-ukrainische-partisanen-fuerchten\/#primaryimage"},"thumbnailUrl":"https:\/\/now-news.de\/de\/wp-content\/uploads\/sites\/3\/2022\/07\/Muss-die-russische-Armee-ukrainische-Partisanen-fuerchten.jpg","datePublished":"2022-07-17T10:02:59+00:00","dateModified":"2022-07-17T10:02:59+00:00","breadcrumb":{"@id":"https:\/\/now-news.de\/de\/deutschland\/muss-die-russische-armee-ukrainische-partisanen-fuerchten\/#breadcrumb"},"inLanguage":"de","potentialAction":[{"@type":"ReadAction","target":["https:\/\/now-news.de\/de\/deutschland\/muss-die-russische-armee-ukrainische-partisanen-fuerchten\/"]}]},{"@type":"ImageObject","inLanguage":"de","@id":"https:\/\/now-news.de\/de\/deutschland\/muss-die-russische-armee-ukrainische-partisanen-fuerchten\/#primaryimage","url":"https:\/\/now-news.de\/de\/wp-content\/uploads\/sites\/3\/2022\/07\/Muss-die-russische-Armee-ukrainische-Partisanen-fuerchten.jpg","contentUrl":"https:\/\/now-news.de\/de\/wp-content\/uploads\/sites\/3\/2022\/07\/Muss-die-russische-Armee-ukrainische-Partisanen-fuerchten.jpg","width":460,"height":259,"caption":"Muss die russische Armee ukrainische Partisanen f\u00fcrchten?"},{"@type":"BreadcrumbList","@id":"https:\/\/now-news.de\/de\/deutschland\/muss-die-russische-armee-ukrainische-partisanen-fuerchten\/#breadcrumb","itemListElement":[{"@type":"ListItem","position":1,"name":"Home","item":"https:\/\/now-news.de\/de\/"},{"@type":"ListItem","position":2,"name":"Muss die russische Armee ukrainische Partisanen f\u00fcrchten?"}]},{"@type":"WebSite","@id":"https:\/\/now-news.de\/de\/#website","url":"https:\/\/now-news.de\/de\/","name":"just-now.NEWS Deutschland","description":"Das Portal f\u00fcr unzensierte Nachrichten aus der Welt","publisher":{"@id":"https:\/\/now-news.de\/de\/#organization"},"potentialAction":[{"@type":"SearchAction","target":{"@type":"EntryPoint","urlTemplate":"https:\/\/now-news.de\/de\/?s={search_term_string}"},"query-input":"required name=search_term_string"}],"inLanguage":"de"},{"@type":"Organization","@id":"https:\/\/now-news.de\/de\/#organization","name":"Just Now News","url":"https:\/\/now-news.de\/de\/","logo":{"@type":"ImageObject","inLanguage":"de","@id":"https:\/\/now-news.de\/de\/#\/schema\/logo\/image\/","url":"http:\/\/just-now.news\/de\/wp-content\/uploads\/sites\/3\/2022\/04\/logo500x500.jpg","contentUrl":"http:\/\/just-now.news\/de\/wp-content\/uploads\/sites\/3\/2022\/04\/logo500x500.jpg","width":500,"height":500,"caption":"Just Now News"},"image":{"@id":"https:\/\/now-news.de\/de\/#\/schema\/logo\/image\/"},"sameAs":["https:\/\/www.facebook.com\/wirmachenauf","https:\/\/x.com\/WirMachenAuf_de"]},{"@type":"Person","@id":"https:\/\/now-news.de\/de\/#\/schema\/person\/fb534a4e865501d8b3285208df34a9b5","name":"rtnews","image":{"@type":"ImageObject","inLanguage":"de","@id":"https:\/\/now-news.de\/de\/#\/schema\/person\/image\/","url":"https:\/\/secure.gravatar.com\/avatar\/82aafea7d8127119dd649515f56e2117?s=96&d=mm&r=g","contentUrl":"https:\/\/secure.gravatar.com\/avatar\/82aafea7d8127119dd649515f56e2117?s=96&d=mm&r=g","caption":"rtnews"},"url":"https:\/\/now-news.de\/de\/author\/rnews\/"}]}},"_links":{"self":[{"href":"https:\/\/now-news.de\/de\/wp-json\/wp\/v2\/posts\/14100"}],"collection":[{"href":"https:\/\/now-news.de\/de\/wp-json\/wp\/v2\/posts"}],"about":[{"href":"https:\/\/now-news.de\/de\/wp-json\/wp\/v2\/types\/post"}],"author":[{"embeddable":true,"href":"https:\/\/now-news.de\/de\/wp-json\/wp\/v2\/users\/3"}],"replies":[{"embeddable":true,"href":"https:\/\/now-news.de\/de\/wp-json\/wp\/v2\/comments?post=14100"}],"version-history":[{"count":0,"href":"https:\/\/now-news.de\/de\/wp-json\/wp\/v2\/posts\/14100\/revisions"}],"wp:featuredmedia":[{"embeddable":true,"href":"https:\/\/now-news.de\/de\/wp-json\/wp\/v2\/media\/14101"}],"wp:attachment":[{"href":"https:\/\/now-news.de\/de\/wp-json\/wp\/v2\/media?parent=14100"}],"wp:term":[{"taxonomy":"category","embeddable":true,"href":"https:\/\/now-news.de\/de\/wp-json\/wp\/v2\/categories?post=14100"},{"taxonomy":"post_tag","embeddable":true,"href":"https:\/\/now-news.de\/de\/wp-json\/wp\/v2\/tags?post=14100"}],"curies":[{"name":"wp","href":"https:\/\/api.w.org\/{rel}","templated":true}]}}