{"id":14084,"date":"2022-07-17T06:15:00","date_gmt":"2022-07-17T04:15:00","guid":{"rendered":"http:\/\/just-now.news\/de\/deutschland\/waermeinseln-in-den-rathaeusern-gruenen-politiker-ueber-moegliche-folgen-der-gasknappheit\/"},"modified":"2022-07-17T06:15:00","modified_gmt":"2022-07-17T04:15:00","slug":"waermeinseln-in-den-rathaeusern-gruenen-politiker-ueber-moegliche-folgen-der-gasknappheit","status":"publish","type":"post","link":"https:\/\/now-news.de\/de\/deutschland\/waermeinseln-in-den-rathaeusern-gruenen-politiker-ueber-moegliche-folgen-der-gasknappheit\/","title":{"rendered":"&quot;W\u00e4rmeinseln in den Rath\u00e4usern&quot;? \u2013 Gr\u00fcnen-Politiker \u00fcber m\u00f6gliche Folgen der Gasknappheit"},"content":{"rendered":"<p><img decoding=\"async\" src=\"http:\/\/just-now.news\/de\/wp-content\/uploads\/sites\/3\/2022\/07\/62d2c95548fbef450625b6f7.jpg\" \/><\/p>\n<div class=\"Text-root Text-type_1 \">\n                Deutschland droht im Falle einer K\u00e4ltewelle bei unver\u00e4nderter Gasknappheit eine Notsituation. Gr\u00fcnen-Politiker Eckert beschreibt Strommangel, Heizungsausfall und ein Chaos im Katastrophenschutz. Seine L\u00f6sungsvorschl\u00e4ge: Notstromversorgung und &#8220;W\u00e4rmeinseln in den Rath\u00e4usern&#8221;.\n            <\/div>\n<p><\/p>\n<div class=\"Text-root Text-type_5 ArticleView-text ViewText-root \">\n<p>Um in diesem Winter die Folgen einer m\u00f6glichen Energieknappheit f\u00fcr die Bev\u00f6lkerung abzumildern, sollte aus Sicht des Gr\u00fcnen-Innenpolitikers Leon Eckert jetzt schon mehr passieren. &#8220;Generell w\u00e4re es wichtig, einen \u00dcberblick zu haben \u00fcber die Notstromversorgung, die es f\u00fcr einzelne staatliche Einrichtungen gibt, nicht nur f\u00fcr Krankenh\u00e4user und Feuerwehren, sondern zum Beispiel auch f\u00fcr Rath\u00e4user&#8221;, sagte Eckert der <em>dpa<\/em>. Bisher sei dieses Wissen nur lokal bei den Verantwortlichen in den Landkreisen vorhanden.<\/p>\n<p>Der Bundestagsabgeordnete, der in seiner Fraktion Berichterstatter f\u00fcr Bev\u00f6lkerungsschutz ist, sagte:<\/p>\n<blockquote>\n<p><em>&#8220;Sollte zu einer verminderten Verf\u00fcgbarkeit von Gas beispielsweise noch eine K\u00e4ltewelle kommen, br\u00e4uchte es wom\u00f6glich tats\u00e4chlich sogenannte W\u00e4rmeinseln in den Rath\u00e4usern.&#8221;<\/em><\/p>\n<\/blockquote>\n<p>Auch eine Strommangelsituation in einzelnen Regionen k\u00f6nne im Fall einer K\u00e4ltewelle nicht ausgeschlossen werden, wenn pl\u00f6tzlich viele Menschen, deren H\u00e4user oder Wohnungen mit Gas beheizt werden, Ger\u00e4te zum Heizen benutzen, die mit Strom betrieben werden. &#8220;Denn dann k\u00f6nnte es durchaus zu einer \u00dcberlastung kommen.&#8221; Hier lohne vielleicht ein Blick auf die Energiekrise, die der US-Bundesstaat Texas im Februar 2021 erlebt hatte.<\/p>\n<p>Der Bund tr\u00e4gt bisher vor allem die Verantwortung f\u00fcr die Zivilverteidigung, etwa im Krieg \u2013 der Katastrophenschutz ist dagegen L\u00e4ndersache. F\u00fcr eine \u00c4nderung der Verteilung der Zust\u00e4ndigkeiten w\u00e4re laut einer Einsch\u00e4tzung der Wissenschaftlichen Dienste des Bundestages eine Grundgesetz\u00e4nderung notwendig. Aus den L\u00e4ndern waren dazu jedoch zuletzt eher kritische T\u00f6ne zu h\u00f6ren gewesen. Bundesinnenministerin Nancy Faeser (SPD) verwies in diesem Zusammenhang auf das neue Gemeinsame Kompetenzzentrum von Bund und L\u00e4ndern beim Bundesamt f\u00fcr Bev\u00f6lkerungsschutz und Katastrophenhilfe (BBK).<\/p>\n<p><strong>Mehr zum Thema<\/strong> &#8211; <a rel=\"nofollow noopener\" target=\"_blank\" href=\"https:\/\/test.rtde.tech\/inland\/143640-krisenstabe-deutschen-stadte-bereiten-sich\/\">Krisenst\u00e4be der deutschen St\u00e4dte bereiten sich auf Gasmangel im Winter vor<\/a><\/p>\n<p>(rt\/dpa)<\/p>\n<\/div>\n<p><br \/>\n<br \/><a href=\"https:\/\/de.rt.com\/inland\/143649-waermeinseln-in-rathaeusern-gruenen-poitiker-ueber-moegliche-folgen-der-gasknappheit\/\">Source link <\/a><\/p>\n","protected":false},"excerpt":{"rendered":"<p>Deutschland droht im Falle einer K\u00e4ltewelle bei unver\u00e4nderter Gasknappheit eine Notsituation. Gr\u00fcnen-Politiker Eckert beschreibt Strommangel, Heizungsausfall und ein Chaos im Katastrophenschutz. Seine L\u00f6sungsvorschl\u00e4ge: Notstromversorgung und &#8220;W\u00e4rmeinseln in den Rath\u00e4usern&#8221;. Um in diesem Winter die Folgen einer m\u00f6glichen Energieknappheit f\u00fcr die Bev\u00f6lkerung abzumildern, sollte aus Sicht des Gr\u00fcnen-Innenpolitikers Leon Eckert jetzt schon mehr passieren. &#8220;Generell w\u00e4re [&hellip;]<\/p>\n","protected":false},"author":3,"featured_media":14085,"comment_status":"open","ping_status":"open","sticky":false,"template":"","format":"standard","meta":{"wp_automatic_camp":["217"],"b4a11c94d25a5b4147998d50c9bf6260":["&quot;W\u00e4rmeinseln in den Rath\u00e4usern&quot;? \u2013 Gr\u00fcnen-Politiker \u00fcber m\u00f6gliche Folgen der Gasknappheit"],"original_link":["https:\/\/de.rt.com\/inland\/143649-waermeinseln-in-rathaeusern-gruenen-poitiker-ueber-moegliche-folgen-der-gasknappheit\/"],"_thumbnail_id":["14085"],"_wptg_p2tg_sent2tg":["2022-07-17 06:32:08"],"jnews_social_counter_last_update":["1777568654"]},"categories":[19,23],"tags":[48,82,2378,28234,20706,26307,28232,28233,139],"yoast_head":"<!-- This site is optimized with the Yoast SEO Premium plugin v22.7 (Yoast SEO v22.7) - https:\/\/yoast.com\/wordpress\/plugins\/seo\/ -->\n<title>&quot;W\u00e4rmeinseln in den Rath\u00e4usern&quot;? \u2013 Gr\u00fcnen-Politiker \u00fcber m\u00f6gliche Folgen der Gasknappheit - just-now.NEWS Deutschland<\/title>\n<meta name=\"robots\" content=\"index, follow, max-snippet:-1, max-image-preview:large, max-video-preview:-1\" \/>\n<link rel=\"canonical\" href=\"https:\/\/now-news.de\/de\/deutschland\/waermeinseln-in-den-rathaeusern-gruenen-politiker-ueber-moegliche-folgen-der-gasknappheit\/\" \/>\n<meta property=\"og:locale\" content=\"de_DE\" \/>\n<meta property=\"og:type\" content=\"article\" \/>\n<meta property=\"og:title\" content=\"&quot;W\u00e4rmeinseln in den Rath\u00e4usern&quot;? \u2013 Gr\u00fcnen-Politiker \u00fcber m\u00f6gliche Folgen der Gasknappheit\" \/>\n<meta property=\"og:description\" content=\"Deutschland droht im Falle einer K\u00e4ltewelle bei unver\u00e4nderter Gasknappheit eine Notsituation. Gr\u00fcnen-Politiker Eckert beschreibt Strommangel, Heizungsausfall und ein Chaos im Katastrophenschutz. Seine L\u00f6sungsvorschl\u00e4ge: Notstromversorgung und &#8220;W\u00e4rmeinseln in den Rath\u00e4usern&#8221;. Um in diesem Winter die Folgen einer m\u00f6glichen Energieknappheit f\u00fcr die Bev\u00f6lkerung abzumildern, sollte aus Sicht des Gr\u00fcnen-Innenpolitikers Leon Eckert jetzt schon mehr passieren. &#8220;Generell w\u00e4re [&hellip;]\" \/>\n<meta property=\"og:url\" content=\"https:\/\/now-news.de\/de\/deutschland\/waermeinseln-in-den-rathaeusern-gruenen-politiker-ueber-moegliche-folgen-der-gasknappheit\/\" \/>\n<meta property=\"og:site_name\" content=\"just-now.NEWS Deutschland\" \/>\n<meta property=\"article:publisher\" content=\"https:\/\/www.facebook.com\/wirmachenauf\" \/>\n<meta property=\"article:published_time\" content=\"2022-07-17T04:15:00+00:00\" \/>\n<meta property=\"og:image\" content=\"https:\/\/now-news.de\/de\/wp-content\/uploads\/sites\/3\/2022\/07\/quotWaermeinseln-in-den-Rathaeusernquot-\u2013-Gruenen-Politiker-ueber-moegliche-Folgen-der.jpg\" \/>\n\t<meta property=\"og:image:width\" content=\"460\" \/>\n\t<meta property=\"og:image:height\" content=\"259\" \/>\n\t<meta property=\"og:image:type\" content=\"image\/jpeg\" \/>\n<meta name=\"author\" content=\"rtnews\" \/>\n<meta name=\"twitter:card\" content=\"summary_large_image\" \/>\n<meta name=\"twitter:creator\" content=\"@WirMachenAuf_de\" \/>\n<meta name=\"twitter:site\" content=\"@WirMachenAuf_de\" \/>\n<meta name=\"twitter:label1\" content=\"Verfasst von\" \/>\n\t<meta name=\"twitter:data1\" content=\"rtnews\" \/>\n\t<meta name=\"twitter:label2\" content=\"Gesch\u00e4tzte Lesezeit\" \/>\n\t<meta name=\"twitter:data2\" content=\"2\u00a0Minuten\" \/>\n<script type=\"application\/ld+json\" class=\"yoast-schema-graph\">{\"@context\":\"https:\/\/schema.org\",\"@graph\":[{\"@type\":\"Article\",\"@id\":\"https:\/\/now-news.de\/de\/deutschland\/waermeinseln-in-den-rathaeusern-gruenen-politiker-ueber-moegliche-folgen-der-gasknappheit\/#article\",\"isPartOf\":{\"@id\":\"https:\/\/now-news.de\/de\/deutschland\/waermeinseln-in-den-rathaeusern-gruenen-politiker-ueber-moegliche-folgen-der-gasknappheit\/\"},\"author\":{\"name\":\"rtnews\",\"@id\":\"https:\/\/now-news.de\/de\/#\/schema\/person\/fb534a4e865501d8b3285208df34a9b5\"},\"headline\":\"&quot;W\u00e4rmeinseln in den Rath\u00e4usern&quot;? \u2013 Gr\u00fcnen-Politiker \u00fcber m\u00f6gliche Folgen der Gasknappheit\",\"datePublished\":\"2022-07-17T04:15:00+00:00\",\"dateModified\":\"2022-07-17T04:15:00+00:00\",\"mainEntityOfPage\":{\"@id\":\"https:\/\/now-news.de\/de\/deutschland\/waermeinseln-in-den-rathaeusern-gruenen-politiker-ueber-moegliche-folgen-der-gasknappheit\/\"},\"wordCount\":351,\"commentCount\":0,\"publisher\":{\"@id\":\"https:\/\/now-news.de\/de\/#organization\"},\"image\":{\"@id\":\"https:\/\/now-news.de\/de\/deutschland\/waermeinseln-in-den-rathaeusern-gruenen-politiker-ueber-moegliche-folgen-der-gasknappheit\/#primaryimage\"},\"thumbnailUrl\":\"https:\/\/now-news.de\/de\/wp-content\/uploads\/sites\/3\/2022\/07\/quotWaermeinseln-in-den-Rathaeusernquot-\u2013-Gruenen-Politiker-ueber-moegliche-Folgen-der.jpg\",\"keywords\":[\"den\",\"der\",\"Folgen\",\"Gasknappheit\",\"Gr\u00fcnenPolitiker\",\"m\u00f6gliche\",\"quotW\u00e4rmeinseln\",\"Rath\u00e4usernquot\",\"\u00fcber\"],\"articleSection\":[\"Deutschland\",\"Russland\"],\"inLanguage\":\"de\",\"potentialAction\":[{\"@type\":\"CommentAction\",\"name\":\"Comment\",\"target\":[\"https:\/\/now-news.de\/de\/deutschland\/waermeinseln-in-den-rathaeusern-gruenen-politiker-ueber-moegliche-folgen-der-gasknappheit\/#respond\"]}]},{\"@type\":\"WebPage\",\"@id\":\"https:\/\/now-news.de\/de\/deutschland\/waermeinseln-in-den-rathaeusern-gruenen-politiker-ueber-moegliche-folgen-der-gasknappheit\/\",\"url\":\"https:\/\/now-news.de\/de\/deutschland\/waermeinseln-in-den-rathaeusern-gruenen-politiker-ueber-moegliche-folgen-der-gasknappheit\/\",\"name\":\"&quot;W\u00e4rmeinseln in den Rath\u00e4usern&quot;? \u2013 Gr\u00fcnen-Politiker \u00fcber m\u00f6gliche Folgen der Gasknappheit - just-now.NEWS Deutschland\",\"isPartOf\":{\"@id\":\"https:\/\/now-news.de\/de\/#website\"},\"primaryImageOfPage\":{\"@id\":\"https:\/\/now-news.de\/de\/deutschland\/waermeinseln-in-den-rathaeusern-gruenen-politiker-ueber-moegliche-folgen-der-gasknappheit\/#primaryimage\"},\"image\":{\"@id\":\"https:\/\/now-news.de\/de\/deutschland\/waermeinseln-in-den-rathaeusern-gruenen-politiker-ueber-moegliche-folgen-der-gasknappheit\/#primaryimage\"},\"thumbnailUrl\":\"https:\/\/now-news.de\/de\/wp-content\/uploads\/sites\/3\/2022\/07\/quotWaermeinseln-in-den-Rathaeusernquot-\u2013-Gruenen-Politiker-ueber-moegliche-Folgen-der.jpg\",\"datePublished\":\"2022-07-17T04:15:00+00:00\",\"dateModified\":\"2022-07-17T04:15:00+00:00\",\"breadcrumb\":{\"@id\":\"https:\/\/now-news.de\/de\/deutschland\/waermeinseln-in-den-rathaeusern-gruenen-politiker-ueber-moegliche-folgen-der-gasknappheit\/#breadcrumb\"},\"inLanguage\":\"de\",\"potentialAction\":[{\"@type\":\"ReadAction\",\"target\":[\"https:\/\/now-news.de\/de\/deutschland\/waermeinseln-in-den-rathaeusern-gruenen-politiker-ueber-moegliche-folgen-der-gasknappheit\/\"]}]},{\"@type\":\"ImageObject\",\"inLanguage\":\"de\",\"@id\":\"https:\/\/now-news.de\/de\/deutschland\/waermeinseln-in-den-rathaeusern-gruenen-politiker-ueber-moegliche-folgen-der-gasknappheit\/#primaryimage\",\"url\":\"https:\/\/now-news.de\/de\/wp-content\/uploads\/sites\/3\/2022\/07\/quotWaermeinseln-in-den-Rathaeusernquot-\u2013-Gruenen-Politiker-ueber-moegliche-Folgen-der.jpg\",\"contentUrl\":\"https:\/\/now-news.de\/de\/wp-content\/uploads\/sites\/3\/2022\/07\/quotWaermeinseln-in-den-Rathaeusernquot-\u2013-Gruenen-Politiker-ueber-moegliche-Folgen-der.jpg\",\"width\":460,\"height\":259,\"caption\":\"&quot;W\u00e4rmeinseln in den Rath\u00e4usern&quot;? \u2013 Gr\u00fcnen-Politiker \u00fcber m\u00f6gliche Folgen der Gasknappheit\"},{\"@type\":\"BreadcrumbList\",\"@id\":\"https:\/\/now-news.de\/de\/deutschland\/waermeinseln-in-den-rathaeusern-gruenen-politiker-ueber-moegliche-folgen-der-gasknappheit\/#breadcrumb\",\"itemListElement\":[{\"@type\":\"ListItem\",\"position\":1,\"name\":\"Home\",\"item\":\"https:\/\/now-news.de\/de\/\"},{\"@type\":\"ListItem\",\"position\":2,\"name\":\"&quot;W\u00e4rmeinseln in den Rath\u00e4usern&quot;? \u2013 Gr\u00fcnen-Politiker \u00fcber m\u00f6gliche Folgen der Gasknappheit\"}]},{\"@type\":\"WebSite\",\"@id\":\"https:\/\/now-news.de\/de\/#website\",\"url\":\"https:\/\/now-news.de\/de\/\",\"name\":\"just-now.NEWS Deutschland\",\"description\":\"Das Portal f\u00fcr unzensierte Nachrichten aus der Welt\",\"publisher\":{\"@id\":\"https:\/\/now-news.de\/de\/#organization\"},\"potentialAction\":[{\"@type\":\"SearchAction\",\"target\":{\"@type\":\"EntryPoint\",\"urlTemplate\":\"https:\/\/now-news.de\/de\/?s={search_term_string}\"},\"query-input\":\"required name=search_term_string\"}],\"inLanguage\":\"de\"},{\"@type\":\"Organization\",\"@id\":\"https:\/\/now-news.de\/de\/#organization\",\"name\":\"Just Now News\",\"url\":\"https:\/\/now-news.de\/de\/\",\"logo\":{\"@type\":\"ImageObject\",\"inLanguage\":\"de\",\"@id\":\"https:\/\/now-news.de\/de\/#\/schema\/logo\/image\/\",\"url\":\"http:\/\/just-now.news\/de\/wp-content\/uploads\/sites\/3\/2022\/04\/logo500x500.jpg\",\"contentUrl\":\"http:\/\/just-now.news\/de\/wp-content\/uploads\/sites\/3\/2022\/04\/logo500x500.jpg\",\"width\":500,\"height\":500,\"caption\":\"Just Now News\"},\"image\":{\"@id\":\"https:\/\/now-news.de\/de\/#\/schema\/logo\/image\/\"},\"sameAs\":[\"https:\/\/www.facebook.com\/wirmachenauf\",\"https:\/\/x.com\/WirMachenAuf_de\"]},{\"@type\":\"Person\",\"@id\":\"https:\/\/now-news.de\/de\/#\/schema\/person\/fb534a4e865501d8b3285208df34a9b5\",\"name\":\"rtnews\",\"image\":{\"@type\":\"ImageObject\",\"inLanguage\":\"de\",\"@id\":\"https:\/\/now-news.de\/de\/#\/schema\/person\/image\/\",\"url\":\"https:\/\/secure.gravatar.com\/avatar\/82aafea7d8127119dd649515f56e2117?s=96&d=mm&r=g\",\"contentUrl\":\"https:\/\/secure.gravatar.com\/avatar\/82aafea7d8127119dd649515f56e2117?s=96&d=mm&r=g\",\"caption\":\"rtnews\"},\"url\":\"https:\/\/now-news.de\/de\/author\/rnews\/\"}]}<\/script>\n<!-- \/ Yoast SEO Premium plugin. -->","yoast_head_json":{"title":"&quot;W\u00e4rmeinseln in den Rath\u00e4usern&quot;? \u2013 Gr\u00fcnen-Politiker \u00fcber m\u00f6gliche Folgen der Gasknappheit - just-now.NEWS Deutschland","robots":{"index":"index","follow":"follow","max-snippet":"max-snippet:-1","max-image-preview":"max-image-preview:large","max-video-preview":"max-video-preview:-1"},"canonical":"https:\/\/now-news.de\/de\/deutschland\/waermeinseln-in-den-rathaeusern-gruenen-politiker-ueber-moegliche-folgen-der-gasknappheit\/","og_locale":"de_DE","og_type":"article","og_title":"&quot;W\u00e4rmeinseln in den Rath\u00e4usern&quot;? \u2013 Gr\u00fcnen-Politiker \u00fcber m\u00f6gliche Folgen der Gasknappheit","og_description":"Deutschland droht im Falle einer K\u00e4ltewelle bei unver\u00e4nderter Gasknappheit eine Notsituation. Gr\u00fcnen-Politiker Eckert beschreibt Strommangel, Heizungsausfall und ein Chaos im Katastrophenschutz. Seine L\u00f6sungsvorschl\u00e4ge: Notstromversorgung und &#8220;W\u00e4rmeinseln in den Rath\u00e4usern&#8221;. Um in diesem Winter die Folgen einer m\u00f6glichen Energieknappheit f\u00fcr die Bev\u00f6lkerung abzumildern, sollte aus Sicht des Gr\u00fcnen-Innenpolitikers Leon Eckert jetzt schon mehr passieren. &#8220;Generell w\u00e4re [&hellip;]","og_url":"https:\/\/now-news.de\/de\/deutschland\/waermeinseln-in-den-rathaeusern-gruenen-politiker-ueber-moegliche-folgen-der-gasknappheit\/","og_site_name":"just-now.NEWS Deutschland","article_publisher":"https:\/\/www.facebook.com\/wirmachenauf","article_published_time":"2022-07-17T04:15:00+00:00","og_image":[{"width":460,"height":259,"url":"https:\/\/now-news.de\/de\/wp-content\/uploads\/sites\/3\/2022\/07\/quotWaermeinseln-in-den-Rathaeusernquot-\u2013-Gruenen-Politiker-ueber-moegliche-Folgen-der.jpg","type":"image\/jpeg"}],"author":"rtnews","twitter_card":"summary_large_image","twitter_creator":"@WirMachenAuf_de","twitter_site":"@WirMachenAuf_de","twitter_misc":{"Verfasst von":"rtnews","Gesch\u00e4tzte Lesezeit":"2\u00a0Minuten"},"schema":{"@context":"https:\/\/schema.org","@graph":[{"@type":"Article","@id":"https:\/\/now-news.de\/de\/deutschland\/waermeinseln-in-den-rathaeusern-gruenen-politiker-ueber-moegliche-folgen-der-gasknappheit\/#article","isPartOf":{"@id":"https:\/\/now-news.de\/de\/deutschland\/waermeinseln-in-den-rathaeusern-gruenen-politiker-ueber-moegliche-folgen-der-gasknappheit\/"},"author":{"name":"rtnews","@id":"https:\/\/now-news.de\/de\/#\/schema\/person\/fb534a4e865501d8b3285208df34a9b5"},"headline":"&quot;W\u00e4rmeinseln in den Rath\u00e4usern&quot;? \u2013 Gr\u00fcnen-Politiker \u00fcber m\u00f6gliche Folgen der Gasknappheit","datePublished":"2022-07-17T04:15:00+00:00","dateModified":"2022-07-17T04:15:00+00:00","mainEntityOfPage":{"@id":"https:\/\/now-news.de\/de\/deutschland\/waermeinseln-in-den-rathaeusern-gruenen-politiker-ueber-moegliche-folgen-der-gasknappheit\/"},"wordCount":351,"commentCount":0,"publisher":{"@id":"https:\/\/now-news.de\/de\/#organization"},"image":{"@id":"https:\/\/now-news.de\/de\/deutschland\/waermeinseln-in-den-rathaeusern-gruenen-politiker-ueber-moegliche-folgen-der-gasknappheit\/#primaryimage"},"thumbnailUrl":"https:\/\/now-news.de\/de\/wp-content\/uploads\/sites\/3\/2022\/07\/quotWaermeinseln-in-den-Rathaeusernquot-\u2013-Gruenen-Politiker-ueber-moegliche-Folgen-der.jpg","keywords":["den","der","Folgen","Gasknappheit","Gr\u00fcnenPolitiker","m\u00f6gliche","quotW\u00e4rmeinseln","Rath\u00e4usernquot","\u00fcber"],"articleSection":["Deutschland","Russland"],"inLanguage":"de","potentialAction":[{"@type":"CommentAction","name":"Comment","target":["https:\/\/now-news.de\/de\/deutschland\/waermeinseln-in-den-rathaeusern-gruenen-politiker-ueber-moegliche-folgen-der-gasknappheit\/#respond"]}]},{"@type":"WebPage","@id":"https:\/\/now-news.de\/de\/deutschland\/waermeinseln-in-den-rathaeusern-gruenen-politiker-ueber-moegliche-folgen-der-gasknappheit\/","url":"https:\/\/now-news.de\/de\/deutschland\/waermeinseln-in-den-rathaeusern-gruenen-politiker-ueber-moegliche-folgen-der-gasknappheit\/","name":"&quot;W\u00e4rmeinseln in den Rath\u00e4usern&quot;? \u2013 Gr\u00fcnen-Politiker \u00fcber m\u00f6gliche Folgen der Gasknappheit - just-now.NEWS Deutschland","isPartOf":{"@id":"https:\/\/now-news.de\/de\/#website"},"primaryImageOfPage":{"@id":"https:\/\/now-news.de\/de\/deutschland\/waermeinseln-in-den-rathaeusern-gruenen-politiker-ueber-moegliche-folgen-der-gasknappheit\/#primaryimage"},"image":{"@id":"https:\/\/now-news.de\/de\/deutschland\/waermeinseln-in-den-rathaeusern-gruenen-politiker-ueber-moegliche-folgen-der-gasknappheit\/#primaryimage"},"thumbnailUrl":"https:\/\/now-news.de\/de\/wp-content\/uploads\/sites\/3\/2022\/07\/quotWaermeinseln-in-den-Rathaeusernquot-\u2013-Gruenen-Politiker-ueber-moegliche-Folgen-der.jpg","datePublished":"2022-07-17T04:15:00+00:00","dateModified":"2022-07-17T04:15:00+00:00","breadcrumb":{"@id":"https:\/\/now-news.de\/de\/deutschland\/waermeinseln-in-den-rathaeusern-gruenen-politiker-ueber-moegliche-folgen-der-gasknappheit\/#breadcrumb"},"inLanguage":"de","potentialAction":[{"@type":"ReadAction","target":["https:\/\/now-news.de\/de\/deutschland\/waermeinseln-in-den-rathaeusern-gruenen-politiker-ueber-moegliche-folgen-der-gasknappheit\/"]}]},{"@type":"ImageObject","inLanguage":"de","@id":"https:\/\/now-news.de\/de\/deutschland\/waermeinseln-in-den-rathaeusern-gruenen-politiker-ueber-moegliche-folgen-der-gasknappheit\/#primaryimage","url":"https:\/\/now-news.de\/de\/wp-content\/uploads\/sites\/3\/2022\/07\/quotWaermeinseln-in-den-Rathaeusernquot-\u2013-Gruenen-Politiker-ueber-moegliche-Folgen-der.jpg","contentUrl":"https:\/\/now-news.de\/de\/wp-content\/uploads\/sites\/3\/2022\/07\/quotWaermeinseln-in-den-Rathaeusernquot-\u2013-Gruenen-Politiker-ueber-moegliche-Folgen-der.jpg","width":460,"height":259,"caption":"&quot;W\u00e4rmeinseln in den Rath\u00e4usern&quot;? \u2013 Gr\u00fcnen-Politiker \u00fcber m\u00f6gliche Folgen der Gasknappheit"},{"@type":"BreadcrumbList","@id":"https:\/\/now-news.de\/de\/deutschland\/waermeinseln-in-den-rathaeusern-gruenen-politiker-ueber-moegliche-folgen-der-gasknappheit\/#breadcrumb","itemListElement":[{"@type":"ListItem","position":1,"name":"Home","item":"https:\/\/now-news.de\/de\/"},{"@type":"ListItem","position":2,"name":"&quot;W\u00e4rmeinseln in den Rath\u00e4usern&quot;? \u2013 Gr\u00fcnen-Politiker \u00fcber m\u00f6gliche Folgen der Gasknappheit"}]},{"@type":"WebSite","@id":"https:\/\/now-news.de\/de\/#website","url":"https:\/\/now-news.de\/de\/","name":"just-now.NEWS Deutschland","description":"Das Portal f\u00fcr unzensierte Nachrichten aus der Welt","publisher":{"@id":"https:\/\/now-news.de\/de\/#organization"},"potentialAction":[{"@type":"SearchAction","target":{"@type":"EntryPoint","urlTemplate":"https:\/\/now-news.de\/de\/?s={search_term_string}"},"query-input":"required name=search_term_string"}],"inLanguage":"de"},{"@type":"Organization","@id":"https:\/\/now-news.de\/de\/#organization","name":"Just Now News","url":"https:\/\/now-news.de\/de\/","logo":{"@type":"ImageObject","inLanguage":"de","@id":"https:\/\/now-news.de\/de\/#\/schema\/logo\/image\/","url":"http:\/\/just-now.news\/de\/wp-content\/uploads\/sites\/3\/2022\/04\/logo500x500.jpg","contentUrl":"http:\/\/just-now.news\/de\/wp-content\/uploads\/sites\/3\/2022\/04\/logo500x500.jpg","width":500,"height":500,"caption":"Just Now News"},"image":{"@id":"https:\/\/now-news.de\/de\/#\/schema\/logo\/image\/"},"sameAs":["https:\/\/www.facebook.com\/wirmachenauf","https:\/\/x.com\/WirMachenAuf_de"]},{"@type":"Person","@id":"https:\/\/now-news.de\/de\/#\/schema\/person\/fb534a4e865501d8b3285208df34a9b5","name":"rtnews","image":{"@type":"ImageObject","inLanguage":"de","@id":"https:\/\/now-news.de\/de\/#\/schema\/person\/image\/","url":"https:\/\/secure.gravatar.com\/avatar\/82aafea7d8127119dd649515f56e2117?s=96&d=mm&r=g","contentUrl":"https:\/\/secure.gravatar.com\/avatar\/82aafea7d8127119dd649515f56e2117?s=96&d=mm&r=g","caption":"rtnews"},"url":"https:\/\/now-news.de\/de\/author\/rnews\/"}]}},"_links":{"self":[{"href":"https:\/\/now-news.de\/de\/wp-json\/wp\/v2\/posts\/14084"}],"collection":[{"href":"https:\/\/now-news.de\/de\/wp-json\/wp\/v2\/posts"}],"about":[{"href":"https:\/\/now-news.de\/de\/wp-json\/wp\/v2\/types\/post"}],"author":[{"embeddable":true,"href":"https:\/\/now-news.de\/de\/wp-json\/wp\/v2\/users\/3"}],"replies":[{"embeddable":true,"href":"https:\/\/now-news.de\/de\/wp-json\/wp\/v2\/comments?post=14084"}],"version-history":[{"count":0,"href":"https:\/\/now-news.de\/de\/wp-json\/wp\/v2\/posts\/14084\/revisions"}],"wp:featuredmedia":[{"embeddable":true,"href":"https:\/\/now-news.de\/de\/wp-json\/wp\/v2\/media\/14085"}],"wp:attachment":[{"href":"https:\/\/now-news.de\/de\/wp-json\/wp\/v2\/media?parent=14084"}],"wp:term":[{"taxonomy":"category","embeddable":true,"href":"https:\/\/now-news.de\/de\/wp-json\/wp\/v2\/categories?post=14084"},{"taxonomy":"post_tag","embeddable":true,"href":"https:\/\/now-news.de\/de\/wp-json\/wp\/v2\/tags?post=14084"}],"curies":[{"name":"wp","href":"https:\/\/api.w.org\/{rel}","templated":true}]}}