{"id":13970,"date":"2022-07-15T20:38:25","date_gmt":"2022-07-15T18:38:25","guid":{"rendered":"http:\/\/just-now.news\/de\/deutschland\/nach-deutschlands-absage-polen-kauft-gebrauchte-us-panzer\/"},"modified":"2022-07-15T20:38:25","modified_gmt":"2022-07-15T18:38:25","slug":"nach-deutschlands-absage-polen-kauft-gebrauchte-us-panzer","status":"publish","type":"post","link":"https:\/\/now-news.de\/de\/deutschland\/nach-deutschlands-absage-polen-kauft-gebrauchte-us-panzer\/","title":{"rendered":"Nach Deutschlands Absage: Polen kauft gebrauchte US-Panzer"},"content":{"rendered":"<p><img decoding=\"async\" src=\"https:\/\/cdni.russiatoday.com\/deutsch\/images\/2022.07\/thumbnail\/62d19e6ab480cc17df2fd480.jpg\" \/><\/p>\n<div class=\"Text-root Text-type_1 \">\n                Nachdem Warschau mit dem Versuch scheiterte, Leopard-2-Panzer in Deutschland zu erwerben, will die polnische Regierung nun US-amerikanische Panzer kaufen. Eine entsprechende Vereinbarung soll laut dem Verteidigungsminister des Landes bereits getroffen worden sein.\n            <\/div>\n<p><\/p>\n<div class=\"Text-root Text-type_5 ArticleView-text ViewText-root \">\n<p>Polen wird 116 gebrauchte M1-Abrams-Kampfpanzer aus den USA kaufen, um die an die Ukraine gelieferten gepanzerten Milit\u00e4rfahrzeuge zu ersetzen. Warschau habe eine entsprechende Vereinbarung mit dem Wei\u00dfen Haus getroffen, gab der polnische Verteidigungsminister Mariusz B\u0142aszczak am Freitag gegen\u00fcber der polnischen Nachrichtenagentur <em>IAR <\/em>bekannt.<\/p>\n<p>Die Agentur berichtete, dass die ersten in den USA hergestellten Panzer Anfang n\u00e4chsten Jahres geliefert werden und mehr als 240 T-72-Panzer aus der Sowjet\u00e4ra ersetzen sollen, die Polen im April an die Ukraine \u00fcbergeben hatte.\u00a0<\/p>\n<p>Polen hatte urspr\u00fcnglich gehofft, seine Best\u00e4nde mit deutschen Leopard-2-Panzern auff\u00fcllen zu k\u00f6nnen. Doch das geplante Gesch\u00e4ft kam nicht zustande, woraufhin der polnische Pr\u00e4sident Andrzej Duda im Mai Berlin Wortbruch vorwarf.<\/p>\n<p>Steffen Hebestreit, der Sprecher der deutschen Regierung, sagte damals, Berlin sei &#8220;perplex&#8221; \u00fcber die Vorw\u00fcrfe. Er erkl\u00e4rte Reportern, dass Polen die neuesten Leopard 2A7-Panzer angefordert habe, die deutsche Armee selbst aber nur \u00fcber eine relativ geringe Anzahl solcher Fahrzeuge verf\u00fcge.<\/p>\n<p>Im April unterzeichneten Polen und die USA ein separates Abkommen \u00fcber den Kauf von 250 neuen Abrams-Panzern durch Warschau.\u00a0<\/p>\n<p>Viele westliche L\u00e4nder, darunter auch EU-Staaten, belieferten die Ukraine mit schweren Waffen, nachdem Russland Ende Februar eine Milit\u00e4roperation gegen den Nachbarstaat gestartet hatte.<\/p>\n<p><strong>Mehr zum Thema<\/strong> &#8211; <a rel=\"nofollow noopener\" target=\"_blank\" href=\"https:\/\/de.rt.com\/meinung\/142403-gefahr-fur-europa-nato-waffen\/\">Gefahr f\u00fcr Europa: NATO-Waffen f\u00fcr die Ukraine landen auf Schwarzm\u00e4rkten <\/a><\/p>\n<\/div>\n<p><br \/>\n<br \/><a href=\"https:\/\/de.rt.com\/europa\/143605-nach-deutschlands-absage-polen-kauft-us-panzer\/\">Source link <\/a><\/p>\n","protected":false},"excerpt":{"rendered":"<p>Nachdem Warschau mit dem Versuch scheiterte, Leopard-2-Panzer in Deutschland zu erwerben, will die polnische Regierung nun US-amerikanische Panzer kaufen. Eine entsprechende Vereinbarung soll laut dem Verteidigungsminister des Landes bereits getroffen worden sein. Polen wird 116 gebrauchte M1-Abrams-Kampfpanzer aus den USA kaufen, um die an die Ukraine gelieferten gepanzerten Milit\u00e4rfahrzeuge zu ersetzen. Warschau habe eine entsprechende [&hellip;]<\/p>\n","protected":false},"author":3,"featured_media":13971,"comment_status":"open","ping_status":"open","sticky":false,"template":"","format":"standard","meta":{"wp_automatic_camp":["217"],"660cdbf37ffba74ebdd57a74f6faf794":["Nach Deutschlands Absage: Polen kauft gebrauchte US-Panzer"],"original_link":["https:\/\/de.rt.com\/europa\/143605-nach-deutschlands-absage-polen-kauft-us-panzer\/"],"_thumbnail_id":["13971"],"_wptg_p2tg_sent2tg":["2022-07-15 20:55:35"],"jnews_social_counter_last_update":["1777322380"]},"categories":[19,23],"tags":[3375,4480,28109,8018,979,5850,28110],"yoast_head":"<!-- This site is optimized with the Yoast SEO Premium plugin v22.7 (Yoast SEO v22.7) - https:\/\/yoast.com\/wordpress\/plugins\/seo\/ -->\n<title>Nach Deutschlands Absage: Polen kauft gebrauchte US-Panzer - just-now.NEWS Deutschland<\/title>\n<meta name=\"robots\" content=\"index, follow, max-snippet:-1, max-image-preview:large, max-video-preview:-1\" \/>\n<link rel=\"canonical\" href=\"https:\/\/now-news.de\/de\/deutschland\/nach-deutschlands-absage-polen-kauft-gebrauchte-us-panzer\/\" \/>\n<meta property=\"og:locale\" content=\"de_DE\" \/>\n<meta property=\"og:type\" content=\"article\" \/>\n<meta property=\"og:title\" content=\"Nach Deutschlands Absage: Polen kauft gebrauchte US-Panzer\" \/>\n<meta property=\"og:description\" content=\"Nachdem Warschau mit dem Versuch scheiterte, Leopard-2-Panzer in Deutschland zu erwerben, will die polnische Regierung nun US-amerikanische Panzer kaufen. Eine entsprechende Vereinbarung soll laut dem Verteidigungsminister des Landes bereits getroffen worden sein. Polen wird 116 gebrauchte M1-Abrams-Kampfpanzer aus den USA kaufen, um die an die Ukraine gelieferten gepanzerten Milit\u00e4rfahrzeuge zu ersetzen. Warschau habe eine entsprechende [&hellip;]\" \/>\n<meta property=\"og:url\" content=\"https:\/\/now-news.de\/de\/deutschland\/nach-deutschlands-absage-polen-kauft-gebrauchte-us-panzer\/\" \/>\n<meta property=\"og:site_name\" content=\"just-now.NEWS Deutschland\" \/>\n<meta property=\"article:publisher\" content=\"https:\/\/www.facebook.com\/wirmachenauf\" \/>\n<meta property=\"article:published_time\" content=\"2022-07-15T18:38:25+00:00\" \/>\n<meta property=\"og:image\" content=\"https:\/\/now-news.de\/de\/wp-content\/uploads\/sites\/3\/2022\/07\/Nach-Deutschlands-Absage-Polen-kauft-gebrauchte-US-Panzer.jpg\" \/>\n\t<meta property=\"og:image:width\" content=\"460\" \/>\n\t<meta property=\"og:image:height\" content=\"259\" \/>\n\t<meta property=\"og:image:type\" content=\"image\/jpeg\" \/>\n<meta name=\"author\" content=\"rtnews\" \/>\n<meta name=\"twitter:card\" content=\"summary_large_image\" \/>\n<meta name=\"twitter:creator\" content=\"@WirMachenAuf_de\" \/>\n<meta name=\"twitter:site\" content=\"@WirMachenAuf_de\" \/>\n<meta name=\"twitter:label1\" content=\"Verfasst von\" \/>\n\t<meta name=\"twitter:data1\" content=\"rtnews\" \/>\n\t<meta name=\"twitter:label2\" content=\"Gesch\u00e4tzte Lesezeit\" \/>\n\t<meta name=\"twitter:data2\" content=\"1\u00a0Minute\" \/>\n<script type=\"application\/ld+json\" class=\"yoast-schema-graph\">{\"@context\":\"https:\/\/schema.org\",\"@graph\":[{\"@type\":\"Article\",\"@id\":\"https:\/\/now-news.de\/de\/deutschland\/nach-deutschlands-absage-polen-kauft-gebrauchte-us-panzer\/#article\",\"isPartOf\":{\"@id\":\"https:\/\/now-news.de\/de\/deutschland\/nach-deutschlands-absage-polen-kauft-gebrauchte-us-panzer\/\"},\"author\":{\"name\":\"rtnews\",\"@id\":\"https:\/\/now-news.de\/de\/#\/schema\/person\/fb534a4e865501d8b3285208df34a9b5\"},\"headline\":\"Nach Deutschlands Absage: Polen kauft gebrauchte US-Panzer\",\"datePublished\":\"2022-07-15T18:38:25+00:00\",\"dateModified\":\"2022-07-15T18:38:25+00:00\",\"mainEntityOfPage\":{\"@id\":\"https:\/\/now-news.de\/de\/deutschland\/nach-deutschlands-absage-polen-kauft-gebrauchte-us-panzer\/\"},\"wordCount\":268,\"commentCount\":0,\"publisher\":{\"@id\":\"https:\/\/now-news.de\/de\/#organization\"},\"image\":{\"@id\":\"https:\/\/now-news.de\/de\/deutschland\/nach-deutschlands-absage-polen-kauft-gebrauchte-us-panzer\/#primaryimage\"},\"thumbnailUrl\":\"https:\/\/now-news.de\/de\/wp-content\/uploads\/sites\/3\/2022\/07\/Nach-Deutschlands-Absage-Polen-kauft-gebrauchte-US-Panzer.jpg\",\"keywords\":[\"Absage\",\"Deutschlands\",\"gebrauchte\",\"kauft\",\"nach\",\"Polen\",\"USPanzer\"],\"articleSection\":[\"Deutschland\",\"Russland\"],\"inLanguage\":\"de\",\"potentialAction\":[{\"@type\":\"CommentAction\",\"name\":\"Comment\",\"target\":[\"https:\/\/now-news.de\/de\/deutschland\/nach-deutschlands-absage-polen-kauft-gebrauchte-us-panzer\/#respond\"]}]},{\"@type\":\"WebPage\",\"@id\":\"https:\/\/now-news.de\/de\/deutschland\/nach-deutschlands-absage-polen-kauft-gebrauchte-us-panzer\/\",\"url\":\"https:\/\/now-news.de\/de\/deutschland\/nach-deutschlands-absage-polen-kauft-gebrauchte-us-panzer\/\",\"name\":\"Nach Deutschlands Absage: Polen kauft gebrauchte US-Panzer - just-now.NEWS Deutschland\",\"isPartOf\":{\"@id\":\"https:\/\/now-news.de\/de\/#website\"},\"primaryImageOfPage\":{\"@id\":\"https:\/\/now-news.de\/de\/deutschland\/nach-deutschlands-absage-polen-kauft-gebrauchte-us-panzer\/#primaryimage\"},\"image\":{\"@id\":\"https:\/\/now-news.de\/de\/deutschland\/nach-deutschlands-absage-polen-kauft-gebrauchte-us-panzer\/#primaryimage\"},\"thumbnailUrl\":\"https:\/\/now-news.de\/de\/wp-content\/uploads\/sites\/3\/2022\/07\/Nach-Deutschlands-Absage-Polen-kauft-gebrauchte-US-Panzer.jpg\",\"datePublished\":\"2022-07-15T18:38:25+00:00\",\"dateModified\":\"2022-07-15T18:38:25+00:00\",\"breadcrumb\":{\"@id\":\"https:\/\/now-news.de\/de\/deutschland\/nach-deutschlands-absage-polen-kauft-gebrauchte-us-panzer\/#breadcrumb\"},\"inLanguage\":\"de\",\"potentialAction\":[{\"@type\":\"ReadAction\",\"target\":[\"https:\/\/now-news.de\/de\/deutschland\/nach-deutschlands-absage-polen-kauft-gebrauchte-us-panzer\/\"]}]},{\"@type\":\"ImageObject\",\"inLanguage\":\"de\",\"@id\":\"https:\/\/now-news.de\/de\/deutschland\/nach-deutschlands-absage-polen-kauft-gebrauchte-us-panzer\/#primaryimage\",\"url\":\"https:\/\/now-news.de\/de\/wp-content\/uploads\/sites\/3\/2022\/07\/Nach-Deutschlands-Absage-Polen-kauft-gebrauchte-US-Panzer.jpg\",\"contentUrl\":\"https:\/\/now-news.de\/de\/wp-content\/uploads\/sites\/3\/2022\/07\/Nach-Deutschlands-Absage-Polen-kauft-gebrauchte-US-Panzer.jpg\",\"width\":460,\"height\":259,\"caption\":\"Nach Deutschlands Absage: Polen kauft gebrauchte US-Panzer\"},{\"@type\":\"BreadcrumbList\",\"@id\":\"https:\/\/now-news.de\/de\/deutschland\/nach-deutschlands-absage-polen-kauft-gebrauchte-us-panzer\/#breadcrumb\",\"itemListElement\":[{\"@type\":\"ListItem\",\"position\":1,\"name\":\"Home\",\"item\":\"https:\/\/now-news.de\/de\/\"},{\"@type\":\"ListItem\",\"position\":2,\"name\":\"Nach Deutschlands Absage: Polen kauft gebrauchte US-Panzer\"}]},{\"@type\":\"WebSite\",\"@id\":\"https:\/\/now-news.de\/de\/#website\",\"url\":\"https:\/\/now-news.de\/de\/\",\"name\":\"just-now.NEWS Deutschland\",\"description\":\"Das Portal f\u00fcr unzensierte Nachrichten aus der Welt\",\"publisher\":{\"@id\":\"https:\/\/now-news.de\/de\/#organization\"},\"potentialAction\":[{\"@type\":\"SearchAction\",\"target\":{\"@type\":\"EntryPoint\",\"urlTemplate\":\"https:\/\/now-news.de\/de\/?s={search_term_string}\"},\"query-input\":\"required name=search_term_string\"}],\"inLanguage\":\"de\"},{\"@type\":\"Organization\",\"@id\":\"https:\/\/now-news.de\/de\/#organization\",\"name\":\"Just Now News\",\"url\":\"https:\/\/now-news.de\/de\/\",\"logo\":{\"@type\":\"ImageObject\",\"inLanguage\":\"de\",\"@id\":\"https:\/\/now-news.de\/de\/#\/schema\/logo\/image\/\",\"url\":\"http:\/\/just-now.news\/de\/wp-content\/uploads\/sites\/3\/2022\/04\/logo500x500.jpg\",\"contentUrl\":\"http:\/\/just-now.news\/de\/wp-content\/uploads\/sites\/3\/2022\/04\/logo500x500.jpg\",\"width\":500,\"height\":500,\"caption\":\"Just Now News\"},\"image\":{\"@id\":\"https:\/\/now-news.de\/de\/#\/schema\/logo\/image\/\"},\"sameAs\":[\"https:\/\/www.facebook.com\/wirmachenauf\",\"https:\/\/x.com\/WirMachenAuf_de\"]},{\"@type\":\"Person\",\"@id\":\"https:\/\/now-news.de\/de\/#\/schema\/person\/fb534a4e865501d8b3285208df34a9b5\",\"name\":\"rtnews\",\"image\":{\"@type\":\"ImageObject\",\"inLanguage\":\"de\",\"@id\":\"https:\/\/now-news.de\/de\/#\/schema\/person\/image\/\",\"url\":\"https:\/\/secure.gravatar.com\/avatar\/82aafea7d8127119dd649515f56e2117?s=96&d=mm&r=g\",\"contentUrl\":\"https:\/\/secure.gravatar.com\/avatar\/82aafea7d8127119dd649515f56e2117?s=96&d=mm&r=g\",\"caption\":\"rtnews\"},\"url\":\"https:\/\/now-news.de\/de\/author\/rnews\/\"}]}<\/script>\n<!-- \/ Yoast SEO Premium plugin. -->","yoast_head_json":{"title":"Nach Deutschlands Absage: Polen kauft gebrauchte US-Panzer - just-now.NEWS Deutschland","robots":{"index":"index","follow":"follow","max-snippet":"max-snippet:-1","max-image-preview":"max-image-preview:large","max-video-preview":"max-video-preview:-1"},"canonical":"https:\/\/now-news.de\/de\/deutschland\/nach-deutschlands-absage-polen-kauft-gebrauchte-us-panzer\/","og_locale":"de_DE","og_type":"article","og_title":"Nach Deutschlands Absage: Polen kauft gebrauchte US-Panzer","og_description":"Nachdem Warschau mit dem Versuch scheiterte, Leopard-2-Panzer in Deutschland zu erwerben, will die polnische Regierung nun US-amerikanische Panzer kaufen. Eine entsprechende Vereinbarung soll laut dem Verteidigungsminister des Landes bereits getroffen worden sein. Polen wird 116 gebrauchte M1-Abrams-Kampfpanzer aus den USA kaufen, um die an die Ukraine gelieferten gepanzerten Milit\u00e4rfahrzeuge zu ersetzen. Warschau habe eine entsprechende [&hellip;]","og_url":"https:\/\/now-news.de\/de\/deutschland\/nach-deutschlands-absage-polen-kauft-gebrauchte-us-panzer\/","og_site_name":"just-now.NEWS Deutschland","article_publisher":"https:\/\/www.facebook.com\/wirmachenauf","article_published_time":"2022-07-15T18:38:25+00:00","og_image":[{"width":460,"height":259,"url":"https:\/\/now-news.de\/de\/wp-content\/uploads\/sites\/3\/2022\/07\/Nach-Deutschlands-Absage-Polen-kauft-gebrauchte-US-Panzer.jpg","type":"image\/jpeg"}],"author":"rtnews","twitter_card":"summary_large_image","twitter_creator":"@WirMachenAuf_de","twitter_site":"@WirMachenAuf_de","twitter_misc":{"Verfasst von":"rtnews","Gesch\u00e4tzte Lesezeit":"1\u00a0Minute"},"schema":{"@context":"https:\/\/schema.org","@graph":[{"@type":"Article","@id":"https:\/\/now-news.de\/de\/deutschland\/nach-deutschlands-absage-polen-kauft-gebrauchte-us-panzer\/#article","isPartOf":{"@id":"https:\/\/now-news.de\/de\/deutschland\/nach-deutschlands-absage-polen-kauft-gebrauchte-us-panzer\/"},"author":{"name":"rtnews","@id":"https:\/\/now-news.de\/de\/#\/schema\/person\/fb534a4e865501d8b3285208df34a9b5"},"headline":"Nach Deutschlands Absage: Polen kauft gebrauchte US-Panzer","datePublished":"2022-07-15T18:38:25+00:00","dateModified":"2022-07-15T18:38:25+00:00","mainEntityOfPage":{"@id":"https:\/\/now-news.de\/de\/deutschland\/nach-deutschlands-absage-polen-kauft-gebrauchte-us-panzer\/"},"wordCount":268,"commentCount":0,"publisher":{"@id":"https:\/\/now-news.de\/de\/#organization"},"image":{"@id":"https:\/\/now-news.de\/de\/deutschland\/nach-deutschlands-absage-polen-kauft-gebrauchte-us-panzer\/#primaryimage"},"thumbnailUrl":"https:\/\/now-news.de\/de\/wp-content\/uploads\/sites\/3\/2022\/07\/Nach-Deutschlands-Absage-Polen-kauft-gebrauchte-US-Panzer.jpg","keywords":["Absage","Deutschlands","gebrauchte","kauft","nach","Polen","USPanzer"],"articleSection":["Deutschland","Russland"],"inLanguage":"de","potentialAction":[{"@type":"CommentAction","name":"Comment","target":["https:\/\/now-news.de\/de\/deutschland\/nach-deutschlands-absage-polen-kauft-gebrauchte-us-panzer\/#respond"]}]},{"@type":"WebPage","@id":"https:\/\/now-news.de\/de\/deutschland\/nach-deutschlands-absage-polen-kauft-gebrauchte-us-panzer\/","url":"https:\/\/now-news.de\/de\/deutschland\/nach-deutschlands-absage-polen-kauft-gebrauchte-us-panzer\/","name":"Nach Deutschlands Absage: Polen kauft gebrauchte US-Panzer - just-now.NEWS Deutschland","isPartOf":{"@id":"https:\/\/now-news.de\/de\/#website"},"primaryImageOfPage":{"@id":"https:\/\/now-news.de\/de\/deutschland\/nach-deutschlands-absage-polen-kauft-gebrauchte-us-panzer\/#primaryimage"},"image":{"@id":"https:\/\/now-news.de\/de\/deutschland\/nach-deutschlands-absage-polen-kauft-gebrauchte-us-panzer\/#primaryimage"},"thumbnailUrl":"https:\/\/now-news.de\/de\/wp-content\/uploads\/sites\/3\/2022\/07\/Nach-Deutschlands-Absage-Polen-kauft-gebrauchte-US-Panzer.jpg","datePublished":"2022-07-15T18:38:25+00:00","dateModified":"2022-07-15T18:38:25+00:00","breadcrumb":{"@id":"https:\/\/now-news.de\/de\/deutschland\/nach-deutschlands-absage-polen-kauft-gebrauchte-us-panzer\/#breadcrumb"},"inLanguage":"de","potentialAction":[{"@type":"ReadAction","target":["https:\/\/now-news.de\/de\/deutschland\/nach-deutschlands-absage-polen-kauft-gebrauchte-us-panzer\/"]}]},{"@type":"ImageObject","inLanguage":"de","@id":"https:\/\/now-news.de\/de\/deutschland\/nach-deutschlands-absage-polen-kauft-gebrauchte-us-panzer\/#primaryimage","url":"https:\/\/now-news.de\/de\/wp-content\/uploads\/sites\/3\/2022\/07\/Nach-Deutschlands-Absage-Polen-kauft-gebrauchte-US-Panzer.jpg","contentUrl":"https:\/\/now-news.de\/de\/wp-content\/uploads\/sites\/3\/2022\/07\/Nach-Deutschlands-Absage-Polen-kauft-gebrauchte-US-Panzer.jpg","width":460,"height":259,"caption":"Nach Deutschlands Absage: Polen kauft gebrauchte US-Panzer"},{"@type":"BreadcrumbList","@id":"https:\/\/now-news.de\/de\/deutschland\/nach-deutschlands-absage-polen-kauft-gebrauchte-us-panzer\/#breadcrumb","itemListElement":[{"@type":"ListItem","position":1,"name":"Home","item":"https:\/\/now-news.de\/de\/"},{"@type":"ListItem","position":2,"name":"Nach Deutschlands Absage: Polen kauft gebrauchte US-Panzer"}]},{"@type":"WebSite","@id":"https:\/\/now-news.de\/de\/#website","url":"https:\/\/now-news.de\/de\/","name":"just-now.NEWS Deutschland","description":"Das Portal f\u00fcr unzensierte Nachrichten aus der Welt","publisher":{"@id":"https:\/\/now-news.de\/de\/#organization"},"potentialAction":[{"@type":"SearchAction","target":{"@type":"EntryPoint","urlTemplate":"https:\/\/now-news.de\/de\/?s={search_term_string}"},"query-input":"required name=search_term_string"}],"inLanguage":"de"},{"@type":"Organization","@id":"https:\/\/now-news.de\/de\/#organization","name":"Just Now News","url":"https:\/\/now-news.de\/de\/","logo":{"@type":"ImageObject","inLanguage":"de","@id":"https:\/\/now-news.de\/de\/#\/schema\/logo\/image\/","url":"http:\/\/just-now.news\/de\/wp-content\/uploads\/sites\/3\/2022\/04\/logo500x500.jpg","contentUrl":"http:\/\/just-now.news\/de\/wp-content\/uploads\/sites\/3\/2022\/04\/logo500x500.jpg","width":500,"height":500,"caption":"Just Now News"},"image":{"@id":"https:\/\/now-news.de\/de\/#\/schema\/logo\/image\/"},"sameAs":["https:\/\/www.facebook.com\/wirmachenauf","https:\/\/x.com\/WirMachenAuf_de"]},{"@type":"Person","@id":"https:\/\/now-news.de\/de\/#\/schema\/person\/fb534a4e865501d8b3285208df34a9b5","name":"rtnews","image":{"@type":"ImageObject","inLanguage":"de","@id":"https:\/\/now-news.de\/de\/#\/schema\/person\/image\/","url":"https:\/\/secure.gravatar.com\/avatar\/82aafea7d8127119dd649515f56e2117?s=96&d=mm&r=g","contentUrl":"https:\/\/secure.gravatar.com\/avatar\/82aafea7d8127119dd649515f56e2117?s=96&d=mm&r=g","caption":"rtnews"},"url":"https:\/\/now-news.de\/de\/author\/rnews\/"}]}},"_links":{"self":[{"href":"https:\/\/now-news.de\/de\/wp-json\/wp\/v2\/posts\/13970"}],"collection":[{"href":"https:\/\/now-news.de\/de\/wp-json\/wp\/v2\/posts"}],"about":[{"href":"https:\/\/now-news.de\/de\/wp-json\/wp\/v2\/types\/post"}],"author":[{"embeddable":true,"href":"https:\/\/now-news.de\/de\/wp-json\/wp\/v2\/users\/3"}],"replies":[{"embeddable":true,"href":"https:\/\/now-news.de\/de\/wp-json\/wp\/v2\/comments?post=13970"}],"version-history":[{"count":0,"href":"https:\/\/now-news.de\/de\/wp-json\/wp\/v2\/posts\/13970\/revisions"}],"wp:featuredmedia":[{"embeddable":true,"href":"https:\/\/now-news.de\/de\/wp-json\/wp\/v2\/media\/13971"}],"wp:attachment":[{"href":"https:\/\/now-news.de\/de\/wp-json\/wp\/v2\/media?parent=13970"}],"wp:term":[{"taxonomy":"category","embeddable":true,"href":"https:\/\/now-news.de\/de\/wp-json\/wp\/v2\/categories?post=13970"},{"taxonomy":"post_tag","embeddable":true,"href":"https:\/\/now-news.de\/de\/wp-json\/wp\/v2\/tags?post=13970"}],"curies":[{"name":"wp","href":"https:\/\/api.w.org\/{rel}","templated":true}]}}