{"id":13948,"date":"2022-07-15T17:40:00","date_gmt":"2022-07-15T15:40:00","guid":{"rendered":"http:\/\/just-now.news\/de\/usa\/weckte-den-von-soros-unterstuetzten-staatsanwalt-von-los-angeles-george-gascon-auf-um-die-einheit-aufzuloesen-die-opfer-von-anhoerungen-zur-bewaehrung-von-straeflingen-benachrichtigt\/"},"modified":"2022-07-15T17:40:00","modified_gmt":"2022-07-15T15:40:00","slug":"weckte-den-von-soros-unterstuetzten-staatsanwalt-von-los-angeles-george-gascon-auf-um-die-einheit-aufzuloesen-die-opfer-von-anhoerungen-zur-bewaehrung-von-straeflingen-benachrichtigt","status":"publish","type":"post","link":"https:\/\/now-news.de\/de\/usa\/weckte-den-von-soros-unterstuetzten-staatsanwalt-von-los-angeles-george-gascon-auf-um-die-einheit-aufzuloesen-die-opfer-von-anhoerungen-zur-bewaehrung-von-straeflingen-benachrichtigt\/","title":{"rendered":"Weckte den von Soros unterst\u00fctzten Staatsanwalt von Los Angeles, George Gasc\u00f3n, auf, um die Einheit aufzul\u00f6sen, die Opfer von Anh\u00f6rungen zur Bew\u00e4hrung von Str\u00e4flingen benachrichtigt"},"content":{"rendered":"<div class=\"entry-content\">\n<p><\/p>\n<p><span data-preserver-spaces=\"true\">Laut einem Bericht des Bezirksstaatsanwalts von Los Angeles <\/span><span data-preserver-spaces=\"true\">George Gascon<\/span><span data-preserver-spaces=\"true\"> soll eine Gruppe von Opferanw\u00e4lten innerhalb seines B\u00fcros aufl\u00f6sen, die als \u201eLifer\u201c-Einheit bekannt ist und die Opfer benachrichtigt, wenn die Personen, die der Verletzung f\u00fcr schuldig befunden wurden, im Begriff sind, Anh\u00f6rungen zur Bew\u00e4hrung zu beginnen.<\/span><\/p>\n<p><span data-preserver-spaces=\"true\">Der Staatsanwalt von Los Angeles wurde f\u00fcr seine anhaltende Politik der sanften Kriminalit\u00e4t kritisiert und steht im November vor einer Abberufung.  Er ist ein weiterer der <\/span><span data-preserver-spaces=\"true\">Soros-unterst\u00fctzt <\/span><span data-preserver-spaces=\"true\">Beamte, die f\u00fcr den Anstieg der Kriminalit\u00e4t verantwortlich sind, der sich auf Gro\u00dfst\u00e4dte im ganzen Land auswirkt. <\/span><\/p>\n<div id=\"IC1-ad\" class=\"sponsor IC1\">\n<p class=\"ad-notice flipboard-remove\" fl:fl-noexcerpt=\"true\">Werbung \u2013 die Geschichte geht unten weiter<\/p>\n<div id=\"IC1\">\n<script>\n\t\t\t\t\tif( FFADS.units.IC1 && FFADS.units.IC1.ad_type == 'custom' && FFADS.units.IC1.custom_ads && ! getCookie( 'ff_subbed' ) ) {\n\t\t\t\t\t\tdocument.getElementById( 'IC1' ).innerHTML = FFADS.units.IC1.custom_ads[0].code;\n\t\t\t\t\t\tif( ! FFADS.units.IC1.lazy_load ) eval( FFADS.units.IC1.custom_ads[0].rendering_script );\n\t\t\t\t\t}\n\t\t\t\t\telse if( FFADS.units.IC1 && ! getCookie( 'ff_subbed' ) ) {\n\t\t\t\t\t\tif( 'IC' != 'SB' && 'IC' != 'SA' && FFADS.use_fixed_containers ) {\n\t\t\t\t\t\t\tlet max_wh = firefly_size_list_to_max_wh( FFADS.units.IC1.sizes );\n\t\t\t\t\t\t\tlet el = document.querySelector( '#IC1' );\n\t\t\t\t\t\t\tif( 'IC' != 'SA' && FFADS.slide_pixels ) {\n\t\t\t\t\t\t\t\tmax_wh[1] += parseInt( FFADS.slide_pixels );\n\t\t\t\t\t\t\t\tel.classList.add( 'sliding' );\n\t\t\t\t\t\t\t}\n\t\t\t\t\t\t\tel.style.width = max_wh[0] + 'px';\n\t\t\t\t\t\t\tel.style.height = max_wh[1] + 'px';\n\t\t\t\t\t\t\tel.classList.add( 'fixed-size' );\n\t\t\t\t\t\t}\n\t\t\t\t\t\tgoogletag.cmd.push( function() {\n\t\t\t\t\t\t\tFFADS.debug( 'googletag.displaying IC1' );\n\t\t\t\t\t\t\tgoogletag.display( 'IC1' );\n\t\t\t\t\t\t} );\n\t\t\t\t\t}\n\t\t\t\t\telse {\n\t\t\t\t\t\tdocument.querySelector( '#IC1-ad' ).style.display = 'none';}\n\t\t\t\t<\/script><\/div>\n<\/div>\n<p><span data-preserver-spaces=\"true\">Nach <\/span><span data-preserver-spaces=\"true\">Bill Melugin von Fox News: \u201eDie Parole Unit, auch bekannt als \u201eLifer Unit\u201c, wird bis Ende des Jahres aufgel\u00f6st.  Der Umzug erfolgt, nachdem Gascon den Staatsanw\u00e4lten die Teilnahme an Anh\u00f6rungen zur Bew\u00e4hrung untersagt hat.\u201c<\/span><\/p>\n<blockquote class=\"twitter-tweet\" data-width=\"500\" data-dnt=\"true\">\n<p lang=\"en\" dir=\"ltr\">NEU: Quellen im LA DA-B\u00fcro sagen mir, Opferanw\u00e4lten in der \u201eLifer\u201c-Einheit wurde am Dienstag mitgeteilt, dass es ihnen bald nicht mehr gestattet sein wird, Verbrechensopfer\/Angeh\u00f6rige \u00fcber die bevorstehenden Bew\u00e4hrungsanh\u00f6rungen eines Insassen zu informieren, weil der Gascon-Administrator dies \u201enicht angemessen\u201c findet \u201c.  Einheit aufgel\u00f6st werden. <a rel=\"nofollow noopener\" target=\"_blank\" href=\"https:\/\/t.co\/xad9pIia4r\">pic.twitter.com\/xad9pIia4r<\/a><\/p>\n<p>\u2013 Bill Melugin (@BillFOXLA) <a rel=\"nofollow noopener\" target=\"_blank\" href=\"https:\/\/twitter.com\/BillFOXLA\/status\/1547374264936005633?ref_src=twsrc%5Etfw\">14. Juli 2022<\/a><\/p>\n<\/blockquote>\n<p><script async src=\"https:\/\/platform.twitter.com\/widgets.js\" charset=\"utf-8\"><\/script><\/p>\n<p><script>\n\t\t\t\t\tif( ! getCookie( 'ff_subbed' ) ) if( typeof FFADS.replace_ict != 'undefined' ) if( FFADS.replace_ict ) eval( FFADS.replace_ict );\n\t\t\t\t<\/script><\/p>\n<p><span data-preserver-spaces=\"true\">Das B\u00fcro von Gascon best\u00e4tigte den Wechsel zu Fox News.  In der \u201eWake\u201c-Entscheidung wurde festgestellt, dass die Information der Opfer f\u00fcr sie \u201eausl\u00f6send\u201c sein kann.  Sie sagten, dass dies Ressourcen verschwendet und dass letztendlich die Verantwortung daf\u00fcr liege <\/span><span data-preserver-spaces=\"true\">Kalifornisches Ministerium f\u00fcr Korrekturen und Rehabilitation<\/span><span data-preserver-spaces=\"true\">.<\/span><\/p>\n<p><span data-preserver-spaces=\"true\">Das B\u00fcro von Gascon sagte, die Lifer-Einheit sei bereits unter der Verwaltung des fr\u00fcheren Bezirksstaatsanwalts von Los Angeles County verkleinert worden. <\/span><span data-preserver-spaces=\"true\">Jackie Lacey<\/span><span data-preserver-spaces=\"true\">und f\u00fcgte hinzu, dass Opfer weiterhin Zugang zu den unterst\u00fctzenden Diensten ihrer Opferdienstvertreter haben.<\/span><\/p>\n<div id=\"IC2-ad\" class=\"sponsor IC2\">\n<p class=\"ad-notice flipboard-remove\" fl:fl-noexcerpt=\"true\">Werbung \u2013 die Geschichte geht unten weiter<\/p>\n<div id=\"IC2\">\n<script>\n\t\t\t\t\tif( FFADS.units.IC2 && FFADS.units.IC2.ad_type == 'custom' && FFADS.units.IC2.custom_ads && ! getCookie( 'ff_subbed' ) ) {\n\t\t\t\t\t\tdocument.getElementById( 'IC2' ).innerHTML = FFADS.units.IC2.custom_ads[0].code;\n\t\t\t\t\t\tif( ! FFADS.units.IC2.lazy_load ) eval( FFADS.units.IC2.custom_ads[0].rendering_script );\n\t\t\t\t\t}\n\t\t\t\t\telse if( FFADS.units.IC2 && ! getCookie( 'ff_subbed' ) ) {\n\t\t\t\t\t\tif( 'IC' != 'SB' && 'IC' != 'SA' && FFADS.use_fixed_containers ) {\n\t\t\t\t\t\t\tlet max_wh = firefly_size_list_to_max_wh( FFADS.units.IC2.sizes );\n\t\t\t\t\t\t\tlet el = document.querySelector( '#IC2' );\n\t\t\t\t\t\t\tif( 'IC' != 'SA' && FFADS.slide_pixels ) {\n\t\t\t\t\t\t\t\tmax_wh[1] += parseInt( FFADS.slide_pixels );\n\t\t\t\t\t\t\t\tel.classList.add( 'sliding' );\n\t\t\t\t\t\t\t}\n\t\t\t\t\t\t\tel.style.width = max_wh[0] + 'px';\n\t\t\t\t\t\t\tel.style.height = max_wh[1] + 'px';\n\t\t\t\t\t\t\tel.classList.add( 'fixed-size' );\n\t\t\t\t\t\t}\n\t\t\t\t\t\tgoogletag.cmd.push( function() {\n\t\t\t\t\t\t\tFFADS.debug( 'googletag.displaying IC2' );\n\t\t\t\t\t\t\tgoogletag.display( 'IC2' );\n\t\t\t\t\t\t} );\n\t\t\t\t\t}\n\t\t\t\t\telse {\n\t\t\t\t\t\tdocument.querySelector( '#IC2-ad' ).style.display = 'none';}\n\t\t\t\t<\/script><\/div>\n<\/div>\n<p><span data-preserver-spaces=\"true\">Die stellvertretende Bezirksstaatsanw\u00e4ltin Julianne Walker hat die Aufl\u00f6sung kritisiert. <\/span><span data-preserver-spaces=\"true\">Walker sagte gegen\u00fcber Fox News: \u201eGascon bietet st\u00e4ndig \u201aDienste&#8217; an, als w\u00fcrde er ihre \u201aRechte&#8217; sch\u00fctzen.  Er ist nicht.  Er gibt ihre verfassungsm\u00e4\u00dfigen Rechte auf und glaubt, dass ein Pflaster oder eine Art von Dienstleistung wie Beratung seine Weigerung, ihre Rechte zu sch\u00fctzen, ausgleichen wird.\u201c <\/span><\/p>\n<blockquote class=\"twitter-tweet\" data-width=\"500\" data-dnt=\"true\">\n<p lang=\"en\" dir=\"ltr\">Ich erhielt eine lange Nachricht von Julianne Walker, einer Opferanw\u00e4ltin in der \u201eLifer\u201c-Einheit, die aufgel\u00f6st wird.  Sie sagt, dass die Gascon-Admin-Erkl\u00e4rung aus einer Reihe von Gr\u00fcnden, die sie unten auflistet, nicht wahrheitsgem\u00e4\u00df ist.  Sie hat mir die Erlaubnis erteilt, ihre Aussage aktenkundig zu machen <a rel=\"nofollow noopener\" target=\"_blank\" href=\"https:\/\/twitter.com\/FoxNews?ref_src=twsrc%5Etfw\">@Fox News<\/a> <a rel=\"nofollow noopener\" target=\"_blank\" href=\"https:\/\/t.co\/IwxbItKmmk\">pic.twitter.com\/IwxbItKmmk<\/a><\/p>\n<p>\u2013 Bill Melugin (@BillFOXLA) <a rel=\"nofollow noopener\" target=\"_blank\" href=\"https:\/\/twitter.com\/BillFOXLA\/status\/1547379045024862212?ref_src=twsrc%5Etfw\">14. Juli 2022<\/a><\/p>\n<\/blockquote>\n<p><script async src=\"https:\/\/platform.twitter.com\/widgets.js\" charset=\"utf-8\"><\/script><\/p>\n<p><span data-preserver-spaces=\"true\">Angesichts der zunehmenden \u00f6ffentlichen Emp\u00f6rung \u00fcber das Gewaltverbrechen in Los Angeles steht Gasc\u00f3n vor einer wahrscheinlichen Abberufungswahl.  Der R\u00fcckruf steht noch aus <\/span><span data-preserver-spaces=\"true\">700.000 Unterschriften<\/span><span data-preserver-spaces=\"true\"> letzte Woche eingereicht, um einen R\u00fcckruf auf den n\u00e4chsten Stimmzettel zu setzen.<\/span><\/p>\n<p><span data-preserver-spaces=\"true\">Ein <\/span><span data-preserver-spaces=\"true\">Erste Bem\u00fchungen, Gasc\u00f3n zur\u00fcckzurufen, wurden 2021 gestartet<\/span><span data-preserver-spaces=\"true\">, obwohl sie nicht die richtige Anzahl von Unterschriften erreichen konnten.  Das <\/span><span data-preserver-spaces=\"true\">zweiter Versuch<\/span><span data-preserver-spaces=\"true\"> begann im Januar, als die Organisatoren offiziell versuchten, einen R\u00fcckruf einzuleiten. <\/span><\/p>\n<p><span data-preserver-spaces=\"true\">Angetrieben von der <\/span><span data-preserver-spaces=\"true\">erfolgreiche Abberufung von Gasc\u00f3ns Nachfolger in San Francisco,<\/span><span data-preserver-spaces=\"true\"> Dist.  Atty.  Chesa Boudin, die Kampagne ist zuversichtlich, dass sie diesen Sieg in Los Angeles wiederholen kann, solange sie gen\u00fcgend Unterschriften verifiziert, um einen R\u00fcckruf des Wahlzettels zu erzwingen.<\/span><\/p>\n<p class=\"article-ask\"><span class=\"ask\"><script>\n  if( getParameterByName( \"utm_source\" ) == \"testpage\" ) {\n    !function(e,t,a,n,g){e[n]=e[n]||[],e[n].push({\"gtm.start\":(new Date).getTime(),event:\"gtm.js\"});var m=t.getElementsByTagName(a)[0],r=t.createElement(a);r.async=!0,r.src=\"https:\/\/www.googletagmanager.com\/gtm.js?id=GTM-PL4PD49\",m.parentNode.insertBefore(r,m)}(window.parent,window.parent.document,\"script\",\"dataLayer\");\n    var iframe=window.parent.document.createElement(\"iframe\");iframe.src=\"https:\/\/www.googletagmanager.com\/ns.html?id=GTM-PL4PD49\";iframe.height=\"0\";iframe.width=\"0\";iframe.style=\"display:none;visibility:hidden\";window.parent.document.body.appendChild(iframe);\n    window.parent[\"$$mm-analytics\"] = window.parent[\"$$mm-analytics\"] || {};if (typeof window.parent[\"$$mm-analytics\"].firstEmbed === \"undefined\") {window.parent[\"$$mm-analytics\"].firstEmbed = Date.now();}\n    let as1 = document.createElement( \"script\" );\n    as1.src = \"https:\/\/bucket1.mm-syringe.com\/prod\/configs\/ee2300c8-43d2-7f0b-dac0-40aaf31c9d3d.js\";\n    document.body.appendChild( as1 );\n    let as2 = document.createElement( \"script\" );\n    as2.src = \"https:\/\/bucket1.mm-syringe.com\/prod\/injector\/injector.1.5.3.js\";\n    document.body.appendChild( as2 );\n  }\n<\/script><\/p>\n<div class=\"apester-media\" data-token=\"5f10a39f94902bc81d3d59a7\" data-context=\"true\" data-tags=\"\" data-fallback=\"true\" height=\"350\"><\/div>\n<p><script id=\"apester_script\" src=\"https:\/\/static.apester.com\/js\/sdk\/latest\/apester-sdk.js\" async><\/script><script async src=\"https:\/\/www.googletagmanager.com\/gtag\/js?id=G-EFE91RJVSQ\"><\/script><script>\n  window.dataLayer = window.dataLayer || [];\n  function gtag(){dataLayer.push(arguments);}\n  gtag(\\\\\\'js\\\\\\', new Date());\n  gtag(\\\\\\'config\\\\\\', \\\\\\'G-EFE91RJVSQ\\\\\\');\n<\/script><script type=\"text\/javascript\">\n\tfunction e(e){var t=!(arguments.length>1&&void 0!==arguments[1])||arguments[1],c=document.createElement(\"script\");c.src=e,t?c.type=\"module\":(c.async=!0,c.type=\"text\/javascript\",c.setAttribute(\"nomodule\",\"\"));var n=document.getElementsByTagName(\"script\")[0];n.parentNode.insertBefore(c,n)}function t(t,c,n){var a,o,r;null!==(a=t.marfeel)&&void 0!==a||(t.marfeel={}),null!==(o=(r=t.marfeel).cmd)&&void 0!==o||(r.cmd=[]),t.marfeel.config=n,t.marfeel.config.accountId=c;var i=\"https:\/\/sdk.mrf.io\/statics\";e(\"\".concat(i,\"\/marfeel-sdk.js?id=\").concat(c),!0),e(\"\".concat(i,\"\/marfeel-sdk.es5.js?id=\").concat(c),!1)}!function(e,c){var n=arguments.length>2&&void 0!==arguments[2]?arguments[2]:{};t(e,c,n)}(window,1573,{} \/*config*\/);\n<\/script><\/span><\/p>\n<\/div>\n<p><br \/>\n<br \/><a href=\"https:\/\/www.thegatewaypundit.com\/2022\/07\/woke-soros-backed-los-angeles-da-george-gascon-disband-unit-notifying-victims-convicts-parole-hearings\/\">Source link <\/a><\/p>\n","protected":false},"excerpt":{"rendered":"<p>Laut einem Bericht des Bezirksstaatsanwalts von Los Angeles George Gascon soll eine Gruppe von Opferanw\u00e4lten innerhalb seines B\u00fcros aufl\u00f6sen, die als \u201eLifer\u201c-Einheit bekannt ist und die Opfer benachrichtigt, wenn die Personen, die der Verletzung f\u00fcr schuldig befunden wurden, im Begriff sind, Anh\u00f6rungen zur Bew\u00e4hrung zu beginnen. Der Staatsanwalt von Los Angeles wurde f\u00fcr seine anhaltende [&hellip;]<\/p>\n","protected":false},"author":5,"featured_media":13949,"comment_status":"open","ping_status":"open","sticky":false,"template":"","format":"standard","meta":{"wp_automatic_camp":["1161"],"af68ee0e157bfc5a9a5ff2fd6b381ff9":["Weckte den von Soros unterst\u00fctzten Staatsanwalt von Los Angeles, George Gasc\u00f3n, auf, um die Einheit aufzul\u00f6sen, die Opfer von Anh\u00f6rungen zur Bew\u00e4hrung von Str\u00e4flingen benachrichtigt\n"],"original_link":["https:\/\/www.thegatewaypundit.com\/2022\/07\/woke-soros-backed-los-angeles-da-george-gascon-disband-unit-notifying-victims-convicts-parole-hearings\/"],"_thumbnail_id":["13949"],"wp_automatic_remove_first_image":["yes"],"jnews_social_counter_last_update":["1777570697"]},"categories":[25],"tags":[18562,22724,133,28084,28086,24595,48,45,20184,18798,350,11578,497,5890,18797,28085,18118,50,24905,581],"yoast_head":"<!-- This site is optimized with the Yoast SEO Premium plugin v22.7 (Yoast SEO v22.7) - https:\/\/yoast.com\/wordpress\/plugins\/seo\/ -->\n<title>Weckte den von Soros unterst\u00fctzten Staatsanwalt von Los Angeles, George Gasc\u00f3n, auf, um die Einheit aufzul\u00f6sen, die Opfer von Anh\u00f6rungen zur Bew\u00e4hrung von Str\u00e4flingen benachrichtigt - just-now.NEWS Deutschland<\/title>\n<meta name=\"robots\" content=\"index, follow, max-snippet:-1, max-image-preview:large, max-video-preview:-1\" \/>\n<link rel=\"canonical\" href=\"https:\/\/now-news.de\/de\/usa\/weckte-den-von-soros-unterstuetzten-staatsanwalt-von-los-angeles-george-gascon-auf-um-die-einheit-aufzuloesen-die-opfer-von-anhoerungen-zur-bewaehrung-von-straeflingen-benachrichtigt\/\" \/>\n<meta property=\"og:locale\" content=\"de_DE\" \/>\n<meta property=\"og:type\" content=\"article\" \/>\n<meta property=\"og:title\" content=\"Weckte den von Soros unterst\u00fctzten Staatsanwalt von Los Angeles, George Gasc\u00f3n, auf, um die Einheit aufzul\u00f6sen, die Opfer von Anh\u00f6rungen zur Bew\u00e4hrung von Str\u00e4flingen benachrichtigt\" \/>\n<meta property=\"og:description\" content=\"Laut einem Bericht des Bezirksstaatsanwalts von Los Angeles George Gascon soll eine Gruppe von Opferanw\u00e4lten innerhalb seines B\u00fcros aufl\u00f6sen, die als \u201eLifer\u201c-Einheit bekannt ist und die Opfer benachrichtigt, wenn die Personen, die der Verletzung f\u00fcr schuldig befunden wurden, im Begriff sind, Anh\u00f6rungen zur Bew\u00e4hrung zu beginnen. Der Staatsanwalt von Los Angeles wurde f\u00fcr seine anhaltende [&hellip;]\" \/>\n<meta property=\"og:url\" content=\"https:\/\/now-news.de\/de\/usa\/weckte-den-von-soros-unterstuetzten-staatsanwalt-von-los-angeles-george-gascon-auf-um-die-einheit-aufzuloesen-die-opfer-von-anhoerungen-zur-bewaehrung-von-straeflingen-benachrichtigt\/\" \/>\n<meta property=\"og:site_name\" content=\"just-now.NEWS Deutschland\" \/>\n<meta property=\"article:publisher\" content=\"https:\/\/www.facebook.com\/wirmachenauf\" \/>\n<meta property=\"article:published_time\" content=\"2022-07-15T15:40:00+00:00\" \/>\n<meta property=\"og:image\" content=\"https:\/\/now-news.de\/de\/wp-content\/uploads\/sites\/3\/2022\/07\/Weckte-den-von-Soros-unterstuetzten-Staatsanwalt-von-Los-Angeles-George.jpg\" \/>\n\t<meta property=\"og:image:width\" content=\"1169\" \/>\n\t<meta property=\"og:image:height\" content=\"617\" \/>\n\t<meta property=\"og:image:type\" content=\"image\/jpeg\" \/>\n<meta name=\"author\" content=\"greatreset\" \/>\n<meta name=\"twitter:card\" content=\"summary_large_image\" \/>\n<meta name=\"twitter:creator\" content=\"@WirMachenAuf_de\" \/>\n<meta name=\"twitter:site\" content=\"@WirMachenAuf_de\" \/>\n<meta name=\"twitter:label1\" content=\"Verfasst von\" \/>\n\t<meta name=\"twitter:data1\" content=\"greatreset\" \/>\n\t<meta name=\"twitter:label2\" content=\"Gesch\u00e4tzte Lesezeit\" \/>\n\t<meta name=\"twitter:data2\" content=\"3\u00a0Minuten\" \/>\n<script type=\"application\/ld+json\" class=\"yoast-schema-graph\">{\"@context\":\"https:\/\/schema.org\",\"@graph\":[{\"@type\":\"Article\",\"@id\":\"https:\/\/now-news.de\/de\/usa\/weckte-den-von-soros-unterstuetzten-staatsanwalt-von-los-angeles-george-gascon-auf-um-die-einheit-aufzuloesen-die-opfer-von-anhoerungen-zur-bewaehrung-von-straeflingen-benachrichtigt\/#article\",\"isPartOf\":{\"@id\":\"https:\/\/now-news.de\/de\/usa\/weckte-den-von-soros-unterstuetzten-staatsanwalt-von-los-angeles-george-gascon-auf-um-die-einheit-aufzuloesen-die-opfer-von-anhoerungen-zur-bewaehrung-von-straeflingen-benachrichtigt\/\"},\"author\":{\"name\":\"greatreset\",\"@id\":\"https:\/\/now-news.de\/de\/#\/schema\/person\/8afb4cd92b68572db7902c13a349ffcb\"},\"headline\":\"Weckte den von Soros unterst\u00fctzten Staatsanwalt von Los Angeles, George Gasc\u00f3n, auf, um die Einheit aufzul\u00f6sen, die Opfer von Anh\u00f6rungen zur Bew\u00e4hrung von Str\u00e4flingen benachrichtigt\",\"datePublished\":\"2022-07-15T15:40:00+00:00\",\"dateModified\":\"2022-07-15T15:40:00+00:00\",\"mainEntityOfPage\":{\"@id\":\"https:\/\/now-news.de\/de\/usa\/weckte-den-von-soros-unterstuetzten-staatsanwalt-von-los-angeles-george-gascon-auf-um-die-einheit-aufzuloesen-die-opfer-von-anhoerungen-zur-bewaehrung-von-straeflingen-benachrichtigt\/\"},\"wordCount\":581,\"commentCount\":0,\"publisher\":{\"@id\":\"https:\/\/now-news.de\/de\/#organization\"},\"image\":{\"@id\":\"https:\/\/now-news.de\/de\/usa\/weckte-den-von-soros-unterstuetzten-staatsanwalt-von-los-angeles-george-gascon-auf-um-die-einheit-aufzuloesen-die-opfer-von-anhoerungen-zur-bewaehrung-von-straeflingen-benachrichtigt\/#primaryimage\"},\"thumbnailUrl\":\"https:\/\/now-news.de\/de\/wp-content\/uploads\/sites\/3\/2022\/07\/Weckte-den-von-Soros-unterstuetzten-Staatsanwalt-von-Los-Angeles-George.jpg\",\"keywords\":[\"Angeles\",\"Anh\u00f6rungen\",\"AUF\",\"aufzul\u00f6sen\",\"benachrichtigt\",\"Bew\u00e4hrung\",\"den\",\"die\",\"Einheit\",\"Gasc\u00f3n\",\"George\",\"los\",\"Opfer\",\"soros\",\"Staatsanwalt\",\"Str\u00e4flingen\",\"unterst\u00fctzten\",\"von\",\"Weckte\",\"zur\"],\"articleSection\":[\"USA\"],\"inLanguage\":\"de\",\"potentialAction\":[{\"@type\":\"CommentAction\",\"name\":\"Comment\",\"target\":[\"https:\/\/now-news.de\/de\/usa\/weckte-den-von-soros-unterstuetzten-staatsanwalt-von-los-angeles-george-gascon-auf-um-die-einheit-aufzuloesen-die-opfer-von-anhoerungen-zur-bewaehrung-von-straeflingen-benachrichtigt\/#respond\"]}]},{\"@type\":\"WebPage\",\"@id\":\"https:\/\/now-news.de\/de\/usa\/weckte-den-von-soros-unterstuetzten-staatsanwalt-von-los-angeles-george-gascon-auf-um-die-einheit-aufzuloesen-die-opfer-von-anhoerungen-zur-bewaehrung-von-straeflingen-benachrichtigt\/\",\"url\":\"https:\/\/now-news.de\/de\/usa\/weckte-den-von-soros-unterstuetzten-staatsanwalt-von-los-angeles-george-gascon-auf-um-die-einheit-aufzuloesen-die-opfer-von-anhoerungen-zur-bewaehrung-von-straeflingen-benachrichtigt\/\",\"name\":\"Weckte den von Soros unterst\u00fctzten Staatsanwalt von Los Angeles, George Gasc\u00f3n, auf, um die Einheit aufzul\u00f6sen, die Opfer von Anh\u00f6rungen zur Bew\u00e4hrung von Str\u00e4flingen benachrichtigt - just-now.NEWS Deutschland\",\"isPartOf\":{\"@id\":\"https:\/\/now-news.de\/de\/#website\"},\"primaryImageOfPage\":{\"@id\":\"https:\/\/now-news.de\/de\/usa\/weckte-den-von-soros-unterstuetzten-staatsanwalt-von-los-angeles-george-gascon-auf-um-die-einheit-aufzuloesen-die-opfer-von-anhoerungen-zur-bewaehrung-von-straeflingen-benachrichtigt\/#primaryimage\"},\"image\":{\"@id\":\"https:\/\/now-news.de\/de\/usa\/weckte-den-von-soros-unterstuetzten-staatsanwalt-von-los-angeles-george-gascon-auf-um-die-einheit-aufzuloesen-die-opfer-von-anhoerungen-zur-bewaehrung-von-straeflingen-benachrichtigt\/#primaryimage\"},\"thumbnailUrl\":\"https:\/\/now-news.de\/de\/wp-content\/uploads\/sites\/3\/2022\/07\/Weckte-den-von-Soros-unterstuetzten-Staatsanwalt-von-Los-Angeles-George.jpg\",\"datePublished\":\"2022-07-15T15:40:00+00:00\",\"dateModified\":\"2022-07-15T15:40:00+00:00\",\"breadcrumb\":{\"@id\":\"https:\/\/now-news.de\/de\/usa\/weckte-den-von-soros-unterstuetzten-staatsanwalt-von-los-angeles-george-gascon-auf-um-die-einheit-aufzuloesen-die-opfer-von-anhoerungen-zur-bewaehrung-von-straeflingen-benachrichtigt\/#breadcrumb\"},\"inLanguage\":\"de\",\"potentialAction\":[{\"@type\":\"ReadAction\",\"target\":[\"https:\/\/now-news.de\/de\/usa\/weckte-den-von-soros-unterstuetzten-staatsanwalt-von-los-angeles-george-gascon-auf-um-die-einheit-aufzuloesen-die-opfer-von-anhoerungen-zur-bewaehrung-von-straeflingen-benachrichtigt\/\"]}]},{\"@type\":\"ImageObject\",\"inLanguage\":\"de\",\"@id\":\"https:\/\/now-news.de\/de\/usa\/weckte-den-von-soros-unterstuetzten-staatsanwalt-von-los-angeles-george-gascon-auf-um-die-einheit-aufzuloesen-die-opfer-von-anhoerungen-zur-bewaehrung-von-straeflingen-benachrichtigt\/#primaryimage\",\"url\":\"https:\/\/now-news.de\/de\/wp-content\/uploads\/sites\/3\/2022\/07\/Weckte-den-von-Soros-unterstuetzten-Staatsanwalt-von-Los-Angeles-George.jpg\",\"contentUrl\":\"https:\/\/now-news.de\/de\/wp-content\/uploads\/sites\/3\/2022\/07\/Weckte-den-von-Soros-unterstuetzten-Staatsanwalt-von-Los-Angeles-George.jpg\",\"width\":1169,\"height\":617},{\"@type\":\"BreadcrumbList\",\"@id\":\"https:\/\/now-news.de\/de\/usa\/weckte-den-von-soros-unterstuetzten-staatsanwalt-von-los-angeles-george-gascon-auf-um-die-einheit-aufzuloesen-die-opfer-von-anhoerungen-zur-bewaehrung-von-straeflingen-benachrichtigt\/#breadcrumb\",\"itemListElement\":[{\"@type\":\"ListItem\",\"position\":1,\"name\":\"Home\",\"item\":\"https:\/\/now-news.de\/de\/\"},{\"@type\":\"ListItem\",\"position\":2,\"name\":\"Weckte den von Soros unterst\u00fctzten Staatsanwalt von Los Angeles, George Gasc\u00f3n, auf, um die Einheit aufzul\u00f6sen, die Opfer von Anh\u00f6rungen zur Bew\u00e4hrung von Str\u00e4flingen benachrichtigt\"}]},{\"@type\":\"WebSite\",\"@id\":\"https:\/\/now-news.de\/de\/#website\",\"url\":\"https:\/\/now-news.de\/de\/\",\"name\":\"just-now.NEWS Deutschland\",\"description\":\"Das Portal f\u00fcr unzensierte Nachrichten aus der Welt\",\"publisher\":{\"@id\":\"https:\/\/now-news.de\/de\/#organization\"},\"potentialAction\":[{\"@type\":\"SearchAction\",\"target\":{\"@type\":\"EntryPoint\",\"urlTemplate\":\"https:\/\/now-news.de\/de\/?s={search_term_string}\"},\"query-input\":\"required name=search_term_string\"}],\"inLanguage\":\"de\"},{\"@type\":\"Organization\",\"@id\":\"https:\/\/now-news.de\/de\/#organization\",\"name\":\"Just Now News\",\"url\":\"https:\/\/now-news.de\/de\/\",\"logo\":{\"@type\":\"ImageObject\",\"inLanguage\":\"de\",\"@id\":\"https:\/\/now-news.de\/de\/#\/schema\/logo\/image\/\",\"url\":\"http:\/\/just-now.news\/de\/wp-content\/uploads\/sites\/3\/2022\/04\/logo500x500.jpg\",\"contentUrl\":\"http:\/\/just-now.news\/de\/wp-content\/uploads\/sites\/3\/2022\/04\/logo500x500.jpg\",\"width\":500,\"height\":500,\"caption\":\"Just Now News\"},\"image\":{\"@id\":\"https:\/\/now-news.de\/de\/#\/schema\/logo\/image\/\"},\"sameAs\":[\"https:\/\/www.facebook.com\/wirmachenauf\",\"https:\/\/x.com\/WirMachenAuf_de\"]},{\"@type\":\"Person\",\"@id\":\"https:\/\/now-news.de\/de\/#\/schema\/person\/8afb4cd92b68572db7902c13a349ffcb\",\"name\":\"greatreset\",\"image\":{\"@type\":\"ImageObject\",\"inLanguage\":\"de\",\"@id\":\"https:\/\/now-news.de\/de\/#\/schema\/person\/image\/\",\"url\":\"https:\/\/secure.gravatar.com\/avatar\/a088df625d49991c090e78c8b9542592?s=96&d=mm&r=g\",\"contentUrl\":\"https:\/\/secure.gravatar.com\/avatar\/a088df625d49991c090e78c8b9542592?s=96&d=mm&r=g\",\"caption\":\"greatreset\"},\"url\":\"https:\/\/now-news.de\/de\/author\/greatreset\/\"}]}<\/script>\n<!-- \/ Yoast SEO Premium plugin. -->","yoast_head_json":{"title":"Weckte den von Soros unterst\u00fctzten Staatsanwalt von Los Angeles, George Gasc\u00f3n, auf, um die Einheit aufzul\u00f6sen, die Opfer von Anh\u00f6rungen zur Bew\u00e4hrung von Str\u00e4flingen benachrichtigt - just-now.NEWS Deutschland","robots":{"index":"index","follow":"follow","max-snippet":"max-snippet:-1","max-image-preview":"max-image-preview:large","max-video-preview":"max-video-preview:-1"},"canonical":"https:\/\/now-news.de\/de\/usa\/weckte-den-von-soros-unterstuetzten-staatsanwalt-von-los-angeles-george-gascon-auf-um-die-einheit-aufzuloesen-die-opfer-von-anhoerungen-zur-bewaehrung-von-straeflingen-benachrichtigt\/","og_locale":"de_DE","og_type":"article","og_title":"Weckte den von Soros unterst\u00fctzten Staatsanwalt von Los Angeles, George Gasc\u00f3n, auf, um die Einheit aufzul\u00f6sen, die Opfer von Anh\u00f6rungen zur Bew\u00e4hrung von Str\u00e4flingen benachrichtigt","og_description":"Laut einem Bericht des Bezirksstaatsanwalts von Los Angeles George Gascon soll eine Gruppe von Opferanw\u00e4lten innerhalb seines B\u00fcros aufl\u00f6sen, die als \u201eLifer\u201c-Einheit bekannt ist und die Opfer benachrichtigt, wenn die Personen, die der Verletzung f\u00fcr schuldig befunden wurden, im Begriff sind, Anh\u00f6rungen zur Bew\u00e4hrung zu beginnen. Der Staatsanwalt von Los Angeles wurde f\u00fcr seine anhaltende [&hellip;]","og_url":"https:\/\/now-news.de\/de\/usa\/weckte-den-von-soros-unterstuetzten-staatsanwalt-von-los-angeles-george-gascon-auf-um-die-einheit-aufzuloesen-die-opfer-von-anhoerungen-zur-bewaehrung-von-straeflingen-benachrichtigt\/","og_site_name":"just-now.NEWS Deutschland","article_publisher":"https:\/\/www.facebook.com\/wirmachenauf","article_published_time":"2022-07-15T15:40:00+00:00","og_image":[{"width":1169,"height":617,"url":"https:\/\/now-news.de\/de\/wp-content\/uploads\/sites\/3\/2022\/07\/Weckte-den-von-Soros-unterstuetzten-Staatsanwalt-von-Los-Angeles-George.jpg","type":"image\/jpeg"}],"author":"greatreset","twitter_card":"summary_large_image","twitter_creator":"@WirMachenAuf_de","twitter_site":"@WirMachenAuf_de","twitter_misc":{"Verfasst von":"greatreset","Gesch\u00e4tzte Lesezeit":"3\u00a0Minuten"},"schema":{"@context":"https:\/\/schema.org","@graph":[{"@type":"Article","@id":"https:\/\/now-news.de\/de\/usa\/weckte-den-von-soros-unterstuetzten-staatsanwalt-von-los-angeles-george-gascon-auf-um-die-einheit-aufzuloesen-die-opfer-von-anhoerungen-zur-bewaehrung-von-straeflingen-benachrichtigt\/#article","isPartOf":{"@id":"https:\/\/now-news.de\/de\/usa\/weckte-den-von-soros-unterstuetzten-staatsanwalt-von-los-angeles-george-gascon-auf-um-die-einheit-aufzuloesen-die-opfer-von-anhoerungen-zur-bewaehrung-von-straeflingen-benachrichtigt\/"},"author":{"name":"greatreset","@id":"https:\/\/now-news.de\/de\/#\/schema\/person\/8afb4cd92b68572db7902c13a349ffcb"},"headline":"Weckte den von Soros unterst\u00fctzten Staatsanwalt von Los Angeles, George Gasc\u00f3n, auf, um die Einheit aufzul\u00f6sen, die Opfer von Anh\u00f6rungen zur Bew\u00e4hrung von Str\u00e4flingen benachrichtigt","datePublished":"2022-07-15T15:40:00+00:00","dateModified":"2022-07-15T15:40:00+00:00","mainEntityOfPage":{"@id":"https:\/\/now-news.de\/de\/usa\/weckte-den-von-soros-unterstuetzten-staatsanwalt-von-los-angeles-george-gascon-auf-um-die-einheit-aufzuloesen-die-opfer-von-anhoerungen-zur-bewaehrung-von-straeflingen-benachrichtigt\/"},"wordCount":581,"commentCount":0,"publisher":{"@id":"https:\/\/now-news.de\/de\/#organization"},"image":{"@id":"https:\/\/now-news.de\/de\/usa\/weckte-den-von-soros-unterstuetzten-staatsanwalt-von-los-angeles-george-gascon-auf-um-die-einheit-aufzuloesen-die-opfer-von-anhoerungen-zur-bewaehrung-von-straeflingen-benachrichtigt\/#primaryimage"},"thumbnailUrl":"https:\/\/now-news.de\/de\/wp-content\/uploads\/sites\/3\/2022\/07\/Weckte-den-von-Soros-unterstuetzten-Staatsanwalt-von-Los-Angeles-George.jpg","keywords":["Angeles","Anh\u00f6rungen","AUF","aufzul\u00f6sen","benachrichtigt","Bew\u00e4hrung","den","die","Einheit","Gasc\u00f3n","George","los","Opfer","soros","Staatsanwalt","Str\u00e4flingen","unterst\u00fctzten","von","Weckte","zur"],"articleSection":["USA"],"inLanguage":"de","potentialAction":[{"@type":"CommentAction","name":"Comment","target":["https:\/\/now-news.de\/de\/usa\/weckte-den-von-soros-unterstuetzten-staatsanwalt-von-los-angeles-george-gascon-auf-um-die-einheit-aufzuloesen-die-opfer-von-anhoerungen-zur-bewaehrung-von-straeflingen-benachrichtigt\/#respond"]}]},{"@type":"WebPage","@id":"https:\/\/now-news.de\/de\/usa\/weckte-den-von-soros-unterstuetzten-staatsanwalt-von-los-angeles-george-gascon-auf-um-die-einheit-aufzuloesen-die-opfer-von-anhoerungen-zur-bewaehrung-von-straeflingen-benachrichtigt\/","url":"https:\/\/now-news.de\/de\/usa\/weckte-den-von-soros-unterstuetzten-staatsanwalt-von-los-angeles-george-gascon-auf-um-die-einheit-aufzuloesen-die-opfer-von-anhoerungen-zur-bewaehrung-von-straeflingen-benachrichtigt\/","name":"Weckte den von Soros unterst\u00fctzten Staatsanwalt von Los Angeles, George Gasc\u00f3n, auf, um die Einheit aufzul\u00f6sen, die Opfer von Anh\u00f6rungen zur Bew\u00e4hrung von Str\u00e4flingen benachrichtigt - just-now.NEWS Deutschland","isPartOf":{"@id":"https:\/\/now-news.de\/de\/#website"},"primaryImageOfPage":{"@id":"https:\/\/now-news.de\/de\/usa\/weckte-den-von-soros-unterstuetzten-staatsanwalt-von-los-angeles-george-gascon-auf-um-die-einheit-aufzuloesen-die-opfer-von-anhoerungen-zur-bewaehrung-von-straeflingen-benachrichtigt\/#primaryimage"},"image":{"@id":"https:\/\/now-news.de\/de\/usa\/weckte-den-von-soros-unterstuetzten-staatsanwalt-von-los-angeles-george-gascon-auf-um-die-einheit-aufzuloesen-die-opfer-von-anhoerungen-zur-bewaehrung-von-straeflingen-benachrichtigt\/#primaryimage"},"thumbnailUrl":"https:\/\/now-news.de\/de\/wp-content\/uploads\/sites\/3\/2022\/07\/Weckte-den-von-Soros-unterstuetzten-Staatsanwalt-von-Los-Angeles-George.jpg","datePublished":"2022-07-15T15:40:00+00:00","dateModified":"2022-07-15T15:40:00+00:00","breadcrumb":{"@id":"https:\/\/now-news.de\/de\/usa\/weckte-den-von-soros-unterstuetzten-staatsanwalt-von-los-angeles-george-gascon-auf-um-die-einheit-aufzuloesen-die-opfer-von-anhoerungen-zur-bewaehrung-von-straeflingen-benachrichtigt\/#breadcrumb"},"inLanguage":"de","potentialAction":[{"@type":"ReadAction","target":["https:\/\/now-news.de\/de\/usa\/weckte-den-von-soros-unterstuetzten-staatsanwalt-von-los-angeles-george-gascon-auf-um-die-einheit-aufzuloesen-die-opfer-von-anhoerungen-zur-bewaehrung-von-straeflingen-benachrichtigt\/"]}]},{"@type":"ImageObject","inLanguage":"de","@id":"https:\/\/now-news.de\/de\/usa\/weckte-den-von-soros-unterstuetzten-staatsanwalt-von-los-angeles-george-gascon-auf-um-die-einheit-aufzuloesen-die-opfer-von-anhoerungen-zur-bewaehrung-von-straeflingen-benachrichtigt\/#primaryimage","url":"https:\/\/now-news.de\/de\/wp-content\/uploads\/sites\/3\/2022\/07\/Weckte-den-von-Soros-unterstuetzten-Staatsanwalt-von-Los-Angeles-George.jpg","contentUrl":"https:\/\/now-news.de\/de\/wp-content\/uploads\/sites\/3\/2022\/07\/Weckte-den-von-Soros-unterstuetzten-Staatsanwalt-von-Los-Angeles-George.jpg","width":1169,"height":617},{"@type":"BreadcrumbList","@id":"https:\/\/now-news.de\/de\/usa\/weckte-den-von-soros-unterstuetzten-staatsanwalt-von-los-angeles-george-gascon-auf-um-die-einheit-aufzuloesen-die-opfer-von-anhoerungen-zur-bewaehrung-von-straeflingen-benachrichtigt\/#breadcrumb","itemListElement":[{"@type":"ListItem","position":1,"name":"Home","item":"https:\/\/now-news.de\/de\/"},{"@type":"ListItem","position":2,"name":"Weckte den von Soros unterst\u00fctzten Staatsanwalt von Los Angeles, George Gasc\u00f3n, auf, um die Einheit aufzul\u00f6sen, die Opfer von Anh\u00f6rungen zur Bew\u00e4hrung von Str\u00e4flingen benachrichtigt"}]},{"@type":"WebSite","@id":"https:\/\/now-news.de\/de\/#website","url":"https:\/\/now-news.de\/de\/","name":"just-now.NEWS Deutschland","description":"Das Portal f\u00fcr unzensierte Nachrichten aus der Welt","publisher":{"@id":"https:\/\/now-news.de\/de\/#organization"},"potentialAction":[{"@type":"SearchAction","target":{"@type":"EntryPoint","urlTemplate":"https:\/\/now-news.de\/de\/?s={search_term_string}"},"query-input":"required name=search_term_string"}],"inLanguage":"de"},{"@type":"Organization","@id":"https:\/\/now-news.de\/de\/#organization","name":"Just Now News","url":"https:\/\/now-news.de\/de\/","logo":{"@type":"ImageObject","inLanguage":"de","@id":"https:\/\/now-news.de\/de\/#\/schema\/logo\/image\/","url":"http:\/\/just-now.news\/de\/wp-content\/uploads\/sites\/3\/2022\/04\/logo500x500.jpg","contentUrl":"http:\/\/just-now.news\/de\/wp-content\/uploads\/sites\/3\/2022\/04\/logo500x500.jpg","width":500,"height":500,"caption":"Just Now News"},"image":{"@id":"https:\/\/now-news.de\/de\/#\/schema\/logo\/image\/"},"sameAs":["https:\/\/www.facebook.com\/wirmachenauf","https:\/\/x.com\/WirMachenAuf_de"]},{"@type":"Person","@id":"https:\/\/now-news.de\/de\/#\/schema\/person\/8afb4cd92b68572db7902c13a349ffcb","name":"greatreset","image":{"@type":"ImageObject","inLanguage":"de","@id":"https:\/\/now-news.de\/de\/#\/schema\/person\/image\/","url":"https:\/\/secure.gravatar.com\/avatar\/a088df625d49991c090e78c8b9542592?s=96&d=mm&r=g","contentUrl":"https:\/\/secure.gravatar.com\/avatar\/a088df625d49991c090e78c8b9542592?s=96&d=mm&r=g","caption":"greatreset"},"url":"https:\/\/now-news.de\/de\/author\/greatreset\/"}]}},"_links":{"self":[{"href":"https:\/\/now-news.de\/de\/wp-json\/wp\/v2\/posts\/13948"}],"collection":[{"href":"https:\/\/now-news.de\/de\/wp-json\/wp\/v2\/posts"}],"about":[{"href":"https:\/\/now-news.de\/de\/wp-json\/wp\/v2\/types\/post"}],"author":[{"embeddable":true,"href":"https:\/\/now-news.de\/de\/wp-json\/wp\/v2\/users\/5"}],"replies":[{"embeddable":true,"href":"https:\/\/now-news.de\/de\/wp-json\/wp\/v2\/comments?post=13948"}],"version-history":[{"count":0,"href":"https:\/\/now-news.de\/de\/wp-json\/wp\/v2\/posts\/13948\/revisions"}],"wp:featuredmedia":[{"embeddable":true,"href":"https:\/\/now-news.de\/de\/wp-json\/wp\/v2\/media\/13949"}],"wp:attachment":[{"href":"https:\/\/now-news.de\/de\/wp-json\/wp\/v2\/media?parent=13948"}],"wp:term":[{"taxonomy":"category","embeddable":true,"href":"https:\/\/now-news.de\/de\/wp-json\/wp\/v2\/categories?post=13948"},{"taxonomy":"post_tag","embeddable":true,"href":"https:\/\/now-news.de\/de\/wp-json\/wp\/v2\/tags?post=13948"}],"curies":[{"name":"wp","href":"https:\/\/api.w.org\/{rel}","templated":true}]}}