{"id":13918,"date":"2022-07-15T12:59:27","date_gmt":"2022-07-15T10:59:27","guid":{"rendered":"http:\/\/just-now.news\/de\/deutschland\/brasiliens-praesident-bolsonaro-habe-loesung-fuer-ukraine-konflikt\/"},"modified":"2022-07-15T12:59:27","modified_gmt":"2022-07-15T10:59:27","slug":"brasiliens-praesident-bolsonaro-habe-loesung-fuer-ukraine-konflikt","status":"publish","type":"post","link":"https:\/\/now-news.de\/de\/deutschland\/brasiliens-praesident-bolsonaro-habe-loesung-fuer-ukraine-konflikt\/","title":{"rendered":"Brasiliens Pr\u00e4sident Bolsonaro: &quot;Habe L\u00f6sung f\u00fcr Ukraine-Konflikt&quot;"},"content":{"rendered":"<p><img decoding=\"async\" src=\"http:\/\/just-now.news\/de\/wp-content\/uploads\/sites\/3\/2022\/07\/62d13f4fb480cc49af705dfd.jpg\" \/><\/p>\n<p>Der brasilianische Pr\u00e4sident Jair Bolsonaro erkl\u00e4rte, er wisse, wie man den Konflikt zwischen Russland und der Ukraine beenden k\u00f6nne \u2013 er werde seinen Plan aber erst n\u00e4chste Woche dem ukrainischen Staatschef Wladimir Selenskij mitteilen.<\/p>\n<p>Bolsonaro sagte am Donnerstag vor Medienvertretern:<\/p>\n<blockquote>\n<p><em>&#8220;Ich werde ihm meine Meinung sagen, was ich denke [\u2026] Ich wei\u00df, wie das Problem gel\u00f6st werden k\u00f6nnte, aber ich werde es niemandem sagen.&#8221;<\/em><\/p>\n<\/blockquote>\n<p>Der brasilianische Staatschef wird am Montag telefonisch mit Selenskij sprechen. &#8220;Dieser Krieg hat gro\u00dfe St\u00f6rungen verursacht, weniger f\u00fcr Brasilien, viel mehr f\u00fcr Europa&#8221;, so Bolsonaro. Er lehnte es ab, Einzelheiten seines vorgeschlagenen Friedensplans zu nennen, sagte aber, der Konflikt k\u00f6nne so gel\u00f6st werden, &#8220;wie der Krieg zwischen Argentinien und Gro\u00dfbritannien 1982 endete&#8221;.<\/p>\n<p>Argentinien war im April 1982 auf die von Gro\u00dfbritannien kontrollierten Falklandinseln vorgedrungen, woraufhin das Vereinigte K\u00f6nigreich mit einem gro\u00dfen Marineeinsatz regierte. Die argentinischen Streitkr\u00e4fte waren unterlegen, und Buenos Aires kapitulierte im Juni 1982.<\/p>\n<p>Bolsonaro hatte den Zorn von US-Pr\u00e4sident Joe Biden und anderen Kritikern erregt, als er im Februar eine geplante Reise nach Moskau antrat, nur wenige Tage bevor Russland seine Offensive gegen die Ukraine startete. Er hat eine neutrale Haltung zu dem Konflikt eingenommen und lehnt es nach wie vor ab, sich dem von den USA angef\u00fchrten Versuch anzuschlie\u00dfen, Moskau durch internationale Sanktionen zu isolieren.<\/p>\n<p>Erst letzte Woche sicherte sich Brasilien eine kontinuierliche Versorgung mit D\u00fcngemitteln aus Russland. Bolsonaro sagte zudem, dass sein Land kosteng\u00fcnstige russische Dieselladungen kaufen k\u00f6nne.<\/p>\n<p><strong>Mehr zum Thema<\/strong> \u2013 <a rel=\"nofollow noopener\" target=\"_blank\" href=\"https:\/\/deutsch.rt.com\/wirtschaft\/143469-handel-zwischen-brics-landern-steigt-rasant\/\">Handel zwischen BRICS-L\u00e4ndern steigt rasant<\/a><\/p>\n<\/p>\n<p><br \/>\n<br \/><a href=\"https:\/\/de.rt.com\/amerika\/143558-brasiliens-praesident-bolsonaro-habe-loesung-fuer-ukraine-konflikt\/\">Source link <\/a><\/p>\n","protected":false},"excerpt":{"rendered":"<p>Der brasilianische Pr\u00e4sident Jair Bolsonaro erkl\u00e4rte, er wisse, wie man den Konflikt zwischen Russland und der Ukraine beenden k\u00f6nne \u2013 er werde seinen Plan aber erst n\u00e4chste Woche dem ukrainischen Staatschef Wladimir Selenskij mitteilen. Bolsonaro sagte am Donnerstag vor Medienvertretern: &#8220;Ich werde ihm meine Meinung sagen, was ich denke [\u2026] Ich wei\u00df, wie das Problem [&hellip;]<\/p>\n","protected":false},"author":3,"featured_media":13919,"comment_status":"open","ping_status":"open","sticky":false,"template":"","format":"standard","meta":{"wp_automatic_camp":["217"],"68fb7f0c0eac47d944bfd02e1449af1a":["Brasiliens Pr\u00e4sident Bolsonaro: &quot;Habe L\u00f6sung f\u00fcr Ukraine-Konflikt&quot;"],"original_link":["https:\/\/de.rt.com\/amerika\/143558-brasiliens-praesident-bolsonaro-habe-loesung-fuer-ukraine-konflikt\/"],"_thumbnail_id":["13919"],"_wptg_p2tg_sent2tg":["2022-07-15 13:07:39"],"jnews_social_counter_last_update":["1777257159"]},"categories":[19,23],"tags":[10645,4646,221,4583,3464,28066,28067],"yoast_head":"<!-- This site is optimized with the Yoast SEO Premium plugin v22.7 (Yoast SEO v22.7) - https:\/\/yoast.com\/wordpress\/plugins\/seo\/ -->\n<title>Brasiliens Pr\u00e4sident Bolsonaro: &quot;Habe L\u00f6sung f\u00fcr Ukraine-Konflikt&quot; - just-now.NEWS Deutschland<\/title>\n<meta name=\"robots\" content=\"index, follow, max-snippet:-1, max-image-preview:large, max-video-preview:-1\" \/>\n<link rel=\"canonical\" href=\"https:\/\/now-news.de\/de\/deutschland\/brasiliens-praesident-bolsonaro-habe-loesung-fuer-ukraine-konflikt\/\" \/>\n<meta property=\"og:locale\" content=\"de_DE\" \/>\n<meta property=\"og:type\" content=\"article\" \/>\n<meta property=\"og:title\" content=\"Brasiliens Pr\u00e4sident Bolsonaro: &quot;Habe L\u00f6sung f\u00fcr Ukraine-Konflikt&quot;\" \/>\n<meta property=\"og:description\" content=\"Der brasilianische Pr\u00e4sident Jair Bolsonaro erkl\u00e4rte, er wisse, wie man den Konflikt zwischen Russland und der Ukraine beenden k\u00f6nne \u2013 er werde seinen Plan aber erst n\u00e4chste Woche dem ukrainischen Staatschef Wladimir Selenskij mitteilen. Bolsonaro sagte am Donnerstag vor Medienvertretern: &#8220;Ich werde ihm meine Meinung sagen, was ich denke [\u2026] Ich wei\u00df, wie das Problem [&hellip;]\" \/>\n<meta property=\"og:url\" content=\"https:\/\/now-news.de\/de\/deutschland\/brasiliens-praesident-bolsonaro-habe-loesung-fuer-ukraine-konflikt\/\" \/>\n<meta property=\"og:site_name\" content=\"just-now.NEWS Deutschland\" \/>\n<meta property=\"article:publisher\" content=\"https:\/\/www.facebook.com\/wirmachenauf\" \/>\n<meta property=\"article:published_time\" content=\"2022-07-15T10:59:27+00:00\" \/>\n<meta property=\"og:image\" content=\"https:\/\/now-news.de\/de\/wp-content\/uploads\/sites\/3\/2022\/07\/Brasiliens-Praesident-Bolsonaro-quotHabe-Loesung-fuer-Ukraine-Konfliktquot.jpg\" \/>\n\t<meta property=\"og:image:width\" content=\"460\" \/>\n\t<meta property=\"og:image:height\" content=\"259\" \/>\n\t<meta property=\"og:image:type\" content=\"image\/jpeg\" \/>\n<meta name=\"author\" content=\"rtnews\" \/>\n<meta name=\"twitter:card\" content=\"summary_large_image\" \/>\n<meta name=\"twitter:creator\" content=\"@WirMachenAuf_de\" \/>\n<meta name=\"twitter:site\" content=\"@WirMachenAuf_de\" \/>\n<meta name=\"twitter:label1\" content=\"Verfasst von\" \/>\n\t<meta name=\"twitter:data1\" content=\"rtnews\" \/>\n\t<meta name=\"twitter:label2\" content=\"Gesch\u00e4tzte Lesezeit\" \/>\n\t<meta name=\"twitter:data2\" content=\"1\u00a0Minute\" \/>\n<script type=\"application\/ld+json\" class=\"yoast-schema-graph\">{\"@context\":\"https:\/\/schema.org\",\"@graph\":[{\"@type\":\"Article\",\"@id\":\"https:\/\/now-news.de\/de\/deutschland\/brasiliens-praesident-bolsonaro-habe-loesung-fuer-ukraine-konflikt\/#article\",\"isPartOf\":{\"@id\":\"https:\/\/now-news.de\/de\/deutschland\/brasiliens-praesident-bolsonaro-habe-loesung-fuer-ukraine-konflikt\/\"},\"author\":{\"name\":\"rtnews\",\"@id\":\"https:\/\/now-news.de\/de\/#\/schema\/person\/fb534a4e865501d8b3285208df34a9b5\"},\"headline\":\"Brasiliens Pr\u00e4sident Bolsonaro: &quot;Habe L\u00f6sung f\u00fcr Ukraine-Konflikt&quot;\",\"datePublished\":\"2022-07-15T10:59:27+00:00\",\"dateModified\":\"2022-07-15T10:59:27+00:00\",\"mainEntityOfPage\":{\"@id\":\"https:\/\/now-news.de\/de\/deutschland\/brasiliens-praesident-bolsonaro-habe-loesung-fuer-ukraine-konflikt\/\"},\"wordCount\":278,\"commentCount\":0,\"publisher\":{\"@id\":\"https:\/\/now-news.de\/de\/#organization\"},\"image\":{\"@id\":\"https:\/\/now-news.de\/de\/deutschland\/brasiliens-praesident-bolsonaro-habe-loesung-fuer-ukraine-konflikt\/#primaryimage\"},\"thumbnailUrl\":\"https:\/\/now-news.de\/de\/wp-content\/uploads\/sites\/3\/2022\/07\/Brasiliens-Praesident-Bolsonaro-quotHabe-Loesung-fuer-Ukraine-Konfliktquot.jpg\",\"keywords\":[\"Bolsonaro\",\"Brasiliens\",\"f\u00fcr\",\"L\u00f6sung\",\"Pr\u00e4sident\",\"quotHabe\",\"UkraineKonfliktquot\"],\"articleSection\":[\"Deutschland\",\"Russland\"],\"inLanguage\":\"de\",\"potentialAction\":[{\"@type\":\"CommentAction\",\"name\":\"Comment\",\"target\":[\"https:\/\/now-news.de\/de\/deutschland\/brasiliens-praesident-bolsonaro-habe-loesung-fuer-ukraine-konflikt\/#respond\"]}]},{\"@type\":\"WebPage\",\"@id\":\"https:\/\/now-news.de\/de\/deutschland\/brasiliens-praesident-bolsonaro-habe-loesung-fuer-ukraine-konflikt\/\",\"url\":\"https:\/\/now-news.de\/de\/deutschland\/brasiliens-praesident-bolsonaro-habe-loesung-fuer-ukraine-konflikt\/\",\"name\":\"Brasiliens Pr\u00e4sident Bolsonaro: &quot;Habe L\u00f6sung f\u00fcr Ukraine-Konflikt&quot; - just-now.NEWS Deutschland\",\"isPartOf\":{\"@id\":\"https:\/\/now-news.de\/de\/#website\"},\"primaryImageOfPage\":{\"@id\":\"https:\/\/now-news.de\/de\/deutschland\/brasiliens-praesident-bolsonaro-habe-loesung-fuer-ukraine-konflikt\/#primaryimage\"},\"image\":{\"@id\":\"https:\/\/now-news.de\/de\/deutschland\/brasiliens-praesident-bolsonaro-habe-loesung-fuer-ukraine-konflikt\/#primaryimage\"},\"thumbnailUrl\":\"https:\/\/now-news.de\/de\/wp-content\/uploads\/sites\/3\/2022\/07\/Brasiliens-Praesident-Bolsonaro-quotHabe-Loesung-fuer-Ukraine-Konfliktquot.jpg\",\"datePublished\":\"2022-07-15T10:59:27+00:00\",\"dateModified\":\"2022-07-15T10:59:27+00:00\",\"breadcrumb\":{\"@id\":\"https:\/\/now-news.de\/de\/deutschland\/brasiliens-praesident-bolsonaro-habe-loesung-fuer-ukraine-konflikt\/#breadcrumb\"},\"inLanguage\":\"de\",\"potentialAction\":[{\"@type\":\"ReadAction\",\"target\":[\"https:\/\/now-news.de\/de\/deutschland\/brasiliens-praesident-bolsonaro-habe-loesung-fuer-ukraine-konflikt\/\"]}]},{\"@type\":\"ImageObject\",\"inLanguage\":\"de\",\"@id\":\"https:\/\/now-news.de\/de\/deutschland\/brasiliens-praesident-bolsonaro-habe-loesung-fuer-ukraine-konflikt\/#primaryimage\",\"url\":\"https:\/\/now-news.de\/de\/wp-content\/uploads\/sites\/3\/2022\/07\/Brasiliens-Praesident-Bolsonaro-quotHabe-Loesung-fuer-Ukraine-Konfliktquot.jpg\",\"contentUrl\":\"https:\/\/now-news.de\/de\/wp-content\/uploads\/sites\/3\/2022\/07\/Brasiliens-Praesident-Bolsonaro-quotHabe-Loesung-fuer-Ukraine-Konfliktquot.jpg\",\"width\":460,\"height\":259,\"caption\":\"Brasiliens Pr\u00e4sident Bolsonaro: &quot;Habe L\u00f6sung f\u00fcr Ukraine-Konflikt&quot;\"},{\"@type\":\"BreadcrumbList\",\"@id\":\"https:\/\/now-news.de\/de\/deutschland\/brasiliens-praesident-bolsonaro-habe-loesung-fuer-ukraine-konflikt\/#breadcrumb\",\"itemListElement\":[{\"@type\":\"ListItem\",\"position\":1,\"name\":\"Home\",\"item\":\"https:\/\/now-news.de\/de\/\"},{\"@type\":\"ListItem\",\"position\":2,\"name\":\"Brasiliens Pr\u00e4sident Bolsonaro: &quot;Habe L\u00f6sung f\u00fcr Ukraine-Konflikt&quot;\"}]},{\"@type\":\"WebSite\",\"@id\":\"https:\/\/now-news.de\/de\/#website\",\"url\":\"https:\/\/now-news.de\/de\/\",\"name\":\"just-now.NEWS Deutschland\",\"description\":\"Das Portal f\u00fcr unzensierte Nachrichten aus der Welt\",\"publisher\":{\"@id\":\"https:\/\/now-news.de\/de\/#organization\"},\"potentialAction\":[{\"@type\":\"SearchAction\",\"target\":{\"@type\":\"EntryPoint\",\"urlTemplate\":\"https:\/\/now-news.de\/de\/?s={search_term_string}\"},\"query-input\":\"required name=search_term_string\"}],\"inLanguage\":\"de\"},{\"@type\":\"Organization\",\"@id\":\"https:\/\/now-news.de\/de\/#organization\",\"name\":\"Just Now News\",\"url\":\"https:\/\/now-news.de\/de\/\",\"logo\":{\"@type\":\"ImageObject\",\"inLanguage\":\"de\",\"@id\":\"https:\/\/now-news.de\/de\/#\/schema\/logo\/image\/\",\"url\":\"http:\/\/just-now.news\/de\/wp-content\/uploads\/sites\/3\/2022\/04\/logo500x500.jpg\",\"contentUrl\":\"http:\/\/just-now.news\/de\/wp-content\/uploads\/sites\/3\/2022\/04\/logo500x500.jpg\",\"width\":500,\"height\":500,\"caption\":\"Just Now News\"},\"image\":{\"@id\":\"https:\/\/now-news.de\/de\/#\/schema\/logo\/image\/\"},\"sameAs\":[\"https:\/\/www.facebook.com\/wirmachenauf\",\"https:\/\/x.com\/WirMachenAuf_de\"]},{\"@type\":\"Person\",\"@id\":\"https:\/\/now-news.de\/de\/#\/schema\/person\/fb534a4e865501d8b3285208df34a9b5\",\"name\":\"rtnews\",\"image\":{\"@type\":\"ImageObject\",\"inLanguage\":\"de\",\"@id\":\"https:\/\/now-news.de\/de\/#\/schema\/person\/image\/\",\"url\":\"https:\/\/secure.gravatar.com\/avatar\/82aafea7d8127119dd649515f56e2117?s=96&d=mm&r=g\",\"contentUrl\":\"https:\/\/secure.gravatar.com\/avatar\/82aafea7d8127119dd649515f56e2117?s=96&d=mm&r=g\",\"caption\":\"rtnews\"},\"url\":\"https:\/\/now-news.de\/de\/author\/rnews\/\"}]}<\/script>\n<!-- \/ Yoast SEO Premium plugin. -->","yoast_head_json":{"title":"Brasiliens Pr\u00e4sident Bolsonaro: &quot;Habe L\u00f6sung f\u00fcr Ukraine-Konflikt&quot; - just-now.NEWS Deutschland","robots":{"index":"index","follow":"follow","max-snippet":"max-snippet:-1","max-image-preview":"max-image-preview:large","max-video-preview":"max-video-preview:-1"},"canonical":"https:\/\/now-news.de\/de\/deutschland\/brasiliens-praesident-bolsonaro-habe-loesung-fuer-ukraine-konflikt\/","og_locale":"de_DE","og_type":"article","og_title":"Brasiliens Pr\u00e4sident Bolsonaro: &quot;Habe L\u00f6sung f\u00fcr Ukraine-Konflikt&quot;","og_description":"Der brasilianische Pr\u00e4sident Jair Bolsonaro erkl\u00e4rte, er wisse, wie man den Konflikt zwischen Russland und der Ukraine beenden k\u00f6nne \u2013 er werde seinen Plan aber erst n\u00e4chste Woche dem ukrainischen Staatschef Wladimir Selenskij mitteilen. Bolsonaro sagte am Donnerstag vor Medienvertretern: &#8220;Ich werde ihm meine Meinung sagen, was ich denke [\u2026] Ich wei\u00df, wie das Problem [&hellip;]","og_url":"https:\/\/now-news.de\/de\/deutschland\/brasiliens-praesident-bolsonaro-habe-loesung-fuer-ukraine-konflikt\/","og_site_name":"just-now.NEWS Deutschland","article_publisher":"https:\/\/www.facebook.com\/wirmachenauf","article_published_time":"2022-07-15T10:59:27+00:00","og_image":[{"width":460,"height":259,"url":"https:\/\/now-news.de\/de\/wp-content\/uploads\/sites\/3\/2022\/07\/Brasiliens-Praesident-Bolsonaro-quotHabe-Loesung-fuer-Ukraine-Konfliktquot.jpg","type":"image\/jpeg"}],"author":"rtnews","twitter_card":"summary_large_image","twitter_creator":"@WirMachenAuf_de","twitter_site":"@WirMachenAuf_de","twitter_misc":{"Verfasst von":"rtnews","Gesch\u00e4tzte Lesezeit":"1\u00a0Minute"},"schema":{"@context":"https:\/\/schema.org","@graph":[{"@type":"Article","@id":"https:\/\/now-news.de\/de\/deutschland\/brasiliens-praesident-bolsonaro-habe-loesung-fuer-ukraine-konflikt\/#article","isPartOf":{"@id":"https:\/\/now-news.de\/de\/deutschland\/brasiliens-praesident-bolsonaro-habe-loesung-fuer-ukraine-konflikt\/"},"author":{"name":"rtnews","@id":"https:\/\/now-news.de\/de\/#\/schema\/person\/fb534a4e865501d8b3285208df34a9b5"},"headline":"Brasiliens Pr\u00e4sident Bolsonaro: &quot;Habe L\u00f6sung f\u00fcr Ukraine-Konflikt&quot;","datePublished":"2022-07-15T10:59:27+00:00","dateModified":"2022-07-15T10:59:27+00:00","mainEntityOfPage":{"@id":"https:\/\/now-news.de\/de\/deutschland\/brasiliens-praesident-bolsonaro-habe-loesung-fuer-ukraine-konflikt\/"},"wordCount":278,"commentCount":0,"publisher":{"@id":"https:\/\/now-news.de\/de\/#organization"},"image":{"@id":"https:\/\/now-news.de\/de\/deutschland\/brasiliens-praesident-bolsonaro-habe-loesung-fuer-ukraine-konflikt\/#primaryimage"},"thumbnailUrl":"https:\/\/now-news.de\/de\/wp-content\/uploads\/sites\/3\/2022\/07\/Brasiliens-Praesident-Bolsonaro-quotHabe-Loesung-fuer-Ukraine-Konfliktquot.jpg","keywords":["Bolsonaro","Brasiliens","f\u00fcr","L\u00f6sung","Pr\u00e4sident","quotHabe","UkraineKonfliktquot"],"articleSection":["Deutschland","Russland"],"inLanguage":"de","potentialAction":[{"@type":"CommentAction","name":"Comment","target":["https:\/\/now-news.de\/de\/deutschland\/brasiliens-praesident-bolsonaro-habe-loesung-fuer-ukraine-konflikt\/#respond"]}]},{"@type":"WebPage","@id":"https:\/\/now-news.de\/de\/deutschland\/brasiliens-praesident-bolsonaro-habe-loesung-fuer-ukraine-konflikt\/","url":"https:\/\/now-news.de\/de\/deutschland\/brasiliens-praesident-bolsonaro-habe-loesung-fuer-ukraine-konflikt\/","name":"Brasiliens Pr\u00e4sident Bolsonaro: &quot;Habe L\u00f6sung f\u00fcr Ukraine-Konflikt&quot; - just-now.NEWS Deutschland","isPartOf":{"@id":"https:\/\/now-news.de\/de\/#website"},"primaryImageOfPage":{"@id":"https:\/\/now-news.de\/de\/deutschland\/brasiliens-praesident-bolsonaro-habe-loesung-fuer-ukraine-konflikt\/#primaryimage"},"image":{"@id":"https:\/\/now-news.de\/de\/deutschland\/brasiliens-praesident-bolsonaro-habe-loesung-fuer-ukraine-konflikt\/#primaryimage"},"thumbnailUrl":"https:\/\/now-news.de\/de\/wp-content\/uploads\/sites\/3\/2022\/07\/Brasiliens-Praesident-Bolsonaro-quotHabe-Loesung-fuer-Ukraine-Konfliktquot.jpg","datePublished":"2022-07-15T10:59:27+00:00","dateModified":"2022-07-15T10:59:27+00:00","breadcrumb":{"@id":"https:\/\/now-news.de\/de\/deutschland\/brasiliens-praesident-bolsonaro-habe-loesung-fuer-ukraine-konflikt\/#breadcrumb"},"inLanguage":"de","potentialAction":[{"@type":"ReadAction","target":["https:\/\/now-news.de\/de\/deutschland\/brasiliens-praesident-bolsonaro-habe-loesung-fuer-ukraine-konflikt\/"]}]},{"@type":"ImageObject","inLanguage":"de","@id":"https:\/\/now-news.de\/de\/deutschland\/brasiliens-praesident-bolsonaro-habe-loesung-fuer-ukraine-konflikt\/#primaryimage","url":"https:\/\/now-news.de\/de\/wp-content\/uploads\/sites\/3\/2022\/07\/Brasiliens-Praesident-Bolsonaro-quotHabe-Loesung-fuer-Ukraine-Konfliktquot.jpg","contentUrl":"https:\/\/now-news.de\/de\/wp-content\/uploads\/sites\/3\/2022\/07\/Brasiliens-Praesident-Bolsonaro-quotHabe-Loesung-fuer-Ukraine-Konfliktquot.jpg","width":460,"height":259,"caption":"Brasiliens Pr\u00e4sident Bolsonaro: &quot;Habe L\u00f6sung f\u00fcr Ukraine-Konflikt&quot;"},{"@type":"BreadcrumbList","@id":"https:\/\/now-news.de\/de\/deutschland\/brasiliens-praesident-bolsonaro-habe-loesung-fuer-ukraine-konflikt\/#breadcrumb","itemListElement":[{"@type":"ListItem","position":1,"name":"Home","item":"https:\/\/now-news.de\/de\/"},{"@type":"ListItem","position":2,"name":"Brasiliens Pr\u00e4sident Bolsonaro: &quot;Habe L\u00f6sung f\u00fcr Ukraine-Konflikt&quot;"}]},{"@type":"WebSite","@id":"https:\/\/now-news.de\/de\/#website","url":"https:\/\/now-news.de\/de\/","name":"just-now.NEWS Deutschland","description":"Das Portal f\u00fcr unzensierte Nachrichten aus der Welt","publisher":{"@id":"https:\/\/now-news.de\/de\/#organization"},"potentialAction":[{"@type":"SearchAction","target":{"@type":"EntryPoint","urlTemplate":"https:\/\/now-news.de\/de\/?s={search_term_string}"},"query-input":"required name=search_term_string"}],"inLanguage":"de"},{"@type":"Organization","@id":"https:\/\/now-news.de\/de\/#organization","name":"Just Now News","url":"https:\/\/now-news.de\/de\/","logo":{"@type":"ImageObject","inLanguage":"de","@id":"https:\/\/now-news.de\/de\/#\/schema\/logo\/image\/","url":"http:\/\/just-now.news\/de\/wp-content\/uploads\/sites\/3\/2022\/04\/logo500x500.jpg","contentUrl":"http:\/\/just-now.news\/de\/wp-content\/uploads\/sites\/3\/2022\/04\/logo500x500.jpg","width":500,"height":500,"caption":"Just Now News"},"image":{"@id":"https:\/\/now-news.de\/de\/#\/schema\/logo\/image\/"},"sameAs":["https:\/\/www.facebook.com\/wirmachenauf","https:\/\/x.com\/WirMachenAuf_de"]},{"@type":"Person","@id":"https:\/\/now-news.de\/de\/#\/schema\/person\/fb534a4e865501d8b3285208df34a9b5","name":"rtnews","image":{"@type":"ImageObject","inLanguage":"de","@id":"https:\/\/now-news.de\/de\/#\/schema\/person\/image\/","url":"https:\/\/secure.gravatar.com\/avatar\/82aafea7d8127119dd649515f56e2117?s=96&d=mm&r=g","contentUrl":"https:\/\/secure.gravatar.com\/avatar\/82aafea7d8127119dd649515f56e2117?s=96&d=mm&r=g","caption":"rtnews"},"url":"https:\/\/now-news.de\/de\/author\/rnews\/"}]}},"_links":{"self":[{"href":"https:\/\/now-news.de\/de\/wp-json\/wp\/v2\/posts\/13918"}],"collection":[{"href":"https:\/\/now-news.de\/de\/wp-json\/wp\/v2\/posts"}],"about":[{"href":"https:\/\/now-news.de\/de\/wp-json\/wp\/v2\/types\/post"}],"author":[{"embeddable":true,"href":"https:\/\/now-news.de\/de\/wp-json\/wp\/v2\/users\/3"}],"replies":[{"embeddable":true,"href":"https:\/\/now-news.de\/de\/wp-json\/wp\/v2\/comments?post=13918"}],"version-history":[{"count":0,"href":"https:\/\/now-news.de\/de\/wp-json\/wp\/v2\/posts\/13918\/revisions"}],"wp:featuredmedia":[{"embeddable":true,"href":"https:\/\/now-news.de\/de\/wp-json\/wp\/v2\/media\/13919"}],"wp:attachment":[{"href":"https:\/\/now-news.de\/de\/wp-json\/wp\/v2\/media?parent=13918"}],"wp:term":[{"taxonomy":"category","embeddable":true,"href":"https:\/\/now-news.de\/de\/wp-json\/wp\/v2\/categories?post=13918"},{"taxonomy":"post_tag","embeddable":true,"href":"https:\/\/now-news.de\/de\/wp-json\/wp\/v2\/tags?post=13918"}],"curies":[{"name":"wp","href":"https:\/\/api.w.org\/{rel}","templated":true}]}}