{"id":13810,"date":"2022-07-14T10:36:58","date_gmt":"2022-07-14T08:36:58","guid":{"rendered":"http:\/\/just-now.news\/de\/deutschland\/ein-jahr-nach-der-flutkatastrophe-steinmeier-und-scholz-besuchen-das-ahrtal\/"},"modified":"2022-07-14T10:36:58","modified_gmt":"2022-07-14T08:36:58","slug":"ein-jahr-nach-der-flutkatastrophe-steinmeier-und-scholz-besuchen-das-ahrtal","status":"publish","type":"post","link":"https:\/\/now-news.de\/de\/deutschland\/ein-jahr-nach-der-flutkatastrophe-steinmeier-und-scholz-besuchen-das-ahrtal\/","title":{"rendered":"Ein Jahr nach der Flutkatastrophe: Steinmeier und Scholz besuchen das Ahrtal"},"content":{"rendered":"<p><img decoding=\"async\" src=\"http:\/\/just-now.news\/de\/wp-content\/uploads\/sites\/3\/2022\/07\/62cfc04848fbef162c5ae245.jpg\" \/><\/p>\n<div class=\"Text-root Text-type_1 \">\n                Das extreme Hochwasser im Ahrtal und in Nordrhein-Westfalen hat fast 190 Menschen in den Tod gerissen. Hunderte wurden verletzt, Tausende haben ihre vier W\u00e4nde verloren. Ein Jahr nach der Flutkatastrophe gedenken auch Bundespr\u00e4sident und Bundeskanzler der Flutopfer.\n            <\/div>\n<p><\/p>\n<div class=\"Text-root Text-type_5 ArticleView-text ViewText-root \">\n<p>Bei der Flutkatastrophe im Juli 2021 im Westen Deutschlands kamen allein in Rheinland-Pfalz mindestens 135 Menschen ums Leben \u2013 134 im Ahrtal und ein Mann in der Eifel. Zwei Menschen werden noch immer vermisst. In Nordrhein-Westfalen starben bei Hochwasser nach extremem Starkregen 49 Menschen. Mit 180 St\u00e4dten und Gemeinden\u00a0war fast die H\u00e4lfte der Kommunen betroffen. Die Menschen seien teilweise nicht ausreichend und fr\u00fchzeitig gewarnt worden,\u00a0lautet der\u00a0Vorwurf an die Verantwortlichen.<\/p>\n<p>766 Menschen wurden zudem verletzt. Auf einer L\u00e4nge von 40 Kilometern an der Ahr wurden Stra\u00dfen, Br\u00fccken, Gas-, Strom- und Wasserleitungen und rund 9.000 Geb\u00e4ude zerst\u00f6rt oder schwer besch\u00e4digt. Allein im\u00a0Ahrtal\u00a0sind rund 42.000 Menschen betroffen, landesweit etwa 65.000.<\/p>\n<p>Zum ersten Jahrestag der t\u00f6dlichen Ahr-Flutkatastrophe besuchen an diesem Donnerstag die Spitzen des Staates das Flusstal im Norden von Rheinland-Pfalz. Bundespr\u00e4sident Frank-Walter Steinmeier will am Vormittag gegen 11.00 Uhr mit Betroffenen, Helfern und Kommunalpolitikern in den teilzerst\u00f6rten Winzerd\u00f6rfern Altenahr und Dernau sprechen. Dabei begleitet ihn die rheinland-pf\u00e4lzische Regierungschefin Malu Dreyer (SPD). Anschlie\u00dfend reist Steinmeier nach Euskirchen in Nordrhein-Westfalen, um an einem Gedenkgottesdienst (17.30 Uhr) f\u00fcr die dortigen Opfer teilzunehmen.<\/p>\n<p>Bei der zentralen Gedenkveranstaltung des Ahrtals in Bad Neuenahr-Ahrweiler am Abend (17.30 Uhr) wird Bundeskanzler Olaf Scholz als Gast ohne Redebeitrag erwartet. Im Kurpark der stark flutgesch\u00e4digten Kreisstadt k\u00f6nnen sich bei dem \u00f6ffentlichen Gedenken bis zu 2.000 Menschen versammeln. Die Erinnerung an die Opfer soll laut der Landesregierung verbunden werden mit einem &#8220;sichtbaren Signal f\u00fcr den Zusammenhalt und den gemeinsamen Aufbruch&#8221;.<\/p>\n<p>Dreyer ordnete f\u00fcr Donnerstag in Rheinland-Pfalz Trauerbeflaggung f\u00fcr alle \u00f6ffentlichen Geb\u00e4ude an. Im Interview mit der <em>ARD<\/em>-Nachrichtensendung &#8220;Tagesthemen&#8221; sagte die Politikerin am Mittwochabend, sie sehe keine Veranlassung, sich im Namen der Landesregierung zu entschuldigen. Die SPD-Politikerin betonte:\u00a0<\/p>\n<blockquote>\n<p><em>&#8220;Das Ausma\u00df dieser Katastrophe konnte so niemand voraussehen.&#8221;<\/em><\/p>\n<\/blockquote>\n<p>Zudem sei der Katastrophenschutz in Rheinland-Pfalz kommunal verortet. &#8220;Wir m\u00fcssen der Frage nachgehen, warum der Katastrophenschutz nicht funktioniert hat, und was m\u00fcssen wir vor allem tun f\u00fcr die Zukunft&#8221;, so Dreyer weiter.<\/p>\n<p>Ein Jahr nach der Katastrophe sind allerdings nach Auffassung aller im Bundestag vertretenen Parteien viele Aufgaben noch nicht erledigt. Die CDU-Abgeordnete Mechthild Heil sagte mit Blick auf die staatlichen Hilfen f\u00fcr Menschen im besonders betroffenen Ahrtal am Donnerstag bei einer Debatte im Bundestag:\u00a0<\/p>\n<blockquote>\n<p><em>&#8220;Das Geld kommt nicht an, weil die Antragsverfahren zu aufwendig, zu kompliziert sind.&#8221;<\/em><\/p>\n<\/blockquote>\n<p>Der stellvertretende SPD-Fraktionsvorsitzende Dirk Wiese r\u00e4umte ein:<\/p>\n<blockquote>\n<p><em>&#8220;Es wurden Fehler gemacht, auch auf politischer Ebene.&#8221;<\/em><\/p>\n<\/blockquote>\n<p>Detlef Seif (CDU) sagte, nach der\u00a0Flut\u00a0habe ein klares Lagebild gefehlt. Teilweise seien Privatleute, die mit schwerem Ger\u00e4t in die \u00fcberschwemmten Gebiete gekommen waren, um zu helfen, weggeschickt worden. F\u00fcr k\u00fcnftige Katastrophenlagen m\u00fcsse ein Konzept zur Einbindung von Spontanhelfern entwickelt werden.<\/p>\n<p><strong>Mehr zum Thema<\/strong> &#8211; <a rel=\"nofollow noopener\" target=\"_blank\" href=\"https:\/\/de.rt.com\/europa\/125762-vermisste-frau-aus-ahrtal-tot-gefunden\/\">250 Kilometer weit geschwemmt \u2013 vermisste Frau aus dem Ahrtal tot in Rotterdam im Rhein gefunden<\/a><\/p>\n<p>(dpa\/rt)<\/p>\n<\/div>\n<p><br \/>\n<br \/><a href=\"https:\/\/de.rt.com\/inland\/143446-jahr-nach-flutkatastrophe-steinmeier-und\/\">Source link <\/a><\/p>\n","protected":false},"excerpt":{"rendered":"<p>Das extreme Hochwasser im Ahrtal und in Nordrhein-Westfalen hat fast 190 Menschen in den Tod gerissen. Hunderte wurden verletzt, Tausende haben ihre vier W\u00e4nde verloren. Ein Jahr nach der Flutkatastrophe gedenken auch Bundespr\u00e4sident und Bundeskanzler der Flutopfer. Bei der Flutkatastrophe im Juli 2021 im Westen Deutschlands kamen allein in Rheinland-Pfalz mindestens 135 Menschen ums Leben [&hellip;]<\/p>\n","protected":false},"author":3,"featured_media":13811,"comment_status":"open","ping_status":"open","sticky":false,"template":"","format":"standard","meta":{"wp_automatic_camp":["217"],"ec7773d8fe411617a0df0f42fc7637fe":["Ein Jahr nach der Flutkatastrophe: Steinmeier und Scholz besuchen das Ahrtal"],"original_link":["https:\/\/de.rt.com\/inland\/143446-jahr-nach-flutkatastrophe-steinmeier-und\/"],"_thumbnail_id":["13811"],"_wptg_p2tg_sent2tg":["2022-07-14 10:52:53"],"jnews_social_counter_last_update":["1777262923"]},"categories":[19,23],"tags":[26130,3527,427,82,357,26129,1615,979,1001,1723,140],"yoast_head":"<!-- This site is optimized with the Yoast SEO Premium plugin v22.7 (Yoast SEO v22.7) - https:\/\/yoast.com\/wordpress\/plugins\/seo\/ -->\n<title>Ein Jahr nach der Flutkatastrophe: Steinmeier und Scholz besuchen das Ahrtal - just-now.NEWS Deutschland<\/title>\n<meta name=\"robots\" content=\"index, follow, max-snippet:-1, max-image-preview:large, max-video-preview:-1\" \/>\n<link rel=\"canonical\" href=\"https:\/\/now-news.de\/de\/deutschland\/ein-jahr-nach-der-flutkatastrophe-steinmeier-und-scholz-besuchen-das-ahrtal\/\" \/>\n<meta property=\"og:locale\" content=\"de_DE\" \/>\n<meta property=\"og:type\" content=\"article\" \/>\n<meta property=\"og:title\" content=\"Ein Jahr nach der Flutkatastrophe: Steinmeier und Scholz besuchen das Ahrtal\" \/>\n<meta property=\"og:description\" content=\"Das extreme Hochwasser im Ahrtal und in Nordrhein-Westfalen hat fast 190 Menschen in den Tod gerissen. Hunderte wurden verletzt, Tausende haben ihre vier W\u00e4nde verloren. Ein Jahr nach der Flutkatastrophe gedenken auch Bundespr\u00e4sident und Bundeskanzler der Flutopfer. Bei der Flutkatastrophe im Juli 2021 im Westen Deutschlands kamen allein in Rheinland-Pfalz mindestens 135 Menschen ums Leben [&hellip;]\" \/>\n<meta property=\"og:url\" content=\"https:\/\/now-news.de\/de\/deutschland\/ein-jahr-nach-der-flutkatastrophe-steinmeier-und-scholz-besuchen-das-ahrtal\/\" \/>\n<meta property=\"og:site_name\" content=\"just-now.NEWS Deutschland\" \/>\n<meta property=\"article:publisher\" content=\"https:\/\/www.facebook.com\/wirmachenauf\" \/>\n<meta property=\"article:published_time\" content=\"2022-07-14T08:36:58+00:00\" \/>\n<meta property=\"og:image\" content=\"https:\/\/now-news.de\/de\/wp-content\/uploads\/sites\/3\/2022\/07\/Ein-Jahr-nach-der-Flutkatastrophe-Steinmeier-und-Scholz-besuchen-das.jpg\" \/>\n\t<meta property=\"og:image:width\" content=\"460\" \/>\n\t<meta property=\"og:image:height\" content=\"259\" \/>\n\t<meta property=\"og:image:type\" content=\"image\/jpeg\" \/>\n<meta name=\"author\" content=\"rtnews\" \/>\n<meta name=\"twitter:card\" content=\"summary_large_image\" \/>\n<meta name=\"twitter:creator\" content=\"@WirMachenAuf_de\" \/>\n<meta name=\"twitter:site\" content=\"@WirMachenAuf_de\" \/>\n<meta name=\"twitter:label1\" content=\"Verfasst von\" \/>\n\t<meta name=\"twitter:data1\" content=\"rtnews\" \/>\n\t<meta name=\"twitter:label2\" content=\"Gesch\u00e4tzte Lesezeit\" \/>\n\t<meta name=\"twitter:data2\" content=\"3\u00a0Minuten\" \/>\n<script type=\"application\/ld+json\" class=\"yoast-schema-graph\">{\"@context\":\"https:\/\/schema.org\",\"@graph\":[{\"@type\":\"Article\",\"@id\":\"https:\/\/now-news.de\/de\/deutschland\/ein-jahr-nach-der-flutkatastrophe-steinmeier-und-scholz-besuchen-das-ahrtal\/#article\",\"isPartOf\":{\"@id\":\"https:\/\/now-news.de\/de\/deutschland\/ein-jahr-nach-der-flutkatastrophe-steinmeier-und-scholz-besuchen-das-ahrtal\/\"},\"author\":{\"name\":\"rtnews\",\"@id\":\"https:\/\/now-news.de\/de\/#\/schema\/person\/fb534a4e865501d8b3285208df34a9b5\"},\"headline\":\"Ein Jahr nach der Flutkatastrophe: Steinmeier und Scholz besuchen das Ahrtal\",\"datePublished\":\"2022-07-14T08:36:58+00:00\",\"dateModified\":\"2022-07-14T08:36:58+00:00\",\"mainEntityOfPage\":{\"@id\":\"https:\/\/now-news.de\/de\/deutschland\/ein-jahr-nach-der-flutkatastrophe-steinmeier-und-scholz-besuchen-das-ahrtal\/\"},\"wordCount\":520,\"commentCount\":0,\"publisher\":{\"@id\":\"https:\/\/now-news.de\/de\/#organization\"},\"image\":{\"@id\":\"https:\/\/now-news.de\/de\/deutschland\/ein-jahr-nach-der-flutkatastrophe-steinmeier-und-scholz-besuchen-das-ahrtal\/#primaryimage\"},\"thumbnailUrl\":\"https:\/\/now-news.de\/de\/wp-content\/uploads\/sites\/3\/2022\/07\/Ein-Jahr-nach-der-Flutkatastrophe-Steinmeier-und-Scholz-besuchen-das.jpg\",\"keywords\":[\"Ahrtal\",\"Besuchen\",\"das\",\"der\",\"ein\",\"Flutkatastrophe\",\"Jahr\",\"nach\",\"Scholz\",\"Steinmeier\",\"und\"],\"articleSection\":[\"Deutschland\",\"Russland\"],\"inLanguage\":\"de\",\"potentialAction\":[{\"@type\":\"CommentAction\",\"name\":\"Comment\",\"target\":[\"https:\/\/now-news.de\/de\/deutschland\/ein-jahr-nach-der-flutkatastrophe-steinmeier-und-scholz-besuchen-das-ahrtal\/#respond\"]}]},{\"@type\":\"WebPage\",\"@id\":\"https:\/\/now-news.de\/de\/deutschland\/ein-jahr-nach-der-flutkatastrophe-steinmeier-und-scholz-besuchen-das-ahrtal\/\",\"url\":\"https:\/\/now-news.de\/de\/deutschland\/ein-jahr-nach-der-flutkatastrophe-steinmeier-und-scholz-besuchen-das-ahrtal\/\",\"name\":\"Ein Jahr nach der Flutkatastrophe: Steinmeier und Scholz besuchen das Ahrtal - just-now.NEWS Deutschland\",\"isPartOf\":{\"@id\":\"https:\/\/now-news.de\/de\/#website\"},\"primaryImageOfPage\":{\"@id\":\"https:\/\/now-news.de\/de\/deutschland\/ein-jahr-nach-der-flutkatastrophe-steinmeier-und-scholz-besuchen-das-ahrtal\/#primaryimage\"},\"image\":{\"@id\":\"https:\/\/now-news.de\/de\/deutschland\/ein-jahr-nach-der-flutkatastrophe-steinmeier-und-scholz-besuchen-das-ahrtal\/#primaryimage\"},\"thumbnailUrl\":\"https:\/\/now-news.de\/de\/wp-content\/uploads\/sites\/3\/2022\/07\/Ein-Jahr-nach-der-Flutkatastrophe-Steinmeier-und-Scholz-besuchen-das.jpg\",\"datePublished\":\"2022-07-14T08:36:58+00:00\",\"dateModified\":\"2022-07-14T08:36:58+00:00\",\"breadcrumb\":{\"@id\":\"https:\/\/now-news.de\/de\/deutschland\/ein-jahr-nach-der-flutkatastrophe-steinmeier-und-scholz-besuchen-das-ahrtal\/#breadcrumb\"},\"inLanguage\":\"de\",\"potentialAction\":[{\"@type\":\"ReadAction\",\"target\":[\"https:\/\/now-news.de\/de\/deutschland\/ein-jahr-nach-der-flutkatastrophe-steinmeier-und-scholz-besuchen-das-ahrtal\/\"]}]},{\"@type\":\"ImageObject\",\"inLanguage\":\"de\",\"@id\":\"https:\/\/now-news.de\/de\/deutschland\/ein-jahr-nach-der-flutkatastrophe-steinmeier-und-scholz-besuchen-das-ahrtal\/#primaryimage\",\"url\":\"https:\/\/now-news.de\/de\/wp-content\/uploads\/sites\/3\/2022\/07\/Ein-Jahr-nach-der-Flutkatastrophe-Steinmeier-und-Scholz-besuchen-das.jpg\",\"contentUrl\":\"https:\/\/now-news.de\/de\/wp-content\/uploads\/sites\/3\/2022\/07\/Ein-Jahr-nach-der-Flutkatastrophe-Steinmeier-und-Scholz-besuchen-das.jpg\",\"width\":460,\"height\":259,\"caption\":\"Ein Jahr nach der Flutkatastrophe: Steinmeier und Scholz besuchen das Ahrtal\"},{\"@type\":\"BreadcrumbList\",\"@id\":\"https:\/\/now-news.de\/de\/deutschland\/ein-jahr-nach-der-flutkatastrophe-steinmeier-und-scholz-besuchen-das-ahrtal\/#breadcrumb\",\"itemListElement\":[{\"@type\":\"ListItem\",\"position\":1,\"name\":\"Home\",\"item\":\"https:\/\/now-news.de\/de\/\"},{\"@type\":\"ListItem\",\"position\":2,\"name\":\"Ein Jahr nach der Flutkatastrophe: Steinmeier und Scholz besuchen das Ahrtal\"}]},{\"@type\":\"WebSite\",\"@id\":\"https:\/\/now-news.de\/de\/#website\",\"url\":\"https:\/\/now-news.de\/de\/\",\"name\":\"just-now.NEWS Deutschland\",\"description\":\"Das Portal f\u00fcr unzensierte Nachrichten aus der Welt\",\"publisher\":{\"@id\":\"https:\/\/now-news.de\/de\/#organization\"},\"potentialAction\":[{\"@type\":\"SearchAction\",\"target\":{\"@type\":\"EntryPoint\",\"urlTemplate\":\"https:\/\/now-news.de\/de\/?s={search_term_string}\"},\"query-input\":\"required name=search_term_string\"}],\"inLanguage\":\"de\"},{\"@type\":\"Organization\",\"@id\":\"https:\/\/now-news.de\/de\/#organization\",\"name\":\"Just Now News\",\"url\":\"https:\/\/now-news.de\/de\/\",\"logo\":{\"@type\":\"ImageObject\",\"inLanguage\":\"de\",\"@id\":\"https:\/\/now-news.de\/de\/#\/schema\/logo\/image\/\",\"url\":\"http:\/\/just-now.news\/de\/wp-content\/uploads\/sites\/3\/2022\/04\/logo500x500.jpg\",\"contentUrl\":\"http:\/\/just-now.news\/de\/wp-content\/uploads\/sites\/3\/2022\/04\/logo500x500.jpg\",\"width\":500,\"height\":500,\"caption\":\"Just Now News\"},\"image\":{\"@id\":\"https:\/\/now-news.de\/de\/#\/schema\/logo\/image\/\"},\"sameAs\":[\"https:\/\/www.facebook.com\/wirmachenauf\",\"https:\/\/x.com\/WirMachenAuf_de\"]},{\"@type\":\"Person\",\"@id\":\"https:\/\/now-news.de\/de\/#\/schema\/person\/fb534a4e865501d8b3285208df34a9b5\",\"name\":\"rtnews\",\"image\":{\"@type\":\"ImageObject\",\"inLanguage\":\"de\",\"@id\":\"https:\/\/now-news.de\/de\/#\/schema\/person\/image\/\",\"url\":\"https:\/\/secure.gravatar.com\/avatar\/82aafea7d8127119dd649515f56e2117?s=96&d=mm&r=g\",\"contentUrl\":\"https:\/\/secure.gravatar.com\/avatar\/82aafea7d8127119dd649515f56e2117?s=96&d=mm&r=g\",\"caption\":\"rtnews\"},\"url\":\"https:\/\/now-news.de\/de\/author\/rnews\/\"}]}<\/script>\n<!-- \/ Yoast SEO Premium plugin. -->","yoast_head_json":{"title":"Ein Jahr nach der Flutkatastrophe: Steinmeier und Scholz besuchen das Ahrtal - just-now.NEWS Deutschland","robots":{"index":"index","follow":"follow","max-snippet":"max-snippet:-1","max-image-preview":"max-image-preview:large","max-video-preview":"max-video-preview:-1"},"canonical":"https:\/\/now-news.de\/de\/deutschland\/ein-jahr-nach-der-flutkatastrophe-steinmeier-und-scholz-besuchen-das-ahrtal\/","og_locale":"de_DE","og_type":"article","og_title":"Ein Jahr nach der Flutkatastrophe: Steinmeier und Scholz besuchen das Ahrtal","og_description":"Das extreme Hochwasser im Ahrtal und in Nordrhein-Westfalen hat fast 190 Menschen in den Tod gerissen. Hunderte wurden verletzt, Tausende haben ihre vier W\u00e4nde verloren. Ein Jahr nach der Flutkatastrophe gedenken auch Bundespr\u00e4sident und Bundeskanzler der Flutopfer. Bei der Flutkatastrophe im Juli 2021 im Westen Deutschlands kamen allein in Rheinland-Pfalz mindestens 135 Menschen ums Leben [&hellip;]","og_url":"https:\/\/now-news.de\/de\/deutschland\/ein-jahr-nach-der-flutkatastrophe-steinmeier-und-scholz-besuchen-das-ahrtal\/","og_site_name":"just-now.NEWS Deutschland","article_publisher":"https:\/\/www.facebook.com\/wirmachenauf","article_published_time":"2022-07-14T08:36:58+00:00","og_image":[{"width":460,"height":259,"url":"https:\/\/now-news.de\/de\/wp-content\/uploads\/sites\/3\/2022\/07\/Ein-Jahr-nach-der-Flutkatastrophe-Steinmeier-und-Scholz-besuchen-das.jpg","type":"image\/jpeg"}],"author":"rtnews","twitter_card":"summary_large_image","twitter_creator":"@WirMachenAuf_de","twitter_site":"@WirMachenAuf_de","twitter_misc":{"Verfasst von":"rtnews","Gesch\u00e4tzte Lesezeit":"3\u00a0Minuten"},"schema":{"@context":"https:\/\/schema.org","@graph":[{"@type":"Article","@id":"https:\/\/now-news.de\/de\/deutschland\/ein-jahr-nach-der-flutkatastrophe-steinmeier-und-scholz-besuchen-das-ahrtal\/#article","isPartOf":{"@id":"https:\/\/now-news.de\/de\/deutschland\/ein-jahr-nach-der-flutkatastrophe-steinmeier-und-scholz-besuchen-das-ahrtal\/"},"author":{"name":"rtnews","@id":"https:\/\/now-news.de\/de\/#\/schema\/person\/fb534a4e865501d8b3285208df34a9b5"},"headline":"Ein Jahr nach der Flutkatastrophe: Steinmeier und Scholz besuchen das Ahrtal","datePublished":"2022-07-14T08:36:58+00:00","dateModified":"2022-07-14T08:36:58+00:00","mainEntityOfPage":{"@id":"https:\/\/now-news.de\/de\/deutschland\/ein-jahr-nach-der-flutkatastrophe-steinmeier-und-scholz-besuchen-das-ahrtal\/"},"wordCount":520,"commentCount":0,"publisher":{"@id":"https:\/\/now-news.de\/de\/#organization"},"image":{"@id":"https:\/\/now-news.de\/de\/deutschland\/ein-jahr-nach-der-flutkatastrophe-steinmeier-und-scholz-besuchen-das-ahrtal\/#primaryimage"},"thumbnailUrl":"https:\/\/now-news.de\/de\/wp-content\/uploads\/sites\/3\/2022\/07\/Ein-Jahr-nach-der-Flutkatastrophe-Steinmeier-und-Scholz-besuchen-das.jpg","keywords":["Ahrtal","Besuchen","das","der","ein","Flutkatastrophe","Jahr","nach","Scholz","Steinmeier","und"],"articleSection":["Deutschland","Russland"],"inLanguage":"de","potentialAction":[{"@type":"CommentAction","name":"Comment","target":["https:\/\/now-news.de\/de\/deutschland\/ein-jahr-nach-der-flutkatastrophe-steinmeier-und-scholz-besuchen-das-ahrtal\/#respond"]}]},{"@type":"WebPage","@id":"https:\/\/now-news.de\/de\/deutschland\/ein-jahr-nach-der-flutkatastrophe-steinmeier-und-scholz-besuchen-das-ahrtal\/","url":"https:\/\/now-news.de\/de\/deutschland\/ein-jahr-nach-der-flutkatastrophe-steinmeier-und-scholz-besuchen-das-ahrtal\/","name":"Ein Jahr nach der Flutkatastrophe: Steinmeier und Scholz besuchen das Ahrtal - just-now.NEWS Deutschland","isPartOf":{"@id":"https:\/\/now-news.de\/de\/#website"},"primaryImageOfPage":{"@id":"https:\/\/now-news.de\/de\/deutschland\/ein-jahr-nach-der-flutkatastrophe-steinmeier-und-scholz-besuchen-das-ahrtal\/#primaryimage"},"image":{"@id":"https:\/\/now-news.de\/de\/deutschland\/ein-jahr-nach-der-flutkatastrophe-steinmeier-und-scholz-besuchen-das-ahrtal\/#primaryimage"},"thumbnailUrl":"https:\/\/now-news.de\/de\/wp-content\/uploads\/sites\/3\/2022\/07\/Ein-Jahr-nach-der-Flutkatastrophe-Steinmeier-und-Scholz-besuchen-das.jpg","datePublished":"2022-07-14T08:36:58+00:00","dateModified":"2022-07-14T08:36:58+00:00","breadcrumb":{"@id":"https:\/\/now-news.de\/de\/deutschland\/ein-jahr-nach-der-flutkatastrophe-steinmeier-und-scholz-besuchen-das-ahrtal\/#breadcrumb"},"inLanguage":"de","potentialAction":[{"@type":"ReadAction","target":["https:\/\/now-news.de\/de\/deutschland\/ein-jahr-nach-der-flutkatastrophe-steinmeier-und-scholz-besuchen-das-ahrtal\/"]}]},{"@type":"ImageObject","inLanguage":"de","@id":"https:\/\/now-news.de\/de\/deutschland\/ein-jahr-nach-der-flutkatastrophe-steinmeier-und-scholz-besuchen-das-ahrtal\/#primaryimage","url":"https:\/\/now-news.de\/de\/wp-content\/uploads\/sites\/3\/2022\/07\/Ein-Jahr-nach-der-Flutkatastrophe-Steinmeier-und-Scholz-besuchen-das.jpg","contentUrl":"https:\/\/now-news.de\/de\/wp-content\/uploads\/sites\/3\/2022\/07\/Ein-Jahr-nach-der-Flutkatastrophe-Steinmeier-und-Scholz-besuchen-das.jpg","width":460,"height":259,"caption":"Ein Jahr nach der Flutkatastrophe: Steinmeier und Scholz besuchen das Ahrtal"},{"@type":"BreadcrumbList","@id":"https:\/\/now-news.de\/de\/deutschland\/ein-jahr-nach-der-flutkatastrophe-steinmeier-und-scholz-besuchen-das-ahrtal\/#breadcrumb","itemListElement":[{"@type":"ListItem","position":1,"name":"Home","item":"https:\/\/now-news.de\/de\/"},{"@type":"ListItem","position":2,"name":"Ein Jahr nach der Flutkatastrophe: Steinmeier und Scholz besuchen das Ahrtal"}]},{"@type":"WebSite","@id":"https:\/\/now-news.de\/de\/#website","url":"https:\/\/now-news.de\/de\/","name":"just-now.NEWS Deutschland","description":"Das Portal f\u00fcr unzensierte Nachrichten aus der Welt","publisher":{"@id":"https:\/\/now-news.de\/de\/#organization"},"potentialAction":[{"@type":"SearchAction","target":{"@type":"EntryPoint","urlTemplate":"https:\/\/now-news.de\/de\/?s={search_term_string}"},"query-input":"required name=search_term_string"}],"inLanguage":"de"},{"@type":"Organization","@id":"https:\/\/now-news.de\/de\/#organization","name":"Just Now News","url":"https:\/\/now-news.de\/de\/","logo":{"@type":"ImageObject","inLanguage":"de","@id":"https:\/\/now-news.de\/de\/#\/schema\/logo\/image\/","url":"http:\/\/just-now.news\/de\/wp-content\/uploads\/sites\/3\/2022\/04\/logo500x500.jpg","contentUrl":"http:\/\/just-now.news\/de\/wp-content\/uploads\/sites\/3\/2022\/04\/logo500x500.jpg","width":500,"height":500,"caption":"Just Now News"},"image":{"@id":"https:\/\/now-news.de\/de\/#\/schema\/logo\/image\/"},"sameAs":["https:\/\/www.facebook.com\/wirmachenauf","https:\/\/x.com\/WirMachenAuf_de"]},{"@type":"Person","@id":"https:\/\/now-news.de\/de\/#\/schema\/person\/fb534a4e865501d8b3285208df34a9b5","name":"rtnews","image":{"@type":"ImageObject","inLanguage":"de","@id":"https:\/\/now-news.de\/de\/#\/schema\/person\/image\/","url":"https:\/\/secure.gravatar.com\/avatar\/82aafea7d8127119dd649515f56e2117?s=96&d=mm&r=g","contentUrl":"https:\/\/secure.gravatar.com\/avatar\/82aafea7d8127119dd649515f56e2117?s=96&d=mm&r=g","caption":"rtnews"},"url":"https:\/\/now-news.de\/de\/author\/rnews\/"}]}},"_links":{"self":[{"href":"https:\/\/now-news.de\/de\/wp-json\/wp\/v2\/posts\/13810"}],"collection":[{"href":"https:\/\/now-news.de\/de\/wp-json\/wp\/v2\/posts"}],"about":[{"href":"https:\/\/now-news.de\/de\/wp-json\/wp\/v2\/types\/post"}],"author":[{"embeddable":true,"href":"https:\/\/now-news.de\/de\/wp-json\/wp\/v2\/users\/3"}],"replies":[{"embeddable":true,"href":"https:\/\/now-news.de\/de\/wp-json\/wp\/v2\/comments?post=13810"}],"version-history":[{"count":0,"href":"https:\/\/now-news.de\/de\/wp-json\/wp\/v2\/posts\/13810\/revisions"}],"wp:featuredmedia":[{"embeddable":true,"href":"https:\/\/now-news.de\/de\/wp-json\/wp\/v2\/media\/13811"}],"wp:attachment":[{"href":"https:\/\/now-news.de\/de\/wp-json\/wp\/v2\/media?parent=13810"}],"wp:term":[{"taxonomy":"category","embeddable":true,"href":"https:\/\/now-news.de\/de\/wp-json\/wp\/v2\/categories?post=13810"},{"taxonomy":"post_tag","embeddable":true,"href":"https:\/\/now-news.de\/de\/wp-json\/wp\/v2\/tags?post=13810"}],"curies":[{"name":"wp","href":"https:\/\/api.w.org\/{rel}","templated":true}]}}