{"id":13797,"date":"2022-07-14T08:01:45","date_gmt":"2022-07-14T06:01:45","guid":{"rendered":"http:\/\/just-now.news\/de\/deutschland\/bayern-plant-grosse-kampagne-fuer-corona-massnahmen-und-impfung\/"},"modified":"2022-07-14T08:01:45","modified_gmt":"2022-07-14T06:01:45","slug":"bayern-plant-grosse-kampagne-fuer-corona-massnahmen-und-impfung","status":"publish","type":"post","link":"https:\/\/now-news.de\/de\/deutschland\/bayern-plant-grosse-kampagne-fuer-corona-massnahmen-und-impfung\/","title":{"rendered":"Bayern plant gro\u00dfe Kampagne f\u00fcr Corona-Ma\u00dfnahmen und Impfung"},"content":{"rendered":"<p><img decoding=\"async\" src=\"http:\/\/just-now.news\/de\/wp-content\/uploads\/sites\/3\/2022\/07\/62cf14ba48fbef134d7dad8b.jpg\" \/><\/p>\n<p>Die bayrische Staatsregierung will im Herbst f\u00fcr Corona-Impfungen und Hygieneregeln werben \u2013 mittels Radiospots, Plakaten und Brosch\u00fcren in Pflegeheimen. Zudem soll die Corona-Impfung gezielt bei Kindern und Jugendlichen beworben werden, wie die <em>S\u00fcddeutsche Zeitung<\/em> berichtet. So soll es eine Serie namens &#8220;Mummel und Mo&#8221; mit zwei 15-min\u00fctigen Filmen geben. Darin sollen einem M\u00e4dchen und ihrem Stofftier zusammen mit einer Figur namens &#8220;Geheimagent 00Vax&#8221; das Immunsystem und die Wirkung von Impfungen erkl\u00e4rt werden. Derzeit werden die Filme gedreht. Offenbar finden\u00a0momentan auch Gespr\u00e4che mit der Computerspielbranche statt, da man es f\u00fcr erstrebenswert h\u00e4lt, wenn Charaktere in Spielen Masken tragen.<\/p>\n<p>Vorgestellt wurden diese Ideen am Dienstag von einem Vertreter des Gesundheitsministeriums vor einem Fachausschuss im Landtag. Wie es hie\u00df, greife bei der Impfung die \u00dcberlastung der Krankenh\u00e4user &#8220;nicht mehr als Prim\u00e4rargument&#8221;, daher wolle man nun darauf hinweisen, welche Vorteile der Einzelne aus der Impfung ziehen k\u00f6nne. Man plane zum Beispiel auch Plakatwerbung mit Spr\u00fcchen wie:<\/p>\n<blockquote>\n<p><em>&#8220;Nicht vergessen: Steuererkl\u00e4rung abgeben, R\u00e4der wechseln, Sauerbraten einlegen. Auffrischungsimpfung.&#8221;<\/em><\/p>\n<\/blockquote>\n<p>Dies sei auch relevant, da zum 1. Oktober nur noch eine dreifache Impfung als vollst\u00e4ndiger Impfschutz gelte. Bayerns Gesundheitsminister Klaus Holetschek (CSU) teilte in Bezug auf die neue Kampagne mit:<\/p>\n<blockquote>\n<p><em>&#8220;Wir wollen den Impfungen mit unserer Kampagne zum Ende des Sommers noch einmal einen kr\u00e4ftigen Schub geben. Das wird ein kommunikativer Rundumschlag.&#8221;<\/em><\/p>\n<\/blockquote>\n<p>Der Kostenpunkt f\u00fcr die Herbstkampagne belaufe sich auf rund vier Millionen Euro. Bayern wolle damit nun der Ampelkoalition &#8220;zuvorkommen&#8221;:<\/p>\n<blockquote>\n<p><em>&#8220;Die Berliner Ampelkoalition hat schon mehrfach eine Informationskampagne zum Impfen angek\u00fcndigt, aber bislang liegen uns dar\u00fcber noch keine Informationen vor. Deswegen werden wir jetzt selbst\u00a0aktiv.&#8221;<\/em><\/p>\n<\/blockquote>\n<p>Im Ausschuss warnte die SPD-Politikerin Ruth Waldmann davor, dass &#8220;Gags&#8221;, wie der mit dem Sauerbraten, auch nach hinten losgehen k\u00f6nnten: Wenn man auf Twitter einen Shitstorm ausl\u00f6se, m\u00fcsse man dies zuvor einplanen, um die Kritiker &#8220;einzufangen und aufzufangen&#8221;. Andreas Winhart von der AfD wunderte sich, dass Kinder die Zielgruppe seien, da &#8220;normal die Eltern die Entscheider w\u00e4ren&#8221;. Auch Susann Enders von den Freien W\u00e4hlern bef\u00fcrwortete die &#8220;Impfwerbung direkt an Kinder&#8221; nicht. Das Gesundheitsministerium behauptete diesbez\u00fcglich, es handle sich nicht um eine Kinder-Impfkampagne, sondern um den Versuch, den Kindern das aktuelle Geschehen zu erkl\u00e4ren.<\/p>\n<p><strong>Mehr zum Thema &#8211; <\/strong><a rel=\"nofollow noopener\" target=\"_blank\" href=\"https:\/\/test.rtde.tech\/inland\/142535-gesundheitsministerium-bestellt-covid-impfstoff-fur\/\">Gesundheitsministerium bestellt COVID-Impfstoff f\u00fcr 6,8 Milliarden Euro<\/a><\/p>\n<p><br \/>\n<br \/><a href=\"https:\/\/de.rt.com\/inland\/143421-bayern-plant-grosse-kampagne-fur\/\">Source link <\/a><\/p>\n","protected":false},"excerpt":{"rendered":"<p>Die bayrische Staatsregierung will im Herbst f\u00fcr Corona-Impfungen und Hygieneregeln werben \u2013 mittels Radiospots, Plakaten und Brosch\u00fcren in Pflegeheimen. Zudem soll die Corona-Impfung gezielt bei Kindern und Jugendlichen beworben werden, wie die S\u00fcddeutsche Zeitung berichtet. So soll es eine Serie namens &#8220;Mummel und Mo&#8221; mit zwei 15-min\u00fctigen Filmen geben. Darin sollen einem M\u00e4dchen und ihrem [&hellip;]<\/p>\n","protected":false},"author":3,"featured_media":13798,"comment_status":"open","ping_status":"open","sticky":false,"template":"","format":"standard","meta":{"wp_automatic_camp":["217"],"081f6bcc44b4e42c87893c01fedd7bc5":["Bayern plant gro\u00dfe Kampagne f\u00fcr Corona-Ma\u00dfnahmen und Impfung"],"original_link":["https:\/\/de.rt.com\/inland\/143421-bayern-plant-grosse-kampagne-fur\/"],"_thumbnail_id":["13798"],"_wptg_p2tg_sent2tg":["2022-07-14 08:09:55"],"jnews_social_counter_last_update":["1777361474"]},"categories":[19,23],"tags":[11374,6547,221,2830,294,4413,2559,140],"yoast_head":"<!-- This site is optimized with the Yoast SEO Premium plugin v22.7 (Yoast SEO v22.7) - https:\/\/yoast.com\/wordpress\/plugins\/seo\/ -->\n<title>Bayern plant gro\u00dfe Kampagne f\u00fcr Corona-Ma\u00dfnahmen und Impfung - just-now.NEWS Deutschland<\/title>\n<meta name=\"robots\" content=\"index, follow, max-snippet:-1, max-image-preview:large, max-video-preview:-1\" \/>\n<link rel=\"canonical\" href=\"https:\/\/now-news.de\/de\/deutschland\/bayern-plant-grosse-kampagne-fuer-corona-massnahmen-und-impfung\/\" \/>\n<meta property=\"og:locale\" content=\"de_DE\" \/>\n<meta property=\"og:type\" content=\"article\" \/>\n<meta property=\"og:title\" content=\"Bayern plant gro\u00dfe Kampagne f\u00fcr Corona-Ma\u00dfnahmen und Impfung\" \/>\n<meta property=\"og:description\" content=\"Die bayrische Staatsregierung will im Herbst f\u00fcr Corona-Impfungen und Hygieneregeln werben \u2013 mittels Radiospots, Plakaten und Brosch\u00fcren in Pflegeheimen. Zudem soll die Corona-Impfung gezielt bei Kindern und Jugendlichen beworben werden, wie die S\u00fcddeutsche Zeitung berichtet. So soll es eine Serie namens &#8220;Mummel und Mo&#8221; mit zwei 15-min\u00fctigen Filmen geben. Darin sollen einem M\u00e4dchen und ihrem [&hellip;]\" \/>\n<meta property=\"og:url\" content=\"https:\/\/now-news.de\/de\/deutschland\/bayern-plant-grosse-kampagne-fuer-corona-massnahmen-und-impfung\/\" \/>\n<meta property=\"og:site_name\" content=\"just-now.NEWS Deutschland\" \/>\n<meta property=\"article:publisher\" content=\"https:\/\/www.facebook.com\/wirmachenauf\" \/>\n<meta property=\"article:published_time\" content=\"2022-07-14T06:01:45+00:00\" \/>\n<meta property=\"og:image\" content=\"https:\/\/now-news.de\/de\/wp-content\/uploads\/sites\/3\/2022\/07\/Bayern-plant-grosse-Kampagne-fuer-Corona-Massnahmen-und-Impfung.jpg\" \/>\n\t<meta property=\"og:image:width\" content=\"460\" \/>\n\t<meta property=\"og:image:height\" content=\"259\" \/>\n\t<meta property=\"og:image:type\" content=\"image\/jpeg\" \/>\n<meta name=\"author\" content=\"rtnews\" \/>\n<meta name=\"twitter:card\" content=\"summary_large_image\" \/>\n<meta name=\"twitter:creator\" content=\"@WirMachenAuf_de\" \/>\n<meta name=\"twitter:site\" content=\"@WirMachenAuf_de\" \/>\n<meta name=\"twitter:label1\" content=\"Verfasst von\" \/>\n\t<meta name=\"twitter:data1\" content=\"rtnews\" \/>\n\t<meta name=\"twitter:label2\" content=\"Gesch\u00e4tzte Lesezeit\" \/>\n\t<meta name=\"twitter:data2\" content=\"2\u00a0Minuten\" \/>\n<script type=\"application\/ld+json\" class=\"yoast-schema-graph\">{\"@context\":\"https:\/\/schema.org\",\"@graph\":[{\"@type\":\"Article\",\"@id\":\"https:\/\/now-news.de\/de\/deutschland\/bayern-plant-grosse-kampagne-fuer-corona-massnahmen-und-impfung\/#article\",\"isPartOf\":{\"@id\":\"https:\/\/now-news.de\/de\/deutschland\/bayern-plant-grosse-kampagne-fuer-corona-massnahmen-und-impfung\/\"},\"author\":{\"name\":\"rtnews\",\"@id\":\"https:\/\/now-news.de\/de\/#\/schema\/person\/fb534a4e865501d8b3285208df34a9b5\"},\"headline\":\"Bayern plant gro\u00dfe Kampagne f\u00fcr Corona-Ma\u00dfnahmen und Impfung\",\"datePublished\":\"2022-07-14T06:01:45+00:00\",\"dateModified\":\"2022-07-14T06:01:45+00:00\",\"mainEntityOfPage\":{\"@id\":\"https:\/\/now-news.de\/de\/deutschland\/bayern-plant-grosse-kampagne-fuer-corona-massnahmen-und-impfung\/\"},\"wordCount\":403,\"commentCount\":0,\"publisher\":{\"@id\":\"https:\/\/now-news.de\/de\/#organization\"},\"image\":{\"@id\":\"https:\/\/now-news.de\/de\/deutschland\/bayern-plant-grosse-kampagne-fuer-corona-massnahmen-und-impfung\/#primaryimage\"},\"thumbnailUrl\":\"https:\/\/now-news.de\/de\/wp-content\/uploads\/sites\/3\/2022\/07\/Bayern-plant-grosse-Kampagne-fuer-Corona-Massnahmen-und-Impfung.jpg\",\"keywords\":[\"bayern\",\"CoronaMassnahmen\",\"f\u00fcr\",\"Gro\u00dfe\",\"impfung\",\"Kampagne\",\"plant\",\"und\"],\"articleSection\":[\"Deutschland\",\"Russland\"],\"inLanguage\":\"de\",\"potentialAction\":[{\"@type\":\"CommentAction\",\"name\":\"Comment\",\"target\":[\"https:\/\/now-news.de\/de\/deutschland\/bayern-plant-grosse-kampagne-fuer-corona-massnahmen-und-impfung\/#respond\"]}]},{\"@type\":\"WebPage\",\"@id\":\"https:\/\/now-news.de\/de\/deutschland\/bayern-plant-grosse-kampagne-fuer-corona-massnahmen-und-impfung\/\",\"url\":\"https:\/\/now-news.de\/de\/deutschland\/bayern-plant-grosse-kampagne-fuer-corona-massnahmen-und-impfung\/\",\"name\":\"Bayern plant gro\u00dfe Kampagne f\u00fcr Corona-Ma\u00dfnahmen und Impfung - just-now.NEWS Deutschland\",\"isPartOf\":{\"@id\":\"https:\/\/now-news.de\/de\/#website\"},\"primaryImageOfPage\":{\"@id\":\"https:\/\/now-news.de\/de\/deutschland\/bayern-plant-grosse-kampagne-fuer-corona-massnahmen-und-impfung\/#primaryimage\"},\"image\":{\"@id\":\"https:\/\/now-news.de\/de\/deutschland\/bayern-plant-grosse-kampagne-fuer-corona-massnahmen-und-impfung\/#primaryimage\"},\"thumbnailUrl\":\"https:\/\/now-news.de\/de\/wp-content\/uploads\/sites\/3\/2022\/07\/Bayern-plant-grosse-Kampagne-fuer-Corona-Massnahmen-und-Impfung.jpg\",\"datePublished\":\"2022-07-14T06:01:45+00:00\",\"dateModified\":\"2022-07-14T06:01:45+00:00\",\"breadcrumb\":{\"@id\":\"https:\/\/now-news.de\/de\/deutschland\/bayern-plant-grosse-kampagne-fuer-corona-massnahmen-und-impfung\/#breadcrumb\"},\"inLanguage\":\"de\",\"potentialAction\":[{\"@type\":\"ReadAction\",\"target\":[\"https:\/\/now-news.de\/de\/deutschland\/bayern-plant-grosse-kampagne-fuer-corona-massnahmen-und-impfung\/\"]}]},{\"@type\":\"ImageObject\",\"inLanguage\":\"de\",\"@id\":\"https:\/\/now-news.de\/de\/deutschland\/bayern-plant-grosse-kampagne-fuer-corona-massnahmen-und-impfung\/#primaryimage\",\"url\":\"https:\/\/now-news.de\/de\/wp-content\/uploads\/sites\/3\/2022\/07\/Bayern-plant-grosse-Kampagne-fuer-Corona-Massnahmen-und-Impfung.jpg\",\"contentUrl\":\"https:\/\/now-news.de\/de\/wp-content\/uploads\/sites\/3\/2022\/07\/Bayern-plant-grosse-Kampagne-fuer-Corona-Massnahmen-und-Impfung.jpg\",\"width\":460,\"height\":259,\"caption\":\"Bayern plant gro\u00dfe Kampagne f\u00fcr Corona-Ma\u00dfnahmen und Impfung\"},{\"@type\":\"BreadcrumbList\",\"@id\":\"https:\/\/now-news.de\/de\/deutschland\/bayern-plant-grosse-kampagne-fuer-corona-massnahmen-und-impfung\/#breadcrumb\",\"itemListElement\":[{\"@type\":\"ListItem\",\"position\":1,\"name\":\"Home\",\"item\":\"https:\/\/now-news.de\/de\/\"},{\"@type\":\"ListItem\",\"position\":2,\"name\":\"Bayern plant gro\u00dfe Kampagne f\u00fcr Corona-Ma\u00dfnahmen und Impfung\"}]},{\"@type\":\"WebSite\",\"@id\":\"https:\/\/now-news.de\/de\/#website\",\"url\":\"https:\/\/now-news.de\/de\/\",\"name\":\"just-now.NEWS Deutschland\",\"description\":\"Das Portal f\u00fcr unzensierte Nachrichten aus der Welt\",\"publisher\":{\"@id\":\"https:\/\/now-news.de\/de\/#organization\"},\"potentialAction\":[{\"@type\":\"SearchAction\",\"target\":{\"@type\":\"EntryPoint\",\"urlTemplate\":\"https:\/\/now-news.de\/de\/?s={search_term_string}\"},\"query-input\":\"required name=search_term_string\"}],\"inLanguage\":\"de\"},{\"@type\":\"Organization\",\"@id\":\"https:\/\/now-news.de\/de\/#organization\",\"name\":\"Just Now News\",\"url\":\"https:\/\/now-news.de\/de\/\",\"logo\":{\"@type\":\"ImageObject\",\"inLanguage\":\"de\",\"@id\":\"https:\/\/now-news.de\/de\/#\/schema\/logo\/image\/\",\"url\":\"http:\/\/just-now.news\/de\/wp-content\/uploads\/sites\/3\/2022\/04\/logo500x500.jpg\",\"contentUrl\":\"http:\/\/just-now.news\/de\/wp-content\/uploads\/sites\/3\/2022\/04\/logo500x500.jpg\",\"width\":500,\"height\":500,\"caption\":\"Just Now News\"},\"image\":{\"@id\":\"https:\/\/now-news.de\/de\/#\/schema\/logo\/image\/\"},\"sameAs\":[\"https:\/\/www.facebook.com\/wirmachenauf\",\"https:\/\/x.com\/WirMachenAuf_de\"]},{\"@type\":\"Person\",\"@id\":\"https:\/\/now-news.de\/de\/#\/schema\/person\/fb534a4e865501d8b3285208df34a9b5\",\"name\":\"rtnews\",\"image\":{\"@type\":\"ImageObject\",\"inLanguage\":\"de\",\"@id\":\"https:\/\/now-news.de\/de\/#\/schema\/person\/image\/\",\"url\":\"https:\/\/secure.gravatar.com\/avatar\/82aafea7d8127119dd649515f56e2117?s=96&d=mm&r=g\",\"contentUrl\":\"https:\/\/secure.gravatar.com\/avatar\/82aafea7d8127119dd649515f56e2117?s=96&d=mm&r=g\",\"caption\":\"rtnews\"},\"url\":\"https:\/\/now-news.de\/de\/author\/rnews\/\"}]}<\/script>\n<!-- \/ Yoast SEO Premium plugin. -->","yoast_head_json":{"title":"Bayern plant gro\u00dfe Kampagne f\u00fcr Corona-Ma\u00dfnahmen und Impfung - just-now.NEWS Deutschland","robots":{"index":"index","follow":"follow","max-snippet":"max-snippet:-1","max-image-preview":"max-image-preview:large","max-video-preview":"max-video-preview:-1"},"canonical":"https:\/\/now-news.de\/de\/deutschland\/bayern-plant-grosse-kampagne-fuer-corona-massnahmen-und-impfung\/","og_locale":"de_DE","og_type":"article","og_title":"Bayern plant gro\u00dfe Kampagne f\u00fcr Corona-Ma\u00dfnahmen und Impfung","og_description":"Die bayrische Staatsregierung will im Herbst f\u00fcr Corona-Impfungen und Hygieneregeln werben \u2013 mittels Radiospots, Plakaten und Brosch\u00fcren in Pflegeheimen. Zudem soll die Corona-Impfung gezielt bei Kindern und Jugendlichen beworben werden, wie die S\u00fcddeutsche Zeitung berichtet. So soll es eine Serie namens &#8220;Mummel und Mo&#8221; mit zwei 15-min\u00fctigen Filmen geben. Darin sollen einem M\u00e4dchen und ihrem [&hellip;]","og_url":"https:\/\/now-news.de\/de\/deutschland\/bayern-plant-grosse-kampagne-fuer-corona-massnahmen-und-impfung\/","og_site_name":"just-now.NEWS Deutschland","article_publisher":"https:\/\/www.facebook.com\/wirmachenauf","article_published_time":"2022-07-14T06:01:45+00:00","og_image":[{"width":460,"height":259,"url":"https:\/\/now-news.de\/de\/wp-content\/uploads\/sites\/3\/2022\/07\/Bayern-plant-grosse-Kampagne-fuer-Corona-Massnahmen-und-Impfung.jpg","type":"image\/jpeg"}],"author":"rtnews","twitter_card":"summary_large_image","twitter_creator":"@WirMachenAuf_de","twitter_site":"@WirMachenAuf_de","twitter_misc":{"Verfasst von":"rtnews","Gesch\u00e4tzte Lesezeit":"2\u00a0Minuten"},"schema":{"@context":"https:\/\/schema.org","@graph":[{"@type":"Article","@id":"https:\/\/now-news.de\/de\/deutschland\/bayern-plant-grosse-kampagne-fuer-corona-massnahmen-und-impfung\/#article","isPartOf":{"@id":"https:\/\/now-news.de\/de\/deutschland\/bayern-plant-grosse-kampagne-fuer-corona-massnahmen-und-impfung\/"},"author":{"name":"rtnews","@id":"https:\/\/now-news.de\/de\/#\/schema\/person\/fb534a4e865501d8b3285208df34a9b5"},"headline":"Bayern plant gro\u00dfe Kampagne f\u00fcr Corona-Ma\u00dfnahmen und Impfung","datePublished":"2022-07-14T06:01:45+00:00","dateModified":"2022-07-14T06:01:45+00:00","mainEntityOfPage":{"@id":"https:\/\/now-news.de\/de\/deutschland\/bayern-plant-grosse-kampagne-fuer-corona-massnahmen-und-impfung\/"},"wordCount":403,"commentCount":0,"publisher":{"@id":"https:\/\/now-news.de\/de\/#organization"},"image":{"@id":"https:\/\/now-news.de\/de\/deutschland\/bayern-plant-grosse-kampagne-fuer-corona-massnahmen-und-impfung\/#primaryimage"},"thumbnailUrl":"https:\/\/now-news.de\/de\/wp-content\/uploads\/sites\/3\/2022\/07\/Bayern-plant-grosse-Kampagne-fuer-Corona-Massnahmen-und-Impfung.jpg","keywords":["bayern","CoronaMassnahmen","f\u00fcr","Gro\u00dfe","impfung","Kampagne","plant","und"],"articleSection":["Deutschland","Russland"],"inLanguage":"de","potentialAction":[{"@type":"CommentAction","name":"Comment","target":["https:\/\/now-news.de\/de\/deutschland\/bayern-plant-grosse-kampagne-fuer-corona-massnahmen-und-impfung\/#respond"]}]},{"@type":"WebPage","@id":"https:\/\/now-news.de\/de\/deutschland\/bayern-plant-grosse-kampagne-fuer-corona-massnahmen-und-impfung\/","url":"https:\/\/now-news.de\/de\/deutschland\/bayern-plant-grosse-kampagne-fuer-corona-massnahmen-und-impfung\/","name":"Bayern plant gro\u00dfe Kampagne f\u00fcr Corona-Ma\u00dfnahmen und Impfung - just-now.NEWS Deutschland","isPartOf":{"@id":"https:\/\/now-news.de\/de\/#website"},"primaryImageOfPage":{"@id":"https:\/\/now-news.de\/de\/deutschland\/bayern-plant-grosse-kampagne-fuer-corona-massnahmen-und-impfung\/#primaryimage"},"image":{"@id":"https:\/\/now-news.de\/de\/deutschland\/bayern-plant-grosse-kampagne-fuer-corona-massnahmen-und-impfung\/#primaryimage"},"thumbnailUrl":"https:\/\/now-news.de\/de\/wp-content\/uploads\/sites\/3\/2022\/07\/Bayern-plant-grosse-Kampagne-fuer-Corona-Massnahmen-und-Impfung.jpg","datePublished":"2022-07-14T06:01:45+00:00","dateModified":"2022-07-14T06:01:45+00:00","breadcrumb":{"@id":"https:\/\/now-news.de\/de\/deutschland\/bayern-plant-grosse-kampagne-fuer-corona-massnahmen-und-impfung\/#breadcrumb"},"inLanguage":"de","potentialAction":[{"@type":"ReadAction","target":["https:\/\/now-news.de\/de\/deutschland\/bayern-plant-grosse-kampagne-fuer-corona-massnahmen-und-impfung\/"]}]},{"@type":"ImageObject","inLanguage":"de","@id":"https:\/\/now-news.de\/de\/deutschland\/bayern-plant-grosse-kampagne-fuer-corona-massnahmen-und-impfung\/#primaryimage","url":"https:\/\/now-news.de\/de\/wp-content\/uploads\/sites\/3\/2022\/07\/Bayern-plant-grosse-Kampagne-fuer-Corona-Massnahmen-und-Impfung.jpg","contentUrl":"https:\/\/now-news.de\/de\/wp-content\/uploads\/sites\/3\/2022\/07\/Bayern-plant-grosse-Kampagne-fuer-Corona-Massnahmen-und-Impfung.jpg","width":460,"height":259,"caption":"Bayern plant gro\u00dfe Kampagne f\u00fcr Corona-Ma\u00dfnahmen und Impfung"},{"@type":"BreadcrumbList","@id":"https:\/\/now-news.de\/de\/deutschland\/bayern-plant-grosse-kampagne-fuer-corona-massnahmen-und-impfung\/#breadcrumb","itemListElement":[{"@type":"ListItem","position":1,"name":"Home","item":"https:\/\/now-news.de\/de\/"},{"@type":"ListItem","position":2,"name":"Bayern plant gro\u00dfe Kampagne f\u00fcr Corona-Ma\u00dfnahmen und Impfung"}]},{"@type":"WebSite","@id":"https:\/\/now-news.de\/de\/#website","url":"https:\/\/now-news.de\/de\/","name":"just-now.NEWS Deutschland","description":"Das Portal f\u00fcr unzensierte Nachrichten aus der Welt","publisher":{"@id":"https:\/\/now-news.de\/de\/#organization"},"potentialAction":[{"@type":"SearchAction","target":{"@type":"EntryPoint","urlTemplate":"https:\/\/now-news.de\/de\/?s={search_term_string}"},"query-input":"required name=search_term_string"}],"inLanguage":"de"},{"@type":"Organization","@id":"https:\/\/now-news.de\/de\/#organization","name":"Just Now News","url":"https:\/\/now-news.de\/de\/","logo":{"@type":"ImageObject","inLanguage":"de","@id":"https:\/\/now-news.de\/de\/#\/schema\/logo\/image\/","url":"http:\/\/just-now.news\/de\/wp-content\/uploads\/sites\/3\/2022\/04\/logo500x500.jpg","contentUrl":"http:\/\/just-now.news\/de\/wp-content\/uploads\/sites\/3\/2022\/04\/logo500x500.jpg","width":500,"height":500,"caption":"Just Now News"},"image":{"@id":"https:\/\/now-news.de\/de\/#\/schema\/logo\/image\/"},"sameAs":["https:\/\/www.facebook.com\/wirmachenauf","https:\/\/x.com\/WirMachenAuf_de"]},{"@type":"Person","@id":"https:\/\/now-news.de\/de\/#\/schema\/person\/fb534a4e865501d8b3285208df34a9b5","name":"rtnews","image":{"@type":"ImageObject","inLanguage":"de","@id":"https:\/\/now-news.de\/de\/#\/schema\/person\/image\/","url":"https:\/\/secure.gravatar.com\/avatar\/82aafea7d8127119dd649515f56e2117?s=96&d=mm&r=g","contentUrl":"https:\/\/secure.gravatar.com\/avatar\/82aafea7d8127119dd649515f56e2117?s=96&d=mm&r=g","caption":"rtnews"},"url":"https:\/\/now-news.de\/de\/author\/rnews\/"}]}},"_links":{"self":[{"href":"https:\/\/now-news.de\/de\/wp-json\/wp\/v2\/posts\/13797"}],"collection":[{"href":"https:\/\/now-news.de\/de\/wp-json\/wp\/v2\/posts"}],"about":[{"href":"https:\/\/now-news.de\/de\/wp-json\/wp\/v2\/types\/post"}],"author":[{"embeddable":true,"href":"https:\/\/now-news.de\/de\/wp-json\/wp\/v2\/users\/3"}],"replies":[{"embeddable":true,"href":"https:\/\/now-news.de\/de\/wp-json\/wp\/v2\/comments?post=13797"}],"version-history":[{"count":0,"href":"https:\/\/now-news.de\/de\/wp-json\/wp\/v2\/posts\/13797\/revisions"}],"wp:featuredmedia":[{"embeddable":true,"href":"https:\/\/now-news.de\/de\/wp-json\/wp\/v2\/media\/13798"}],"wp:attachment":[{"href":"https:\/\/now-news.de\/de\/wp-json\/wp\/v2\/media?parent=13797"}],"wp:term":[{"taxonomy":"category","embeddable":true,"href":"https:\/\/now-news.de\/de\/wp-json\/wp\/v2\/categories?post=13797"},{"taxonomy":"post_tag","embeddable":true,"href":"https:\/\/now-news.de\/de\/wp-json\/wp\/v2\/tags?post=13797"}],"curies":[{"name":"wp","href":"https:\/\/api.w.org\/{rel}","templated":true}]}}